{"id":399059,"date":"2024-07-11T23:09:21","date_gmt":"2024-07-11T21:09:21","guid":{"rendered":"https:\/\/www.radiopiu.net\/wordpress\/?p=399059"},"modified":"2024-07-11T23:09:21","modified_gmt":"2024-07-11T21:09:21","slug":"festival-trichiana-paese-del-libro-a-borgo-valbelluna","status":"publish","type":"post","link":"https:\/\/www.radiopiu.net\/wordpress\/festival-trichiana-paese-del-libro-a-borgo-valbelluna\/","title":{"rendered":"Festival &#8220;Trichiana Paese del Libro&#8221; a Borgo Valbelluna"},"content":{"rendered":"<p>****<\/p>\n<blockquote><p><em>Dal 22 al 27 luglio, eventi letterari e culturali per la 34a edizione del Premio Letterario Nazionale<\/em><\/p><\/blockquote>\n<p><strong>BORGO VALBELLUNA<\/strong><\/p>\n<p><img loading=\"lazy\" decoding=\"async\" class=\"alignleft\" src=\"https:\/\/www.radiopiu.net\/wordpress\/wp-content\/uploads\/2024\/07\/th-3.jpg\" width=\"150\" height=\"150\" \/>Dal 22 al 27 luglio, Borgo Valbelluna ospiter\u00e0 il Festival \u201cTrichiana Paese del Libro\u201d in occasione della 34a edizione del Premio Letterario Nazionale. I fratelli Aldo, Mario e Renzo Cortina, originari di Trichiana e noti librai, donarono nel 1972 circa seimila libri per fondare la biblioteca comunale, conferendo al comune il titolo di &#8220;Paese del Libro&#8221;. Nel 1991 nacque il concorso per racconti inediti, giunto ora alla 34a edizione con il tema &#8220;Inventare, trasformare, costruire: storie dal mondo del lavoro&#8221;. Il festival si aprir\u00e0 luned\u00ec 22 luglio con una lettura teatrale di Matteo Lancini. Mercoled\u00ec 24, Michele Firpo presenter\u00e0 un reading tratto da &#8220;Sogno di un muratore&#8221; di Stefano Benni. Venerd\u00ec 26, Chiara Alpago-Novello dialogher\u00e0 con l&#8217;autrice Silvia Bencivelli. La chiusura, sabato 27, vedr\u00e0 un intervento di Alessandra Grandelis e la premiazione dei 10 finalisti del concorso. Tutti gli eventi sono gratuiti e non richiedono prenotazione.<\/p>\n<hr \/>\n<p>&nbsp;<\/p>\n","protected":false},"excerpt":{"rendered":"<p>**** Dal 22 al 27 luglio, eventi letterari e culturali per la 34a edizione del Premio Letterario Nazionale BORGO VALBELLUNA Dal 22 al 27 luglio, Borgo Valbelluna ospiter\u00e0 il Festival \u201cTrichiana Paese del Libro\u201d in occasione della 34a edizione del Premio Letterario Nazionale. I fratelli Aldo, Mario e Renzo Cortina, originari di Trichiana e noti&hellip;<\/p>\n","protected":false},"author":4,"featured_media":399060,"comment_status":"closed","ping_status":"closed","sticky":false,"template":"","format":"standard","meta":{"_monsterinsights_skip_tracking":false,"_monsterinsights_sitenote_active":false,"_monsterinsights_sitenote_note":"","_monsterinsights_sitenote_category":0,"footnotes":""},"categories":[49],"tags":[],"class_list":["post-399059","post","type-post","status-publish","format-standard","has-post-thumbnail","hentry","category-news-18","category-49","description-off"],"img_url":"https:\/\/www.radiopiu.net\/wordpress\/wp-content\/uploads\/2024\/07\/th-3.jpg","_links":{"self":[{"href":"https:\/\/www.radiopiu.net\/wordpress\/wp-json\/wp\/v2\/posts\/399059","targetHints":{"allow":["GET"]}}],"collection":[{"href":"https:\/\/www.radiopiu.net\/wordpress\/wp-json\/wp\/v2\/posts"}],"about":[{"href":"https:\/\/www.radiopiu.net\/wordpress\/wp-json\/wp\/v2\/types\/post"}],"author":[{"embeddable":true,"href":"https:\/\/www.radiopiu.net\/wordpress\/wp-json\/wp\/v2\/users\/4"}],"replies":[{"embeddable":true,"href":"https:\/\/www.radiopiu.net\/wordpress\/wp-json\/wp\/v2\/comments?post=399059"}],"version-history":[{"count":0,"href":"https:\/\/www.radiopiu.net\/wordpress\/wp-json\/wp\/v2\/posts\/399059\/revisions"}],"wp:featuredmedia":[{"embeddable":true,"href":"https:\/\/www.radiopiu.net\/wordpress\/wp-json\/wp\/v2\/media\/399060"}],"wp:attachment":[{"href":"https:\/\/www.radiopiu.net\/wordpress\/wp-json\/wp\/v2\/media?parent=399059"}],"wp:term":[{"taxonomy":"category","embeddable":true,"href":"https:\/\/www.radiopiu.net\/wordpress\/wp-json\/wp\/v2\/categories?post=399059"},{"taxonomy":"post_tag","embeddable":true,"href":"https:\/\/www.radiopiu.net\/wordpress\/wp-json\/wp\/v2\/tags?post=399059"}],"curies":[{"name":"wp","href":"https:\/\/api.w.org\/{rel}","templated":true}]}}