{"id":399103,"date":"2024-07-12T07:55:28","date_gmt":"2024-07-12T05:55:28","guid":{"rendered":"https:\/\/www.radiopiu.net\/wordpress\/?p=399103"},"modified":"2024-07-12T07:07:38","modified_gmt":"2024-07-12T05:07:38","slug":"399103-2","status":"publish","type":"post","link":"https:\/\/www.radiopiu.net\/wordpress\/399103-2\/","title":{"rendered":"LA RASSEGNA STAMPA LOCALE DELLE 8 DEL MATTINO DAL 1983, E DAL 2023 ANCHE ALLE 7 PER CHI VA DI FRETTA"},"content":{"rendered":"<p>___<\/p>\n<p>0<br \/>\n<a class=\"dt-pswp-item\" href=\"https:\/\/www.radiopiu.net\/wordpress\/wp-content\/uploads\/2024\/07\/98d84566-443a-403b-8b39-b8ff6db5cec2.jpg\" data-dt-img-description=\"\" data-large_image_width=\"1128\" data-large_image_height=\"1600\"><img loading=\"lazy\" decoding=\"async\" class=\" wp-image-399102 alignleft\" src=\"https:\/\/www.radiopiu.net\/wordpress\/wp-content\/uploads\/2024\/07\/98d84566-443a-403b-8b39-b8ff6db5cec2-212x300.jpg\" alt=\"\" width=\"165\" height=\"233\" srcset=\"https:\/\/www.radiopiu.net\/wordpress\/wp-content\/uploads\/2024\/07\/98d84566-443a-403b-8b39-b8ff6db5cec2-212x300.jpg 212w, https:\/\/www.radiopiu.net\/wordpress\/wp-content\/uploads\/2024\/07\/98d84566-443a-403b-8b39-b8ff6db5cec2-722x1024.jpg 722w, https:\/\/www.radiopiu.net\/wordpress\/wp-content\/uploads\/2024\/07\/98d84566-443a-403b-8b39-b8ff6db5cec2-768x1089.jpg 768w, https:\/\/www.radiopiu.net\/wordpress\/wp-content\/uploads\/2024\/07\/98d84566-443a-403b-8b39-b8ff6db5cec2-1083x1536.jpg 1083w, https:\/\/www.radiopiu.net\/wordpress\/wp-content\/uploads\/2024\/07\/98d84566-443a-403b-8b39-b8ff6db5cec2.jpg 1128w\" sizes=\"auto, (max-width: 165px) 100vw, 165px\" \/><\/a>OGGI ALLA RADIO: ALLE 6.15 PIROLE DE LENGA, CON IL MUSLA ALLE 7.20 EL BAL DEL FIOR, DETTI E TRADIZIONI DI GIULIANA DA RONCH; ALLE 8.20 PIU\u2019 SIAMO ESTATE DI MARINA DONA\u2019 9.00 premier le novit\u00e0 discografiche di Marco Gaz 9.15 OTTANTA DI MONICA FONTANIVE 9.30 VIABILITA\u2019 Botol_Car 10.10 MUSLA, LE NOVE IN LADIN CON GIORGIA TAIOA\u00ec 10.30 LE MUSE E LE DOLOMITI, LA NUOVA STAGIONE CON ODA E ADELISA 11.10 LA STORIA DEL FESTIVALBAR RACCONTATA DA MIRCO BENCIVENNI 12.00 VA TUTTO LISCIO 12.30 GIORNALE RADIO EDIZIONE PRINCIPALE 13.20 TRE PEZZI ESTIVI DI MARINA DONA\u2019 14.00 GOLDEN CLASSIC, CON MARCO EDELVAIS 15.00 WEEK END\u2026 MARINA C\u2019E\u2019 16.00 IL ROCK DI MARCO COSTANTINI 16.45 LE HIT DI MIRCO BENCIVENNI 19 ANTICIPAZIONI DAL TG DI ANTENNA 3<\/p>\n<p>&nbsp;<\/p>\n<p>&nbsp;<\/p>\n<p>&nbsp;<\/p>\n<p><a class=\"dt-pswp-item\" href=\"https:\/\/www.radiopiu.net\/wordpress\/wp-content\/uploads\/2024\/07\/Senza-nome-43.png\" data-dt-img-description=\"\" data-large_image_width=\"474\" data-large_image_height=\"281\"><img loading=\"lazy\" decoding=\"async\" class=\"size-medium wp-image-399077 alignleft\" src=\"https:\/\/www.radiopiu.net\/wordpress\/wp-content\/uploads\/2024\/07\/Senza-nome-43-300x178.png\" alt=\"\" width=\"300\" height=\"178\" srcset=\"https:\/\/www.radiopiu.net\/wordpress\/wp-content\/uploads\/2024\/07\/Senza-nome-43-300x178.png 300w, https:\/\/www.radiopiu.net\/wordpress\/wp-content\/uploads\/2024\/07\/Senza-nome-43.png 474w\" sizes=\"auto, (max-width: 300px) 100vw, 300px\" \/><\/a>VENEZIA Il meteo regionale comunica che dalle ore centrali di oggi e fino alle prime ore di domani, \u00e8 prevista una fase di instabilit\u00e0 specie su zone montane e pedemontane dove saranno maggiormente probabili rovesci e temporali sparsi anche intensi (forti rovesci, locali grandinate, forti raffiche di vento). Non \u00e8 escluso qualche fenomeno anche in pianura. Sulla base di queste previsioni meteo, il Centro Funzionale Decentrato della Protezione Civile regionale ha emesso un bollettino che, dalle ore 10 di oggi alle ore 8 di domani, dichiara lo stato di \u201cAttenzione\u201d (Giallo) per criticit\u00e0 idrogeologica.<br \/>\nVAL DI ZOLDO una signora di Mira (VE) che, partecipando assieme ai figli a un\u2019uscita micologia, messo male un piede aveva riportato una distorsione. La donna, che si trovava un centinaio di metri all\u2019interno di un bosco nella zona di Palafavera, \u00e8 stata raggiunta da una squadra, caricata in barella, trasportata alla strada e affidata all\u2019ambulanza.<br \/>\nAURONZO DI CADORE Sulla Croda del Banco una 26enne inglese si era trovata in difficolt\u00e0 e, intimorita, non era pi\u00f9 stata capace di spostarsi. Individuata dalle coordinate Gps, dalla ragazza si \u00e8 portato il tecnico di elisoccorso. L\u2019escursionista, illesa, \u00e8 stata lasciata al Passo Tre Croci dove aveva la macchina.<br \/>\nSOSPIROLO Un ragazzo si \u00e8 tuffato nella forra del torrente Cordevole nella zona \u201cbalneare\u201d di Ponte Mas tra Sospirolo e Sedico, riportando un infortunio al polso trattato all\u2019ospedale San Martino di Belluno. La tradizione estiva di tuffarsi dal ponte, popolare tra i giovani, si \u00e8 trasformata in un incidente, ma fortunatamente senza gravi conseguenze.<br \/>\nCANALE D&#8217;AGORDO . Domani, alle ore 17.00, verr\u00e0 inaugurato il percorso culturale naturalistico \u201cIl Ritorno del Poeta\u201d lungo la strada pedonale Canale d\u2019Agordo-Carfon, con poesie di Valerio Da Pos in bacheche. Questo percorso onora il poeta e ricorda gli emigranti che fino agli anni \u201970 tornavano a piedi al paese.<\/p>\n<p>&nbsp;<\/p>\n<p><a class=\"dt-pswp-item\" href=\"https:\/\/www.radiopiu.net\/wordpress\/wp-content\/uploads\/2024\/07\/490476b7-c5a8-4b2b-a892-a040ed8791da.jpg\" data-dt-img-description=\"\" data-large_image_width=\"577\" data-large_image_height=\"875\"><img loading=\"lazy\" decoding=\"async\" class=\"size-medium wp-image-399055 alignleft\" src=\"https:\/\/www.radiopiu.net\/wordpress\/wp-content\/uploads\/2024\/07\/490476b7-c5a8-4b2b-a892-a040ed8791da-198x300.jpg\" alt=\"\" width=\"198\" height=\"300\" srcset=\"https:\/\/www.radiopiu.net\/wordpress\/wp-content\/uploads\/2024\/07\/490476b7-c5a8-4b2b-a892-a040ed8791da-198x300.jpg 198w, https:\/\/www.radiopiu.net\/wordpress\/wp-content\/uploads\/2024\/07\/490476b7-c5a8-4b2b-a892-a040ed8791da.jpg 577w\" sizes=\"auto, (max-width: 198px) 100vw, 198px\" \/><\/a><br \/>\nLA VALLE Nel pomeriggio di ieri i vigili del fuoco sono intervenuti con l\u2019elicottero Drago 149 nei pressi di malga Calleda per spostare una mucca bisognosa di cure veterinarie. La richiesta ai vigili del fuoco da parte del medico veterinario che per curare l\u2019animale aveva necessit\u00e0 di spostarlo in un luogo pi\u00f9 idoneo. La mucca dopo essere stata imbragata \u00e8 stata issata con il gancio baricentrico dell\u2019elicottero e trasportata nell\u2019adiacenza della malga. Le operazioni di soccorso dei vigili del fuoco sono terminate poco prima delle 20:00.<br \/>\nARSIE&#8217;\u00a0 Gioved\u00ec 18 luglio, tra le 12 e le 13, verr\u00e0 testato il sistema IT-Alert con un allarme simulato per il collasso della diga della Stua. L&#8217;iniziativa, coordinata dalla Regione Veneto e dalla Protezione Civile, coinvolge tre Comuni del Feltrino e dieci del Trevigiano. I telefoni cellulari nelle aree interessate riceveranno un messaggio di allerta<br \/>\nREDAZIONE Gino Comelli, icona del Soccorso Alpino e fondatore dell&#8217;Aiut Alpin Dolomites, si \u00e8 spento a 70 anni. Originario del Friuli, ma fassano di adozione, aveva portato a termine 2.500 interventi di soccorso. Lascia la moglie e due figli.<br \/>\nFELTRE Mauro De Menech, dirigente feltrino e appassionato di calcio, si \u00e8 spento a pochi giorni dal suo 72\u00b0 compleanno. Ricoverato a Feltre, ha dedicato la vita al calcio locale, sostenendo fusioni di club e seguendo la Dolomiti Bellunesi fino all&#8217;ultimo. Lascia un vuoto profondo nel cuore della comunit\u00e0 sportiva.<br \/>\nBELLUNO Continuano a far discutere nel capoluogo le dimissioni del Presidente della Fondazione Teatri, Massimo Ferigutti: in attesa dell&#8217;incontro annunciato dal sindaco di Belluno Oscar De Pellegrin, dall&#8217;opposizione si chiedono chiarezza e scelte decise.<br \/>\nLA VALLE Oggi, alle 20:45, nella chiesa parrocchiale di La Valle Agordina si terr\u00e0 il concerto &#8220;Rester\u00e0 la luce&#8221;. Il Coro Agordo, diretto da Anna Devich, e il Coro parrocchiale di La Valle, diretto da Milena Da Roit, eseguiranno il concerto in ricordo di Manuela De Col, corista scomparsa prematuramente a 50 anni.<\/p>\n<p><a class=\"dt-pswp-item\" href=\"https:\/\/www.radiopiu.net\/wordpress\/wp-content\/uploads\/2024\/07\/IMG_20240704_180242834-01-scaled.jpeg\" data-dt-img-description=\"\" data-large_image_width=\"1815\" data-large_image_height=\"2560\"><img loading=\"lazy\" decoding=\"async\" class=\"size-medium wp-image-399004 alignleft\" src=\"https:\/\/www.radiopiu.net\/wordpress\/wp-content\/uploads\/2024\/07\/IMG_20240704_180242834-01-213x300.jpeg\" alt=\"\" width=\"213\" height=\"300\" srcset=\"https:\/\/www.radiopiu.net\/wordpress\/wp-content\/uploads\/2024\/07\/IMG_20240704_180242834-01-213x300.jpeg 213w, https:\/\/www.radiopiu.net\/wordpress\/wp-content\/uploads\/2024\/07\/IMG_20240704_180242834-01-726x1024.jpeg 726w, https:\/\/www.radiopiu.net\/wordpress\/wp-content\/uploads\/2024\/07\/IMG_20240704_180242834-01-768x1083.jpeg 768w, https:\/\/www.radiopiu.net\/wordpress\/wp-content\/uploads\/2024\/07\/IMG_20240704_180242834-01-1089x1536.jpeg 1089w, https:\/\/www.radiopiu.net\/wordpress\/wp-content\/uploads\/2024\/07\/IMG_20240704_180242834-01-1452x2048.jpeg 1452w, https:\/\/www.radiopiu.net\/wordpress\/wp-content\/uploads\/2024\/07\/IMG_20240704_180242834-01-scaled.jpeg 1815w\" sizes=\"auto, (max-width: 213px) 100vw, 213px\" \/><\/a>BELLUNO Il progetto &#8220;Investi Scuola&#8221; sar\u00e0 confermato anche per il prossimo anno scolastico grazie alla collaborazione tra Provincia, Consorzio dei Comuni Bim Piave e Dolomitibus, che hanno trovato la copertura finanziaria di 1,1 milioni di euro per garantire abbonamenti bus a prezzo calmierato per gli studenti bellunesi. Questo sar\u00e0 l&#8217;ottavo anno consecutivo del progetto, sostenuto dal cofinanziamento del Consorzio, della Provincia e dal contributo di Dolomitibus.<br \/>\nREDAZIONE Non sono mancate le segnalazioni in radio su un disservizio della fibra ottica che ha interessato la Valle del Biois. 24 ore di stop a causa di un guasto che \u00e8 stato sistemato dai tecnici di Open Fiber. Un intervento nei tempi standard ha permesso il ritorno della linea internet in tutta la vallata<br \/>\nLIVINALLONGO Il Museo Ladino Fodom ha riaperto dopo quattro anni con una nuova ala e oltre 2000 oggetti riallestiti. Denni Dorigo, direttore dell&#8217;Istitut Ladin Cesa de Jan, ha evidenziato l&#8217;importanza culturale del museo. Collaborazioni interladine e nuove mostre arricchiranno l&#8217;offerta.\u00a0Il museo sar\u00e0 aperto tutti i giorni fino al 8 settembre e poi dal gioved\u00ec alla domenica dal 12 al 29 settembre, dalle 15.30 alle 19.<br \/>\nTAIBON Una grande festa a Taibon, alla casa di Soggiorno. Il personale ha festeggiato con una torta che ricorda il secolo di vita, la splendida Gina Stefanoli\u00a0 nata il 02\/07\/1924. TANTI AUGURI<br \/>\nCANALE D&#8217;AGORDO \u00a0 Domenica alle 17, al bar di Colme\u00e0n, le biblioteche della Valle del Biois in collaborazione con l&#8217;Union Ladina Val Bi\u00f3is e l&#8217;associazione &#8220;Amici dei Minerari&#8221;, verr\u00e0 presentato il libro &#8220;Panorami e curiosit\u00e0 geologiche della Valle del Bi\u00f3is. Origine, fragilit\u00e0 e bellezza&#8221;, ultima opera del noto geologo &#8220;autoctono&#8221; (di Caviola) Vittorio Fenti<\/p>\n","protected":false},"excerpt":{"rendered":"<p>___ 0 OGGI ALLA RADIO: ALLE 6.15 PIROLE DE LENGA, CON IL MUSLA ALLE 7.20 EL BAL DEL FIOR, DETTI E TRADIZIONI DI GIULIANA DA RONCH; ALLE 8.20 PIU\u2019 SIAMO ESTATE DI MARINA DONA\u2019 9.00 premier le novit\u00e0 discografiche di Marco Gaz 9.15 OTTANTA DI MONICA FONTANIVE 9.30 VIABILITA\u2019 Botol_Car 10.10 MUSLA, LE NOVE IN&hellip;<\/p>\n","protected":false},"author":4,"featured_media":399077,"comment_status":"closed","ping_status":"closed","sticky":false,"template":"","format":"standard","meta":{"_monsterinsights_skip_tracking":false,"_monsterinsights_sitenote_active":false,"_monsterinsights_sitenote_note":"","_monsterinsights_sitenote_category":0,"footnotes":""},"categories":[104,49,142],"tags":[],"class_list":["post-399103","post","type-post","status-publish","format-standard","has-post-thumbnail","hentry","category-evidenza_3","category-news-18","category-rassegna-stampa","category-104","category-49","category-142","description-off"],"img_url":"https:\/\/www.radiopiu.net\/wordpress\/wp-content\/uploads\/2024\/07\/Senza-nome-43.png","_links":{"self":[{"href":"https:\/\/www.radiopiu.net\/wordpress\/wp-json\/wp\/v2\/posts\/399103","targetHints":{"allow":["GET"]}}],"collection":[{"href":"https:\/\/www.radiopiu.net\/wordpress\/wp-json\/wp\/v2\/posts"}],"about":[{"href":"https:\/\/www.radiopiu.net\/wordpress\/wp-json\/wp\/v2\/types\/post"}],"author":[{"embeddable":true,"href":"https:\/\/www.radiopiu.net\/wordpress\/wp-json\/wp\/v2\/users\/4"}],"replies":[{"embeddable":true,"href":"https:\/\/www.radiopiu.net\/wordpress\/wp-json\/wp\/v2\/comments?post=399103"}],"version-history":[{"count":0,"href":"https:\/\/www.radiopiu.net\/wordpress\/wp-json\/wp\/v2\/posts\/399103\/revisions"}],"wp:featuredmedia":[{"embeddable":true,"href":"https:\/\/www.radiopiu.net\/wordpress\/wp-json\/wp\/v2\/media\/399077"}],"wp:attachment":[{"href":"https:\/\/www.radiopiu.net\/wordpress\/wp-json\/wp\/v2\/media?parent=399103"}],"wp:term":[{"taxonomy":"category","embeddable":true,"href":"https:\/\/www.radiopiu.net\/wordpress\/wp-json\/wp\/v2\/categories?post=399103"},{"taxonomy":"post_tag","embeddable":true,"href":"https:\/\/www.radiopiu.net\/wordpress\/wp-json\/wp\/v2\/tags?post=399103"}],"curies":[{"name":"wp","href":"https:\/\/api.w.org\/{rel}","templated":true}]}}