{"id":399339,"date":"2024-07-15T05:32:12","date_gmt":"2024-07-15T03:32:12","guid":{"rendered":"https:\/\/www.radiopiu.net\/wordpress\/?p=399339"},"modified":"2024-07-15T08:42:04","modified_gmt":"2024-07-15T06:42:04","slug":"giornale-radiopiu-15-luglio-2024-direttore-mirko-mezzacasada-41-anni-25-giugno-1983-25-giugno-2024","status":"publish","type":"post","link":"https:\/\/www.radiopiu.net\/wordpress\/giornale-radiopiu-15-luglio-2024-direttore-mirko-mezzacasada-41-anni-25-giugno-1983-25-giugno-2024\/","title":{"rendered":"GIORNALE RADIOPIU 15 LUGLIO 2024 DIRETTORE MIRKO MEZZACASA\u2026DA 41 ANNI 25 GIUGNO 1983-25 GIUGNO 2024"},"content":{"rendered":"<p>*******<\/p>\n<p>&nbsp;<\/p>\n<p><em><span style=\"color: #ff0000;\">ATTENZIONE: LA NUOVA APP PER IOS-IPHONE di Nicola Vettorello <\/span><\/em><a href=\"https:\/\/apps.apple.com\/it\/app\/radio-pi%C3%B9-emittente-agordina\/id1515939845\">https:\/\/apps.apple.com\/it\/app\/radio-pi%C3%B9-emittente-agordina\/id1515939845<\/a><\/p>\n<p><em style=\"color: #ff0000;\">ATTENZIONE: LA NUOVA APP RADIO\u00a0 PER ANDROID di Nicola Vettorello<\/em><\/p>\n<p><a href=\"https:\/\/play.google.com\/store\/apps\/details?id=net.radiopiu.iniko\" target=\"_blank\" rel=\"noopener noreferrer\">https:\/\/play.google.com\/store\/apps\/details?id=net.radiopiu.iniko\u00a0\u00a0\u00a0<\/a><\/p>\n<p>&nbsp;<\/p>\n<p>&nbsp;<\/p>\n<hr \/>\n<p>&nbsp;<\/p>\n<p><strong class=\"photoswipe-wrapper\"><span style=\"color: #ff0000;\"><a class=\"dt-pswp-item\" href=\"https:\/\/www.radiopiu.net\/wordpress\/wp-content\/uploads\/2024\/05\/ALESSIA-DALLO.jpg\" data-dt-img-description=\"\" data-large_image_width=\"574\" data-large_image_height=\"575\"><img loading=\"lazy\" decoding=\"async\" class=\" wp-image-389881 alignleft\" src=\"https:\/\/www.radiopiu.net\/wordpress\/wp-content\/uploads\/2024\/05\/ALESSIA-DALLO-300x300.jpg\" alt=\"\" width=\"213\" height=\"213\" \/><\/a>OGGI ALLA RADIO<\/span><\/strong>: <strong>ALLE 6.15 <\/strong>PIROLE DE LENGA, CON IL MUSLA\u00a0\u00a0<strong>ALLE 7.20<\/strong>\u00a0EL BAL DEL FIOR, DETTI E TRADIZIONI DI GIULIANA DA RONCH;\u00a0<strong>ALLE 8.20\u00a0<\/strong>PIU&#8217; SIAMO ESTATE DI MARINA DONA&#8217;\u00a0 <strong>9.00 OGGI COME IERI DI SILVIA BALDO <\/strong>\u00a0<strong>9.30\u00a0<\/strong>VIABILITA\u2019 Botol_Car\u00a0 <strong>9.35<\/strong> I RACCONTI DI PAOLO SOPPELSA <strong>10.10\u00a0 ZAINO DA VIAGGIO AL FEMMINILE DI PAOLA LANCIATO <\/strong>\u00a0<span style=\"color: #0000ff;\"><strong><span style=\"color: #000000;\">10.30<\/span><\/strong><span style=\"color: #000000;\">\u00a0 PERITI MINERARI NEL MONDO CON L&#8217;APIM<\/span><span style=\"color: #000000;\">\u00a0<\/span><span style=\"color: #000000;\">\u00a0<\/span><\/span><strong>11.10 <\/strong>LA STORIA DEL FESTIVALBAR RACCONTATA DA MIRCO BENCIVENN<strong>I <\/strong>\u00a0\u00a0<strong>12.00\u00a0<\/strong>VA TUTTO LISCIO\u00a0<strong>12.30\u00a0<\/strong>GIORNALE RADIO EDIZIONE PRINCIPALE 13.00 SALUTE E SOCIETA&#8217; LA RUBRICA DI MEDICINA DI RADIOPIU CON IL DOTTOR MARCO CARACCIOLO <strong>13.20<\/strong> TRE PEZZI ESTIVI DI MARINA DONA&#8217; <strong>14.00\u00a0<\/strong> COLLAGE OPERAZIONE NOSTALGIA LORIS SCUSSEL <strong>15.00\u00a0<\/strong> RITRATTI SONORI DI ALESSIA DALL&#8217;O (FOTO) ospite LAURA CHIERZI <strong>1<\/strong><strong>6.00\u00a0<\/strong>IL ROCK DI MARCO COSTANTINI\u00a0<strong>16.45\u00a0<\/strong>LE HIT DI MIRCO BENCIVENNI\u00a0 <strong>19\u00a0<\/strong>ANTICIPAZIONI DAL TG DI ANTENNA 3, <strong>20.30<\/strong> CAMPIONATO AGRODINO SHOW DI MARCO GAZ<\/p>\n<blockquote><p><strong>rassegna stampa nazionale, ogni giorno alle 5 e alle 6 del mattino<\/strong><br \/>\n<em>giornali locali 7 rassegna stampa flash, 8 rassegna stampa, gr flash alle 10 e alle 11, principale 12.30. Informazione pomerIggio alle 15 (speciale) 16, 17, 18. Giornale radio nazionale: ogni ora dalle 5 del mattino, alle 20 della sera.\u00a0<\/em><\/p><\/blockquote>\n<div class=\"x11i5rnm xat24cr x1mh8g0r x1vvkbs xtlvy1s x126k92a\">\n<div dir=\"auto\">\n<p>&nbsp;<\/p>\n<p>&nbsp;<\/p>\n<hr \/>\n<p>&nbsp;<\/p>\n<p>&nbsp;<\/p>\n<div class=\"x11i5rnm xat24cr x1mh8g0r x1vvkbs xtlvy1s x126k92a\">\n<div dir=\"auto\">\n<p><strong><a class=\"dt-pswp-item\" href=\"https:\/\/www.radiopiu.net\/wordpress\/wp-content\/uploads\/2024\/02\/2d44e751-d8a8-461b-8e22-d8e4e853b032.jpg\" data-dt-img-description=\"\" data-large_image_width=\"1600\" data-large_image_height=\"1200\"><img loading=\"lazy\" decoding=\"async\" class=\"wp-image-373307 alignleft\" src=\"https:\/\/www.radiopiu.net\/wordpress\/wp-content\/uploads\/2024\/02\/2d44e751-d8a8-461b-8e22-d8e4e853b032-300x225.jpg\" alt=\"\" width=\"105\" height=\"79\" srcset=\"https:\/\/www.radiopiu.net\/wordpress\/wp-content\/uploads\/2024\/02\/2d44e751-d8a8-461b-8e22-d8e4e853b032-300x225.jpg 300w, https:\/\/www.radiopiu.net\/wordpress\/wp-content\/uploads\/2024\/02\/2d44e751-d8a8-461b-8e22-d8e4e853b032-1024x768.jpg 1024w, https:\/\/www.radiopiu.net\/wordpress\/wp-content\/uploads\/2024\/02\/2d44e751-d8a8-461b-8e22-d8e4e853b032-768x576.jpg 768w, https:\/\/www.radiopiu.net\/wordpress\/wp-content\/uploads\/2024\/02\/2d44e751-d8a8-461b-8e22-d8e4e853b032-1536x1152.jpg 1536w, https:\/\/www.radiopiu.net\/wordpress\/wp-content\/uploads\/2024\/02\/2d44e751-d8a8-461b-8e22-d8e4e853b032.jpg 1600w\" sizes=\"auto, (max-width: 105px) 100vw, 105px\" \/><\/a>EL BAL DEL FIOR, DI GIULIANA DA RONCH, 15 LUGLIO<\/strong><strong>\u00a02024<em>\u00a0<\/em><\/strong><\/p>\n<p>&nbsp;<\/p>\n<audio class=\"wp-audio-shortcode\" id=\"audio-399339-1\" preload=\"none\" style=\"width: 100%;\" controls=\"controls\"><source type=\"audio\/mpeg\" src=\"https:\/\/www.radiopiu.net\/wordpress\/wp-content\/uploads\/2024\/07\/GLU-1.m4a?_=1\" \/><a href=\"https:\/\/www.radiopiu.net\/wordpress\/wp-content\/uploads\/2024\/07\/GLU-1.m4a\">https:\/\/www.radiopiu.net\/wordpress\/wp-content\/uploads\/2024\/07\/GLU-1.m4a<\/a><\/audio>\n<p>&nbsp;<\/p>\n<p>&nbsp;<\/p>\n<\/div>\n<\/div>\n<\/div>\n<hr \/>\n<p>&nbsp;<\/p>\n<p>&nbsp;<\/p>\n<h1><span style=\"color: #ff0000;\"><a class=\"dt-pswp-item\" href=\"https:\/\/www.radiopiu.net\/wordpress\/wp-content\/uploads\/2024\/06\/th-5.jpg\" data-dt-img-description=\"\" data-large_image_width=\"326\" data-large_image_height=\"180\"><img loading=\"lazy\" decoding=\"async\" class=\"size-medium wp-image-395881 alignleft\" src=\"https:\/\/www.radiopiu.net\/wordpress\/wp-content\/uploads\/2024\/06\/th-5-300x166.jpg\" alt=\"\" width=\"300\" height=\"166\" srcset=\"https:\/\/www.radiopiu.net\/wordpress\/wp-content\/uploads\/2024\/06\/th-5-300x166.jpg 300w, https:\/\/www.radiopiu.net\/wordpress\/wp-content\/uploads\/2024\/06\/th-5.jpg 326w\" sizes=\"auto, (max-width: 300px) 100vw, 300px\" \/><\/a><\/span><\/h1>\n<h1><\/h1>\n<h1><\/h1>\n<h1><span style=\"color: #000000;\">15 luglio&#8230; alla radio l&#8217;almanacco\u00a0<\/span><\/h1>\n<p>&nbsp;<\/p>\n<p>&nbsp;<\/p>\n<p>&nbsp;<\/p>\n<audio class=\"wp-audio-shortcode\" id=\"audio-399339-2\" preload=\"none\" style=\"width: 100%;\" controls=\"controls\"><source type=\"audio\/mpeg\" src=\"https:\/\/www.radiopiu.net\/wordpress\/wp-content\/uploads\/2024\/07\/ALMANACCONEW-12.mp3?_=2\" \/><a href=\"https:\/\/www.radiopiu.net\/wordpress\/wp-content\/uploads\/2024\/07\/ALMANACCONEW-12.mp3\">https:\/\/www.radiopiu.net\/wordpress\/wp-content\/uploads\/2024\/07\/ALMANACCONEW-12.mp3<\/a><\/audio>\n<p>&nbsp;<\/p>\n<div dir=\"auto\">\n<hr \/>\n<\/div>\n<\/div>\n<blockquote>\n<blockquote>\n<h1><span style=\"color: #ff0000;\">\u00a0<\/span><\/h1>\n<h1><span style=\"color: #ff0000;\">I podcast informativi del mattino &#8211; audio &#8211;\u00a0\u00a0<\/span><\/h1>\n<\/blockquote>\n<p><strong><a class=\"dt-pswp-item\" href=\"https:\/\/www.radiopiu.net\/wordpress\/wp-content\/uploads\/2023\/11\/th-10.jpg\" data-dt-img-description=\"\" data-large_image_width=\"320\" data-large_image_height=\"180\"><img loading=\"lazy\" decoding=\"async\" class=\"wp-image-362866 alignleft\" src=\"https:\/\/www.radiopiu.net\/wordpress\/wp-content\/uploads\/2023\/11\/th-10-300x169.jpg\" alt=\"\" width=\"185\" height=\"104\" srcset=\"https:\/\/www.radiopiu.net\/wordpress\/wp-content\/uploads\/2023\/11\/th-10-300x169.jpg 300w, https:\/\/www.radiopiu.net\/wordpress\/wp-content\/uploads\/2023\/11\/th-10.jpg 320w\" sizes=\"auto, (max-width: 185px) 100vw, 185px\" \/><\/a>LA RASSEGNA STAMPA NAZIONALE ALLA RADIO, OGNI GIORNO ALLE 5 E ALLE 6 DEL MATTINO <span style=\"color: #0000ff;\">viene pubblicata alle 6.00 <span style=\"color: #ff0000;\">DIRETTA RADIO\u00a0 \u00a0\u00a0<\/span><\/span><\/strong><\/p><\/blockquote>\n<p>&nbsp;<\/p>\n<p><strong>NOTIZIE DELLA NOTTE\u00a0 \u00a0<\/strong><\/p>\n<p><strong>Cina<\/strong> frena nel secondo trimestre, Pil si ferma a +4,7% <strong>Per\u00f9,<\/strong>Alberto Fujimori si candider\u00e0 a elezioni presidenziali 2026 <strong>Allarme<\/strong> Onu sui vaccini infantili: &#8216;Sotto i livelli pre covid&#8217; <strong>Biden:<\/strong> &#8216;L&#8217;attentato a Trump ci impone un passo indietro&#8217;\u00a0 <strong>Trump<\/strong> atterrato a Milwaukee per la convention Gop\u00a0 <strong>Guerra<\/strong> il sindaco pi\u00f9 amato, Fedriga al top fra i governatori<\/p>\n<h2>AUDIO dalle 6 del mattino<\/h2>\n<audio class=\"wp-audio-shortcode\" id=\"audio-399339-3\" preload=\"none\" style=\"width: 100%;\" controls=\"controls\"><source type=\"audio\/mpeg\" src=\"https:\/\/www.radiopiu.net\/wordpress\/wp-content\/uploads\/2024\/07\/GIORNALEDELLESEI-11.mp3?_=3\" \/><a href=\"https:\/\/www.radiopiu.net\/wordpress\/wp-content\/uploads\/2024\/07\/GIORNALEDELLESEI-11.mp3\">https:\/\/www.radiopiu.net\/wordpress\/wp-content\/uploads\/2024\/07\/GIORNALEDELLESEI-11.mp3<\/a><\/audio>\n<p>&nbsp;<\/p>\n<hr \/>\n<p>&nbsp;<\/p>\n<h1 style=\"text-align: center;\"><span style=\"color: #ff0000;\">I podcast informativi del mattino &#8211; audio &#8211;\u00a0<\/span><\/h1>\n<p><strong><a class=\"dt-pswp-item\" href=\"https:\/\/www.radiopiu.net\/wordpress\/wp-content\/uploads\/2023\/12\/images.png\" data-dt-img-description=\"\" data-large_image_width=\"316\" data-large_image_height=\"160\"><img loading=\"lazy\" decoding=\"async\" class=\"wp-image-367008 alignleft\" src=\"https:\/\/www.radiopiu.net\/wordpress\/wp-content\/uploads\/2023\/12\/images-300x152.png\" alt=\"\" width=\"235\" height=\"119\" srcset=\"https:\/\/www.radiopiu.net\/wordpress\/wp-content\/uploads\/2023\/12\/images-300x152.png 300w, https:\/\/www.radiopiu.net\/wordpress\/wp-content\/uploads\/2023\/12\/images.png 316w\" sizes=\"auto, (max-width: 235px) 100vw, 235px\" \/><\/a>OGNI GIORNO ALLE SETTE DEL MATTINO, LA RASSEGNA STAMPA LOCALE FLASH&#8230; PER CHI VA IN FRETTA. I TITOLI DAI GIORNALI E DAL SITO WWW.RADIOPIU.NET <span style=\"color: #0000ff;\">viene pubblicato alle 7.00<\/span> <span style=\"color: #ff0000;\">DIRETTA RADIO\u00a0<\/span><\/strong><\/p>\n<p><em><span style=\"color: #ff0000;\">per chi va in fretta&#8230; tante notizie in pochi minuti. L&#8217;informazione locale alla radio, ogni ora dalle 7 del mattino alle 19 della sera.\u00a0 <\/span><\/em><\/p>\n<p>&nbsp;<\/p>\n<p><strong>BELLUNO<\/strong> Dolomiti Bus S.p.A. comunica che, a causa dello sciopero nazionale indetto dalle OO.SS. FILT-CGIL, FIT-CISL, UILTRASPORTI, FAISA-CISAL e UGL-FNA per gioved\u00ec 18 luglio 2024, non saranno garantite le corse in partenza dalle ore 12:00 alle 15:59. Le corse iniziate prima dell&#8217;orario di sciopero proseguiranno fino al capolinea.<br \/>\n<strong>AGORDO<\/strong>\u00a0 Oggi dalle 8 alle 17 verr\u00e0 sospesa l&#8217;erogazione dell&#8217;acqua nelle vie Cesare Battisti, San Pietro, Santa Maria, Corso Alpini, Corso Patrioti, Vicolo Cordevole, Vicolo Crotta, Narae, Sommariva, Piazza Libert\u00e0 e Piazza Marconi.<br \/>\nLIVINALLONGO Oggi\u00a0 dalle 8 alle 17 verr\u00e0 sospesa l\u2019erogazione dell\u2019acqua nelle localit\u00e0 Lasta, Federa, Corte e Sief<br \/>\nROCCA PIETORE\u00a0 Domani\u00a0 \u00a0alle 8 alle 17 verr\u00e0 sospesa l\u2019erogazione dell\u2019acqua nelle localit\u00e0 Sedolada, Santa Maria delle Grazie<br \/>\n<strong>FADALTO<\/strong> L&#8217;Alemagna chiusa per frane ha creato disagi: doppie code in A27, passeggeri abbandonati dai bus sostitutivi, e deviazioni di 20 km anzich\u00e9 3 per andare a messa. Il sindaco di Alpago teme una lunga estate di caos.<br \/>\n<strong>FALCADE<\/strong> Incidente stradale sabato mattina alle 9:40 in localit\u00e0 Molino di Falcade nei pressi degli impianti di sci per un furgone finito rovesciato fuori strada, in un terreno in forte pendio: tre persone ferite. Le squadre dei vigili del fuoco arrivate da Agordo e Belluno e con i volontari di Caprile, hanno provveduto a mettere in sicurezza il furgone assicurandolo con un cavo. Hanno poi estratto le tre persone, rimaste bloccate nella cabina di guida, presi in cura dai sanitari del Suem. Sul posto l&#8217;ambulanza della Croce verde Val Biois ed Eco 2 oltre all&#8217;elicottero Falco. I feriti tutti della provincia di Pordenone.<\/p>\n<p>&nbsp;<\/p>\n<h1>AUDIO dalle 7 del mattino<\/h1>\n<p>&nbsp;<\/p>\n<p>&nbsp;<\/p>\n<hr \/>\n<p>&nbsp;<\/p>\n<h1><\/h1>\n<h1 style=\"text-align: center;\"><span style=\"color: #ff0000;\"><a class=\"dt-pswp-item\" href=\"https:\/\/www.radiopiu.net\/wordpress\/wp-content\/uploads\/2022\/01\/026c3f9d-dae9-4040-a3c1-a6530231bcc3.jpg\" data-dt-img-description=\"\" data-large_image_width=\"1152\" data-large_image_height=\"2048\"><img loading=\"lazy\" decoding=\"async\" class=\"wp-image-251839 alignleft\" src=\"https:\/\/www.radiopiu.net\/wordpress\/wp-content\/uploads\/2022\/01\/026c3f9d-dae9-4040-a3c1-a6530231bcc3-169x300.jpg\" alt=\"\" width=\"100\" height=\"177\" srcset=\"https:\/\/www.radiopiu.net\/wordpress\/wp-content\/uploads\/2022\/01\/026c3f9d-dae9-4040-a3c1-a6530231bcc3-169x300.jpg 169w, https:\/\/www.radiopiu.net\/wordpress\/wp-content\/uploads\/2022\/01\/026c3f9d-dae9-4040-a3c1-a6530231bcc3-576x1024.jpg 576w, https:\/\/www.radiopiu.net\/wordpress\/wp-content\/uploads\/2022\/01\/026c3f9d-dae9-4040-a3c1-a6530231bcc3-768x1365.jpg 768w, https:\/\/www.radiopiu.net\/wordpress\/wp-content\/uploads\/2022\/01\/026c3f9d-dae9-4040-a3c1-a6530231bcc3-864x1536.jpg 864w, https:\/\/www.radiopiu.net\/wordpress\/wp-content\/uploads\/2022\/01\/026c3f9d-dae9-4040-a3c1-a6530231bcc3.jpg 1152w\" sizes=\"auto, (max-width: 100px) 100vw, 100px\" \/><\/a>I podcast informativi del mattino &#8211; audio &#8211;\u00a0<\/span><\/h1>\n<blockquote><p><strong>GIORNALE RADIO NAZIONALE, EDIZIONE DELLE SETTE <span style=\"color: #0000ff;\">viene pubblicato alle 7.05 <span style=\"color: #ff0000;\">DIRETTA RADIO\u00a0<\/span><\/span><\/strong><\/p><\/blockquote>\n<p><strong>il giornale radionazionale e&#8217; in onda ogni ora, dalle sette del mattino alle venti della sera\u00a0 \u00a0<\/strong><strong>\u00a0<\/strong><\/p>\n<p>&nbsp;<\/p>\n<p><strong>ROMA<\/strong> Maxirissa tra scippatori nella metro, 5 arresti\u00a0<strong>COURMAYER<\/strong> Precipitano in Val Ferret, morti due alpinisti. Un altro \u00e8 disperso sul Bianco\u00a0 <strong>ISCHIA \u00a0<\/strong>donna trovata morta in una scarpata vicino casa\u00a0<strong>LATINA<\/strong> Nel Pontino tre morti in scontro tra moto, 2 erano minorenni <strong>PALERMO<\/strong> &#8216;Sono stata violentata&#8217;, quindicenne denuncia\u00a0 <strong>SALERNO<\/strong> Lite davanti hotel a Paestum, tre feriti gravi\u00a0 <strong>BOLLATE<\/strong> Giacomo Bozzoli trasferito nel carcere: &#8220;Un testimone austriaco mi scagiona\u00a0 <strong>SOLLICCIANO<\/strong> &#8216;Niente acqua calda in carcere? Non \u00e8 un hotel&#8217;, verifiche del Garante<\/p>\n<h2>AUDIO dalle sette del mattino, ogni ora alla radio<\/h2>\n<p>&nbsp;<\/p>\n<p>&nbsp;<\/p>\n<hr \/>\n<p>&nbsp;<\/p>\n<p>&nbsp;<\/p>\n<h1><span style=\"color: #ff0000;\">I podcast informativi del mattino &#8211; video &#8211;\u00a0<\/span><\/h1>\n<h2><strong><a class=\"dt-pswp-item\" href=\"https:\/\/www.radiopiu.net\/wordpress\/wp-content\/uploads\/2023\/12\/th-10.jpg\" data-dt-img-description=\"\" data-large_image_width=\"245\" data-large_image_height=\"180\"><img loading=\"lazy\" decoding=\"async\" class=\" wp-image-367395 alignleft\" src=\"https:\/\/www.radiopiu.net\/wordpress\/wp-content\/uploads\/2023\/12\/th-10.jpg\" alt=\"\" width=\"166\" height=\"122\" \/><\/a>RASSEGNA STAMPA LOCALE, ORE OTTO 05<\/strong><\/h2>\n<h2><strong> <span style=\"color: #0000ff;\">viene\u00a0 <\/span><\/strong><strong><span style=\"color: #0000ff;\">pubblicata alle 8.05 <span style=\"color: #ff0000;\">DIRETTA RADIO\u00a0\u00a0<\/span><\/span><\/strong><\/h2>\n<p><strong>DI MIRKO MEZZACASA\u00a0 \u00a0<\/strong><button class=\"rounded-lg text-token-text-secondary hover:bg-token-main-surface-secondary\"><\/button><\/p>\n<p><strong>OGGI SUL Corriere delle Alpi E NOTIZIARI DI Radio Pi\u00f9<\/strong><\/p>\n<p>&nbsp;<\/p>\n<h2><span style=\"color: #ff0000;\"><strong>VIDEO\u00a0 \u00a0in diretta dalle 8 del mattino<\/strong><\/span><\/h2>\n<p><span style=\"color: #0000ff;\"><strong>COME OGNI LUNEDI IL CORRIERE DELLE ALPI E&#8217; IN EDICOLA CON UN CORPOSO FASCICOLO SPORTIVO, TANTE PAGINE DI SPORT E IN ESCLUSIVA IL CAMPIONATO AGRODINO DI CALCIO, TUTTI I RISULTATI DELLE PARTITE DI IERI, COMMENTI, INTERVENTI CLASSIFICHE CON I CORRISPONDENTI DEL QUOTIDIANO BELLUNESE\u00a0\u00a0<\/strong><\/span><\/p>\n<p><strong>Sabato mattina<\/strong>, il Soccorso alpino di Feltre \u00e8 intervenuto per una ragazza ventenne di Fonzaso caduta in una scarpata mentre percorreva in e-bike la mulattiera dal Lago del Corlo verso Carazzagno ad Arsi\u00e8. La giovane, sbilanciata in una curva, \u00e8 ruzzolata per 80 metri, fermandosi vicino a una pozza d&#8217;acqua. Dopo l&#8217;allarme lanciato dalla madre, l&#8217;elicottero Falco 2 ha soccorso la ragazza, che ha riportato contusioni e una ferita alla testa, e l&#8217;ha trasportata all&#8217;ospedale di Belluno.<br \/>\nA Livinallongo, Falco ha recuperato una 70enne di Padova con un trauma al ginocchio sul sentiero 680 per il Rifugio Padon, portandola all&#8217;ospedale di Agordo. Alle 15.30, dei ragazzi hanno segnalato richieste di aiuto sulla normale dell\u2019Antelao. Un escursionista 33enne di Catania, trovato fuori sentiero, \u00e8 stato recuperato e lasciato al Rifugio Galassi.<br \/>\n<strong>NECESSARIO IL GIRO DI VITE, CONTRO I PADRONI DELLA STRADA, MOTOCICLISTI INDISCIPLINATI, CONTROLLI SEMPRE POCHI! CHI ORGANIZZA CERTI EVENTI E&#8217; IN REGOLA O TUTTO E&#8217; PERMESSO AI SIGNORI DELLE DUE RUOTE?<\/strong><br \/>\nNotte d&#8217;Inferno per i Residenti di Val di Zoldo Tra il 13 e il 14 luglio, centinaia di motociclisti hanno attraversato a tutta velocit\u00e0 le vie di Val di Zoldo durante l&#8217;evento &#8220;Alba sul Giau&#8221;, creando panico e rabbia tra i residenti. Il sindaco De Pellegrin chiede alla politica di intervenire con nuove norme per la sicurezza stradale.<\/p>\n<p><a class=\"dt-pswp-item\" href=\"https:\/\/www.radiopiu.net\/wordpress\/wp-content\/uploads\/2024\/07\/copertina-2.png\" data-dt-img-description=\"\" data-large_image_width=\"570\" data-large_image_height=\"345\"><img loading=\"lazy\" decoding=\"async\" class=\"alignnone wp-image-399600 size-full\" src=\"https:\/\/www.radiopiu.net\/wordpress\/wp-content\/uploads\/2024\/07\/copertina-2.png\" alt=\"\" width=\"570\" height=\"345\" srcset=\"https:\/\/www.radiopiu.net\/wordpress\/wp-content\/uploads\/2024\/07\/copertina-2.png 570w, https:\/\/www.radiopiu.net\/wordpress\/wp-content\/uploads\/2024\/07\/copertina-2-300x182.png 300w\" sizes=\"auto, (max-width: 570px) 100vw, 570px\" \/><\/a><\/p>\n<p>&nbsp;<\/p>\n<hr \/>\n<p>&nbsp;<\/p>\n<p>&nbsp;<\/p>\n<p><strong><a class=\"dt-pswp-item\" href=\"https:\/\/www.radiopiu.net\/wordpress\/wp-content\/uploads\/2023\/12\/ANTENNA.png\" data-dt-img-description=\"\" data-large_image_width=\"300\" data-large_image_height=\"166\"><img loading=\"lazy\" decoding=\"async\" class=\" wp-image-366306 alignleft\" src=\"https:\/\/www.radiopiu.net\/wordpress\/wp-content\/uploads\/2023\/12\/ANTENNA.png\" alt=\"\" width=\"175\" height=\"97\" \/><\/a> DAL TG DI ANTENNA 3, ogni sera alle 19 le anticipazioni alla radio, quello che poi seguirete nel TELEGIORNALE BELLUNESE\u00a0 in onda alle 19.30 sul CANALE 10 del digitale terrestre.\u00a0\u00a0<\/strong><\/p>\n<p><span style=\"color: #ff0000;\"><strong>\u00a0 ALLA RADIO&#8230; LE ANTICIPAZIONI DI\u00a0 tiziana bolognani<br \/>\n<\/strong><\/span><\/p>\n<p>&nbsp;<\/p>\n<hr \/>\n<p><strong>\u00a0 \u00a0 \u00a0<\/strong><\/p>\n<blockquote>\n<h3>GIOVEDI&#8217; 18 LUGLIO SCIOPERO DEI TRASPORTI<\/h3>\n<\/blockquote>\n<p><strong>BELLUNO <\/strong>Dolomiti Bus S.p.A. comunica che, a causa dello sciopero nazionale indetto dalle OO.SS. FILT-CGIL, FIT-CISL, UILTRASPORTI, FAISA-CISAL e UGL-FNA per gioved\u00ec 18 luglio 2024, non saranno garantite le corse in partenza dalle ore 12:00 alle 15:59. Le corse iniziate prima dell&#8217;orario di sciopero proseguiranno fino al capolinea.<\/p>\n<p>&nbsp;<\/p>\n<p>&nbsp;<\/p>\n<hr \/>\n<p>&nbsp;<\/p>\n<blockquote>\n<h3>ACQUA INQUINATA E LAVORI PROGRAMMATI O<\/h3>\n<\/blockquote>\n<p><strong><a class=\"dt-pswp-item\" href=\"https:\/\/www.radiopiu.net\/wordpress\/wp-content\/uploads\/2024\/03\/Bim-GSP-Distrettualizzazione-Agordo-Vecchie-valvole-1.jpg\" data-dt-img-description=\"\" data-large_image_width=\"1756\" data-large_image_height=\"1080\"><img loading=\"lazy\" decoding=\"async\" class=\" wp-image-381662 alignleft\" src=\"https:\/\/www.radiopiu.net\/wordpress\/wp-content\/uploads\/2024\/03\/Bim-GSP-Distrettualizzazione-Agordo-Vecchie-valvole-1-300x185.jpg\" alt=\"\" width=\"250\" height=\"154\" srcset=\"https:\/\/www.radiopiu.net\/wordpress\/wp-content\/uploads\/2024\/03\/Bim-GSP-Distrettualizzazione-Agordo-Vecchie-valvole-1-300x185.jpg 300w, https:\/\/www.radiopiu.net\/wordpress\/wp-content\/uploads\/2024\/03\/Bim-GSP-Distrettualizzazione-Agordo-Vecchie-valvole-1-1024x630.jpg 1024w, https:\/\/www.radiopiu.net\/wordpress\/wp-content\/uploads\/2024\/03\/Bim-GSP-Distrettualizzazione-Agordo-Vecchie-valvole-1-768x472.jpg 768w, https:\/\/www.radiopiu.net\/wordpress\/wp-content\/uploads\/2024\/03\/Bim-GSP-Distrettualizzazione-Agordo-Vecchie-valvole-1-1536x945.jpg 1536w, https:\/\/www.radiopiu.net\/wordpress\/wp-content\/uploads\/2024\/03\/Bim-GSP-Distrettualizzazione-Agordo-Vecchie-valvole-1.jpg 1756w\" sizes=\"auto, (max-width: 250px) 100vw, 250px\" \/><\/a><\/strong><strong>ROCCA PIETORE<\/strong>\u00a0 in localit\u00e0 Digonera l&#8217;acqua erogata dall&#8217;acquedotto \u00e8 di nuovo potabile.<strong> \u00a0<\/strong><\/p>\n<p><strong>GOSALDO<\/strong> in localit\u00e0\u00a0 Vallasin l&#8217;acqua erogata dall&#8217;acquedotto\u00a0 \u00e8\u00a0 di nuovo potabile.<\/p>\n<p><strong>AGORDO<\/strong> nelle localit\u00e0 Piasent, Colvignas, Campon, Le Foche l&#8217;acqua erogata dall&#8217;acquedotto non \u00e8 potabile e non pu\u00f2 essere usata per scopi alimentari, se non previa bollitura. Verr\u00e0 effettuato servizio sostitutivo con cisterna in localit\u00e0 Piasent.<\/p>\n<p><strong>LIVINALLONGO<\/strong> In localit\u00e0 Collaz\u00a0 l&#8217;acqua erogata dall&#8217;acquedotto non \u00e8 potabile e pu\u00f2 essere usata per scopi alimentari solo previa\u00a0 bollitura. Torna potabile l&#8217;acqua in frazione Castello<\/p>\n<p><strong>AGORDO<\/strong>\u00a0 Oggi dalle 8 alle 17 verr\u00e0 sospesa l&#8217;erogazione dell&#8217;acqua nelle vie Cesare Battisti, San Pietro, Santa Maria, Corso Alpini, Corso Patrioti, Vicolo Cordevole, Vicolo Crotta, Narae, Sommariva, Piazza Libert\u00e0 e Piazza Marconi.<\/p>\n<p><strong>LIVINALLONGO<\/strong> Oggi\u00a0 dalle 8 alle 17 verr\u00e0 sospesa l\u2019erogazione dell\u2019acqua nelle localit\u00e0 Lasta, Federa, Corte e Sief<\/p>\n<p><strong>ROCCA PIETORE<\/strong>\u00a0 Domani\u00a0 \u00a0alle 8 alle 17 verr\u00e0 sospesa l\u2019erogazione dell\u2019acqua nelle localit\u00e0 Sedolada, Santa Maria delle Grazie<\/p>\n<p>&nbsp;<\/p>\n<hr \/>\n<p>&nbsp;<\/p>\n<h3><a class=\"dt-pswp-item\" href=\"https:\/\/www.radiopiu.net\/wordpress\/wp-content\/uploads\/2024\/07\/Senza-nome-57.png\" data-dt-img-description=\"\" data-large_image_width=\"852\" data-large_image_height=\"454\"><img loading=\"lazy\" decoding=\"async\" class=\"wp-image-399341 alignleft\" src=\"https:\/\/www.radiopiu.net\/wordpress\/wp-content\/uploads\/2024\/07\/Senza-nome-57-300x160.png\" alt=\"\" width=\"161\" height=\"86\" srcset=\"https:\/\/www.radiopiu.net\/wordpress\/wp-content\/uploads\/2024\/07\/Senza-nome-57-300x160.png 300w, https:\/\/www.radiopiu.net\/wordpress\/wp-content\/uploads\/2024\/07\/Senza-nome-57-768x409.png 768w, https:\/\/www.radiopiu.net\/wordpress\/wp-content\/uploads\/2024\/07\/Senza-nome-57.png 852w\" sizes=\"auto, (max-width: 161px) 100vw, 161px\" \/><\/a>Alemagna Chiusa: Caos e Code in A27<\/h3>\n<p>L&#8217;Alemagna chiusa per frane ha creato disagi: doppie code in A27, passeggeri abbandonati dai bus sostitutivi, e deviazioni di 20 km anzich\u00e9 3 per andare a messa. Il sindaco di Alpago teme una lunga estate di caos.<\/p>\n<p>&nbsp;<\/p>\n<hr \/>\n<p>&nbsp;<\/p>\n<blockquote>\n<h3><span class=\"x193iq5w xeuugli x13faqbe x1vvkbs x1xmvt09 x1lliihq x1s928wv xhkezso x1gmr53x x1cpjm7i x1fgarty x1943h6x xudqn12 x3x7a5m x6prxxf xvq8zen xo1l8bm xzsf02u x1yc453h\" dir=\"auto\">SELVA DI CADORE Ieri pomeriggio i Pompieri Volontari di Selva di Cadore sono intervenuti per recupero mezzo in bilico su strada silvo pastorale.<\/span><\/h3>\n<\/blockquote>\n<p><a class=\"dt-pswp-item\" href=\"https:\/\/www.radiopiu.net\/wordpress\/wp-content\/uploads\/2024\/07\/450925168_10212267909128880_3391986255347271048_n.jpg\" data-dt-img-description=\"\" data-large_image_width=\"526\" data-large_image_height=\"701\"><img loading=\"lazy\" decoding=\"async\" class=\"size-medium wp-image-399646 aligncenter\" src=\"https:\/\/www.radiopiu.net\/wordpress\/wp-content\/uploads\/2024\/07\/450925168_10212267909128880_3391986255347271048_n-225x300.jpg\" alt=\"\" width=\"225\" height=\"300\" srcset=\"https:\/\/www.radiopiu.net\/wordpress\/wp-content\/uploads\/2024\/07\/450925168_10212267909128880_3391986255347271048_n-225x300.jpg 225w, https:\/\/www.radiopiu.net\/wordpress\/wp-content\/uploads\/2024\/07\/450925168_10212267909128880_3391986255347271048_n.jpg 526w\" sizes=\"auto, (max-width: 225px) 100vw, 225px\" \/><\/a><\/p>\n<p>&nbsp;<\/p>\n<p>&nbsp;<\/p>\n<p>&nbsp;<\/p>\n<hr \/>\n<p>&nbsp;<\/p>\n<blockquote>\n<h3>LA GIORNATA DI SABATO SI CHIUDE CON 6 INTERVENTI DEL SOCCORSO ALPINO<\/h3>\n<\/blockquote>\n<p><strong><a class=\"dt-pswp-item\" href=\"https:\/\/www.radiopiu.net\/wordpress\/wp-content\/uploads\/2022\/04\/soccorso-alpino-1024x602-1.jpg\" data-dt-img-description=\"\" data-large_image_width=\"1024\" data-large_image_height=\"602\"><img loading=\"lazy\" decoding=\"async\" class=\" wp-image-270917 alignleft\" src=\"https:\/\/www.radiopiu.net\/wordpress\/wp-content\/uploads\/2022\/04\/soccorso-alpino-1024x602-1-300x176.jpg\" alt=\"\" width=\"203\" height=\"119\" srcset=\"https:\/\/www.radiopiu.net\/wordpress\/wp-content\/uploads\/2022\/04\/soccorso-alpino-1024x602-1-300x176.jpg 300w, https:\/\/www.radiopiu.net\/wordpress\/wp-content\/uploads\/2022\/04\/soccorso-alpino-1024x602-1-768x452.jpg 768w, https:\/\/www.radiopiu.net\/wordpress\/wp-content\/uploads\/2022\/04\/soccorso-alpino-1024x602-1.jpg 1024w\" sizes=\"auto, (max-width: 203px) 100vw, 203px\" \/><\/a><\/strong>Sabato mattina, il Soccorso alpino di Feltre \u00e8 intervenuto per una ragazza ventenne di Fonzaso caduta in una scarpata mentre percorreva in e-bike la mulattiera dal Lago del Corlo verso Carazzagno ad Arsi\u00e8. La giovane, sbilanciata in una curva, \u00e8 ruzzolata per 80 metri, fermandosi vicino a una pozza d&#8217;acqua. Dopo l&#8217;allarme lanciato dalla madre, l&#8217;elicottero Falco 2 ha soccorso la ragazza, che ha riportato contusioni e una ferita alla testa, e l&#8217;ha trasportata all&#8217;ospedale di Belluno. Contemporaneamente, Falco \u00e8 intervenuto sul sentiero 554 ad Agordo per una turista irlandese di 61 anni caduta, trasportata con l&#8217;amica a Belluno. A mezzogiorno, il Soccorso alpino dell&#8217;Alpago ha assistito un 45enne caduto in mountain bike sul sentiero del Taffarel, accompagnandolo al Passo Crosetta. A Cortina, il Suem di Pieve di Cadore ha soccorso una coppia di turisti belgi bloccati sul sentiero 407 del Valon de Ra Ola. A Domegge di Cadore, tre escursionisti illesi ma bloccati fuori traccia sono stati recuperati dal Soccorso alpino del Centro Cadore. Infine, nel pomeriggio, Falco 2 ha soccorso un diciottenne con una spalla lussata su un isolotto nel Piave, trasportandolo all&#8217;ospedale di Feltre.<\/p>\n<p>&nbsp;<\/p>\n<p>&nbsp;<\/p>\n<hr \/>\n<p>&nbsp;<\/p>\n<blockquote>\n<h3>ALTRI 5 INTERVENTI ANCHE DOMENICA<\/h3>\n<\/blockquote>\n<p><a class=\"dt-pswp-item\" href=\"https:\/\/www.radiopiu.net\/wordpress\/wp-content\/uploads\/2024\/03\/salt-croce-verde-val-biois-1.jpg\" data-dt-img-description=\"\" data-large_image_width=\"2048\" data-large_image_height=\"1536\"><img loading=\"lazy\" decoding=\"async\" class=\" wp-image-380539 alignleft\" src=\"https:\/\/www.radiopiu.net\/wordpress\/wp-content\/uploads\/2024\/03\/salt-croce-verde-val-biois-1-300x225.jpg\" alt=\"\" width=\"180\" height=\"135\" srcset=\"https:\/\/www.radiopiu.net\/wordpress\/wp-content\/uploads\/2024\/03\/salt-croce-verde-val-biois-1-300x225.jpg 300w, https:\/\/www.radiopiu.net\/wordpress\/wp-content\/uploads\/2024\/03\/salt-croce-verde-val-biois-1-1024x768.jpg 1024w, https:\/\/www.radiopiu.net\/wordpress\/wp-content\/uploads\/2024\/03\/salt-croce-verde-val-biois-1-768x576.jpg 768w, https:\/\/www.radiopiu.net\/wordpress\/wp-content\/uploads\/2024\/03\/salt-croce-verde-val-biois-1-1536x1152.jpg 1536w, https:\/\/www.radiopiu.net\/wordpress\/wp-content\/uploads\/2024\/03\/salt-croce-verde-val-biois-1.jpg 2048w\" sizes=\"auto, (max-width: 180px) 100vw, 180px\" \/><\/a>A Cortina, alle 13.15 di ieri, il Soccorso alpino \u00e8 intervenuto per un escursionista vicentino di 25 anni colto da malore sul sentiero 443 verso Passo Giau. Trasportato in barella, \u00e8 stato portato in ambulanza all&#8217;ospedale di Cortina. Al Rifugio Vandelli, l&#8217;elicottero del Suem di Pieve di Cadore ha soccorso una 63enne di Verona, infortunatasi al ginocchio vicino al lago del Sorapis, portandola al Codivilla. A Pieve di Cadore, una squadra del Soccorso alpino ha assistito una 74enne di Vedelago con un infortunio alla gamba sul sentiero 272 per il Rifugio Baion, trasferendola all&#8217;ospedale di Pieve di Cadore. A Livinallongo, Falco ha recuperato una 70enne di Padova con un trauma al ginocchio sul sentiero 680 per il Rifugio Padon, portandola all&#8217;ospedale di Agordo. Alle 15.30, dei ragazzi hanno segnalato richieste di aiuto sulla normale dell\u2019Antelao. Un escursionista 33enne di Catania, trovato fuori sentiero, \u00e8 stato recuperato e lasciato al Rifugio Galassi.<\/p>\n<p>&nbsp;<\/p>\n<hr \/>\n<p>&nbsp;<\/p>\n<p><span style=\"color: #ff0000;\"><strong><a class=\"dt-pswp-item\" href=\"https:\/\/www.radiopiu.net\/wordpress\/wp-content\/uploads\/2024\/07\/Senza-nome-58.png\" data-dt-img-description=\"\" data-large_image_width=\"399\" data-large_image_height=\"262\"><img loading=\"lazy\" decoding=\"async\" class=\" wp-image-399597 alignleft\" src=\"https:\/\/www.radiopiu.net\/wordpress\/wp-content\/uploads\/2024\/07\/Senza-nome-58-300x197.png\" alt=\"\" width=\"207\" height=\"136\" srcset=\"https:\/\/www.radiopiu.net\/wordpress\/wp-content\/uploads\/2024\/07\/Senza-nome-58-300x197.png 300w, https:\/\/www.radiopiu.net\/wordpress\/wp-content\/uploads\/2024\/07\/Senza-nome-58.png 399w\" sizes=\"auto, (max-width: 207px) 100vw, 207px\" \/><\/a>NECESSARIO IL GIRO DI VITE, CONTRO I PADRONI DELLA STRADA, MOTOCICLISTI INDISCIPLINATI, CONTROLLI SEMPRE POCHI! CHI ORGANIZZA CERTI EVENTI E&#8217; IN REGOLA O TUTTO E&#8217; PERMESSO AI SIGNORI DELLE DUE RUOTE?<\/strong><\/span><\/p>\n<h3>Notte d&#8217;Inferno per i Residenti di Val di Zoldo<\/h3>\n<p>Tra il 13 e il 14 luglio, centinaia di motociclisti hanno attraversato a tutta velocit\u00e0 le vie di Val di Zoldo durante l&#8217;evento &#8220;Alba sul Giau&#8221;, creando panico e rabbia tra i residenti. Il sindaco De Pellegrin chiede alla politica di intervenire con nuove norme per la sicurezza stradale.<\/p>\n<p>&nbsp;<\/p>\n<p>&nbsp;<\/p>\n<hr \/>\n<p>&nbsp;<\/p>\n<blockquote>\n<h3>I DANNI DEL MALTEMPO A MONTE DI CONAGGIA<\/h3>\n<\/blockquote>\n<p><strong>DI TIZIANO DE COL<\/strong><\/p>\n<p>Gli effetti del fortunale di venerd\u00ec 12 luglio 2024 a met\u00e0 giornata in Val di Laderon, a monte di Conaggia in La Valle Agordina, sono stati devastanti. La viabilit\u00e0 silvo-pastorale, appena sistemata la scorsa estate dai Servizi Forestali Regionali, \u00e8 stata totalmente compromessa. Le foto scattate da Damiano Porta circa tre ore dopo l&#8217;apice del fortunale mostrano l&#8217;entit\u00e0 dei danni subiti.<\/p>\n\n\t\t\t<style type='text\/css'>\n\t\t\t\t#gallery-1 {\n\t\t\t\t\tmargin: auto;\n\t\t\t\t}\n\t\t\t\t#gallery-1 .gallery-item {\n\t\t\t\t\tfloat: left;\n\t\t\t\t\tmargin-top: 10px;\n\t\t\t\t\ttext-align: center;\n\t\t\t\t\twidth: 20%;\n\t\t\t\t}\n\t\t\t\t#gallery-1 img {\n\t\t\t\t\tborder: 2px solid #cfcfcf;\n\t\t\t\t}\n\t\t\t\t#gallery-1 .gallery-caption {\n\t\t\t\t\tmargin-left: 0;\n\t\t\t\t}\n\t\t\t\t\/* see gallery_shortcode() in wp-includes\/media.php *\/\n\t\t\t<\/style>\n\t\t<div id='gallery-1' class='dt-gallery-container gallery galleryid-399339 gallery-columns-5 gallery-size-thumbnail'><dl class='gallery-item'>\n\t\t\t\t<dt class='gallery-icon portrait'>\n\t\t\t\t\t<a class=\"rollover rollover-zoom dt-pswp-item\" title=\"6d833e93-c34b-4c73-8a56-c608a60fe045\" data-dt-img-description=\"\" data-large_image_width=\"902\" data-large_image_height=\"1600\"href='https:\/\/www.radiopiu.net\/wordpress\/wp-content\/uploads\/2024\/07\/6d833e93-c34b-4c73-8a56-c608a60fe045.jpg'><img loading=\"lazy\" decoding=\"async\" width=\"150\" height=\"150\" src=\"https:\/\/www.radiopiu.net\/wordpress\/wp-content\/uploads\/2024\/07\/6d833e93-c34b-4c73-8a56-c608a60fe045-150x150.jpg\" class=\"attachment-thumbnail size-thumbnail\" alt=\"\" \/><\/a>\n\t\t\t\t<\/dt><\/dl><dl class='gallery-item'>\n\t\t\t\t<dt class='gallery-icon portrait'>\n\t\t\t\t\t<a class=\"rollover rollover-zoom dt-pswp-item\" title=\"3056e41a-4fcb-413f-9dca-4de541aef72c\" data-dt-img-description=\"\" data-large_image_width=\"902\" data-large_image_height=\"1600\"href='https:\/\/www.radiopiu.net\/wordpress\/wp-content\/uploads\/2024\/07\/3056e41a-4fcb-413f-9dca-4de541aef72c.jpg'><img loading=\"lazy\" decoding=\"async\" width=\"150\" height=\"150\" src=\"https:\/\/www.radiopiu.net\/wordpress\/wp-content\/uploads\/2024\/07\/3056e41a-4fcb-413f-9dca-4de541aef72c-150x150.jpg\" class=\"attachment-thumbnail size-thumbnail\" alt=\"\" \/><\/a>\n\t\t\t\t<\/dt><\/dl><dl class='gallery-item'>\n\t\t\t\t<dt class='gallery-icon portrait'>\n\t\t\t\t\t<a class=\"rollover rollover-zoom dt-pswp-item\" title=\"e1b999cf-6f05-49ac-a9ef-1f48785f3cca\" data-dt-img-description=\"\" data-large_image_width=\"902\" data-large_image_height=\"1600\"href='https:\/\/www.radiopiu.net\/wordpress\/wp-content\/uploads\/2024\/07\/e1b999cf-6f05-49ac-a9ef-1f48785f3cca.jpg'><img loading=\"lazy\" decoding=\"async\" width=\"150\" height=\"150\" src=\"https:\/\/www.radiopiu.net\/wordpress\/wp-content\/uploads\/2024\/07\/e1b999cf-6f05-49ac-a9ef-1f48785f3cca-150x150.jpg\" class=\"attachment-thumbnail size-thumbnail\" alt=\"\" \/><\/a>\n\t\t\t\t<\/dt><\/dl><dl class='gallery-item'>\n\t\t\t\t<dt class='gallery-icon portrait'>\n\t\t\t\t\t<a class=\"rollover rollover-zoom dt-pswp-item\" title=\"074838d3-93f3-43a3-bd17-92efe10536cb\" data-dt-img-description=\"\" data-large_image_width=\"902\" data-large_image_height=\"1600\"href='https:\/\/www.radiopiu.net\/wordpress\/wp-content\/uploads\/2024\/07\/074838d3-93f3-43a3-bd17-92efe10536cb.jpg'><img loading=\"lazy\" decoding=\"async\" width=\"150\" height=\"150\" src=\"https:\/\/www.radiopiu.net\/wordpress\/wp-content\/uploads\/2024\/07\/074838d3-93f3-43a3-bd17-92efe10536cb-150x150.jpg\" class=\"attachment-thumbnail size-thumbnail\" alt=\"\" \/><\/a>\n\t\t\t\t<\/dt><\/dl><dl class='gallery-item'>\n\t\t\t\t<dt class='gallery-icon portrait'>\n\t\t\t\t\t<a class=\"rollover rollover-zoom dt-pswp-item\" title=\"b64a3e68-d27c-4e75-9f35-36c5413f8d1d\" data-dt-img-description=\"\" data-large_image_width=\"902\" data-large_image_height=\"1600\"href='https:\/\/www.radiopiu.net\/wordpress\/wp-content\/uploads\/2024\/07\/b64a3e68-d27c-4e75-9f35-36c5413f8d1d.jpg'><img loading=\"lazy\" decoding=\"async\" width=\"150\" height=\"150\" src=\"https:\/\/www.radiopiu.net\/wordpress\/wp-content\/uploads\/2024\/07\/b64a3e68-d27c-4e75-9f35-36c5413f8d1d-150x150.jpg\" class=\"attachment-thumbnail size-thumbnail\" alt=\"\" \/><\/a>\n\t\t\t\t<\/dt><\/dl><br style=\"clear: both\" \/><dl class='gallery-item'>\n\t\t\t\t<dt class='gallery-icon portrait'>\n\t\t\t\t\t<a class=\"rollover rollover-zoom dt-pswp-item\" title=\"487047cc-2ca9-4f97-b1a0-c775769b6067\" data-dt-img-description=\"\" data-large_image_width=\"902\" data-large_image_height=\"1600\"href='https:\/\/www.radiopiu.net\/wordpress\/wp-content\/uploads\/2024\/07\/487047cc-2ca9-4f97-b1a0-c775769b6067.jpg'><img loading=\"lazy\" decoding=\"async\" width=\"150\" height=\"150\" src=\"https:\/\/www.radiopiu.net\/wordpress\/wp-content\/uploads\/2024\/07\/487047cc-2ca9-4f97-b1a0-c775769b6067-150x150.jpg\" class=\"attachment-thumbnail size-thumbnail\" alt=\"\" \/><\/a>\n\t\t\t\t<\/dt><\/dl><dl class='gallery-item'>\n\t\t\t\t<dt class='gallery-icon portrait'>\n\t\t\t\t\t<a class=\"rollover rollover-zoom dt-pswp-item\" title=\"e66a0692-fb1e-463d-b6c4-73e84cd39004\" data-dt-img-description=\"\" data-large_image_width=\"902\" data-large_image_height=\"1600\"href='https:\/\/www.radiopiu.net\/wordpress\/wp-content\/uploads\/2024\/07\/e66a0692-fb1e-463d-b6c4-73e84cd39004.jpg'><img loading=\"lazy\" decoding=\"async\" width=\"150\" height=\"150\" src=\"https:\/\/www.radiopiu.net\/wordpress\/wp-content\/uploads\/2024\/07\/e66a0692-fb1e-463d-b6c4-73e84cd39004-150x150.jpg\" class=\"attachment-thumbnail size-thumbnail\" alt=\"\" \/><\/a>\n\t\t\t\t<\/dt><\/dl><dl class='gallery-item'>\n\t\t\t\t<dt class='gallery-icon portrait'>\n\t\t\t\t\t<a class=\"rollover rollover-zoom dt-pswp-item\" title=\"a138cfed-3351-4cd2-842f-bf0f8dd3742c\" data-dt-img-description=\"\" data-large_image_width=\"902\" data-large_image_height=\"1600\"href='https:\/\/www.radiopiu.net\/wordpress\/wp-content\/uploads\/2024\/07\/a138cfed-3351-4cd2-842f-bf0f8dd3742c.jpg'><img loading=\"lazy\" decoding=\"async\" width=\"150\" height=\"150\" src=\"https:\/\/www.radiopiu.net\/wordpress\/wp-content\/uploads\/2024\/07\/a138cfed-3351-4cd2-842f-bf0f8dd3742c-150x150.jpg\" class=\"attachment-thumbnail size-thumbnail\" alt=\"\" \/><\/a>\n\t\t\t\t<\/dt><\/dl><dl class='gallery-item'>\n\t\t\t\t<dt class='gallery-icon portrait'>\n\t\t\t\t\t<a class=\"rollover rollover-zoom dt-pswp-item\" title=\"fe940893-4d31-40bb-b566-44b02337ae4a\" data-dt-img-description=\"\" data-large_image_width=\"902\" data-large_image_height=\"1600\"href='https:\/\/www.radiopiu.net\/wordpress\/wp-content\/uploads\/2024\/07\/fe940893-4d31-40bb-b566-44b02337ae4a.jpg'><img loading=\"lazy\" decoding=\"async\" width=\"150\" height=\"150\" src=\"https:\/\/www.radiopiu.net\/wordpress\/wp-content\/uploads\/2024\/07\/fe940893-4d31-40bb-b566-44b02337ae4a-150x150.jpg\" class=\"attachment-thumbnail size-thumbnail\" alt=\"\" \/><\/a>\n\t\t\t\t<\/dt><\/dl><dl class='gallery-item'>\n\t\t\t\t<dt class='gallery-icon portrait'>\n\t\t\t\t\t<a class=\"rollover rollover-zoom dt-pswp-item\" title=\"8a3540ad-db8a-4ddc-8055-4a608028bb8e\" data-dt-img-description=\"\" data-large_image_width=\"902\" data-large_image_height=\"1600\"href='https:\/\/www.radiopiu.net\/wordpress\/wp-content\/uploads\/2024\/07\/8a3540ad-db8a-4ddc-8055-4a608028bb8e.jpg'><img loading=\"lazy\" decoding=\"async\" width=\"150\" height=\"150\" src=\"https:\/\/www.radiopiu.net\/wordpress\/wp-content\/uploads\/2024\/07\/8a3540ad-db8a-4ddc-8055-4a608028bb8e-150x150.jpg\" class=\"attachment-thumbnail size-thumbnail\" alt=\"\" \/><\/a>\n\t\t\t\t<\/dt><\/dl><br style=\"clear: both\" \/>\n\t\t\t<\/div>\n\n<p>&nbsp;<\/p>\n<hr \/>\n<p>&nbsp;<\/p>\n<blockquote>\n<h3>IN UNIONE MONTANA SOLO SINDACI, PRESA DI POSIZIONE DI CHISSALE&#8217;<\/h3>\n<\/blockquote>\n<p><a class=\"dt-pswp-item\" href=\"https:\/\/www.radiopiu.net\/wordpress\/wp-content\/uploads\/2024\/07\/th-5.jpg\" data-dt-img-description=\"\" data-large_image_width=\"240\" data-large_image_height=\"180\"><img loading=\"lazy\" decoding=\"async\" class=\" wp-image-399607 alignleft\" src=\"https:\/\/www.radiopiu.net\/wordpress\/wp-content\/uploads\/2024\/07\/th-5.jpg\" alt=\"\" width=\"131\" height=\"98\" \/><\/a><strong>AGORDO<\/strong>\u00a0 Nel consiglio dell&#8217;Unione Montana il sindaco di Agordo, Roberto Chissal\u00e8, contesta la norma &#8220;E&#8217; sbagliata&#8221;. Il regolamento dell&#8217;Uma, infatti, prevede che in Giunta siano nominati solo sindaci e non assessori o consiglieri. Il sindaco di Agordo parla di anomalia che scarica sulle spalle dei primi cittadini altri impegni senza considerare che ne hanno gi\u00e0 tanti .<\/p>\n<p>&nbsp;<\/p>\n<p><strong>IL SINDACO DI AGORDO, ROBERTO CHISSALE&#8217;<\/strong><\/p>\n<audio class=\"wp-audio-shortcode\" id=\"audio-399339-4\" preload=\"none\" style=\"width: 100%;\" controls=\"controls\"><source type=\"audio\/mpeg\" src=\"https:\/\/www.radiopiu.net\/wordpress\/wp-content\/uploads\/2024\/07\/ROBERTO-CHISSALE-UMA-1.mp3?_=4\" \/><a href=\"https:\/\/www.radiopiu.net\/wordpress\/wp-content\/uploads\/2024\/07\/ROBERTO-CHISSALE-UMA-1.mp3\">https:\/\/www.radiopiu.net\/wordpress\/wp-content\/uploads\/2024\/07\/ROBERTO-CHISSALE-UMA-1.mp3<\/a><\/audio>\n<p>&nbsp;<\/p>\n<p>&nbsp;<\/p>\n<hr \/>\n<p>&nbsp;<\/p>\n<blockquote>\n<h3>BIOPSIA PROSTATICA FUSION ANCHE A BELLUNO<\/h3>\n<\/blockquote>\n<p><strong><a class=\"dt-pswp-item\" href=\"https:\/\/www.radiopiu.net\/wordpress\/wp-content\/uploads\/2024\/07\/WhatsApp-Image-2024-07-13-at-10.24.08.jpeg\" data-dt-img-description=\"\" data-large_image_width=\"1600\" data-large_image_height=\"1200\"><img loading=\"lazy\" decoding=\"async\" class=\" wp-image-399360 alignleft\" src=\"https:\/\/www.radiopiu.net\/wordpress\/wp-content\/uploads\/2024\/07\/WhatsApp-Image-2024-07-13-at-10.24.08-300x225.jpeg\" alt=\"\" width=\"179\" height=\"134\" srcset=\"https:\/\/www.radiopiu.net\/wordpress\/wp-content\/uploads\/2024\/07\/WhatsApp-Image-2024-07-13-at-10.24.08-300x225.jpeg 300w, https:\/\/www.radiopiu.net\/wordpress\/wp-content\/uploads\/2024\/07\/WhatsApp-Image-2024-07-13-at-10.24.08-1024x768.jpeg 1024w, https:\/\/www.radiopiu.net\/wordpress\/wp-content\/uploads\/2024\/07\/WhatsApp-Image-2024-07-13-at-10.24.08-768x576.jpeg 768w, https:\/\/www.radiopiu.net\/wordpress\/wp-content\/uploads\/2024\/07\/WhatsApp-Image-2024-07-13-at-10.24.08-1536x1152.jpeg 1536w, https:\/\/www.radiopiu.net\/wordpress\/wp-content\/uploads\/2024\/07\/WhatsApp-Image-2024-07-13-at-10.24.08.jpeg 1600w\" sizes=\"auto, (max-width: 179px) 100vw, 179px\" \/><\/a>BELLUNO<\/strong> L&#8217;unit\u00e0 operativa di Urologia dell&#8217;Ospedale San Martino di Belluno, diretta da Marcello Repele, ha ricevuto un ecografo avanzato del valore di oltre 50 mila euro, dotato di un software per biopsie prostatiche con tecnica &#8220;Fusion&#8221;. Questa procedura innovativa combina immagini tridimensionali della prostata da un&#8217;ecografia transrettale con quelle di una Risonanza Magnetica Multiparametrica (RMmp) precedente, permettendo una biopsia pi\u00f9 precisa e mirata. La tecnica, eseguita in anestesia locale e in regime ambulatoriale, dura circa trenta minuti e migliora la diagnosi riducendo il numero di prelievi e il rischio di complicanze. Questo aggiornamento tecnologico punta a garantire cure sempre migliori ai pazienti.<\/p>\n<p>&nbsp;<\/p>\n<p>&nbsp;<\/p>\n<hr \/>\n<p>&nbsp;<\/p>\n<blockquote>\n<h3>AUTONOMIA, SOCIALIZZAZIONE ED INCLUSIONE SONO GLI OBIETTIVI ALLA BASE DELLE DIVERSE PROGETTUALIT\u00c0 RIVOLTE ALLE PERSONE CON DIAGNOSI DI DISTURBO DELLO SPETTRO AUTISTICO<\/h3>\n<\/blockquote>\n<p><strong><a class=\"dt-pswp-item\" href=\"https:\/\/www.radiopiu.net\/wordpress\/wp-content\/uploads\/2021\/03\/ULSS-1.jpg\" data-dt-img-description=\"\" data-large_image_width=\"776\" data-large_image_height=\"408\"><img loading=\"lazy\" decoding=\"async\" class=\" wp-image-198838 alignleft\" src=\"https:\/\/www.radiopiu.net\/wordpress\/wp-content\/uploads\/2021\/03\/ULSS-1-300x158.jpg\" alt=\"\" width=\"178\" height=\"94\" srcset=\"https:\/\/www.radiopiu.net\/wordpress\/wp-content\/uploads\/2021\/03\/ULSS-1-300x158.jpg 300w, https:\/\/www.radiopiu.net\/wordpress\/wp-content\/uploads\/2021\/03\/ULSS-1-768x404.jpg 768w, https:\/\/www.radiopiu.net\/wordpress\/wp-content\/uploads\/2021\/03\/ULSS-1.jpg 776w\" sizes=\"auto, (max-width: 178px) 100vw, 178px\" \/><\/a>BELLUNO<\/strong> La Regione Veneto, con le DGR n. 1721 e n. 778\/2023, ha approvato il programma del \u201cFondo per l\u2019inclusione delle persone con disabilit\u00e0\u201d, finanziando l\u2019Azienda ULSS 1 Dolomiti con oltre 534.000 euro per progetti destinati al benessere delle persone con Disturbo dello Spettro Autistico. Questi disturbi del neurosviluppo richiedono interventi personalizzati a causa della variabilit\u00e0 dei sintomi e delle necessit\u00e0 di sostegno. L\u2019ULSS 1 Dolomiti si impegna a potenziare il supporto a questa popolazione, 270 pazienti dai 3 ai 64 anni, attraverso una rete di relazioni comunitarie. Gli interventi, realizzati in collaborazione con il Terzo Settore e altri enti, mirano a promuovere il benessere e l\u2019inclusione sociale. Tavoli di co-progettazione hanno identificato bisogni e preferenze degli utenti, portando a progetti innovativi e inclusivi. Le linee di intervento comprendono voucher sociosanitari, assistenza alla socializzazione, attivit\u00e0 sportive, inclusione lavorativa e formazione per familiari e persone significative.<\/p>\n<p>&nbsp;<\/p>\n<p>&nbsp;<\/p>\n<hr \/>\n<p>&nbsp;<\/p>\n<blockquote>\n<h3>SABATO L&#8217;INAUGURAZIONE DELL&#8217;AUTO A DISPOSIZIONE DELL&#8217;AUSER SOT L&#8217;AGNER<\/h3>\n<\/blockquote>\n<p><strong><a class=\"dt-pswp-item\" href=\"https:\/\/www.radiopiu.net\/wordpress\/wp-content\/uploads\/2024\/07\/0ca1fa7d-c8ec-4381-9ff1-8dca6afac94b.jpg\" data-dt-img-description=\"\" data-large_image_width=\"1500\" data-large_image_height=\"1500\"><img loading=\"lazy\" decoding=\"async\" class=\" wp-image-399432 alignleft\" src=\"https:\/\/www.radiopiu.net\/wordpress\/wp-content\/uploads\/2024\/07\/0ca1fa7d-c8ec-4381-9ff1-8dca6afac94b-300x300.jpg\" alt=\"\" width=\"159\" height=\"159\" srcset=\"https:\/\/www.radiopiu.net\/wordpress\/wp-content\/uploads\/2024\/07\/0ca1fa7d-c8ec-4381-9ff1-8dca6afac94b-300x300.jpg 300w, https:\/\/www.radiopiu.net\/wordpress\/wp-content\/uploads\/2024\/07\/0ca1fa7d-c8ec-4381-9ff1-8dca6afac94b-1024x1024.jpg 1024w, https:\/\/www.radiopiu.net\/wordpress\/wp-content\/uploads\/2024\/07\/0ca1fa7d-c8ec-4381-9ff1-8dca6afac94b-150x150.jpg 150w, https:\/\/www.radiopiu.net\/wordpress\/wp-content\/uploads\/2024\/07\/0ca1fa7d-c8ec-4381-9ff1-8dca6afac94b-768x768.jpg 768w, https:\/\/www.radiopiu.net\/wordpress\/wp-content\/uploads\/2024\/07\/0ca1fa7d-c8ec-4381-9ff1-8dca6afac94b.jpg 1500w\" sizes=\"auto, (max-width: 159px) 100vw, 159px\" \/><\/a>VOLTAGO<\/strong> \u00c8 stata inaugurata e consegnata sabato mattina l&#8217;auto al servizio dell&#8217;Auser Sot L&#8217;Agner. Un mezzo che servir\u00e0 ai volontari per accompagnare gli anziani impossibilitati a spostarsi da soli per visite mediche o altro<\/p>\n<p><strong>IL SINDACO DI VOLTAGO GIUSEPPE SCHENA<\/strong><\/p>\n<audio class=\"wp-audio-shortcode\" id=\"audio-399339-5\" preload=\"none\" style=\"width: 100%;\" controls=\"controls\"><source type=\"audio\/mpeg\" src=\"https:\/\/www.radiopiu.net\/wordpress\/wp-content\/uploads\/2024\/07\/GIUSEPPE-SCHENA-AUTO-AUSER-SOT-LAGNER.mp3?_=5\" \/><a href=\"https:\/\/www.radiopiu.net\/wordpress\/wp-content\/uploads\/2024\/07\/GIUSEPPE-SCHENA-AUTO-AUSER-SOT-LAGNER.mp3\">https:\/\/www.radiopiu.net\/wordpress\/wp-content\/uploads\/2024\/07\/GIUSEPPE-SCHENA-AUTO-AUSER-SOT-LAGNER.mp3<\/a><\/audio>\n<p>&nbsp;<\/p>\n<hr \/>\n<p>&nbsp;<\/p>\n<blockquote>\n<h3>LE ACHISTAR SIAMO NOI<\/h3>\n<\/blockquote>\n<p><strong>FELTRE<\/strong> Il Laboratorio di Urbanistica Tattica &#8220;Le Archistar siamo noi&#8221;, organizzato dall&#8217;Universit\u00e0 Iuav di Venezia e finanziato dal progetto &#8220;Tutta un&#8217;altra storia!&#8221;, si \u00e8 recentemente concluso a Feltre. Svoltosi dal 4 al 7 luglio, ha coinvolto le giovani generazioni nella reimmaginazione degli spazi urbani. Utilizzando l&#8217;app Kobo Collect di UN-Habitat, i partecipanti hanno esplorato la citt\u00e0, raccolto dati e proposto idee innovative per migliorare luoghi come il quartiere Boscariz e il parco di Farra. Attraverso attivit\u00e0 ludiche e teatrali, i ragazzi hanno espresso creativit\u00e0, immaginando una citt\u00e0 pi\u00f9 colorata e inclusiva. Il team Iuav ha facilitato un laboratorio di co-progettazione aperto alla cittadinanza, sintetizzando le idee in una &#8220;Tavola strategica degli interventi di urbanistica tattica&#8221;. I prossimi passi includono la realizzazione di interventi tattici dal 25 al 28 luglio, coinvolgendo la comunit\u00e0 locale.<\/p>\n\n\t\t\t<style type='text\/css'>\n\t\t\t\t#gallery-2 {\n\t\t\t\t\tmargin: auto;\n\t\t\t\t}\n\t\t\t\t#gallery-2 .gallery-item {\n\t\t\t\t\tfloat: left;\n\t\t\t\t\tmargin-top: 10px;\n\t\t\t\t\ttext-align: center;\n\t\t\t\t\twidth: 50%;\n\t\t\t\t}\n\t\t\t\t#gallery-2 img {\n\t\t\t\t\tborder: 2px solid #cfcfcf;\n\t\t\t\t}\n\t\t\t\t#gallery-2 .gallery-caption {\n\t\t\t\t\tmargin-left: 0;\n\t\t\t\t}\n\t\t\t\t\/* see gallery_shortcode() in wp-includes\/media.php *\/\n\t\t\t<\/style>\n\t\t<div id='gallery-2' class='dt-gallery-container gallery galleryid-399339 gallery-columns-2 gallery-size-medium'><dl class='gallery-item'>\n\t\t\t\t<dt class='gallery-icon landscape'>\n\t\t\t\t\t<a class=\"rollover rollover-zoom dt-pswp-item\" title=\"Caserma Zannettelli\" data-dt-img-description=\"\" data-large_image_width=\"1600\" data-large_image_height=\"1200\"href='https:\/\/www.radiopiu.net\/wordpress\/wp-content\/uploads\/2024\/07\/Caserma-Zannettelli.jpeg'><img loading=\"lazy\" decoding=\"async\" width=\"300\" height=\"225\" src=\"https:\/\/www.radiopiu.net\/wordpress\/wp-content\/uploads\/2024\/07\/Caserma-Zannettelli-300x225.jpeg\" class=\"attachment-medium size-medium\" alt=\"\" srcset=\"https:\/\/www.radiopiu.net\/wordpress\/wp-content\/uploads\/2024\/07\/Caserma-Zannettelli-300x225.jpeg 300w, https:\/\/www.radiopiu.net\/wordpress\/wp-content\/uploads\/2024\/07\/Caserma-Zannettelli-1024x768.jpeg 1024w, https:\/\/www.radiopiu.net\/wordpress\/wp-content\/uploads\/2024\/07\/Caserma-Zannettelli-768x576.jpeg 768w, https:\/\/www.radiopiu.net\/wordpress\/wp-content\/uploads\/2024\/07\/Caserma-Zannettelli-1536x1152.jpeg 1536w, https:\/\/www.radiopiu.net\/wordpress\/wp-content\/uploads\/2024\/07\/Caserma-Zannettelli.jpeg 1600w\" sizes=\"auto, (max-width: 300px) 100vw, 300px\" \/><\/a>\n\t\t\t\t<\/dt><\/dl><dl class='gallery-item'>\n\t\t\t\t<dt class='gallery-icon landscape'>\n\t\t\t\t\t<a class=\"rollover rollover-zoom dt-pswp-item\" title=\"oplus_0\" data-dt-img-description=\"\" data-large_image_width=\"2560\" data-large_image_height=\"1440\"href='https:\/\/www.radiopiu.net\/wordpress\/wp-content\/uploads\/2024\/07\/Boscariz-scaled.jpg'><img loading=\"lazy\" decoding=\"async\" width=\"300\" height=\"169\" src=\"https:\/\/www.radiopiu.net\/wordpress\/wp-content\/uploads\/2024\/07\/Boscariz-300x169.jpg\" class=\"attachment-medium size-medium\" alt=\"\" srcset=\"https:\/\/www.radiopiu.net\/wordpress\/wp-content\/uploads\/2024\/07\/Boscariz-300x169.jpg 300w, https:\/\/www.radiopiu.net\/wordpress\/wp-content\/uploads\/2024\/07\/Boscariz-1024x576.jpg 1024w, https:\/\/www.radiopiu.net\/wordpress\/wp-content\/uploads\/2024\/07\/Boscariz-768x432.jpg 768w, https:\/\/www.radiopiu.net\/wordpress\/wp-content\/uploads\/2024\/07\/Boscariz-1536x864.jpg 1536w, https:\/\/www.radiopiu.net\/wordpress\/wp-content\/uploads\/2024\/07\/Boscariz-2048x1152.jpg 2048w\" sizes=\"auto, (max-width: 300px) 100vw, 300px\" \/><\/a>\n\t\t\t\t<\/dt><\/dl><br style=\"clear: both\" \/>\n\t\t\t<\/div>\n\n<p>&nbsp;<\/p>\n<hr \/>\n<p>&nbsp;<\/p>\n<blockquote>\n<h3>WORKSHOP ESTIVI A BELLUNO<\/h3>\n<\/blockquote>\n<p><strong>BELLUNO<\/strong> L&#8217;estate dilata il tempo, con giornate pi\u00f9 lunghe e meno impegni, e il Museo civico di Palazzo Fulcis a Belluno propone \u201cRe-state al Museo\u201d per sfruttare al meglio questo periodo. Quattro sabati, dal 20 luglio al 10 agosto, offrono laboratori, workshop e letture per bambini, ragazzi e adulti, curati da TADALab. Gli eventi includono &#8220;Collage al Museo&#8221;, &#8220;Letture al Museo&#8221;, &#8220;Alla scoperta di Palazzo Fulcis&#8221; e &#8220;Dalla scultura all\u2019argilla&#8221;. Le attivit\u00e0, con costi variabili, richiedono prenotazione e sono soggette a posti limitati.<\/p>\n<p>&nbsp;<\/p>\n<p>&nbsp;<\/p>\n<hr \/>\n<p>&nbsp;<\/p>\n<h2><span style=\"color: #ff0000;\">CONSIGLI COMUNALI IN AGORDINO<\/span><\/h2>\n<p><strong>LIVINALLONGO<\/strong> Il sindaco Oscar Nagler ha convocato il consiglio comunale per oggi alle 20:30. Sono sette i punti in discussione tra cui la nomina dei rappresentanti del comune presso enti aziende ed istituzioni, la nomina dei rappresentanti per il consiglio dell&#8217;Unione Montana Agordina, una variazione a bilancio e la monetizzazione delle aree per dotazioni territoriali in seguito ad un intervento di ampliamento di un&#8217;unit\u00e0 commerciale ad Arabba.<\/p>\n<p><strong>LA VALLE <\/strong>Consiglio comunale gioved\u00ec alle 18:30. Sette punti in programma tra cui la nomina dei rappresentanti per il consiglio dell&#8217;Unione Montana Agordina, il bilnacio di previsione 2024\/2026, la presentazione del DUP e l&#8217;approvazione del bilancio di ASCA.<\/p>\n<p>&nbsp;<\/p>\n<p>&nbsp;<\/p>\n<hr \/>\n<p>&nbsp;<\/p>\n<blockquote>\n<h3>INAUGURATA LA MOSTRA FOTOGRAFICA &#8220;ARIA D&#8217;INVERN&#8221;<\/h3>\n<\/blockquote>\n<p><strong>CENCENIGHE<\/strong> \u00c8 stata inaugurata al Nof Fil\u00f2 di Cencenighe la mostra fotografica &#8220;Aria D&#8217;Invern&#8221; con una raccolta di foto arrivate da tutto l&#8217;Agordino che rappresentano i paesaggi invenali.<\/p>\n<p><strong>LE INTERVISTE DI MARINA DONA&#8217;<\/strong><\/p>\n<audio class=\"wp-audio-shortcode\" id=\"audio-399339-6\" preload=\"none\" style=\"width: 100%;\" controls=\"controls\"><source type=\"audio\/mpeg\" src=\"https:\/\/www.radiopiu.net\/wordpress\/wp-content\/uploads\/2024\/07\/MARINA-INTERVISTE-MOSTRA.mp3?_=6\" \/><a href=\"https:\/\/www.radiopiu.net\/wordpress\/wp-content\/uploads\/2024\/07\/MARINA-INTERVISTE-MOSTRA.mp3\">https:\/\/www.radiopiu.net\/wordpress\/wp-content\/uploads\/2024\/07\/MARINA-INTERVISTE-MOSTRA.mp3<\/a><\/audio>\n<p>&nbsp;<\/p>\n\n\t\t\t<style type='text\/css'>\n\t\t\t\t#gallery-3 {\n\t\t\t\t\tmargin: auto;\n\t\t\t\t}\n\t\t\t\t#gallery-3 .gallery-item {\n\t\t\t\t\tfloat: left;\n\t\t\t\t\tmargin-top: 10px;\n\t\t\t\t\ttext-align: center;\n\t\t\t\t\twidth: 14%;\n\t\t\t\t}\n\t\t\t\t#gallery-3 img {\n\t\t\t\t\tborder: 2px solid #cfcfcf;\n\t\t\t\t}\n\t\t\t\t#gallery-3 .gallery-caption {\n\t\t\t\t\tmargin-left: 0;\n\t\t\t\t}\n\t\t\t\t\/* see gallery_shortcode() in wp-includes\/media.php *\/\n\t\t\t<\/style>\n\t\t<div id='gallery-3' class='dt-gallery-container gallery galleryid-399339 gallery-columns-7 gallery-size-thumbnail'><dl class='gallery-item'>\n\t\t\t\t<dt class='gallery-icon landscape'>\n\t\t\t\t\t<a class=\"rollover\" href='https:\/\/www.radiopiu.net\/wordpress\/inaugurata-la-mostra-fotografica-aria-dinvern\/7291bd78-8dd1-487a-ab00-9d924aaab3f8\/'><img loading=\"lazy\" decoding=\"async\" width=\"150\" height=\"150\" src=\"https:\/\/www.radiopiu.net\/wordpress\/wp-content\/uploads\/2024\/07\/7291bd78-8dd1-487a-ab00-9d924aaab3f8-150x150.jpg\" class=\"attachment-thumbnail size-thumbnail\" alt=\"\" \/><\/a>\n\t\t\t\t<\/dt><\/dl><dl class='gallery-item'>\n\t\t\t\t<dt class='gallery-icon landscape'>\n\t\t\t\t\t<a class=\"rollover\" href='https:\/\/www.radiopiu.net\/wordpress\/inaugurata-la-mostra-fotografica-aria-dinvern\/79860ac9-90ae-4640-80c9-ea135dc56268\/'><img loading=\"lazy\" decoding=\"async\" width=\"150\" height=\"150\" src=\"https:\/\/www.radiopiu.net\/wordpress\/wp-content\/uploads\/2024\/07\/79860ac9-90ae-4640-80c9-ea135dc56268-150x150.jpg\" class=\"attachment-thumbnail size-thumbnail\" alt=\"\" \/><\/a>\n\t\t\t\t<\/dt><\/dl><dl class='gallery-item'>\n\t\t\t\t<dt class='gallery-icon landscape'>\n\t\t\t\t\t<a class=\"rollover\" href='https:\/\/www.radiopiu.net\/wordpress\/inaugurata-la-mostra-fotografica-aria-dinvern\/a1c6f37a-e298-4bdc-9a32-ad2ff0f7745e\/'><img loading=\"lazy\" decoding=\"async\" width=\"150\" height=\"150\" src=\"https:\/\/www.radiopiu.net\/wordpress\/wp-content\/uploads\/2024\/07\/a1c6f37a-e298-4bdc-9a32-ad2ff0f7745e-150x150.jpg\" class=\"attachment-thumbnail size-thumbnail\" alt=\"\" \/><\/a>\n\t\t\t\t<\/dt><\/dl><dl class='gallery-item'>\n\t\t\t\t<dt class='gallery-icon landscape'>\n\t\t\t\t\t<a class=\"rollover\" href='https:\/\/www.radiopiu.net\/wordpress\/inaugurata-la-mostra-fotografica-aria-dinvern\/0a97c825-0dc1-45c4-bcbe-0453e271d87a\/'><img loading=\"lazy\" decoding=\"async\" width=\"150\" height=\"150\" src=\"https:\/\/www.radiopiu.net\/wordpress\/wp-content\/uploads\/2024\/07\/0a97c825-0dc1-45c4-bcbe-0453e271d87a-150x150.jpg\" class=\"attachment-thumbnail size-thumbnail\" alt=\"\" \/><\/a>\n\t\t\t\t<\/dt><\/dl><dl class='gallery-item'>\n\t\t\t\t<dt class='gallery-icon landscape'>\n\t\t\t\t\t<a class=\"rollover\" href='https:\/\/www.radiopiu.net\/wordpress\/inaugurata-la-mostra-fotografica-aria-dinvern\/ecca8508-572b-4f04-bb42-77abef3d638b\/'><img loading=\"lazy\" decoding=\"async\" width=\"150\" height=\"150\" src=\"https:\/\/www.radiopiu.net\/wordpress\/wp-content\/uploads\/2024\/07\/ecca8508-572b-4f04-bb42-77abef3d638b-150x150.jpg\" class=\"attachment-thumbnail size-thumbnail\" alt=\"\" \/><\/a>\n\t\t\t\t<\/dt><\/dl><dl class='gallery-item'>\n\t\t\t\t<dt class='gallery-icon landscape'>\n\t\t\t\t\t<a class=\"rollover\" href='https:\/\/www.radiopiu.net\/wordpress\/inaugurata-la-mostra-fotografica-aria-dinvern\/d33642c3-83cd-45e4-b68d-56225c11200b\/'><img loading=\"lazy\" decoding=\"async\" width=\"150\" height=\"150\" src=\"https:\/\/www.radiopiu.net\/wordpress\/wp-content\/uploads\/2024\/07\/d33642c3-83cd-45e4-b68d-56225c11200b-150x150.jpg\" class=\"attachment-thumbnail size-thumbnail\" alt=\"\" \/><\/a>\n\t\t\t\t<\/dt><\/dl><dl class='gallery-item'>\n\t\t\t\t<dt class='gallery-icon landscape'>\n\t\t\t\t\t<a class=\"rollover\" href='https:\/\/www.radiopiu.net\/wordpress\/inaugurata-la-mostra-fotografica-aria-dinvern\/dc5a7ee3-aa5d-4149-b930-952a39f2e650\/'><img loading=\"lazy\" decoding=\"async\" width=\"150\" height=\"150\" src=\"https:\/\/www.radiopiu.net\/wordpress\/wp-content\/uploads\/2024\/07\/dc5a7ee3-aa5d-4149-b930-952a39f2e650-150x150.jpg\" class=\"attachment-thumbnail size-thumbnail\" alt=\"\" \/><\/a>\n\t\t\t\t<\/dt><\/dl><br style=\"clear: both\" \/>\n\t\t\t<\/div>\n\n<p>&nbsp;<\/p>\n<hr \/>\n<p>&nbsp;<\/p>\n<blockquote>\n<h2>CARMEN MIONE, 41 ANNI ALL&#8217;AIL<\/h2>\n<\/blockquote>\n<p><strong><a class=\"dt-pswp-item\" href=\"https:\/\/www.radiopiu.net\/wordpress\/wp-content\/uploads\/2024\/07\/39f37094-797b-48b0-805d-d3ec95ac7947.jpg\" data-dt-img-description=\"\" data-large_image_width=\"1600\" data-large_image_height=\"1200\"><img loading=\"lazy\" decoding=\"async\" class=\" wp-image-399581 alignleft\" src=\"https:\/\/www.radiopiu.net\/wordpress\/wp-content\/uploads\/2024\/07\/39f37094-797b-48b0-805d-d3ec95ac7947-300x225.jpg\" alt=\"\" width=\"201\" height=\"151\" srcset=\"https:\/\/www.radiopiu.net\/wordpress\/wp-content\/uploads\/2024\/07\/39f37094-797b-48b0-805d-d3ec95ac7947-300x225.jpg 300w, https:\/\/www.radiopiu.net\/wordpress\/wp-content\/uploads\/2024\/07\/39f37094-797b-48b0-805d-d3ec95ac7947-1024x768.jpg 1024w, https:\/\/www.radiopiu.net\/wordpress\/wp-content\/uploads\/2024\/07\/39f37094-797b-48b0-805d-d3ec95ac7947-768x576.jpg 768w, https:\/\/www.radiopiu.net\/wordpress\/wp-content\/uploads\/2024\/07\/39f37094-797b-48b0-805d-d3ec95ac7947-1536x1152.jpg 1536w, https:\/\/www.radiopiu.net\/wordpress\/wp-content\/uploads\/2024\/07\/39f37094-797b-48b0-805d-d3ec95ac7947.jpg 1600w\" sizes=\"auto, (max-width: 201px) 100vw, 201px\" \/><\/a>DI MIRKO MEZZACASA<\/strong><\/p>\n<p>OSPITE: Carmen Mione<\/p>\n<audio class=\"wp-audio-shortcode\" id=\"audio-399339-7\" preload=\"none\" style=\"width: 100%;\" controls=\"controls\"><source type=\"audio\/mpeg\" src=\"https:\/\/www.radiopiu.net\/wordpress\/wp-content\/uploads\/2024\/07\/CARMEN-MIONE-AIL-BELLUNO.mp3?_=7\" \/><a href=\"https:\/\/www.radiopiu.net\/wordpress\/wp-content\/uploads\/2024\/07\/CARMEN-MIONE-AIL-BELLUNO.mp3\">https:\/\/www.radiopiu.net\/wordpress\/wp-content\/uploads\/2024\/07\/CARMEN-MIONE-AIL-BELLUNO.mp3<\/a><\/audio>\n<p>&nbsp;<\/p>\n<p>&nbsp;<\/p>\n<p>&nbsp;<\/p>\n<hr \/>\n<p>&nbsp;<\/p>\n<blockquote>\n<h3>IL BELLUNO PRIDE UNISCE TUTTI<\/h3>\n<\/blockquote>\n<p><strong>BELLUNO<\/strong> Si \u00e8 tenuta la seconda edizione del Belluno Pride, evento fondamentale per le battaglie della Rete degli Studenti Medi Belluno-Feltre. Laura Faoro, coordinatrice della Rete, ha sottolineato l&#8217;importanza della libert\u00e0 di espressione e ha criticato il provincialismo della provincia di Belluno e le dichiarazioni offensive di alcuni politici locali. Serena De Marchi della Rete Studenti Veneto ha evidenziato la mancanza di educazione inclusiva nelle scuole e la necessit\u00e0 di misure come la carriera alias per studenti transgender, gi\u00e0 presente in una scuola della provincia. Gli studenti continueranno a lottare per un mondo pi\u00f9 giusto e inclusivo.<\/p>\n<p>&nbsp;<\/p>\n<blockquote class=\"wp-embedded-content\" data-secret=\"feqNbs6Cm0\"><p><a href=\"https:\/\/www.radiopiu.net\/wordpress\/belluno-pride-2024-gli-infiniti-colori-delle-dolomiti-gli-aggiornamenti\/\">BELLUNO PRIDE 2024, GLI INFINITI COLORI DELLE DOLOMITI &#8211; GLI AGGIORNAMENTI<\/a><\/p><\/blockquote>\n<p><iframe loading=\"lazy\" class=\"wp-embedded-content\" sandbox=\"allow-scripts\" security=\"restricted\" style=\"position: absolute; clip: rect(1px, 1px, 1px, 1px);\" title=\"&#8220;BELLUNO PRIDE 2024, GLI INFINITI COLORI DELLE DOLOMITI &#8211; GLI AGGIORNAMENTI&#8221; &#8212; Radio Pi\u00f9\" src=\"https:\/\/www.radiopiu.net\/wordpress\/belluno-pride-2024-gli-infiniti-colori-delle-dolomiti-gli-aggiornamenti\/embed\/#?secret=SVQ0HYLBph#?secret=feqNbs6Cm0\" data-secret=\"feqNbs6Cm0\" width=\"600\" height=\"338\" frameborder=\"0\" marginwidth=\"0\" marginheight=\"0\" scrolling=\"no\"><\/iframe><\/p>\n<p>&nbsp;<\/p>\n<hr \/>\n<p>&nbsp;<\/p>\n<blockquote>\n<h3>LA PRESENTAZIONE DEL LIBRO DI VITTORIO FENTI<\/h3>\n<\/blockquote>\n<p><strong>CANALE D&#8217;AGORDO<\/strong> Al Bar Colmean di Canale D&#8217;Agordo la presentazione del libro del geologo Vittorio Fenti.<\/p>\n<p><strong>LA DIRETTA RADIO PIU&#8217;<\/strong><\/p>\n<p><iframe loading=\"lazy\" title=\"LA PRESENTAZIONE DEL LIBRO DI VITTORIO FENTI A COLMEAN DI CANALE D&#039;AGORDO\" width=\"1200\" height=\"900\" src=\"https:\/\/www.youtube.com\/embed\/Yk4TkHmvg4c?feature=oembed\" frameborder=\"0\" allow=\"accelerometer; autoplay; clipboard-write; encrypted-media; gyroscope; picture-in-picture; web-share\" referrerpolicy=\"strict-origin-when-cross-origin\" allowfullscreen><\/iframe><\/p>\n<p>&nbsp;<\/p>\n<hr \/>\n<p>&nbsp;<\/p>\n<blockquote>\n<h3>SOSPIROLO TRA LEGGENDE E MISTERI<\/h3>\n<\/blockquote>\n<p><strong><a class=\"dt-pswp-item\" href=\"https:\/\/www.radiopiu.net\/wordpress\/wp-content\/uploads\/2024\/07\/premiati-23-scaled.jpeg\" data-dt-img-description=\"\" data-large_image_width=\"2560\" data-large_image_height=\"1707\"><img loading=\"lazy\" decoding=\"async\" class=\" wp-image-398974 alignleft\" src=\"https:\/\/www.radiopiu.net\/wordpress\/wp-content\/uploads\/2024\/07\/premiati-23-300x200.jpeg\" alt=\"\" width=\"158\" height=\"105\" srcset=\"https:\/\/www.radiopiu.net\/wordpress\/wp-content\/uploads\/2024\/07\/premiati-23-300x200.jpeg 300w, https:\/\/www.radiopiu.net\/wordpress\/wp-content\/uploads\/2024\/07\/premiati-23-1024x683.jpeg 1024w, https:\/\/www.radiopiu.net\/wordpress\/wp-content\/uploads\/2024\/07\/premiati-23-768x512.jpeg 768w, https:\/\/www.radiopiu.net\/wordpress\/wp-content\/uploads\/2024\/07\/premiati-23-1536x1024.jpeg 1536w, https:\/\/www.radiopiu.net\/wordpress\/wp-content\/uploads\/2024\/07\/premiati-23-2048x1365.jpeg 2048w\" sizes=\"auto, (max-width: 158px) 100vw, 158px\" \/><\/a>SOSPIROLO<\/strong> La Pro loco &#8220;Monti del Sole&#8221; e il Comune di Sospirolo indicono la 15esima edizione del concorso letterario \u201cSospirolo tra leggende e misteri\u201d, dedicato allo zodiaco e alla figura di Girolamo Segato. Il concorso, aperto ai nati e\/o residenti nel Triveneto, invita a scrivere racconti brevi inediti sul tema dello zodiaco, comprendendo aspetti astronomici, mitici e antropologici. Due le sezioni: A) per singoli di 6-14 anni o lavori scolastici di gruppo, e B) per partecipanti dai 15 anni. Premi in denaro fino a 500 euro e attestati di partecipazione. I vincitori saranno pubblicati su &#8220;il Veses&#8221;. Scadenza: 19 ottobre. Info su <a href=\"http:\/\/www.sospirolo.net\" target=\"_new\" rel=\"noreferrer noopener\">www.sospirolo.net<\/a>.<\/p>\n<p>&nbsp;<\/p>\n<hr \/>\n<p>&nbsp;<\/p>\n<blockquote>\n<h3>SOSPIROLO DI SOSTENIBILITA&#8217;<\/h3>\n<\/blockquote>\n<p><strong><a class=\"dt-pswp-item\" href=\"https:\/\/www.radiopiu.net\/wordpress\/wp-content\/uploads\/2024\/07\/SCR-20240713-mmjm.png\" data-dt-img-description=\"\" data-large_image_width=\"1372\" data-large_image_height=\"720\"><img loading=\"lazy\" decoding=\"async\" class=\" wp-image-399394 alignleft\" src=\"https:\/\/www.radiopiu.net\/wordpress\/wp-content\/uploads\/2024\/07\/SCR-20240713-mmjm-300x157.png\" alt=\"\" width=\"170\" height=\"89\" srcset=\"https:\/\/www.radiopiu.net\/wordpress\/wp-content\/uploads\/2024\/07\/SCR-20240713-mmjm-300x157.png 300w, https:\/\/www.radiopiu.net\/wordpress\/wp-content\/uploads\/2024\/07\/SCR-20240713-mmjm-1024x537.png 1024w, https:\/\/www.radiopiu.net\/wordpress\/wp-content\/uploads\/2024\/07\/SCR-20240713-mmjm-768x403.png 768w, https:\/\/www.radiopiu.net\/wordpress\/wp-content\/uploads\/2024\/07\/SCR-20240713-mmjm.png 1372w\" sizes=\"auto, (max-width: 170px) 100vw, 170px\" \/><\/a>SOSPIROLO<\/strong> La Biblioteca del Comune di Sospirolo e i volontari del programma ESC &#8220;Together against food waste&#8221; organizzano una mini-rassegna cineforum per sensibilizzare sui temi del cambiamento climatico e degli sprechi alimentari. Rivolta a bambini e ragazzi dagli 8 anni, l&#8217;iniziativa include la proiezione gratuita di film come &#8220;Koda, fratello orso&#8221;, &#8220;Wall-e&#8221; e &#8220;2024: un pianeta da salvare&#8221;. Gli eventi, che si terranno dal 18 al 20 luglio, prevedono laboratori manuali, attivit\u00e0 di ricerca nel bosco e costruzione di aquiloni. Partecipano animatori internazionali che favoriranno conversazioni in inglese. Le attivit\u00e0 culminano con un brunch comunitario sabato mattina.<\/p>\n<p>&nbsp;<\/p>\n<p>&nbsp;<\/p>\n<hr \/>\n<p>&nbsp;<\/p>\n<div>\n<blockquote>\n<h2><img loading=\"lazy\" decoding=\"async\" class=\"alignleft\" src=\"https:\/\/www.radiopiu.net\/wordpress\/wp-content\/uploads\/2024\/07\/Senza-nome-28.png\" width=\"162\" height=\"118\" \/><\/h2>\n<h2><strong>Festeggiamenti Bicentenario Cavalier Don Antonio Della Lucia<\/strong><\/h2>\n<\/blockquote>\n<p><strong>CANALE D&#8217;AGORDO<\/strong> La Fondazione Papa Luciani, con Comune e Parrocchia di Canale d&#8217;Agordo, organizza i festeggiamenti conclusivi per il bicentenario della nascita del Cavalier Don Antonio Della Lucia, il 19 luglio 2024 a Canale d&#8217;Agordo e Caviola di Falcade.<\/p>\n<\/div>\n<div>\u00a0LORIS SERAFINI \u00a0direttore della Fondazione Papa Luciani di\u00a0<b>Canale<\/b>\u00a0<b>d<\/b>\u2019<b>Agordo<\/b><br \/>\n<audio class=\"wp-audio-shortcode\" id=\"audio-399339-8\" preload=\"none\" style=\"width: 100%;\" controls=\"controls\"><source type=\"audio\/mpeg\" src=\"https:\/\/www.radiopiu.net\/wordpress\/wp-content\/uploads\/2024\/07\/loris-serafini-don-antonio.mp3?_=8\" \/><a href=\"https:\/\/www.radiopiu.net\/wordpress\/wp-content\/uploads\/2024\/07\/loris-serafini-don-antonio.mp3\">https:\/\/www.radiopiu.net\/wordpress\/wp-content\/uploads\/2024\/07\/loris-serafini-don-antonio.mp3<\/a><\/audio>\n<\/div>\n<div><\/div>\n<div><\/div>\n<div>\n<hr \/>\n<\/div>\n<div><\/div>\n<blockquote>\n<h2>UNA CONFERENZA SUL GIORNALISMO DI IERI E DI OGGI IN RICORDO DI SERGIO SOMMACAL<\/h2>\n<\/blockquote>\n<div><\/div>\n<div>\n<p>******<\/p>\n<p>&nbsp;<\/p>\n<p><strong><a class=\"dt-pswp-item\" href=\"https:\/\/www.radiopiu.net\/wordpress\/wp-content\/uploads\/2024\/07\/Sergio-Sommacal.jpg\" data-dt-img-description=\"\" data-large_image_width=\"689\" data-large_image_height=\"879\"><img loading=\"lazy\" decoding=\"async\" class=\" wp-image-399256 alignleft\" src=\"https:\/\/www.radiopiu.net\/wordpress\/wp-content\/uploads\/2024\/07\/Sergio-Sommacal-235x300.jpg\" alt=\"\" width=\"155\" height=\"198\" srcset=\"https:\/\/www.radiopiu.net\/wordpress\/wp-content\/uploads\/2024\/07\/Sergio-Sommacal-235x300.jpg 235w, https:\/\/www.radiopiu.net\/wordpress\/wp-content\/uploads\/2024\/07\/Sergio-Sommacal.jpg 689w\" sizes=\"auto, (max-width: 155px) 100vw, 155px\" \/><\/a>DI LORIS SANTOMASO<\/strong><\/p>\n<p><strong>AGORDO <\/strong>Un giornalismo d\u2019altri tempi, un giornalista d\u2019altri tempi. Omaggio a una persona intelligente, ironica e gentile e cronista preparato, serio e onesto, bellunese di origine e agordino di elezione. Gioved\u00ec 18 luglio, alle 17.30, nella sala don Tamis di via 27 aprile, Agordo propone un momento di riflessione sul mondo dell\u2019informazione, radicalmente cambiato (non certo in meglio\u2026) in questi anni; e lo fa attraverso una figura particolare del Bellunese: Sergio Sommacal, mancato il 20 marzo 2023, a 82 anni di et\u00e0, dopo una vita spesa professionalmente al Gazzettino, dalla redazione di <a class=\"dt-pswp-item\" href=\"https:\/\/www.radiopiu.net\/wordpress\/wp-content\/uploads\/2024\/07\/locandina-sergio-sommacal-18.07.2024-A4-scaled.jpg\" data-dt-img-description=\"\" data-large_image_width=\"1810\" data-large_image_height=\"2560\"><img loading=\"lazy\" decoding=\"async\" class=\"size-medium wp-image-399648 alignright\" src=\"https:\/\/www.radiopiu.net\/wordpress\/wp-content\/uploads\/2024\/07\/locandina-sergio-sommacal-18.07.2024-A4-212x300.jpg\" alt=\"\" width=\"212\" height=\"300\" srcset=\"https:\/\/www.radiopiu.net\/wordpress\/wp-content\/uploads\/2024\/07\/locandina-sergio-sommacal-18.07.2024-A4-212x300.jpg 212w, https:\/\/www.radiopiu.net\/wordpress\/wp-content\/uploads\/2024\/07\/locandina-sergio-sommacal-18.07.2024-A4-724x1024.jpg 724w, https:\/\/www.radiopiu.net\/wordpress\/wp-content\/uploads\/2024\/07\/locandina-sergio-sommacal-18.07.2024-A4-768x1086.jpg 768w, https:\/\/www.radiopiu.net\/wordpress\/wp-content\/uploads\/2024\/07\/locandina-sergio-sommacal-18.07.2024-A4-1086x1536.jpg 1086w, https:\/\/www.radiopiu.net\/wordpress\/wp-content\/uploads\/2024\/07\/locandina-sergio-sommacal-18.07.2024-A4-1448x2048.jpg 1448w, https:\/\/www.radiopiu.net\/wordpress\/wp-content\/uploads\/2024\/07\/locandina-sergio-sommacal-18.07.2024-A4-scaled.jpg 1810w\" sizes=\"auto, (max-width: 212px) 100vw, 212px\" \/><\/a>Belluno a quelle di Pordenone e Padova, per approdare poi alla sede centrale di Venezia, sempre con incarichi di assoluto rilievo (a fianco del grande direttore Giorgio Lago), chiudendo infine la carriera con il ritorno nella sua Belluno a capo della redazione e poi in pensione. \u201cSotto la notizia, niente. Giornalismo di ieri e di oggi a confronto, in ricordo di Sergio Sommacal, uno di noi\u201d \u00e8 il titolo dell\u2019incontro di Agordo (dove Sergio era di casa: qui conobbe Massimina Milone, che poi avrebbe sposato) che si propone di analizzare il degrado di un mondo dell\u2019informazione oggi pesantemente inquinato dai social, e in pesante crisi di credibilit\u00e0. Lo far\u00e0 attraverso le autorevoli testimonianze di due colleghi che hanno lavorato a lungo a fianco di Sergio, Sergio Frigo e Francesco Jori, e che proporranno le sostanziali differenze tra due modi di fare informazione. L\u2019incontro, aperto a tutti, \u00e8 promosso, con il patrocinio del Comune di Agordo, dalla Biblioteca civica e dal Circolo culturale Agordino, nonch\u00e9 dal Circolo Auser \u201cEl Br\u00f3i\u201d e dalla Sezione Agordina del Cai (di cui Sergio fu sempre fedele socio e sostenitore), dall\u2019Associazione della stampa bellunese e da RadioPi\u00f9. Prima dell\u2019atteso intervento di Frigo e di Jori, ci saranno i saluti introduttivi degli organizzatori e il ricordo degli amici e colleghi di Sergio, Dino Bridda e Loris Santomaso. Saranno presenti anche i figli di Sergio, Stefania e Sara (che vivono a Bologna) e Silvano ritornato per un breve periodo dall\u2019Australia dove \u00e8 emigrato per lavoro ormai da anni.<\/p>\n<p>&nbsp;<\/p>\n<\/div>\n<div><\/div>\n<div><\/div>\n<hr \/>\n<p>&nbsp;<\/p>\n<blockquote><p>&nbsp;<\/p>\n<p><strong><a class=\"dt-pswp-item\" href=\"https:\/\/www.radiopiu.net\/wordpress\/wp-content\/uploads\/2024\/07\/SGUBIADA.jpg\" data-dt-img-description=\"\" data-large_image_width=\"807\" data-large_image_height=\"610\"><img loading=\"lazy\" decoding=\"async\" class=\" wp-image-398854 alignleft\" src=\"https:\/\/www.radiopiu.net\/wordpress\/wp-content\/uploads\/2024\/07\/SGUBIADA-300x227.jpg\" alt=\"\" width=\"182\" height=\"138\" srcset=\"https:\/\/www.radiopiu.net\/wordpress\/wp-content\/uploads\/2024\/07\/SGUBIADA-300x227.jpg 300w, https:\/\/www.radiopiu.net\/wordpress\/wp-content\/uploads\/2024\/07\/SGUBIADA-768x581.jpg 768w, https:\/\/www.radiopiu.net\/wordpress\/wp-content\/uploads\/2024\/07\/SGUBIADA.jpg 807w\" sizes=\"auto, (max-width: 182px) 100vw, 182px\" \/><\/a>DI MIRKO MEZZACASA<\/strong><\/p>\n<p>OSPITE: Simone Ongaro<\/p>\n<audio class=\"wp-audio-shortcode\" id=\"audio-399339-9\" preload=\"none\" style=\"width: 100%;\" controls=\"controls\"><source type=\"audio\/mpeg\" src=\"https:\/\/www.radiopiu.net\/wordpress\/wp-content\/uploads\/2024\/07\/SIMONE-ONGARO-PARTENZA-19-LUGLIO.mp3?_=9\" \/><a href=\"https:\/\/www.radiopiu.net\/wordpress\/wp-content\/uploads\/2024\/07\/SIMONE-ONGARO-PARTENZA-19-LUGLIO.mp3\">https:\/\/www.radiopiu.net\/wordpress\/wp-content\/uploads\/2024\/07\/SIMONE-ONGARO-PARTENZA-19-LUGLIO.mp3<\/a><\/audio>\n<p>&nbsp;<\/p><\/blockquote>\n<hr \/>\n<p>&nbsp;<\/p>\n<blockquote class=\"wp-embedded-content\" data-secret=\"Tc2AaxSjoJ\"><p><a href=\"https:\/\/www.radiopiu.net\/wordpress\/set3a\/\">EL BAL DEL FIOR, DETTI E MODI DI DIRE  LA RACCOLTA COMPLETA<\/a><\/p><\/blockquote>\n<p><iframe loading=\"lazy\" class=\"wp-embedded-content\" sandbox=\"allow-scripts\" security=\"restricted\" style=\"position: absolute; clip: rect(1px, 1px, 1px, 1px);\" title=\"&#8220;EL BAL DEL FIOR, DETTI E MODI DI DIRE  LA RACCOLTA COMPLETA&#8221; &#8212; Radio Pi\u00f9\" src=\"https:\/\/www.radiopiu.net\/wordpress\/set3a\/embed\/#?secret=mYO36difkh#?secret=Tc2AaxSjoJ\" data-secret=\"Tc2AaxSjoJ\" width=\"600\" height=\"338\" frameborder=\"0\" marginwidth=\"0\" marginheight=\"0\" scrolling=\"no\"><\/iframe><\/p>\n<blockquote class=\"wp-embedded-content\" data-secret=\"nEa7gSWQgX\"><p><a href=\"https:\/\/www.radiopiu.net\/wordpress\/pirole-de-lenga-la-parola-del-giorno-a-cura-del-musla-raccolta-completa\/\">PIROLE DE LENGA&#8230; LA PAROLA DEL GIORNO A CURA DEL MUSLA -raccolta completa &#8211;<\/a><\/p><\/blockquote>\n<p><iframe loading=\"lazy\" class=\"wp-embedded-content\" sandbox=\"allow-scripts\" security=\"restricted\" style=\"position: absolute; clip: rect(1px, 1px, 1px, 1px);\" title=\"&#8220;PIROLE DE LENGA&#8230; LA PAROLA DEL GIORNO A CURA DEL MUSLA -raccolta completa &#8211;&#8221; &#8212; Radio Pi\u00f9\" src=\"https:\/\/www.radiopiu.net\/wordpress\/pirole-de-lenga-la-parola-del-giorno-a-cura-del-musla-raccolta-completa\/embed\/#?secret=tDJUBDdkzK#?secret=nEa7gSWQgX\" data-secret=\"nEa7gSWQgX\" width=\"600\" height=\"338\" frameborder=\"0\" marginwidth=\"0\" marginheight=\"0\" scrolling=\"no\"><\/iframe><\/p>\n<p>&nbsp;<\/p>\n<blockquote class=\"wp-embedded-content\" data-secret=\"iddp4utOq7\"><p><a href=\"https:\/\/www.radiopiu.net\/wordpress\/i-racconti-di-paolo-soppelsa-in-video-la-raccolta\/\">I RACCONTI DI PAOLO SOPPELSA IN VIDEO &#8211; LA RACCOLTA<\/a><\/p><\/blockquote>\n<p><iframe loading=\"lazy\" class=\"wp-embedded-content\" sandbox=\"allow-scripts\" security=\"restricted\" style=\"position: absolute; clip: rect(1px, 1px, 1px, 1px);\" title=\"&#8220;I RACCONTI DI PAOLO SOPPELSA IN VIDEO &#8211; LA RACCOLTA&#8221; &#8212; Radio Pi\u00f9\" src=\"https:\/\/www.radiopiu.net\/wordpress\/i-racconti-di-paolo-soppelsa-in-video-la-raccolta\/embed\/#?secret=VDA2cjaUFj#?secret=iddp4utOq7\" data-secret=\"iddp4utOq7\" width=\"600\" height=\"338\" frameborder=\"0\" marginwidth=\"0\" marginheight=\"0\" scrolling=\"no\"><\/iframe><\/p>\n<hr \/>\n<p>&nbsp;<\/p>\n<blockquote>\n<h3>DILLO A RADIO PIU&#8230; Passeggiata Notturna ad Alleghe: Un&#8217;Attrazione o un Pericolo?<\/h3>\n<\/blockquote>\n<p>Riceviamo e pubblichiamo<\/p>\n<div class=\"flex-shrink-0 flex flex-col relative items-end\">\n<div>\n<div class=\"pt-0.5 juice:pt-0\">\n<div class=\"gizmo-bot-avatar flex h-6 w-6 items-center justify-center overflow-hidden rounded-full juice:h-8 juice:w-8\">\n<div class=\"relative p-1 rounded-sm flex items-center justify-center bg-token-main-surface-primary text-token-text-primary h-8 w-8\"><\/div>\n<\/div>\n<\/div>\n<\/div>\n<\/div>\n<div class=\"group\/conversation-turn relative flex w-full min-w-0 flex-col agent-turn\">\n<div class=\"flex-col gap-1 md:gap-3\">\n<div class=\"flex flex-grow flex-col max-w-full\">\n<div class=\"min-h-[20px] text-message flex flex-col items-start whitespace-pre-wrap break-words [.text-message+&amp;]:mt-5 juice:w-full juice:items-end overflow-x-auto gap-2\" dir=\"auto\" data-message-author-role=\"assistant\" data-message-id=\"e89a85e3-d27f-43de-8e64-af080a97aa50\">\n<div class=\"flex w-full flex-col gap-1 juice:empty:hidden juice:first:pt-[3px]\">\n<div class=\"markdown prose w-full break-words dark:prose-invert dark\">\n<div class=\"flex flex-grow flex-col max-w-full\">\n<div class=\"min-h-[20px] text-message flex flex-col items-start whitespace-pre-wrap break-words [.text-message+&amp;]:mt-5 juice:w-full juice:items-end overflow-x-auto gap-2\" dir=\"auto\" data-message-author-role=\"assistant\" data-message-id=\"e89a85e3-d27f-43de-8e64-af080a97aa50\">\n<div class=\"flex w-full flex-col gap-1 juice:empty:hidden juice:first:pt-[3px]\">\n<div class=\"markdown prose w-full break-words dark:prose-invert dark\">\n<p><strong>ALLEGHE<\/strong> Ormai da\u00a0 dieci\u00a0 giorni, dalla fine di Corso Italia fino a Santa Maria delle Grazie, la sera all\u2019imbrunire si pu\u00f2 fare una bellissima passeggiata al chiaro di luna! Nessuna illuminazione pubblica funzionante.\u00a0 \u00c8 consigliato l\u2019utilizzo di torcia frontale o altro per non rischiare di cadere in acqua. O forse \u00e8 una nuova attrazione per i tanti turisti che, fortunatamente, stanno affollando in questo periodo il nostro bellissimo paese lacustre? Chi di dovere \u00e8 stato ampiamente informato a riguardo.<\/p>\n<p>e.c.<\/p>\n<\/div>\n<\/div>\n<\/div>\n<\/div>\n<div class=\"flex items-center\">\n\n\t\t\t<style type='text\/css'>\n\t\t\t\t#gallery-4 {\n\t\t\t\t\tmargin: auto;\n\t\t\t\t}\n\t\t\t\t#gallery-4 .gallery-item {\n\t\t\t\t\tfloat: left;\n\t\t\t\t\tmargin-top: 10px;\n\t\t\t\t\ttext-align: center;\n\t\t\t\t\twidth: 50%;\n\t\t\t\t}\n\t\t\t\t#gallery-4 img {\n\t\t\t\t\tborder: 2px solid #cfcfcf;\n\t\t\t\t}\n\t\t\t\t#gallery-4 .gallery-caption {\n\t\t\t\t\tmargin-left: 0;\n\t\t\t\t}\n\t\t\t\t\/* see gallery_shortcode() in wp-includes\/media.php *\/\n\t\t\t<\/style>\n\t\t<div id='gallery-4' class='dt-gallery-container gallery galleryid-399339 gallery-columns-2 gallery-size-medium'><dl class='gallery-item'>\n\t\t\t\t<dt class='gallery-icon landscape'>\n\t\t\t\t\t<a class=\"rollover rollover-zoom dt-pswp-item\" title=\"image0\" data-dt-img-description=\"\" data-large_image_width=\"2560\" data-large_image_height=\"1920\"href='https:\/\/www.radiopiu.net\/wordpress\/wp-content\/uploads\/2024\/07\/image0-scaled.jpeg'><img loading=\"lazy\" decoding=\"async\" width=\"300\" height=\"225\" src=\"https:\/\/www.radiopiu.net\/wordpress\/wp-content\/uploads\/2024\/07\/image0-300x225.jpeg\" class=\"attachment-medium size-medium\" alt=\"\" srcset=\"https:\/\/www.radiopiu.net\/wordpress\/wp-content\/uploads\/2024\/07\/image0-300x225.jpeg 300w, https:\/\/www.radiopiu.net\/wordpress\/wp-content\/uploads\/2024\/07\/image0-1024x768.jpeg 1024w, https:\/\/www.radiopiu.net\/wordpress\/wp-content\/uploads\/2024\/07\/image0-768x576.jpeg 768w, https:\/\/www.radiopiu.net\/wordpress\/wp-content\/uploads\/2024\/07\/image0-1536x1152.jpeg 1536w, https:\/\/www.radiopiu.net\/wordpress\/wp-content\/uploads\/2024\/07\/image0-2048x1536.jpeg 2048w\" sizes=\"auto, (max-width: 300px) 100vw, 300px\" \/><\/a>\n\t\t\t\t<\/dt><\/dl><dl class='gallery-item'>\n\t\t\t\t<dt class='gallery-icon landscape'>\n\t\t\t\t\t<a class=\"rollover rollover-zoom dt-pswp-item\" title=\"image1\" data-dt-img-description=\"\" data-large_image_width=\"2560\" data-large_image_height=\"1920\"href='https:\/\/www.radiopiu.net\/wordpress\/wp-content\/uploads\/2024\/07\/image1-scaled.jpeg'><img loading=\"lazy\" decoding=\"async\" width=\"300\" height=\"225\" src=\"https:\/\/www.radiopiu.net\/wordpress\/wp-content\/uploads\/2024\/07\/image1-300x225.jpeg\" class=\"attachment-medium size-medium\" alt=\"\" srcset=\"https:\/\/www.radiopiu.net\/wordpress\/wp-content\/uploads\/2024\/07\/image1-300x225.jpeg 300w, https:\/\/www.radiopiu.net\/wordpress\/wp-content\/uploads\/2024\/07\/image1-1024x768.jpeg 1024w, https:\/\/www.radiopiu.net\/wordpress\/wp-content\/uploads\/2024\/07\/image1-768x576.jpeg 768w, https:\/\/www.radiopiu.net\/wordpress\/wp-content\/uploads\/2024\/07\/image1-1536x1152.jpeg 1536w, https:\/\/www.radiopiu.net\/wordpress\/wp-content\/uploads\/2024\/07\/image1-2048x1536.jpeg 2048w\" sizes=\"auto, (max-width: 300px) 100vw, 300px\" \/><\/a>\n\t\t\t\t<\/dt><\/dl><br style=\"clear: both\" \/>\n\t\t\t<\/div>\n\n<p>&nbsp;<\/p>\n<\/div>\n<\/div>\n<\/div>\n<\/div>\n<\/div>\n<\/div>\n<\/div>\n<p>&nbsp;<\/p>\n<p>&nbsp;<\/p>\n<hr \/>\n<p>&nbsp;<\/p>\n<blockquote>\n<h3>IMPRESE: CALANO I PRESTITI, AUMENTA IL RISCHIO INFILTRAZIONE DELLA CRIMINALITA\u2019. ANCHE IN VENETO<\/h3>\n<\/blockquote>\n<p><a class=\"dt-pswp-item\" href=\"https:\/\/www.radiopiu.net\/wordpress\/wp-content\/uploads\/2024\/07\/Schermata-2024-07-13-alle-09.56.06.png\" data-dt-img-description=\"\" data-large_image_width=\"1006\" data-large_image_height=\"1260\"><img loading=\"lazy\" decoding=\"async\" class=\"size-medium wp-image-399334 alignleft\" src=\"https:\/\/www.radiopiu.net\/wordpress\/wp-content\/uploads\/2024\/07\/Schermata-2024-07-13-alle-09.56.06-240x300.png\" alt=\"\" width=\"240\" height=\"300\" srcset=\"https:\/\/www.radiopiu.net\/wordpress\/wp-content\/uploads\/2024\/07\/Schermata-2024-07-13-alle-09.56.06-240x300.png 240w, https:\/\/www.radiopiu.net\/wordpress\/wp-content\/uploads\/2024\/07\/Schermata-2024-07-13-alle-09.56.06-818x1024.png 818w, https:\/\/www.radiopiu.net\/wordpress\/wp-content\/uploads\/2024\/07\/Schermata-2024-07-13-alle-09.56.06-768x962.png 768w, https:\/\/www.radiopiu.net\/wordpress\/wp-content\/uploads\/2024\/07\/Schermata-2024-07-13-alle-09.56.06.png 1006w\" sizes=\"auto, (max-width: 240px) 100vw, 240px\" \/><\/a>Nell\u2019ultimo anno gli impieghi vivi alle imprese venete sono diminuiti del 7,2 per cento (in termini assoluti -5,1 miliardi di euro), con un picco in provincia di Verona del -11 per cento (-1,7 miliardi). Continua, pertanto, la riduzione dei prestiti bancari alle nostre aziende, cos\u00ec come in buona parte del Paese. Ricordiamo che negli ultimi 12 anni in Veneto i presti bancari alle aziende sono crollati del 32,9 per cento (-32,2 miliardi di euro). E\u2019 evidente che questo risultato \u00e8 stato in parte provocato dalla crisi che in questo arco temporale ha colpito molti istituti presenti nella nostra regione (Popolare di Vicenza, Veneto Banca, Banca Antoniana, etc.).<\/p>\n<p>Per l\u2019Ufficio studi della CGIA questo trend rischia di alimentare, indirettamente, un fenomeno molto preoccupante che, ormai, non riguarda solo le regioni del Sud, ma anche quelle del Nord: vale a dire la presenza sempre pi\u00f9 diffusa nell\u2019economia reale delle organizzazioni criminali. In questi momenti cos\u00ec particolari, infatti, sono gli unici soggetti che dispongono della liquidit\u00e0 necessaria per \u201caiutare\u201d chi si trova in difficolt\u00e0 economico-finanziaria, in particolare nei settori ad alta intensit\u00e0 di contante (ristorazione, intrattenimento e sale giochi), in quelli che richiedono il controllo del territorio (edilizia) e nei comparti meno innovativi che non richiedono competenze specialistiche. Insomma, le attivit\u00e0 economiche sono le principali \u201cprede\u201d di chi vuole reinvestire i proventi ottenuti illecitamente. Un\u2019ulteriore conferma viene anche dall\u2019Europol; secondo questa Agenzia l\u201980 per cento delle organizzazioni criminali attive in Europa utilizza le imprese nelle loro attivit\u00e0 illegali.<\/p>\n<p>E\u2019 vero, come sottolinea la CGIA, che il calo degli impieghi dell\u2019ultimo anno anche in Veneto \u00e8 sicuramente condizionato dalla diminuzione della domanda di credito da parte delle imprese, dall\u2019elevato costo del denaro e dalla diminuzione degli investimenti in macchinari dovuta all\u2019attesa delle agevolazioni previste dalla nuova transizione 5.0. Tuttavia i segnali di una presenza consolidata della criminalit\u00e0 nel mondo delle imprese settentrionali risalgono almeno da 30 anni.<\/p>\n<p><strong>I reati spia ci segnalano il rischio infiltrazione<\/strong><br \/>\n<a class=\"dt-pswp-item\" href=\"https:\/\/www.radiopiu.net\/wordpress\/wp-content\/uploads\/2024\/07\/Schermata-2024-07-13-alle-09.56.17.png\" data-dt-img-description=\"\" data-large_image_width=\"1092\" data-large_image_height=\"680\"><img loading=\"lazy\" decoding=\"async\" class=\"size-medium wp-image-399337 alignleft\" src=\"https:\/\/www.radiopiu.net\/wordpress\/wp-content\/uploads\/2024\/07\/Schermata-2024-07-13-alle-09.56.17-300x187.png\" alt=\"\" width=\"300\" height=\"187\" srcset=\"https:\/\/www.radiopiu.net\/wordpress\/wp-content\/uploads\/2024\/07\/Schermata-2024-07-13-alle-09.56.17-300x187.png 300w, https:\/\/www.radiopiu.net\/wordpress\/wp-content\/uploads\/2024\/07\/Schermata-2024-07-13-alle-09.56.17-1024x638.png 1024w, https:\/\/www.radiopiu.net\/wordpress\/wp-content\/uploads\/2024\/07\/Schermata-2024-07-13-alle-09.56.17-768x478.png 768w, https:\/\/www.radiopiu.net\/wordpress\/wp-content\/uploads\/2024\/07\/Schermata-2024-07-13-alle-09.56.17.png 1092w\" sizes=\"auto, (max-width: 300px) 100vw, 300px\" \/><\/a>Come dimostrano alcuni studi realizzati dalla Banca d\u2019Italia, a livello territoriale la presenza pi\u00f9 diffusa delle organizzazioni economiche criminali si registra nel Mezzogiorno, anche se ormai molte evidenze altrettanto inquietanti segnalano la presenza di queste realt\u00e0 illegali nelle aree economicamente pi\u00f9 avanzate del Centronord. La letteratura specializzata evidenzia che, storicamente, i territori dove l\u2019economia locale \u00e8 fortemente condizionata dalla spesa pubblica e il livello di corruzione della pubblica amministrazione \u00e8 molto elevato sono pi\u00f9 vulnerabili dal potere corruttivo delle mafie. Induttivamente \u00e8 possibile riconoscere un\u2019area geografica pi\u00f9 a rischio di un\u2019altra, anche dal riscontro di una elevata presenza di reati spia. Nei territori dove il numero di denunce all\u2019autorit\u00e0 giudiziaria per estorsione\/racket, usura, contraffazione, lavoro nero, gestione illecita del ciclo dei rifiuti, scommesse clandestine, gioco d\u2019azzardo, etc. \u00e8 molto alto, la probabilit\u00e0 che vi sia una presenza radicata e diffusa di una o pi\u00f9 organizzazioni criminali di stampo mafioso \u00e8 molto elevata.<\/p>\n<p><strong>Il Sud, Roma, Latina, Genova, Imperia e Ravenna sono le aree pi\u00f9 a rischio infiltrazioni. In Veneto allerta a Venezia e Padova<\/strong><br \/>\nIn uno studio realizzato verso la fine del 2021, secondo la Banca d\u2019Italia la penetrazione territoriale della Mafia Spa non riguarda solo il Sud; purtroppo, come dicevamo pi\u00f9 sopra, presentano un indice di presenza mafiosa molto preoccupante anche realt\u00e0 del Centronord, in particolar modo le province di Roma, Latina, Genova, Imperia e Ravenna. Meno colpite delle precedenti, ma <a class=\"dt-pswp-item\" href=\"https:\/\/www.radiopiu.net\/wordpress\/wp-content\/uploads\/2024\/07\/Schermata-2024-07-13-alle-09.56.46.png\" data-dt-img-description=\"\" data-large_image_width=\"1236\" data-large_image_height=\"1382\"><img loading=\"lazy\" decoding=\"async\" class=\"size-medium wp-image-399336 alignleft\" src=\"https:\/\/www.radiopiu.net\/wordpress\/wp-content\/uploads\/2024\/07\/Schermata-2024-07-13-alle-09.56.46-268x300.png\" alt=\"\" width=\"268\" height=\"300\" srcset=\"https:\/\/www.radiopiu.net\/wordpress\/wp-content\/uploads\/2024\/07\/Schermata-2024-07-13-alle-09.56.46-268x300.png 268w, https:\/\/www.radiopiu.net\/wordpress\/wp-content\/uploads\/2024\/07\/Schermata-2024-07-13-alle-09.56.46-916x1024.png 916w, https:\/\/www.radiopiu.net\/wordpress\/wp-content\/uploads\/2024\/07\/Schermata-2024-07-13-alle-09.56.46-768x859.png 768w, https:\/\/www.radiopiu.net\/wordpress\/wp-content\/uploads\/2024\/07\/Schermata-2024-07-13-alle-09.56.46.png 1236w\" sizes=\"auto, (max-width: 268px) 100vw, 268px\" \/><\/a>comunque con forti criticit\u00e0 si segnalano, sempre nella ripartizione centrosettentrionale, anche le provincie di Torino, Novara, Verbano-Cusio-Ossola, Varese, Milano, Lodi, Brescia, Savona, La Spezia, Bologna, Ferrara, Rimini, Pistoia, Prato, Firenze, Livorno, Arezzo, Viterbo, Ancona e Macerata. Meno investite da questo triste fenomeno sarebbero, invece, le province del Triveneto (con leggeri segnali in controtendenza a Venezia, Padova, Trento e, in particolar modo, Trieste) (vedi Fig. 1).<\/p>\n<p><strong>Trieste, Gorizia, Novara e Trento dove il taglio del credito si \u00e8 fatto sentire di pi\u00f9. In Veneto credit crunch a Verona<\/strong><br \/>\nNell\u2019ultimo anno a livello provinciale la contrazione degli impieghi vivi erogati dalle banche alle imprese si \u00e8 sentita maggiormente a Trieste (-18,5 per cento pari a -756,9 milioni di euro), a Gorizia (-14,1 per cento pari a -154,7 milioni), a Novara (-13,8 per cento pari a -460 milioni) e a Trento (-13,5 per cento pari a -1,6 miliardi di euro). Ad eccezione di Gorizia, sono territori che nella Fig.1 registrano un rischio di presenza mafiosa particolarmente elevato. In Veneto la caduta pi\u00f9 pesante si \u00e8 registrata a Verona con un importante -11 per cento (-1,7 miliardi). Seguono Rovigo con il -7,4 per cento (-142,4 milioni) e Vicenza con il \u2013 6,6 per cento (-904 milioni di euro) (vedi Tab. 1).<\/p>\n<p>A livello regionale, infine, sono le realt\u00e0 del Triveneto quelle pi\u00f9 interessate dalla contrazione dei prestiti. Sempre nell\u2019ultimo anno il Trentino Alto Adige ha subito una diminuzione del 10,4 per cento (-3 miliardi di euro), il Friuli Venezia Giulia del -10,3 per cento (-1,6 miliardi di euro), la Valle d\u2019Aosta del -8,7 per cento (-155 milioni), le Marche del -7,6 per cento (-1,2 miliardi) e il Veneto del -7,2 per cento (-5,1 miliardi di euro) (vedi Tab. 2).<\/p>\n<p><strong>In termini percentuali meno credito soprattutto alle piccolissime imprese<\/strong><br \/>\nSe, come dicevamo in precedenza, nell\u2019ultimo anno la riduzione dei prestiti bancari alle imprese venete \u00e8 stata del 7,2 per cento (-5,1 miliardi di euro), le piccolissime imprese (quelle con meno di 20 addetti) hanno subito una contrazione dell\u2019erogato del 9,4 per cento (-1,1 miliardi), mentre quelle con pi\u00f9 di 20 addetti hanno visto scendere il flusso del 6,8 per cento (-3,9 miliardi di <a class=\"dt-pswp-item\" href=\"https:\/\/www.radiopiu.net\/wordpress\/wp-content\/uploads\/2024\/07\/Schermata-2024-07-13-alle-09.56.56.png\" data-dt-img-description=\"\" data-large_image_width=\"1244\" data-large_image_height=\"484\"><img loading=\"lazy\" decoding=\"async\" class=\"size-medium wp-image-399335 alignleft\" src=\"https:\/\/www.radiopiu.net\/wordpress\/wp-content\/uploads\/2024\/07\/Schermata-2024-07-13-alle-09.56.56-300x117.png\" alt=\"\" width=\"300\" height=\"117\" srcset=\"https:\/\/www.radiopiu.net\/wordpress\/wp-content\/uploads\/2024\/07\/Schermata-2024-07-13-alle-09.56.56-300x117.png 300w, https:\/\/www.radiopiu.net\/wordpress\/wp-content\/uploads\/2024\/07\/Schermata-2024-07-13-alle-09.56.56-1024x398.png 1024w, https:\/\/www.radiopiu.net\/wordpress\/wp-content\/uploads\/2024\/07\/Schermata-2024-07-13-alle-09.56.56-768x299.png 768w, https:\/\/www.radiopiu.net\/wordpress\/wp-content\/uploads\/2024\/07\/Schermata-2024-07-13-alle-09.56.56.png 1244w\" sizes=\"auto, (max-width: 300px) 100vw, 300px\" \/><\/a>euro). Ancora una volta, nel rapporto tra banche e imprese, anche nella nostra regione le micro e le piccolissime risultano essere le pi\u00f9 penalizzate (vedi Tab. 3).<\/p>\n<hr \/>\n<p>&nbsp;<\/p>\n<h2><span style=\"color: #ff6600;\">ALLA RADIO<\/span><\/h2>\n<h2><span style=\"color: #00ccff;\">DUE MINUTI PER TE<\/span><\/h2>\n<p><strong><a class=\"dt-pswp-item\" href=\"https:\/\/www.radiopiu.net\/wordpress\/wp-content\/uploads\/2020\/12\/DON-GIORGIO-LISE.jpg\" data-dt-img-description=\"\" data-large_image_width=\"1600\" data-large_image_height=\"901\"><img loading=\"lazy\" decoding=\"async\" class=\" wp-image-177420 alignleft\" src=\"https:\/\/www.radiopiu.net\/wordpress\/wp-content\/uploads\/2020\/12\/DON-GIORGIO-LISE-300x169.jpg\" alt=\"\" width=\"186\" height=\"105\" srcset=\"https:\/\/www.radiopiu.net\/wordpress\/wp-content\/uploads\/2020\/12\/DON-GIORGIO-LISE-300x169.jpg 300w, https:\/\/www.radiopiu.net\/wordpress\/wp-content\/uploads\/2020\/12\/DON-GIORGIO-LISE-1024x577.jpg 1024w, https:\/\/www.radiopiu.net\/wordpress\/wp-content\/uploads\/2020\/12\/DON-GIORGIO-LISE-768x432.jpg 768w, https:\/\/www.radiopiu.net\/wordpress\/wp-content\/uploads\/2020\/12\/DON-GIORGIO-LISE-1536x865.jpg 1536w, https:\/\/www.radiopiu.net\/wordpress\/wp-content\/uploads\/2020\/12\/DON-GIORGIO-LISE.jpg 1600w\" sizes=\"auto, (max-width: 186px) 100vw, 186px\" \/><\/a>APPUNTAMENTO DELLA DOMENICA CON IL PENSIERO DI MONSIGNOR GIORGIO LISE<\/strong><\/p>\n<audio class=\"wp-audio-shortcode\" id=\"audio-399339-10\" preload=\"none\" style=\"width: 100%;\" controls=\"controls\"><source type=\"audio\/mpeg\" src=\"https:\/\/www.radiopiu.net\/wordpress\/wp-content\/uploads\/2024\/07\/DON-GIORGIO-1.mp3?_=10\" \/><a href=\"https:\/\/www.radiopiu.net\/wordpress\/wp-content\/uploads\/2024\/07\/DON-GIORGIO-1.mp3\">https:\/\/www.radiopiu.net\/wordpress\/wp-content\/uploads\/2024\/07\/DON-GIORGIO-1.mp3<\/a><\/audio>\n<p>&nbsp;<\/p>\n<p>&nbsp;<\/p>\n<hr \/>\n<p>&nbsp;<\/p>\n<h2><span style=\"color: #ff0000;\"><a class=\"dt-pswp-item\" href=\"https:\/\/www.radiopiu.net\/wordpress\/wp-content\/uploads\/2018\/09\/appuntamenti.jpeg\" data-dt-img-description=\"\" data-large_image_width=\"800\" data-large_image_height=\"100\"><img loading=\"lazy\" decoding=\"async\" class=\"wp-image-61958 size-full aligncenter\" src=\"https:\/\/www.radiopiu.net\/wordpress\/wp-content\/uploads\/2018\/09\/appuntamenti.jpeg\" alt=\"\" width=\"800\" height=\"100\" srcset=\"https:\/\/www.radiopiu.net\/wordpress\/wp-content\/uploads\/2018\/09\/appuntamenti.jpeg 800w, https:\/\/www.radiopiu.net\/wordpress\/wp-content\/uploads\/2018\/09\/appuntamenti-300x38.jpeg 300w, https:\/\/www.radiopiu.net\/wordpress\/wp-content\/uploads\/2018\/09\/appuntamenti-768x96.jpeg 768w\" sizes=\"auto, (max-width: 800px) 100vw, 800px\" \/><\/a><\/span><\/h2>\n<div>\n<div class=\"\" dir=\"auto\">\n<div id=\":r9h:\" class=\"x1iorvi4 x1pi30zi x1l90r2v x1swvt13\" data-ad-comet-preview=\"message\" data-ad-preview=\"message\">\n\n\t\t\t<style type='text\/css'>\n\t\t\t\t#gallery-5 {\n\t\t\t\t\tmargin: auto;\n\t\t\t\t}\n\t\t\t\t#gallery-5 .gallery-item {\n\t\t\t\t\tfloat: left;\n\t\t\t\t\tmargin-top: 10px;\n\t\t\t\t\ttext-align: center;\n\t\t\t\t\twidth: 16%;\n\t\t\t\t}\n\t\t\t\t#gallery-5 img {\n\t\t\t\t\tborder: 2px solid #cfcfcf;\n\t\t\t\t}\n\t\t\t\t#gallery-5 .gallery-caption {\n\t\t\t\t\tmargin-left: 0;\n\t\t\t\t}\n\t\t\t\t\/* see gallery_shortcode() in wp-includes\/media.php *\/\n\t\t\t<\/style>\n\t\t<div id='gallery-5' class='dt-gallery-container gallery galleryid-399339 gallery-columns-6 gallery-size-thumbnail'><dl class='gallery-item'>\n\t\t\t\t<dt class='gallery-icon portrait'>\n\t\t\t\t\t<a class=\"rollover rollover-zoom dt-pswp-item\" title=\"441936111_953300066803441_3663667299753321850_n\" data-dt-img-description=\"\" data-large_image_width=\"520\" data-large_image_height=\"640\"href='https:\/\/www.radiopiu.net\/wordpress\/wp-content\/uploads\/2024\/06\/441936111_953300066803441_3663667299753321850_n.jpg'><img loading=\"lazy\" decoding=\"async\" width=\"150\" height=\"150\" src=\"https:\/\/www.radiopiu.net\/wordpress\/wp-content\/uploads\/2024\/06\/441936111_953300066803441_3663667299753321850_n-150x150.jpg\" class=\"attachment-thumbnail size-thumbnail\" alt=\"\" aria-describedby=\"gallery-5-394061\" \/><\/a>\n\t\t\t\t<\/dt>\n\t\t\t\t\t<dd class='wp-caption-text gallery-caption' id='gallery-5-394061'>\n\t\t\t\t\t31 LUGLIO AL MINIERE E IN DIRETTA ALLA RADIO \n\t\t\t\t\t<\/dd><\/dl><dl class='gallery-item'>\n\t\t\t\t<dt class='gallery-icon portrait'>\n\t\t\t\t\t<a class=\"rollover rollover-zoom dt-pswp-item\" title=\"f84567d6-a1d2-47de-9596-ef8505986952\" data-dt-img-description=\"\" data-large_image_width=\"745\" data-large_image_height=\"1073\"href='https:\/\/www.radiopiu.net\/wordpress\/wp-content\/uploads\/2024\/06\/f84567d6-a1d2-47de-9596-ef8505986952.jpg'><img loading=\"lazy\" decoding=\"async\" width=\"150\" height=\"150\" src=\"https:\/\/www.radiopiu.net\/wordpress\/wp-content\/uploads\/2024\/06\/f84567d6-a1d2-47de-9596-ef8505986952-150x150.jpg\" class=\"attachment-thumbnail size-thumbnail\" alt=\"\" aria-describedby=\"gallery-5-396466\" \/><\/a>\n\t\t\t\t<\/dt>\n\t\t\t\t\t<dd class='wp-caption-text gallery-caption' id='gallery-5-396466'>\n\t\t\t\t\tSUMMER GREEN VOLLEY AGORDINO\n\t\t\t\t\t<\/dd><\/dl><dl class='gallery-item'>\n\t\t\t\t<dt class='gallery-icon portrait'>\n\t\t\t\t\t<a class=\"rollover rollover-zoom dt-pswp-item\" title=\"original-84F78277-839A-4868-BE6A-5A10A5605E21\" data-dt-img-description=\"\" data-large_image_width=\"1754\" data-large_image_height=\"2480\"href='https:\/\/www.radiopiu.net\/wordpress\/wp-content\/uploads\/2024\/07\/original-84F78277-839A-4868-BE6A-5A10A5605E21.jpeg'><img loading=\"lazy\" decoding=\"async\" width=\"150\" height=\"150\" src=\"https:\/\/www.radiopiu.net\/wordpress\/wp-content\/uploads\/2024\/07\/original-84F78277-839A-4868-BE6A-5A10A5605E21-150x150.jpeg\" class=\"attachment-thumbnail size-thumbnail\" alt=\"\" aria-describedby=\"gallery-5-397532\" \/><\/a>\n\t\t\t\t<\/dt>\n\t\t\t\t\t<dd class='wp-caption-text gallery-caption' id='gallery-5-397532'>\n\t\t\t\t\tHOTEL STELLA ALPINA ESTATE D&#8217;EVENTI \n\t\t\t\t\t<\/dd><\/dl><dl class='gallery-item'>\n\t\t\t\t<dt class='gallery-icon portrait'>\n\t\t\t\t\t<a class=\"rollover rollover-zoom dt-pswp-item\" title=\"449991823_122137296134256756_778850350827646908_n\" data-dt-img-description=\"\" data-large_image_width=\"1080\" data-large_image_height=\"1528\"href='https:\/\/www.radiopiu.net\/wordpress\/wp-content\/uploads\/2024\/07\/449991823_122137296134256756_778850350827646908_n.jpg'><img loading=\"lazy\" decoding=\"async\" width=\"150\" height=\"150\" src=\"https:\/\/www.radiopiu.net\/wordpress\/wp-content\/uploads\/2024\/07\/449991823_122137296134256756_778850350827646908_n-150x150.jpg\" class=\"attachment-thumbnail size-thumbnail\" alt=\"\" aria-describedby=\"gallery-5-398203\" \/><\/a>\n\t\t\t\t<\/dt>\n\t\t\t\t\t<dd class='wp-caption-text gallery-caption' id='gallery-5-398203'>\n\t\t\t\t\tSABATO 20 LUGLIO A CANALE D&#8217;AGORDO\n\t\t\t\t\t<\/dd><\/dl><dl class='gallery-item'>\n\t\t\t\t<dt class='gallery-icon landscape'>\n\t\t\t\t\t<a class=\"rollover rollover-zoom dt-pswp-item\" title=\"d5b0b734-6816-4395-8e21-976a97a70deb\" data-dt-img-description=\"\" data-large_image_width=\"1080\" data-large_image_height=\"1080\"href='https:\/\/www.radiopiu.net\/wordpress\/wp-content\/uploads\/2024\/06\/d5b0b734-6816-4395-8e21-976a97a70deb.jpg'><img loading=\"lazy\" decoding=\"async\" width=\"150\" height=\"150\" src=\"https:\/\/www.radiopiu.net\/wordpress\/wp-content\/uploads\/2024\/06\/d5b0b734-6816-4395-8e21-976a97a70deb-150x150.jpg\" class=\"attachment-thumbnail size-thumbnail\" alt=\"\" aria-describedby=\"gallery-5-396287\" srcset=\"https:\/\/www.radiopiu.net\/wordpress\/wp-content\/uploads\/2024\/06\/d5b0b734-6816-4395-8e21-976a97a70deb-150x150.jpg 150w, https:\/\/www.radiopiu.net\/wordpress\/wp-content\/uploads\/2024\/06\/d5b0b734-6816-4395-8e21-976a97a70deb-300x300.jpg 300w, https:\/\/www.radiopiu.net\/wordpress\/wp-content\/uploads\/2024\/06\/d5b0b734-6816-4395-8e21-976a97a70deb-1024x1024.jpg 1024w, https:\/\/www.radiopiu.net\/wordpress\/wp-content\/uploads\/2024\/06\/d5b0b734-6816-4395-8e21-976a97a70deb-768x768.jpg 768w, https:\/\/www.radiopiu.net\/wordpress\/wp-content\/uploads\/2024\/06\/d5b0b734-6816-4395-8e21-976a97a70deb.jpg 1080w\" sizes=\"auto, (max-width: 150px) 100vw, 150px\" \/><\/a>\n\t\t\t\t<\/dt>\n\t\t\t\t\t<dd class='wp-caption-text gallery-caption' id='gallery-5-396287'>\n\t\t\t\t\t25 LUGLIO A VOLTAGO\n\t\t\t\t\t<\/dd><\/dl><dl class='gallery-item'>\n\t\t\t\t<dt class='gallery-icon landscape'>\n\t\t\t\t\t<a class=\"rollover rollover-zoom dt-pswp-item\" title=\"449189900_484613757290091_1574838248887562981_n\" data-dt-img-description=\"\" data-large_image_width=\"960\" data-large_image_height=\"540\"href='https:\/\/www.radiopiu.net\/wordpress\/wp-content\/uploads\/2024\/06\/449189900_484613757290091_1574838248887562981_n.jpg'><img loading=\"lazy\" decoding=\"async\" width=\"150\" height=\"150\" src=\"https:\/\/www.radiopiu.net\/wordpress\/wp-content\/uploads\/2024\/06\/449189900_484613757290091_1574838248887562981_n-150x150.jpg\" class=\"attachment-thumbnail size-thumbnail\" alt=\"\" aria-describedby=\"gallery-5-396872\" \/><\/a>\n\t\t\t\t<\/dt>\n\t\t\t\t\t<dd class='wp-caption-text gallery-caption' id='gallery-5-396872'>\n\t\t\t\t\t A CANALE D&#8217;AGORDO VALLE DI GARES\n\t\t\t\t\t<\/dd><\/dl><br style=\"clear: both\" \/><dl class='gallery-item'>\n\t\t\t\t<dt class='gallery-icon portrait'>\n\t\t\t\t\t<a class=\"rollover rollover-zoom dt-pswp-item\" title=\"8b2155a6-d732-4852-a73f-6ad1b59fac91\" data-dt-img-description=\"\" data-large_image_width=\"1131\" data-large_image_height=\"1600\"href='https:\/\/www.radiopiu.net\/wordpress\/wp-content\/uploads\/2024\/07\/8b2155a6-d732-4852-a73f-6ad1b59fac91-1.jpg'><img loading=\"lazy\" decoding=\"async\" width=\"150\" height=\"150\" src=\"https:\/\/www.radiopiu.net\/wordpress\/wp-content\/uploads\/2024\/07\/8b2155a6-d732-4852-a73f-6ad1b59fac91-1-150x150.jpg\" class=\"attachment-thumbnail size-thumbnail\" alt=\"\" aria-describedby=\"gallery-5-397366\" \/><\/a>\n\t\t\t\t<\/dt>\n\t\t\t\t\t<dd class='wp-caption-text gallery-caption' id='gallery-5-397366'>\n\t\t\t\t\tASSOCIAZIONE BORGO SOTTOGUDA \n\t\t\t\t\t<\/dd><\/dl><dl class='gallery-item'>\n\t\t\t\t<dt class='gallery-icon portrait'>\n\t\t\t\t\t<a class=\"rollover rollover-zoom dt-pswp-item\" title=\"6aaaad58-800e-4990-a3b1-996dabdbe745\" data-dt-img-description=\"\" data-large_image_width=\"1131\" data-large_image_height=\"1600\"href='https:\/\/www.radiopiu.net\/wordpress\/wp-content\/uploads\/2024\/07\/6aaaad58-800e-4990-a3b1-996dabdbe745.jpg'><img loading=\"lazy\" decoding=\"async\" width=\"150\" height=\"150\" src=\"https:\/\/www.radiopiu.net\/wordpress\/wp-content\/uploads\/2024\/07\/6aaaad58-800e-4990-a3b1-996dabdbe745-150x150.jpg\" class=\"attachment-thumbnail size-thumbnail\" alt=\"\" aria-describedby=\"gallery-5-397565\" \/><\/a>\n\t\t\t\t<\/dt>\n\t\t\t\t\t<dd class='wp-caption-text gallery-caption' id='gallery-5-397565'>\n\t\t\t\t\tDAL 20 LUGLIO A VOLTAGO\n\t\t\t\t\t<\/dd><\/dl><dl class='gallery-item'>\n\t\t\t\t<dt class='gallery-icon portrait'>\n\t\t\t\t\t<a class=\"rollover rollover-zoom dt-pswp-item\" title=\"449444208_484616390623161_3418734916136544576_n\" data-dt-img-description=\"\" data-large_image_width=\"808\" data-large_image_height=\"1600\"href='https:\/\/www.radiopiu.net\/wordpress\/wp-content\/uploads\/2024\/07\/449444208_484616390623161_3418734916136544576_n.jpg'><img loading=\"lazy\" decoding=\"async\" width=\"150\" height=\"150\" src=\"https:\/\/www.radiopiu.net\/wordpress\/wp-content\/uploads\/2024\/07\/449444208_484616390623161_3418734916136544576_n-150x150.jpg\" class=\"attachment-thumbnail size-thumbnail\" alt=\"\" aria-describedby=\"gallery-5-398855\" \/><\/a>\n\t\t\t\t<\/dt>\n\t\t\t\t\t<dd class='wp-caption-text gallery-caption' id='gallery-5-398855'>\n\t\t\t\t\tA CANALE D&#8217;AGORDO LA SGUBIADA\n\t\t\t\t\t<\/dd><\/dl><dl class='gallery-item'>\n\t\t\t\t<dt class='gallery-icon portrait'>\n\t\t\t\t\t<a class=\"rollover rollover-zoom dt-pswp-item\" title=\"c43011fa-8405-4ea2-9ca9-b934b11662df\" data-dt-img-description=\"\" data-large_image_width=\"512\" data-large_image_height=\"720\"href='https:\/\/www.radiopiu.net\/wordpress\/wp-content\/uploads\/2024\/07\/c43011fa-8405-4ea2-9ca9-b934b11662df.jpg'><img loading=\"lazy\" decoding=\"async\" width=\"150\" height=\"150\" src=\"https:\/\/www.radiopiu.net\/wordpress\/wp-content\/uploads\/2024\/07\/c43011fa-8405-4ea2-9ca9-b934b11662df-150x150.jpg\" class=\"attachment-thumbnail size-thumbnail\" alt=\"\" aria-describedby=\"gallery-5-398969\" \/><\/a>\n\t\t\t\t<\/dt>\n\t\t\t\t\t<dd class='wp-caption-text gallery-caption' id='gallery-5-398969'>\n\t\t\t\t\tA PRA DE LA MELIA\n\t\t\t\t\t<\/dd><\/dl><dl class='gallery-item'>\n\t\t\t\t<dt class='gallery-icon portrait'>\n\t\t\t\t\t<a class=\"rollover rollover-zoom dt-pswp-item\" title=\"SAN LUGAN 2024\" data-dt-img-description=\"\" data-large_image_width=\"434\" data-large_image_height=\"602\"href='https:\/\/www.radiopiu.net\/wordpress\/wp-content\/uploads\/2024\/07\/SAN-LUGAN-2024.png'><img loading=\"lazy\" decoding=\"async\" width=\"150\" height=\"150\" src=\"https:\/\/www.radiopiu.net\/wordpress\/wp-content\/uploads\/2024\/07\/SAN-LUGAN-2024-150x150.png\" class=\"attachment-thumbnail size-thumbnail\" alt=\"\" aria-describedby=\"gallery-5-399242\" \/><\/a>\n\t\t\t\t<\/dt>\n\t\t\t\t\t<dd class='wp-caption-text gallery-caption' id='gallery-5-399242'>\n\t\t\t\t\t20 -21 LUGLIO FESTA DI SAN LUCANO\n\t\t\t\t\t<\/dd><\/dl><dl class='gallery-item'>\n\t\t\t\t<dt class='gallery-icon portrait'>\n\t\t\t\t\t<a class=\"rollover rollover-zoom dt-pswp-item\" title=\"Locandina Salotto delle Dolomiti 2024\" data-dt-img-description=\"\" data-large_image_width=\"1810\" data-large_image_height=\"2560\"href='https:\/\/www.radiopiu.net\/wordpress\/wp-content\/uploads\/2024\/07\/Locandina-Salotto-delle-Dolomiti-2024-scaled.jpg'><img loading=\"lazy\" decoding=\"async\" width=\"150\" height=\"150\" src=\"https:\/\/www.radiopiu.net\/wordpress\/wp-content\/uploads\/2024\/07\/Locandina-Salotto-delle-Dolomiti-2024-150x150.jpg\" class=\"attachment-thumbnail size-thumbnail\" alt=\"\" aria-describedby=\"gallery-5-399554\" \/><\/a>\n\t\t\t\t<\/dt>\n\t\t\t\t\t<dd class='wp-caption-text gallery-caption' id='gallery-5-399554'>\n\t\t\t\t\tIL SALOTTO DELLE DOLOMITI A CANALE D&#8217;AGORDO\n\t\t\t\t\t<\/dd><\/dl><br style=\"clear: both\" \/>\n\t\t\t<\/div>\n\n<p>&nbsp;<\/p>\n<p><strong><a class=\"dt-pswp-item\" href=\"https:\/\/www.radiopiu.net\/wordpress\/wp-content\/uploads\/2024\/07\/19da2b39-b827-425d-a773-bb4b721521cd.jpg\" data-dt-img-description=\"\" data-large_image_width=\"1125\" data-large_image_height=\"1126\"><img loading=\"lazy\" decoding=\"async\" class=\" wp-image-399343 alignleft\" src=\"https:\/\/www.radiopiu.net\/wordpress\/wp-content\/uploads\/2024\/07\/19da2b39-b827-425d-a773-bb4b721521cd-300x300.jpg\" alt=\"\" width=\"125\" height=\"125\" srcset=\"https:\/\/www.radiopiu.net\/wordpress\/wp-content\/uploads\/2024\/07\/19da2b39-b827-425d-a773-bb4b721521cd-300x300.jpg 300w, https:\/\/www.radiopiu.net\/wordpress\/wp-content\/uploads\/2024\/07\/19da2b39-b827-425d-a773-bb4b721521cd-1024x1024.jpg 1024w, https:\/\/www.radiopiu.net\/wordpress\/wp-content\/uploads\/2024\/07\/19da2b39-b827-425d-a773-bb4b721521cd-150x150.jpg 150w, https:\/\/www.radiopiu.net\/wordpress\/wp-content\/uploads\/2024\/07\/19da2b39-b827-425d-a773-bb4b721521cd-768x769.jpg 768w, https:\/\/www.radiopiu.net\/wordpress\/wp-content\/uploads\/2024\/07\/19da2b39-b827-425d-a773-bb4b721521cd.jpg 1125w\" sizes=\"auto, (max-width: 125px) 100vw, 125px\" \/><\/a>FALCADE<\/strong> Tornano le proiezioni al Cinema Dolomiti di Falcade. Fine settimana dedicato al film d&#8217;azione &#8220;Bad Boys: Ride Or Die&#8221;. Spettacoli venerd\u00ec, sabato e domenica alle 21:15. Domenica anche alle 17<\/p>\n<\/div>\n<\/div>\n<\/div>\n<p>Mercatino Dolomiti Agordine, antiquariato, domenica 21 luglio, 4 e 10 agosto ad Agordo, 13 agosto Forcella Aurine.<\/p>\n<p><strong>SOSPIROLO <\/strong>Domenica 21 luglio alle 17.30 a Susin concerto della Filarmonica di Lentiai diretta dal M\u00b0 Domenico Vello per la rassegna Musica nei cortivi (Pro Loco-Comitato S.Martino Susin)<\/p>\n<h2><\/h2>\n<h2><\/h2>\n<p>&nbsp;<\/p>\n<p>&nbsp;<\/p>\n<p>&nbsp;<\/p>\n<p>&nbsp;<\/p>\n<hr \/>\n<p>&nbsp;<\/p>\n<p><a class=\"dt-pswp-item\" href=\"https:\/\/www.radiopiu.net\/wordpress\/wp-content\/uploads\/2018\/09\/viabilita.jpeg\" data-dt-img-description=\"\" data-large_image_width=\"800\" data-large_image_height=\"100\"><img loading=\"lazy\" decoding=\"async\" class=\"aligncenter wp-image-61954 size-full\" src=\"https:\/\/www.radiopiu.net\/wordpress\/wp-content\/uploads\/2018\/09\/viabilita.jpeg\" alt=\"\" width=\"800\" height=\"100\" srcset=\"https:\/\/www.radiopiu.net\/wordpress\/wp-content\/uploads\/2018\/09\/viabilita.jpeg 800w, https:\/\/www.radiopiu.net\/wordpress\/wp-content\/uploads\/2018\/09\/viabilita-300x38.jpeg 300w, https:\/\/www.radiopiu.net\/wordpress\/wp-content\/uploads\/2018\/09\/viabilita-768x96.jpeg 768w\" sizes=\"auto, (max-width: 800px) 100vw, 800px\" \/><\/a><\/p>\n<p>&nbsp;<\/p>\n<p><a class=\"dt-pswp-item\" href=\"https:\/\/www.radiopiu.net\/wordpress\/wp-content\/uploads\/2023\/12\/botol-car-service.jpg\" data-dt-img-description=\"\" data-large_image_width=\"600\" data-large_image_height=\"600\"><img loading=\"lazy\" decoding=\"async\" class=\"size-medium wp-image-367044 aligncenter\" src=\"https:\/\/www.radiopiu.net\/wordpress\/wp-content\/uploads\/2023\/12\/botol-car-service-300x300.jpg\" alt=\"\" width=\"300\" height=\"300\" srcset=\"https:\/\/www.radiopiu.net\/wordpress\/wp-content\/uploads\/2023\/12\/botol-car-service-300x300.jpg 300w, https:\/\/www.radiopiu.net\/wordpress\/wp-content\/uploads\/2023\/12\/botol-car-service-150x150.jpg 150w, https:\/\/www.radiopiu.net\/wordpress\/wp-content\/uploads\/2023\/12\/botol-car-service.jpg 600w\" sizes=\"auto, (max-width: 300px) 100vw, 300px\" \/><\/a><\/p>\n<p>&nbsp;<\/p>\n<p>&nbsp;<\/p>\n<h1>BOLLETTINO QUOTIDIANO, CLICCA QUI<\/h1>\n<blockquote class=\"wp-embedded-content\" data-secret=\"51Wdm8ZZvy\"><p><a href=\"https:\/\/www.radiopiu.net\/wordpress\/viabilita-2\/\">viabilita<\/a><\/p><\/blockquote>\n<p><iframe loading=\"lazy\" class=\"wp-embedded-content\" sandbox=\"allow-scripts\" security=\"restricted\" style=\"position: absolute; clip: rect(1px, 1px, 1px, 1px);\" title=\"&#8220;viabilita&#8221; &#8212; Radio Pi\u00f9\" src=\"https:\/\/www.radiopiu.net\/wordpress\/viabilita-2\/embed\/#?secret=wH5iy52uE7#?secret=51Wdm8ZZvy\" data-secret=\"51Wdm8ZZvy\" width=\"600\" height=\"338\" frameborder=\"0\" marginwidth=\"0\" marginheight=\"0\" scrolling=\"no\"><\/iframe><\/p>\n<p>&nbsp;<\/p>\n<p>&nbsp;<\/p>\n<hr \/>\n<p>&nbsp;<\/p>\n<p><a class=\"dt-pswp-item\" href=\"https:\/\/www.radiopiu.net\/wordpress\/wp-content\/uploads\/2018\/09\/WhatsApp-Image-2018-09-20-at-16.04.06.jpeg\" data-dt-img-description=\"\" data-large_image_width=\"800\" data-large_image_height=\"100\"><img loading=\"lazy\" decoding=\"async\" class=\"wp-image-61378 size-full aligncenter\" src=\"https:\/\/www.radiopiu.net\/wordpress\/wp-content\/uploads\/2018\/09\/WhatsApp-Image-2018-09-20-at-16.04.06.jpeg\" alt=\"\" width=\"800\" height=\"100\" srcset=\"https:\/\/www.radiopiu.net\/wordpress\/wp-content\/uploads\/2018\/09\/WhatsApp-Image-2018-09-20-at-16.04.06.jpeg 800w, https:\/\/www.radiopiu.net\/wordpress\/wp-content\/uploads\/2018\/09\/WhatsApp-Image-2018-09-20-at-16.04.06-300x38.jpeg 300w, https:\/\/www.radiopiu.net\/wordpress\/wp-content\/uploads\/2018\/09\/WhatsApp-Image-2018-09-20-at-16.04.06-768x96.jpeg 768w\" sizes=\"auto, (max-width: 800px) 100vw, 800px\" \/><\/a><\/p>\n<p><center><\/center><center><\/center><center><\/center><center><\/center><center><\/center><center><\/center>&nbsp;<\/p>\n<p><center><\/center><center><\/center><center><b>OGGI<\/b><\/center>Tempo stabile e soleggiato specie al mattino. Nel pomeriggio possibili modesti annuvolamenti a carattere cumuliforme con eventuali sporadici fenomeni, specie sulle Dolomiti.<br \/>\n<b>Precipitazioni: <\/b>Generalmente assenti, al pi\u00f9 limitate a qualche sporadico piovasco nelle ore pi\u00f9 calde, eventualmente un po&#8217; pi\u00f9 probabile sulle Dolomiti<br \/>\n<b>Temperature: <\/b>Nelle valli minime stazionarie e massime in lieve aumento; in quota in generale lieve aumento.<\/p>\n<hr \/>\n<p><center><b>DOMANI<\/b><\/center>Ancora una mattinata soleggiata e stabile, mentre nelle ore calde saranno possibili modesti o moderati annuvolamenti a carattere cumuliforme, eventualmente associati a sporadici fenomeni specie sulle Dolomiti, dove l&#8217;attivit\u00e0 termoconvettiva sar\u00e0 un po&#8217; pi\u00f9 sviluppata dei giorni precedenti.<br \/>\n<b>Precipitazioni: <\/b>Al mattino assenti; dalle ore centrali e al pomeriggio\/sera generalmente assenti sulle Prealpi, mentre sulle Dolomiti potr\u00e0 verificarsi qualche isolato rovescio o temporale di calore<br \/>\n<b>Temperature: <\/b>Minime in lieve aumento, massime senza notevoli variazioni.<\/p>\n<hr \/>\n<p><center><b>MERCOLEDI<\/b><\/center>Ancora una giornata di tempo perlopi\u00f9 soleggiato e stabile, con bassa probabilit\u00e0 di fenomeni, eventualmente solo qualche piovasco sulle Dolomiti; contesto termico molto caldo a tutte le quote, con valori sempre superiori alla norma del periodo, in lieve aumento rispetto al giorno precedente.<\/p>\n<hr \/>\n<p><center><b>GIOVEDI<\/b><\/center>Continua il tempo stabile, prevalentemente soleggiato con qualche cumulo nelle ore pi\u00f9 calde e bassa probabilit\u00e0 di qualche occasionale piovasco o temporale di calore; contesto termico molto caldo a tutte le quote<\/p>\n<p>&nbsp;<\/p>\n<hr \/>\n<p>&nbsp;<\/p>\n<p><a class=\"dt-pswp-item\" href=\"https:\/\/www.radiopiu.net\/wordpress\/wp-content\/uploads\/2018\/09\/sport.jpg\" data-dt-img-description=\"\" data-large_image_width=\"800\" data-large_image_height=\"100\"><img loading=\"lazy\" decoding=\"async\" class=\"aligncenter wp-image-60761 size-full\" src=\"https:\/\/www.radiopiu.net\/wordpress\/wp-content\/uploads\/2018\/09\/sport.jpg\" alt=\"\" width=\"800\" height=\"100\" srcset=\"https:\/\/www.radiopiu.net\/wordpress\/wp-content\/uploads\/2018\/09\/sport.jpg 800w, https:\/\/www.radiopiu.net\/wordpress\/wp-content\/uploads\/2018\/09\/sport-300x38.jpg 300w, https:\/\/www.radiopiu.net\/wordpress\/wp-content\/uploads\/2018\/09\/sport-768x96.jpg 768w\" sizes=\"auto, (max-width: 800px) 100vw, 800px\" \/><\/a><\/p>\n<p>&nbsp;<\/p>\n<p><span style=\"color: #0000ff;\"><strong>CALCIO<\/strong><\/span><\/p>\n<blockquote>\n<h3>TAIBON, GOSALDO, LA VALLE E CANALE ACCEDONO AI QUARTI DI FINALE DEL CAMPIONATO AGORDINO<\/h3>\n<\/blockquote>\n<p><strong><a class=\"dt-pswp-item\" href=\"https:\/\/www.radiopiu.net\/wordpress\/wp-content\/uploads\/2022\/10\/CALCIO-2022-e1665937841126.jpg\" data-dt-img-description=\"\" data-large_image_width=\"400\" data-large_image_height=\"250\"><img loading=\"lazy\" decoding=\"async\" class=\" wp-image-301842 alignleft\" src=\"https:\/\/www.radiopiu.net\/wordpress\/wp-content\/uploads\/2022\/10\/CALCIO-2022-e1665937841126-300x188.jpg\" alt=\"\" width=\"215\" height=\"135\" srcset=\"https:\/\/www.radiopiu.net\/wordpress\/wp-content\/uploads\/2022\/10\/CALCIO-2022-e1665937841126-300x188.jpg 300w, https:\/\/www.radiopiu.net\/wordpress\/wp-content\/uploads\/2022\/10\/CALCIO-2022-e1665937841126.jpg 400w\" sizes=\"auto, (max-width: 215px) 100vw, 215px\" \/><\/a>DI MARCO GAZ<\/strong><\/p>\n<p><strong>REDAZIONE<\/strong> La Valle, Gosaldo, Taibon e Canale sono le squadre che strappano il pass per i quarti di finale. Fodom, Falade\/Caviola, Cencenighe e Rivamonte salutano anzitempo la manifestazione. Il La Valle, sotto 1 a 0 nel primo tempo, pareggia i conti nel secondo tempo e batte il Falcade\/Caviola nei supplementari. Vittoria di misura per il Gosaldo che batte il Fodom ma non senza difficolt\u00e0. Fatica anche il Canale che trova il gol decisivo per la vittoria contro il Rivamonte nel secondo tempo. Tutto facile per il Taibon che cala il poker con il Cencenighe e la prossima settimana affronter\u00e0 il Voltago.<\/p>\n<p><strong>I RISULTATI DEI MINIOTTAVI<\/strong> Gosaldo \u2013 Fodom 1-0, La Valle \u2013 Falcade\/Caviola 2-1 dts, Taibon \u2013 Cencenighe 4-0, Canale \u2013 Rivamonte 1-0.<\/p>\n<p><strong>I QUARTI DI FINALE<\/strong> a Voltago alle 15 Voltago &#8211; Taibon, alle 17:30 Vallada &#8211; Gosaldo. A Canale D\u2019Agordo alle 15 Caprile &#8211; Canale, alle 17:30 Le Ville \u2013 La Valle.<\/p>\n<p><span style=\"color: #008000;\"><strong>CAMPIONATO AGORDINO GIOVANILE<\/strong><\/span><\/p>\n<p>Si chiude la fase a girone del Campionato Agordino Giovanile, Memorial Gabriele Orzetti. Taibon, Canale, Cencenighe e Caprile sono le quattro squadre che passano alla fase finale. Le Ville, La Valle, Fodom e Vallada salutano la competizione. A Cencenighe il La Valle non va oltre l\u20191 a 1 con i padroni di casa. A Voltago il Canale fa un sol boccone del Le Ville rifilando 11 reti e subendone 2. Il Caprile si aggiudica le semifinali grazie al poker rifilato al Fodom mentre il Taibon ha vita facile con il Vallada mettendo a segno 8 gol. Ora una settimana di pausa poi le quattro pretendenti al titolo ritorneranno in campo per le semifinali di Canale D\u2019Agordo.<\/p>\n<p><strong>I RISULTATI <\/strong>Cencenighe \u2013 La Valle 1-1, Le Ville \u2013 Canale 2-11, Caprile \u2013 Fodom 4-0, Vallada \u2013 Taibon 0-8<\/p>\n<p><strong>LA CLASSIFICA <\/strong>Canale e Taibon 19, Cencenighe e Caprile 11, Le Ville\u00a0 10, La Valle 6, Fodom e Vallada 1<\/p>\n<p><strong>LE SEMIFINALI <\/strong>sabato 27 luglio a Canale D\u2019Agordo Canale \u2013 Caprile e Taibon &#8211; Cencenighe<\/p>\n<p>&nbsp;<\/p>\n<blockquote>\n<h3>IL VENEZIA CALCIO A FALCADE<\/h3>\n<\/blockquote>\n<p><strong>FALCADE<\/strong> Presentazione ufficiale del Venezia Calcio dal ritiro di Falcade. A L&#8217;Aivaz la squadra di Serie A si presenta al pubblico.<\/p>\n\n\t\t\t<style type='text\/css'>\n\t\t\t\t#gallery-6 {\n\t\t\t\t\tmargin: auto;\n\t\t\t\t}\n\t\t\t\t#gallery-6 .gallery-item {\n\t\t\t\t\tfloat: left;\n\t\t\t\t\tmargin-top: 10px;\n\t\t\t\t\ttext-align: center;\n\t\t\t\t\twidth: 25%;\n\t\t\t\t}\n\t\t\t\t#gallery-6 img {\n\t\t\t\t\tborder: 2px solid #cfcfcf;\n\t\t\t\t}\n\t\t\t\t#gallery-6 .gallery-caption {\n\t\t\t\t\tmargin-left: 0;\n\t\t\t\t}\n\t\t\t\t\/* see gallery_shortcode() in wp-includes\/media.php *\/\n\t\t\t<\/style>\n\t\t<div id='gallery-6' class='dt-gallery-container gallery galleryid-399339 gallery-columns-4 gallery-size-thumbnail'><dl class='gallery-item'>\n\t\t\t\t<dt class='gallery-icon portrait'>\n\t\t\t\t\t<a class=\"rollover rollover-zoom dt-pswp-item\" title=\"0bbc3211-ad84-41a9-8084-c1c3d1210e89\" data-dt-img-description=\"\" data-large_image_width=\"1152\" data-large_image_height=\"2048\"href='https:\/\/www.radiopiu.net\/wordpress\/wp-content\/uploads\/2024\/07\/0bbc3211-ad84-41a9-8084-c1c3d1210e89.jpg'><img loading=\"lazy\" decoding=\"async\" width=\"150\" height=\"150\" src=\"https:\/\/www.radiopiu.net\/wordpress\/wp-content\/uploads\/2024\/07\/0bbc3211-ad84-41a9-8084-c1c3d1210e89-150x150.jpg\" class=\"attachment-thumbnail size-thumbnail\" alt=\"\" \/><\/a>\n\t\t\t\t<\/dt><\/dl><dl class='gallery-item'>\n\t\t\t\t<dt class='gallery-icon portrait'>\n\t\t\t\t\t<a class=\"rollover rollover-zoom dt-pswp-item\" title=\"52d29b05-f360-4d8a-97b1-0aecb634db2a\" data-dt-img-description=\"\" data-large_image_width=\"1200\" data-large_image_height=\"1600\"href='https:\/\/www.radiopiu.net\/wordpress\/wp-content\/uploads\/2024\/07\/52d29b05-f360-4d8a-97b1-0aecb634db2a.jpg'><img loading=\"lazy\" decoding=\"async\" width=\"150\" height=\"150\" src=\"https:\/\/www.radiopiu.net\/wordpress\/wp-content\/uploads\/2024\/07\/52d29b05-f360-4d8a-97b1-0aecb634db2a-150x150.jpg\" class=\"attachment-thumbnail size-thumbnail\" alt=\"\" \/><\/a>\n\t\t\t\t<\/dt><\/dl><dl class='gallery-item'>\n\t\t\t\t<dt class='gallery-icon portrait'>\n\t\t\t\t\t<a class=\"rollover rollover-zoom dt-pswp-item\" title=\"ea78c178-59e1-4f16-baa8-9be8625214ac\" data-dt-img-description=\"\" data-large_image_width=\"1200\" data-large_image_height=\"1600\"href='https:\/\/www.radiopiu.net\/wordpress\/wp-content\/uploads\/2024\/07\/ea78c178-59e1-4f16-baa8-9be8625214ac.jpg'><img loading=\"lazy\" decoding=\"async\" width=\"150\" height=\"150\" src=\"https:\/\/www.radiopiu.net\/wordpress\/wp-content\/uploads\/2024\/07\/ea78c178-59e1-4f16-baa8-9be8625214ac-150x150.jpg\" class=\"attachment-thumbnail size-thumbnail\" alt=\"\" \/><\/a>\n\t\t\t\t<\/dt><\/dl><dl class='gallery-item'>\n\t\t\t\t<dt class='gallery-icon portrait'>\n\t\t\t\t\t<a class=\"rollover rollover-zoom dt-pswp-item\" title=\"c11512f0-9fb7-4f63-b2ac-d4549a54ac8a\" data-dt-img-description=\"\" data-large_image_width=\"1200\" data-large_image_height=\"1600\"href='https:\/\/www.radiopiu.net\/wordpress\/wp-content\/uploads\/2024\/07\/c11512f0-9fb7-4f63-b2ac-d4549a54ac8a.jpg'><img loading=\"lazy\" decoding=\"async\" width=\"150\" height=\"150\" src=\"https:\/\/www.radiopiu.net\/wordpress\/wp-content\/uploads\/2024\/07\/c11512f0-9fb7-4f63-b2ac-d4549a54ac8a-150x150.jpg\" class=\"attachment-thumbnail size-thumbnail\" alt=\"\" \/><\/a>\n\t\t\t\t<\/dt><\/dl><br style=\"clear: both\" \/><dl class='gallery-item'>\n\t\t\t\t<dt class='gallery-icon portrait'>\n\t\t\t\t\t<a class=\"rollover rollover-zoom dt-pswp-item\" title=\"146377d3-664e-4164-bae4-4207e42327c3\" data-dt-img-description=\"\" data-large_image_width=\"1200\" data-large_image_height=\"1600\"href='https:\/\/www.radiopiu.net\/wordpress\/wp-content\/uploads\/2024\/07\/146377d3-664e-4164-bae4-4207e42327c3.jpg'><img loading=\"lazy\" decoding=\"async\" width=\"150\" height=\"150\" src=\"https:\/\/www.radiopiu.net\/wordpress\/wp-content\/uploads\/2024\/07\/146377d3-664e-4164-bae4-4207e42327c3-150x150.jpg\" class=\"attachment-thumbnail size-thumbnail\" alt=\"\" \/><\/a>\n\t\t\t\t<\/dt><\/dl><dl class='gallery-item'>\n\t\t\t\t<dt class='gallery-icon portrait'>\n\t\t\t\t\t<a class=\"rollover rollover-zoom dt-pswp-item\" title=\"8afb3b44-92f0-46fd-876d-63fd93055d94\" data-dt-img-description=\"\" data-large_image_width=\"1200\" data-large_image_height=\"1600\"href='https:\/\/www.radiopiu.net\/wordpress\/wp-content\/uploads\/2024\/07\/8afb3b44-92f0-46fd-876d-63fd93055d94.jpg'><img loading=\"lazy\" decoding=\"async\" width=\"150\" height=\"150\" src=\"https:\/\/www.radiopiu.net\/wordpress\/wp-content\/uploads\/2024\/07\/8afb3b44-92f0-46fd-876d-63fd93055d94-150x150.jpg\" class=\"attachment-thumbnail size-thumbnail\" alt=\"\" \/><\/a>\n\t\t\t\t<\/dt><\/dl><dl class='gallery-item'>\n\t\t\t\t<dt class='gallery-icon landscape'>\n\t\t\t\t\t<a class=\"rollover rollover-zoom dt-pswp-item\" title=\"942d78b7-3f4c-4f3e-8771-eed173921778\" data-dt-img-description=\"\" data-large_image_width=\"1600\" data-large_image_height=\"1125\"href='https:\/\/www.radiopiu.net\/wordpress\/wp-content\/uploads\/2024\/07\/942d78b7-3f4c-4f3e-8771-eed173921778.jpg'><img loading=\"lazy\" decoding=\"async\" width=\"150\" height=\"150\" src=\"https:\/\/www.radiopiu.net\/wordpress\/wp-content\/uploads\/2024\/07\/942d78b7-3f4c-4f3e-8771-eed173921778-150x150.jpg\" class=\"attachment-thumbnail size-thumbnail\" alt=\"\" \/><\/a>\n\t\t\t\t<\/dt><\/dl><dl class='gallery-item'>\n\t\t\t\t<dt class='gallery-icon landscape'>\n\t\t\t\t\t<a class=\"rollover rollover-zoom dt-pswp-item\" title=\"c9d29d04-764b-46b4-8d42-156aa8213cd8\" data-dt-img-description=\"\" data-large_image_width=\"1600\" data-large_image_height=\"1200\"href='https:\/\/www.radiopiu.net\/wordpress\/wp-content\/uploads\/2024\/07\/c9d29d04-764b-46b4-8d42-156aa8213cd8.jpg'><img loading=\"lazy\" decoding=\"async\" width=\"150\" height=\"150\" src=\"https:\/\/www.radiopiu.net\/wordpress\/wp-content\/uploads\/2024\/07\/c9d29d04-764b-46b4-8d42-156aa8213cd8-150x150.jpg\" class=\"attachment-thumbnail size-thumbnail\" alt=\"\" \/><\/a>\n\t\t\t\t<\/dt><\/dl><br style=\"clear: both\" \/><dl class='gallery-item'>\n\t\t\t\t<dt class='gallery-icon landscape'>\n\t\t\t\t\t<a class=\"rollover rollover-zoom dt-pswp-item\" title=\"f82adb9e-6b84-486b-a091-1ab8b48b9a6e\" data-dt-img-description=\"\" data-large_image_width=\"1600\" data-large_image_height=\"1200\"href='https:\/\/www.radiopiu.net\/wordpress\/wp-content\/uploads\/2024\/07\/f82adb9e-6b84-486b-a091-1ab8b48b9a6e.jpg'><img loading=\"lazy\" decoding=\"async\" width=\"150\" height=\"150\" src=\"https:\/\/www.radiopiu.net\/wordpress\/wp-content\/uploads\/2024\/07\/f82adb9e-6b84-486b-a091-1ab8b48b9a6e-150x150.jpg\" class=\"attachment-thumbnail size-thumbnail\" alt=\"\" \/><\/a>\n\t\t\t\t<\/dt><\/dl><dl class='gallery-item'>\n\t\t\t\t<dt class='gallery-icon landscape'>\n\t\t\t\t\t<a class=\"rollover rollover-zoom dt-pswp-item\" title=\"1fb05202-0e68-459c-bb13-3772db4cc9a9\" data-dt-img-description=\"\" data-large_image_width=\"749\" data-large_image_height=\"625\"href='https:\/\/www.radiopiu.net\/wordpress\/wp-content\/uploads\/2024\/07\/1fb05202-0e68-459c-bb13-3772db4cc9a9.jpg'><img loading=\"lazy\" decoding=\"async\" width=\"150\" height=\"150\" src=\"https:\/\/www.radiopiu.net\/wordpress\/wp-content\/uploads\/2024\/07\/1fb05202-0e68-459c-bb13-3772db4cc9a9-150x150.jpg\" class=\"attachment-thumbnail size-thumbnail\" alt=\"\" \/><\/a>\n\t\t\t\t<\/dt><\/dl><dl class='gallery-item'>\n\t\t\t\t<dt class='gallery-icon portrait'>\n\t\t\t\t\t<a class=\"rollover rollover-zoom dt-pswp-item\" title=\"6647151c-e61b-42c8-b486-68d5e079df51\" data-dt-img-description=\"\" data-large_image_width=\"1244\" data-large_image_height=\"1600\"href='https:\/\/www.radiopiu.net\/wordpress\/wp-content\/uploads\/2024\/07\/6647151c-e61b-42c8-b486-68d5e079df51.jpg'><img loading=\"lazy\" decoding=\"async\" width=\"150\" height=\"150\" src=\"https:\/\/www.radiopiu.net\/wordpress\/wp-content\/uploads\/2024\/07\/6647151c-e61b-42c8-b486-68d5e079df51-150x150.jpg\" class=\"attachment-thumbnail size-thumbnail\" alt=\"\" \/><\/a>\n\t\t\t\t<\/dt><\/dl><dl class='gallery-item'>\n\t\t\t\t<dt class='gallery-icon portrait'>\n\t\t\t\t\t<a class=\"rollover rollover-zoom dt-pswp-item\" title=\"035e7f2c-8dd8-43a2-984b-6eb933eefde3\" data-dt-img-description=\"\" data-large_image_width=\"750\" data-large_image_height=\"1081\"href='https:\/\/www.radiopiu.net\/wordpress\/wp-content\/uploads\/2024\/07\/035e7f2c-8dd8-43a2-984b-6eb933eefde3.jpg'><img loading=\"lazy\" decoding=\"async\" width=\"150\" height=\"150\" src=\"https:\/\/www.radiopiu.net\/wordpress\/wp-content\/uploads\/2024\/07\/035e7f2c-8dd8-43a2-984b-6eb933eefde3-150x150.jpg\" class=\"attachment-thumbnail size-thumbnail\" alt=\"\" \/><\/a>\n\t\t\t\t<\/dt><\/dl><br style=\"clear: both\" \/>\n\t\t\t<\/div>\n\n<p>&nbsp;<\/p>\n<p><strong>LA DIRETTA RADIO PIU&#8217;<\/strong><\/p>\n<p><iframe loading=\"lazy\" title=\"Diretta Esterna Radio Pi\u00f9\" width=\"1200\" height=\"675\" src=\"https:\/\/www.youtube.com\/embed\/8CTysOz_RVU?feature=oembed\" frameborder=\"0\" allow=\"accelerometer; autoplay; clipboard-write; encrypted-media; gyroscope; picture-in-picture; web-share\" referrerpolicy=\"strict-origin-when-cross-origin\" allowfullscreen><\/iframe><\/p>\n<p>&nbsp;<\/p>\n<p><span style=\"color: #0000ff;\"><strong>HOCKEY SU GHIACCIO<\/strong><\/span><\/p>\n<blockquote>\n<h3>NICOLO&#8217; FONTANIVE CONFERMATO NEL ROSTER DELL&#8217;ALLEGHE HOCKEY<\/h3>\n<\/blockquote>\n<p><strong><a class=\"dt-pswp-item\" href=\"https:\/\/www.radiopiu.net\/wordpress\/wp-content\/uploads\/2024\/07\/45812346-02de-42df-8f8a-344e765785cc.jpg\" data-dt-img-description=\"\" data-large_image_width=\"919\" data-large_image_height=\"512\"><img loading=\"lazy\" decoding=\"async\" class=\" wp-image-399504 alignleft\" src=\"https:\/\/www.radiopiu.net\/wordpress\/wp-content\/uploads\/2024\/07\/45812346-02de-42df-8f8a-344e765785cc-300x167.jpg\" alt=\"\" width=\"163\" height=\"91\" srcset=\"https:\/\/www.radiopiu.net\/wordpress\/wp-content\/uploads\/2024\/07\/45812346-02de-42df-8f8a-344e765785cc-300x167.jpg 300w, https:\/\/www.radiopiu.net\/wordpress\/wp-content\/uploads\/2024\/07\/45812346-02de-42df-8f8a-344e765785cc-768x428.jpg 768w, https:\/\/www.radiopiu.net\/wordpress\/wp-content\/uploads\/2024\/07\/45812346-02de-42df-8f8a-344e765785cc.jpg 919w\" sizes=\"auto, (max-width: 163px) 100vw, 163px\" \/><\/a>DI ROBERTO MIANA, PORTAVOCE DELL&#8217;ALLEGHE HOCKEY<\/strong><\/p>\n<p>La Societ\u00e0 Biancorossa annuncia la conferma nel proprio roster di Nicol\u00f2 Fontanive. Attaccante classe 2007 di Alleghe (compir\u00e0 17 anni il prossimo 30 agosto), studia all\u2019Istituto Minerario di Agordo e nel tempo libero ama camminare in montagna. Cresciuto nelle giovanili alleghesi fa ora parte dell\u2019Under 19 biancorossa, dove, nell\u2019ultimo campionato, ha messo a referto 9 reti e 17 assist. Promosso in prima squadra la passata stagione vi ha collezionato 26 presenze. Nicol\u00f2 \u00e8 figlio d\u2019arte: pap\u00e0 Fabrizio \u00e8 stato una colonna della squadra biancorossa tra gli anni Novanta e Duemila, vestendone la casacca per 17 stagioni e totalizzando 657 presenze. Le parole di Nicol\u00f2: \u201cSono entusiasta in vista della nuova stagione e non vedo l\u2019ora di ricominciare. Nello spogliatoio sono il pi\u00f9 giovane, ho legato principalmente con Matteo Da Tos, con il quale vado molto d\u2019accordo. Per quanto riguarda la squadra credo che si possa fare bene, la Societ\u00e0 sta lavorando molto a riguardo e per questo sono fiducioso per il futuro\u201d.<\/p>\n<p>&nbsp;<\/p>\n<p><span style=\"color: #0000ff;\"><strong>GREEN VOLLEY<\/strong><\/span><\/p>\n<blockquote>\n<h3>LA SECONDA TAPPA DEL SUMMER GREEN VOLLEY AGORDINO A LA VALLE<\/h3>\n<\/blockquote>\n<p><strong>LA VALLE<\/strong> Si \u00e8 svolta agli impianti sportivi di Conaggia di La Valle la seconda tappa del Summer Green Volley Agordino organizzato dal Volley Club Agordino. Un vero successo con la bellezza di 20 squadre iscritte. Una giornata di sport, musica e divertimento baciata dal sole. Tante le partite giocate ma alla fine a vincere \u00e8 stata la squadra l&#8217;Openbar Spritz che in finale ha battuto La Bella E La Bestia. Il Summer Green Volley Agordino si dimostra una manifestazione di socializzazione e aggregazione. Ora la prossima tappa a Canale D&#8217;Agordo il 3 agosto.<\/p>\n\n\t\t\t<style type='text\/css'>\n\t\t\t\t#gallery-7 {\n\t\t\t\t\tmargin: auto;\n\t\t\t\t}\n\t\t\t\t#gallery-7 .gallery-item {\n\t\t\t\t\tfloat: left;\n\t\t\t\t\tmargin-top: 10px;\n\t\t\t\t\ttext-align: center;\n\t\t\t\t\twidth: 20%;\n\t\t\t\t}\n\t\t\t\t#gallery-7 img {\n\t\t\t\t\tborder: 2px solid #cfcfcf;\n\t\t\t\t}\n\t\t\t\t#gallery-7 .gallery-caption {\n\t\t\t\t\tmargin-left: 0;\n\t\t\t\t}\n\t\t\t\t\/* see gallery_shortcode() in wp-includes\/media.php *\/\n\t\t\t<\/style>\n\t\t<div id='gallery-7' class='dt-gallery-container gallery galleryid-399339 gallery-columns-5 gallery-size-thumbnail'><dl class='gallery-item'>\n\t\t\t\t<dt class='gallery-icon landscape'>\n\t\t\t\t\t<a class=\"rollover rollover-zoom dt-pswp-item\" title=\"eea8337f-aa40-4c7f-b516-013e73c7421f\" data-dt-img-description=\"\" data-large_image_width=\"1600\" data-large_image_height=\"1204\"href='https:\/\/www.radiopiu.net\/wordpress\/wp-content\/uploads\/2024\/07\/eea8337f-aa40-4c7f-b516-013e73c7421f.jpg'><img loading=\"lazy\" decoding=\"async\" width=\"150\" height=\"150\" src=\"https:\/\/www.radiopiu.net\/wordpress\/wp-content\/uploads\/2024\/07\/eea8337f-aa40-4c7f-b516-013e73c7421f-150x150.jpg\" class=\"attachment-thumbnail size-thumbnail\" alt=\"\" \/><\/a>\n\t\t\t\t<\/dt><\/dl><dl class='gallery-item'>\n\t\t\t\t<dt class='gallery-icon landscape'>\n\t\t\t\t\t<a class=\"rollover rollover-zoom dt-pswp-item\" title=\"a44ea6ba-a01e-42d8-a507-be3c5db7bf6a\" data-dt-img-description=\"\" data-large_image_width=\"1600\" data-large_image_height=\"1204\"href='https:\/\/www.radiopiu.net\/wordpress\/wp-content\/uploads\/2024\/07\/a44ea6ba-a01e-42d8-a507-be3c5db7bf6a.jpg'><img loading=\"lazy\" decoding=\"async\" width=\"150\" height=\"150\" src=\"https:\/\/www.radiopiu.net\/wordpress\/wp-content\/uploads\/2024\/07\/a44ea6ba-a01e-42d8-a507-be3c5db7bf6a-150x150.jpg\" class=\"attachment-thumbnail size-thumbnail\" alt=\"\" \/><\/a>\n\t\t\t\t<\/dt><\/dl><dl class='gallery-item'>\n\t\t\t\t<dt class='gallery-icon landscape'>\n\t\t\t\t\t<a class=\"rollover rollover-zoom dt-pswp-item\" title=\"ff360c74-74d6-4e9e-be55-f2f064d4ff37\" data-dt-img-description=\"\" data-large_image_width=\"1600\" data-large_image_height=\"1204\"href='https:\/\/www.radiopiu.net\/wordpress\/wp-content\/uploads\/2024\/07\/ff360c74-74d6-4e9e-be55-f2f064d4ff37.jpg'><img loading=\"lazy\" decoding=\"async\" width=\"150\" height=\"150\" src=\"https:\/\/www.radiopiu.net\/wordpress\/wp-content\/uploads\/2024\/07\/ff360c74-74d6-4e9e-be55-f2f064d4ff37-150x150.jpg\" class=\"attachment-thumbnail size-thumbnail\" alt=\"\" \/><\/a>\n\t\t\t\t<\/dt><\/dl><dl class='gallery-item'>\n\t\t\t\t<dt class='gallery-icon landscape'>\n\t\t\t\t\t<a class=\"rollover rollover-zoom dt-pswp-item\" title=\"c08f882a-6c76-4036-bc3d-aa446eeab2f6\" data-dt-img-description=\"\" data-large_image_width=\"1600\" data-large_image_height=\"1204\"href='https:\/\/www.radiopiu.net\/wordpress\/wp-content\/uploads\/2024\/07\/c08f882a-6c76-4036-bc3d-aa446eeab2f6.jpg'><img loading=\"lazy\" decoding=\"async\" width=\"150\" height=\"150\" src=\"https:\/\/www.radiopiu.net\/wordpress\/wp-content\/uploads\/2024\/07\/c08f882a-6c76-4036-bc3d-aa446eeab2f6-150x150.jpg\" class=\"attachment-thumbnail size-thumbnail\" alt=\"\" \/><\/a>\n\t\t\t\t<\/dt><\/dl><dl class='gallery-item'>\n\t\t\t\t<dt class='gallery-icon landscape'>\n\t\t\t\t\t<a class=\"rollover rollover-zoom dt-pswp-item\" title=\"2221e5a6-c961-45c5-9910-93364b667674\" data-dt-img-description=\"\" data-large_image_width=\"1600\" data-large_image_height=\"1204\"href='https:\/\/www.radiopiu.net\/wordpress\/wp-content\/uploads\/2024\/07\/2221e5a6-c961-45c5-9910-93364b667674.jpg'><img loading=\"lazy\" decoding=\"async\" width=\"150\" height=\"150\" src=\"https:\/\/www.radiopiu.net\/wordpress\/wp-content\/uploads\/2024\/07\/2221e5a6-c961-45c5-9910-93364b667674-150x150.jpg\" class=\"attachment-thumbnail size-thumbnail\" alt=\"\" \/><\/a>\n\t\t\t\t<\/dt><\/dl><br style=\"clear: both\" \/><dl class='gallery-item'>\n\t\t\t\t<dt class='gallery-icon landscape'>\n\t\t\t\t\t<a class=\"rollover rollover-zoom dt-pswp-item\" title=\"0b4485b8-eb81-4c25-bf56-5ca475b17724\" data-dt-img-description=\"\" data-large_image_width=\"1600\" data-large_image_height=\"1204\"href='https:\/\/www.radiopiu.net\/wordpress\/wp-content\/uploads\/2024\/07\/0b4485b8-eb81-4c25-bf56-5ca475b17724.jpg'><img loading=\"lazy\" decoding=\"async\" width=\"150\" height=\"150\" src=\"https:\/\/www.radiopiu.net\/wordpress\/wp-content\/uploads\/2024\/07\/0b4485b8-eb81-4c25-bf56-5ca475b17724-150x150.jpg\" class=\"attachment-thumbnail size-thumbnail\" alt=\"\" \/><\/a>\n\t\t\t\t<\/dt><\/dl><dl class='gallery-item'>\n\t\t\t\t<dt class='gallery-icon landscape'>\n\t\t\t\t\t<a class=\"rollover rollover-zoom dt-pswp-item\" title=\"40e37ec6-fb2b-4bd2-bb77-218efafba623\" data-dt-img-description=\"\" data-large_image_width=\"1600\" data-large_image_height=\"1204\"href='https:\/\/www.radiopiu.net\/wordpress\/wp-content\/uploads\/2024\/07\/40e37ec6-fb2b-4bd2-bb77-218efafba623.jpg'><img loading=\"lazy\" decoding=\"async\" width=\"150\" height=\"150\" src=\"https:\/\/www.radiopiu.net\/wordpress\/wp-content\/uploads\/2024\/07\/40e37ec6-fb2b-4bd2-bb77-218efafba623-150x150.jpg\" class=\"attachment-thumbnail size-thumbnail\" alt=\"\" \/><\/a>\n\t\t\t\t<\/dt><\/dl><dl class='gallery-item'>\n\t\t\t\t<dt class='gallery-icon landscape'>\n\t\t\t\t\t<a class=\"rollover rollover-zoom dt-pswp-item\" title=\"e207bb57-2752-4422-ba19-c30743f99141\" data-dt-img-description=\"\" data-large_image_width=\"1600\" data-large_image_height=\"1204\"href='https:\/\/www.radiopiu.net\/wordpress\/wp-content\/uploads\/2024\/07\/e207bb57-2752-4422-ba19-c30743f99141.jpg'><img loading=\"lazy\" decoding=\"async\" width=\"150\" height=\"150\" src=\"https:\/\/www.radiopiu.net\/wordpress\/wp-content\/uploads\/2024\/07\/e207bb57-2752-4422-ba19-c30743f99141-150x150.jpg\" class=\"attachment-thumbnail size-thumbnail\" alt=\"\" \/><\/a>\n\t\t\t\t<\/dt><\/dl><dl class='gallery-item'>\n\t\t\t\t<dt class='gallery-icon landscape'>\n\t\t\t\t\t<a class=\"rollover rollover-zoom dt-pswp-item\" title=\"cb12bded-460a-4c6e-a6c3-26e3a3053019\" data-dt-img-description=\"\" data-large_image_width=\"1600\" data-large_image_height=\"1204\"href='https:\/\/www.radiopiu.net\/wordpress\/wp-content\/uploads\/2024\/07\/cb12bded-460a-4c6e-a6c3-26e3a3053019.jpg'><img loading=\"lazy\" decoding=\"async\" width=\"150\" height=\"150\" src=\"https:\/\/www.radiopiu.net\/wordpress\/wp-content\/uploads\/2024\/07\/cb12bded-460a-4c6e-a6c3-26e3a3053019-150x150.jpg\" class=\"attachment-thumbnail size-thumbnail\" alt=\"\" \/><\/a>\n\t\t\t\t<\/dt><\/dl><dl class='gallery-item'>\n\t\t\t\t<dt class='gallery-icon landscape'>\n\t\t\t\t\t<a class=\"rollover rollover-zoom dt-pswp-item\" title=\"e52b8593-bcd8-4d4b-b46e-f704550af169\" data-dt-img-description=\"\" data-large_image_width=\"2048\" data-large_image_height=\"1152\"href='https:\/\/www.radiopiu.net\/wordpress\/wp-content\/uploads\/2024\/07\/e52b8593-bcd8-4d4b-b46e-f704550af169-rotated.jpg'><img loading=\"lazy\" decoding=\"async\" width=\"150\" height=\"150\" src=\"https:\/\/www.radiopiu.net\/wordpress\/wp-content\/uploads\/2024\/07\/e52b8593-bcd8-4d4b-b46e-f704550af169-150x150.jpg\" class=\"attachment-thumbnail size-thumbnail\" alt=\"\" \/><\/a>\n\t\t\t\t<\/dt><\/dl><br style=\"clear: both\" \/>\n\t\t\t<\/div>\n\n<p>&nbsp;<\/p>\n<p><strong>LE SQUADRE<\/strong><\/p>\n\n\t\t\t<style type='text\/css'>\n\t\t\t\t#gallery-8 {\n\t\t\t\t\tmargin: auto;\n\t\t\t\t}\n\t\t\t\t#gallery-8 .gallery-item {\n\t\t\t\t\tfloat: left;\n\t\t\t\t\tmargin-top: 10px;\n\t\t\t\t\ttext-align: center;\n\t\t\t\t\twidth: 14%;\n\t\t\t\t}\n\t\t\t\t#gallery-8 img {\n\t\t\t\t\tborder: 2px solid #cfcfcf;\n\t\t\t\t}\n\t\t\t\t#gallery-8 .gallery-caption {\n\t\t\t\t\tmargin-left: 0;\n\t\t\t\t}\n\t\t\t\t\/* see gallery_shortcode() in wp-includes\/media.php *\/\n\t\t\t<\/style>\n\t\t<div id='gallery-8' class='dt-gallery-container gallery galleryid-399339 gallery-columns-7 gallery-size-thumbnail'><dl class='gallery-item'>\n\t\t\t\t<dt class='gallery-icon portrait'>\n\t\t\t\t\t<a class=\"rollover\" href='https:\/\/www.radiopiu.net\/wordpress\/la-seconda-tappa-del-green-volley-agordino-a-la-valle\/7cf86e91-047f-4b30-9545-3ba81d17548c\/'><img loading=\"lazy\" decoding=\"async\" width=\"150\" height=\"150\" src=\"https:\/\/www.radiopiu.net\/wordpress\/wp-content\/uploads\/2024\/07\/7cf86e91-047f-4b30-9545-3ba81d17548c-150x150.jpg\" class=\"attachment-thumbnail size-thumbnail\" alt=\"\" \/><\/a>\n\t\t\t\t<\/dt><\/dl><dl class='gallery-item'>\n\t\t\t\t<dt class='gallery-icon landscape'>\n\t\t\t\t\t<a class=\"rollover\" href='https:\/\/www.radiopiu.net\/wordpress\/la-seconda-tappa-del-green-volley-agordino-a-la-valle\/736cd88d-aeee-41a8-b819-ed9ef180cc88\/'><img loading=\"lazy\" decoding=\"async\" width=\"150\" height=\"150\" src=\"https:\/\/www.radiopiu.net\/wordpress\/wp-content\/uploads\/2024\/07\/736cd88d-aeee-41a8-b819-ed9ef180cc88-150x150.jpg\" class=\"attachment-thumbnail size-thumbnail\" alt=\"\" \/><\/a>\n\t\t\t\t<\/dt><\/dl><dl class='gallery-item'>\n\t\t\t\t<dt class='gallery-icon portrait'>\n\t\t\t\t\t<a class=\"rollover\" href='https:\/\/www.radiopiu.net\/wordpress\/la-seconda-tappa-del-green-volley-agordino-a-la-valle\/9f2173b0-14aa-4174-ab7e-64e79a343f7a\/'><img loading=\"lazy\" decoding=\"async\" width=\"150\" height=\"150\" src=\"https:\/\/www.radiopiu.net\/wordpress\/wp-content\/uploads\/2024\/07\/9f2173b0-14aa-4174-ab7e-64e79a343f7a-150x150.jpg\" class=\"attachment-thumbnail size-thumbnail\" alt=\"\" \/><\/a>\n\t\t\t\t<\/dt><\/dl><dl class='gallery-item'>\n\t\t\t\t<dt class='gallery-icon portrait'>\n\t\t\t\t\t<a class=\"rollover\" href='https:\/\/www.radiopiu.net\/wordpress\/la-seconda-tappa-del-green-volley-agordino-a-la-valle\/bb876ffe-2571-414a-a9ff-89df419ff2de\/'><img loading=\"lazy\" decoding=\"async\" width=\"150\" height=\"150\" src=\"https:\/\/www.radiopiu.net\/wordpress\/wp-content\/uploads\/2024\/07\/bb876ffe-2571-414a-a9ff-89df419ff2de-150x150.jpg\" class=\"attachment-thumbnail size-thumbnail\" alt=\"\" \/><\/a>\n\t\t\t\t<\/dt><\/dl><dl class='gallery-item'>\n\t\t\t\t<dt class='gallery-icon landscape'>\n\t\t\t\t\t<a class=\"rollover\" href='https:\/\/www.radiopiu.net\/wordpress\/la-seconda-tappa-del-green-volley-agordino-a-la-valle\/e70f17c4-3639-433d-8b6c-218877868bec\/'><img loading=\"lazy\" decoding=\"async\" width=\"150\" height=\"150\" src=\"https:\/\/www.radiopiu.net\/wordpress\/wp-content\/uploads\/2024\/07\/e70f17c4-3639-433d-8b6c-218877868bec-150x150.jpg\" class=\"attachment-thumbnail size-thumbnail\" alt=\"\" \/><\/a>\n\t\t\t\t<\/dt><\/dl><dl class='gallery-item'>\n\t\t\t\t<dt class='gallery-icon portrait'>\n\t\t\t\t\t<a class=\"rollover\" href='https:\/\/www.radiopiu.net\/wordpress\/la-seconda-tappa-del-green-volley-agordino-a-la-valle\/32b65602-a25b-49df-8ec5-f32c0c8e4778\/'><img loading=\"lazy\" decoding=\"async\" width=\"150\" height=\"150\" src=\"https:\/\/www.radiopiu.net\/wordpress\/wp-content\/uploads\/2024\/07\/32b65602-a25b-49df-8ec5-f32c0c8e4778-150x150.jpg\" class=\"attachment-thumbnail size-thumbnail\" alt=\"\" \/><\/a>\n\t\t\t\t<\/dt><\/dl><dl class='gallery-item'>\n\t\t\t\t<dt class='gallery-icon landscape'>\n\t\t\t\t\t<a class=\"rollover\" href='https:\/\/www.radiopiu.net\/wordpress\/la-seconda-tappa-del-green-volley-agordino-a-la-valle\/5132a137-cf06-4cf1-a5e3-ff7f4fd40ff6\/'><img loading=\"lazy\" decoding=\"async\" width=\"150\" height=\"150\" src=\"https:\/\/www.radiopiu.net\/wordpress\/wp-content\/uploads\/2024\/07\/5132a137-cf06-4cf1-a5e3-ff7f4fd40ff6-150x150.jpg\" class=\"attachment-thumbnail size-thumbnail\" alt=\"\" \/><\/a>\n\t\t\t\t<\/dt><\/dl><br style=\"clear: both\" \/><dl class='gallery-item'>\n\t\t\t\t<dt class='gallery-icon landscape'>\n\t\t\t\t\t<a class=\"rollover\" href='https:\/\/www.radiopiu.net\/wordpress\/la-seconda-tappa-del-green-volley-agordino-a-la-valle\/4a78fe8f-44d0-4286-a81b-ca6c3bc197c7\/'><img loading=\"lazy\" decoding=\"async\" width=\"150\" height=\"150\" src=\"https:\/\/www.radiopiu.net\/wordpress\/wp-content\/uploads\/2024\/07\/4a78fe8f-44d0-4286-a81b-ca6c3bc197c7-150x150.jpg\" class=\"attachment-thumbnail size-thumbnail\" alt=\"\" \/><\/a>\n\t\t\t\t<\/dt><\/dl><dl class='gallery-item'>\n\t\t\t\t<dt class='gallery-icon landscape'>\n\t\t\t\t\t<a class=\"rollover\" href='https:\/\/www.radiopiu.net\/wordpress\/la-seconda-tappa-del-green-volley-agordino-a-la-valle\/a8e131c1-de5f-4f5a-bd89-1a4ce24a34c4\/'><img loading=\"lazy\" decoding=\"async\" width=\"150\" height=\"150\" src=\"https:\/\/www.radiopiu.net\/wordpress\/wp-content\/uploads\/2024\/07\/a8e131c1-de5f-4f5a-bd89-1a4ce24a34c4-150x150.jpg\" class=\"attachment-thumbnail size-thumbnail\" alt=\"\" \/><\/a>\n\t\t\t\t<\/dt><\/dl><dl class='gallery-item'>\n\t\t\t\t<dt class='gallery-icon landscape'>\n\t\t\t\t\t<a class=\"rollover\" href='https:\/\/www.radiopiu.net\/wordpress\/la-seconda-tappa-del-green-volley-agordino-a-la-valle\/405f374d-877f-44c5-826c-ea165b771074\/'><img loading=\"lazy\" decoding=\"async\" width=\"150\" height=\"150\" src=\"https:\/\/www.radiopiu.net\/wordpress\/wp-content\/uploads\/2024\/07\/405f374d-877f-44c5-826c-ea165b771074-150x150.jpg\" class=\"attachment-thumbnail size-thumbnail\" alt=\"\" \/><\/a>\n\t\t\t\t<\/dt><\/dl><dl class='gallery-item'>\n\t\t\t\t<dt class='gallery-icon portrait'>\n\t\t\t\t\t<a class=\"rollover\" href='https:\/\/www.radiopiu.net\/wordpress\/la-seconda-tappa-del-green-volley-agordino-a-la-valle\/c7ef81dc-d2a3-4241-8c39-728aaa78e15b\/'><img loading=\"lazy\" decoding=\"async\" width=\"150\" height=\"150\" src=\"https:\/\/www.radiopiu.net\/wordpress\/wp-content\/uploads\/2024\/07\/c7ef81dc-d2a3-4241-8c39-728aaa78e15b-150x150.jpg\" class=\"attachment-thumbnail size-thumbnail\" alt=\"\" \/><\/a>\n\t\t\t\t<\/dt><\/dl><dl class='gallery-item'>\n\t\t\t\t<dt class='gallery-icon portrait'>\n\t\t\t\t\t<a class=\"rollover\" href='https:\/\/www.radiopiu.net\/wordpress\/la-seconda-tappa-del-green-volley-agordino-a-la-valle\/dc993b2a-18b7-41a9-9673-9d995362c841\/'><img loading=\"lazy\" decoding=\"async\" width=\"150\" height=\"150\" src=\"https:\/\/www.radiopiu.net\/wordpress\/wp-content\/uploads\/2024\/07\/dc993b2a-18b7-41a9-9673-9d995362c841-150x150.jpg\" class=\"attachment-thumbnail size-thumbnail\" alt=\"\" \/><\/a>\n\t\t\t\t<\/dt><\/dl><dl class='gallery-item'>\n\t\t\t\t<dt class='gallery-icon portrait'>\n\t\t\t\t\t<a class=\"rollover\" href='https:\/\/www.radiopiu.net\/wordpress\/la-seconda-tappa-del-green-volley-agordino-a-la-valle\/85936d4a-f84a-49da-9d7a-fef7665bf910\/'><img loading=\"lazy\" decoding=\"async\" width=\"150\" height=\"150\" src=\"https:\/\/www.radiopiu.net\/wordpress\/wp-content\/uploads\/2024\/07\/85936d4a-f84a-49da-9d7a-fef7665bf910-150x150.jpg\" class=\"attachment-thumbnail size-thumbnail\" alt=\"\" \/><\/a>\n\t\t\t\t<\/dt><\/dl><dl class='gallery-item'>\n\t\t\t\t<dt class='gallery-icon landscape'>\n\t\t\t\t\t<a class=\"rollover\" href='https:\/\/www.radiopiu.net\/wordpress\/la-seconda-tappa-del-green-volley-agordino-a-la-valle\/034748d7-0014-4612-a18d-2229ee9fe9e5\/'><img loading=\"lazy\" decoding=\"async\" width=\"150\" height=\"150\" src=\"https:\/\/www.radiopiu.net\/wordpress\/wp-content\/uploads\/2024\/07\/034748d7-0014-4612-a18d-2229ee9fe9e5-150x150.jpg\" class=\"attachment-thumbnail size-thumbnail\" alt=\"\" \/><\/a>\n\t\t\t\t<\/dt><\/dl><br style=\"clear: both\" \/><dl class='gallery-item'>\n\t\t\t\t<dt class='gallery-icon landscape'>\n\t\t\t\t\t<a class=\"rollover\" href='https:\/\/www.radiopiu.net\/wordpress\/la-seconda-tappa-del-green-volley-agordino-a-la-valle\/060a2f6e-0418-4f37-be24-e6119384869f\/'><img loading=\"lazy\" decoding=\"async\" width=\"150\" height=\"150\" src=\"https:\/\/www.radiopiu.net\/wordpress\/wp-content\/uploads\/2024\/07\/060a2f6e-0418-4f37-be24-e6119384869f-150x150.jpg\" class=\"attachment-thumbnail size-thumbnail\" alt=\"\" \/><\/a>\n\t\t\t\t<\/dt><\/dl><dl class='gallery-item'>\n\t\t\t\t<dt class='gallery-icon landscape'>\n\t\t\t\t\t<a class=\"rollover\" href='https:\/\/www.radiopiu.net\/wordpress\/la-seconda-tappa-del-green-volley-agordino-a-la-valle\/ffea9452-0fdb-4fb1-8239-c272f8cd6256\/'><img loading=\"lazy\" decoding=\"async\" width=\"150\" height=\"150\" src=\"https:\/\/www.radiopiu.net\/wordpress\/wp-content\/uploads\/2024\/07\/ffea9452-0fdb-4fb1-8239-c272f8cd6256-150x150.jpg\" class=\"attachment-thumbnail size-thumbnail\" alt=\"\" \/><\/a>\n\t\t\t\t<\/dt><\/dl><dl class='gallery-item'>\n\t\t\t\t<dt class='gallery-icon portrait'>\n\t\t\t\t\t<a class=\"rollover\" href='https:\/\/www.radiopiu.net\/wordpress\/la-seconda-tappa-del-green-volley-agordino-a-la-valle\/4b5a6b4b-d2a1-4d01-a71f-ea9ae7aeb49d\/'><img loading=\"lazy\" decoding=\"async\" width=\"150\" height=\"150\" src=\"https:\/\/www.radiopiu.net\/wordpress\/wp-content\/uploads\/2024\/07\/4b5a6b4b-d2a1-4d01-a71f-ea9ae7aeb49d-150x150.jpg\" class=\"attachment-thumbnail size-thumbnail\" alt=\"\" \/><\/a>\n\t\t\t\t<\/dt><\/dl><dl class='gallery-item'>\n\t\t\t\t<dt class='gallery-icon portrait'>\n\t\t\t\t\t<a class=\"rollover\" href='https:\/\/www.radiopiu.net\/wordpress\/la-seconda-tappa-del-green-volley-agordino-a-la-valle\/439a6ae1-e1b5-4b41-ad3e-4c06ab2abdc0\/'><img loading=\"lazy\" decoding=\"async\" width=\"150\" height=\"150\" src=\"https:\/\/www.radiopiu.net\/wordpress\/wp-content\/uploads\/2024\/07\/439a6ae1-e1b5-4b41-ad3e-4c06ab2abdc0-150x150.jpg\" class=\"attachment-thumbnail size-thumbnail\" alt=\"\" \/><\/a>\n\t\t\t\t<\/dt><\/dl><dl class='gallery-item'>\n\t\t\t\t<dt class='gallery-icon portrait'>\n\t\t\t\t\t<a class=\"rollover\" href='https:\/\/www.radiopiu.net\/wordpress\/la-seconda-tappa-del-green-volley-agordino-a-la-valle\/0189ed7d-794e-4df2-9ad2-117ba579e8fc\/'><img loading=\"lazy\" decoding=\"async\" width=\"150\" height=\"150\" src=\"https:\/\/www.radiopiu.net\/wordpress\/wp-content\/uploads\/2024\/07\/0189ed7d-794e-4df2-9ad2-117ba579e8fc-150x150.jpg\" class=\"attachment-thumbnail size-thumbnail\" alt=\"\" \/><\/a>\n\t\t\t\t<\/dt><\/dl><dl class='gallery-item'>\n\t\t\t\t<dt class='gallery-icon landscape'>\n\t\t\t\t\t<a class=\"rollover\" href='https:\/\/www.radiopiu.net\/wordpress\/la-seconda-tappa-del-green-volley-agordino-a-la-valle\/65008f64-565f-4c18-a2fe-a71b1b8eb86c\/'><img loading=\"lazy\" decoding=\"async\" width=\"150\" height=\"150\" src=\"https:\/\/www.radiopiu.net\/wordpress\/wp-content\/uploads\/2024\/07\/65008f64-565f-4c18-a2fe-a71b1b8eb86c-150x150.jpg\" class=\"attachment-thumbnail size-thumbnail\" alt=\"\" \/><\/a>\n\t\t\t\t<\/dt><\/dl><dl class='gallery-item'>\n\t\t\t\t<dt class='gallery-icon landscape'>\n\t\t\t\t\t<a class=\"rollover\" href='https:\/\/www.radiopiu.net\/wordpress\/la-seconda-tappa-del-green-volley-agordino-a-la-valle\/8864bffd-9284-43a8-ad04-298a955deaa3\/'><img loading=\"lazy\" decoding=\"async\" width=\"150\" height=\"150\" src=\"https:\/\/www.radiopiu.net\/wordpress\/wp-content\/uploads\/2024\/07\/8864bffd-9284-43a8-ad04-298a955deaa3-150x150.jpg\" class=\"attachment-thumbnail size-thumbnail\" alt=\"\" \/><\/a>\n\t\t\t\t<\/dt><\/dl><br style=\"clear: both\" \/>\n\t\t\t<\/div>\n\n<p>&nbsp;<\/p>\n<p><strong>LE PREMIAZIONI<\/strong><\/p>\n\n\t\t\t<style type='text\/css'>\n\t\t\t\t#gallery-9 {\n\t\t\t\t\tmargin: auto;\n\t\t\t\t}\n\t\t\t\t#gallery-9 .gallery-item {\n\t\t\t\t\tfloat: left;\n\t\t\t\t\tmargin-top: 10px;\n\t\t\t\t\ttext-align: center;\n\t\t\t\t\twidth: 20%;\n\t\t\t\t}\n\t\t\t\t#gallery-9 img {\n\t\t\t\t\tborder: 2px solid #cfcfcf;\n\t\t\t\t}\n\t\t\t\t#gallery-9 .gallery-caption {\n\t\t\t\t\tmargin-left: 0;\n\t\t\t\t}\n\t\t\t\t\/* see gallery_shortcode() in wp-includes\/media.php *\/\n\t\t\t<\/style>\n\t\t<div id='gallery-9' class='dt-gallery-container gallery galleryid-399339 gallery-columns-5 gallery-size-thumbnail'><dl class='gallery-item'>\n\t\t\t\t<dt class='gallery-icon portrait'>\n\t\t\t\t\t<a class=\"rollover\" href='https:\/\/www.radiopiu.net\/wordpress\/la-seconda-tappa-del-green-volley-agordino-a-la-valle\/3b4dd7a3-3626-4ffc-be69-e8a970e3a055\/'><img loading=\"lazy\" decoding=\"async\" width=\"150\" height=\"150\" src=\"https:\/\/www.radiopiu.net\/wordpress\/wp-content\/uploads\/2024\/07\/3b4dd7a3-3626-4ffc-be69-e8a970e3a055-150x150.jpg\" class=\"attachment-thumbnail size-thumbnail\" alt=\"\" \/><\/a>\n\t\t\t\t<\/dt><\/dl><dl class='gallery-item'>\n\t\t\t\t<dt class='gallery-icon portrait'>\n\t\t\t\t\t<a class=\"rollover\" href='https:\/\/www.radiopiu.net\/wordpress\/la-seconda-tappa-del-green-volley-agordino-a-la-valle\/03c4dcc8-1fb4-4dbf-986c-6c394bdbf9a9\/'><img loading=\"lazy\" decoding=\"async\" width=\"150\" height=\"150\" src=\"https:\/\/www.radiopiu.net\/wordpress\/wp-content\/uploads\/2024\/07\/03c4dcc8-1fb4-4dbf-986c-6c394bdbf9a9-150x150.jpg\" class=\"attachment-thumbnail size-thumbnail\" alt=\"\" \/><\/a>\n\t\t\t\t<\/dt><\/dl><dl class='gallery-item'>\n\t\t\t\t<dt class='gallery-icon portrait'>\n\t\t\t\t\t<a class=\"rollover\" href='https:\/\/www.radiopiu.net\/wordpress\/la-seconda-tappa-del-green-volley-agordino-a-la-valle\/8f9c581d-0c9b-44d9-9fb2-47bd8f853b58\/'><img loading=\"lazy\" decoding=\"async\" width=\"150\" height=\"150\" src=\"https:\/\/www.radiopiu.net\/wordpress\/wp-content\/uploads\/2024\/07\/8f9c581d-0c9b-44d9-9fb2-47bd8f853b58-150x150.jpg\" class=\"attachment-thumbnail size-thumbnail\" alt=\"\" \/><\/a>\n\t\t\t\t<\/dt><\/dl><dl class='gallery-item'>\n\t\t\t\t<dt class='gallery-icon portrait'>\n\t\t\t\t\t<a class=\"rollover\" href='https:\/\/www.radiopiu.net\/wordpress\/la-seconda-tappa-del-green-volley-agordino-a-la-valle\/5828994b-e490-496a-a2a8-c1b522007086\/'><img loading=\"lazy\" decoding=\"async\" width=\"150\" height=\"150\" src=\"https:\/\/www.radiopiu.net\/wordpress\/wp-content\/uploads\/2024\/07\/5828994b-e490-496a-a2a8-c1b522007086-150x150.jpg\" class=\"attachment-thumbnail size-thumbnail\" alt=\"\" \/><\/a>\n\t\t\t\t<\/dt><\/dl><dl class='gallery-item'>\n\t\t\t\t<dt class='gallery-icon portrait'>\n\t\t\t\t\t<a class=\"rollover\" href='https:\/\/www.radiopiu.net\/wordpress\/la-seconda-tappa-del-green-volley-agordino-a-la-valle\/bdb05e72-ee5f-46ac-ac03-bd6c46a43933\/'><img loading=\"lazy\" decoding=\"async\" width=\"150\" height=\"150\" src=\"https:\/\/www.radiopiu.net\/wordpress\/wp-content\/uploads\/2024\/07\/bdb05e72-ee5f-46ac-ac03-bd6c46a43933-150x150.jpg\" class=\"attachment-thumbnail size-thumbnail\" alt=\"\" \/><\/a>\n\t\t\t\t<\/dt><\/dl><br style=\"clear: both\" \/>\n\t\t\t<\/div>\n\n<p>&nbsp;<\/p>\n<p><span style=\"color: #0000ff;\"><strong>MOTORI<\/strong><\/span><\/p>\n<blockquote>\n<h3>IL GEMELLAGGIO TRA AEREI E AUTO D&#8217;EPOCA<\/h3>\n<\/blockquote>\n<p><strong>BELLUNO<\/strong><\/p>\n<p>DI ROBERTO BONA<\/p>\n<audio class=\"wp-audio-shortcode\" id=\"audio-399339-11\" preload=\"none\" style=\"width: 100%;\" controls=\"controls\"><source type=\"audio\/mpeg\" src=\"https:\/\/www.radiopiu.net\/wordpress\/wp-content\/uploads\/2024\/07\/BONA-IL-GEMELLAGGIO-TRA-AEREI-E-AUTO-DEPOCA.mp3?_=11\" \/><a href=\"https:\/\/www.radiopiu.net\/wordpress\/wp-content\/uploads\/2024\/07\/BONA-IL-GEMELLAGGIO-TRA-AEREI-E-AUTO-DEPOCA.mp3\">https:\/\/www.radiopiu.net\/wordpress\/wp-content\/uploads\/2024\/07\/BONA-IL-GEMELLAGGIO-TRA-AEREI-E-AUTO-DEPOCA.mp3<\/a><\/audio>\n<p>&nbsp;<\/p>\n<p><span style=\"color: #0000ff;\"><strong>CORSA IN MONTAGNA\u00a0<\/strong><\/span><\/p>\n<div class=\"flex flex-grow flex-col max-w-full\">\n<div class=\"min-h-[20px] text-message flex flex-col items-start whitespace-pre-wrap break-words [.text-message+&amp;]:mt-5 juice:w-full juice:items-end overflow-x-auto gap-2\" dir=\"auto\" data-message-author-role=\"assistant\" data-message-id=\"f5dd1f69-351d-4d3d-b516-b1e497fed508\">\n<div class=\"flex w-full flex-col gap-1 juice:empty:hidden juice:first:pt-[3px]\">\n<div class=\"markdown prose w-full break-words dark:prose-invert dark\">\n<h3><a class=\"dt-pswp-item\" href=\"https:\/\/www.radiopiu.net\/wordpress\/wp-content\/uploads\/2021\/10\/LORENZO-CAGNATI-2019-2-300x300-1.jpg\" data-dt-img-description=\"\" data-large_image_width=\"300\" data-large_image_height=\"300\"><img loading=\"lazy\" decoding=\"async\" class=\"wp-image-239822 alignleft\" src=\"https:\/\/www.radiopiu.net\/wordpress\/wp-content\/uploads\/2021\/10\/LORENZO-CAGNATI-2019-2-300x300-1.jpg\" alt=\"\" width=\"153\" height=\"153\" srcset=\"https:\/\/www.radiopiu.net\/wordpress\/wp-content\/uploads\/2021\/10\/LORENZO-CAGNATI-2019-2-300x300-1.jpg 300w, https:\/\/www.radiopiu.net\/wordpress\/wp-content\/uploads\/2021\/10\/LORENZO-CAGNATI-2019-2-300x300-1-150x150.jpg 150w\" sizes=\"auto, (max-width: 153px) 100vw, 153px\" \/><\/a>Lorenzo Cagnati e Giulia Pol Vincono la Crono Rifugio Settimo Alpini<\/h3>\n<p>Nell&#8217;undicesima edizione della crono rifugio Settimo Alpini, Lorenzo Cagnati ha trionfato con un tempo di 43:04, distanziando di un minuto e quaranta il fratello Luca. Gianpietro Barattin ha completato il podio. Giulia Pol ha dominato la gara femminile, chiudendo in 54:05, seguita da Sara Campigotto e Martina De Silvestro. A livello giovanile, vittorie per Patrick Da Rold e Maria Rescigno. La manifestazione ha ricordato Sergio Casagrande, con un pubblico entusiasta nel piazzale del rifugio.<\/p>\n<\/div>\n<\/div>\n<\/div>\n<\/div>\n<div class=\"mt-1 flex gap-3 empty:hidden juice:-ml-3\">\n<div class=\"items-center justify-start rounded-xl p-1 flex\">\n<div class=\"flex items-center\">\n<div class=\"flex\"><\/div>\n<div class=\"flex items-center pb-0.5 juice:pb-0\"><\/div>\n<\/div>\n<\/div>\n<\/div>\n<p>&nbsp;<\/p>\n<p>&nbsp;<\/p>\n","protected":false},"excerpt":{"rendered":"<p>******* &nbsp; ATTENZIONE: LA NUOVA APP PER IOS-IPHONE di Nicola Vettorello https:\/\/apps.apple.com\/it\/app\/radio-pi%C3%B9-emittente-agordina\/id1515939845 ATTENZIONE: LA NUOVA APP RADIO\u00a0 PER ANDROID di Nicola Vettorello https:\/\/play.google.com\/store\/apps\/details?id=net.radiopiu.iniko\u00a0\u00a0\u00a0 &nbsp; &nbsp; &nbsp; OGGI ALLA RADIO: ALLE 6.15 PIROLE DE LENGA, CON IL MUSLA\u00a0\u00a0ALLE 7.20\u00a0EL BAL DEL FIOR, DETTI E TRADIZIONI DI GIULIANA DA RONCH;\u00a0ALLE 8.20\u00a0PIU&#8217; SIAMO ESTATE DI MARINA DONA&#8217;\u00a0 9.00&hellip;<\/p>\n","protected":false},"author":4,"featured_media":399597,"comment_status":"closed","ping_status":"closed","sticky":false,"template":"","format":"standard","meta":{"_monsterinsights_skip_tracking":false,"_monsterinsights_sitenote_active":false,"_monsterinsights_sitenote_note":"","_monsterinsights_sitenote_category":0,"footnotes":""},"categories":[51,86,49],"tags":[],"class_list":["post-399339","post","type-post","status-publish","format-standard","has-post-thumbnail","hentry","category-evidenza-top","category-gr","category-news-18","category-51","category-86","category-49","description-off"],"img_url":"https:\/\/www.radiopiu.net\/wordpress\/wp-content\/uploads\/2024\/07\/Senza-nome-58.png","_links":{"self":[{"href":"https:\/\/www.radiopiu.net\/wordpress\/wp-json\/wp\/v2\/posts\/399339","targetHints":{"allow":["GET"]}}],"collection":[{"href":"https:\/\/www.radiopiu.net\/wordpress\/wp-json\/wp\/v2\/posts"}],"about":[{"href":"https:\/\/www.radiopiu.net\/wordpress\/wp-json\/wp\/v2\/types\/post"}],"author":[{"embeddable":true,"href":"https:\/\/www.radiopiu.net\/wordpress\/wp-json\/wp\/v2\/users\/4"}],"replies":[{"embeddable":true,"href":"https:\/\/www.radiopiu.net\/wordpress\/wp-json\/wp\/v2\/comments?post=399339"}],"version-history":[{"count":0,"href":"https:\/\/www.radiopiu.net\/wordpress\/wp-json\/wp\/v2\/posts\/399339\/revisions"}],"wp:featuredmedia":[{"embeddable":true,"href":"https:\/\/www.radiopiu.net\/wordpress\/wp-json\/wp\/v2\/media\/399597"}],"wp:attachment":[{"href":"https:\/\/www.radiopiu.net\/wordpress\/wp-json\/wp\/v2\/media?parent=399339"}],"wp:term":[{"taxonomy":"category","embeddable":true,"href":"https:\/\/www.radiopiu.net\/wordpress\/wp-json\/wp\/v2\/categories?post=399339"},{"taxonomy":"post_tag","embeddable":true,"href":"https:\/\/www.radiopiu.net\/wordpress\/wp-json\/wp\/v2\/tags?post=399339"}],"curies":[{"name":"wp","href":"https:\/\/api.w.org\/{rel}","templated":true}]}}