{"id":399380,"date":"2024-07-15T04:00:31","date_gmt":"2024-07-15T02:00:31","guid":{"rendered":"https:\/\/www.radiopiu.net\/wordpress\/?p=399380"},"modified":"2024-07-15T05:40:56","modified_gmt":"2024-07-15T03:40:56","slug":"due-giorni-per-ricordare-don-antonio-della-lucia-a-200-anni-dalla-nascita","status":"publish","type":"post","link":"https:\/\/www.radiopiu.net\/wordpress\/due-giorni-per-ricordare-don-antonio-della-lucia-a-200-anni-dalla-nascita\/","title":{"rendered":"DUE GIORNI PER RICORDARE DON ANTONIO DELLA LUCIA A 200 ANNI DALLA NASCITA"},"content":{"rendered":"<p>******<\/p>\n<p>&nbsp;<\/p>\n<p><strong>CANALE D&#8217;AGORDO <\/strong>Due giorni per ricordare don Antonio Della Lucia a 200 anni dalla sua nascita: Canale d&#8217;Agordo, paese natale di papa Luciani, si appresta a celebrare un doppio importante appuntamento a conclusione della lunga serie di eventi che da maggio celebrano la memoria di questo sacerdote dall&#8217;animo nobile votato alla giustizia e vicino ai poveri Gioved\u00ec 18 luglio, alle 21.00, presso la Sala Lina Zand\u00f2 Bolda del Museo Albino Luciani si terr\u00e0 la presentazione del dipinto raffigurante Giovanni Battista Zannini restaurato da Edda Zonta, restauratrice e collaboratrice ufficiale del Museo Canova di Possagno. Come il Cavalier don Antonio Della Lucia, anche Giovanni Battista Zannini \u00e8 una figura di notevole importanza nella storia di Canale d\u2019Agordo. Fu avvocato, pubblicista, imprenditore e mecenate nonch\u00e9 celebre amico di don Antonio con il quale condivideva gli ideali rinascimentali.\u00a0 Venerd\u00ec 19 luglio gli appuntamenti inizieranno gi\u00e0 dal pomeriggio: dalle 15:00 alle 17.00, infatti, in piazza Papa Luciani a Canale d&#8217;Agordo si terr\u00e0 la tradizionale dimostrazione de la sc\u00f2ta (cio\u00e8 la lavorazione del latte) con degustazione di formaggi tipici locali. Sempre sulla piazza, dalle 15.30 alle 18.00, si potr\u00e0 inoltre assistere alla Sgubi\u00e0da, rassegna di scultura di maschere su legno. Gli artisti all\u2019opera e le loro creazioni si potranno ammirare lungo tutta la via Tancon. L\u2019 esposizione sar\u00e0 dedicata proprio al Cavalier don Antonio Della Lucia e si protrarr\u00e0 fino a domenica 21 luglio, mattino e pomeriggio. Alle 17.00 si terr\u00e0, nella Sala Lina Zand\u00f2 Bolda del Museo Albino Luciani, un momento di ricordo di don Antonio alla presenza delle principali autorit\u00e0 con la partecipazione del Presidente della Commissione agricoltura del Senato, sen. Luca De Carlo, in rappresentanza del Ministro dell&#8217;agricoltura, della sovranit\u00e0 alimentare e delle foreste, on. Francesco Lollobrigida. A seguire, alle 18.00, si celebrer\u00e0 la Santa Messa cantata nella chiesa arcipretale di San Giovanni Battista ed infine verr\u00e0 deposta una corona commemorativa nel cimitero di Vendram\u00e0z (Canale d\u2019Agordo), proprio sulla tomba dove giace don Antonio Della Lucia.\u00a0 Infine, alle 21.00, la Fondazione Papa Luciani, in collaborazione con la Parrocchia di Caviola ed il Comune di Falcade, ha organizzato una particolare serata musicale nella Chiesa della Madonna della Salute di Caviola con il concerto in memoriam eseguito dal gruppo Apis Mater, che delizier\u00e0 il pubblico con delle melodie medievali. Il gruppo \u00e8 composto da quattro musicisti: Alice Petrin (voce, nyckelarpa, flauto dolce, tapan), Sophie Liebregts (arpa celtica, arpa medievale, tamburello), Jordi Tambara (voce, nyckelarpa, bouzouki, bombarda, tapan, daf) Danilo Turchetti (symphonia, duduk, gemshorm, flauto dolce, cornamusa). Due giorni di tradizione, arte, gastronomia, musica e spiritualit\u00e0\u00a0dedicati a un personaggio straordinario e lungimirante che con il suo operato e le sue iniziative sociali e culturali rappresenta indubbiamente un grande esempio per tutti e ci offre importanti spunti di riflessione.<\/p>\n<div>\n<p><span style=\"color: #ff0000;\"><strong>LORIS SERAFINI \u00a0direttore della Fondazione Papa Luciani di\u00a0Canale\u00a0d\u2019Agordo<\/strong><\/span><\/p>\n<audio class=\"wp-audio-shortcode\" id=\"audio-399380-1\" preload=\"none\" style=\"width: 100%;\" controls=\"controls\"><source type=\"audio\/mpeg\" src=\"https:\/\/www.radiopiu.net\/wordpress\/wp-content\/uploads\/2024\/07\/loris-serafini-don-antonio.mp3?_=1\" \/><a href=\"https:\/\/www.radiopiu.net\/wordpress\/wp-content\/uploads\/2024\/07\/loris-serafini-don-antonio.mp3\">https:\/\/www.radiopiu.net\/wordpress\/wp-content\/uploads\/2024\/07\/loris-serafini-don-antonio.mp3<\/a><\/audio>\n<\/div>\n<div><\/div>\n\n\t\t\t<style type='text\/css'>\n\t\t\t\t#gallery-1 {\n\t\t\t\t\tmargin: auto;\n\t\t\t\t}\n\t\t\t\t#gallery-1 .gallery-item {\n\t\t\t\t\tfloat: left;\n\t\t\t\t\tmargin-top: 10px;\n\t\t\t\t\ttext-align: center;\n\t\t\t\t\twidth: 25%;\n\t\t\t\t}\n\t\t\t\t#gallery-1 img {\n\t\t\t\t\tborder: 2px solid #cfcfcf;\n\t\t\t\t}\n\t\t\t\t#gallery-1 .gallery-caption {\n\t\t\t\t\tmargin-left: 0;\n\t\t\t\t}\n\t\t\t\t\/* see gallery_shortcode() in wp-includes\/media.php *\/\n\t\t\t<\/style>\n\t\t<div id='gallery-1' class='dt-gallery-container gallery galleryid-399380 gallery-columns-4 gallery-size-thumbnail'><dl class='gallery-item'>\n\t\t\t\t<dt class='gallery-icon portrait'>\n\t\t\t\t\t<a class=\"rollover rollover-zoom dt-pswp-item\" title=\"rbt\" data-dt-img-description=\"\" data-large_image_width=\"1695\" data-large_image_height=\"1822\"href='https:\/\/www.radiopiu.net\/wordpress\/wp-content\/uploads\/2024\/07\/Don-Antonio-Della-Lucia.jpg'><img loading=\"lazy\" decoding=\"async\" width=\"150\" height=\"150\" src=\"https:\/\/www.radiopiu.net\/wordpress\/wp-content\/uploads\/2024\/07\/Don-Antonio-Della-Lucia-150x150.jpg\" class=\"attachment-thumbnail size-thumbnail\" alt=\"\" aria-describedby=\"gallery-1-399381\" \/><\/a>\n\t\t\t\t<\/dt>\n\t\t\t\t\t<dd class='wp-caption-text gallery-caption' id='gallery-1-399381'>\n\t\t\t\t\tDONA ANTONIO DELLA LUCIA\n\t\t\t\t\t<\/dd><\/dl><dl class='gallery-item'>\n\t\t\t\t<dt class='gallery-icon portrait'>\n\t\t\t\t\t<a class=\"rollover rollover-zoom dt-pswp-item\" title=\"Giovanni Battista Zannini\" data-dt-img-description=\"\" data-large_image_width=\"1366\" data-large_image_height=\"1696\"href='https:\/\/www.radiopiu.net\/wordpress\/wp-content\/uploads\/2024\/07\/Giovanni-Battista-Zannini.jpg'><img loading=\"lazy\" decoding=\"async\" width=\"150\" height=\"150\" src=\"https:\/\/www.radiopiu.net\/wordpress\/wp-content\/uploads\/2024\/07\/Giovanni-Battista-Zannini-150x150.jpg\" class=\"attachment-thumbnail size-thumbnail\" alt=\"\" aria-describedby=\"gallery-1-399382\" \/><\/a>\n\t\t\t\t<\/dt>\n\t\t\t\t\t<dd class='wp-caption-text gallery-caption' id='gallery-1-399382'>\n\t\t\t\t\tGIOVANNI BATTISTA ZANNINI\n\t\t\t\t\t<\/dd><\/dl><dl class='gallery-item'>\n\t\t\t\t<dt class='gallery-icon landscape'>\n\t\t\t\t\t<a class=\"rollover rollover-zoom dt-pswp-item\" title=\"Il gruppo Apis Mater\" data-dt-img-description=\"\" data-large_image_width=\"1600\" data-large_image_height=\"1061\"href='https:\/\/www.radiopiu.net\/wordpress\/wp-content\/uploads\/2024\/07\/Il-gruppo-Apis-Mater.jpg'><img loading=\"lazy\" decoding=\"async\" width=\"150\" height=\"150\" src=\"https:\/\/www.radiopiu.net\/wordpress\/wp-content\/uploads\/2024\/07\/Il-gruppo-Apis-Mater-150x150.jpg\" class=\"attachment-thumbnail size-thumbnail\" alt=\"\" aria-describedby=\"gallery-1-399383\" \/><\/a>\n\t\t\t\t<\/dt>\n\t\t\t\t\t<dd class='wp-caption-text gallery-caption' id='gallery-1-399383'>\n\t\t\t\t\tAPIS MATER\n\t\t\t\t\t<\/dd><\/dl><dl class='gallery-item'>\n\t\t\t\t<dt class='gallery-icon landscape'>\n\t\t\t\t\t<a class=\"rollover rollover-zoom dt-pswp-item\" title=\"Musal e piazza Luciani\" data-dt-img-description=\"\" data-large_image_width=\"2560\" data-large_image_height=\"1920\"href='https:\/\/www.radiopiu.net\/wordpress\/wp-content\/uploads\/2024\/07\/Musal-e-piazza-Luciani.jpg'><img loading=\"lazy\" decoding=\"async\" width=\"150\" height=\"150\" src=\"https:\/\/www.radiopiu.net\/wordpress\/wp-content\/uploads\/2024\/07\/Musal-e-piazza-Luciani-150x150.jpg\" class=\"attachment-thumbnail size-thumbnail\" alt=\"\" \/><\/a>\n\t\t\t\t<\/dt><\/dl><br style=\"clear: both\" \/>\n\t\t\t<\/div>\n\n<p>&nbsp;<\/p>\n<p>&nbsp;<\/p>\n<p>*******<\/p>\n","protected":false},"excerpt":{"rendered":"<p>****** &nbsp; CANALE D&#8217;AGORDO Due giorni per ricordare don Antonio Della Lucia a 200 anni dalla sua nascita: Canale d&#8217;Agordo, paese natale di papa Luciani, si appresta a celebrare un doppio importante appuntamento a conclusione della lunga serie di eventi che da maggio celebrano la memoria di questo sacerdote dall&#8217;animo nobile votato alla giustizia e&hellip;<\/p>\n","protected":false},"author":4,"featured_media":399385,"comment_status":"closed","ping_status":"closed","sticky":false,"template":"","format":"standard","meta":{"_monsterinsights_skip_tracking":false,"_monsterinsights_sitenote_active":false,"_monsterinsights_sitenote_note":"","_monsterinsights_sitenote_category":0,"footnotes":""},"categories":[104,49],"tags":[],"class_list":["post-399380","post","type-post","status-publish","format-standard","has-post-thumbnail","hentry","category-evidenza_3","category-news-18","category-104","category-49","description-off"],"img_url":"https:\/\/www.radiopiu.net\/wordpress\/wp-content\/uploads\/2024\/07\/Don-Antonio-Della-Lucia-Logo.jpg","_links":{"self":[{"href":"https:\/\/www.radiopiu.net\/wordpress\/wp-json\/wp\/v2\/posts\/399380","targetHints":{"allow":["GET"]}}],"collection":[{"href":"https:\/\/www.radiopiu.net\/wordpress\/wp-json\/wp\/v2\/posts"}],"about":[{"href":"https:\/\/www.radiopiu.net\/wordpress\/wp-json\/wp\/v2\/types\/post"}],"author":[{"embeddable":true,"href":"https:\/\/www.radiopiu.net\/wordpress\/wp-json\/wp\/v2\/users\/4"}],"replies":[{"embeddable":true,"href":"https:\/\/www.radiopiu.net\/wordpress\/wp-json\/wp\/v2\/comments?post=399380"}],"version-history":[{"count":0,"href":"https:\/\/www.radiopiu.net\/wordpress\/wp-json\/wp\/v2\/posts\/399380\/revisions"}],"wp:featuredmedia":[{"embeddable":true,"href":"https:\/\/www.radiopiu.net\/wordpress\/wp-json\/wp\/v2\/media\/399385"}],"wp:attachment":[{"href":"https:\/\/www.radiopiu.net\/wordpress\/wp-json\/wp\/v2\/media?parent=399380"}],"wp:term":[{"taxonomy":"category","embeddable":true,"href":"https:\/\/www.radiopiu.net\/wordpress\/wp-json\/wp\/v2\/categories?post=399380"},{"taxonomy":"post_tag","embeddable":true,"href":"https:\/\/www.radiopiu.net\/wordpress\/wp-json\/wp\/v2\/tags?post=399380"}],"curies":[{"name":"wp","href":"https:\/\/api.w.org\/{rel}","templated":true}]}}