{"id":399503,"date":"2024-07-14T10:00:04","date_gmt":"2024-07-14T08:00:04","guid":{"rendered":"https:\/\/www.radiopiu.net\/wordpress\/?p=399503"},"modified":"2024-07-14T09:41:41","modified_gmt":"2024-07-14T07:41:41","slug":"nicolo-fontanive-confermato-nel-roster-dellalleghe-hockey","status":"publish","type":"post","link":"https:\/\/www.radiopiu.net\/wordpress\/nicolo-fontanive-confermato-nel-roster-dellalleghe-hockey\/","title":{"rendered":"NICOLO&#8217; FONTANIVE CONFERMATO NEL ROSTER DELL&#8217;ALLEGHE HOCKEY"},"content":{"rendered":"<p>*******<\/p>\n<p>&nbsp;<\/p>\n<p><strong><a class=\"dt-pswp-item\" href=\"https:\/\/www.radiopiu.net\/wordpress\/wp-content\/uploads\/2024\/07\/45812346-02de-42df-8f8a-344e765785cc.jpg\" data-dt-img-description=\"\" data-large_image_width=\"919\" data-large_image_height=\"512\"><img loading=\"lazy\" decoding=\"async\" class=\" wp-image-399504 alignleft\" src=\"https:\/\/www.radiopiu.net\/wordpress\/wp-content\/uploads\/2024\/07\/45812346-02de-42df-8f8a-344e765785cc-300x167.jpg\" alt=\"\" width=\"163\" height=\"91\" srcset=\"https:\/\/www.radiopiu.net\/wordpress\/wp-content\/uploads\/2024\/07\/45812346-02de-42df-8f8a-344e765785cc-300x167.jpg 300w, https:\/\/www.radiopiu.net\/wordpress\/wp-content\/uploads\/2024\/07\/45812346-02de-42df-8f8a-344e765785cc-768x428.jpg 768w, https:\/\/www.radiopiu.net\/wordpress\/wp-content\/uploads\/2024\/07\/45812346-02de-42df-8f8a-344e765785cc.jpg 919w\" sizes=\"auto, (max-width: 163px) 100vw, 163px\" \/><\/a>DI ROBERTO MIANA, PORTAVOCE DELL&#8217;ALLEGHE HOCKEY<\/strong><\/p>\n<p>La Societ\u00e0 Biancorossa annuncia la conferma nel proprio roster di Nicol\u00f2 Fontanive. Attaccante classe 2007 di Alleghe (compir\u00e0 17 anni il prossimo 30 agosto), studia all\u2019Istituto Minerario di Agordo e nel tempo libero ama camminare in montagna. Cresciuto nelle giovanili alleghesi fa ora parte dell\u2019Under 19 biancorossa, dove, nell\u2019ultimo campionato, ha messo a referto 9 reti e 17 assist. Promosso in prima squadra la passata stagione vi ha collezionato 26 presenze. Nicol\u00f2 \u00e8 figlio d\u2019arte: pap\u00e0 Fabrizio \u00e8 stato una colonna della squadra biancorossa tra gli anni Novanta e Duemila, vestendone la casacca per 17 stagioni e totalizzando 657 presenze. Le parole di Nicol\u00f2: \u201cSono entusiasta in vista della nuova stagione e non vedo l\u2019ora di ricominciare. Nello spogliatoio sono il pi\u00f9 giovane, ho legato principalmente con Matteo Da Tos, con il quale vado molto d\u2019accordo. Per quanto riguarda la squadra credo che si possa fare bene, la Societ\u00e0 sta lavorando molto a riguardo e per questo sono fiducioso per il futuro\u201d.<\/p>\n<p>&nbsp;<\/p>\n<p>&nbsp;<\/p>\n<p>*******<\/p>\n","protected":false},"excerpt":{"rendered":"<p>******* &nbsp; DI ROBERTO MIANA, PORTAVOCE DELL&#8217;ALLEGHE HOCKEY La Societ\u00e0 Biancorossa annuncia la conferma nel proprio roster di Nicol\u00f2 Fontanive. Attaccante classe 2007 di Alleghe (compir\u00e0 17 anni il prossimo 30 agosto), studia all\u2019Istituto Minerario di Agordo e nel tempo libero ama camminare in montagna. Cresciuto nelle giovanili alleghesi fa ora parte dell\u2019Under 19 biancorossa,&hellip;<\/p>\n","protected":false},"author":4,"featured_media":399504,"comment_status":"closed","ping_status":"closed","sticky":false,"template":"","format":"standard","meta":{"_monsterinsights_skip_tracking":false,"_monsterinsights_sitenote_active":false,"_monsterinsights_sitenote_note":"","_monsterinsights_sitenote_category":0,"footnotes":""},"categories":[49],"tags":[],"class_list":["post-399503","post","type-post","status-publish","format-standard","has-post-thumbnail","hentry","category-news-18","category-49","description-off"],"img_url":"https:\/\/www.radiopiu.net\/wordpress\/wp-content\/uploads\/2024\/07\/45812346-02de-42df-8f8a-344e765785cc.jpg","_links":{"self":[{"href":"https:\/\/www.radiopiu.net\/wordpress\/wp-json\/wp\/v2\/posts\/399503","targetHints":{"allow":["GET"]}}],"collection":[{"href":"https:\/\/www.radiopiu.net\/wordpress\/wp-json\/wp\/v2\/posts"}],"about":[{"href":"https:\/\/www.radiopiu.net\/wordpress\/wp-json\/wp\/v2\/types\/post"}],"author":[{"embeddable":true,"href":"https:\/\/www.radiopiu.net\/wordpress\/wp-json\/wp\/v2\/users\/4"}],"replies":[{"embeddable":true,"href":"https:\/\/www.radiopiu.net\/wordpress\/wp-json\/wp\/v2\/comments?post=399503"}],"version-history":[{"count":0,"href":"https:\/\/www.radiopiu.net\/wordpress\/wp-json\/wp\/v2\/posts\/399503\/revisions"}],"wp:featuredmedia":[{"embeddable":true,"href":"https:\/\/www.radiopiu.net\/wordpress\/wp-json\/wp\/v2\/media\/399504"}],"wp:attachment":[{"href":"https:\/\/www.radiopiu.net\/wordpress\/wp-json\/wp\/v2\/media?parent=399503"}],"wp:term":[{"taxonomy":"category","embeddable":true,"href":"https:\/\/www.radiopiu.net\/wordpress\/wp-json\/wp\/v2\/categories?post=399503"},{"taxonomy":"post_tag","embeddable":true,"href":"https:\/\/www.radiopiu.net\/wordpress\/wp-json\/wp\/v2\/tags?post=399503"}],"curies":[{"name":"wp","href":"https:\/\/api.w.org\/{rel}","templated":true}]}}