{"id":399563,"date":"2024-07-15T05:30:46","date_gmt":"2024-07-15T03:30:46","guid":{"rendered":"https:\/\/www.radiopiu.net\/wordpress\/?p=399563"},"modified":"2024-07-15T05:43:53","modified_gmt":"2024-07-15T03:43:53","slug":"sono-cinque-gli-interventi-del-soccorso-alpino-in-giornata","status":"publish","type":"post","link":"https:\/\/www.radiopiu.net\/wordpress\/sono-cinque-gli-interventi-del-soccorso-alpino-in-giornata\/","title":{"rendered":"ANCHE IERI CINQUE GLI INTERVENTI DEL SOCCORSO ALPINO"},"content":{"rendered":"<p>******<\/p>\n<p>&nbsp;<\/p>\n<p dir=\"auto\"><strong>CORTINA <\/strong>Attorno alle 13.15, su segnalazione del padre, il Soccorso alpino di Cortina \u00e8 stato allertato per un escursionista vicentino di 25 anni colto da malore lungo il sentiero 443 che conduce al Passo Giau. Una squadra del Soccorso alpino della Guardia di finanza \u00e8 salita assieme al personale sanitario della Croce Bianca dove si trovava il ragazzo. Dopo averlo caricato in barella, i soccorritori lo hanno trasportato un quarto d&#8217;ora a piedi e trasferito nell&#8217;ambulanza, diretta per i dovuti controlli all&#8217;ospedale di Cortina.<\/p>\n<p dir=\"auto\"><strong>CORTINA<\/strong>L&#8217;elicottero del Suem di Pieve di Cadore \u00e8 stato invece inviato al Rifugio Vandelli per un infortunio nei pressi del lago del Sorapis. Atterrati in piazzola, i soccorritori hanno raggiunto poco distante un&#8217;escursionista, che era scivolata riportando un trauma al ginocchio, che non le permetteva di stare in piedi. La donna, 63 anni di Verona, \u00e8 stata fatta salire sull&#8217;eliambulanza e portata al Codivilla.<\/p>\n<p dir=\"auto\"><strong>PIEVE DI CADORE <\/strong>Verso le 14 una squadra del Soccorso alpino del Centro Cadore \u00e8 intervenuta sul sentiero 272 per il Rifugio Baion, in aiuto di una 74enne di Vedelago (TV) non in grado di proseguire per un infortunio alla gamba, pur sorretta dalla figlia. La donna \u00e8 stata imbarellata da una squadra e da un soccorritore casualmente sul posto, portata fino alla jeep e da l\u00ec condotta all&#8217;ospedale di Pieve di Cadore.<\/p>\n<p dir=\"auto\"><strong>LIVINALLONGO <\/strong>Falco \u00e8 poi volato lungo il sentiero 680 che conduce al Rifugio Padon, dove con un verricello ha recuperato una escursionista che si era fatta male dopo essere scivolata. La 70enne di Padova, che aveva anche perso i sensi per il dolore al ginocchio, \u00e8 stata trasportata all&#8217;ospedale di Agordo.<\/p>\n<p dir=\"auto\"><strong>CORTINA <\/strong>Attorno alle 15.30 dei ragazzi hanno chiamato il 118, poich\u00e9 mentre si trovavano in forcella hanno sentito delle richieste di aiuto provenire dalla normale dell&#8217;Antelao, senza riuscire a individuare la persona che gridava. La Centrale \u00e8 stata poi attivata dallo stesso escursionista in difficolt\u00e0, che per\u00f2 non \u00e8 riuscito a dare alcuna indicazione perch\u00e9 si \u00e8 subito scaricata la batteria del telefono. Falco ha quindi sorvolato l&#8217;area attorno alla via di risalita, finch\u00e9, fuori sentiero, non ha individuato l&#8217;uomo, un 33enne di Catania, che ha poi detto di essere finito l\u00ec seguendo un tracciato Gps. Issato a bordo dal tecnico di elisoccorso con un verricello di 40 metri, l&#8217;escursionista \u00e8 stato lasciato al Rifugio Galassi.<\/p>\n<p dir=\"auto\">\n<p dir=\"auto\">\n<p dir=\"auto\">********<\/p>\n","protected":false},"excerpt":{"rendered":"<p>****** &nbsp; CORTINA Attorno alle 13.15, su segnalazione del padre, il Soccorso alpino di Cortina \u00e8 stato allertato per un escursionista vicentino di 25 anni colto da malore lungo il sentiero 443 che conduce al Passo Giau. Una squadra del Soccorso alpino della Guardia di finanza \u00e8 salita assieme al personale sanitario della Croce Bianca&hellip;<\/p>\n","protected":false},"author":4,"featured_media":298850,"comment_status":"closed","ping_status":"closed","sticky":false,"template":"","format":"standard","meta":{"_monsterinsights_skip_tracking":false,"_monsterinsights_sitenote_active":false,"_monsterinsights_sitenote_note":"","_monsterinsights_sitenote_category":0,"footnotes":""},"categories":[51,49],"tags":[],"class_list":["post-399563","post","type-post","status-publish","format-standard","has-post-thumbnail","hentry","category-evidenza-top","category-news-18","category-51","category-49","description-off"],"img_url":"https:\/\/www.radiopiu.net\/wordpress\/wp-content\/uploads\/2022\/09\/309142707_771246390814523_5693451179006834112_n.jpg","_links":{"self":[{"href":"https:\/\/www.radiopiu.net\/wordpress\/wp-json\/wp\/v2\/posts\/399563","targetHints":{"allow":["GET"]}}],"collection":[{"href":"https:\/\/www.radiopiu.net\/wordpress\/wp-json\/wp\/v2\/posts"}],"about":[{"href":"https:\/\/www.radiopiu.net\/wordpress\/wp-json\/wp\/v2\/types\/post"}],"author":[{"embeddable":true,"href":"https:\/\/www.radiopiu.net\/wordpress\/wp-json\/wp\/v2\/users\/4"}],"replies":[{"embeddable":true,"href":"https:\/\/www.radiopiu.net\/wordpress\/wp-json\/wp\/v2\/comments?post=399563"}],"version-history":[{"count":0,"href":"https:\/\/www.radiopiu.net\/wordpress\/wp-json\/wp\/v2\/posts\/399563\/revisions"}],"wp:featuredmedia":[{"embeddable":true,"href":"https:\/\/www.radiopiu.net\/wordpress\/wp-json\/wp\/v2\/media\/298850"}],"wp:attachment":[{"href":"https:\/\/www.radiopiu.net\/wordpress\/wp-json\/wp\/v2\/media?parent=399563"}],"wp:term":[{"taxonomy":"category","embeddable":true,"href":"https:\/\/www.radiopiu.net\/wordpress\/wp-json\/wp\/v2\/categories?post=399563"},{"taxonomy":"post_tag","embeddable":true,"href":"https:\/\/www.radiopiu.net\/wordpress\/wp-json\/wp\/v2\/tags?post=399563"}],"curies":[{"name":"wp","href":"https:\/\/api.w.org\/{rel}","templated":true}]}}