{"id":399644,"date":"2024-07-15T07:55:00","date_gmt":"2024-07-15T05:55:00","guid":{"rendered":"https:\/\/www.radiopiu.net\/wordpress\/?p=399644"},"modified":"2024-07-15T06:14:50","modified_gmt":"2024-07-15T04:14:50","slug":"dal-1983-alle-otto-del-mattino-la-rassegna-stampa-locale-e-su-radiopiu","status":"publish","type":"post","link":"https:\/\/www.radiopiu.net\/wordpress\/dal-1983-alle-otto-del-mattino-la-rassegna-stampa-locale-e-su-radiopiu\/","title":{"rendered":"DAL 1983 ALLE OTTO DEL MATTINO LA RASSEGNA STAMPA LOCALE E&#8217; SU RADIOPIU"},"content":{"rendered":"<p>***<\/p>\n<p>&nbsp;<\/p>\n<blockquote>\n<h2><em>COME OGNI LUNEDI IL CORRIERE DELLE ALPI E&#8217; IN EDICOLA CON UN CORPOSO FASCICOLO SPORTIVO, TANTE PAGINE DI SPORT E IN ESCLUSIVA IL CAMPIONATO AGRODINO DI CALCIO, TUTTI I RISULTATI DELLE PARTITE DI IERI, COMMENTI, INTERVENTI CLASSIFICHE CON I CORRISPONDENTI DEL QUOTIDIANO BELLUNESE\u00a0<\/em><\/h2>\n<\/blockquote>\n<p><a class=\"dt-pswp-item\" href=\"https:\/\/www.radiopiu.net\/wordpress\/wp-content\/uploads\/2024\/07\/copertina-2.png\" data-dt-img-description=\"\" data-large_image_width=\"570\" data-large_image_height=\"345\"><img loading=\"lazy\" decoding=\"async\" class=\"size-medium wp-image-399600 alignleft\" src=\"https:\/\/www.radiopiu.net\/wordpress\/wp-content\/uploads\/2024\/07\/copertina-2-300x182.png\" alt=\"\" width=\"300\" height=\"182\" srcset=\"https:\/\/www.radiopiu.net\/wordpress\/wp-content\/uploads\/2024\/07\/copertina-2-300x182.png 300w, https:\/\/www.radiopiu.net\/wordpress\/wp-content\/uploads\/2024\/07\/copertina-2.png 570w\" sizes=\"auto, (max-width: 300px) 100vw, 300px\" \/><\/a>OGGI ALLA RADIO: ALLE 6.15 PIROLE DE LENGA, CON IL MUSLA ALLE 7.20 EL BAL DEL FIOR, DETTI E TRADIZIONI DI GIULIANA DA RONCH; ALLE 8.20 PIU\u2019 SIAMO ESTATE DI MARINA DONA\u2019 9.00 OGGI COME IERI DI SILVIA BALDO 9.30 VIABILITA\u2019 Botol_Car 9.35 I RACCONTI DI PAOLO SOPPELSA 10.10 ZAINO DA VIAGGIO AL FEMMINILE DI PAOLA LANCIATO 10.30 PERITI MINERARI NEL MONDO CON L\u2019APIM 11.10 LA STORIA DEL FESTIVALBAR RACCONTATA DA MIRCO BENCIVENNI 12.00 VA TUTTO LISCIO 12.30 GIORNALE RADIO EDIZIONE PRINCIPALE 13.00 SALUTE E SOCIETA\u2019 LA RUBRICA DI MEDICINA DI RADIOPIU CON IL DOTTOR MARCO CARACCIOLO 13.20 TRE PEZZI ESTIVI DI MARINA DONA\u2019 14.00 COLLAGE OPERAZIONE NOSTALGIA LORIS SCUSSEL 15.00 RITRATTI SONORI DI ALESSIA DALL\u2019O (FOTO) ospite LORENA FOLLIN 16.00 IL ROCK DI MARCO COSTANTINI 16.45 LE HIT DI MIRCO BENCIVENNI 19 ANTICIPAZIONI DAL TG DI ANTENNA 3, 20.30 CAMPIONATO AGRODINO SHOW DI MARCO GAZ<\/p>\n<p>BELLUNO Dolomiti Bus S.p.A. comunica che, a causa dello sciopero nazionale indetto dalle OO.SS. FILT-CGIL, FIT-CISL, UILTRASPORTI, FAISA-CISAL e UGL-FNA per gioved\u00ec 18 luglio 2024, non saranno garantite le corse in partenza dalle ore 12:00 alle 15:59. Le corse iniziate prima dell&#8217;orario di sciopero proseguiranno fino al capolinea.<br \/>\nAGORDO\u00a0 Oggi dalle 8 alle 17 verr\u00e0 sospesa l&#8217;erogazione dell&#8217;acqua nelle vie Cesare Battisti, San Pietro, Santa Maria, Corso Alpini, Corso Patrioti, Vicolo Cordevole, Vicolo Crotta, Narae, Sommariva, Piazza Libert\u00e0 e Piazza Marconi.<br \/>\nLIVINALLONGO Oggi\u00a0 dalle 8 alle 17 verr\u00e0 sospesa l\u2019erogazione dell\u2019acqua nelle localit\u00e0 Lasta, Federa, Corte e Sief<br \/>\nROCCA PIETORE\u00a0 Domani\u00a0 \u00a0alle 8 alle 17 verr\u00e0 sospesa l\u2019erogazione dell\u2019acqua nelle localit\u00e0 Sedolada, Santa Maria delle Grazie<br \/>\nFADALTO L&#8217;Alemagna chiusa per frane ha creato disagi: doppie code in A27, passeggeri abbandonati dai bus sostitutivi, e deviazioni di 20 km anzich\u00e9 3 per andare a messa. Il sindaco di Alpago teme una lunga estate di caos.<br \/>\nFALCADE Incidente stradale sabato mattina alle 9:40 in localit\u00e0 Molino di Falcade nei pressi degli impianti di sci per un furgone finito rovesciato fuori strada, in un terreno in forte pendio: tre persone ferite. Le squadre dei vigili del fuoco arrivate da Agordo e Belluno e con i volontari di Caprile, hanno provveduto a mettere in sicurezza il furgone assicurandolo con un cavo. Hanno poi estratto le tre persone, rimaste bloccate nella cabina di guida, presi in cura dai sanitari del Suem. Sul posto l&#8217;ambulanza della Croce verde Val Biois ed Eco 2 oltre all&#8217;elicottero Falco. I feriti tutti della provincia di Pordenone.<\/p>\n<p>Sabato mattina, il Soccorso alpino di Feltre \u00e8 intervenuto per una ragazza ventenne di Fonzaso caduta in una scarpata mentre percorreva in e-bike la mulattiera dal Lago del Corlo verso Carazzagno ad Arsi\u00e8. La giovane, sbilanciata in una curva, \u00e8 ruzzolata per 80 metri, fermandosi vicino a una pozza d&#8217;acqua. Dopo l&#8217;allarme lanciato dalla madre, l&#8217;elicottero Falco 2 ha soccorso la ragazza, che ha riportato contusioni e una ferita alla testa, e l&#8217;ha trasportata all&#8217;ospedale di Belluno.<br \/>\nA Livinallongo, Falco ha recuperato una 70enne di Padova con un trauma al ginocchio sul sentiero 680 per il Rifugio Padon, portandola all&#8217;ospedale di Agordo. Alle 15.30, dei ragazzi hanno segnalato richieste di aiuto sulla normale dell\u2019Antelao. Un escursionista 33enne di Catania, trovato fuori sentiero, \u00e8 stato recuperato e lasciato al Rifugio Galassi.<br \/>\nNECESSARIO IL GIRO DI VITE, CONTRO I PADRONI DELLA STRADA, MOTOCICLISTI INDISCIPLINATI, CONTROLLI SEMPRE POCHI! CHI ORGANIZZA CERTI EVENTI E&#8217; IN REGOLA O TUTTO E&#8217; PERMESSO AI SIGNORI DELLE DUE RUOTE?<br \/>\nNotte d&#8217;Inferno per i Residenti di Val di Zoldo<br \/>\nTra il 13 e il 14 luglio, centinaia di motociclisti hanno attraversato a tutta velocit\u00e0 le vie di Val di Zoldo durante l&#8217;evento &#8220;Alba sul Giau&#8221;, creando panico e rabbia tra i residenti. Il sindaco De Pellegrin chiede alla politica di intervenire con nuove norme per la sicurezza stradale.<\/p>\n<p>I DANNI DEL MALTEMPO A MONTE DI CONAGGIA<br \/>\nLA VALLE Gli effetti del fortunale di venerd\u00ec 12 luglio 2024 a met\u00e0 giornata in Val di Laderon, a monte di Conaggia in La Valle Agordina, sono stati devastanti. La viabilit\u00e0 silvo-pastorale, appena sistemata la scorsa estate dai Servizi Forestali Regionali, \u00e8 stata totalmente compromessa. Le foto scattate da Damiano Porta circa tre ore dopo l&#8217;apice del fortunale mostrano l&#8217;entit\u00e0 dei danni subiti.<br \/>\nAGORDO\u00a0 Nel consiglio dell&#8217;Unione Montana il sindaco di Agordo, Roberto Chissal\u00e8, contesta la norma &#8220;E&#8217; sbagliata&#8221;. Il regolamento dell&#8217;Uma, infatti, prevede che in Giunta siano nominati solo sindaci e non assessori o consiglieri. Il sindaco di Agordo parla di anomalia che scarica sulle spalle dei primi cittadini altri impegni senza considerare che ne hanno gi\u00e0 tanti .<br \/>\nBELLUNO L&#8217;unit\u00e0 operativa di Urologia dell&#8217;Ospedale San Martino di Belluno, diretta da Marcello Repele, ha ricevuto un ecografo avanzato del valore di oltre 50 mila euro, dotato di un software per biopsie prostatiche con tecnica &#8220;Fusion&#8221;.<br \/>\nBELLUNO La Regione Veneto, con le DGR n. 1721 e n. 778\/2023, ha approvato il programma del \u201cFondo per l\u2019inclusione delle persone con disabilit\u00e0\u201d, finanziando l\u2019Azienda ULSS 1 Dolomiti con oltre 534.000 euro per progetti destinati al benessere delle persone con Disturbo dello Spettro Autistico.<br \/>\nVOLTAGO \u00c8 stata inaugurata e consegnata sabato mattina l&#8217;auto al servizio dell&#8217;Auser Sot L&#8217;Agner. Un mezzo che servir\u00e0 ai volontari per accompagnare gli anziani impossibilitati a spostarsi da soli per visite mediche o altro<\/p>\n","protected":false},"excerpt":{"rendered":"<p>*** &nbsp; COME OGNI LUNEDI IL CORRIERE DELLE ALPI E&#8217; IN EDICOLA CON UN CORPOSO FASCICOLO SPORTIVO, TANTE PAGINE DI SPORT E IN ESCLUSIVA IL CAMPIONATO AGRODINO DI CALCIO, TUTTI I RISULTATI DELLE PARTITE DI IERI, COMMENTI, INTERVENTI CLASSIFICHE CON I CORRISPONDENTI DEL QUOTIDIANO BELLUNESE\u00a0 OGGI ALLA RADIO: ALLE 6.15 PIROLE DE LENGA, CON IL&hellip;<\/p>\n","protected":false},"author":4,"featured_media":399600,"comment_status":"closed","ping_status":"closed","sticky":false,"template":"","format":"standard","meta":{"_monsterinsights_skip_tracking":false,"_monsterinsights_sitenote_active":false,"_monsterinsights_sitenote_note":"","_monsterinsights_sitenote_category":0,"footnotes":""},"categories":[104,49,142],"tags":[],"class_list":["post-399644","post","type-post","status-publish","format-standard","has-post-thumbnail","hentry","category-evidenza_3","category-news-18","category-rassegna-stampa","category-104","category-49","category-142","description-off"],"img_url":"https:\/\/www.radiopiu.net\/wordpress\/wp-content\/uploads\/2024\/07\/copertina-2.png","_links":{"self":[{"href":"https:\/\/www.radiopiu.net\/wordpress\/wp-json\/wp\/v2\/posts\/399644","targetHints":{"allow":["GET"]}}],"collection":[{"href":"https:\/\/www.radiopiu.net\/wordpress\/wp-json\/wp\/v2\/posts"}],"about":[{"href":"https:\/\/www.radiopiu.net\/wordpress\/wp-json\/wp\/v2\/types\/post"}],"author":[{"embeddable":true,"href":"https:\/\/www.radiopiu.net\/wordpress\/wp-json\/wp\/v2\/users\/4"}],"replies":[{"embeddable":true,"href":"https:\/\/www.radiopiu.net\/wordpress\/wp-json\/wp\/v2\/comments?post=399644"}],"version-history":[{"count":0,"href":"https:\/\/www.radiopiu.net\/wordpress\/wp-json\/wp\/v2\/posts\/399644\/revisions"}],"wp:featuredmedia":[{"embeddable":true,"href":"https:\/\/www.radiopiu.net\/wordpress\/wp-json\/wp\/v2\/media\/399600"}],"wp:attachment":[{"href":"https:\/\/www.radiopiu.net\/wordpress\/wp-json\/wp\/v2\/media?parent=399644"}],"wp:term":[{"taxonomy":"category","embeddable":true,"href":"https:\/\/www.radiopiu.net\/wordpress\/wp-json\/wp\/v2\/categories?post=399644"},{"taxonomy":"post_tag","embeddable":true,"href":"https:\/\/www.radiopiu.net\/wordpress\/wp-json\/wp\/v2\/tags?post=399644"}],"curies":[{"name":"wp","href":"https:\/\/api.w.org\/{rel}","templated":true}]}}