{"id":399659,"date":"2024-07-16T05:34:42","date_gmt":"2024-07-16T03:34:42","guid":{"rendered":"https:\/\/www.radiopiu.net\/wordpress\/?p=399659"},"modified":"2024-07-16T13:17:45","modified_gmt":"2024-07-16T11:17:45","slug":"giornale-radiopiu-16-luglio-2024-direttore-mirko-mezzacasada-41-anni-25-giugno-1983-25-giugno-2024","status":"publish","type":"post","link":"https:\/\/www.radiopiu.net\/wordpress\/giornale-radiopiu-16-luglio-2024-direttore-mirko-mezzacasada-41-anni-25-giugno-1983-25-giugno-2024\/","title":{"rendered":"GIORNALE RADIOPIU 16 LUGLIO 2024 DIRETTORE MIRKO MEZZACASA\u2026DA 41 ANNI 25 GIUGNO 1983-25 GIUGNO 2024"},"content":{"rendered":"<p>*******<\/p>\n<p>&nbsp;<\/p>\n<blockquote>\n<h2>Radio Pi\u00f9 Saluta il Nuovo Prefetto di Belluno<\/h2>\n<\/blockquote>\n<blockquote>\n<h3><a class=\"dt-pswp-item\" href=\"https:\/\/www.radiopiu.net\/wordpress\/wp-content\/uploads\/2024\/07\/Senza-nome-60.png\" data-dt-img-description=\"\" data-large_image_width=\"228\" data-large_image_height=\"165\"><img loading=\"lazy\" decoding=\"async\" class=\"size-full wp-image-399763 alignleft\" src=\"https:\/\/www.radiopiu.net\/wordpress\/wp-content\/uploads\/2024\/07\/Senza-nome-60.png\" alt=\"\" width=\"228\" height=\"165\" \/><\/a><\/h3>\n<\/blockquote>\n<p>&nbsp;<\/p>\n<p><strong>BELLUNO<\/strong><\/p>\n<div class=\"flex flex-grow flex-col max-w-full\">\n<div class=\"min-h-[20px] text-message flex flex-col items-start whitespace-pre-wrap break-words [.text-message+&amp;]:mt-5 juice:w-full juice:items-end overflow-x-auto gap-2\" dir=\"auto\" data-message-author-role=\"assistant\" data-message-id=\"2a965386-ab4f-430c-909c-919646dd125d\">\n<div class=\"flex w-full flex-col gap-1 juice:empty:hidden juice:first:pt-[3px]\">\n<div class=\"markdown prose w-full break-words dark:prose-invert dark\">\n<p>Radio Pi\u00f9 saluta e augura buon lavoro al nuovo prefetto di Belluno, Antonello Roccoberton, ufficialmente insediatosi ieri a Palazzo dei Rettori. Durante la cerimonia di insediamento, Roccoberton ha espresso il suo impegno a collaborare strettamente con le istituzioni locali per affrontare le sfide del territorio.<\/p>\n<p>Radio Pi\u00f9, da sempre attenta alle dinamiche della comunit\u00e0, rinnova il suo supporto al nuovo prefetto, augurandogli successo nel suo nuovo incarico e nella gestione delle attivit\u00e0 volte a migliorare la qualit\u00e0 della vita dei cittadini di Belluno. (MM)<\/p>\n<\/div>\n<\/div>\n<\/div>\n<\/div>\n<div class=\"mt-1 flex gap-3 empty:hidden juice:-ml-3\">\n<div class=\"items-center justify-start rounded-xl p-1 flex\">\n<div class=\"flex items-center\">\n<div class=\"flex items-center pb-0.5 juice:pb-0\">\n<div class=\"[&amp;_svg]:h-full [&amp;_svg]:w-full icon-md h-4 w-4\"><\/div>\n<\/div>\n<\/div>\n<\/div>\n<\/div>\n<p>&nbsp;<\/p>\n<hr \/>\n<p>&nbsp;<\/p>\n<p><em><span style=\"color: #ff0000;\">ATTENZIONE: LA NUOVA APP PER IOS-IPHONE di Nicola Vettorello <\/span><\/em><a href=\"https:\/\/apps.apple.com\/it\/app\/radio-pi%C3%B9-emittente-agordina\/id1515939845\">https:\/\/apps.apple.com\/it\/app\/radio-pi%C3%B9-emittente-agordina\/id1515939845<\/a><\/p>\n<p><em style=\"color: #ff0000;\">ATTENZIONE: LA NUOVA APP RADIO\u00a0 PER ANDROID di Nicola Vettorello<\/em><\/p>\n<p><a href=\"https:\/\/play.google.com\/store\/apps\/details?id=net.radiopiu.iniko\" target=\"_blank\" rel=\"noopener noreferrer\">https:\/\/play.google.com\/store\/apps\/details?id=net.radiopiu.iniko\u00a0\u00a0\u00a0<\/a><\/p>\n<p>&nbsp;<\/p>\n<p>&nbsp;<\/p>\n<hr \/>\n<p>&nbsp;<\/p>\n<p><strong class=\"photoswipe-wrapper\"><span style=\"color: #ff0000;\"><a class=\"dt-pswp-item\" href=\"https:\/\/www.radiopiu.net\/wordpress\/wp-content\/uploads\/2024\/07\/450944520_10219857651151408_188033322506098665_n.jpg\" data-dt-img-description=\"\" data-large_image_width=\"394\" data-large_image_height=\"600\"><img loading=\"lazy\" decoding=\"async\" class=\" wp-image-399865 alignleft\" src=\"https:\/\/www.radiopiu.net\/wordpress\/wp-content\/uploads\/2024\/07\/450944520_10219857651151408_188033322506098665_n-197x300.jpg\" alt=\"\" width=\"181\" height=\"276\" srcset=\"https:\/\/www.radiopiu.net\/wordpress\/wp-content\/uploads\/2024\/07\/450944520_10219857651151408_188033322506098665_n-197x300.jpg 197w, https:\/\/www.radiopiu.net\/wordpress\/wp-content\/uploads\/2024\/07\/450944520_10219857651151408_188033322506098665_n.jpg 394w\" sizes=\"auto, (max-width: 181px) 100vw, 181px\" \/><\/a>OGGI ALLA RADIO<\/span><\/strong>: <strong>ALLE 6.15 <\/strong>PIROLE DE LENGA, CON IL MUSLA\u00a0\u00a0<strong>ALLE 7.20<\/strong>\u00a0EL BAL DEL FIOR, DETTI E TRADIZIONI DI GIULIANA DA RONCH;\u00a0<strong>ALLE 8.20\u00a0<\/strong>PIU&#8217; SIAMO ESTATE DI MARINA DONA&#8217;\u00a0 <strong>9.00 LA MUSICA COUNTRY DI ALEX NASCINBEN <\/strong>\u00a0<strong>9.30\u00a0<\/strong>VIABILITA\u2019 Botol_Car <strong>10.10\u00a0 musla, le nove in ladin in dintorn e foravia di Michela Dell&#8217;Osbel<\/strong>\u00a0<span style=\"color: #0000ff;\"><strong><span style=\"color: #000000;\">10.30<\/span><\/strong><span style=\"color: #000000;\">\u00a0 VOCI RIBELLI, DI ALESSIA DALL&#8217;O<\/span><span style=\"color: #000000;\">\u00a0<\/span><span style=\"color: #000000;\">\u00a0<\/span><\/span><strong>11.10 <\/strong>LA STORIA DEL FESTIVALBAR RACCONTATA DA MIRCO BENCIVENN<strong>I <\/strong>\u00a0\u00a0<strong>12.00\u00a0<\/strong>VA TUTTO LISCIO\u00a0<strong>12.30\u00a0<\/strong>GIORNALE RADIO EDIZIONE PRINCIPALE \u00a0\u00a0<strong>13.20<\/strong> TRE PEZZI ESTIVI DI MARINA DONA&#8217; <strong>14.00\u00a0<\/strong> COLLAGE OPERAZIONE NOSTALGIA LORIS SCUSSEL <strong>15.00\u00a0<\/strong>\u00a0<span style=\"color: #ff0000;\"> IL MARTEDI DI LUISA ALCHINI\u00a0Speciale teatro a Rivamonte Agordino &#8220;Le noze tribolade&#8221; Con Gli Anfibi Spaiati Con\u00a0 la regista<\/span> <span class=\"html-span xdj266r x11i5rnm xat24cr x1mh8g0r xexx8yu x4uap5 x18d9i69 xkhd6sd x1hl2dhg x16tdsg8 x1vvkbs\"><a class=\"x1i10hfl xjbqb8w x1ejq31n xd10rxx x1sy0etr x17r0tee x972fbf xcfux6l x1qhh985 xm0m39n x9f619 x1ypdohk xt0psk2 xe8uvvx xdj266r x11i5rnm xat24cr x1mh8g0r xexx8yu x4uap5 x18d9i69 xkhd6sd x16tdsg8 x1hl2dhg xggy1nq x1a2a7pz x1sur9pj xkrqix3 x1fey0fg xo1l8bm\" tabindex=\"0\" role=\"link\" href=\"https:\/\/www.facebook.com\/groups\/61488111720\/user\/1506676254\/?__cft__[0]=AZUP9c8lev1jfoZNeCNRNx3N0b-q0_LyeyUBkArYSCb2aD32qLTXujaUbys4hr0o-AVG-fJoHAv6zkvSmbum0HQilc24nY85acUTNoD3A2eES2kGGkZLj7S7dZ-Lrzd5V38cyh3q8-scN2GS3BZbFqVcTqHjtUyvsVcqFk69hQjW-7CNdww1-nEp2QXgoxs0KN2qmNGpVJ7Rwg0Dx27ndrO9&amp;__tn__=-]K-R\"><span class=\"xt0psk2\">Debora Bellotto<\/span><\/a><\/span> <strong>1<\/strong><strong>6.00\u00a0<\/strong>IL ROCK DI MARCO COSTANTINI\u00a0<strong>16.45\u00a0<\/strong>LE HIT DI MIRCO BENCIVENNI\u00a0 <strong>19\u00a0<\/strong>ANTICIPAZIONI DAL TG DI ANTENNA 3<\/p>\n<blockquote><p><strong>rassegna stampa nazionale, ogni giorno alle 5 e alle 6 del mattino<\/strong><br \/>\n<em>giornali locali 7 rassegna stampa flash, 8 rassegna stampa, gr flash alle 10 e alle 11, principale 12.30. Informazione pomerIggio alle 15 (speciale) 16, 17, 18. Giornale radio nazionale: ogni ora dalle 5 del mattino, alle 20 della sera.\u00a0<\/em><\/p><\/blockquote>\n<div class=\"x11i5rnm xat24cr x1mh8g0r x1vvkbs xtlvy1s x126k92a\">\n<div dir=\"auto\">\n<p>&nbsp;<\/p>\n<p>&nbsp;<\/p>\n<hr \/>\n<p>&nbsp;<\/p>\n<p>&nbsp;<\/p>\n<div class=\"x11i5rnm xat24cr x1mh8g0r x1vvkbs xtlvy1s x126k92a\">\n<div dir=\"auto\">\n<p><strong><a class=\"dt-pswp-item\" href=\"https:\/\/www.radiopiu.net\/wordpress\/wp-content\/uploads\/2024\/02\/2d44e751-d8a8-461b-8e22-d8e4e853b032.jpg\" data-dt-img-description=\"\" data-large_image_width=\"1600\" data-large_image_height=\"1200\"><img loading=\"lazy\" decoding=\"async\" class=\"wp-image-373307 alignleft\" src=\"https:\/\/www.radiopiu.net\/wordpress\/wp-content\/uploads\/2024\/02\/2d44e751-d8a8-461b-8e22-d8e4e853b032-300x225.jpg\" alt=\"\" width=\"105\" height=\"79\" srcset=\"https:\/\/www.radiopiu.net\/wordpress\/wp-content\/uploads\/2024\/02\/2d44e751-d8a8-461b-8e22-d8e4e853b032-300x225.jpg 300w, https:\/\/www.radiopiu.net\/wordpress\/wp-content\/uploads\/2024\/02\/2d44e751-d8a8-461b-8e22-d8e4e853b032-1024x768.jpg 1024w, https:\/\/www.radiopiu.net\/wordpress\/wp-content\/uploads\/2024\/02\/2d44e751-d8a8-461b-8e22-d8e4e853b032-768x576.jpg 768w, https:\/\/www.radiopiu.net\/wordpress\/wp-content\/uploads\/2024\/02\/2d44e751-d8a8-461b-8e22-d8e4e853b032-1536x1152.jpg 1536w, https:\/\/www.radiopiu.net\/wordpress\/wp-content\/uploads\/2024\/02\/2d44e751-d8a8-461b-8e22-d8e4e853b032.jpg 1600w\" sizes=\"auto, (max-width: 105px) 100vw, 105px\" \/><\/a>EL BAL DEL FIOR, DI GIULIANA DA RONCH, 16 LUGLIO<\/strong><strong>\u00a02024<em>\u00a0<\/em><\/strong><\/p>\n<audio class=\"wp-audio-shortcode\" id=\"audio-399659-1\" preload=\"none\" style=\"width: 100%;\" controls=\"controls\"><source type=\"audio\/mpeg\" src=\"https:\/\/www.radiopiu.net\/wordpress\/wp-content\/uploads\/2024\/07\/GMA-1.m4a?_=1\" \/><a href=\"https:\/\/www.radiopiu.net\/wordpress\/wp-content\/uploads\/2024\/07\/GMA-1.m4a\">https:\/\/www.radiopiu.net\/wordpress\/wp-content\/uploads\/2024\/07\/GMA-1.m4a<\/a><\/audio>\n<p>&nbsp;<\/p>\n<\/div>\n<\/div>\n<\/div>\n<hr \/>\n<p>&nbsp;<\/p>\n<p>&nbsp;<\/p>\n<h1><span style=\"color: #ff0000;\"><a class=\"dt-pswp-item\" href=\"https:\/\/www.radiopiu.net\/wordpress\/wp-content\/uploads\/2024\/06\/th-5.jpg\" data-dt-img-description=\"\" data-large_image_width=\"326\" data-large_image_height=\"180\"><img loading=\"lazy\" decoding=\"async\" class=\"size-medium wp-image-395881 alignleft\" src=\"https:\/\/www.radiopiu.net\/wordpress\/wp-content\/uploads\/2024\/06\/th-5-300x166.jpg\" alt=\"\" width=\"300\" height=\"166\" srcset=\"https:\/\/www.radiopiu.net\/wordpress\/wp-content\/uploads\/2024\/06\/th-5-300x166.jpg 300w, https:\/\/www.radiopiu.net\/wordpress\/wp-content\/uploads\/2024\/06\/th-5.jpg 326w\" sizes=\"auto, (max-width: 300px) 100vw, 300px\" \/><\/a><\/span><\/h1>\n<h1><\/h1>\n<h1><\/h1>\n<h1><span style=\"color: #000000;\">16 luglio&#8230; alla radio l&#8217;almanacco\u00a0<\/span><\/h1>\n<audio class=\"wp-audio-shortcode\" id=\"audio-399659-2\" preload=\"none\" style=\"width: 100%;\" controls=\"controls\"><source type=\"audio\/mpeg\" src=\"https:\/\/www.radiopiu.net\/wordpress\/wp-content\/uploads\/2024\/07\/ALMANACCONEW-13.mp3?_=2\" \/><a href=\"https:\/\/www.radiopiu.net\/wordpress\/wp-content\/uploads\/2024\/07\/ALMANACCONEW-13.mp3\">https:\/\/www.radiopiu.net\/wordpress\/wp-content\/uploads\/2024\/07\/ALMANACCONEW-13.mp3<\/a><\/audio>\n<p>&nbsp;<\/p>\n<div dir=\"auto\">\n<hr \/>\n<\/div>\n<\/div>\n<blockquote>\n<blockquote>\n<h1><span style=\"color: #ff0000;\">\u00a0<\/span><\/h1>\n<h1><span style=\"color: #ff0000;\">I podcast informativi del mattino &#8211; audio &#8211;\u00a0\u00a0<\/span><\/h1>\n<\/blockquote>\n<p><strong><a class=\"dt-pswp-item\" href=\"https:\/\/www.radiopiu.net\/wordpress\/wp-content\/uploads\/2023\/11\/th-10.jpg\" data-dt-img-description=\"\" data-large_image_width=\"320\" data-large_image_height=\"180\"><img loading=\"lazy\" decoding=\"async\" class=\"wp-image-362866 alignleft\" src=\"https:\/\/www.radiopiu.net\/wordpress\/wp-content\/uploads\/2023\/11\/th-10-300x169.jpg\" alt=\"\" width=\"185\" height=\"104\" srcset=\"https:\/\/www.radiopiu.net\/wordpress\/wp-content\/uploads\/2023\/11\/th-10-300x169.jpg 300w, https:\/\/www.radiopiu.net\/wordpress\/wp-content\/uploads\/2023\/11\/th-10.jpg 320w\" sizes=\"auto, (max-width: 185px) 100vw, 185px\" \/><\/a>LA RASSEGNA STAMPA NAZIONALE ALLA RADIO, OGNI GIORNO ALLE 5 E ALLE 6 DEL MATTINO <span style=\"color: #0000ff;\">viene pubblicata alle 6.00 <span style=\"color: #ff0000;\">DIRETTA RADIO\u00a0 \u00a0\u00a0<\/span><\/span><\/strong><\/p><\/blockquote>\n<p>&nbsp;<\/p>\n<p><strong>NOTIZIE DELLA NOTTE\u00a0 \u00a0\u00a0<\/strong><\/p>\n<p><strong>Biden<\/strong>: &#8216;Pronto al secondo dibattito con Trump a settembre <strong>Lavrov<\/strong> a New York per riunioni del Consiglio di sicurezza Onu <strong>Oman<\/strong>, sparatoria in una moschea: 4 morti <strong>Musk<\/strong> doner\u00e0 45 milioni dollari al mese a campagna di Trump <strong>Lula<\/strong> conferisce a Mattarella il massimo delle onorificenze <strong>Kagame i<\/strong>n testa col 99,15% dei voti alle presidenziali in Ruanda <strong>Un militare<\/strong> dell&#8217;antiterrorismo accoltellato a Parigi, 1 arresto<\/p>\n<h2>AUDIO dalle 6 del mattino<\/h2>\n<audio class=\"wp-audio-shortcode\" id=\"audio-399659-3\" preload=\"none\" style=\"width: 100%;\" controls=\"controls\"><source type=\"audio\/mpeg\" src=\"https:\/\/www.radiopiu.net\/wordpress\/wp-content\/uploads\/2024\/07\/GIORNALEDELLESEI-13.mp3?_=3\" \/><a href=\"https:\/\/www.radiopiu.net\/wordpress\/wp-content\/uploads\/2024\/07\/GIORNALEDELLESEI-13.mp3\">https:\/\/www.radiopiu.net\/wordpress\/wp-content\/uploads\/2024\/07\/GIORNALEDELLESEI-13.mp3<\/a><\/audio>\n<p>&nbsp;<\/p>\n<p>&nbsp;<\/p>\n<hr \/>\n<p>&nbsp;<\/p>\n<h1 style=\"text-align: center;\"><span style=\"color: #ff0000;\">I podcast informativi del mattino &#8211; audio &#8211;\u00a0<\/span><\/h1>\n<p><strong><a class=\"dt-pswp-item\" href=\"https:\/\/www.radiopiu.net\/wordpress\/wp-content\/uploads\/2023\/12\/images.png\" data-dt-img-description=\"\" data-large_image_width=\"316\" data-large_image_height=\"160\"><img loading=\"lazy\" decoding=\"async\" class=\"wp-image-367008 alignleft\" src=\"https:\/\/www.radiopiu.net\/wordpress\/wp-content\/uploads\/2023\/12\/images-300x152.png\" alt=\"\" width=\"235\" height=\"119\" srcset=\"https:\/\/www.radiopiu.net\/wordpress\/wp-content\/uploads\/2023\/12\/images-300x152.png 300w, https:\/\/www.radiopiu.net\/wordpress\/wp-content\/uploads\/2023\/12\/images.png 316w\" sizes=\"auto, (max-width: 235px) 100vw, 235px\" \/><\/a>OGNI GIORNO ALLE SETTE DEL MATTINO, LA RASSEGNA STAMPA LOCALE FLASH&#8230; PER CHI VA IN FRETTA. I TITOLI DAI GIORNALI E DAL SITO WWW.RADIOPIU.NET <span style=\"color: #0000ff;\">viene pubblicato alle 7.00<\/span> <span style=\"color: #ff0000;\">DIRETTA RADIO\u00a0<\/span><\/strong><\/p>\n<p><em><span style=\"color: #ff0000;\">per chi va in fretta&#8230; tante notizie in pochi minuti. L&#8217;informazione locale alla radio, ogni ora dalle 7 del mattino alle 19 della sera.\u00a0 <\/span><\/em><\/p>\n<p>&nbsp;<\/p>\n<p><strong>PALE DI SAN MARTINO<\/strong>Un\u2019escursionista americana \u00e8 morta cadendo in un crepaccio sul sentiero 716 delle Pale di San Martino, vicino al passo del Travignolo. Scivolata su un nevaio, \u00e8 precipitata per 25 metri. Il compagno ha allertato i soccorsi; il corpo \u00e8 stato recuperato dall\u2019elicottero.<br \/>\n<strong>VAL DI ZOLDO<\/strong> Domenica verso le 19, la Centrale di Pieve di Cadore ha ricevuto una segnalazione dal numero unico di emergenza di Bolzano riguardo due persone in difficolt\u00e0 sul Civetta. Senza indicazioni precise, l\u2019elicottero del Suem di Pieve di Cadore ha perlustrato gli itinerari pi\u00f9 frequentati, senza successo. Alle 2, padre e figlio inglesi di 70 e 22 anni hanno contattato direttamente la Centrale. Arrivati tardi in cima al Civetta, temevano il buio e la discesa. Non rispondendo al telefono, erano scesi lungo la Ferrata, ma il padre, stanco e infreddolito, non poteva proseguire. I due sono stati recuperati dall\u2019elicottero di Trento e trasportati a valle.<br \/>\n<strong>AGORDO<\/strong> la Centrale del 118 \u00e8 stata attivata da due escursionisti tedeschi, non pi\u00f9 in grado di proseguire al rientro della Ferrata Costantini in Moiazza. I due, lui 55enne, lei 51enne, si trovavano sull\u2019ultimo tratto nella parte di discesa, dopo aver passato il bivacco Ghedini, erano illesi, ma in difficolt\u00e0 a causa tratto impervio e innevato. Allertata la Stazione del Soccorso alpino di Agordo per competenza, \u00e8 stato inviato un messaggio dall\u2019applicazione di geolocalizzazione per risalire alle coordinate. \u00c8 quindi intervenuto Falco 2 che, dopo averli individuati, li ha recuperati con un verricello di 70 metri e trasportati al Passo Duran, dove avevano la macchina.<br \/>\n<strong>REDAZIONE<\/strong> Il personale sanitario e infermieristico \u00e8 sotto pressione anche oggi. Tra gli interventi principali: alle 8.30 prima chiamata a Cortina per una donna di 58 anni napoletana colta da malore, Falco 1 l\u2019ha elitrasportata in condizioni di media gravit\u00e0 al San Martino di Belluno. Alle 13.30 un 41enne di Alano \u00e8 caduto procurandosi ferite da codice 2, sul posto ambulanza e Falco 2 per il trasporto al Santa Maria del Prato. A Rocca Pietore nel pomeriggio altro malore, un uomo di 43 anni di Montebelluna \u00e8 stato elitrasportato al San Martino.<br \/>\n<strong>Ad Agordo<\/strong> l\u2019elitaxi ha trasportato a valle dalla ferrata costantini uomo e donna della Germania: erano stanchi e non potrevano proseguire, ovviamente illesi.<br \/>\n<strong>A Casera Razzo<\/strong> motociclista sull\u2019asfalto, il 67 in condizioni medio gravi \u00e8 ricoverato al San Martino<br \/>\nDi nuovo a Rocca Pietore alle 17 per un altro malore, 74enne di Martellago portato in elicottero al San Martino codice 2<\/p>\n<h1>AUDIO dalle 7 del mattino<\/h1>\n<audio class=\"wp-audio-shortcode\" id=\"audio-399659-4\" preload=\"none\" style=\"width: 100%;\" controls=\"controls\"><source type=\"audio\/mpeg\" src=\"https:\/\/www.radiopiu.net\/wordpress\/wp-content\/uploads\/2024\/07\/GF07-12.mp3?_=4\" \/><a href=\"https:\/\/www.radiopiu.net\/wordpress\/wp-content\/uploads\/2024\/07\/GF07-12.mp3\">https:\/\/www.radiopiu.net\/wordpress\/wp-content\/uploads\/2024\/07\/GF07-12.mp3<\/a><\/audio>\n<p>&nbsp;<\/p>\n<p>&nbsp;<\/p>\n<hr \/>\n<p>&nbsp;<\/p>\n<h1><\/h1>\n<h1 style=\"text-align: center;\"><span style=\"color: #ff0000;\"><a class=\"dt-pswp-item\" href=\"https:\/\/www.radiopiu.net\/wordpress\/wp-content\/uploads\/2022\/01\/026c3f9d-dae9-4040-a3c1-a6530231bcc3.jpg\" data-dt-img-description=\"\" data-large_image_width=\"1152\" data-large_image_height=\"2048\"><img loading=\"lazy\" decoding=\"async\" class=\"wp-image-251839 alignleft\" src=\"https:\/\/www.radiopiu.net\/wordpress\/wp-content\/uploads\/2022\/01\/026c3f9d-dae9-4040-a3c1-a6530231bcc3-169x300.jpg\" alt=\"\" width=\"100\" height=\"177\" srcset=\"https:\/\/www.radiopiu.net\/wordpress\/wp-content\/uploads\/2022\/01\/026c3f9d-dae9-4040-a3c1-a6530231bcc3-169x300.jpg 169w, https:\/\/www.radiopiu.net\/wordpress\/wp-content\/uploads\/2022\/01\/026c3f9d-dae9-4040-a3c1-a6530231bcc3-576x1024.jpg 576w, https:\/\/www.radiopiu.net\/wordpress\/wp-content\/uploads\/2022\/01\/026c3f9d-dae9-4040-a3c1-a6530231bcc3-768x1365.jpg 768w, https:\/\/www.radiopiu.net\/wordpress\/wp-content\/uploads\/2022\/01\/026c3f9d-dae9-4040-a3c1-a6530231bcc3-864x1536.jpg 864w, https:\/\/www.radiopiu.net\/wordpress\/wp-content\/uploads\/2022\/01\/026c3f9d-dae9-4040-a3c1-a6530231bcc3.jpg 1152w\" sizes=\"auto, (max-width: 100px) 100vw, 100px\" \/><\/a>I podcast informativi del mattino &#8211; audio &#8211;\u00a0<\/span><\/h1>\n<blockquote><p><strong>GIORNALE RADIO NAZIONALE, EDIZIONE DELLE SETTE <span style=\"color: #0000ff;\">viene pubblicato alle 7.05 <span style=\"color: #ff0000;\">DIRETTA RADIO\u00a0<\/span><\/span><\/strong><\/p><\/blockquote>\n<p><strong>il giornale radionazionale e&#8217; in onda ogni ora, dalle sette del mattino alle venti della sera\u00a0 \u00a0<\/strong><strong>\u00a0<\/strong><\/p>\n<p>&nbsp;<\/p>\n<p><strong>BRESCIA<\/strong> Botte alle figlie &#8220;non brave musulmane&#8221;, condannati in fuga e nuovo caso di latitanza.\u00a0 <strong>AQUILA<\/strong> Condotta incauta&#8217;, sentenza choc per 7 morti del terremoto dell&#8217;Aquila La Corte d&#8217;appello, niente risarcimento e spese a carico dei familiari\u00a0 <strong>REGGIO CALABRIA<\/strong> Duplice infanticidio, due feti trovati in un armadio<br \/>\n<strong>MATERA<\/strong> Incendio in un&#8217;abitazione, morta una donna <strong>LATINA<\/strong> a fuoco azienda che distribuisce medicinali a farmacie<br \/>\n<b>CAGLIARI <\/b>a Gigi Riva l&#8217;aeroporto di Cagliari <strong>ROMA <\/strong>maxirissa tra scippatori nella metro 5 arresti <strong>ISCHIA<\/strong> donna trovata morta in una scarpata vicino casa\u00a0<strong>TREVISO\u00a0<\/strong> omicidio di Giulia Cecchettin, il 23 settembre processo a Filippo Turetta<br \/>\n<strong>MILANO<\/strong>\u00a0 Malpensa,\u00a0 presidio contro intitolazione aeroporto a Berlusconi <strong>LIGURIA<\/strong> Salvini: &#8220;Inchieste non tengano in sospeso un&#8217;intera regione&#8221;<\/p>\n<h2>AUDIO dalle sette del mattino, ogni ora alla radio<\/h2>\n<audio class=\"wp-audio-shortcode\" id=\"audio-399659-5\" preload=\"none\" style=\"width: 100%;\" controls=\"controls\"><source type=\"audio\/mpeg\" src=\"https:\/\/www.radiopiu.net\/wordpress\/wp-content\/uploads\/2024\/07\/giornale07-14.mp3?_=5\" \/><a href=\"https:\/\/www.radiopiu.net\/wordpress\/wp-content\/uploads\/2024\/07\/giornale07-14.mp3\">https:\/\/www.radiopiu.net\/wordpress\/wp-content\/uploads\/2024\/07\/giornale07-14.mp3<\/a><\/audio>\n<p>&nbsp;<\/p>\n<p>&nbsp;<\/p>\n<hr \/>\n<p>&nbsp;<\/p>\n<p>&nbsp;<\/p>\n<h1><span style=\"color: #ff0000;\">I podcast informativi del mattino &#8211; video &#8211;\u00a0<\/span><\/h1>\n<h2><strong><a class=\"dt-pswp-item\" href=\"https:\/\/www.radiopiu.net\/wordpress\/wp-content\/uploads\/2023\/12\/th-10.jpg\" data-dt-img-description=\"\" data-large_image_width=\"245\" data-large_image_height=\"180\"><img loading=\"lazy\" decoding=\"async\" class=\" wp-image-367395 alignleft\" src=\"https:\/\/www.radiopiu.net\/wordpress\/wp-content\/uploads\/2023\/12\/th-10.jpg\" alt=\"\" width=\"166\" height=\"122\" \/><\/a>RASSEGNA STAMPA LOCALE, ORE OTTO 05<\/strong><\/h2>\n<h2><strong> <span style=\"color: #0000ff;\">viene\u00a0 <\/span><\/strong><strong><span style=\"color: #0000ff;\">pubblicata alle 8.05 <span style=\"color: #ff0000;\">DIRETTA RADIO\u00a0\u00a0<\/span><\/span><\/strong><\/h2>\n<p><strong>DI MIRKO MEZZACASA\u00a0 \u00a0<\/strong><button class=\"rounded-lg text-token-text-secondary hover:bg-token-main-surface-secondary\"><\/button><\/p>\n<p><strong>OGGI SUL Corriere delle Alpi E NOTIZIARI DI Radio Pi\u00f9<\/strong><\/p>\n<p><strong><a class=\"dt-pswp-item\" href=\"https:\/\/www.radiopiu.net\/wordpress\/wp-content\/uploads\/2024\/07\/Senza-nome-64.png\" data-dt-img-description=\"\" data-large_image_width=\"553\" data-large_image_height=\"260\"><img loading=\"lazy\" decoding=\"async\" class=\"size-medium wp-image-399885 alignleft\" src=\"https:\/\/www.radiopiu.net\/wordpress\/wp-content\/uploads\/2024\/07\/Senza-nome-64-300x141.png\" alt=\"\" width=\"300\" height=\"141\" srcset=\"https:\/\/www.radiopiu.net\/wordpress\/wp-content\/uploads\/2024\/07\/Senza-nome-64-300x141.png 300w, https:\/\/www.radiopiu.net\/wordpress\/wp-content\/uploads\/2024\/07\/Senza-nome-64.png 553w\" sizes=\"auto, (max-width: 300px) 100vw, 300px\" \/><\/a>AGORDO<\/strong> nelle localit\u00e0 Piasent, Colvignas, Campon, Le Foche l\u2019acqua erogata dall\u2019acquedotto non \u00e8 potabile e non pu\u00f2 essere usata per scopi alimentari, se non previa bollitura. Verr\u00e0 effettuato servizio sostitutivo con cisterna in localit\u00e0 Piasent.<br \/>\n<strong>LIVINALLONGO<\/strong> In localit\u00e0 Collaz l\u2019acqua erogata dall\u2019acquedotto non \u00e8 potabile e pu\u00f2 essere usata per scopi alimentari solo previa bollitura.<br \/>\n<strong>ROCCA PIETORE<\/strong> Oggi dalle 8 alle 17 verr\u00e0 sospesa l\u2019erogazione dell\u2019acqua nelle localit\u00e0 Sedolada, Santa Maria delle Grazie<br \/>\nMaltempo a Fadalto: Proseguono i Lavori sulla SS 51 \u201cdi Alemagna\u201d RIMARRA\u2019 CHIUSA PER TUTTA L\u2019ESTATE.<br \/>\nDopo le intense piogge del 12 luglio 2024 a Fadalto, Vittorio Veneto, Anas continua a liberare la SS 51 \u201cdi Alemagna\u201d dal materiale franato tra i km 19,500 e 22,000 e a mettere in sicurezza la zona. Dal settembre 2021, impianti di monitoraggio (semafori, telecamere, sensori di movimento, pluviometri) hanno gestito l\u2019interdizione temporanea al traffico. Tuttavia, la recente frana ha danneggiato queste strutture e parte delle opere di protezione. Anas, RFI, e Autostrade per l\u2019Italia lavorano insieme per ripristinare la sicurezza e riaprire la strada. Attualmente, il traffico \u00e8 deviato sulla A27 tra Vittorio Veneto Nord e Fadalto-Lago di Santa Croce.<br \/>\n<strong>AGORDO<\/strong> Il sasso (di dimensioni contenute rispetto al video) caduto ieri a lato della 203 agordina (staccatosi da una massicciata pochi metri sopra e non dalla montagna come nel 2019, ci ha riportato a cinque anni fa quando un altro macigno fin\u00ec accanto alla casa delle famiglie Tormen travolgento e schiacciando un\u2019auto<br \/>\n<strong>APPARTAMENTO IN FIAMME A CENCENIGHE<\/strong><br \/>\nCENCENIGHE Ieri poco dopo le 10, i Vigili del Fuoco di Agordo sono intervenuti per un incendio in un appartamento a Cencenighe, in via Torino 26. Le fiamme hanno coinvolto alcuni arredi, ma i danni sono stati contenuti e non ci sono stati feriti<\/p>\n<h2><span style=\"color: #ff0000;\"><strong>VIDEO\u00a0 \u00a0in diretta dalle 8 del mattino<\/strong><\/span><\/h2>\n<p>&nbsp;<\/p>\n<p>&nbsp;<\/p>\n<p>&nbsp;<\/p>\n<hr \/>\n<p>&nbsp;<\/p>\n<p>&nbsp;<\/p>\n<p><strong><a class=\"dt-pswp-item\" href=\"https:\/\/www.radiopiu.net\/wordpress\/wp-content\/uploads\/2023\/12\/ANTENNA.png\" data-dt-img-description=\"\" data-large_image_width=\"300\" data-large_image_height=\"166\"><img loading=\"lazy\" decoding=\"async\" class=\" wp-image-366306 alignleft\" src=\"https:\/\/www.radiopiu.net\/wordpress\/wp-content\/uploads\/2023\/12\/ANTENNA.png\" alt=\"\" width=\"175\" height=\"97\" \/><\/a>IERI SERA, DAL TG DI ANTENNA 3, ogni sera alle 19 le anticipazioni alla radio, quello che poi seguirete nel TELEGIORNALE BELLUNESE\u00a0 in onda alle 19.30 sul CANALE 10 del digitale terrestre.\u00a0\u00a0<\/strong><\/p>\n<p>&nbsp;<\/p>\n<p><span style=\"color: #ff0000;\"><strong>\u00a0IERI SERA ALLA RADIO&#8230; LE ANTICIPAZIONI DI\u00a0 tiziana bolognani<\/strong><\/span><\/p>\n<audio class=\"wp-audio-shortcode\" id=\"audio-399659-6\" preload=\"none\" style=\"width: 100%;\" controls=\"controls\"><source type=\"audio\/mpeg\" src=\"https:\/\/www.radiopiu.net\/wordpress\/wp-content\/uploads\/2024\/07\/ANTENNA3-10.mp3?_=6\" \/><a href=\"https:\/\/www.radiopiu.net\/wordpress\/wp-content\/uploads\/2024\/07\/ANTENNA3-10.mp3\">https:\/\/www.radiopiu.net\/wordpress\/wp-content\/uploads\/2024\/07\/ANTENNA3-10.mp3<\/a><\/audio>\n<p><span style=\"color: #ff0000;\"><strong>\u00a0<\/strong><\/span><\/p>\n<p>&nbsp;<\/p>\n<hr \/>\n<p><strong>\u00a0 \u00a0 \u00a0\u00a0<\/strong><\/p>\n<p>&nbsp;<\/p>\n<blockquote>\n<h3>GIOVEDI&#8217; 18 LUGLIO SCIOPERO DEI TRASPORTI<\/h3>\n<\/blockquote>\n<p><strong>BELLUNO <\/strong>Dolomiti Bus S.p.A. comunica che, a causa dello sciopero nazionale indetto dalle OO.SS. FILT-CGIL, FIT-CISL, UILTRASPORTI, FAISA-CISAL e UGL-FNA per gioved\u00ec 18 luglio 2024, non saranno garantite le corse in partenza dalle ore 12:00 alle 15:59. Le corse iniziate prima dell&#8217;orario di sciopero proseguiranno fino al capolinea.<\/p>\n<p>&nbsp;<\/p>\n<p>&nbsp;<\/p>\n<hr \/>\n<p>&nbsp;<\/p>\n<blockquote>\n<h3>Escursionista Americana Muore in Crepaccio sulle Pale di San Martino<\/h3>\n<\/blockquote>\n<p><strong><a class=\"dt-pswp-item\" href=\"https:\/\/www.radiopiu.net\/wordpress\/wp-content\/uploads\/2019\/08\/SOCCORSO-ALPINO-2019.jpg\" data-dt-img-description=\"\" data-large_image_width=\"1600\" data-large_image_height=\"1200\"><img loading=\"lazy\" decoding=\"async\" class=\" wp-image-96479 alignleft\" src=\"https:\/\/www.radiopiu.net\/wordpress\/wp-content\/uploads\/2019\/08\/SOCCORSO-ALPINO-2019-300x225.jpg\" alt=\"\" width=\"193\" height=\"145\" srcset=\"https:\/\/www.radiopiu.net\/wordpress\/wp-content\/uploads\/2019\/08\/SOCCORSO-ALPINO-2019-300x225.jpg 300w, https:\/\/www.radiopiu.net\/wordpress\/wp-content\/uploads\/2019\/08\/SOCCORSO-ALPINO-2019-768x576.jpg 768w, https:\/\/www.radiopiu.net\/wordpress\/wp-content\/uploads\/2019\/08\/SOCCORSO-ALPINO-2019-1024x768.jpg 1024w, https:\/\/www.radiopiu.net\/wordpress\/wp-content\/uploads\/2019\/08\/SOCCORSO-ALPINO-2019.jpg 1600w\" sizes=\"auto, (max-width: 193px) 100vw, 193px\" \/><\/a>PALE DI SAN MARTINO<\/strong>Un&#8217;escursionista americana \u00e8 morta cadendo in un crepaccio sul sentiero 716 delle Pale di San Martino, vicino al passo del Travignolo. Scivolata su un nevaio, \u00e8 precipitata per 25 metri. Il compagno ha allertato i soccorsi; il corpo \u00e8 stato recuperato dall&#8217;elicottero.<\/p>\n<p>&nbsp;<\/p>\n<blockquote>\n<h3><\/h3>\n<p>&nbsp;<\/p><\/blockquote>\n<hr \/>\n<blockquote>\n<h3><\/h3>\n<h3>Due Escursionisti in Difficolt\u00e0 sul Civetta Salvati Durante la Notte<\/h3>\n<\/blockquote>\n<p><strong><a class=\"dt-pswp-item\" href=\"https:\/\/www.radiopiu.net\/wordpress\/wp-content\/uploads\/2024\/07\/download.jpg\" data-dt-img-description=\"\" data-large_image_width=\"540\" data-large_image_height=\"720\"><img loading=\"lazy\" decoding=\"async\" class=\" wp-image-399872 alignleft\" src=\"https:\/\/www.radiopiu.net\/wordpress\/wp-content\/uploads\/2024\/07\/download-225x300.jpg\" alt=\"\" width=\"141\" height=\"188\" srcset=\"https:\/\/www.radiopiu.net\/wordpress\/wp-content\/uploads\/2024\/07\/download-225x300.jpg 225w, https:\/\/www.radiopiu.net\/wordpress\/wp-content\/uploads\/2024\/07\/download.jpg 540w\" sizes=\"auto, (max-width: 141px) 100vw, 141px\" \/><\/a>VAL DI ZOLDO <\/strong>Domenica verso le 19, la Centrale di Pieve di Cadore ha ricevuto una segnalazione dal numero unico di emergenza di Bolzano riguardo due persone in difficolt\u00e0 sul Civetta. Senza indicazioni precise, l&#8217;elicottero del Suem di Pieve di Cadore ha perlustrato gli itinerari pi\u00f9 frequentati, senza successo. Alle 2, padre e figlio inglesi di 70 e 22 anni hanno contattato direttamente la Centrale. Arrivati tardi in cima al Civetta, temevano il buio e la discesa. Non rispondendo al telefono, erano scesi lungo la Ferrata, ma il padre, stanco e infreddolito, non poteva proseguire. I due sono stati recuperati dall&#8217;elicottero di Trento e trasportati a valle.<\/p>\n<p>&nbsp;<\/p>\n<p>FOTO DIEGO COSTA<\/p>\n<p>&nbsp;<\/p>\n<hr \/>\n<p>&nbsp;<\/p>\n<blockquote>\n<h3>Due Escursionisti Tedeschi Salvati sulla Ferrata Costantini<\/h3>\n<\/blockquote>\n<div dir=\"auto\"><img loading=\"lazy\" decoding=\"async\" class=\"alignleft\" src=\"https:\/\/www.radiopiu.net\/wordpress\/wp-content\/uploads\/2021\/06\/5daaba42-e05e-4ca5-b548-4630f302714b.jpg\" width=\"237\" height=\"133\" \/><\/div>\n<div dir=\"auto\"><strong>AGORDO<\/strong>\u00a0 \u00a0la Centrale del 118 \u00e8 stata attivata da due escursionisti tedeschi, non pi\u00f9 in grado di proseguire al rientro della Ferrata Costantini in Moiazza. I due, lui 55enne, lei 51enne, si trovavano sull&#8217;ultimo tratto nella parte di discesa, dopo aver passato il bivacco Ghedini, erano illesi, ma in difficolt\u00e0 a causa tratto impervio e innevato. Allertata la Stazione del Soccorso alpino di Agordo per competenza, \u00e8 stato inviato un messaggio dall&#8217;applicazione di geolocalizzazione per risalire alle coordinate. \u00c8 quindi intervenuto Falco 2 che, dopo averli individuati, li ha recuperati con un verricello di 70 metri e trasportati al Passo Duran, dove avevano la macchina.<\/div>\n<div dir=\"auto\"><\/div>\n<p>&nbsp;<\/p>\n<hr \/>\n<p>&nbsp;<\/p>\n<blockquote>\n<h3>MALORI E CADUTE DA CORTINA A ROCCA PIETORE<\/h3>\n<\/blockquote>\n<p><img loading=\"lazy\" decoding=\"async\" class=\"alignleft\" src=\"https:\/\/www.radiopiu.net\/wordpress\/wp-content\/uploads\/2021\/05\/203e932f-d79d-423b-a9df-af7325d671e8.jpg\" width=\"166\" height=\"93\" \/><strong>REDAZIONE<\/strong> Il personale sanitario e infermieristico \u00e8 sotto pressione anche oggi. Tra gli interventi principali: alle 8.30 prima chiamata a Cortina per una donna di 58 anni napoletana colta da malore, Falco 1 l&#8217;ha elitrasportata in condizioni di media gravit\u00e0 al San Martino di Belluno. Alle 13.30 un 41enne di Alano \u00e8 caduto procurandosi ferite da codice 2, sul posto ambulanza e Falco 2 per il trasporto al Santa Maria del Prato. A Rocca Pietore nel pomeriggio altro malore, un uomo di 43 anni di Montebelluna \u00e8 stato elitrasportato al San Martino.<\/p>\n<p><strong>Ad Agordo l&#8217;elitaxi<\/strong> ha trasportato a valle dalla ferrata costantini uomo e donna della Germania: erano stanchi e non potrevano proseguire, ovviamente illesi.<br \/>\n<strong>A Casera Razzo<\/strong> motociclista sull&#8217;asfalto, il 67 in condizioni medio gravi \u00e8 ricoverato al San Martino<br \/>\n<strong>Di nuovo a Rocca Pietore<\/strong> alle 17 per un altro malore, 74enne di Martellago portato in elicottero al San Martino codice 2<\/p>\n<p>&nbsp;<\/p>\n<hr \/>\n<blockquote>\n<h3><\/h3>\n<h3>ACQUA INQUINATA E LAVORI PROGRAMMATI<\/h3>\n<\/blockquote>\n<p><strong><a class=\"dt-pswp-item\" href=\"https:\/\/www.radiopiu.net\/wordpress\/wp-content\/uploads\/2024\/03\/Bim-GSP-Distrettualizzazione-Agordo-Vecchie-valvole-1.jpg\" data-dt-img-description=\"\" data-large_image_width=\"1756\" data-large_image_height=\"1080\"><img loading=\"lazy\" decoding=\"async\" class=\" wp-image-381662 alignleft\" src=\"https:\/\/www.radiopiu.net\/wordpress\/wp-content\/uploads\/2024\/03\/Bim-GSP-Distrettualizzazione-Agordo-Vecchie-valvole-1-300x185.jpg\" alt=\"\" width=\"250\" height=\"154\" srcset=\"https:\/\/www.radiopiu.net\/wordpress\/wp-content\/uploads\/2024\/03\/Bim-GSP-Distrettualizzazione-Agordo-Vecchie-valvole-1-300x185.jpg 300w, https:\/\/www.radiopiu.net\/wordpress\/wp-content\/uploads\/2024\/03\/Bim-GSP-Distrettualizzazione-Agordo-Vecchie-valvole-1-1024x630.jpg 1024w, https:\/\/www.radiopiu.net\/wordpress\/wp-content\/uploads\/2024\/03\/Bim-GSP-Distrettualizzazione-Agordo-Vecchie-valvole-1-768x472.jpg 768w, https:\/\/www.radiopiu.net\/wordpress\/wp-content\/uploads\/2024\/03\/Bim-GSP-Distrettualizzazione-Agordo-Vecchie-valvole-1-1536x945.jpg 1536w, https:\/\/www.radiopiu.net\/wordpress\/wp-content\/uploads\/2024\/03\/Bim-GSP-Distrettualizzazione-Agordo-Vecchie-valvole-1.jpg 1756w\" sizes=\"auto, (max-width: 250px) 100vw, 250px\" \/><\/a><\/strong><\/p>\n<p><strong>AGORDO<\/strong> nelle localit\u00e0 Piasent, Colvignas, Campon, Le Foche l&#8217;acqua erogata dall&#8217;acquedotto non \u00e8 potabile e non pu\u00f2 essere usata per scopi alimentari, se non previa bollitura. Verr\u00e0 effettuato servizio sostitutivo con cisterna in localit\u00e0 Piasent.<\/p>\n<p><strong>LIVINALLONGO<\/strong> In localit\u00e0 Collaz\u00a0 l&#8217;acqua erogata dall&#8217;acquedotto non \u00e8 potabile e pu\u00f2 essere usata per scopi alimentari solo previa\u00a0 bollitura.<\/p>\n<p><strong>ROCCA PIETORE<\/strong>\u00a0 Oggi dalle 8 alle 17 verr\u00e0 sospesa l\u2019erogazione dell\u2019acqua nelle localit\u00e0 Sedolada, Santa Maria delle Grazie<\/p>\n<blockquote>\n<h2><\/h2>\n<h2>Acquedotto della Corpassa: Un\u2019Opera Necessaria ma Problematiche Persistenti<\/h2>\n<\/blockquote>\n<p><strong>REDAZIONE<\/strong> Nei giorni in cui Agordo &#8220;soffre&#8221; l&#8217;emergenza idrica (ieri il centro era senz&#8217;acqua per lavori, le zone alte hanno ancora l&#8217;acqua inquinata e il servizio di autobotte), riceviamo e volentieri pubblichiamo una pagina di storia di chi il territorio lo conosce. Agordo \u00e8 servita dall&#8217;acquedotto della Val Corpassa, oltre l&#8217;abitato di Listolade di Taibon Agordino<\/p>\n<p><strong><img loading=\"lazy\" decoding=\"async\" class=\"alignleft\" src=\"https:\/\/www.radiopiu.net\/wordpress\/wp-content\/uploads\/2021\/12\/Val-corpassa.jpg\" width=\"218\" height=\"164\" \/>DI PAOLO CHISSALE&#8217;<\/strong><\/p>\n<p>L&#8217;opera \u00e8 stata realizzata negli anni Settanta per integrare gli acquedotti di Framont e Pe\u00e0lber insufficienti a dissetare Agordo dopo l&#8217;abbuffata edilizia di quegli anni. Subito per\u00f2 sono emerse le criticit\u00e0 di approvvigionamento estivo risolto con prese estemporanee e superficiali e sal\u00e8re &#8220;volanti&#8221; a bordo strada con uno spettacolo decisamente indecoroso. Se non ricordo male la battaglia sull\u2019 acquedotto della Corpassa \u00e8 stata determinante a far vincere le amministrative ad Armando\u00a0 &#8220;Tama&#8221; Da Roit.<br \/>\nIn seguito non molto \u00e8 cambiato: sono state tolte le sal\u00e8re ma ad ogni temporale spuntava il colibatterio e la non potabilit\u00e0.<br \/>\nNel corso dell&#8217;amministrazione Valcozzena 1995\/1999 si \u00e8 cercata una soluzione definitiva attraverso dei sondaggi che hanno individuato ad oltre 40 metri di profondit\u00e0 una falda acquifera che garantiva ottima qualit\u00e0 e portata. Bastava collegare il pozzo con la rete&#8230; Poi \u00e8 subentrata GSP e l&#8217;indebitamento monstre che ha bloccato per anni gli investimenti. Adesso che i conti sono tornati nell&#8217;alveo della sostenibilit\u00e0 sarebbe opportuno e doveroso che tutti i soggetti coinvolti si impegnassero per effettuare l&#8217;approvvigionamento dalla falda per garantire ai cittadini di bere acqua buona senza cloro. Ce la faremo?<\/p>\n<p>&nbsp;<\/p>\n<hr \/>\n<p>&nbsp;<\/p>\n<p>&nbsp;<\/p>\n<h3>Maltempo a Fadalto: Proseguono i Lavori sulla SS 51 &#8220;di Alemagna&#8221; RIMARRA&#8217; CHIUSA PER TUTTA L&#8217;ESTATE.<\/h3>\n<p><strong>di BARBARA PAOLAZZI PER LE TRE RADIO<\/strong><\/p>\n<audio class=\"wp-audio-shortcode\" id=\"audio-399659-7\" preload=\"none\" style=\"width: 100%;\" controls=\"controls\"><source type=\"audio\/mpeg\" src=\"https:\/\/www.radiopiu.net\/wordpress\/wp-content\/uploads\/2024\/07\/51-ALEMAGNA-BARBARA.mp3?_=7\" \/><a href=\"https:\/\/www.radiopiu.net\/wordpress\/wp-content\/uploads\/2024\/07\/51-ALEMAGNA-BARBARA.mp3\">https:\/\/www.radiopiu.net\/wordpress\/wp-content\/uploads\/2024\/07\/51-ALEMAGNA-BARBARA.mp3<\/a><\/audio>\n<p>&nbsp;<\/p>\n<p><strong><img loading=\"lazy\" decoding=\"async\" class=\"alignleft\" src=\"https:\/\/www.radiopiu.net\/wordpress\/wp-content\/uploads\/2024\/07\/Senza-nome-52.png\" width=\"194\" height=\"102\" \/><\/strong>Dopo le intense piogge del 12 luglio 2024 a Fadalto, Vittorio Veneto, Anas continua a liberare la SS 51 \u201cdi Alemagna\u201d dal materiale franato tra i km 19,500 e 22,000 e a mettere in sicurezza la zona. Dal settembre 2021, impianti di monitoraggio (semafori, telecamere, sensori di movimento, pluviometri) hanno gestito l\u2019interdizione temporanea al traffico. Tuttavia, la recente frana ha danneggiato queste strutture e parte delle opere di protezione. Anas, RFI, e Autostrade per l\u2019Italia lavorano insieme per ripristinare la sicurezza e riaprire la strada. Attualmente, il traffico \u00e8 deviato sulla A27 tra Vittorio Veneto Nord e Fadalto-Lago di Santa Croce.<\/p>\n<p>&nbsp;<\/p>\n<p><strong>dillo a radiopiu DISAGI A CATENA, UTENTI INASCOLTATI E ARRABBIATI\u00a0<\/strong><\/p>\n<audio class=\"wp-audio-shortcode\" id=\"audio-399659-8\" preload=\"none\" style=\"width: 100%;\" controls=\"controls\"><source type=\"audio\/mpeg\" src=\"https:\/\/www.radiopiu.net\/wordpress\/wp-content\/uploads\/2024\/07\/RAFFAELLA.mp3?_=8\" \/><a href=\"https:\/\/www.radiopiu.net\/wordpress\/wp-content\/uploads\/2024\/07\/RAFFAELLA.mp3\">https:\/\/www.radiopiu.net\/wordpress\/wp-content\/uploads\/2024\/07\/RAFFAELLA.mp3<\/a><\/audio>\n<p>&nbsp;<\/p>\n<p><a class=\"dt-pswp-item\" href=\"https:\/\/www.radiopiu.net\/wordpress\/wp-content\/uploads\/2024\/07\/1cf1ab56-cf5a-4b18-8cd4-274516dd441b.jpg\" data-dt-img-description=\"\" data-large_image_width=\"956\" data-large_image_height=\"2048\"><img loading=\"lazy\" decoding=\"async\" class=\"wp-image-399898 size-large aligncenter\" src=\"https:\/\/www.radiopiu.net\/wordpress\/wp-content\/uploads\/2024\/07\/1cf1ab56-cf5a-4b18-8cd4-274516dd441b-478x1024.jpg\" alt=\"\" width=\"478\" height=\"1024\" srcset=\"https:\/\/www.radiopiu.net\/wordpress\/wp-content\/uploads\/2024\/07\/1cf1ab56-cf5a-4b18-8cd4-274516dd441b-478x1024.jpg 478w, https:\/\/www.radiopiu.net\/wordpress\/wp-content\/uploads\/2024\/07\/1cf1ab56-cf5a-4b18-8cd4-274516dd441b-140x300.jpg 140w, https:\/\/www.radiopiu.net\/wordpress\/wp-content\/uploads\/2024\/07\/1cf1ab56-cf5a-4b18-8cd4-274516dd441b-768x1645.jpg 768w, https:\/\/www.radiopiu.net\/wordpress\/wp-content\/uploads\/2024\/07\/1cf1ab56-cf5a-4b18-8cd4-274516dd441b-717x1536.jpg 717w, https:\/\/www.radiopiu.net\/wordpress\/wp-content\/uploads\/2024\/07\/1cf1ab56-cf5a-4b18-8cd4-274516dd441b.jpg 956w\" sizes=\"auto, (max-width: 478px) 100vw, 478px\" \/><\/a><\/p>\n<hr \/>\n<p>&nbsp;<\/p>\n<p><a class=\"dt-pswp-item\" href=\"https:\/\/www.radiopiu.net\/wordpress\/wp-content\/uploads\/2024\/07\/eb22b5fe-d44d-4f02-ab2d-8faa4e345a6b.jpg\" data-dt-img-description=\"\" data-large_image_width=\"2000\" data-large_image_height=\"1500\"><img loading=\"lazy\" decoding=\"async\" class=\"wp-image-399722 alignleft\" src=\"https:\/\/www.radiopiu.net\/wordpress\/wp-content\/uploads\/2024\/07\/eb22b5fe-d44d-4f02-ab2d-8faa4e345a6b-300x225.jpg\" alt=\"\" width=\"160\" height=\"120\" srcset=\"https:\/\/www.radiopiu.net\/wordpress\/wp-content\/uploads\/2024\/07\/eb22b5fe-d44d-4f02-ab2d-8faa4e345a6b-300x225.jpg 300w, https:\/\/www.radiopiu.net\/wordpress\/wp-content\/uploads\/2024\/07\/eb22b5fe-d44d-4f02-ab2d-8faa4e345a6b-1024x768.jpg 1024w, https:\/\/www.radiopiu.net\/wordpress\/wp-content\/uploads\/2024\/07\/eb22b5fe-d44d-4f02-ab2d-8faa4e345a6b-768x576.jpg 768w, https:\/\/www.radiopiu.net\/wordpress\/wp-content\/uploads\/2024\/07\/eb22b5fe-d44d-4f02-ab2d-8faa4e345a6b-1536x1152.jpg 1536w, https:\/\/www.radiopiu.net\/wordpress\/wp-content\/uploads\/2024\/07\/eb22b5fe-d44d-4f02-ab2d-8faa4e345a6b.jpg 2000w\" sizes=\"auto, (max-width: 160px) 100vw, 160px\" \/><\/a><strong>AGORDO<\/strong>\u00a0 Il sasso (di dimensioni contenute rispetto al video) caduto ieri a lato della 203 agordina (staccatosi da una massicciata pochi metri sopra e non dalla montagna come nel 2019, ci ha riportato a cinque anni fa quando un altro macigno fin\u00ec accanto alla casa delle famiglie Tormen travolgento e schiacciando un&#8217;auto<\/p>\n<p>&nbsp;<\/p>\n<p><strong>ARCHIVIO RADIOPIU 2019<\/strong><\/p>\n<p><iframe loading=\"lazy\" style=\"border: none; overflow: hidden;\" src=\"https:\/\/www.facebook.com\/plugins\/video.php?height=314&amp;href=https%3A%2F%2Fwww.facebook.com%2Fmirko.mezzacasa%2Fvideos%2F10218897183967458%2F&amp;show_text=false&amp;width=560&amp;t=0\" width=\"560\" height=\"314\" frameborder=\"0\" scrolling=\"no\" allowfullscreen=\"allowfullscreen\" data-mce-fragment=\"1\"><\/iframe><\/p>\n<p>&nbsp;<\/p>\n<p>&nbsp;<\/p>\n<hr \/>\n<p>&nbsp;<\/p>\n<blockquote>\n<h3>APPARTAMENTO IN FIAMME A CENCENIGHE<\/h3>\n<\/blockquote>\n<p><strong>CENCENIGHE<\/strong> Ieri poco dopo le 10, i Vigili del Fuoco di Agordo sono intervenuti per un incendio in un appartamento a Cencenighe, in via Torino 26. Le fiamme hanno coinvolto alcuni arredi, ma i danni sono stati contenuti e non ci sono stati feriti<\/p>\n<p>&nbsp;<\/p>\n<hr \/>\n<p>&nbsp;<\/p>\n<blockquote>\n<h3>CALALZO DI CADORE: Un Furto di Auto con un Epilogo Insolito dopo la scorribanda in A 27\u00a0 fino a Conegliano.<\/h3>\n<\/blockquote>\n<p><strong><img loading=\"lazy\" decoding=\"async\" class=\"alignright\" src=\"https:\/\/www.radiopiu.net\/wordpress\/wp-content\/uploads\/2024\/07\/th-6.jpg\" width=\"171\" height=\"128\" \/><a class=\"dt-pswp-item\" href=\"https:\/\/www.radiopiu.net\/wordpress\/wp-content\/uploads\/2024\/07\/Senza-nome-59.png\" data-dt-img-description=\"\" data-large_image_width=\"351\" data-large_image_height=\"415\"><img loading=\"lazy\" decoding=\"async\" class=\"wp-image-399750 alignleft\" src=\"https:\/\/www.radiopiu.net\/wordpress\/wp-content\/uploads\/2024\/07\/Senza-nome-59-254x300.png\" alt=\"\" width=\"160\" height=\"189\" srcset=\"https:\/\/www.radiopiu.net\/wordpress\/wp-content\/uploads\/2024\/07\/Senza-nome-59-254x300.png 254w, https:\/\/www.radiopiu.net\/wordpress\/wp-content\/uploads\/2024\/07\/Senza-nome-59.png 351w\" sizes=\"auto, (max-width: 160px) 100vw, 160px\" \/><\/a>CALALZO\u00a0<\/strong> C&#8217;eravamo lasciati ieri sera con gli annunci sui social sulla chat <strong>VIABILITA&#8217; PROVINCIA DI BELLUNO,<\/strong> per la verit\u00e0 l&#8217;annuncio \u00e8 stato poi tolto perch\u00e9 i dati non erano corretti, ovvero il numero di targa, per una disattenzione non corrispondeva.<\/p>\n<p>&nbsp;<\/p>\n<div class=\"w-full text-token-text-primary\" dir=\"auto\" data-testid=\"conversation-turn-3\" data-scroll-anchor=\"true\">\n<div class=\"py-2 juice:py-[18px] px-3 text-base md:px-4 m-auto md:px-5 lg:px-1 xl:px-5\">\n<div class=\"mx-auto flex flex-1 gap-3 text-base juice:gap-4 juice:md:gap-5 juice:lg:gap-6 md:max-w-3xl\">\n<div class=\"flex-shrink-0 flex flex-col relative items-end\">\n<div class=\"pt-0.5 juice:pt-0\">\n<div class=\"gizmo-bot-avatar flex h-6 w-6 items-center justify-center overflow-hidden rounded-full juice:h-8 juice:w-8\">\n<div class=\"relative p-1 rounded-sm flex items-center justify-center bg-token-main-surface-primary text-token-text-primary h-8 w-8\">\n<div class=\"flex-shrink-0 flex flex-col relative items-end\">\n<div>\n<div class=\"pt-0.5 juice:pt-0\">\n<div class=\"gizmo-bot-avatar flex h-6 w-6 items-center justify-center overflow-hidden rounded-full juice:h-8 juice:w-8\">\n<div><\/div>\n<div class=\"relative p-1 rounded-sm flex items-center justify-center bg-token-main-surface-primary text-token-text-primary h-8 w-8\">Oggi il chiarimento:\u00a0 a Calalzo di Cadore, un furto d&#8217;auto si \u00e8 concluso in modo bizzarro. Alle 19.40, un cinquantaseienne ha lasciato incustodita la sua Fiat Panda azzurra per acquistare sigarette. Tornato, non ha trovato l&#8217;auto. Dopo aver denunciato il furto sui social e ai Carabinieri. Stamane l&#8217;auto \u00e8 stata ritrovata nello stesso parcheggio, danneggiata<\/div>\n<\/div>\n<\/div>\n<\/div>\n<\/div>\n<\/div>\n<\/div>\n<\/div>\n<\/div>\n<\/div>\n<\/div>\n<\/div>\n<div><\/div>\n<div><\/div>\n<p>&nbsp;<\/p>\n<hr \/>\n<p>&nbsp;<\/p>\n<blockquote>\n<h2>18 LUGLIO, COLLASSA LA DIGA LA STUA, 13 COMUNI COINVOLTI<\/h2>\n<\/blockquote>\n<div class=\"flex flex-grow flex-col max-w-full\">\n<div class=\"min-h-[20px] text-message flex flex-col items-start whitespace-pre-wrap break-words [.text-message+&amp;]:mt-5 juice:w-full juice:items-end overflow-x-auto gap-2\" dir=\"auto\" data-message-author-role=\"assistant\" data-message-id=\"43ec6e97-8068-4e47-b2a2-ad7ae0b84af8\">\n<div class=\"flex w-full flex-col gap-1 juice:empty:hidden juice:first:pt-[3px]\">\n<div class=\"markdown prose w-full break-words dark:prose-invert dark\">\n<p><img loading=\"lazy\" decoding=\"async\" class=\"alignleft\" src=\"https:\/\/www.radiopiu.net\/wordpress\/wp-content\/uploads\/2024\/07\/lago-de-la-stua.jpg\" width=\"231\" height=\"155\" \/>Gioved\u00ec 18 luglio alle ore 12, la Regione Veneto, in collaborazione con la Presidenza del Consiglio dei Ministri e il Dipartimento della Protezione Civile, effettuer\u00e0 un nuovo test del sistema IT-Alert, simulando il collasso della diga La Stua. Coinvolger\u00e0 3 Comuni del bellunese e 10 del trevigiano. L\u2019assessore regionale alla Protezione Civile, Gianpaolo Bottacin, sottolinea l&#8217;importanza di gestire il rischio idroelettrico con strumenti tecnologici. I cellulari nei Comuni coinvolti riceveranno un messaggio di IT-alert, specificando che si tratta di un test. Per il Veneto, questo \u00e8 il terzo test del sistema IT-Alert.<\/p>\n<\/div>\n<\/div>\n<\/div>\n<\/div>\n<div class=\"mt-1 flex gap-3 empty:hidden juice:-ml-3\">\n<div class=\"items-center justify-start rounded-xl p-1 flex\">\n<div class=\"flex items-center\">\n<div class=\"flex items-center pb-0.5 juice:pb-0\">\n<blockquote>\n<div class=\"[&amp;_svg]:h-full [&amp;_svg]:w-full icon-md h-4 w-4\"><em>&#8220;Verr\u00e0 testato il caso di crollo della diga del lago della Stua e, di conseguenza, saranno allertati i cittadini che si trovano a valle della stessa e che potenzialmente potrebbero essere interessati dal fenomeno \u2013 spiega l\u2019assessore regionale alla Protezione Civile Gianpaolo Bottacin-. Troppo spesso dimentichiamo che lo sfruttamento idroelettrico dei bacini montani genera questo tipo di rischio, che va gestito con tutti gli strumenti di cui la tecnologia ci ha dotati&#8221;.\u00a0<\/em><\/div>\n<div><\/div>\n<div><\/div>\n<div><\/div>\n<\/blockquote>\n<div>\n<hr \/>\n<\/div>\n<blockquote>\n<h3>ZAIA SULLA DIGA DEL VANOI &#8220;BENEFICI? NON SI DISCUTE&#8221; MA SOLO SE ARRIVA L&#8217;OK DAI TECNICI&#8230; NON DAI SOCIAL<\/h3>\n<\/blockquote>\n<div>\n<p><strong>BREGANZE<\/strong> Il Presidente Luca Zaia \u00a0a Breganze parla del progetto Vanoi: devono essere i tecnici a dare indicazioni e risposte, con studio scientifico e massimo rigore, non la politica o le istituzioni<\/p>\n<p><iframe loading=\"lazy\" title=\"DIGA DEL VANOI\" width=\"1200\" height=\"675\" src=\"https:\/\/www.youtube.com\/embed\/hn7TOOQdU48?feature=oembed\" frameborder=\"0\" allow=\"accelerometer; autoplay; clipboard-write; encrypted-media; gyroscope; picture-in-picture; web-share\" referrerpolicy=\"strict-origin-when-cross-origin\" allowfullscreen><\/iframe><\/p>\n<div style=\"width: 1200px;\" class=\"wp-video\"><video class=\"wp-video-shortcode\" id=\"video-399659-1\" width=\"1200\" height=\"675\" preload=\"metadata\" controls=\"controls\"><source type=\"video\/mp4\" src=\"https:\/\/www.radiopiu.net\/wordpress\/wp-content\/uploads\/2024\/07\/WhatsApp-Video-2024-07-15-at-14.29.16.mp4?_=1\" \/><a href=\"https:\/\/www.radiopiu.net\/wordpress\/wp-content\/uploads\/2024\/07\/WhatsApp-Video-2024-07-15-at-14.29.16.mp4\">https:\/\/www.radiopiu.net\/wordpress\/wp-content\/uploads\/2024\/07\/WhatsApp-Video-2024-07-15-at-14.29.16.mp4<\/a><\/video><\/div>\n<p>&nbsp;<\/p>\n<\/div>\n<div><\/div>\n<\/div>\n<\/div>\n<\/div>\n<\/div>\n<p>&nbsp;<\/p>\n<hr \/>\n<p>&nbsp;<\/p>\n<blockquote>\n<h3>LE PREOCCUPAZIONI DEL PD SULLA DIGA DEL VANOI<\/h3>\n<\/blockquote>\n<p><strong><a class=\"dt-pswp-item\" href=\"https:\/\/www.radiopiu.net\/wordpress\/wp-content\/uploads\/2018\/11\/PD.png\" data-dt-img-description=\"\" data-large_image_width=\"226\" data-large_image_height=\"182\"><img loading=\"lazy\" decoding=\"async\" class=\" wp-image-67744 alignleft\" src=\"https:\/\/www.radiopiu.net\/wordpress\/wp-content\/uploads\/2018\/11\/PD.png\" alt=\"\" width=\"118\" height=\"95\" \/><\/a>VENEZIA<\/strong> Vanessa Camani, capogruppo del PD in Consiglio regionale, ha espresso preoccupazione per il proseguimento del progetto della diga del Vanoi, che contraddice le promesse della Giunta regionale di escludere l&#8217;opera dalle priorit\u00e0. Camani, prima firmataria di una mozione sottoscritta dall&#8217;intero gruppo dem, ha evidenziato che la Provincia di Trento si \u00e8 opposta al progetto, criticando il mancato coinvolgimento e segnalando che l&#8217;invaso doveva sorgere in territorio trentino. Anche il Consiglio provinciale di Belluno ha votato all&#8217;unanimit\u00e0 contro la diga. Camani ha sottolineato la necessit\u00e0 che la Giunta, rappresentata da Bottacin e Zaia, chiarisca la sua posizione e garantisca il pieno coinvolgimento degli enti locali e dei soggetti interessati, in vista dell&#8217;impatto ambientale dell&#8217;opera.<\/p>\n<p>&nbsp;<\/p>\n<hr \/>\n<p>&nbsp;<\/p>\n<blockquote>\n<h3>15 LUGLIO: AD ALLEGHE, FALCADE E CENCENIGHE\u00a0 IN CODA<\/h3>\n<\/blockquote>\n<p><strong>REDAZIONE<\/strong> Situazioni imbarazzanti. Domenica a Falcade il semaforo non presidiato da movieri (per gran parte della giornata) ha creato lunghe code tanto al mattino che in serata, code chilometriche e proteste. Ad Alleghe la scena si ripete a causa dei cantieri in piena stagione. A Cencenighe domenica pomeriggio l&#8217;intersezione tra la 346 del San Pellegrino e la 203 agordina ha creato un coda a passo d&#8217;uomo (anche nella galleria della anime) da Canale d&#8217;Agordo al centro dell&#8217;Agordino.<\/p>\n<p><strong>ALLEGHE d&#8217;estate tra semafori e cantieri\u00a0<\/strong><\/p>\n\n\t\t\t<style type='text\/css'>\n\t\t\t\t#gallery-1 {\n\t\t\t\t\tmargin: auto;\n\t\t\t\t}\n\t\t\t\t#gallery-1 .gallery-item {\n\t\t\t\t\tfloat: left;\n\t\t\t\t\tmargin-top: 10px;\n\t\t\t\t\ttext-align: center;\n\t\t\t\t\twidth: 50%;\n\t\t\t\t}\n\t\t\t\t#gallery-1 img {\n\t\t\t\t\tborder: 2px solid #cfcfcf;\n\t\t\t\t}\n\t\t\t\t#gallery-1 .gallery-caption {\n\t\t\t\t\tmargin-left: 0;\n\t\t\t\t}\n\t\t\t\t\/* see gallery_shortcode() in wp-includes\/media.php *\/\n\t\t\t<\/style>\n\t\t<div id='gallery-1' class='dt-gallery-container gallery galleryid-399659 gallery-columns-2 gallery-size-medium'><dl class='gallery-item'>\n\t\t\t\t<dt class='gallery-icon portrait'>\n\t\t\t\t\t<a class=\"rollover rollover-zoom dt-pswp-item\" title=\"b518f595-8bf2-436c-9da6-eb693f47e656\" data-dt-img-description=\"\" data-large_image_width=\"1200\" data-large_image_height=\"1600\"href='https:\/\/www.radiopiu.net\/wordpress\/wp-content\/uploads\/2024\/07\/b518f595-8bf2-436c-9da6-eb693f47e656.jpg'><img loading=\"lazy\" decoding=\"async\" width=\"225\" height=\"300\" src=\"https:\/\/www.radiopiu.net\/wordpress\/wp-content\/uploads\/2024\/07\/b518f595-8bf2-436c-9da6-eb693f47e656-225x300.jpg\" class=\"attachment-medium size-medium\" alt=\"\" srcset=\"https:\/\/www.radiopiu.net\/wordpress\/wp-content\/uploads\/2024\/07\/b518f595-8bf2-436c-9da6-eb693f47e656-225x300.jpg 225w, https:\/\/www.radiopiu.net\/wordpress\/wp-content\/uploads\/2024\/07\/b518f595-8bf2-436c-9da6-eb693f47e656-768x1024.jpg 768w, https:\/\/www.radiopiu.net\/wordpress\/wp-content\/uploads\/2024\/07\/b518f595-8bf2-436c-9da6-eb693f47e656-1152x1536.jpg 1152w, https:\/\/www.radiopiu.net\/wordpress\/wp-content\/uploads\/2024\/07\/b518f595-8bf2-436c-9da6-eb693f47e656.jpg 1200w\" sizes=\"auto, (max-width: 225px) 100vw, 225px\" \/><\/a>\n\t\t\t\t<\/dt><\/dl><dl class='gallery-item'>\n\t\t\t\t<dt class='gallery-icon portrait'>\n\t\t\t\t\t<a class=\"rollover rollover-zoom dt-pswp-item\" title=\"e36b198b-5297-4a4c-a19b-85d390ceaa76\" data-dt-img-description=\"\" data-large_image_width=\"1200\" data-large_image_height=\"1600\"href='https:\/\/www.radiopiu.net\/wordpress\/wp-content\/uploads\/2024\/07\/e36b198b-5297-4a4c-a19b-85d390ceaa76.jpg'><img loading=\"lazy\" decoding=\"async\" width=\"225\" height=\"300\" src=\"https:\/\/www.radiopiu.net\/wordpress\/wp-content\/uploads\/2024\/07\/e36b198b-5297-4a4c-a19b-85d390ceaa76-225x300.jpg\" class=\"attachment-medium size-medium\" alt=\"\" srcset=\"https:\/\/www.radiopiu.net\/wordpress\/wp-content\/uploads\/2024\/07\/e36b198b-5297-4a4c-a19b-85d390ceaa76-225x300.jpg 225w, https:\/\/www.radiopiu.net\/wordpress\/wp-content\/uploads\/2024\/07\/e36b198b-5297-4a4c-a19b-85d390ceaa76-768x1024.jpg 768w, https:\/\/www.radiopiu.net\/wordpress\/wp-content\/uploads\/2024\/07\/e36b198b-5297-4a4c-a19b-85d390ceaa76-1152x1536.jpg 1152w, https:\/\/www.radiopiu.net\/wordpress\/wp-content\/uploads\/2024\/07\/e36b198b-5297-4a4c-a19b-85d390ceaa76.jpg 1200w\" sizes=\"auto, (max-width: 225px) 100vw, 225px\" \/><\/a>\n\t\t\t\t<\/dt><\/dl><br style=\"clear: both\" \/>\n\t\t\t<\/div>\n\n<p>&nbsp;<\/p>\n<p>&nbsp;<\/p>\n<hr \/>\n<p>&nbsp;<\/p>\n<blockquote>\n<h2>Julian Assange Cittadino Onorario di Belluno<\/h2>\n<\/blockquote>\n<p><img loading=\"lazy\" decoding=\"async\" class=\"alignleft\" src=\"https:\/\/www.radiopiu.net\/wordpress\/wp-content\/uploads\/2024\/07\/2a90703a-5c30-43c4-968a-8ff85adb28b0-scaled.jpg\" width=\"218\" height=\"164\" \/><strong>BELLUNO<\/strong> Il cofondatore di WikiLeaks, Julian Assange, potrebbe diventare cittadino onorario di Belluno. Il comitato Belluno per Assange ha raccolto quasi 300 firme per sostenere la mozione di iniziativa popolare, coinvolgendo anche residenti fuori comune.<\/p>\n<p>di <strong>DANIELE DALVIT<\/strong><\/p>\n<audio class=\"wp-audio-shortcode\" id=\"audio-399659-9\" preload=\"none\" style=\"width: 100%;\" controls=\"controls\"><source type=\"audio\/mpeg\" src=\"https:\/\/www.radiopiu.net\/wordpress\/wp-content\/uploads\/2024\/07\/Servizio-Firme-cittadinanza-Assange.mp3?_=9\" \/><a href=\"https:\/\/www.radiopiu.net\/wordpress\/wp-content\/uploads\/2024\/07\/Servizio-Firme-cittadinanza-Assange.mp3\">https:\/\/www.radiopiu.net\/wordpress\/wp-content\/uploads\/2024\/07\/Servizio-Firme-cittadinanza-Assange.mp3<\/a><\/audio>\n<p>&nbsp;<\/p>\n<p>&nbsp;<\/p>\n<hr \/>\n<p>&nbsp;<\/p>\n<hr \/>\n<p>&nbsp;<\/p>\n<blockquote>\n<h3 class=\"entry-title\">UN NUOVO MEZZO PER I VIGILI DEL FUOCO VOLONTARI DI CAPRILE<\/h3>\n<\/blockquote>\n<p class=\"photoswipe-wrapper\"><a class=\"dt-pswp-item pspw-wrap-ready\" href=\"https:\/\/www.radiopiu.net\/wordpress\/wp-content\/uploads\/2024\/07\/SCR-20240715-iggt.jpeg\" data-dt-img-description=\"Screenshot\" data-large_image_width=\"882\" data-large_image_height=\"876\"><img loading=\"lazy\" decoding=\"async\" class=\"alignleft wp-image-399665 \" src=\"https:\/\/www.radiopiu.net\/wordpress\/wp-content\/uploads\/2024\/07\/SCR-20240715-iggt-300x298.jpeg\" sizes=\"auto, (max-width: 162px) 100vw, 162px\" srcset=\"https:\/\/www.radiopiu.net\/wordpress\/wp-content\/uploads\/2024\/07\/SCR-20240715-iggt-300x298.jpeg 300w, https:\/\/www.radiopiu.net\/wordpress\/wp-content\/uploads\/2024\/07\/SCR-20240715-iggt-150x150.jpeg 150w, https:\/\/www.radiopiu.net\/wordpress\/wp-content\/uploads\/2024\/07\/SCR-20240715-iggt-768x763.jpeg 768w, https:\/\/www.radiopiu.net\/wordpress\/wp-content\/uploads\/2024\/07\/SCR-20240715-iggt.jpeg 882w\" alt=\"\" width=\"91\" height=\"90\" \/><\/a><\/p>\n<p><strong>ALLEGHE\/ROCCA PIETORE<\/strong> Grazie al contributo dei due comuni di Alleghe e Rocca Pietore, i Vigili del Fuoco Volontari di Caprile hanno potuto acquistare un modulo scarrabile allestito da antincendio boschivo che pu\u00f2 essere utile anche per altri interventi. Il modulo \u00e8 composto da un gruppo pompa con motore a scoppio ad alta pressione, un serbatoio da 500l di acqua, 40l di liquido schiumogeno, un naspo da 60m con prolunga di altri 60m. A darne notizia il sindaco di Rocca Pietore Valerio Davare.<\/p>\n<p>&nbsp;<\/p>\n<p>&nbsp;<\/p>\n<p>&nbsp;<\/p>\n<hr \/>\n<p>&nbsp;<\/p>\n<p><iframe loading=\"lazy\" title=\"TERRA E ARIA \u2764\ufe0f raduno di auto storiche e aerei d\u2019epoca\" width=\"1200\" height=\"900\" src=\"https:\/\/www.youtube.com\/embed\/KT_T453m3x4?feature=oembed\" frameborder=\"0\" allow=\"accelerometer; autoplay; clipboard-write; encrypted-media; gyroscope; picture-in-picture; web-share\" referrerpolicy=\"strict-origin-when-cross-origin\" allowfullscreen><\/iframe><\/p>\n<h1><span style=\"color: #ff0000;\">ALL&#8217;INTERNO FOTO E VIDEO\u00a0\u00a0<\/span><\/h1>\n<p>&nbsp;<\/p>\n<blockquote class=\"wp-embedded-content\" data-secret=\"PrS4efTT58\"><p><a href=\"https:\/\/www.radiopiu.net\/wordpress\/giornata-di-auto-e-aerei-depoca-allaeroporto-di-belluno\/\">Giornata di Auto e Aerei d&#8217;Epoca all&#8217;Aeroporto di Belluno<\/a><\/p><\/blockquote>\n<p><iframe loading=\"lazy\" class=\"wp-embedded-content\" sandbox=\"allow-scripts\" security=\"restricted\" style=\"position: absolute; clip: rect(1px, 1px, 1px, 1px);\" title=\"&#8220;Giornata di Auto e Aerei d&#8217;Epoca all&#8217;Aeroporto di Belluno&#8221; &#8212; Radio Pi\u00f9\" src=\"https:\/\/www.radiopiu.net\/wordpress\/giornata-di-auto-e-aerei-depoca-allaeroporto-di-belluno\/embed\/#?secret=zkVHgiGEfq#?secret=PrS4efTT58\" data-secret=\"PrS4efTT58\" width=\"600\" height=\"338\" frameborder=\"0\" marginwidth=\"0\" marginheight=\"0\" scrolling=\"no\"><\/iframe><\/p>\n<p>&nbsp;<\/p>\n<hr \/>\n<p>&nbsp;<\/p>\n<h2><span style=\"color: #ff0000;\">CONSIGLI COMUNALI IN AGORDINO<\/span><\/h2>\n<p><strong>LA VALLE <\/strong>Consiglio comunale gioved\u00ec alle 18:30. Sette punti in programma tra cui la nomina dei rappresentanti per il consiglio dell&#8217;Unione Montana Agordina, il bilnacio di previsione 2024\/2026, la presentazione del DUP e l&#8217;approvazione del bilancio di ASCA.<\/p>\n<p>&nbsp;<\/p>\n<hr \/>\n<p>&nbsp;<\/p>\n<blockquote>\n<h3>IL NUOVO PREFETTO ANTONELLO ROCCOBERTON SI E&#8217; INSEDIATO A PALAZZO DEI RETTORI<\/h3>\n<\/blockquote>\n<p>PER LE TRE RADIO, BARBARA PAOLAZZI<\/p>\n<audio class=\"wp-audio-shortcode\" id=\"audio-399659-10\" preload=\"none\" style=\"width: 100%;\" controls=\"controls\"><source type=\"audio\/mpeg\" src=\"https:\/\/www.radiopiu.net\/wordpress\/wp-content\/uploads\/2024\/07\/NUOVO-PREFETTO-BARBARA.mp3?_=10\" \/><a href=\"https:\/\/www.radiopiu.net\/wordpress\/wp-content\/uploads\/2024\/07\/NUOVO-PREFETTO-BARBARA.mp3\">https:\/\/www.radiopiu.net\/wordpress\/wp-content\/uploads\/2024\/07\/NUOVO-PREFETTO-BARBARA.mp3<\/a><\/audio>\n<h3><\/h3>\n<p><img decoding=\"async\" class=\"alignleft\" src=\"https:\/\/www.radiopiu.net\/wordpress\/wp-content\/uploads\/2024\/07\/tsh.jpg\" \/><\/p>\n<p><strong style=\"font-size: 14px;\">BELLUNO <\/strong>Nel corso della giornata il Prefetto ha\u00a0 ricevuto i vertici provinciali delle Forze di Polizia e il PresIdente della Provincia Roberto Padrin. Diversi gli appuntamenti istituzionali gi\u00e0 programmati per\u00a0 i prossimi giorni quando far\u00e0 visita al Sindaco del Comune di Belluno, al Presidente Reggente del Tribunale e al Procuratore Reggente ed\u00a0 incontrer\u00e0 il Vescovo,\u00a0 il\u00a0 Comandante del 7\u00b0 Reggimento Alpini, il Comandante Provinciale dei Vigili del Fuoco,\u00a0 la Dirigente della Casa Circondariale e la Dirigente della Sezione Polizia Stradale. Gioved\u00ec, alle ore 10.30, il Prefetto render\u00e0 omaggio ai caduti deponendo due corone d\u2019alloro presso il monumento ai Caduti della resistenza in Piazza dei Martiri e, a seguire, presso la Stele commemorativa dei Caduti delle due Guerre mondiali in Viale Fantuzzi. Successivamente, si recher\u00e0 a Longarone dove alle ore 11.30 render\u00e0 omaggio alle vittime del Vajont deponendo una corona presso il Cimitero Monumentale di Fortogna.<\/p>\n<p>&nbsp;<\/p>\n<p>&nbsp;<\/p>\n<hr \/>\n<p>&nbsp;<\/p>\n<blockquote>\n<h3>SOSPIROLO TRA LEGGENDE E MISTERI<\/h3>\n<\/blockquote>\n<p><strong><a class=\"dt-pswp-item\" href=\"https:\/\/www.radiopiu.net\/wordpress\/wp-content\/uploads\/2024\/07\/premiati-23-scaled.jpeg\" data-dt-img-description=\"\" data-large_image_width=\"2560\" data-large_image_height=\"1707\"><img loading=\"lazy\" decoding=\"async\" class=\" wp-image-398974 alignleft\" src=\"https:\/\/www.radiopiu.net\/wordpress\/wp-content\/uploads\/2024\/07\/premiati-23-300x200.jpeg\" alt=\"\" width=\"158\" height=\"105\" srcset=\"https:\/\/www.radiopiu.net\/wordpress\/wp-content\/uploads\/2024\/07\/premiati-23-300x200.jpeg 300w, https:\/\/www.radiopiu.net\/wordpress\/wp-content\/uploads\/2024\/07\/premiati-23-1024x683.jpeg 1024w, https:\/\/www.radiopiu.net\/wordpress\/wp-content\/uploads\/2024\/07\/premiati-23-768x512.jpeg 768w, https:\/\/www.radiopiu.net\/wordpress\/wp-content\/uploads\/2024\/07\/premiati-23-1536x1024.jpeg 1536w, https:\/\/www.radiopiu.net\/wordpress\/wp-content\/uploads\/2024\/07\/premiati-23-2048x1365.jpeg 2048w\" sizes=\"auto, (max-width: 158px) 100vw, 158px\" \/><\/a>SOSPIROLO<\/strong> La Pro loco &#8220;Monti del Sole&#8221; e il Comune di Sospirolo indicono la 15esima edizione del concorso letterario \u201cSospirolo tra leggende e misteri\u201d, dedicato allo zodiaco e alla figura di Girolamo Segato. Il concorso, aperto ai nati e\/o residenti nel Triveneto, invita a scrivere racconti brevi inediti sul tema dello zodiaco, comprendendo aspetti astronomici, mitici e antropologici. Due le sezioni: A) per singoli di 6-14 anni o lavori scolastici di gruppo, e B) per partecipanti dai 15 anni. Premi in denaro fino a 500 euro e attestati di partecipazione. I vincitori saranno pubblicati su &#8220;il Veses&#8221;. Scadenza: 19 ottobre. Info su <a href=\"http:\/\/www.sospirolo.net\" target=\"_new\" rel=\"noreferrer noopener\">www.sospirolo.net<\/a>.<\/p>\n<p>&nbsp;<\/p>\n<hr \/>\n<p>&nbsp;<\/p>\n<blockquote>\n<h3>SOSPIROLO DI SOSTENIBILITA&#8217;<\/h3>\n<\/blockquote>\n<p><strong><a class=\"dt-pswp-item\" href=\"https:\/\/www.radiopiu.net\/wordpress\/wp-content\/uploads\/2024\/07\/SCR-20240713-mmjm.png\" data-dt-img-description=\"\" data-large_image_width=\"1372\" data-large_image_height=\"720\"><img loading=\"lazy\" decoding=\"async\" class=\" wp-image-399394 alignleft\" src=\"https:\/\/www.radiopiu.net\/wordpress\/wp-content\/uploads\/2024\/07\/SCR-20240713-mmjm-300x157.png\" alt=\"\" width=\"170\" height=\"89\" srcset=\"https:\/\/www.radiopiu.net\/wordpress\/wp-content\/uploads\/2024\/07\/SCR-20240713-mmjm-300x157.png 300w, https:\/\/www.radiopiu.net\/wordpress\/wp-content\/uploads\/2024\/07\/SCR-20240713-mmjm-1024x537.png 1024w, https:\/\/www.radiopiu.net\/wordpress\/wp-content\/uploads\/2024\/07\/SCR-20240713-mmjm-768x403.png 768w, https:\/\/www.radiopiu.net\/wordpress\/wp-content\/uploads\/2024\/07\/SCR-20240713-mmjm.png 1372w\" sizes=\"auto, (max-width: 170px) 100vw, 170px\" \/><\/a>SOSPIROLO<\/strong> La Biblioteca del Comune di Sospirolo e i volontari del programma ESC &#8220;Together against food waste&#8221; organizzano una mini-rassegna cineforum per sensibilizzare sui temi del cambiamento climatico e degli sprechi alimentari. Rivolta a bambini e ragazzi dagli 8 anni, l&#8217;iniziativa include la proiezione gratuita di film come &#8220;Koda, fratello orso&#8221;, &#8220;Wall-e&#8221; e &#8220;2024: un pianeta da salvare&#8221;. Gli eventi, che si terranno dal 18 al 20 luglio, prevedono laboratori manuali, attivit\u00e0 di ricerca nel bosco e costruzione di aquiloni. Partecipano animatori internazionali che favoriranno conversazioni in inglese. Le attivit\u00e0 culminano con un brunch comunitario sabato mattina.<\/p>\n<p>&nbsp;<\/p>\n<p>&nbsp;<\/p>\n<hr \/>\n<p>&nbsp;<\/p>\n<div>\n<blockquote>\n<h2><img loading=\"lazy\" decoding=\"async\" class=\"alignleft\" src=\"https:\/\/www.radiopiu.net\/wordpress\/wp-content\/uploads\/2024\/07\/Senza-nome-28.png\" width=\"162\" height=\"118\" \/><\/h2>\n<h2><strong>Festeggiamenti Bicentenario Cavalier Don Antonio Della Lucia<\/strong><\/h2>\n<\/blockquote>\n<p><strong>CANALE D&#8217;AGORDO<\/strong> La Fondazione Papa Luciani, con Comune e Parrocchia di Canale d&#8217;Agordo, organizza i festeggiamenti conclusivi per il bicentenario della nascita del Cavalier Don Antonio Della Lucia, il 19 luglio 2024 a Canale d&#8217;Agordo e Caviola di Falcade.<\/p>\n<\/div>\n<div>\u00a0LORIS SERAFINI \u00a0direttore della Fondazione Papa Luciani di\u00a0<b>Canale<\/b>\u00a0<b>d<\/b>\u2019<b>Agordo<\/b><br \/>\n<audio class=\"wp-audio-shortcode\" id=\"audio-399659-11\" preload=\"none\" style=\"width: 100%;\" controls=\"controls\"><source type=\"audio\/mpeg\" src=\"https:\/\/www.radiopiu.net\/wordpress\/wp-content\/uploads\/2024\/07\/loris-serafini-don-antonio.mp3?_=11\" \/><a href=\"https:\/\/www.radiopiu.net\/wordpress\/wp-content\/uploads\/2024\/07\/loris-serafini-don-antonio.mp3\">https:\/\/www.radiopiu.net\/wordpress\/wp-content\/uploads\/2024\/07\/loris-serafini-don-antonio.mp3<\/a><\/audio>\n<\/div>\n<div><\/div>\n<div><\/div>\n<p>&nbsp;<\/p>\n<hr \/>\n<p>&nbsp;<\/p>\n<blockquote>\n<h1>Voltago: Nuovo Mezzo per il Trasporto Anziani<\/h1>\n<\/blockquote>\n<p><strong>DI GIANNI SANTOMASO\u00a0<\/strong><\/p>\n<p><strong><a class=\"dt-pswp-item\" href=\"https:\/\/www.radiopiu.net\/wordpress\/wp-content\/uploads\/2024\/07\/VOLTAGO-Taglio-del-nastro-inaugurazione-nuovo-mezzo-Auser.jpg\" data-dt-img-description=\"\" data-large_image_width=\"1537\" data-large_image_height=\"705\"><img loading=\"lazy\" decoding=\"async\" class=\"size-medium wp-image-399821 alignleft\" src=\"https:\/\/www.radiopiu.net\/wordpress\/wp-content\/uploads\/2024\/07\/VOLTAGO-Taglio-del-nastro-inaugurazione-nuovo-mezzo-Auser-300x138.jpg\" alt=\"\" width=\"300\" height=\"138\" srcset=\"https:\/\/www.radiopiu.net\/wordpress\/wp-content\/uploads\/2024\/07\/VOLTAGO-Taglio-del-nastro-inaugurazione-nuovo-mezzo-Auser-300x138.jpg 300w, https:\/\/www.radiopiu.net\/wordpress\/wp-content\/uploads\/2024\/07\/VOLTAGO-Taglio-del-nastro-inaugurazione-nuovo-mezzo-Auser-1024x470.jpg 1024w, https:\/\/www.radiopiu.net\/wordpress\/wp-content\/uploads\/2024\/07\/VOLTAGO-Taglio-del-nastro-inaugurazione-nuovo-mezzo-Auser-768x352.jpg 768w, https:\/\/www.radiopiu.net\/wordpress\/wp-content\/uploads\/2024\/07\/VOLTAGO-Taglio-del-nastro-inaugurazione-nuovo-mezzo-Auser.jpg 1537w\" sizes=\"auto, (max-width: 300px) 100vw, 300px\" \/><\/a>VOLTAGO<\/strong>. Inaugurato e presentato alla cittadinanza, nella mattinata di sabato scorso, 13 luglio, un mezzo attrezzato per il trasposto degli anziani dei Comuni di Voltago, Rivamonte e Gosaldo. La macchina, una Citroen Berlingo, acquistata dal circolo Auser \u201cEl Br\u00f3i\u201d di Agordo, con il contributo del Comune di Voltago e del Consorzio Bim comuni del Piave, sar\u00e0 messa a disposizione del gruppo locale Auser \u201cS\u00f3t l\u2019Agn\u00e8r\u201d, sorto due anni fa, ma gi\u00e0 attivissimo e apprezzato per il prezioso servizio che i volontari del luogo stanno svolgendo nei confronti degli anziani impossibilitati a spostarsi da soli per visite mediche o altro.<br \/>\nLa semplice cerimonia si \u00e8 svolta nel piazzale dei magazzini comunali dove il sindaco, Giuseppe Schena, in un breve intervento ha espresso la propria soddisfazione e quella dell\u2019Amministrazione per essere riusciti a dotare di un mezzo il gruppo locale dei volontari, lodandone l\u2019impegno e il servizio che vanno offrendo alla comunit\u00e0 dal momento della costituzione nell\u2019autunno 2022. <a class=\"dt-pswp-item\" href=\"https:\/\/www.radiopiu.net\/wordpress\/wp-content\/uploads\/2024\/07\/VOLTAGO-Il-nuovo-mezzo-per-il-gruppo-Auser-So-lAgner.jpg\" data-dt-img-description=\"\" data-large_image_width=\"1600\" data-large_image_height=\"1200\"><img loading=\"lazy\" decoding=\"async\" class=\"size-medium wp-image-399820 alignright\" src=\"https:\/\/www.radiopiu.net\/wordpress\/wp-content\/uploads\/2024\/07\/VOLTAGO-Il-nuovo-mezzo-per-il-gruppo-Auser-So-lAgner-300x225.jpg\" alt=\"\" width=\"300\" height=\"225\" srcset=\"https:\/\/www.radiopiu.net\/wordpress\/wp-content\/uploads\/2024\/07\/VOLTAGO-Il-nuovo-mezzo-per-il-gruppo-Auser-So-lAgner-300x225.jpg 300w, https:\/\/www.radiopiu.net\/wordpress\/wp-content\/uploads\/2024\/07\/VOLTAGO-Il-nuovo-mezzo-per-il-gruppo-Auser-So-lAgner-1024x768.jpg 1024w, https:\/\/www.radiopiu.net\/wordpress\/wp-content\/uploads\/2024\/07\/VOLTAGO-Il-nuovo-mezzo-per-il-gruppo-Auser-So-lAgner-768x576.jpg 768w, https:\/\/www.radiopiu.net\/wordpress\/wp-content\/uploads\/2024\/07\/VOLTAGO-Il-nuovo-mezzo-per-il-gruppo-Auser-So-lAgner-1536x1152.jpg 1536w, https:\/\/www.radiopiu.net\/wordpress\/wp-content\/uploads\/2024\/07\/VOLTAGO-Il-nuovo-mezzo-per-il-gruppo-Auser-So-lAgner.jpg 1600w\" sizes=\"auto, (max-width: 300px) 100vw, 300px\" \/><\/a>\u00abDesidero ringraziare i presenti a questa cerimonia importante per la nostra comunit\u00e0\u00bb, ha detto, \u00abricordando come due anni fa siamo riusciti a creare questo nuovo sodalizio grazie all\u2019impegno dei consiglieri comunali Michela Da Ronch e Viki Riva in supporto col gruppo Auser \u201cEl Br\u00f3i\u201d di Agordo\u00bb. Il sindaco ha poi sottolineato l\u2019impegno svolto dall\u2019Amministrazione nel \u201csociale\u201d nei quasi tre anni di mandato \u00abperch\u00e9\u00bb, ha detto, \u00abcrediamo di aver messo in piedi dei servizi reali a contrasto dello spopolamento, pensando ai giovani con il doposcuola e il centro estivo (questa settimana abbiamo 30 bambini iscritti), ma anche alla fascia pi\u00f9 debole degli anziani con la nascita di questo gruppo e l\u2019acquisto di questo mezzo che sar\u00e0 a disposizione di tutti i Comuni del P\u00f3i e comunque della Conca agordina\u00bb.<br \/>\nSchena ha quindi concluso evidenziando il valore aggiunto per le amministrazione delle piccole realt\u00e0 di montagna rappresentato dal volontariato, \u00absenza del quale si farebbe davvero fatica a garantire i servizi, mentre grazie a loro che ci supportano sempre nel quotidiano riusciamo a dare risposte ai cittadini\u00bb.<br \/>\nQuindi, i sindaci di Agordo, Roberto Chissal\u00e8 e di Rivamonte, Nino Deon, nonch\u00e9 i presidenti dei circoli Auser \u201cEl Br\u00f3i\u201d di Agordo, Arnoldo Pauletti e \u201cC\u00f2l B\u00e8l\u201d di Tiser, Valter Todesco, presenti alla cerimonia, sono stati unanimi nel ribadire il fondamentale e provvidenziale servizio del volontariato, ringraziando in particolare nell\u2019occasione, apprezzandone l\u2019opera, il gruppo \u201cS\u00f3t l\u2019Agn\u00e8r\u201d.<br \/>\n<a class=\"dt-pswp-item\" href=\"https:\/\/www.radiopiu.net\/wordpress\/wp-content\/uploads\/2023\/08\/SCR-20230831-suof.png\" data-dt-img-description=\"\" data-large_image_width=\"426\" data-large_image_height=\"310\"><img loading=\"lazy\" decoding=\"async\" class=\"size-medium wp-image-350838 alignleft\" src=\"https:\/\/www.radiopiu.net\/wordpress\/wp-content\/uploads\/2023\/08\/SCR-20230831-suof-300x218.png\" alt=\"\" width=\"300\" height=\"218\" srcset=\"https:\/\/www.radiopiu.net\/wordpress\/wp-content\/uploads\/2023\/08\/SCR-20230831-suof-300x218.png 300w, https:\/\/www.radiopiu.net\/wordpress\/wp-content\/uploads\/2023\/08\/SCR-20230831-suof.png 426w\" sizes=\"auto, (max-width: 300px) 100vw, 300px\" \/><\/a>Infine, prima della benedizione del mezzo \u00e8 intervenuto anche il parroco don Fabiano Del Favero il quale, con il consueto stile, ha voluto rimarcare \u00abdue certezze: la prima che, essendo a servizio dei comuni del P\u00f3i, la macchina di strada ne far\u00e0! La seconda, ben pi\u00f9 significativa, che sar\u00e0 strumento di bene. Che passa attraverso la disponibilit\u00e0 e l\u2019attenzione di voi volontari&#8230; segno concreto &#8211; pi\u00f9 di tanti proclami &#8211; di attenzione vera alla montagna che si spopola, offrendo un&#8217;alternativa e uno sguardo diverso sulle fatiche del nostro vivere qui\u00bb. G.SAN.<\/p>\n<p>&nbsp;<\/p>\n<p>&nbsp;<\/p>\n<p><strong>IL SINDACO GIUSEPPE SCHENA\u00a0 ALLA RADIO\u00a0<\/strong><\/p>\n<audio class=\"wp-audio-shortcode\" id=\"audio-399659-12\" preload=\"none\" style=\"width: 100%;\" controls=\"controls\"><source type=\"audio\/mpeg\" src=\"https:\/\/www.radiopiu.net\/wordpress\/wp-content\/uploads\/2024\/07\/GIUSEPPE-SCHENA-AUTO-AUSER-SOT-LAGNER.mp3?_=12\" \/><a href=\"https:\/\/www.radiopiu.net\/wordpress\/wp-content\/uploads\/2024\/07\/GIUSEPPE-SCHENA-AUTO-AUSER-SOT-LAGNER.mp3\">https:\/\/www.radiopiu.net\/wordpress\/wp-content\/uploads\/2024\/07\/GIUSEPPE-SCHENA-AUTO-AUSER-SOT-LAGNER.mp3<\/a><\/audio>\n<p>&nbsp;<\/p>\n<hr \/>\n<p>&nbsp;<\/p>\n<blockquote>\n<h3>UNA CONFERENZA SUL GIORNALISMO DI IERI E DI OGGI IN RICORDO DI SERGIO SOMMACAL<\/h3>\n<\/blockquote>\n<p><strong><a class=\"dt-pswp-item\" href=\"https:\/\/www.radiopiu.net\/wordpress\/wp-content\/uploads\/2024\/07\/Sergio-Sommacal.jpg\" data-dt-img-description=\"\" data-large_image_width=\"689\" data-large_image_height=\"879\"><img loading=\"lazy\" decoding=\"async\" class=\" wp-image-399256 alignleft\" src=\"https:\/\/www.radiopiu.net\/wordpress\/wp-content\/uploads\/2024\/07\/Sergio-Sommacal-235x300.jpg\" alt=\"\" width=\"155\" height=\"198\" srcset=\"https:\/\/www.radiopiu.net\/wordpress\/wp-content\/uploads\/2024\/07\/Sergio-Sommacal-235x300.jpg 235w, https:\/\/www.radiopiu.net\/wordpress\/wp-content\/uploads\/2024\/07\/Sergio-Sommacal.jpg 689w\" sizes=\"auto, (max-width: 155px) 100vw, 155px\" \/><\/a>DI\u00a0 gianni santomaso\u00a0<\/strong><\/p>\n<p><strong>AGORDO <\/strong>Un giornalismo d\u2019altri tempi, un giornalista d\u2019altri tempi. Omaggio a una persona intelligente, ironica e gentile e cronista preparato, serio e onesto, bellunese di origine e agordino di elezione. Gioved\u00ec 18 luglio, alle 17.30, nella sala don Tamis di via 27 aprile, Agordo propone un momento di riflessione sul mondo dell\u2019informazione, radicalmente cambiato (non certo in meglio\u2026) in questi anni; e lo fa attraverso una figura particolare del Bellunese: Sergio Sommacal, mancato il 20 marzo 2023, a 82 anni di et\u00e0, dopo una vita spesa professionalmente al Gazzettino, dalla redazione di Belluno a quelle di Pordenone e Padova, per approdare poi alla sede centrale di Venezia, sempre con incarichi di assoluto rilievo (a fianco del grande direttore Giorgio Lago), chiudendo infine la carriera con il ritorno nella sua Belluno a capo della redazione e poi in pensione. \u201cSotto la notizia, niente. Giornalismo di ieri e di oggi a confronto, in ricordo di Sergio Sommacal, uno di noi\u201d \u00e8 il titolo dell\u2019incontro di Agordo (dove Sergio era di casa: qui conobbe Massimina Milone, che poi avrebbe sposato) che si propone di analizzare il degrado di un mondo dell\u2019informazione oggi pesantemente inquinato dai social, e in pesante crisi di credibilit\u00e0. Lo far\u00e0 attraverso le autorevoli testimonianze di due colleghi che hanno lavorato a lungo a fianco di Sergio, Sergio Frigo e Francesco Jori, e che proporranno le sostanziali differenze tra due modi di fare informazione. L\u2019incontro, aperto a tutti, \u00e8 promosso, con il patrocinio del Comune di Agordo, dalla Biblioteca civica e dal Circolo culturale Agordino, nonch\u00e9 dal Circolo Auser \u201cEl Br\u00f3i\u201d e dalla Sezione Agordina del Cai (di cui Sergio fu sempre fedele socio e sostenitore), dall\u2019Associazione della stampa bellunese e da RadioPi\u00f9. Prima dell\u2019atteso intervento di Frigo e di Jori, ci saranno i saluti introduttivi degli organizzatori e il ricordo degli amici e colleghi di Sergio, Dino Bridda e Loris Santomaso. Saranno presenti anche i figli di Sergio, Stefania e Sara (che vivono a Bologna) e Silvano ritornato per un breve periodo dall\u2019Australia dove \u00e8 emigrato per lavoro ormai da anni.<\/p>\n<p>&nbsp;<\/p>\n<hr \/>\n<p>&nbsp;<\/p>\n<blockquote>\n<h3>TORNA LA SGUBIADA A CANALE D&#8217;AGORDO<\/h3>\n<\/blockquote>\n<p><strong><a class=\"dt-pswp-item\" href=\"https:\/\/www.radiopiu.net\/wordpress\/wp-content\/uploads\/2024\/07\/SGUBIADA.jpg\" data-dt-img-description=\"\" data-large_image_width=\"807\" data-large_image_height=\"610\"><img loading=\"lazy\" decoding=\"async\" class=\" wp-image-398854 alignleft\" src=\"https:\/\/www.radiopiu.net\/wordpress\/wp-content\/uploads\/2024\/07\/SGUBIADA-300x227.jpg\" alt=\"\" width=\"177\" height=\"134\" srcset=\"https:\/\/www.radiopiu.net\/wordpress\/wp-content\/uploads\/2024\/07\/SGUBIADA-300x227.jpg 300w, https:\/\/www.radiopiu.net\/wordpress\/wp-content\/uploads\/2024\/07\/SGUBIADA-768x581.jpg 768w, https:\/\/www.radiopiu.net\/wordpress\/wp-content\/uploads\/2024\/07\/SGUBIADA.jpg 807w\" sizes=\"auto, (max-width: 177px) 100vw, 177px\" \/><\/a>CANALE<\/strong> <strong>D&#8217;AGORDO<\/strong> Dal 19 al 21 luglio 2024 si svolger\u00e0 a Canale d&#8217;Agordo la terza edizione de &#8220;La Sgubiada&#8221;, rassegna di scultura di maschere su legno. Il programma include l&#8217;assegnazione delle postazioni agli scultori il venerd\u00ec alle 14:30 in Piazza Papa Luciani, seguita dal lavoro degli artisti dalle 15:00 alle 18:00 e la presentazione della rassegna alle 18:20. Sabato, gli scultori lavoreranno sia al mattino che al pomeriggio, con una conferenza alle 16:00 presso la sala Zand\u00f2 del MUSAL sul tema &#8220;Nei carnevali alpini cosa ci accomuna?&#8221;, seguita da balli in piazza con il Gruppo Folk Val Biois alle 21:00. Domenica, gli scultori saranno in piazza dalle 8:30 alle 12:00 e dalle 15:00 alle 17:00, seguiti dalla consegna di premi e saluti di chiusura nella sala consiliare del municipio, dove si terr\u00e0 anche una mostra a tema. La rassegna, promossa dal Comitato La Zinghenesta, ha l&#8217;obiettivo di rivitalizzare la tradizione della scultura di maschere in legno e di animare il centro storico di Canale d&#8217;Agordo, rendendo la zona pedonale per permettere ai visitatori di apprezzare l&#8217;ambiente senza il passaggio delle auto.<\/p>\n<p><span style=\"color: #0000ff;\"><strong>L&#8217;INTERVISTA A SIMONE ONGARO\u00a0<\/strong><\/span><\/p>\n<audio class=\"wp-audio-shortcode\" id=\"audio-399659-13\" preload=\"none\" style=\"width: 100%;\" controls=\"controls\"><source type=\"audio\/mpeg\" src=\"https:\/\/www.radiopiu.net\/wordpress\/wp-content\/uploads\/2024\/07\/SIMONE-ONGARO-PARTENZA-19-LUGLIO.mp3?_=13\" \/><a href=\"https:\/\/www.radiopiu.net\/wordpress\/wp-content\/uploads\/2024\/07\/SIMONE-ONGARO-PARTENZA-19-LUGLIO.mp3\">https:\/\/www.radiopiu.net\/wordpress\/wp-content\/uploads\/2024\/07\/SIMONE-ONGARO-PARTENZA-19-LUGLIO.mp3<\/a><\/audio>\n<p>&nbsp;<\/p>\n<hr \/>\n<p>&nbsp;<\/p>\n<p>&nbsp;<\/p>\n<blockquote>\n<h2>GLI APPUNTAMENTI ESTIVI CON LE MUSE E LE DOLOMITI<\/h2>\n<\/blockquote>\n<p><strong><a class=\"dt-pswp-item\" href=\"https:\/\/www.radiopiu.net\/wordpress\/wp-content\/uploads\/2024\/07\/2751854e-4fdb-4ffd-bcee-548d2c848e88.jpg\" data-dt-img-description=\"\" data-large_image_width=\"1600\" data-large_image_height=\"1200\"><img loading=\"lazy\" decoding=\"async\" class=\" wp-image-399207 alignleft\" src=\"https:\/\/www.radiopiu.net\/wordpress\/wp-content\/uploads\/2024\/07\/2751854e-4fdb-4ffd-bcee-548d2c848e88-300x225.jpg\" alt=\"\" width=\"163\" height=\"122\" srcset=\"https:\/\/www.radiopiu.net\/wordpress\/wp-content\/uploads\/2024\/07\/2751854e-4fdb-4ffd-bcee-548d2c848e88-300x225.jpg 300w, https:\/\/www.radiopiu.net\/wordpress\/wp-content\/uploads\/2024\/07\/2751854e-4fdb-4ffd-bcee-548d2c848e88-1024x768.jpg 1024w, https:\/\/www.radiopiu.net\/wordpress\/wp-content\/uploads\/2024\/07\/2751854e-4fdb-4ffd-bcee-548d2c848e88-768x576.jpg 768w, https:\/\/www.radiopiu.net\/wordpress\/wp-content\/uploads\/2024\/07\/2751854e-4fdb-4ffd-bcee-548d2c848e88-1536x1152.jpg 1536w, https:\/\/www.radiopiu.net\/wordpress\/wp-content\/uploads\/2024\/07\/2751854e-4fdb-4ffd-bcee-548d2c848e88.jpg 1600w\" sizes=\"auto, (max-width: 163px) 100vw, 163px\" \/><\/a>DI MIRKO MEZZACASA<\/strong><\/p>\n<p>OSPITI: Oda Zoe Hochscheid ed Adelisa Tabiadon<\/p>\n<audio class=\"wp-audio-shortcode\" id=\"audio-399659-14\" preload=\"none\" style=\"width: 100%;\" controls=\"controls\"><source type=\"audio\/mpeg\" src=\"https:\/\/www.radiopiu.net\/wordpress\/wp-content\/uploads\/2024\/07\/ODA-E-ADELISA-REGISTRAZIONE-UNO-LUGLIO-2024.mp3?_=14\" \/><a href=\"https:\/\/www.radiopiu.net\/wordpress\/wp-content\/uploads\/2024\/07\/ODA-E-ADELISA-REGISTRAZIONE-UNO-LUGLIO-2024.mp3\">https:\/\/www.radiopiu.net\/wordpress\/wp-content\/uploads\/2024\/07\/ODA-E-ADELISA-REGISTRAZIONE-UNO-LUGLIO-2024.mp3<\/a><\/audio>\n<p>&nbsp;<\/p>\n<hr \/>\n<p>&nbsp;<\/p>\n<p><strong>PUNTATA 21 &#8211; FINALMENTE IN EUROPA<\/strong><\/p>\n<audio class=\"wp-audio-shortcode\" id=\"audio-399659-15\" preload=\"none\" style=\"width: 100%;\" controls=\"controls\"><source type=\"audio\/mpeg\" src=\"https:\/\/www.radiopiu.net\/wordpress\/wp-content\/uploads\/2024\/07\/AIRE-INDIA-PUNTATA-21.mp3?_=15\" \/><a href=\"https:\/\/www.radiopiu.net\/wordpress\/wp-content\/uploads\/2024\/07\/AIRE-INDIA-PUNTATA-21.mp3\">https:\/\/www.radiopiu.net\/wordpress\/wp-content\/uploads\/2024\/07\/AIRE-INDIA-PUNTATA-21.mp3<\/a><\/audio>\n<p>&nbsp;<\/p>\n<p><strong>PER VISITARE I SITI DEI LUOGHI VISITATI, CLICCA SULLE SEGUENTI SCRITTE: <a href=\"https:\/\/www.instagram.com\/luleburgazbicycleacademy?igsh=cWkyeWp4bXd2MGc0\"><span style=\"color: #3366ff;\">LULEBURGAZ<\/span><\/a><\/strong><b>\u00a0 <strong><span style=\"color: #3366ff;\"><a href=\"https:\/\/www.thegreensilkroad.com\/\">THE GREEN SILK ROAD<\/a> (<a href=\"https:\/\/www.instagram.com\/thegreensilkroad?igsh=MWt2M2Z5MXR4M3F5NQ==\">INSTAGRAM<\/a>)<\/span><\/strong>\u00a0<\/b><\/p>\n<p>&nbsp;<\/p>\n\n\t\t\t<style type='text\/css'>\n\t\t\t\t#gallery-2 {\n\t\t\t\t\tmargin: auto;\n\t\t\t\t}\n\t\t\t\t#gallery-2 .gallery-item {\n\t\t\t\t\tfloat: left;\n\t\t\t\t\tmargin-top: 10px;\n\t\t\t\t\ttext-align: center;\n\t\t\t\t\twidth: 25%;\n\t\t\t\t}\n\t\t\t\t#gallery-2 img {\n\t\t\t\t\tborder: 2px solid #cfcfcf;\n\t\t\t\t}\n\t\t\t\t#gallery-2 .gallery-caption {\n\t\t\t\t\tmargin-left: 0;\n\t\t\t\t}\n\t\t\t\t\/* see gallery_shortcode() in wp-includes\/media.php *\/\n\t\t\t<\/style>\n\t\t<div id='gallery-2' class='dt-gallery-container gallery galleryid-399659 gallery-columns-4 gallery-size-thumbnail'><dl class='gallery-item'>\n\t\t\t\t<dt class='gallery-icon landscape'>\n\t\t\t\t\t<a class=\"rollover rollover-zoom dt-pswp-item\" title=\"f771d353-b908-41db-a580-589a1b4c3a58_86d577c4-5018-4e1e-8f9d-fcf2bf95b511\" data-dt-img-description=\"\" data-large_image_width=\"1275\" data-large_image_height=\"960\"href='https:\/\/www.radiopiu.net\/wordpress\/wp-content\/uploads\/2024\/07\/f771d353-b908-41db-a580-589a1b4c3a58_86d577c4-5018-4e1e-8f9d-fcf2bf95b511.jpg'><img loading=\"lazy\" decoding=\"async\" width=\"150\" height=\"150\" src=\"https:\/\/www.radiopiu.net\/wordpress\/wp-content\/uploads\/2024\/07\/f771d353-b908-41db-a580-589a1b4c3a58_86d577c4-5018-4e1e-8f9d-fcf2bf95b511-150x150.jpg\" class=\"attachment-thumbnail size-thumbnail\" alt=\"\" \/><\/a>\n\t\t\t\t<\/dt><\/dl><dl class='gallery-item'>\n\t\t\t\t<dt class='gallery-icon landscape'>\n\t\t\t\t\t<a class=\"rollover rollover-zoom dt-pswp-item\" title=\"c8d0c013-6996-4c34-94c9-e2daff2016a4_65e07974-a238-4313-a36a-70f2e2575fcf\" data-dt-img-description=\"\" data-large_image_width=\"1275\" data-large_image_height=\"960\"href='https:\/\/www.radiopiu.net\/wordpress\/wp-content\/uploads\/2024\/07\/c8d0c013-6996-4c34-94c9-e2daff2016a4_65e07974-a238-4313-a36a-70f2e2575fcf.jpg'><img loading=\"lazy\" decoding=\"async\" width=\"150\" height=\"150\" src=\"https:\/\/www.radiopiu.net\/wordpress\/wp-content\/uploads\/2024\/07\/c8d0c013-6996-4c34-94c9-e2daff2016a4_65e07974-a238-4313-a36a-70f2e2575fcf-150x150.jpg\" class=\"attachment-thumbnail size-thumbnail\" alt=\"\" \/><\/a>\n\t\t\t\t<\/dt><\/dl><dl class='gallery-item'>\n\t\t\t\t<dt class='gallery-icon landscape'>\n\t\t\t\t\t<a class=\"rollover rollover-zoom dt-pswp-item\" title=\"7d72801e-b644-4c76-84c8-9d361e728604_dd24260e-bbe6-48b4-aabb-4019036147cf\" data-dt-img-description=\"\" data-large_image_width=\"1275\" data-large_image_height=\"960\"href='https:\/\/www.radiopiu.net\/wordpress\/wp-content\/uploads\/2024\/07\/7d72801e-b644-4c76-84c8-9d361e728604_dd24260e-bbe6-48b4-aabb-4019036147cf.jpg'><img loading=\"lazy\" decoding=\"async\" width=\"150\" height=\"150\" src=\"https:\/\/www.radiopiu.net\/wordpress\/wp-content\/uploads\/2024\/07\/7d72801e-b644-4c76-84c8-9d361e728604_dd24260e-bbe6-48b4-aabb-4019036147cf-150x150.jpg\" class=\"attachment-thumbnail size-thumbnail\" alt=\"\" \/><\/a>\n\t\t\t\t<\/dt><\/dl><dl class='gallery-item'>\n\t\t\t\t<dt class='gallery-icon landscape'>\n\t\t\t\t\t<a class=\"rollover rollover-zoom dt-pswp-item\" title=\"8eb02a70-717f-430f-b302-c488c2a4f34d_5d8002a1-3b10-4f64-9e85-5842c5ac393d\" data-dt-img-description=\"\" data-large_image_width=\"1275\" data-large_image_height=\"960\"href='https:\/\/www.radiopiu.net\/wordpress\/wp-content\/uploads\/2024\/07\/8eb02a70-717f-430f-b302-c488c2a4f34d_5d8002a1-3b10-4f64-9e85-5842c5ac393d.jpg'><img loading=\"lazy\" decoding=\"async\" width=\"150\" height=\"150\" src=\"https:\/\/www.radiopiu.net\/wordpress\/wp-content\/uploads\/2024\/07\/8eb02a70-717f-430f-b302-c488c2a4f34d_5d8002a1-3b10-4f64-9e85-5842c5ac393d-150x150.jpg\" class=\"attachment-thumbnail size-thumbnail\" alt=\"\" \/><\/a>\n\t\t\t\t<\/dt><\/dl><br style=\"clear: both\" \/>\n\t\t\t<\/div>\n\n<p><strong>LA RACCOLTA COMPLETA<\/strong><\/p>\n<blockquote class=\"wp-embedded-content\" data-secret=\"r5R2BPIEHA\"><p><a href=\"https:\/\/www.radiopiu.net\/wordpress\/goodbye-by-bicicle-un-viaggio-dallindia-a-seren-del-grappa-in-bicicletta-21\/\">GOODBYE BY BICICLE&#8230;UN VIAGGIO DALL&#8217;INDIA A SEREN DEL GRAPPA IN BICICLETTA<\/a><\/p><\/blockquote>\n<p><iframe loading=\"lazy\" class=\"wp-embedded-content\" sandbox=\"allow-scripts\" security=\"restricted\" style=\"position: absolute; clip: rect(1px, 1px, 1px, 1px);\" title=\"&#8220;GOODBYE BY BICICLE&#8230;UN VIAGGIO DALL&#8217;INDIA A SEREN DEL GRAPPA IN BICICLETTA&#8221; &#8212; Radio Pi\u00f9\" src=\"https:\/\/www.radiopiu.net\/wordpress\/goodbye-by-bicicle-un-viaggio-dallindia-a-seren-del-grappa-in-bicicletta-21\/embed\/#?secret=5s0ZIDlmk2#?secret=r5R2BPIEHA\" data-secret=\"r5R2BPIEHA\" width=\"600\" height=\"338\" frameborder=\"0\" marginwidth=\"0\" marginheight=\"0\" scrolling=\"no\"><\/iframe><\/p>\n<p>&nbsp;<\/p>\n<p>&nbsp;<\/p>\n<p>&nbsp;<\/p>\n<hr \/>\n<p>&nbsp;<\/p>\n<h2><span style=\"color: #ff6600;\">ALLA RADIO<\/span><\/h2>\n<h2><span style=\"color: #ff00ff;\">RITRATTI SONORI, IL PROGRAMMA DI ALESSIA DALL&#8217;O&#8217;<\/span><\/h2>\n<p><span style=\"color: #ff0000;\"><strong><a class=\"dt-pswp-item\" href=\"https:\/\/www.radiopiu.net\/wordpress\/wp-content\/uploads\/2024\/07\/LAURA-CHIERZI.jpg\" data-dt-img-description=\"\" data-large_image_width=\"200\" data-large_image_height=\"200\"><img loading=\"lazy\" decoding=\"async\" class=\"size-full wp-image-399707 aligncenter\" src=\"https:\/\/www.radiopiu.net\/wordpress\/wp-content\/uploads\/2024\/07\/LAURA-CHIERZI.jpg\" alt=\"\" width=\"200\" height=\"200\" srcset=\"https:\/\/www.radiopiu.net\/wordpress\/wp-content\/uploads\/2024\/07\/LAURA-CHIERZI.jpg 200w, https:\/\/www.radiopiu.net\/wordpress\/wp-content\/uploads\/2024\/07\/LAURA-CHIERZI-150x150.jpg 150w\" sizes=\"auto, (max-width: 200px) 100vw, 200px\" \/><\/a>PUNTATA 10 LAURA CHIERZI<\/strong><\/span><\/p>\n<p>PRIMA PARTE<\/p>\n<audio class=\"wp-audio-shortcode\" id=\"audio-399659-16\" preload=\"none\" style=\"width: 100%;\" controls=\"controls\"><source type=\"audio\/mpeg\" src=\"https:\/\/www.radiopiu.net\/wordpress\/wp-content\/uploads\/2024\/07\/RF1-2.mp3?_=16\" \/><a href=\"https:\/\/www.radiopiu.net\/wordpress\/wp-content\/uploads\/2024\/07\/RF1-2.mp3\">https:\/\/www.radiopiu.net\/wordpress\/wp-content\/uploads\/2024\/07\/RF1-2.mp3<\/a><\/audio>\n<p>SECONDA PARTE<\/p>\n<audio class=\"wp-audio-shortcode\" id=\"audio-399659-17\" preload=\"none\" style=\"width: 100%;\" controls=\"controls\"><source type=\"audio\/mpeg\" src=\"https:\/\/www.radiopiu.net\/wordpress\/wp-content\/uploads\/2024\/07\/RF2-2.mp3?_=17\" \/><a href=\"https:\/\/www.radiopiu.net\/wordpress\/wp-content\/uploads\/2024\/07\/RF2-2.mp3\">https:\/\/www.radiopiu.net\/wordpress\/wp-content\/uploads\/2024\/07\/RF2-2.mp3<\/a><\/audio>\n<p>TERZA PARTE<\/p>\n<audio class=\"wp-audio-shortcode\" id=\"audio-399659-18\" preload=\"none\" style=\"width: 100%;\" controls=\"controls\"><source type=\"audio\/mpeg\" src=\"https:\/\/www.radiopiu.net\/wordpress\/wp-content\/uploads\/2024\/07\/RF3-2.mp3?_=18\" \/><a href=\"https:\/\/www.radiopiu.net\/wordpress\/wp-content\/uploads\/2024\/07\/RF3-2.mp3\">https:\/\/www.radiopiu.net\/wordpress\/wp-content\/uploads\/2024\/07\/RF3-2.mp3<\/a><\/audio>\n<p>&nbsp;<\/p>\n<h2>LA RACCOLTA COMPLETA <a href=\"https:\/\/www.radiopiu.net\/wordpress\/ritratti-sonori-il-programma-di-alessia-dallo-la-raccolta\/\"><span style=\"color: #3366ff;\">CLICCA QUI<\/span><\/a><\/h2>\n<p>&nbsp;<\/p>\n<hr \/>\n<p>&nbsp;<\/p>\n<h2><span style=\"color: #ff0000;\">OGGI COME IERI di e con SILVIA BALDO<\/span><\/h2>\n<p><img decoding=\"async\" class=\"aligncenter\" src=\"https:\/\/www.radiopiu.net\/wordpress\/wp-content\/uploads\/2023\/09\/309000774_10222572118595513_7956305457803922499_n.jpg\" \/><\/p>\n<p><strong>\u00a0 \u00a0 \u00a0 \u00a0<\/strong><\/p>\n<p><strong>PUNTATA DEL 15 LUGLIO<\/strong><\/p>\n<audio class=\"wp-audio-shortcode\" id=\"audio-399659-19\" preload=\"none\" style=\"width: 100%;\" controls=\"controls\"><source type=\"audio\/mpeg\" src=\"https:\/\/www.radiopiu.net\/wordpress\/wp-content\/uploads\/2024\/01\/SIBI-14.mp3?_=19\" \/><a href=\"https:\/\/www.radiopiu.net\/wordpress\/wp-content\/uploads\/2024\/01\/SIBI-14.mp3\">https:\/\/www.radiopiu.net\/wordpress\/wp-content\/uploads\/2024\/01\/SIBI-14.mp3<\/a><\/audio>\n<p>&nbsp;<\/p>\n<h2>LA RACCOLTA COMPLETA <a href=\"https:\/\/www.radiopiu.net\/wordpress\/alle-nove-oggi-come-ieri-di-e-con-silvia-baldo\/\"><span style=\"color: #3366ff;\">CLICCA QUI<\/span><\/a><\/h2>\n<p>&nbsp;<\/p>\n<hr \/>\n<p>&nbsp;<\/p>\n<h2><span style=\"color: #008080;\">SALUTE E SOCIETA&#8217;<\/span><\/h2>\n<p><a class=\"dt-pswp-item\" href=\"https:\/\/www.radiopiu.net\/wordpress\/wp-content\/uploads\/2024\/07\/ca5108f3-5f53-8bb8-f7d5-39e6f0d2d635.jpg\" data-dt-img-description=\"\" data-large_image_width=\"800\" data-large_image_height=\"445\"><img loading=\"lazy\" decoding=\"async\" class=\" wp-image-399732 alignleft\" src=\"https:\/\/www.radiopiu.net\/wordpress\/wp-content\/uploads\/2024\/07\/ca5108f3-5f53-8bb8-f7d5-39e6f0d2d635-300x167.jpg\" alt=\"\" width=\"180\" height=\"100\" srcset=\"https:\/\/www.radiopiu.net\/wordpress\/wp-content\/uploads\/2024\/07\/ca5108f3-5f53-8bb8-f7d5-39e6f0d2d635-300x167.jpg 300w, https:\/\/www.radiopiu.net\/wordpress\/wp-content\/uploads\/2024\/07\/ca5108f3-5f53-8bb8-f7d5-39e6f0d2d635-768x427.jpg 768w, https:\/\/www.radiopiu.net\/wordpress\/wp-content\/uploads\/2024\/07\/ca5108f3-5f53-8bb8-f7d5-39e6f0d2d635.jpg 800w\" sizes=\"auto, (max-width: 180px) 100vw, 180px\" \/><\/a><strong>PUNTATA DEL 15 LUGLIO 2024<\/strong><\/p>\n<p>&nbsp;<\/p>\n<p class=\"selectable-text copyable-text x15bjb6t x1n2onr6\" dir=\"ltr\"><strong><span class=\"selectable-text copyable-text\">Impegno in oncologia\u00a0 <\/span><\/strong><span class=\"selectable-text copyable-text\">Nel nostro Paese, nel 2023, quasi 400mila nuove diagnosi di cancro, un aumento di oltre 18mila casi rispetto al 2020. L&#8217;impegno di Johnson &amp; Johnson in oncologia. <\/span><strong><span class=\"selectable-text copyable-text\">Libro Bianco sui sarcomi <\/span><\/strong><span class=\"selectable-text copyable-text\">Presentato alla Camera un Libro Bianco che fotografa per la prima volta il vissuto dei pazienti con sarcoma e dei loro familiari.<\/span><\/p>\n<audio class=\"wp-audio-shortcode\" id=\"audio-399659-20\" preload=\"none\" style=\"width: 100%;\" controls=\"controls\"><source type=\"audio\/mpeg\" src=\"https:\/\/www.radiopiu.net\/wordpress\/wp-content\/uploads\/2024\/07\/cs_240715.mp3?_=20\" \/><a href=\"https:\/\/www.radiopiu.net\/wordpress\/wp-content\/uploads\/2024\/07\/cs_240715.mp3\">https:\/\/www.radiopiu.net\/wordpress\/wp-content\/uploads\/2024\/07\/cs_240715.mp3<\/a><\/audio>\n<p>&nbsp;<\/p>\n<hr \/>\n<p>&nbsp;<\/p>\n<h2><span style=\"color: #808000;\">PERITI MINERARI DALL\u2019AGORDINO AL MONDO<\/span><\/h2>\n<p><strong>REDAZIONE<\/strong> Continua la serie di racconti con i periti minerari agordini. Nelle prossime due puntate la storia di Alberto da Roit. I racconti dei periti minerari agordini che hanno lavorato nel mondo, ogni luned\u00ec alle 10:30 e alle 19 su Radio Pi\u00f9.<\/p>\n<p><iframe loading=\"lazy\" title=\"ALBERTO DA ROIT\" width=\"1200\" height=\"675\" src=\"https:\/\/www.youtube.com\/embed\/o7lJ3O46wpU?feature=oembed\" frameborder=\"0\" allow=\"accelerometer; autoplay; clipboard-write; encrypted-media; gyroscope; picture-in-picture; web-share\" referrerpolicy=\"strict-origin-when-cross-origin\" allowfullscreen><\/iframe><\/p>\n<p>&nbsp;<\/p>\n<h2><strong>LA RACCOLTA COMPLETA <a href=\"https:\/\/www.radiopiu.net\/wordpress\/periti-minerari-dallagordino-al-mondo\/\"><span style=\"color: #0000ff;\">CLICCA QUI<\/span><\/a><\/strong><a href=\"https:\/\/www.radiopiu.net\/wordpress\/periti-minerari-dallagordino-al-mondo\/\"><span style=\"color: #0000ff;\">\u00a0<\/span><\/a><\/h2>\n<p>&nbsp;<\/p>\n<hr \/>\n<p>&nbsp;<\/p>\n<h2><span style=\"color: #993366;\"><a class=\"dt-pswp-item\" href=\"https:\/\/www.radiopiu.net\/wordpress\/wp-content\/uploads\/2024\/06\/c2f4f425-e175-4bc7-918a-e3d1330c6c31.jpg\" data-dt-img-description=\"\" data-large_image_width=\"1080\" data-large_image_height=\"907\"><img loading=\"lazy\" decoding=\"async\" class=\" wp-image-393091 alignleft\" src=\"https:\/\/www.radiopiu.net\/wordpress\/wp-content\/uploads\/2024\/06\/c2f4f425-e175-4bc7-918a-e3d1330c6c31-300x252.jpg\" alt=\"\" width=\"119\" height=\"100\" srcset=\"https:\/\/www.radiopiu.net\/wordpress\/wp-content\/uploads\/2024\/06\/c2f4f425-e175-4bc7-918a-e3d1330c6c31-300x252.jpg 300w, https:\/\/www.radiopiu.net\/wordpress\/wp-content\/uploads\/2024\/06\/c2f4f425-e175-4bc7-918a-e3d1330c6c31-1024x860.jpg 1024w, https:\/\/www.radiopiu.net\/wordpress\/wp-content\/uploads\/2024\/06\/c2f4f425-e175-4bc7-918a-e3d1330c6c31-768x645.jpg 768w, https:\/\/www.radiopiu.net\/wordpress\/wp-content\/uploads\/2024\/06\/c2f4f425-e175-4bc7-918a-e3d1330c6c31.jpg 1080w\" sizes=\"auto, (max-width: 119px) 100vw, 119px\" \/><\/a><span style=\"color: #00ccff;\">ZAINO DA VIAGGIO AL FEMMINILE<\/span><\/span><\/h2>\n<p><strong>IL PROGRAMMA DI PAOLA LANCIATO<\/strong><\/p>\n<p>DODICESIMA PUNTATA: LA ROCCHETTA MATTEI<\/p>\n<blockquote class=\"wp-embedded-content\" data-secret=\"sXKtfHnFx1\"><p><a href=\"https:\/\/www.radiopiu.net\/wordpress\/zaino-femminile-lanciato\/\">Zaino da viaggio al femminile<\/a><\/p><\/blockquote>\n<p><iframe loading=\"lazy\" class=\"wp-embedded-content\" sandbox=\"allow-scripts\" security=\"restricted\" style=\"position: absolute; clip: rect(1px, 1px, 1px, 1px);\" title=\"&#8220;Zaino da viaggio al femminile&#8221; &#8212; Radio Pi\u00f9\" src=\"https:\/\/www.radiopiu.net\/wordpress\/zaino-femminile-lanciato\/embed\/#?secret=SVfQC7oOVc#?secret=sXKtfHnFx1\" data-secret=\"sXKtfHnFx1\" width=\"600\" height=\"338\" frameborder=\"0\" marginwidth=\"0\" marginheight=\"0\" scrolling=\"no\"><\/iframe><\/p>\n<hr \/>\n<p>&nbsp;<\/p>\n<h2><span style=\"color: #800080;\">I RACCONTI DI PAOLO SOPPELSA<\/span><\/h2>\n<p><strong>SILENZI DI MONTAGNA <\/strong><\/p>\n<p><strong>AUDIO<\/strong><\/p>\n<audio class=\"wp-audio-shortcode\" id=\"audio-399659-21\" preload=\"none\" style=\"width: 100%;\" controls=\"controls\"><source type=\"audio\/mpeg\" src=\"https:\/\/www.radiopiu.net\/wordpress\/wp-content\/uploads\/2024\/07\/PAOLOS-1.mp3?_=21\" \/><a href=\"https:\/\/www.radiopiu.net\/wordpress\/wp-content\/uploads\/2024\/07\/PAOLOS-1.mp3\">https:\/\/www.radiopiu.net\/wordpress\/wp-content\/uploads\/2024\/07\/PAOLOS-1.mp3<\/a><\/audio>\n<p>&nbsp;<\/p>\n<p><a class=\"dt-pswp-item\" href=\"https:\/\/www.radiopiu.net\/wordpress\/wp-content\/uploads\/2024\/07\/cd938630-5464-4d5c-b009-3bdf53e48d0a.jpg\" data-dt-img-description=\"\" data-large_image_width=\"1200\" data-large_image_height=\"1600\"><img loading=\"lazy\" decoding=\"async\" class=\" wp-image-399587 alignleft\" src=\"https:\/\/www.radiopiu.net\/wordpress\/wp-content\/uploads\/2024\/07\/cd938630-5464-4d5c-b009-3bdf53e48d0a-225x300.jpg\" alt=\"\" width=\"140\" height=\"187\" srcset=\"https:\/\/www.radiopiu.net\/wordpress\/wp-content\/uploads\/2024\/07\/cd938630-5464-4d5c-b009-3bdf53e48d0a-225x300.jpg 225w, https:\/\/www.radiopiu.net\/wordpress\/wp-content\/uploads\/2024\/07\/cd938630-5464-4d5c-b009-3bdf53e48d0a-768x1024.jpg 768w, https:\/\/www.radiopiu.net\/wordpress\/wp-content\/uploads\/2024\/07\/cd938630-5464-4d5c-b009-3bdf53e48d0a-1152x1536.jpg 1152w, https:\/\/www.radiopiu.net\/wordpress\/wp-content\/uploads\/2024\/07\/cd938630-5464-4d5c-b009-3bdf53e48d0a.jpg 1200w\" sizes=\"auto, (max-width: 140px) 100vw, 140px\" \/><\/a>I suoi silenzi erano custoditi sul monte che mostrava la grande cicatrice provocata dal distacco della frana che precipit\u00f2 a valle alla fine di maggio del 1940. Li aveva riposti in quel bosco che i suoi avi gli avevano lasciato, un bosco che allora era prato, che loro avevano acquistato mentre stavano per terminare i travagliati anni \u201840. Era accaduto al tempo dei loro trent&#8217;anni, quando c&#8217;era l&#8217;Italia da rifare e una guerra da tentare di dimenticare. Furono pensieri, soldi che non erano mai abbastanza, lavoro da mattina a sera e speranze per un futuro migliore; e poi erano state lunghe sere in cui ritornavano la Grecia e l&#8217;Albania mentre l&#8217;oscurit\u00e0 si prendeva i boschi del Pelsa. Furono all&#8217;incirca due decenni di fienagioni, di fatiche dall&#8217;alba al tramonto in quei giorni concitati di inizio luglio, e poi il lento oblio iniziato nei primi anni \u201870. A quel tempo scese il silenzio sul bosco, non si ud\u00ec pi\u00f9 il sibilare della falce e il grattare dei rastrelli durante quelle calde mattine di piena estate. Nacque un tempo diverso, scandito dal crescere degli abeti e dagli sguardi malinconici ricordando ci\u00f2 che avevano vissuto in quel grande pascolo che ora era bosco. Si infittivano gli alberi e sbiadivano i ricordi di quel vivere che nemmeno troppo lentamente era cambiato. Lass\u00f9 erano rimasti quei silenzi che raccontavano di un tempo lontano e lui, un giorno, si accorse di avere bisogno di quei silenzi che i vecchi avevano lasciato nel grande bosco sul monte. In quel luogo appartato non arrivava il fragore del mondo di sotto, non c&#8217;era l\u2019urlare sguaiato che usciva dai televisori e nemmeno il frastuono delle automobili; arrivavano solamente suoni dolci e smorzati, rintocchi di campane che annunciavano la Messa e poi il frusciare gentile delle foglie di faggio colorate d&#8217;estate e il crepitio di qualche ramo di larice che si posava al suolo. Spesso, mentre viveva quegli attimi pregni di una calma rara, pensava che a loro era servito il fieno per sfamare la vacca, a lui, invece, occorreva la quiete e un po\u2019 di legna per scaldarsi durante l&#8217;inverno. Bisogni diversi in tempi diversi, lontani fra loro oltre mezzo secolo. Lass\u00f9, dove dopo il tramonto, insieme alla sera scendeva una serena malinconia, aveva imparato a sentirli vicini quegli avi che gli avevano consegnato le chiavi di quel bosco carico di silenzi e ricordi. Lass\u00f9 aveva imparato a vivere quella quiete profonda e a far cadere un albero incastrato, e poi a riconoscere il momento in cui l&#8217;autunno avrebbe salutato la valle lasciando spazio alla prima neve di novembre. L\u00ec, dove durante quei caldi e lontani giorni d&#8217;inizio luglio pregavano che non arrivasse la pioggia a bagnare il fieno, aveva compreso il valore del silenzio e delle parole pesate e poi imparato ad ascoltare quella natura che in certi giorni d&#8217;inverno parlava con voce di neve. Erano silenzi buoni, necessari, capaci di far comprendere ci\u00f2 che occorreva davvero per sentirsi in armonia con quella terra di montagna. In quel luogo, dove si percepivano le vite e le fatiche di un tempo, ritornavano valori e ricordi e attimi di calma assoluta; ritornava il buon vivere scandito dal ruotare infinito delle stagioni<\/p>\n<p>&nbsp;<\/p>\n<hr \/>\n<p>&nbsp;<\/p>\n<p>&nbsp;<\/p>\n<p>&nbsp;<\/p>\n<blockquote>\n<h2>&#8220;ARIA D&#8217;INVERN&#8221; i vincitori al Nof FIlo&#8217; di Cencenighe e sabato il gran finale<\/h2>\n<\/blockquote>\n<p><strong>CENCENIGHE<\/strong> \u00c8 stata inaugurata al Nof Fil\u00f2 di Cencenighe la mostra fotografica &#8220;Aria D&#8217;Invern&#8221; con una raccolta di foto arrivate da tutto l&#8217;Agordino che rappresentano i paesaggi invenali.<\/p>\n<p><strong>\u00a0\u00a0<\/strong><\/p>\n<p><strong>di MARINA DONA&#8217;<br \/>\n<span style=\"color: #ff0000;\">retifica; NON DANTE, ma DAVIDE PICCOLIN &#8230;<\/span><\/strong><\/p>\n<audio class=\"wp-audio-shortcode\" id=\"audio-399659-22\" preload=\"none\" style=\"width: 100%;\" controls=\"controls\"><source type=\"audio\/mpeg\" src=\"https:\/\/www.radiopiu.net\/wordpress\/wp-content\/uploads\/2024\/07\/CENCENIGHE-CONCORSO-FOTOGRAFICO-ARIA-D-INVERN-LA-CLASSIFICA-.mp3?_=22\" \/><a href=\"https:\/\/www.radiopiu.net\/wordpress\/wp-content\/uploads\/2024\/07\/CENCENIGHE-CONCORSO-FOTOGRAFICO-ARIA-D-INVERN-LA-CLASSIFICA-.mp3\">https:\/\/www.radiopiu.net\/wordpress\/wp-content\/uploads\/2024\/07\/CENCENIGHE-CONCORSO-FOTOGRAFICO-ARIA-D-INVERN-LA-CLASSIFICA-.mp3<\/a><\/audio>\n<p>&nbsp;<\/p>\n<p><strong>LE INTERVISTE <\/strong><\/p>\n<audio class=\"wp-audio-shortcode\" id=\"audio-399659-23\" preload=\"none\" style=\"width: 100%;\" controls=\"controls\"><source type=\"audio\/mpeg\" src=\"https:\/\/www.radiopiu.net\/wordpress\/wp-content\/uploads\/2024\/07\/MARINA-INTERVISTE-MOSTRA.mp3?_=23\" \/><a href=\"https:\/\/www.radiopiu.net\/wordpress\/wp-content\/uploads\/2024\/07\/MARINA-INTERVISTE-MOSTRA.mp3\">https:\/\/www.radiopiu.net\/wordpress\/wp-content\/uploads\/2024\/07\/MARINA-INTERVISTE-MOSTRA.mp3<\/a><\/audio>\n<p>&nbsp;<\/p>\n\n\t\t\t<style type='text\/css'>\n\t\t\t\t#gallery-3 {\n\t\t\t\t\tmargin: auto;\n\t\t\t\t}\n\t\t\t\t#gallery-3 .gallery-item {\n\t\t\t\t\tfloat: left;\n\t\t\t\t\tmargin-top: 10px;\n\t\t\t\t\ttext-align: center;\n\t\t\t\t\twidth: 14%;\n\t\t\t\t}\n\t\t\t\t#gallery-3 img {\n\t\t\t\t\tborder: 2px solid #cfcfcf;\n\t\t\t\t}\n\t\t\t\t#gallery-3 .gallery-caption {\n\t\t\t\t\tmargin-left: 0;\n\t\t\t\t}\n\t\t\t\t\/* see gallery_shortcode() in wp-includes\/media.php *\/\n\t\t\t<\/style>\n\t\t<div id='gallery-3' class='dt-gallery-container gallery galleryid-399659 gallery-columns-7 gallery-size-thumbnail'><dl class='gallery-item'>\n\t\t\t\t<dt class='gallery-icon landscape'>\n\t\t\t\t\t<a class=\"rollover rollover-zoom dt-pswp-item\" title=\"7291bd78-8dd1-487a-ab00-9d924aaab3f8\" data-dt-img-description=\"\" data-large_image_width=\"2048\" data-large_image_height=\"1536\"href='https:\/\/www.radiopiu.net\/wordpress\/wp-content\/uploads\/2024\/07\/7291bd78-8dd1-487a-ab00-9d924aaab3f8.jpg'><img loading=\"lazy\" decoding=\"async\" width=\"150\" height=\"150\" src=\"https:\/\/www.radiopiu.net\/wordpress\/wp-content\/uploads\/2024\/07\/7291bd78-8dd1-487a-ab00-9d924aaab3f8-150x150.jpg\" class=\"attachment-thumbnail size-thumbnail\" alt=\"\" \/><\/a>\n\t\t\t\t<\/dt><\/dl><dl class='gallery-item'>\n\t\t\t\t<dt class='gallery-icon landscape'>\n\t\t\t\t\t<a class=\"rollover rollover-zoom dt-pswp-item\" title=\"79860ac9-90ae-4640-80c9-ea135dc56268\" data-dt-img-description=\"\" data-large_image_width=\"2048\" data-large_image_height=\"1518\"href='https:\/\/www.radiopiu.net\/wordpress\/wp-content\/uploads\/2024\/07\/79860ac9-90ae-4640-80c9-ea135dc56268.jpg'><img loading=\"lazy\" decoding=\"async\" width=\"150\" height=\"150\" src=\"https:\/\/www.radiopiu.net\/wordpress\/wp-content\/uploads\/2024\/07\/79860ac9-90ae-4640-80c9-ea135dc56268-150x150.jpg\" class=\"attachment-thumbnail size-thumbnail\" alt=\"\" \/><\/a>\n\t\t\t\t<\/dt><\/dl><dl class='gallery-item'>\n\t\t\t\t<dt class='gallery-icon landscape'>\n\t\t\t\t\t<a class=\"rollover rollover-zoom dt-pswp-item\" title=\"a1c6f37a-e298-4bdc-9a32-ad2ff0f7745e\" data-dt-img-description=\"\" data-large_image_width=\"2048\" data-large_image_height=\"1518\"href='https:\/\/www.radiopiu.net\/wordpress\/wp-content\/uploads\/2024\/07\/a1c6f37a-e298-4bdc-9a32-ad2ff0f7745e.jpg'><img loading=\"lazy\" decoding=\"async\" width=\"150\" height=\"150\" src=\"https:\/\/www.radiopiu.net\/wordpress\/wp-content\/uploads\/2024\/07\/a1c6f37a-e298-4bdc-9a32-ad2ff0f7745e-150x150.jpg\" class=\"attachment-thumbnail size-thumbnail\" alt=\"\" \/><\/a>\n\t\t\t\t<\/dt><\/dl><dl class='gallery-item'>\n\t\t\t\t<dt class='gallery-icon landscape'>\n\t\t\t\t\t<a class=\"rollover rollover-zoom dt-pswp-item\" title=\"0a97c825-0dc1-45c4-bcbe-0453e271d87a\" data-dt-img-description=\"\" data-large_image_width=\"2048\" data-large_image_height=\"1518\"href='https:\/\/www.radiopiu.net\/wordpress\/wp-content\/uploads\/2024\/07\/0a97c825-0dc1-45c4-bcbe-0453e271d87a.jpg'><img loading=\"lazy\" decoding=\"async\" width=\"150\" height=\"150\" src=\"https:\/\/www.radiopiu.net\/wordpress\/wp-content\/uploads\/2024\/07\/0a97c825-0dc1-45c4-bcbe-0453e271d87a-150x150.jpg\" class=\"attachment-thumbnail size-thumbnail\" alt=\"\" \/><\/a>\n\t\t\t\t<\/dt><\/dl><dl class='gallery-item'>\n\t\t\t\t<dt class='gallery-icon landscape'>\n\t\t\t\t\t<a class=\"rollover rollover-zoom dt-pswp-item\" title=\"ecca8508-572b-4f04-bb42-77abef3d638b\" data-dt-img-description=\"\" data-large_image_width=\"2048\" data-large_image_height=\"1536\"href='https:\/\/www.radiopiu.net\/wordpress\/wp-content\/uploads\/2024\/07\/ecca8508-572b-4f04-bb42-77abef3d638b.jpg'><img loading=\"lazy\" decoding=\"async\" width=\"150\" height=\"150\" src=\"https:\/\/www.radiopiu.net\/wordpress\/wp-content\/uploads\/2024\/07\/ecca8508-572b-4f04-bb42-77abef3d638b-150x150.jpg\" class=\"attachment-thumbnail size-thumbnail\" alt=\"\" \/><\/a>\n\t\t\t\t<\/dt><\/dl><dl class='gallery-item'>\n\t\t\t\t<dt class='gallery-icon landscape'>\n\t\t\t\t\t<a class=\"rollover rollover-zoom dt-pswp-item\" title=\"d33642c3-83cd-45e4-b68d-56225c11200b\" data-dt-img-description=\"\" data-large_image_width=\"2048\" data-large_image_height=\"1518\"href='https:\/\/www.radiopiu.net\/wordpress\/wp-content\/uploads\/2024\/07\/d33642c3-83cd-45e4-b68d-56225c11200b.jpg'><img loading=\"lazy\" decoding=\"async\" width=\"150\" height=\"150\" src=\"https:\/\/www.radiopiu.net\/wordpress\/wp-content\/uploads\/2024\/07\/d33642c3-83cd-45e4-b68d-56225c11200b-150x150.jpg\" class=\"attachment-thumbnail size-thumbnail\" alt=\"\" \/><\/a>\n\t\t\t\t<\/dt><\/dl><dl class='gallery-item'>\n\t\t\t\t<dt class='gallery-icon landscape'>\n\t\t\t\t\t<a class=\"rollover rollover-zoom dt-pswp-item\" title=\"dc5a7ee3-aa5d-4149-b930-952a39f2e650\" data-dt-img-description=\"\" data-large_image_width=\"2048\" data-large_image_height=\"1536\"href='https:\/\/www.radiopiu.net\/wordpress\/wp-content\/uploads\/2024\/07\/dc5a7ee3-aa5d-4149-b930-952a39f2e650.jpg'><img loading=\"lazy\" decoding=\"async\" width=\"150\" height=\"150\" src=\"https:\/\/www.radiopiu.net\/wordpress\/wp-content\/uploads\/2024\/07\/dc5a7ee3-aa5d-4149-b930-952a39f2e650-150x150.jpg\" class=\"attachment-thumbnail size-thumbnail\" alt=\"\" \/><\/a>\n\t\t\t\t<\/dt><\/dl><br style=\"clear: both\" \/>\n\t\t\t<\/div>\n\n<p>&nbsp;<\/p>\n<h2><span style=\"color: #ff0000;\"><strong>I VIDEO<\/strong><\/span><\/h2>\n<p><strong>LA PRESENTAZIONE<\/strong><\/p>\n<div style=\"width: 848px;\" class=\"wp-video\"><video class=\"wp-video-shortcode\" id=\"video-399659-2\" width=\"848\" height=\"480\" preload=\"metadata\" controls=\"controls\"><source type=\"video\/mp4\" src=\"https:\/\/www.radiopiu.net\/wordpress\/wp-content\/uploads\/2024\/07\/WhatsApp-Video-2024-07-15-at-21.35.22.mp4?_=2\" \/><a href=\"https:\/\/www.radiopiu.net\/wordpress\/wp-content\/uploads\/2024\/07\/WhatsApp-Video-2024-07-15-at-21.35.22.mp4\">https:\/\/www.radiopiu.net\/wordpress\/wp-content\/uploads\/2024\/07\/WhatsApp-Video-2024-07-15-at-21.35.22.mp4<\/a><\/video><\/div>\n<p>&nbsp;<\/p>\n<p><strong>LE PREMIAZIONI<\/strong><\/p>\n<div style=\"width: 848px;\" class=\"wp-video\"><video class=\"wp-video-shortcode\" id=\"video-399659-3\" width=\"848\" height=\"480\" preload=\"metadata\" controls=\"controls\"><source type=\"video\/mp4\" src=\"https:\/\/www.radiopiu.net\/wordpress\/wp-content\/uploads\/2024\/07\/WhatsApp-Video-2024-07-15-at-21.35.52.mp4?_=3\" \/><a href=\"https:\/\/www.radiopiu.net\/wordpress\/wp-content\/uploads\/2024\/07\/WhatsApp-Video-2024-07-15-at-21.35.52.mp4\">https:\/\/www.radiopiu.net\/wordpress\/wp-content\/uploads\/2024\/07\/WhatsApp-Video-2024-07-15-at-21.35.52.mp4<\/a><\/video><\/div>\n<p>&nbsp;<\/p>\n<p>&nbsp;<\/p>\n<p>&nbsp;<\/p>\n<hr \/>\n<p>&nbsp;<\/p>\n<h2><span style=\"color: #ff0000;\"><a class=\"dt-pswp-item\" href=\"https:\/\/www.radiopiu.net\/wordpress\/wp-content\/uploads\/2018\/09\/appuntamenti.jpeg\" data-dt-img-description=\"\" data-large_image_width=\"800\" data-large_image_height=\"100\"><img loading=\"lazy\" decoding=\"async\" class=\"wp-image-61958 size-full aligncenter\" src=\"https:\/\/www.radiopiu.net\/wordpress\/wp-content\/uploads\/2018\/09\/appuntamenti.jpeg\" alt=\"\" width=\"800\" height=\"100\" srcset=\"https:\/\/www.radiopiu.net\/wordpress\/wp-content\/uploads\/2018\/09\/appuntamenti.jpeg 800w, https:\/\/www.radiopiu.net\/wordpress\/wp-content\/uploads\/2018\/09\/appuntamenti-300x38.jpeg 300w, https:\/\/www.radiopiu.net\/wordpress\/wp-content\/uploads\/2018\/09\/appuntamenti-768x96.jpeg 768w\" sizes=\"auto, (max-width: 800px) 100vw, 800px\" \/><\/a><\/span><\/h2>\n<div>\n<div class=\"\" dir=\"auto\">\n<div id=\":r9h:\" class=\"x1iorvi4 x1pi30zi x1l90r2v x1swvt13\" data-ad-comet-preview=\"message\" data-ad-preview=\"message\">\n\n\t\t\t<style type='text\/css'>\n\t\t\t\t#gallery-4 {\n\t\t\t\t\tmargin: auto;\n\t\t\t\t}\n\t\t\t\t#gallery-4 .gallery-item {\n\t\t\t\t\tfloat: left;\n\t\t\t\t\tmargin-top: 10px;\n\t\t\t\t\ttext-align: center;\n\t\t\t\t\twidth: 16%;\n\t\t\t\t}\n\t\t\t\t#gallery-4 img {\n\t\t\t\t\tborder: 2px solid #cfcfcf;\n\t\t\t\t}\n\t\t\t\t#gallery-4 .gallery-caption {\n\t\t\t\t\tmargin-left: 0;\n\t\t\t\t}\n\t\t\t\t\/* see gallery_shortcode() in wp-includes\/media.php *\/\n\t\t\t<\/style>\n\t\t<div id='gallery-4' class='dt-gallery-container gallery galleryid-399659 gallery-columns-6 gallery-size-thumbnail'><dl class='gallery-item'>\n\t\t\t\t<dt class='gallery-icon portrait'>\n\t\t\t\t\t<a class=\"rollover rollover-zoom dt-pswp-item\" title=\"locandina sergio sommacal 18.07.2024 A4\" data-dt-img-description=\"\" data-large_image_width=\"1810\" data-large_image_height=\"2560\"href='https:\/\/www.radiopiu.net\/wordpress\/wp-content\/uploads\/2024\/07\/locandina-sergio-sommacal-18.07.2024-A4-1-scaled.jpg'><img loading=\"lazy\" decoding=\"async\" width=\"150\" height=\"150\" src=\"https:\/\/www.radiopiu.net\/wordpress\/wp-content\/uploads\/2024\/07\/locandina-sergio-sommacal-18.07.2024-A4-1-150x150.jpg\" class=\"attachment-thumbnail size-thumbnail\" alt=\"\" aria-describedby=\"gallery-4-399686\" \/><\/a>\n\t\t\t\t<\/dt>\n\t\t\t\t\t<dd class='wp-caption-text gallery-caption' id='gallery-4-399686'>\n\t\t\t\t\tGIOVEDI, IN DIRETTA SU RADIO PIU\n\t\t\t\t\t<\/dd><\/dl><dl class='gallery-item'>\n\t\t\t\t<dt class='gallery-icon portrait'>\n\t\t\t\t\t<a class=\"rollover rollover-zoom dt-pswp-item\" title=\"7079ecea-2af7-42bb-b22c-f5fe8a9ed3e4\" data-dt-img-description=\"\" data-large_image_width=\"1124\" data-large_image_height=\"1600\"href='https:\/\/www.radiopiu.net\/wordpress\/wp-content\/uploads\/2024\/07\/7079ecea-2af7-42bb-b22c-f5fe8a9ed3e4.jpg'><img loading=\"lazy\" decoding=\"async\" width=\"150\" height=\"150\" src=\"https:\/\/www.radiopiu.net\/wordpress\/wp-content\/uploads\/2024\/07\/7079ecea-2af7-42bb-b22c-f5fe8a9ed3e4-150x150.jpg\" class=\"attachment-thumbnail size-thumbnail\" alt=\"\" aria-describedby=\"gallery-4-399792\" \/><\/a>\n\t\t\t\t<\/dt>\n\t\t\t\t\t<dd class='wp-caption-text gallery-caption' id='gallery-4-399792'>\n\t\t\t\t\tBAR BOCCIODROMO AGORDO\n\t\t\t\t\t<\/dd><\/dl><dl class='gallery-item'>\n\t\t\t\t<dt class='gallery-icon portrait'>\n\t\t\t\t\t<a class=\"rollover rollover-zoom dt-pswp-item\" title=\"441936111_953300066803441_3663667299753321850_n\" data-dt-img-description=\"\" data-large_image_width=\"520\" data-large_image_height=\"640\"href='https:\/\/www.radiopiu.net\/wordpress\/wp-content\/uploads\/2024\/06\/441936111_953300066803441_3663667299753321850_n.jpg'><img loading=\"lazy\" decoding=\"async\" width=\"150\" height=\"150\" src=\"https:\/\/www.radiopiu.net\/wordpress\/wp-content\/uploads\/2024\/06\/441936111_953300066803441_3663667299753321850_n-150x150.jpg\" class=\"attachment-thumbnail size-thumbnail\" alt=\"\" aria-describedby=\"gallery-4-394061\" \/><\/a>\n\t\t\t\t<\/dt>\n\t\t\t\t\t<dd class='wp-caption-text gallery-caption' id='gallery-4-394061'>\n\t\t\t\t\t31 LUGLIO AL MINIERE E IN DIRETTA ALLA RADIO \n\t\t\t\t\t<\/dd><\/dl><dl class='gallery-item'>\n\t\t\t\t<dt class='gallery-icon portrait'>\n\t\t\t\t\t<a class=\"rollover rollover-zoom dt-pswp-item\" title=\"f84567d6-a1d2-47de-9596-ef8505986952\" data-dt-img-description=\"\" data-large_image_width=\"745\" data-large_image_height=\"1073\"href='https:\/\/www.radiopiu.net\/wordpress\/wp-content\/uploads\/2024\/06\/f84567d6-a1d2-47de-9596-ef8505986952.jpg'><img loading=\"lazy\" decoding=\"async\" width=\"150\" height=\"150\" src=\"https:\/\/www.radiopiu.net\/wordpress\/wp-content\/uploads\/2024\/06\/f84567d6-a1d2-47de-9596-ef8505986952-150x150.jpg\" class=\"attachment-thumbnail size-thumbnail\" alt=\"\" aria-describedby=\"gallery-4-396466\" \/><\/a>\n\t\t\t\t<\/dt>\n\t\t\t\t\t<dd class='wp-caption-text gallery-caption' id='gallery-4-396466'>\n\t\t\t\t\tSUMMER GREEN VOLLEY AGORDINO\n\t\t\t\t\t<\/dd><\/dl><dl class='gallery-item'>\n\t\t\t\t<dt class='gallery-icon portrait'>\n\t\t\t\t\t<a class=\"rollover rollover-zoom dt-pswp-item\" title=\"original-84F78277-839A-4868-BE6A-5A10A5605E21\" data-dt-img-description=\"\" data-large_image_width=\"1754\" data-large_image_height=\"2480\"href='https:\/\/www.radiopiu.net\/wordpress\/wp-content\/uploads\/2024\/07\/original-84F78277-839A-4868-BE6A-5A10A5605E21.jpeg'><img loading=\"lazy\" decoding=\"async\" width=\"150\" height=\"150\" src=\"https:\/\/www.radiopiu.net\/wordpress\/wp-content\/uploads\/2024\/07\/original-84F78277-839A-4868-BE6A-5A10A5605E21-150x150.jpeg\" class=\"attachment-thumbnail size-thumbnail\" alt=\"\" aria-describedby=\"gallery-4-397532\" \/><\/a>\n\t\t\t\t<\/dt>\n\t\t\t\t\t<dd class='wp-caption-text gallery-caption' id='gallery-4-397532'>\n\t\t\t\t\tHOTEL STELLA ALPINA ESTATE D&#8217;EVENTI \n\t\t\t\t\t<\/dd><\/dl><dl class='gallery-item'>\n\t\t\t\t<dt class='gallery-icon portrait'>\n\t\t\t\t\t<a class=\"rollover rollover-zoom dt-pswp-item\" title=\"449991823_122137296134256756_778850350827646908_n\" data-dt-img-description=\"\" data-large_image_width=\"1080\" data-large_image_height=\"1528\"href='https:\/\/www.radiopiu.net\/wordpress\/wp-content\/uploads\/2024\/07\/449991823_122137296134256756_778850350827646908_n.jpg'><img loading=\"lazy\" decoding=\"async\" width=\"150\" height=\"150\" src=\"https:\/\/www.radiopiu.net\/wordpress\/wp-content\/uploads\/2024\/07\/449991823_122137296134256756_778850350827646908_n-150x150.jpg\" class=\"attachment-thumbnail size-thumbnail\" alt=\"\" aria-describedby=\"gallery-4-398203\" \/><\/a>\n\t\t\t\t<\/dt>\n\t\t\t\t\t<dd class='wp-caption-text gallery-caption' id='gallery-4-398203'>\n\t\t\t\t\tSABATO 20 LUGLIO A CANALE D&#8217;AGORDO\n\t\t\t\t\t<\/dd><\/dl><br style=\"clear: both\" \/><dl class='gallery-item'>\n\t\t\t\t<dt class='gallery-icon landscape'>\n\t\t\t\t\t<a class=\"rollover rollover-zoom dt-pswp-item\" title=\"d5b0b734-6816-4395-8e21-976a97a70deb\" data-dt-img-description=\"\" data-large_image_width=\"1080\" data-large_image_height=\"1080\"href='https:\/\/www.radiopiu.net\/wordpress\/wp-content\/uploads\/2024\/06\/d5b0b734-6816-4395-8e21-976a97a70deb.jpg'><img loading=\"lazy\" decoding=\"async\" width=\"150\" height=\"150\" src=\"https:\/\/www.radiopiu.net\/wordpress\/wp-content\/uploads\/2024\/06\/d5b0b734-6816-4395-8e21-976a97a70deb-150x150.jpg\" class=\"attachment-thumbnail size-thumbnail\" alt=\"\" aria-describedby=\"gallery-4-396287\" srcset=\"https:\/\/www.radiopiu.net\/wordpress\/wp-content\/uploads\/2024\/06\/d5b0b734-6816-4395-8e21-976a97a70deb-150x150.jpg 150w, https:\/\/www.radiopiu.net\/wordpress\/wp-content\/uploads\/2024\/06\/d5b0b734-6816-4395-8e21-976a97a70deb-300x300.jpg 300w, https:\/\/www.radiopiu.net\/wordpress\/wp-content\/uploads\/2024\/06\/d5b0b734-6816-4395-8e21-976a97a70deb-1024x1024.jpg 1024w, https:\/\/www.radiopiu.net\/wordpress\/wp-content\/uploads\/2024\/06\/d5b0b734-6816-4395-8e21-976a97a70deb-768x768.jpg 768w, https:\/\/www.radiopiu.net\/wordpress\/wp-content\/uploads\/2024\/06\/d5b0b734-6816-4395-8e21-976a97a70deb.jpg 1080w\" sizes=\"auto, (max-width: 150px) 100vw, 150px\" \/><\/a>\n\t\t\t\t<\/dt>\n\t\t\t\t\t<dd class='wp-caption-text gallery-caption' id='gallery-4-396287'>\n\t\t\t\t\t25 LUGLIO A VOLTAGO\n\t\t\t\t\t<\/dd><\/dl><dl class='gallery-item'>\n\t\t\t\t<dt class='gallery-icon landscape'>\n\t\t\t\t\t<a class=\"rollover rollover-zoom dt-pswp-item\" title=\"449189900_484613757290091_1574838248887562981_n\" data-dt-img-description=\"\" data-large_image_width=\"960\" data-large_image_height=\"540\"href='https:\/\/www.radiopiu.net\/wordpress\/wp-content\/uploads\/2024\/06\/449189900_484613757290091_1574838248887562981_n.jpg'><img loading=\"lazy\" decoding=\"async\" width=\"150\" height=\"150\" src=\"https:\/\/www.radiopiu.net\/wordpress\/wp-content\/uploads\/2024\/06\/449189900_484613757290091_1574838248887562981_n-150x150.jpg\" class=\"attachment-thumbnail size-thumbnail\" alt=\"\" aria-describedby=\"gallery-4-396872\" \/><\/a>\n\t\t\t\t<\/dt>\n\t\t\t\t\t<dd class='wp-caption-text gallery-caption' id='gallery-4-396872'>\n\t\t\t\t\t A CANALE D&#8217;AGORDO VALLE DI GARES\n\t\t\t\t\t<\/dd><\/dl><dl class='gallery-item'>\n\t\t\t\t<dt class='gallery-icon portrait'>\n\t\t\t\t\t<a class=\"rollover rollover-zoom dt-pswp-item\" title=\"8b2155a6-d732-4852-a73f-6ad1b59fac91\" data-dt-img-description=\"\" data-large_image_width=\"1131\" data-large_image_height=\"1600\"href='https:\/\/www.radiopiu.net\/wordpress\/wp-content\/uploads\/2024\/07\/8b2155a6-d732-4852-a73f-6ad1b59fac91-1.jpg'><img loading=\"lazy\" decoding=\"async\" width=\"150\" height=\"150\" src=\"https:\/\/www.radiopiu.net\/wordpress\/wp-content\/uploads\/2024\/07\/8b2155a6-d732-4852-a73f-6ad1b59fac91-1-150x150.jpg\" class=\"attachment-thumbnail size-thumbnail\" alt=\"\" aria-describedby=\"gallery-4-397366\" \/><\/a>\n\t\t\t\t<\/dt>\n\t\t\t\t\t<dd class='wp-caption-text gallery-caption' id='gallery-4-397366'>\n\t\t\t\t\tASSOCIAZIONE BORGO SOTTOGUDA \n\t\t\t\t\t<\/dd><\/dl><dl class='gallery-item'>\n\t\t\t\t<dt class='gallery-icon portrait'>\n\t\t\t\t\t<a class=\"rollover rollover-zoom dt-pswp-item\" title=\"6aaaad58-800e-4990-a3b1-996dabdbe745\" data-dt-img-description=\"\" data-large_image_width=\"1131\" data-large_image_height=\"1600\"href='https:\/\/www.radiopiu.net\/wordpress\/wp-content\/uploads\/2024\/07\/6aaaad58-800e-4990-a3b1-996dabdbe745.jpg'><img loading=\"lazy\" decoding=\"async\" width=\"150\" height=\"150\" src=\"https:\/\/www.radiopiu.net\/wordpress\/wp-content\/uploads\/2024\/07\/6aaaad58-800e-4990-a3b1-996dabdbe745-150x150.jpg\" class=\"attachment-thumbnail size-thumbnail\" alt=\"\" aria-describedby=\"gallery-4-397565\" \/><\/a>\n\t\t\t\t<\/dt>\n\t\t\t\t\t<dd class='wp-caption-text gallery-caption' id='gallery-4-397565'>\n\t\t\t\t\tDAL 20 LUGLIO A VOLTAGO\n\t\t\t\t\t<\/dd><\/dl><dl class='gallery-item'>\n\t\t\t\t<dt class='gallery-icon portrait'>\n\t\t\t\t\t<a class=\"rollover rollover-zoom dt-pswp-item\" title=\"449444208_484616390623161_3418734916136544576_n\" data-dt-img-description=\"\" data-large_image_width=\"808\" data-large_image_height=\"1600\"href='https:\/\/www.radiopiu.net\/wordpress\/wp-content\/uploads\/2024\/07\/449444208_484616390623161_3418734916136544576_n.jpg'><img loading=\"lazy\" decoding=\"async\" width=\"150\" height=\"150\" src=\"https:\/\/www.radiopiu.net\/wordpress\/wp-content\/uploads\/2024\/07\/449444208_484616390623161_3418734916136544576_n-150x150.jpg\" class=\"attachment-thumbnail size-thumbnail\" alt=\"\" aria-describedby=\"gallery-4-398855\" \/><\/a>\n\t\t\t\t<\/dt>\n\t\t\t\t\t<dd class='wp-caption-text gallery-caption' id='gallery-4-398855'>\n\t\t\t\t\tA CANALE D&#8217;AGORDO LA SGUBIADA\n\t\t\t\t\t<\/dd><\/dl><dl class='gallery-item'>\n\t\t\t\t<dt class='gallery-icon portrait'>\n\t\t\t\t\t<a class=\"rollover rollover-zoom dt-pswp-item\" title=\"c43011fa-8405-4ea2-9ca9-b934b11662df\" data-dt-img-description=\"\" data-large_image_width=\"512\" data-large_image_height=\"720\"href='https:\/\/www.radiopiu.net\/wordpress\/wp-content\/uploads\/2024\/07\/c43011fa-8405-4ea2-9ca9-b934b11662df.jpg'><img loading=\"lazy\" decoding=\"async\" width=\"150\" height=\"150\" src=\"https:\/\/www.radiopiu.net\/wordpress\/wp-content\/uploads\/2024\/07\/c43011fa-8405-4ea2-9ca9-b934b11662df-150x150.jpg\" class=\"attachment-thumbnail size-thumbnail\" alt=\"\" aria-describedby=\"gallery-4-398969\" \/><\/a>\n\t\t\t\t<\/dt>\n\t\t\t\t\t<dd class='wp-caption-text gallery-caption' id='gallery-4-398969'>\n\t\t\t\t\tA PRA DE LA MELIA\n\t\t\t\t\t<\/dd><\/dl><br style=\"clear: both\" \/><dl class='gallery-item'>\n\t\t\t\t<dt class='gallery-icon portrait'>\n\t\t\t\t\t<a class=\"rollover rollover-zoom dt-pswp-item\" title=\"SAN LUGAN 2024\" data-dt-img-description=\"\" data-large_image_width=\"434\" data-large_image_height=\"602\"href='https:\/\/www.radiopiu.net\/wordpress\/wp-content\/uploads\/2024\/07\/SAN-LUGAN-2024.png'><img loading=\"lazy\" decoding=\"async\" width=\"150\" height=\"150\" src=\"https:\/\/www.radiopiu.net\/wordpress\/wp-content\/uploads\/2024\/07\/SAN-LUGAN-2024-150x150.png\" class=\"attachment-thumbnail size-thumbnail\" alt=\"\" aria-describedby=\"gallery-4-399242\" \/><\/a>\n\t\t\t\t<\/dt>\n\t\t\t\t\t<dd class='wp-caption-text gallery-caption' id='gallery-4-399242'>\n\t\t\t\t\t20 -21 LUGLIO FESTA DI SAN LUCANO\n\t\t\t\t\t<\/dd><\/dl><dl class='gallery-item'>\n\t\t\t\t<dt class='gallery-icon portrait'>\n\t\t\t\t\t<a class=\"rollover rollover-zoom dt-pswp-item\" title=\"7fc3f2fe-a94d-4d5f-9af0-1d7ee8402cfd\" data-dt-img-description=\"\" data-large_image_width=\"1080\" data-large_image_height=\"1505\"href='https:\/\/www.radiopiu.net\/wordpress\/wp-content\/uploads\/2024\/07\/7fc3f2fe-a94d-4d5f-9af0-1d7ee8402cfd.jpg'><img loading=\"lazy\" decoding=\"async\" width=\"150\" height=\"150\" src=\"https:\/\/www.radiopiu.net\/wordpress\/wp-content\/uploads\/2024\/07\/7fc3f2fe-a94d-4d5f-9af0-1d7ee8402cfd-150x150.jpg\" class=\"attachment-thumbnail size-thumbnail\" alt=\"\" aria-describedby=\"gallery-4-399793\" \/><\/a>\n\t\t\t\t<\/dt>\n\t\t\t\t\t<dd class='wp-caption-text gallery-caption' id='gallery-4-399793'>\n\t\t\t\t\tAD ALLEGHE CON LAURA BALLIS\n\t\t\t\t\t<\/dd><\/dl>\n\t\t\t\t<br style='clear: both' \/>\n\t\t\t<\/div>\n\n<p>AGORDO <strong> NATURAL-MENTE OLISTICO.\u00a0 <\/strong>BAR DELLE BOCCE AL PARCO GIOCHI, UN&#8217;ESTATE DI DIVERTIMENTO E APPUNTAMENTI 27-28 LUGLIO, DALLE 10 ALLE 18 CON INGRESSO LIBERO A TUTTI E GRATUITO: FINE SETTIMANA DEDICATO ALLE DISCIPLINE OLISTICHE E DEL BENESSERE. PROVA DAL VIVO LE DIVERSE TECNICHE DI RISVEGLIO SPIRTUALE ED AUTOCONSAPEVOLEZZA CON GLI OPERATORI PROFESSIONISTI. SU PRENOTAZIONE BAGNI DI GONG, QI GONG, YOUGA E TAI CHI. BOCCIODROMO DI VIA PAGANINI, INFO 351 7658800\u00a0 ANCHE SU FACEBOOK<\/p>\n<p>&nbsp;<\/p>\n<p><strong><a class=\"dt-pswp-item\" href=\"https:\/\/www.radiopiu.net\/wordpress\/wp-content\/uploads\/2024\/07\/19da2b39-b827-425d-a773-bb4b721521cd.jpg\" data-dt-img-description=\"\" data-large_image_width=\"1125\" data-large_image_height=\"1126\"><img loading=\"lazy\" decoding=\"async\" class=\" wp-image-399343 alignleft\" src=\"https:\/\/www.radiopiu.net\/wordpress\/wp-content\/uploads\/2024\/07\/19da2b39-b827-425d-a773-bb4b721521cd-300x300.jpg\" alt=\"\" width=\"125\" height=\"125\" srcset=\"https:\/\/www.radiopiu.net\/wordpress\/wp-content\/uploads\/2024\/07\/19da2b39-b827-425d-a773-bb4b721521cd-300x300.jpg 300w, https:\/\/www.radiopiu.net\/wordpress\/wp-content\/uploads\/2024\/07\/19da2b39-b827-425d-a773-bb4b721521cd-1024x1024.jpg 1024w, https:\/\/www.radiopiu.net\/wordpress\/wp-content\/uploads\/2024\/07\/19da2b39-b827-425d-a773-bb4b721521cd-150x150.jpg 150w, https:\/\/www.radiopiu.net\/wordpress\/wp-content\/uploads\/2024\/07\/19da2b39-b827-425d-a773-bb4b721521cd-768x769.jpg 768w, https:\/\/www.radiopiu.net\/wordpress\/wp-content\/uploads\/2024\/07\/19da2b39-b827-425d-a773-bb4b721521cd.jpg 1125w\" sizes=\"auto, (max-width: 125px) 100vw, 125px\" \/><\/a>FALCADE<\/strong> Tornano le proiezioni al Cinema Dolomiti di Falcade. Fine settimana dedicato al film d&#8217;azione &#8220;Bad Boys: Ride Or Die&#8221;. Spettacoli venerd\u00ec, sabato e domenica alle 21:15. Domenica anche alle 17<\/p>\n<p><strong>BELLUNO <\/strong>Nell&#8217;occasione dei 100 anni dalla nascita di Franco Basaglia, lo psichiatra che ha rivoluzionato la psichiatria con la chiusura dei manicomi, viene presentato il libro &#8220;Voce del verbo cancellare&#8221; di Giovanni Trimeri da Feltre, persona che ha operato per quasi 3 anni nel bar dell&#8217;ex manicomio di Feltre e che in questa pubblicazione racconta storia e storie di tale manicomio, in una passeggiata insolita. Appuntamento venerd\u00ec 19 luglio 2024 alle ore 18,30, presso la sala Bianchi &#8220;Eliseo Dal Pont&#8221;<\/p>\n<p><strong>BELLUNO<\/strong> La rassegna &#8220;Il cielo sopra Belluno&#8221; torna per la terza serata venerd\u00ec alla Casa delle Arti \u2013 Spazio Ex, dopo il sold out delle prime due serate. Questa iniziativa, destinata a diventare un punto di riferimento estivo per Belluno, si distingue per la qualit\u00e0 e la variet\u00e0 della sua offerta. A partire dalle 19, gli ospiti possono godere di un apericena con degustazione di vini biologici a km zero forniti da Infermento, seguita dallo spettacolo delle 21 e continuando con performance musicali fino a tarda notte. Il 19 luglio, Francesco Alberici che torna a Belluno con lo spettacolo &#8220;TROPICANA&#8221;<\/p>\n<p><strong>ROCCA PIETORE<\/strong>\u00a0 Venerd\u00ec 19 luglio alle 20.30 in sala Teaz concerto dei cori di Arsi\u00e8. Domenica dalle 11 mercatino di beneficienza con rinfresco e musica di\u00a0 Fabiano e Mario. Luned\u00ec 10.30, Messa, Processione per Santa Maria Maddalena. Il ricavato delle manifestazioni sar\u00e0 devoluto all&#8217;Associazione Save the children che si prende cura dei bambini vittime di malnutrizione, di malattie e delle guerre che imperversano nel mondo, nonch\u00e9 di famiglie in stato di povert\u00e0 assoluta in Italia.<\/p>\n<\/div>\n<\/div>\n<\/div>\n<p><strong>AGORDO<\/strong> Mercatino Dolomiti Agordine, antiquariato, domenica 21 luglio, 4 e 10 agosto ad Agordo, 13 agosto Forcella Aurine.<\/p>\n<p><strong>SOSPIROLO <\/strong>Domenica 21 luglio alle 17.30 a Susin concerto della Filarmonica di Lentiai diretta dal M\u00b0 Domenico Vello per la rassegna Musica nei cortivi (Pro Loco-Comitato S.Martino Susin)<\/p>\n<p>&nbsp;<\/p>\n<p>&nbsp;<\/p>\n<p>&nbsp;<\/p>\n<hr \/>\n<p>&nbsp;<\/p>\n<p><a class=\"dt-pswp-item\" href=\"https:\/\/www.radiopiu.net\/wordpress\/wp-content\/uploads\/2018\/09\/viabilita.jpeg\" data-dt-img-description=\"\" data-large_image_width=\"800\" data-large_image_height=\"100\"><img loading=\"lazy\" decoding=\"async\" class=\"aligncenter wp-image-61954 size-full\" src=\"https:\/\/www.radiopiu.net\/wordpress\/wp-content\/uploads\/2018\/09\/viabilita.jpeg\" alt=\"\" width=\"800\" height=\"100\" srcset=\"https:\/\/www.radiopiu.net\/wordpress\/wp-content\/uploads\/2018\/09\/viabilita.jpeg 800w, https:\/\/www.radiopiu.net\/wordpress\/wp-content\/uploads\/2018\/09\/viabilita-300x38.jpeg 300w, https:\/\/www.radiopiu.net\/wordpress\/wp-content\/uploads\/2018\/09\/viabilita-768x96.jpeg 768w\" sizes=\"auto, (max-width: 800px) 100vw, 800px\" \/><\/a><\/p>\n<p>&nbsp;<\/p>\n<p><a class=\"dt-pswp-item\" href=\"https:\/\/www.radiopiu.net\/wordpress\/wp-content\/uploads\/2023\/12\/botol-car-service.jpg\" data-dt-img-description=\"\" data-large_image_width=\"600\" data-large_image_height=\"600\"><img loading=\"lazy\" decoding=\"async\" class=\"size-medium wp-image-367044 aligncenter\" src=\"https:\/\/www.radiopiu.net\/wordpress\/wp-content\/uploads\/2023\/12\/botol-car-service-300x300.jpg\" alt=\"\" width=\"300\" height=\"300\" srcset=\"https:\/\/www.radiopiu.net\/wordpress\/wp-content\/uploads\/2023\/12\/botol-car-service-300x300.jpg 300w, https:\/\/www.radiopiu.net\/wordpress\/wp-content\/uploads\/2023\/12\/botol-car-service-150x150.jpg 150w, https:\/\/www.radiopiu.net\/wordpress\/wp-content\/uploads\/2023\/12\/botol-car-service.jpg 600w\" sizes=\"auto, (max-width: 300px) 100vw, 300px\" \/><\/a><\/p>\n<p>&nbsp;<\/p>\n<p>&nbsp;<\/p>\n<h1>BOLLETTINO QUOTIDIANO, CLICCA QUI<\/h1>\n<blockquote class=\"wp-embedded-content\" data-secret=\"ae8HVcydKR\"><p><a href=\"https:\/\/www.radiopiu.net\/wordpress\/viabilita-2\/\">viabilita<\/a><\/p><\/blockquote>\n<p><iframe loading=\"lazy\" class=\"wp-embedded-content\" sandbox=\"allow-scripts\" security=\"restricted\" style=\"position: absolute; clip: rect(1px, 1px, 1px, 1px);\" title=\"&#8220;viabilita&#8221; &#8212; Radio Pi\u00f9\" src=\"https:\/\/www.radiopiu.net\/wordpress\/viabilita-2\/embed\/#?secret=sVbyxsdmxU#?secret=ae8HVcydKR\" data-secret=\"ae8HVcydKR\" width=\"600\" height=\"338\" frameborder=\"0\" marginwidth=\"0\" marginheight=\"0\" scrolling=\"no\"><\/iframe><\/p>\n<p>&nbsp;<\/p>\n<p>&nbsp;<\/p>\n<hr \/>\n<p>&nbsp;<\/p>\n<p><a class=\"dt-pswp-item\" href=\"https:\/\/www.radiopiu.net\/wordpress\/wp-content\/uploads\/2018\/09\/WhatsApp-Image-2018-09-20-at-16.04.06.jpeg\" data-dt-img-description=\"\" data-large_image_width=\"800\" data-large_image_height=\"100\"><img loading=\"lazy\" decoding=\"async\" class=\"wp-image-61378 size-full aligncenter\" src=\"https:\/\/www.radiopiu.net\/wordpress\/wp-content\/uploads\/2018\/09\/WhatsApp-Image-2018-09-20-at-16.04.06.jpeg\" alt=\"\" width=\"800\" height=\"100\" srcset=\"https:\/\/www.radiopiu.net\/wordpress\/wp-content\/uploads\/2018\/09\/WhatsApp-Image-2018-09-20-at-16.04.06.jpeg 800w, https:\/\/www.radiopiu.net\/wordpress\/wp-content\/uploads\/2018\/09\/WhatsApp-Image-2018-09-20-at-16.04.06-300x38.jpeg 300w, https:\/\/www.radiopiu.net\/wordpress\/wp-content\/uploads\/2018\/09\/WhatsApp-Image-2018-09-20-at-16.04.06-768x96.jpeg 768w\" sizes=\"auto, (max-width: 800px) 100vw, 800px\" \/><\/a><\/p>\n<p><center><\/center><center><\/center><center><\/center><center><\/center><center><\/center><center><\/center>&nbsp;<\/p>\n<p><center><\/center><center><\/center><strong>OGGI<\/strong> Ancora una mattinata soleggiata e stabile, mentre nelle ore calde saranno possibili modesti o moderati annuvolamenti a carattere cumuliforme, eventualmente associati a sporadici fenomeni specie sulle Dolomiti, dove l&#8217;attivit\u00e0 termoconvettiva sar\u00e0 un po&#8217; pi\u00f9 sviluppata dei giorni precedenti. <strong>Precipitazioni.<\/strong> Al mattino assenti; al pomeriggio\/sera generalmente assenti sulle Prealpi, mentre sulle Dolomiti non del tutto escluso qualche isolato rovescio o temporale di calore, specie sui rilievi di confine con il Trentino Alto Adige e con il Friuli Venezia Giulia.<strong>Temperature.<\/strong> Minime in lieve aumento, massime senza notevoli variazioni con elevata escursione termica giornaliera.<\/p>\n<hr \/>\n<p><strong>DOMANI<\/strong> Ancora una giornata di tempo perlopi\u00f9 soleggiata e stabile, con bassa probabilit\u00e0 di fenomeni, eventualmente solo qualche occasionale fenomeno. <strong>Precipitazioni.<\/strong> Salvo qualche sporadico piovasco specie sulle Dolomiti al confine con le altre regioni, generalmente assenti.<br \/>\n<strong>Temperature.<\/strong>\u00a0In lieve aumento specie le minime nelle valli, con un contesto termico che si manterr\u00e0 molto caldo a tutte le quote e valori sempre superiori alla norma.<\/p>\n<hr \/>\n<p><strong>GIOVEDI<\/strong> Continua il tempo stabile, ben soleggiato al mattino con qualche cumulo nelle ore pi\u00f9 calde localmente consistente specie sulle Dolomiti dove non sar\u00e0 escluso qualche sporadico piovasco o temporale di calore specie sui rilievi al confine con le altre regioni; contesto termico ancora molto caldo a tutte le quote<\/p>\n<hr \/>\n<p><strong>VENERDI<\/strong>\u00a0Ancora una giornata estiva e pi\u00f9 calda della norma con tempo in prevalenza soleggiato al mattino, salvo modesti annuvolamenti in prossimit\u00e0 delle cime. Nel corso del pomeriggio formazione di addensamenti nuvolosi, pi\u00f9 consistenti rispetto ai giorni precedenti, associati a fenomeni di calore da locali a sparsi pi\u00f9 probabili rispetto a gioved\u00ec. Temperature senza notevoli variazioni, salvo un lieve aumento delle minime e un lieve calo delle massime.<\/p>\n<p>&nbsp;<\/p>\n<hr \/>\n<p>&nbsp;<\/p>\n<p><a class=\"dt-pswp-item\" href=\"https:\/\/www.radiopiu.net\/wordpress\/wp-content\/uploads\/2018\/09\/sport.jpg\" data-dt-img-description=\"\" data-large_image_width=\"800\" data-large_image_height=\"100\"><img loading=\"lazy\" decoding=\"async\" class=\"aligncenter wp-image-60761 size-full\" src=\"https:\/\/www.radiopiu.net\/wordpress\/wp-content\/uploads\/2018\/09\/sport.jpg\" alt=\"\" width=\"800\" height=\"100\" srcset=\"https:\/\/www.radiopiu.net\/wordpress\/wp-content\/uploads\/2018\/09\/sport.jpg 800w, https:\/\/www.radiopiu.net\/wordpress\/wp-content\/uploads\/2018\/09\/sport-300x38.jpg 300w, https:\/\/www.radiopiu.net\/wordpress\/wp-content\/uploads\/2018\/09\/sport-768x96.jpg 768w\" sizes=\"auto, (max-width: 800px) 100vw, 800px\" \/><\/a><\/p>\n<p>&nbsp;<\/p>\n<h1><\/h1>\n<h1><strong>DOMENICA LA TRANSCIVETTA! DOMENICA MATTINA LA DIRETTA CON FILIPPO FONTANIVE\u00a0 DAI PIANI DI PEZZE&#8217; IN STUDIO MARCO GAZ<\/strong><\/h1>\n<h1><strong>DOMENICA POMERIGGIO CAMPIONATO AGORDINO DI CALCIO, LE ESCLUSIVE DI RADIOPIU &#8211; CORRIERE DELLE ALPI, IN DIRETTA ALLA RADIO\u00a0\u00a0<\/strong><\/h1>\n<p>&nbsp;<\/p>\n<p>&nbsp;<\/p>\n<p>&nbsp;<\/p>\n<p><span style=\"color: #0000ff;\"><strong>PALLAVOLO<\/strong><\/span><\/p>\n<blockquote>\n<h3>TOMMASO PAVAN PREPARATORE DEL BELLUNO VOLLEY<\/h3>\n<\/blockquote>\n<p><a class=\"dt-pswp-item\" href=\"https:\/\/www.radiopiu.net\/wordpress\/wp-content\/uploads\/2024\/07\/Tommaso_Pavan_in_versione_giocatore.jpg\" data-dt-img-description=\"\" data-large_image_width=\"1325\" data-large_image_height=\"1030\"><img loading=\"lazy\" decoding=\"async\" class=\" wp-image-399714 alignleft\" src=\"https:\/\/www.radiopiu.net\/wordpress\/wp-content\/uploads\/2024\/07\/Tommaso_Pavan_in_versione_giocatore-300x233.jpg\" alt=\"\" width=\"173\" height=\"134\" srcset=\"https:\/\/www.radiopiu.net\/wordpress\/wp-content\/uploads\/2024\/07\/Tommaso_Pavan_in_versione_giocatore-300x233.jpg 300w, https:\/\/www.radiopiu.net\/wordpress\/wp-content\/uploads\/2024\/07\/Tommaso_Pavan_in_versione_giocatore-1024x796.jpg 1024w, https:\/\/www.radiopiu.net\/wordpress\/wp-content\/uploads\/2024\/07\/Tommaso_Pavan_in_versione_giocatore-768x597.jpg 768w, https:\/\/www.radiopiu.net\/wordpress\/wp-content\/uploads\/2024\/07\/Tommaso_Pavan_in_versione_giocatore.jpg 1325w\" sizes=\"auto, (max-width: 173px) 100vw, 173px\" \/><\/a>Tommaso Pavan, ex palleggiatore del Belluno Volley, diventa il nuovo aiuto preparatore atletico della squadra, lavorando a stretto contatto con Alessio Carraro. Pavan seguir\u00e0 la preparazione atletica degli atleti, sia durante la settimana sia nei riscaldamenti pre-partita. Con un background in Scienze motorie e varie esperienze professionali in Italia e nel Regno Unito, Pavan vede questa opportunit\u00e0 come un importante passo nella sua carriera. Egli esprime entusiasmo per l&#8217;opportunit\u00e0 di lavorare con figure di alto livello e si impegna a dare il massimo per contribuire al successo della squadra. Nonostante il cambio di ruolo, il suo amore per il volley e la palestra rimane forte, considerandola una grande occasione di crescita personale e professionale.<\/p>\n<p>&nbsp;<\/p>\n<p><span style=\"color: #0000ff;\"><strong>CORSA<\/strong><\/span><\/p>\n<blockquote>\n<h3>CELARDA TRA STORIA E NATURA, FOTO E CLASSIFICHE<\/h3>\n<\/blockquote>\n<p><strong>FELTRE<\/strong> Si \u00e8 svolta a Feltre la\u00a0 corsa\/pedonata tra Storia e Natura. I vincitori: Nicol\u00f2 Maccagnan, Angela De Marco, Alessia Menel, Michele Stefani. Di seguito nella fotogallery classifiche e fotografie<\/p>\n<p>&nbsp;<\/p>\n\n\t\t\t<style type='text\/css'>\n\t\t\t\t#gallery-5 {\n\t\t\t\t\tmargin: auto;\n\t\t\t\t}\n\t\t\t\t#gallery-5 .gallery-item {\n\t\t\t\t\tfloat: left;\n\t\t\t\t\tmargin-top: 10px;\n\t\t\t\t\ttext-align: center;\n\t\t\t\t\twidth: 25%;\n\t\t\t\t}\n\t\t\t\t#gallery-5 img {\n\t\t\t\t\tborder: 2px solid #cfcfcf;\n\t\t\t\t}\n\t\t\t\t#gallery-5 .gallery-caption {\n\t\t\t\t\tmargin-left: 0;\n\t\t\t\t}\n\t\t\t\t\/* see gallery_shortcode() in wp-includes\/media.php *\/\n\t\t\t<\/style>\n\t\t<div id='gallery-5' class='dt-gallery-container gallery galleryid-399659 gallery-columns-4 gallery-size-thumbnail'><dl class='gallery-item'>\n\t\t\t\t<dt class='gallery-icon portrait'>\n\t\t\t\t\t<a class=\"rollover rollover-zoom dt-pswp-item\" title=\"Screenshot_20240714_165844_Samsung Notes\" data-dt-img-description=\"\" data-large_image_width=\"1080\" data-large_image_height=\"2340\"href='https:\/\/www.radiopiu.net\/wordpress\/wp-content\/uploads\/2024\/07\/Screenshot_20240714_165844_Samsung-Notes.jpg'><img loading=\"lazy\" decoding=\"async\" width=\"150\" height=\"150\" src=\"https:\/\/www.radiopiu.net\/wordpress\/wp-content\/uploads\/2024\/07\/Screenshot_20240714_165844_Samsung-Notes-150x150.jpg\" class=\"attachment-thumbnail size-thumbnail\" alt=\"\" \/><\/a>\n\t\t\t\t<\/dt><\/dl><dl class='gallery-item'>\n\t\t\t\t<dt class='gallery-icon landscape'>\n\t\t\t\t\t<a class=\"rollover rollover-zoom dt-pswp-item\" title=\"20240715_145126\" data-dt-img-description=\"\" data-large_image_width=\"1080\" data-large_image_height=\"615\"href='https:\/\/www.radiopiu.net\/wordpress\/wp-content\/uploads\/2024\/07\/20240715_145126.jpg'><img loading=\"lazy\" decoding=\"async\" width=\"150\" height=\"150\" src=\"https:\/\/www.radiopiu.net\/wordpress\/wp-content\/uploads\/2024\/07\/20240715_145126-150x150.jpg\" class=\"attachment-thumbnail size-thumbnail\" alt=\"\" \/><\/a>\n\t\t\t\t<\/dt><\/dl><dl class='gallery-item'>\n\t\t\t\t<dt class='gallery-icon portrait'>\n\t\t\t\t\t<a class=\"rollover rollover-zoom dt-pswp-item\" title=\"Screenshot_20240714_163132_Samsung Notes\" data-dt-img-description=\"\" data-large_image_width=\"1080\" data-large_image_height=\"2340\"href='https:\/\/www.radiopiu.net\/wordpress\/wp-content\/uploads\/2024\/07\/Screenshot_20240714_163132_Samsung-Notes.jpg'><img loading=\"lazy\" decoding=\"async\" width=\"150\" height=\"150\" src=\"https:\/\/www.radiopiu.net\/wordpress\/wp-content\/uploads\/2024\/07\/Screenshot_20240714_163132_Samsung-Notes-150x150.jpg\" class=\"attachment-thumbnail size-thumbnail\" alt=\"\" \/><\/a>\n\t\t\t\t<\/dt><\/dl><dl class='gallery-item'>\n\t\t\t\t<dt class='gallery-icon landscape'>\n\t\t\t\t\t<a class=\"rollover rollover-zoom dt-pswp-item\" title=\"IMG-20240715-WA0007\" data-dt-img-description=\"\" data-large_image_width=\"1600\" data-large_image_height=\"1200\"href='https:\/\/www.radiopiu.net\/wordpress\/wp-content\/uploads\/2024\/07\/IMG-20240715-WA0007.jpg'><img loading=\"lazy\" decoding=\"async\" width=\"150\" height=\"150\" src=\"https:\/\/www.radiopiu.net\/wordpress\/wp-content\/uploads\/2024\/07\/IMG-20240715-WA0007-150x150.jpg\" class=\"attachment-thumbnail size-thumbnail\" alt=\"\" \/><\/a>\n\t\t\t\t<\/dt><\/dl><br style=\"clear: both\" \/><dl class='gallery-item'>\n\t\t\t\t<dt class='gallery-icon portrait'>\n\t\t\t\t\t<a class=\"rollover rollover-zoom dt-pswp-item\" title=\"Screenshot_20240714_151606_Samsung Notes\" data-dt-img-description=\"\" data-large_image_width=\"1080\" data-large_image_height=\"2340\"href='https:\/\/www.radiopiu.net\/wordpress\/wp-content\/uploads\/2024\/07\/Screenshot_20240714_151606_Samsung-Notes.jpg'><img loading=\"lazy\" decoding=\"async\" width=\"150\" height=\"150\" src=\"https:\/\/www.radiopiu.net\/wordpress\/wp-content\/uploads\/2024\/07\/Screenshot_20240714_151606_Samsung-Notes-150x150.jpg\" class=\"attachment-thumbnail size-thumbnail\" alt=\"\" \/><\/a>\n\t\t\t\t<\/dt><\/dl><dl class='gallery-item'>\n\t\t\t\t<dt class='gallery-icon portrait'>\n\t\t\t\t\t<a class=\"rollover rollover-zoom dt-pswp-item\" title=\"Screenshot_20240714_170026_Gallery\" data-dt-img-description=\"\" data-large_image_width=\"1080\" data-large_image_height=\"2340\"href='https:\/\/www.radiopiu.net\/wordpress\/wp-content\/uploads\/2024\/07\/Screenshot_20240714_170026_Gallery.jpg'><img loading=\"lazy\" decoding=\"async\" width=\"150\" height=\"150\" src=\"https:\/\/www.radiopiu.net\/wordpress\/wp-content\/uploads\/2024\/07\/Screenshot_20240714_170026_Gallery-150x150.jpg\" class=\"attachment-thumbnail size-thumbnail\" alt=\"\" \/><\/a>\n\t\t\t\t<\/dt><\/dl><dl class='gallery-item'>\n\t\t\t\t<dt class='gallery-icon portrait'>\n\t\t\t\t\t<a class=\"rollover rollover-zoom dt-pswp-item\" title=\"Screenshot_20240714_151628_Samsung Notes\" data-dt-img-description=\"\" data-large_image_width=\"1080\" data-large_image_height=\"2340\"href='https:\/\/www.radiopiu.net\/wordpress\/wp-content\/uploads\/2024\/07\/Screenshot_20240714_151628_Samsung-Notes.jpg'><img loading=\"lazy\" decoding=\"async\" width=\"150\" height=\"150\" src=\"https:\/\/www.radiopiu.net\/wordpress\/wp-content\/uploads\/2024\/07\/Screenshot_20240714_151628_Samsung-Notes-150x150.jpg\" class=\"attachment-thumbnail size-thumbnail\" alt=\"\" \/><\/a>\n\t\t\t\t<\/dt><\/dl><dl class='gallery-item'>\n\t\t\t\t<dt class='gallery-icon landscape'>\n\t\t\t\t\t<a class=\"rollover rollover-zoom dt-pswp-item\" title=\"IMG-20240715-WA0012\" data-dt-img-description=\"\" data-large_image_width=\"1600\" data-large_image_height=\"1200\"href='https:\/\/www.radiopiu.net\/wordpress\/wp-content\/uploads\/2024\/07\/IMG-20240715-WA0012.jpg'><img loading=\"lazy\" decoding=\"async\" width=\"150\" height=\"150\" src=\"https:\/\/www.radiopiu.net\/wordpress\/wp-content\/uploads\/2024\/07\/IMG-20240715-WA0012-150x150.jpg\" class=\"attachment-thumbnail size-thumbnail\" alt=\"\" \/><\/a>\n\t\t\t\t<\/dt><\/dl><br style=\"clear: both\" \/>\n\t\t\t<\/div>\n\n<p>&nbsp;<\/p>\n","protected":false},"excerpt":{"rendered":"<p>******* &nbsp; Radio Pi\u00f9 Saluta il Nuovo Prefetto di Belluno &nbsp; BELLUNO Radio Pi\u00f9 saluta e augura buon lavoro al nuovo prefetto di Belluno, Antonello Roccoberton, ufficialmente insediatosi ieri a Palazzo dei Rettori. Durante la cerimonia di insediamento, Roccoberton ha espresso il suo impegno a collaborare strettamente con le istituzioni locali per affrontare le sfide&hellip;<\/p>\n","protected":false},"author":4,"featured_media":399763,"comment_status":"closed","ping_status":"closed","sticky":false,"template":"","format":"standard","meta":{"_monsterinsights_skip_tracking":false,"_monsterinsights_sitenote_active":false,"_monsterinsights_sitenote_note":"","_monsterinsights_sitenote_category":0,"footnotes":""},"categories":[51,86,49],"tags":[],"class_list":["post-399659","post","type-post","status-publish","format-standard","has-post-thumbnail","hentry","category-evidenza-top","category-gr","category-news-18","category-51","category-86","category-49","description-off"],"img_url":"https:\/\/www.radiopiu.net\/wordpress\/wp-content\/uploads\/2024\/07\/Senza-nome-60.png","_links":{"self":[{"href":"https:\/\/www.radiopiu.net\/wordpress\/wp-json\/wp\/v2\/posts\/399659","targetHints":{"allow":["GET"]}}],"collection":[{"href":"https:\/\/www.radiopiu.net\/wordpress\/wp-json\/wp\/v2\/posts"}],"about":[{"href":"https:\/\/www.radiopiu.net\/wordpress\/wp-json\/wp\/v2\/types\/post"}],"author":[{"embeddable":true,"href":"https:\/\/www.radiopiu.net\/wordpress\/wp-json\/wp\/v2\/users\/4"}],"replies":[{"embeddable":true,"href":"https:\/\/www.radiopiu.net\/wordpress\/wp-json\/wp\/v2\/comments?post=399659"}],"version-history":[{"count":0,"href":"https:\/\/www.radiopiu.net\/wordpress\/wp-json\/wp\/v2\/posts\/399659\/revisions"}],"wp:featuredmedia":[{"embeddable":true,"href":"https:\/\/www.radiopiu.net\/wordpress\/wp-json\/wp\/v2\/media\/399763"}],"wp:attachment":[{"href":"https:\/\/www.radiopiu.net\/wordpress\/wp-json\/wp\/v2\/media?parent=399659"}],"wp:term":[{"taxonomy":"category","embeddable":true,"href":"https:\/\/www.radiopiu.net\/wordpress\/wp-json\/wp\/v2\/categories?post=399659"},{"taxonomy":"post_tag","embeddable":true,"href":"https:\/\/www.radiopiu.net\/wordpress\/wp-json\/wp\/v2\/tags?post=399659"}],"curies":[{"name":"wp","href":"https:\/\/api.w.org\/{rel}","templated":true}]}}