{"id":399713,"date":"2024-07-16T05:32:24","date_gmt":"2024-07-16T03:32:24","guid":{"rendered":"https:\/\/www.radiopiu.net\/wordpress\/?p=399713"},"modified":"2024-07-16T05:42:48","modified_gmt":"2024-07-16T03:42:48","slug":"recuperati-nella-notte-due-escursionisti-inglesi","status":"publish","type":"post","link":"https:\/\/www.radiopiu.net\/wordpress\/recuperati-nella-notte-due-escursionisti-inglesi\/","title":{"rendered":"RECUPERATI NELLA NOTTE DUE ESCURSIONISTI INGLESI"},"content":{"rendered":"<p>*******<\/p>\n<p>&nbsp;<\/p>\n<p><strong><a class=\"dt-pswp-item\" href=\"https:\/\/www.radiopiu.net\/wordpress\/wp-content\/uploads\/2018\/08\/soccorsoalpino.jpg\" data-dt-img-description=\"\" data-large_image_width=\"1200\" data-large_image_height=\"1200\"><img loading=\"lazy\" decoding=\"async\" class=\" wp-image-59164 alignleft\" src=\"https:\/\/www.radiopiu.net\/wordpress\/wp-content\/uploads\/2018\/08\/soccorsoalpino-300x300.jpg\" alt=\"\" width=\"165\" height=\"165\" srcset=\"https:\/\/www.radiopiu.net\/wordpress\/wp-content\/uploads\/2018\/08\/soccorsoalpino-300x300.jpg 300w, https:\/\/www.radiopiu.net\/wordpress\/wp-content\/uploads\/2018\/08\/soccorsoalpino-150x150.jpg 150w, https:\/\/www.radiopiu.net\/wordpress\/wp-content\/uploads\/2018\/08\/soccorsoalpino-768x768.jpg 768w, https:\/\/www.radiopiu.net\/wordpress\/wp-content\/uploads\/2018\/08\/soccorsoalpino-1024x1024.jpg 1024w, https:\/\/www.radiopiu.net\/wordpress\/wp-content\/uploads\/2018\/08\/soccorsoalpino.jpg 1200w\" sizes=\"auto, (max-width: 165px) 100vw, 165px\" \/><\/a>VAL DI ZOLDO <\/strong>Ieri verso le 19 attraverso il numero unico di emergenza di Bolzano, alla Centrale di Pieve di Cadore \u00e8 pervenuta la segnalazione di due persone in difficolt\u00e0 in un punto non specificato del Civetta. Senza indicazioni, l&#8217;elicottero del Suem di Pieve di Cadore \u00e8 quindi decollato per verificare gli itinerari pi\u00f9 frequentati, puntando sulla normale e passando poi alla Ferrata degli Alleghesi, senza riscontro Al numero indicato non rispondeva nessuno, n\u00e9 alle chiamate, n\u00e9 ai messaggi di alcun tipo. Falco \u00e8 quindi sceso per imbarcare un tecnico del Soccorso alpino della Val di Zoldo, per tornare in quota e guardare nei punti dove pi\u00f9 spesso si riscontrano problemi. In quel frangente il capo del Soccorso alpino della Val di Zoldo ha avvertito l&#8217;equipaggio di aver visto con il binocolo due persone all&#8217;altezza della Punta Tissi, 200 metri sotto la cima, che stavano camminando verso la Ferrata. Lasciato il personale medico a terra e imbarcato il soccorritore, Falco \u00e8 risalito, ma la cima del Civetta si era coperta di nubi. Dopo aver atteso un varco, ormai prossime le effemeridi, l&#8217;elicottero ha fatto un ultimo tentativo dalla cima, percorrendo a volo radente la Ferrata senza vedere nessuno, ed \u00e8 dovuto rientrare.<\/p>\n<p><strong>ALLEGHE <\/strong>Alle 2 la Centrale \u00e8 stata contattata direttamente dalle due persone che avevano mandato il messaggio, padre e figlio inglesi di 70 e 22 anni. Dalle informazioni raccolte in seguito, arrivati tardi in cima al Civetta, avevano lanciato l&#8217;allarme perch\u00e9 ormai era vicino il buio e temevano il rientro. Non prendendo il telefono, erano scesi lungo la Ferrata e si trovavano ormai quasi all&#8217;attacco, come appurato dai soccorritori dopo averne individuato le frontali. Pur vicini al sentiero, il padre per\u00f2 non era pi\u00f9 in grado di proseguire per la stanchezza e il freddo. I due escursionisti sono quindi stati recuperati dall&#8217;elicottero di Trento e trasportati a valle.<\/p>\n<p>&nbsp;<\/p>\n<p>&nbsp;<\/p>\n<p>********<\/p>\n","protected":false},"excerpt":{"rendered":"<p>******* &nbsp; VAL DI ZOLDO Ieri verso le 19 attraverso il numero unico di emergenza di Bolzano, alla Centrale di Pieve di Cadore \u00e8 pervenuta la segnalazione di due persone in difficolt\u00e0 in un punto non specificato del Civetta. Senza indicazioni, l&#8217;elicottero del Suem di Pieve di Cadore \u00e8 quindi decollato per verificare gli itinerari&hellip;<\/p>\n","protected":false},"author":4,"featured_media":247613,"comment_status":"closed","ping_status":"closed","sticky":false,"template":"","format":"standard","meta":{"_monsterinsights_skip_tracking":false,"_monsterinsights_sitenote_active":false,"_monsterinsights_sitenote_note":"","_monsterinsights_sitenote_category":0,"footnotes":""},"categories":[51,49],"tags":[],"class_list":["post-399713","post","type-post","status-publish","format-standard","has-post-thumbnail","hentry","category-evidenza-top","category-news-18","category-51","category-49","description-off"],"img_url":"https:\/\/www.radiopiu.net\/wordpress\/wp-content\/uploads\/2021\/12\/salt-suem.jpg","_links":{"self":[{"href":"https:\/\/www.radiopiu.net\/wordpress\/wp-json\/wp\/v2\/posts\/399713","targetHints":{"allow":["GET"]}}],"collection":[{"href":"https:\/\/www.radiopiu.net\/wordpress\/wp-json\/wp\/v2\/posts"}],"about":[{"href":"https:\/\/www.radiopiu.net\/wordpress\/wp-json\/wp\/v2\/types\/post"}],"author":[{"embeddable":true,"href":"https:\/\/www.radiopiu.net\/wordpress\/wp-json\/wp\/v2\/users\/4"}],"replies":[{"embeddable":true,"href":"https:\/\/www.radiopiu.net\/wordpress\/wp-json\/wp\/v2\/comments?post=399713"}],"version-history":[{"count":0,"href":"https:\/\/www.radiopiu.net\/wordpress\/wp-json\/wp\/v2\/posts\/399713\/revisions"}],"wp:featuredmedia":[{"embeddable":true,"href":"https:\/\/www.radiopiu.net\/wordpress\/wp-json\/wp\/v2\/media\/247613"}],"wp:attachment":[{"href":"https:\/\/www.radiopiu.net\/wordpress\/wp-json\/wp\/v2\/media?parent=399713"}],"wp:term":[{"taxonomy":"category","embeddable":true,"href":"https:\/\/www.radiopiu.net\/wordpress\/wp-json\/wp\/v2\/categories?post=399713"},{"taxonomy":"post_tag","embeddable":true,"href":"https:\/\/www.radiopiu.net\/wordpress\/wp-json\/wp\/v2\/tags?post=399713"}],"curies":[{"name":"wp","href":"https:\/\/api.w.org\/{rel}","templated":true}]}}