{"id":399742,"date":"2024-07-16T05:30:41","date_gmt":"2024-07-16T03:30:41","guid":{"rendered":"https:\/\/www.radiopiu.net\/wordpress\/?p=399742"},"modified":"2024-07-16T05:42:07","modified_gmt":"2024-07-16T03:42:07","slug":"calalzo-di-cadore-un-furto-di-auto-con-un-epilogo-insolito","status":"publish","type":"post","link":"https:\/\/www.radiopiu.net\/wordpress\/calalzo-di-cadore-un-furto-di-auto-con-un-epilogo-insolito\/","title":{"rendered":"CALALZO DI CADORE: Un Furto di Auto con un Epilogo Insolito"},"content":{"rendered":"<p>***<\/p>\n<p><strong><img loading=\"lazy\" decoding=\"async\" class=\"alignright\" src=\"https:\/\/www.radiopiu.net\/wordpress\/wp-content\/uploads\/2024\/07\/th-6.jpg\" width=\"171\" height=\"128\" \/><a class=\"dt-pswp-item\" href=\"https:\/\/www.radiopiu.net\/wordpress\/wp-content\/uploads\/2024\/07\/Senza-nome-59.png\" data-dt-img-description=\"\" data-large_image_width=\"351\" data-large_image_height=\"415\"><img loading=\"lazy\" decoding=\"async\" class=\"wp-image-399750 alignleft\" src=\"https:\/\/www.radiopiu.net\/wordpress\/wp-content\/uploads\/2024\/07\/Senza-nome-59-254x300.png\" alt=\"\" width=\"160\" height=\"189\" srcset=\"https:\/\/www.radiopiu.net\/wordpress\/wp-content\/uploads\/2024\/07\/Senza-nome-59-254x300.png 254w, https:\/\/www.radiopiu.net\/wordpress\/wp-content\/uploads\/2024\/07\/Senza-nome-59.png 351w\" sizes=\"auto, (max-width: 160px) 100vw, 160px\" \/><\/a>CALALZO\u00a0<\/strong> C&#8217;eravamo lasciati ieri sera con gli annunci sui social sulla chat <strong>VIABILITA&#8217; PROVINCIA DI BELLUNO,<\/strong> per la verit\u00e0 l&#8217;annuncio \u00e8 stato poi tolto perch\u00e9 i dati non erano corretti, ovvero il numero di targa, per una disattenzione non corrispondeva.<\/p>\n<p>&nbsp;<\/p>\n<div class=\"w-full text-token-text-primary\" dir=\"auto\" data-testid=\"conversation-turn-3\" data-scroll-anchor=\"true\">\n<div class=\"py-2 juice:py-[18px] px-3 text-base md:px-4 m-auto md:px-5 lg:px-1 xl:px-5\">\n<div class=\"mx-auto flex flex-1 gap-3 text-base juice:gap-4 juice:md:gap-5 juice:lg:gap-6 md:max-w-3xl\">\n<div class=\"flex-shrink-0 flex flex-col relative items-end\">\n<div class=\"pt-0.5 juice:pt-0\">\n<div class=\"gizmo-bot-avatar flex h-6 w-6 items-center justify-center overflow-hidden rounded-full juice:h-8 juice:w-8\">\n<div class=\"relative p-1 rounded-sm flex items-center justify-center bg-token-main-surface-primary text-token-text-primary h-8 w-8\">\n<div class=\"flex-shrink-0 flex flex-col relative items-end\">\n<div>\n<div class=\"pt-0.5 juice:pt-0\">\n<div class=\"gizmo-bot-avatar flex h-6 w-6 items-center justify-center overflow-hidden rounded-full juice:h-8 juice:w-8\">\n<div class=\"relative p-1 rounded-sm flex items-center justify-center bg-token-main-surface-primary text-token-text-primary h-8 w-8\">Oggi il chiarimento:\u00a0 a Calalzo di Cadore, un furto d&#8217;auto si \u00e8 concluso in modo bizzarro. Alle 19.40, un cinquantaseienne ha lasciato incustodita la sua Fiat Panda azzurra per acquistare sigarette. Tornato, non ha trovato l&#8217;auto. Dopo aver denunciato il furto sui social e ai Carabinieri. Stamane l&#8217;auto \u00e8 stata ritrovata nello stesso parcheggio, danneggiata<\/div>\n<\/div>\n<\/div>\n<\/div>\n<\/div>\n<\/div>\n<\/div>\n<\/div>\n<\/div>\n<\/div>\n<\/div>\n<\/div>\n<div><\/div>\n<div><\/div>\n<div><\/div>\n<div>___<\/div>\n","protected":false},"excerpt":{"rendered":"<p>*** CALALZO\u00a0 C&#8217;eravamo lasciati ieri sera con gli annunci sui social sulla chat VIABILITA&#8217; PROVINCIA DI BELLUNO, per la verit\u00e0 l&#8217;annuncio \u00e8 stato poi tolto perch\u00e9 i dati non erano corretti, ovvero il numero di targa, per una disattenzione non corrispondeva. &nbsp; Oggi il chiarimento:\u00a0 a Calalzo di Cadore, un furto d&#8217;auto si \u00e8 concluso&hellip;<\/p>\n","protected":false},"author":4,"featured_media":399743,"comment_status":"closed","ping_status":"closed","sticky":false,"template":"","format":"standard","meta":{"_monsterinsights_skip_tracking":false,"_monsterinsights_sitenote_active":false,"_monsterinsights_sitenote_note":"","_monsterinsights_sitenote_category":0,"footnotes":""},"categories":[51,49],"tags":[],"class_list":["post-399742","post","type-post","status-publish","format-standard","has-post-thumbnail","hentry","category-evidenza-top","category-news-18","category-51","category-49","description-off"],"img_url":"https:\/\/www.radiopiu.net\/wordpress\/wp-content\/uploads\/2024\/07\/th-6.jpg","_links":{"self":[{"href":"https:\/\/www.radiopiu.net\/wordpress\/wp-json\/wp\/v2\/posts\/399742","targetHints":{"allow":["GET"]}}],"collection":[{"href":"https:\/\/www.radiopiu.net\/wordpress\/wp-json\/wp\/v2\/posts"}],"about":[{"href":"https:\/\/www.radiopiu.net\/wordpress\/wp-json\/wp\/v2\/types\/post"}],"author":[{"embeddable":true,"href":"https:\/\/www.radiopiu.net\/wordpress\/wp-json\/wp\/v2\/users\/4"}],"replies":[{"embeddable":true,"href":"https:\/\/www.radiopiu.net\/wordpress\/wp-json\/wp\/v2\/comments?post=399742"}],"version-history":[{"count":0,"href":"https:\/\/www.radiopiu.net\/wordpress\/wp-json\/wp\/v2\/posts\/399742\/revisions"}],"wp:featuredmedia":[{"embeddable":true,"href":"https:\/\/www.radiopiu.net\/wordpress\/wp-json\/wp\/v2\/media\/399743"}],"wp:attachment":[{"href":"https:\/\/www.radiopiu.net\/wordpress\/wp-json\/wp\/v2\/media?parent=399742"}],"wp:term":[{"taxonomy":"category","embeddable":true,"href":"https:\/\/www.radiopiu.net\/wordpress\/wp-json\/wp\/v2\/categories?post=399742"},{"taxonomy":"post_tag","embeddable":true,"href":"https:\/\/www.radiopiu.net\/wordpress\/wp-json\/wp\/v2\/tags?post=399742"}],"curies":[{"name":"wp","href":"https:\/\/api.w.org\/{rel}","templated":true}]}}