{"id":399769,"date":"2024-07-16T05:20:43","date_gmt":"2024-07-16T03:20:43","guid":{"rendered":"https:\/\/www.radiopiu.net\/wordpress\/?p=399769"},"modified":"2024-07-16T05:50:39","modified_gmt":"2024-07-16T03:50:39","slug":"acquedotto-della-corpassa-unopera-necessaria-ma-problematiche-persistenti","status":"publish","type":"post","link":"https:\/\/www.radiopiu.net\/wordpress\/acquedotto-della-corpassa-unopera-necessaria-ma-problematiche-persistenti\/","title":{"rendered":"Acquedotto della Corpassa: Un\u2019Opera Necessaria ma Problematiche Persistenti"},"content":{"rendered":"<p>**<\/p>\n<p><strong>REDAZIONE<\/strong> Nei giorni in cui Agordo &#8220;soffre&#8221; l&#8217;emergenza idrica (oggi il centro \u00e8 senz&#8217;acqua per lavori, le zone alte hanno ancora l&#8217;acqua inquinata e il servizio di autobotte), riceviamo e volentieri pubblichiamo una pagina di storia di chi il territorio lo conosce. Agordo \u00e8 servita dall&#8217;acquedotto della Val Corpassa, oltre l&#8217;abitato di Listolade di Taibon Agordino<\/p>\n<p><strong><img loading=\"lazy\" decoding=\"async\" class=\"alignleft\" src=\"https:\/\/www.radiopiu.net\/wordpress\/wp-content\/uploads\/2021\/12\/Val-corpassa.jpg\" width=\"218\" height=\"164\" \/>DI PAOLO CHISSALE&#8217;<\/strong><\/p>\n<p>L&#8217;opera \u00e8 stata realizzata negli anni Settanta per integrare gli acquedotti di Framont e Pe\u00e0lber insufficienti a dissetare Agordo dopo l&#8217;abbuffata edilizia di quegli anni. Subito per\u00f2 sono emerse le criticit\u00e0 di approvvigionamento estivo risolto con prese estemporanee e superficiali e sal\u00e8re &#8220;volanti&#8221; a bordo strada con uno spettacolo decisamente indecoroso. Se non ricordo male la battaglia sull\u2019 acquedotto della Corpassa \u00e8 stata determinante a far vincere le amministrative ad Armando\u00a0 &#8220;Tama&#8221; Da Roit.<br \/>\nIn seguito non molto \u00e8 cambiato: sono state tolte le sal\u00e8re ma ad ogni temporale spuntava il colibatterio e la non potabilit\u00e0.<br \/>\nNel corso dell&#8217;amministrazione Valcozzena 1995\/1999 si \u00e8 cercata una soluzione definitiva attraverso dei sondaggi che hanno individuato ad oltre 40 metri di profondit\u00e0 una falda acquifera che garantiva ottima qualit\u00e0 e portata. Bastava collegare il pozzo con la rete&#8230; Poi \u00e8 subentrata GSP e l&#8217;indebitamento monstre che ha bloccato per anni gli investimenti. Adesso che i conti sono tornati nell&#8217;alveo della sostenibilit\u00e0 sarebbe opportuno e doveroso che tutti i soggetti coinvolti si impegnassero per effettuare l&#8217;approvvigionamento dalla falda per garantire ai cittadini di bere acqua buona senza cloro. Ce la faremo?<\/p>\n<p>___<\/p>\n","protected":false},"excerpt":{"rendered":"<p>** REDAZIONE Nei giorni in cui Agordo &#8220;soffre&#8221; l&#8217;emergenza idrica (oggi il centro \u00e8 senz&#8217;acqua per lavori, le zone alte hanno ancora l&#8217;acqua inquinata e il servizio di autobotte), riceviamo e volentieri pubblichiamo una pagina di storia di chi il territorio lo conosce. Agordo \u00e8 servita dall&#8217;acquedotto della Val Corpassa, oltre l&#8217;abitato di Listolade di&hellip;<\/p>\n","protected":false},"author":4,"featured_media":247207,"comment_status":"closed","ping_status":"closed","sticky":false,"template":"","format":"standard","meta":{"_monsterinsights_skip_tracking":false,"_monsterinsights_sitenote_active":false,"_monsterinsights_sitenote_note":"","_monsterinsights_sitenote_category":0,"footnotes":""},"categories":[104,49],"tags":[],"class_list":["post-399769","post","type-post","status-publish","format-standard","has-post-thumbnail","hentry","category-evidenza_3","category-news-18","category-104","category-49","description-off"],"img_url":"https:\/\/www.radiopiu.net\/wordpress\/wp-content\/uploads\/2021\/12\/Val-corpassa.jpg","_links":{"self":[{"href":"https:\/\/www.radiopiu.net\/wordpress\/wp-json\/wp\/v2\/posts\/399769","targetHints":{"allow":["GET"]}}],"collection":[{"href":"https:\/\/www.radiopiu.net\/wordpress\/wp-json\/wp\/v2\/posts"}],"about":[{"href":"https:\/\/www.radiopiu.net\/wordpress\/wp-json\/wp\/v2\/types\/post"}],"author":[{"embeddable":true,"href":"https:\/\/www.radiopiu.net\/wordpress\/wp-json\/wp\/v2\/users\/4"}],"replies":[{"embeddable":true,"href":"https:\/\/www.radiopiu.net\/wordpress\/wp-json\/wp\/v2\/comments?post=399769"}],"version-history":[{"count":0,"href":"https:\/\/www.radiopiu.net\/wordpress\/wp-json\/wp\/v2\/posts\/399769\/revisions"}],"wp:featuredmedia":[{"embeddable":true,"href":"https:\/\/www.radiopiu.net\/wordpress\/wp-json\/wp\/v2\/media\/247207"}],"wp:attachment":[{"href":"https:\/\/www.radiopiu.net\/wordpress\/wp-json\/wp\/v2\/media?parent=399769"}],"wp:term":[{"taxonomy":"category","embeddable":true,"href":"https:\/\/www.radiopiu.net\/wordpress\/wp-json\/wp\/v2\/categories?post=399769"},{"taxonomy":"post_tag","embeddable":true,"href":"https:\/\/www.radiopiu.net\/wordpress\/wp-json\/wp\/v2\/tags?post=399769"}],"curies":[{"name":"wp","href":"https:\/\/api.w.org\/{rel}","templated":true}]}}