{"id":399801,"date":"2024-07-15T16:43:13","date_gmt":"2024-07-15T14:43:13","guid":{"rendered":"https:\/\/www.radiopiu.net\/wordpress\/?p=399801"},"modified":"2024-07-16T05:51:27","modified_gmt":"2024-07-16T03:51:27","slug":"il-nuovo-prefetto-antonello-roccoberton-si-e-insediato-a-palazzo-dei-rettori","status":"publish","type":"post","link":"https:\/\/www.radiopiu.net\/wordpress\/il-nuovo-prefetto-antonello-roccoberton-si-e-insediato-a-palazzo-dei-rettori\/","title":{"rendered":"IL NUOVO PREFETTO ANTONELLO ROCCOBERTON SI E&#8217; INSEDIATO A PALAZZO DEI RETTORI"},"content":{"rendered":"<blockquote>\n<h3>**<\/h3>\n<blockquote>\n<h2>Radio Pi\u00f9 Saluta il Nuovo Prefetto di Belluno<\/h2>\n<\/blockquote>\n<blockquote>\n<h3><a class=\"dt-pswp-item\" href=\"https:\/\/www.radiopiu.net\/wordpress\/wp-content\/uploads\/2024\/07\/Senza-nome-60.png\" data-dt-img-description=\"\" data-large_image_width=\"228\" data-large_image_height=\"165\"><img loading=\"lazy\" decoding=\"async\" class=\"size-full wp-image-399763 alignleft\" src=\"https:\/\/www.radiopiu.net\/wordpress\/wp-content\/uploads\/2024\/07\/Senza-nome-60.png\" alt=\"\" width=\"228\" height=\"165\" \/><\/a><\/h3>\n<\/blockquote>\n<p>&nbsp;<\/p>\n<p><strong>BELLUNO<\/strong><\/p>\n<div class=\"flex flex-grow flex-col max-w-full\">\n<div class=\"min-h-[20px] text-message flex flex-col items-start whitespace-pre-wrap break-words [.text-message+&amp;]:mt-5 juice:w-full juice:items-end overflow-x-auto gap-2\" dir=\"auto\" data-message-author-role=\"assistant\" data-message-id=\"2a965386-ab4f-430c-909c-919646dd125d\">\n<div class=\"flex w-full flex-col gap-1 juice:empty:hidden juice:first:pt-[3px]\">\n<div class=\"markdown prose w-full break-words dark:prose-invert dark\">\n<p>Radio Pi\u00f9 saluta e augura buon lavoro al nuovo prefetto di Belluno, Antonello Roccoberton, ufficialmente insediatosi ieri a Palazzo dei Rettori. Durante la cerimonia di insediamento, Roccoberton ha espresso il suo impegno a collaborare strettamente con le istituzioni locali per affrontare le sfide del territorio.<\/p>\n<p>Radio Pi\u00f9, da sempre attenta alle dinamiche della comunit\u00e0, rinnova il suo supporto al nuovo prefetto, augurandogli successo nel suo nuovo incarico e nella gestione delle attivit\u00e0 volte a migliorare la qualit\u00e0 della vita dei cittadini di Belluno. (MM)<\/p>\n<\/div>\n<\/div>\n<\/div>\n<\/div>\n<\/blockquote>\n<h3><\/h3>\n<p><img decoding=\"async\" class=\"alignleft\" src=\"https:\/\/www.radiopiu.net\/wordpress\/wp-content\/uploads\/2024\/07\/tsh.jpg\" \/><strong>IERI\u00a0<\/strong> il Prefetto ha\u00a0 ricevuto i vertici provinciali delle Forze di Polizia e il PresIdente della Provincia Roberto Padrin. Diversi gli appuntamenti istituzionali gi\u00e0 programmati per\u00a0 i prossimi giorni quando far\u00e0 visita al Sindaco del Comune di Belluno, al Presidente Reggente del Tribunale e al Procuratore Reggente ed\u00a0 incontrer\u00e0 il Vescovo,\u00a0 il\u00a0 Comandante del 7\u00b0 Reggimento Alpini, il Comandante Provinciale dei Vigili del Fuoco,\u00a0 la Dirigente della Casa Circondariale e la Dirigente della Sezione Polizia Stradale. Gioved\u00ec, alle ore 10.30, il Prefetto render\u00e0 omaggio ai caduti deponendo due corone d\u2019alloro presso il monumento ai Caduti della resistenza in Piazza dei Martiri e, a seguire, presso la Stele commemorativa dei Caduti delle due Guerre mondiali in Viale Fantuzzi. Successivamente, si recher\u00e0 a Longarone dove alle ore 11.30 render\u00e0 omaggio alle vittime del Vajont deponendo una corona presso il Cimitero Monumentale di Fortogna.<\/p>\n<p>&nbsp;<\/p>\n<p>&nbsp;<\/p>\n<p>&nbsp;<\/p>\n<hr \/>\n<p>&nbsp;<\/p>\n<p>&nbsp;<\/p>\n<p>&nbsp;<\/p>\n<hr \/>\n<p>&nbsp;<\/p>\n","protected":false},"excerpt":{"rendered":"<p>** Radio Pi\u00f9 Saluta il Nuovo Prefetto di Belluno &nbsp; BELLUNO Radio Pi\u00f9 saluta e augura buon lavoro al nuovo prefetto di Belluno, Antonello Roccoberton, ufficialmente insediatosi ieri a Palazzo dei Rettori. Durante la cerimonia di insediamento, Roccoberton ha espresso il suo impegno a collaborare strettamente con le istituzioni locali per affrontare le sfide del&hellip;<\/p>\n","protected":false},"author":4,"featured_media":397743,"comment_status":"closed","ping_status":"closed","sticky":false,"template":"","format":"standard","meta":{"_monsterinsights_skip_tracking":false,"_monsterinsights_sitenote_active":false,"_monsterinsights_sitenote_note":"","_monsterinsights_sitenote_category":0,"footnotes":""},"categories":[51,49],"tags":[],"class_list":["post-399801","post","type-post","status-publish","format-standard","has-post-thumbnail","hentry","category-evidenza-top","category-news-18","category-51","category-49","description-off"],"img_url":"https:\/\/www.radiopiu.net\/wordpress\/wp-content\/uploads\/2024\/07\/tsh.jpg","_links":{"self":[{"href":"https:\/\/www.radiopiu.net\/wordpress\/wp-json\/wp\/v2\/posts\/399801","targetHints":{"allow":["GET"]}}],"collection":[{"href":"https:\/\/www.radiopiu.net\/wordpress\/wp-json\/wp\/v2\/posts"}],"about":[{"href":"https:\/\/www.radiopiu.net\/wordpress\/wp-json\/wp\/v2\/types\/post"}],"author":[{"embeddable":true,"href":"https:\/\/www.radiopiu.net\/wordpress\/wp-json\/wp\/v2\/users\/4"}],"replies":[{"embeddable":true,"href":"https:\/\/www.radiopiu.net\/wordpress\/wp-json\/wp\/v2\/comments?post=399801"}],"version-history":[{"count":0,"href":"https:\/\/www.radiopiu.net\/wordpress\/wp-json\/wp\/v2\/posts\/399801\/revisions"}],"wp:featuredmedia":[{"embeddable":true,"href":"https:\/\/www.radiopiu.net\/wordpress\/wp-json\/wp\/v2\/media\/397743"}],"wp:attachment":[{"href":"https:\/\/www.radiopiu.net\/wordpress\/wp-json\/wp\/v2\/media?parent=399801"}],"wp:term":[{"taxonomy":"category","embeddable":true,"href":"https:\/\/www.radiopiu.net\/wordpress\/wp-json\/wp\/v2\/categories?post=399801"},{"taxonomy":"post_tag","embeddable":true,"href":"https:\/\/www.radiopiu.net\/wordpress\/wp-json\/wp\/v2\/tags?post=399801"}],"curies":[{"name":"wp","href":"https:\/\/api.w.org\/{rel}","templated":true}]}}