{"id":399883,"date":"2024-07-16T07:55:14","date_gmt":"2024-07-16T05:55:14","guid":{"rendered":"https:\/\/www.radiopiu.net\/wordpress\/?p=399883"},"modified":"2024-07-16T06:26:08","modified_gmt":"2024-07-16T04:26:08","slug":"la-radio-contro-la-monotonia-televisiva-alle-7-la-rassegna-stampa-flash-per-chi-ha-fretta-alle-8-la-storica-rassegna-stampa-locale-di-radiopiu-non-solo-giornali","status":"publish","type":"post","link":"https:\/\/www.radiopiu.net\/wordpress\/la-radio-contro-la-monotonia-televisiva-alle-7-la-rassegna-stampa-flash-per-chi-ha-fretta-alle-8-la-storica-rassegna-stampa-locale-di-radiopiu-non-solo-giornali\/","title":{"rendered":"LA RADIO, contro la monotonia televisiva. ALLE 7 LA RASSEGNA STAMPA FLASH.. PER CHI HA FRETTA, ALLE 8 LA STORICA RASSEGNA STAMPA LOCALE DI RADIOPIU&#8230; NON SOLO GIORNALI"},"content":{"rendered":"<p>***<\/p>\n<p>&nbsp;<\/p>\n<p>&nbsp;<\/p>\n<p><img decoding=\"async\" src=\"https:\/\/www.radiopiu.net\/wordpress\/wp-content\/uploads\/2024\/07\/Senza-nome-64.png\" \/><\/p>\n<p><a class=\"dt-pswp-item\" href=\"https:\/\/www.radiopiu.net\/wordpress\/wp-content\/uploads\/2024\/07\/450944520_10219857651151408_188033322506098665_n.jpg\" data-dt-img-description=\"\" data-large_image_width=\"394\" data-large_image_height=\"600\"><img loading=\"lazy\" decoding=\"async\" class=\" wp-image-399865 alignleft\" src=\"https:\/\/www.radiopiu.net\/wordpress\/wp-content\/uploads\/2024\/07\/450944520_10219857651151408_188033322506098665_n-197x300.jpg\" alt=\"\" width=\"94\" height=\"144\" srcset=\"https:\/\/www.radiopiu.net\/wordpress\/wp-content\/uploads\/2024\/07\/450944520_10219857651151408_188033322506098665_n-197x300.jpg 197w, https:\/\/www.radiopiu.net\/wordpress\/wp-content\/uploads\/2024\/07\/450944520_10219857651151408_188033322506098665_n.jpg 394w\" sizes=\"auto, (max-width: 94px) 100vw, 94px\" \/><\/a>OGGI ALLA RADIO: ALLE 6.15 PIROLE DE LENGA, CON IL MUSLA ALLE 7.20 EL BAL DEL FIOR, DETTI E TRADIZIONI DI GIULIANA DA RONCH; ALLE 8.20 PIU\u2019 SIAMO ESTATE DI MARINA DONA\u2019 9.00 LA MUSICA COUNTRY DI ALEX NASCINBEN 9.30 VIABILITA\u2019 Botol_Car 10.10 musla, le nove in ladin in dintorn e foravia di Michela Dell\u2019Osbel 10.30 VOCI RIBELLI, DI ALESSIA DALL\u2019O 11.10 LA STORIA DEL FESTIVALBAR RACCONTATA DA MIRCO BENCIVENNI 12.00 VA TUTTO LISCIO 12.30 GIORNALE RADIO EDIZIONE PRINCIPALE 13.20 TRE PEZZI ESTIVI DI MARINA DONA\u2019 14.00 COLLAGE OPERAZIONE NOSTALGIA LORIS SCUSSEL 15.00 IL MARTEDI DI LUISA ALCHINI Speciale teatro a Rivamonte Agordino \u201cLe noze tribolade\u201d Con Gli Anfibi Spaiati Con la regista Debora Bellotto 16.00 IL ROCK DI MARCO COSTANTINI 16.45 LE HIT DI MIRCO BENCIVENNI 19 ANTICIPAZIONI DAL TG DI ANTENNA 3<\/p>\n<p><a class=\"dt-pswp-item\" href=\"https:\/\/www.radiopiu.net\/wordpress\/wp-content\/uploads\/2024\/07\/download.jpg\" data-dt-img-description=\"\" data-large_image_width=\"540\" data-large_image_height=\"720\"><img loading=\"lazy\" decoding=\"async\" class=\" wp-image-399872 alignleft\" src=\"https:\/\/www.radiopiu.net\/wordpress\/wp-content\/uploads\/2024\/07\/download-225x300.jpg\" alt=\"\" width=\"204\" height=\"272\" srcset=\"https:\/\/www.radiopiu.net\/wordpress\/wp-content\/uploads\/2024\/07\/download-225x300.jpg 225w, https:\/\/www.radiopiu.net\/wordpress\/wp-content\/uploads\/2024\/07\/download.jpg 540w\" sizes=\"auto, (max-width: 204px) 100vw, 204px\" \/><\/a>PALE DI SAN MARTINOUn\u2019escursionista americana \u00e8 morta cadendo in un crepaccio sul sentiero 716 delle Pale di San Martino, vicino al passo del Travignolo. Scivolata su un nevaio, \u00e8 precipitata per 25 metri. Il compagno ha allertato i soccorsi; il corpo \u00e8 stato recuperato dall\u2019elicottero.<br \/>\nVAL DI ZOLDO Domenica verso le 19, la Centrale di Pieve di Cadore ha ricevuto una segnalazione dal numero unico di emergenza di Bolzano riguardo due persone in difficolt\u00e0 sul Civetta. Senza indicazioni precise, l\u2019elicottero del Suem di Pieve di Cadore ha perlustrato gli itinerari pi\u00f9 frequentati, senza successo. Alle 2, padre e figlio inglesi di 70 e 22 anni hanno contattato direttamente la Centrale. Arrivati tardi in cima al Civetta, temevano il buio e la discesa. Non rispondendo al telefono, erano scesi lungo la Ferrata, ma il padre, stanco e infreddolito, non poteva proseguire. I due sono stati recuperati dall\u2019elicottero di Trento e trasportati a valle.<br \/>\nAGORDO la Centrale del 118 \u00e8 stata attivata da due escursionisti tedeschi, non pi\u00f9 in grado di proseguire al rientro della Ferrata Costantini in Moiazza. I due, lui 55enne, lei 51enne, si trovavano sull\u2019ultimo tratto nella parte di discesa, dopo aver passato il bivacco Ghedini, erano illesi, ma in difficolt\u00e0 a causa tratto impervio e innevato. Allertata la Stazione del Soccorso alpino di Agordo per competenza, \u00e8 stato inviato un messaggio dall\u2019applicazione di geolocalizzazione per risalire alle coordinate. \u00c8 quindi intervenuto Falco 2 che, dopo averli individuati, li ha recuperati con un verricello di 70 metri e trasportati al Passo Duran, dove avevano la macchina.<br \/>\nREDAZIONE Il personale sanitario e infermieristico \u00e8 sotto pressione anche oggi. Tra gli interventi principali: alle 8.30 prima chiamata a Cortina per una donna di 58 anni napoletana colta da malore, Falco 1 l\u2019ha elitrasportata in condizioni di media gravit\u00e0 al San Martino di Belluno. Alle 13.30 un 41enne di Alano \u00e8 caduto procurandosi ferite da codice 2, sul posto ambulanza e Falco 2 per il trasporto al Santa Maria del Prato. A Rocca Pietore nel pomeriggio altro malore, un uomo di 43 anni di Montebelluna \u00e8 stato elitrasportato al San Martino.<br \/>\nAd Agordo l\u2019elitaxi ha trasportato a valle dalla ferrata costantini uomo e donna della Germania: erano stanchi e non potrevano proseguire, ovviamente illesi.<br \/>\nA Casera Razzo motociclista sull\u2019asfalto, il 67 in condizioni medio gravi \u00e8 ricoverato al San Martino<br \/>\nDi nuovo a Rocca Pietore alle 17 per un altro malore, 74enne di Martellago portato in elicottero al San Martino codice 2<\/p>\n<p><a class=\"dt-pswp-item\" href=\"https:\/\/www.radiopiu.net\/wordpress\/wp-content\/uploads\/2024\/07\/eb22b5fe-d44d-4f02-ab2d-8faa4e345a6b.jpg\" data-dt-img-description=\"\" data-large_image_width=\"2000\" data-large_image_height=\"1500\"><img loading=\"lazy\" decoding=\"async\" class=\" wp-image-399722 alignleft\" src=\"https:\/\/www.radiopiu.net\/wordpress\/wp-content\/uploads\/2024\/07\/eb22b5fe-d44d-4f02-ab2d-8faa4e345a6b-300x225.jpg\" alt=\"\" width=\"239\" height=\"179\" srcset=\"https:\/\/www.radiopiu.net\/wordpress\/wp-content\/uploads\/2024\/07\/eb22b5fe-d44d-4f02-ab2d-8faa4e345a6b-300x225.jpg 300w, https:\/\/www.radiopiu.net\/wordpress\/wp-content\/uploads\/2024\/07\/eb22b5fe-d44d-4f02-ab2d-8faa4e345a6b-1024x768.jpg 1024w, https:\/\/www.radiopiu.net\/wordpress\/wp-content\/uploads\/2024\/07\/eb22b5fe-d44d-4f02-ab2d-8faa4e345a6b-768x576.jpg 768w, https:\/\/www.radiopiu.net\/wordpress\/wp-content\/uploads\/2024\/07\/eb22b5fe-d44d-4f02-ab2d-8faa4e345a6b-1536x1152.jpg 1536w, https:\/\/www.radiopiu.net\/wordpress\/wp-content\/uploads\/2024\/07\/eb22b5fe-d44d-4f02-ab2d-8faa4e345a6b.jpg 2000w\" sizes=\"auto, (max-width: 239px) 100vw, 239px\" \/><\/a>AGORDO nelle localit\u00e0 Piasent, Colvignas, Campon, Le Foche l\u2019acqua erogata dall\u2019acquedotto non \u00e8 potabile e non pu\u00f2 essere usata per scopi alimentari, se non previa bollitura. Verr\u00e0 effettuato servizio sostitutivo con cisterna in localit\u00e0 Piasent.<br \/>\nLIVINALLONGO In localit\u00e0 Collaz l\u2019acqua erogata dall\u2019acquedotto non \u00e8 potabile e pu\u00f2 essere usata per scopi alimentari solo previa bollitura.<br \/>\nROCCA PIETORE Oggi dalle 8 alle 17 verr\u00e0 sospesa l\u2019erogazione dell\u2019acqua nelle localit\u00e0 Sedolada, Santa Maria delle Grazie<br \/>\nMaltempo a Fadalto: Proseguono i Lavori sulla SS 51 \u201cdi Alemagna\u201d RIMARRA\u2019 CHIUSA PER TUTTA L\u2019ESTATE.<br \/>\nDopo le intense piogge del 12 luglio 2024 a Fadalto, Vittorio Veneto, Anas continua a liberare la SS 51 \u201cdi Alemagna\u201d dal materiale franato tra i km 19,500 e 22,000 e a mettere in sicurezza la zona. Dal settembre 2021, impianti di monitoraggio (semafori, telecamere, sensori di movimento, pluviometri) hanno gestito l\u2019interdizione temporanea al traffico. Tuttavia, la recente frana ha danneggiato queste strutture e parte delle opere di protezione. Anas, RFI, e Autostrade per l\u2019Italia lavorano insieme per ripristinare la sicurezza e riaprire la strada. Attualmente, il traffico \u00e8 deviato sulla A27 tra Vittorio Veneto Nord e Fadalto-Lago di Santa Croce.<br \/>\nAGORDO Il sasso (di dimensioni contenute rispetto al video) caduto ieri a lato della 203 agordina (staccatosi da una massicciata pochi metri sopra e non dalla montagna come nel 2019, ci ha riportato a cinque anni fa quando un altro macigno fin\u00ec accanto alla casa delle famiglie Tormen travolgento e schiacciando un\u2019auto<br \/>\nAPPARTAMENTO IN FIAMME A CENCENIGHE<br \/>\nCENCENIGHE Ieri poco dopo le 10, i Vigili del Fuoco di Agordo sono intervenuti per un incendio in un appartamento a Cencenighe, in via Torino 26. Le fiamme hanno coinvolto alcuni arredi, ma i danni sono stati contenuti e non ci sono stati feriti<\/p>\n<p><a class=\"dt-pswp-item\" href=\"https:\/\/www.radiopiu.net\/wordpress\/wp-content\/uploads\/2024\/07\/e36b198b-5297-4a4c-a19b-85d390ceaa76.jpg\" data-dt-img-description=\"\" data-large_image_width=\"1200\" data-large_image_height=\"1600\"><img loading=\"lazy\" decoding=\"async\" class=\" wp-image-399826 alignleft\" src=\"https:\/\/www.radiopiu.net\/wordpress\/wp-content\/uploads\/2024\/07\/e36b198b-5297-4a4c-a19b-85d390ceaa76-225x300.jpg\" alt=\"\" width=\"181\" height=\"241\" srcset=\"https:\/\/www.radiopiu.net\/wordpress\/wp-content\/uploads\/2024\/07\/e36b198b-5297-4a4c-a19b-85d390ceaa76-225x300.jpg 225w, https:\/\/www.radiopiu.net\/wordpress\/wp-content\/uploads\/2024\/07\/e36b198b-5297-4a4c-a19b-85d390ceaa76-768x1024.jpg 768w, https:\/\/www.radiopiu.net\/wordpress\/wp-content\/uploads\/2024\/07\/e36b198b-5297-4a4c-a19b-85d390ceaa76-1152x1536.jpg 1152w, https:\/\/www.radiopiu.net\/wordpress\/wp-content\/uploads\/2024\/07\/e36b198b-5297-4a4c-a19b-85d390ceaa76.jpg 1200w\" sizes=\"auto, (max-width: 181px) 100vw, 181px\" \/><\/a>CALALZO C\u2019eravamo lasciati ieri sera con gli annunci sui social sulla chat VIABILITA\u2019 PROVINCIA DI BELLUNO, per la verit\u00e0 l\u2019annuncio \u00e8 stato poi tolto perch\u00e9 i dati non erano corretti, ovvero il numero di targa, per una disattenzione non corrispondeva. Oggi il chiarimento: a Calalzo di Cadore, un furto d\u2019auto si \u00e8 concluso in modo bizzarro. Alle 19.40, un cinquantaseienne ha lasciato incustodita la sua Fiat Panda azzurra per acquistare sigarette. Tornato, non ha trovato l\u2019auto. Dopo aver denunciato il furto sui social e ai Carabinieri. Stamane l\u2019auto \u00e8 stata ritrovata nello stesso parcheggio, danneggiata<br \/>\nGioved\u00ec 18 luglio alle ore 12, la Regione Veneto, in collaborazione con la Presidenza del Consiglio dei Ministri e il Dipartimento della Protezione Civile, effettuer\u00e0 un nuovo test del sistema IT-Alert, simulando il collasso della diga La Stua. Coinvolger\u00e0 3 Comuni del bellunese e 10 del trevigiano<br \/>\nZAIA SULLA DIGA DEL VANOI \u201cBENEFICI? NON SI DISCUTE\u201d MA SOLO SE ARRIVA L\u2019OK DAI TECNICI\u2026 NON DAI SOCIAL<br \/>\nBREGANZE Il Presidente Luca Zaia a Breganze parla del progetto Vanoi: devono essere i tecnici a dare indicazioni e risposte, con studio scientifico e massimo rigore, non la politica o le istituzioni<br \/>\nREDAZIONE Situazioni imbarazzanti. Domenica a Falcade il semaforo non presidiato da movieri (per gran parte della giornata) ha creato lunghe code tanto al mattino che in serata, code chilometriche e proteste. Ad Alleghe la scena si ripete a causa dei cantieri in piena stagione. A Cencenighe domenica pomeriggio l\u2019intersezione tra la 346 del San Pellegrino e la 203 agordina ha creato un coda a passo d\u2019uomo (anche nella galleria della anime) da Canale d\u2019Agordo al centro dell\u2019Agordino.<\/p>\n<p>&nbsp;<\/p>\n<p>&nbsp;<\/p>\n<p>&nbsp;<\/p>\n<p>&nbsp;<\/p>\n","protected":false},"excerpt":{"rendered":"<p>*** &nbsp; &nbsp; OGGI ALLA RADIO: ALLE 6.15 PIROLE DE LENGA, CON IL MUSLA ALLE 7.20 EL BAL DEL FIOR, DETTI E TRADIZIONI DI GIULIANA DA RONCH; ALLE 8.20 PIU\u2019 SIAMO ESTATE DI MARINA DONA\u2019 9.00 LA MUSICA COUNTRY DI ALEX NASCINBEN 9.30 VIABILITA\u2019 Botol_Car 10.10 musla, le nove in ladin in dintorn e foravia&hellip;<\/p>\n","protected":false},"author":4,"featured_media":399885,"comment_status":"closed","ping_status":"closed","sticky":false,"template":"","format":"standard","meta":{"_monsterinsights_skip_tracking":false,"_monsterinsights_sitenote_active":false,"_monsterinsights_sitenote_note":"","_monsterinsights_sitenote_category":0,"footnotes":""},"categories":[104,49,142],"tags":[],"class_list":["post-399883","post","type-post","status-publish","format-standard","has-post-thumbnail","hentry","category-evidenza_3","category-news-18","category-rassegna-stampa","category-104","category-49","category-142","description-off"],"img_url":"https:\/\/www.radiopiu.net\/wordpress\/wp-content\/uploads\/2024\/07\/Senza-nome-64.png","_links":{"self":[{"href":"https:\/\/www.radiopiu.net\/wordpress\/wp-json\/wp\/v2\/posts\/399883","targetHints":{"allow":["GET"]}}],"collection":[{"href":"https:\/\/www.radiopiu.net\/wordpress\/wp-json\/wp\/v2\/posts"}],"about":[{"href":"https:\/\/www.radiopiu.net\/wordpress\/wp-json\/wp\/v2\/types\/post"}],"author":[{"embeddable":true,"href":"https:\/\/www.radiopiu.net\/wordpress\/wp-json\/wp\/v2\/users\/4"}],"replies":[{"embeddable":true,"href":"https:\/\/www.radiopiu.net\/wordpress\/wp-json\/wp\/v2\/comments?post=399883"}],"version-history":[{"count":0,"href":"https:\/\/www.radiopiu.net\/wordpress\/wp-json\/wp\/v2\/posts\/399883\/revisions"}],"wp:featuredmedia":[{"embeddable":true,"href":"https:\/\/www.radiopiu.net\/wordpress\/wp-json\/wp\/v2\/media\/399885"}],"wp:attachment":[{"href":"https:\/\/www.radiopiu.net\/wordpress\/wp-json\/wp\/v2\/media?parent=399883"}],"wp:term":[{"taxonomy":"category","embeddable":true,"href":"https:\/\/www.radiopiu.net\/wordpress\/wp-json\/wp\/v2\/categories?post=399883"},{"taxonomy":"post_tag","embeddable":true,"href":"https:\/\/www.radiopiu.net\/wordpress\/wp-json\/wp\/v2\/tags?post=399883"}],"curies":[{"name":"wp","href":"https:\/\/api.w.org\/{rel}","templated":true}]}}