{"id":399911,"date":"2024-07-17T05:55:45","date_gmt":"2024-07-17T03:55:45","guid":{"rendered":"https:\/\/www.radiopiu.net\/wordpress\/?p=399911"},"modified":"2024-07-17T07:58:59","modified_gmt":"2024-07-17T05:58:59","slug":"giornale-radiopiu-17-luglio-2024-direttore-mirko-mezzacasada-41-anni-25-giugno-1983-25-giugno-2024","status":"publish","type":"post","link":"https:\/\/www.radiopiu.net\/wordpress\/giornale-radiopiu-17-luglio-2024-direttore-mirko-mezzacasada-41-anni-25-giugno-1983-25-giugno-2024\/","title":{"rendered":"GIORNALE RADIOPIU 17 LUGLIO 2024 DIRETTORE MIRKO MEZZACASA\u2026DA 41 ANNI 25 GIUGNO 1983-25 GIUGNO 2024"},"content":{"rendered":"<p>*******<\/p>\n<p>&nbsp;<\/p>\n<div dir=\"auto\" style=\"text-align: center;\"><a class=\"dt-pswp-item\" href=\"https:\/\/www.radiopiu.net\/wordpress\/wp-content\/uploads\/2024\/07\/20240715_072131-scaled.jpg\" data-dt-img-description=\"\" data-large_image_width=\"2560\" data-large_image_height=\"2171\"><img loading=\"lazy\" decoding=\"async\" class=\"size-medium wp-image-399956 aligncenter\" src=\"https:\/\/www.radiopiu.net\/wordpress\/wp-content\/uploads\/2024\/07\/20240715_072131-300x254.jpg\" alt=\"\" width=\"300\" height=\"254\" srcset=\"https:\/\/www.radiopiu.net\/wordpress\/wp-content\/uploads\/2024\/07\/20240715_072131-300x254.jpg 300w, https:\/\/www.radiopiu.net\/wordpress\/wp-content\/uploads\/2024\/07\/20240715_072131-1024x868.jpg 1024w, https:\/\/www.radiopiu.net\/wordpress\/wp-content\/uploads\/2024\/07\/20240715_072131-768x651.jpg 768w, https:\/\/www.radiopiu.net\/wordpress\/wp-content\/uploads\/2024\/07\/20240715_072131-1536x1302.jpg 1536w, https:\/\/www.radiopiu.net\/wordpress\/wp-content\/uploads\/2024\/07\/20240715_072131-2048x1737.jpg 2048w\" sizes=\"auto, (max-width: 300px) 100vw, 300px\" \/><\/a><\/div>\n<div dir=\"auto\"><\/div>\n<div dir=\"auto\" style=\"text-align: center;\"><strong>TURISTE A RENON DI GOSALDO\u00a0<\/strong><\/div>\n<div dir=\"auto\" style=\"text-align: center;\"><strong>Da Giancarlo Gregnol.<\/strong><\/div>\n<div dir=\"auto\"><\/div>\n<p>&nbsp;<\/p>\n<p><em><span style=\"color: #ff0000;\">ATTENZIONE: LA NUOVA APP PER IOS-IPHONE di Nicola Vettorello <\/span><\/em><a href=\"https:\/\/apps.apple.com\/it\/app\/radio-pi%C3%B9-emittente-agordina\/id1515939845\">https:\/\/apps.apple.com\/it\/app\/radio-pi%C3%B9-emittente-agordina\/id1515939845<\/a><\/p>\n<p><em style=\"color: #ff0000;\">ATTENZIONE: LA NUOVA APP RADIO\u00a0 PER ANDROID di Nicola Vettorello<\/em><\/p>\n<p><a href=\"https:\/\/play.google.com\/store\/apps\/details?id=net.radiopiu.iniko\" target=\"_blank\" rel=\"noopener noreferrer\">https:\/\/play.google.com\/store\/apps\/details?id=net.radiopiu.iniko\u00a0\u00a0\u00a0<\/a><\/p>\n<p>&nbsp;<\/p>\n<p>&nbsp;<\/p>\n<hr \/>\n<p>&nbsp;<\/p>\n<p><strong class=\"photoswipe-wrapper\"><span style=\"color: #ff0000;\"><a class=\"dt-pswp-item\" href=\"https:\/\/www.radiopiu.net\/wordpress\/wp-content\/uploads\/2024\/07\/449595651_1113995680442470_3011431746011978279_n.jpg\" data-dt-img-description=\"\" data-large_image_width=\"526\" data-large_image_height=\"526\"><img loading=\"lazy\" decoding=\"async\" class=\" wp-image-400025 alignleft\" src=\"https:\/\/www.radiopiu.net\/wordpress\/wp-content\/uploads\/2024\/07\/449595651_1113995680442470_3011431746011978279_n-300x300.jpg\" alt=\"\" width=\"210\" height=\"210\" srcset=\"https:\/\/www.radiopiu.net\/wordpress\/wp-content\/uploads\/2024\/07\/449595651_1113995680442470_3011431746011978279_n-300x300.jpg 300w, https:\/\/www.radiopiu.net\/wordpress\/wp-content\/uploads\/2024\/07\/449595651_1113995680442470_3011431746011978279_n-150x150.jpg 150w, https:\/\/www.radiopiu.net\/wordpress\/wp-content\/uploads\/2024\/07\/449595651_1113995680442470_3011431746011978279_n.jpg 526w\" sizes=\"auto, (max-width: 210px) 100vw, 210px\" \/><\/a>OGGI ALLA RADIO<\/span><\/strong>: <strong>ALLE 6.15 <\/strong>PIROLE DE LENGA, CON IL MUSLA\u00a0\u00a0<strong>ALLE 7.20<\/strong>\u00a0EL BAL DEL FIOR, DETTI E TRADIZIONI DI GIULIANA DA RONCH;\u00a0<strong>ALLE 8.20\u00a0<\/strong>PIU&#8217; SIAMO ESTATE DI MARINA DONA&#8217;\u00a0 <strong>9.00 LA MUSICA COUNTRY DI ALEX NASCINBEN <\/strong>\u00a0<strong>9.30\u00a0<\/strong>VIABILITA\u2019 Botol_Car <strong>10.10\u00a0 CISL LA VOCE PER I LAVORATORI <\/strong><span style=\"color: #0000ff;\"><strong><span style=\"color: #000000;\">10.30<\/span><\/strong><span style=\"color: #000000;\">\u00a0 \u00a0SERATE CULTURALI A VOLTAGO, UN LIBRO AL MESE, IN STUDIO ANDREA BRESSAN <\/span><span style=\"color: #000000;\">\u00a0<\/span><span style=\"color: #000000;\">\u00a0<\/span><\/span><strong>11.10 <\/strong>LA STORIA DEL FESTIVALBAR RACCONTATA DA MIRCO BENCIVENN<strong>I <\/strong>\u00a0\u00a0<strong>12.00\u00a0<\/strong>VA TUTTO LISCIO\u00a0<strong>12.30\u00a0<\/strong>GIORNALE RADIO EDIZIONE PRINCIPALE\u00a0 13.20 EVENTI A CANALE D&#8217;AGORDO, SGUBIADA CON SIMONE ONGARO\u00a0 \u00a0<strong>13.20<\/strong> TRE PEZZI ESTIVI DI MARINA DONA&#8217; <strong>14.00\u00a0<\/strong>\u00a0 <span style=\"color: #ff0000;\">IL NUOVO PROGRAMMA ESTIVO&#8230;. DA UN&#8217;IDEA DI MARINA DONA&#8217; PIU&#8217; HIT<\/span>\u00a0 <strong>15.00\u00a0<\/strong>\u00a0 \u00a0LA CLASSIFICA UFFICIALE DI MARCO GAZ <strong>1<\/strong><strong>6.00\u00a0<\/strong>IL ROCK DI MARCO COSTANTINI\u00a0<strong>16.45\u00a0<\/strong>LE HIT DI MIRCO BENCIVENNI\u00a0 <strong>19\u00a0<\/strong>ANTICIPAZIONI DAL TG DI ANTENNA 3<\/p>\n<p><strong>FOTO, PARCO LA BUSA, MASARE&#8217; IN RIVA AL LAGO&#8230;<\/strong><\/p>\n<blockquote><p><strong>rassegna stampa nazionale, ogni giorno alle 5 e alle 6 del mattino<\/strong><br \/>\n<em>giornali locali 7 rassegna stampa flash, 8 rassegna stampa, gr flash alle 10 e alle 11, principale 12.30. Informazione pomerIggio alle 15 (speciale) 16, 17, 18. Giornale radio nazionale: ogni ora dalle 5 del mattino, alle 20 della sera.\u00a0<\/em><\/p><\/blockquote>\n<div class=\"x11i5rnm xat24cr x1mh8g0r x1vvkbs xtlvy1s x126k92a\">\n<div dir=\"auto\">\n<p>&nbsp;<\/p>\n<p>&nbsp;<\/p>\n<hr \/>\n<p>&nbsp;<\/p>\n<p>&nbsp;<\/p>\n<div class=\"x11i5rnm xat24cr x1mh8g0r x1vvkbs xtlvy1s x126k92a\">\n<div dir=\"auto\">\n<p><strong><a class=\"dt-pswp-item\" href=\"https:\/\/www.radiopiu.net\/wordpress\/wp-content\/uploads\/2024\/02\/2d44e751-d8a8-461b-8e22-d8e4e853b032.jpg\" data-dt-img-description=\"\" data-large_image_width=\"1600\" data-large_image_height=\"1200\"><img loading=\"lazy\" decoding=\"async\" class=\"wp-image-373307 alignleft\" src=\"https:\/\/www.radiopiu.net\/wordpress\/wp-content\/uploads\/2024\/02\/2d44e751-d8a8-461b-8e22-d8e4e853b032-300x225.jpg\" alt=\"\" width=\"105\" height=\"79\" srcset=\"https:\/\/www.radiopiu.net\/wordpress\/wp-content\/uploads\/2024\/02\/2d44e751-d8a8-461b-8e22-d8e4e853b032-300x225.jpg 300w, https:\/\/www.radiopiu.net\/wordpress\/wp-content\/uploads\/2024\/02\/2d44e751-d8a8-461b-8e22-d8e4e853b032-1024x768.jpg 1024w, https:\/\/www.radiopiu.net\/wordpress\/wp-content\/uploads\/2024\/02\/2d44e751-d8a8-461b-8e22-d8e4e853b032-768x576.jpg 768w, https:\/\/www.radiopiu.net\/wordpress\/wp-content\/uploads\/2024\/02\/2d44e751-d8a8-461b-8e22-d8e4e853b032-1536x1152.jpg 1536w, https:\/\/www.radiopiu.net\/wordpress\/wp-content\/uploads\/2024\/02\/2d44e751-d8a8-461b-8e22-d8e4e853b032.jpg 1600w\" sizes=\"auto, (max-width: 105px) 100vw, 105px\" \/><\/a>EL BAL DEL FIOR, DI GIULIANA DA RONCH, 17 LUGLIO<\/strong><strong>\u00a02024<em>\u00a0<\/em><\/strong><\/p>\n<audio class=\"wp-audio-shortcode\" id=\"audio-399911-1\" preload=\"none\" style=\"width: 100%;\" controls=\"controls\"><source type=\"audio\/mpeg\" src=\"https:\/\/www.radiopiu.net\/wordpress\/wp-content\/uploads\/2024\/07\/GME-1.m4a?_=1\" \/><a href=\"https:\/\/www.radiopiu.net\/wordpress\/wp-content\/uploads\/2024\/07\/GME-1.m4a\">https:\/\/www.radiopiu.net\/wordpress\/wp-content\/uploads\/2024\/07\/GME-1.m4a<\/a><\/audio>\n<p>&nbsp;<\/p>\n<\/div>\n<\/div>\n<\/div>\n<hr \/>\n<p>&nbsp;<\/p>\n<p>&nbsp;<\/p>\n<h1><span style=\"color: #ff0000;\"><a class=\"dt-pswp-item\" href=\"https:\/\/www.radiopiu.net\/wordpress\/wp-content\/uploads\/2024\/06\/th-5.jpg\" data-dt-img-description=\"\" data-large_image_width=\"326\" data-large_image_height=\"180\"><img loading=\"lazy\" decoding=\"async\" class=\"size-medium wp-image-395881 alignleft\" src=\"https:\/\/www.radiopiu.net\/wordpress\/wp-content\/uploads\/2024\/06\/th-5-300x166.jpg\" alt=\"\" width=\"300\" height=\"166\" srcset=\"https:\/\/www.radiopiu.net\/wordpress\/wp-content\/uploads\/2024\/06\/th-5-300x166.jpg 300w, https:\/\/www.radiopiu.net\/wordpress\/wp-content\/uploads\/2024\/06\/th-5.jpg 326w\" sizes=\"auto, (max-width: 300px) 100vw, 300px\" \/><\/a><\/span><\/h1>\n<h1><\/h1>\n<h1><\/h1>\n<h1><span style=\"color: #000000;\">17 luglio&#8230; alla radio l&#8217;almanacco\u00a0<\/span><\/h1>\n<audio class=\"wp-audio-shortcode\" id=\"audio-399911-2\" preload=\"none\" style=\"width: 100%;\" controls=\"controls\"><source type=\"audio\/mpeg\" src=\"https:\/\/www.radiopiu.net\/wordpress\/wp-content\/uploads\/2024\/07\/ALMANACCONEW-14.mp3?_=2\" \/><a href=\"https:\/\/www.radiopiu.net\/wordpress\/wp-content\/uploads\/2024\/07\/ALMANACCONEW-14.mp3\">https:\/\/www.radiopiu.net\/wordpress\/wp-content\/uploads\/2024\/07\/ALMANACCONEW-14.mp3<\/a><\/audio>\n<p>&nbsp;<\/p>\n<div dir=\"auto\">\n<hr \/>\n<\/div>\n<\/div>\n<blockquote>\n<blockquote>\n<h1><span style=\"color: #ff0000;\">\u00a0<\/span><\/h1>\n<h1><span style=\"color: #ff0000;\">I podcast informativi del mattino &#8211; audio &#8211;\u00a0\u00a0<\/span><\/h1>\n<\/blockquote>\n<p><strong><a class=\"dt-pswp-item\" href=\"https:\/\/www.radiopiu.net\/wordpress\/wp-content\/uploads\/2023\/11\/th-10.jpg\" data-dt-img-description=\"\" data-large_image_width=\"320\" data-large_image_height=\"180\"><img loading=\"lazy\" decoding=\"async\" class=\"wp-image-362866 alignleft\" src=\"https:\/\/www.radiopiu.net\/wordpress\/wp-content\/uploads\/2023\/11\/th-10-300x169.jpg\" alt=\"\" width=\"185\" height=\"104\" srcset=\"https:\/\/www.radiopiu.net\/wordpress\/wp-content\/uploads\/2023\/11\/th-10-300x169.jpg 300w, https:\/\/www.radiopiu.net\/wordpress\/wp-content\/uploads\/2023\/11\/th-10.jpg 320w\" sizes=\"auto, (max-width: 185px) 100vw, 185px\" \/><\/a>LA RASSEGNA STAMPA NAZIONALE ALLA RADIO, OGNI GIORNO ALLE 5 E ALLE 6 DEL MATTINO <span style=\"color: #0000ff;\">viene pubblicata alle 6.00 <span style=\"color: #ff0000;\">DIRETTA RADIO\u00a0 \u00a0\u00a0<\/span><\/span><\/strong><\/p><\/blockquote>\n<p>&nbsp;<\/p>\n<p><strong>NOTIZIE DELLA NOTTE\u00a0 \u00a0<\/strong><\/p>\n<p>&nbsp;<\/p>\n<p><strong>Trump<\/strong> ricompare alla convention Gop e sale sul palco <strong>Hamas<\/strong>, 57 morti in 5 raid israeliani su Gaza <strong>Borsa<\/strong>: Tokyo, apertura in leggero aumento (+0,26%) <strong>Biden<\/strong> chiede divieto per il tipo di arma usata contro Trump <strong>Il petrolio<\/strong> chiude in calo a New York a 81,10 dollari <strong>Ucraina<\/strong> Michel contro Orban: dall&#8217;Ue nessuna politica pro-guerra<\/p>\n<h2>AUDIO dalle 6 del mattino<\/h2>\n<audio class=\"wp-audio-shortcode\" id=\"audio-399911-3\" preload=\"none\" style=\"width: 100%;\" controls=\"controls\"><source type=\"audio\/mpeg\" src=\"https:\/\/www.radiopiu.net\/wordpress\/wp-content\/uploads\/2024\/07\/GIORNALEDELLESEI-14.mp3?_=3\" \/><a href=\"https:\/\/www.radiopiu.net\/wordpress\/wp-content\/uploads\/2024\/07\/GIORNALEDELLESEI-14.mp3\">https:\/\/www.radiopiu.net\/wordpress\/wp-content\/uploads\/2024\/07\/GIORNALEDELLESEI-14.mp3<\/a><\/audio>\n<p>&nbsp;<\/p>\n<p>&nbsp;<\/p>\n<hr \/>\n<p>&nbsp;<\/p>\n<h1 style=\"text-align: center;\"><span style=\"color: #ff0000;\">I podcast informativi del mattino &#8211; audio &#8211;\u00a0<\/span><\/h1>\n<p><strong><a class=\"dt-pswp-item\" href=\"https:\/\/www.radiopiu.net\/wordpress\/wp-content\/uploads\/2023\/12\/images.png\" data-dt-img-description=\"\" data-large_image_width=\"316\" data-large_image_height=\"160\"><img loading=\"lazy\" decoding=\"async\" class=\"wp-image-367008 alignleft\" src=\"https:\/\/www.radiopiu.net\/wordpress\/wp-content\/uploads\/2023\/12\/images-300x152.png\" alt=\"\" width=\"235\" height=\"119\" srcset=\"https:\/\/www.radiopiu.net\/wordpress\/wp-content\/uploads\/2023\/12\/images-300x152.png 300w, https:\/\/www.radiopiu.net\/wordpress\/wp-content\/uploads\/2023\/12\/images.png 316w\" sizes=\"auto, (max-width: 235px) 100vw, 235px\" \/><\/a>OGNI GIORNO ALLE SETTE DEL MATTINO, LA RASSEGNA STAMPA LOCALE FLASH&#8230; PER CHI VA IN FRETTA. I TITOLI DAI GIORNALI E DAL SITO WWW.RADIOPIU.NET <span style=\"color: #0000ff;\">viene pubblicato alle 7.00<\/span> <span style=\"color: #ff0000;\">DIRETTA RADIO\u00a0<\/span><\/strong><\/p>\n<p><em><span style=\"color: #ff0000;\">per chi va in fretta&#8230; tante notizie in pochi minuti. L&#8217;informazione locale alla radio, ogni ora dalle 7 del mattino alle 19 della sera.\u00a0 <\/span><\/em><\/p>\n<p>&nbsp;<\/p>\n<p>ALPAGO Renato Barattin, imprenditore e appassionato di sport, \u00e8 morto a 64 anni a causa di una malattia. Proprietario del negozio L&#8217;Agricola Barattin a Puos, era un riferimento per l&#8217;agricoltura e gli animali. Barattin \u00e8 stato anche dirigente dell&#8217;Us Chies e presidente del Gruppo giovani San Martino. Il Comune di Chies e l&#8217;Us Chies lo ricordano come una persona sempre pronta ad aiutare. Lascia la moglie Yaily Mria, Hianny e i fratelli Remo e Caroli<br \/>\nSETTEVILLE i vigili del fuoco del distaccamento di Feltre e i sommozzatori del nucleo regionale di Venezia sono intervenuti nel comune di Setteville in localit\u00e0 Fener per recuperare la catenaria di un\u2019opera idraulica, che garantisce il mantenimento del livello minimo del Piave. A rompersi la catena della paratoia fluviale, finita nel bacino di calma ad una profondit\u00e0 di 4 metri. I sommozzatori dei vigili del fuoco hanno recuperato la catena che \u00e8 stata riportata in superficie e affidata al personale del consorzio bonifica Piave per il ripristino.<br \/>\nBELLUNO Da sabato sera, un guasto a una cabina elettrica ha lasciato al buio via Roma, piazza Santo Stefano e via Simon da Cusighe. I pedoni, per evitare ostacoli, usano le torce dei telefonini. Il problema dovrebbe essere risolto oggi.<br \/>\nVENEZIA La Vicepresidente della Regione Veneto, Elisa De Berti, ha incontrato i sindaci di Vittorio Veneto e Alpago insieme ad Anas, Rfi, Trenitalia e Autostrade per l\u2019Italia per discutere della frana a Fadalto. Anas prevede la riapertura della statale entro tre-quattro settimane<\/p>\n<h1>AUDIO dalle 7 del mattino<\/h1>\n<audio class=\"wp-audio-shortcode\" id=\"audio-399911-4\" preload=\"none\" style=\"width: 100%;\" controls=\"controls\"><source type=\"audio\/mpeg\" src=\"https:\/\/www.radiopiu.net\/wordpress\/wp-content\/uploads\/2024\/07\/GF07-13.mp3?_=4\" \/><a href=\"https:\/\/www.radiopiu.net\/wordpress\/wp-content\/uploads\/2024\/07\/GF07-13.mp3\">https:\/\/www.radiopiu.net\/wordpress\/wp-content\/uploads\/2024\/07\/GF07-13.mp3<\/a><\/audio>\n<p>&nbsp;<\/p>\n<hr \/>\n<p>&nbsp;<\/p>\n<h1><\/h1>\n<h1 style=\"text-align: center;\"><span style=\"color: #ff0000;\"><a class=\"dt-pswp-item\" href=\"https:\/\/www.radiopiu.net\/wordpress\/wp-content\/uploads\/2022\/01\/026c3f9d-dae9-4040-a3c1-a6530231bcc3.jpg\" data-dt-img-description=\"\" data-large_image_width=\"1152\" data-large_image_height=\"2048\"><img loading=\"lazy\" decoding=\"async\" class=\"wp-image-251839 alignleft\" src=\"https:\/\/www.radiopiu.net\/wordpress\/wp-content\/uploads\/2022\/01\/026c3f9d-dae9-4040-a3c1-a6530231bcc3-169x300.jpg\" alt=\"\" width=\"100\" height=\"177\" srcset=\"https:\/\/www.radiopiu.net\/wordpress\/wp-content\/uploads\/2022\/01\/026c3f9d-dae9-4040-a3c1-a6530231bcc3-169x300.jpg 169w, https:\/\/www.radiopiu.net\/wordpress\/wp-content\/uploads\/2022\/01\/026c3f9d-dae9-4040-a3c1-a6530231bcc3-576x1024.jpg 576w, https:\/\/www.radiopiu.net\/wordpress\/wp-content\/uploads\/2022\/01\/026c3f9d-dae9-4040-a3c1-a6530231bcc3-768x1365.jpg 768w, https:\/\/www.radiopiu.net\/wordpress\/wp-content\/uploads\/2022\/01\/026c3f9d-dae9-4040-a3c1-a6530231bcc3-864x1536.jpg 864w, https:\/\/www.radiopiu.net\/wordpress\/wp-content\/uploads\/2022\/01\/026c3f9d-dae9-4040-a3c1-a6530231bcc3.jpg 1152w\" sizes=\"auto, (max-width: 100px) 100vw, 100px\" \/><\/a>I podcast informativi del mattino &#8211; audio &#8211;\u00a0<\/span><\/h1>\n<blockquote><p><strong>GIORNALE RADIO NAZIONALE, EDIZIONE DELLE SETTE <span style=\"color: #0000ff;\">viene pubblicato alle 7.05 <span style=\"color: #ff0000;\">DIRETTA RADIO\u00a0<\/span><\/span><\/strong><\/p><\/blockquote>\n<p><strong>il giornale radionazionale e&#8217; in onda ogni ora, dalle sette del mattino alle venti della sera\u00a0 \u00a0<\/strong><strong>\u00a0<\/strong><\/p>\n<p><strong>AGRO PONTINO<\/strong>\u00a0 Oppio ai braccianti per alleviare la fatica&#8217;, 5 arresti <strong>VENEZIA<\/strong> \u00a0arrestato l&#8217;assessore Boraso. Indagato il sindaco Brugnaro <strong>ISCHIA<\/strong> Donna trovata morta, fermato il convivente per maltrattamenti <strong>RIMINI<\/strong> Louis Dassilva arrestato per l&#8217;omicidio di Pierina Paganelli<\/p>\n<p>DOMANI SCIOPERO DEI TRASPORTI<br \/>\nBELLUNO a causa dello sciopero nazionale indetto dalle organizzazioni sindacali\u00a0 domani\u00a0 non saranno garantite le corse in partenza dalle ore 12:00 alle 15:59<br \/>\nAGORDO nelle localit\u00e0 Piasent, Colvignas, Campon, Le Foche l&#8217;acqua erogata dall&#8217;acquedotto non \u00e8 potabile e non pu\u00f2 essere usata per scopi alimentari, se non previa bollitura. Verr\u00e0 effettuato servizio sostitutivo con cisterna in localit\u00e0 Piasent.<br \/>\nLIVINALLONGO In localit\u00e0 Collaz\u00a0 l&#8217;acqua erogata dall&#8217;acquedotto non \u00e8 potabile e pu\u00f2 essere usata per scopi alimentari solo previa\u00a0 bollitura.<br \/>\nSAN TOMASO domani dalle 8 alle 17 verr\u00e0 sospesa l\u2019erogazione dell\u2019acqua nelle localit\u00e0 Piaia e Pecol<br \/>\nLIVINALLONGO\u00a0domani dalle 8 alle 17 verr\u00e0 sospesa l\u2019erogazione dell\u2019acqua nelle localit\u00e0 Lasta, Federa, Corte e Sief<br \/>\nSAN VITO DI CADORE Ambulanza dei volontari ed elicottero a San Vito di Cadore hanno confortato una 78enne di San Vito colta da malore e ricoverata a Belluno in codice 2 di media gravit\u00e0.<br \/>\nPASSO FALZAREGO \u00c8 fortunatamente rientrato ieri nel primo pomeriggio l&#8217;allarme per due bambini bellunesi di 11 e 12 anni, allontanatisi dalla zia nella zona del Col Gallina, Croda Negra. Attivato il Suem verso le 14.10, sul posto si \u00e8 portata una squadra del Soccorso alpino della Guardia di finanza, che li ha incrociati poco dopo sul sentiero e li ha riaccompagnati dai familiari.<br \/>\nAURONZO\u00a0 L&#8217;elicottero Falco1 si \u00e8 alzato in volo verso Il Monte Agudo\u00a0 per trasportare all&#8217;ospedale di Belluno un 78enne di Favaro Veneto, cercatore di funghi, scivolato su un ripido pendio boscato \u00a0\u00e8 arrivato al San Martino\u00a0 in codice 1, tutt&#8217;altro che grave per un trauma al ginocchio e un lieve trauma alla spalla. Sul posto il Soccorso Alpino della Guardia di Finanza.<br \/>\nCORTINA Falco 1 ha soccorso al Rifugio Vandelli una 42enne di Forlimpopoli (FC) accompagnata per le cure del caso all&#8217;ospedale di Cortina, al Pronto Soccorso di Cortina \u00e8 entrata in codice 1\u00a0 per un trauma al polso.<br \/>\nCORTINA Intervento del Soccorso Alpino\u00a0 di Cortina\u00a0 poco sotto il Rifugio Son Forcia,\u00a0 una turista ceca di 63 anni ha\u00a0 messo male un piede, con conseguente trauma che le impediva di camminare. La donna \u00e8 stata portata al rendez vous con l&#8217;ambulanza al Passo Tre Croci.<br \/>\nTAIBON Paura tanta, senza dubbio, ma fortunatamente la donna al volante, 41 anni di Taibon,\u00a0 \u00e8 uscita da sola dall&#8217;auto per essere poi accompagnata per accertamenti al Pronto Soccorso del Papa Luciani. L&#8217;incidente \u00e8 avvenuto alle 19:20 in via Dante Alighieri, di fronte all&#8217;ex Veg\u00e8, poco prima del bivio per la casa di soggiorno. L&#8217;auto, una Suzuki, ha deviato sulla destra colpendo l&#8217;angolo di un muretto di cemento e la recinzione di un&#8217;abitazione, per poi finire ruote all&#8217;aria al centro della carreggiata.<\/p>\n<h2>AUDIO dalle sette del mattino, ogni ora alla radio<\/h2>\n<audio class=\"wp-audio-shortcode\" id=\"audio-399911-5\" preload=\"none\" style=\"width: 100%;\" controls=\"controls\"><source type=\"audio\/mpeg\" src=\"https:\/\/www.radiopiu.net\/wordpress\/wp-content\/uploads\/2024\/07\/giornale07-15.mp3?_=5\" \/><a href=\"https:\/\/www.radiopiu.net\/wordpress\/wp-content\/uploads\/2024\/07\/giornale07-15.mp3\">https:\/\/www.radiopiu.net\/wordpress\/wp-content\/uploads\/2024\/07\/giornale07-15.mp3<\/a><\/audio>\n<p>&nbsp;<\/p>\n<p>&nbsp;<\/p>\n<hr \/>\n<p>&nbsp;<\/p>\n<p>&nbsp;<\/p>\n<h1><span style=\"color: #ff0000;\">I podcast informativi del mattino &#8211; video &#8211;\u00a0<\/span><\/h1>\n<h2><strong><a class=\"dt-pswp-item\" href=\"https:\/\/www.radiopiu.net\/wordpress\/wp-content\/uploads\/2023\/12\/th-10.jpg\" data-dt-img-description=\"\" data-large_image_width=\"245\" data-large_image_height=\"180\"><img loading=\"lazy\" decoding=\"async\" class=\" wp-image-367395 alignleft\" src=\"https:\/\/www.radiopiu.net\/wordpress\/wp-content\/uploads\/2023\/12\/th-10.jpg\" alt=\"\" width=\"166\" height=\"122\" \/><\/a>RASSEGNA STAMPA LOCALE, ORE OTTO 05<\/strong><\/h2>\n<h2><strong> <span style=\"color: #0000ff;\">viene\u00a0 <\/span><\/strong><strong><span style=\"color: #0000ff;\">pubblicata alle 8.05 <span style=\"color: #ff0000;\">DIRETTA RADIO\u00a0\u00a0<\/span><\/span><\/strong><\/h2>\n<p><strong>DI MIRKO MEZZACASA\u00a0 \u00a0<\/strong><button class=\"rounded-lg text-token-text-secondary hover:bg-token-main-surface-secondary\"><\/button><\/p>\n<p><strong>OGGI SUL Corriere delle Alpi E NOTIZIARI DI Radio Pi\u00f9<\/strong><\/p>\n<p>&nbsp;<\/p>\n<h2><span style=\"color: #ff0000;\"><strong>VIDEO\u00a0 \u00a0in diretta dalle 8 del mattino<\/strong><\/span><\/h2>\n<p>&nbsp;<\/p>\n<p><iframe loading=\"lazy\" title=\"LA RASSEGNA STAMPA ALLA RADIO...UN&#039;ALTRA STORIA. DAL 1983 ALLE OTTO DEL MATTINO SU RADIO PIU E ALLE\" width=\"1200\" height=\"675\" src=\"https:\/\/www.youtube.com\/embed\/1qb5UUSzP2s?feature=oembed\" frameborder=\"0\" allow=\"accelerometer; autoplay; clipboard-write; encrypted-media; gyroscope; picture-in-picture; web-share\" referrerpolicy=\"strict-origin-when-cross-origin\" allowfullscreen><\/iframe><\/p>\n<p>&nbsp;<\/p>\n<hr \/>\n<p>&nbsp;<\/p>\n<p>&nbsp;<\/p>\n<p><strong><a class=\"dt-pswp-item\" href=\"https:\/\/www.radiopiu.net\/wordpress\/wp-content\/uploads\/2023\/12\/ANTENNA.png\" data-dt-img-description=\"\" data-large_image_width=\"300\" data-large_image_height=\"166\"><img loading=\"lazy\" decoding=\"async\" class=\" wp-image-366306 alignleft\" src=\"https:\/\/www.radiopiu.net\/wordpress\/wp-content\/uploads\/2023\/12\/ANTENNA.png\" alt=\"\" width=\"175\" height=\"97\" \/><\/a>IERI SERA, DAL TG DI ANTENNA 3, ogni sera alle 19 le anticipazioni alla radio, quello che poi seguirete nel TELEGIORNALE BELLUNESE\u00a0 in onda alle 19.30 sul CANALE 10 del digitale terrestre.\u00a0\u00a0<\/strong><\/p>\n<p>&nbsp;<\/p>\n<p><span style=\"color: #ff0000;\"><strong>\u00a0IERI SERA ALLA RADIO&#8230; LE ANTICIPAZIONI DI\u00a0 tiziana bolognani<\/strong><\/span><\/p>\n<audio class=\"wp-audio-shortcode\" id=\"audio-399911-6\" preload=\"none\" style=\"width: 100%;\" controls=\"controls\"><source type=\"audio\/mpeg\" src=\"https:\/\/www.radiopiu.net\/wordpress\/wp-content\/uploads\/2024\/07\/ANTENNA3-11.mp3?_=6\" \/><a href=\"https:\/\/www.radiopiu.net\/wordpress\/wp-content\/uploads\/2024\/07\/ANTENNA3-11.mp3\">https:\/\/www.radiopiu.net\/wordpress\/wp-content\/uploads\/2024\/07\/ANTENNA3-11.mp3<\/a><\/audio>\n<p><span style=\"color: #ff0000;\"><strong>\u00a0<\/strong><\/span><\/p>\n<p>&nbsp;<\/p>\n<hr \/>\n<p><strong>\u00a0 \u00a0 \u00a0<\/strong><\/p>\n<blockquote>\n<h3>DOMANI SCIOPERO DEI TRASPORTI<\/h3>\n<\/blockquote>\n<p><strong>BELLUNO <\/strong>a causa dello sciopero nazionale indetto dalle organizzazioni sindacali\u00a0 domani\u00a0 non saranno garantite le corse in partenza dalle ore 12:00 alle 15:59.<\/p>\n<p>&nbsp;<\/p>\n<p>&nbsp;<\/p>\n<hr \/>\n<p>&nbsp;<\/p>\n<blockquote>\n<h3>ACQUA INQUINATA E LAVORI PROGRAMMATI<\/h3>\n<\/blockquote>\n<p><strong>AGORDO<\/strong> nelle localit\u00e0 Piasent, Colvignas, Campon, Le Foche l&#8217;acqua erogata dall&#8217;acquedotto non \u00e8 potabile e non pu\u00f2 essere usata per scopi alimentari, se non previa bollitura. Verr\u00e0 effettuato servizio sostitutivo con cisterna in localit\u00e0 Piasent.<\/p>\n<p><strong>LIVINALLONGO<\/strong> In localit\u00e0 Collaz\u00a0 l&#8217;acqua erogata dall&#8217;acquedotto non \u00e8 potabile e pu\u00f2 essere usata per scopi alimentari solo previa\u00a0 bollitura.<\/p>\n<p><strong>SAN TOMASO<\/strong> domani dalle 8 alle 17 verr\u00e0 sospesa l\u2019erogazione dell\u2019acqua nelle localit\u00e0 Piaia e Pecol<\/p>\n<p><strong>LIVINALLONGO\u00a0<\/strong>domani dalle 8 alle 17 verr\u00e0 sospesa l\u2019erogazione dell\u2019acqua nelle localit\u00e0 Lasta, Federa, Corte e Sief<\/p>\n<p>&nbsp;<\/p>\n<p>&nbsp;<\/p>\n<hr \/>\n<blockquote>\n<h3><\/h3>\n<h3>ALLARME RIENTRATO PER I DUE MINORI SFUGGITI AL CONTROLLO DELLA ZIA, ANCHE IERI ELICOTTERO IN VOLO PER CAVIGLIE SLOGATE E TRAUMA AL POLSO<\/h3>\n<\/blockquote>\n<p><strong><em><img loading=\"lazy\" decoding=\"async\" class=\"alignleft\" src=\"https:\/\/www.radiopiu.net\/wordpress\/wp-content\/uploads\/2024\/01\/dcb8358e-da6f-4ee1-98dc-45178186d55f.jpg\" width=\"222\" height=\"167\" \/>SAN VITO DI CADORE<\/em> <\/strong>Ambulanza dei volontari ed elicottero a San Vito di Cadore hanno confortato una 78enne di San Vito c<strong>olta da malore<\/strong> e ricoverata a Belluno in codice 2 di media gravit\u00e0.<\/p>\n<blockquote><p><em><strong>\u00a0PASSO FALZAREGO<\/strong> \u00c8 fortunatamente rientrato ieri nel primo pomeriggio l&#8217;allarme per due bambini bellunesi di 11 e 12 anni, allontanatisi dalla zia nella zona del Col Gallina, Croda Negra. Attivato il Suem verso le 14.10, sul posto si \u00e8 portata una squadra del Soccorso alpino della Guardia di finanza, che li ha incrociati poco dopo sul sentiero e li ha riaccompagnati dai familiari.\u00a0<\/em><\/p><\/blockquote>\n<p><strong>AURONZO\u00a0<\/strong> L&#8217;elicottero Falco1 si \u00e8 alzato in volo verso Il Monte Agudo\u00a0 per trasportare all&#8217;ospedale di Belluno un 78enne di Favaro Veneto, cercatore di funghi, scivolato su un ripido pendio boscato \u00a0\u00e8 arrivato al San Martino\u00a0 in codice 1, tutt&#8217;altro che grave per un <strong>trauma al ginocchio e un lieve trauma alla spalla.<\/strong> Sul posto il Soccorso Alpino della Guardia di Finanza.<\/p>\n<p><strong>CORTINA<\/strong> Falco 1 ha soccorso al Rifugio Vandelli una 42enne di Forlimpopoli (FC) accompagnata per le cure del caso all&#8217;ospedale di Cortina, al Pronto Soccorso di Cortina \u00e8 entrata in codice 1\u00a0 per un <strong>trauma al polso<\/strong>.<\/p>\n<div><strong>CORTINA<\/strong> Intervento del Soccorso Alpino\u00a0 di Cortina\u00a0 poco sotto il Rifugio Son Forcia,\u00a0 una turista ceca di 63 anni ha\u00a0 messo male un piede, con conseguente<strong> trauma che le impediva di camminare.<\/strong> La donna \u00e8 stata portata al rendez vous con l&#8217;ambulanza al Passo Tre Croci.<\/div>\n<div><\/div>\n<div><\/div>\n<div>\n<hr \/>\n<\/div>\n<blockquote>\n<h2>Paura per un incidente, ma la donna esce da sola dall&#8217;auto<\/h2>\n<\/blockquote>\n<div>\n<p><strong>TAIBON<\/strong><\/p>\n<div class=\"flex-1 overflow-hidden\">\n<div class=\"h-full\">\n<div class=\"react-scroll-to-bottom--css-upjqw-79elbk h-full\">\n<div class=\"react-scroll-to-bottom--css-upjqw-1n7m0yu\">\n<div class=\"flex flex-col text-sm md:pb-9\">\n<div class=\"w-full text-token-text-primary\" dir=\"auto\" data-testid=\"conversation-turn-123\" data-scroll-anchor=\"true\">\n<div class=\"py-2 juice:py-[18px] px-3 text-base md:px-4 m-auto md:px-5 lg:px-1 xl:px-5\">\n<div class=\"mx-auto flex flex-1 gap-3 text-base juice:gap-4 juice:md:gap-5 juice:lg:gap-6 md:max-w-3xl\">\n<div class=\"group\/conversation-turn relative flex w-full min-w-0 flex-col agent-turn\">\n<div class=\"flex-col gap-1 md:gap-3\">\n<div class=\"flex flex-grow flex-col max-w-full\">\n<div class=\"min-h-[20px] text-message flex flex-col items-start whitespace-pre-wrap break-words [.text-message+&amp;]:mt-5 juice:w-full juice:items-end overflow-x-auto gap-2\" dir=\"auto\" data-message-author-role=\"assistant\" data-message-id=\"741c7138-5f18-4eab-89f3-311362a5bbd8\">\n<div class=\"flex w-full flex-col gap-1 juice:empty:hidden juice:first:pt-[3px]\">\n<div class=\"markdown prose w-full break-words dark:prose-invert dark\">\n<p>Paura tanta, senza dubbio, ma fortunatamente la donna al volante, 41 anni di Taibon,\u00a0 \u00e8 uscita da sola dall&#8217;auto per essere poi accompagnata per accertamenti al Pronto Soccorso del Papa Luciani. L&#8217;incidente \u00e8 avvenuto alle 19:20 in via Dante Alighieri, di fronte all&#8217;ex Veg\u00e8, poco prima del bivio per la casa di soggiorno.<\/p>\n<p>L&#8217;auto, una Suzuki, ha deviato sulla destra colpendo l&#8217;angolo di un muretto di cemento e la recinzione di un&#8217;abitazione, per poi finire ruote all&#8217;aria al centro della carreggiata.<\/p>\n<p><em>&#8220;Abbiamo sentito un colpo, un frastuono e abbiamo temuto il peggio&#8221;<\/em>, raccontano i residenti della zona. Subito dopo, hanno constatato che la donna era uscita autonomamente dall&#8217;auto, in preda al panico post-incidente. I sanitari del Pronto Soccorso di Agordo, giunti immediatamente a Taibon, l&#8217;hanno confortata e trasportata in ospedale per ulteriori controlli, e per medicare comunque le ferite riportate anche per lo scoppio degli airbag.<\/p>\n<p>Sul posto, i Vigili del Fuoco di Agordo si sono occupati della messa in sicurezza del mezzo e della strada.<\/p>\n<\/div>\n<\/div>\n<\/div>\n<\/div>\n<\/div>\n<div class=\"absolute\"><\/div>\n<\/div>\n<\/div>\n<\/div>\n<\/div>\n<\/div>\n<\/div>\n<\/div>\n<\/div>\n<\/div>\n\n\t\t\t<style type='text\/css'>\n\t\t\t\t#gallery-1 {\n\t\t\t\t\tmargin: auto;\n\t\t\t\t}\n\t\t\t\t#gallery-1 .gallery-item {\n\t\t\t\t\tfloat: left;\n\t\t\t\t\tmargin-top: 10px;\n\t\t\t\t\ttext-align: center;\n\t\t\t\t\twidth: 14%;\n\t\t\t\t}\n\t\t\t\t#gallery-1 img {\n\t\t\t\t\tborder: 2px solid #cfcfcf;\n\t\t\t\t}\n\t\t\t\t#gallery-1 .gallery-caption {\n\t\t\t\t\tmargin-left: 0;\n\t\t\t\t}\n\t\t\t\t\/* see gallery_shortcode() in wp-includes\/media.php *\/\n\t\t\t<\/style>\n\t\t<div id='gallery-1' class='dt-gallery-container gallery galleryid-399911 gallery-columns-7 gallery-size-thumbnail'><dl class='gallery-item'>\n\t\t\t\t<dt class='gallery-icon landscape'>\n\t\t\t\t\t<a class=\"rollover rollover-zoom dt-pswp-item\" title=\"30d68be9-d697-47ab-acd9-df05782a0d77\" data-dt-img-description=\"\" data-large_image_width=\"1600\" data-large_image_height=\"900\"href='https:\/\/www.radiopiu.net\/wordpress\/wp-content\/uploads\/2024\/07\/30d68be9-d697-47ab-acd9-df05782a0d77.jpg'><img loading=\"lazy\" decoding=\"async\" width=\"150\" height=\"150\" src=\"https:\/\/www.radiopiu.net\/wordpress\/wp-content\/uploads\/2024\/07\/30d68be9-d697-47ab-acd9-df05782a0d77-150x150.jpg\" class=\"attachment-thumbnail size-thumbnail\" alt=\"\" \/><\/a>\n\t\t\t\t<\/dt><\/dl><dl class='gallery-item'>\n\t\t\t\t<dt class='gallery-icon landscape'>\n\t\t\t\t\t<a class=\"rollover rollover-zoom dt-pswp-item\" title=\"9fa23dd1-6fe4-4a32-add1-a5ef4dff533c\" data-dt-img-description=\"\" data-large_image_width=\"1600\" data-large_image_height=\"900\"href='https:\/\/www.radiopiu.net\/wordpress\/wp-content\/uploads\/2024\/07\/9fa23dd1-6fe4-4a32-add1-a5ef4dff533c.jpg'><img loading=\"lazy\" decoding=\"async\" width=\"150\" height=\"150\" src=\"https:\/\/www.radiopiu.net\/wordpress\/wp-content\/uploads\/2024\/07\/9fa23dd1-6fe4-4a32-add1-a5ef4dff533c-150x150.jpg\" class=\"attachment-thumbnail size-thumbnail\" alt=\"\" \/><\/a>\n\t\t\t\t<\/dt><\/dl><dl class='gallery-item'>\n\t\t\t\t<dt class='gallery-icon landscape'>\n\t\t\t\t\t<a class=\"rollover rollover-zoom dt-pswp-item\" title=\"17693b81-8869-48c8-b135-981954ce363f\" data-dt-img-description=\"\" data-large_image_width=\"1600\" data-large_image_height=\"900\"href='https:\/\/www.radiopiu.net\/wordpress\/wp-content\/uploads\/2024\/07\/17693b81-8869-48c8-b135-981954ce363f.jpg'><img loading=\"lazy\" decoding=\"async\" width=\"150\" height=\"150\" src=\"https:\/\/www.radiopiu.net\/wordpress\/wp-content\/uploads\/2024\/07\/17693b81-8869-48c8-b135-981954ce363f-150x150.jpg\" class=\"attachment-thumbnail size-thumbnail\" alt=\"\" \/><\/a>\n\t\t\t\t<\/dt><\/dl><dl class='gallery-item'>\n\t\t\t\t<dt class='gallery-icon landscape'>\n\t\t\t\t\t<a class=\"rollover rollover-zoom dt-pswp-item\" title=\"fcef9a34-e04b-405d-aac9-bdf2cb555db7\" data-dt-img-description=\"\" data-large_image_width=\"1600\" data-large_image_height=\"900\"href='https:\/\/www.radiopiu.net\/wordpress\/wp-content\/uploads\/2024\/07\/fcef9a34-e04b-405d-aac9-bdf2cb555db7.jpg'><img loading=\"lazy\" decoding=\"async\" width=\"150\" height=\"150\" src=\"https:\/\/www.radiopiu.net\/wordpress\/wp-content\/uploads\/2024\/07\/fcef9a34-e04b-405d-aac9-bdf2cb555db7-150x150.jpg\" class=\"attachment-thumbnail size-thumbnail\" alt=\"\" \/><\/a>\n\t\t\t\t<\/dt><\/dl><dl class='gallery-item'>\n\t\t\t\t<dt class='gallery-icon landscape'>\n\t\t\t\t\t<a class=\"rollover rollover-zoom dt-pswp-item\" title=\"6d73a153-4b2c-4618-abea-69a6b4705bb8\" data-dt-img-description=\"\" data-large_image_width=\"1600\" data-large_image_height=\"900\"href='https:\/\/www.radiopiu.net\/wordpress\/wp-content\/uploads\/2024\/07\/6d73a153-4b2c-4618-abea-69a6b4705bb8-1.jpg'><img loading=\"lazy\" decoding=\"async\" width=\"150\" height=\"150\" src=\"https:\/\/www.radiopiu.net\/wordpress\/wp-content\/uploads\/2024\/07\/6d73a153-4b2c-4618-abea-69a6b4705bb8-1-150x150.jpg\" class=\"attachment-thumbnail size-thumbnail\" alt=\"\" \/><\/a>\n\t\t\t\t<\/dt><\/dl><dl class='gallery-item'>\n\t\t\t\t<dt class='gallery-icon landscape'>\n\t\t\t\t\t<a class=\"rollover rollover-zoom dt-pswp-item\" title=\"8aab1e18-85dd-4eb0-93d5-d92b355b6ad5\" data-dt-img-description=\"\" data-large_image_width=\"1600\" data-large_image_height=\"900\"href='https:\/\/www.radiopiu.net\/wordpress\/wp-content\/uploads\/2024\/07\/8aab1e18-85dd-4eb0-93d5-d92b355b6ad5.jpg'><img loading=\"lazy\" decoding=\"async\" width=\"150\" height=\"150\" src=\"https:\/\/www.radiopiu.net\/wordpress\/wp-content\/uploads\/2024\/07\/8aab1e18-85dd-4eb0-93d5-d92b355b6ad5-150x150.jpg\" class=\"attachment-thumbnail size-thumbnail\" alt=\"\" \/><\/a>\n\t\t\t\t<\/dt><\/dl><dl class='gallery-item'>\n\t\t\t\t<dt class='gallery-icon landscape'>\n\t\t\t\t\t<a class=\"rollover rollover-zoom dt-pswp-item\" title=\"2bace317-ea0e-4f3d-9640-7243293a8da5\" data-dt-img-description=\"\" data-large_image_width=\"1600\" data-large_image_height=\"900\"href='https:\/\/www.radiopiu.net\/wordpress\/wp-content\/uploads\/2024\/07\/2bace317-ea0e-4f3d-9640-7243293a8da5.jpg'><img loading=\"lazy\" decoding=\"async\" width=\"150\" height=\"150\" src=\"https:\/\/www.radiopiu.net\/wordpress\/wp-content\/uploads\/2024\/07\/2bace317-ea0e-4f3d-9640-7243293a8da5-150x150.jpg\" class=\"attachment-thumbnail size-thumbnail\" alt=\"\" \/><\/a>\n\t\t\t\t<\/dt><\/dl><br style=\"clear: both\" \/>\n\t\t\t<\/div>\n\n<p>&nbsp;<\/p>\n<hr \/>\n<p>&nbsp;<\/p>\n<p>&nbsp;<\/p>\n<blockquote>\n<h3><a class=\"dt-pswp-item\" href=\"https:\/\/www.radiopiu.net\/wordpress\/wp-content\/uploads\/2024\/07\/Senza-nome-69.png\" data-dt-img-description=\"\" data-large_image_width=\"224\" data-large_image_height=\"178\"><img loading=\"lazy\" decoding=\"async\" class=\"wp-image-400037 alignleft\" src=\"https:\/\/www.radiopiu.net\/wordpress\/wp-content\/uploads\/2024\/07\/Senza-nome-69.png\" alt=\"\" width=\"142\" height=\"113\" \/><\/a>Addio a Renato Barattin, figura chiave nello sport e nell&#8217;agricoltura dell&#8217;Alpago, ieri l&#8217;ultimo saluto. Il grazie della famiglia all&#8217;associazione Cucchini e Adimed.<\/h3>\n<\/blockquote>\n<p><strong>ALPAGO<\/strong> Renato Barattin, imprenditore e appassionato di sport, \u00e8 morto a 64 anni a causa di una malattia. Proprietario del negozio L&#8217;Agricola Barattin a Puos, era un riferimento per l&#8217;agricoltura e gli animali. Barattin \u00e8 stato anche dirigente dell&#8217;Us Chies e presidente del Gruppo giovani San Martino. Il Comune di Chies e l&#8217;Us Chies lo ricordano come una persona sempre pronta ad aiutare. Lascia la moglie Yaily Maria, Hianny e i fratelli Remo e Caroli<\/p>\n<div class=\"mt-1 flex gap-3 empty:hidden juice:-ml-3\">\n<div class=\"items-center justify-start rounded-xl p-1 flex\">\n<div class=\"flex items-center\">\n<div class=\"flex\"><\/div>\n<div class=\"flex items-center pb-0.5 juice:pb-0\">\n<div class=\"[&amp;_svg]:h-full [&amp;_svg]:w-full icon-md h-4 w-4\"><\/div>\n<\/div>\n<\/div>\n<\/div>\n<\/div>\n<hr \/>\n<p>&nbsp;<\/p>\n<blockquote>\n<h3>SETTEVILLE, VIGILI DEL FUOCO RECUPERANO LA CATENARIA DI UNO SBARRAMENTO FLUVIALE<\/h3>\n<\/blockquote>\n<p><strong>SETTEVILLE<\/strong> i vigili del fuoco del distaccamento di Feltre e i sommozzatori del nucleo regionale di Venezia sono intervenuti nel comune di Setteville in localit\u00e0 Fener per recuperare la catenaria di un\u2019opera idraulica, che garantisce il mantenimento del livello minimo del Piave. A rompersi la catena della paratoia fluviale, finita nel bacino di calma ad una profondit\u00e0 di 4 metri. I sommozzatori dei vigili del fuoco hanno recuperato la catena che \u00e8 stata riportata in superficie e affidata al personale del consorzio bonifica Piave per il ripristino.<\/p>\n\n\t\t\t<style type='text\/css'>\n\t\t\t\t#gallery-2 {\n\t\t\t\t\tmargin: auto;\n\t\t\t\t}\n\t\t\t\t#gallery-2 .gallery-item {\n\t\t\t\t\tfloat: left;\n\t\t\t\t\tmargin-top: 10px;\n\t\t\t\t\ttext-align: center;\n\t\t\t\t\twidth: 33%;\n\t\t\t\t}\n\t\t\t\t#gallery-2 img {\n\t\t\t\t\tborder: 2px solid #cfcfcf;\n\t\t\t\t}\n\t\t\t\t#gallery-2 .gallery-caption {\n\t\t\t\t\tmargin-left: 0;\n\t\t\t\t}\n\t\t\t\t\/* see gallery_shortcode() in wp-includes\/media.php *\/\n\t\t\t<\/style>\n\t\t<div id='gallery-2' class='dt-gallery-container gallery galleryid-399911 gallery-columns-3 gallery-size-thumbnail'><dl class='gallery-item'>\n\t\t\t\t<dt class='gallery-icon landscape'>\n\t\t\t\t\t<a class=\"rollover rollover-zoom dt-pswp-item\" title=\"457d0803-33e9-45b0-a966-abdaae164dc2\" data-dt-img-description=\"\" data-large_image_width=\"1600\" data-large_image_height=\"1200\"href='https:\/\/www.radiopiu.net\/wordpress\/wp-content\/uploads\/2024\/07\/457d0803-33e9-45b0-a966-abdaae164dc2.jpg'><img loading=\"lazy\" decoding=\"async\" width=\"150\" height=\"150\" src=\"https:\/\/www.radiopiu.net\/wordpress\/wp-content\/uploads\/2024\/07\/457d0803-33e9-45b0-a966-abdaae164dc2-150x150.jpg\" class=\"attachment-thumbnail size-thumbnail\" alt=\"\" \/><\/a>\n\t\t\t\t<\/dt><\/dl><dl class='gallery-item'>\n\t\t\t\t<dt class='gallery-icon landscape'>\n\t\t\t\t\t<a class=\"rollover rollover-zoom dt-pswp-item\" title=\"c2853301-66f3-46eb-bb2f-c1463b580955\" data-dt-img-description=\"\" data-large_image_width=\"960\" data-large_image_height=\"720\"href='https:\/\/www.radiopiu.net\/wordpress\/wp-content\/uploads\/2024\/07\/c2853301-66f3-46eb-bb2f-c1463b580955.jpg'><img loading=\"lazy\" decoding=\"async\" width=\"150\" height=\"150\" src=\"https:\/\/www.radiopiu.net\/wordpress\/wp-content\/uploads\/2024\/07\/c2853301-66f3-46eb-bb2f-c1463b580955-150x150.jpg\" class=\"attachment-thumbnail size-thumbnail\" alt=\"\" \/><\/a>\n\t\t\t\t<\/dt><\/dl><dl class='gallery-item'>\n\t\t\t\t<dt class='gallery-icon landscape'>\n\t\t\t\t\t<a class=\"rollover rollover-zoom dt-pswp-item\" title=\"1ebae0b3-241b-46e6-9d93-615621cf78c1\" data-dt-img-description=\"\" data-large_image_width=\"960\" data-large_image_height=\"720\"href='https:\/\/www.radiopiu.net\/wordpress\/wp-content\/uploads\/2024\/07\/1ebae0b3-241b-46e6-9d93-615621cf78c1-1.jpg'><img loading=\"lazy\" decoding=\"async\" width=\"150\" height=\"150\" src=\"https:\/\/www.radiopiu.net\/wordpress\/wp-content\/uploads\/2024\/07\/1ebae0b3-241b-46e6-9d93-615621cf78c1-1-150x150.jpg\" class=\"attachment-thumbnail size-thumbnail\" alt=\"\" \/><\/a>\n\t\t\t\t<\/dt><\/dl><br style=\"clear: both\" \/>\n\t\t\t<\/div>\n\n<p>&nbsp;<\/p>\n<p>&nbsp;<\/p>\n<hr \/>\n<p>&nbsp;<\/p>\n<blockquote>\n<h3>Buio in citt\u00e0: i pedoni si affidano ai telefonini<\/h3>\n<\/blockquote>\n<p><strong>BELLUNO<\/strong> Da sabato sera, un guasto a una cabina elettrica ha lasciato al buio via Roma, piazza Santo Stefano e via Simon da Cusighe. I pedoni, per evitare ostacoli, usano le torce dei telefonini. Il problema dovrebbe essere risolto oggi.<\/p>\n<p>&nbsp;<\/p>\n<p>&nbsp;<\/p>\n<hr \/>\n<p>&nbsp;<\/p>\n<blockquote>\n<h3>DIGA DEL VANOI, ZAIA E BOTTACIN NON LA PENSANO NELLO STESSO MODO<\/h3>\n<\/blockquote>\n<p><strong>VENEZIA<\/strong> Sulla diga del Vanoi Zaia da Breganze ha avuto modo di dire che dovranno essere i tecnici ad approfondire la tematica &#8220;Non si discutono i benefici per il territorio, ma a decidere saranno i tecnici&#8230; La posizione ideologica \u00e8 una <img loading=\"lazy\" decoding=\"async\" class=\"alignleft\" src=\"https:\/\/www.radiopiu.net\/wordpress\/wp-content\/uploads\/2023\/11\/BOTTACIN.png\" width=\"288\" height=\"195\" \/>cosa, quella tecnica un&#8217;altra. Noi paghiamo la storia del Vajont, come andare in Lombardia e parlare di Seveso, fenomeni e fatti storici che pesano. Il tema Vanoi avr\u00e0 l&#8217;ok sulla base delle decisioni dei tecnici, non io O BOTTACIN&#8221;.<\/p>\n<p><strong>A proposito di Gianpaolo Bottacin,<\/strong> assessore alla protezione civile ha ribadito la propria contrariet\u00e0 al progetto dell&#8217;invaso del Vanoi, evidenziando i rischi tecnici e idrogeologici. La Regione parteciper\u00e0 al Dibattito pubblico obbligatorio, sollevando preoccupazioni sulle conseguenze di un eventuale crollo della diga e smottamenti.<\/p>\n<p>&nbsp;<\/p>\n<p>&nbsp;<\/p>\n<p><strong><a class=\"dt-pswp-item\" href=\"https:\/\/www.radiopiu.net\/wordpress\/wp-content\/uploads\/2024\/07\/Senza-nome-68.png\" data-dt-img-description=\"\" data-large_image_width=\"168\" data-large_image_height=\"130\"><img loading=\"lazy\" decoding=\"async\" class=\"size-full wp-image-400035 alignleft\" src=\"https:\/\/www.radiopiu.net\/wordpress\/wp-content\/uploads\/2024\/07\/Senza-nome-68.png\" alt=\"\" width=\"168\" height=\"130\" \/><\/a>DALL&#8217;ALTRA PARTE&#8230;<\/strong><\/p>\n<p>Il Pd attacca, con la mozione di Vanessa Camani in cui si chiede di dire no alla diga\u00a0 poich\u00e9 opera devastante compreso l&#8217;impatto ambientale ed economico. Per Alessandro Del Bianco, segretario provinciale del Pd (foto) <em>&#8220;\u00c8 l&#8217;ora della responsabilit\u00e0 politica: Zaia e Bottacin abbiano il coraggio di prendersela&#8221;.\u00a0<\/em><\/p>\n<p>&nbsp;<\/p>\n<\/div>\n<p>&nbsp;<\/p>\n<hr \/>\n<p>&nbsp;<\/p>\n<blockquote>\n<h3>METALMECCANICI, L\u2019ALLARME DELLA FIM CISL: \u201cIN ALCUNE AZIENDE AUMENTI SALARIALI DEL 6,9% ANNULLATI CON IL TRUCCO DELL\u2019ASSORBIMENTO DEL SUPERMINIMO\u201d<\/h3>\n<\/blockquote>\n<p><strong><a class=\"dt-pswp-item\" href=\"https:\/\/www.radiopiu.net\/wordpress\/wp-content\/uploads\/2018\/05\/lavoro.jpg\" data-dt-img-description=\"\" data-large_image_width=\"1280\" data-large_image_height=\"720\"><img loading=\"lazy\" decoding=\"async\" class=\" wp-image-49672 alignleft\" src=\"https:\/\/www.radiopiu.net\/wordpress\/wp-content\/uploads\/2018\/05\/lavoro-300x169.jpg\" alt=\"\" width=\"208\" height=\"117\" srcset=\"https:\/\/www.radiopiu.net\/wordpress\/wp-content\/uploads\/2018\/05\/lavoro-300x169.jpg 300w, https:\/\/www.radiopiu.net\/wordpress\/wp-content\/uploads\/2018\/05\/lavoro-768x432.jpg 768w, https:\/\/www.radiopiu.net\/wordpress\/wp-content\/uploads\/2018\/05\/lavoro-1024x576.jpg 1024w, https:\/\/www.radiopiu.net\/wordpress\/wp-content\/uploads\/2018\/05\/lavoro.jpg 1280w\" sizes=\"auto, (max-width: 208px) 100vw, 208px\" \/><\/a>BELLUNO<\/strong> Le buste paga di giugno aumenteranno del 6,9% per i lavoratori delle industrie metalmeccaniche grazie agli adeguamenti salariali previsti dal contratto collettivo nazionale in base all&#8217;indice inflazionistico IPCA. Questo si traduce in un aumento di 137,52 \u20ac per il livello C3. La Fim Cisl Belluno Treviso, tramite il segretario Matteo Caregnato, ha lodato aziende come Sest, Copeland Controls, e Mitsubishi per non aver assorbito gli aumenti dai superminimi dei lavoratori. Tuttavia, altre imprese hanno parzialmente o totalmente assorbito gli aumenti contrattuali, scatenando critiche per aver ridotto il riconoscimento economico legato alla professionalit\u00e0 dei lavoratori. La Fim Belluno Treviso, attraverso Mauro Zuglian, ha evidenziato che tali pratiche minano la coesione e l&#8217;impegno lavorativo, spingendo i dipendenti a cercare lavoro altrove. In risposta, \u00e8 stata annunciata una mobilitazione sindacale contro questi assorbimenti degli aumenti contrattuali.<\/p>\n<p><strong>MATTEO CAREGNATO &#8211; FIM CISL BELLUNO<\/strong><\/p>\n<audio class=\"wp-audio-shortcode\" id=\"audio-399911-7\" preload=\"none\" style=\"width: 100%;\" controls=\"controls\"><source type=\"audio\/mpeg\" src=\"https:\/\/www.radiopiu.net\/wordpress\/wp-content\/uploads\/2024\/07\/MATTEO-CAREGNATO-FIM-CISL-BELLUNO.mp3?_=7\" \/><a href=\"https:\/\/www.radiopiu.net\/wordpress\/wp-content\/uploads\/2024\/07\/MATTEO-CAREGNATO-FIM-CISL-BELLUNO.mp3\">https:\/\/www.radiopiu.net\/wordpress\/wp-content\/uploads\/2024\/07\/MATTEO-CAREGNATO-FIM-CISL-BELLUNO.mp3<\/a><\/audio>\n<p>&nbsp;<\/p>\n<p>&nbsp;<\/p>\n<p>&nbsp;<\/p>\n<hr \/>\n<p>&nbsp;<\/p>\n<blockquote>\n<h2>TAVOLO TECNICO SULLA STATALE ALEMAGNA CHIUSA PER FRANA<\/h2>\n<\/blockquote>\n<p><img loading=\"lazy\" decoding=\"async\" class=\"alignleft\" src=\"https:\/\/www.radiopiu.net\/wordpress\/wp-content\/uploads\/2019\/02\/558x312xcasello-autostrada-A27-dolomiti.jpg.pagespeed.ic_.AUYLIYSelj.jpg\" width=\"245\" height=\"137\" \/><\/p>\n<p><strong>VENEZIA<\/strong> La Vicepresidente della Regione Veneto, Elisa De Berti, ha incontrato i sindaci di Vittorio Veneto e Alpago insieme ad Anas, Rfi, Trenitalia e Autostrade per l\u2019Italia per discutere della frana a Fadalto. Anas prevede la riapertura della statale entro tre-quattro settimane. \u00c8 stato anche affrontato il tema dei costi aggiuntivi per i cittadini utilizzatori dell&#8217;autostrada come alternativa, con l&#8217;impegno di trovare soluzioni con il MIT e i concessionari autostradali per esentare dal pedaggio o rimborsare tali costi. De Berti ha ringraziato per i lavori e ha sottolineato l&#8217;importanza delle misure preventive contro rischi idrogeologici<\/p>\n<div class=\"flex flex-grow flex-col max-w-full\">\n<p>&nbsp;<\/p>\n<p>&nbsp;<\/p>\n<hr \/>\n<p>&nbsp;<\/p>\n<blockquote>\n<h2><a class=\"dt-pswp-item\" href=\"https:\/\/www.radiopiu.net\/wordpress\/wp-content\/uploads\/2024\/07\/310dcbfd-7b17-4b13-814e-7d1e954acc59-scaled.jpg\" data-dt-img-description=\"\" data-large_image_width=\"2560\" data-large_image_height=\"1920\"><img loading=\"lazy\" decoding=\"async\" class=\"wp-image-399986 alignleft\" src=\"https:\/\/www.radiopiu.net\/wordpress\/wp-content\/uploads\/2024\/07\/310dcbfd-7b17-4b13-814e-7d1e954acc59-300x225.jpg\" alt=\"\" width=\"216\" height=\"162\" srcset=\"https:\/\/www.radiopiu.net\/wordpress\/wp-content\/uploads\/2024\/07\/310dcbfd-7b17-4b13-814e-7d1e954acc59-300x225.jpg 300w, https:\/\/www.radiopiu.net\/wordpress\/wp-content\/uploads\/2024\/07\/310dcbfd-7b17-4b13-814e-7d1e954acc59-1024x768.jpg 1024w, https:\/\/www.radiopiu.net\/wordpress\/wp-content\/uploads\/2024\/07\/310dcbfd-7b17-4b13-814e-7d1e954acc59-768x576.jpg 768w, https:\/\/www.radiopiu.net\/wordpress\/wp-content\/uploads\/2024\/07\/310dcbfd-7b17-4b13-814e-7d1e954acc59-1536x1152.jpg 1536w, https:\/\/www.radiopiu.net\/wordpress\/wp-content\/uploads\/2024\/07\/310dcbfd-7b17-4b13-814e-7d1e954acc59-2048x1536.jpg 2048w\" sizes=\"auto, (max-width: 216px) 100vw, 216px\" \/><\/a>\u00a0finanziamento per il nuovo parco Belluno<\/h2>\n<\/blockquote>\n<p><strong>BELLUNO<\/strong> Raccolti nel capoluogo i 400mila euro per la realizzazione del nuovo parco giochi inclusivo ispirato a Peter Pan: a sostenere l&#8217;idea, proposta dall&#8217;Associazione Vigili del Fuoco, tanti privati, a partire dalla Fondazione De Rigo.<\/p>\n<p><strong>di DANIELE DALVIT<\/strong><\/p>\n<audio class=\"wp-audio-shortcode\" id=\"audio-399911-8\" preload=\"none\" style=\"width: 100%;\" controls=\"controls\"><source type=\"audio\/mpeg\" src=\"https:\/\/www.radiopiu.net\/wordpress\/wp-content\/uploads\/2024\/07\/Servizio-Raggiunto-finanziamento-nuovo-parco-Belluno.mp3?_=8\" \/><a href=\"https:\/\/www.radiopiu.net\/wordpress\/wp-content\/uploads\/2024\/07\/Servizio-Raggiunto-finanziamento-nuovo-parco-Belluno.mp3\">https:\/\/www.radiopiu.net\/wordpress\/wp-content\/uploads\/2024\/07\/Servizio-Raggiunto-finanziamento-nuovo-parco-Belluno.mp3<\/a><\/audio>\n<p>&nbsp;<\/p>\n<\/div>\n<hr \/>\n<p>&nbsp;<\/p>\n<blockquote>\n<h3>IL PREFETTO ANTONELLO ROCCOBERTON FA VISITA AL SINDACO DI BELLUNO<\/h3>\n<\/blockquote>\n<p><strong><a class=\"dt-pswp-item\" href=\"https:\/\/www.radiopiu.net\/wordpress\/wp-content\/uploads\/2024\/07\/Incontro-prefetto-Roccoberton_1-scaled.jpg\" data-dt-img-description=\"\" data-large_image_width=\"2560\" data-large_image_height=\"1920\"><img loading=\"lazy\" decoding=\"async\" class=\" wp-image-399949 alignleft\" src=\"https:\/\/www.radiopiu.net\/wordpress\/wp-content\/uploads\/2024\/07\/Incontro-prefetto-Roccoberton_1-300x225.jpg\" alt=\"\" width=\"163\" height=\"122\" srcset=\"https:\/\/www.radiopiu.net\/wordpress\/wp-content\/uploads\/2024\/07\/Incontro-prefetto-Roccoberton_1-300x225.jpg 300w, https:\/\/www.radiopiu.net\/wordpress\/wp-content\/uploads\/2024\/07\/Incontro-prefetto-Roccoberton_1-1024x768.jpg 1024w, https:\/\/www.radiopiu.net\/wordpress\/wp-content\/uploads\/2024\/07\/Incontro-prefetto-Roccoberton_1-768x576.jpg 768w, https:\/\/www.radiopiu.net\/wordpress\/wp-content\/uploads\/2024\/07\/Incontro-prefetto-Roccoberton_1-1536x1152.jpg 1536w, https:\/\/www.radiopiu.net\/wordpress\/wp-content\/uploads\/2024\/07\/Incontro-prefetto-Roccoberton_1-2048x1536.jpg 2048w\" sizes=\"auto, (max-width: 163px) 100vw, 163px\" \/><\/a>BELLUNO<\/strong> Il Sindaco di Belluno, Oscar De Pellegrin, ha incontrato il nuovo Prefetto di Belluno, Antonello Roccoberton, a Palazzo Rosso. Durante l&#8217;incontro, definito dal sindaco come interessante e costruttivo, sono state poste le basi per una collaborazione attiva e proficua per il bene della citt\u00e0. Tra i temi discussi vi sono state le Olimpiadi e Paralimpiadi 2026, e altri argomenti importanti per il territorio. De Pellegrin ha elogiato il nuovo Prefetto per la sua preparazione e impegno, ringraziando il precedente Prefetto, Mariano Savastano, per il suo lavoro collaborativo con la provincia, e augurando buon lavoro a Roccoberton.<\/p>\n<p>&nbsp;<\/p>\n<p>&nbsp;<\/p>\n<hr \/>\n<p>&nbsp;<\/p>\n<blockquote>\n<h3><a class=\"dt-pswp-item\" href=\"https:\/\/www.radiopiu.net\/wordpress\/wp-content\/uploads\/2024\/07\/Demolizione-caserma-vigili-del-fuoco.jpg\" data-dt-img-description=\"\" data-large_image_width=\"1200\" data-large_image_height=\"1600\"><img loading=\"lazy\" decoding=\"async\" class=\" wp-image-399952 alignleft\" src=\"https:\/\/www.radiopiu.net\/wordpress\/wp-content\/uploads\/2024\/07\/Demolizione-caserma-vigili-del-fuoco-225x300.jpg\" alt=\"\" width=\"158\" height=\"211\" srcset=\"https:\/\/www.radiopiu.net\/wordpress\/wp-content\/uploads\/2024\/07\/Demolizione-caserma-vigili-del-fuoco-225x300.jpg 225w, https:\/\/www.radiopiu.net\/wordpress\/wp-content\/uploads\/2024\/07\/Demolizione-caserma-vigili-del-fuoco-768x1024.jpg 768w, https:\/\/www.radiopiu.net\/wordpress\/wp-content\/uploads\/2024\/07\/Demolizione-caserma-vigili-del-fuoco-1152x1536.jpg 1152w, https:\/\/www.radiopiu.net\/wordpress\/wp-content\/uploads\/2024\/07\/Demolizione-caserma-vigili-del-fuoco.jpg 1200w\" sizes=\"auto, (max-width: 158px) 100vw, 158px\" \/><\/a>INIZIATA LA DEMOLIZIONE DELL&#8217;EX CASERMA DEI VIGILI DEL FUOCO DI BELLUNO<\/h3>\n<\/blockquote>\n<p><strong>BELLUNO <\/strong>Ieri mattina \u00e8 iniziata la demolizione dell&#8217;ex caserma dei Vigili del Fuoco in via Gregorio XVI a Mussoi, seguita dalla costruzione di un nuovo edificio per uffici comunali e associazioni. Il Sindaco Oscar De Pellegrin ha definito l&#8217;opera strategica per offrire servizi pi\u00f9 funzionali e accoglienti. L&#8217;investimento di 5 milioni di euro \u00e8 finanziato dai fondi PNRR, con la ditta Tollot Srl responsabile dei lavori. Il cantiere ha comportato il restringimento della strada e l&#8217;introduzione di un senso unico alternato per 15 giorni. Dopo la demolizione, prevista in due fasi, l&#8217;area sar\u00e0 preparata per la costruzione del nuovo edificio, con fine lavori prevista per fine 2025. L&#8217;Assessore ai Lavori Pubblici, Franco Roccon, ha espresso soddisfazione per l&#8217;avvio del progetto.<\/p>\n<p>&nbsp;<\/p>\n<hr \/>\n<p>&nbsp;<\/p>\n<h3 style=\"text-align: left;\"><a class=\"dt-pswp-item\" href=\"https:\/\/www.radiopiu.net\/wordpress\/wp-content\/uploads\/2024\/07\/Senza-nome-67.png\" data-dt-img-description=\"\" data-large_image_width=\"162\" data-large_image_height=\"109\"><img loading=\"lazy\" decoding=\"async\" class=\"size-full wp-image-400033 alignleft\" src=\"https:\/\/www.radiopiu.net\/wordpress\/wp-content\/uploads\/2024\/07\/Senza-nome-67.png\" alt=\"\" width=\"162\" height=\"109\" \/><\/a>Rilevazione dei flussi di traffico<\/h3>\n<p><strong>BELLUNO<\/strong> Redas Engineering avvia la seconda rilevazione dei flussi di traffico a luglio. Dopo lo studio primaverile, ora si valutano i cambiamenti con le scuole chiuse e l&#8217;afflusso turistico. I dati, raccolti con sensori e telecamere, serviranno per il Piano urbano della mobilit\u00e0 sostenibile e possibili modifiche alla viabilit\u00e0.<\/p>\n<p>&nbsp;<\/p>\n<hr \/>\n<p>&nbsp;<\/p>\n<blockquote>\n<h1 class=\"_title post-title entry-title\"><a class=\"dt-pswp-item\" href=\"https:\/\/www.radiopiu.net\/wordpress\/wp-content\/uploads\/2023\/12\/ANTENNA.png\" data-dt-img-description=\"\" data-large_image_width=\"300\" data-large_image_height=\"166\"><img loading=\"lazy\" decoding=\"async\" class=\" wp-image-366306 alignleft\" src=\"https:\/\/www.radiopiu.net\/wordpress\/wp-content\/uploads\/2023\/12\/ANTENNA.png\" alt=\"\" width=\"242\" height=\"134\" \/><\/a>ORIZZONTE FUTURO, LE SFIDE DELLA SOSTENIBILITA\u2019 E L\u2019OPPORTUNITA\u2019 DELLE OLIMPIADI<\/h1>\n<\/blockquote>\n<p>Intervistati CLAUDIA SCARZANELLA (PRESIDENTE CONFARTIGIANATO BELLUNO), MARCO GRANELLI (PRESIDENTE NAZIONALE CONFARTIGIANATO), LUCA DE CARLO (PRESIDENTE COMMISSIONE INDUSTRIA AGRICOLTURA TURISMO SENATO), MARIO POZZA (PRESIDENTE CCIAA BELLUNO TREVISO), DANIELA SANTANCHE\u2019 (MINISTRA AL TURISMO) (Servizio di\u00a0<a href=\"https:\/\/antennatre.medianordest.it\/redazione\/Tiziana-Bolognani\/\">Tiziana Bolognani<\/a>)<\/p>\n<p><iframe loading=\"lazy\" title=\"ORIZZONTE FUTURO, LE SFIDE DELLA SOSTENIBILITA&#039; E L&#039;OPPORTUNITA&#039; DELLE OLIMPIADI | 16\/07\/2024\" width=\"1200\" height=\"675\" src=\"https:\/\/www.youtube.com\/embed\/jtT8QtzaUGM?feature=oembed\" frameborder=\"0\" allow=\"accelerometer; autoplay; clipboard-write; encrypted-media; gyroscope; picture-in-picture; web-share\" referrerpolicy=\"strict-origin-when-cross-origin\" allowfullscreen><\/iframe><\/p>\n<p>&nbsp;<\/p>\n<p>&nbsp;<\/p>\n<hr \/>\n<p>&nbsp;<\/p>\n<blockquote>\n<h3 class=\"titolonews\">MARCO PAOLINI CON LA REGIONE DEL VENETO PRESENTANO A VENEZIA \u201cMAR DE MOLADA\u201d,<\/h3>\n<\/blockquote>\n<p><strong><a class=\"dt-pswp-item\" href=\"https:\/\/www.radiopiu.net\/wordpress\/wp-content\/uploads\/2024\/07\/th-8.jpg\" data-dt-img-description=\"\" data-large_image_width=\"264\" data-large_image_height=\"180\"><img loading=\"lazy\" decoding=\"async\" class=\" wp-image-399983 alignleft\" src=\"https:\/\/www.radiopiu.net\/wordpress\/wp-content\/uploads\/2024\/07\/th-8.jpg\" alt=\"\" width=\"219\" height=\"149\" \/><\/a>VENEZIA\u00a0<\/strong> Marco Paolini, rinomato attore e narratore, presenta il suo nuovo progetto teatrale &#8220;Mar de Molada&#8221;, sostenuto dalla Regione del Veneto e Veneto Agricoltura. Il progetto si sviluppa lungo il bacino del Piave, dall&#8217;alta montagna fino alla laguna di Venezia, con quattro tappe durante i fine settimana da met\u00e0 settembre a inizio ottobre. Paolini intende esplorare il territorio attraverso un racconto corale che valorizza l&#8217;importanza dell&#8217;acqua per lo sviluppo sostenibile ed economico della regione. Il progetto non solo celebra i paesaggi naturali ma anche sensibilizza sulle tematiche ambientali, promuovendo la prevenzione civile. Ogni tappa, arricchita da performance teatrali, musica e interazioni con esperti, offre un&#8217;occasione unica per riflettere sul legame tra l&#8217;uomo e i fiumi veneti, enfatizzando la fragilit\u00e0 e la necessit\u00e0 di proteggere il territorio. &#8220;Mar de Molada&#8221; mira a coinvolgere la comunit\u00e0 locale e i visitatori nella salvaguardia ambientale attraverso un&#8217;esperienza culturale e educativa immersiva. Primo appuntamento 14 settembre a Malga Ciapela, 21 settembre San Gottardo-Certosa di Vedana Sospirolo.<\/p>\n<p>&nbsp;<\/p>\n<hr \/>\n<p>&nbsp;<\/p>\n<blockquote>\n<h3>INIZIATO IL PROGETTO DI INSERIMENTO E ADDESTRAMENTO ALL&#8217;UTILIZZO DI LUCAS<\/h3>\n<\/blockquote>\n<p><strong><a class=\"dt-pswp-item\" href=\"https:\/\/www.radiopiu.net\/wordpress\/wp-content\/uploads\/2024\/07\/PHOTO-2024-07-13-Presentazione-Zoldo.jpg\" data-dt-img-description=\"\" data-large_image_width=\"2040\" data-large_image_height=\"1530\"><img loading=\"lazy\" decoding=\"async\" class=\" wp-image-399947 alignleft\" src=\"https:\/\/www.radiopiu.net\/wordpress\/wp-content\/uploads\/2024\/07\/PHOTO-2024-07-13-Presentazione-Zoldo-300x225.jpg\" alt=\"\" width=\"195\" height=\"146\" srcset=\"https:\/\/www.radiopiu.net\/wordpress\/wp-content\/uploads\/2024\/07\/PHOTO-2024-07-13-Presentazione-Zoldo-300x225.jpg 300w, https:\/\/www.radiopiu.net\/wordpress\/wp-content\/uploads\/2024\/07\/PHOTO-2024-07-13-Presentazione-Zoldo-1024x768.jpg 1024w, https:\/\/www.radiopiu.net\/wordpress\/wp-content\/uploads\/2024\/07\/PHOTO-2024-07-13-Presentazione-Zoldo-768x576.jpg 768w, https:\/\/www.radiopiu.net\/wordpress\/wp-content\/uploads\/2024\/07\/PHOTO-2024-07-13-Presentazione-Zoldo-1536x1152.jpg 1536w, https:\/\/www.radiopiu.net\/wordpress\/wp-content\/uploads\/2024\/07\/PHOTO-2024-07-13-Presentazione-Zoldo.jpg 2040w\" sizes=\"auto, (max-width: 195px) 100vw, 195px\" \/><\/a>VAL DI ZOLDO<\/strong> Sabato \u00e8 stato inaugurato il progetto pilota di formazione sull&#8217;uso del dispositivo Lucas, uno strumento per compressione toracica automatica donato a Dolomiti Emergency. Presso la sede della Croce Verde della Val di Zoldo, ogni weekend fino al 1\u00b0 settembre, un infermiere istruir\u00e0 i volontari sull&#8217;uso del massaggiatore cardiaco. Il sindaco Camillo De Pellegrin e il presidente Laura Menegus hanno espresso soddisfazione per il progetto, ideato dal consigliere Moris Martini e sviluppato dalla dott.ssa Chiara Da Damos con Ines Bernard e Sara Cavalet. L&#8217;obiettivo \u00e8 migliorare la qualit\u00e0 della rianimazione cardiopolmonare durante il trasporto verso l&#8217;ospedale, specialmente nei weekend estivi con alta affluenza turistica. Paola Talin ha dimostrato l&#8217;uso del dispositivo, e il presidente ha ringraziato tutti i collaboratori.<\/p>\n<p>&nbsp;<\/p>\n<p>&nbsp;<\/p>\n<hr \/>\n<p>&nbsp;<\/p>\n<blockquote>\n<h3>MAGNALONGA DIMEZZATA: LA MINORANZA CHIEDE LUMI<\/h3>\n<\/blockquote>\n<p><strong><a class=\"dt-pswp-item\" href=\"https:\/\/www.radiopiu.net\/wordpress\/wp-content\/uploads\/2021\/07\/slider-1_magnalonga2019.png\" data-dt-img-description=\"\" data-large_image_width=\"1920\" data-large_image_height=\"700\"><img loading=\"lazy\" decoding=\"async\" class=\" wp-image-219277 alignleft\" src=\"https:\/\/www.radiopiu.net\/wordpress\/wp-content\/uploads\/2021\/07\/slider-1_magnalonga2019-300x109.png\" alt=\"\" width=\"206\" height=\"75\" srcset=\"https:\/\/www.radiopiu.net\/wordpress\/wp-content\/uploads\/2021\/07\/slider-1_magnalonga2019-300x109.png 300w, https:\/\/www.radiopiu.net\/wordpress\/wp-content\/uploads\/2021\/07\/slider-1_magnalonga2019-1024x373.png 1024w, https:\/\/www.radiopiu.net\/wordpress\/wp-content\/uploads\/2021\/07\/slider-1_magnalonga2019-768x280.png 768w, https:\/\/www.radiopiu.net\/wordpress\/wp-content\/uploads\/2021\/07\/slider-1_magnalonga2019-1536x560.png 1536w, https:\/\/www.radiopiu.net\/wordpress\/wp-content\/uploads\/2021\/07\/slider-1_magnalonga2019.png 1920w\" sizes=\"auto, (max-width: 206px) 100vw, 206px\" \/><\/a>LIMANA<\/strong> L&#8217;edizione 2024 della Limana Magnalonga Valmorel \u00e8 stata ridotta significativamente, da mille a meno di cinquecento partecipanti, da due giornate a una e da cinque giri a uno, suscitando la delusione del gruppo di minoranza Oltre Limana. I consiglieri hanno criticato l&#8217;amministrazione attuale per aver incolpato ingiustamente un&#8217;attivit\u00e0 agrituristica locale. L&#8217;ex sindaco Milena De Zanet ha spiegato che l&#8217;evento era stato organizzato nei minimi dettagli prima della fine del loro mandato. Tuttavia, la nuova amministrazione ha deciso di cancellare parte dell&#8217;evento senza consultare adeguatamente gli organizzatori precedenti. La decisione \u00e8 stata presa a causa dell&#8217;impossibilit\u00e0 di svolgere una tappa a Pian de Le Femene, ma secondo l&#8217;ex vicesindaco Alex Segat, si sarebbero potute trovare soluzioni alternative. Il gruppo Oltre Limana ha chiesto chiarimenti al Sindaco, accusando l&#8217;amministrazione di scaricare le responsabilit\u00e0 e di danneggiare un&#8217;importante manifestazione per la comunit\u00e0.<\/p>\n<p>&nbsp;<\/p>\n<hr \/>\n<p>&nbsp;<\/p>\n<div class=\"flex flex-grow flex-col max-w-full\">\n<div class=\"min-h-[20px] text-message flex flex-col items-start whitespace-pre-wrap break-words [.text-message+&amp;]:mt-5 juice:w-full juice:items-end overflow-x-auto gap-2\" dir=\"auto\" data-message-author-role=\"assistant\" data-message-id=\"588f5489-06db-45ce-9b3a-e838b9593c63\">\n<div class=\"flex w-full flex-col gap-1 juice:empty:hidden juice:first:pt-[3px]\">\n<div class=\"markdown prose w-full break-words dark:prose-invert dark\">\n<blockquote>\n<h3><a class=\"dt-pswp-item\" href=\"https:\/\/www.radiopiu.net\/wordpress\/wp-content\/uploads\/2024\/07\/Senza-nome-65.png\" data-dt-img-description=\"\" data-large_image_width=\"302\" data-large_image_height=\"190\"><img loading=\"lazy\" decoding=\"async\" class=\"wp-image-399965 alignleft\" src=\"https:\/\/www.radiopiu.net\/wordpress\/wp-content\/uploads\/2024\/07\/Senza-nome-65-300x189.png\" alt=\"\" width=\"143\" height=\"90\" srcset=\"https:\/\/www.radiopiu.net\/wordpress\/wp-content\/uploads\/2024\/07\/Senza-nome-65-300x189.png 300w, https:\/\/www.radiopiu.net\/wordpress\/wp-content\/uploads\/2024\/07\/Senza-nome-65.png 302w\" sizes=\"auto, (max-width: 143px) 100vw, 143px\" \/><\/a>Approvato il Museo del Ricordo a Roma: Soddisfazione del Comitato 10 Febbraio<\/h3>\n<\/blockquote>\n<\/div>\n<\/div>\n<\/div>\n<\/div>\n<div class=\"mt-1 flex gap-3 empty:hidden juice:-ml-3\">\n<div class=\"items-center justify-start rounded-xl p-1 flex\">\n<div class=\"flex items-center\">\n<div class=\"flex\"><strong>ROMA<\/strong> \u00a0Il Comitato 10 Febbraio esprime soddisfazione per l&#8217;approvazione unanime della commissione Cultura del Senato al disegno di legge per l&#8217;istituzione a Roma del Museo del Ricordo. Il presidente Silvano Olmi (foto) ringrazia Giorgia Meloni, Gennaro Sangiuliano e Francesco Rocca. Il Museo sar\u00e0 dedicato alle vittime delle foibe e dell&#8217;esodo dall&#8217;Italia orientale, con spazi previsti anche per commemorare altre vittime dei regimi di Tito.<\/div>\n<div class=\"flex items-center pb-0.5 juice:pb-0\">\n<div class=\"[&amp;_svg]:h-full [&amp;_svg]:w-full icon-md h-4 w-4\"><\/div>\n<div>\n<hr \/>\n<\/div>\n<div><\/div>\n<div>\n<blockquote>\n<h3><strong>Pozza: &#8220;investiamo sulla formazione universitaria per rendere attrattivo il territorio per i giovani e quale volano per l\u2019economia delle imprese&#8221;.<\/strong><\/h3>\n<\/blockquote>\n<\/div>\n<p><strong><a class=\"dt-pswp-item\" href=\"https:\/\/www.radiopiu.net\/wordpress\/wp-content\/uploads\/2024\/07\/th-7.jpg\" data-dt-img-description=\"\" data-large_image_width=\"270\" data-large_image_height=\"180\"><img loading=\"lazy\" decoding=\"async\" class=\"size-full wp-image-399978 alignleft\" src=\"https:\/\/www.radiopiu.net\/wordpress\/wp-content\/uploads\/2024\/07\/th-7.jpg\" alt=\"\" width=\"270\" height=\"180\" \/><\/a>TREVISO<\/strong> Il Presidente della Camera di Commercio di Treviso \u2013 Belluno|Dolomiti, Mario Pozza, esprime soddisfazione per l&#8217;accordo tra il Comune di Treviso e l&#8217;Universit\u00e0 Ca&#8217; Foscari. Questa collaborazione rafforza le iniziative della Camera di Commercio, promuovendo la formazione universitaria come motore per l&#8217;economia locale e preparando i giovani alle sfide globali. Gli investimenti per ampliare gli spazi universitari renderanno Treviso un polo accademico attrattivo, potenziando l&#8217;offerta formativa e l&#8217;innovazione. Il partenariato ha gi\u00e0 avviato tirocini formativi retribuiti per laureandi, facilitando l&#8217;inserimento nel mondo del lavoro pubblico e privato. Il progetto include la creazione di laboratori per Export Manager, promuovendo l&#8217;internazionalizzazione. La futura donazione del patrimonio librario alla Ca&#8217; Foscari e le nuove strutture a supporto degli studenti confermano l&#8217;impegno per un campus dinamico e all&#8217;avanguardia.<\/p>\n<div><\/div>\n<\/div>\n<\/div>\n<\/div>\n<\/div>\n<p>&nbsp;<\/p>\n<hr \/>\n<p>&nbsp;<\/p>\n<p>&nbsp;<\/p>\n<p><strong><a class=\"dt-pswp-item\" href=\"https:\/\/www.radiopiu.net\/wordpress\/wp-content\/uploads\/2024\/07\/PHOTO-2024-07-13-Presentazione-Zoldo-1.jpg\" data-dt-img-description=\"\" data-large_image_width=\"2040\" data-large_image_height=\"1530\"><img loading=\"lazy\" decoding=\"async\" class=\"wp-image-399977 alignleft\" src=\"https:\/\/www.radiopiu.net\/wordpress\/wp-content\/uploads\/2024\/07\/PHOTO-2024-07-13-Presentazione-Zoldo-1-300x225.jpg\" alt=\"\" width=\"179\" height=\"134\" srcset=\"https:\/\/www.radiopiu.net\/wordpress\/wp-content\/uploads\/2024\/07\/PHOTO-2024-07-13-Presentazione-Zoldo-1-300x225.jpg 300w, https:\/\/www.radiopiu.net\/wordpress\/wp-content\/uploads\/2024\/07\/PHOTO-2024-07-13-Presentazione-Zoldo-1-1024x768.jpg 1024w, https:\/\/www.radiopiu.net\/wordpress\/wp-content\/uploads\/2024\/07\/PHOTO-2024-07-13-Presentazione-Zoldo-1-768x576.jpg 768w, https:\/\/www.radiopiu.net\/wordpress\/wp-content\/uploads\/2024\/07\/PHOTO-2024-07-13-Presentazione-Zoldo-1-1536x1152.jpg 1536w, https:\/\/www.radiopiu.net\/wordpress\/wp-content\/uploads\/2024\/07\/PHOTO-2024-07-13-Presentazione-Zoldo-1.jpg 2040w\" sizes=\"auto, (max-width: 179px) 100vw, 179px\" \/><\/a>Inaugurato il Progetto per il Massaggio Cardiaco Automatico<\/strong><\/p>\n<p>&nbsp;<\/p>\n<p><strong>VAL DI ZOLDO<\/strong> E&#8217; stato inaugurato il nuovo progetto Dolomiti Emergency presso la sede della Croce Verde della Val di Zoldo. Il progetto pilota introduce l&#8217;uso dello strumento LUCAS\u00ae per il massaggio cardiaco automatico, donato all\u2019Associazione. Ogni weekend fino al 1\u00b0 settembre, un infermiere istruir\u00e0 i volontari sull&#8217;utilizzo del dispositivo. Dopo i saluti del Sindaco Camillo De Pellegrin, la Presidente Laura Menegus ha espresso soddisfazione per l&#8217;avvio del progetto, inizialmente proposto per l&#8217;acquisto dello strumento e ora esteso alla formazione. Lo scopo \u00e8 migliorare la rianimazione cardiopolmonare durante il trasporto verso l&#8217;ospedale, essenziale nel territorio zoldano con lunghi tempi di percorrenza<\/p>\n<div class=\"mt-1 flex gap-3 empty:hidden juice:-ml-3\">\n<div class=\"items-center justify-start rounded-xl p-1 flex\">\n<div class=\"flex items-center\">\n<div class=\"flex items-center pb-0.5 juice:pb-0\">\n<div class=\"[&amp;_svg]:h-full [&amp;_svg]:w-full icon-md h-4 w-4\"><\/div>\n<\/div>\n<\/div>\n<\/div>\n<\/div>\n<p>&nbsp;<\/p>\n<p>&nbsp;<\/p>\n<hr \/>\n<p>&nbsp;<\/p>\n<h2><span style=\"color: #ff0000;\">CONSIGLI COMUNALI IN AGORDINO<\/span><\/h2>\n<p><strong>LA VALLE <\/strong>Consiglio comunale gioved\u00ec alle 18:30. Sette punti in programma tra cui la nomina dei rappresentanti per il consiglio dell&#8217;Unione Montana Agordina, il bilnacio di previsione 2024\/2026, la presentazione del DUP e l&#8217;approvazione del bilancio di ASCA.<\/p>\n<p>&nbsp;<\/p>\n<p>&nbsp;<\/p>\n<hr \/>\n<p>&nbsp;<\/p>\n<blockquote>\n<h3>SOSPIROLO TRA LEGGENDE E MISTERI<\/h3>\n<\/blockquote>\n<p><strong><a class=\"dt-pswp-item\" href=\"https:\/\/www.radiopiu.net\/wordpress\/wp-content\/uploads\/2024\/07\/premiati-23-scaled.jpeg\" data-dt-img-description=\"\" data-large_image_width=\"2560\" data-large_image_height=\"1707\"><img loading=\"lazy\" decoding=\"async\" class=\" wp-image-398974 alignleft\" src=\"https:\/\/www.radiopiu.net\/wordpress\/wp-content\/uploads\/2024\/07\/premiati-23-300x200.jpeg\" alt=\"\" width=\"158\" height=\"105\" srcset=\"https:\/\/www.radiopiu.net\/wordpress\/wp-content\/uploads\/2024\/07\/premiati-23-300x200.jpeg 300w, https:\/\/www.radiopiu.net\/wordpress\/wp-content\/uploads\/2024\/07\/premiati-23-1024x683.jpeg 1024w, https:\/\/www.radiopiu.net\/wordpress\/wp-content\/uploads\/2024\/07\/premiati-23-768x512.jpeg 768w, https:\/\/www.radiopiu.net\/wordpress\/wp-content\/uploads\/2024\/07\/premiati-23-1536x1024.jpeg 1536w, https:\/\/www.radiopiu.net\/wordpress\/wp-content\/uploads\/2024\/07\/premiati-23-2048x1365.jpeg 2048w\" sizes=\"auto, (max-width: 158px) 100vw, 158px\" \/><\/a>SOSPIROLO<\/strong> La Pro loco &#8220;Monti del Sole&#8221; e il Comune di Sospirolo indicono la 15esima edizione del concorso letterario \u201cSospirolo tra leggende e misteri\u201d, dedicato allo zodiaco e alla figura di Girolamo Segato. Il concorso, aperto ai nati e\/o residenti nel Triveneto, invita a scrivere racconti brevi inediti sul tema dello zodiaco, comprendendo aspetti astronomici, mitici e antropologici. Due le sezioni: A) per singoli di 6-14 anni o lavori scolastici di gruppo, e B) per partecipanti dai 15 anni. Premi in denaro fino a 500 euro e attestati di partecipazione. I vincitori saranno pubblicati su &#8220;il Veses&#8221;. Scadenza: 19 ottobre. Info su <a href=\"http:\/\/www.sospirolo.net\" target=\"_new\" rel=\"noreferrer noopener\">www.sospirolo.net<\/a>.<\/p>\n<p>&nbsp;<\/p>\n<hr \/>\n<p>&nbsp;<\/p>\n<blockquote>\n<h3>SOSPIROLO DI SOSTENIBILITA&#8217;<\/h3>\n<\/blockquote>\n<p><strong><a class=\"dt-pswp-item\" href=\"https:\/\/www.radiopiu.net\/wordpress\/wp-content\/uploads\/2024\/07\/SCR-20240713-mmjm.png\" data-dt-img-description=\"\" data-large_image_width=\"1372\" data-large_image_height=\"720\"><img loading=\"lazy\" decoding=\"async\" class=\" wp-image-399394 alignleft\" src=\"https:\/\/www.radiopiu.net\/wordpress\/wp-content\/uploads\/2024\/07\/SCR-20240713-mmjm-300x157.png\" alt=\"\" width=\"170\" height=\"89\" srcset=\"https:\/\/www.radiopiu.net\/wordpress\/wp-content\/uploads\/2024\/07\/SCR-20240713-mmjm-300x157.png 300w, https:\/\/www.radiopiu.net\/wordpress\/wp-content\/uploads\/2024\/07\/SCR-20240713-mmjm-1024x537.png 1024w, https:\/\/www.radiopiu.net\/wordpress\/wp-content\/uploads\/2024\/07\/SCR-20240713-mmjm-768x403.png 768w, https:\/\/www.radiopiu.net\/wordpress\/wp-content\/uploads\/2024\/07\/SCR-20240713-mmjm.png 1372w\" sizes=\"auto, (max-width: 170px) 100vw, 170px\" \/><\/a>SOSPIROLO<\/strong> La Biblioteca del Comune di Sospirolo e i volontari del programma ESC &#8220;Together against food waste&#8221; organizzano una mini-rassegna cineforum per sensibilizzare sui temi del cambiamento climatico e degli sprechi alimentari. Rivolta a bambini e ragazzi dagli 8 anni, l&#8217;iniziativa include la proiezione gratuita di film come &#8220;Koda, fratello orso&#8221;, &#8220;Wall-e&#8221; e &#8220;2024: un pianeta da salvare&#8221;. Gli eventi, che si terranno dal 18 al 20 luglio, prevedono laboratori manuali, attivit\u00e0 di ricerca nel bosco e costruzione di aquiloni. Partecipano animatori internazionali che favoriranno conversazioni in inglese. Le attivit\u00e0 culminano con un brunch comunitario sabato mattina.<\/p>\n<p>&nbsp;<\/p>\n<p>&nbsp;<\/p>\n<hr \/>\n<p>&nbsp;<\/p>\n<div>\n<blockquote>\n<h2><img loading=\"lazy\" decoding=\"async\" class=\"alignleft\" src=\"https:\/\/www.radiopiu.net\/wordpress\/wp-content\/uploads\/2024\/07\/Senza-nome-28.png\" width=\"162\" height=\"118\" \/><\/h2>\n<h2><strong>Festeggiamenti Bicentenario Cavalier Don Antonio Della Lucia<\/strong><\/h2>\n<\/blockquote>\n<p><strong>CANALE D&#8217;AGORDO<\/strong> La Fondazione Papa Luciani, con Comune e Parrocchia di Canale d&#8217;Agordo, organizza i festeggiamenti conclusivi per il bicentenario della nascita del Cavalier Don Antonio Della Lucia, il 19 luglio 2024 a Canale d&#8217;Agordo e Caviola di Falcade.<\/p>\n<\/div>\n<div>\u00a0LORIS SERAFINI \u00a0direttore della Fondazione Papa Luciani di\u00a0<b>Canale<\/b>\u00a0<b>d<\/b>\u2019<b>Agordo<\/b><br \/>\n<audio class=\"wp-audio-shortcode\" id=\"audio-399911-9\" preload=\"none\" style=\"width: 100%;\" controls=\"controls\"><source type=\"audio\/mpeg\" src=\"https:\/\/www.radiopiu.net\/wordpress\/wp-content\/uploads\/2024\/07\/loris-serafini-don-antonio.mp3?_=9\" \/><a href=\"https:\/\/www.radiopiu.net\/wordpress\/wp-content\/uploads\/2024\/07\/loris-serafini-don-antonio.mp3\">https:\/\/www.radiopiu.net\/wordpress\/wp-content\/uploads\/2024\/07\/loris-serafini-don-antonio.mp3<\/a><\/audio>\n<\/div>\n<div><\/div>\n<div><\/div>\n<hr \/>\n<p>&nbsp;<\/p>\n<blockquote>\n<h3><strong><a class=\"dt-pswp-item\" href=\"https:\/\/www.radiopiu.net\/wordpress\/wp-content\/uploads\/2024\/07\/Sergio-Sommacal.jpg\" data-dt-img-description=\"\" data-large_image_width=\"689\" data-large_image_height=\"879\"><img loading=\"lazy\" decoding=\"async\" class=\" wp-image-399256 alignleft\" src=\"https:\/\/www.radiopiu.net\/wordpress\/wp-content\/uploads\/2024\/07\/Sergio-Sommacal-235x300.jpg\" alt=\"\" width=\"155\" height=\"198\" srcset=\"https:\/\/www.radiopiu.net\/wordpress\/wp-content\/uploads\/2024\/07\/Sergio-Sommacal-235x300.jpg 235w, https:\/\/www.radiopiu.net\/wordpress\/wp-content\/uploads\/2024\/07\/Sergio-Sommacal.jpg 689w\" sizes=\"auto, (max-width: 155px) 100vw, 155px\" \/><\/a><\/strong>UNA CONFERENZA SUL GIORNALISMO DI IERI E DI OGGI IN RICORDO DI SERGIO SOMMACAL<\/h3>\n<\/blockquote>\n<p><strong>AGORDO<\/strong> Domani alle 17.30, nella sala don Tamis di Agordo, si terr\u00e0 un incontro in memoria del giornalista Sergio Sommacal, scomparso il 20 marzo 2023 a 82 anni. Sommacal, bellunese d&#8217;origine e agordino d&#8217;adozione, ha lavorato al Gazzettino ricoprendo ruoli di rilievo fino a diventare capo della redazione di Belluno. L&#8217;evento, intitolato \u201cSotto la notizia, niente. Giornalismo di ieri e di oggi a confronto, in ricordo di Sergio Sommacal, uno di noi\u201d, rifletter\u00e0 sul degrado dell&#8217;informazione moderna, inquinata dai social e in crisi di credibilit\u00e0. Interverranno i colleghi Sergio Frigo e Francesco Jori, e ci saranno saluti introduttivi e ricordi di amici e colleghi. Parteciperanno anche i figli di Sergio.<\/p>\n<p><span style=\"color: #ff0000;\"><strong>prevista la diretta sui canali social di RADIOPIU<\/strong><\/span><\/p>\n<p>di gianni SANTOMASO<\/p>\n<audio class=\"wp-audio-shortcode\" id=\"audio-399911-10\" preload=\"none\" style=\"width: 100%;\" controls=\"controls\"><source type=\"audio\/mpeg\" src=\"https:\/\/www.radiopiu.net\/wordpress\/wp-content\/uploads\/2024\/07\/sergio-sommacale-gianni.mp3?_=10\" \/><a href=\"https:\/\/www.radiopiu.net\/wordpress\/wp-content\/uploads\/2024\/07\/sergio-sommacale-gianni.mp3\">https:\/\/www.radiopiu.net\/wordpress\/wp-content\/uploads\/2024\/07\/sergio-sommacale-gianni.mp3<\/a><\/audio>\n<p>&nbsp;<\/p>\n<hr \/>\n<p>&nbsp;<\/p>\n<blockquote>\n<h3>TORNA LA SGUBIADA A CANALE D&#8217;AGORDO<\/h3>\n<\/blockquote>\n<p><strong><a class=\"dt-pswp-item\" href=\"https:\/\/www.radiopiu.net\/wordpress\/wp-content\/uploads\/2024\/07\/SGUBIADA.jpg\" data-dt-img-description=\"\" data-large_image_width=\"807\" data-large_image_height=\"610\"><img loading=\"lazy\" decoding=\"async\" class=\" wp-image-398854 alignleft\" src=\"https:\/\/www.radiopiu.net\/wordpress\/wp-content\/uploads\/2024\/07\/SGUBIADA-300x227.jpg\" alt=\"\" width=\"177\" height=\"134\" srcset=\"https:\/\/www.radiopiu.net\/wordpress\/wp-content\/uploads\/2024\/07\/SGUBIADA-300x227.jpg 300w, https:\/\/www.radiopiu.net\/wordpress\/wp-content\/uploads\/2024\/07\/SGUBIADA-768x581.jpg 768w, https:\/\/www.radiopiu.net\/wordpress\/wp-content\/uploads\/2024\/07\/SGUBIADA.jpg 807w\" sizes=\"auto, (max-width: 177px) 100vw, 177px\" \/><\/a>CANALE<\/strong> <strong>D&#8217;AGORDO<\/strong> Dal 19 al 21 luglio 2024 si svolger\u00e0 a Canale d&#8217;Agordo la terza edizione de &#8220;La Sgubiada&#8221;, rassegna di scultura di maschere su legno. Il programma include l&#8217;assegnazione delle postazioni agli scultori il venerd\u00ec alle 14:30 in Piazza Papa Luciani, seguita dal lavoro degli artisti dalle 15:00 alle 18:00 e la presentazione della rassegna alle 18:20. Sabato, gli scultori lavoreranno sia al mattino che al pomeriggio, con una conferenza alle 16:00 presso la sala Zand\u00f2 del MUSAL sul tema &#8220;Nei carnevali alpini cosa ci accomuna?&#8221;, seguita da balli in piazza con il Gruppo Folk Val Biois alle 21:00. Domenica, gli scultori saranno in piazza dalle 8:30 alle 12:00 e dalle 15:00 alle 17:00, seguiti dalla consegna di premi e saluti di chiusura nella sala consiliare del municipio, dove si terr\u00e0 anche una mostra a tema. La rassegna, promossa dal Comitato La Zinghenesta, ha l&#8217;obiettivo di rivitalizzare la tradizione della scultura di maschere in legno e di animare il centro storico di Canale d&#8217;Agordo, rendendo la zona pedonale per permettere ai visitatori di apprezzare l&#8217;ambiente senza il passaggio delle auto.<\/p>\n<p><span style=\"color: #0000ff;\"><strong>L&#8217;INTERVISTA A SIMONE ONGARO\u00a0<\/strong><\/span><\/p>\n<audio class=\"wp-audio-shortcode\" id=\"audio-399911-11\" preload=\"none\" style=\"width: 100%;\" controls=\"controls\"><source type=\"audio\/mpeg\" src=\"https:\/\/www.radiopiu.net\/wordpress\/wp-content\/uploads\/2024\/07\/SIMONE-ONGARO-PARTENZA-19-LUGLIO.mp3?_=11\" \/><a href=\"https:\/\/www.radiopiu.net\/wordpress\/wp-content\/uploads\/2024\/07\/SIMONE-ONGARO-PARTENZA-19-LUGLIO.mp3\">https:\/\/www.radiopiu.net\/wordpress\/wp-content\/uploads\/2024\/07\/SIMONE-ONGARO-PARTENZA-19-LUGLIO.mp3<\/a><\/audio>\n<p>&nbsp;<\/p>\n<hr \/>\n<p>&nbsp;<\/p>\n<p>&nbsp;<\/p>\n<blockquote>\n<h2>GLI APPUNTAMENTI ESTIVI CON LE MUSE E LE DOLOMITI<\/h2>\n<\/blockquote>\n<p><strong><a class=\"dt-pswp-item\" href=\"https:\/\/www.radiopiu.net\/wordpress\/wp-content\/uploads\/2024\/07\/2751854e-4fdb-4ffd-bcee-548d2c848e88.jpg\" data-dt-img-description=\"\" data-large_image_width=\"1600\" data-large_image_height=\"1200\"><img loading=\"lazy\" decoding=\"async\" class=\" wp-image-399207 alignleft\" src=\"https:\/\/www.radiopiu.net\/wordpress\/wp-content\/uploads\/2024\/07\/2751854e-4fdb-4ffd-bcee-548d2c848e88-300x225.jpg\" alt=\"\" width=\"163\" height=\"122\" srcset=\"https:\/\/www.radiopiu.net\/wordpress\/wp-content\/uploads\/2024\/07\/2751854e-4fdb-4ffd-bcee-548d2c848e88-300x225.jpg 300w, https:\/\/www.radiopiu.net\/wordpress\/wp-content\/uploads\/2024\/07\/2751854e-4fdb-4ffd-bcee-548d2c848e88-1024x768.jpg 1024w, https:\/\/www.radiopiu.net\/wordpress\/wp-content\/uploads\/2024\/07\/2751854e-4fdb-4ffd-bcee-548d2c848e88-768x576.jpg 768w, https:\/\/www.radiopiu.net\/wordpress\/wp-content\/uploads\/2024\/07\/2751854e-4fdb-4ffd-bcee-548d2c848e88-1536x1152.jpg 1536w, https:\/\/www.radiopiu.net\/wordpress\/wp-content\/uploads\/2024\/07\/2751854e-4fdb-4ffd-bcee-548d2c848e88.jpg 1600w\" sizes=\"auto, (max-width: 163px) 100vw, 163px\" \/><\/a>DI MIRKO MEZZACASA<\/strong><\/p>\n<p>OSPITI: Oda Zoe Hochscheid ed Adelisa Tabiadon<\/p>\n<audio class=\"wp-audio-shortcode\" id=\"audio-399911-12\" preload=\"none\" style=\"width: 100%;\" controls=\"controls\"><source type=\"audio\/mpeg\" src=\"https:\/\/www.radiopiu.net\/wordpress\/wp-content\/uploads\/2024\/07\/ODA-E-ADELISA-REGISTRAZIONE-UNO-LUGLIO-2024.mp3?_=12\" \/><a href=\"https:\/\/www.radiopiu.net\/wordpress\/wp-content\/uploads\/2024\/07\/ODA-E-ADELISA-REGISTRAZIONE-UNO-LUGLIO-2024.mp3\">https:\/\/www.radiopiu.net\/wordpress\/wp-content\/uploads\/2024\/07\/ODA-E-ADELISA-REGISTRAZIONE-UNO-LUGLIO-2024.mp3<\/a><\/audio>\n<p>&nbsp;<\/p>\n<p>&nbsp;<\/p>\n<p>&nbsp;<\/p>\n<p>&nbsp;<\/p>\n<hr \/>\n<p>&nbsp;<\/p>\n<blockquote>\n<h3>DOMENICA A LIMANA LA PASTASCIUTTA ANTIFASCISTA<\/h3>\n<\/blockquote>\n<p><strong><a href=\"https:\/\/www.radiopiu.net\/wordpress\/wp-content\/uploads\/2024\/07\/PASTASCIUTTA-ANTIFASCISTA.webp\"><img loading=\"lazy\" decoding=\"async\" class=\" wp-image-399936 alignleft\" src=\"https:\/\/www.radiopiu.net\/wordpress\/wp-content\/uploads\/2024\/07\/PASTASCIUTTA-ANTIFASCISTA-300x225.webp\" alt=\"\" width=\"151\" height=\"113\" srcset=\"https:\/\/www.radiopiu.net\/wordpress\/wp-content\/uploads\/2024\/07\/PASTASCIUTTA-ANTIFASCISTA-300x225.webp 300w, https:\/\/www.radiopiu.net\/wordpress\/wp-content\/uploads\/2024\/07\/PASTASCIUTTA-ANTIFASCISTA-1024x768.webp 1024w, https:\/\/www.radiopiu.net\/wordpress\/wp-content\/uploads\/2024\/07\/PASTASCIUTTA-ANTIFASCISTA-768x576.webp 768w, https:\/\/www.radiopiu.net\/wordpress\/wp-content\/uploads\/2024\/07\/PASTASCIUTTA-ANTIFASCISTA.webp 1366w\" sizes=\"auto, (max-width: 151px) 100vw, 151px\" \/><\/a>LIMANA<\/strong><\/p>\n<p>DI ROBERTO BONA<\/p>\n<audio class=\"wp-audio-shortcode\" id=\"audio-399911-13\" preload=\"none\" style=\"width: 100%;\" controls=\"controls\"><source type=\"audio\/mpeg\" src=\"https:\/\/www.radiopiu.net\/wordpress\/wp-content\/uploads\/2024\/07\/BONA-Pastasciutta-Antifascista-SCADENZA-21-LUGLIO.mp3?_=13\" \/><a href=\"https:\/\/www.radiopiu.net\/wordpress\/wp-content\/uploads\/2024\/07\/BONA-Pastasciutta-Antifascista-SCADENZA-21-LUGLIO.mp3\">https:\/\/www.radiopiu.net\/wordpress\/wp-content\/uploads\/2024\/07\/BONA-Pastasciutta-Antifascista-SCADENZA-21-LUGLIO.mp3<\/a><\/audio>\n<p>&nbsp;<\/p>\n<hr \/>\n<p>&nbsp;<\/p>\n<h2><span style=\"color: #ff6600;\">ALLA RADIO<\/span><\/h2>\n<h2><span style=\"color: #00ccff;\">&#8220;DINTORN E FORA VIA&#8221;\u00a0 IL PROGRAMMA\u00a0 A CURA DEL MUSLA<\/span><\/h2>\n<p><strong><a class=\"dt-pswp-item\" href=\"https:\/\/www.radiopiu.net\/wordpress\/wp-content\/uploads\/2022\/05\/QUOTIDIANO-GIORNALE.jpg\" data-dt-img-description=\"\" data-large_image_width=\"1920\" data-large_image_height=\"1271\"><img loading=\"lazy\" decoding=\"async\" class=\" wp-image-274885 alignleft\" src=\"https:\/\/www.radiopiu.net\/wordpress\/wp-content\/uploads\/2022\/05\/QUOTIDIANO-GIORNALE-300x199.jpg\" alt=\"\" width=\"145\" height=\"96\" srcset=\"https:\/\/www.radiopiu.net\/wordpress\/wp-content\/uploads\/2022\/05\/QUOTIDIANO-GIORNALE-300x199.jpg 300w, https:\/\/www.radiopiu.net\/wordpress\/wp-content\/uploads\/2022\/05\/QUOTIDIANO-GIORNALE-1024x678.jpg 1024w, https:\/\/www.radiopiu.net\/wordpress\/wp-content\/uploads\/2022\/05\/QUOTIDIANO-GIORNALE-768x508.jpg 768w, https:\/\/www.radiopiu.net\/wordpress\/wp-content\/uploads\/2022\/05\/QUOTIDIANO-GIORNALE-1536x1017.jpg 1536w, https:\/\/www.radiopiu.net\/wordpress\/wp-content\/uploads\/2022\/05\/QUOTIDIANO-GIORNALE.jpg 1920w\" sizes=\"auto, (max-width: 145px) 100vw, 145px\" \/><\/a>PUNTATA DEL 16 LUGLIO, MICHELA DELL&#8217;OSBEL<\/strong><\/p>\n<audio class=\"wp-audio-shortcode\" id=\"audio-399911-14\" preload=\"none\" style=\"width: 100%;\" controls=\"controls\"><source type=\"audio\/mpeg\" src=\"https:\/\/www.radiopiu.net\/wordpress\/wp-content\/uploads\/2024\/07\/MUSLA-4.mp3?_=14\" \/><a href=\"https:\/\/www.radiopiu.net\/wordpress\/wp-content\/uploads\/2024\/07\/MUSLA-4.mp3\">https:\/\/www.radiopiu.net\/wordpress\/wp-content\/uploads\/2024\/07\/MUSLA-4.mp3<\/a><\/audio>\n<p>&nbsp;<\/p>\n<h2>LA RACCOLTA COMPLETA <a href=\"https:\/\/www.radiopiu.net\/wordpress\/musla\/\"><span style=\"color: #3366ff;\">CLICCA QUI<\/span><\/a><\/h2>\n<p>&nbsp;<\/p>\n<hr \/>\n<p>&nbsp;<\/p>\n<h2><span style=\"color: #99cc00;\">VOCI RIBELLI: CONVERSAZIONI SENZA FILTRI PER RAGAZZI AUDACI<\/span><\/h2>\n<p><a class=\"dt-pswp-item\" href=\"https:\/\/www.radiopiu.net\/wordpress\/wp-content\/uploads\/2023\/09\/ass.-dafne.png\" data-dt-img-description=\"\" data-large_image_width=\"225\" data-large_image_height=\"225\"><img loading=\"lazy\" decoding=\"async\" class=\" wp-image-352143 alignleft\" src=\"https:\/\/www.radiopiu.net\/wordpress\/wp-content\/uploads\/2023\/09\/ass.-dafne.png\" alt=\"\" width=\"137\" height=\"137\" srcset=\"https:\/\/www.radiopiu.net\/wordpress\/wp-content\/uploads\/2023\/09\/ass.-dafne.png 225w, https:\/\/www.radiopiu.net\/wordpress\/wp-content\/uploads\/2023\/09\/ass.-dafne-150x150.png 150w\" sizes=\"auto, (max-width: 137px) 100vw, 137px\" \/><\/a>Benvenuti a &#8220;VOCI RIBELLI: CONVERSAZIONI SENZA FILTRI PER RAGAZZI AUDACI,&#8221; il podcast che sfida gli stereotipi e apre la porta a conversazioni senza paura per i giovani coraggiosi. Questo podcast, prodotto dall&#8217;Associazione Dafne con la regia di Lorenzo Cassol, \u00e8 il luogo dove la voce dell&#8217;audacia incontra la sincerit\u00e0 pi\u00f9 profonda<\/p>\n<p>&nbsp;<\/p>\n<h1><\/h1>\n<p>&nbsp;<\/p>\n<p><strong>PUNTATA 07 &#8211; LA MAPPATURA IN PROVINCIA DI BELLUNO<\/strong><\/p>\n<audio class=\"wp-audio-shortcode\" id=\"audio-399911-15\" preload=\"none\" style=\"width: 100%;\" controls=\"controls\"><source type=\"audio\/mpeg\" src=\"https:\/\/www.radiopiu.net\/wordpress\/wp-content\/uploads\/2024\/07\/PUNTATA-5-La-mappatura-della-provincia-di-Belluno.mp3?_=15\" \/><a href=\"https:\/\/www.radiopiu.net\/wordpress\/wp-content\/uploads\/2024\/07\/PUNTATA-5-La-mappatura-della-provincia-di-Belluno.mp3\">https:\/\/www.radiopiu.net\/wordpress\/wp-content\/uploads\/2024\/07\/PUNTATA-5-La-mappatura-della-provincia-di-Belluno.mp3<\/a><\/audio>\n<p>&nbsp;<\/p>\n<h2>LA RACCOLTA COMPLETA <a href=\"https:\/\/www.radiopiu.net\/wordpress\/voci-ribelli-conversazioni-senza-filtri-per-ragazzi-audaci\/\"><span style=\"color: #3366ff;\">CLICCA QUI<\/span><\/a><\/h2>\n<p>&nbsp;<\/p>\n<hr \/>\n<p>&nbsp;<\/p>\n<h2><span style=\"color: #ff00ff;\">DI MARTEDI&#8230; POMERIGGIO CON LUISA ALCHINI<\/span><\/h2>\n<p><span style=\"color: #ff0000;\"><strong><a class=\"dt-pswp-item\" href=\"https:\/\/www.radiopiu.net\/wordpress\/wp-content\/uploads\/2024\/07\/450944520_10219857651151408_188033322506098665_n-1.jpg\" data-dt-img-description=\"\" data-large_image_width=\"394\" data-large_image_height=\"600\"><img loading=\"lazy\" decoding=\"async\" class=\" wp-image-399925 alignleft\" src=\"https:\/\/www.radiopiu.net\/wordpress\/wp-content\/uploads\/2024\/07\/450944520_10219857651151408_188033322506098665_n-1-197x300.jpg\" alt=\"\" width=\"91\" height=\"139\" srcset=\"https:\/\/www.radiopiu.net\/wordpress\/wp-content\/uploads\/2024\/07\/450944520_10219857651151408_188033322506098665_n-1-197x300.jpg 197w, https:\/\/www.radiopiu.net\/wordpress\/wp-content\/uploads\/2024\/07\/450944520_10219857651151408_188033322506098665_n-1.jpg 394w\" sizes=\"auto, (max-width: 91px) 100vw, 91px\" \/><\/a>PUNTATA 07 PARTE UNO ospite DEBORA BELLOTTO<\/strong><\/span><\/p>\n<audio class=\"wp-audio-shortcode\" id=\"audio-399911-16\" preload=\"none\" style=\"width: 100%;\" controls=\"controls\"><source type=\"audio\/mpeg\" src=\"https:\/\/www.radiopiu.net\/wordpress\/wp-content\/uploads\/2024\/07\/LMD1-2.mp3?_=16\" \/><a href=\"https:\/\/www.radiopiu.net\/wordpress\/wp-content\/uploads\/2024\/07\/LMD1-2.mp3\">https:\/\/www.radiopiu.net\/wordpress\/wp-content\/uploads\/2024\/07\/LMD1-2.mp3<\/a><\/audio>\n<p>&nbsp;<\/p>\n<p><span style=\"color: #ff0000;\"><strong>PARTE DUE<\/strong><\/span><\/p>\n<audio class=\"wp-audio-shortcode\" id=\"audio-399911-17\" preload=\"none\" style=\"width: 100%;\" controls=\"controls\"><source type=\"audio\/mpeg\" src=\"https:\/\/www.radiopiu.net\/wordpress\/wp-content\/uploads\/2024\/07\/LMD2-2.mp3?_=17\" \/><a href=\"https:\/\/www.radiopiu.net\/wordpress\/wp-content\/uploads\/2024\/07\/LMD2-2.mp3\">https:\/\/www.radiopiu.net\/wordpress\/wp-content\/uploads\/2024\/07\/LMD2-2.mp3<\/a><\/audio>\n<p>&nbsp;<\/p>\n<h2>LA RACCOLTA COMPLETA <a href=\"https:\/\/www.radiopiu.net\/wordpress\/di-martedi-pomeriggio-con-luisa-alchini-la-raccolta-07\/\"><span style=\"color: #3366ff;\">CLICCA QUI<\/span><\/a><\/h2>\n<p>&nbsp;<\/p>\n<hr \/>\n<p>&nbsp;<\/p>\n<h2><span style=\"color: #ff0000;\"><a class=\"dt-pswp-item\" href=\"https:\/\/www.radiopiu.net\/wordpress\/wp-content\/uploads\/2018\/09\/appuntamenti.jpeg\" data-dt-img-description=\"\" data-large_image_width=\"800\" data-large_image_height=\"100\"><img loading=\"lazy\" decoding=\"async\" class=\"wp-image-61958 size-full aligncenter\" src=\"https:\/\/www.radiopiu.net\/wordpress\/wp-content\/uploads\/2018\/09\/appuntamenti.jpeg\" alt=\"\" width=\"800\" height=\"100\" srcset=\"https:\/\/www.radiopiu.net\/wordpress\/wp-content\/uploads\/2018\/09\/appuntamenti.jpeg 800w, https:\/\/www.radiopiu.net\/wordpress\/wp-content\/uploads\/2018\/09\/appuntamenti-300x38.jpeg 300w, https:\/\/www.radiopiu.net\/wordpress\/wp-content\/uploads\/2018\/09\/appuntamenti-768x96.jpeg 768w\" sizes=\"auto, (max-width: 800px) 100vw, 800px\" \/><\/a><\/span><\/h2>\n<div>\n<div class=\"\" dir=\"auto\">\n<div id=\":r9h:\" class=\"x1iorvi4 x1pi30zi x1l90r2v x1swvt13\" data-ad-comet-preview=\"message\" data-ad-preview=\"message\">\n\n\t\t\t<style type='text\/css'>\n\t\t\t\t#gallery-3 {\n\t\t\t\t\tmargin: auto;\n\t\t\t\t}\n\t\t\t\t#gallery-3 .gallery-item {\n\t\t\t\t\tfloat: left;\n\t\t\t\t\tmargin-top: 10px;\n\t\t\t\t\ttext-align: center;\n\t\t\t\t\twidth: 16%;\n\t\t\t\t}\n\t\t\t\t#gallery-3 img {\n\t\t\t\t\tborder: 2px solid #cfcfcf;\n\t\t\t\t}\n\t\t\t\t#gallery-3 .gallery-caption {\n\t\t\t\t\tmargin-left: 0;\n\t\t\t\t}\n\t\t\t\t\/* see gallery_shortcode() in wp-includes\/media.php *\/\n\t\t\t<\/style>\n\t\t<div id='gallery-3' class='dt-gallery-container gallery galleryid-399911 gallery-columns-6 gallery-size-thumbnail'><dl class='gallery-item'>\n\t\t\t\t<dt class='gallery-icon portrait'>\n\t\t\t\t\t<a class=\"rollover rollover-zoom dt-pswp-item\" title=\"7079ecea-2af7-42bb-b22c-f5fe8a9ed3e4\" data-dt-img-description=\"\" data-large_image_width=\"1124\" data-large_image_height=\"1600\"href='https:\/\/www.radiopiu.net\/wordpress\/wp-content\/uploads\/2024\/07\/7079ecea-2af7-42bb-b22c-f5fe8a9ed3e4.jpg'><img loading=\"lazy\" decoding=\"async\" width=\"150\" height=\"150\" src=\"https:\/\/www.radiopiu.net\/wordpress\/wp-content\/uploads\/2024\/07\/7079ecea-2af7-42bb-b22c-f5fe8a9ed3e4-150x150.jpg\" class=\"attachment-thumbnail size-thumbnail\" alt=\"\" aria-describedby=\"gallery-3-399792\" \/><\/a>\n\t\t\t\t<\/dt>\n\t\t\t\t\t<dd class='wp-caption-text gallery-caption' id='gallery-3-399792'>\n\t\t\t\t\tBAR BOCCIODROMO AGORDO\n\t\t\t\t\t<\/dd><\/dl><dl class='gallery-item'>\n\t\t\t\t<dt class='gallery-icon portrait'>\n\t\t\t\t\t<a class=\"rollover rollover-zoom dt-pswp-item\" title=\"441936111_953300066803441_3663667299753321850_n\" data-dt-img-description=\"\" data-large_image_width=\"520\" data-large_image_height=\"640\"href='https:\/\/www.radiopiu.net\/wordpress\/wp-content\/uploads\/2024\/06\/441936111_953300066803441_3663667299753321850_n.jpg'><img loading=\"lazy\" decoding=\"async\" width=\"150\" height=\"150\" src=\"https:\/\/www.radiopiu.net\/wordpress\/wp-content\/uploads\/2024\/06\/441936111_953300066803441_3663667299753321850_n-150x150.jpg\" class=\"attachment-thumbnail size-thumbnail\" alt=\"\" aria-describedby=\"gallery-3-394061\" \/><\/a>\n\t\t\t\t<\/dt>\n\t\t\t\t\t<dd class='wp-caption-text gallery-caption' id='gallery-3-394061'>\n\t\t\t\t\t31 LUGLIO AL MINIERE E IN DIRETTA ALLA RADIO \n\t\t\t\t\t<\/dd><\/dl><dl class='gallery-item'>\n\t\t\t\t<dt class='gallery-icon portrait'>\n\t\t\t\t\t<a class=\"rollover rollover-zoom dt-pswp-item\" title=\"original-84F78277-839A-4868-BE6A-5A10A5605E21\" data-dt-img-description=\"\" data-large_image_width=\"1754\" data-large_image_height=\"2480\"href='https:\/\/www.radiopiu.net\/wordpress\/wp-content\/uploads\/2024\/07\/original-84F78277-839A-4868-BE6A-5A10A5605E21.jpeg'><img loading=\"lazy\" decoding=\"async\" width=\"150\" height=\"150\" src=\"https:\/\/www.radiopiu.net\/wordpress\/wp-content\/uploads\/2024\/07\/original-84F78277-839A-4868-BE6A-5A10A5605E21-150x150.jpeg\" class=\"attachment-thumbnail size-thumbnail\" alt=\"\" aria-describedby=\"gallery-3-397532\" \/><\/a>\n\t\t\t\t<\/dt>\n\t\t\t\t\t<dd class='wp-caption-text gallery-caption' id='gallery-3-397532'>\n\t\t\t\t\tHOTEL STELLA ALPINA ESTATE D&#8217;EVENTI \n\t\t\t\t\t<\/dd><\/dl><dl class='gallery-item'>\n\t\t\t\t<dt class='gallery-icon landscape'>\n\t\t\t\t\t<a class=\"rollover rollover-zoom dt-pswp-item\" title=\"d5b0b734-6816-4395-8e21-976a97a70deb\" data-dt-img-description=\"\" data-large_image_width=\"1080\" data-large_image_height=\"1080\"href='https:\/\/www.radiopiu.net\/wordpress\/wp-content\/uploads\/2024\/06\/d5b0b734-6816-4395-8e21-976a97a70deb.jpg'><img loading=\"lazy\" decoding=\"async\" width=\"150\" height=\"150\" src=\"https:\/\/www.radiopiu.net\/wordpress\/wp-content\/uploads\/2024\/06\/d5b0b734-6816-4395-8e21-976a97a70deb-150x150.jpg\" class=\"attachment-thumbnail size-thumbnail\" alt=\"\" aria-describedby=\"gallery-3-396287\" srcset=\"https:\/\/www.radiopiu.net\/wordpress\/wp-content\/uploads\/2024\/06\/d5b0b734-6816-4395-8e21-976a97a70deb-150x150.jpg 150w, https:\/\/www.radiopiu.net\/wordpress\/wp-content\/uploads\/2024\/06\/d5b0b734-6816-4395-8e21-976a97a70deb-300x300.jpg 300w, https:\/\/www.radiopiu.net\/wordpress\/wp-content\/uploads\/2024\/06\/d5b0b734-6816-4395-8e21-976a97a70deb-1024x1024.jpg 1024w, https:\/\/www.radiopiu.net\/wordpress\/wp-content\/uploads\/2024\/06\/d5b0b734-6816-4395-8e21-976a97a70deb-768x768.jpg 768w, https:\/\/www.radiopiu.net\/wordpress\/wp-content\/uploads\/2024\/06\/d5b0b734-6816-4395-8e21-976a97a70deb.jpg 1080w\" sizes=\"auto, (max-width: 150px) 100vw, 150px\" \/><\/a>\n\t\t\t\t<\/dt>\n\t\t\t\t\t<dd class='wp-caption-text gallery-caption' id='gallery-3-396287'>\n\t\t\t\t\t25 LUGLIO A VOLTAGO\n\t\t\t\t\t<\/dd><\/dl><dl class='gallery-item'>\n\t\t\t\t<dt class='gallery-icon landscape'>\n\t\t\t\t\t<a class=\"rollover rollover-zoom dt-pswp-item\" title=\"449189900_484613757290091_1574838248887562981_n\" data-dt-img-description=\"\" data-large_image_width=\"960\" data-large_image_height=\"540\"href='https:\/\/www.radiopiu.net\/wordpress\/wp-content\/uploads\/2024\/06\/449189900_484613757290091_1574838248887562981_n.jpg'><img loading=\"lazy\" decoding=\"async\" width=\"150\" height=\"150\" src=\"https:\/\/www.radiopiu.net\/wordpress\/wp-content\/uploads\/2024\/06\/449189900_484613757290091_1574838248887562981_n-150x150.jpg\" class=\"attachment-thumbnail size-thumbnail\" alt=\"\" aria-describedby=\"gallery-3-396872\" \/><\/a>\n\t\t\t\t<\/dt>\n\t\t\t\t\t<dd class='wp-caption-text gallery-caption' id='gallery-3-396872'>\n\t\t\t\t\t A CANALE D&#8217;AGORDO VALLE DI GARES\n\t\t\t\t\t<\/dd><\/dl><dl class='gallery-item'>\n\t\t\t\t<dt class='gallery-icon portrait'>\n\t\t\t\t\t<a class=\"rollover rollover-zoom dt-pswp-item\" title=\"6aaaad58-800e-4990-a3b1-996dabdbe745\" data-dt-img-description=\"\" data-large_image_width=\"1131\" data-large_image_height=\"1600\"href='https:\/\/www.radiopiu.net\/wordpress\/wp-content\/uploads\/2024\/07\/6aaaad58-800e-4990-a3b1-996dabdbe745.jpg'><img loading=\"lazy\" decoding=\"async\" width=\"150\" height=\"150\" src=\"https:\/\/www.radiopiu.net\/wordpress\/wp-content\/uploads\/2024\/07\/6aaaad58-800e-4990-a3b1-996dabdbe745-150x150.jpg\" class=\"attachment-thumbnail size-thumbnail\" alt=\"\" aria-describedby=\"gallery-3-397565\" \/><\/a>\n\t\t\t\t<\/dt>\n\t\t\t\t\t<dd class='wp-caption-text gallery-caption' id='gallery-3-397565'>\n\t\t\t\t\tDAL 20 LUGLIO A VOLTAGO\n\t\t\t\t\t<\/dd><\/dl><br style=\"clear: both\" \/><dl class='gallery-item'>\n\t\t\t\t<dt class='gallery-icon portrait'>\n\t\t\t\t\t<a class=\"rollover rollover-zoom dt-pswp-item\" title=\"c43011fa-8405-4ea2-9ca9-b934b11662df\" data-dt-img-description=\"\" data-large_image_width=\"512\" data-large_image_height=\"720\"href='https:\/\/www.radiopiu.net\/wordpress\/wp-content\/uploads\/2024\/07\/c43011fa-8405-4ea2-9ca9-b934b11662df.jpg'><img loading=\"lazy\" decoding=\"async\" width=\"150\" height=\"150\" src=\"https:\/\/www.radiopiu.net\/wordpress\/wp-content\/uploads\/2024\/07\/c43011fa-8405-4ea2-9ca9-b934b11662df-150x150.jpg\" class=\"attachment-thumbnail size-thumbnail\" alt=\"\" aria-describedby=\"gallery-3-398969\" \/><\/a>\n\t\t\t\t<\/dt>\n\t\t\t\t\t<dd class='wp-caption-text gallery-caption' id='gallery-3-398969'>\n\t\t\t\t\tA PRA DE LA MELIA\n\t\t\t\t\t<\/dd><\/dl><dl class='gallery-item'>\n\t\t\t\t<dt class='gallery-icon portrait'>\n\t\t\t\t\t<a class=\"rollover rollover-zoom dt-pswp-item\" title=\"SAN LUGAN 2024\" data-dt-img-description=\"\" data-large_image_width=\"434\" data-large_image_height=\"602\"href='https:\/\/www.radiopiu.net\/wordpress\/wp-content\/uploads\/2024\/07\/SAN-LUGAN-2024.png'><img loading=\"lazy\" decoding=\"async\" width=\"150\" height=\"150\" src=\"https:\/\/www.radiopiu.net\/wordpress\/wp-content\/uploads\/2024\/07\/SAN-LUGAN-2024-150x150.png\" class=\"attachment-thumbnail size-thumbnail\" alt=\"\" aria-describedby=\"gallery-3-399242\" \/><\/a>\n\t\t\t\t<\/dt>\n\t\t\t\t\t<dd class='wp-caption-text gallery-caption' id='gallery-3-399242'>\n\t\t\t\t\t20 -21 LUGLIO FESTA DI SAN LUCANO\n\t\t\t\t\t<\/dd><\/dl><dl class='gallery-item'>\n\t\t\t\t<dt class='gallery-icon landscape'>\n\t\t\t\t\t<a class=\"rollover rollover-zoom dt-pswp-item\" title=\"Don Antonio Della Lucia (Logo)\" data-dt-img-description=\"\" data-large_image_width=\"1178\" data-large_image_height=\"1072\"href='https:\/\/www.radiopiu.net\/wordpress\/wp-content\/uploads\/2024\/07\/Don-Antonio-Della-Lucia-Logo.jpg'><img loading=\"lazy\" decoding=\"async\" width=\"150\" height=\"150\" src=\"https:\/\/www.radiopiu.net\/wordpress\/wp-content\/uploads\/2024\/07\/Don-Antonio-Della-Lucia-Logo-150x150.jpg\" class=\"attachment-thumbnail size-thumbnail\" alt=\"\" aria-describedby=\"gallery-3-399385\" \/><\/a>\n\t\t\t\t<\/dt>\n\t\t\t\t\t<dd class='wp-caption-text gallery-caption' id='gallery-3-399385'>\n\t\t\t\t\tDON DELLA LUCIA\n\t\t\t\t\t<\/dd><\/dl><dl class='gallery-item'>\n\t\t\t\t<dt class='gallery-icon portrait'>\n\t\t\t\t\t<a class=\"rollover rollover-zoom dt-pswp-item\" title=\"c1ce4091-8093-49fd-8b31-a9517701858c\" data-dt-img-description=\"\" data-large_image_width=\"1131\" data-large_image_height=\"1600\"href='https:\/\/www.radiopiu.net\/wordpress\/wp-content\/uploads\/2024\/07\/c1ce4091-8093-49fd-8b31-a9517701858c-1.jpg'><img loading=\"lazy\" decoding=\"async\" width=\"150\" height=\"150\" src=\"https:\/\/www.radiopiu.net\/wordpress\/wp-content\/uploads\/2024\/07\/c1ce4091-8093-49fd-8b31-a9517701858c-1-150x150.jpg\" class=\"attachment-thumbnail size-thumbnail\" alt=\"\" aria-describedby=\"gallery-3-400039\" \/><\/a>\n\t\t\t\t<\/dt>\n\t\t\t\t\t<dd class='wp-caption-text gallery-caption' id='gallery-3-400039'>\n\t\t\t\t\t18 LUGLIO FALCADE\n\t\t\t\t\t<\/dd><\/dl><dl class='gallery-item'>\n\t\t\t\t<dt class='gallery-icon portrait'>\n\t\t\t\t\t<a class=\"rollover rollover-zoom dt-pswp-item\" title=\"locandina sergio sommacal 18.07.2024 A4\" data-dt-img-description=\"\" data-large_image_width=\"1810\" data-large_image_height=\"2560\"href='https:\/\/www.radiopiu.net\/wordpress\/wp-content\/uploads\/2024\/07\/locandina-sergio-sommacal-18.07.2024-A4-1-scaled.jpg'><img loading=\"lazy\" decoding=\"async\" width=\"150\" height=\"150\" src=\"https:\/\/www.radiopiu.net\/wordpress\/wp-content\/uploads\/2024\/07\/locandina-sergio-sommacal-18.07.2024-A4-1-150x150.jpg\" class=\"attachment-thumbnail size-thumbnail\" alt=\"\" aria-describedby=\"gallery-3-399686\" \/><\/a>\n\t\t\t\t<\/dt>\n\t\t\t\t\t<dd class='wp-caption-text gallery-caption' id='gallery-3-399686'>\n\t\t\t\t\tGIOVEDI, IN DIRETTA SU RADIO PIU\n\t\t\t\t\t<\/dd><\/dl><dl class='gallery-item'>\n\t\t\t\t<dt class='gallery-icon portrait'>\n\t\t\t\t\t<a class=\"rollover rollover-zoom dt-pswp-item\" title=\"f84567d6-a1d2-47de-9596-ef8505986952\" data-dt-img-description=\"\" data-large_image_width=\"745\" data-large_image_height=\"1073\"href='https:\/\/www.radiopiu.net\/wordpress\/wp-content\/uploads\/2024\/06\/f84567d6-a1d2-47de-9596-ef8505986952.jpg'><img loading=\"lazy\" decoding=\"async\" width=\"150\" height=\"150\" src=\"https:\/\/www.radiopiu.net\/wordpress\/wp-content\/uploads\/2024\/06\/f84567d6-a1d2-47de-9596-ef8505986952-150x150.jpg\" class=\"attachment-thumbnail size-thumbnail\" alt=\"\" aria-describedby=\"gallery-3-396466\" \/><\/a>\n\t\t\t\t<\/dt>\n\t\t\t\t\t<dd class='wp-caption-text gallery-caption' id='gallery-3-396466'>\n\t\t\t\t\tSUMMER GREEN VOLLEY AGORDINO\n\t\t\t\t\t<\/dd><\/dl><br style=\"clear: both\" \/><dl class='gallery-item'>\n\t\t\t\t<dt class='gallery-icon portrait'>\n\t\t\t\t\t<a class=\"rollover rollover-zoom dt-pswp-item\" title=\"449991823_122137296134256756_778850350827646908_n\" data-dt-img-description=\"\" data-large_image_width=\"1080\" data-large_image_height=\"1528\"href='https:\/\/www.radiopiu.net\/wordpress\/wp-content\/uploads\/2024\/07\/449991823_122137296134256756_778850350827646908_n.jpg'><img loading=\"lazy\" decoding=\"async\" width=\"150\" height=\"150\" src=\"https:\/\/www.radiopiu.net\/wordpress\/wp-content\/uploads\/2024\/07\/449991823_122137296134256756_778850350827646908_n-150x150.jpg\" class=\"attachment-thumbnail size-thumbnail\" alt=\"\" aria-describedby=\"gallery-3-398203\" \/><\/a>\n\t\t\t\t<\/dt>\n\t\t\t\t\t<dd class='wp-caption-text gallery-caption' id='gallery-3-398203'>\n\t\t\t\t\tSABATO 20 LUGLIO A CANALE D&#8217;AGORDO\n\t\t\t\t\t<\/dd><\/dl><dl class='gallery-item'>\n\t\t\t\t<dt class='gallery-icon portrait'>\n\t\t\t\t\t<a class=\"rollover rollover-zoom dt-pswp-item\" title=\"8b2155a6-d732-4852-a73f-6ad1b59fac91\" data-dt-img-description=\"\" data-large_image_width=\"1131\" data-large_image_height=\"1600\"href='https:\/\/www.radiopiu.net\/wordpress\/wp-content\/uploads\/2024\/07\/8b2155a6-d732-4852-a73f-6ad1b59fac91-1.jpg'><img loading=\"lazy\" decoding=\"async\" width=\"150\" height=\"150\" src=\"https:\/\/www.radiopiu.net\/wordpress\/wp-content\/uploads\/2024\/07\/8b2155a6-d732-4852-a73f-6ad1b59fac91-1-150x150.jpg\" class=\"attachment-thumbnail size-thumbnail\" alt=\"\" aria-describedby=\"gallery-3-397366\" \/><\/a>\n\t\t\t\t<\/dt>\n\t\t\t\t\t<dd class='wp-caption-text gallery-caption' id='gallery-3-397366'>\n\t\t\t\t\tASSOCIAZIONE BORGO SOTTOGUDA \n\t\t\t\t\t<\/dd><\/dl><dl class='gallery-item'>\n\t\t\t\t<dt class='gallery-icon portrait'>\n\t\t\t\t\t<a class=\"rollover rollover-zoom dt-pswp-item\" title=\"449444208_484616390623161_3418734916136544576_n\" data-dt-img-description=\"\" data-large_image_width=\"808\" data-large_image_height=\"1600\"href='https:\/\/www.radiopiu.net\/wordpress\/wp-content\/uploads\/2024\/07\/449444208_484616390623161_3418734916136544576_n.jpg'><img loading=\"lazy\" decoding=\"async\" width=\"150\" height=\"150\" src=\"https:\/\/www.radiopiu.net\/wordpress\/wp-content\/uploads\/2024\/07\/449444208_484616390623161_3418734916136544576_n-150x150.jpg\" class=\"attachment-thumbnail size-thumbnail\" alt=\"\" aria-describedby=\"gallery-3-398855\" \/><\/a>\n\t\t\t\t<\/dt>\n\t\t\t\t\t<dd class='wp-caption-text gallery-caption' id='gallery-3-398855'>\n\t\t\t\t\tA CANALE D&#8217;AGORDO LA SGUBIADA\n\t\t\t\t\t<\/dd><\/dl><dl class='gallery-item'>\n\t\t\t\t<dt class='gallery-icon landscape'>\n\t\t\t\t\t<a class=\"rollover rollover-zoom dt-pswp-item\" title=\"PASTASCIUTTA ANTIFASCISTA\" data-dt-img-description=\"\" data-large_image_width=\"1366\" data-large_image_height=\"1024\"href='https:\/\/www.radiopiu.net\/wordpress\/wp-content\/uploads\/2024\/07\/PASTASCIUTTA-ANTIFASCISTA.webp'><img loading=\"lazy\" decoding=\"async\" width=\"150\" height=\"150\" src=\"https:\/\/www.radiopiu.net\/wordpress\/wp-content\/uploads\/2024\/07\/PASTASCIUTTA-ANTIFASCISTA-150x150.webp\" class=\"attachment-thumbnail size-thumbnail\" alt=\"\" aria-describedby=\"gallery-3-399936\" \/><\/a>\n\t\t\t\t<\/dt>\n\t\t\t\t\t<dd class='wp-caption-text gallery-caption' id='gallery-3-399936'>\n\t\t\t\t\t25 LUGLIO\n\t\t\t\t\t<\/dd><\/dl><dl class='gallery-item'>\n\t\t\t\t<dt class='gallery-icon portrait'>\n\t\t\t\t\t<a class=\"rollover rollover-zoom dt-pswp-item\" title=\"7fc3f2fe-a94d-4d5f-9af0-1d7ee8402cfd\" data-dt-img-description=\"\" data-large_image_width=\"1080\" data-large_image_height=\"1505\"href='https:\/\/www.radiopiu.net\/wordpress\/wp-content\/uploads\/2024\/07\/7fc3f2fe-a94d-4d5f-9af0-1d7ee8402cfd.jpg'><img loading=\"lazy\" decoding=\"async\" width=\"150\" height=\"150\" src=\"https:\/\/www.radiopiu.net\/wordpress\/wp-content\/uploads\/2024\/07\/7fc3f2fe-a94d-4d5f-9af0-1d7ee8402cfd-150x150.jpg\" class=\"attachment-thumbnail size-thumbnail\" alt=\"\" aria-describedby=\"gallery-3-399793\" \/><\/a>\n\t\t\t\t<\/dt>\n\t\t\t\t\t<dd class='wp-caption-text gallery-caption' id='gallery-3-399793'>\n\t\t\t\t\tAD ALLEGHE CON LAURA BALLIS\n\t\t\t\t\t<\/dd><\/dl>\n\t\t\t\t<br style='clear: both' \/>\n\t\t\t<\/div>\n\n<p>&nbsp;<\/p>\n<p><strong><a class=\"dt-pswp-item\" href=\"https:\/\/www.radiopiu.net\/wordpress\/wp-content\/uploads\/2024\/07\/19da2b39-b827-425d-a773-bb4b721521cd.jpg\" data-dt-img-description=\"\" data-large_image_width=\"1125\" data-large_image_height=\"1126\"><img loading=\"lazy\" decoding=\"async\" class=\" wp-image-399343 alignleft\" src=\"https:\/\/www.radiopiu.net\/wordpress\/wp-content\/uploads\/2024\/07\/19da2b39-b827-425d-a773-bb4b721521cd-300x300.jpg\" alt=\"\" width=\"125\" height=\"125\" srcset=\"https:\/\/www.radiopiu.net\/wordpress\/wp-content\/uploads\/2024\/07\/19da2b39-b827-425d-a773-bb4b721521cd-300x300.jpg 300w, https:\/\/www.radiopiu.net\/wordpress\/wp-content\/uploads\/2024\/07\/19da2b39-b827-425d-a773-bb4b721521cd-1024x1024.jpg 1024w, https:\/\/www.radiopiu.net\/wordpress\/wp-content\/uploads\/2024\/07\/19da2b39-b827-425d-a773-bb4b721521cd-150x150.jpg 150w, https:\/\/www.radiopiu.net\/wordpress\/wp-content\/uploads\/2024\/07\/19da2b39-b827-425d-a773-bb4b721521cd-768x769.jpg 768w, https:\/\/www.radiopiu.net\/wordpress\/wp-content\/uploads\/2024\/07\/19da2b39-b827-425d-a773-bb4b721521cd.jpg 1125w\" sizes=\"auto, (max-width: 125px) 100vw, 125px\" \/><\/a>FALCADE<\/strong> Tornano le proiezioni al Cinema Dolomiti di Falcade. Fine settimana dedicato al film d&#8217;azione &#8220;Bad Boys: Ride Or Die&#8221;. Spettacoli venerd\u00ec, sabato e domenica alle 21:15. Domenica anche alle 17<\/p>\n<p><span style=\"color: #ff0000;\"><strong>ALLEGHE<\/strong> <\/span>Il 20 luglio alle\u00a0 17, nella splendida cornice di Villa Paganini Ruspoli sulle sponde del Lago di Alleghe, per la rassegna del Festival Internazionale di Musica nel Veneto si terr\u00e0 il concerto \u201cil Quartetto Veneto e la musica da film\u201d musiche tratte dalle pi\u00f9 importanti e conosciute colonne sonore della filmografia. ingresso\u00a0 libero &#8211;\u00a0 aperto a tutti. Villa Paganini Ruspoli, facilmente raggiungibile a piedi,\u00a0 si consiglia di utilizzare i parcheggi di Alleghe e quelli disponibili nella frazione di Masar\u00e8. In caso di maltempo il Concerto si terr\u00e0 in Sala Stoppani presso le scuole elementari di Alleghe alla stessa ora. L\u2019eventuale spostamento sar\u00e0 comunicato sulle pagine FB del Comune di Alleghe<\/p>\n<p><span style=\"color: #ff0000;\"><strong>FALCADE<\/strong><\/span> aperitivo allo Stella Alpina. Tra il verde, nella meraviglia delle Dolomiti, Il venerdi sera allo Stella Alpina, in centro a Falcade \u00e8&#8230;tutt&#8217;un&#8217;altra estate e che estate!\u00a0 L&#8217;aperitivo&#8230;che non \u00e8 mai da solo.. ma accompagnato da stuzzicherie che affasciano anche i palati pi\u00f9 difficili. ad ogni appuntamento&#8230; una specialit\u00e0 diversa.<br \/>\nVENERDI 19 LUGLIO LUCA DE ZORZI, I GRANDI CANTAUTORI, SERATA TURCA E PANINI KEBAB<br \/>\nVENERDI 26 LUGLIO ORO PURO, SERATA MESSICANA, TORILLAS CON CARNE, VERDURE, SALSA CHILI<\/p>\n<p><strong><span style=\"color: #ff0000;\">ALLEGHE<\/span> <\/strong>SABATO 27 LUGLIO ALLE 10.30 IL NUOVO TRAILER DEI CERCATOR, DALLE 17 LA MUSICA DEI WILLY BOYS BAND. ALLE 19&#8230; SPIEDO PER TUTTI&#8230; ANCHE DA ASPORTO, PRENOTALO ENTRO MERCOLEDI 24 LUGLIO AL 347 571 5279 E TUTTI I GIORNI.. LABORATORIO CREATIVO..VIENI A DIPINGERE I SASSI E&#8230; PORTARE UN SORRISO<\/p>\n<p><strong>FALCADE\u00a0 <\/strong>Domani alle 17.30 in sala consigliare con le biblioteche della Valle del Biois, presentazione del libro di Saraba Piazza &#8220;I giorni della merla&#8221;, accompagnamento musicale di Jessica Re<\/p>\n<p><strong>ROCCA PIETORE<\/strong>\u00a0 Venerd\u00ec 19 luglio alle 20.30 in sala Teaz concerto dei cori di Arsi\u00e8. Domenica dalle 11 mercatino di beneficienza con rinfresco e musica di\u00a0 Fabiano e Mario. Luned\u00ec 10.30, Messa, Processione per Santa Maria Maddalena. Il ricavato delle manifestazioni sar\u00e0 devoluto all&#8217;Associazione Save the children che si prende cura dei bambini vittime di malnutrizione, di malattie e delle guerre che imperversano nel mondo, nonch\u00e9 di famiglie in stato di povert\u00e0 assoluta in Italia.<\/p>\n<\/div>\n<\/div>\n<\/div>\n<p><strong>AGORDO<\/strong> Mercatino Dolomiti Agordine, antiquariato, domenica 21 luglio, 4 e 10 agosto ad Agordo, 13 agosto Forcella Aurine.<\/p>\n<p><strong>SOSPIROLO <\/strong>Domenica 21 luglio alle 17.30 a Susin concerto della Filarmonica di Lentiai diretta dal M\u00b0 Domenico Vello per la rassegna Musica nei cortivi (Pro Loco-Comitato S.Martino Susin)<\/p>\n<p>&nbsp;<\/p>\n<h2><span style=\"color: #0000ff;\">PROSSIMAMENTE<\/span><\/h2>\n<p><span style=\"color: #ff0000;\"><strong>AGORDO<\/strong><\/span> NATURAL-MENTE OLISTICO.BAR DELLE BOCCE AL PARCO GIOCHI, UN&#8217;ESTATE DI DIVERTIMENTO E APPUNTAMENTI 27-28 LUGLIO, DALLE 10 ALLE 18 CON INGRESSO LIBERO A TUTTI E GRATUITO: FINE SETTIMANA DEDICATO ALLE DISCIPLINE OLISTICHE E DEL BENESSERE. PROVA DAL VIVO LE DIVERSE TECNICHE DI RISVEGLIO SPIRTUALE ED AUTOCONSAPEVOLEZZA CON GLI OPERATORI PROFESSIONISTI. SU PRENOTAZIONE BAGNI DI GONG, QI GONG, YOUGA E TAI CHI. BOCCIODROMO DI VIA PAGANINI, INFO 351 7658800\u00a0 ANCHE SU FACEBOOK<\/p>\n<p>&nbsp;<\/p>\n<p><span style=\"color: #ff0000;\"><strong>CANALE D&#8217;AGORDO <\/strong><\/span><span style=\"font-family: Arial;\">Abbashow, band tributo agli Abba, LA GRANDE MUSICA IN VALLE DI GARES CON\u00a0 la Pro Loco di Canale d&#8217;Agordo\u00a0 <\/span><span style=\"font-family: Arial;\"><i>2\u00b0 concerto a<\/i><i>ll&#8217;aperto TRA LE DOLOMITI.<\/i><strong><i>&#8230; <\/i><\/strong>LUNEDI 5 AGOSTO ALLE 15&#8230;.\u00a0 in Localit\u00e0 Pian De Giare <\/span><span style=\"font-family: Arial;\">I biglietti sono disponibili ALl&#8217;ufficio pro loco di Canale d&#8217;Agordo e allo stand del Salotto delle Dolomiti. Di seguito i prezzi: <\/span>Abbashow&#8230;the first italian abba tribute band&#8230; il concerto&#8230; nella natura<\/p>\n<p><span style=\"color: #ff0000;\"><strong>SOSPIROLO<\/strong><\/span> dal 29 luglio al 4 agosto agli impianti sportivi a Gron di Sospirolo, al Pr\u00e0 dela Melia, FESTA CAMPESTRE CON LA PROLOCO MONTI DEL SOLE<\/p>\n<p><strong>4 SERATE DI CULTURA<\/strong> E AVVENTURA IN COLLABORAZIONE CON IL CENTRO STUDI MONTAGNA SOSPIROLOSE, INIZIO ALLE 20.45: LUNEDI 29 LUGLIO, OTTAVA EDIZIONE DI &#8220;OLTRE I FERUCH&#8221;, SERATA DI MONTAGNA CON MARCO CASSOL E AMICI; 30 LUGLIO PRESENTAZIONE DEL LIBRO &#8220;SAPORI DELLA VALBELLUNA&#8221; DE IL VESES, CON DEGUSTAZIONE. 31 LUGLIO COMMEDIA CON LA COMPAGNIA TEATRO DEL CUORE &#8220;L&#8217;ALBERGO DEI NEVRASTENICI&#8221;. GIOVEDI 1 AGOSTO LA CAMPIONESSA DI CICLISMO SOSPIROLESE VIRGINIA IACCARINO SI RACCONTA.<\/p>\n<p><strong>PROLOCO MONTI DEL SOLE, DA OLTRE 50 ANNI TI PORTA IN PISTA,<\/strong> AD AGOSTO TRE GIORNI NELLA STRUTTURA AL COPERTO CON doppia PISTA DA BALLO PROFESSIONALE. VENERDI 2 AGOSTO ORCHESTRA SORRISO, E ORCHESTRA &#8220;GRAN CAFE&#8217; ITALIA&#8221;, PIATTO DEL GIORNO LA PORCHETTA. SABATO 3 AGOSTO ORCHESTRA &#8220;RIFLESSO&#8221; E &#8220;GIANCARLO CON LA SANTA MONICA BAND&#8221;, DALLE CUCINE LE TROTE DEL MIS. DOMENICA 4 AGOSTO: NEL PIATTO LA TAGLIATA DI CAVALLO E IL BACCALA&#8217; PER CENA, SUL PALCO L&#8217;ORCHESTRA &#8220;ISSAM E CHIARA&#8230; A TEMPO DI SAMBA&#8221;, dalla CONSOLLE il DJ ARIZONA<\/p>\n<p>&nbsp;<\/p>\n<p>&nbsp;<\/p>\n<hr \/>\n<p>&nbsp;<\/p>\n<p><a class=\"dt-pswp-item\" href=\"https:\/\/www.radiopiu.net\/wordpress\/wp-content\/uploads\/2018\/09\/viabilita.jpeg\" data-dt-img-description=\"\" data-large_image_width=\"800\" data-large_image_height=\"100\"><img loading=\"lazy\" decoding=\"async\" class=\"aligncenter wp-image-61954 size-full\" src=\"https:\/\/www.radiopiu.net\/wordpress\/wp-content\/uploads\/2018\/09\/viabilita.jpeg\" alt=\"\" width=\"800\" height=\"100\" srcset=\"https:\/\/www.radiopiu.net\/wordpress\/wp-content\/uploads\/2018\/09\/viabilita.jpeg 800w, https:\/\/www.radiopiu.net\/wordpress\/wp-content\/uploads\/2018\/09\/viabilita-300x38.jpeg 300w, https:\/\/www.radiopiu.net\/wordpress\/wp-content\/uploads\/2018\/09\/viabilita-768x96.jpeg 768w\" sizes=\"auto, (max-width: 800px) 100vw, 800px\" \/><\/a><\/p>\n<p>&nbsp;<\/p>\n<p><a class=\"dt-pswp-item\" href=\"https:\/\/www.radiopiu.net\/wordpress\/wp-content\/uploads\/2023\/12\/botol-car-service.jpg\" data-dt-img-description=\"\" data-large_image_width=\"600\" data-large_image_height=\"600\"><img loading=\"lazy\" decoding=\"async\" class=\"size-medium wp-image-367044 aligncenter\" src=\"https:\/\/www.radiopiu.net\/wordpress\/wp-content\/uploads\/2023\/12\/botol-car-service-300x300.jpg\" alt=\"\" width=\"300\" height=\"300\" srcset=\"https:\/\/www.radiopiu.net\/wordpress\/wp-content\/uploads\/2023\/12\/botol-car-service-300x300.jpg 300w, https:\/\/www.radiopiu.net\/wordpress\/wp-content\/uploads\/2023\/12\/botol-car-service-150x150.jpg 150w, https:\/\/www.radiopiu.net\/wordpress\/wp-content\/uploads\/2023\/12\/botol-car-service.jpg 600w\" sizes=\"auto, (max-width: 300px) 100vw, 300px\" \/><\/a><\/p>\n<p>&nbsp;<\/p>\n<p>&nbsp;<\/p>\n<h1>BOLLETTINO QUOTIDIANO, CLICCA QUI<\/h1>\n<blockquote class=\"wp-embedded-content\" data-secret=\"gglNeTJ76M\"><p><a href=\"https:\/\/www.radiopiu.net\/wordpress\/viabilita-2\/\">viabilita<\/a><\/p><\/blockquote>\n<p><iframe loading=\"lazy\" class=\"wp-embedded-content\" sandbox=\"allow-scripts\" security=\"restricted\" style=\"position: absolute; clip: rect(1px, 1px, 1px, 1px);\" title=\"&#8220;viabilita&#8221; &#8212; Radio Pi\u00f9\" src=\"https:\/\/www.radiopiu.net\/wordpress\/viabilita-2\/embed\/#?secret=7ZcW01s3gg#?secret=gglNeTJ76M\" data-secret=\"gglNeTJ76M\" width=\"600\" height=\"338\" frameborder=\"0\" marginwidth=\"0\" marginheight=\"0\" scrolling=\"no\"><\/iframe><\/p>\n<p>&nbsp;<\/p>\n<p>&nbsp;<\/p>\n<hr \/>\n<p>&nbsp;<\/p>\n<p><a class=\"dt-pswp-item\" href=\"https:\/\/www.radiopiu.net\/wordpress\/wp-content\/uploads\/2018\/09\/WhatsApp-Image-2018-09-20-at-16.04.06.jpeg\" data-dt-img-description=\"\" data-large_image_width=\"800\" data-large_image_height=\"100\"><img loading=\"lazy\" decoding=\"async\" class=\"wp-image-61378 size-full aligncenter\" src=\"https:\/\/www.radiopiu.net\/wordpress\/wp-content\/uploads\/2018\/09\/WhatsApp-Image-2018-09-20-at-16.04.06.jpeg\" alt=\"\" width=\"800\" height=\"100\" srcset=\"https:\/\/www.radiopiu.net\/wordpress\/wp-content\/uploads\/2018\/09\/WhatsApp-Image-2018-09-20-at-16.04.06.jpeg 800w, https:\/\/www.radiopiu.net\/wordpress\/wp-content\/uploads\/2018\/09\/WhatsApp-Image-2018-09-20-at-16.04.06-300x38.jpeg 300w, https:\/\/www.radiopiu.net\/wordpress\/wp-content\/uploads\/2018\/09\/WhatsApp-Image-2018-09-20-at-16.04.06-768x96.jpeg 768w\" sizes=\"auto, (max-width: 800px) 100vw, 800px\" \/><\/a><\/p>\n<p><center><\/center><center><\/center><center><\/center><center><\/center><center><\/center><center><\/center>&nbsp;<\/p>\n<p><center><\/center><center><\/center><center><b>OGGI<\/b><\/center>Ancora una giornata con tempo perlopi\u00f9 soleggiato e stabile con qualche modesta nube al mattino, un po&#8217; pi\u00f9 consistente nelle ore calde, associata al passaggio di modeste velature ma con bassa probabilit\u00e0 di fenomeni, eventualmente occasionali.<br \/>\n<b>Precipitazioni: <\/b>Salvo qualche sporadico piovasco, specie sulle Dolomiti al confine con il Trentino Alto Adige e il Friuli Venezia Giulia, generalmente assenti<br \/>\n<b>Temperature: <\/b>Stazionarie o in lieve aumento specie le minime nelle valli, in un contesto termico che si manterr\u00e0 caldo a tutte le quote e valori sempre superiori alla norma.<\/p>\n<hr \/>\n<p><center><b>DOMANI<\/b><\/center>Ancora tempo stabile e ben soleggiato al mattino con qualche cumulo in prossimit\u00e0 delle vette associate a residue velature; nelle ore pi\u00f9 calde addensamenti pi\u00f9 significativi e localmente consistenti specie sulle Dolomiti dove non sar\u00e0 escluso qualche sporadico fenomeno.<br \/>\n<b>Precipitazioni: <\/b>Al mattino assenti. Nel pomeriggio non del tutto escluso qualche occasionale piovasco o temporale di calore soprattutto sui rilievi al confine con le altre regioni<br \/>\n<b>Temperature: <\/b>Stazionarie o in lieve aumento. Contesto termico ancora caldo a tutte le quote<\/p>\n<hr \/>\n<p><center><b>VENERDI<\/b><\/center>Tempo variabile con cielo al mattino inizialmente sereno o poco nuvoloso. Nel corso mattinata graduale intensificazione della nuvolosit\u00e0 per un&#8217;attivit\u00e0 cumuliforme che sar\u00e0 pi\u00f9 significativa rispetto ai giorni precedenti e che potr\u00e0 determinare nel corso del pomeriggio\/sera dei fenomeni sparsi. Temperature senza notevoli variazioni o in lieve aumento.<\/p>\n<hr \/>\n<p><center><b>SABATO<\/b><\/center>Tempo variabile a tratti instabile con cielo irregolarmente nuvoloso e qualche schiarita; possibili precipitazioni sparse anche a carattere di rovescio o temporale. Clima un po&#8217; meno caldo rispetto ai giorni precedenti con temperature in lieve diminuzione, ma ancora superiori alla norma.<\/p>\n<p>&nbsp;<\/p>\n<hr \/>\n<p>&nbsp;<\/p>\n<p><a class=\"dt-pswp-item\" href=\"https:\/\/www.radiopiu.net\/wordpress\/wp-content\/uploads\/2018\/09\/sport.jpg\" data-dt-img-description=\"\" data-large_image_width=\"800\" data-large_image_height=\"100\"><img loading=\"lazy\" decoding=\"async\" class=\"aligncenter wp-image-60761 size-full\" src=\"https:\/\/www.radiopiu.net\/wordpress\/wp-content\/uploads\/2018\/09\/sport.jpg\" alt=\"\" width=\"800\" height=\"100\" srcset=\"https:\/\/www.radiopiu.net\/wordpress\/wp-content\/uploads\/2018\/09\/sport.jpg 800w, https:\/\/www.radiopiu.net\/wordpress\/wp-content\/uploads\/2018\/09\/sport-300x38.jpg 300w, https:\/\/www.radiopiu.net\/wordpress\/wp-content\/uploads\/2018\/09\/sport-768x96.jpg 768w\" sizes=\"auto, (max-width: 800px) 100vw, 800px\" \/><\/a><\/p>\n<p>&nbsp;<\/p>\n<h1><\/h1>\n<h1><strong>DOMENICA LA TRANSCIVETTA! DOMENICA MATTINA LA DIRETTA CON FILIPPO FONTANIVE\u00a0 DAI PIANI DI PEZZE&#8217; IN STUDIO MARCO GAZ<\/strong><\/h1>\n<h1><strong>DOMENICA POMERIGGIO CAMPIONATO AGORDINO DI CALCIO, LE ESCLUSIVE DI RADIOPIU &#8211; CORRIERE DELLE ALPI, IN DIRETTA ALLA RADIO\u00a0 \u00a0<\/strong><\/h1>\n<p>&nbsp;<\/p>\n<blockquote>\n<h1><span style=\"color: #ff0000;\">IL VENEZIA CALCIO IN RITIRO A FALCADE, IL PROGRAMMA DI OGGI, alle 17.30 l&#8217;amichevole con il Real Vicenza, al campo di calcio di Falcade.<\/span><\/h1>\n<\/blockquote>\n<p><a class=\"dt-pswp-item\" href=\"https:\/\/www.radiopiu.net\/wordpress\/wp-content\/uploads\/2024\/07\/30703070-d75e-4066-986d-8d6f80c35dc6.jpg\" data-dt-img-description=\"\" data-large_image_width=\"1080\" data-large_image_height=\"1138\"><img loading=\"lazy\" decoding=\"async\" class=\"alignnone wp-image-400036 size-large\" src=\"https:\/\/www.radiopiu.net\/wordpress\/wp-content\/uploads\/2024\/07\/30703070-d75e-4066-986d-8d6f80c35dc6-972x1024.jpg\" alt=\"\" width=\"972\" height=\"1024\" srcset=\"https:\/\/www.radiopiu.net\/wordpress\/wp-content\/uploads\/2024\/07\/30703070-d75e-4066-986d-8d6f80c35dc6-972x1024.jpg 972w, https:\/\/www.radiopiu.net\/wordpress\/wp-content\/uploads\/2024\/07\/30703070-d75e-4066-986d-8d6f80c35dc6-285x300.jpg 285w, https:\/\/www.radiopiu.net\/wordpress\/wp-content\/uploads\/2024\/07\/30703070-d75e-4066-986d-8d6f80c35dc6-768x809.jpg 768w, https:\/\/www.radiopiu.net\/wordpress\/wp-content\/uploads\/2024\/07\/30703070-d75e-4066-986d-8d6f80c35dc6.jpg 1080w\" sizes=\"auto, (max-width: 972px) 100vw, 972px\" \/><\/a><\/p>\n<p><span style=\"color: #0000ff;\"><strong>\u00a0<\/strong><\/span><\/p>\n<p><span style=\"color: #0000ff;\"><strong>HOCKEY SU GHIACCIO<\/strong><\/span><\/p>\n<blockquote>\n<h3>GIOVANI HOCKEISTI DI ALLEGHE E CORTINA IN REPUBBLICA CECA<\/h3>\n<\/blockquote>\n<p><strong>DI ROBERTO MIANA, PORTAVOCE DELL&#8217;ALLEGHE HOCKEY<\/strong><\/p>\n<p>La Societ\u00e0 Alleghe Hockey, nel progetto di continua crescita delle proprie giovanili e in collaborazione con la Sportivi Ghiaccio Cortina partecipa, con alcuni dei propri atleti nati dal 2008 alla 2014, ad un interessante camp in Repubblica Ceca supportato dall\u2019allenatore delle giovanili biancorosse: Marco Vrba, specializzato nella crescita dei ragazzi e facente parte dell\u2019ottima scuola hockeistica Ceca. Il camp si svolge nella citt\u00e0 Boema di Beroun dal 14 al 20 luglio dove, le giovani promesse bellunesi di Alleghe e Cortina seguite da coach Vrba, avranno l\u2019importante opportunit\u00e0 di fare esperienza e migliorarsi tecnicamente, oltre che fare gruppo e socializzare.<\/p>\n\n\t\t\t<style type='text\/css'>\n\t\t\t\t#gallery-4 {\n\t\t\t\t\tmargin: auto;\n\t\t\t\t}\n\t\t\t\t#gallery-4 .gallery-item {\n\t\t\t\t\tfloat: left;\n\t\t\t\t\tmargin-top: 10px;\n\t\t\t\t\ttext-align: center;\n\t\t\t\t\twidth: 25%;\n\t\t\t\t}\n\t\t\t\t#gallery-4 img {\n\t\t\t\t\tborder: 2px solid #cfcfcf;\n\t\t\t\t}\n\t\t\t\t#gallery-4 .gallery-caption {\n\t\t\t\t\tmargin-left: 0;\n\t\t\t\t}\n\t\t\t\t\/* see gallery_shortcode() in wp-includes\/media.php *\/\n\t\t\t<\/style>\n\t\t<div id='gallery-4' class='dt-gallery-container gallery galleryid-399911 gallery-columns-4 gallery-size-thumbnail'><dl class='gallery-item'>\n\t\t\t\t<dt class='gallery-icon landscape'>\n\t\t\t\t\t<a class=\"rollover rollover-zoom dt-pswp-item\" title=\"23f222f3-c65e-49e3-8189-2dedbbe54eb8\" data-dt-img-description=\"\" data-large_image_width=\"769\" data-large_image_height=\"649\"href='https:\/\/www.radiopiu.net\/wordpress\/wp-content\/uploads\/2024\/07\/23f222f3-c65e-49e3-8189-2dedbbe54eb8.jpg'><img loading=\"lazy\" decoding=\"async\" width=\"150\" height=\"150\" src=\"https:\/\/www.radiopiu.net\/wordpress\/wp-content\/uploads\/2024\/07\/23f222f3-c65e-49e3-8189-2dedbbe54eb8-150x150.jpg\" class=\"attachment-thumbnail size-thumbnail\" alt=\"\" \/><\/a>\n\t\t\t\t<\/dt><\/dl><dl class='gallery-item'>\n\t\t\t\t<dt class='gallery-icon portrait'>\n\t\t\t\t\t<a class=\"rollover rollover-zoom dt-pswp-item\" title=\"ee6cf01a-5bbb-47b7-8796-a319311b6d71\" data-dt-img-description=\"\" data-large_image_width=\"701\" data-large_image_height=\"1237\"href='https:\/\/www.radiopiu.net\/wordpress\/wp-content\/uploads\/2024\/07\/ee6cf01a-5bbb-47b7-8796-a319311b6d71.jpg'><img loading=\"lazy\" decoding=\"async\" width=\"150\" height=\"150\" src=\"https:\/\/www.radiopiu.net\/wordpress\/wp-content\/uploads\/2024\/07\/ee6cf01a-5bbb-47b7-8796-a319311b6d71-150x150.jpg\" class=\"attachment-thumbnail size-thumbnail\" alt=\"\" \/><\/a>\n\t\t\t\t<\/dt><\/dl><dl class='gallery-item'>\n\t\t\t\t<dt class='gallery-icon portrait'>\n\t\t\t\t\t<a class=\"rollover rollover-zoom dt-pswp-item\" title=\"d00685e9-ce1d-4a0d-9a6b-78fb04ca150f\" data-dt-img-description=\"\" data-large_image_width=\"720\" data-large_image_height=\"1074\"href='https:\/\/www.radiopiu.net\/wordpress\/wp-content\/uploads\/2024\/07\/d00685e9-ce1d-4a0d-9a6b-78fb04ca150f.jpg'><img loading=\"lazy\" decoding=\"async\" width=\"150\" height=\"150\" src=\"https:\/\/www.radiopiu.net\/wordpress\/wp-content\/uploads\/2024\/07\/d00685e9-ce1d-4a0d-9a6b-78fb04ca150f-150x150.jpg\" class=\"attachment-thumbnail size-thumbnail\" alt=\"\" \/><\/a>\n\t\t\t\t<\/dt><\/dl><dl class='gallery-item'>\n\t\t\t\t<dt class='gallery-icon portrait'>\n\t\t\t\t\t<a class=\"rollover rollover-zoom dt-pswp-item\" title=\"3562517f-e3cc-4b2d-b1a4-f0717678833c\" data-dt-img-description=\"\" data-large_image_width=\"720\" data-large_image_height=\"1168\"href='https:\/\/www.radiopiu.net\/wordpress\/wp-content\/uploads\/2024\/07\/3562517f-e3cc-4b2d-b1a4-f0717678833c.jpg'><img loading=\"lazy\" decoding=\"async\" width=\"150\" height=\"150\" src=\"https:\/\/www.radiopiu.net\/wordpress\/wp-content\/uploads\/2024\/07\/3562517f-e3cc-4b2d-b1a4-f0717678833c-150x150.jpg\" class=\"attachment-thumbnail size-thumbnail\" alt=\"\" \/><\/a>\n\t\t\t\t<\/dt><\/dl><br style=\"clear: both\" \/>\n\t\t\t<\/div>\n\n<p>&nbsp;<\/p>\n<hr \/>\n<p>&nbsp;<\/p>\n<p><span style=\"color: #0000ff;\"><strong>MOTORI\u00a0<\/strong><\/span><\/p>\n<blockquote>\n<h2>Podio al Debutto per Andrea Fontana nel CIGT Endurance al Mugello<\/h2>\n<\/blockquote>\n<p><strong><a class=\"dt-pswp-item\" href=\"https:\/\/www.radiopiu.net\/wordpress\/wp-content\/uploads\/2024\/07\/40e77bbf-b3f3-f238-4447-053c1c30fa6b.jpg\" data-dt-img-description=\"\" data-large_image_width=\"1200\" data-large_image_height=\"1500\"><img loading=\"lazy\" decoding=\"async\" class=\"wp-image-399968 alignleft\" src=\"https:\/\/www.radiopiu.net\/wordpress\/wp-content\/uploads\/2024\/07\/40e77bbf-b3f3-f238-4447-053c1c30fa6b-240x300.jpg\" alt=\"\" width=\"154\" height=\"193\" srcset=\"https:\/\/www.radiopiu.net\/wordpress\/wp-content\/uploads\/2024\/07\/40e77bbf-b3f3-f238-4447-053c1c30fa6b-240x300.jpg 240w, https:\/\/www.radiopiu.net\/wordpress\/wp-content\/uploads\/2024\/07\/40e77bbf-b3f3-f238-4447-053c1c30fa6b-819x1024.jpg 819w, https:\/\/www.radiopiu.net\/wordpress\/wp-content\/uploads\/2024\/07\/40e77bbf-b3f3-f238-4447-053c1c30fa6b-768x960.jpg 768w, https:\/\/www.radiopiu.net\/wordpress\/wp-content\/uploads\/2024\/07\/40e77bbf-b3f3-f238-4447-053c1c30fa6b.jpg 1200w\" sizes=\"auto, (max-width: 154px) 100vw, 154px\" \/><\/a>REDAZIONE<\/strong> Nella seconda gara Endurance del Campionato Italiano GT 2024 al Mugello, Andrea Fontana ha debuttato con il team DL Racing sulla Lamborghini Hurac\u00e1n ST EVO 2 insieme a Luca Seg\u00f9 e Alessio Caiola, leader della GT Cup Divisione 1 Pro-Am. Fontana ha brillato nelle qualifiche, ma una penalit\u00e0 ha costretto il team a una rimonta epica. Partito terzo, Fontana ha superato i rivali, concludendo la gara al secondo posto di classe e 21esimo assoluto. La gara \u00e8 stata cruciale per accumulare punti, preparando Fontana per il prossimo sprint al Mugello, dove cercher\u00e0 la vittoria.<\/p>\n<div class=\"mt-1 flex gap-3 empty:hidden juice:-ml-3\">\n<div class=\"items-center justify-start rounded-xl p-1 flex\">\n<div class=\"flex items-center\">\n<div class=\"flex items-center pb-0.5 juice:pb-0\">\n<blockquote>\n<div class=\"[&amp;_svg]:h-full [&amp;_svg]:w-full icon-md h-4 w-4\"><span class=\"\" style=\"color: #000000;\"><strong>Andrea Fontana<\/strong><\/span><br class=\"\" \/><span class=\"\"><em class=\"\">&#8220;Il weekend \u00e8 stato fantastico. \u00c8 iniziato subito con il miglior tempo della mia qualifica, che ci ha consentito di partire dalla seconda posizione. L&#8217;equipaggio formato da me, Luca e Alessio era molto forte e abbiamo avuto un ottimo passo che ci d\u00e0 fiducia anche per le nostre prossime gare. Purtroppo un errore ci \u00e8 costata la vittoria oggi, che era assolutamente alla portata del nostro team. Fortunatamente siamo riusciti a limitare i danni recuperando la seconda posizione negli ultimi giri, guadagnando punti importanti per Luca e Alessio nella lotta per il loro titolo.&#8221;<\/em><\/span><\/div>\n<\/blockquote>\n<\/div>\n<\/div>\n<\/div>\n<\/div>\n<p>&nbsp;<\/p>\n<p>&nbsp;<\/p>\n<blockquote>\n<h2>DENIS MEZZACASA, SINONIMO DI PERFEZIONE<\/h2>\n<\/blockquote>\n<p><img loading=\"lazy\" decoding=\"async\" class=\"alignleft\" src=\"https:\/\/www.radiopiu.net\/wordpress\/wp-content\/uploads\/2024\/07\/65d007f3-ee4f-4777-a490-ec593edb24c5.jpg\" width=\"326\" height=\"201\" \/><\/p>\n<p><strong>di ROBERTO BONA\u00a0<\/strong><\/p>\n<audio class=\"wp-audio-shortcode\" id=\"audio-399911-18\" preload=\"none\" style=\"width: 100%;\" controls=\"controls\"><source type=\"audio\/wav\" src=\"https:\/\/www.radiopiu.net\/wordpress\/wp-content\/uploads\/2024\/07\/DenisMezzaPerfetto.wav?_=18\" \/><a href=\"https:\/\/www.radiopiu.net\/wordpress\/wp-content\/uploads\/2024\/07\/DenisMezzaPerfetto.wav\">https:\/\/www.radiopiu.net\/wordpress\/wp-content\/uploads\/2024\/07\/DenisMezzaPerfetto.wav<\/a><\/audio>\n<p>&nbsp;<\/p>\n<hr \/>\n<p>&nbsp;<\/p>\n<blockquote>\n<h3>CRONO DEL NEVEGAL, I GIORNI DEL COLLAUDO<\/h3>\n<\/blockquote>\n<p><strong><a class=\"dt-pswp-item\" href=\"https:\/\/www.radiopiu.net\/wordpress\/wp-content\/uploads\/2024\/07\/c0b8de14-9999-4906-842d-4db7d41aefaf.jpg\" data-dt-img-description=\"\" data-large_image_width=\"1100\" data-large_image_height=\"733\"><img loading=\"lazy\" decoding=\"async\" class=\"wp-image-399989 alignleft\" src=\"https:\/\/www.radiopiu.net\/wordpress\/wp-content\/uploads\/2024\/07\/c0b8de14-9999-4906-842d-4db7d41aefaf-300x200.jpg\" alt=\"\" width=\"158\" height=\"105\" srcset=\"https:\/\/www.radiopiu.net\/wordpress\/wp-content\/uploads\/2024\/07\/c0b8de14-9999-4906-842d-4db7d41aefaf-300x200.jpg 300w, https:\/\/www.radiopiu.net\/wordpress\/wp-content\/uploads\/2024\/07\/c0b8de14-9999-4906-842d-4db7d41aefaf-1024x682.jpg 1024w, https:\/\/www.radiopiu.net\/wordpress\/wp-content\/uploads\/2024\/07\/c0b8de14-9999-4906-842d-4db7d41aefaf-768x512.jpg 768w, https:\/\/www.radiopiu.net\/wordpress\/wp-content\/uploads\/2024\/07\/c0b8de14-9999-4906-842d-4db7d41aefaf.jpg 1100w\" sizes=\"auto, (max-width: 158px) 100vw, 158px\" \/><\/a>BELLUNO<\/strong><\/p>\n<p><strong>DI ROBERTO BONA\u00a0<\/strong><\/p>\n<audio class=\"wp-audio-shortcode\" id=\"audio-399911-19\" preload=\"none\" style=\"width: 100%;\" controls=\"controls\"><source type=\"audio\/wav\" src=\"https:\/\/www.radiopiu.net\/wordpress\/wp-content\/uploads\/2024\/07\/CollaudoNevegal-1.wav?_=19\" \/><a href=\"https:\/\/www.radiopiu.net\/wordpress\/wp-content\/uploads\/2024\/07\/CollaudoNevegal-1.wav\">https:\/\/www.radiopiu.net\/wordpress\/wp-content\/uploads\/2024\/07\/CollaudoNevegal-1.wav<\/a><\/audio>\n<p>FOTO Flavio Casoni<\/p>\n<p>&nbsp;<\/p>\n<hr \/>\n<p>&nbsp;<\/p>\n<p>&nbsp;<\/p>\n<blockquote>\n<h3><a class=\"dt-pswp-item\" href=\"https:\/\/www.radiopiu.net\/wordpress\/wp-content\/uploads\/2024\/07\/image0-2.jpeg\" data-dt-img-description=\"\" data-large_image_width=\"640\" data-large_image_height=\"427\"><img loading=\"lazy\" decoding=\"async\" class=\"wp-image-399971 alignleft\" src=\"https:\/\/www.radiopiu.net\/wordpress\/wp-content\/uploads\/2024\/07\/image0-2-300x200.jpeg\" alt=\"\" width=\"150\" height=\"100\" srcset=\"https:\/\/www.radiopiu.net\/wordpress\/wp-content\/uploads\/2024\/07\/image0-2-300x200.jpeg 300w, https:\/\/www.radiopiu.net\/wordpress\/wp-content\/uploads\/2024\/07\/image0-2.jpeg 640w\" sizes=\"auto, (max-width: 150px) 100vw, 150px\" \/><\/a>\u00a0Campionato Italiano di DownHill a Cortina d\u2019Ampezzo: Adrenalina e Competizione<\/h3>\n<\/blockquote>\n<p><strong>CORTINA\u00a0 <\/strong>Il 20 e 21 luglio, Cortina d\u2019Ampezzo ospiter\u00e0 il Campionato Italiano di DownHill, attirando atleti di alto livello su una pista emozionante come &#8220;Lucifer&#8221;. Con oltre 350 riders attesi, la gara promette spettacolo e competizione intensa, guidata dal Comune e dal Dolomiti Bike Park.<\/p>\n<div class=\"mt-1 flex gap-3 empty:hidden juice:-ml-3\">\n<div class=\"items-center justify-start rounded-xl p-1 flex\">\n<div class=\"flex items-center\">\n<div class=\"flex\"><\/div>\n<div class=\"flex items-center pb-0.5 juice:pb-0\">\n<div class=\"[&amp;_svg]:h-full [&amp;_svg]:w-full icon-md h-4 w-4\"><\/div>\n<\/div>\n<\/div>\n<\/div>\n<\/div>\n<p>&nbsp;<\/p>\n<hr \/>\n<p>&nbsp;<\/p>\n<h2><span style=\"color: #99cc00;\">GOODBYE BY BICICLE&#8230;UN VIAGGIO DALL&#8217;INDIA A SEREN DEL GRAPPA IN BICICLETTA<\/span><\/h2>\n<p><span style=\"color: #ff0000;\"><strong>PUNTATA 21 &#8211; FINALMENTE IN EUROPA<\/strong><\/span><\/p>\n<audio class=\"wp-audio-shortcode\" id=\"audio-399911-20\" preload=\"none\" style=\"width: 100%;\" controls=\"controls\"><source type=\"audio\/mpeg\" src=\"https:\/\/www.radiopiu.net\/wordpress\/wp-content\/uploads\/2024\/07\/AIRE-INDIA-PUNTATA-21.mp3?_=20\" \/><a href=\"https:\/\/www.radiopiu.net\/wordpress\/wp-content\/uploads\/2024\/07\/AIRE-INDIA-PUNTATA-21.mp3\">https:\/\/www.radiopiu.net\/wordpress\/wp-content\/uploads\/2024\/07\/AIRE-INDIA-PUNTATA-21.mp3<\/a><\/audio>\n<p>&nbsp;<\/p>\n<p><strong>PER VISITARE I SITI DEI LUOGHI VISITATI, CLICCA SULLE SEGUENTI SCRITTE: <a href=\"https:\/\/www.instagram.com\/luleburgazbicycleacademy?igsh=cWkyeWp4bXd2MGc0\"><span style=\"color: #3366ff;\">LULEBURGAZ<\/span><\/a><\/strong><b>\u00a0 <strong><span style=\"color: #3366ff;\"><a href=\"https:\/\/www.thegreensilkroad.com\/\">THE GREEN SILK ROAD<\/a> (<a href=\"https:\/\/www.instagram.com\/thegreensilkroad?igsh=MWt2M2Z5MXR4M3F5NQ==\">INSTAGRAM<\/a>)<\/span><\/strong>\u00a0<\/b><\/p>\n<p>&nbsp;<\/p>\n\n\t\t\t<style type='text\/css'>\n\t\t\t\t#gallery-5 {\n\t\t\t\t\tmargin: auto;\n\t\t\t\t}\n\t\t\t\t#gallery-5 .gallery-item {\n\t\t\t\t\tfloat: left;\n\t\t\t\t\tmargin-top: 10px;\n\t\t\t\t\ttext-align: center;\n\t\t\t\t\twidth: 25%;\n\t\t\t\t}\n\t\t\t\t#gallery-5 img {\n\t\t\t\t\tborder: 2px solid #cfcfcf;\n\t\t\t\t}\n\t\t\t\t#gallery-5 .gallery-caption {\n\t\t\t\t\tmargin-left: 0;\n\t\t\t\t}\n\t\t\t\t\/* see gallery_shortcode() in wp-includes\/media.php *\/\n\t\t\t<\/style>\n\t\t<div id='gallery-5' class='dt-gallery-container gallery galleryid-399911 gallery-columns-4 gallery-size-thumbnail'><dl class='gallery-item'>\n\t\t\t\t<dt class='gallery-icon landscape'>\n\t\t\t\t\t<a class=\"rollover rollover-zoom dt-pswp-item\" title=\"f771d353-b908-41db-a580-589a1b4c3a58_86d577c4-5018-4e1e-8f9d-fcf2bf95b511\" data-dt-img-description=\"\" data-large_image_width=\"1275\" data-large_image_height=\"960\"href='https:\/\/www.radiopiu.net\/wordpress\/wp-content\/uploads\/2024\/07\/f771d353-b908-41db-a580-589a1b4c3a58_86d577c4-5018-4e1e-8f9d-fcf2bf95b511.jpg'><img loading=\"lazy\" decoding=\"async\" width=\"150\" height=\"150\" src=\"https:\/\/www.radiopiu.net\/wordpress\/wp-content\/uploads\/2024\/07\/f771d353-b908-41db-a580-589a1b4c3a58_86d577c4-5018-4e1e-8f9d-fcf2bf95b511-150x150.jpg\" class=\"attachment-thumbnail size-thumbnail\" alt=\"\" \/><\/a>\n\t\t\t\t<\/dt><\/dl><dl class='gallery-item'>\n\t\t\t\t<dt class='gallery-icon landscape'>\n\t\t\t\t\t<a class=\"rollover rollover-zoom dt-pswp-item\" title=\"c8d0c013-6996-4c34-94c9-e2daff2016a4_65e07974-a238-4313-a36a-70f2e2575fcf\" data-dt-img-description=\"\" data-large_image_width=\"1275\" data-large_image_height=\"960\"href='https:\/\/www.radiopiu.net\/wordpress\/wp-content\/uploads\/2024\/07\/c8d0c013-6996-4c34-94c9-e2daff2016a4_65e07974-a238-4313-a36a-70f2e2575fcf.jpg'><img loading=\"lazy\" decoding=\"async\" width=\"150\" height=\"150\" src=\"https:\/\/www.radiopiu.net\/wordpress\/wp-content\/uploads\/2024\/07\/c8d0c013-6996-4c34-94c9-e2daff2016a4_65e07974-a238-4313-a36a-70f2e2575fcf-150x150.jpg\" class=\"attachment-thumbnail size-thumbnail\" alt=\"\" \/><\/a>\n\t\t\t\t<\/dt><\/dl><dl class='gallery-item'>\n\t\t\t\t<dt class='gallery-icon landscape'>\n\t\t\t\t\t<a class=\"rollover rollover-zoom dt-pswp-item\" title=\"7d72801e-b644-4c76-84c8-9d361e728604_dd24260e-bbe6-48b4-aabb-4019036147cf\" data-dt-img-description=\"\" data-large_image_width=\"1275\" data-large_image_height=\"960\"href='https:\/\/www.radiopiu.net\/wordpress\/wp-content\/uploads\/2024\/07\/7d72801e-b644-4c76-84c8-9d361e728604_dd24260e-bbe6-48b4-aabb-4019036147cf.jpg'><img loading=\"lazy\" decoding=\"async\" width=\"150\" height=\"150\" src=\"https:\/\/www.radiopiu.net\/wordpress\/wp-content\/uploads\/2024\/07\/7d72801e-b644-4c76-84c8-9d361e728604_dd24260e-bbe6-48b4-aabb-4019036147cf-150x150.jpg\" class=\"attachment-thumbnail size-thumbnail\" alt=\"\" \/><\/a>\n\t\t\t\t<\/dt><\/dl><dl class='gallery-item'>\n\t\t\t\t<dt class='gallery-icon landscape'>\n\t\t\t\t\t<a class=\"rollover rollover-zoom dt-pswp-item\" title=\"8eb02a70-717f-430f-b302-c488c2a4f34d_5d8002a1-3b10-4f64-9e85-5842c5ac393d\" data-dt-img-description=\"\" data-large_image_width=\"1275\" data-large_image_height=\"960\"href='https:\/\/www.radiopiu.net\/wordpress\/wp-content\/uploads\/2024\/07\/8eb02a70-717f-430f-b302-c488c2a4f34d_5d8002a1-3b10-4f64-9e85-5842c5ac393d.jpg'><img loading=\"lazy\" decoding=\"async\" width=\"150\" height=\"150\" src=\"https:\/\/www.radiopiu.net\/wordpress\/wp-content\/uploads\/2024\/07\/8eb02a70-717f-430f-b302-c488c2a4f34d_5d8002a1-3b10-4f64-9e85-5842c5ac393d-150x150.jpg\" class=\"attachment-thumbnail size-thumbnail\" alt=\"\" \/><\/a>\n\t\t\t\t<\/dt><\/dl><br style=\"clear: both\" \/>\n\t\t\t<\/div>\n\n<p>&nbsp;<\/p>\n<p>&nbsp;<\/p>\n","protected":false},"excerpt":{"rendered":"<p>******* &nbsp; TURISTE A RENON DI GOSALDO\u00a0 Da Giancarlo Gregnol. &nbsp; ATTENZIONE: LA NUOVA APP PER IOS-IPHONE di Nicola Vettorello https:\/\/apps.apple.com\/it\/app\/radio-pi%C3%B9-emittente-agordina\/id1515939845 ATTENZIONE: LA NUOVA APP RADIO\u00a0 PER ANDROID di Nicola Vettorello https:\/\/play.google.com\/store\/apps\/details?id=net.radiopiu.iniko\u00a0\u00a0\u00a0 &nbsp; &nbsp; &nbsp; OGGI ALLA RADIO: ALLE 6.15 PIROLE DE LENGA, CON IL MUSLA\u00a0\u00a0ALLE 7.20\u00a0EL BAL DEL FIOR, DETTI E TRADIZIONI DI GIULIANA&hellip;<\/p>\n","protected":false},"author":4,"featured_media":400009,"comment_status":"closed","ping_status":"closed","sticky":false,"template":"","format":"standard","meta":{"_monsterinsights_skip_tracking":false,"_monsterinsights_sitenote_active":false,"_monsterinsights_sitenote_note":"","_monsterinsights_sitenote_category":0,"footnotes":""},"categories":[51,86,49],"tags":[],"class_list":["post-399911","post","type-post","status-publish","format-standard","has-post-thumbnail","hentry","category-evidenza-top","category-gr","category-news-18","category-51","category-86","category-49","description-off"],"img_url":"https:\/\/www.radiopiu.net\/wordpress\/wp-content\/uploads\/2024\/07\/fcef9a34-e04b-405d-aac9-bdf2cb555db7.jpg","_links":{"self":[{"href":"https:\/\/www.radiopiu.net\/wordpress\/wp-json\/wp\/v2\/posts\/399911","targetHints":{"allow":["GET"]}}],"collection":[{"href":"https:\/\/www.radiopiu.net\/wordpress\/wp-json\/wp\/v2\/posts"}],"about":[{"href":"https:\/\/www.radiopiu.net\/wordpress\/wp-json\/wp\/v2\/types\/post"}],"author":[{"embeddable":true,"href":"https:\/\/www.radiopiu.net\/wordpress\/wp-json\/wp\/v2\/users\/4"}],"replies":[{"embeddable":true,"href":"https:\/\/www.radiopiu.net\/wordpress\/wp-json\/wp\/v2\/comments?post=399911"}],"version-history":[{"count":0,"href":"https:\/\/www.radiopiu.net\/wordpress\/wp-json\/wp\/v2\/posts\/399911\/revisions"}],"wp:featuredmedia":[{"embeddable":true,"href":"https:\/\/www.radiopiu.net\/wordpress\/wp-json\/wp\/v2\/media\/400009"}],"wp:attachment":[{"href":"https:\/\/www.radiopiu.net\/wordpress\/wp-json\/wp\/v2\/media?parent=399911"}],"wp:term":[{"taxonomy":"category","embeddable":true,"href":"https:\/\/www.radiopiu.net\/wordpress\/wp-json\/wp\/v2\/categories?post=399911"},{"taxonomy":"post_tag","embeddable":true,"href":"https:\/\/www.radiopiu.net\/wordpress\/wp-json\/wp\/v2\/tags?post=399911"}],"curies":[{"name":"wp","href":"https:\/\/api.w.org\/{rel}","templated":true}]}}