{"id":399967,"date":"2024-07-16T17:36:16","date_gmt":"2024-07-16T15:36:16","guid":{"rendered":"https:\/\/www.radiopiu.net\/wordpress\/?p=399967"},"modified":"2024-07-16T17:36:16","modified_gmt":"2024-07-16T15:36:16","slug":"podio-al-debutto-per-andrea-fontana-nel-cigt-endurance-al-mugello","status":"publish","type":"post","link":"https:\/\/www.radiopiu.net\/wordpress\/podio-al-debutto-per-andrea-fontana-nel-cigt-endurance-al-mugello\/","title":{"rendered":"Podio al Debutto per Andrea Fontana nel CIGT Endurance al Mugello"},"content":{"rendered":"<p>***<\/p>\n<p>&nbsp;<\/p>\n<p><strong><a class=\"dt-pswp-item\" href=\"https:\/\/www.radiopiu.net\/wordpress\/wp-content\/uploads\/2024\/07\/40e77bbf-b3f3-f238-4447-053c1c30fa6b.jpg\" data-dt-img-description=\"\" data-large_image_width=\"1200\" data-large_image_height=\"1500\"><img loading=\"lazy\" decoding=\"async\" class=\"wp-image-399968 alignleft\" src=\"https:\/\/www.radiopiu.net\/wordpress\/wp-content\/uploads\/2024\/07\/40e77bbf-b3f3-f238-4447-053c1c30fa6b-240x300.jpg\" alt=\"\" width=\"154\" height=\"193\" srcset=\"https:\/\/www.radiopiu.net\/wordpress\/wp-content\/uploads\/2024\/07\/40e77bbf-b3f3-f238-4447-053c1c30fa6b-240x300.jpg 240w, https:\/\/www.radiopiu.net\/wordpress\/wp-content\/uploads\/2024\/07\/40e77bbf-b3f3-f238-4447-053c1c30fa6b-819x1024.jpg 819w, https:\/\/www.radiopiu.net\/wordpress\/wp-content\/uploads\/2024\/07\/40e77bbf-b3f3-f238-4447-053c1c30fa6b-768x960.jpg 768w, https:\/\/www.radiopiu.net\/wordpress\/wp-content\/uploads\/2024\/07\/40e77bbf-b3f3-f238-4447-053c1c30fa6b.jpg 1200w\" sizes=\"auto, (max-width: 154px) 100vw, 154px\" \/><\/a>REDAZIONE<\/strong> Nella seconda gara Endurance del Campionato Italiano GT 2024 al Mugello, Andrea Fontana ha debuttato con il team DL Racing sulla Lamborghini Hurac\u00e1n ST EVO 2 insieme a Luca Seg\u00f9 e Alessio Caiola, leader della GT Cup Divisione 1 Pro-Am. Fontana ha brillato nelle qualifiche, ma una penalit\u00e0 ha costretto il team a una rimonta epica. Partito terzo, Fontana ha superato i rivali, concludendo la gara al secondo posto di classe e 21esimo assoluto. La gara \u00e8 stata cruciale per accumulare punti, preparando Fontana per il prossimo sprint al Mugello, dove cercher\u00e0 la vittoria.<\/p>\n<div class=\"mt-1 flex gap-3 empty:hidden juice:-ml-3\">\n<div class=\"items-center justify-start rounded-xl p-1 flex\">\n<div class=\"flex items-center\">\n<div class=\"flex items-center pb-0.5 juice:pb-0\">\n<blockquote>\n<div class=\"[&amp;_svg]:h-full [&amp;_svg]:w-full icon-md h-4 w-4\"><span class=\"\" style=\"color: #000000;\"><strong>Andrea Fontana<\/strong><\/span><br class=\"\" \/><span class=\"\"><em class=\"\">&#8220;Il weekend \u00e8 stato fantastico. \u00c8 iniziato subito con il miglior tempo della mia qualifica, che ci ha consentito di partire dalla seconda posizione. L&#8217;equipaggio formato da me, Luca e Alessio era molto forte e abbiamo avuto un ottimo passo che ci d\u00e0 fiducia anche per le nostre prossime gare. Purtroppo un errore ci \u00e8 costata la vittoria oggi, che era assolutamente alla portata del nostro team. Fortunatamente siamo riusciti a limitare i danni recuperando la seconda posizione negli ultimi giri, guadagnando punti importanti per Luca e Alessio nella lotta per il loro titolo.&#8221;<\/em><\/span><\/div>\n<div><\/div>\n<\/blockquote>\n<\/div>\n<\/div>\n<\/div>\n<div>\n<hr \/>\n<\/div>\n<\/div>\n","protected":false},"excerpt":{"rendered":"<p>*** &nbsp; REDAZIONE Nella seconda gara Endurance del Campionato Italiano GT 2024 al Mugello, Andrea Fontana ha debuttato con il team DL Racing sulla Lamborghini Hurac\u00e1n ST EVO 2 insieme a Luca Seg\u00f9 e Alessio Caiola, leader della GT Cup Divisione 1 Pro-Am. Fontana ha brillato nelle qualifiche, ma una penalit\u00e0 ha costretto il team&hellip;<\/p>\n","protected":false},"author":4,"featured_media":399969,"comment_status":"closed","ping_status":"closed","sticky":false,"template":"","format":"standard","meta":{"_monsterinsights_skip_tracking":false,"_monsterinsights_sitenote_active":false,"_monsterinsights_sitenote_note":"","_monsterinsights_sitenote_category":0,"footnotes":""},"categories":[49],"tags":[],"class_list":["post-399967","post","type-post","status-publish","format-standard","has-post-thumbnail","hentry","category-news-18","category-49","description-off"],"img_url":"https:\/\/www.radiopiu.net\/wordpress\/wp-content\/uploads\/2024\/07\/Senza-nome-66.png","_links":{"self":[{"href":"https:\/\/www.radiopiu.net\/wordpress\/wp-json\/wp\/v2\/posts\/399967","targetHints":{"allow":["GET"]}}],"collection":[{"href":"https:\/\/www.radiopiu.net\/wordpress\/wp-json\/wp\/v2\/posts"}],"about":[{"href":"https:\/\/www.radiopiu.net\/wordpress\/wp-json\/wp\/v2\/types\/post"}],"author":[{"embeddable":true,"href":"https:\/\/www.radiopiu.net\/wordpress\/wp-json\/wp\/v2\/users\/4"}],"replies":[{"embeddable":true,"href":"https:\/\/www.radiopiu.net\/wordpress\/wp-json\/wp\/v2\/comments?post=399967"}],"version-history":[{"count":0,"href":"https:\/\/www.radiopiu.net\/wordpress\/wp-json\/wp\/v2\/posts\/399967\/revisions"}],"wp:featuredmedia":[{"embeddable":true,"href":"https:\/\/www.radiopiu.net\/wordpress\/wp-json\/wp\/v2\/media\/399969"}],"wp:attachment":[{"href":"https:\/\/www.radiopiu.net\/wordpress\/wp-json\/wp\/v2\/media?parent=399967"}],"wp:term":[{"taxonomy":"category","embeddable":true,"href":"https:\/\/www.radiopiu.net\/wordpress\/wp-json\/wp\/v2\/categories?post=399967"},{"taxonomy":"post_tag","embeddable":true,"href":"https:\/\/www.radiopiu.net\/wordpress\/wp-json\/wp\/v2\/tags?post=399967"}],"curies":[{"name":"wp","href":"https:\/\/api.w.org\/{rel}","templated":true}]}}