{"id":400046,"date":"2024-07-17T07:55:00","date_gmt":"2024-07-17T05:55:00","guid":{"rendered":"https:\/\/www.radiopiu.net\/wordpress\/?p=400046"},"modified":"2024-07-17T07:59:11","modified_gmt":"2024-07-17T05:59:11","slug":"la-rassegna-stampa-alla-radio-unaltra-storia-dal-1983-alle-otto-del-mattino-su-radio-piu-e-alle-7-le-anticipazioni-per-chi-va-di-fretta","status":"publish","type":"post","link":"https:\/\/www.radiopiu.net\/wordpress\/la-rassegna-stampa-alla-radio-unaltra-storia-dal-1983-alle-otto-del-mattino-su-radio-piu-e-alle-7-le-anticipazioni-per-chi-va-di-fretta\/","title":{"rendered":"LA RASSEGNA STAMPA ALLA RADIO&#8230;UN&#8217;ALTRA STORIA. DAL 1983 ALLE OTTO DEL MATTINO SU RADIO PIU E ALLE 7 LE ANTICIPAZIONI PER CHI VA DI FRETTA"},"content":{"rendered":"<p>**<\/p>\n<p>0<\/p>\n<p>&nbsp;<\/p>\n<p><a class=\"dt-pswp-item\" href=\"https:\/\/www.radiopiu.net\/wordpress\/wp-content\/uploads\/2024\/07\/20240715_072131-scaled.jpg\" data-dt-img-description=\"\" data-large_image_width=\"2560\" data-large_image_height=\"2171\"><img loading=\"lazy\" decoding=\"async\" class=\"wp-image-399956 alignleft\" src=\"https:\/\/www.radiopiu.net\/wordpress\/wp-content\/uploads\/2024\/07\/20240715_072131-300x254.jpg\" alt=\"\" width=\"141\" height=\"119\" srcset=\"https:\/\/www.radiopiu.net\/wordpress\/wp-content\/uploads\/2024\/07\/20240715_072131-300x254.jpg 300w, https:\/\/www.radiopiu.net\/wordpress\/wp-content\/uploads\/2024\/07\/20240715_072131-1024x868.jpg 1024w, https:\/\/www.radiopiu.net\/wordpress\/wp-content\/uploads\/2024\/07\/20240715_072131-768x651.jpg 768w, https:\/\/www.radiopiu.net\/wordpress\/wp-content\/uploads\/2024\/07\/20240715_072131-1536x1302.jpg 1536w, https:\/\/www.radiopiu.net\/wordpress\/wp-content\/uploads\/2024\/07\/20240715_072131-2048x1737.jpg 2048w\" sizes=\"auto, (max-width: 141px) 100vw, 141px\" \/><\/a>OGGI ALLA RADIO: ALLE 6.15 PIROLE DE LENGA, CON IL MUSLA\u00a0\u00a0ALLE 7.20 EL BAL DEL FIOR, DETTI E TRADIZIONI DI GIULIANA DA RONCH; ALLE 8.20 PIU&#8217; SIAMO ESTATE DI MARINA DONA&#8217;\u00a0 9.00 LA MUSICA COUNTRY DI ALEX NASCINBEN \u00a09.30 VIABILITA\u2019 Botol_Car 10.10\u00a0 CISL LA VOCE PER I LAVORATORI 10.30\u00a0 \u00a0SERATE CULTURALI A VOLTAGO, UN LIBRO AL MESE, IN STUDIO ANDREA BRESSAN \u00a0\u00a011.10 LA STORIA DEL FESTIVALBAR RACCONTATA DA MIRCO BENCIVENNI \u00a0\u00a012.00 VA TUTTO LISCIO 12.30 GIORNALE RADIO EDIZIONE PRINCIPALE\u00a0 13.20 EVENTI A CANALE D&#8217;AGORDO, SGUBIADA CON SIMONE ONGARO\u00a0 \u00a013.20 TRE PEZZI ESTIVI DI MARINA DONA&#8217; 14.00\u00a0\u00a0 IL NUOVO PROGRAMMA ESTIVO&#8230;. DA UN&#8217;IDEA DI MARINA DONA&#8217; PIU&#8217; HIT\u00a0 15.00\u00a0\u00a0 \u00a0LA CLASSIFICA UFFICIALE DI MARCO GAZ 16.00 IL ROCK DI MARCO COSTANTINI 16.45 LE HIT DI MIRCO BENCIVENNI\u00a0 19 ANTICIPAZIONI DAL TG DI ANTENNA 3<\/p>\n<p>&nbsp;<\/p>\n<p><iframe loading=\"lazy\" title=\"LA RASSEGNA STAMPA ALLA RADIO...UN&#039;ALTRA STORIA. DAL 1983 ALLE OTTO DEL MATTINO SU RADIO PIU E ALLE\" width=\"1200\" height=\"675\" src=\"https:\/\/www.youtube.com\/embed\/1qb5UUSzP2s?feature=oembed\" frameborder=\"0\" allow=\"accelerometer; autoplay; clipboard-write; encrypted-media; gyroscope; picture-in-picture; web-share\" referrerpolicy=\"strict-origin-when-cross-origin\" allowfullscreen><\/iframe><\/p>\n<p>&nbsp;<\/p>\n<p>&nbsp;<\/p>\n<p><a class=\"dt-pswp-item\" href=\"https:\/\/www.radiopiu.net\/wordpress\/wp-content\/uploads\/2024\/07\/Senza-nome-70.png\" data-dt-img-description=\"\" data-large_image_width=\"535\" data-large_image_height=\"308\"><img loading=\"lazy\" decoding=\"async\" class=\"size-medium wp-image-400044 alignleft\" src=\"https:\/\/www.radiopiu.net\/wordpress\/wp-content\/uploads\/2024\/07\/Senza-nome-70-300x173.png\" alt=\"\" width=\"300\" height=\"173\" srcset=\"https:\/\/www.radiopiu.net\/wordpress\/wp-content\/uploads\/2024\/07\/Senza-nome-70-300x173.png 300w, https:\/\/www.radiopiu.net\/wordpress\/wp-content\/uploads\/2024\/07\/Senza-nome-70.png 535w\" sizes=\"auto, (max-width: 300px) 100vw, 300px\" \/><\/a>DOMANI SCIOPERO DEI TRASPORTI<br \/>\nBELLUNO a causa dello sciopero nazionale indetto dalle organizzazioni sindacali\u00a0 domani\u00a0 non saranno garantite le corse in partenza dalle ore 12:00 alle 15:59<br \/>\nAGORDO nelle localit\u00e0 Piasent, Colvignas, Campon, Le Foche l&#8217;acqua erogata dall&#8217;acquedotto non \u00e8 potabile e non pu\u00f2 essere usata per scopi alimentari, se non previa bollitura. Verr\u00e0 effettuato servizio sostitutivo con cisterna in localit\u00e0 Piasent.<br \/>\nLIVINALLONGO In localit\u00e0 Collaz\u00a0 l&#8217;acqua erogata dall&#8217;acquedotto non \u00e8 potabile e pu\u00f2 essere usata per scopi alimentari solo previa\u00a0 bollitura.<br \/>\nSAN TOMASO domani dalle 8 alle 17 verr\u00e0 sospesa l\u2019erogazione dell\u2019acqua nelle localit\u00e0 Piaia e Pecol<br \/>\nLIVINALLONGO\u00a0domani dalle 8 alle 17 verr\u00e0 sospesa l\u2019erogazione dell\u2019acqua nelle localit\u00e0 Lasta, Federa, Corte e Sief<br \/>\nSAN VITO DI CADORE Ambulanza dei volontari ed elicottero a San Vito di Cadore hanno confortato una 78enne di San Vito colta da malore e ricoverata a Belluno in codice 2 di media gravit\u00e0.<br \/>\nPASSO FALZAREGO \u00c8 fortunatamente rientrato ieri nel primo pomeriggio l&#8217;allarme per due bambini bellunesi di 11 e 12 anni, allontanatisi dalla zia nella zona del Col Gallina, Croda Negra. Attivato il Suem verso le 14.10, sul posto si \u00e8 portata una squadra del Soccorso alpino della Guardia di finanza, che li ha incrociati poco dopo sul sentiero e li ha riaccompagnati dai familiari.<br \/>\nAURONZO\u00a0 L&#8217;elicottero Falco1 si \u00e8 alzato in volo verso Il Monte Agudo\u00a0 per trasportare all&#8217;ospedale di Belluno un 78enne di Favaro Veneto, cercatore di funghi, scivolato su un ripido pendio boscato \u00a0\u00e8 arrivato al San Martino\u00a0 in codice 1, tutt&#8217;altro che grave per un trauma al ginocchio e un lieve trauma alla spalla. Sul posto il Soccorso Alpino della Guardia di Finanza.<br \/>\nCORTINA Falco 1 ha soccorso al Rifugio Vandelli una 42enne di Forlimpopoli (FC) accompagnata per le cure del caso all&#8217;ospedale di Cortina, al Pronto Soccorso di Cortina \u00e8 entrata in codice 1\u00a0 per un trauma al polso.<br \/>\nCORTINA Intervento del Soccorso Alpino\u00a0 di Cortina\u00a0 poco sotto il Rifugio Son Forcia,\u00a0 una turista ceca di 63 anni ha\u00a0 messo male un piede, con conseguente trauma che le impediva di camminare. La donna \u00e8 stata portata al rendez vous con l&#8217;ambulanza al Passo Tre Croci.<br \/>\nTAIBON Paura tanta, senza dubbio, ma fortunatamente la donna al volante, 41 anni di Taibon,\u00a0 \u00e8 uscita da sola dall&#8217;auto per essere poi accompagnata per accertamenti al Pronto Soccorso del Papa Luciani. L&#8217;incidente \u00e8 avvenuto alle 19:20 in via Dante Alighieri, di fronte all&#8217;ex Veg\u00e8, poco prima del bivio per la casa di soggiorno. L&#8217;auto, una Suzuki, ha deviato sulla destra colpendo l&#8217;angolo di un muretto di cemento e la recinzione di un&#8217;abitazione, per poi finire ruote all&#8217;aria al centro della carreggiata.<\/p>\n<p><a class=\"dt-pswp-item\" href=\"https:\/\/www.radiopiu.net\/wordpress\/wp-content\/uploads\/2024\/07\/Senza-nome-69.png\" data-dt-img-description=\"\" data-large_image_width=\"224\" data-large_image_height=\"178\"><img loading=\"lazy\" decoding=\"async\" class=\"size-full wp-image-400037 alignleft\" src=\"https:\/\/www.radiopiu.net\/wordpress\/wp-content\/uploads\/2024\/07\/Senza-nome-69.png\" alt=\"\" width=\"224\" height=\"178\" \/><\/a>ALPAGO Renato Barattin, imprenditore e appassionato di sport, \u00e8 morto a 64 anni a causa di una malattia. Proprietario del negozio L&#8217;Agricola Barattin a Puos, era un riferimento per l&#8217;agricoltura e gli animali. Barattin \u00e8 stato anche dirigente dell&#8217;Us Chies e presidente del Gruppo giovani San Martino. Il Comune di Chies e l&#8217;Us Chies lo ricordano come una persona sempre pronta ad aiutare. Lascia la moglie Yaily Mria, Hianny e i fratelli Remo e Caroli<br \/>\nSETTEVILLE i vigili del fuoco del distaccamento di Feltre e i sommozzatori del nucleo regionale di Venezia sono intervenuti nel comune di Setteville in localit\u00e0 Fener per recuperare la catenaria di un\u2019opera idraulica, che garantisce il mantenimento del livello minimo del Piave. A rompersi la catena della paratoia fluviale, finita nel bacino di calma ad una profondit\u00e0 di 4 metri. I sommozzatori dei vigili del fuoco hanno recuperato la catena che \u00e8 stata riportata in superficie e affidata al personale del consorzio bonifica Piave per il ripristino.<br \/>\nBELLUNO Da sabato sera, un guasto a una cabina elettrica ha lasciato al buio via Roma, piazza Santo Stefano e via Simon da Cusighe. I pedoni, per evitare ostacoli, usano le torce dei telefonini. Il problema dovrebbe essere risolto oggi.<br \/>\nVENEZIA La Vicepresidente della Regione Veneto, Elisa De Berti, ha incontrato i sindaci di Vittorio Veneto e Alpago insieme ad Anas, Rfi, Trenitalia e Autostrade per l\u2019Italia per discutere della frana a Fadalto. Anas prevede la riapertura della statale entro tre-quattro settimane<\/p>\n<p><a class=\"dt-pswp-item\" href=\"https:\/\/www.radiopiu.net\/wordpress\/wp-content\/uploads\/2024\/04\/BOTTACIN.png\" data-dt-img-description=\"\" data-large_image_width=\"564\" data-large_image_height=\"393\"><img loading=\"lazy\" decoding=\"async\" class=\" wp-image-382551 alignleft\" src=\"https:\/\/www.radiopiu.net\/wordpress\/wp-content\/uploads\/2024\/04\/BOTTACIN-300x209.png\" alt=\"\" width=\"234\" height=\"163\" srcset=\"https:\/\/www.radiopiu.net\/wordpress\/wp-content\/uploads\/2024\/04\/BOTTACIN-300x209.png 300w, https:\/\/www.radiopiu.net\/wordpress\/wp-content\/uploads\/2024\/04\/BOTTACIN.png 564w\" sizes=\"auto, (max-width: 234px) 100vw, 234px\" \/><\/a>VENEZIA Sulla diga del Vanoi Zaia da Breganze ha avuto modo di dire che dovranno essere i tecnici ad approfondire la tematica &#8220;Non si discutono i benefici per il territorio, ma a decidere saranno i tecnici&#8230; La posizione ideologica \u00e8 una<br \/>\ncosa, quella tecnica un&#8217;altra. Noi paghiamo la storia del Vajont, come andare in Lombardia e parlare di Seveso, fenomeni e fatti storici che pesano. Il tema Vanoi avr\u00e0 l&#8217;ok sulla base delle decisioni dei tecnici, non io O BOTTACIN&#8221;.<br \/>\nA proposito di Gianpaolo Bottacin, assessore alla protezione civile ha ribadito la propria contrariet\u00e0 al progetto dell&#8217;invaso del Vanoi, evidenziando i rischi tecnici e idrogeologici. La Regione parteciper\u00e0 al Dibattito pubblico obbligatorio, sollevando preoccupazioni sulle conseguenze di un eventuale crollo della diga e smottamenti.<br \/>\nDALL&#8217;ALTRA PARTE&#8230; Il Pd attacca, con la mozione di Vanessa Camani in cui si chiede di dire no alla diga\u00a0 poich\u00e9 opera devastante compreso l&#8217;impatto ambientale ed economico. Per Alessandro Del Bianco, segretario provinciale del Pd (foto) &#8220;\u00c8 l&#8217;ora della responsabilit\u00e0 politica: Zaia e Bottacin abbiano il coraggio di prendersela&#8221;.<br \/>\nBELLUNO Le buste paga di giugno aumenteranno del 6,9% per i lavoratori delle industrie metalmeccaniche grazie agli adeguamenti salariali previsti dal contratto collettivo nazionale in base all&#8217;indice inflazionistico IPCA. Questo si traduce in un aumento di 137,52 \u20ac per il livello C3. La Fim Cisl Belluno Treviso, tramite il segretario Matteo Caregnato, ha lodato aziende come Sest, Copeland Controls, e Mitsubishi per non aver assorbito gli aumenti dai superminimi dei lavoratori.<br \/>\nBELLUNO Raccolti nel capoluogo i 400mila euro per la realizzazione del nuovo parco giochi inclusivo ispirato a Peter Pan: a sostenere l&#8217;idea, proposta dall&#8217;Associazione Vigili del Fuoco, tanti privati, a partire dalla Fondazione De Rigo.<\/p>\n","protected":false},"excerpt":{"rendered":"<p>** 0 &nbsp; OGGI ALLA RADIO: ALLE 6.15 PIROLE DE LENGA, CON IL MUSLA\u00a0\u00a0ALLE 7.20 EL BAL DEL FIOR, DETTI E TRADIZIONI DI GIULIANA DA RONCH; ALLE 8.20 PIU&#8217; SIAMO ESTATE DI MARINA DONA&#8217;\u00a0 9.00 LA MUSICA COUNTRY DI ALEX NASCINBEN \u00a09.30 VIABILITA\u2019 Botol_Car 10.10\u00a0 CISL LA VOCE PER I LAVORATORI 10.30\u00a0 \u00a0SERATE CULTURALI A&hellip;<\/p>\n","protected":false},"author":4,"featured_media":400044,"comment_status":"closed","ping_status":"closed","sticky":false,"template":"","format":"standard","meta":{"_monsterinsights_skip_tracking":false,"_monsterinsights_sitenote_active":false,"_monsterinsights_sitenote_note":"","_monsterinsights_sitenote_category":0,"footnotes":""},"categories":[104,49,142],"tags":[],"class_list":["post-400046","post","type-post","status-publish","format-standard","has-post-thumbnail","hentry","category-evidenza_3","category-news-18","category-rassegna-stampa","category-104","category-49","category-142","description-off"],"img_url":"https:\/\/www.radiopiu.net\/wordpress\/wp-content\/uploads\/2024\/07\/Senza-nome-70.png","_links":{"self":[{"href":"https:\/\/www.radiopiu.net\/wordpress\/wp-json\/wp\/v2\/posts\/400046","targetHints":{"allow":["GET"]}}],"collection":[{"href":"https:\/\/www.radiopiu.net\/wordpress\/wp-json\/wp\/v2\/posts"}],"about":[{"href":"https:\/\/www.radiopiu.net\/wordpress\/wp-json\/wp\/v2\/types\/post"}],"author":[{"embeddable":true,"href":"https:\/\/www.radiopiu.net\/wordpress\/wp-json\/wp\/v2\/users\/4"}],"replies":[{"embeddable":true,"href":"https:\/\/www.radiopiu.net\/wordpress\/wp-json\/wp\/v2\/comments?post=400046"}],"version-history":[{"count":0,"href":"https:\/\/www.radiopiu.net\/wordpress\/wp-json\/wp\/v2\/posts\/400046\/revisions"}],"wp:featuredmedia":[{"embeddable":true,"href":"https:\/\/www.radiopiu.net\/wordpress\/wp-json\/wp\/v2\/media\/400044"}],"wp:attachment":[{"href":"https:\/\/www.radiopiu.net\/wordpress\/wp-json\/wp\/v2\/media?parent=400046"}],"wp:term":[{"taxonomy":"category","embeddable":true,"href":"https:\/\/www.radiopiu.net\/wordpress\/wp-json\/wp\/v2\/categories?post=400046"},{"taxonomy":"post_tag","embeddable":true,"href":"https:\/\/www.radiopiu.net\/wordpress\/wp-json\/wp\/v2\/tags?post=400046"}],"curies":[{"name":"wp","href":"https:\/\/api.w.org\/{rel}","templated":true}]}}