{"id":400184,"date":"2024-07-18T07:55:15","date_gmt":"2024-07-18T05:55:15","guid":{"rendered":"https:\/\/www.radiopiu.net\/wordpress\/?p=400184"},"modified":"2024-07-18T08:00:10","modified_gmt":"2024-07-18T06:00:10","slug":"aet","status":"publish","type":"post","link":"https:\/\/www.radiopiu.net\/wordpress\/aet\/","title":{"rendered":"LA RADIO! DA 41 ANNI TI DA IL BUONGIORNO CON LA RASSEGNA STAMPA LOCALE alle 7 flash, la storica alle 8"},"content":{"rendered":"<p>***<\/p>\n<p><iframe loading=\"lazy\" title=\"DAL 1983 LA RASSEGNA STAMPA LOCALE di mirko mezzacasa. L&#039;ORIGINALE\" width=\"1200\" height=\"675\" src=\"https:\/\/www.youtube.com\/embed\/2dxiLIPMuc8?feature=oembed\" frameborder=\"0\" allow=\"accelerometer; autoplay; clipboard-write; encrypted-media; gyroscope; picture-in-picture; web-share\" referrerpolicy=\"strict-origin-when-cross-origin\" allowfullscreen><\/iframe><\/p>\n<p><a class=\"dt-pswp-item\" href=\"https:\/\/www.radiopiu.net\/wordpress\/wp-content\/uploads\/2024\/07\/78acc16e-99b1-4c17-925d-41169fc1dbfe.jpg\" data-dt-img-description=\"\" data-large_image_width=\"1080\" data-large_image_height=\"1112\"><img loading=\"lazy\" decoding=\"async\" class=\"wp-image-400173 alignleft\" src=\"https:\/\/www.radiopiu.net\/wordpress\/wp-content\/uploads\/2024\/07\/78acc16e-99b1-4c17-925d-41169fc1dbfe-291x300.jpg\" alt=\"\" width=\"173\" height=\"178\" srcset=\"https:\/\/www.radiopiu.net\/wordpress\/wp-content\/uploads\/2024\/07\/78acc16e-99b1-4c17-925d-41169fc1dbfe-291x300.jpg 291w, https:\/\/www.radiopiu.net\/wordpress\/wp-content\/uploads\/2024\/07\/78acc16e-99b1-4c17-925d-41169fc1dbfe-995x1024.jpg 995w, https:\/\/www.radiopiu.net\/wordpress\/wp-content\/uploads\/2024\/07\/78acc16e-99b1-4c17-925d-41169fc1dbfe-768x791.jpg 768w, https:\/\/www.radiopiu.net\/wordpress\/wp-content\/uploads\/2024\/07\/78acc16e-99b1-4c17-925d-41169fc1dbfe.jpg 1080w\" sizes=\"auto, (max-width: 173px) 100vw, 173px\" \/><\/a>OGGI ALLA RADIO: ALLE 6.15 PIROLE DE LENGA, CON IL MUSLA ALLE 7.20 EL BAL DEL FIOR, DETTI E TRADIZIONI DI GIULIANA DA RONCH; ALLE 8.20 PIU\u2019 SIAMO ESTATE DI MARINA DONA\u2019 9.00 LA MUSICA COUNTRY DI ALEX NASCINBEN 9.30 VIABILITA\u2019 Botol_Car 10.10 ZAINO DA VIAGGIO AL FEMMINILE CON PAOLA LANCIATO 10.30 SPI CGIL BELLUNO CON MARIA RITA GENTILIN 11.10 LA STORIA DEL FESTIVALBAR RACCONTATA DA MIRCO BENCIVENNI 12.00 VA TUTTO LISCIO 12.30 GIORNALE RADIO EDIZIONE PRINCIPALE 13.20 EVENTI A CANALE D\u2019AGORDO, CON CLAUDIA TANCON E CLAUDIO COSTA 13.20 TRE PEZZI ESTIVI DI MARINA DONA\u2019 14.00 COLLAGE OPERAZIONE NOSTALGIA, LORIS SCUSSEL 15.00 TIME FOR ME CON MARINA DONA\u2019 OSPITE GIACINTA MURER 16.00 IL ROCK DI MARCO COSTANTINI 16.45 LE HIT DI MIRCO BENCIVENNI 19 ANTICIPAZIONI DAL TG DI ANTENNA 3 DALLE 17.30 DIRETTA DALLA SALA DON TAMIS AD AGORDO, NEL RICORDO DI SERGIO SOMMACAL<\/p>\n<p><a class=\"dt-pswp-item\" href=\"https:\/\/www.radiopiu.net\/wordpress\/wp-content\/uploads\/2021\/06\/CALDO-AFA.png\" data-dt-img-description=\"\" data-large_image_width=\"1694\" data-large_image_height=\"1694\"><img loading=\"lazy\" decoding=\"async\" class=\"wp-image-218959 alignleft\" src=\"https:\/\/www.radiopiu.net\/wordpress\/wp-content\/uploads\/2021\/06\/CALDO-AFA-300x300.png\" alt=\"\" width=\"127\" height=\"127\" srcset=\"https:\/\/www.radiopiu.net\/wordpress\/wp-content\/uploads\/2021\/06\/CALDO-AFA-300x300.png 300w, https:\/\/www.radiopiu.net\/wordpress\/wp-content\/uploads\/2021\/06\/CALDO-AFA-1024x1024.png 1024w, https:\/\/www.radiopiu.net\/wordpress\/wp-content\/uploads\/2021\/06\/CALDO-AFA-150x150.png 150w, https:\/\/www.radiopiu.net\/wordpress\/wp-content\/uploads\/2021\/06\/CALDO-AFA-768x768.png 768w, https:\/\/www.radiopiu.net\/wordpress\/wp-content\/uploads\/2021\/06\/CALDO-AFA-1536x1536.png 1536w, https:\/\/www.radiopiu.net\/wordpress\/wp-content\/uploads\/2021\/06\/CALDO-AFA.png 1694w\" sizes=\"auto, (max-width: 127px) 100vw, 127px\" \/><\/a>A causa del gran caldo che sta interessando il Veneto, da oggi fino a tutto il 19 luglio, il Centro Funzionale della Protezione Civile della Regione ha dichiarato lo Stato di Allarme Climatico per Disagio Fisico Per segnalazioni di eventuali emergenze di Protezione Civile \u00e8 attivo il numero verde 800 990 990.<br \/>\nUno scontro tra due moto al Passo Pordoi ha fatto finire all\u2019ospedale tre motociclisti tedeschi.<br \/>\nLIVINALLONGO Una delle due moto, condotta da un sessantacinquenne cittadino tedesco, durante una manovra di sorpasso si \u00e8 scontrata con un\u2019altra moto che stava salendo a bordo della quale c\u2019erano un uomo di 59 anni e la moglie di 58. Nello scontro ad avere la peggio sono stati i due coniugi, anch\u2019essi di nazionalit\u00e0 tedesca, per i quali sono intervenuti i due elicotteri Falco 1 e Falco 2 che li hanno condotti al San Martino di Belluno con dei politraumi agli arti inferiori. L\u2019altro motociclista \u00e8 stato invece trasportato da un equipaggio della Croce Bianca Fodom all\u2019ospedale di Agordo, anch\u2019esso con delle fratture alle gambe. Sul posto sono intervenuti i carabinieri della stazione di Arabba.<br \/>\nBELLUNO a causa dello sciopero nazionale indetto dalle organizzazioni sindacali oggi non saranno garantite le corse in partenza dalle ore 12:00 alle 15:59.<br \/>\nBELLUNO Oggi alle 12, scatter\u00e0 il test del sistema IT-Alert con la simulazione del cedimento della diga del lago della Stua. Coinvolger\u00e0 quattro Comuni bellunesi e dieci trevigiani. Tutti gli smartphone nei Comuni interessati riceveranno un messaggio di allerta con un suono distintivo.<br \/>\nAGORDO nelle localit\u00e0 Piasent, Colvignas, Campon, Le Foche l\u2019acqua erogata dall\u2019acquedotto non \u00e8 potabile e non pu\u00f2 essere usata per scopi alimentari, se non previa bollitura. Verr\u00e0 effettuato servizio sostitutivo con cisterna in localit\u00e0 Piasent.<br \/>\nLIVINALLONGO In localit\u00e0 Collaz l\u2019acqua erogata dall\u2019acquedotto non \u00e8 potabile e pu\u00f2 essere usata per scopi alimentari solo previa bollitura.<br \/>\nSAN TOMASO oggi dalle 8 alle 17 verr\u00e0 sospesa l\u2019erogazione dell\u2019acqua nelle localit\u00e0 Piaia e Pecol<br \/>\nLIVINALLONGO oggi dalle 8 alle 17 verr\u00e0 sospesa l\u2019erogazione dell\u2019acqua nelle localit\u00e0 Lasta, Federa, Corte e Sief<\/p>\n<p><a class=\"dt-pswp-item\" href=\"https:\/\/www.radiopiu.net\/wordpress\/wp-content\/uploads\/2024\/07\/299eec1d-cd49-41e0-850f-4720e1a65133.jpg\" data-dt-img-description=\"\" data-large_image_width=\"1200\" data-large_image_height=\"1600\"><img loading=\"lazy\" decoding=\"async\" class=\" wp-image-400165 alignleft\" src=\"https:\/\/www.radiopiu.net\/wordpress\/wp-content\/uploads\/2024\/07\/299eec1d-cd49-41e0-850f-4720e1a65133-225x300.jpg\" alt=\"\" width=\"178\" height=\"237\" srcset=\"https:\/\/www.radiopiu.net\/wordpress\/wp-content\/uploads\/2024\/07\/299eec1d-cd49-41e0-850f-4720e1a65133-225x300.jpg 225w, https:\/\/www.radiopiu.net\/wordpress\/wp-content\/uploads\/2024\/07\/299eec1d-cd49-41e0-850f-4720e1a65133-768x1024.jpg 768w, https:\/\/www.radiopiu.net\/wordpress\/wp-content\/uploads\/2024\/07\/299eec1d-cd49-41e0-850f-4720e1a65133-1152x1536.jpg 1152w, https:\/\/www.radiopiu.net\/wordpress\/wp-content\/uploads\/2024\/07\/299eec1d-cd49-41e0-850f-4720e1a65133.jpg 1200w\" sizes=\"auto, (max-width: 178px) 100vw, 178px\" \/><\/a>SANTA GIUSTINA In Val Scura un 71enne del luogo ha perso l\u2019orientamento senza riuscire a tornare sul sentiero. Il figlio preoccupato ha informato il soccorso alpino di Feltre . L\u2019uomo \u00e8 stato raggiunto e trasportato in ospedale per accertamenti, in quanto in stato confusionale<br \/>\nSAN VITO Il Soccorso Alpino \u00e8 stato chiamato per un uomo che attorno al lago di Mosigo ha messo male una gamba. Il 45enne di Abano Terme \u00e8 stato accompagnato direttamente all\u2019ospedale di Cortina<br \/>\nLIVINALLONGO Cade dalla bicicletta sui sentieri del Monte Pore. La ciclista tedesca ha sbattuto una spalla. Per questo da Belluno \u00e8 partito l\u2019elicottero per poi tornare al San Martino con l\u2019infortunata<br \/>\nBELLUNO Un operaio 52enne di Belluno si \u00e8 sentito male mentre lavorava sul tetto di un edificio durante le ore pi\u00f9 calde. Trovato incosciente sul ponteggio, \u00e8 stato soccorso dai vigili del fuoco e dai sanitari, quindi trasferito all\u2019ospedale San Martino in gravi condizioni. Si sospetta un colpo di calore. Lo Spisal ha avviato campagne di sensibilizzazione verso le imprese per prevenire incidenti simili, suggerendo misure come abbigliamento adeguato e modifiche agli orari di lavoro. L\u2019aumento delle temperature ha portato a un incremento delle emergenze mediche nella regione<br \/>\nREDAZIONE malore anche a Gosaldo per una donna di 72 anni ricoverata in ospedale ad Agordo mediante rendez-vous con l\u2019elicottero-Falco. A Belluno un ferito leggero nell\u2019incidente che ha coinvolto una donna 59 anni di Belluno. Infine ambulanza e due elicotteri sono intervenuti a Passo Pordoi in soccorso di tre motociclisti tedeschi traditi dalle curve del passo.<br \/>\nBELLUNO Nei giorni scorsi, la Polizia Locale di Belluno ha fermato un autobus turistico privo di assicurazione durante un controllo stradale. L\u2019assicurazione del veicolo era scaduta da mesi e al momento del controllo non c\u2019erano passeggeri a bordo. Gli agenti hanno applicato la sanzione prevista dall\u2019art. 193 del Codice della strada: una multa di 606,20 euro e la decurtazione di 5 punti dalla patente. Il veicolo \u00e8 stato immediatamente assicurato e la sanzione pagata<\/p>\n<p><a class=\"dt-pswp-item\" href=\"https:\/\/www.radiopiu.net\/wordpress\/wp-content\/uploads\/2024\/04\/essilorluxottica.png\" data-dt-img-description=\"\" data-large_image_width=\"400\" data-large_image_height=\"400\"><img loading=\"lazy\" decoding=\"async\" class=\" wp-image-386124 alignleft\" src=\"https:\/\/www.radiopiu.net\/wordpress\/wp-content\/uploads\/2024\/04\/essilorluxottica-300x300.png\" alt=\"\" width=\"194\" height=\"194\" srcset=\"https:\/\/www.radiopiu.net\/wordpress\/wp-content\/uploads\/2024\/04\/essilorluxottica-300x300.png 300w, https:\/\/www.radiopiu.net\/wordpress\/wp-content\/uploads\/2024\/04\/essilorluxottica-150x150.png 150w, https:\/\/www.radiopiu.net\/wordpress\/wp-content\/uploads\/2024\/04\/essilorluxottica.png 400w\" sizes=\"auto, (max-width: 194px) 100vw, 194px\" \/><\/a>PARIGI (FRANCIA) EssilorLuxottica e Heidelberg Engineering hanno firmato un accordo per l\u2019acquisizione dell\u201980% di Heidelberg Engineering, azienda tedesca specializzata in soluzioni diagnostiche e tecnologie digitali per l\u2019oftalmologia. Questo accordo rafforza la strategia di EssilorLuxottica nel settore med-tech<br \/>\nPARIGI (FRANCIA) EssilorLuxottica e VF Corporation hanno annunciato l\u2019acquisizione del marchio Supreme da parte di EssilorLuxottica per 1,5 miliardi di dollari. I dirigenti di EssilorLuxottica, Francesco Milleri e Paul du Saillant, hanno dichiarato che Supreme rappresenta un\u2019opportunit\u00e0 per innovare e crescere, connettendosi con nuovi pubblici e mantenendo il modello di business orientato al consumatore.<br \/>\nCORTINA La battaglia contro il progetto di \u201criqualificazione urbana\u201d dell\u2019ex stazione ferroviaria di Cortina d\u2019Ampezzo continua. Il 16 luglio \u00e8 stato presentato un nuovo ricorso al Tar del Veneto contro l\u2019approvazione della variante al PRG di Cortina da parte del Consiglio provinciale di Belluno. Questo ricorso, notificato al Comune, Provincia e Regione, \u00e8 l\u2019ultimo di una serie iniziata nel 2022.<br \/>\nBELLUNO Altvelox ha denunciato il sindaco di Belluno, Oscar De Pellegrin, il suo vice Paolo Gamba, e altri funzionari per omissione d\u2019atti d\u2019ufficio, frode processuale, falso e truffa. La denuncia riguarda l\u2019uso illegittimo degli autovelox nel capoluogo, con reati ipotizzati tra cui falsit\u00e0 ideologica, truffa e omissione d\u2019atti d\u2019ufficio.<br \/>\nVENEZIA L\u2019assessore al Turismo del Veneto, Federico Caner, riporta una crescita del 6,8% negli arrivi e dell\u20198,4% nelle presenze turistiche rispetto al 2023, con oltre 19mila presenze<br \/>\nBELLUNO Antonello Roccoberton, nuovo prefetto di Belluno, ha incontrato la stampa per analizzare le priorit\u00e0 della provincia. Roccoberton torna a Belluno dopo 35 anni, con una carriera significativa in protezione civile e gestione delle migrazioni<br \/>\nCIBIANA Il neoeletto sindaco Sandro Gerardi ha nominato l\u2019ex sindaco Mattia Gosetti come assessore, in segno di continuit\u00e0 per completare i progetti in corso. Pierpaolo Bianchi, alla sua prima esperienza amministrativa, \u00e8 il nuovo vicesindaco. La giunta mira a sviluppare il turismo e migliorare i servizi locali<\/p>\n<p>&nbsp;<\/p>\n<p>&nbsp;<\/p>\n<p>&nbsp;<\/p>\n<p>&nbsp;<\/p>\n","protected":false},"excerpt":{"rendered":"<p>*** OGGI ALLA RADIO: ALLE 6.15 PIROLE DE LENGA, CON IL MUSLA ALLE 7.20 EL BAL DEL FIOR, DETTI E TRADIZIONI DI GIULIANA DA RONCH; ALLE 8.20 PIU\u2019 SIAMO ESTATE DI MARINA DONA\u2019 9.00 LA MUSICA COUNTRY DI ALEX NASCINBEN 9.30 VIABILITA\u2019 Botol_Car 10.10 ZAINO DA VIAGGIO AL FEMMINILE CON PAOLA LANCIATO 10.30 SPI CGIL&hellip;<\/p>\n","protected":false},"author":4,"featured_media":400185,"comment_status":"closed","ping_status":"closed","sticky":false,"template":"","format":"standard","meta":{"_monsterinsights_skip_tracking":false,"_monsterinsights_sitenote_active":false,"_monsterinsights_sitenote_note":"","_monsterinsights_sitenote_category":0,"footnotes":""},"categories":[104,49,142],"tags":[],"class_list":["post-400184","post","type-post","status-publish","format-standard","has-post-thumbnail","hentry","category-evidenza_3","category-news-18","category-rassegna-stampa","category-104","category-49","category-142","description-off"],"img_url":"https:\/\/www.radiopiu.net\/wordpress\/wp-content\/uploads\/2024\/07\/Senza-nome-72.png","_links":{"self":[{"href":"https:\/\/www.radiopiu.net\/wordpress\/wp-json\/wp\/v2\/posts\/400184","targetHints":{"allow":["GET"]}}],"collection":[{"href":"https:\/\/www.radiopiu.net\/wordpress\/wp-json\/wp\/v2\/posts"}],"about":[{"href":"https:\/\/www.radiopiu.net\/wordpress\/wp-json\/wp\/v2\/types\/post"}],"author":[{"embeddable":true,"href":"https:\/\/www.radiopiu.net\/wordpress\/wp-json\/wp\/v2\/users\/4"}],"replies":[{"embeddable":true,"href":"https:\/\/www.radiopiu.net\/wordpress\/wp-json\/wp\/v2\/comments?post=400184"}],"version-history":[{"count":0,"href":"https:\/\/www.radiopiu.net\/wordpress\/wp-json\/wp\/v2\/posts\/400184\/revisions"}],"wp:featuredmedia":[{"embeddable":true,"href":"https:\/\/www.radiopiu.net\/wordpress\/wp-json\/wp\/v2\/media\/400185"}],"wp:attachment":[{"href":"https:\/\/www.radiopiu.net\/wordpress\/wp-json\/wp\/v2\/media?parent=400184"}],"wp:term":[{"taxonomy":"category","embeddable":true,"href":"https:\/\/www.radiopiu.net\/wordpress\/wp-json\/wp\/v2\/categories?post=400184"},{"taxonomy":"post_tag","embeddable":true,"href":"https:\/\/www.radiopiu.net\/wordpress\/wp-json\/wp\/v2\/tags?post=400184"}],"curies":[{"name":"wp","href":"https:\/\/api.w.org\/{rel}","templated":true}]}}