{"id":400206,"date":"2024-07-18T10:00:54","date_gmt":"2024-07-18T08:00:54","guid":{"rendered":"https:\/\/www.radiopiu.net\/wordpress\/?p=400206"},"modified":"2024-07-19T06:00:40","modified_gmt":"2024-07-19T04:00:40","slug":"matteo-da-tos-confermato-nel-roster-dellalleghe-hockey","status":"publish","type":"post","link":"https:\/\/www.radiopiu.net\/wordpress\/matteo-da-tos-confermato-nel-roster-dellalleghe-hockey\/","title":{"rendered":"MATTEO DA TOS CONFERMATO NEL ROSTER DELL&#8217;ALLEGHE HOCKEY"},"content":{"rendered":"<p>******<\/p>\n<p>&nbsp;<\/p>\n<p><strong><a class=\"dt-pswp-item\" href=\"https:\/\/www.radiopiu.net\/wordpress\/wp-content\/uploads\/2024\/07\/b66e2050-b60b-4699-9cf8-86b91487b32e.jpg\" data-dt-img-description=\"\" data-large_image_width=\"939\" data-large_image_height=\"502\"><img loading=\"lazy\" decoding=\"async\" class=\" wp-image-400208 alignleft\" src=\"https:\/\/www.radiopiu.net\/wordpress\/wp-content\/uploads\/2024\/07\/b66e2050-b60b-4699-9cf8-86b91487b32e-300x160.jpg\" alt=\"\" width=\"188\" height=\"100\" srcset=\"https:\/\/www.radiopiu.net\/wordpress\/wp-content\/uploads\/2024\/07\/b66e2050-b60b-4699-9cf8-86b91487b32e-300x160.jpg 300w, https:\/\/www.radiopiu.net\/wordpress\/wp-content\/uploads\/2024\/07\/b66e2050-b60b-4699-9cf8-86b91487b32e-768x411.jpg 768w, https:\/\/www.radiopiu.net\/wordpress\/wp-content\/uploads\/2024\/07\/b66e2050-b60b-4699-9cf8-86b91487b32e.jpg 939w\" sizes=\"auto, (max-width: 188px) 100vw, 188px\" \/><\/a>DI ROBERTO MIANA, PORTAVOCE DELL&#8217;ALLEGHE HOCKEY<\/strong><\/p>\n<p>Continua incessante il lavoro della dirigenza dell\u2019Alleghe Hockey che conferma anche il giovane Matteo Da Tos. Difensore classe 2006 di Alleghe (compir\u00e0 18 anni il prossimo 21 settembre), studia all\u2019Istituto Tecnico Industriale di Belluno come perito edile e al di fuori dell\u2019hockey gli piace giocare a calcio. Prodotto del vivaio alleghese, gioca nell\u2019Under 19 biancorossa e in prima squadra ha esordito nel campionato 2022\/2023, facendo registrare 31 presenze. Cos\u00ec le parole di Matteo: \u201cSono contento di affrontare questa nuova stagione con la maglia dell\u2019Alleghe, non ho avuto nessun dubbio nel continuare l\u2019esperienza in biancorosso. In generale mi trovo molto bene con tutti i miei compagni, in particolare con Nicol\u00f2 Fontanive, visto che siamo i pi\u00f9 giovani del gruppo. Sicuramente la stagione che stiamo per affrontare sar\u00e0 ancora pi\u00f9 impegnativa di quella passata, anche perch\u00e9 si sono aggiunte due nuove squadre (Fassa ed Aosta). La societ\u00e0 mi sembra ben attiva sul mercato, quindi speriamo di poter fare una buona stagione\u201d.<\/p>\n<p>&nbsp;<\/p>\n<p>&nbsp;<\/p>\n<p>********<\/p>\n","protected":false},"excerpt":{"rendered":"<p>****** &nbsp; DI ROBERTO MIANA, PORTAVOCE DELL&#8217;ALLEGHE HOCKEY Continua incessante il lavoro della dirigenza dell\u2019Alleghe Hockey che conferma anche il giovane Matteo Da Tos. Difensore classe 2006 di Alleghe (compir\u00e0 18 anni il prossimo 21 settembre), studia all\u2019Istituto Tecnico Industriale di Belluno come perito edile e al di fuori dell\u2019hockey gli piace giocare a calcio.&hellip;<\/p>\n","protected":false},"author":4,"featured_media":400208,"comment_status":"closed","ping_status":"closed","sticky":false,"template":"","format":"standard","meta":{"_monsterinsights_skip_tracking":false,"_monsterinsights_sitenote_active":false,"_monsterinsights_sitenote_note":"","_monsterinsights_sitenote_category":0,"footnotes":""},"categories":[104,49],"tags":[],"class_list":["post-400206","post","type-post","status-publish","format-standard","has-post-thumbnail","hentry","category-evidenza_3","category-news-18","category-104","category-49","description-off"],"img_url":"https:\/\/www.radiopiu.net\/wordpress\/wp-content\/uploads\/2024\/07\/b66e2050-b60b-4699-9cf8-86b91487b32e.jpg","_links":{"self":[{"href":"https:\/\/www.radiopiu.net\/wordpress\/wp-json\/wp\/v2\/posts\/400206","targetHints":{"allow":["GET"]}}],"collection":[{"href":"https:\/\/www.radiopiu.net\/wordpress\/wp-json\/wp\/v2\/posts"}],"about":[{"href":"https:\/\/www.radiopiu.net\/wordpress\/wp-json\/wp\/v2\/types\/post"}],"author":[{"embeddable":true,"href":"https:\/\/www.radiopiu.net\/wordpress\/wp-json\/wp\/v2\/users\/4"}],"replies":[{"embeddable":true,"href":"https:\/\/www.radiopiu.net\/wordpress\/wp-json\/wp\/v2\/comments?post=400206"}],"version-history":[{"count":0,"href":"https:\/\/www.radiopiu.net\/wordpress\/wp-json\/wp\/v2\/posts\/400206\/revisions"}],"wp:featuredmedia":[{"embeddable":true,"href":"https:\/\/www.radiopiu.net\/wordpress\/wp-json\/wp\/v2\/media\/400208"}],"wp:attachment":[{"href":"https:\/\/www.radiopiu.net\/wordpress\/wp-json\/wp\/v2\/media?parent=400206"}],"wp:term":[{"taxonomy":"category","embeddable":true,"href":"https:\/\/www.radiopiu.net\/wordpress\/wp-json\/wp\/v2\/categories?post=400206"},{"taxonomy":"post_tag","embeddable":true,"href":"https:\/\/www.radiopiu.net\/wordpress\/wp-json\/wp\/v2\/tags?post=400206"}],"curies":[{"name":"wp","href":"https:\/\/api.w.org\/{rel}","templated":true}]}}