{"id":400335,"date":"2024-07-19T07:55:18","date_gmt":"2024-07-19T05:55:18","guid":{"rendered":"https:\/\/www.radiopiu.net\/wordpress\/?p=400335"},"modified":"2024-07-19T08:03:28","modified_gmt":"2024-07-19T06:03:28","slug":"dal-1983-la-rassegna-della-stampa-locale-alle-7-edizione-flash-alle-8-loriginale","status":"publish","type":"post","link":"https:\/\/www.radiopiu.net\/wordpress\/dal-1983-la-rassegna-della-stampa-locale-alle-7-edizione-flash-alle-8-loriginale\/","title":{"rendered":"DAL 1983 LA RASSEGNA DELLA STAMPA LOCALE, ALLE 7 EDIZIONE FLASH ALLE 8 L&#8217;ORIGINALE."},"content":{"rendered":"<p>***<\/p>\n<p><iframe loading=\"lazy\" title=\"DAL 1983 LA RASSEGNA STAMPA LOCALE di mirko mezzacasa. L&#039;ORIGINALE\" width=\"1200\" height=\"675\" src=\"https:\/\/www.youtube.com\/embed\/oqDqVxiY9qU?feature=oembed\" frameborder=\"0\" allow=\"accelerometer; autoplay; clipboard-write; encrypted-media; gyroscope; picture-in-picture; web-share\" referrerpolicy=\"strict-origin-when-cross-origin\" allowfullscreen><\/iframe><\/p>\n<p>&nbsp;<\/p>\n<p><a class=\"dt-pswp-item\" href=\"https:\/\/www.radiopiu.net\/wordpress\/wp-content\/uploads\/2023\/08\/acqua.jpeg\" data-dt-img-description=\"\" data-large_image_width=\"1038\" data-large_image_height=\"688\"><img loading=\"lazy\" decoding=\"async\" class=\" wp-image-348061 alignleft\" src=\"https:\/\/www.radiopiu.net\/wordpress\/wp-content\/uploads\/2023\/08\/acqua-300x199.jpeg\" alt=\"\" width=\"167\" height=\"111\" srcset=\"https:\/\/www.radiopiu.net\/wordpress\/wp-content\/uploads\/2023\/08\/acqua-300x199.jpeg 300w, https:\/\/www.radiopiu.net\/wordpress\/wp-content\/uploads\/2023\/08\/acqua-1024x679.jpeg 1024w, https:\/\/www.radiopiu.net\/wordpress\/wp-content\/uploads\/2023\/08\/acqua-768x509.jpeg 768w, https:\/\/www.radiopiu.net\/wordpress\/wp-content\/uploads\/2023\/08\/acqua.jpeg 1038w\" sizes=\"auto, (max-width: 167px) 100vw, 167px\" \/><\/a>ACQUA INQUINATA<br \/>\nAGORDO nelle localit\u00e0 Piasent, Colvignas, Campon, Le Foche l\u2019acqua erogata dall\u2019acquedotto non \u00e8 potabile e non pu\u00f2 essere usata per scopi alimentari, se non previa bollitura. Verr\u00e0 effettuato servizio sostitutivo con cisterna in localit\u00e0 Piasent.<br \/>\nLIVINALLONGO In localit\u00e0 Collaz l\u2019acqua erogata dall\u2019acquedotto non \u00e8 potabile e pu\u00f2 essere usata per scopi alimentari solo previa bollitura.<br \/>\nMETEO. DALLA SERATA E\u2019 PREVISTO L\u2019ARRIVO DI UNA PERTURBAZIONE CON TEMPORALI IN ZONE MONTANE E PEDEMONTANE DEL VENETO<br \/>\nLe previsioni meteo in Veneto indicano dalla tarda mattinata di oggi un progressivo aumento dell\u2019instabilit\u00e0 a partire dalle zone montane e pedemontane con probabili rovesci e temporali anche intensi (forti rovesci, locali grandinate, forti raffiche di vento); possibile estensione dei fenomeni dalla serata anche sulla pianura dove non si escludono locali fenomeni intensi fino alle prime ore di sabato. Alla luce di tali previsioni, il Centro Funzionale Decentrato della Protezione Civile del Veneto ha emesso un avviso di criticit\u00e0 idrogeologica e idraulica, valido dalle ore 11 di oggi alle 8 di domani nel quale si dichiara lo stato di attenzione (allerta gialla)<br \/>\nAGORDO Alle 4:10 di ieri mattina i Vigili del Fuoco di Agordo sono intervenuti presso l\u2019Hotel Villa Imperina a causa di un principio d\u2019incendio che ha coinvolto il locale cucina. All\u2019intervento hanno partecipato anche i Vigili del Fuoco volontari di Agordo. Complessivamente, sono state impiegate quattro squadre, utilizzando un\u2019autopompa, un\u2019autobotte e altri due mezzi. Grazie alla tempestiva risposta dei soccorritori, nessuna persona \u00e8 rimasta ferita. Le operazioni di spegnimento e messa in sicurezza si sono concluse con il rientro delle squadre dopo le 7. L\u2019incendio, causato da canovacci bruciati in cucina, ha provocato solo tanto fumo e nessun ferito.<\/p>\n<p><a class=\"dt-pswp-item\" href=\"https:\/\/www.radiopiu.net\/wordpress\/wp-content\/uploads\/2021\/07\/2eb8f214-39a6-4e15-bd1e-539b9100c08b.jpg\" data-dt-img-description=\"\" data-large_image_width=\"1080\" data-large_image_height=\"719\"><img loading=\"lazy\" decoding=\"async\" class=\" wp-image-222506 alignleft\" src=\"https:\/\/www.radiopiu.net\/wordpress\/wp-content\/uploads\/2021\/07\/2eb8f214-39a6-4e15-bd1e-539b9100c08b-300x200.jpg\" alt=\"\" width=\"248\" height=\"165\" srcset=\"https:\/\/www.radiopiu.net\/wordpress\/wp-content\/uploads\/2021\/07\/2eb8f214-39a6-4e15-bd1e-539b9100c08b-300x200.jpg 300w, https:\/\/www.radiopiu.net\/wordpress\/wp-content\/uploads\/2021\/07\/2eb8f214-39a6-4e15-bd1e-539b9100c08b-1024x682.jpg 1024w, https:\/\/www.radiopiu.net\/wordpress\/wp-content\/uploads\/2021\/07\/2eb8f214-39a6-4e15-bd1e-539b9100c08b-768x511.jpg 768w, https:\/\/www.radiopiu.net\/wordpress\/wp-content\/uploads\/2021\/07\/2eb8f214-39a6-4e15-bd1e-539b9100c08b.jpg 1080w\" sizes=\"auto, (max-width: 248px) 100vw, 248px\" \/><\/a>GDF TREVISO: FRODE FISCALE NEL SETTORE DELLE PULIZIE<br \/>\nTREVISO Le Fiamme Gialle del Comando Provinciale di Treviso hanno smascherato una frode fiscale di oltre 10 milioni di euro tra il 2018 e il 2022, attuata tramite falsi contratti d\u2019appalto nel settore delle pulizie per alberghi e ristoranti in diverse province italiane. Tre persone sono state segnalate alla Procura per reati di somministrazione fraudolenta di manodopera ed emissione di fatture false, ottenendo un indebito risparmio fiscale di circa 2 milioni di euro.<br \/>\nMeta Considera Acquisizione di Quota in EssilorLuxottica<br \/>\nREDAZIONE Meta sta esplorando l\u2019acquisizione di una partecipazione del 5% in EssilorLuxottica, secondo fonti americane. Questa mossa, riportata da Financial Times e confermata da Wall Street Journal e Bloomberg, mira a rafforzare la partnership per lo sviluppo di occhiali intelligenti. Le discussioni sono preliminari e non \u00e8 certo che si arriver\u00e0 a un accordo.<br \/>\nCALO DEL CONSUMO MEDIO E SPESA ANNUA NEL I SEMESTRE DEL 2024 VENETO IN LINEA CON LA MEDIA NAZIONALE<br \/>\nMILANO Dal 30 giugno 2024 \u00e8 terminato il regime di Maggior Tutela per l\u2019energia elettrica, con 3,7 milioni di clienti passati al Servizio a Tutele Graduali, mentre per i clienti vulnerabili il servizio tutelato continua con condizioni regolate da ARERA e prezzo aggiornato trimestralmente. Il Mercato Libero conta 23,1 milioni di utenti. L\u2019Osservatorio Segugio.it ha rilevato un calo del -5% dei consumi medi e del -21% della spesa annua nel primo semestre 2024 rispetto al 2023, grazie alla diminuzione del prezzo all\u2019ingrosso dell\u2019energia e una maggiore attenzione ai consumi.<br \/>\nDONAZZAN, DA VENEZIA A BRUXELLES<br \/>\nVENEZIA Oggi l\u2019assessore al Lavoro, Istruzione e Pari opportunit\u00e0, Elena Donazzan, rassegner\u00e0 le proprie dimissioni dalla Giunta regionale del Veneto, dopo l\u2019elezione al Parlamento Europeo.<\/p>\n<p><a class=\"dt-pswp-item\" href=\"https:\/\/www.radiopiu.net\/wordpress\/wp-content\/uploads\/2024\/07\/IMG_0173.jpeg\" data-dt-img-description=\"\" data-large_image_width=\"794\" data-large_image_height=\"437\"><img loading=\"lazy\" decoding=\"async\" class=\"size-medium wp-image-400302 alignleft\" src=\"https:\/\/www.radiopiu.net\/wordpress\/wp-content\/uploads\/2024\/07\/IMG_0173-300x165.jpeg\" alt=\"\" width=\"300\" height=\"165\" srcset=\"https:\/\/www.radiopiu.net\/wordpress\/wp-content\/uploads\/2024\/07\/IMG_0173-300x165.jpeg 300w, https:\/\/www.radiopiu.net\/wordpress\/wp-content\/uploads\/2024\/07\/IMG_0173-768x423.jpeg 768w, https:\/\/www.radiopiu.net\/wordpress\/wp-content\/uploads\/2024\/07\/IMG_0173.jpeg 794w\" sizes=\"auto, (max-width: 300px) 100vw, 300px\" \/><\/a>RIAPERTE DUE FERRATE NEL GRUPPO DELLA SCHIARA<br \/>\nBELLUNO Il Sindaco di Belluno, Oscar De Pellegrin, ha firmato un\u2019ordinanza per la riapertura delle ferrate Marmol \u201cPiero Rossi\u201d e Zacchi nel gruppo della Schiara, chiuse dall\u2019agosto 2023 a causa di eventi atmosferici che avevano provocato caduta di massi e detriti. Dopo una perizia tecnica conclusa il 24 giugno, i percorsi sono stati riaperti.<br \/>\nIl Nuovo Prefetto Visita il Cimitero Monumentale del Vajont<br \/>\nLONGARONE Il nuovo prefetto di Belluno, Antonello Roccoberton, ha visitato il cimitero monumentale di Fortogna a Longarone, deponendo una corona in memoria delle vittime del Vajont. Il prefetto ha descritto la visita come \u201ccommovente e doverosa\u201d. Il sindaco Padrin ha ringraziato il prefetto e ribadito l\u2019importanza della memoria storica.<br \/>\nCROLLA LA DIGA LA STUA \u2026 IT-ALERT OK<br \/>\nCESIOMAGGIORE Il nuovo sistema di allarme pubblico IT-Alert \u00e8 stato testato con il supporto di circa 15 volontari della Protezione Civile. La simulazione ha riguardato il collasso della diga La Stua in Provincia di Belluno, coinvolgendo i Comuni del bellunese e trevigiano. I cittadini sono stati allertati tramite un messaggio sui cellulari presenti nei territori interessati.<br \/>\nDUE NUOVI CANTIERI A BORGO VALBELLUNA<br \/>\nBORGO VALBELLUNA A breve inizieranno due importanti interventi di messa in sicurezza per gli abitati di Ronchena e Villapiana. Il primo, denominato Molade 3, prevede la costruzione di un bacino di laminazione di 24.000 mc su 15.000 mq, con un costo di 650.000 \u20ac, finanziato con contributi regionali, fondi VAIA e risorse comunali.<\/p>\n","protected":false},"excerpt":{"rendered":"<p>*** &nbsp; ACQUA INQUINATA AGORDO nelle localit\u00e0 Piasent, Colvignas, Campon, Le Foche l\u2019acqua erogata dall\u2019acquedotto non \u00e8 potabile e non pu\u00f2 essere usata per scopi alimentari, se non previa bollitura. Verr\u00e0 effettuato servizio sostitutivo con cisterna in localit\u00e0 Piasent. LIVINALLONGO In localit\u00e0 Collaz l\u2019acqua erogata dall\u2019acquedotto non \u00e8 potabile e pu\u00f2 essere usata per scopi&hellip;<\/p>\n","protected":false},"author":4,"featured_media":400336,"comment_status":"closed","ping_status":"closed","sticky":false,"template":"","format":"standard","meta":{"_monsterinsights_skip_tracking":false,"_monsterinsights_sitenote_active":false,"_monsterinsights_sitenote_note":"","_monsterinsights_sitenote_category":0,"footnotes":""},"categories":[51,49],"tags":[],"class_list":["post-400335","post","type-post","status-publish","format-standard","has-post-thumbnail","hentry","category-evidenza-top","category-news-18","category-51","category-49","description-off"],"img_url":"https:\/\/www.radiopiu.net\/wordpress\/wp-content\/uploads\/2024\/07\/Senza-nome-76.png","_links":{"self":[{"href":"https:\/\/www.radiopiu.net\/wordpress\/wp-json\/wp\/v2\/posts\/400335","targetHints":{"allow":["GET"]}}],"collection":[{"href":"https:\/\/www.radiopiu.net\/wordpress\/wp-json\/wp\/v2\/posts"}],"about":[{"href":"https:\/\/www.radiopiu.net\/wordpress\/wp-json\/wp\/v2\/types\/post"}],"author":[{"embeddable":true,"href":"https:\/\/www.radiopiu.net\/wordpress\/wp-json\/wp\/v2\/users\/4"}],"replies":[{"embeddable":true,"href":"https:\/\/www.radiopiu.net\/wordpress\/wp-json\/wp\/v2\/comments?post=400335"}],"version-history":[{"count":0,"href":"https:\/\/www.radiopiu.net\/wordpress\/wp-json\/wp\/v2\/posts\/400335\/revisions"}],"wp:featuredmedia":[{"embeddable":true,"href":"https:\/\/www.radiopiu.net\/wordpress\/wp-json\/wp\/v2\/media\/400336"}],"wp:attachment":[{"href":"https:\/\/www.radiopiu.net\/wordpress\/wp-json\/wp\/v2\/media?parent=400335"}],"wp:term":[{"taxonomy":"category","embeddable":true,"href":"https:\/\/www.radiopiu.net\/wordpress\/wp-json\/wp\/v2\/categories?post=400335"},{"taxonomy":"post_tag","embeddable":true,"href":"https:\/\/www.radiopiu.net\/wordpress\/wp-json\/wp\/v2\/tags?post=400335"}],"curies":[{"name":"wp","href":"https:\/\/api.w.org\/{rel}","templated":true}]}}