{"id":400355,"date":"2024-07-20T05:50:53","date_gmt":"2024-07-20T03:50:53","guid":{"rendered":"https:\/\/www.radiopiu.net\/wordpress\/?p=400355"},"modified":"2024-07-20T08:32:23","modified_gmt":"2024-07-20T06:32:23","slug":"giornale-radiopiu-20-luglio-2024-direttore-mirko-mezzacasada-41-anni-25-giugno-1983-25-giugno-2024","status":"publish","type":"post","link":"https:\/\/www.radiopiu.net\/wordpress\/giornale-radiopiu-20-luglio-2024-direttore-mirko-mezzacasada-41-anni-25-giugno-1983-25-giugno-2024\/","title":{"rendered":"GIORNALE RADIOPIU 20 LUGLIO 2024 DIRETTORE MIRKO MEZZACASA\u2026DA 41 ANNI 25 GIUGNO 1983-25 GIUGNO 2024"},"content":{"rendered":"<p>********<em><span style=\"color: #ff0000;\">\u00a0<\/span><\/em><em><span style=\"color: #ff0000;\">\u00a0<\/span><\/em><\/p>\n<p><em><span style=\"color: #ff0000;\">ATTENZIONE: LA NUOVA APP PER IOS-IPHONE di Nicola Vettorello <\/span><\/em><a href=\"https:\/\/apps.apple.com\/it\/app\/radio-pi%C3%B9-emittente-agordina\/id1515939845\">https:\/\/apps.apple.com\/it\/app\/radio-pi%C3%B9-emittente-agordina\/id1515939845<\/a><\/p>\n<p><em style=\"color: #ff0000;\">ATTENZIONE: LA NUOVA APP RADIO\u00a0 PER ANDROID di Nicola Vettorello<\/em><\/p>\n<p><a href=\"https:\/\/play.google.com\/store\/apps\/details?id=net.radiopiu.iniko\" target=\"_blank\" rel=\"noopener noreferrer\">https:\/\/play.google.com\/store\/apps\/details?id=net.radiopiu.iniko\u00a0\u00a0\u00a0<\/a><\/p>\n<p>&nbsp;<\/p>\n<p>&nbsp;<\/p>\n<hr \/>\n<p>&nbsp;<\/p>\n<p><strong><a class=\"dt-pswp-item\" href=\"https:\/\/www.radiopiu.net\/wordpress\/wp-content\/uploads\/2024\/07\/dcd76d99-1d61-4f68-b017-21d51222dde0.jpg\" data-dt-img-description=\"\" data-large_image_width=\"1131\" data-large_image_height=\"1600\"><img loading=\"lazy\" decoding=\"async\" class=\" wp-image-400243 alignleft\" src=\"https:\/\/www.radiopiu.net\/wordpress\/wp-content\/uploads\/2024\/07\/dcd76d99-1d61-4f68-b017-21d51222dde0-212x300.jpg\" alt=\"\" width=\"169\" height=\"239\" srcset=\"https:\/\/www.radiopiu.net\/wordpress\/wp-content\/uploads\/2024\/07\/dcd76d99-1d61-4f68-b017-21d51222dde0-212x300.jpg 212w, https:\/\/www.radiopiu.net\/wordpress\/wp-content\/uploads\/2024\/07\/dcd76d99-1d61-4f68-b017-21d51222dde0-724x1024.jpg 724w, https:\/\/www.radiopiu.net\/wordpress\/wp-content\/uploads\/2024\/07\/dcd76d99-1d61-4f68-b017-21d51222dde0-768x1086.jpg 768w, https:\/\/www.radiopiu.net\/wordpress\/wp-content\/uploads\/2024\/07\/dcd76d99-1d61-4f68-b017-21d51222dde0-1086x1536.jpg 1086w, https:\/\/www.radiopiu.net\/wordpress\/wp-content\/uploads\/2024\/07\/dcd76d99-1d61-4f68-b017-21d51222dde0.jpg 1131w\" sizes=\"auto, (max-width: 169px) 100vw, 169px\" \/><\/a>OGGI ALLA RADIO.<\/strong>&#8230;<span style=\"color: #ff0000;\"> ALLE 4 E ALLE 6<\/span> LE NOTIZIE DALL&#8217;ITALIA E DAL MONDO <span style=\"color: #ff0000;\">6.15<\/span> PIROLE DE LENGA A CURA DEL MUSLA<span style=\"color: #ff0000;\"> 7.20<\/span> EL BAL DEL FIORI, DETTI E TRADIZIONI DI GIULIANA DA RONCH <span style=\"color: #ff0000;\">8.05<\/span> LA RASSEGNA STAMPA LOCALE <span style=\"color: #ff0000;\">8.30<\/span> week end marina c&#8217;e&#8217;\u00a0<span style=\"color: #ff0000;\"> 9.00<\/span> Premier di Marco Gaz novit\u00e0 alla radio<span style=\"color: #ff0000;\">\u00a09.30<\/span> <strong><span style=\"color: #0000ff;\">VIABILITA&#8217; CON BOTOL CAR SERVICE (AGORDO-SEDICO-FELTRE)<\/span><\/strong> \u00a0<span style=\"color: #ff0000;\">10.30<\/span>\u00a0 le muse e le dolomiti con oda e adalisa <span style=\"color: #ff0000;\">11.10<\/span> LA STORIA DEL FESTIVALBAR DI MIRCO BENCIVENNI <span style=\"color: #ff0000;\">12.00<\/span> VA TUTTO LISCIO\u00a0 <span style=\"color: #ff0000;\">12.30<\/span> <strong>GIORNALE RADIO PRINCIPALE<\/strong> <span style=\"color: #ff0000;\">14.00<\/span>\u00a0 elettrochoc con dj jack la musica che\u00a0 batte <span style=\"color: #ff0000;\">15.00<\/span> la classifica ufficiale di radiopiu di marco gaz\u00a0\u00a0<span style=\"color: #ff0000;\"> 16<\/span> IL ROCK DI MARCO COSTANTINI <span style=\"color: #ff0000;\">1645<\/span> LE HIT DI MIRCO BENCIVENNI <span style=\"color: #ff0000;\">18.00<\/span> PIU&#8217; DANCE LE SELEZIONI CHE FANNO SALTARE DI DJ JACK, JACOPO DEL TEDESCO<span style=\"color: #ff0000;\"> 18.10<\/span> reggaeton dj athos david ben <span style=\"color: #ff0000;\">19<\/span> LE ANTICIPAZIONI DAL TG DI ANTENNA 3 DI TIZIANA BOLOGNANI<\/p>\n<blockquote><p><strong>rassegna stampa nazionale, ogni giorno alle 5 e alle 6 del mattino<\/strong><br \/>\n<em>giornali locali 7 rassegna stampa flash, 8 rassegna stampa, gr flash alle 10 e alle 11, principale 12.30. Informazione pomerIggio alle 15 (speciale) 16, 17, 18. Giornale radio nazionale: ogni ora dalle 5 del mattino, alle 20 della sera. <\/em><\/p><\/blockquote>\n<div class=\"x11i5rnm xat24cr x1mh8g0r x1vvkbs xtlvy1s x126k92a\">\n<div dir=\"auto\">\n<p>&nbsp;<\/p>\n<p>&nbsp;<\/p>\n<p>&nbsp;<\/p>\n<\/div>\n<div dir=\"auto\">\n<hr \/>\n<p>&nbsp;<\/p>\n<p>&nbsp;<\/p>\n<div dir=\"auto\">\n<p><strong><a class=\"dt-pswp-item\" href=\"https:\/\/www.radiopiu.net\/wordpress\/wp-content\/uploads\/2024\/02\/2d44e751-d8a8-461b-8e22-d8e4e853b032.jpg\" data-dt-img-description=\"\" data-large_image_width=\"1600\" data-large_image_height=\"1200\"><img loading=\"lazy\" decoding=\"async\" class=\"wp-image-373307 alignleft\" src=\"https:\/\/www.radiopiu.net\/wordpress\/wp-content\/uploads\/2024\/02\/2d44e751-d8a8-461b-8e22-d8e4e853b032-300x225.jpg\" alt=\"\" width=\"105\" height=\"79\" srcset=\"https:\/\/www.radiopiu.net\/wordpress\/wp-content\/uploads\/2024\/02\/2d44e751-d8a8-461b-8e22-d8e4e853b032-300x225.jpg 300w, https:\/\/www.radiopiu.net\/wordpress\/wp-content\/uploads\/2024\/02\/2d44e751-d8a8-461b-8e22-d8e4e853b032-1024x768.jpg 1024w, https:\/\/www.radiopiu.net\/wordpress\/wp-content\/uploads\/2024\/02\/2d44e751-d8a8-461b-8e22-d8e4e853b032-768x576.jpg 768w, https:\/\/www.radiopiu.net\/wordpress\/wp-content\/uploads\/2024\/02\/2d44e751-d8a8-461b-8e22-d8e4e853b032-1536x1152.jpg 1536w, https:\/\/www.radiopiu.net\/wordpress\/wp-content\/uploads\/2024\/02\/2d44e751-d8a8-461b-8e22-d8e4e853b032.jpg 1600w\" sizes=\"auto, (max-width: 105px) 100vw, 105px\" \/><\/a>EL BAL DEL FIOR, DI GIULIANA DA RONCH, 20 LUGLIO<\/strong><strong>\u00a02024<em>\u00a0<\/em><\/strong><\/p>\n<audio class=\"wp-audio-shortcode\" id=\"audio-400355-1\" preload=\"none\" style=\"width: 100%;\" controls=\"controls\"><source type=\"audio\/mpeg\" src=\"https:\/\/www.radiopiu.net\/wordpress\/wp-content\/uploads\/2024\/07\/GSA-1.m4a?_=1\" \/><a href=\"https:\/\/www.radiopiu.net\/wordpress\/wp-content\/uploads\/2024\/07\/GSA-1.m4a\">https:\/\/www.radiopiu.net\/wordpress\/wp-content\/uploads\/2024\/07\/GSA-1.m4a<\/a><\/audio>\n<p>&nbsp;<\/p>\n<\/div>\n<\/div>\n<hr \/>\n<p>&nbsp;<\/p>\n<p>&nbsp;<\/p>\n<h1><span style=\"color: #ff0000;\"><a class=\"dt-pswp-item\" href=\"https:\/\/www.radiopiu.net\/wordpress\/wp-content\/uploads\/2024\/06\/th-5.jpg\" data-dt-img-description=\"\" data-large_image_width=\"326\" data-large_image_height=\"180\"><img loading=\"lazy\" decoding=\"async\" class=\"size-medium wp-image-395881 alignleft\" src=\"https:\/\/www.radiopiu.net\/wordpress\/wp-content\/uploads\/2024\/06\/th-5-300x166.jpg\" alt=\"\" width=\"300\" height=\"166\" srcset=\"https:\/\/www.radiopiu.net\/wordpress\/wp-content\/uploads\/2024\/06\/th-5-300x166.jpg 300w, https:\/\/www.radiopiu.net\/wordpress\/wp-content\/uploads\/2024\/06\/th-5.jpg 326w\" sizes=\"auto, (max-width: 300px) 100vw, 300px\" \/><\/a><\/span><\/h1>\n<h1><\/h1>\n<h1><\/h1>\n<h1><span style=\"color: #000000;\">20 luglio&#8230; alla radio l&#8217;almanacco\u00a0<\/span><\/h1>\n<audio class=\"wp-audio-shortcode\" id=\"audio-400355-2\" preload=\"none\" style=\"width: 100%;\" controls=\"controls\"><source type=\"audio\/mpeg\" src=\"https:\/\/www.radiopiu.net\/wordpress\/wp-content\/uploads\/2024\/07\/ANTENNA3-14.mp3?_=2\" \/><a href=\"https:\/\/www.radiopiu.net\/wordpress\/wp-content\/uploads\/2024\/07\/ANTENNA3-14.mp3\">https:\/\/www.radiopiu.net\/wordpress\/wp-content\/uploads\/2024\/07\/ANTENNA3-14.mp3<\/a><\/audio>\n<p>&nbsp;<\/p>\n<p>&nbsp;<\/p>\n<div dir=\"auto\">\n<hr \/>\n<\/div>\n<\/div>\n<blockquote>\n<blockquote>\n<h1><span style=\"color: #ff0000;\">\u00a0<\/span><\/h1>\n<h1><span style=\"color: #ff0000;\">I podcast informativi del mattino &#8211; audio &#8211;\u00a0\u00a0<\/span><\/h1>\n<\/blockquote>\n<p><strong><a class=\"dt-pswp-item\" href=\"https:\/\/www.radiopiu.net\/wordpress\/wp-content\/uploads\/2023\/11\/th-10.jpg\" data-dt-img-description=\"\" data-large_image_width=\"320\" data-large_image_height=\"180\"><img loading=\"lazy\" decoding=\"async\" class=\"wp-image-362866 alignleft\" src=\"https:\/\/www.radiopiu.net\/wordpress\/wp-content\/uploads\/2023\/11\/th-10-300x169.jpg\" alt=\"\" width=\"185\" height=\"104\" srcset=\"https:\/\/www.radiopiu.net\/wordpress\/wp-content\/uploads\/2023\/11\/th-10-300x169.jpg 300w, https:\/\/www.radiopiu.net\/wordpress\/wp-content\/uploads\/2023\/11\/th-10.jpg 320w\" sizes=\"auto, (max-width: 185px) 100vw, 185px\" \/><\/a>LA RASSEGNA STAMPA NAZIONALE ALLA RADIO, OGNI GIORNO ALLE 5 E ALLE 6 DEL MATTINO <span style=\"color: #0000ff;\">viene pubblicata alle 6.00 <span style=\"color: #ff0000;\">DIRETTA RADIO\u00a0 \u00a0\u00a0<\/span><\/span><\/strong><\/p><\/blockquote>\n<p>&nbsp;<\/p>\n<p><strong>NOTIZIE DELLA NOTTE\u00a0 \u00a0<\/strong><\/p>\n<p><strong>&#8216;Pelosi<\/strong> per un processo di nomina aperto se Biden lascia&#8217;\u00a0<strong>Bruce Springsteen<\/strong> ufficialmente tra i miliardari di Forbes\u00a0 <strong>Trump,<\/strong> ho parlato con Zelensky, metter\u00f2 fine alla guerra <strong>Il Brasile<\/strong> sospende l&#8217;export di pollame verso 44 Paesi\u00a0 <strong>Tunisia<\/strong>,Saied annuncia candidatura alle presidenziali di ottobre\u00a0 <strong>Zelensky<\/strong>, 3 morti in raid russo su parco giochi a Mykolaiv <strong>Il petrolio<\/strong> chiude in calo a New York a 80,13 dollari <strong>Hamas<\/strong> chiede &#8216;azione immediata contro occupazione Israele&#8217;<\/p>\n<h2>AUDIO dalle 6 del mattino<\/h2>\n<audio class=\"wp-audio-shortcode\" id=\"audio-400355-3\" preload=\"none\" style=\"width: 100%;\" controls=\"controls\"><source type=\"audio\/mpeg\" src=\"https:\/\/www.radiopiu.net\/wordpress\/wp-content\/uploads\/2024\/07\/GIORNALEDELLESEI-17.mp3?_=3\" \/><a href=\"https:\/\/www.radiopiu.net\/wordpress\/wp-content\/uploads\/2024\/07\/GIORNALEDELLESEI-17.mp3\">https:\/\/www.radiopiu.net\/wordpress\/wp-content\/uploads\/2024\/07\/GIORNALEDELLESEI-17.mp3<\/a><\/audio>\n<p>&nbsp;<\/p>\n<p>&nbsp;<\/p>\n<hr \/>\n<p>&nbsp;<\/p>\n<h1 style=\"text-align: center;\"><span style=\"color: #ff0000;\">I podcast informativi del mattino &#8211; audio &#8211;\u00a0<\/span><\/h1>\n<p><strong><a class=\"dt-pswp-item\" href=\"https:\/\/www.radiopiu.net\/wordpress\/wp-content\/uploads\/2023\/12\/images.png\" data-dt-img-description=\"\" data-large_image_width=\"316\" data-large_image_height=\"160\"><img loading=\"lazy\" decoding=\"async\" class=\"wp-image-367008 alignleft\" src=\"https:\/\/www.radiopiu.net\/wordpress\/wp-content\/uploads\/2023\/12\/images-300x152.png\" alt=\"\" width=\"235\" height=\"119\" srcset=\"https:\/\/www.radiopiu.net\/wordpress\/wp-content\/uploads\/2023\/12\/images-300x152.png 300w, https:\/\/www.radiopiu.net\/wordpress\/wp-content\/uploads\/2023\/12\/images.png 316w\" sizes=\"auto, (max-width: 235px) 100vw, 235px\" \/><\/a>OGNI GIORNO ALLE SETTE DEL MATTINO, LA RASSEGNA STAMPA LOCALE FLASH&#8230; PER CHI VA IN FRETTA. I TITOLI DAI GIORNALI E DAL SITO WWW.RADIOPIU.NET <span style=\"color: #0000ff;\">viene pubblicato alle 7.00<\/span> <span style=\"color: #ff0000;\">DIRETTA RADIO\u00a0<\/span><\/strong><\/p>\n<p><em><span style=\"color: #ff0000;\">per chi va in fretta&#8230; tante notizie in pochi minuti. L&#8217;informazione locale alla radio, ogni ora dalle 7 del mattino alle 19 della sera.\u00a0 <\/span><\/em><\/p>\n<p>&nbsp;<\/p>\n<p><strong>FELTRE<\/strong> Il 18enne S.S. \u00e8 stato trasportato in elicottero in condizioni critiche all&#8217;ospedale di Treviso dopo un violento incidente in via Montelungo.<br \/>\n<strong>CHIES D&#8217;LPAGO<\/strong> Una 76enne di Puos d&#8217;Alpago \u00e8 in condizioni gravissime dopo essere stata ustionata mentre bruciava rimasugli di legna nella sua propriet\u00e0.<br \/>\n<strong>BORGO VALBELLUNA<\/strong> Durante la pausa pranzo, un gruppo di malviventi ha rubato quasi duemila euro dai supermercati Kanguro a Mel e Fonzaso.<br \/>\n<strong>LIVINALLONGO<\/strong> L&#8217;ex sindaco Leandro Grones contesta la mancata conformit\u00e0 alle norme sulla privacy durante il consiglio comunale di Nagler. Dopo una seduta trasmessa su Instagram<\/p>\n<p>&nbsp;<\/p>\n<hr \/>\n<p>&nbsp;<\/p>\n<h1><\/h1>\n<h1 style=\"text-align: center;\"><span style=\"color: #ff0000;\"><a class=\"dt-pswp-item\" href=\"https:\/\/www.radiopiu.net\/wordpress\/wp-content\/uploads\/2022\/01\/026c3f9d-dae9-4040-a3c1-a6530231bcc3.jpg\" data-dt-img-description=\"\" data-large_image_width=\"1152\" data-large_image_height=\"2048\"><img loading=\"lazy\" decoding=\"async\" class=\"wp-image-251839 alignleft\" src=\"https:\/\/www.radiopiu.net\/wordpress\/wp-content\/uploads\/2022\/01\/026c3f9d-dae9-4040-a3c1-a6530231bcc3-169x300.jpg\" alt=\"\" width=\"100\" height=\"177\" srcset=\"https:\/\/www.radiopiu.net\/wordpress\/wp-content\/uploads\/2022\/01\/026c3f9d-dae9-4040-a3c1-a6530231bcc3-169x300.jpg 169w, https:\/\/www.radiopiu.net\/wordpress\/wp-content\/uploads\/2022\/01\/026c3f9d-dae9-4040-a3c1-a6530231bcc3-576x1024.jpg 576w, https:\/\/www.radiopiu.net\/wordpress\/wp-content\/uploads\/2022\/01\/026c3f9d-dae9-4040-a3c1-a6530231bcc3-768x1365.jpg 768w, https:\/\/www.radiopiu.net\/wordpress\/wp-content\/uploads\/2022\/01\/026c3f9d-dae9-4040-a3c1-a6530231bcc3-864x1536.jpg 864w, https:\/\/www.radiopiu.net\/wordpress\/wp-content\/uploads\/2022\/01\/026c3f9d-dae9-4040-a3c1-a6530231bcc3.jpg 1152w\" sizes=\"auto, (max-width: 100px) 100vw, 100px\" \/><\/a>I podcast informativi del mattino &#8211; audio &#8211;\u00a0<\/span><\/h1>\n<blockquote><p><strong>GIORNALE RADIO NAZIONALE, EDIZIONE DELLE SETTE <span style=\"color: #0000ff;\">viene pubblicato alle 7.05 <span style=\"color: #ff0000;\">DIRETTA RADIO\u00a0<\/span><\/span><\/strong><\/p><\/blockquote>\n<p><strong>il giornale radionazionale e&#8217; in onda ogni ora, dalle sette del mattino alle venti della sera\u00a0 \u00a0<\/strong><strong>\u00a0<\/strong><\/p>\n<p>&nbsp;<\/p>\n<p><span style=\"color: #0000ff;\">Al via l&#8217;esodo estivo, bollino nero il 3 ed il 10 agosto Le previsioni della Polizia. &#8216;Gli automobilisti siano prudenti&#8217;<\/span><\/p>\n<p><strong>SALERNO<\/strong> Detenuto uccide il compagno di cella <strong>VENEZIA<\/strong> Il magnate di Singapore Kwong indagato nell&#8217;inchiesta di Venezia\u00a0<strong>TRENTO<\/strong> Il Tar blocca l&#8217;uccisione dell&#8217;orsa che ha aggredito il turista francese <strong>CAGLIARI<\/strong> I Ris confermano, sono di Francesca Deidda i resti del corpo nel borsone <strong>ROMA<\/strong> Gay center denuncia: &#8216;Cinghiate e pugni a coppia gay\u00a0 <strong>NAPOLI<\/strong> Armati nel lido balneare, spari e panico tra i bagnanti <strong>ROMA<\/strong> Code e check in a mano, la giornata di Fiumicino<\/p>\n<h2>AUDIO dalle sette del mattino, ogni ora alla radio<\/h2>\n<audio class=\"wp-audio-shortcode\" id=\"audio-400355-4\" preload=\"none\" style=\"width: 100%;\" controls=\"controls\"><source type=\"audio\/mpeg\" src=\"https:\/\/www.radiopiu.net\/wordpress\/wp-content\/uploads\/2024\/07\/giornale07-18.mp3?_=4\" \/><a href=\"https:\/\/www.radiopiu.net\/wordpress\/wp-content\/uploads\/2024\/07\/giornale07-18.mp3\">https:\/\/www.radiopiu.net\/wordpress\/wp-content\/uploads\/2024\/07\/giornale07-18.mp3<\/a><\/audio>\n<p>&nbsp;<\/p>\n<p>&nbsp;<\/p>\n<hr \/>\n<p>&nbsp;<\/p>\n<p>&nbsp;<\/p>\n<h1><span style=\"color: #ff0000;\">I podcast informativi del mattino &#8211; video &#8211;\u00a0<\/span><\/h1>\n<h2><strong><a class=\"dt-pswp-item\" href=\"https:\/\/www.radiopiu.net\/wordpress\/wp-content\/uploads\/2023\/12\/th-10.jpg\" data-dt-img-description=\"\" data-large_image_width=\"245\" data-large_image_height=\"180\"><img loading=\"lazy\" decoding=\"async\" class=\" wp-image-367395 alignleft\" src=\"https:\/\/www.radiopiu.net\/wordpress\/wp-content\/uploads\/2023\/12\/th-10.jpg\" alt=\"\" width=\"166\" height=\"122\" \/><\/a>RASSEGNA STAMPA LOCALE, ORE OTTO 05<\/strong><\/h2>\n<h2><strong> <span style=\"color: #0000ff;\">viene\u00a0 <\/span><\/strong><strong><span style=\"color: #0000ff;\">pubblicata alle 8.05 <span style=\"color: #ff0000;\">DIRETTA RADIO\u00a0\u00a0<\/span><\/span><\/strong><\/h2>\n<p><strong>DI MIRKO MEZZACASA\u00a0 \u00a0<\/strong><button class=\"rounded-lg text-token-text-secondary hover:bg-token-main-surface-secondary\"><\/button><\/p>\n<p><strong>OGGI SUL Corriere delle Alpi E NOTIZIARI DI Radio Pi\u00f9<\/strong><\/p>\n<p><strong>BELLUNO\u00a0<\/strong>Gsp, insieme all&#8217;impresa Risanamento Fognature di Salgareda (TV), ha rinnovato 300 metri della rete idrica principale in via Bios<br \/>\n<strong>BELLUNO<\/strong> Ilaria Sperandio, segretaria della Fillea CGIL di Belluno, sottolinea l&#8217;importanza di fermare i lavori nelle ore pi\u00f9 calde per proteggere la salute dei lavoratori.<br \/>\n<strong>FELTRE<\/strong> Primo passo formale nella progettazione e realizzazione del nuovo asilo nido di Villapaiera.<br \/>\n<strong>BELLUNO<\/strong>\u00a0 \u00e8 stata formalmente costituita la &#8220;Fondazione per la Comunit\u00e0 Energetica Rinnovabile \u2013 C.E.R. Dolomiti ETS&#8221;<br \/>\n<strong>PONTE NELLE ALPI<\/strong> Paolo Vendramini, sindaco di Ponte nelle Alpi dal 2014 al 2024, ha presentato il rendiconto del suo mandato.<\/p>\n<h2><span style=\"color: #ff0000;\"><strong>VIDEO\u00a0 \u00a0in diretta dalle 8 del mattino\u00a0<\/strong><\/span><\/h2>\n<p><iframe loading=\"lazy\" title=\"DAL 1983 LA RASSEGNA STAMPA LOCALE di mirko mezzacasa. L&#039;ORIGINALE\" width=\"1200\" height=\"675\" src=\"https:\/\/www.youtube.com\/embed\/8pTPVWncR-Y?feature=oembed\" frameborder=\"0\" allow=\"accelerometer; autoplay; clipboard-write; encrypted-media; gyroscope; picture-in-picture; web-share\" referrerpolicy=\"strict-origin-when-cross-origin\" allowfullscreen><\/iframe><\/p>\n<p><a class=\"dt-pswp-item\" href=\"https:\/\/www.radiopiu.net\/wordpress\/wp-content\/uploads\/2024\/07\/Senza-nome-84.png\" data-dt-img-description=\"\" data-large_image_width=\"587\" data-large_image_height=\"354\"><img loading=\"lazy\" decoding=\"async\" class=\"wp-image-400465 size-full aligncenter\" src=\"https:\/\/www.radiopiu.net\/wordpress\/wp-content\/uploads\/2024\/07\/Senza-nome-84.png\" alt=\"\" width=\"587\" height=\"354\" srcset=\"https:\/\/www.radiopiu.net\/wordpress\/wp-content\/uploads\/2024\/07\/Senza-nome-84.png 587w, https:\/\/www.radiopiu.net\/wordpress\/wp-content\/uploads\/2024\/07\/Senza-nome-84-300x181.png 300w\" sizes=\"auto, (max-width: 587px) 100vw, 587px\" \/><\/a><\/p>\n<hr \/>\n<p>&nbsp;<\/p>\n<p>&nbsp;<\/p>\n<p><strong><a class=\"dt-pswp-item\" href=\"https:\/\/www.radiopiu.net\/wordpress\/wp-content\/uploads\/2023\/12\/ANTENNA.png\" data-dt-img-description=\"\" data-large_image_width=\"300\" data-large_image_height=\"166\"><img loading=\"lazy\" decoding=\"async\" class=\" wp-image-366306 alignleft\" src=\"https:\/\/www.radiopiu.net\/wordpress\/wp-content\/uploads\/2023\/12\/ANTENNA.png\" alt=\"\" width=\"175\" height=\"97\" \/><\/a>IERI SERA, DAL TG DI ANTENNA 3, ogni sera alle 19 le anticipazioni alla radio, quello che poi seguirete nel TELEGIORNALE BELLUNESE\u00a0 in onda alle 19.30 sul CANALE 10 del digitale terrestre.\u00a0\u00a0<\/strong><\/p>\n<p>&nbsp;<\/p>\n<p><span style=\"color: #ff0000;\"><strong>\u00a0IERI SERA ALLA RADIO&#8230; LE ANTICIPAZIONI DI\u00a0 tiziana bolognani<\/strong><\/span><\/p>\n<audio class=\"wp-audio-shortcode\" id=\"audio-400355-5\" preload=\"none\" style=\"width: 100%;\" controls=\"controls\"><source type=\"audio\/mpeg\" src=\"https:\/\/www.radiopiu.net\/wordpress\/wp-content\/uploads\/2024\/07\/ANTENNA3-14.mp3?_=5\" \/><a href=\"https:\/\/www.radiopiu.net\/wordpress\/wp-content\/uploads\/2024\/07\/ANTENNA3-14.mp3\">https:\/\/www.radiopiu.net\/wordpress\/wp-content\/uploads\/2024\/07\/ANTENNA3-14.mp3<\/a><\/audio>\n<p><span style=\"color: #ff0000;\"><strong>\u00a0\u00a0<\/strong><\/span><\/p>\n<hr \/>\n<blockquote>\n<h3>ACQUA INQUINATA E LAVORI PROGRAMMATI<\/h3>\n<\/blockquote>\n<p><strong>AGORDO<\/strong> nelle localit\u00e0 Piasent, Colvignas, Campon, Le Foche l&#8217;acqua erogata dall&#8217;acquedotto non \u00e8 potabile e non pu\u00f2 essere usata per scopi alimentari, se non previa bollitura. Verr\u00e0 effettuato servizio sostitutivo con cisterna in localit\u00e0 Piasent.<\/p>\n<p><strong>LIVINALLONGO<\/strong> In localit\u00e0 Collaz\u00a0 l&#8217;acqua erogata dall&#8217;acquedotto non \u00e8 potabile e pu\u00f2 essere usata per scopi alimentari solo previa\u00a0 bollitura.<\/p>\n<p><strong>LIVINALLONGO<\/strong> Luned\u00ec dalle 8 alle 17 verr\u00e0 sospesa l\u2019erogazione dell\u2019acqua\u00a0 nelle localit\u00e0 Lasta, Federa, Corte e Sief<\/p>\n<p>&nbsp;<\/p>\n<hr \/>\n<p>&nbsp;<\/p>\n<div class=\"flex-shrink-0 flex flex-col relative items-end\">\n<div>\n<div class=\"pt-0\">\n<div class=\"gizmo-bot-avatar flex h-8 w-8 items-center justify-center overflow-hidden rounded-full\">\n<div class=\"relative p-1 rounded-sm flex items-center justify-center bg-token-main-surface-primary text-token-text-primary h-8 w-8\"><\/div>\n<\/div>\n<\/div>\n<\/div>\n<\/div>\n<div class=\"group\/conversation-turn relative flex w-full min-w-0 flex-col agent-turn\">\n<div class=\"flex-col gap-1 md:gap-3\">\n<div class=\"flex flex-grow flex-col max-w-full\">\n<div class=\"min-h-[20px] text-message flex w-full flex-col items-end gap-2 whitespace-pre-wrap break-words [.text-message+&amp;]:mt-5 overflow-x-auto\" dir=\"auto\" data-message-author-role=\"assistant\" data-message-id=\"8de5ead9-3738-409f-b7a2-d12560dfb61f\">\n<div class=\"flex w-full flex-col gap-1 empty:hidden first:pt-[3px]\">\n<div class=\"markdown prose w-full break-words dark:prose-invert dark\">\n<blockquote><p><strong>Gravissimo incidente a Feltre: giovane trasportato in elicottero<\/strong><\/p><\/blockquote>\n<p><strong><a class=\"dt-pswp-item\" href=\"https:\/\/www.radiopiu.net\/wordpress\/wp-content\/uploads\/2024\/07\/th-9.jpg\" data-dt-img-description=\"\" data-large_image_width=\"240\" data-large_image_height=\"180\"><img loading=\"lazy\" decoding=\"async\" class=\" wp-image-400459 alignleft\" src=\"https:\/\/www.radiopiu.net\/wordpress\/wp-content\/uploads\/2024\/07\/th-9.jpg\" alt=\"\" width=\"172\" height=\"129\" \/><\/a>FELTRE<\/strong> Il 18enne S.S. \u00e8 stato trasportato in elicottero in condizioni critiche all&#8217;ospedale di Treviso dopo un violento incidente in via Montelungo. Lo scontro frontale tra la sua Yamaha 125 e un&#8217;Audi condotta dal 28enne G.L. \u00e8 avvenuto su un lungo rettilineo con buona visibilit\u00e0. L&#8217;impatto \u00e8 stato devastante, con il giovane sbalzato dalla moto e il conducente dell&#8217;Audi leggermente ferito. I carabinieri di Feltre indagano sulla dinamica dell&#8217;incident. La strada \u00e8 rimasta chiusa per due ore per i rilievi. La situazione clinica di S.S. \u00e8 particolarmente preoccupante, soprattutto per le lesioni agli arti inferiori. <strong>(foto corriere delle alpi)<\/strong><\/p>\n<p><img loading=\"lazy\" decoding=\"async\" class=\"aligncenter\" src=\"https:\/\/www.radiopiu.net\/wordpress\/wp-content\/uploads\/2024\/07\/Senza-nome-83.png\" width=\"228\" height=\"146\" \/><\/p>\n<p>&nbsp;<\/p>\n<hr \/>\n<p>&nbsp;<\/p>\n<blockquote>\n<h3>76enne gravemente ustionata mentre brucia legna a Puos d&#8217;Alpago<\/h3>\n<\/blockquote>\n<p><img loading=\"lazy\" decoding=\"async\" class=\"alignleft\" src=\"https:\/\/www.radiopiu.net\/wordpress\/wp-content\/uploads\/2024\/07\/ospedale_padova_2.jpg\" width=\"207\" height=\"138\" \/><strong>CHIES D&#8217;LPAGO<\/strong> Una 76enne di Puos d&#8217;Alpago \u00e8 in condizioni gravissime dopo essere stata ustionata mentre bruciava rimasugli di legna nella sua propriet\u00e0. L&#8217;incidente \u00e8 avvenuto nel pomeriggio di ieri quando la donna, investita dalle fiamme, \u00e8 diventata una &#8220;torcia umana&#8221;. Intervenuti i sanitari dell&#8217;ambulanza di Puos d&#8217;Alpago e un elicottero per il trasferimento d&#8217;urgenza, la donna \u00e8 stata stabilizzata e trasferita all&#8217;ospedale grandi ustionati di Padova. Pare che l&#8217;incidente sia stato causato dall&#8217;uso di un infiammante, probabilmente benzina. Nonostante il pronto intervento dei soccorsi, le sue condizioni restano molto serie, con ustioni gravi a braccia e gambe. Non sono intervenuti, poich\u00e8 non necessario, n\u00e8 i vigili del fuoco, n\u00e8 le Forze dell&#8217;Ordine.<\/p>\n<p>&nbsp;<\/p>\n<hr \/>\n<p>&nbsp;<\/p>\n<div class=\"flex-shrink-0 flex flex-col relative items-end\">\n<div>\n<div class=\"pt-0\">\n<div class=\"gizmo-bot-avatar flex h-8 w-8 items-center justify-center overflow-hidden rounded-full\">\n<div class=\"relative p-1 rounded-sm flex items-center justify-center bg-token-main-surface-primary text-token-text-primary h-8 w-8\"><\/div>\n<\/div>\n<\/div>\n<\/div>\n<\/div>\n<div class=\"group\/conversation-turn relative flex w-full min-w-0 flex-col agent-turn\">\n<div class=\"flex-col gap-1 md:gap-3\">\n<div class=\"flex flex-grow flex-col max-w-full\">\n<div class=\"min-h-[20px] text-message flex w-full flex-col items-end gap-2 whitespace-pre-wrap break-words [.text-message+&amp;]:mt-5 overflow-x-auto\" dir=\"auto\" data-message-author-role=\"assistant\" data-message-id=\"f867ab78-f1f0-4dff-89d4-599110c12eb2\">\n<div class=\"flex w-full flex-col gap-1 empty:hidden first:pt-[3px]\">\n<div class=\"markdown prose w-full break-words dark:prose-invert dark\">\n<blockquote><p><strong>Doppio furto nei supermercati Kanguro a Mel e Fonzaso<\/strong><\/p><\/blockquote>\n<p><strong><a class=\"dt-pswp-item\" href=\"https:\/\/www.radiopiu.net\/wordpress\/wp-content\/uploads\/2024\/07\/Senza-nome-82.png\" data-dt-img-description=\"\" data-large_image_width=\"527\" data-large_image_height=\"337\"><img loading=\"lazy\" decoding=\"async\" class=\" wp-image-400450 alignleft\" src=\"https:\/\/www.radiopiu.net\/wordpress\/wp-content\/uploads\/2024\/07\/Senza-nome-82-300x192.png\" alt=\"\" width=\"253\" height=\"162\" srcset=\"https:\/\/www.radiopiu.net\/wordpress\/wp-content\/uploads\/2024\/07\/Senza-nome-82-300x192.png 300w, https:\/\/www.radiopiu.net\/wordpress\/wp-content\/uploads\/2024\/07\/Senza-nome-82.png 527w\" sizes=\"auto, (max-width: 253px) 100vw, 253px\" \/><\/a>BORGO VALBELLUNA<\/strong> Durante la pausa pranzo, un gruppo di malviventi ha rubato quasi duemila euro dai supermercati Kanguro a Mel e Fonzaso. I ladri, probabilmente nascosti nei negozi, hanno aperto le casse e preso il fondo cassa e monete. Gli allarmi sono scattati poco dopo le 13.20 a Mel e circa mezz&#8217;ora dopo a Fonzaso. La banda \u00e8 fuggita senza lasciare tracce. Francesco Cassol, responsabile commerciale, ha sottolineato la pianificazione del furto, evidenziando la collaborazione con le forze dell&#8217;ordine. Le telecamere di videosorveglianza potrebbero fornire ulteriori informazioni.<\/p>\n<\/div>\n<\/div>\n<\/div>\n<\/div>\n<\/div>\n<\/div>\n<p>&nbsp;<\/p>\n<hr \/>\n<p>&nbsp;<\/p>\n<blockquote>\n<h3>Grones blocca la diretta social \u00abNon \u00e8 in regola con la privacy\u00bb<\/h3>\n<\/blockquote>\n<p><strong><a class=\"dt-pswp-item\" href=\"https:\/\/www.radiopiu.net\/wordpress\/wp-content\/uploads\/2023\/01\/leandro-grones.png\" data-dt-img-description=\"\" data-large_image_width=\"854\" data-large_image_height=\"496\"><img loading=\"lazy\" decoding=\"async\" class=\" wp-image-315560 alignleft\" src=\"https:\/\/www.radiopiu.net\/wordpress\/wp-content\/uploads\/2023\/01\/leandro-grones-300x174.png\" alt=\"\" width=\"264\" height=\"153\" \/><\/a>LIVINALLONGO<\/strong> L&#8217;ex sindaco Leandro Grones contesta la mancata conformit\u00e0 alle norme sulla privacy durante il consiglio comunale di Nagler. Dopo una seduta trasmessa su Instagram, ma solo sui canali del gruppo di maggioranza.\u00a0 Grones ha rifiutato di firmare un documento sulla privacy senza averlo letto. Ha anche criticato la trasmissione sui social della maggioranza e una pratica con un&#8217;intestazione errata dall&#8217;ufficio tecnico.<\/p>\n<\/div>\n<\/div>\n<\/div>\n<\/div>\n<\/div>\n<\/div>\n<p>&nbsp;<\/p>\n<p>di lorenzo soratroi<\/p>\n<audio class=\"wp-audio-shortcode\" id=\"audio-400355-6\" preload=\"none\" style=\"width: 100%;\" controls=\"controls\"><source type=\"audio\/mpeg\" src=\"https:\/\/www.radiopiu.net\/wordpress\/wp-content\/uploads\/2024\/07\/lorenzo-CONSIGLIO-COMNALE.mp3?_=6\" \/><a href=\"https:\/\/www.radiopiu.net\/wordpress\/wp-content\/uploads\/2024\/07\/lorenzo-CONSIGLIO-COMNALE.mp3\">https:\/\/www.radiopiu.net\/wordpress\/wp-content\/uploads\/2024\/07\/lorenzo-CONSIGLIO-COMNALE.mp3<\/a><\/audio>\n<p>&nbsp;<\/p>\n<p>&nbsp;<\/p>\n<hr \/>\n<p>&nbsp;<\/p>\n<blockquote>\n<h3>RISANATO SENZA SCAVO UN TRATTO DI ACQUEDOTTO IN VIA BIOS A BELLUNO<\/h3>\n<\/blockquote>\n<p><strong>BELLUNO\u00a0<\/strong>Gsp, insieme all&#8217;impresa Risanamento Fognature di Salgareda (TV), ha rinnovato 300 metri della rete idrica principale in via Bios, Belluno, utilizzando tecnologie &#8220;no-dig&#8221; che evitano scavi. L&#8217;intervento ha riguardato una tratta vecchia e vulnerabile, fondamentale per l&#8217;approvvigionamento idrico di diverse localit\u00e0. \u00c8 stata inserita una guaina in materiale plastico all&#8217;interno della condotta esistente, gonfiata e collegata con connettori speciali per ripristinarne efficienza, integrit\u00e0 e impermeabilit\u00e0. L&#8217;attivit\u00e0, preceduta da videoispezioni e pulizia, ha richiesto la sospensione temporanea della fornitura idrica per le utenze coinvolte.<\/p>\n\n\t\t\t<style type='text\/css'>\n\t\t\t\t#gallery-1 {\n\t\t\t\t\tmargin: auto;\n\t\t\t\t}\n\t\t\t\t#gallery-1 .gallery-item {\n\t\t\t\t\tfloat: left;\n\t\t\t\t\tmargin-top: 10px;\n\t\t\t\t\ttext-align: center;\n\t\t\t\t\twidth: 25%;\n\t\t\t\t}\n\t\t\t\t#gallery-1 img {\n\t\t\t\t\tborder: 2px solid #cfcfcf;\n\t\t\t\t}\n\t\t\t\t#gallery-1 .gallery-caption {\n\t\t\t\t\tmargin-left: 0;\n\t\t\t\t}\n\t\t\t\t\/* see gallery_shortcode() in wp-includes\/media.php *\/\n\t\t\t<\/style>\n\t\t<div id='gallery-1' class='dt-gallery-container gallery galleryid-400355 gallery-columns-4 gallery-size-thumbnail'><dl class='gallery-item'>\n\t\t\t\t<dt class='gallery-icon landscape'>\n\t\t\t\t\t<a class=\"rollover rollover-zoom dt-pswp-item\" title=\"1_Il cantiere\" data-dt-img-description=\"\" data-large_image_width=\"1134\" data-large_image_height=\"638\"href='https:\/\/www.radiopiu.net\/wordpress\/wp-content\/uploads\/2024\/07\/1_Il-cantiere.jpg'><img loading=\"lazy\" decoding=\"async\" width=\"150\" height=\"150\" src=\"https:\/\/www.radiopiu.net\/wordpress\/wp-content\/uploads\/2024\/07\/1_Il-cantiere-150x150.jpg\" class=\"attachment-thumbnail size-thumbnail\" alt=\"\" \/><\/a>\n\t\t\t\t<\/dt><\/dl><dl class='gallery-item'>\n\t\t\t\t<dt class='gallery-icon landscape'>\n\t\t\t\t\t<a class=\"rollover rollover-zoom dt-pswp-item\" title=\"2_la guaina inserita in condotta\" data-dt-img-description=\"\" data-large_image_width=\"1134\" data-large_image_height=\"638\"href='https:\/\/www.radiopiu.net\/wordpress\/wp-content\/uploads\/2024\/07\/2_la-guaina-inserita-in-condotta.jpg'><img loading=\"lazy\" decoding=\"async\" width=\"150\" height=\"150\" src=\"https:\/\/www.radiopiu.net\/wordpress\/wp-content\/uploads\/2024\/07\/2_la-guaina-inserita-in-condotta-150x150.jpg\" class=\"attachment-thumbnail size-thumbnail\" alt=\"\" \/><\/a>\n\t\t\t\t<\/dt><\/dl><dl class='gallery-item'>\n\t\t\t\t<dt class='gallery-icon landscape'>\n\t\t\t\t\t<a class=\"rollover rollover-zoom dt-pswp-item\" title=\"3_inserimento della guaina in condotta\" data-dt-img-description=\"\" data-large_image_width=\"1134\" data-large_image_height=\"638\"href='https:\/\/www.radiopiu.net\/wordpress\/wp-content\/uploads\/2024\/07\/3_inserimento-della-guaina-in-condotta.jpg'><img loading=\"lazy\" decoding=\"async\" width=\"150\" height=\"150\" src=\"https:\/\/www.radiopiu.net\/wordpress\/wp-content\/uploads\/2024\/07\/3_inserimento-della-guaina-in-condotta-150x150.jpg\" class=\"attachment-thumbnail size-thumbnail\" alt=\"\" \/><\/a>\n\t\t\t\t<\/dt><\/dl><dl class='gallery-item'>\n\t\t\t\t<dt class='gallery-icon landscape'>\n\t\t\t\t\t<a class=\"rollover rollover-zoom dt-pswp-item\" title=\"4_apertura della guaina con pallone\" data-dt-img-description=\"\" data-large_image_width=\"1134\" data-large_image_height=\"638\"href='https:\/\/www.radiopiu.net\/wordpress\/wp-content\/uploads\/2024\/07\/4_apertura-della-guaina-con-pallone.jpg'><img loading=\"lazy\" decoding=\"async\" width=\"150\" height=\"150\" src=\"https:\/\/www.radiopiu.net\/wordpress\/wp-content\/uploads\/2024\/07\/4_apertura-della-guaina-con-pallone-150x150.jpg\" class=\"attachment-thumbnail size-thumbnail\" alt=\"\" \/><\/a>\n\t\t\t\t<\/dt><\/dl><br style=\"clear: both\" \/>\n\t\t\t<\/div>\n\n<p>&nbsp;<\/p>\n<p>&nbsp;<\/p>\n<hr \/>\n<p>&nbsp;<\/p>\n<blockquote>\n<h3>LA FILLEA CGIL CHIEDE DI FERMARE I LAVORI NELLE ORE PIU&#8217; CALDE<\/h3>\n<\/blockquote>\n<p><strong><a class=\"dt-pswp-item\" href=\"https:\/\/www.radiopiu.net\/wordpress\/wp-content\/uploads\/2022\/06\/MURATORI.jpg\" data-dt-img-description=\"\" data-large_image_width=\"1920\" data-large_image_height=\"1441\"><img loading=\"lazy\" decoding=\"async\" class=\" wp-image-280944 alignleft\" src=\"https:\/\/www.radiopiu.net\/wordpress\/wp-content\/uploads\/2022\/06\/MURATORI-300x225.jpg\" alt=\"\" width=\"160\" height=\"120\" srcset=\"https:\/\/www.radiopiu.net\/wordpress\/wp-content\/uploads\/2022\/06\/MURATORI-300x225.jpg 300w, https:\/\/www.radiopiu.net\/wordpress\/wp-content\/uploads\/2022\/06\/MURATORI-1024x769.jpg 1024w, https:\/\/www.radiopiu.net\/wordpress\/wp-content\/uploads\/2022\/06\/MURATORI-768x576.jpg 768w, https:\/\/www.radiopiu.net\/wordpress\/wp-content\/uploads\/2022\/06\/MURATORI-1536x1153.jpg 1536w, https:\/\/www.radiopiu.net\/wordpress\/wp-content\/uploads\/2022\/06\/MURATORI.jpg 1920w\" sizes=\"auto, (max-width: 160px) 100vw, 160px\" \/><\/a>BELLUNO<\/strong> Un operaio cinquantaduenne di Belluno \u00e8 stato ricoverato in rianimazione dopo essersi accasciato sul tetto di un immobile a causa del caldo estremo, evidenziando il problema dello stress termico anche nel nord Italia. Ilaria Sperandio, segretaria della Fillea CGIL di Belluno, sottolinea l&#8217;importanza di fermare i lavori nelle ore pi\u00f9 calde per proteggere la salute dei lavoratori. Il cambiamento climatico ha reso le alte temperature una realt\u00e0 anche in questa provincia. Sperandio chiede maggiore sensibilit\u00e0 e normative strutturali a livello nazionale per riorganizzare i turni di lavoro ed evitare operazioni all&#8217;aperto durante le ore pi\u00f9 calde. Sottolinea che la salute e la vita dei lavoratori sono prioritari e che non dovrebbero essere sanzionati se interrompono il lavoro per proteggersi dal calore eccessivo.<\/p>\n<p>&nbsp;<\/p>\n<p>&nbsp;<\/p>\n<hr \/>\n<p>&nbsp;<\/p>\n<blockquote>\n<h3>NUOVO ASILO NIDO DI VILLAPAIERA, APPROVATO IL DOCUMENTO DI INDIRIZZO DELLA PROGETTAZIONE<\/h3>\n<\/blockquote>\n<p><strong><a class=\"dt-pswp-item\" href=\"https:\/\/www.radiopiu.net\/wordpress\/wp-content\/uploads\/2024\/02\/Feltre-Piazza-Maggiore.jpg\" data-dt-img-description=\"\" data-large_image_width=\"1595\" data-large_image_height=\"1054\"><img loading=\"lazy\" decoding=\"async\" class=\" wp-image-375447 alignleft\" src=\"https:\/\/www.radiopiu.net\/wordpress\/wp-content\/uploads\/2024\/02\/Feltre-Piazza-Maggiore-300x198.jpg\" alt=\"\" width=\"176\" height=\"116\" srcset=\"https:\/\/www.radiopiu.net\/wordpress\/wp-content\/uploads\/2024\/02\/Feltre-Piazza-Maggiore-300x198.jpg 300w, https:\/\/www.radiopiu.net\/wordpress\/wp-content\/uploads\/2024\/02\/Feltre-Piazza-Maggiore-1024x677.jpg 1024w, https:\/\/www.radiopiu.net\/wordpress\/wp-content\/uploads\/2024\/02\/Feltre-Piazza-Maggiore-768x508.jpg 768w, https:\/\/www.radiopiu.net\/wordpress\/wp-content\/uploads\/2024\/02\/Feltre-Piazza-Maggiore-1536x1015.jpg 1536w, https:\/\/www.radiopiu.net\/wordpress\/wp-content\/uploads\/2024\/02\/Feltre-Piazza-Maggiore.jpg 1595w\" sizes=\"auto, (max-width: 176px) 100vw, 176px\" \/><\/a>FELTRE <\/strong>Primo passo formale nella progettazione e realizzazione del nuovo asilo nido di Villapaiera. La giunta comunale ha infatti approvato nella sua ultima seduta il DIP, ovvero il Documento di Indirizzo della Progettazione, che delinea le caratteristiche di massima che dovr\u00e0 avere la nuova struttura che sorger\u00e0 nell&#8217;area all&#8217;incrocio tra Via La Villa e Via Camp Lonc. Il nuovo asilo nido gode, come noto, di un contributo di 720 mila euro\u00a0 a valere sulla linea \u201cAsili nido e scuole dell\u2019infanzia\u201d del Piano Nazionale di Ripresa e Resilienza (PNRR). Di questi, 506.500 sono destinati alla realizzazione delle opere a base di gara, mentre la parte restante riguarda gli oneri accessori e le somme a disposizione.<\/p>\n<p><strong>L&#8217;ASSESSORE AI LAVORI PUBBLICI DEL COMUNE DI FELTRE ANDREA BONA<\/strong><\/p>\n<audio class=\"wp-audio-shortcode\" id=\"audio-400355-7\" preload=\"none\" style=\"width: 100%;\" controls=\"controls\"><source type=\"audio\/mpeg\" src=\"https:\/\/www.radiopiu.net\/wordpress\/wp-content\/uploads\/2024\/07\/BONA-ASILO-FELTRE.mp3?_=7\" \/><a href=\"https:\/\/www.radiopiu.net\/wordpress\/wp-content\/uploads\/2024\/07\/BONA-ASILO-FELTRE.mp3\">https:\/\/www.radiopiu.net\/wordpress\/wp-content\/uploads\/2024\/07\/BONA-ASILO-FELTRE.mp3<\/a><\/audio>\n<p>&nbsp;<\/p>\n<p>&nbsp;<\/p>\n<hr \/>\n<p>&nbsp;<\/p>\n<blockquote>\n<h2>Costituita la Fondazione per la Comunit\u00e0 Energetica Rinnovabile a Belluno<\/h2>\n<\/blockquote>\n<blockquote><p><em>La Fondazione C.E.R. Dolomiti ETS promuove tutela ambientale, transizione energetica, autosufficienza, configurazioni di autoconsumo, condivisione di energia, monitoraggio e incentivi.<\/em><\/p><\/blockquote>\n<p><strong><a class=\"dt-pswp-item\" href=\"https:\/\/www.radiopiu.net\/wordpress\/wp-content\/uploads\/2024\/07\/Gruppo-di-lavoro-CER-firma-atto-.jpg\" data-dt-img-description=\"\" data-large_image_width=\"1600\" data-large_image_height=\"1200\"><img loading=\"lazy\" decoding=\"async\" class=\"size-medium wp-image-400409 alignleft\" src=\"https:\/\/www.radiopiu.net\/wordpress\/wp-content\/uploads\/2024\/07\/Gruppo-di-lavoro-CER-firma-atto--300x225.jpg\" alt=\"\" width=\"300\" height=\"225\" srcset=\"https:\/\/www.radiopiu.net\/wordpress\/wp-content\/uploads\/2024\/07\/Gruppo-di-lavoro-CER-firma-atto--300x225.jpg 300w, https:\/\/www.radiopiu.net\/wordpress\/wp-content\/uploads\/2024\/07\/Gruppo-di-lavoro-CER-firma-atto--1024x768.jpg 1024w, https:\/\/www.radiopiu.net\/wordpress\/wp-content\/uploads\/2024\/07\/Gruppo-di-lavoro-CER-firma-atto--768x576.jpg 768w, https:\/\/www.radiopiu.net\/wordpress\/wp-content\/uploads\/2024\/07\/Gruppo-di-lavoro-CER-firma-atto--1536x1152.jpg 1536w, https:\/\/www.radiopiu.net\/wordpress\/wp-content\/uploads\/2024\/07\/Gruppo-di-lavoro-CER-firma-atto-.jpg 1600w\" sizes=\"auto, (max-width: 300px) 100vw, 300px\" \/><\/a>BELLUNO<\/strong>\u00a0 \u00e8 stata formalmente costituita la &#8220;Fondazione per la Comunit\u00e0 Energetica Rinnovabile \u2013 C.E.R. Dolomiti ETS&#8221; presso lo studio del notaio Michele Palumbo. Presenti alla firma autorit\u00e0 istituzionali, tra cui Marco Staunovo Polacco del Consorzio BIM Piave-Belluno, Mario Pozza della Camera di Commercio Treviso-Belluno Dolomiti, Sergio Gallo del Comune di Belluno e Claudio Dalla Palma del Comune di Feltre. La fondazione, sostenuta da un fondo iniziale di 30.000 euro e finanziamenti della Fondazione Cariverona, mira a promuovere la sostenibilit\u00e0 energetica e la gestione comunitaria delle risorse. La C.E.R. operer\u00e0 in tutta la Provincia di Belluno, incentivando l&#8217;uso di energie rinnovabili e coinvolgendo attivamente cittadini e amministrazioni locali.<\/p>\n<div class=\"flex flex-grow flex-col max-w-full\">\n<div class=\"min-h-[20px] text-message flex w-full flex-col items-end gap-2 whitespace-pre-wrap break-words [.text-message+&amp;]:mt-5 overflow-x-auto\" dir=\"auto\" data-message-author-role=\"assistant\" data-message-id=\"869dbb16-0f59-40c6-a71f-cca2552f14e7\">\n<div class=\"flex w-full flex-col gap-1 empty:hidden first:pt-[3px]\">\n<div class=\"markdown prose w-full break-words dark:prose-invert dark\">\n<blockquote><p><strong>Il Sindaco De Pellegrin (BELLUNO)<\/strong> sostiene le comunit\u00e0 energetiche per l&#8217;autonomia futura, firmando l&#8217;atto costitutivo per il Comune di Belluno.<strong>Claudio Dalla Palma (FELTRE) <\/strong>per migliorare i servizi e facilitare decisioni importanti nel Comune di Feltre. <strong>Antonio Daniele Barattin,<\/strong> Presidente della C.E.R Dolomiti ETS, sottolinea l&#8217;importanza dell&#8217;unit\u00e0 per salvaguardia energetica e fonti rinnovabili.<\/p><\/blockquote>\n<p>&nbsp;<\/p>\n<hr \/>\n<h3><\/h3>\n<p>&nbsp;<\/p>\n<blockquote>\n<h3><a class=\"dt-pswp-item\" href=\"https:\/\/www.radiopiu.net\/wordpress\/wp-content\/uploads\/2024\/07\/Pontello_Viel_Da_Rold_Vendramini_De_Pasqual-scaled.jpg\" data-dt-img-description=\"\" data-large_image_width=\"2560\" data-large_image_height=\"1513\"><img loading=\"lazy\" decoding=\"async\" class=\" wp-image-400414 alignleft\" src=\"https:\/\/www.radiopiu.net\/wordpress\/wp-content\/uploads\/2024\/07\/Pontello_Viel_Da_Rold_Vendramini_De_Pasqual-300x177.jpg\" alt=\"\" width=\"236\" height=\"139\" srcset=\"https:\/\/www.radiopiu.net\/wordpress\/wp-content\/uploads\/2024\/07\/Pontello_Viel_Da_Rold_Vendramini_De_Pasqual-300x177.jpg 300w, https:\/\/www.radiopiu.net\/wordpress\/wp-content\/uploads\/2024\/07\/Pontello_Viel_Da_Rold_Vendramini_De_Pasqual-1024x605.jpg 1024w, https:\/\/www.radiopiu.net\/wordpress\/wp-content\/uploads\/2024\/07\/Pontello_Viel_Da_Rold_Vendramini_De_Pasqual-768x454.jpg 768w, https:\/\/www.radiopiu.net\/wordpress\/wp-content\/uploads\/2024\/07\/Pontello_Viel_Da_Rold_Vendramini_De_Pasqual-1536x908.jpg 1536w, https:\/\/www.radiopiu.net\/wordpress\/wp-content\/uploads\/2024\/07\/Pontello_Viel_Da_Rold_Vendramini_De_Pasqual-2048x1211.jpg 2048w\" sizes=\"auto, (max-width: 236px) 100vw, 236px\" \/><\/a>Bilancio di Fine Mandato del Sindaco Paolo Vendramini a Ponte nelle Alpi<\/h3>\n<\/blockquote>\n<p style=\"text-align: left;\"><strong>PONTE NELLE ALPI<\/strong> Paolo Vendramini, sindaco di Ponte nelle Alpi dal 2014 al 2024, ha presentato il rendiconto del suo mandato, sottolineando i successi raggiunti in dieci anni di amministrazione. Vendramini ha elogiato la sua squadra per il sostegno e l\u2019impegno costante, e ha ricordato le opere pubbliche realizzate, la riqualificazione urbana e lo sviluppo territoriale. Tra i progetti principali: la Biblioteca Civica, il Teatro \u201cPierobon\u201d di Paiane, PalaMares e PalaQuantin, le ciclabili e i parchi gioco. Vendramini ha evidenziato l\u2019efficienza della societ\u00e0 partecipata Ponte Servizi e il salvataggio dell\u2019Unione montana Bellunese. Con oltre 5 milioni di euro in eredit\u00e0 per nuovi progetti, ha augurato buon lavoro alla nuova amministrazione.<\/p>\n<p>&nbsp;<\/p>\n<hr \/>\n<p>&nbsp;<\/p>\n<p>&nbsp;<\/p>\n<blockquote>\n<h3 class=\"_title post-title entry-title\"><strong><a class=\"dt-pswp-item\" href=\"https:\/\/www.radiopiu.net\/wordpress\/wp-content\/uploads\/2023\/12\/ANTENNA.png\" data-dt-img-description=\"\" data-large_image_width=\"300\" data-large_image_height=\"166\"><img loading=\"lazy\" decoding=\"async\" class=\" wp-image-366306 alignleft\" src=\"https:\/\/www.radiopiu.net\/wordpress\/wp-content\/uploads\/2023\/12\/ANTENNA.png\" alt=\"\" width=\"175\" height=\"97\" \/><\/a><\/strong>DEPOSITATA LA COSTITUZIONE DEL GRUPPO DI FORZA ITALIA A PALAZZO ROSSO<\/h3>\n<\/blockquote>\n<p>(Servizio di\u00a0<a href=\"https:\/\/antennatre.medianordest.it\/redazione\/Tiziana-Bolognani\/\">Tiziana Bolognani<\/a>)<\/p>\n<p><iframe loading=\"lazy\" title=\"DEPOSITATA LA COSTITUZIONE DEL GRUPPO DI FORZA ITALIA A PALAZZO ROSSO | 19\/07\/2024\" width=\"1200\" height=\"675\" src=\"https:\/\/www.youtube.com\/embed\/bfz42gf1gcg?feature=oembed\" frameborder=\"0\" allow=\"accelerometer; autoplay; clipboard-write; encrypted-media; gyroscope; picture-in-picture; web-share\" referrerpolicy=\"strict-origin-when-cross-origin\" allowfullscreen><\/iframe><\/p>\n<hr \/>\n<p>&nbsp;<\/p>\n<p>&nbsp;<\/p>\n<p>&nbsp;<\/p>\n<hr \/>\n<p>&nbsp;<\/p>\n<blockquote>\n<h2>Dolomiti Skiline Nevegal, LA SEGGIOVIA CHE RIAPRE<\/h2>\n<\/blockquote>\n<p>&nbsp;<\/p>\n<p><a class=\"dt-pswp-item\" href=\"https:\/\/www.radiopiu.net\/wordpress\/wp-content\/uploads\/2024\/07\/f25da744-2ea5-4a60-acb6-6376beaee8c4.jpg\" data-dt-img-description=\"\" data-large_image_width=\"2048\" data-large_image_height=\"1536\"><img loading=\"lazy\" decoding=\"async\" class=\" wp-image-400437 alignleft\" src=\"https:\/\/www.radiopiu.net\/wordpress\/wp-content\/uploads\/2024\/07\/f25da744-2ea5-4a60-acb6-6376beaee8c4-300x225.jpg\" alt=\"\" width=\"196\" height=\"147\" srcset=\"https:\/\/www.radiopiu.net\/wordpress\/wp-content\/uploads\/2024\/07\/f25da744-2ea5-4a60-acb6-6376beaee8c4-300x225.jpg 300w, https:\/\/www.radiopiu.net\/wordpress\/wp-content\/uploads\/2024\/07\/f25da744-2ea5-4a60-acb6-6376beaee8c4-1024x768.jpg 1024w, https:\/\/www.radiopiu.net\/wordpress\/wp-content\/uploads\/2024\/07\/f25da744-2ea5-4a60-acb6-6376beaee8c4-768x576.jpg 768w, https:\/\/www.radiopiu.net\/wordpress\/wp-content\/uploads\/2024\/07\/f25da744-2ea5-4a60-acb6-6376beaee8c4-1536x1152.jpg 1536w, https:\/\/www.radiopiu.net\/wordpress\/wp-content\/uploads\/2024\/07\/f25da744-2ea5-4a60-acb6-6376beaee8c4.jpg 2048w\" sizes=\"auto, (max-width: 196px) 100vw, 196px\" \/><\/a><strong>BELLUNO <\/strong>Riapre domani la seggiovia del Nevegal, ma non \u00e8 l&#8217;unica novit\u00e0: la societ\u00e0 impiantistica cambia nome e in meno di un mese dall&#8217;ingresso dei nuovo soci bresciani sono gi\u00e0 stati investiti 1,5 milioni di euro per lo sviluppo del Colle bellunese.<\/p>\n<p>&nbsp;<\/p>\n<p>&nbsp;<\/p>\n<p>&nbsp;<\/p>\n<p><strong>DI DANIELE DALVIT<\/strong><\/p>\n<audio class=\"wp-audio-shortcode\" id=\"audio-400355-8\" preload=\"none\" style=\"width: 100%;\" controls=\"controls\"><source type=\"audio\/mpeg\" src=\"https:\/\/www.radiopiu.net\/wordpress\/wp-content\/uploads\/2024\/07\/Servizio-Dolomiti-Skiline-Nevegal.mp3?_=8\" \/><a href=\"https:\/\/www.radiopiu.net\/wordpress\/wp-content\/uploads\/2024\/07\/Servizio-Dolomiti-Skiline-Nevegal.mp3\">https:\/\/www.radiopiu.net\/wordpress\/wp-content\/uploads\/2024\/07\/Servizio-Dolomiti-Skiline-Nevegal.mp3<\/a><\/audio>\n<p>&nbsp;<\/p>\n<p>&nbsp;<\/p>\n<p>&nbsp;<\/p>\n<\/div>\n<\/div>\n<\/div>\n<\/div>\n<hr \/>\n<p>&nbsp;<\/p>\n<h2><span style=\"color: #ff0000;\">CONSIGLI COMUNALI IN AGORDINO<\/span><\/h2>\n<p><strong>ALLEGHE<\/strong> Il sindaco Danilo De Toni ha convocato il consiglio comunale per mercoled\u00ec alle 20:30. tra gli argomenti da discutere la seconda variazione a bilancio, il documento unico di programmazione 2025\/2027, i lavori di realizzazione della nuova sede del distretto socio-sanitario di Alleghe e le comunicazioni del sindaco.<\/p>\n<p>&nbsp;<\/p>\n<p>&nbsp;<\/p>\n<hr \/>\n<p>&nbsp;<\/p>\n<blockquote>\n<h3>LA CONVOCAZIONE DEL CONSIGLIO DEL BACINO DOLOMITI BELLUNESI<\/h3>\n<\/blockquote>\n<p><strong>BELLUNO<\/strong> Il Presidente del Consiglio di Bacino &#8220;Dolomiti Bellunesi&#8221; convoca l&#8217;Assemblea del Consiglio per gioved\u00ec 25 luglio alle 15 in Sala Bianchi a Belluno. L&#8217;ordine del giorno prevede: comunicazioni, approvazione della Relazione Semestrale sullo stato di attuazione dei programmi ed Equilibri di Bilancio, approvazione del Documento Unico di Programmazione 2025-2027, nomina del Comitato Istituzionale e del Presidente del Consiglio di Bacino.<\/p>\n<p>&nbsp;<\/p>\n<hr \/>\n<p>&nbsp;<\/p>\n<p>&nbsp;<\/p>\n<blockquote>\n<h2><strong><a class=\"dt-pswp-item\" href=\"https:\/\/www.radiopiu.net\/wordpress\/wp-content\/uploads\/2024\/07\/CRAS2.jpeg\" data-dt-img-description=\"\" data-large_image_width=\"1600\" data-large_image_height=\"802\"><img loading=\"lazy\" decoding=\"async\" class=\"size-medium wp-image-400406 alignleft\" src=\"https:\/\/www.radiopiu.net\/wordpress\/wp-content\/uploads\/2024\/07\/CRAS2-300x150.jpeg\" alt=\"\" width=\"300\" height=\"150\" srcset=\"https:\/\/www.radiopiu.net\/wordpress\/wp-content\/uploads\/2024\/07\/CRAS2-300x150.jpeg 300w, https:\/\/www.radiopiu.net\/wordpress\/wp-content\/uploads\/2024\/07\/CRAS2-1024x513.jpeg 1024w, https:\/\/www.radiopiu.net\/wordpress\/wp-content\/uploads\/2024\/07\/CRAS2-768x385.jpeg 768w, https:\/\/www.radiopiu.net\/wordpress\/wp-content\/uploads\/2024\/07\/CRAS2-1536x770.jpeg 1536w, https:\/\/www.radiopiu.net\/wordpress\/wp-content\/uploads\/2024\/07\/CRAS2.jpeg 1600w\" sizes=\"auto, (max-width: 300px) 100vw, 300px\" \/><\/a>Riapertura del Centro di Recupero Fauna Selvatica a Sedico<\/strong><\/h2>\n<\/blockquote>\n<div class=\"flex-shrink-0 flex flex-col relative items-end\">\n<div>\n<div class=\"pt-0\">\n<div class=\"gizmo-bot-avatar flex h-8 w-8 items-center justify-center overflow-hidden rounded-full\">\n<div class=\"relative p-1 rounded-sm flex items-center justify-center bg-token-main-surface-primary text-token-text-primary h-8 w-8\"><\/div>\n<\/div>\n<\/div>\n<\/div>\n<\/div>\n<div class=\"group\/conversation-turn relative flex w-full min-w-0 flex-col agent-turn\">\n<div class=\"flex-col gap-1 md:gap-3\">\n<div class=\"flex flex-grow flex-col max-w-full\">\n<div class=\"min-h-[20px] text-message flex w-full flex-col items-end gap-2 whitespace-pre-wrap break-words [.text-message+&amp;]:mt-5 overflow-x-auto\" dir=\"auto\" data-message-author-role=\"assistant\" data-message-id=\"4b391839-dcc5-482f-83ee-f98ff7dc983c\">\n<div class=\"flex w-full flex-col gap-1 empty:hidden first:pt-[3px]\">\n<div class=\"markdown prose w-full break-words dark:prose-invert dark\">\n<p><strong>SEDICO<\/strong> Il Centro di Recupero della Fauna Selvatica (CRAS) di Sedico riaprir\u00e0 entro fine anno a Villa Zuppanio. L&#8217;accordo, firmato oggi, coinvolge Regione <a class=\"dt-pswp-item\" href=\"https:\/\/www.radiopiu.net\/wordpress\/wp-content\/uploads\/2021\/10\/consiglieri019-scaled.jpg\" data-dt-img-description=\"VENEZIA 08-10-2020.FOTOATTUALITA'. PALAZZO FERRO FINI.CONSIGLIO REGIONALE . RITRATTI DEI NUOVI CONSIGLIERI REGIONALI.NELLA FOTO: SILVIA CESTARO\" data-large_image_width=\"1752\" data-large_image_height=\"2560\"><img loading=\"lazy\" decoding=\"async\" class=\"wp-image-237952 alignright\" src=\"https:\/\/www.radiopiu.net\/wordpress\/wp-content\/uploads\/2021\/10\/consiglieri019-205x300.jpg\" alt=\"\" width=\"108\" height=\"158\" srcset=\"https:\/\/www.radiopiu.net\/wordpress\/wp-content\/uploads\/2021\/10\/consiglieri019-205x300.jpg 205w, https:\/\/www.radiopiu.net\/wordpress\/wp-content\/uploads\/2021\/10\/consiglieri019-701x1024.jpg 701w, https:\/\/www.radiopiu.net\/wordpress\/wp-content\/uploads\/2021\/10\/consiglieri019-768x1123.jpg 768w, https:\/\/www.radiopiu.net\/wordpress\/wp-content\/uploads\/2021\/10\/consiglieri019-1051x1536.jpg 1051w, https:\/\/www.radiopiu.net\/wordpress\/wp-content\/uploads\/2021\/10\/consiglieri019-1401x2048.jpg 1401w, https:\/\/www.radiopiu.net\/wordpress\/wp-content\/uploads\/2021\/10\/consiglieri019-scaled.jpg 1752w\" sizes=\"auto, (max-width: 108px) 100vw, 108px\" \/><\/a>Veneto, Provincia di Belluno e Veneto Agricoltura, con un contributo annuo di 50 mila euro per tre anni.<\/p>\n<\/div>\n<\/div>\n<\/div>\n<\/div>\n<\/div>\n<\/div>\n<p>&nbsp;<\/p>\n<p><strong>LA SODDISFAZIONE DEL CONSIGLIERE REGIONALE SILVIA CESTARO<\/strong><\/p>\n<audio class=\"wp-audio-shortcode\" id=\"audio-400355-9\" preload=\"none\" style=\"width: 100%;\" controls=\"controls\"><source type=\"audio\/mpeg\" src=\"https:\/\/www.radiopiu.net\/wordpress\/wp-content\/uploads\/2024\/07\/SILVIA.mp3?_=9\" \/><a href=\"https:\/\/www.radiopiu.net\/wordpress\/wp-content\/uploads\/2024\/07\/SILVIA.mp3\">https:\/\/www.radiopiu.net\/wordpress\/wp-content\/uploads\/2024\/07\/SILVIA.mp3<\/a><\/audio>\n<p>&nbsp;<\/p>\n<p>&nbsp;<\/p>\n<hr \/>\n<p>&nbsp;<\/p>\n<p>&nbsp;<\/p>\n<blockquote><p><strong><a class=\"dt-pswp-item\" href=\"https:\/\/www.radiopiu.net\/wordpress\/wp-content\/uploads\/2021\/03\/ELENA-DONAZZAN.png\" data-dt-img-description=\"\" data-large_image_width=\"1266\" data-large_image_height=\"1146\"><img loading=\"lazy\" decoding=\"async\" class=\"wp-image-195881 alignleft\" src=\"https:\/\/www.radiopiu.net\/wordpress\/wp-content\/uploads\/2021\/03\/ELENA-DONAZZAN-300x272.png\" alt=\"\" width=\"133\" height=\"121\" srcset=\"https:\/\/www.radiopiu.net\/wordpress\/wp-content\/uploads\/2021\/03\/ELENA-DONAZZAN-300x272.png 300w, https:\/\/www.radiopiu.net\/wordpress\/wp-content\/uploads\/2021\/03\/ELENA-DONAZZAN-1024x927.png 1024w, https:\/\/www.radiopiu.net\/wordpress\/wp-content\/uploads\/2021\/03\/ELENA-DONAZZAN-768x695.png 768w, https:\/\/www.radiopiu.net\/wordpress\/wp-content\/uploads\/2021\/03\/ELENA-DONAZZAN.png 1266w\" sizes=\"auto, (max-width: 133px) 100vw, 133px\" \/><\/a>Elena Donazzan Lascia Palazzo Balbi per il Parlamento Europeo<\/strong><\/p><\/blockquote>\n<p><strong>VENEZIA<\/strong> Dopo 19 anni a Palazzo Balbi, Elena Donazzan ha rassegnato le dimissioni da assessore della Regione Veneto per assumere un incarico da Parlamentare europeo. Ieri mattina, ha tracciato un bilancio del suo mandato, evidenziando risultati concreti in istruzione, formazione e lavoro. Donazzan ha ringraziato il presidente Zaia e i direttori regionali per il supporto, sottolineando i progressi nella formazione professionale e nella gestione dei fondi europei. Ha promesso di continuare a sostenere il modello veneto in Europa.<\/p>\n<p>&nbsp;<\/p>\n<hr \/>\n<blockquote>\n<h3><\/h3>\n<h3>C&#8217;ERA UNA VOLA UN GIORNALE AFFASCINANTE, CON UN DIRETTORE&#8230; AFFASCINANTE. da VENEZIA (LAGO) A BELLUNO (SOMMACAL)<\/h3>\n<\/blockquote>\n<p><iframe loading=\"lazy\" title=\"SERGIO SOMMACAL, UNO DI NOI DALLA SALA DON TAMIS AD AGORDO, DIRETTA-INTERVISTA DI mirko mezzacasa\" width=\"1200\" height=\"675\" src=\"https:\/\/www.youtube.com\/embed\/VcjdEOmxak0?start=3281&#038;feature=oembed\" frameborder=\"0\" allow=\"accelerometer; autoplay; clipboard-write; encrypted-media; gyroscope; picture-in-picture; web-share\" referrerpolicy=\"strict-origin-when-cross-origin\" allowfullscreen><\/iframe><\/p>\n<p>&nbsp;<\/p>\n<p>&nbsp;<\/p>\n<hr \/>\n<p>&nbsp;<\/p>\n<p>&nbsp;<\/p>\n<blockquote>\n<h3>&#8220;120-80&#8221; SANITA&#8217; ALLA RADIO, L&#8217;IMPORTANZA DELLA DIETA SUI TUMORI<\/h3>\n<p><strong><a class=\"dt-pswp-item\" href=\"https:\/\/www.radiopiu.net\/wordpress\/wp-content\/uploads\/2024\/04\/dr-cesare-dal-bo.jpg\" data-dt-img-description=\"\" data-large_image_width=\"800\" data-large_image_height=\"600\"><img loading=\"lazy\" decoding=\"async\" class=\"wp-image-387374 alignleft\" src=\"https:\/\/www.radiopiu.net\/wordpress\/wp-content\/uploads\/2024\/04\/dr-cesare-dal-bo-300x225.jpg\" alt=\"\" width=\"164\" height=\"123\" srcset=\"https:\/\/www.radiopiu.net\/wordpress\/wp-content\/uploads\/2024\/04\/dr-cesare-dal-bo-300x225.jpg 300w, https:\/\/www.radiopiu.net\/wordpress\/wp-content\/uploads\/2024\/04\/dr-cesare-dal-bo-768x576.jpg 768w, https:\/\/www.radiopiu.net\/wordpress\/wp-content\/uploads\/2024\/04\/dr-cesare-dal-bo.jpg 800w\" sizes=\"auto, (max-width: 164px) 100vw, 164px\" \/><\/a>A CURA DEL DOTT.CESARE DAL BO&#8217; DIRETTORE POLIAMBULATORIO AGORDINO<\/strong><\/p><\/blockquote>\n<p><strong>AGORDO<\/strong><\/p>\n<p><strong>DI cesare dal bo&#8217;<\/strong><\/p>\n<audio class=\"wp-audio-shortcode\" id=\"audio-400355-10\" preload=\"none\" style=\"width: 100%;\" controls=\"controls\"><source type=\"audio\/mpeg\" src=\"https:\/\/www.radiopiu.net\/wordpress\/wp-content\/uploads\/2024\/07\/CESARE-DAL-BO-1.mp3?_=10\" \/><a href=\"https:\/\/www.radiopiu.net\/wordpress\/wp-content\/uploads\/2024\/07\/CESARE-DAL-BO-1.mp3\">https:\/\/www.radiopiu.net\/wordpress\/wp-content\/uploads\/2024\/07\/CESARE-DAL-BO-1.mp3<\/a><\/audio>\n<p>&nbsp;<\/p>\n<p>LA RACCOLTA COMPLETA<\/p>\n<blockquote class=\"wp-embedded-content\" data-secret=\"B72pIuIQnl\"><p><a href=\"https:\/\/www.radiopiu.net\/wordpress\/radiopiu12080\/\">120-80 A COLLOQUIO CON I PROFESSIONISTI DEL POLIAMBULATORIO AGORDINO<\/a><\/p><\/blockquote>\n<p><iframe loading=\"lazy\" class=\"wp-embedded-content\" sandbox=\"allow-scripts\" security=\"restricted\" style=\"position: absolute; clip: rect(1px, 1px, 1px, 1px);\" title=\"&#8220;120-80 A COLLOQUIO CON I PROFESSIONISTI DEL POLIAMBULATORIO AGORDINO&#8221; &#8212; Radio Pi\u00f9\" src=\"https:\/\/www.radiopiu.net\/wordpress\/radiopiu12080\/embed\/#?secret=tfqo2Ukzfq#?secret=B72pIuIQnl\" data-secret=\"B72pIuIQnl\" width=\"600\" height=\"338\" frameborder=\"0\" marginwidth=\"0\" marginheight=\"0\" scrolling=\"no\"><\/iframe><\/p>\n<p>&nbsp;<\/p>\n<p>&nbsp;<\/p>\n<p>&nbsp;<\/p>\n<hr \/>\n<p>&nbsp;<\/p>\n<blockquote>\n<h3>UN LIBRO SULLA STORIA DELLA SAFILO<\/h3>\n<\/blockquote>\n<p><strong>ROMA<\/strong> Il libro &#8220;Vita in fabbrica. Calalzo di Cadore 1970-2006&#8221; raccoglie le testimonianze dei lavoratori dello stabilimento Safilo di Calalzo di Cadore negli ultimi trent&#8217;anni di attivit\u00e0. Sar\u00e0 presentato marted\u00ec al Senato. Parteciperanno il neo-sindaco Luca Fanton, il curatore Pier Mario Fop, gli autori Angelo De Marchi, Giovanna Fornasier, Angelo Da Col, Ernesto Da Deppo, Roberto Scott\u00e0, Ines Smaniotto, e la direttrice del Museo dell&#8217;Occhiale Daniela Zambelli.<\/p>\n<p>&nbsp;<\/p>\n<p>&nbsp;<\/p>\n<hr \/>\n<p>&nbsp;<\/p>\n<blockquote>\n<h3><a href=\"https:\/\/www.radiopiu.net\/wordpress\/wp-content\/uploads\/2024\/07\/lavori-in-corso.webp\"><img loading=\"lazy\" decoding=\"async\" class=\"wp-image-398920 alignleft\" src=\"https:\/\/www.radiopiu.net\/wordpress\/wp-content\/uploads\/2024\/07\/lavori-in-corso-300x257.webp\" alt=\"\" width=\"92\" height=\"79\" srcset=\"https:\/\/www.radiopiu.net\/wordpress\/wp-content\/uploads\/2024\/07\/lavori-in-corso-300x257.webp 300w, https:\/\/www.radiopiu.net\/wordpress\/wp-content\/uploads\/2024\/07\/lavori-in-corso.webp 640w\" sizes=\"auto, (max-width: 92px) 100vw, 92px\" \/><\/a>Limitazioni alla viabilit\u00e0 a Livinallongo<\/h3>\n<\/blockquote>\n<p><strong>LIVINALLONGO <\/strong>A Livinallongo, lavori stradali sulla Sr 48 delle Dolomiti e sulla Sp 244 al passo Campolongo porteranno a limitazioni della viabilit\u00e0 con senso unico alternato regolato da semafori o movieri, dal luned\u00ec al venerd\u00ec fino al 2 agosto, mentre nei fine settimana la circolazione sar\u00e0 regolare.<\/p>\n<p><strong>ROCCA PIETORE sp 563 DI SALESEI, FINO AL 2 AGOSTO INTERDIZIONE TOTALE AL TRAFFICO <\/strong>DALLE 8-15 ALLE 10 DAL LUNEDI AL VENERDI NEGLI ALTRI ORARI SENSO UNICO ALTERNATO ANCHE NEI GIORNI FESTIVI E PREFESTIVI<\/p>\n<p>&nbsp;<\/p>\n<hr \/>\n<p>&nbsp;<\/p>\n<blockquote>\n<h2>CONSIDERATO CHE LE VESPE&#8230; NON VOLANO<\/h2>\n<\/blockquote>\n<blockquote><p>Anas, Autostrade, Prefetture di Belluno e Treviso, Provincia, Regione, Comuni interessati sono stati resi partecipi di un problema di non poco conto che potrebbe inficiare il successo di un evento nazionale in programma nel fine settimana. Per ora risposte non esaustive, non dagli enti direttamente interessati&#8230; e mancano poche ore all&#8217;evento.<\/p><\/blockquote>\n<p><img loading=\"lazy\" decoding=\"async\" class=\"alignleft\" src=\"https:\/\/www.radiopiu.net\/wordpress\/wp-content\/uploads\/2024\/05\/vespa.jpg\" width=\"191\" height=\"132\" \/>Desideriamo attirare la vostra attenzione sulla chiusura della SS 51 &#8220;DI ALEMAGNA&#8221; in corrispondenza del comune di Vittorio Veneto, provincia di Treviso, prevista per il 21 luglio in occasione del 9\u00b0 Raduno Nazionale Vespa Giro dell&#8217;Alpago. Questa chiusura impedisce ai partecipanti con mezzi di cilindrata inferiore a 150cc, non autorizzati a percorrere il tratto autostradale A27, di raggiungere l&#8217;evento. La situazione \u00e8 aggravata dal fatto che il tratto autostradale Vittorio Veneto Nord &#8211; Fadalto resta a pagamento, rendendo difficile trovare percorsi alternativi gratuiti. Pertanto, chiediamo che, nel caso la chiusura dovesse protrarsi oltre il 21 luglio, vengano predisposte soluzioni alternative per consentire ai partecipanti di raggiungere la manifestazione. Siamo consapevoli dell\u2019eccezionalit\u00e0 della situazione e apprezziamo la vostra collaborazione. Tuttavia, fino ad ora, solo la provincia di Treviso ha risposto alla nostra comunicazione, dichiarando che la SS 51 non \u00e8 di loro competenza. La Regione Veneto ha inoltrato la nostra richiesta all\u2019ANAS per una risposta.<\/p>\n<p>&nbsp;<\/p>\n<hr \/>\n<p>&nbsp;<\/p>\n<blockquote>\n<h3>IL TEMPORALE DAL RIFUGIO CARESTIATO DI DIEGO FAVERO<\/h3>\n<\/blockquote>\n<p>**<\/p>\n<p><img loading=\"lazy\" decoding=\"async\" class=\"alignleft\" src=\"https:\/\/www.radiopiu.net\/wordpress\/wp-content\/uploads\/2024\/07\/Senza-nome-80.png\" width=\"167\" height=\"94\" \/><\/p>\n<p><strong>AGORDO<\/strong> Diego Favero \u00e8 il gestore del Rifugio Carestiato oltre che preparato alpinista. Lo scorso venerdi ha reso partecipi li internauti di facebook del fascino di un temporale sotto alla Moiazza che si riempi di cascate (video 1) ma anche dell&#8217;attraversamento della Val de le Vie.<\/p>\n<p>&nbsp;<\/p>\n<p><span style=\"color: #ff0000;\"><strong>VIDEO 1<\/strong><\/span><\/p>\n<div style=\"width: 848px;\" class=\"wp-video\"><video class=\"wp-video-shortcode\" id=\"video-400355-1\" width=\"848\" height=\"480\" preload=\"metadata\" controls=\"controls\"><source type=\"video\/mp4\" src=\"https:\/\/www.radiopiu.net\/wordpress\/wp-content\/uploads\/2024\/07\/WhatsApp-Video-2024-07-19-at-16.17.41.mp4?_=1\" \/><a href=\"https:\/\/www.radiopiu.net\/wordpress\/wp-content\/uploads\/2024\/07\/WhatsApp-Video-2024-07-19-at-16.17.41.mp4\">https:\/\/www.radiopiu.net\/wordpress\/wp-content\/uploads\/2024\/07\/WhatsApp-Video-2024-07-19-at-16.17.41.mp4<\/a><\/video><\/div>\n<p><span style=\"color: #ff0000;\"><strong>VIDEO 2\u00a0<\/strong><\/span><\/p>\n<div style=\"width: 848px;\" class=\"wp-video\"><video class=\"wp-video-shortcode\" id=\"video-400355-2\" width=\"848\" height=\"480\" preload=\"metadata\" controls=\"controls\"><source type=\"video\/mp4\" src=\"https:\/\/www.radiopiu.net\/wordpress\/wp-content\/uploads\/2024\/07\/WhatsApp-Video-2024-07-19-at-16.23.43.mp4?_=2\" \/><a href=\"https:\/\/www.radiopiu.net\/wordpress\/wp-content\/uploads\/2024\/07\/WhatsApp-Video-2024-07-19-at-16.23.43.mp4\">https:\/\/www.radiopiu.net\/wordpress\/wp-content\/uploads\/2024\/07\/WhatsApp-Video-2024-07-19-at-16.23.43.mp4<\/a><\/video><\/div>\n<p>&nbsp;<\/p>\n<p>&nbsp;<\/p>\n<hr \/>\n<p>&nbsp;<\/p>\n<blockquote>\n<h3>Adesioni in Crescita per la &#8220;Farmacie dei Servizi&#8221; in Ulss Dolomiti<\/h3>\n<\/blockquote>\n<p><strong><a class=\"dt-pswp-item\" href=\"https:\/\/www.radiopiu.net\/wordpress\/wp-content\/uploads\/2024\/07\/WhatsApp-Image-2024-07-19-at-15.32.50.jpeg\" data-dt-img-description=\"\" data-large_image_width=\"1789\" data-large_image_height=\"1413\"><img loading=\"lazy\" decoding=\"async\" class=\" wp-image-400429 alignleft\" src=\"https:\/\/www.radiopiu.net\/wordpress\/wp-content\/uploads\/2024\/07\/WhatsApp-Image-2024-07-19-at-15.32.50-300x237.jpeg\" alt=\"\" width=\"256\" height=\"202\" srcset=\"https:\/\/www.radiopiu.net\/wordpress\/wp-content\/uploads\/2024\/07\/WhatsApp-Image-2024-07-19-at-15.32.50-300x237.jpeg 300w, https:\/\/www.radiopiu.net\/wordpress\/wp-content\/uploads\/2024\/07\/WhatsApp-Image-2024-07-19-at-15.32.50-1024x809.jpeg 1024w, https:\/\/www.radiopiu.net\/wordpress\/wp-content\/uploads\/2024\/07\/WhatsApp-Image-2024-07-19-at-15.32.50-768x607.jpeg 768w, https:\/\/www.radiopiu.net\/wordpress\/wp-content\/uploads\/2024\/07\/WhatsApp-Image-2024-07-19-at-15.32.50-1536x1213.jpeg 1536w, https:\/\/www.radiopiu.net\/wordpress\/wp-content\/uploads\/2024\/07\/WhatsApp-Image-2024-07-19-at-15.32.50.jpeg 1789w\" sizes=\"auto, (max-width: 256px) 100vw, 256px\" \/><\/a>BELLUNO<\/strong> Il commissario Dal Ben, il direttore dell&#8217;Assistenza Farmaceutica Federica Schievenin e i presidenti di Federfarma e dell&#8217;Ordine dei Farmacisti hanno presentato i progressi delle adesioni alla progettualit\u00e0 &#8220;Farmacie dei Servizi&#8221; nella provincia di Belluno. Il progetto, promosso dalla Regione Veneto, offre ai cittadini servizi gratuiti come screening per ipertensione e ipercolesterolemia, monitoraggi della terapia per diabete tipo 2 e BPCO, elettrocardiogramma, Holter cardiaco e pressorio. Sono in fase di organizzazione anche televisite generali e specialistiche. L&#8217;iniziativa dimostra una forte sinergia tra le farmacie e le istituzioni locali. In corso di organizzazione la possibilit\u00e0 di effettuare televisite generali o specialistiche.<\/p>\n<blockquote><p><em> &#8220;La capillarit\u00e0 nel territorio e il rapporto di fiducia col cittadino fanno si che le Farmacie siano spesso la porta d&#8217;accesso al servizio sanitario regionale&#8221; ha commentato il Commissario Dal Ben &#8220;continueremo a potenziare la sinergia, sviluppando il sistema delle televisite&#8221; Entusiasti il presidente di Federfarma Roberto Grubissa e il presidente dell&#8217;Ordine dei Farmacisti Alessandro Somacal.<\/em><\/p><\/blockquote>\n<p>&nbsp;<\/p>\n<hr \/>\n<p>&nbsp;<\/p>\n<div><strong>CANALE D&#8217;AGORDO<\/strong> Nell&#8217;ambito degli eventi promossi dall&#8217;Ecomuseo Valle del Biois, conferenza del Professor Marcello TomasellIM si svolger\u00e0 al Nof Fil\u00f2 di Cencenighe <b><i>venerd\u00ec 26 luglio<\/i><\/b> . alle<b>\u00a0 20.30<\/b>.<\/div>\n<p>&nbsp;<\/p>\n<p><a class=\"dt-pswp-item\" href=\"https:\/\/www.radiopiu.net\/wordpress\/wp-content\/uploads\/2024\/07\/Manifesto-ecologia-delle-piante.png\" data-dt-img-description=\"\" data-large_image_width=\"1414\" data-large_image_height=\"2000\"><img loading=\"lazy\" decoding=\"async\" class=\"size-medium wp-image-400146 aligncenter\" src=\"https:\/\/www.radiopiu.net\/wordpress\/wp-content\/uploads\/2024\/07\/Manifesto-ecologia-delle-piante-212x300.png\" alt=\"\" width=\"212\" height=\"300\" srcset=\"https:\/\/www.radiopiu.net\/wordpress\/wp-content\/uploads\/2024\/07\/Manifesto-ecologia-delle-piante-212x300.png 212w, https:\/\/www.radiopiu.net\/wordpress\/wp-content\/uploads\/2024\/07\/Manifesto-ecologia-delle-piante-724x1024.png 724w, https:\/\/www.radiopiu.net\/wordpress\/wp-content\/uploads\/2024\/07\/Manifesto-ecologia-delle-piante-768x1086.png 768w, https:\/\/www.radiopiu.net\/wordpress\/wp-content\/uploads\/2024\/07\/Manifesto-ecologia-delle-piante-1086x1536.png 1086w, https:\/\/www.radiopiu.net\/wordpress\/wp-content\/uploads\/2024\/07\/Manifesto-ecologia-delle-piante.png 1414w\" sizes=\"auto, (max-width: 212px) 100vw, 212px\" \/><\/a><\/p>\n<hr \/>\n<p>&nbsp;<\/p>\n<blockquote>\n<h3>SOSPIROLO TRA LEGGENDE E MISTERI<\/h3>\n<\/blockquote>\n<p><strong><a class=\"dt-pswp-item\" href=\"https:\/\/www.radiopiu.net\/wordpress\/wp-content\/uploads\/2024\/07\/premiati-23-scaled.jpeg\" data-dt-img-description=\"\" data-large_image_width=\"2560\" data-large_image_height=\"1707\"><img loading=\"lazy\" decoding=\"async\" class=\" wp-image-398974 alignleft\" src=\"https:\/\/www.radiopiu.net\/wordpress\/wp-content\/uploads\/2024\/07\/premiati-23-300x200.jpeg\" alt=\"\" width=\"158\" height=\"105\" srcset=\"https:\/\/www.radiopiu.net\/wordpress\/wp-content\/uploads\/2024\/07\/premiati-23-300x200.jpeg 300w, https:\/\/www.radiopiu.net\/wordpress\/wp-content\/uploads\/2024\/07\/premiati-23-1024x683.jpeg 1024w, https:\/\/www.radiopiu.net\/wordpress\/wp-content\/uploads\/2024\/07\/premiati-23-768x512.jpeg 768w, https:\/\/www.radiopiu.net\/wordpress\/wp-content\/uploads\/2024\/07\/premiati-23-1536x1024.jpeg 1536w, https:\/\/www.radiopiu.net\/wordpress\/wp-content\/uploads\/2024\/07\/premiati-23-2048x1365.jpeg 2048w\" sizes=\"auto, (max-width: 158px) 100vw, 158px\" \/><\/a>SOSPIROLO<\/strong> La Pro loco &#8220;Monti del Sole&#8221; e il Comune di Sospirolo indicono la 15esima edizione del concorso letterario \u201cSospirolo tra leggende e misteri\u201d, dedicato allo zodiaco e alla figura di Girolamo Segato. Il concorso, aperto ai nati e\/o residenti nel Triveneto, invita a scrivere racconti brevi inediti sul tema dello zodiaco, comprendendo aspetti astronomici, mitici e antropologici. Due le sezioni: A) per singoli di 6-14 anni o lavori scolastici di gruppo, e B) per partecipanti dai 15 anni. Premi in denaro fino a 500 euro e attestati di partecipazione. I vincitori saranno pubblicati su &#8220;il Veses&#8221;. Scadenza: 19 ottobre. Info su <a href=\"http:\/\/www.sospirolo.net\" target=\"_new\" rel=\"noreferrer noopener\">www.sospirolo.net<\/a>.<\/p>\n<p>&nbsp;<\/p>\n<hr \/>\n<p>&nbsp;<\/p>\n<blockquote>\n<h3>SOSPIROLO DI SOSTENIBILITA&#8217;<\/h3>\n<\/blockquote>\n<p><strong><a class=\"dt-pswp-item\" href=\"https:\/\/www.radiopiu.net\/wordpress\/wp-content\/uploads\/2024\/07\/SCR-20240713-mmjm.png\" data-dt-img-description=\"\" data-large_image_width=\"1372\" data-large_image_height=\"720\"><img loading=\"lazy\" decoding=\"async\" class=\" wp-image-399394 alignleft\" src=\"https:\/\/www.radiopiu.net\/wordpress\/wp-content\/uploads\/2024\/07\/SCR-20240713-mmjm-300x157.png\" alt=\"\" width=\"170\" height=\"89\" srcset=\"https:\/\/www.radiopiu.net\/wordpress\/wp-content\/uploads\/2024\/07\/SCR-20240713-mmjm-300x157.png 300w, https:\/\/www.radiopiu.net\/wordpress\/wp-content\/uploads\/2024\/07\/SCR-20240713-mmjm-1024x537.png 1024w, https:\/\/www.radiopiu.net\/wordpress\/wp-content\/uploads\/2024\/07\/SCR-20240713-mmjm-768x403.png 768w, https:\/\/www.radiopiu.net\/wordpress\/wp-content\/uploads\/2024\/07\/SCR-20240713-mmjm.png 1372w\" sizes=\"auto, (max-width: 170px) 100vw, 170px\" \/><\/a>SOSPIROLO<\/strong> La Biblioteca del Comune di Sospirolo e i volontari del programma ESC &#8220;Together against food waste&#8221; organizzano una mini-rassegna cineforum per sensibilizzare sui temi del cambiamento climatico e degli sprechi alimentari. Rivolta a bambini e ragazzi dagli 8 anni, l&#8217;iniziativa include la proiezione gratuita di film come &#8220;Koda, fratello orso&#8221;, &#8220;Wall-e&#8221; e &#8220;2024: un pianeta da salvare&#8221;. Gli eventi, che si terranno dal 18 al 20 luglio, prevedono laboratori manuali, attivit\u00e0 di ricerca nel bosco e costruzione di aquiloni. Partecipano animatori internazionali che favoriranno conversazioni in inglese. Le attivit\u00e0 culminano con un brunch comunitario sabato mattina.<\/p>\n<p>&nbsp;<\/p>\n<p>&nbsp;<\/p>\n<hr \/>\n<p>&nbsp;<\/p>\n<blockquote>\n<h3>TORNA LA SGUBIADA A CANALE D&#8217;AGORDO<\/h3>\n<\/blockquote>\n<p><strong><a class=\"dt-pswp-item\" href=\"https:\/\/www.radiopiu.net\/wordpress\/wp-content\/uploads\/2024\/07\/SGUBIADA.jpg\" data-dt-img-description=\"\" data-large_image_width=\"807\" data-large_image_height=\"610\"><img loading=\"lazy\" decoding=\"async\" class=\" wp-image-398854 alignleft\" src=\"https:\/\/www.radiopiu.net\/wordpress\/wp-content\/uploads\/2024\/07\/SGUBIADA-300x227.jpg\" alt=\"\" width=\"177\" height=\"134\" srcset=\"https:\/\/www.radiopiu.net\/wordpress\/wp-content\/uploads\/2024\/07\/SGUBIADA-300x227.jpg 300w, https:\/\/www.radiopiu.net\/wordpress\/wp-content\/uploads\/2024\/07\/SGUBIADA-768x581.jpg 768w, https:\/\/www.radiopiu.net\/wordpress\/wp-content\/uploads\/2024\/07\/SGUBIADA.jpg 807w\" sizes=\"auto, (max-width: 177px) 100vw, 177px\" \/><\/a>CANALE<\/strong> <strong>D&#8217;AGORDO<\/strong> Fino a domani si svolger\u00e0 a Canale d&#8217;Agordo la terza edizione de &#8220;La Sgubiada&#8221;, rassegna di scultura di maschere su legno. Oggi, gli scultori lavoreranno sia al mattino che al pomeriggio, con una conferenza alle 16:00 presso la sala Zand\u00f2 del MUSAL sul tema &#8220;Nei carnevali alpini cosa ci accomuna?&#8221;, seguita da balli in piazza con il Gruppo Folk Val Biois alle 21:00. Domani, gli scultori saranno in piazza dalle 8:30 alle 12:00 e dalle 15:00 alle 17:00, seguiti dalla consegna di premi e saluti di chiusura nella sala consiliare del municipio, dove si terr\u00e0 anche una mostra a tema. La rassegna, promossa dal Comitato La Zinghenesta, ha l&#8217;obiettivo di rivitalizzare la tradizione della scultura di maschere in legno e di animare il centro storico di Canale d&#8217;Agordo, rendendo la zona pedonale per permettere ai visitatori di apprezzare l&#8217;ambiente senza il passaggio delle auto.<\/p>\n<p><span style=\"color: #0000ff;\"><strong>L&#8217;INTERVISTA A SIMONE ONGARO\u00a0<\/strong><\/span><\/p>\n<audio class=\"wp-audio-shortcode\" id=\"audio-400355-11\" preload=\"none\" style=\"width: 100%;\" controls=\"controls\"><source type=\"audio\/mpeg\" src=\"https:\/\/www.radiopiu.net\/wordpress\/wp-content\/uploads\/2024\/07\/SIMONE-ONGARO-PARTENZA-19-LUGLIO.mp3?_=11\" \/><a href=\"https:\/\/www.radiopiu.net\/wordpress\/wp-content\/uploads\/2024\/07\/SIMONE-ONGARO-PARTENZA-19-LUGLIO.mp3\">https:\/\/www.radiopiu.net\/wordpress\/wp-content\/uploads\/2024\/07\/SIMONE-ONGARO-PARTENZA-19-LUGLIO.mp3<\/a><\/audio>\n<p>&nbsp;<\/p>\n<hr \/>\n<p>&nbsp;<\/p>\n<p>&nbsp;<\/p>\n<blockquote>\n<h2>GLI APPUNTAMENTI ESTIVI CON LE MUSE E LE DOLOMITI<\/h2>\n<\/blockquote>\n<p><strong><a class=\"dt-pswp-item\" href=\"https:\/\/www.radiopiu.net\/wordpress\/wp-content\/uploads\/2024\/07\/2751854e-4fdb-4ffd-bcee-548d2c848e88.jpg\" data-dt-img-description=\"\" data-large_image_width=\"1600\" data-large_image_height=\"1200\"><img loading=\"lazy\" decoding=\"async\" class=\" wp-image-399207 alignleft\" src=\"https:\/\/www.radiopiu.net\/wordpress\/wp-content\/uploads\/2024\/07\/2751854e-4fdb-4ffd-bcee-548d2c848e88-300x225.jpg\" alt=\"\" width=\"163\" height=\"122\" srcset=\"https:\/\/www.radiopiu.net\/wordpress\/wp-content\/uploads\/2024\/07\/2751854e-4fdb-4ffd-bcee-548d2c848e88-300x225.jpg 300w, https:\/\/www.radiopiu.net\/wordpress\/wp-content\/uploads\/2024\/07\/2751854e-4fdb-4ffd-bcee-548d2c848e88-1024x768.jpg 1024w, https:\/\/www.radiopiu.net\/wordpress\/wp-content\/uploads\/2024\/07\/2751854e-4fdb-4ffd-bcee-548d2c848e88-768x576.jpg 768w, https:\/\/www.radiopiu.net\/wordpress\/wp-content\/uploads\/2024\/07\/2751854e-4fdb-4ffd-bcee-548d2c848e88-1536x1152.jpg 1536w, https:\/\/www.radiopiu.net\/wordpress\/wp-content\/uploads\/2024\/07\/2751854e-4fdb-4ffd-bcee-548d2c848e88.jpg 1600w\" sizes=\"auto, (max-width: 163px) 100vw, 163px\" \/><\/a>DI MIRKO MEZZACASA<\/strong><\/p>\n<p>OSPITI: Oda Zoe Hochscheid ed Adelisa Tabiadon<\/p>\n<audio class=\"wp-audio-shortcode\" id=\"audio-400355-12\" preload=\"none\" style=\"width: 100%;\" controls=\"controls\"><source type=\"audio\/mpeg\" src=\"https:\/\/www.radiopiu.net\/wordpress\/wp-content\/uploads\/2024\/07\/ODA-E-ADELISA-REGISTRAZIONE-UNO-LUGLIO-2024.mp3?_=12\" \/><a href=\"https:\/\/www.radiopiu.net\/wordpress\/wp-content\/uploads\/2024\/07\/ODA-E-ADELISA-REGISTRAZIONE-UNO-LUGLIO-2024.mp3\">https:\/\/www.radiopiu.net\/wordpress\/wp-content\/uploads\/2024\/07\/ODA-E-ADELISA-REGISTRAZIONE-UNO-LUGLIO-2024.mp3<\/a><\/audio>\n<p>&nbsp;<\/p>\n<hr \/>\n<p>&nbsp;<\/p>\n<p>&nbsp;<\/p>\n<p><a class=\"dt-pswp-item\" href=\"https:\/\/www.radiopiu.net\/wordpress\/wp-content\/uploads\/2024\/07\/13a1296f-eafa-4267-980a-67a7b91fde5c.jpg\" data-dt-img-description=\"\" data-large_image_width=\"1284\" data-large_image_height=\"1032\"><img loading=\"lazy\" decoding=\"async\" class=\"size-medium wp-image-400190 aligncenter\" src=\"https:\/\/www.radiopiu.net\/wordpress\/wp-content\/uploads\/2024\/07\/13a1296f-eafa-4267-980a-67a7b91fde5c-300x241.jpg\" alt=\"\" width=\"300\" height=\"241\" srcset=\"https:\/\/www.radiopiu.net\/wordpress\/wp-content\/uploads\/2024\/07\/13a1296f-eafa-4267-980a-67a7b91fde5c-300x241.jpg 300w, https:\/\/www.radiopiu.net\/wordpress\/wp-content\/uploads\/2024\/07\/13a1296f-eafa-4267-980a-67a7b91fde5c-1024x823.jpg 1024w, https:\/\/www.radiopiu.net\/wordpress\/wp-content\/uploads\/2024\/07\/13a1296f-eafa-4267-980a-67a7b91fde5c-768x617.jpg 768w, https:\/\/www.radiopiu.net\/wordpress\/wp-content\/uploads\/2024\/07\/13a1296f-eafa-4267-980a-67a7b91fde5c.jpg 1284w\" sizes=\"auto, (max-width: 300px) 100vw, 300px\" \/><\/a><\/p>\n<hr \/>\n<p>&nbsp;<\/p>\n<p>&nbsp;<\/p>\n<blockquote>\n<h3><a class=\"dt-pswp-item\" href=\"https:\/\/www.radiopiu.net\/wordpress\/wp-content\/uploads\/2024\/07\/1721395197915.jpg\" data-dt-img-description=\"\" data-large_image_width=\"1920\" data-large_image_height=\"1080\"><img loading=\"lazy\" decoding=\"async\" class=\" wp-image-400419 alignleft\" src=\"https:\/\/www.radiopiu.net\/wordpress\/wp-content\/uploads\/2024\/07\/1721395197915-300x169.jpg\" alt=\"\" width=\"259\" height=\"146\" srcset=\"https:\/\/www.radiopiu.net\/wordpress\/wp-content\/uploads\/2024\/07\/1721395197915-300x169.jpg 300w, https:\/\/www.radiopiu.net\/wordpress\/wp-content\/uploads\/2024\/07\/1721395197915-1024x576.jpg 1024w, https:\/\/www.radiopiu.net\/wordpress\/wp-content\/uploads\/2024\/07\/1721395197915-768x432.jpg 768w, https:\/\/www.radiopiu.net\/wordpress\/wp-content\/uploads\/2024\/07\/1721395197915-1536x864.jpg 1536w, https:\/\/www.radiopiu.net\/wordpress\/wp-content\/uploads\/2024\/07\/1721395197915.jpg 1920w\" sizes=\"auto, (max-width: 259px) 100vw, 259px\" \/><\/a>DOMENICA A LIMANA LA PASTASCIUTTA ANTIFASCISTA<\/h3>\n<\/blockquote>\n<p><strong>FELTRE<\/strong> La Giunta comunale di Feltre, insieme al presidente del Consiglio Ennio Trento, ha incontrato il team dello IUAV di Venezia per il progetto di urbanistica tattica &#8220;Le archistar siamo noi&#8221;. Parte del pi\u00f9 ampio programma &#8220;Tutta un&#8217;altra storia&#8221;, l&#8217;iniziativa coinvolge i giovani nella riqualificazione urbana attraverso visite, sopralluoghi e laboratori. L&#8217;assessore Flavia Colle sottolinea l&#8217;importanza di rendere i ragazzi protagonisti attivi del loro contesto urbano.<\/p>\n<p>&nbsp;<\/p>\n<hr \/>\n<p>&nbsp;<\/p>\n<blockquote>\n<h3>A TEATRO CON LA NAVETTA, PRENOTAZIONI APERTE<\/h3>\n<\/blockquote>\n<p><strong><a class=\"dt-pswp-item\" href=\"https:\/\/www.radiopiu.net\/wordpress\/wp-content\/uploads\/2022\/07\/LE-MUSE.png\" data-dt-img-description=\"\" data-large_image_width=\"750\" data-large_image_height=\"750\"><img loading=\"lazy\" decoding=\"async\" class=\" wp-image-288787 alignleft\" src=\"https:\/\/www.radiopiu.net\/wordpress\/wp-content\/uploads\/2022\/07\/LE-MUSE-300x300.png\" alt=\"\" width=\"165\" height=\"165\" srcset=\"https:\/\/www.radiopiu.net\/wordpress\/wp-content\/uploads\/2022\/07\/LE-MUSE-300x300.png 300w, https:\/\/www.radiopiu.net\/wordpress\/wp-content\/uploads\/2022\/07\/LE-MUSE-150x150.png 150w, https:\/\/www.radiopiu.net\/wordpress\/wp-content\/uploads\/2022\/07\/LE-MUSE.png 750w\" sizes=\"auto, (max-width: 165px) 100vw, 165px\" \/><\/a>REDAZIONE <\/strong>L&#8217;Associazione &#8220;Le Muse e le Dolomiti&#8221;, in collaborazione con i Comuni di Moena e Falcade, Moena Eventi e PromoFalcade, propone il servizio Navetta Teatro! Il 25 luglio, il pubblico potr\u00e0 salire sulla navetta in Piazza Municipio a Falcade alle 19:45 per raggiungere il Teatro Navalge di Moena e assistere all&#8217;opera lirica &#8220;Gianni Schicchi&#8221; di Giacomo Puccini. Il ritorno a Falcade \u00e8 previsto dopo lo spettacolo. Il costo della navetta \u00e8 di \u20ac5, mentre l&#8217;ingresso allo spettacolo \u00e8 gratuito. Prenotazioni tramite WhatsApp al 340 2305439 entro le ore 12 del 25 luglio. Inoltre, il 2 agosto si ripeter\u00e0 il servizio navetta per lo spettacolo &#8220;Allegria!&#8221;, uno spettacolo latino-americano con il Trio Galantes e gli studenti della Scuola Interregionale di Canto e Teatro, diretto da Giacomo Gamba. La navetta partir\u00e0 sempre da Piazza Municipio a Falcade alle 19:45. Anche in questo caso, il costo della navetta \u00e8 di \u20ac5 e l&#8217;ingresso allo spettacolo \u00e8 gratuito. Prenotazioni entro le ore 12 del 2 agosto tramite WhatsApp al 340 2305439. Per ulteriori informazioni, visitare <a href=\"http:\/\/www.musedolomiti.it\" target=\"_new\" rel=\"noreferrer noopener\">www.musedolomiti.it<\/a>.<\/p>\n<p>&nbsp;<\/p>\n<hr \/>\n<p>&nbsp;<\/p>\n<div class=\"flex-shrink-0 flex flex-col relative items-end\">\n<div>\n<div class=\"pt-0\">\n<div class=\"gizmo-bot-avatar flex h-8 w-8 items-center justify-center overflow-hidden rounded-full\">\n<div class=\"relative p-1 rounded-sm flex items-center justify-center bg-token-main-surface-primary text-token-text-primary h-8 w-8\"><\/div>\n<\/div>\n<\/div>\n<\/div>\n<\/div>\n<div class=\"group\/conversation-turn relative flex w-full min-w-0 flex-col agent-turn\">\n<div class=\"flex-col gap-1 md:gap-3\">\n<div class=\"flex flex-grow flex-col max-w-full\">\n<div class=\"min-h-[20px] text-message flex w-full flex-col items-end gap-2 whitespace-pre-wrap break-words [.text-message+&amp;]:mt-5 overflow-x-auto\" dir=\"auto\" data-message-author-role=\"assistant\" data-message-id=\"fd5192d1-6ba5-48af-b4f1-4a84e51910b6\">\n<div class=\"flex w-full flex-col gap-1 empty:hidden first:pt-[3px]\">\n<div class=\"markdown prose w-full break-words dark:prose-invert dark\">\n<h3><a class=\"dt-pswp-item\" href=\"https:\/\/www.radiopiu.net\/wordpress\/wp-content\/uploads\/2024\/07\/Senza-nome-74.png\" data-dt-img-description=\"\" data-large_image_width=\"223\" data-large_image_height=\"104\"><img loading=\"lazy\" decoding=\"async\" class=\"size-full wp-image-400292 alignleft\" src=\"https:\/\/www.radiopiu.net\/wordpress\/wp-content\/uploads\/2024\/07\/Senza-nome-74.png\" alt=\"\" width=\"223\" height=\"104\" \/><\/a>Ritorna il Chamber Music Dolomiti a San Gregorio Nelle Alpi<\/h3>\n<p>Dal 19 al 30 luglio, la Fondazione Lucia De Conz ospita il Chamber Music Dolomiti, diretto da Yen Yu. Studenti di violino, viola, violoncello e pianoforte provenienti da tutto il mondo si esibiranno con musicisti professionisti. Due concerti gratuiti: il 26 luglio (insegnanti) e il 28 luglio (studenti). Per informazioni: 0437 1948065, <a rel=\"noreferrer\">info@fondazionelucia.com<\/a>.<\/p>\n<\/div>\n<\/div>\n<\/div>\n<\/div>\n<\/div>\n<\/div>\n<p>&nbsp;<\/p>\n<p>&nbsp;<\/p>\n<hr \/>\n<p>&nbsp;<\/p>\n<p><a class=\"dt-pswp-item\" href=\"https:\/\/www.radiopiu.net\/wordpress\/wp-content\/uploads\/2024\/07\/Vanni-Curridor-e-Flora-Bruno-su-Bugatti-51-Grand-Prix-scaled.jpg\" data-dt-img-description=\"\" data-large_image_width=\"1707\" data-large_image_height=\"2560\"><img loading=\"lazy\" decoding=\"async\" class=\"size-medium wp-image-400117 alignleft\" src=\"https:\/\/www.radiopiu.net\/wordpress\/wp-content\/uploads\/2024\/07\/Vanni-Curridor-e-Flora-Bruno-su-Bugatti-51-Grand-Prix-200x300.jpg\" alt=\"\" width=\"200\" height=\"300\" srcset=\"https:\/\/www.radiopiu.net\/wordpress\/wp-content\/uploads\/2024\/07\/Vanni-Curridor-e-Flora-Bruno-su-Bugatti-51-Grand-Prix-200x300.jpg 200w, https:\/\/www.radiopiu.net\/wordpress\/wp-content\/uploads\/2024\/07\/Vanni-Curridor-e-Flora-Bruno-su-Bugatti-51-Grand-Prix-683x1024.jpg 683w, https:\/\/www.radiopiu.net\/wordpress\/wp-content\/uploads\/2024\/07\/Vanni-Curridor-e-Flora-Bruno-su-Bugatti-51-Grand-Prix-768x1152.jpg 768w, https:\/\/www.radiopiu.net\/wordpress\/wp-content\/uploads\/2024\/07\/Vanni-Curridor-e-Flora-Bruno-su-Bugatti-51-Grand-Prix-1024x1536.jpg 1024w, https:\/\/www.radiopiu.net\/wordpress\/wp-content\/uploads\/2024\/07\/Vanni-Curridor-e-Flora-Bruno-su-Bugatti-51-Grand-Prix-1365x2048.jpg 1365w, https:\/\/www.radiopiu.net\/wordpress\/wp-content\/uploads\/2024\/07\/Vanni-Curridor-e-Flora-Bruno-su-Bugatti-51-Grand-Prix-scaled.jpg 1707w\" sizes=\"auto, (max-width: 200px) 100vw, 200px\" \/><\/a><\/p>\n<blockquote>\n<h3><\/h3>\n<h3>Coppa D&#8217;Oro delle Dolomiti: una parata di auto storiche tra i paesaggi UNESCO<\/h3>\n<\/blockquote>\n<p>Dal 18 al 21 luglio 2024, la Coppa D\u2019Oro delle Dolomiti, terzo appuntamento del Campionato Italiano Grandi Eventi, vedr\u00e0 sfilare a Cortina d\u2019Ampezzo un museo itinerante di auto storiche provenienti da tutto il mondo. Organizzata da Automobile Club Belluno e Automobile Club d\u2019Italia, la gara vedr\u00e0 la partecipazione di 94 equipaggi da 10 paesi. Tra le auto in gara, modelli iconici come la Bentley 3 Litre e la Lancia Lambda Spider. La competizione includer\u00e0 anche un concorso di eleganza e la partecipazione di supercar. La manifestazione, che unisce sport e promozione del territorio, rappresenta un\u2019importante vetrina per le Dolomiti, patrimonio mondiale dell\u2019UNESCO.<\/p>\n<p>&nbsp;<\/p>\n<p>&nbsp;<\/p>\n<p>&nbsp;<\/p>\n<hr \/>\n<p>&nbsp;<\/p>\n<blockquote>\n<h3>IL 27 E 28 LUGLIO NATURAL-MENTE AL BOCCIODROMO DI AGORDO<\/h3>\n<\/blockquote>\n<p><strong><a class=\"dt-pswp-item\" href=\"https:\/\/www.radiopiu.net\/wordpress\/wp-content\/uploads\/2024\/07\/09e0d680-5d0b-4b4e-bff3-48d28921fc2c.jpg\" data-dt-img-description=\"\" data-large_image_width=\"1124\" data-large_image_height=\"1600\"><img loading=\"lazy\" decoding=\"async\" class=\" wp-image-400259 alignleft\" src=\"https:\/\/www.radiopiu.net\/wordpress\/wp-content\/uploads\/2024\/07\/09e0d680-5d0b-4b4e-bff3-48d28921fc2c-211x300.jpg\" alt=\"\" width=\"87\" height=\"124\" srcset=\"https:\/\/www.radiopiu.net\/wordpress\/wp-content\/uploads\/2024\/07\/09e0d680-5d0b-4b4e-bff3-48d28921fc2c-211x300.jpg 211w, https:\/\/www.radiopiu.net\/wordpress\/wp-content\/uploads\/2024\/07\/09e0d680-5d0b-4b4e-bff3-48d28921fc2c-719x1024.jpg 719w, https:\/\/www.radiopiu.net\/wordpress\/wp-content\/uploads\/2024\/07\/09e0d680-5d0b-4b4e-bff3-48d28921fc2c-768x1093.jpg 768w, https:\/\/www.radiopiu.net\/wordpress\/wp-content\/uploads\/2024\/07\/09e0d680-5d0b-4b4e-bff3-48d28921fc2c-1079x1536.jpg 1079w, https:\/\/www.radiopiu.net\/wordpress\/wp-content\/uploads\/2024\/07\/09e0d680-5d0b-4b4e-bff3-48d28921fc2c.jpg 1124w\" sizes=\"auto, (max-width: 87px) 100vw, 87px\" \/><\/a>AGORDO<\/strong> Il 27 e 28 luglio ad Agordo si terr\u00e0 il festival Natural-Mente, dedicato al benessere olistico e alla crescita personale. Organizzato da Spazio Olos APS e il Bocciodromo, l&#8217;evento arricchisce l&#8217;estate agordina con due giornate di esplorazione delle discipline olistiche. Presso il Bocciodromo saranno presenti espositori e operatori da varie regioni, offrendo esperienze pratiche di yoga, bagni di gong, tai-chi, chi-kung, ecstatic dance e altro. L&#8217;ingresso \u00e8 libero e domenica alle 15 si terr\u00e0 una conferenza gratuita sull&#8217;uso dei tarocchi come strumento di indagine interiore.<\/p>\n<p>&nbsp;<\/p>\n<p>&nbsp;<\/p>\n<hr \/>\n<p>&nbsp;<\/p>\n<blockquote>\n<h3>DIAMO VALORE AL LEGNO IN SALA DON TAMIS<\/h3>\n<\/blockquote>\n<p><strong><a class=\"dt-pswp-item\" href=\"https:\/\/www.radiopiu.net\/wordpress\/wp-content\/uploads\/2024\/07\/DIAMO-VALORE-AL-LEGNO-1.png\" data-dt-img-description=\"\" data-large_image_width=\"673\" data-large_image_height=\"942\"><img loading=\"lazy\" decoding=\"async\" class=\" wp-image-400250 alignleft\" src=\"https:\/\/www.radiopiu.net\/wordpress\/wp-content\/uploads\/2024\/07\/DIAMO-VALORE-AL-LEGNO-1-214x300.png\" alt=\"\" width=\"96\" height=\"135\" srcset=\"https:\/\/www.radiopiu.net\/wordpress\/wp-content\/uploads\/2024\/07\/DIAMO-VALORE-AL-LEGNO-1-214x300.png 214w, https:\/\/www.radiopiu.net\/wordpress\/wp-content\/uploads\/2024\/07\/DIAMO-VALORE-AL-LEGNO-1.png 673w\" sizes=\"auto, (max-width: 96px) 100vw, 96px\" \/><\/a>AGORDO<\/strong> Il 1\u00b0 agosto 2024, AIEL organizza una serata informativa ad Agordo, in collaborazione con vari enti, per discutere del ripristino dei boschi colpiti dal bostrico e del &#8220;Bando stufe 2024&#8221; della Regione Veneto. L&#8217;incontro, che si terr\u00e0 presso la sala Don Tamis dalle 18:00, affronter\u00e0 l&#8217;uso di tecnologie innovative per il recupero delle foreste danneggiate e il finanziamento regionale per la sostituzione di vecchi impianti termici a biomassa. Il &#8220;Bando stufe 2024&#8221; coprir\u00e0 dall&#8217;85 al 100% delle spese per nuovi impianti a legna, pellet e cippato. L&#8217;evento prevede interventi di esperti che presenteranno casi applicativi e informazioni per accedere agli incentivi. La partecipazione \u00e8 aperta a cittadini e amministratori locali per promuovere sicurezza ed efficienza energetica nelle abitazioni. Per ulteriori dettagli: <a rel=\"noreferrer\">segreteria.aiel@cia.it<\/a>.<\/p>\n<p>&nbsp;<\/p>\n<hr \/>\n<p>&nbsp;<\/p>\n<blockquote class=\"wp-embedded-content\" data-secret=\"ERU9hzQfDS\"><p><a href=\"https:\/\/www.radiopiu.net\/wordpress\/eventi-tra-pietre-e-cristalli-libri-e-concorso\/\">EVENTI TRA PIETRE E CRISTALLI, LIBRI E CONCORSO<\/a><\/p><\/blockquote>\n<p><iframe loading=\"lazy\" class=\"wp-embedded-content\" sandbox=\"allow-scripts\" security=\"restricted\" style=\"position: absolute; clip: rect(1px, 1px, 1px, 1px);\" title=\"&#8220;EVENTI TRA PIETRE E CRISTALLI, LIBRI E CONCORSO&#8221; &#8212; Radio Pi\u00f9\" src=\"https:\/\/www.radiopiu.net\/wordpress\/eventi-tra-pietre-e-cristalli-libri-e-concorso\/embed\/#?secret=KVAwEISvGe#?secret=ERU9hzQfDS\" data-secret=\"ERU9hzQfDS\" width=\"600\" height=\"338\" frameborder=\"0\" marginwidth=\"0\" marginheight=\"0\" scrolling=\"no\"><\/iframe><\/p>\n<p>&nbsp;<\/p>\n<p>&nbsp;<\/p>\n<hr \/>\n<p>&nbsp;<\/p>\n<blockquote>\n<h3>TRA LE CHINE DELLA SCHIARA<\/h3>\n<\/blockquote>\n<p><strong>BELLUNO<\/strong> Il Parco Nazionale Dolomiti Bellunesi, in collaborazione con i rifugi Bianchet, 7\u00b0 Alpini e Pian de Fontana, organizza tre giornate sui sentieri della Schiara. Luca Sovilla racconter\u00e0 i segreti della zona e Marco Dall\u2019Armi li disegner\u00e0 in china. Gli incontri nei rifugi sono gratuiti e aperti a tutti. Le escursioni guidate gratuite, accompagnate dalle Guide del Parco, richiedono prenotazione per un massimo di 25 persone, da effettuare due giorni prima. Il primo incontro \u00e8 sabato 27 luglio alle 15:00 al rifugio Bianchet, con escursione guidata alle 9:00. Gli altri appuntamenti sono il 31 agosto al rifugio 7\u00b0 Alpini e il 21 settembre al rifugio Pian de Fontana. La manifestazione \u00e8 patrocinata dal CAI di Belluno.<\/p>\n<p>&nbsp;<\/p>\n<hr \/>\n<p>&nbsp;<\/p>\n<blockquote>\n<h3>Alpago Air Show: Spettacolo Aereo al Lago di Santa Croce<\/h3>\n<\/blockquote>\n<p>Il Comitato Alpago 2 Ruote &amp; Solidariet\u00e0 organizza l&#8217;Alpago Air Show il 28 luglio al Lago di Santa Croce. L&#8217;evento, sostenuto dalla Camera di Commercio Treviso-Belluno e dal Fondo Comuni Confinanti, vedr\u00e0 l&#8217;esibizione di circa venti velivoli, tra mezzi di emergenza e acrobatici. La manifestazione, che commemora Dario De Felip, \u00e8 aperta al pubblico con ingresso gratuito alla spiaggia di Farra. L&#8217;evento si svolger\u00e0 dalle 15 alle 19, con divieto di balneazione e navigazione sul lago dalle 14 alle 20.<\/p>\n<p>&nbsp;<\/p>\n<p>&nbsp;<\/p>\n<p>&nbsp;<\/p>\n<hr \/>\n<p>&nbsp;<\/p>\n<h2><span style=\"color: #ff6600;\">ALLA RADIO<\/span><\/h2>\n<h2><span style=\"color: #008080;\">&#8220;DINTORN E FORA VIA&#8221;\u00a0 IL PROGRAMMA\u00a0 A CURA DEL MUSLA<\/span><\/h2>\n<p><strong><a class=\"dt-pswp-item\" href=\"https:\/\/www.radiopiu.net\/wordpress\/wp-content\/uploads\/2023\/10\/GIORNALE-QUOTIDIANO.jpg\" data-dt-img-description=\"\" data-large_image_width=\"1280\" data-large_image_height=\"853\"><img loading=\"lazy\" decoding=\"async\" class=\" wp-image-356264 alignleft\" src=\"https:\/\/www.radiopiu.net\/wordpress\/wp-content\/uploads\/2023\/10\/GIORNALE-QUOTIDIANO-300x200.jpg\" alt=\"\" width=\"153\" height=\"102\" srcset=\"https:\/\/www.radiopiu.net\/wordpress\/wp-content\/uploads\/2023\/10\/GIORNALE-QUOTIDIANO-300x200.jpg 300w, https:\/\/www.radiopiu.net\/wordpress\/wp-content\/uploads\/2023\/10\/GIORNALE-QUOTIDIANO-1024x682.jpg 1024w, https:\/\/www.radiopiu.net\/wordpress\/wp-content\/uploads\/2023\/10\/GIORNALE-QUOTIDIANO-768x512.jpg 768w, https:\/\/www.radiopiu.net\/wordpress\/wp-content\/uploads\/2023\/10\/GIORNALE-QUOTIDIANO.jpg 1280w\" sizes=\"auto, (max-width: 153px) 100vw, 153px\" \/><\/a>PUNTATA DEL 19 LUGLIO, ERIK MARCON<\/strong><\/p>\n<audio class=\"wp-audio-shortcode\" id=\"audio-400355-13\" preload=\"none\" style=\"width: 100%;\" controls=\"controls\"><source type=\"audio\/mpeg\" src=\"https:\/\/www.radiopiu.net\/wordpress\/wp-content\/uploads\/2024\/07\/MUSLA-5.mp3?_=13\" \/><a href=\"https:\/\/www.radiopiu.net\/wordpress\/wp-content\/uploads\/2024\/07\/MUSLA-5.mp3\">https:\/\/www.radiopiu.net\/wordpress\/wp-content\/uploads\/2024\/07\/MUSLA-5.mp3<\/a><\/audio>\n<p>&nbsp;<\/p>\n<h2>LA RACCOLTA COMPLETA <a href=\"https:\/\/www.radiopiu.net\/wordpress\/musla\/\"><span style=\"color: #3366ff;\">CLICCA QUI<\/span><\/a><\/h2>\n<p>&nbsp;<\/p>\n<hr \/>\n<p>&nbsp;<\/p>\n<h2><span style=\"color: #ffcc00;\">CASSA SOLIDARIETA&#8217; AZIENDALE LAVORATORI LUXOTTICA<\/span><\/h2>\n<p><strong><a class=\"dt-pswp-item\" href=\"https:\/\/www.radiopiu.net\/wordpress\/wp-content\/uploads\/2020\/06\/cassa-solidarieta-luxottica.jpg\" data-dt-img-description=\"\" data-large_image_width=\"1167\" data-large_image_height=\"574\"><img loading=\"lazy\" decoding=\"async\" class=\" wp-image-145244 alignleft\" src=\"https:\/\/www.radiopiu.net\/wordpress\/wp-content\/uploads\/2020\/06\/cassa-solidarieta-luxottica-300x148.jpg\" alt=\"\" width=\"184\" height=\"91\" srcset=\"https:\/\/www.radiopiu.net\/wordpress\/wp-content\/uploads\/2020\/06\/cassa-solidarieta-luxottica-300x148.jpg 300w, https:\/\/www.radiopiu.net\/wordpress\/wp-content\/uploads\/2020\/06\/cassa-solidarieta-luxottica-1024x504.jpg 1024w, https:\/\/www.radiopiu.net\/wordpress\/wp-content\/uploads\/2020\/06\/cassa-solidarieta-luxottica-768x378.jpg 768w, https:\/\/www.radiopiu.net\/wordpress\/wp-content\/uploads\/2020\/06\/cassa-solidarieta-luxottica.jpg 1167w\" sizes=\"auto, (max-width: 184px) 100vw, 184px\" \/><\/a>DI MIRKO MEZZACASA<\/strong><\/p>\n<p>OSPITI: Fabrizio Campedel e Paolo Chissal\u00e8<\/p>\n<audio class=\"wp-audio-shortcode\" id=\"audio-400355-14\" preload=\"none\" style=\"width: 100%;\" controls=\"controls\"><source type=\"audio\/mpeg\" src=\"https:\/\/www.radiopiu.net\/wordpress\/wp-content\/uploads\/2024\/07\/CASSA-SOLIDARIETA-LUGLIO-2024.mp3?_=14\" \/><a href=\"https:\/\/www.radiopiu.net\/wordpress\/wp-content\/uploads\/2024\/07\/CASSA-SOLIDARIETA-LUGLIO-2024.mp3\">https:\/\/www.radiopiu.net\/wordpress\/wp-content\/uploads\/2024\/07\/CASSA-SOLIDARIETA-LUGLIO-2024.mp3<\/a><\/audio>\n<p>&nbsp;<\/p>\n<p>&nbsp;<\/p>\n<hr \/>\n<p>&nbsp;<\/p>\n<h2><span style=\"color: #008000;\">OPERAZIONE NOSTALGIA, CON COSMO E I SUOI AMICI<\/span><\/h2>\n<p><strong><a class=\"dt-pswp-item\" href=\"https:\/\/www.radiopiu.net\/wordpress\/wp-content\/uploads\/2024\/07\/d65b29bc-af0c-40d4-bce6-4bd57d30b557.jpg\" data-dt-img-description=\"\" data-large_image_width=\"2048\" data-large_image_height=\"1152\"><img loading=\"lazy\" decoding=\"async\" class=\" wp-image-400369 alignleft\" src=\"https:\/\/www.radiopiu.net\/wordpress\/wp-content\/uploads\/2024\/07\/d65b29bc-af0c-40d4-bce6-4bd57d30b557-300x169.jpg\" alt=\"\" width=\"186\" height=\"105\" srcset=\"https:\/\/www.radiopiu.net\/wordpress\/wp-content\/uploads\/2024\/07\/d65b29bc-af0c-40d4-bce6-4bd57d30b557-300x169.jpg 300w, https:\/\/www.radiopiu.net\/wordpress\/wp-content\/uploads\/2024\/07\/d65b29bc-af0c-40d4-bce6-4bd57d30b557-1024x576.jpg 1024w, https:\/\/www.radiopiu.net\/wordpress\/wp-content\/uploads\/2024\/07\/d65b29bc-af0c-40d4-bce6-4bd57d30b557-768x432.jpg 768w, https:\/\/www.radiopiu.net\/wordpress\/wp-content\/uploads\/2024\/07\/d65b29bc-af0c-40d4-bce6-4bd57d30b557-1536x864.jpg 1536w, https:\/\/www.radiopiu.net\/wordpress\/wp-content\/uploads\/2024\/07\/d65b29bc-af0c-40d4-bce6-4bd57d30b557.jpg 2048w\" sizes=\"auto, (max-width: 186px) 100vw, 186px\" \/><\/a>DI MIRKO MEZZACASA<\/strong><\/p>\n<p>OSPITE: Cosmo Forcella<\/p>\n<audio class=\"wp-audio-shortcode\" id=\"audio-400355-15\" preload=\"none\" style=\"width: 100%;\" controls=\"controls\"><source type=\"audio\/mpeg\" src=\"https:\/\/www.radiopiu.net\/wordpress\/wp-content\/uploads\/2024\/07\/COSMO-E-C.mp3?_=15\" \/><a href=\"https:\/\/www.radiopiu.net\/wordpress\/wp-content\/uploads\/2024\/07\/COSMO-E-C.mp3\">https:\/\/www.radiopiu.net\/wordpress\/wp-content\/uploads\/2024\/07\/COSMO-E-C.mp3<\/a><\/audio>\n<p>&nbsp;<\/p>\n<hr \/>\n<p>&nbsp;<\/p>\n<h2><span style=\"color: #00ccff;\">UN LIBRO AL MESE CON ROBERTO FAORO<\/span><\/h2>\n<p><strong><a class=\"dt-pswp-item\" href=\"https:\/\/www.radiopiu.net\/wordpress\/wp-content\/uploads\/2024\/07\/dcd76d99-1d61-4f68-b017-21d51222dde0.jpg\" data-dt-img-description=\"\" data-large_image_width=\"1131\" data-large_image_height=\"1600\"><img loading=\"lazy\" decoding=\"async\" class=\" wp-image-400243 alignleft\" src=\"https:\/\/www.radiopiu.net\/wordpress\/wp-content\/uploads\/2024\/07\/dcd76d99-1d61-4f68-b017-21d51222dde0-212x300.jpg\" alt=\"\" width=\"109\" height=\"154\" srcset=\"https:\/\/www.radiopiu.net\/wordpress\/wp-content\/uploads\/2024\/07\/dcd76d99-1d61-4f68-b017-21d51222dde0-212x300.jpg 212w, https:\/\/www.radiopiu.net\/wordpress\/wp-content\/uploads\/2024\/07\/dcd76d99-1d61-4f68-b017-21d51222dde0-724x1024.jpg 724w, https:\/\/www.radiopiu.net\/wordpress\/wp-content\/uploads\/2024\/07\/dcd76d99-1d61-4f68-b017-21d51222dde0-768x1086.jpg 768w, https:\/\/www.radiopiu.net\/wordpress\/wp-content\/uploads\/2024\/07\/dcd76d99-1d61-4f68-b017-21d51222dde0-1086x1536.jpg 1086w, https:\/\/www.radiopiu.net\/wordpress\/wp-content\/uploads\/2024\/07\/dcd76d99-1d61-4f68-b017-21d51222dde0.jpg 1131w\" sizes=\"auto, (max-width: 109px) 100vw, 109px\" \/><\/a>DI MIRKO MEZZACASA<\/strong><\/p>\n<p>OSPITE: Roberto Faoro<\/p>\n<audio class=\"wp-audio-shortcode\" id=\"audio-400355-16\" preload=\"none\" style=\"width: 100%;\" controls=\"controls\"><source type=\"audio\/mpeg\" src=\"https:\/\/www.radiopiu.net\/wordpress\/wp-content\/uploads\/2024\/07\/FAORO.mp3?_=16\" \/><a href=\"https:\/\/www.radiopiu.net\/wordpress\/wp-content\/uploads\/2024\/07\/FAORO.mp3\">https:\/\/www.radiopiu.net\/wordpress\/wp-content\/uploads\/2024\/07\/FAORO.mp3<\/a><\/audio>\n<p>&nbsp;<\/p>\n<hr \/>\n<p>&nbsp;<\/p>\n<h2><span style=\"color: #ff0000;\"><a class=\"dt-pswp-item\" href=\"https:\/\/www.radiopiu.net\/wordpress\/wp-content\/uploads\/2018\/09\/appuntamenti.jpeg\" data-dt-img-description=\"\" data-large_image_width=\"800\" data-large_image_height=\"100\"><img loading=\"lazy\" decoding=\"async\" class=\"wp-image-61958 size-full aligncenter\" src=\"https:\/\/www.radiopiu.net\/wordpress\/wp-content\/uploads\/2018\/09\/appuntamenti.jpeg\" alt=\"\" width=\"800\" height=\"100\" srcset=\"https:\/\/www.radiopiu.net\/wordpress\/wp-content\/uploads\/2018\/09\/appuntamenti.jpeg 800w, https:\/\/www.radiopiu.net\/wordpress\/wp-content\/uploads\/2018\/09\/appuntamenti-300x38.jpeg 300w, https:\/\/www.radiopiu.net\/wordpress\/wp-content\/uploads\/2018\/09\/appuntamenti-768x96.jpeg 768w\" sizes=\"auto, (max-width: 800px) 100vw, 800px\" \/><\/a><\/span><\/h2>\n<div>\n<div class=\"\" dir=\"auto\">\n<div id=\":r9h:\" class=\"x1iorvi4 x1pi30zi x1l90r2v x1swvt13\" data-ad-comet-preview=\"message\" data-ad-preview=\"message\">\n\n\t\t\t<style type='text\/css'>\n\t\t\t\t#gallery-2 {\n\t\t\t\t\tmargin: auto;\n\t\t\t\t}\n\t\t\t\t#gallery-2 .gallery-item {\n\t\t\t\t\tfloat: left;\n\t\t\t\t\tmargin-top: 10px;\n\t\t\t\t\ttext-align: center;\n\t\t\t\t\twidth: 16%;\n\t\t\t\t}\n\t\t\t\t#gallery-2 img {\n\t\t\t\t\tborder: 2px solid #cfcfcf;\n\t\t\t\t}\n\t\t\t\t#gallery-2 .gallery-caption {\n\t\t\t\t\tmargin-left: 0;\n\t\t\t\t}\n\t\t\t\t\/* see gallery_shortcode() in wp-includes\/media.php *\/\n\t\t\t<\/style>\n\t\t<div id='gallery-2' class='dt-gallery-container gallery galleryid-400355 gallery-columns-6 gallery-size-thumbnail'><dl class='gallery-item'>\n\t\t\t\t<dt class='gallery-icon portrait'>\n\t\t\t\t\t<a class=\"rollover rollover-zoom dt-pswp-item\" title=\"7079ecea-2af7-42bb-b22c-f5fe8a9ed3e4\" data-dt-img-description=\"\" data-large_image_width=\"1124\" data-large_image_height=\"1600\"href='https:\/\/www.radiopiu.net\/wordpress\/wp-content\/uploads\/2024\/07\/7079ecea-2af7-42bb-b22c-f5fe8a9ed3e4.jpg'><img loading=\"lazy\" decoding=\"async\" width=\"150\" height=\"150\" src=\"https:\/\/www.radiopiu.net\/wordpress\/wp-content\/uploads\/2024\/07\/7079ecea-2af7-42bb-b22c-f5fe8a9ed3e4-150x150.jpg\" class=\"attachment-thumbnail size-thumbnail\" alt=\"\" aria-describedby=\"gallery-2-399792\" \/><\/a>\n\t\t\t\t<\/dt>\n\t\t\t\t\t<dd class='wp-caption-text gallery-caption' id='gallery-2-399792'>\n\t\t\t\t\tBAR BOCCIODROMO AGORDO\n\t\t\t\t\t<\/dd><\/dl><dl class='gallery-item'>\n\t\t\t\t<dt class='gallery-icon landscape'>\n\t\t\t\t\t<a class=\"rollover rollover-zoom dt-pswp-item\" title=\"13a1296f-eafa-4267-980a-67a7b91fde5c\" data-dt-img-description=\"\" data-large_image_width=\"1284\" data-large_image_height=\"1032\"href='https:\/\/www.radiopiu.net\/wordpress\/wp-content\/uploads\/2024\/07\/13a1296f-eafa-4267-980a-67a7b91fde5c.jpg'><img loading=\"lazy\" decoding=\"async\" width=\"150\" height=\"150\" src=\"https:\/\/www.radiopiu.net\/wordpress\/wp-content\/uploads\/2024\/07\/13a1296f-eafa-4267-980a-67a7b91fde5c-150x150.jpg\" class=\"attachment-thumbnail size-thumbnail\" alt=\"\" aria-describedby=\"gallery-2-400190\" \/><\/a>\n\t\t\t\t<\/dt>\n\t\t\t\t\t<dd class='wp-caption-text gallery-caption' id='gallery-2-400190'>\n\t\t\t\t\tdomenica a la valle agordina \n\t\t\t\t\t<\/dd><\/dl><dl class='gallery-item'>\n\t\t\t\t<dt class='gallery-icon portrait'>\n\t\t\t\t\t<a class=\"rollover rollover-zoom dt-pswp-item\" title=\"441936111_953300066803441_3663667299753321850_n\" data-dt-img-description=\"\" data-large_image_width=\"520\" data-large_image_height=\"640\"href='https:\/\/www.radiopiu.net\/wordpress\/wp-content\/uploads\/2024\/06\/441936111_953300066803441_3663667299753321850_n.jpg'><img loading=\"lazy\" decoding=\"async\" width=\"150\" height=\"150\" src=\"https:\/\/www.radiopiu.net\/wordpress\/wp-content\/uploads\/2024\/06\/441936111_953300066803441_3663667299753321850_n-150x150.jpg\" class=\"attachment-thumbnail size-thumbnail\" alt=\"\" aria-describedby=\"gallery-2-394061\" \/><\/a>\n\t\t\t\t<\/dt>\n\t\t\t\t\t<dd class='wp-caption-text gallery-caption' id='gallery-2-394061'>\n\t\t\t\t\t31 LUGLIO AL MINIERE E IN DIRETTA ALLA RADIO \n\t\t\t\t\t<\/dd><\/dl><dl class='gallery-item'>\n\t\t\t\t<dt class='gallery-icon portrait'>\n\t\t\t\t\t<a class=\"rollover rollover-zoom dt-pswp-item\" title=\"original-84F78277-839A-4868-BE6A-5A10A5605E21\" data-dt-img-description=\"\" data-large_image_width=\"1754\" data-large_image_height=\"2480\"href='https:\/\/www.radiopiu.net\/wordpress\/wp-content\/uploads\/2024\/07\/original-84F78277-839A-4868-BE6A-5A10A5605E21.jpeg'><img loading=\"lazy\" decoding=\"async\" width=\"150\" height=\"150\" src=\"https:\/\/www.radiopiu.net\/wordpress\/wp-content\/uploads\/2024\/07\/original-84F78277-839A-4868-BE6A-5A10A5605E21-150x150.jpeg\" class=\"attachment-thumbnail size-thumbnail\" alt=\"\" aria-describedby=\"gallery-2-397532\" \/><\/a>\n\t\t\t\t<\/dt>\n\t\t\t\t\t<dd class='wp-caption-text gallery-caption' id='gallery-2-397532'>\n\t\t\t\t\tHOTEL STELLA ALPINA ESTATE D&#8217;EVENTI \n\t\t\t\t\t<\/dd><\/dl><dl class='gallery-item'>\n\t\t\t\t<dt class='gallery-icon landscape'>\n\t\t\t\t\t<a class=\"rollover rollover-zoom dt-pswp-item\" title=\"d5b0b734-6816-4395-8e21-976a97a70deb\" data-dt-img-description=\"\" data-large_image_width=\"1080\" data-large_image_height=\"1080\"href='https:\/\/www.radiopiu.net\/wordpress\/wp-content\/uploads\/2024\/06\/d5b0b734-6816-4395-8e21-976a97a70deb.jpg'><img loading=\"lazy\" decoding=\"async\" width=\"150\" height=\"150\" src=\"https:\/\/www.radiopiu.net\/wordpress\/wp-content\/uploads\/2024\/06\/d5b0b734-6816-4395-8e21-976a97a70deb-150x150.jpg\" class=\"attachment-thumbnail size-thumbnail\" alt=\"\" aria-describedby=\"gallery-2-396287\" srcset=\"https:\/\/www.radiopiu.net\/wordpress\/wp-content\/uploads\/2024\/06\/d5b0b734-6816-4395-8e21-976a97a70deb-150x150.jpg 150w, https:\/\/www.radiopiu.net\/wordpress\/wp-content\/uploads\/2024\/06\/d5b0b734-6816-4395-8e21-976a97a70deb-300x300.jpg 300w, https:\/\/www.radiopiu.net\/wordpress\/wp-content\/uploads\/2024\/06\/d5b0b734-6816-4395-8e21-976a97a70deb-1024x1024.jpg 1024w, https:\/\/www.radiopiu.net\/wordpress\/wp-content\/uploads\/2024\/06\/d5b0b734-6816-4395-8e21-976a97a70deb-768x768.jpg 768w, https:\/\/www.radiopiu.net\/wordpress\/wp-content\/uploads\/2024\/06\/d5b0b734-6816-4395-8e21-976a97a70deb.jpg 1080w\" sizes=\"auto, (max-width: 150px) 100vw, 150px\" \/><\/a>\n\t\t\t\t<\/dt>\n\t\t\t\t\t<dd class='wp-caption-text gallery-caption' id='gallery-2-396287'>\n\t\t\t\t\t25 LUGLIO A VOLTAGO\n\t\t\t\t\t<\/dd><\/dl><dl class='gallery-item'>\n\t\t\t\t<dt class='gallery-icon landscape'>\n\t\t\t\t\t<a class=\"rollover rollover-zoom dt-pswp-item\" title=\"449189900_484613757290091_1574838248887562981_n\" data-dt-img-description=\"\" data-large_image_width=\"960\" data-large_image_height=\"540\"href='https:\/\/www.radiopiu.net\/wordpress\/wp-content\/uploads\/2024\/06\/449189900_484613757290091_1574838248887562981_n.jpg'><img loading=\"lazy\" decoding=\"async\" width=\"150\" height=\"150\" src=\"https:\/\/www.radiopiu.net\/wordpress\/wp-content\/uploads\/2024\/06\/449189900_484613757290091_1574838248887562981_n-150x150.jpg\" class=\"attachment-thumbnail size-thumbnail\" alt=\"\" aria-describedby=\"gallery-2-396872\" \/><\/a>\n\t\t\t\t<\/dt>\n\t\t\t\t\t<dd class='wp-caption-text gallery-caption' id='gallery-2-396872'>\n\t\t\t\t\t A CANALE D&#8217;AGORDO VALLE DI GARES\n\t\t\t\t\t<\/dd><\/dl><br style=\"clear: both\" \/><dl class='gallery-item'>\n\t\t\t\t<dt class='gallery-icon portrait'>\n\t\t\t\t\t<a class=\"rollover rollover-zoom dt-pswp-item\" title=\"6aaaad58-800e-4990-a3b1-996dabdbe745\" data-dt-img-description=\"\" data-large_image_width=\"1131\" data-large_image_height=\"1600\"href='https:\/\/www.radiopiu.net\/wordpress\/wp-content\/uploads\/2024\/07\/6aaaad58-800e-4990-a3b1-996dabdbe745.jpg'><img loading=\"lazy\" decoding=\"async\" width=\"150\" height=\"150\" src=\"https:\/\/www.radiopiu.net\/wordpress\/wp-content\/uploads\/2024\/07\/6aaaad58-800e-4990-a3b1-996dabdbe745-150x150.jpg\" class=\"attachment-thumbnail size-thumbnail\" alt=\"\" aria-describedby=\"gallery-2-397565\" \/><\/a>\n\t\t\t\t<\/dt>\n\t\t\t\t\t<dd class='wp-caption-text gallery-caption' id='gallery-2-397565'>\n\t\t\t\t\tDAL 20 LUGLIO A VOLTAGO\n\t\t\t\t\t<\/dd><\/dl><dl class='gallery-item'>\n\t\t\t\t<dt class='gallery-icon portrait'>\n\t\t\t\t\t<a class=\"rollover rollover-zoom dt-pswp-item\" title=\"c43011fa-8405-4ea2-9ca9-b934b11662df\" data-dt-img-description=\"\" data-large_image_width=\"512\" data-large_image_height=\"720\"href='https:\/\/www.radiopiu.net\/wordpress\/wp-content\/uploads\/2024\/07\/c43011fa-8405-4ea2-9ca9-b934b11662df.jpg'><img loading=\"lazy\" decoding=\"async\" width=\"150\" height=\"150\" src=\"https:\/\/www.radiopiu.net\/wordpress\/wp-content\/uploads\/2024\/07\/c43011fa-8405-4ea2-9ca9-b934b11662df-150x150.jpg\" class=\"attachment-thumbnail size-thumbnail\" alt=\"\" aria-describedby=\"gallery-2-398969\" \/><\/a>\n\t\t\t\t<\/dt>\n\t\t\t\t\t<dd class='wp-caption-text gallery-caption' id='gallery-2-398969'>\n\t\t\t\t\tA PRA DE LA MELIA\n\t\t\t\t\t<\/dd><\/dl><dl class='gallery-item'>\n\t\t\t\t<dt class='gallery-icon portrait'>\n\t\t\t\t\t<a class=\"rollover rollover-zoom dt-pswp-item\" title=\"SAN LUGAN 2024\" data-dt-img-description=\"\" data-large_image_width=\"434\" data-large_image_height=\"602\"href='https:\/\/www.radiopiu.net\/wordpress\/wp-content\/uploads\/2024\/07\/SAN-LUGAN-2024.png'><img loading=\"lazy\" decoding=\"async\" width=\"150\" height=\"150\" src=\"https:\/\/www.radiopiu.net\/wordpress\/wp-content\/uploads\/2024\/07\/SAN-LUGAN-2024-150x150.png\" class=\"attachment-thumbnail size-thumbnail\" alt=\"\" aria-describedby=\"gallery-2-399242\" \/><\/a>\n\t\t\t\t<\/dt>\n\t\t\t\t\t<dd class='wp-caption-text gallery-caption' id='gallery-2-399242'>\n\t\t\t\t\t20 -21 LUGLIO FESTA DI SAN LUCANO\n\t\t\t\t\t<\/dd><\/dl><dl class='gallery-item'>\n\t\t\t\t<dt class='gallery-icon portrait'>\n\t\t\t\t\t<a class=\"rollover rollover-zoom dt-pswp-item\" title=\"b3b83bf2-afd9-40d0-b4ad-dcc1c47922b6\" data-dt-img-description=\"\" data-large_image_width=\"720\" data-large_image_height=\"1040\"href='https:\/\/www.radiopiu.net\/wordpress\/wp-content\/uploads\/2024\/07\/b3b83bf2-afd9-40d0-b4ad-dcc1c47922b6.jpg'><img loading=\"lazy\" decoding=\"async\" width=\"150\" height=\"150\" src=\"https:\/\/www.radiopiu.net\/wordpress\/wp-content\/uploads\/2024\/07\/b3b83bf2-afd9-40d0-b4ad-dcc1c47922b6-150x150.jpg\" class=\"attachment-thumbnail size-thumbnail\" alt=\"\" aria-describedby=\"gallery-2-400193\" \/><\/a>\n\t\t\t\t<\/dt>\n\t\t\t\t\t<dd class='wp-caption-text gallery-caption' id='gallery-2-400193'>\n\t\t\t\t\t20 LUGLIO TAIBON\n\t\t\t\t\t<\/dd><\/dl><dl class='gallery-item'>\n\t\t\t\t<dt class='gallery-icon portrait'>\n\t\t\t\t\t<a class=\"rollover rollover-zoom dt-pswp-item\" title=\"f84567d6-a1d2-47de-9596-ef8505986952\" data-dt-img-description=\"\" data-large_image_width=\"745\" data-large_image_height=\"1073\"href='https:\/\/www.radiopiu.net\/wordpress\/wp-content\/uploads\/2024\/06\/f84567d6-a1d2-47de-9596-ef8505986952.jpg'><img loading=\"lazy\" decoding=\"async\" width=\"150\" height=\"150\" src=\"https:\/\/www.radiopiu.net\/wordpress\/wp-content\/uploads\/2024\/06\/f84567d6-a1d2-47de-9596-ef8505986952-150x150.jpg\" class=\"attachment-thumbnail size-thumbnail\" alt=\"\" aria-describedby=\"gallery-2-396466\" \/><\/a>\n\t\t\t\t<\/dt>\n\t\t\t\t\t<dd class='wp-caption-text gallery-caption' id='gallery-2-396466'>\n\t\t\t\t\tSUMMER GREEN VOLLEY AGORDINO\n\t\t\t\t\t<\/dd><\/dl><dl class='gallery-item'>\n\t\t\t\t<dt class='gallery-icon portrait'>\n\t\t\t\t\t<a class=\"rollover rollover-zoom dt-pswp-item\" title=\"449991823_122137296134256756_778850350827646908_n\" data-dt-img-description=\"\" data-large_image_width=\"1080\" data-large_image_height=\"1528\"href='https:\/\/www.radiopiu.net\/wordpress\/wp-content\/uploads\/2024\/07\/449991823_122137296134256756_778850350827646908_n.jpg'><img loading=\"lazy\" decoding=\"async\" width=\"150\" height=\"150\" src=\"https:\/\/www.radiopiu.net\/wordpress\/wp-content\/uploads\/2024\/07\/449991823_122137296134256756_778850350827646908_n-150x150.jpg\" class=\"attachment-thumbnail size-thumbnail\" alt=\"\" aria-describedby=\"gallery-2-398203\" \/><\/a>\n\t\t\t\t<\/dt>\n\t\t\t\t\t<dd class='wp-caption-text gallery-caption' id='gallery-2-398203'>\n\t\t\t\t\tSABATO 20 LUGLIO A CANALE D&#8217;AGORDO\n\t\t\t\t\t<\/dd><\/dl><br style=\"clear: both\" \/><dl class='gallery-item'>\n\t\t\t\t<dt class='gallery-icon portrait'>\n\t\t\t\t\t<a class=\"rollover rollover-zoom dt-pswp-item\" title=\"8b2155a6-d732-4852-a73f-6ad1b59fac91\" data-dt-img-description=\"\" data-large_image_width=\"1131\" data-large_image_height=\"1600\"href='https:\/\/www.radiopiu.net\/wordpress\/wp-content\/uploads\/2024\/07\/8b2155a6-d732-4852-a73f-6ad1b59fac91-1.jpg'><img loading=\"lazy\" decoding=\"async\" width=\"150\" height=\"150\" src=\"https:\/\/www.radiopiu.net\/wordpress\/wp-content\/uploads\/2024\/07\/8b2155a6-d732-4852-a73f-6ad1b59fac91-1-150x150.jpg\" class=\"attachment-thumbnail size-thumbnail\" alt=\"\" aria-describedby=\"gallery-2-397366\" \/><\/a>\n\t\t\t\t<\/dt>\n\t\t\t\t\t<dd class='wp-caption-text gallery-caption' id='gallery-2-397366'>\n\t\t\t\t\tASSOCIAZIONE BORGO SOTTOGUDA \n\t\t\t\t\t<\/dd><\/dl><dl class='gallery-item'>\n\t\t\t\t<dt class='gallery-icon portrait'>\n\t\t\t\t\t<a class=\"rollover rollover-zoom dt-pswp-item\" title=\"449444208_484616390623161_3418734916136544576_n\" data-dt-img-description=\"\" data-large_image_width=\"808\" data-large_image_height=\"1600\"href='https:\/\/www.radiopiu.net\/wordpress\/wp-content\/uploads\/2024\/07\/449444208_484616390623161_3418734916136544576_n.jpg'><img loading=\"lazy\" decoding=\"async\" width=\"150\" height=\"150\" src=\"https:\/\/www.radiopiu.net\/wordpress\/wp-content\/uploads\/2024\/07\/449444208_484616390623161_3418734916136544576_n-150x150.jpg\" class=\"attachment-thumbnail size-thumbnail\" alt=\"\" aria-describedby=\"gallery-2-398855\" \/><\/a>\n\t\t\t\t<\/dt>\n\t\t\t\t\t<dd class='wp-caption-text gallery-caption' id='gallery-2-398855'>\n\t\t\t\t\tA CANALE D&#8217;AGORDO LA SGUBIADA\n\t\t\t\t\t<\/dd><\/dl><dl class='gallery-item'>\n\t\t\t\t<dt class='gallery-icon landscape'>\n\t\t\t\t\t<a class=\"rollover rollover-zoom dt-pswp-item\" title=\"PASTASCIUTTA ANTIFASCISTA\" data-dt-img-description=\"\" data-large_image_width=\"1366\" data-large_image_height=\"1024\"href='https:\/\/www.radiopiu.net\/wordpress\/wp-content\/uploads\/2024\/07\/PASTASCIUTTA-ANTIFASCISTA.webp'><img loading=\"lazy\" decoding=\"async\" width=\"150\" height=\"150\" src=\"https:\/\/www.radiopiu.net\/wordpress\/wp-content\/uploads\/2024\/07\/PASTASCIUTTA-ANTIFASCISTA-150x150.webp\" class=\"attachment-thumbnail size-thumbnail\" alt=\"\" aria-describedby=\"gallery-2-399936\" \/><\/a>\n\t\t\t\t<\/dt>\n\t\t\t\t\t<dd class='wp-caption-text gallery-caption' id='gallery-2-399936'>\n\t\t\t\t\t25 LUGLIO\n\t\t\t\t\t<\/dd><\/dl><dl class='gallery-item'>\n\t\t\t\t<dt class='gallery-icon portrait'>\n\t\t\t\t\t<a class=\"rollover rollover-zoom dt-pswp-item\" title=\"7fc3f2fe-a94d-4d5f-9af0-1d7ee8402cfd\" data-dt-img-description=\"\" data-large_image_width=\"1080\" data-large_image_height=\"1505\"href='https:\/\/www.radiopiu.net\/wordpress\/wp-content\/uploads\/2024\/07\/7fc3f2fe-a94d-4d5f-9af0-1d7ee8402cfd.jpg'><img loading=\"lazy\" decoding=\"async\" width=\"150\" height=\"150\" src=\"https:\/\/www.radiopiu.net\/wordpress\/wp-content\/uploads\/2024\/07\/7fc3f2fe-a94d-4d5f-9af0-1d7ee8402cfd-150x150.jpg\" class=\"attachment-thumbnail size-thumbnail\" alt=\"\" aria-describedby=\"gallery-2-399793\" \/><\/a>\n\t\t\t\t<\/dt>\n\t\t\t\t\t<dd class='wp-caption-text gallery-caption' id='gallery-2-399793'>\n\t\t\t\t\tAD ALLEGHE CON LAURA BALLIS\n\t\t\t\t\t<\/dd><\/dl><dl class='gallery-item'>\n\t\t\t\t<dt class='gallery-icon portrait'>\n\t\t\t\t\t<a class=\"rollover rollover-zoom dt-pswp-item\" title=\"558e7467-bad9-4f56-af80-7a4ca08f0b35\" data-dt-img-description=\"\" data-large_image_width=\"1131\" data-large_image_height=\"1600\"href='https:\/\/www.radiopiu.net\/wordpress\/wp-content\/uploads\/2024\/07\/558e7467-bad9-4f56-af80-7a4ca08f0b35-1.jpg'><img loading=\"lazy\" decoding=\"async\" width=\"150\" height=\"150\" src=\"https:\/\/www.radiopiu.net\/wordpress\/wp-content\/uploads\/2024\/07\/558e7467-bad9-4f56-af80-7a4ca08f0b35-1-150x150.jpg\" class=\"attachment-thumbnail size-thumbnail\" alt=\"\" aria-describedby=\"gallery-2-400098\" \/><\/a>\n\t\t\t\t<\/dt>\n\t\t\t\t\t<dd class='wp-caption-text gallery-caption' id='gallery-2-400098'>\n\t\t\t\t\tL&#8217;ESTATE DELLE BIBLIOTECHE\n\t\t\t\t\t<\/dd><\/dl><dl class='gallery-item'>\n\t\t\t\t<dt class='gallery-icon portrait'>\n\t\t\t\t\t<a class=\"rollover rollover-zoom dt-pswp-item\" title=\"Locandina Salotto delle Dolomiti 2024\" data-dt-img-description=\"\" data-large_image_width=\"1810\" data-large_image_height=\"2560\"href='https:\/\/www.radiopiu.net\/wordpress\/wp-content\/uploads\/2024\/07\/Locandina-Salotto-delle-Dolomiti-2024-scaled.jpg'><img loading=\"lazy\" decoding=\"async\" width=\"150\" height=\"150\" src=\"https:\/\/www.radiopiu.net\/wordpress\/wp-content\/uploads\/2024\/07\/Locandina-Salotto-delle-Dolomiti-2024-150x150.jpg\" class=\"attachment-thumbnail size-thumbnail\" alt=\"\" aria-describedby=\"gallery-2-399554\" \/><\/a>\n\t\t\t\t<\/dt>\n\t\t\t\t\t<dd class='wp-caption-text gallery-caption' id='gallery-2-399554'>\n\t\t\t\t\tIL SALOTTO DELLE DOLOMITI A CANALE D&#8217;AGORDO\n\t\t\t\t\t<\/dd><\/dl><br style=\"clear: both\" \/><dl class='gallery-item'>\n\t\t\t\t<dt class='gallery-icon portrait'>\n\t\t\t\t\t<a class=\"rollover rollover-zoom dt-pswp-item\" title=\"La-lioda.def\" data-dt-img-description=\"\" data-large_image_width=\"1414\" data-large_image_height=\"2000\"href='https:\/\/www.radiopiu.net\/wordpress\/wp-content\/uploads\/2024\/07\/La-lioda.def_.png'><img loading=\"lazy\" decoding=\"async\" width=\"150\" height=\"150\" src=\"https:\/\/www.radiopiu.net\/wordpress\/wp-content\/uploads\/2024\/07\/La-lioda.def_-150x150.png\" class=\"attachment-thumbnail size-thumbnail\" alt=\"\" aria-describedby=\"gallery-2-400119\" \/><\/a>\n\t\t\t\t<\/dt>\n\t\t\t\t\t<dd class='wp-caption-text gallery-caption' id='gallery-2-400119'>\n\t\t\t\t\tCASTELLO ANDRAZ\n\t\t\t\t\t<\/dd><\/dl><dl class='gallery-item'>\n\t\t\t\t<dt class='gallery-icon portrait'>\n\t\t\t\t\t<a class=\"rollover rollover-zoom dt-pswp-item\" title=\"DOLOMITES\" data-dt-img-description=\"\" data-large_image_width=\"1414\" data-large_image_height=\"2000\"href='https:\/\/www.radiopiu.net\/wordpress\/wp-content\/uploads\/2024\/07\/DOLOMITES.png'><img loading=\"lazy\" decoding=\"async\" width=\"150\" height=\"150\" src=\"https:\/\/www.radiopiu.net\/wordpress\/wp-content\/uploads\/2024\/07\/DOLOMITES-150x150.png\" class=\"attachment-thumbnail size-thumbnail\" alt=\"\" aria-describedby=\"gallery-2-400118\" \/><\/a>\n\t\t\t\t<\/dt>\n\t\t\t\t\t<dd class='wp-caption-text gallery-caption' id='gallery-2-400118'>\n\t\t\t\t\tCASTELLO ANDRAZ\n\t\t\t\t\t<\/dd><\/dl><dl class='gallery-item'>\n\t\t\t\t<dt class='gallery-icon portrait'>\n\t\t\t\t\t<a class=\"rollover rollover-zoom dt-pswp-item\" title=\"Manifesto ecologia delle piante\" data-dt-img-description=\"\" data-large_image_width=\"1414\" data-large_image_height=\"2000\"href='https:\/\/www.radiopiu.net\/wordpress\/wp-content\/uploads\/2024\/07\/Manifesto-ecologia-delle-piante.png'><img loading=\"lazy\" decoding=\"async\" width=\"150\" height=\"150\" src=\"https:\/\/www.radiopiu.net\/wordpress\/wp-content\/uploads\/2024\/07\/Manifesto-ecologia-delle-piante-150x150.png\" class=\"attachment-thumbnail size-thumbnail\" alt=\"\" aria-describedby=\"gallery-2-400146\" \/><\/a>\n\t\t\t\t<\/dt>\n\t\t\t\t\t<dd class='wp-caption-text gallery-caption' id='gallery-2-400146'>\n\t\t\t\t\tNOF FILO&#8217; 26 LUGLIO\n\t\t\t\t\t<\/dd><\/dl><dl class='gallery-item'>\n\t\t\t\t<dt class='gallery-icon portrait'>\n\t\t\t\t\t<a class=\"rollover rollover-zoom dt-pswp-item\" title=\"DIAMO VALORE AL LEGNO\" data-dt-img-description=\"\" data-large_image_width=\"673\" data-large_image_height=\"942\"href='https:\/\/www.radiopiu.net\/wordpress\/wp-content\/uploads\/2024\/07\/DIAMO-VALORE-AL-LEGNO.png'><img loading=\"lazy\" decoding=\"async\" width=\"150\" height=\"150\" src=\"https:\/\/www.radiopiu.net\/wordpress\/wp-content\/uploads\/2024\/07\/DIAMO-VALORE-AL-LEGNO-150x150.png\" class=\"attachment-thumbnail size-thumbnail\" alt=\"\" aria-describedby=\"gallery-2-400248\" \/><\/a>\n\t\t\t\t<\/dt>\n\t\t\t\t\t<dd class='wp-caption-text gallery-caption' id='gallery-2-400248'>\n\t\t\t\t\t01 AGOSTO IN SALA DON TAMIS\n\t\t\t\t\t<\/dd><\/dl><dl class='gallery-item'>\n\t\t\t\t<dt class='gallery-icon portrait'>\n\t\t\t\t\t<a class=\"rollover rollover-zoom dt-pswp-item\" title=\"b984cf06-49e8-4958-bc23-c0d66e45f366\" data-dt-img-description=\"\" data-large_image_width=\"900\" data-large_image_height=\"1600\"href='https:\/\/www.radiopiu.net\/wordpress\/wp-content\/uploads\/2024\/07\/b984cf06-49e8-4958-bc23-c0d66e45f366.jpg'><img loading=\"lazy\" decoding=\"async\" width=\"150\" height=\"150\" src=\"https:\/\/www.radiopiu.net\/wordpress\/wp-content\/uploads\/2024\/07\/b984cf06-49e8-4958-bc23-c0d66e45f366-150x150.jpg\" class=\"attachment-thumbnail size-thumbnail\" alt=\"\" aria-describedby=\"gallery-2-400399\" \/><\/a>\n\t\t\t\t<\/dt>\n\t\t\t\t\t<dd class='wp-caption-text gallery-caption' id='gallery-2-400399'>\n\t\t\t\t\tALL&#8217;HOTEL VILLA IMPERINA DI AGORDO\n\t\t\t\t\t<\/dd><\/dl>\n\t\t\t\t<br style='clear: both' \/>\n\t\t\t<\/div>\n\n<p>&nbsp;<\/p>\n<p><strong><a class=\"dt-pswp-item\" href=\"https:\/\/www.radiopiu.net\/wordpress\/wp-content\/uploads\/2024\/07\/19da2b39-b827-425d-a773-bb4b721521cd.jpg\" data-dt-img-description=\"\" data-large_image_width=\"1125\" data-large_image_height=\"1126\"><img loading=\"lazy\" decoding=\"async\" class=\" wp-image-399343 alignleft\" src=\"https:\/\/www.radiopiu.net\/wordpress\/wp-content\/uploads\/2024\/07\/19da2b39-b827-425d-a773-bb4b721521cd-300x300.jpg\" alt=\"\" width=\"125\" height=\"125\" srcset=\"https:\/\/www.radiopiu.net\/wordpress\/wp-content\/uploads\/2024\/07\/19da2b39-b827-425d-a773-bb4b721521cd-300x300.jpg 300w, https:\/\/www.radiopiu.net\/wordpress\/wp-content\/uploads\/2024\/07\/19da2b39-b827-425d-a773-bb4b721521cd-1024x1024.jpg 1024w, https:\/\/www.radiopiu.net\/wordpress\/wp-content\/uploads\/2024\/07\/19da2b39-b827-425d-a773-bb4b721521cd-150x150.jpg 150w, https:\/\/www.radiopiu.net\/wordpress\/wp-content\/uploads\/2024\/07\/19da2b39-b827-425d-a773-bb4b721521cd-768x769.jpg 768w, https:\/\/www.radiopiu.net\/wordpress\/wp-content\/uploads\/2024\/07\/19da2b39-b827-425d-a773-bb4b721521cd.jpg 1125w\" sizes=\"auto, (max-width: 125px) 100vw, 125px\" \/><\/a>FALCADE<\/strong> Tornano le proiezioni al Cinema Dolomiti di Falcade. Fine settimana dedicato al film d&#8217;azione &#8220;Bad Boys: Ride Or Die&#8221;. Spettacoli oggi e domani alle 21:15. Domani anche alle 17<\/p>\n<p><strong>LA VALLE<\/strong> Domani Cugnach Blues, con la rock blues live band nella piazzetta di Cugnago, ingresso ad offerta libera, donazioni a favore dell&#8217;Aido, Associazione Donatori Organi, patrocinio Comune di La Valle<\/p>\n<p><span style=\"color: #ff0000;\"><strong>ALLEGHE<\/strong> <\/span>Oggi alle\u00a0 17, nella splendida cornice di Villa Paganini Ruspoli sulle sponde del Lago di Alleghe, per la rassegna del Festival Internazionale di Musica nel Veneto si terr\u00e0 il concerto \u201cil Quartetto Veneto e la musica da film\u201d musiche tratte dalle pi\u00f9 importanti e conosciute colonne sonore della filmografia. ingresso\u00a0 libero &#8211;\u00a0 aperto a tutti. Villa Paganini Ruspoli, facilmente raggiungibile a piedi,\u00a0 si consiglia di utilizzare i parcheggi di Alleghe e quelli disponibili nella frazione di Masar\u00e8. In caso di maltempo il Concerto si terr\u00e0 in Sala Stoppani presso le scuole elementari di Alleghe alla stessa ora. L\u2019eventuale spostamento sar\u00e0 comunicato sulle pagine FB del Comune di Alleghe<\/p>\n<p><strong>ROCCA PIETORE<\/strong>\u00a0 Domani dalle 11 mercatino di beneficienza con rinfresco e musica di\u00a0 Fabiano e Mario. Luned\u00ec 10.30, Messa, Processione per Santa Maria Maddalena. Il ricavato delle manifestazioni sar\u00e0 devoluto all&#8217;Associazione Save the children che si prende cura dei bambini vittime di malnutrizione, di malattie e delle guerre che imperversano nel mondo, nonch\u00e9 di famiglie in stato di povert\u00e0 assoluta in Italia.<\/p>\n<p><strong>AGORDO<\/strong> Domani il Cai di Agordo organizza un&#8217;escursione al Col Quatern\u00e0 sui monti del Comelico. Per info 380 6983040<\/p>\n<\/div>\n<\/div>\n<\/div>\n<p><strong>AGORDO<\/strong> Mercatino Dolomiti Agordine, antiquariato, domenica 21 luglio, 4 e 10 agosto ad Agordo, 13 agosto Forcella Aurine.<\/p>\n<p><strong>SOSPIROLO <\/strong>Domani alle 17.30 a Susin concerto della Filarmonica di Lentiai diretta dal M\u00b0 Domenico Vello per la rassegna Musica nei cortivi (Pro Loco-Comitato S.Martino Susin)<\/p>\n<p><strong>LIVINALLONGO<\/strong> domani al Castello di Andraz una giornata con la soc.coop. agricola e forestale La Lioda che ci far\u00e0 una dimostrazione di estrazione dell&#8217;olio essenziale di pino mugo. Nella stessa giornata sar\u00e0 possibile fare una passeggiata conoscitiva della flora locale con la guida naturalistica (alle 10:00). Tutti i dettagli in locandina.<\/p>\n<p>&nbsp;<\/p>\n<h2><span style=\"color: #0000ff;\">PROSSIMAMENTE<\/span><\/h2>\n<p><strong>VAL DI ZOLDO <\/strong>Sar\u00e0 l\u2019organista, clavicembalista e direttore d\u2019orchestra tedesco J\u00f6rg Halubek ad inaugurare marted\u00ec 23 luglio, alle ore 19, la settima edizione di <em>Arte e Musica tra Pelmo e Civetta<\/em>, Festival Internazionale di Musica Antica di Val di Zoldo. Il Festival prosegue venerd\u00ec 26, sabato 27 e domenica 28 luglio a Fornesighe di Val di Zoldo nella Chiesa di San Vito con un fine settimana musicale che coinvolger\u00e0 il trio spagnolo Morenos: Jos\u00e9 Miguel Moreno, liuto, Emilio Moreno, violino, fratelli e musicisti di fama internazionale e In\u00e9s Moreno, clavicembalista e figlia di Jos\u00e9 Miguel. I tre musicisti si esibiranno in varie formazioni accompagnando il pubblico in un vero e proprio viaggio in Europa dal Rinascimento al Classicismo.<\/p>\n<p><span style=\"color: #ff0000;\"><strong>FALCADE<\/strong><\/span> aperitivo allo Stella Alpina. Tra il verde, nella meraviglia delle Dolomiti, Il venerdi sera allo Stella Alpina, in centro a Falcade \u00e8&#8230;tutt&#8217;un&#8217;altra estate e che estate!\u00a0 L&#8217;aperitivo&#8230;che non \u00e8 mai da solo.. ma accompagnato da stuzzicherie che affasciano anche i palati pi\u00f9 difficili. ad ogni appuntamento&#8230; una specialit\u00e0 diversa.<br \/>\nVENERDI 26 LUGLIO ORO PURO, SERATA MESSICANA, TORILLAS CON CARNE, VERDURE, SALSA CHILI<\/p>\n<p><span style=\"color: #ff0000;\"><strong>AGORDO<\/strong><\/span> NATURAL-MENTE OLISTICO.BAR DELLE BOCCE AL PARCO GIOCHI, UN&#8217;ESTATE DI DIVERTIMENTO E APPUNTAMENTI 27-28 LUGLIO, DALLE 10 ALLE 18 CON INGRESSO LIBERO A TUTTI E GRATUITO: FINE SETTIMANA DEDICATO ALLE DISCIPLINE OLISTICHE E DEL BENESSERE. PROVA DAL VIVO LE DIVERSE TECNICHE DI RISVEGLIO SPIRTUALE ED AUTOCONSAPEVOLEZZA CON GLI OPERATORI PROFESSIONISTI. SU PRENOTAZIONE BAGNI DI GONG, QI GONG, YOUGA E TAI CHI. BOCCIODROMO DI VIA PAGANINI, INFO 351 7658800\u00a0 ANCHE SU FACEBOOK<\/p>\n<p><strong><span style=\"color: #ff0000;\">ALLEGHE<\/span> <\/strong>SABATO 27 LUGLIO ALLE 10.30 IL NUOVO TRAILER DEI CERCATOR, DALLE 17 LA MUSICA DEI WILLY BOYS BAND. ALLE 19&#8230; SPIEDO PER TUTTI&#8230; ANCHE DA ASPORTO, PRENOTALO ENTRO MERCOLEDI 24 LUGLIO AL 347 571 5279 E TUTTI I GIORNI.. LABORATORIO CREATIVO..VIENI A DIPINGERE I SASSI E&#8230; PORTARE UN SORRISO<\/p>\n<p><strong>CENCENIGHE<\/strong> La festa in pineta con gli alpini, sabato 27 e domenica 28 luglio\u00a0 sabato musica dalle 17 con i Re Union, domenica 28 10.30 messa, 12 piatti tipici e musica folk<\/p>\n<p><span style=\"color: #ff0000;\"><strong>CANALE D&#8217;AGORDO <\/strong><\/span><span style=\"font-family: Arial;\">Abbashow, band tributo agli Abba, LA GRANDE MUSICA IN VALLE DI GARES CON\u00a0 la Pro Loco di Canale d&#8217;Agordo\u00a0 <\/span><span style=\"font-family: Arial;\"><i>2\u00b0 concerto a<\/i><i>ll&#8217;aperto TRA LE DOLOMITI.<\/i><strong><i>&#8230; <\/i><\/strong>LUNEDI 5 AGOSTO ALLE 15&#8230;.\u00a0 in Localit\u00e0 Pian De Giare <\/span><span style=\"font-family: Arial;\">I biglietti sono disponibili ALl&#8217;ufficio pro loco di Canale d&#8217;Agordo e allo stand del Salotto delle Dolomiti. Di seguito i prezzi: <\/span>Abbashow&#8230;the first italian abba tribute band&#8230; il concerto&#8230; nella natura<\/p>\n<p><span style=\"color: #ff0000;\"><strong>SOSPIROLO<\/strong><\/span> dal 29 luglio al 4 agosto agli impianti sportivi a Gron di Sospirolo, al Pr\u00e0 dela Melia, FESTA CAMPESTRE CON LA PROLOCO MONTI DEL SOLE<\/p>\n<p><strong>4 SERATE DI CULTURA<\/strong> E AVVENTURA IN COLLABORAZIONE CON IL CENTRO STUDI MONTAGNA SOSPIROLOSE, INIZIO ALLE 20.45: LUNEDI 29 LUGLIO, OTTAVA EDIZIONE DI &#8220;OLTRE I FERUCH&#8221;, SERATA DI MONTAGNA CON MARCO CASSOL E AMICI; 30 LUGLIO PRESENTAZIONE DEL LIBRO &#8220;SAPORI DELLA VALBELLUNA&#8221; DE IL VESES, CON DEGUSTAZIONE. 31 LUGLIO COMMEDIA CON LA COMPAGNIA TEATRO DEL CUORE &#8220;L&#8217;ALBERGO DEI NEVRASTENICI&#8221;. GIOVEDI 1 AGOSTO LA CAMPIONESSA DI CICLISMO SOSPIROLESE VIRGINIA IACCARINO SI RACCONTA.<\/p>\n<p><strong>PROLOCO MONTI DEL SOLE, DA OLTRE 50 ANNI TI PORTA IN PISTA,<\/strong> AD AGOSTO TRE GIORNI NELLA STRUTTURA AL COPERTO CON doppia PISTA DA BALLO PROFESSIONALE. VENERDI 2 AGOSTO ORCHESTRA SORRISO, E ORCHESTRA &#8220;GRAN CAFE&#8217; ITALIA&#8221;, PIATTO DEL GIORNO LA PORCHETTA. SABATO 3 AGOSTO ORCHESTRA &#8220;RIFLESSO&#8221; E &#8220;GIANCARLO CON LA SANTA MONICA BAND&#8221;, DALLE CUCINE LE TROTE DEL MIS. DOMENICA 4 AGOSTO: NEL PIATTO LA TAGLIATA DI CAVALLO E IL BACCALA&#8217; PER CENA, SUL PALCO L&#8217;ORCHESTRA &#8220;ISSAM E CHIARA&#8230; A TEMPO DI SAMBA&#8221;, dalla CONSOLLE il DJ ARIZONA<\/p>\n<div><strong>COMELICO<\/strong>\u00a0Domenica 28 luglio alle16:00 presso le sale espositive dello SPORT HOTEL di Padola inaugurazione della personale dell&#8217;artista Vico CALABRO&#8217;. La mostra sar\u00e0 vistitabile tutti i giorni sino al 15 settembre.<\/div>\n<p>&nbsp;<\/p>\n<hr \/>\n<p>&nbsp;<\/p>\n<p><a class=\"dt-pswp-item\" href=\"https:\/\/www.radiopiu.net\/wordpress\/wp-content\/uploads\/2018\/09\/viabilita.jpeg\" data-dt-img-description=\"\" data-large_image_width=\"800\" data-large_image_height=\"100\"><img loading=\"lazy\" decoding=\"async\" class=\"aligncenter wp-image-61954 size-full\" src=\"https:\/\/www.radiopiu.net\/wordpress\/wp-content\/uploads\/2018\/09\/viabilita.jpeg\" alt=\"\" width=\"800\" height=\"100\" srcset=\"https:\/\/www.radiopiu.net\/wordpress\/wp-content\/uploads\/2018\/09\/viabilita.jpeg 800w, https:\/\/www.radiopiu.net\/wordpress\/wp-content\/uploads\/2018\/09\/viabilita-300x38.jpeg 300w, https:\/\/www.radiopiu.net\/wordpress\/wp-content\/uploads\/2018\/09\/viabilita-768x96.jpeg 768w\" sizes=\"auto, (max-width: 800px) 100vw, 800px\" \/><\/a><\/p>\n<p>&nbsp;<\/p>\n<p><a class=\"dt-pswp-item\" href=\"https:\/\/www.radiopiu.net\/wordpress\/wp-content\/uploads\/2023\/12\/botol-car-service.jpg\" data-dt-img-description=\"\" data-large_image_width=\"600\" data-large_image_height=\"600\"><img loading=\"lazy\" decoding=\"async\" class=\"size-medium wp-image-367044 aligncenter\" src=\"https:\/\/www.radiopiu.net\/wordpress\/wp-content\/uploads\/2023\/12\/botol-car-service-300x300.jpg\" alt=\"\" width=\"300\" height=\"300\" srcset=\"https:\/\/www.radiopiu.net\/wordpress\/wp-content\/uploads\/2023\/12\/botol-car-service-300x300.jpg 300w, https:\/\/www.radiopiu.net\/wordpress\/wp-content\/uploads\/2023\/12\/botol-car-service-150x150.jpg 150w, https:\/\/www.radiopiu.net\/wordpress\/wp-content\/uploads\/2023\/12\/botol-car-service.jpg 600w\" sizes=\"auto, (max-width: 300px) 100vw, 300px\" \/><\/a><\/p>\n<p>&nbsp;<\/p>\n<p>&nbsp;<\/p>\n<h1>BOLLETTINO QUOTIDIANO, CLICCA QUI<\/h1>\n<blockquote class=\"wp-embedded-content\" data-secret=\"nPkqNwqtXU\"><p><a href=\"https:\/\/www.radiopiu.net\/wordpress\/viabilita-2\/\">viabilita<\/a><\/p><\/blockquote>\n<p><iframe loading=\"lazy\" class=\"wp-embedded-content\" sandbox=\"allow-scripts\" security=\"restricted\" style=\"position: absolute; clip: rect(1px, 1px, 1px, 1px);\" title=\"&#8220;viabilita&#8221; &#8212; Radio Pi\u00f9\" src=\"https:\/\/www.radiopiu.net\/wordpress\/viabilita-2\/embed\/#?secret=utai6ZEGNF#?secret=nPkqNwqtXU\" data-secret=\"nPkqNwqtXU\" width=\"600\" height=\"338\" frameborder=\"0\" marginwidth=\"0\" marginheight=\"0\" scrolling=\"no\"><\/iframe><\/p>\n<p>&nbsp;<\/p>\n<p>&nbsp;<\/p>\n<hr \/>\n<p>&nbsp;<\/p>\n<p><a class=\"dt-pswp-item\" href=\"https:\/\/www.radiopiu.net\/wordpress\/wp-content\/uploads\/2018\/09\/WhatsApp-Image-2018-09-20-at-16.04.06.jpeg\" data-dt-img-description=\"\" data-large_image_width=\"800\" data-large_image_height=\"100\"><img loading=\"lazy\" decoding=\"async\" class=\"wp-image-61378 size-full aligncenter\" src=\"https:\/\/www.radiopiu.net\/wordpress\/wp-content\/uploads\/2018\/09\/WhatsApp-Image-2018-09-20-at-16.04.06.jpeg\" alt=\"\" width=\"800\" height=\"100\" srcset=\"https:\/\/www.radiopiu.net\/wordpress\/wp-content\/uploads\/2018\/09\/WhatsApp-Image-2018-09-20-at-16.04.06.jpeg 800w, https:\/\/www.radiopiu.net\/wordpress\/wp-content\/uploads\/2018\/09\/WhatsApp-Image-2018-09-20-at-16.04.06-300x38.jpeg 300w, https:\/\/www.radiopiu.net\/wordpress\/wp-content\/uploads\/2018\/09\/WhatsApp-Image-2018-09-20-at-16.04.06-768x96.jpeg 768w\" sizes=\"auto, (max-width: 800px) 100vw, 800px\" \/><\/a><\/p>\n<p><center><\/center><center><\/center><center><\/center><center><\/center><center><\/center><center><\/center>&nbsp;<\/p>\n<p><center><b>OGGI<\/b><\/center>Nuvolosit\u00e0 irregolare residua nella notte e fino al primo mattino anche per nubi basse, poi cielo poco nuvoloso al mattino e nuvolosit\u00e0 cumuliforme in irregolare intensificazione dalle ore centrali e nel pomeriggio, specie su Prealpi<br \/>\n<b>Precipitazioni: <\/b>Nella notte possibili residui rovesci\/temporali specie su Prealpi in esaurimento entro l&#8217;alba, in mattinata generalmente assenti, tra le ore centrali e nel pomeriggio nuovo aumento della probabilit\u00e0 di isolati rovesci\/temporali<br \/>\n<b>Temperature: <\/b>In lieve calo le minime, stazionarie o in lieve calo le massime in alta quota.<\/p>\n<hr \/>\n<p><center><b>DOMANI<\/b><\/center>Al mattino sereno o poco nuvoloso, dal mezzogiorno e nel pomeriggio aumento della nuvolosit\u00e0 cumuliforme via via pi\u00f9 intensa specie su Prealpi e settori occidentali.<br \/>\n<b>Precipitazioni: <\/b>Dal mezzogiorno e nel pomeriggio aumento della probabilit\u00e0 di rovesci e temporali sparsi specie su Prealpi e settori occidentali, meno probabili ma non esclusi su Dolomiti specie settentrionali. Fenomeni in generale esaurimento in serata.<br \/>\n<b>Temperature: <\/b>Temperature in lieve calo le massime<\/p>\n<hr \/>\n<p><center><b>LUNEDI<\/b><\/center>Cielo da poco a parzialmente nuvoloso con addensamenti localmente a tratti intensi specie su Dolomiti. Non escluso qualche isolato rovescio\/temporale tra le ore centrali e nel pomeriggio. Temperature minime in lieve calo, massime in lieve aumento.<\/p>\n<hr \/>\n<p><center><b>MARTEDI<\/b><\/center>Al mattino poco nuvoloso, dalle ore centrali e nel pomeriggio nubi cumuliformi in irregolare sviluppo con possibili rovesci o temporali sparsi. Temperature stazionarie.<\/p>\n<p>&nbsp;<\/p>\n<hr \/>\n<p>&nbsp;<\/p>\n<p><a class=\"dt-pswp-item\" href=\"https:\/\/www.radiopiu.net\/wordpress\/wp-content\/uploads\/2018\/09\/sport.jpg\" data-dt-img-description=\"\" data-large_image_width=\"800\" data-large_image_height=\"100\"><img loading=\"lazy\" decoding=\"async\" class=\"aligncenter wp-image-60761 size-full\" src=\"https:\/\/www.radiopiu.net\/wordpress\/wp-content\/uploads\/2018\/09\/sport.jpg\" alt=\"\" width=\"800\" height=\"100\" srcset=\"https:\/\/www.radiopiu.net\/wordpress\/wp-content\/uploads\/2018\/09\/sport.jpg 800w, https:\/\/www.radiopiu.net\/wordpress\/wp-content\/uploads\/2018\/09\/sport-300x38.jpg 300w, https:\/\/www.radiopiu.net\/wordpress\/wp-content\/uploads\/2018\/09\/sport-768x96.jpg 768w\" sizes=\"auto, (max-width: 800px) 100vw, 800px\" \/><\/a><\/p>\n<p>&nbsp;<\/p>\n<h1><strong>domani LA TRANSCIVETTA!\u00a0 LA DIRETTA CON FILIPPO FONTANIVE\u00a0 DAI PIANI DI PEZZE&#8217; IN STUDIO MARCO GAZ\u00a0<\/strong><\/h1>\n<p>&nbsp;<\/p>\n<p><a class=\"dt-pswp-item\" href=\"https:\/\/www.radiopiu.net\/wordpress\/wp-content\/uploads\/2024\/07\/\u00a9Ticomunicazione_TRANSCIVETTA-KARPOS-ARCHIVIO_passaggio-al-lago-del-coldai.jpg\" data-dt-img-description=\"\" data-large_image_width=\"1900\" data-large_image_height=\"1267\"><img loading=\"lazy\" decoding=\"async\" class=\"size-medium wp-image-400415 alignleft\" src=\"https:\/\/www.radiopiu.net\/wordpress\/wp-content\/uploads\/2024\/07\/\u00a9Ticomunicazione_TRANSCIVETTA-KARPOS-ARCHIVIO_passaggio-al-lago-del-coldai-300x200.jpg\" alt=\"\" width=\"300\" height=\"200\" srcset=\"https:\/\/www.radiopiu.net\/wordpress\/wp-content\/uploads\/2024\/07\/\u00a9Ticomunicazione_TRANSCIVETTA-KARPOS-ARCHIVIO_passaggio-al-lago-del-coldai-300x200.jpg 300w, https:\/\/www.radiopiu.net\/wordpress\/wp-content\/uploads\/2024\/07\/\u00a9Ticomunicazione_TRANSCIVETTA-KARPOS-ARCHIVIO_passaggio-al-lago-del-coldai-1024x683.jpg 1024w, https:\/\/www.radiopiu.net\/wordpress\/wp-content\/uploads\/2024\/07\/\u00a9Ticomunicazione_TRANSCIVETTA-KARPOS-ARCHIVIO_passaggio-al-lago-del-coldai-768x512.jpg 768w, https:\/\/www.radiopiu.net\/wordpress\/wp-content\/uploads\/2024\/07\/\u00a9Ticomunicazione_TRANSCIVETTA-KARPOS-ARCHIVIO_passaggio-al-lago-del-coldai-1536x1024.jpg 1536w, https:\/\/www.radiopiu.net\/wordpress\/wp-content\/uploads\/2024\/07\/\u00a9Ticomunicazione_TRANSCIVETTA-KARPOS-ARCHIVIO_passaggio-al-lago-del-coldai.jpg 1900w\" sizes=\"auto, (max-width: 300px) 100vw, 300px\" \/><\/a><strong>ALLEGHE<\/strong> Tutto pronto per Transcivetta con partenza da Listolade di Taibon Agordino e arrivo ad Alleghe. Saranno 760 le coppie al via per la manifestazione che propone il tradizionale tracciato che parte da Listolade (705 metri di altitudine) e si conclude ai Piani di Pezz\u00e9 di Alleghe (1.460 metri di altitudine) dopo 23,5 chilometri, percorrendo parte dell\u2019Alta Via numero 1. La partenza verr\u00e0 data alle 9. Tra gli iscritti, per quanto riguarda le coppie maschili, attenzione a Enrico Bonati \u2013 Gianpietro Barattin, vincitori nel 2022 che dovranno vedersela con Gabriele Del Longo e Mihail Sirbu. Tra le coppie femminili, Cecilia De Filippo &#8211; Benedetta Polentes, tra le miste, Markus Planoetscher &#8211; Annelise Felderer, sempre protagonisti sui sentieri ai piedi del Civetta. Sempre tra le miste, con il pettorale 558 garegger\u00e0 il biathleta della nazionale azzurra Tommaso Giacomel, il giovanissimo finanziere del Primiero, classe 2000, vincitore di un argento e un bronzo ai Mondiali Giovanili,\u00a0 \u00a0di 2 argenti\u00a0 e un bronzo ai Mondiali assoluti. Giacomel garegger\u00e0 con Elisa Lucian. Nel primo pomeriggio ai Piani di Pezz\u00e9 si svolger\u00e0 anche il tradizionale appuntamento dedicato ai pi\u00f9 piccoli: si tratta di Transcivetta Kids, manifestazione su tracciato di 2,5 chilometri. Per approfondimenti: <a href=\"http:\/\/www.transcivetta.com\">www.transcivetta.com<\/a><\/p>\n<p>&nbsp;<\/p>\n<p>&nbsp;<\/p>\n<h1><strong>domani POMERIGGIO CAMPIONATO AGORDINO DI CALCIO, LE ESCLUSIVE DI RADIOPIU &#8211; CORRIERE DELLE ALPI, IN DIRETTA ALLA RADIO\u00a0<\/strong><\/h1>\n<p>&nbsp;<\/p>\n<p><span style=\"color: #0000ff;\"><strong>CALCIO<\/strong><\/span><\/p>\n<blockquote>\n<h3>DOMANI I QUARTI DI FINALE DEL CAMPIONATO AGORDINO DI CALCIO<\/h3>\n<\/blockquote>\n<p><strong><a class=\"dt-pswp-item\" href=\"https:\/\/www.radiopiu.net\/wordpress\/wp-content\/uploads\/2021\/11\/CALCIO-2021.jpg\" data-dt-img-description=\"\" data-large_image_width=\"2560\" data-large_image_height=\"1707\"><img loading=\"lazy\" decoding=\"async\" class=\" wp-image-242798 alignleft\" src=\"https:\/\/www.radiopiu.net\/wordpress\/wp-content\/uploads\/2021\/11\/CALCIO-2021-300x200.jpg\" alt=\"\" width=\"195\" height=\"130\" srcset=\"https:\/\/www.radiopiu.net\/wordpress\/wp-content\/uploads\/2021\/11\/CALCIO-2021-300x200.jpg 300w, https:\/\/www.radiopiu.net\/wordpress\/wp-content\/uploads\/2021\/11\/CALCIO-2021-1024x683.jpg 1024w, https:\/\/www.radiopiu.net\/wordpress\/wp-content\/uploads\/2021\/11\/CALCIO-2021-768x512.jpg 768w, https:\/\/www.radiopiu.net\/wordpress\/wp-content\/uploads\/2021\/11\/CALCIO-2021-1536x1024.jpg 1536w, https:\/\/www.radiopiu.net\/wordpress\/wp-content\/uploads\/2021\/11\/CALCIO-2021-2048x1366.jpg 2048w\" sizes=\"auto, (max-width: 195px) 100vw, 195px\" \/><\/a>DI MARCO GAZ<\/strong><\/p>\n<p><strong>REDAZIONE <\/strong>Si avvicina sempre di pi\u00f9 il 4 agosto, data in cui il Campionato Agordino di Calcio avr\u00e0 il suo campione 2024. Il conto alla rovescia inizia dai quarti di finale in programma domani sui campi di Voltago e Canale D\u2019Agordo.<\/p>\n<p><strong>VOLTAGO \u2013 TAIBON (60%-40% &#8211; Voltago alle 15)<\/strong><\/p>\n<p>La prima partita al \u201cRenzo Da Campo\u201d di Voltago \u00e8 il remake della finale 2023. Un anno fa ad avete la meglio \u00e8 stato il Voltago che ai supplementari ha incamerato la vittoria e, dopo 12 mesi, la favorita \u00e8 la squadra del Poi. Il Taibon \u00e8 un diesel e da il meglio di se nella seconda parte delle partite e i minuti iniziali saranno determinanti per il proseguo del match. A favore del Voltago il fattore campo, giocare un quarto in casa da una marcia in pi\u00f9.<\/p>\n<p><strong>CAPRILE \u2013 CANALE (45%-55% &#8211; Canale D\u2019Agordo alle 15)<\/strong><\/p>\n<p>Anche in questo caso la spinta del pubblico potrebbe essere il dodicesimo uomo in campo. Il Canale non vuole sprecare l\u2019occasione di passare il turno ma di fronte si trova un Caprile che arriva da un turno di riposo e che ha preparato al meglio la sfida. Lo spettro dei tempi supplementari \u00e8 nell\u2019aria ma la sfida potrebbe essere decisa nei tempi regolamentari da un episodio.<\/p>\n<p><strong>VALLADA \u2013 GOSALDO (65%-35% &#8211; Voltago alle 17:30)<\/strong><\/p>\n<p>Sulla carta il Vallada sembra favorito. Fino ad ora la squadra della Valle del Biois non ha mai perso una partita ma si sa, quando le partite iniziano a contare il Gosaldo si rafforza. I gosaldini sono abituati a partite da dentro o fuori e i 16 scudetti cuciti sulla maglia ne sono la dimostrazione. Il Vallada \u00e8 chiamato alla prima vera partita stagionale e non vorr\u00e0 perdere il treno per Taibon. Gli episodi saranno fatali su un campo piccolo come quello di Voltago.<\/p>\n<p><strong>LE VILLE \u2013 LA VALLE (70%-30% &#8211; Canale D\u2019Agordo alle 17:30)<\/strong><\/p>\n<p>Si pu\u00f2 dire che il Le Ville abbia la strada spianata. Il La Valle non ha fatto vedere un buon calcio pochi giorni fa ed ha passato il turno vincendo ai supplementari con il Falcade\/Caviola. Sulla carta la squadra di Agordo sembra decisamente la favorita e il passaggio del turno sembra essere una passeggiata per la squadra allenata da Danilo Chenet.<\/p>\n<p><strong>IN DIRETTA ALLA RADIO<\/strong><\/p>\n<p>Come la scorsa settimana Radio Pi\u00f9 sar\u00e0 in prima linea per seguire i quarti di finale del Memorial Attilio Moretti. Collegamenti in diretta dai campi a partire dalle 15 e alle 20:15 il riassunto delle partite. Lunedi l\u2019approfondimento in Campionato Agordino Show.<\/p>\n<p>&nbsp;<\/p>\n<p>&nbsp;<\/p>\n<p>&nbsp;<\/p>\n","protected":false},"excerpt":{"rendered":"<p>********\u00a0\u00a0 ATTENZIONE: LA NUOVA APP PER IOS-IPHONE di Nicola Vettorello https:\/\/apps.apple.com\/it\/app\/radio-pi%C3%B9-emittente-agordina\/id1515939845 ATTENZIONE: LA NUOVA APP RADIO\u00a0 PER ANDROID di Nicola Vettorello https:\/\/play.google.com\/store\/apps\/details?id=net.radiopiu.iniko\u00a0\u00a0\u00a0 &nbsp; &nbsp; &nbsp; OGGI ALLA RADIO.&#8230; ALLE 4 E ALLE 6 LE NOTIZIE DALL&#8217;ITALIA E DAL MONDO 6.15 PIROLE DE LENGA A CURA DEL MUSLA 7.20 EL BAL DEL FIORI, DETTI E TRADIZIONI&hellip;<\/p>\n","protected":false},"author":4,"featured_media":400464,"comment_status":"closed","ping_status":"closed","sticky":false,"template":"","format":"standard","meta":{"_monsterinsights_skip_tracking":false,"_monsterinsights_sitenote_active":false,"_monsterinsights_sitenote_note":"","_monsterinsights_sitenote_category":0,"footnotes":""},"categories":[51,86,49],"tags":[],"class_list":["post-400355","post","type-post","status-publish","format-standard","has-post-thumbnail","hentry","category-evidenza-top","category-gr","category-news-18","category-51","category-86","category-49","description-off"],"img_url":"https:\/\/www.radiopiu.net\/wordpress\/wp-content\/uploads\/2024\/07\/Senza-nome-83.png","_links":{"self":[{"href":"https:\/\/www.radiopiu.net\/wordpress\/wp-json\/wp\/v2\/posts\/400355","targetHints":{"allow":["GET"]}}],"collection":[{"href":"https:\/\/www.radiopiu.net\/wordpress\/wp-json\/wp\/v2\/posts"}],"about":[{"href":"https:\/\/www.radiopiu.net\/wordpress\/wp-json\/wp\/v2\/types\/post"}],"author":[{"embeddable":true,"href":"https:\/\/www.radiopiu.net\/wordpress\/wp-json\/wp\/v2\/users\/4"}],"replies":[{"embeddable":true,"href":"https:\/\/www.radiopiu.net\/wordpress\/wp-json\/wp\/v2\/comments?post=400355"}],"version-history":[{"count":0,"href":"https:\/\/www.radiopiu.net\/wordpress\/wp-json\/wp\/v2\/posts\/400355\/revisions"}],"wp:featuredmedia":[{"embeddable":true,"href":"https:\/\/www.radiopiu.net\/wordpress\/wp-json\/wp\/v2\/media\/400464"}],"wp:attachment":[{"href":"https:\/\/www.radiopiu.net\/wordpress\/wp-json\/wp\/v2\/media?parent=400355"}],"wp:term":[{"taxonomy":"category","embeddable":true,"href":"https:\/\/www.radiopiu.net\/wordpress\/wp-json\/wp\/v2\/categories?post=400355"},{"taxonomy":"post_tag","embeddable":true,"href":"https:\/\/www.radiopiu.net\/wordpress\/wp-json\/wp\/v2\/tags?post=400355"}],"curies":[{"name":"wp","href":"https:\/\/api.w.org\/{rel}","templated":true}]}}