{"id":400404,"date":"2024-07-20T00:00:24","date_gmt":"2024-07-19T22:00:24","guid":{"rendered":"https:\/\/www.radiopiu.net\/wordpress\/?p=400404"},"modified":"2024-07-20T06:13:38","modified_gmt":"2024-07-20T04:13:38","slug":"firmato-accordo-di-collaborazione-per-riapertura-del-centro-di-recupero-della-fauna-selvatica-zuppani-a-sedico-bl","status":"publish","type":"post","link":"https:\/\/www.radiopiu.net\/wordpress\/firmato-accordo-di-collaborazione-per-riapertura-del-centro-di-recupero-della-fauna-selvatica-zuppani-a-sedico-bl\/","title":{"rendered":"FIRMATO ACCORDO DI COLLABORAZIONE PER RIAPERTURA DEL CENTRO DI RECUPERO DELLA FAUNA SELVATICA ZUPPANI A SEDICO (BL)."},"content":{"rendered":"<p>**<\/p>\n<p>&nbsp;<\/p>\n<p><a class=\"dt-pswp-item\" href=\"https:\/\/www.radiopiu.net\/wordpress\/wp-content\/uploads\/2024\/07\/CRAS1.jpeg\" data-dt-img-description=\"\" data-large_image_width=\"1591\" data-large_image_height=\"1463\"><img loading=\"lazy\" decoding=\"async\" class=\"size-medium wp-image-400405 alignleft\" src=\"https:\/\/www.radiopiu.net\/wordpress\/wp-content\/uploads\/2024\/07\/CRAS1-300x276.jpeg\" alt=\"\" width=\"300\" height=\"276\" srcset=\"https:\/\/www.radiopiu.net\/wordpress\/wp-content\/uploads\/2024\/07\/CRAS1-300x276.jpeg 300w, https:\/\/www.radiopiu.net\/wordpress\/wp-content\/uploads\/2024\/07\/CRAS1-1024x942.jpeg 1024w, https:\/\/www.radiopiu.net\/wordpress\/wp-content\/uploads\/2024\/07\/CRAS1-768x706.jpeg 768w, https:\/\/www.radiopiu.net\/wordpress\/wp-content\/uploads\/2024\/07\/CRAS1-1536x1412.jpeg 1536w, https:\/\/www.radiopiu.net\/wordpress\/wp-content\/uploads\/2024\/07\/CRAS1.jpeg 1591w\" sizes=\"auto, (max-width: 300px) 100vw, 300px\" \/><\/a>VENEZIA \u201cCon grande soddisfazione annunciamo la riapertura del Centro di recupero della fauna selvatica (CRAS) di Sedico a Belluno. Un centro di fondamentale importanza, l\u2019unico nel bellunese. Questa attivazione, prevista entro la fine dell\u2019anno \u00e8 opportuna vista la massiccia presenza di animali selvatici in tutta la provincia, e l\u2019elevata presenza di esemplari in difficolt\u00e0, vittime di incidenti. Il centro sar\u00e0 ospitato negli spazi di Villa Zuppani di propriet\u00e0 della Provincia, e sar\u00e0 un progetto prezioso per la nostra fauna e per la tutela della biodiversit\u00e0\u201d.<\/p>\n<p>Lo dice l\u2019assessore regionale al Territorio e alla Caccia, Cristiano Corazzari, in occasione della firma, avvenuta oggi a Belluno, dell\u2019Accordo di collaborazione tra la Regione del Veneto, la Provincia di Belluno e l\u2019Agenzia veneta per l\u2019innovazione nel settore primario (Veneto Agricoltura) per la realizzazione e la gestione di un centro di recupero della fauna selvatica (CRAS), di cui all\u2019art. 5 della L.R. n. 50\/1993, nel territorio provinciale di Belluno, da ubicarsi nel Comune di Sedico (BL). L\u2019accordo ha la durata di tre anni, ed \u00e8 rinnovabile. La Regione si impegna a rimborsare le spese sostenute dalla Provincia di Belluno per la gestione operativa del CRAS con un contributo annuo di 50 mila euro per tutta la durata dell\u2019accordo. La gestione del CRAS sar\u00e0 coordinata dalla Provincia di Belluno di concerto con la Regione e con Veneto Agricoltura. Annualmente la Provincia fornir\u00e0 un report con i dettagli degli interventi di recupero e soccorso realizzati.<\/p>\n<blockquote>\n<h2><strong><a class=\"dt-pswp-item\" href=\"https:\/\/www.radiopiu.net\/wordpress\/wp-content\/uploads\/2021\/10\/consiglieri019-scaled.jpg\" data-dt-img-description=\"VENEZIA 08-10-2020.FOTOATTUALITA'. PALAZZO FERRO FINI.CONSIGLIO REGIONALE . RITRATTI DEI NUOVI CONSIGLIERI REGIONALI.NELLA FOTO: SILVIA CESTARO\" data-large_image_width=\"1752\" data-large_image_height=\"2560\"><img loading=\"lazy\" decoding=\"async\" class=\"wp-image-237952 alignright\" src=\"https:\/\/www.radiopiu.net\/wordpress\/wp-content\/uploads\/2021\/10\/consiglieri019-205x300.jpg\" alt=\"\" width=\"108\" height=\"158\" srcset=\"https:\/\/www.radiopiu.net\/wordpress\/wp-content\/uploads\/2021\/10\/consiglieri019-205x300.jpg 205w, https:\/\/www.radiopiu.net\/wordpress\/wp-content\/uploads\/2021\/10\/consiglieri019-701x1024.jpg 701w, https:\/\/www.radiopiu.net\/wordpress\/wp-content\/uploads\/2021\/10\/consiglieri019-768x1123.jpg 768w, https:\/\/www.radiopiu.net\/wordpress\/wp-content\/uploads\/2021\/10\/consiglieri019-1051x1536.jpg 1051w, https:\/\/www.radiopiu.net\/wordpress\/wp-content\/uploads\/2021\/10\/consiglieri019-1401x2048.jpg 1401w, https:\/\/www.radiopiu.net\/wordpress\/wp-content\/uploads\/2021\/10\/consiglieri019-scaled.jpg 1752w\" sizes=\"auto, (max-width: 108px) 100vw, 108px\" \/><\/a><\/strong><\/h2>\n<\/blockquote>\n<div class=\"flex-shrink-0 flex flex-col relative items-end\">\n<div>\n<div class=\"pt-0\">\n<div class=\"gizmo-bot-avatar flex h-8 w-8 items-center justify-center overflow-hidden rounded-full\">\n<div class=\"relative p-1 rounded-sm flex items-center justify-center bg-token-main-surface-primary text-token-text-primary h-8 w-8\"><\/div>\n<\/div>\n<\/div>\n<\/div>\n<\/div>\n<div class=\"group\/conversation-turn relative flex w-full min-w-0 flex-col agent-turn\">\n<div class=\"flex-col gap-1 md:gap-3\">\n<div class=\"flex flex-grow flex-col max-w-full\">\n<div class=\"min-h-[20px] text-message flex w-full flex-col items-end gap-2 whitespace-pre-wrap break-words [.text-message+&amp;]:mt-5 overflow-x-auto\" dir=\"auto\" data-message-author-role=\"assistant\" data-message-id=\"4b391839-dcc5-482f-83ee-f98ff7dc983c\">\n<div class=\"flex w-full flex-col gap-1 empty:hidden first:pt-[3px]\">\n<div class=\"markdown prose w-full break-words dark:prose-invert dark\">\n<p>&nbsp;<\/p>\n<\/div>\n<\/div>\n<\/div>\n<\/div>\n<\/div>\n<\/div>\n<p>&nbsp;<\/p>\n<p><strong>LA SODDISFAZIONE DEL CONSIGLIERE REGIONALE SILVIA CESTARO<\/strong><\/p>\n<audio class=\"wp-audio-shortcode\" id=\"audio-400404-1\" preload=\"none\" style=\"width: 100%;\" controls=\"controls\"><source type=\"audio\/mpeg\" src=\"https:\/\/www.radiopiu.net\/wordpress\/wp-content\/uploads\/2024\/07\/SILVIA.mp3?_=1\" \/><a href=\"https:\/\/www.radiopiu.net\/wordpress\/wp-content\/uploads\/2024\/07\/SILVIA.mp3\">https:\/\/www.radiopiu.net\/wordpress\/wp-content\/uploads\/2024\/07\/SILVIA.mp3<\/a><\/audio>\n<p>&nbsp;<\/p>\n<p>__<\/p>\n","protected":false},"excerpt":{"rendered":"<p>** &nbsp; VENEZIA \u201cCon grande soddisfazione annunciamo la riapertura del Centro di recupero della fauna selvatica (CRAS) di Sedico a Belluno. Un centro di fondamentale importanza, l\u2019unico nel bellunese. Questa attivazione, prevista entro la fine dell\u2019anno \u00e8 opportuna vista la massiccia presenza di animali selvatici in tutta la provincia, e l\u2019elevata presenza di esemplari in&hellip;<\/p>\n","protected":false},"author":4,"featured_media":400406,"comment_status":"closed","ping_status":"closed","sticky":false,"template":"","format":"standard","meta":{"_monsterinsights_skip_tracking":false,"_monsterinsights_sitenote_active":false,"_monsterinsights_sitenote_note":"","_monsterinsights_sitenote_category":0,"footnotes":""},"categories":[51,49],"tags":[],"class_list":["post-400404","post","type-post","status-publish","format-standard","has-post-thumbnail","hentry","category-evidenza-top","category-news-18","category-51","category-49","description-off"],"img_url":"https:\/\/www.radiopiu.net\/wordpress\/wp-content\/uploads\/2024\/07\/CRAS2.jpeg","_links":{"self":[{"href":"https:\/\/www.radiopiu.net\/wordpress\/wp-json\/wp\/v2\/posts\/400404","targetHints":{"allow":["GET"]}}],"collection":[{"href":"https:\/\/www.radiopiu.net\/wordpress\/wp-json\/wp\/v2\/posts"}],"about":[{"href":"https:\/\/www.radiopiu.net\/wordpress\/wp-json\/wp\/v2\/types\/post"}],"author":[{"embeddable":true,"href":"https:\/\/www.radiopiu.net\/wordpress\/wp-json\/wp\/v2\/users\/4"}],"replies":[{"embeddable":true,"href":"https:\/\/www.radiopiu.net\/wordpress\/wp-json\/wp\/v2\/comments?post=400404"}],"version-history":[{"count":0,"href":"https:\/\/www.radiopiu.net\/wordpress\/wp-json\/wp\/v2\/posts\/400404\/revisions"}],"wp:featuredmedia":[{"embeddable":true,"href":"https:\/\/www.radiopiu.net\/wordpress\/wp-json\/wp\/v2\/media\/400406"}],"wp:attachment":[{"href":"https:\/\/www.radiopiu.net\/wordpress\/wp-json\/wp\/v2\/media?parent=400404"}],"wp:term":[{"taxonomy":"category","embeddable":true,"href":"https:\/\/www.radiopiu.net\/wordpress\/wp-json\/wp\/v2\/categories?post=400404"},{"taxonomy":"post_tag","embeddable":true,"href":"https:\/\/www.radiopiu.net\/wordpress\/wp-json\/wp\/v2\/tags?post=400404"}],"curies":[{"name":"wp","href":"https:\/\/api.w.org\/{rel}","templated":true}]}}