{"id":400441,"date":"2024-07-20T05:11:22","date_gmt":"2024-07-20T03:11:22","guid":{"rendered":"https:\/\/www.radiopiu.net\/wordpress\/?p=400441"},"modified":"2024-07-20T05:18:01","modified_gmt":"2024-07-20T03:18:01","slug":"asd-paserfg","status":"publish","type":"post","link":"https:\/\/www.radiopiu.net\/wordpress\/asd-paserfg\/","title":{"rendered":"Gravissimo incidente a Feltre: giovane trasportato in elicottero"},"content":{"rendered":"<p>**<\/p>\n<blockquote><p>&nbsp;<\/p><\/blockquote>\n<p><strong><a class=\"dt-pswp-item\" href=\"https:\/\/www.radiopiu.net\/wordpress\/wp-content\/uploads\/2024\/07\/th-9.jpg\" data-dt-img-description=\"\" data-large_image_width=\"240\" data-large_image_height=\"180\"><img loading=\"lazy\" decoding=\"async\" class=\" wp-image-400459 alignleft\" src=\"https:\/\/www.radiopiu.net\/wordpress\/wp-content\/uploads\/2024\/07\/th-9.jpg\" alt=\"\" width=\"172\" height=\"129\" \/><\/a>FELTRE<\/strong> Il 18enne S.S. \u00e8 stato trasportato in elicottero in condizioni critiche all&#8217;ospedale di Treviso dopo un violento incidente in via Montelungo. Lo scontro frontale tra la sua Yamaha 125 e un&#8217;Audi condotta dal 28enne G.L. \u00e8 avvenuto su un lungo rettilineo con buona visibilit\u00e0. L&#8217;impatto \u00e8 stato devastante, con il giovane sbalzato dalla moto e il conducente dell&#8217;Audi leggermente ferito. I carabinieri di Feltre indagano sulla dinamica dell&#8217;incident. La strada \u00e8 rimasta chiusa per due ore per i rilievi. La situazione clinica di S.S. \u00e8 particolarmente preoccupante, soprattutto per le lesioni agli arti inferiori.<\/p>\n<p>&nbsp;<\/p>\n<p>&nbsp;<\/p>\n<p>&nbsp;<\/p>\n<p>&nbsp;<\/p>\n<p>__<\/p>\n","protected":false},"excerpt":{"rendered":"<p>** &nbsp; FELTRE Il 18enne S.S. \u00e8 stato trasportato in elicottero in condizioni critiche all&#8217;ospedale di Treviso dopo un violento incidente in via Montelungo. Lo scontro frontale tra la sua Yamaha 125 e un&#8217;Audi condotta dal 28enne G.L. \u00e8 avvenuto su un lungo rettilineo con buona visibilit\u00e0. L&#8217;impatto \u00e8 stato devastante, con il giovane sbalzato&hellip;<\/p>\n","protected":false},"author":4,"featured_media":400459,"comment_status":"closed","ping_status":"closed","sticky":false,"template":"","format":"standard","meta":{"_monsterinsights_skip_tracking":false,"_monsterinsights_sitenote_active":false,"_monsterinsights_sitenote_note":"","_monsterinsights_sitenote_category":0,"footnotes":""},"categories":[51,49],"tags":[],"class_list":["post-400441","post","type-post","status-publish","format-standard","has-post-thumbnail","hentry","category-evidenza-top","category-news-18","category-51","category-49","description-off"],"img_url":"https:\/\/www.radiopiu.net\/wordpress\/wp-content\/uploads\/2024\/07\/th-9.jpg","_links":{"self":[{"href":"https:\/\/www.radiopiu.net\/wordpress\/wp-json\/wp\/v2\/posts\/400441","targetHints":{"allow":["GET"]}}],"collection":[{"href":"https:\/\/www.radiopiu.net\/wordpress\/wp-json\/wp\/v2\/posts"}],"about":[{"href":"https:\/\/www.radiopiu.net\/wordpress\/wp-json\/wp\/v2\/types\/post"}],"author":[{"embeddable":true,"href":"https:\/\/www.radiopiu.net\/wordpress\/wp-json\/wp\/v2\/users\/4"}],"replies":[{"embeddable":true,"href":"https:\/\/www.radiopiu.net\/wordpress\/wp-json\/wp\/v2\/comments?post=400441"}],"version-history":[{"count":0,"href":"https:\/\/www.radiopiu.net\/wordpress\/wp-json\/wp\/v2\/posts\/400441\/revisions"}],"wp:featuredmedia":[{"embeddable":true,"href":"https:\/\/www.radiopiu.net\/wordpress\/wp-json\/wp\/v2\/media\/400459"}],"wp:attachment":[{"href":"https:\/\/www.radiopiu.net\/wordpress\/wp-json\/wp\/v2\/media?parent=400441"}],"wp:term":[{"taxonomy":"category","embeddable":true,"href":"https:\/\/www.radiopiu.net\/wordpress\/wp-json\/wp\/v2\/categories?post=400441"},{"taxonomy":"post_tag","embeddable":true,"href":"https:\/\/www.radiopiu.net\/wordpress\/wp-json\/wp\/v2\/tags?post=400441"}],"curies":[{"name":"wp","href":"https:\/\/api.w.org\/{rel}","templated":true}]}}