{"id":400456,"date":"2024-07-20T05:16:03","date_gmt":"2024-07-20T03:16:03","guid":{"rendered":"https:\/\/www.radiopiu.net\/wordpress\/?p=400456"},"modified":"2024-07-20T05:18:11","modified_gmt":"2024-07-20T03:18:11","slug":"76enne-gravemente-ustionata-mentre-brucia-legna-a-puos-dalpago","status":"publish","type":"post","link":"https:\/\/www.radiopiu.net\/wordpress\/76enne-gravemente-ustionata-mentre-brucia-legna-a-puos-dalpago\/","title":{"rendered":"76enne gravemente ustionata mentre brucia legna a Puos d&#8217;Alpago"},"content":{"rendered":"<p>**<\/p>\n<p>&nbsp;<\/p>\n<p><img loading=\"lazy\" decoding=\"async\" class=\"alignleft\" src=\"https:\/\/www.radiopiu.net\/wordpress\/wp-content\/uploads\/2024\/07\/ospedale_padova_2.jpg\" width=\"207\" height=\"138\" \/><strong>CHIES D&#8217;LPAGO<\/strong> Una 76enne di Puos d&#8217;Alpago \u00e8 in condizioni gravissime dopo essere stata ustionata mentre bruciava rimasugli di legna nella sua propriet\u00e0. L&#8217;incidente \u00e8 avvenuto nel pomeriggio di ieri quando la donna, investita dalle fiamme, \u00e8 diventata una &#8220;torcia umana&#8221;. Intervenuti i sanitari dell&#8217;ambulanza di Puos d&#8217;Alpago e un elicottero per il trasferimento d&#8217;urgenza, la donna \u00e8 stata stabilizzata e trasferita all&#8217;ospedale grandi ustionati di Padova. Pare che l&#8217;incidente sia stato causato dall&#8217;uso di un infiammante, probabilmente benzina. Nonostante il pronto intervento dei soccorsi, le sue condizioni restano molto serie, con ustioni gravi a braccia e gambe. Non sono intervenuti, poich\u00e8 non necessario, n\u00e8 i vigili del fuoco, n\u00e8 le Forze dell&#8217;Ordine.<\/p>\n<p>&nbsp;<\/p>\n<hr \/>\n<p>&nbsp;<\/p>\n","protected":false},"excerpt":{"rendered":"<p>** &nbsp; CHIES D&#8217;LPAGO Una 76enne di Puos d&#8217;Alpago \u00e8 in condizioni gravissime dopo essere stata ustionata mentre bruciava rimasugli di legna nella sua propriet\u00e0. L&#8217;incidente \u00e8 avvenuto nel pomeriggio di ieri quando la donna, investita dalle fiamme, \u00e8 diventata una &#8220;torcia umana&#8221;. Intervenuti i sanitari dell&#8217;ambulanza di Puos d&#8217;Alpago e un elicottero per il&hellip;<\/p>\n","protected":false},"author":4,"featured_media":400457,"comment_status":"closed","ping_status":"closed","sticky":false,"template":"","format":"standard","meta":{"_monsterinsights_skip_tracking":false,"_monsterinsights_sitenote_active":false,"_monsterinsights_sitenote_note":"","_monsterinsights_sitenote_category":0,"footnotes":""},"categories":[51,49],"tags":[],"class_list":["post-400456","post","type-post","status-publish","format-standard","has-post-thumbnail","hentry","category-evidenza-top","category-news-18","category-51","category-49","description-off"],"img_url":"https:\/\/www.radiopiu.net\/wordpress\/wp-content\/uploads\/2024\/07\/ospedale_padova_2.jpg","_links":{"self":[{"href":"https:\/\/www.radiopiu.net\/wordpress\/wp-json\/wp\/v2\/posts\/400456","targetHints":{"allow":["GET"]}}],"collection":[{"href":"https:\/\/www.radiopiu.net\/wordpress\/wp-json\/wp\/v2\/posts"}],"about":[{"href":"https:\/\/www.radiopiu.net\/wordpress\/wp-json\/wp\/v2\/types\/post"}],"author":[{"embeddable":true,"href":"https:\/\/www.radiopiu.net\/wordpress\/wp-json\/wp\/v2\/users\/4"}],"replies":[{"embeddable":true,"href":"https:\/\/www.radiopiu.net\/wordpress\/wp-json\/wp\/v2\/comments?post=400456"}],"version-history":[{"count":0,"href":"https:\/\/www.radiopiu.net\/wordpress\/wp-json\/wp\/v2\/posts\/400456\/revisions"}],"wp:featuredmedia":[{"embeddable":true,"href":"https:\/\/www.radiopiu.net\/wordpress\/wp-json\/wp\/v2\/media\/400457"}],"wp:attachment":[{"href":"https:\/\/www.radiopiu.net\/wordpress\/wp-json\/wp\/v2\/media?parent=400456"}],"wp:term":[{"taxonomy":"category","embeddable":true,"href":"https:\/\/www.radiopiu.net\/wordpress\/wp-json\/wp\/v2\/categories?post=400456"},{"taxonomy":"post_tag","embeddable":true,"href":"https:\/\/www.radiopiu.net\/wordpress\/wp-json\/wp\/v2\/tags?post=400456"}],"curies":[{"name":"wp","href":"https:\/\/api.w.org\/{rel}","templated":true}]}}