{"id":400477,"date":"2024-07-20T07:55:47","date_gmt":"2024-07-20T05:55:47","guid":{"rendered":"https:\/\/www.radiopiu.net\/wordpress\/?p=400477"},"modified":"2024-07-20T08:32:48","modified_gmt":"2024-07-20T06:32:48","slug":"dal-1983-alle-sette-e-alle-otto-del-mattino-anche-al-sabato-loriginale-rassegna-stampa-locale-di-mirko-mezzacasa","status":"publish","type":"post","link":"https:\/\/www.radiopiu.net\/wordpress\/dal-1983-alle-sette-e-alle-otto-del-mattino-anche-al-sabato-loriginale-rassegna-stampa-locale-di-mirko-mezzacasa\/","title":{"rendered":"DAL 1983 ALLE SETTE E ALLE  OTTO DEL MATTINO&#8230; ANCHE AL SABATO L&#8217;ORIGINALE RASSEGNA STAMPA LOCALE di mirko mezzacasa"},"content":{"rendered":"<p>***<\/p>\n<p><iframe loading=\"lazy\" title=\"DAL 1983 LA RASSEGNA STAMPA LOCALE di mirko mezzacasa. L&#039;ORIGINALE\" width=\"1200\" height=\"675\" src=\"https:\/\/www.youtube.com\/embed\/8pTPVWncR-Y?feature=oembed\" frameborder=\"0\" allow=\"accelerometer; autoplay; clipboard-write; encrypted-media; gyroscope; picture-in-picture; web-share\" referrerpolicy=\"strict-origin-when-cross-origin\" allowfullscreen><\/iframe><\/p>\n<p><a class=\"dt-pswp-item\" href=\"https:\/\/www.radiopiu.net\/wordpress\/wp-content\/uploads\/2024\/07\/Senza-nome-83.png\" data-dt-img-description=\"\" data-large_image_width=\"538\" data-large_image_height=\"345\"><img loading=\"lazy\" decoding=\"async\" class=\"size-medium wp-image-400464 alignleft\" src=\"https:\/\/www.radiopiu.net\/wordpress\/wp-content\/uploads\/2024\/07\/Senza-nome-83-300x192.png\" alt=\"\" width=\"300\" height=\"192\" srcset=\"https:\/\/www.radiopiu.net\/wordpress\/wp-content\/uploads\/2024\/07\/Senza-nome-83-300x192.png 300w, https:\/\/www.radiopiu.net\/wordpress\/wp-content\/uploads\/2024\/07\/Senza-nome-83.png 538w\" sizes=\"auto, (max-width: 300px) 100vw, 300px\" \/><\/a>FELTRE Il 18enne S.S. \u00e8 stato trasportato in elicottero in condizioni critiche all&#8217;ospedale di Treviso dopo un violento incidente in via Montelungo. Lo scontro frontale tra la sua Yamaha 125 e un&#8217;Audi condotta dal 28enne G.L. \u00e8 avvenuto su un lungo rettilineo con buona visibilit\u00e0. L&#8217;impatto \u00e8 stato devastante, con il giovane sbalzato dalla moto e il conducente dell&#8217;Audi leggermente ferito. I carabinieri di Feltre indagano sulla dinamica dell&#8217;incident. La strada \u00e8 rimasta chiusa per due ore per i rilievi. La situazione clinica di S.S. \u00e8 particolarmente preoccupante, soprattutto per le lesioni agli arti inferiori.<br \/>\nCHIES D&#8217;LPAGO Una 76enne di Puos d&#8217;Alpago \u00e8 in condizioni gravissime dopo essere stata ustionata mentre bruciava rimasugli di legna nella sua propriet\u00e0. L&#8217;incidente \u00e8 avvenuto nel pomeriggio di ieri quando la donna, investita dalle fiamme, \u00e8 diventata una &#8220;torcia umana&#8221;. Intervenuti i sanitari dell&#8217;ambulanza di Puos d&#8217;Alpago e un elicottero per il trasferimento d&#8217;urgenza, la donna \u00e8 stata stabilizzata e trasferita all&#8217;ospedale grandi ustionati di Padova. Pare che l&#8217;incidente sia stato causato dall&#8217;uso di un infiammante, probabilmente benzina. Nonostante il pronto intervento dei soccorsi, le sue condizioni restano molto serie, con ustioni gravi a braccia e gambe. Non sono intervenuti, poich\u00e8 non necessario, n\u00e8 i vigili del fuoco, n\u00e8 le Forze dell&#8217;Ordine.<br \/>\nBORGO VALBELLUNA Durante la pausa pranzo, un gruppo di malviventi ha rubato quasi duemila euro dai supermercati Kanguro a Mel e Fonzaso. I ladri, probabilmente nascosti nei negozi, hanno aperto le casse e preso il fondo cassa e monete. Gli allarmi sono scattati poco dopo le 13.20 a Mel e circa mezz&#8217;ora dopo a Fonzaso. La banda \u00e8 fuggita senza lasciare tracce. Francesco Cassol, responsabile commerciale, ha sottolineato la pianificazione del furto, evidenziando la collaborazione con le forze dell&#8217;ordine. Le telecamere di videosorveglianza potrebbero fornire ulteriori informazioni.<br \/>\nLIVINALLONGO L&#8217;ex sindaco Leandro Grones contesta la mancata conformit\u00e0 alle norme sulla privacy durante il consiglio comunale di Nagler. Dopo una seduta trasmessa su Instagram, ma solo sui canali del gruppo di maggioranza.\u00a0 Grones ha rifiutato di firmare un documento sulla privacy senza averlo letto. Ha anche criticato la trasmissione sui social della maggioranza e una pratica con un&#8217;intestazione errata dall&#8217;ufficio tecnico.<\/p>\n<p><a class=\"dt-pswp-item\" href=\"https:\/\/www.radiopiu.net\/wordpress\/wp-content\/uploads\/2024\/07\/WhatsApp-Image-2024-07-19-at-15.32.50.jpeg\" data-dt-img-description=\"\" data-large_image_width=\"1789\" data-large_image_height=\"1413\"><img loading=\"lazy\" decoding=\"async\" class=\"size-medium wp-image-400429 alignleft\" src=\"https:\/\/www.radiopiu.net\/wordpress\/wp-content\/uploads\/2024\/07\/WhatsApp-Image-2024-07-19-at-15.32.50-300x237.jpeg\" alt=\"\" width=\"300\" height=\"237\" srcset=\"https:\/\/www.radiopiu.net\/wordpress\/wp-content\/uploads\/2024\/07\/WhatsApp-Image-2024-07-19-at-15.32.50-300x237.jpeg 300w, https:\/\/www.radiopiu.net\/wordpress\/wp-content\/uploads\/2024\/07\/WhatsApp-Image-2024-07-19-at-15.32.50-1024x809.jpeg 1024w, https:\/\/www.radiopiu.net\/wordpress\/wp-content\/uploads\/2024\/07\/WhatsApp-Image-2024-07-19-at-15.32.50-768x607.jpeg 768w, https:\/\/www.radiopiu.net\/wordpress\/wp-content\/uploads\/2024\/07\/WhatsApp-Image-2024-07-19-at-15.32.50-1536x1213.jpeg 1536w, https:\/\/www.radiopiu.net\/wordpress\/wp-content\/uploads\/2024\/07\/WhatsApp-Image-2024-07-19-at-15.32.50.jpeg 1789w\" sizes=\"auto, (max-width: 300px) 100vw, 300px\" \/><\/a>BELLUNO\u00a0Gsp, insieme all&#8217;impresa Risanamento Fognature di Salgareda (TV), ha rinnovato 300 metri della rete idrica principale in via Bios, Belluno, utilizzando tecnologie &#8220;no-dig&#8221; che evitano scavi. L&#8217;intervento ha riguardato una tratta vecchia e vulnerabile, fondamentale per l&#8217;approvvigionamento idrico di diverse localit\u00e0.<br \/>\nBELLUNO Un operaio cinquantaduenne di Belluno \u00e8 stato ricoverato in rianimazione dopo essersi accasciato sul tetto di un immobile a causa del caldo estremo, evidenziando il problema dello stress termico anche nel nord Italia. Ilaria Sperandio, segretaria della Fillea CGIL di Belluno, sottolinea l&#8217;importanza di fermare i lavori nelle ore pi\u00f9 calde per proteggere la salute dei lavoratori.<br \/>\nFELTRE Primo passo formale nella progettazione e realizzazione del nuovo asilo nido di Villapaiera. La giunta comunale ha infatti approvato nella sua ultima seduta il DIP, ovvero il Documento di Indirizzo della Progettazione, che delinea le caratteristiche di massima che dovr\u00e0 avere la nuova struttura che sorger\u00e0 nell&#8217;area all&#8217;incrocio tra Via La Villa e Via Camp Lonc.<br \/>\nBELLUNO\u00a0 \u00e8 stata formalmente costituita la &#8220;Fondazione per la Comunit\u00e0 Energetica Rinnovabile \u2013 C.E.R. Dolomiti ETS&#8221; presso lo studio del notaio Michele Palumbo. Presenti alla firma autorit\u00e0 istituzionali, tra cui Marco Staunovo Polacco del Consorzio BIM Piave-Belluno, Mario Pozza della Camera di Commercio Treviso-Belluno Dolomiti, Sergio Gallo del Comune di Belluno e Claudio Dalla Palma del Comune di Feltre.<br \/>\nPONTE NELLE ALPI Paolo Vendramini, sindaco di Ponte nelle Alpi dal 2014 al 2024, ha presentato il rendiconto del suo mandato, sottolineando i successi raggiunti in dieci anni di amministrazione. Vendramini ha elogiato la sua squadra per il sostegno e l\u2019impegno costante, e ha ricordato le opere pubbliche realizzate, la riqualificazione urbana e lo sviluppo territoriale.<\/p>\n<p><a class=\"dt-pswp-item\" href=\"https:\/\/www.radiopiu.net\/wordpress\/wp-content\/uploads\/2024\/07\/Senza-nome-80.png\" data-dt-img-description=\"\" data-large_image_width=\"463\" data-large_image_height=\"261\"><img loading=\"lazy\" decoding=\"async\" class=\"size-medium wp-image-400427 alignleft\" src=\"https:\/\/www.radiopiu.net\/wordpress\/wp-content\/uploads\/2024\/07\/Senza-nome-80-300x169.png\" alt=\"\" width=\"300\" height=\"169\" srcset=\"https:\/\/www.radiopiu.net\/wordpress\/wp-content\/uploads\/2024\/07\/Senza-nome-80-300x169.png 300w, https:\/\/www.radiopiu.net\/wordpress\/wp-content\/uploads\/2024\/07\/Senza-nome-80.png 463w\" sizes=\"auto, (max-width: 300px) 100vw, 300px\" \/><\/a>BELLUNO Riapre domani la seggiovia del Nevegal, ma non \u00e8 l&#8217;unica novit\u00e0: la societ\u00e0 impiantistica cambia nome e in meno di un mese dall&#8217;ingresso dei nuovo soci bresciani sono gi\u00e0 stati investiti 1,5 milioni di euro per lo sviluppo del Colle bellunese.<br \/>\nALLEGHE Il sindaco Danilo De Toni ha convocato il consiglio comunale per mercoled\u00ec alle 20:30. tra gli argomenti da discutere la seconda variazione a bilancio, il documento unico di programmazione 2025\/2027, i lavori di realizzazione della nuova sede del distretto socio-sanitario di Alleghe e le comunicazioni del sindaco.<br \/>\nBELLUNO Il Presidente del Consiglio di Bacino &#8220;Dolomiti Bellunesi&#8221; convoca l&#8217;Assemblea del Consiglio per gioved\u00ec 25 luglio alle 15 in Sala Bianchi a Belluno. L&#8217;ordine del giorno prevede: comunicazioni, approvazione della Relazione Semestrale sullo stato di attuazione dei programmi ed Equilibri di Bilancio, approvazione del Documento Unico di Programmazione 2025-2027, nomina del Comitato Istituzionale e del Presidente del Consiglio di Bacino.<br \/>\nSEDICO Il Centro di Recupero della Fauna Selvatica (CRAS) di Sedico riaprir\u00e0 entro fine anno a Villa Zuppanio. L&#8217;accordo, firmato oggi, coinvolge Regione Veneto, Provincia di Belluno e Veneto Agricoltura, con un contributo annuo di 50 mila euro per tre anni.<br \/>\nROMA Il libro &#8220;Vita in fabbrica. Calalzo di Cadore 1970-2006&#8221; raccoglie le testimonianze dei lavoratori dello stabilimento Safilo di Calalzo di Cadore negli ultimi trent&#8217;anni di attivit\u00e0. Sar\u00e0 presentato marted\u00ec al Senato. Parteciperanno il neo-sindaco Luca Fanton, il curatore Pier Mario Fop, gli autori Angelo De Marchi, Giovanna Fornasier, Angelo Da Col, Ernesto Da Deppo, Roberto Scott\u00e0, Ines Smaniotto, e la direttrice del Museo dell&#8217;Occhiale Daniela Zambelli.<br \/>\nCONSIDERATO CHE LE VESPE&#8230; NON VOLANO<br \/>\nAnas, Autostrade, Prefetture di Belluno e Treviso, Provincia, Regione, Comuni interessati sono stati resi partecipi di un problema di non poco conto che potrebbe inficiare il successo di un evento nazionale in programma nel fine settimana. Per ora risposte non esaustive, non dagli enti direttamente interessati&#8230; e mancano poche ore all&#8217;evento.<\/p>\n","protected":false},"excerpt":{"rendered":"<p>*** FELTRE Il 18enne S.S. \u00e8 stato trasportato in elicottero in condizioni critiche all&#8217;ospedale di Treviso dopo un violento incidente in via Montelungo. Lo scontro frontale tra la sua Yamaha 125 e un&#8217;Audi condotta dal 28enne G.L. \u00e8 avvenuto su un lungo rettilineo con buona visibilit\u00e0. L&#8217;impatto \u00e8 stato devastante, con il giovane sbalzato dalla&hellip;<\/p>\n","protected":false},"author":4,"featured_media":400465,"comment_status":"closed","ping_status":"closed","sticky":false,"template":"","format":"standard","meta":{"_monsterinsights_skip_tracking":false,"_monsterinsights_sitenote_active":false,"_monsterinsights_sitenote_note":"","_monsterinsights_sitenote_category":0,"footnotes":""},"categories":[104,49],"tags":[],"class_list":["post-400477","post","type-post","status-publish","format-standard","has-post-thumbnail","hentry","category-evidenza_3","category-news-18","category-104","category-49","description-off"],"img_url":"https:\/\/www.radiopiu.net\/wordpress\/wp-content\/uploads\/2024\/07\/Senza-nome-84.png","_links":{"self":[{"href":"https:\/\/www.radiopiu.net\/wordpress\/wp-json\/wp\/v2\/posts\/400477","targetHints":{"allow":["GET"]}}],"collection":[{"href":"https:\/\/www.radiopiu.net\/wordpress\/wp-json\/wp\/v2\/posts"}],"about":[{"href":"https:\/\/www.radiopiu.net\/wordpress\/wp-json\/wp\/v2\/types\/post"}],"author":[{"embeddable":true,"href":"https:\/\/www.radiopiu.net\/wordpress\/wp-json\/wp\/v2\/users\/4"}],"replies":[{"embeddable":true,"href":"https:\/\/www.radiopiu.net\/wordpress\/wp-json\/wp\/v2\/comments?post=400477"}],"version-history":[{"count":0,"href":"https:\/\/www.radiopiu.net\/wordpress\/wp-json\/wp\/v2\/posts\/400477\/revisions"}],"wp:featuredmedia":[{"embeddable":true,"href":"https:\/\/www.radiopiu.net\/wordpress\/wp-json\/wp\/v2\/media\/400465"}],"wp:attachment":[{"href":"https:\/\/www.radiopiu.net\/wordpress\/wp-json\/wp\/v2\/media?parent=400477"}],"wp:term":[{"taxonomy":"category","embeddable":true,"href":"https:\/\/www.radiopiu.net\/wordpress\/wp-json\/wp\/v2\/categories?post=400477"},{"taxonomy":"post_tag","embeddable":true,"href":"https:\/\/www.radiopiu.net\/wordpress\/wp-json\/wp\/v2\/tags?post=400477"}],"curies":[{"name":"wp","href":"https:\/\/api.w.org\/{rel}","templated":true}]}}