{"id":400575,"date":"2024-07-22T04:56:13","date_gmt":"2024-07-22T02:56:13","guid":{"rendered":"https:\/\/www.radiopiu.net\/wordpress\/?p=400575"},"modified":"2024-07-22T14:00:39","modified_gmt":"2024-07-22T12:00:39","slug":"aiuto-ho-un-problema-a","status":"publish","type":"post","link":"https:\/\/www.radiopiu.net\/wordpress\/aiuto-ho-un-problema-a\/","title":{"rendered":"DILLO A RADIO PIU&#8217;&#8230; SUL SENTIERO E&#8217; ANDATA COSI&#8217;"},"content":{"rendered":"<p>**<\/p>\n<p>&nbsp;<\/p>\n<div class=\"flex flex-grow flex-col max-w-full\">\n<div class=\"min-h-[20px] text-message flex w-full flex-col items-end gap-2 whitespace-pre-wrap break-words [.text-message+&amp;]:mt-5 overflow-x-auto\" dir=\"auto\" data-message-author-role=\"assistant\" data-message-id=\"beca2334-b15f-48a5-8c88-eb8738e30633\">\n<div class=\"flex w-full flex-col gap-1 empty:hidden first:pt-[3px]\">\n<div class=\"markdown prose w-full break-words dark:prose-invert dark\">\n<blockquote><p><em>il marito dell&#8217;infortunata, sottolinea che lui e un referente CAI hanno prestato le prime cure, ma hanno poi richiesto soccorso. Il medico ha confermato la gravit\u00e0 dell&#8217;infortunio e l&#8217;elicottero \u00e8 stato necessario.<\/em><\/p><\/blockquote>\n<\/div>\n<\/div>\n<\/div>\n<\/div>\n<div class=\"mt-1 flex gap-3 empty:hidden ml-3\">\n<div class=\"items-center justify-start rounded-xl p-1 flex\">\n<div class=\"flex items-center\"><strong>REDAZIONE: riceviamo a pubblichiamo.\u00a0<\/strong><\/div>\n<div><\/div>\n<div class=\"flex items-center\"><a class=\"dt-pswp-item\" href=\"https:\/\/www.radiopiu.net\/wordpress\/wp-content\/uploads\/2020\/06\/ELICOTTERO-SUEM.jpg\" data-dt-img-description=\"\" data-large_image_width=\"1368\" data-large_image_height=\"765\"><img loading=\"lazy\" decoding=\"async\" class=\"size-medium wp-image-142190 alignleft\" src=\"https:\/\/www.radiopiu.net\/wordpress\/wp-content\/uploads\/2020\/06\/ELICOTTERO-SUEM-300x168.jpg\" alt=\"\" width=\"300\" height=\"168\" srcset=\"https:\/\/www.radiopiu.net\/wordpress\/wp-content\/uploads\/2020\/06\/ELICOTTERO-SUEM-300x168.jpg 300w, https:\/\/www.radiopiu.net\/wordpress\/wp-content\/uploads\/2020\/06\/ELICOTTERO-SUEM-1024x573.jpg 1024w, https:\/\/www.radiopiu.net\/wordpress\/wp-content\/uploads\/2020\/06\/ELICOTTERO-SUEM-768x429.jpg 768w, https:\/\/www.radiopiu.net\/wordpress\/wp-content\/uploads\/2020\/06\/ELICOTTERO-SUEM.jpg 1368w\" sizes=\"auto, (max-width: 300px) 100vw, 300px\" \/><\/a>In merito all&#8217;articolo apparso sul vs sito (v. link sotto) volevo sottolineare che io ed il referente all&#8217;uscita del Cai abbiamo prestato subito le prime cure all&#8217;infortunata, ma dopo 15\/20 minuti abbiamo capito che l&#8217;infortunio non era semplice da gestire e stabilizzare. Appunto durante uscita sociale escursionistica con Cai Castelfranco Veneto , la moglie \u00e8 scivolata ed ha avuto bisogno di cure specifiche perch\u00e8 la caviglia non riusciva a muoverla ed aveva un forte dolore nella parte inferiore (tallone). Abbiamo provato a stabilizzare e far muovere infortunata ma siamo stati costretti a chiamare il numero unico 112. Il medico intervenuto ha confermato la gravit\u00e0 e quindi ha dato l&#8217;ok per il recupero della signora.<br \/>\nAlla fine si tratta di frattura malleolo peronale.\u00a0 Quindi il titolo \u00e8 fuorviante e le prime righe mostrano diverse falsit\u00e0 . Ne sono rimasto dispiaciuto e deluso, anche perch\u00e8 vi seguo quotidianamente visto la mia frequentazione assidua agordina. In pi\u00f9 ho assistito a tutta la chiamata fatta dal capogita e vi confermo che nessuno si \u00e8 permesso di chiedere elicottero, ma abbiamo chiamato il 112 per la gestione sia dell&#8217; emergenza che del gruppo (in totale eravamo in 18 persone) per poter arrivare al rif. San Marco (qualcuno di noi \u00e8 arrivato alle h21). Ci \u00e8 poi stato confermato con una telefonata che vista la posizione non c&#8217;era altra possibilit\u00e0 di un intervento con elicottero Spero che ci sia una rettifica ed un giusto riscontro sul vostro ottimo ed utile sito<\/div>\n<\/div>\n<\/div>\n<p>&nbsp;<\/p>\n<p>&nbsp;<\/p>\n<hr \/>\n<p>&nbsp;<\/p>\n<div class=\"page-title-head hgroup\">\n<h1 class=\"entry-title\">AIUTO HO UN PROBLEMA ALLA CAVIGLIA, MI MANDI L\u2019ELICOTTERO<\/h1>\n<\/div>\n<div class=\"page-title-breadcrumbs\"><\/div>\n<p><strong>REDAZIONE<\/strong> Seconda chiamata in un giorno per un trauma alla caviglia. Ci auguriamo che quella vota che servir\u00e0 l&#8217;elicottero per un intervento serio non sia impegnato per questo, o per la slogatura di un polso, o perch\u00e8 il turista di turno soffre di stanchezza. Alla faccia del denaro che non si trova per la sanit\u00e0. Quali sono i costi per questo intervento? Quanto costa il medico? Il gettone di presenza per gli infermieri che immaginiamo facciano a gara per essere messi in turno? Quanti i contributi per questi interventi aerei. Sarebbe bello vederli nero su bianco a fine stagione, ma non capiter\u00e0 come non \u00e8 mai successo.\u00a0 \u00a0(mm)<\/p>\n<p><img decoding=\"async\" class=\"alignleft\" src=\"https:\/\/www.radiopiu.net\/wordpress\/wp-content\/uploads\/2024\/07\/th-11.jpg\" \/><\/p>\n<div><strong>SOCCORSA ESCURSIONISTA AL RIENTRO DA UNA FERRATA<\/strong><\/div>\n<div dir=\"auto\"><\/div>\n<div dir=\"auto\">CORTINA\u00a0 L&#8217;elicottero del Suem di Pieve di Cadore \u00e8 stato inviato nel pomeriggio lungo la discesa che dall&#8217;uscita della Ferrata Vandelli al Sorapis porta al Bivacco Comici, per una escursionista che si era fatta male. La 46enne di Spinea (VE) \u00e8 stata recuperata per un probabile trauma alla caviglia \u00e8 portata all&#8217;ospedale di Cortina.<\/div>\n<div dir=\"auto\"><\/div>\n<div dir=\"auto\"><\/div>\n<div dir=\"auto\"><\/div>\n<div dir=\"auto\">\n<hr \/>\n<p>__<\/p>\n<\/div>\n<div dir=\"auto\"><\/div>\n","protected":false},"excerpt":{"rendered":"<p>** &nbsp; il marito dell&#8217;infortunata, sottolinea che lui e un referente CAI hanno prestato le prime cure, ma hanno poi richiesto soccorso. Il medico ha confermato la gravit\u00e0 dell&#8217;infortunio e l&#8217;elicottero \u00e8 stato necessario. REDAZIONE: riceviamo a pubblichiamo.\u00a0 In merito all&#8217;articolo apparso sul vs sito (v. link sotto) volevo sottolineare che io ed il referente&hellip;<\/p>\n","protected":false},"author":4,"featured_media":142190,"comment_status":"closed","ping_status":"closed","sticky":false,"template":"","format":"standard","meta":{"_monsterinsights_skip_tracking":false,"_monsterinsights_sitenote_active":false,"_monsterinsights_sitenote_note":"","_monsterinsights_sitenote_category":0,"footnotes":""},"categories":[49],"tags":[],"class_list":["post-400575","post","type-post","status-publish","format-standard","has-post-thumbnail","hentry","category-news-18","category-49","description-off"],"img_url":"https:\/\/www.radiopiu.net\/wordpress\/wp-content\/uploads\/2020\/06\/ELICOTTERO-SUEM.jpg","_links":{"self":[{"href":"https:\/\/www.radiopiu.net\/wordpress\/wp-json\/wp\/v2\/posts\/400575","targetHints":{"allow":["GET"]}}],"collection":[{"href":"https:\/\/www.radiopiu.net\/wordpress\/wp-json\/wp\/v2\/posts"}],"about":[{"href":"https:\/\/www.radiopiu.net\/wordpress\/wp-json\/wp\/v2\/types\/post"}],"author":[{"embeddable":true,"href":"https:\/\/www.radiopiu.net\/wordpress\/wp-json\/wp\/v2\/users\/4"}],"replies":[{"embeddable":true,"href":"https:\/\/www.radiopiu.net\/wordpress\/wp-json\/wp\/v2\/comments?post=400575"}],"version-history":[{"count":0,"href":"https:\/\/www.radiopiu.net\/wordpress\/wp-json\/wp\/v2\/posts\/400575\/revisions"}],"wp:featuredmedia":[{"embeddable":true,"href":"https:\/\/www.radiopiu.net\/wordpress\/wp-json\/wp\/v2\/media\/142190"}],"wp:attachment":[{"href":"https:\/\/www.radiopiu.net\/wordpress\/wp-json\/wp\/v2\/media?parent=400575"}],"wp:term":[{"taxonomy":"category","embeddable":true,"href":"https:\/\/www.radiopiu.net\/wordpress\/wp-json\/wp\/v2\/categories?post=400575"},{"taxonomy":"post_tag","embeddable":true,"href":"https:\/\/www.radiopiu.net\/wordpress\/wp-json\/wp\/v2\/tags?post=400575"}],"curies":[{"name":"wp","href":"https:\/\/api.w.org\/{rel}","templated":true}]}}