{"id":400612,"date":"2024-07-21T10:00:46","date_gmt":"2024-07-21T08:00:46","guid":{"rendered":"https:\/\/www.radiopiu.net\/wordpress\/?p=400612"},"modified":"2024-07-21T08:48:56","modified_gmt":"2024-07-21T06:48:56","slug":"lalleghe-hockey-saluta-thomas-de-silvestro","status":"publish","type":"post","link":"https:\/\/www.radiopiu.net\/wordpress\/lalleghe-hockey-saluta-thomas-de-silvestro\/","title":{"rendered":"L&#8217;ALLEGHE HOCKEY SALUTA THOMAS DE SILVESTRO"},"content":{"rendered":"<p>*******<\/p>\n<p>&nbsp;<\/p>\n<p><strong><a class=\"dt-pswp-item\" href=\"https:\/\/www.radiopiu.net\/wordpress\/wp-content\/uploads\/2024\/07\/0765d196-fdb2-4921-89ae-b6ee687d3854.jpg\" data-dt-img-description=\"\" data-large_image_width=\"819\" data-large_image_height=\"529\"><img loading=\"lazy\" decoding=\"async\" class=\" wp-image-400613 alignleft\" src=\"https:\/\/www.radiopiu.net\/wordpress\/wp-content\/uploads\/2024\/07\/0765d196-fdb2-4921-89ae-b6ee687d3854-300x194.jpg\" alt=\"\" width=\"206\" height=\"133\" srcset=\"https:\/\/www.radiopiu.net\/wordpress\/wp-content\/uploads\/2024\/07\/0765d196-fdb2-4921-89ae-b6ee687d3854-300x194.jpg 300w, https:\/\/www.radiopiu.net\/wordpress\/wp-content\/uploads\/2024\/07\/0765d196-fdb2-4921-89ae-b6ee687d3854-768x496.jpg 768w, https:\/\/www.radiopiu.net\/wordpress\/wp-content\/uploads\/2024\/07\/0765d196-fdb2-4921-89ae-b6ee687d3854.jpg 819w\" sizes=\"auto, (max-width: 206px) 100vw, 206px\" \/><\/a>DI ROBERTO MIANA, PORTAVOCE DELL&#8217;ALLEGHE HOCKEY<\/strong><\/p>\n<p>Dopo diverse conferme l\u2019Alleghe Hockey comunica con dispiacere che Thomas De Silvestro, nella prossima stagione, non far\u00e0 parte del roster biancorosso per motivi di lavoro inconciliabili con l\u2019impegno sportivo che richiede il campionato IHL. La Societ\u00e0 ringrazia Thomas per la dedizione dimostrata e lo attende a braccia aperte per il prossimo futuro, augurandogli nel frattempo le migliori fortune sia lavorative che personali.<br \/>\nQueste le parole di Thomas: \u201cMi spiace molto non poter far parte della squadra e non giocare ad hockey questa stagione, ma allo stesso tempo sono contento di aver vinto il concorso per il Soccorso Alpino della Guardia di Finanza, al quale tenevo molto e che avevo gi\u00e0 provato a passare due anni fa. Certe occasioni passano una volta nella vita e bisogna saperle cogliere al volo. Adesso ho cominciato la formazione in caserma a Predazzo, questo mi occupa tutta la settimana, ci lasciano libera qualche ora solo nel weekend e per quest\u2019anno non riuscir\u00f2 a conciliare le due cose. \u00c8 stata una scelta non facile perch\u00e9 l\u2019hockey \u00e8 uno sport che mi piace, che ho sempre praticato fin da piccolo e fino ad ora ero riuscito a conciliare con il lavoro. L\u2019anno prossimo spero di poter riprendere a giocare, ma dipender\u00e0 molto da dove mi destineranno con il nuovo lavoro e quindi per il futuro si vedr\u00e0\u2026\u201d<\/p>\n<p>&nbsp;<\/p>\n<p>&nbsp;<\/p>\n<p>***********<\/p>\n","protected":false},"excerpt":{"rendered":"<p>******* &nbsp; DI ROBERTO MIANA, PORTAVOCE DELL&#8217;ALLEGHE HOCKEY Dopo diverse conferme l\u2019Alleghe Hockey comunica con dispiacere che Thomas De Silvestro, nella prossima stagione, non far\u00e0 parte del roster biancorosso per motivi di lavoro inconciliabili con l\u2019impegno sportivo che richiede il campionato IHL. La Societ\u00e0 ringrazia Thomas per la dedizione dimostrata e lo attende a braccia&hellip;<\/p>\n","protected":false},"author":4,"featured_media":400613,"comment_status":"closed","ping_status":"closed","sticky":false,"template":"","format":"standard","meta":{"_monsterinsights_skip_tracking":false,"_monsterinsights_sitenote_active":false,"_monsterinsights_sitenote_note":"","_monsterinsights_sitenote_category":0,"footnotes":""},"categories":[49],"tags":[],"class_list":["post-400612","post","type-post","status-publish","format-standard","has-post-thumbnail","hentry","category-news-18","category-49","description-off"],"img_url":"https:\/\/www.radiopiu.net\/wordpress\/wp-content\/uploads\/2024\/07\/0765d196-fdb2-4921-89ae-b6ee687d3854.jpg","_links":{"self":[{"href":"https:\/\/www.radiopiu.net\/wordpress\/wp-json\/wp\/v2\/posts\/400612","targetHints":{"allow":["GET"]}}],"collection":[{"href":"https:\/\/www.radiopiu.net\/wordpress\/wp-json\/wp\/v2\/posts"}],"about":[{"href":"https:\/\/www.radiopiu.net\/wordpress\/wp-json\/wp\/v2\/types\/post"}],"author":[{"embeddable":true,"href":"https:\/\/www.radiopiu.net\/wordpress\/wp-json\/wp\/v2\/users\/4"}],"replies":[{"embeddable":true,"href":"https:\/\/www.radiopiu.net\/wordpress\/wp-json\/wp\/v2\/comments?post=400612"}],"version-history":[{"count":0,"href":"https:\/\/www.radiopiu.net\/wordpress\/wp-json\/wp\/v2\/posts\/400612\/revisions"}],"wp:featuredmedia":[{"embeddable":true,"href":"https:\/\/www.radiopiu.net\/wordpress\/wp-json\/wp\/v2\/media\/400613"}],"wp:attachment":[{"href":"https:\/\/www.radiopiu.net\/wordpress\/wp-json\/wp\/v2\/media?parent=400612"}],"wp:term":[{"taxonomy":"category","embeddable":true,"href":"https:\/\/www.radiopiu.net\/wordpress\/wp-json\/wp\/v2\/categories?post=400612"},{"taxonomy":"post_tag","embeddable":true,"href":"https:\/\/www.radiopiu.net\/wordpress\/wp-json\/wp\/v2\/tags?post=400612"}],"curies":[{"name":"wp","href":"https:\/\/api.w.org\/{rel}","templated":true}]}}