{"id":400666,"date":"2024-07-22T04:57:17","date_gmt":"2024-07-22T02:57:17","guid":{"rendered":"https:\/\/www.radiopiu.net\/wordpress\/?p=400666"},"modified":"2024-07-22T05:15:01","modified_gmt":"2024-07-22T03:15:01","slug":"la-domenica-del-suem-inizia-con-quattro-interventi","status":"publish","type":"post","link":"https:\/\/www.radiopiu.net\/wordpress\/la-domenica-del-suem-inizia-con-quattro-interventi\/","title":{"rendered":"LA DOMENICA DEL SUEM INIZIA CON QUATTRO INTERVENTI"},"content":{"rendered":"<p>*******<\/p>\n<p>&nbsp;<\/p>\n<p><strong>REDAZIONE<\/strong> La penultima domenica di luglio inizia con quattro interventi del Suem 118. Il primo sulla Forcella Piccola dell&#8217;Antelao dove un 23enne di treviso si \u00e8 procurato un trauma. Poco dopo le 10 l&#8217;elicottero Falco 2 assieme all&#8217;ambulanza di Rocca Pietore hanno assisito un uomo di 80 anni che aveva accusato un malore, \u00e8 stato portato all&#8217;ospedale di Agordo in gravi condizioni. Al Rifugio Coldai un 40enne di Rocca Pietore si \u00e8 fatto male ed \u00e8 stato elitrasportato al nosocomio di Belluno. Infine a Fa\u00e8 di Longarone un incidente in auto ha causato 3 feriti, uno lieve e due di media gravit\u00e0. Sono stati portati per accertamenti al San Martino di Belluno.<\/p>\n<p>&nbsp;<\/p>\n<p>&nbsp;<\/p>\n<p>*******<\/p>\n","protected":false},"excerpt":{"rendered":"<p>******* &nbsp; REDAZIONE La penultima domenica di luglio inizia con quattro interventi del Suem 118. Il primo sulla Forcella Piccola dell&#8217;Antelao dove un 23enne di treviso si \u00e8 procurato un trauma. Poco dopo le 10 l&#8217;elicottero Falco 2 assieme all&#8217;ambulanza di Rocca Pietore hanno assisito un uomo di 80 anni che aveva accusato un malore,&hellip;<\/p>\n","protected":false},"author":4,"featured_media":388046,"comment_status":"closed","ping_status":"closed","sticky":false,"template":"","format":"standard","meta":{"_monsterinsights_skip_tracking":false,"_monsterinsights_sitenote_active":false,"_monsterinsights_sitenote_note":"","_monsterinsights_sitenote_category":0,"footnotes":""},"categories":[51,49],"tags":[],"class_list":["post-400666","post","type-post","status-publish","format-standard","has-post-thumbnail","hentry","category-evidenza-top","category-news-18","category-51","category-49","description-off"],"img_url":"https:\/\/www.radiopiu.net\/wordpress\/wp-content\/uploads\/2024\/05\/SUEM-SALT.jpg","_links":{"self":[{"href":"https:\/\/www.radiopiu.net\/wordpress\/wp-json\/wp\/v2\/posts\/400666","targetHints":{"allow":["GET"]}}],"collection":[{"href":"https:\/\/www.radiopiu.net\/wordpress\/wp-json\/wp\/v2\/posts"}],"about":[{"href":"https:\/\/www.radiopiu.net\/wordpress\/wp-json\/wp\/v2\/types\/post"}],"author":[{"embeddable":true,"href":"https:\/\/www.radiopiu.net\/wordpress\/wp-json\/wp\/v2\/users\/4"}],"replies":[{"embeddable":true,"href":"https:\/\/www.radiopiu.net\/wordpress\/wp-json\/wp\/v2\/comments?post=400666"}],"version-history":[{"count":0,"href":"https:\/\/www.radiopiu.net\/wordpress\/wp-json\/wp\/v2\/posts\/400666\/revisions"}],"wp:featuredmedia":[{"embeddable":true,"href":"https:\/\/www.radiopiu.net\/wordpress\/wp-json\/wp\/v2\/media\/388046"}],"wp:attachment":[{"href":"https:\/\/www.radiopiu.net\/wordpress\/wp-json\/wp\/v2\/media?parent=400666"}],"wp:term":[{"taxonomy":"category","embeddable":true,"href":"https:\/\/www.radiopiu.net\/wordpress\/wp-json\/wp\/v2\/categories?post=400666"},{"taxonomy":"post_tag","embeddable":true,"href":"https:\/\/www.radiopiu.net\/wordpress\/wp-json\/wp\/v2\/tags?post=400666"}],"curies":[{"name":"wp","href":"https:\/\/api.w.org\/{rel}","templated":true}]}}