{"id":400691,"date":"2024-07-26T04:50:58","date_gmt":"2024-07-26T02:50:58","guid":{"rendered":"https:\/\/www.radiopiu.net\/wordpress\/?p=400691"},"modified":"2024-07-26T05:14:22","modified_gmt":"2024-07-26T03:14:22","slug":"conferenza-ecologia","status":"publish","type":"post","link":"https:\/\/www.radiopiu.net\/wordpress\/conferenza-ecologia\/","title":{"rendered":"questa sera CONFERENZA ECOLOGIA DELLE PIANTE IN AMBIENTE ALPINO"},"content":{"rendered":"<blockquote>\n<h2 class=\"articlePlainSubHead\">Questa sera alle 20.30 a Cencenighe Incontro al Nof Fil\u00f2 sulle piante alpine<\/h2>\n<\/blockquote>\n<div class=\"articlePlainText\"><strong>CENCENIGHE\u00a0 <\/strong>Nell&#8217;ambito degli eventi promossi dall&#8217;Ecomuseo Valle del Bi\u00f3is, questa sera alle ore 20.30, al centro culturale N\u00f3f Fil\u00f2 di Cencenighe, il professor Marcello Tomaselli, gi\u00e0 docente di botanica ambientale e applicata all&#8217;Universit\u00e0 degli studi di Parma, terr\u00e0 una conferenza sul tema &#8220;Ecologia delle piante in ambiente alpino&#8221;. L&#8217;incontro \u00e8 organizzato dalla Pro Loco e dalla biblioteca di Cencenighe con il patrocinio dell&#8217;amministrazione comunale.<\/div>\n<p>***<\/p>\n<p><strong><img loading=\"lazy\" decoding=\"async\" class=\"alignleft\" src=\"https:\/\/www.radiopiu.net\/wordpress\/wp-content\/uploads\/2024\/07\/Manifesto-ecologia-delle-piante.jpg\" width=\"142\" height=\"201\" \/>CENCENIGHE<\/strong><\/p>\n<p><strong>LUISA MANFROI<\/strong><\/p>\n<p>&nbsp;<\/p>\n<audio class=\"wp-audio-shortcode\" id=\"audio-400691-1\" preload=\"none\" style=\"width: 100%;\" controls=\"controls\"><source type=\"audio\/mpeg\" src=\"https:\/\/www.radiopiu.net\/wordpress\/wp-content\/uploads\/2024\/07\/Conferenza-Ecologia-piante-ambiente-alpino-M.mp3?_=1\" \/><a href=\"https:\/\/www.radiopiu.net\/wordpress\/wp-content\/uploads\/2024\/07\/Conferenza-Ecologia-piante-ambiente-alpino-M.mp3\">https:\/\/www.radiopiu.net\/wordpress\/wp-content\/uploads\/2024\/07\/Conferenza-Ecologia-piante-ambiente-alpino-M.mp3<\/a><\/audio>\n<p>&nbsp;<\/p>\n<p>&nbsp;<\/p>\n<hr \/>\n<p>&nbsp;<\/p>\n","protected":false},"excerpt":{"rendered":"<p>Questa sera alle 20.30 a Cencenighe Incontro al Nof Fil\u00f2 sulle piante alpine CENCENIGHE\u00a0 Nell&#8217;ambito degli eventi promossi dall&#8217;Ecomuseo Valle del Bi\u00f3is, questa sera alle ore 20.30, al centro culturale N\u00f3f Fil\u00f2 di Cencenighe, il professor Marcello Tomaselli, gi\u00e0 docente di botanica ambientale e applicata all&#8217;Universit\u00e0 degli studi di Parma, terr\u00e0 una conferenza sul tema&hellip;<\/p>\n","protected":false},"author":4,"featured_media":400693,"comment_status":"closed","ping_status":"closed","sticky":false,"template":"","format":"standard","meta":{"_monsterinsights_skip_tracking":false,"_monsterinsights_sitenote_active":false,"_monsterinsights_sitenote_note":"","_monsterinsights_sitenote_category":0,"footnotes":""},"categories":[51,49],"tags":[],"class_list":["post-400691","post","type-post","status-publish","format-standard","has-post-thumbnail","hentry","category-evidenza-top","category-news-18","category-51","category-49","description-off"],"img_url":"https:\/\/www.radiopiu.net\/wordpress\/wp-content\/uploads\/2024\/07\/Manifesto-ecologia-delle-piante.jpg","_links":{"self":[{"href":"https:\/\/www.radiopiu.net\/wordpress\/wp-json\/wp\/v2\/posts\/400691","targetHints":{"allow":["GET"]}}],"collection":[{"href":"https:\/\/www.radiopiu.net\/wordpress\/wp-json\/wp\/v2\/posts"}],"about":[{"href":"https:\/\/www.radiopiu.net\/wordpress\/wp-json\/wp\/v2\/types\/post"}],"author":[{"embeddable":true,"href":"https:\/\/www.radiopiu.net\/wordpress\/wp-json\/wp\/v2\/users\/4"}],"replies":[{"embeddable":true,"href":"https:\/\/www.radiopiu.net\/wordpress\/wp-json\/wp\/v2\/comments?post=400691"}],"version-history":[{"count":0,"href":"https:\/\/www.radiopiu.net\/wordpress\/wp-json\/wp\/v2\/posts\/400691\/revisions"}],"wp:featuredmedia":[{"embeddable":true,"href":"https:\/\/www.radiopiu.net\/wordpress\/wp-json\/wp\/v2\/media\/400693"}],"wp:attachment":[{"href":"https:\/\/www.radiopiu.net\/wordpress\/wp-json\/wp\/v2\/media?parent=400691"}],"wp:term":[{"taxonomy":"category","embeddable":true,"href":"https:\/\/www.radiopiu.net\/wordpress\/wp-json\/wp\/v2\/categories?post=400691"},{"taxonomy":"post_tag","embeddable":true,"href":"https:\/\/www.radiopiu.net\/wordpress\/wp-json\/wp\/v2\/tags?post=400691"}],"curies":[{"name":"wp","href":"https:\/\/api.w.org\/{rel}","templated":true}]}}