{"id":400725,"date":"2024-07-21T08:41:26","date_gmt":"2024-07-21T06:41:26","guid":{"rendered":"https:\/\/www.radiopiu.net\/wordpress\/?p=400725"},"modified":"2024-07-21T19:41:52","modified_gmt":"2024-07-21T17:41:52","slug":"sportivamente-belluno-brilla-ai-campionati-regionali-esordienti-a","status":"publish","type":"post","link":"https:\/\/www.radiopiu.net\/wordpress\/sportivamente-belluno-brilla-ai-campionati-regionali-esordienti-a\/","title":{"rendered":"Sportivamente Belluno Brilla ai Campionati Regionali Esordienti A"},"content":{"rendered":"<p>***<\/p>\n<blockquote>\n<h3><\/h3>\n<\/blockquote>\n<p>La piscina olimpionica di Monastier \u00e8 stata il palcoscenico dei Campionati regionali Esordienti A, dove la Sportivamente Belluno ha partecipato con dodici atleti determinati. La pi\u00f9 grande soddisfazione \u00e8 venuta dai 200 misti, con Mattia Don\u00e0 che ha vinto l&#8217;oro con un tempo di 2&#8217;28&#8243;06. Anche Federico Nerviani e Rodolfo Zanon si sono distinti, mentre Dora Bortoluzzi e Camilla Fistarol sono finite tra le prime venti. Fistarol e Nerviani hanno centrato la top ten, accumulando punti preziosi per la squadra. Laura Ivessa e Rodolfo Zanon, al loro primo anno in categoria, hanno mostrato una crescita notevole. Don\u00e0 si \u00e8 avvicinato al podio nei 100 dorso (1&#8217;09&#8243;40) e nei 100 rana (1&#8217;18&#8243;51). Ottime le prestazioni di Alessandro Morra (1&#8217;14&#8243;38) e Mario Dalla Riva (1&#8217;14&#8243;61) nel dorso, con Bortoluzzi che ha migliorato il suo personale nei 400 stile (5&#8217;20&#8243;65). La staffetta 4&#215;100 mista maschile, composta da Dalla Riva, Don\u00e0, Morra e Nerviani, ha conquistato il bronzo in 4&#8217;45&#8243;71, mentre la squadra femminile \u00e8 arrivata a met\u00e0 classifica. Nella seconda giornata, Don\u00e0 ha brillato nei 50 stile libero (27&#8243;13) e nei 200 dorso (argento in 2&#8217;27&#8243;88), con Nerviani e Dalla Riva tra i primi quindici. La staffetta 4&#215;100 stile libero maschile \u00e8 arrivata quarta, mentre la femminile quindicesima. L&#8217;allenatrice Daniela Piermarini ha espresso orgoglio per la crescita e la dedizione dei suoi atleti, dichiarando che le donano nuova energia per la prossima stagione. Ora \u00e8 tempo di vacanze: arrivederci a settembre.<\/p>\n<p>&nbsp;<\/p>\n\n\t\t\t<style type='text\/css'>\n\t\t\t\t#gallery-1 {\n\t\t\t\t\tmargin: auto;\n\t\t\t\t}\n\t\t\t\t#gallery-1 .gallery-item {\n\t\t\t\t\tfloat: left;\n\t\t\t\t\tmargin-top: 10px;\n\t\t\t\t\ttext-align: center;\n\t\t\t\t\twidth: 25%;\n\t\t\t\t}\n\t\t\t\t#gallery-1 img {\n\t\t\t\t\tborder: 2px solid #cfcfcf;\n\t\t\t\t}\n\t\t\t\t#gallery-1 .gallery-caption {\n\t\t\t\t\tmargin-left: 0;\n\t\t\t\t}\n\t\t\t\t\/* see gallery_shortcode() in wp-includes\/media.php *\/\n\t\t\t<\/style>\n\t\t<div id='gallery-1' class='dt-gallery-container gallery galleryid-400725 gallery-columns-4 gallery-size-thumbnail'><dl class='gallery-item'>\n\t\t\t\t<dt class='gallery-icon landscape'>\n\t\t\t\t\t<a class=\"rollover rollover-zoom dt-pswp-item\" title=\"Gruppo_a_bordo_piscina\" data-dt-img-description=\"\" data-large_image_width=\"640\" data-large_image_height=\"545\"href='https:\/\/www.radiopiu.net\/wordpress\/wp-content\/uploads\/2024\/07\/Gruppo_a_bordo_piscina.jpg'><img loading=\"lazy\" decoding=\"async\" width=\"150\" height=\"150\" src=\"https:\/\/www.radiopiu.net\/wordpress\/wp-content\/uploads\/2024\/07\/Gruppo_a_bordo_piscina-150x150.jpg\" class=\"attachment-thumbnail size-thumbnail\" alt=\"\" aria-describedby=\"gallery-1-400721\" \/><\/a>\n\t\t\t\t<\/dt>\n\t\t\t\t\t<dd class='wp-caption-text gallery-caption' id='gallery-1-400721'>\n\t\t\t\t\tGruppo_a_bordo_piscina\n\t\t\t\t\t<\/dd><\/dl><dl class='gallery-item'>\n\t\t\t\t<dt class='gallery-icon portrait'>\n\t\t\t\t\t<a class=\"rollover rollover-zoom dt-pswp-item\" title=\"\" data-dt-img-description=\"\" data-large_image_width=\"535\" data-large_image_height=\"640\"href='https:\/\/www.radiopiu.net\/wordpress\/wp-content\/uploads\/2024\/07\/Terza_la_staffetta.jpg'><img loading=\"lazy\" decoding=\"async\" width=\"150\" height=\"150\" src=\"https:\/\/www.radiopiu.net\/wordpress\/wp-content\/uploads\/2024\/07\/Terza_la_staffetta-150x150.jpg\" class=\"attachment-thumbnail size-thumbnail\" alt=\"\" aria-describedby=\"gallery-1-400724\" \/><\/a>\n\t\t\t\t<\/dt>\n\t\t\t\t\t<dd class='wp-caption-text gallery-caption' id='gallery-1-400724'>\n\t\t\t\t\tTerza_la_staffetta\n\t\t\t\t\t<\/dd><\/dl><dl class='gallery-item'>\n\t\t\t\t<dt class='gallery-icon portrait'>\n\t\t\t\t\t<a class=\"rollover rollover-zoom dt-pswp-item\" title=\"\" data-dt-img-description=\"\" data-large_image_width=\"541\" data-large_image_height=\"640\"href='https:\/\/www.radiopiu.net\/wordpress\/wp-content\/uploads\/2024\/07\/Mattia_Dona_medaglia_oro.jpg'><img loading=\"lazy\" decoding=\"async\" width=\"150\" height=\"150\" src=\"https:\/\/www.radiopiu.net\/wordpress\/wp-content\/uploads\/2024\/07\/Mattia_Dona_medaglia_oro-150x150.jpg\" class=\"attachment-thumbnail size-thumbnail\" alt=\"\" aria-describedby=\"gallery-1-400723\" \/><\/a>\n\t\t\t\t<\/dt>\n\t\t\t\t\t<dd class='wp-caption-text gallery-caption' id='gallery-1-400723'>\n\t\t\t\t\tMattia_Dona_medaglia_oro\n\t\t\t\t\t<\/dd><\/dl><dl class='gallery-item'>\n\t\t\t\t<dt class='gallery-icon portrait'>\n\t\t\t\t\t<a class=\"rollover rollover-zoom dt-pswp-item\" title=\"\" data-dt-img-description=\"\" data-large_image_width=\"512\" data-large_image_height=\"640\"href='https:\/\/www.radiopiu.net\/wordpress\/wp-content\/uploads\/2024\/07\/Il_gruppo_della_Sportivamente_Belluno.jpg'><img loading=\"lazy\" decoding=\"async\" width=\"150\" height=\"150\" src=\"https:\/\/www.radiopiu.net\/wordpress\/wp-content\/uploads\/2024\/07\/Il_gruppo_della_Sportivamente_Belluno-150x150.jpg\" class=\"attachment-thumbnail size-thumbnail\" alt=\"\" aria-describedby=\"gallery-1-400722\" \/><\/a>\n\t\t\t\t<\/dt>\n\t\t\t\t\t<dd class='wp-caption-text gallery-caption' id='gallery-1-400722'>\n\t\t\t\t\tIl_gruppo_della_Sportivamente_Belluno\n\t\t\t\t\t<\/dd><\/dl><br style=\"clear: both\" \/>\n\t\t\t<\/div>\n\n<p>&nbsp;<\/p>\n","protected":false},"excerpt":{"rendered":"<p>*** La piscina olimpionica di Monastier \u00e8 stata il palcoscenico dei Campionati regionali Esordienti A, dove la Sportivamente Belluno ha partecipato con dodici atleti determinati. La pi\u00f9 grande soddisfazione \u00e8 venuta dai 200 misti, con Mattia Don\u00e0 che ha vinto l&#8217;oro con un tempo di 2&#8217;28&#8243;06. Anche Federico Nerviani e Rodolfo Zanon si sono distinti,&hellip;<\/p>\n","protected":false},"author":4,"featured_media":400722,"comment_status":"closed","ping_status":"closed","sticky":false,"template":"","format":"standard","meta":{"_monsterinsights_skip_tracking":false,"_monsterinsights_sitenote_active":false,"_monsterinsights_sitenote_note":"","_monsterinsights_sitenote_category":0,"footnotes":""},"categories":[49],"tags":[],"class_list":["post-400725","post","type-post","status-publish","format-standard","has-post-thumbnail","hentry","category-news-18","category-49","description-off"],"img_url":"https:\/\/www.radiopiu.net\/wordpress\/wp-content\/uploads\/2024\/07\/Il_gruppo_della_Sportivamente_Belluno.jpg","_links":{"self":[{"href":"https:\/\/www.radiopiu.net\/wordpress\/wp-json\/wp\/v2\/posts\/400725","targetHints":{"allow":["GET"]}}],"collection":[{"href":"https:\/\/www.radiopiu.net\/wordpress\/wp-json\/wp\/v2\/posts"}],"about":[{"href":"https:\/\/www.radiopiu.net\/wordpress\/wp-json\/wp\/v2\/types\/post"}],"author":[{"embeddable":true,"href":"https:\/\/www.radiopiu.net\/wordpress\/wp-json\/wp\/v2\/users\/4"}],"replies":[{"embeddable":true,"href":"https:\/\/www.radiopiu.net\/wordpress\/wp-json\/wp\/v2\/comments?post=400725"}],"version-history":[{"count":0,"href":"https:\/\/www.radiopiu.net\/wordpress\/wp-json\/wp\/v2\/posts\/400725\/revisions"}],"wp:featuredmedia":[{"embeddable":true,"href":"https:\/\/www.radiopiu.net\/wordpress\/wp-json\/wp\/v2\/media\/400722"}],"wp:attachment":[{"href":"https:\/\/www.radiopiu.net\/wordpress\/wp-json\/wp\/v2\/media?parent=400725"}],"wp:term":[{"taxonomy":"category","embeddable":true,"href":"https:\/\/www.radiopiu.net\/wordpress\/wp-json\/wp\/v2\/categories?post=400725"},{"taxonomy":"post_tag","embeddable":true,"href":"https:\/\/www.radiopiu.net\/wordpress\/wp-json\/wp\/v2\/tags?post=400725"}],"curies":[{"name":"wp","href":"https:\/\/api.w.org\/{rel}","templated":true}]}}