{"id":400741,"date":"2024-07-22T13:30:40","date_gmt":"2024-07-22T11:30:40","guid":{"rendered":"https:\/\/www.radiopiu.net\/wordpress\/?p=400741"},"modified":"2024-07-21T21:39:45","modified_gmt":"2024-07-21T19:39:45","slug":"i-racconti-di-paolo-soppelsa-puntata-234","status":"publish","type":"post","link":"https:\/\/www.radiopiu.net\/wordpress\/i-racconti-di-paolo-soppelsa-puntata-234\/","title":{"rendered":"I RACCONTI DI PAOLO SOPPELSA &#8211; PUNTATA 234"},"content":{"rendered":"<p>*******<\/p>\n<p>&nbsp;<\/p>\n<p><strong>ESTATE 1983<\/strong><\/p>\n<p><strong>AUDIO<\/strong><\/p>\n<audio class=\"wp-audio-shortcode\" id=\"audio-400741-1\" preload=\"none\" style=\"width: 100%;\" controls=\"controls\"><source type=\"audio\/mpeg\" src=\"https:\/\/www.radiopiu.net\/wordpress\/wp-content\/uploads\/2024\/07\/PAOLOS-2.mp3?_=1\" \/><a href=\"https:\/\/www.radiopiu.net\/wordpress\/wp-content\/uploads\/2024\/07\/PAOLOS-2.mp3\">https:\/\/www.radiopiu.net\/wordpress\/wp-content\/uploads\/2024\/07\/PAOLOS-2.mp3<\/a><\/audio>\n<p>&nbsp;<\/p>\n<p><a class=\"dt-pswp-item\" href=\"https:\/\/www.radiopiu.net\/wordpress\/wp-content\/uploads\/2024\/07\/573292f0-d856-45c5-add3-393222224677.jpg\" data-dt-img-description=\"\" data-large_image_width=\"1080\" data-large_image_height=\"810\"><img loading=\"lazy\" decoding=\"async\" class=\" wp-image-400753 alignleft\" src=\"https:\/\/www.radiopiu.net\/wordpress\/wp-content\/uploads\/2024\/07\/573292f0-d856-45c5-add3-393222224677-300x225.jpg\" alt=\"\" width=\"205\" height=\"154\" srcset=\"https:\/\/www.radiopiu.net\/wordpress\/wp-content\/uploads\/2024\/07\/573292f0-d856-45c5-add3-393222224677-300x225.jpg 300w, https:\/\/www.radiopiu.net\/wordpress\/wp-content\/uploads\/2024\/07\/573292f0-d856-45c5-add3-393222224677-1024x768.jpg 1024w, https:\/\/www.radiopiu.net\/wordpress\/wp-content\/uploads\/2024\/07\/573292f0-d856-45c5-add3-393222224677-768x576.jpg 768w, https:\/\/www.radiopiu.net\/wordpress\/wp-content\/uploads\/2024\/07\/573292f0-d856-45c5-add3-393222224677.jpg 1080w\" sizes=\"auto, (max-width: 205px) 100vw, 205px\" \/><\/a>La campana del Duomo di Belluno batteva cinque rintocchi mentre il potente sole di luglio arroventava il porfido di via San Lucano e la radio trasmetteva Moonlight Shadow. Fermo al rosso del semaforo, ascoltavo le note di questa bella canzone datata 1983 proprio all&#8217;ora ora in cui, a quel tempo d&#8217;inizio anni \u201880, la 127 color del cielo calcava quello stesso porfido mentre rientrava da un qualche cantiere in giro per la provincia. Era all&#8217;incirca questa l&#8217;ora del rientro di pap\u00e0 dal passo Valles oppure dalla Val Fiorentina, ed era il momento in cui il centro della piccola citt\u00e0 iniziava ad animarsi. A quel tempo, mentre pap\u00e0 usciva dal cortile del palazzo della Provincia per fare ritorno a casa, in Piazza dei Martiri aveva inizio la movida tardo pomeridiana primi anni \u201880 style. Erano uomini che una volta lasciato l&#8217;ufficio o la banca, facevano slalom fra automobili e autobus per raggiungere in fretta il bar preferito, erano ombre di vino e chiacchiere sul liston che si affollava di minuto in minuto. Era l&#8217;arrivo dei militari in libera uscita che riempivano i portici, era odore di miscela dei motorini smarmittati pilotati da ragazzi con la chioma al vento. Era vociare di gente, erano donne che entravano e uscivano dalla Standa, erano anziani che cercavano refrigerio accanto alla fontana all&#8217;ombra dei grandi cedri del Libano. Erano uomini con i baffi che parcheggiavano la Vespa lungo il margine dei giardini, erano autobus gialli che si apprestavano a compiere le ultime corse mentre il sole andava a tramontare dalle parti del Pizzocco. Io allora non c&#8217;ero in quel chiassoso mondo cittadino carico di voci e profumato di benzina super, di quel tempo afoso d&#8217;estate dell\u201983 ricordo la quiete di San Tomaso, Moonlight Shadow che imperversava in radio e l\u2019asprezza dei susini non ancora maturi. Rammento il verde cupo dei boschi del Pelsa e il canto d&#8217;acqua della fontana che narrava la dolcezza di quelle lunghe sere di luglio. Ricordo i sedili roventi della 127 color del cielo e le frenate regolari della corriera azzurra che scendeva lungo la provinciale e poi il suono sfumato e lontano della campana della chiesa di Celat che suonava l\u2019Ave Maria. Ricordo il preparare l&#8217;inverno che ancora appariva lontano, le cataste di legna che crescevano mano a mano che l&#8217;estate avanzava e le fascine per il fornel legate con il filo di ferro e accatastate nella legnaia. Rammento i silenzi di alcune di quelle notti lontane illuminate dalla luna piena che sfiorava le cime, ricordo il profumo del fieno che seccava sui prati appena falciati e l&#8217;arrivo di pap\u00e0 al sabato appena dopo pranzo. Frammenti di attimi ormai lontani che si accavallavano mentre la canzone volgeva al termine e la luce del semaforo diventava verde. Un prima\/seconda e poi basta, che oggi in centro si deve andare a 30 km\/h e non si pu\u00f2 pi\u00f9 correre come nel 1983. Pap\u00e0, a quel tempo vedeva la piazza riempirsi, io invece vedevo persone che parlavano al telefono mentre raggiungevano velocemente la propria auto parcheggiata a Lambioi, l\u00ec dove in quegli stessi anni, ad inizio estate c&#8217;era il luna park. Un paio di curve percorse a passo d\u2019uomo e poi in via Loreto terminava il traballare sul porfido mentre la radio mandava una canzone moderna cantata con l\u2019autotune. Un paio di minuti pi\u00f9 tardi mi sono fermato a fare gasolio e mentre attendevo il riempirsi del serbatoio, pensavo alle ventimila Lire che quasi bastavano per un pieno e a come doveva essere avere quarantasei anni nell&#8217;estate del 1983; chiss\u00e0, io so soltanto che allora di anni allora ne avevo quasi sei e l&#8217;estate l&#8217;avevo trascorsa a San Tomaso, ed era stato bellissimo\u2026<\/p>\n<p>&nbsp;<\/p>\n<p>&nbsp;<\/p>\n<p>********<\/p>\n","protected":false},"excerpt":{"rendered":"<p>******* &nbsp; ESTATE 1983 AUDIO &nbsp; La campana del Duomo di Belluno batteva cinque rintocchi mentre il potente sole di luglio arroventava il porfido di via San Lucano e la radio trasmetteva Moonlight Shadow. Fermo al rosso del semaforo, ascoltavo le note di questa bella canzone datata 1983 proprio all&#8217;ora ora in cui, a quel&hellip;<\/p>\n","protected":false},"author":4,"featured_media":400753,"comment_status":"closed","ping_status":"closed","sticky":false,"template":"","format":"standard","meta":{"_monsterinsights_skip_tracking":false,"_monsterinsights_sitenote_active":false,"_monsterinsights_sitenote_note":"","_monsterinsights_sitenote_category":0,"footnotes":""},"categories":[104,49,112],"tags":[],"class_list":["post-400741","post","type-post","status-publish","format-standard","has-post-thumbnail","hentry","category-evidenza_3","category-news-18","category-racconti-soppelsa","category-104","category-49","category-112","description-off"],"img_url":"https:\/\/www.radiopiu.net\/wordpress\/wp-content\/uploads\/2024\/07\/573292f0-d856-45c5-add3-393222224677.jpg","_links":{"self":[{"href":"https:\/\/www.radiopiu.net\/wordpress\/wp-json\/wp\/v2\/posts\/400741","targetHints":{"allow":["GET"]}}],"collection":[{"href":"https:\/\/www.radiopiu.net\/wordpress\/wp-json\/wp\/v2\/posts"}],"about":[{"href":"https:\/\/www.radiopiu.net\/wordpress\/wp-json\/wp\/v2\/types\/post"}],"author":[{"embeddable":true,"href":"https:\/\/www.radiopiu.net\/wordpress\/wp-json\/wp\/v2\/users\/4"}],"replies":[{"embeddable":true,"href":"https:\/\/www.radiopiu.net\/wordpress\/wp-json\/wp\/v2\/comments?post=400741"}],"version-history":[{"count":0,"href":"https:\/\/www.radiopiu.net\/wordpress\/wp-json\/wp\/v2\/posts\/400741\/revisions"}],"wp:featuredmedia":[{"embeddable":true,"href":"https:\/\/www.radiopiu.net\/wordpress\/wp-json\/wp\/v2\/media\/400753"}],"wp:attachment":[{"href":"https:\/\/www.radiopiu.net\/wordpress\/wp-json\/wp\/v2\/media?parent=400741"}],"wp:term":[{"taxonomy":"category","embeddable":true,"href":"https:\/\/www.radiopiu.net\/wordpress\/wp-json\/wp\/v2\/categories?post=400741"},{"taxonomy":"post_tag","embeddable":true,"href":"https:\/\/www.radiopiu.net\/wordpress\/wp-json\/wp\/v2\/tags?post=400741"}],"curies":[{"name":"wp","href":"https:\/\/api.w.org\/{rel}","templated":true}]}}