{"id":400930,"date":"2024-07-23T05:40:59","date_gmt":"2024-07-23T03:40:59","guid":{"rendered":"https:\/\/www.radiopiu.net\/wordpress\/?p=400930"},"modified":"2024-07-23T05:42:05","modified_gmt":"2024-07-23T03:42:05","slug":"bambino-investito-a-quero-vas-ricoverato-al-ca-foncello-di-treviso","status":"publish","type":"post","link":"https:\/\/www.radiopiu.net\/wordpress\/bambino-investito-a-quero-vas-ricoverato-al-ca-foncello-di-treviso\/","title":{"rendered":"BAMBINO INVESTITO A QUERO VAS. RICOVERATO AL CA&#8217; FONCELLO DI TREVISO"},"content":{"rendered":"<p>*****<\/p>\n<p>&nbsp;<\/p>\n<p><strong><a class=\"dt-pswp-item\" href=\"https:\/\/www.radiopiu.net\/wordpress\/wp-content\/uploads\/2022\/08\/salt_20220825_171725_606.jpg\" data-dt-img-description=\"\" data-large_image_width=\"2364\" data-large_image_height=\"1773\"><img loading=\"lazy\" decoding=\"async\" class=\" wp-image-294603 alignleft\" src=\"https:\/\/www.radiopiu.net\/wordpress\/wp-content\/uploads\/2022\/08\/salt_20220825_171725_606-300x225.jpg\" alt=\"\" width=\"141\" height=\"106\" srcset=\"https:\/\/www.radiopiu.net\/wordpress\/wp-content\/uploads\/2022\/08\/salt_20220825_171725_606-300x225.jpg 300w, https:\/\/www.radiopiu.net\/wordpress\/wp-content\/uploads\/2022\/08\/salt_20220825_171725_606-1024x768.jpg 1024w, https:\/\/www.radiopiu.net\/wordpress\/wp-content\/uploads\/2022\/08\/salt_20220825_171725_606-768x576.jpg 768w, https:\/\/www.radiopiu.net\/wordpress\/wp-content\/uploads\/2022\/08\/salt_20220825_171725_606-1536x1152.jpg 1536w, https:\/\/www.radiopiu.net\/wordpress\/wp-content\/uploads\/2022\/08\/salt_20220825_171725_606-2048x1536.jpg 2048w\" sizes=\"auto, (max-width: 141px) 100vw, 141px\" \/><\/a>REDAZIONE\u00a0<\/strong>\u00a0Si \u00e8 chiusa con quattro interventi la mattinata odierna del Suem 118. Alle 9:30 l&#8217;elicottero Falco 1 \u00e8 volato sulle tre cime di Lavaredo dove un 75enne di Venezia aveva accusato un malore ed \u00e8 stato portato all&#8217;ospedale di Belluno. Alle 11 l&#8217;elicottero si \u00e8 diretto a Forte tre Sassi per un uomo di 61 anni di Padova che si era procurato un trauma. Alle 11:40 l&#8217;intervento pi\u00f9 grave a Quero Vas dove un minore \u00e8 stato investito. il bambino ha perso il controllo della sua bicicletta in una ripida discesa, finendo contro l&#8217;autobus in transito in via Piave. Nell&#8217;impatto, ha riportato un serio trauma cranico. Il conducente del bus ha sentito un colpo e il vetro anteriore si \u00e8 rotto. Un volontario della protezione civile \u00e8 intervenuto per fornire i primi soccorsi, coprendo il bambino in attesa del 118. Due ambulanze e un elicottero sono arrivati sul posto; il bambino \u00e8 stato stabilizzato e trasportato all\u2019ospedale Ca\u2019 Foncello di Treviso.\u00a0 Alle 13 l&#8217;ultimo intervento per soccorere una donna di 88 anni che aveva accusato un malore a Padola.<\/p>\n<p>&nbsp;<\/p>\n<p>&nbsp;<\/p>\n<p>*********<\/p>\n","protected":false},"excerpt":{"rendered":"<p>***** &nbsp; REDAZIONE\u00a0\u00a0Si \u00e8 chiusa con quattro interventi la mattinata odierna del Suem 118. Alle 9:30 l&#8217;elicottero Falco 1 \u00e8 volato sulle tre cime di Lavaredo dove un 75enne di Venezia aveva accusato un malore ed \u00e8 stato portato all&#8217;ospedale di Belluno. Alle 11 l&#8217;elicottero si \u00e8 diretto a Forte tre Sassi per un uomo&hellip;<\/p>\n","protected":false},"author":4,"featured_media":294603,"comment_status":"closed","ping_status":"closed","sticky":false,"template":"","format":"standard","meta":{"_monsterinsights_skip_tracking":false,"_monsterinsights_sitenote_active":false,"_monsterinsights_sitenote_note":"","_monsterinsights_sitenote_category":0,"footnotes":""},"categories":[51,49],"tags":[],"class_list":["post-400930","post","type-post","status-publish","format-standard","has-post-thumbnail","hentry","category-evidenza-top","category-news-18","category-51","category-49","description-off"],"img_url":"https:\/\/www.radiopiu.net\/wordpress\/wp-content\/uploads\/2022\/08\/salt_20220825_171725_606.jpg","_links":{"self":[{"href":"https:\/\/www.radiopiu.net\/wordpress\/wp-json\/wp\/v2\/posts\/400930","targetHints":{"allow":["GET"]}}],"collection":[{"href":"https:\/\/www.radiopiu.net\/wordpress\/wp-json\/wp\/v2\/posts"}],"about":[{"href":"https:\/\/www.radiopiu.net\/wordpress\/wp-json\/wp\/v2\/types\/post"}],"author":[{"embeddable":true,"href":"https:\/\/www.radiopiu.net\/wordpress\/wp-json\/wp\/v2\/users\/4"}],"replies":[{"embeddable":true,"href":"https:\/\/www.radiopiu.net\/wordpress\/wp-json\/wp\/v2\/comments?post=400930"}],"version-history":[{"count":0,"href":"https:\/\/www.radiopiu.net\/wordpress\/wp-json\/wp\/v2\/posts\/400930\/revisions"}],"wp:featuredmedia":[{"embeddable":true,"href":"https:\/\/www.radiopiu.net\/wordpress\/wp-json\/wp\/v2\/media\/294603"}],"wp:attachment":[{"href":"https:\/\/www.radiopiu.net\/wordpress\/wp-json\/wp\/v2\/media?parent=400930"}],"wp:term":[{"taxonomy":"category","embeddable":true,"href":"https:\/\/www.radiopiu.net\/wordpress\/wp-json\/wp\/v2\/categories?post=400930"},{"taxonomy":"post_tag","embeddable":true,"href":"https:\/\/www.radiopiu.net\/wordpress\/wp-json\/wp\/v2\/tags?post=400930"}],"curies":[{"name":"wp","href":"https:\/\/api.w.org\/{rel}","templated":true}]}}