{"id":401023,"date":"2024-07-23T07:59:23","date_gmt":"2024-07-23T05:59:23","guid":{"rendered":"https:\/\/www.radiopiu.net\/wordpress\/?p=401023"},"modified":"2024-07-23T08:23:29","modified_gmt":"2024-07-23T06:23:29","slug":"dal-1983-la-rassegna-stampa-locale-di-mirko-mezzacasa-37","status":"publish","type":"post","link":"https:\/\/www.radiopiu.net\/wordpress\/dal-1983-la-rassegna-stampa-locale-di-mirko-mezzacasa-37\/","title":{"rendered":"DAL 1983 LA RASSEGNA STAMPA LOCALE DI MIRKO MEZZACASA"},"content":{"rendered":"<p>OGGI ALLA RADIO&#8230;. ALLE 4 E ALLE 6 LE NOTIZIE DALL&#8217;ITALIA E DAL MONDO 6.15 PIROLE DE LENGA A CURA DEL MUSLA 7.20 EL BAL DEL FIORI, DETTI E TRADIZIONI DI GIULIANA DA RONCH 8.05 LA RASSEGNA STAMPA LOCALE 8.30 PIU&#8217; SIAMO DI MARINA DONA&#8217; 9.00 LA MUSICA COUNTRY DI ALEX NASCINBEN\u00a09.30 VIABILITA&#8217; CON BOTOL CAR SERVICE (AGORDO-SEDICO-FELTRE) 10.10 DINTORN E FORAVIA, LE NOTIZIE IN LADINO, CON IL MUSLA\u00a0 10.30 VOCI RIBELLI IL PROGRAMMA DI ALESSIA DALL&#8217;O 11.10 LA STORIA DEL FESTIVALBAR DI MIRCO BENCIVENNI 12.00 VA TUTTO LISCIO\u00a0 12.30 GIORNALE RADIO PRINCIPALE 13.10 SPECIALE SOSPIROLO, LA GRANDE FESTA IN PIAN DE LA MELIA, CON ENZO CAVIOLA E FEDERICO BRANCALEONE 1 13.20 TRE PEZZI DI MARINA DONA&#8217; 14.00 COLLAGE OPERAZIONE NOSTALGIA, LORIS SCUSSEL 15.00 DI MARTEDI, CON LUISA ALCHINI\u00a0 16 IL ROCK DI MARCO COSTANTINI 1645 LE HIT DI MIRCO BENCIVENNI 18.00 PIU&#8217; DANCE LE SELEZIONI CHE FANNO SALTARE DI DJ JACK, JACOPO DEL TEDESCO 19 LE ANTICIPAZIONI DAL TG DI ANTENNA 3 DI TIZIANA BOLOGNANI<\/p>\n<p>&nbsp;<\/p>\n<p><iframe loading=\"lazy\" title=\"DAL 1983 LA RASSEGNA STAMPA LOCALE di mirko mezzacasa. L&#039;ORIGINALE\" width=\"1200\" height=\"675\" src=\"https:\/\/www.youtube.com\/embed\/KKRKkKCNOA8?feature=oembed\" frameborder=\"0\" allow=\"accelerometer; autoplay; clipboard-write; encrypted-media; gyroscope; picture-in-picture; web-share\" referrerpolicy=\"strict-origin-when-cross-origin\" allowfullscreen><\/iframe><\/p>\n<p>AGORDO-ALLEGHE \u00a0Due comunit\u00e0 in lutto, nell&#8217;abbraccio con il resto della vallata. Perch\u00e9 Virio\u00a0 Benvegn\u00f9 era conosciuto tanto ad Agordo suo paese d&#8217;origine che ad Alleghe. E&#8217; mancato all&#8217;affetto dei sui cari all&#8217;et\u00e0 di 63 anni lasciando la moglie, il figlio e i tanti amici. I funerali si terranno oggi alle 14.30 ad Agordo.<br \/>\nAGORDO-FALCADE\u00a0 Paolo Secchi ha lasciato nel dolore la moglie Elisabetta, l&#8217;amatissima figlia Marcelle con Andrea, i sui nipotini Jacqueline, Aaron, le sorelle e fratelli. Una notizia giunta improvvisamente per la modte di Paolo assistito all&#8217;ospedale C\u00e0 Foncello di Treviso.<br \/>\nQUERO VAS un minore \u00e8 stato investito. il bambino ha perso il controllo della sua bicicletta in una ripida discesa, finendo contro l&#8217;autobus in transito in via Piave. Nell&#8217;impatto, ha riportato un serio trauma cranico. Il conducente del bus ha sentito un colpo e il vetro anteriore si \u00e8 rotto. Un volontario della protezione civile \u00e8 intervenuto per fornire i primi soccorsi, coprendo il bambino in attesa del 118. Due ambulanze e un elicottero sono arrivati sul posto; il bambino \u00e8 stato stabilizzato e trasportato all\u2019ospedale Ca\u2019 Foncello di Treviso.<br \/>\nCORTINA un escursionista che si \u00e8 sentito male all&#8217;altezza della Chiesetta delle Tre Cime di Lavaredo ad Auronzo di Cadore. Sul posto \u00e8 volato l&#8217;elicottero del Suem di Pieve di Cadore che ha imbarcato il 78enne di Venezia e lo ha trasportato all&#8217;ospedale di Belluno per i dovuti accertamenti.<br \/>\nPASSO FALZAREGO sul trapezio del Lagazuoi, per un alpinista che \u00e8 volato per un metro, riportando un trauma alla cavigliA. Il 62enne di Padova \u00e8 stato portato all&#8217;ospedale di Agordo.<br \/>\nVAL DI ZOLDO\u00a0 sopra Malga Pramperet a Forno di Zoldo,\u00a0 un 67enne di Artegna (UD) si \u00e8 fatto male a un piede. L&#8217;uomo \u00e8 stato trasportato dai soccorritori fino alla macchina, da dove si \u00e8 allontanato autonomamente assieme alla moglie.<\/p>\n<p>2<br \/>\nVENEZIA esenzione totale del pedaggio tra Vittorio Veneto Nord e Fadalto sulla A27. Questa misura, accolta da Autostrade per l\u2019Italia, risponde alle esigenze manifestate dal territorio in seguito all&#8217;interruzione della statale 51 &#8220;di Alemagna&#8221; causata da una frana il 12 luglio.<br \/>\nBELLUNO Un altro orso si aggira per la provincia. Dopo gli esemplari passati per lo Zoldano e il Feltrino tra maggio e giugno, adesso un plantigrado \u00e8 stato avvistato sul Monte Roncon (sul massiccio del Grappa, tra Seren e Fonzaso). L\u2019animale \u00e8 stato fototrappolato la notte scorsa<br \/>\nFALCADE Pochi minuti di pioggia, ma torrenziale, purtroppo tipica in questi ultimi tempi. La &#8220;bomba d&#8217;acqua&#8221;, termine che non piace ai laureati, ma che rende pi\u00f9 di ogni altro insieme di parole tecniche, questa volta si \u00e8 abbattuta in Valle del Biois a Falcade. Il torrente Gavon \u00e8 esondato, soprattutto ha portato a valle migliaia di metri cubi di materiale. Fortunatamente nessuno \u00e8 rimasto coinvolto<\/p>\n","protected":false},"excerpt":{"rendered":"<p>OGGI ALLA RADIO&#8230;. ALLE 4 E ALLE 6 LE NOTIZIE DALL&#8217;ITALIA E DAL MONDO 6.15 PIROLE DE LENGA A CURA DEL MUSLA 7.20 EL BAL DEL FIORI, DETTI E TRADIZIONI DI GIULIANA DA RONCH 8.05 LA RASSEGNA STAMPA LOCALE 8.30 PIU&#8217; SIAMO DI MARINA DONA&#8217; 9.00 LA MUSICA COUNTRY DI ALEX NASCINBEN\u00a09.30 VIABILITA&#8217; CON BOTOL&hellip;<\/p>\n","protected":false},"author":4,"featured_media":401001,"comment_status":"closed","ping_status":"closed","sticky":false,"template":"","format":"standard","meta":{"_monsterinsights_skip_tracking":false,"_monsterinsights_sitenote_active":false,"_monsterinsights_sitenote_note":"","_monsterinsights_sitenote_category":0,"footnotes":""},"categories":[51,49],"tags":[],"class_list":["post-401023","post","type-post","status-publish","format-standard","has-post-thumbnail","hentry","category-evidenza-top","category-news-18","category-51","category-49","description-off"],"img_url":"https:\/\/www.radiopiu.net\/wordpress\/wp-content\/uploads\/2024\/07\/Senza-nome-93.png","_links":{"self":[{"href":"https:\/\/www.radiopiu.net\/wordpress\/wp-json\/wp\/v2\/posts\/401023","targetHints":{"allow":["GET"]}}],"collection":[{"href":"https:\/\/www.radiopiu.net\/wordpress\/wp-json\/wp\/v2\/posts"}],"about":[{"href":"https:\/\/www.radiopiu.net\/wordpress\/wp-json\/wp\/v2\/types\/post"}],"author":[{"embeddable":true,"href":"https:\/\/www.radiopiu.net\/wordpress\/wp-json\/wp\/v2\/users\/4"}],"replies":[{"embeddable":true,"href":"https:\/\/www.radiopiu.net\/wordpress\/wp-json\/wp\/v2\/comments?post=401023"}],"version-history":[{"count":0,"href":"https:\/\/www.radiopiu.net\/wordpress\/wp-json\/wp\/v2\/posts\/401023\/revisions"}],"wp:featuredmedia":[{"embeddable":true,"href":"https:\/\/www.radiopiu.net\/wordpress\/wp-json\/wp\/v2\/media\/401001"}],"wp:attachment":[{"href":"https:\/\/www.radiopiu.net\/wordpress\/wp-json\/wp\/v2\/media?parent=401023"}],"wp:term":[{"taxonomy":"category","embeddable":true,"href":"https:\/\/www.radiopiu.net\/wordpress\/wp-json\/wp\/v2\/categories?post=401023"},{"taxonomy":"post_tag","embeddable":true,"href":"https:\/\/www.radiopiu.net\/wordpress\/wp-json\/wp\/v2\/tags?post=401023"}],"curies":[{"name":"wp","href":"https:\/\/api.w.org\/{rel}","templated":true}]}}