{"id":401035,"date":"2024-07-24T05:58:09","date_gmt":"2024-07-24T03:58:09","guid":{"rendered":"https:\/\/www.radiopiu.net\/wordpress\/?p=401035"},"modified":"2024-07-24T06:13:26","modified_gmt":"2024-07-24T04:13:26","slug":"unaltra-vittima-della-strada-muore-motociclista","status":"publish","type":"post","link":"https:\/\/www.radiopiu.net\/wordpress\/unaltra-vittima-della-strada-muore-motociclista\/","title":{"rendered":"UN&#8217;ALTRA VITTIMA DELLA STRADA, MUORE MOTOCICLISTA"},"content":{"rendered":"<p>***<br \/>\n<img loading=\"lazy\" decoding=\"async\" class=\"alignleft\" src=\"https:\/\/www.radiopiu.net\/wordpress\/wp-content\/uploads\/2024\/07\/th-12.jpg\" width=\"159\" height=\"106\" \/><strong>TREVISO <\/strong> L&#8217;intervento pi\u00f9 impegnativo del personale Suem 118 stamane dopo dopo le nove a Cison di Val Marino. L&#8217;ambulanza di Vittorio Veneto si \u00e8 subito recata sul luogo del sinistro nell&#8217;incidente che ha coinvolto un pullman della Mom (azienda di trasporto pubblico locale) e una \u00a0Harley Davidson. Chiamato in supporto l&#8217;elicottero Falco 2, ma purtroppo per l&#8217;uomo, motociclista, un 72enne del luogo non c&#8217;\u00e8 stato nulla da fare. Il personale sanitario ne ha dichiarato il decesso. \u00c8 successo in localit\u00e0 Tovena, lungo\u00a0via Indipendenza, sulla provinciale 635. \u00a0La\u00a0dinamica, al vaglio dei carabinieri, \u00e8 ancora\u00a0da accertare: l&#8217;impatto potrebbe essere nato da una\u00a0mancata precedenza. L&#8217;incidente ha\u00a0bloccato il traffico locale.<\/p>\n<p>____<\/p>\n","protected":false},"excerpt":{"rendered":"<p>*** TREVISO L&#8217;intervento pi\u00f9 impegnativo del personale Suem 118 stamane dopo dopo le nove a Cison di Val Marino. L&#8217;ambulanza di Vittorio Veneto si \u00e8 subito recata sul luogo del sinistro nell&#8217;incidente che ha coinvolto un pullman della Mom (azienda di trasporto pubblico locale) e una \u00a0Harley Davidson. Chiamato in supporto l&#8217;elicottero Falco 2, ma&hellip;<\/p>\n","protected":false},"author":4,"featured_media":401036,"comment_status":"closed","ping_status":"closed","sticky":false,"template":"","format":"standard","meta":{"_monsterinsights_skip_tracking":false,"_monsterinsights_sitenote_active":false,"_monsterinsights_sitenote_note":"","_monsterinsights_sitenote_category":0,"footnotes":""},"categories":[51,49],"tags":[],"class_list":["post-401035","post","type-post","status-publish","format-standard","has-post-thumbnail","hentry","category-evidenza-top","category-news-18","category-51","category-49","description-off"],"img_url":"https:\/\/www.radiopiu.net\/wordpress\/wp-content\/uploads\/2024\/07\/th-12.jpg","_links":{"self":[{"href":"https:\/\/www.radiopiu.net\/wordpress\/wp-json\/wp\/v2\/posts\/401035","targetHints":{"allow":["GET"]}}],"collection":[{"href":"https:\/\/www.radiopiu.net\/wordpress\/wp-json\/wp\/v2\/posts"}],"about":[{"href":"https:\/\/www.radiopiu.net\/wordpress\/wp-json\/wp\/v2\/types\/post"}],"author":[{"embeddable":true,"href":"https:\/\/www.radiopiu.net\/wordpress\/wp-json\/wp\/v2\/users\/4"}],"replies":[{"embeddable":true,"href":"https:\/\/www.radiopiu.net\/wordpress\/wp-json\/wp\/v2\/comments?post=401035"}],"version-history":[{"count":0,"href":"https:\/\/www.radiopiu.net\/wordpress\/wp-json\/wp\/v2\/posts\/401035\/revisions"}],"wp:featuredmedia":[{"embeddable":true,"href":"https:\/\/www.radiopiu.net\/wordpress\/wp-json\/wp\/v2\/media\/401036"}],"wp:attachment":[{"href":"https:\/\/www.radiopiu.net\/wordpress\/wp-json\/wp\/v2\/media?parent=401035"}],"wp:term":[{"taxonomy":"category","embeddable":true,"href":"https:\/\/www.radiopiu.net\/wordpress\/wp-json\/wp\/v2\/categories?post=401035"},{"taxonomy":"post_tag","embeddable":true,"href":"https:\/\/www.radiopiu.net\/wordpress\/wp-json\/wp\/v2\/tags?post=401035"}],"curies":[{"name":"wp","href":"https:\/\/api.w.org\/{rel}","templated":true}]}}