{"id":401040,"date":"2024-07-24T05:56:26","date_gmt":"2024-07-24T03:56:26","guid":{"rendered":"https:\/\/www.radiopiu.net\/wordpress\/?p=401040"},"modified":"2024-07-24T06:17:54","modified_gmt":"2024-07-24T04:17:54","slug":"dillo-a-radio-piu-un-appello-urgente-alla-sistemazione-del-marciapiede","status":"publish","type":"post","link":"https:\/\/www.radiopiu.net\/wordpress\/dillo-a-radio-piu-un-appello-urgente-alla-sistemazione-del-marciapiede\/","title":{"rendered":"DILLO A RADIO PIU&#8230; Un Appello Urgente alla Sistemazione del Marciapiede"},"content":{"rendered":"<p>**<\/p>\n<p>&nbsp;<\/p>\n<p><a class=\"dt-pswp-item\" href=\"https:\/\/www.radiopiu.net\/wordpress\/wp-content\/uploads\/2024\/07\/image1-1-rotated.jpeg\" data-dt-img-description=\"\" data-large_image_width=\"240\" data-large_image_height=\"320\"><img loading=\"lazy\" decoding=\"async\" class=\" wp-image-401042 alignleft\" src=\"https:\/\/www.radiopiu.net\/wordpress\/wp-content\/uploads\/2024\/07\/image1-1-225x300.jpeg\" alt=\"\" width=\"122\" height=\"163\" srcset=\"https:\/\/www.radiopiu.net\/wordpress\/wp-content\/uploads\/2024\/07\/image1-1-225x300.jpeg 225w, https:\/\/www.radiopiu.net\/wordpress\/wp-content\/uploads\/2024\/07\/image1-1-rotated.jpeg 240w\" sizes=\"auto, (max-width: 122px) 100vw, 122px\" \/><\/a><a class=\"dt-pswp-item\" href=\"https:\/\/www.radiopiu.net\/wordpress\/wp-content\/uploads\/2024\/07\/image0-3-rotated.jpeg\" data-dt-img-description=\"\" data-large_image_width=\"240\" data-large_image_height=\"320\"><img loading=\"lazy\" decoding=\"async\" class=\"size-medium wp-image-401041 alignright\" src=\"https:\/\/www.radiopiu.net\/wordpress\/wp-content\/uploads\/2024\/07\/image0-3-225x300.jpeg\" alt=\"\" width=\"225\" height=\"300\" srcset=\"https:\/\/www.radiopiu.net\/wordpress\/wp-content\/uploads\/2024\/07\/image0-3-225x300.jpeg 225w, https:\/\/www.radiopiu.net\/wordpress\/wp-content\/uploads\/2024\/07\/image0-3-rotated.jpeg 240w\" sizes=\"auto, (max-width: 225px) 100vw, 225px\" \/><\/a>REDAZIONE Chi ci scrive, segnale il problema corredandolo di foto, \u00e8 una mamma che ha raccolto la preoccupazione di molti cittadini riguardo alla sicurezza pedonale e al disservizio delle infrastrutture. La questione principale riguarda un tratto di marciapiede a Sala di Alleghe, mai riparato dallo scorso febbraio, in seguito a un incidente. Questo tratto di marciapiede inagibile costringe i pedoni, comprese mamme con passeggini, a camminare sul bordo della strada o a scavalcare un guardrail per proseguire il loro percorso. Questa situazione \u00e8 particolarmente pericolosa durante i periodi di alta affluenza turistica, quando il traffico \u00e8 pi\u00f9 intenso. L\u2019assenza di una segnaletica orizzontale adeguata vicino al bivio per Avoscan aggrava ulteriormente la situazione. Anche se \u00e8 presente un cartello che indica le strisce pedonali, la mancanza di visibilit\u00e0 della segnaletica dipinta sull\u2019asfalto fa s\u00ec che molti automobilisti non si fermino, costringendo i pedoni ad aspettare a lungo prima di attraversare la strada.<\/p>\n<p>&nbsp;<\/p>\n<p>&nbsp;<\/p>\n<p>&nbsp;<\/p>\n<p>&nbsp;<\/p>\n<p>&nbsp;<\/p>\n<hr \/>\n<p>&nbsp;<\/p>\n","protected":false},"excerpt":{"rendered":"<p>** &nbsp; REDAZIONE Chi ci scrive, segnale il problema corredandolo di foto, \u00e8 una mamma che ha raccolto la preoccupazione di molti cittadini riguardo alla sicurezza pedonale e al disservizio delle infrastrutture. La questione principale riguarda un tratto di marciapiede a Sala di Alleghe, mai riparato dallo scorso febbraio, in seguito a un incidente. Questo&hellip;<\/p>\n","protected":false},"author":4,"featured_media":401041,"comment_status":"closed","ping_status":"closed","sticky":false,"template":"","format":"standard","meta":{"_monsterinsights_skip_tracking":false,"_monsterinsights_sitenote_active":false,"_monsterinsights_sitenote_note":"","_monsterinsights_sitenote_category":0,"footnotes":""},"categories":[51,49],"tags":[],"class_list":["post-401040","post","type-post","status-publish","format-standard","has-post-thumbnail","hentry","category-evidenza-top","category-news-18","category-51","category-49","description-off"],"img_url":"https:\/\/www.radiopiu.net\/wordpress\/wp-content\/uploads\/2024\/07\/image0-3-rotated.jpeg","_links":{"self":[{"href":"https:\/\/www.radiopiu.net\/wordpress\/wp-json\/wp\/v2\/posts\/401040","targetHints":{"allow":["GET"]}}],"collection":[{"href":"https:\/\/www.radiopiu.net\/wordpress\/wp-json\/wp\/v2\/posts"}],"about":[{"href":"https:\/\/www.radiopiu.net\/wordpress\/wp-json\/wp\/v2\/types\/post"}],"author":[{"embeddable":true,"href":"https:\/\/www.radiopiu.net\/wordpress\/wp-json\/wp\/v2\/users\/4"}],"replies":[{"embeddable":true,"href":"https:\/\/www.radiopiu.net\/wordpress\/wp-json\/wp\/v2\/comments?post=401040"}],"version-history":[{"count":0,"href":"https:\/\/www.radiopiu.net\/wordpress\/wp-json\/wp\/v2\/posts\/401040\/revisions"}],"wp:featuredmedia":[{"embeddable":true,"href":"https:\/\/www.radiopiu.net\/wordpress\/wp-json\/wp\/v2\/media\/401041"}],"wp:attachment":[{"href":"https:\/\/www.radiopiu.net\/wordpress\/wp-json\/wp\/v2\/media?parent=401040"}],"wp:term":[{"taxonomy":"category","embeddable":true,"href":"https:\/\/www.radiopiu.net\/wordpress\/wp-json\/wp\/v2\/categories?post=401040"},{"taxonomy":"post_tag","embeddable":true,"href":"https:\/\/www.radiopiu.net\/wordpress\/wp-json\/wp\/v2\/tags?post=401040"}],"curies":[{"name":"wp","href":"https:\/\/api.w.org\/{rel}","templated":true}]}}