{"id":401157,"date":"2024-07-25T05:33:15","date_gmt":"2024-07-25T03:33:15","guid":{"rendered":"https:\/\/www.radiopiu.net\/wordpress\/?p=401157"},"modified":"2024-07-25T09:15:48","modified_gmt":"2024-07-25T07:15:48","slug":"giornale-radiopiu-25-luglio-2024-direttore-mirko-mezzacasada-41-anni-25-giugno-1983-25-giugno-2024","status":"publish","type":"post","link":"https:\/\/www.radiopiu.net\/wordpress\/giornale-radiopiu-25-luglio-2024-direttore-mirko-mezzacasada-41-anni-25-giugno-1983-25-giugno-2024\/","title":{"rendered":"GIORNALE RADIOPIU 25 LUGLIO 2024 DIRETTORE MIRKO MEZZACASA\u2026DA 41 ANNI 25 GIUGNO 1983-25 GIUGNO 2024"},"content":{"rendered":"<p>********<\/p>\n<p>&nbsp;<\/p>\n<p><em><span style=\"color: #ff0000;\">ATTENZIONE: LA NUOVA APP PER IOS-IPHONE di Nicola Vettorello <\/span><\/em><a href=\"https:\/\/apps.apple.com\/it\/app\/radio-pi%C3%B9-emittente-agordina\/id1515939845\">https:\/\/apps.apple.com\/it\/app\/radio-pi%C3%B9-emittente-agordina\/id1515939845<\/a><\/p>\n<p><em style=\"color: #ff0000;\">ATTENZIONE: LA NUOVA APP RADIO\u00a0 PER ANDROID di Nicola Vettorello<\/em><\/p>\n<p><a href=\"https:\/\/play.google.com\/store\/apps\/details?id=net.radiopiu.iniko\" target=\"_blank\" rel=\"noopener noreferrer\">https:\/\/play.google.com\/store\/apps\/details?id=net.radiopiu.iniko\u00a0\u00a0\u00a0<\/a><\/p>\n<p>&nbsp;<\/p>\n<p>&nbsp;<\/p>\n<hr \/>\n<p>&nbsp;<\/p>\n<h1 style=\"text-align: center;\">IL GUASTO ALLA FUNIVIA DI CORTINA<\/h1>\n<p>&nbsp;<\/p>\n<div style=\"width: 848px;\" class=\"wp-video\"><video class=\"wp-video-shortcode\" id=\"video-401157-1\" width=\"848\" height=\"480\" preload=\"metadata\" controls=\"controls\"><source type=\"video\/mp4\" src=\"https:\/\/www.radiopiu.net\/wordpress\/wp-content\/uploads\/2024\/07\/WhatsApp-Video-2024-07-24-at-21.06.27.mp4?_=1\" \/><a href=\"https:\/\/www.radiopiu.net\/wordpress\/wp-content\/uploads\/2024\/07\/WhatsApp-Video-2024-07-24-at-21.06.27.mp4\">https:\/\/www.radiopiu.net\/wordpress\/wp-content\/uploads\/2024\/07\/WhatsApp-Video-2024-07-24-at-21.06.27.mp4<\/a><\/video><\/div>\n<p>&nbsp;<\/p>\n<p>&nbsp;<\/p>\n<h1 class=\"_title post-title entry-title\"><a class=\"dt-pswp-item\" href=\"https:\/\/www.radiopiu.net\/wordpress\/wp-content\/uploads\/2023\/12\/ANTENNA.png\" data-dt-img-description=\"\" data-large_image_width=\"300\" data-large_image_height=\"166\"><img loading=\"lazy\" decoding=\"async\" class=\"wp-image-366306 alignleft\" src=\"https:\/\/www.radiopiu.net\/wordpress\/wp-content\/uploads\/2023\/12\/ANTENNA.png\" alt=\"\" width=\"230\" height=\"127\" \/><\/a>PAURA SULLE TOFANE PER LO SGANCIO DI UNA FUNIVIA, LORENZI: \u00abMI FIDO DELLA SOCIETA\u2019\u00bb<\/h1>\n<p>Intervistati GIANLUCA LORENZI \u2013 SINDACO DI CORTINA (AL TELEFONO) (Servizio di\u00a0<a href=\"https:\/\/antennatre.medianordest.it\/redazione\/Stefano-Bozzi\/\">Stefano Bozzi<\/a>)<\/p>\n<p><iframe loading=\"lazy\" title=\"PAURA SULLE TOFANE PER LO SGANCIO DI UNA FUNIVIA, LORENZI: \u00abMI FIDO DELLA SOCIETA&#039;\u00bb | 24\/07\/2024\" width=\"1200\" height=\"675\" src=\"https:\/\/www.youtube.com\/embed\/Lcu5M6iYv14?feature=oembed\" frameborder=\"0\" allow=\"accelerometer; autoplay; clipboard-write; encrypted-media; gyroscope; picture-in-picture; web-share\" referrerpolicy=\"strict-origin-when-cross-origin\" allowfullscreen><\/iframe><\/p>\n<p>&nbsp;<\/p>\n<hr \/>\n<p>&nbsp;<\/p>\n<p>&nbsp;<\/p>\n<p><span style=\"color: #0000ff;\"><strong><a class=\"dt-pswp-item\" href=\"https:\/\/www.radiopiu.net\/wordpress\/wp-content\/uploads\/2024\/03\/radio-piu.png\" data-dt-img-description=\"\" data-large_image_width=\"689\" data-large_image_height=\"415\"><img loading=\"lazy\" decoding=\"async\" class=\"wp-image-378174 alignleft\" src=\"https:\/\/www.radiopiu.net\/wordpress\/wp-content\/uploads\/2024\/03\/radio-piu-300x181.png\" alt=\"\" width=\"189\" height=\"114\" srcset=\"https:\/\/www.radiopiu.net\/wordpress\/wp-content\/uploads\/2024\/03\/radio-piu-300x181.png 300w, https:\/\/www.radiopiu.net\/wordpress\/wp-content\/uploads\/2024\/03\/radio-piu.png 689w\" sizes=\"auto, (max-width: 189px) 100vw, 189px\" \/><\/a>IERI E OGGI, NEI NOTIZIARI NAZIONALI ALLA RADIO&#8230; PIU&#8217;<\/strong><\/span><\/p>\n<blockquote>\n<h3><span style=\"color: #ff0000;\"><strong>Regione Piemonte\u00a0 <\/strong><\/span>Mottarone: nessuna decisione della gup, vanno modificate le accuse Giudice invita il pm a riformulare i capi d&#8217;imputazione. Rinvio al 12 settembre<\/h3>\n<\/blockquote>\n<p>&nbsp;<\/p>\n<hr \/>\n<p>&nbsp;<\/p>\n<p><strong><a class=\"dt-pswp-item\" href=\"https:\/\/www.radiopiu.net\/wordpress\/wp-content\/uploads\/2024\/06\/MOSTO-4.png\" data-dt-img-description=\"\" data-large_image_width=\"608\" data-large_image_height=\"511\"><img loading=\"lazy\" decoding=\"async\" class=\" wp-image-393097 alignleft\" src=\"https:\/\/www.radiopiu.net\/wordpress\/wp-content\/uploads\/2024\/06\/MOSTO-4-300x252.png\" alt=\"\" width=\"235\" height=\"197\" srcset=\"https:\/\/www.radiopiu.net\/wordpress\/wp-content\/uploads\/2024\/06\/MOSTO-4-300x252.png 300w, https:\/\/www.radiopiu.net\/wordpress\/wp-content\/uploads\/2024\/06\/MOSTO-4.png 608w\" sizes=\"auto, (max-width: 235px) 100vw, 235px\" \/><\/a>OGGI ALLA RADIO.<\/strong>&#8230;<span style=\"color: #ff0000;\"> ALLE 4 E ALLE 6<\/span> LE NOTIZIE DALL&#8217;ITALIA E DAL MONDO <span style=\"color: #ff0000;\">6.15<\/span> PIROLE DE LENGA A CURA DEL MUSLA<span style=\"color: #ff0000;\"> 7.20<\/span> EL BAL DEL FIORI, DETTI E TRADIZIONI DI GIULIANA DA RONCH <span style=\"color: #ff0000;\">8.05<\/span> LA RASSEGNA STAMPA LOCALE <span style=\"color: #ff0000;\">8.30<\/span> PIU&#8217; SIAMO DI MARINA DONA&#8217;<span style=\"color: #ff0000;\"> 9.00<\/span><span style=\"color: #ff0000;\"> LA MUSICA COUNTRY DI ALEX NASCINBEN <\/span><span style=\"color: #ff0000;\">\u00a09.30<\/span> <strong><span style=\"color: #0000ff;\">VIABILITA&#8217; CON BOTOL CAR SERVICE (AGORDO-SEDICO-FELTRE)<\/span><\/strong> <span style=\"color: #ff0000;\">10.10<\/span> ZAINO DA VIAGGIO AL FEMMINILE DI PALA LANCIATO\u00a0 <span style=\"color: #ff0000;\">10.30<\/span> SPECIALE LETTURE E CULTURE DI marina don\u00e0 <span style=\"color: #ff0000;\">11.10<\/span> LA STORIA DEL FESTIVALBAR DI MIRCO BENCIVENNI <span style=\"color: #ff0000;\">12.00<\/span> VA TUTTO LISCIO\u00a0 <span style=\"color: #ff0000;\">12.30<\/span> <strong>GIORNALE RADIO PRINCIPALE<\/strong>\u00a0<span style=\"color: #ff0000;\">13.20<\/span> TRE PEZZI DI MARINA DONA&#8217; <span style=\"color: #ff0000;\">14.00<\/span> COLLAGE OPERAZIONE NOSTALGIA, LORIS SCUSSEL\u00a0<span style=\"color: #ff0000;\"> 15.00 TIME FOR ME DI marina don\u00e0\u00a0 16<\/span> IL ROCK DI MARCO COSTANTINI <span style=\"color: #ff0000;\">1645<\/span> LE HIT DI MIRCO BENCIVENNI <span style=\"color: #ff0000;\">18.00<\/span> PIU&#8217; DANCE LE SELEZIONI CHE FANNO SALTARE DI DJ JACK, JACOPO DEL TEDESCO <span style=\"color: #ff0000;\">19<\/span> LE ANTICIPAZIONI DAL TG DI ANTENNA 3 DI TIZIANA BOLOGNANI<\/p>\n<p>foto Diana<\/p>\n<blockquote><p><strong>rassegna stampa nazionale, ogni giorno alle 5 e alle 6 del mattino<\/strong><br \/>\n<em>giornali locali 7 rassegna stampa flash, 8 rassegna stampa, gr flash alle 10 e alle 11, principale 12.30. Informazione pomerIggio alle 15 (speciale) 16, 17, 18. Giornale radio nazionale: ogni ora dalle 5 del mattino, alle 20 della sera. <\/em><\/p><\/blockquote>\n<div class=\"x11i5rnm xat24cr x1mh8g0r x1vvkbs xtlvy1s x126k92a\">\n<div dir=\"auto\">\n<p>&nbsp;<\/p>\n<p>&nbsp;<\/p>\n<p>&nbsp;<\/p>\n<\/div>\n<div dir=\"auto\">\n<hr \/>\n<p>&nbsp;<\/p>\n<p>&nbsp;<\/p>\n<div dir=\"auto\">\n<p><strong><a class=\"dt-pswp-item\" href=\"https:\/\/www.radiopiu.net\/wordpress\/wp-content\/uploads\/2024\/02\/2d44e751-d8a8-461b-8e22-d8e4e853b032.jpg\" data-dt-img-description=\"\" data-large_image_width=\"1600\" data-large_image_height=\"1200\"><img loading=\"lazy\" decoding=\"async\" class=\"wp-image-373307 alignleft\" src=\"https:\/\/www.radiopiu.net\/wordpress\/wp-content\/uploads\/2024\/02\/2d44e751-d8a8-461b-8e22-d8e4e853b032-300x225.jpg\" alt=\"\" width=\"105\" height=\"79\" srcset=\"https:\/\/www.radiopiu.net\/wordpress\/wp-content\/uploads\/2024\/02\/2d44e751-d8a8-461b-8e22-d8e4e853b032-300x225.jpg 300w, https:\/\/www.radiopiu.net\/wordpress\/wp-content\/uploads\/2024\/02\/2d44e751-d8a8-461b-8e22-d8e4e853b032-1024x768.jpg 1024w, https:\/\/www.radiopiu.net\/wordpress\/wp-content\/uploads\/2024\/02\/2d44e751-d8a8-461b-8e22-d8e4e853b032-768x576.jpg 768w, https:\/\/www.radiopiu.net\/wordpress\/wp-content\/uploads\/2024\/02\/2d44e751-d8a8-461b-8e22-d8e4e853b032-1536x1152.jpg 1536w, https:\/\/www.radiopiu.net\/wordpress\/wp-content\/uploads\/2024\/02\/2d44e751-d8a8-461b-8e22-d8e4e853b032.jpg 1600w\" sizes=\"auto, (max-width: 105px) 100vw, 105px\" \/><\/a>EL BAL DEL FIOR, DI GIULIANA DA RONCH, 25 LUGLIO<\/strong><strong>\u00a02024<em>\u00a0<\/em><\/strong><\/p>\n<audio class=\"wp-audio-shortcode\" id=\"audio-401157-1\" preload=\"none\" style=\"width: 100%;\" controls=\"controls\"><source type=\"audio\/mpeg\" src=\"https:\/\/www.radiopiu.net\/wordpress\/wp-content\/uploads\/2024\/07\/GGI-2.m4a?_=1\" \/><a href=\"https:\/\/www.radiopiu.net\/wordpress\/wp-content\/uploads\/2024\/07\/GGI-2.m4a\">https:\/\/www.radiopiu.net\/wordpress\/wp-content\/uploads\/2024\/07\/GGI-2.m4a<\/a><\/audio>\n<p>&nbsp;<\/p>\n<\/div>\n<\/div>\n<hr \/>\n<p>&nbsp;<\/p>\n<p>&nbsp;<\/p>\n<h1><span style=\"color: #ff0000;\"><a class=\"dt-pswp-item\" href=\"https:\/\/www.radiopiu.net\/wordpress\/wp-content\/uploads\/2024\/06\/th-5.jpg\" data-dt-img-description=\"\" data-large_image_width=\"326\" data-large_image_height=\"180\"><img loading=\"lazy\" decoding=\"async\" class=\"size-medium wp-image-395881 alignleft\" src=\"https:\/\/www.radiopiu.net\/wordpress\/wp-content\/uploads\/2024\/06\/th-5-300x166.jpg\" alt=\"\" width=\"300\" height=\"166\" srcset=\"https:\/\/www.radiopiu.net\/wordpress\/wp-content\/uploads\/2024\/06\/th-5-300x166.jpg 300w, https:\/\/www.radiopiu.net\/wordpress\/wp-content\/uploads\/2024\/06\/th-5.jpg 326w\" sizes=\"auto, (max-width: 300px) 100vw, 300px\" \/><\/a><\/span><\/h1>\n<h1><\/h1>\n<h1><\/h1>\n<h1><span style=\"color: #000000;\">25 luglio&#8230; alla radio l&#8217;almanacco\u00a0<\/span><\/h1>\n<audio class=\"wp-audio-shortcode\" id=\"audio-401157-2\" preload=\"none\" style=\"width: 100%;\" controls=\"controls\"><source type=\"audio\/mpeg\" src=\"https:\/\/www.radiopiu.net\/wordpress\/wp-content\/uploads\/2024\/07\/ALMANACCONEW-21.mp3?_=2\" \/><a href=\"https:\/\/www.radiopiu.net\/wordpress\/wp-content\/uploads\/2024\/07\/ALMANACCONEW-21.mp3\">https:\/\/www.radiopiu.net\/wordpress\/wp-content\/uploads\/2024\/07\/ALMANACCONEW-21.mp3<\/a><\/audio>\n<p>&nbsp;<\/p>\n<p>&nbsp;<\/p>\n<div dir=\"auto\">\n<hr \/>\n<\/div>\n<\/div>\n<blockquote>\n<blockquote>\n<h1><span style=\"color: #ff0000;\">\u00a0<\/span><\/h1>\n<h1><span style=\"color: #ff0000;\">I podcast informativi del mattino &#8211; audio &#8211;\u00a0\u00a0<\/span><\/h1>\n<\/blockquote>\n<p><strong><a class=\"dt-pswp-item\" href=\"https:\/\/www.radiopiu.net\/wordpress\/wp-content\/uploads\/2023\/11\/th-10.jpg\" data-dt-img-description=\"\" data-large_image_width=\"320\" data-large_image_height=\"180\"><img loading=\"lazy\" decoding=\"async\" class=\"wp-image-362866 alignleft\" src=\"https:\/\/www.radiopiu.net\/wordpress\/wp-content\/uploads\/2023\/11\/th-10-300x169.jpg\" alt=\"\" width=\"185\" height=\"104\" srcset=\"https:\/\/www.radiopiu.net\/wordpress\/wp-content\/uploads\/2023\/11\/th-10-300x169.jpg 300w, https:\/\/www.radiopiu.net\/wordpress\/wp-content\/uploads\/2023\/11\/th-10.jpg 320w\" sizes=\"auto, (max-width: 185px) 100vw, 185px\" \/><\/a>LA RASSEGNA STAMPA NAZIONALE ALLA RADIO, OGNI GIORNO ALLE 5 E ALLE 6 DEL MATTINO <span style=\"color: #0000ff;\">viene pubblicata alle 6.00 <span style=\"color: #ff0000;\">DIRETTA RADIO\u00a0 \u00a0\u00a0<\/span><\/span><\/strong><\/p><\/blockquote>\n<p>&nbsp;<\/p>\n<p><strong>NOTIZIE DELLA NOTTE\u00a0 \u00a0<\/strong><\/p>\n<p><strong>Biden,<\/strong> mi sono ritirato per difendere la democrazia &#8216;Finir\u00f2 il lavoro ma servono voci nuove, Harris tosta e capace <strong>Trump,<\/strong> abbiamo sconfitto Biden, Harris un&#8217;incompetentePrimo comizio dopo il ritiro di Biden<br \/>\n<strong>L&#8217;Idf<\/strong> recupera i corpi di tre israeliani a Khan Younis <strong>Usa,<\/strong> accordo su tregua e ostaggi a Gaza nella fase finale<\/p>\n<h2>AUDIO dalle 6 del mattino<\/h2>\n<audio class=\"wp-audio-shortcode\" id=\"audio-401157-3\" preload=\"none\" style=\"width: 100%;\" controls=\"controls\"><source type=\"audio\/mpeg\" src=\"https:\/\/www.radiopiu.net\/wordpress\/wp-content\/uploads\/2024\/07\/GIORNALEDELLESEI-21.mp3?_=3\" \/><a href=\"https:\/\/www.radiopiu.net\/wordpress\/wp-content\/uploads\/2024\/07\/GIORNALEDELLESEI-21.mp3\">https:\/\/www.radiopiu.net\/wordpress\/wp-content\/uploads\/2024\/07\/GIORNALEDELLESEI-21.mp3<\/a><\/audio>\n<p>&nbsp;<\/p>\n<p>&nbsp;<\/p>\n<hr \/>\n<p>&nbsp;<\/p>\n<h1 style=\"text-align: center;\"><span style=\"color: #ff0000;\">I podcast informativi del mattino &#8211; audio &#8211;\u00a0<\/span><\/h1>\n<p><strong><a class=\"dt-pswp-item\" href=\"https:\/\/www.radiopiu.net\/wordpress\/wp-content\/uploads\/2023\/12\/images.png\" data-dt-img-description=\"\" data-large_image_width=\"316\" data-large_image_height=\"160\"><img loading=\"lazy\" decoding=\"async\" class=\"wp-image-367008 alignleft\" src=\"https:\/\/www.radiopiu.net\/wordpress\/wp-content\/uploads\/2023\/12\/images-300x152.png\" alt=\"\" width=\"235\" height=\"119\" srcset=\"https:\/\/www.radiopiu.net\/wordpress\/wp-content\/uploads\/2023\/12\/images-300x152.png 300w, https:\/\/www.radiopiu.net\/wordpress\/wp-content\/uploads\/2023\/12\/images.png 316w\" sizes=\"auto, (max-width: 235px) 100vw, 235px\" \/><\/a>OGNI GIORNO ALLE SETTE DEL MATTINO, LA RASSEGNA STAMPA LOCALE FLASH&#8230; PER CHI VA IN FRETTA. I TITOLI DAI GIORNALI E DAL SITO WWW.RADIOPIU.NET <span style=\"color: #0000ff;\">viene pubblicato alle 7.00<\/span> <span style=\"color: #ff0000;\">DIRETTA RADIO\u00a0<\/span><\/strong><\/p>\n<p><em><span style=\"color: #ff0000;\">per chi va in fretta&#8230; tante notizie in pochi minuti. L&#8217;informazione locale alla radio, ogni ora dalle 7 del mattino alle 19 della sera.\u00a0 <\/span><\/em><\/p>\n<p>&nbsp;<\/p>\n<p><span style=\"color: #ff0000;\"><strong>CENCENIGHE: William Fa\u00e8 Ci Ha Lasciato All\u2019Improvviso<\/strong><\/span><br \/>\nWilliam Fa\u00e8, ex sindaco di Cencenighe, ci ha lasciato all\u2019et\u00e0 di soli 51 anni, a settembre ne avrebbe compiuto uno in pi\u00f9. La notizia della sua improvvisa scomparsa scuote profondamente la comunit\u00e0 e coloro che lo conoscevano. William \u00e8 morto ieri mattina, colpito da un infarto mentre si trovava sul posto di lavoro nel Comune di San Tomaso Agordino, dove lavorava come tecnico comunale<br \/>\n<strong>GRUPPO ALPINI DI CENCENIGHE<\/strong> Il gruppo Alpini di Cencenighe partecipa con immenso cordoglio alla prematura scomparsa del carissimo socio William Fa\u00e9, si stringe con immenso dolore alla famiglia. Il capogruppo e tutti gli Alpini di Cencenighe<br \/>\n<span style=\"color: #ff0000;\"><strong>IL CALCIO AGORDINO PIANGE EZIO ANDRICH<\/strong><\/span><br \/>\n<strong>CANALE D&#8217;AGORDO<\/strong> Il calcio dell&#8217;Agordino \u00e8 in lutto. E&#8217; morto a Canale D&#8217;Agordo, suo paese natale, Ezio Andrich. Per decenni ha arbitrato le partite del Campionato Agordino di calcio facendosi amico di tanti calciatori della vallata. Ezio, soprannominato Oia, era molto conosciuto. A dare l&#8217;annuncio della sua morte la moglie Miriam, i figli Luca e Marta, la sorella Giuseppina, il cognato e parenti tutti. I funerali avranno luogo domani alle 14:30 nella Chiesa di Canale D&#8217;Agordo.<br \/>\n<span style=\"color: #ff0000;\"><strong>SCARICA DI SASSI SULLA FERRATA BERTI, UN&#8217;ESCURSIONISTA FERITA<\/strong><\/span><br \/>\n<strong>SAN VITO DI CADORE<\/strong>\u00a0 Ieri mattina alle 10.10, la Centrale del 118 ha ricevuto una chiamata per un&#8217;escursionista ferita da una scarica di sassi lungo la Ferrata Berti, sulla Croda Marcora. L&#8217;escursionista, una 31enne slovacca, stava percorrendo la Cengia del Banco con il compagno quando \u00e8 stata colpita da detriti, probabilmente a causa di un crollo avvenuto lo scorso settembre.<br \/>\n<strong>CORTINA<\/strong> due escursionisti 33enni inglesi avevano iniziato a risalire un canale, finch\u00e9 sono rimasti incrodati, incapaci di ogni movimento. Individuati dell\u2019equipaggio, l\u2019uomo e la donna sono stati recuperati dal tecnico di elisoccorso con un verricello di 55 metri e trasportati al Passo Tre Croci.<br \/>\n<strong>CORTINA<\/strong>\u00a0 una donna che si \u00e8 procurata un trauma al polso, dopo essere caduta poco dopo il tratto attrezzato sul sentiero per il Rifugio Vandelli. Imbarcata con un verricello di 30 metri, l\u2019infortunata \u00e8 stata portata in ospedale.<\/p>\n<h1>AUDIO dalle 7 del mattino<\/h1>\n<audio class=\"wp-audio-shortcode\" id=\"audio-401157-4\" preload=\"none\" style=\"width: 100%;\" controls=\"controls\"><source type=\"audio\/mpeg\" src=\"https:\/\/www.radiopiu.net\/wordpress\/wp-content\/uploads\/2024\/07\/GF07-20.mp3?_=4\" \/><a href=\"https:\/\/www.radiopiu.net\/wordpress\/wp-content\/uploads\/2024\/07\/GF07-20.mp3\">https:\/\/www.radiopiu.net\/wordpress\/wp-content\/uploads\/2024\/07\/GF07-20.mp3<\/a><\/audio>\n<p>&nbsp;<\/p>\n<p>&nbsp;<\/p>\n<p>&nbsp;<\/p>\n<hr \/>\n<p>&nbsp;<\/p>\n<h1><\/h1>\n<h1 style=\"text-align: center;\"><span style=\"color: #ff0000;\"><a class=\"dt-pswp-item\" href=\"https:\/\/www.radiopiu.net\/wordpress\/wp-content\/uploads\/2022\/01\/026c3f9d-dae9-4040-a3c1-a6530231bcc3.jpg\" data-dt-img-description=\"\" data-large_image_width=\"1152\" data-large_image_height=\"2048\"><img loading=\"lazy\" decoding=\"async\" class=\"wp-image-251839 alignleft\" src=\"https:\/\/www.radiopiu.net\/wordpress\/wp-content\/uploads\/2022\/01\/026c3f9d-dae9-4040-a3c1-a6530231bcc3-169x300.jpg\" alt=\"\" width=\"100\" height=\"177\" srcset=\"https:\/\/www.radiopiu.net\/wordpress\/wp-content\/uploads\/2022\/01\/026c3f9d-dae9-4040-a3c1-a6530231bcc3-169x300.jpg 169w, https:\/\/www.radiopiu.net\/wordpress\/wp-content\/uploads\/2022\/01\/026c3f9d-dae9-4040-a3c1-a6530231bcc3-576x1024.jpg 576w, https:\/\/www.radiopiu.net\/wordpress\/wp-content\/uploads\/2022\/01\/026c3f9d-dae9-4040-a3c1-a6530231bcc3-768x1365.jpg 768w, https:\/\/www.radiopiu.net\/wordpress\/wp-content\/uploads\/2022\/01\/026c3f9d-dae9-4040-a3c1-a6530231bcc3-864x1536.jpg 864w, https:\/\/www.radiopiu.net\/wordpress\/wp-content\/uploads\/2022\/01\/026c3f9d-dae9-4040-a3c1-a6530231bcc3.jpg 1152w\" sizes=\"auto, (max-width: 100px) 100vw, 100px\" \/><\/a>I podcast informativi del mattino &#8211; audio &#8211;\u00a0<\/span><\/h1>\n<blockquote><p><strong>GIORNALE RADIO NAZIONALE, EDIZIONE DELLE SETTE <span style=\"color: #0000ff;\">viene pubblicato alle 7.05 <span style=\"color: #ff0000;\">DIRETTA RADIO\u00a0<\/span><\/span><\/strong><\/p><\/blockquote>\n<p><strong>il giornale radionazionale e&#8217; in onda ogni ora, dalle sette del mattino alle venti della sera\u00a0 \u00a0<\/strong><strong>\u00a0<\/strong><\/p>\n<p><strong>IMOLA<\/strong> Bambina di 5 anni annega nella piscina di un hotel <strong>FIRENZE<\/strong> I genitori di Renzi condannati per fatture false <strong>CAGLIARI<\/strong> Donna uccisa, tracce di sangue a bordo dell&#8217;auto <strong>CATANIA<\/strong> Cosa nostra etnea e il boss che agiva nell&#8217;ombra, 23 arresti <strong>CAGLIARI<\/strong> Presunti abusi sessuali durante i casting, arrestato 42enne<br \/>\n<strong>TORINO<\/strong> Giornalista aggredito, identificato il gruppo degli aggressori<\/p>\n<h2>AUDIO dalle sette del mattino, ogni ora alla radio<\/h2>\n<audio class=\"wp-audio-shortcode\" id=\"audio-401157-5\" preload=\"none\" style=\"width: 100%;\" controls=\"controls\"><source type=\"audio\/mpeg\" src=\"https:\/\/www.radiopiu.net\/wordpress\/wp-content\/uploads\/2024\/07\/giornale07-22.mp3?_=5\" \/><a href=\"https:\/\/www.radiopiu.net\/wordpress\/wp-content\/uploads\/2024\/07\/giornale07-22.mp3\">https:\/\/www.radiopiu.net\/wordpress\/wp-content\/uploads\/2024\/07\/giornale07-22.mp3<\/a><\/audio>\n<p>&nbsp;<\/p>\n<p>&nbsp;<\/p>\n<hr \/>\n<p>&nbsp;<\/p>\n<p>&nbsp;<\/p>\n<h1><span style=\"color: #ff0000;\">I podcast informativi del mattino &#8211; video &#8211;\u00a0<\/span><\/h1>\n<h2><strong><a class=\"dt-pswp-item\" href=\"https:\/\/www.radiopiu.net\/wordpress\/wp-content\/uploads\/2023\/12\/th-10.jpg\" data-dt-img-description=\"\" data-large_image_width=\"245\" data-large_image_height=\"180\"><img loading=\"lazy\" decoding=\"async\" class=\" wp-image-367395 alignleft\" src=\"https:\/\/www.radiopiu.net\/wordpress\/wp-content\/uploads\/2023\/12\/th-10.jpg\" alt=\"\" width=\"166\" height=\"122\" \/><\/a>RASSEGNA STAMPA LOCALE, ORE OTTO 05<\/strong><\/h2>\n<h2><strong> <span style=\"color: #0000ff;\">viene\u00a0 <\/span><\/strong><strong><span style=\"color: #0000ff;\">pubblicata alle 8.05 <span style=\"color: #ff0000;\">DIRETTA RADIO\u00a0\u00a0<\/span><\/span><\/strong><\/h2>\n<p><strong>DI MIRKO MEZZACASA\u00a0 \u00a0<\/strong><button class=\"rounded-lg text-token-text-secondary hover:bg-token-main-surface-secondary\"><\/button><\/p>\n<p><strong>OGGI SUL Corriere delle Alpi E NOTIZIARI DI Radio Pi\u00f9<\/strong><\/p>\n<p><strong>TAMBRE<\/strong> \u00a0incidente stradale lungo la SP 28 nel comune di Tambre: nessuna persona ferita. Causa: la grandine.\u00a0 La squadra dei vigili del fuoco accorsa dalla centrale, ha messo in sicurezza l\u2019auto finita fuori strada, predisponendo le operazioni di recupero dell\u2019auto da parte del carro attrezzi<br \/>\n<strong>PEDAVENA<\/strong> i in localit\u00e0 Campet nel comune di Pedavena incendio di un\u2019autovettura: nessuna persona \u00e8 rimasta ferita. La squadra dei vigili del fuoco arrivata dal distaccamento di Feltre, ha spento l\u2019incendio dell\u2019auto, probabilmente innescato da cause elettromeccaniche al vaglio del personale intervenuto.<br \/>\n<strong>FONZASO<\/strong> L&#8217;orso del Monte Roncon continua a frequentare la zona di Fonzaso, attratto dalle api e dal miele. Recentemente ha devastato un apiario, lasciando impronte profonde, ma ha risparmiato il secondo alveare. Il plantigrado, monitorato con fototrappole per il controllo della peste suina africana, viene regolarmente avvistato insieme a cinghiali che popolano l&#8217;area<br \/>\n<strong>BUSCHE<\/strong> chiusura al traffico della strada statale 50 \u201cdel Grappa e Passo Rolle\u201d che sar\u00e0 in vigore da lunedi al 15 ottobre. Durante la chiusura, i veicoli leggeri E i mezzi del trasporto pubblico locale saranno indirizzati su una bretella provvisoria di collegamento che attraversa la linea ferroviaria attraverso le strade comunali via Sbarre e via Ponach. Lungo il tracciato \u00e8 previsto il doppio senso di circolazione ad eccezione di un tratto centrale dove il transito sar\u00e0 regolato a senso alternato da un semaforo intelligente dotato di radar di accodamento.<\/p>\n<h2><span style=\"color: #ff0000;\"><strong>VIDEO\u00a0 \u00a0in diretta dalle 8 del mattino<\/strong><\/span><\/h2>\n<p><iframe loading=\"lazy\" title=\"DAL 1983 LA RASSEGNA STAMPA LOCALE di mirko mezzacasa. L&#039;ORIGINALE\" width=\"1200\" height=\"675\" src=\"https:\/\/www.youtube.com\/embed\/JcpgTtt06iU?feature=oembed\" frameborder=\"0\" allow=\"accelerometer; autoplay; clipboard-write; encrypted-media; gyroscope; picture-in-picture; web-share\" referrerpolicy=\"strict-origin-when-cross-origin\" allowfullscreen><\/iframe><\/p>\n<p>&nbsp;<\/p>\n<hr \/>\n<p>&nbsp;<\/p>\n<p>&nbsp;<\/p>\n<p><strong><a class=\"dt-pswp-item\" href=\"https:\/\/www.radiopiu.net\/wordpress\/wp-content\/uploads\/2023\/12\/ANTENNA.png\" data-dt-img-description=\"\" data-large_image_width=\"300\" data-large_image_height=\"166\"><img loading=\"lazy\" decoding=\"async\" class=\" wp-image-366306 alignleft\" src=\"https:\/\/www.radiopiu.net\/wordpress\/wp-content\/uploads\/2023\/12\/ANTENNA.png\" alt=\"\" width=\"175\" height=\"97\" \/><\/a>IERI SERA, DAL TG DI ANTENNA 3, ogni sera alle 19 le anticipazioni alla radio, quello che poi seguirete nel TELEGIORNALE BELLUNESE\u00a0 in onda alle 19.30 sul CANALE 10 del digitale terrestre.\u00a0\u00a0<\/strong><\/p>\n<p>&nbsp;<\/p>\n<p><span style=\"color: #ff0000;\"><strong>\u00a0IERI SERA ALLA RADIO&#8230; LE ANTICIPAZIONI DI\u00a0 stefano bozzi<\/strong><\/span><\/p>\n<audio class=\"wp-audio-shortcode\" id=\"audio-401157-6\" preload=\"none\" style=\"width: 100%;\" controls=\"controls\"><source type=\"audio\/mpeg\" src=\"https:\/\/www.radiopiu.net\/wordpress\/wp-content\/uploads\/2024\/07\/ANTENNA3-17.mp3?_=6\" \/><a href=\"https:\/\/www.radiopiu.net\/wordpress\/wp-content\/uploads\/2024\/07\/ANTENNA3-17.mp3\">https:\/\/www.radiopiu.net\/wordpress\/wp-content\/uploads\/2024\/07\/ANTENNA3-17.mp3<\/a><\/audio>\n<p><span style=\"color: #ff0000;\"><strong>\u00a0<\/strong><\/span><\/p>\n<p>&nbsp;<\/p>\n<hr \/>\n<p>&nbsp;<\/p>\n<blockquote>\n<h3>CENCENIGHE: William Fa\u00e8 Ci Ha Lasciato All\u2019Improvviso<\/h3>\n<\/blockquote>\n<p><em><a class=\"dt-pswp-item\" href=\"https:\/\/www.radiopiu.net\/wordpress\/wp-content\/uploads\/2024\/07\/WILLIAM-FAE-1-e1566365190286-300x225-1.jpg\" data-dt-img-description=\"\" data-large_image_width=\"300\" data-large_image_height=\"225\"><img loading=\"lazy\" decoding=\"async\" class=\"size-full wp-image-401232 alignleft\" src=\"https:\/\/www.radiopiu.net\/wordpress\/wp-content\/uploads\/2024\/07\/WILLIAM-FAE-1-e1566365190286-300x225-1.jpg\" alt=\"\" width=\"300\" height=\"225\" \/><\/a> <\/em><\/p>\n<p>William Fa\u00e8, ex sindaco di Cencenighe, ci ha lasciato all&#8217;et\u00e0 di soli 51 anni, a settembre ne avrebbe compiuto uno in pi\u00f9.\u00a0 La notizia della sua improvvisa scomparsa\u00a0 scuote profondamente la comunit\u00e0 e coloro che lo conoscevano. William \u00e8 morto ieri mattina, colpito da un infarto mentre si trovava sul posto di lavoro nel Comune di San Tomaso Agordino, dove lavorava come tecnico comunale. Quello strano rumore proveniente dall&#8217;ufficio ha attirato l&#8217;attenzione della donna delle pulizie che immediatamente ha allertato il 118.\u00a0 La notizia ha lasciato attonito l&#8217;attuale sindaco, Moreno De Val. William Fa\u00e8 era una figura amata e rispettata nel suo paese. Oltre ad aver servito come sindaco di Cencenighe fino al 2017, era conosciuto per la sua passione per gli Alpini, che rappresentavano una parte importante della sua vita. Amava trascorrere il suo tempo libero dedicandosi alle attivit\u00e0 dell&#8217;associazione, con la quale condivideva valori di cameratismo e servizio alla comunit\u00e0. L&#8217;ex\u00a0 sindaco era noto per il suo spirito allegro e l&#8217;ironia che spesso lo caratterizzava. La notizia della sua morte ha lasciato un vuoto difficile da colmare.<em> &#8220;Caro alpino, ce l&#8217;hai fatta proprio con il &#8216;colletto&#8217; questa volta,&#8221;<\/em> commentano i suoi amici, ricordando la sua capacit\u00e0 di trovare una battuta anche nei momenti pi\u00f9 difficili. William era un uomo che, nonostante le sfide, riusciva sempre a vedere il lato positivo delle cose, guadagnandosi il rispetto e l&#8217;affetto di chiunque lo conoscesse.<\/p>\n<div class=\"group\/conversation-turn relative flex w-full min-w-0 flex-col agent-turn\">\n<div class=\"flex-col gap-1 md:gap-3\">\n<div class=\"flex flex-grow flex-col max-w-full\">\n<div class=\"min-h-[20px] text-message flex w-full flex-col items-end gap-2 whitespace-pre-wrap break-words [.text-message+&amp;]:mt-5 overflow-x-auto\" dir=\"auto\" data-message-author-role=\"assistant\" data-message-id=\"bf68479d-0a3f-414b-83fc-c4ba3e2b32bf\">\n<div class=\"flex w-full flex-col gap-1 empty:hidden first:pt-[3px]\">\n<div class=\"markdown prose w-full break-words dark:prose-invert dark\">\n<p><a class=\"dt-pswp-item\" href=\"https:\/\/www.radiopiu.net\/wordpress\/wp-content\/uploads\/2024\/07\/4303_1102155248480_6647877_n.jpg\" data-dt-img-description=\"\" data-large_image_width=\"206\" data-large_image_height=\"206\"><img loading=\"lazy\" decoding=\"async\" class=\"size-full wp-image-401230 alignright\" src=\"https:\/\/www.radiopiu.net\/wordpress\/wp-content\/uploads\/2024\/07\/4303_1102155248480_6647877_n.jpg\" alt=\"\" width=\"206\" height=\"206\" srcset=\"https:\/\/www.radiopiu.net\/wordpress\/wp-content\/uploads\/2024\/07\/4303_1102155248480_6647877_n.jpg 206w, https:\/\/www.radiopiu.net\/wordpress\/wp-content\/uploads\/2024\/07\/4303_1102155248480_6647877_n-150x150.jpg 150w\" sizes=\"auto, (max-width: 206px) 100vw, 206px\" \/><\/a>Durante il suo mandato come sindaco, William Fa\u00e8 era stato una figura vicina agli eventi e alle persone di Cencenighe, contribuendo con dedizione alla crescita e allo sviluppo del paese. La sua leadership non pass\u00f2 inosservata, tanto da attirare l&#8217;attenzione dei media nazionali quando Cencenighe rimase temporaneamente senza sindaco. Questo port\u00f2 William a discutere pubblicamente della mancanza di\u00a0 giovani, di forze nuove,\u00a0 in una valle\u00a0 benestante, dove il primo cittadino era pagato con un &#8220;gettone di presenza&#8221; ridicolo,\u00a0 tema che scaten\u00f2 dibattiti e coinvolse giornalisti e conduttori televisivi in tutta Italia.<\/p>\n<p>Oggi, amici e colleghi ricordano William non solo come un amministratore capace, ma anche come un uomo dotato di grande cuore e forza morale. Era una persona che, attraverso il suo lavoro e la sua vita personale, aveva sempre mantenuto una visione chiara di ci\u00f2 che era importante per il suo paese e i suoi concittadini. La sua scomparsa rappresenta una perdita inestimabile per la comunit\u00e0 di Cencenighe e lascia un&#8217;eredit\u00e0 di impegno civile e passione che continuer\u00e0 a ispirare chiunque abbia avuto la fortuna di conoscerlo. Mentre la comunit\u00e0 piange la sua scomparsa, il ricordo di William Fa\u00e8 rimane vivo nei cuori di tutti, come un uomo che ha dedicato la sua vita a servire gli altri con dedizione, umilt\u00e0 e amore. Un abbraccio a Carlotta, la sua compagna di vita.<\/p>\n<h3><em><strong>IL SINDACO DI SAN TOMASO, MORENO DE VAL\u00a0 &#8220;15 ANNI DI LAVORO, GIOIE E DOLORI&#8221;<\/strong><\/em><\/h3>\n<audio class=\"wp-audio-shortcode\" id=\"audio-401157-7\" preload=\"none\" style=\"width: 100%;\" controls=\"controls\"><source type=\"audio\/mpeg\" src=\"https:\/\/www.radiopiu.net\/wordpress\/wp-content\/uploads\/2024\/07\/MORENO-DE-VAL-SIDNCO.mp3?_=7\" \/><a href=\"https:\/\/www.radiopiu.net\/wordpress\/wp-content\/uploads\/2024\/07\/MORENO-DE-VAL-SIDNCO.mp3\">https:\/\/www.radiopiu.net\/wordpress\/wp-content\/uploads\/2024\/07\/MORENO-DE-VAL-SIDNCO.mp3<\/a><\/audio>\n<p>&nbsp;<\/p>\n<h2><em><strong>IL RICORDO DEL SINDACO DI CENCENIGHE MAURO SOPPELSA<\/strong><\/em><\/h2>\n<audio class=\"wp-audio-shortcode\" id=\"audio-401157-8\" preload=\"none\" style=\"width: 100%;\" controls=\"controls\"><source type=\"audio\/mpeg\" src=\"https:\/\/www.radiopiu.net\/wordpress\/wp-content\/uploads\/2024\/07\/WhatsApp-Audio-2024-07-24-at-15.04.26.mp3?_=8\" \/><a href=\"https:\/\/www.radiopiu.net\/wordpress\/wp-content\/uploads\/2024\/07\/WhatsApp-Audio-2024-07-24-at-15.04.26.mp3\">https:\/\/www.radiopiu.net\/wordpress\/wp-content\/uploads\/2024\/07\/WhatsApp-Audio-2024-07-24-at-15.04.26.mp3<\/a><\/audio>\n<p>&nbsp;<\/p>\n<p><strong>IL SEGRETARIO DELLA LEGA NORD E GIA&#8217; SINDACO DI ROCCA PIETORE ANDREA DE BERNARDIN<\/strong><\/p>\n<p><em>\u201cFa\u00e8 \u00e8 stato sindaco, e prima, assessore ai tempi di Rizieri Ongaro insieme all\u2019attuale sindaco Mauro Soppelsa, un amministratore di lungo corso e vicino al nostro partito da molti anni. Era tesserato Lega da tempo e infatti condividevamo battaglie e una linea politica per le nostre terre di montagna. E\u2019 stato sindaco quando lo ero anche io, abbiamo lavorato insieme in Unione Montana e ho sempre trovato in lui un interlocutore affidabile, di buon senso e veramente attaccato al nostro territorio. <\/em><em>William ci mancher\u00e0, come amico prima ancora che come collega di partito e sono certo che ha lasciato un vuoto enorme in tutto l\u2019Agordino. <\/em><em>Alla famiglia le condoglianze mie a nome di tutta la Lega provinciale\u201d.<\/em><\/p>\n<p>&nbsp;<\/p>\n<p><span style=\"color: #ff0000;\"><strong>IL PRESIDENTE DELLA PROVINCIA ROBERTO PADRIN<\/strong><\/span><\/p>\n<p>\u00abDisponibile, collaborativo, di poche parole e di molti fatti. Un amministratore attento e concreto\u00bb. Cos\u00ec il presidente della Provincia di Belluno Roberto Padrin in una nota di cordoglio per l\u2019improvvisa scomparsa di William Fa\u00e8, gi\u00e0 sindaco di Cencenighe e oggi tecnico a San Tomaso Agordino. \u00abL\u2019ho conosciuto nei miei primi anni da sindaco di Longarone e ho di lui il ricordo di una persona schietta, un gran lavoratore, un amministratore appassionato e infaticabile. Un uomo vero della montagna bellunese, di quelli che sanno guardare al bene collettivo senza fronzoli. E in quanto tale, ci mancher\u00e0. Ai suoi familiari e amici, alla struttura comunale di San Tomaso, un abbraccio affettuoso da parte mia e dell\u2019intero consiglio provinciale\u00bb.<\/p>\n<p>&nbsp;<\/p>\n<p><strong>IL PRESIDENTE ABM OSCAR DE BONA<\/strong><\/p>\n<p>Il presidente dell&#8217;Associazione Bellunesi nel Mondo, Oscar De Bona, eprime profondo cordoglio per la perdita di Fa\u00e8, ricordandolo come una persona vicina all&#8217;Associazione, con la quale aveva mantenuto rapporti stretti anche dopo la fine del suo mandato come sindaco. \u00abSiamo vicini alla sua famiglia in questo momento di grande dolore\u00bb ha dichiarato De Bona \u00abWilliam ha dimostrato grande sensibilit\u00e0 per gli emigranti agordini e non mancava mai alle iniziative e alle commemorazioni organizzate direttamente dall&#8217;Abm o dalla Famiglia Ex emigranti dell&#8217;Agordino\u00bb.<\/p>\n<p>&nbsp;<\/p>\n<p><strong>GRUPPO ALPINI DI CENCENIGHE<\/strong><\/p>\n<p>Il gruppo Alpini di Cencenighe partecipa con immenso cordoglio alla prematura scomparsa del\u00a0 carissimo socio William Fa\u00e9, si stringe con immenso dolore alla famiglia. Il capogruppo e tutti gli Alpini di Cencenighe<\/p>\n<p>&nbsp;<\/p>\n<hr \/>\n<p>&nbsp;<\/p>\n<blockquote>\n<h3>IL CALCIO AGORDINO PIANGE EZIO ANDRICH<\/h3>\n<p><span style=\"color: #ff0000;\"><strong>Ezio \u00e8 stato anche l&#8217;allenatore del Canale campione nel 1989<\/strong><\/span><\/p><\/blockquote>\n<p><strong><a class=\"dt-pswp-item\" href=\"https:\/\/www.radiopiu.net\/wordpress\/wp-content\/uploads\/2024\/07\/ezio-andrich.png\" data-dt-img-description=\"\" data-large_image_width=\"205\" data-large_image_height=\"287\"><img loading=\"lazy\" decoding=\"async\" class=\" wp-image-401282 alignleft\" src=\"https:\/\/www.radiopiu.net\/wordpress\/wp-content\/uploads\/2024\/07\/ezio-andrich.png\" alt=\"\" width=\"89\" height=\"125\" \/><\/a><\/strong><\/p>\n<p><strong>CANALE D&#8217;AGORDO<\/strong> Il calcio dell&#8217;Agordino \u00e8 in lutto. E&#8217; morto a Canale D&#8217;Agordo, suo paese natale, Ezio Andrich. Per decenni ha arbitrato le partite del Campionato Agordino di calcio facendosi amico di tanti calciatori della vallata. Ezio, soprannominato Oia, era molto conosciuto. A dare l&#8217;annuncio della sua morte la moglie Miriam, i figli Luca e Marta, la sorella Giuseppina, il cognato e parenti tutti. I funerali avranno luogo domani alle 14:30 nella Chiesa di Canale D&#8217;Agordo.<\/p>\n<p><strong>\u00a0<\/strong><\/p>\n<p><strong>IL CORDOGLIO DEL CSI DI BELLUNO<\/strong><\/p>\n<p>Anche il comitato di Belluno del Centro sportivo italiano piange la morte di Ezio Andrich. Per tanti anni Ezio \u00e8 stato un arbitro del nostro movimento, dirigendo gli incontri con grande passione e attenzione. Ricordiamo, in particolare, il suo impegno per il Torneo Agordino, soprattutto di quello giovanile del quale era una delle colonne portanti. Alla famiglia di Ezio giunga l\u2019abbraccio di tutto il nostro comitato.<\/p>\n<p><strong>\u00a0<\/strong><\/p>\n<p><strong>ANDREA BALDASSI, COMITATO CALCIO AGORDINO<\/strong><\/p>\n<p>Un messaggio di cordoglio e vicinanza alla famiglia Andrich da parte del Comitato Calcio Agordino, dai giocatori, dirigenti e amici del campionato agordino di calcio. Per tanti anni abbiamo visto Ezio arbitrare con passione il nostro e il suo amato torneo di vallata, ma anche in tanti altri appuntamenti con il calcio estivo, lo ricorderemo per quello che era: una gran bella persona! Grazie Ezio.<\/p>\n<p>&nbsp;<\/p>\n<hr \/>\n<p>&nbsp;<\/p>\n<blockquote>\n<h2>SCARICA DI SASSI SULLA FERRATA BERTI, UN&#8217;ESCURSIONISTA FERITA<\/h2>\n<\/blockquote>\n<p><strong><a class=\"dt-pswp-item\" href=\"https:\/\/www.radiopiu.net\/wordpress\/wp-content\/uploads\/2024\/07\/Ferrata-Berti-Sorapis-1.jpg\" data-dt-img-description=\"\" data-large_image_width=\"960\" data-large_image_height=\"720\"><img loading=\"lazy\" decoding=\"async\" class=\"size-medium wp-image-401239 alignleft\" src=\"https:\/\/www.radiopiu.net\/wordpress\/wp-content\/uploads\/2024\/07\/Ferrata-Berti-Sorapis-1-300x225.jpg\" alt=\"\" width=\"300\" height=\"225\" srcset=\"https:\/\/www.radiopiu.net\/wordpress\/wp-content\/uploads\/2024\/07\/Ferrata-Berti-Sorapis-1-300x225.jpg 300w, https:\/\/www.radiopiu.net\/wordpress\/wp-content\/uploads\/2024\/07\/Ferrata-Berti-Sorapis-1-768x576.jpg 768w, https:\/\/www.radiopiu.net\/wordpress\/wp-content\/uploads\/2024\/07\/Ferrata-Berti-Sorapis-1.jpg 960w\" sizes=\"auto, (max-width: 300px) 100vw, 300px\" \/><\/a>SAN VITO DI CADORE\u00a0<\/strong> Ieri mattina alle 10.10, la Centrale del 118 ha ricevuto una chiamata per un&#8217;escursionista ferita da una scarica di sassi lungo la Ferrata Berti, sulla Croda Marcora. L&#8217;escursionista, una 31enne slovacca, stava percorrendo la Cengia del Banco con il compagno quando \u00e8 stata colpita da detriti, probabilmente a causa di un crollo avvenuto lo scorso settembre. L&#8217;elicottero del Suem di Pieve di Cadore ha sbarcato il tecnico di elisoccorso a una distanza di sicurezza a causa del continuo pericolo. Il soccorritore ha raggiunto l&#8217;escursionista ferita, che presentava contusioni e un possibile trauma alla spalla, e ha valutato la sua capacit\u00e0 di muoversi. Durante le operazioni, l&#8217;eliambulanza ha prelevato un tecnico del Soccorso Alpino di San Vito di Cadore per assistere nel recupero. Dopo aver assicurato entrambi i feriti, il tecnico di elisoccorso li ha guidati verso una zona sicura per il recupero. Grazie al supporto del secondo soccorritore, sono stati portati a bordo con due verricellate. L&#8217;uomo \u00e8 stato lasciato a San Vito, mentre la donna \u00e8 stata trasportata all&#8217;ospedale di Belluno. Durante l&#8217;intervento, i soccorritori hanno avvisato altri due escursionisti del pericolo, ma questi hanno deciso di proseguire nonostante i rischi.<\/p>\n<p>&nbsp;<\/p>\n<hr \/>\n<\/div>\n<p>&nbsp;<\/p>\n<blockquote>\n<h3 class=\"entry-title\">DUE INTERVENTI IN ZONA SORAPIS<\/h3>\n<\/blockquote>\n<p><strong>CORTINA <\/strong>due escursionisti 33enni inglesi avevano iniziato a risalire un canale, finch\u00e9 sono rimasti incrodati, incapaci di ogni movimento. Individuati dell\u2019equipaggio, l\u2019uomo e la donna sono stati recuperati dal tecnico di elisoccorso con un verricello di 55 metri e trasportati al Passo Tre Croci.<\/p>\n<p><strong>CORTINA<\/strong>\u00a0 una donna che si \u00e8 procurata un trauma al polso, dopo essere caduta poco dopo il tratto attrezzato sul sentiero per il Rifugio Vandelli. Imbarcata con un verricello di 30 metri, l\u2019infortunata \u00e8 stata portata in ospedale.<\/p>\n<p>&nbsp;<\/p>\n<p>&nbsp;<\/p>\n<hr \/>\n<p>&nbsp;<\/p>\n<blockquote>\n<h3>AUTO FUORI STRADA A TAMBRE<\/h3>\n<\/blockquote>\n<p><strong><a class=\"dt-pswp-item\" href=\"https:\/\/www.radiopiu.net\/wordpress\/wp-content\/uploads\/2024\/07\/77d23b31-d309-4452-9194-686bb38e0676.jpg\" data-dt-img-description=\"\" data-large_image_width=\"1280\" data-large_image_height=\"960\"><img loading=\"lazy\" decoding=\"async\" class=\" wp-image-401315 alignleft\" src=\"https:\/\/www.radiopiu.net\/wordpress\/wp-content\/uploads\/2024\/07\/77d23b31-d309-4452-9194-686bb38e0676-300x225.jpg\" alt=\"\" width=\"129\" height=\"97\" srcset=\"https:\/\/www.radiopiu.net\/wordpress\/wp-content\/uploads\/2024\/07\/77d23b31-d309-4452-9194-686bb38e0676-300x225.jpg 300w, https:\/\/www.radiopiu.net\/wordpress\/wp-content\/uploads\/2024\/07\/77d23b31-d309-4452-9194-686bb38e0676-1024x768.jpg 1024w, https:\/\/www.radiopiu.net\/wordpress\/wp-content\/uploads\/2024\/07\/77d23b31-d309-4452-9194-686bb38e0676-768x576.jpg 768w, https:\/\/www.radiopiu.net\/wordpress\/wp-content\/uploads\/2024\/07\/77d23b31-d309-4452-9194-686bb38e0676.jpg 1280w\" sizes=\"auto, (max-width: 129px) 100vw, 129px\" \/><\/a>TAMBRE <\/strong>\u00a0incidente stradale lungo la SP 28 nel comune di Tambre: nessuna persona ferita. Causa: la grandine.\u00a0 La squadra dei vigili del fuoco accorsa dalla centrale, ha messo in sicurezza l\u2019auto finita fuori strada, predisponendo le operazioni di recupero dell\u2019auto da parte del carro attrezzi.<\/p>\n<p>&nbsp;<\/p>\n<p>&nbsp;<\/p>\n<hr \/>\n<p>&nbsp;<\/p>\n<blockquote>\n<h3>AUTO IN FIAMME A CAMPET DI PEDAVENA<\/h3>\n<\/blockquote>\n<p><strong>PEDAVENA<\/strong> i in localit\u00e0 Campet nel comune di Pedavena incendio di un\u2019autovettura: nessuna persona \u00e8 rimasta ferita. La squadra dei vigili del fuoco arrivata dal distaccamento di Feltre, ha spento l\u2019incendio dell\u2019auto, probabilmente innescato da cause elettromeccaniche al vaglio del personale intervenuto.<\/p>\n\n\t\t\t<style type='text\/css'>\n\t\t\t\t#gallery-1 {\n\t\t\t\t\tmargin: auto;\n\t\t\t\t}\n\t\t\t\t#gallery-1 .gallery-item {\n\t\t\t\t\tfloat: left;\n\t\t\t\t\tmargin-top: 10px;\n\t\t\t\t\ttext-align: center;\n\t\t\t\t\twidth: 25%;\n\t\t\t\t}\n\t\t\t\t#gallery-1 img {\n\t\t\t\t\tborder: 2px solid #cfcfcf;\n\t\t\t\t}\n\t\t\t\t#gallery-1 .gallery-caption {\n\t\t\t\t\tmargin-left: 0;\n\t\t\t\t}\n\t\t\t\t\/* see gallery_shortcode() in wp-includes\/media.php *\/\n\t\t\t<\/style>\n\t\t<div id='gallery-1' class='dt-gallery-container gallery galleryid-401157 gallery-columns-4 gallery-size-thumbnail'><dl class='gallery-item'>\n\t\t\t\t<dt class='gallery-icon landscape'>\n\t\t\t\t\t<a class=\"rollover rollover-zoom dt-pswp-item\" title=\"041be9f4-7306-4e0d-8e71-477ea68f025c\" data-dt-img-description=\"\" data-large_image_width=\"960\" data-large_image_height=\"668\"href='https:\/\/www.radiopiu.net\/wordpress\/wp-content\/uploads\/2024\/07\/041be9f4-7306-4e0d-8e71-477ea68f025c.jpg'><img loading=\"lazy\" decoding=\"async\" width=\"150\" height=\"150\" src=\"https:\/\/www.radiopiu.net\/wordpress\/wp-content\/uploads\/2024\/07\/041be9f4-7306-4e0d-8e71-477ea68f025c-150x150.jpg\" class=\"attachment-thumbnail size-thumbnail\" alt=\"\" \/><\/a>\n\t\t\t\t<\/dt><\/dl><dl class='gallery-item'>\n\t\t\t\t<dt class='gallery-icon landscape'>\n\t\t\t\t\t<a class=\"rollover rollover-zoom dt-pswp-item\" title=\"86f21deb-0651-4cd8-9557-3f404fb2deb0\" data-dt-img-description=\"\" data-large_image_width=\"960\" data-large_image_height=\"657\"href='https:\/\/www.radiopiu.net\/wordpress\/wp-content\/uploads\/2024\/07\/86f21deb-0651-4cd8-9557-3f404fb2deb0.jpg'><img loading=\"lazy\" decoding=\"async\" width=\"150\" height=\"150\" src=\"https:\/\/www.radiopiu.net\/wordpress\/wp-content\/uploads\/2024\/07\/86f21deb-0651-4cd8-9557-3f404fb2deb0-150x150.jpg\" class=\"attachment-thumbnail size-thumbnail\" alt=\"\" \/><\/a>\n\t\t\t\t<\/dt><\/dl><dl class='gallery-item'>\n\t\t\t\t<dt class='gallery-icon landscape'>\n\t\t\t\t\t<a class=\"rollover rollover-zoom dt-pswp-item\" title=\"63eee779-2fb2-4f3a-a8df-63871b570273\" data-dt-img-description=\"\" data-large_image_width=\"960\" data-large_image_height=\"620\"href='https:\/\/www.radiopiu.net\/wordpress\/wp-content\/uploads\/2024\/07\/63eee779-2fb2-4f3a-a8df-63871b570273.jpg'><img loading=\"lazy\" decoding=\"async\" width=\"150\" height=\"150\" src=\"https:\/\/www.radiopiu.net\/wordpress\/wp-content\/uploads\/2024\/07\/63eee779-2fb2-4f3a-a8df-63871b570273-150x150.jpg\" class=\"attachment-thumbnail size-thumbnail\" alt=\"\" \/><\/a>\n\t\t\t\t<\/dt><\/dl><dl class='gallery-item'>\n\t\t\t\t<dt class='gallery-icon landscape'>\n\t\t\t\t\t<a class=\"rollover rollover-zoom dt-pswp-item\" title=\"6ea0f344-52ee-41cd-8d6d-6e13db8d5fc5\" data-dt-img-description=\"\" data-large_image_width=\"960\" data-large_image_height=\"661\"href='https:\/\/www.radiopiu.net\/wordpress\/wp-content\/uploads\/2024\/07\/6ea0f344-52ee-41cd-8d6d-6e13db8d5fc5.jpg'><img loading=\"lazy\" decoding=\"async\" width=\"150\" height=\"150\" src=\"https:\/\/www.radiopiu.net\/wordpress\/wp-content\/uploads\/2024\/07\/6ea0f344-52ee-41cd-8d6d-6e13db8d5fc5-150x150.jpg\" class=\"attachment-thumbnail size-thumbnail\" alt=\"\" \/><\/a>\n\t\t\t\t<\/dt><\/dl><br style=\"clear: both\" \/>\n\t\t\t<\/div>\n\n<p>&nbsp;<\/p>\n<hr \/>\n<p>&nbsp;<\/p>\n<div class=\"flex-shrink-0 flex flex-col relative items-end\">\n<div>\n<div class=\"pt-0\">\n<div class=\"gizmo-bot-avatar flex h-8 w-8 items-center justify-center overflow-hidden rounded-full\">\n<div class=\"relative p-1 rounded-sm flex items-center justify-center bg-token-main-surface-primary text-token-text-primary h-8 w-8\"><\/div>\n<\/div>\n<\/div>\n<\/div>\n<\/div>\n<div class=\"group\/conversation-turn relative flex w-full min-w-0 flex-col agent-turn\">\n<div class=\"flex-col gap-1 md:gap-3\">\n<div class=\"flex flex-grow flex-col max-w-full\">\n<div class=\"min-h-[20px] text-message flex w-full flex-col items-end gap-2 whitespace-pre-wrap break-words [.text-message+&amp;]:mt-5 overflow-x-auto\" dir=\"auto\" data-message-author-role=\"assistant\" data-message-id=\"f4de3245-ad97-4b7d-93a3-ee0214f49369\">\n<div class=\"flex w-full flex-col gap-1 empty:hidden first:pt-[3px]\">\n<div class=\"markdown prose w-full break-words dark:prose-invert dark\">\n<blockquote>\n<h1><strong><a class=\"dt-pswp-item\" href=\"https:\/\/www.radiopiu.net\/wordpress\/wp-content\/uploads\/2024\/07\/orso-monte-Roncon-22-luglio-2024.jpg\" data-dt-img-description=\"\" data-large_image_width=\"1024\" data-large_image_height=\"576\"><img loading=\"lazy\" decoding=\"async\" class=\" wp-image-400836 alignleft\" src=\"https:\/\/www.radiopiu.net\/wordpress\/wp-content\/uploads\/2024\/07\/orso-monte-Roncon-22-luglio-2024-300x169.jpg\" alt=\"\" width=\"199\" height=\"112\" srcset=\"https:\/\/www.radiopiu.net\/wordpress\/wp-content\/uploads\/2024\/07\/orso-monte-Roncon-22-luglio-2024-300x169.jpg 300w, https:\/\/www.radiopiu.net\/wordpress\/wp-content\/uploads\/2024\/07\/orso-monte-Roncon-22-luglio-2024-768x432.jpg 768w, https:\/\/www.radiopiu.net\/wordpress\/wp-content\/uploads\/2024\/07\/orso-monte-Roncon-22-luglio-2024.jpg 1024w\" sizes=\"auto, (max-width: 199px) 100vw, 199px\" \/><\/a>Orso del Monte Roncon: Continuano le Scorribande Golose<\/strong><\/h1>\n<\/blockquote>\n<p><strong>FONZASO<\/strong> L&#8217;orso del Monte Roncon continua a frequentare la zona di Fonzaso, attratto dalle api e dal miele. Recentemente ha devastato un apiario, lasciando impronte profonde, ma ha risparmiato il secondo alveare. Il plantigrado, monitorato con fototrappole per il controllo della peste suina africana, viene regolarmente avvistato insieme a cinghiali che popolano l&#8217;area, causando danni simili alle colture agricole. Il monitoraggio e la documentazione della fauna locale aiutano a comprendere meglio le dinamiche del territorio e a prevenire ulteriori problemi per le coltivazioni e gli apicoltori locali.<\/p>\n<\/div>\n<\/div>\n<\/div>\n<\/div>\n<\/div>\n<\/div>\n<p>&nbsp;<\/p>\n<p>&nbsp;<\/p>\n<hr \/>\n<p>&nbsp;<\/p>\n<div class=\"markdown prose w-full break-words dark:prose-invert dark\">\n<blockquote>\n<h3>LAVORI SUL CAVALCAFERROVIA LUNGO LA STATALE 50 \u201cDEL GRAPPA E DEL PASSO ROLLE\u201d A BUSCHE (BL)<\/h3>\n<\/blockquote>\n<\/div>\n<\/div>\n<\/div>\n<\/div>\n<\/div>\n<\/div>\n<p><img loading=\"lazy\" decoding=\"async\" class=\"alignleft\" src=\"https:\/\/www.radiopiu.net\/wordpress\/wp-content\/uploads\/2021\/06\/anas.png\" width=\"264\" height=\"149\" \/>Per consentire la prosecuzione dei lavori di demolizione e ricostruzione del cavalcaferrovia di Busche, Anas ha programmato la chiusura al traffico della strada statale 50 \u201cdel Grappa e Passo Rolle\u201d che sar\u00e0 in vigore da lunedi al 15 ottobre. Durante la chiusura, attiva al km 31,900, i veicoli leggeri con peso inferiore a 7,5 tonnellate, i mezzi del trasporto pubblico locale, i bus sostituivi del servizio ferroviario e i mezzi di soccorso saranno indirizzati su una bretella provvisoria di collegamento che attraversa la linea ferroviaria attraverso le strade comunali via Sbarre e via Ponach. Lungo il tracciato \u00e8 previsto il doppio senso di circolazione ad eccezione di un tratto centrale dove il transito sar\u00e0 regolato a senso alternato da un semaforo intelligente dotato di radar di accodamento.<\/p>\n<p>&nbsp;<\/p>\n<hr \/>\n<p>&nbsp;<\/p>\n<blockquote>\n<h3>A TAIBON LAVORI SULLA STRADA DI TAIER E A SOCCOL<\/h3>\n<\/blockquote>\n<p><strong><a class=\"dt-pswp-item\" href=\"https:\/\/www.radiopiu.net\/wordpress\/wp-content\/uploads\/2023\/02\/taibon.jpg\" data-dt-img-description=\"\" data-large_image_width=\"959\" data-large_image_height=\"540\"><img loading=\"lazy\" decoding=\"async\" class=\" wp-image-324258 alignleft\" src=\"https:\/\/www.radiopiu.net\/wordpress\/wp-content\/uploads\/2023\/02\/taibon-300x169.jpg\" alt=\"\" width=\"151\" height=\"85\" srcset=\"https:\/\/www.radiopiu.net\/wordpress\/wp-content\/uploads\/2023\/02\/taibon-300x169.jpg 300w, https:\/\/www.radiopiu.net\/wordpress\/wp-content\/uploads\/2023\/02\/taibon-768x432.jpg 768w, https:\/\/www.radiopiu.net\/wordpress\/wp-content\/uploads\/2023\/02\/taibon.jpg 959w\" sizes=\"auto, (max-width: 151px) 100vw, 151px\" \/><\/a>TAIBON<\/strong> Fino al 27 settembre, la strada comunale di Taier (ex S.P. 34) sar\u00e0 interessata da lavori, con modifiche alla viabilit\u00e0: divieto di transito per tutti i veicoli fino al 2 agosto alle 18; senso unico alternato regolato a vista o da movieri dal 2 agosto alle 18 e fino al 27 settembre. Inoltre, domani, la strada comunale di Soccol, nel tratto tra l&#8217;ex Locanda (intersezione con Campedel e Serach) fino alla frazione Soccol, avr\u00e0 divieto di transito tra le 8 e le 18, eccetto per i veicoli autorizzati.<\/p>\n<p>&nbsp;<\/p>\n<p>&nbsp;<\/p>\n<hr \/>\n<p>&nbsp;<\/p>\n<blockquote>\n<h3>ACQUA INQUINATA E LAVORI PROGRAMMATI<\/h3>\n<\/blockquote>\n<p><strong>AGORDO<\/strong> nelle localit\u00e0 Piasent, Colvignas, Campon, Le Foche l&#8217;acqua erogata dall&#8217;acquedotto non \u00e8 potabile e non pu\u00f2 essere usata per scopi alimentari, se non previa bollitura. Verr\u00e0 effettuato servizio sostitutivo con cisterna in localit\u00e0 Piasent.<\/p>\n<p><strong>LIVINALLONGO<\/strong> In localit\u00e0 Collaz\u00a0 l&#8217;acqua erogata dall&#8217;acquedotto \u00e8 di nuovo potabile e pu\u00f2 essere usata, quindi, per scopi alimentari<\/p>\n<p><strong>AGORDO\u00a0<\/strong>Oggi dalle 8 alle 12 verr\u00e0 sospesa l\u2019erogazione dell\u2019acqua nelle Vie Teto Piciol, R. Costa, Toccol, Cal De Mule, Bries, P. Soccol e in Localit\u00e0 Brugnach<\/p>\n<p><strong>LIVINALLONGO\u00a0<\/strong>Oggi dalle 8 alle 17 verr\u00e0 sospesa l\u2019erogazione dell\u2019acqua in localit\u00e0 Varda<\/p>\n<p>&nbsp;<\/p>\n<hr \/>\n<p>&nbsp;<\/p>\n<blockquote>\n<h1>&#8220;Sindaci di Tutti&#8221; o &#8220;Sindaci di Alcuni&#8221;?<\/h1>\n<\/blockquote>\n<p><strong>di mirko mezzacasa<\/strong><\/p>\n<blockquote><p><em> un impegno apparentemente nobile che suggerisce imparzialit\u00e0 e inclusivit\u00e0. Tuttavia, alla prova dei fatti, molti sindaci si trovano a schierarsi secondo le loro idee politiche e le pressioni di partito, sfidando le aspettative degli elettori.<\/em><\/p><\/blockquote>\n<p><strong><img loading=\"lazy\" decoding=\"async\" class=\"alignleft\" src=\"https:\/\/www.radiopiu.net\/wordpress\/wp-content\/uploads\/2019\/12\/icona_sindaco.png\" width=\"145\" height=\"193\" \/>RADIO PIU<\/strong>\u00a0 Durante le campagne elettorali, i candidati spesso dichiarano di voler essere &#8220;sindaci di tutti&#8221;, proponendo di abbandonare divisioni politiche e governare con equit\u00e0 per il bene comune. Tuttavia, questa promessa \u00e8 frequentemente messa alla prova una volta che i candidati vengono eletti e affrontano le pressioni del governo e della politica. Molti elettori si trovano delusi nel vedere i loro leader schierarsi in base alle loro convinzioni personali o alle pressioni di partito, piuttosto che lavorare per unificare la comunit\u00e0.<\/p>\n<p>La retorica elettorale spesso si scontra con la realt\u00e0 delle decisioni politiche quotidiane, rivelando una disparit\u00e0 tra parole e azioni. Questo fenomeno alimenta il cinismo degli elettori, evidenziando la necessit\u00e0 di una leadership che mantenga gli impegni presi e che risponda davvero alle esigenze di tutti i cittadini. Resta una domanda: i politici possono davvero essere &#8220;sindaci di tutti&#8221; o sono inevitabilmente influenzati dalle proprie ideologie e dalle pressioni del proprio elettorato? \u00c8 essenziale riflettere su come i leader possano bilanciare l&#8217;equit\u00e0 con le esigenze pratiche di governo, per costruire una comunit\u00e0 veramente unita.<\/p>\n<blockquote>\n<p style=\"text-align: center;\">&#8220;Io direi che il culatello \u00e8 di destra<br \/>\nla mortadella \u00e8 di sinistra&#8221;&#8230;Giorgio Gaber<\/p>\n<\/blockquote>\n<p>&nbsp;<\/p>\n<hr \/>\n<blockquote>\n<h3><strong>\u00a0<\/strong><\/h3>\n<h3><strong>Preoccupazioni Geologiche sulla Diga in Veneto<\/strong><\/h3>\n<\/blockquote>\n<p><strong><a class=\"dt-pswp-item\" href=\"https:\/\/www.radiopiu.net\/wordpress\/wp-content\/uploads\/2022\/05\/Bottacin-Ardo-scaled.jpg\" data-dt-img-description=\"\" data-large_image_width=\"2560\" data-large_image_height=\"1920\"><img loading=\"lazy\" decoding=\"async\" class=\"wp-image-278917 alignright\" src=\"https:\/\/www.radiopiu.net\/wordpress\/wp-content\/uploads\/2022\/05\/Bottacin-Ardo-300x225.jpg\" alt=\"\" width=\"207\" height=\"155\" srcset=\"https:\/\/www.radiopiu.net\/wordpress\/wp-content\/uploads\/2022\/05\/Bottacin-Ardo-300x225.jpg 300w, https:\/\/www.radiopiu.net\/wordpress\/wp-content\/uploads\/2022\/05\/Bottacin-Ardo-1024x768.jpg 1024w, https:\/\/www.radiopiu.net\/wordpress\/wp-content\/uploads\/2022\/05\/Bottacin-Ardo-768x576.jpg 768w, https:\/\/www.radiopiu.net\/wordpress\/wp-content\/uploads\/2022\/05\/Bottacin-Ardo-1536x1152.jpg 1536w, https:\/\/www.radiopiu.net\/wordpress\/wp-content\/uploads\/2022\/05\/Bottacin-Ardo-2048x1536.jpg 2048w\" sizes=\"auto, (max-width: 207px) 100vw, 207px\" \/><\/a>VENEZIA<\/strong> Relativamente alla richiesta di esprimersi rispetto all&#8217;interesse a partecipare al dibattito pubblico, la Regione del Veneto ha riscontrato manifestando la volont\u00e0 di partecipare, anticipando nel contempo alcune richieste ed osservazioni preliminari. Tra di esse si \u00e8 evidenziato che\u00a0 &#8220;per quanto riguarda la geologia &#8211; dice l&#8217;assessore Gianpaolo Bottacin &#8211;\u00a0 sono note le criticit\u00e0 insite alla morfologia del sito in cui \u00e8 prevista l\u2019opera, sia nel territorio della Regione del Veneto sia nel territorio della Provincia Autonoma di Trento, classificato con grado di pericolosit\u00e0 idrogeologico elevato dalla pianificazione di settore, con evidenti fenomeni franosi gi\u00e0 in corso sui versanti interessati. Riguardo questo aspetto la tragedia del Vajont, con il suo immane carico di perdita di vite umane e devastazione, \u00e8 un monito indimenticato che guida la programmazione di tutte le future opere all\u2019interno della Regione dei Veneto: le grandi opere infrastrutturali vengono realizzate solo quando possono essere considerate assolutamente sicure. Le analisi e le valutazioni condotte all\u2019interno del DOCFAP depositato non forniscono questa garanzia&#8221;<\/p>\n<p>&nbsp;<\/p>\n<hr \/>\n<p>&nbsp;<\/p>\n<blockquote>\n<h3>RINNOVO CONCESSIONI IDROELETTRICHE A BELLUNO: RISPONDONO I TECNICI DELLA REGIONE<\/h3>\n<\/blockquote>\n<p><strong><a class=\"dt-pswp-item\" href=\"https:\/\/www.radiopiu.net\/wordpress\/wp-content\/uploads\/2021\/01\/CAVI-ELETTRICI.jpg\" data-dt-img-description=\"\" data-large_image_width=\"1920\" data-large_image_height=\"1187\"><img loading=\"lazy\" decoding=\"async\" class=\" wp-image-187240 alignleft\" src=\"https:\/\/www.radiopiu.net\/wordpress\/wp-content\/uploads\/2021\/01\/CAVI-ELETTRICI-300x185.jpg\" alt=\"\" width=\"161\" height=\"99\" srcset=\"https:\/\/www.radiopiu.net\/wordpress\/wp-content\/uploads\/2021\/01\/CAVI-ELETTRICI-300x185.jpg 300w, https:\/\/www.radiopiu.net\/wordpress\/wp-content\/uploads\/2021\/01\/CAVI-ELETTRICI-1024x633.jpg 1024w, https:\/\/www.radiopiu.net\/wordpress\/wp-content\/uploads\/2021\/01\/CAVI-ELETTRICI-768x475.jpg 768w, https:\/\/www.radiopiu.net\/wordpress\/wp-content\/uploads\/2021\/01\/CAVI-ELETTRICI-1536x950.jpg 1536w, https:\/\/www.radiopiu.net\/wordpress\/wp-content\/uploads\/2021\/01\/CAVI-ELETTRICI.jpg 1920w\" sizes=\"auto, (max-width: 161px) 100vw, 161px\" \/><\/a>VENEZIA<\/strong> In relazione all\u2019iniziativa assunta dalla Provincia di Belluno in materia di rinnovo delle concessioni di derivazione idroelettrica di potenzialit\u00e0 inferiore a 3 MW, gli uffici tecnici della Regione Veneto precisano che il rinnovo delle concessioni idroelettriche sotto i 3 MW deve essere condiviso con la Commissione Europea, essendo parte del PNRR. Tale rinnovo richiede una modifica legislativa a livello nazionale per favorire la concorrenza, come indicato dall&#8217;Autorit\u00e0 Garante della Concorrenza e del Mercato e confermato da una sentenza del Tribunale Superiore delle Acque Pubbliche. La Regione Veneto non pu\u00f2 legiferare in ambiti di concorrenza, tutela del diritto di propriet\u00e0, n\u00e9 modificare il Regio Decreto che regola le concessioni.<\/p>\n<p>&nbsp;<\/p>\n<p>&nbsp;<\/p>\n<hr \/>\n<p>&nbsp;<\/p>\n<blockquote><p><strong>Universit\u00e0 di Padova, prima tra il ranking delle Universit\u00e0 italiane<\/strong><\/p><\/blockquote>\n<p><strong><a class=\"dt-pswp-item\" href=\"https:\/\/www.radiopiu.net\/wordpress\/wp-content\/uploads\/2024\/07\/Senza-nome-102.png\" data-dt-img-description=\"\" data-large_image_width=\"66\" data-large_image_height=\"64\"><img loading=\"lazy\" decoding=\"async\" class=\"size-full wp-image-401227 alignleft\" src=\"https:\/\/www.radiopiu.net\/wordpress\/wp-content\/uploads\/2024\/07\/Senza-nome-102.png\" alt=\"\" width=\"66\" height=\"64\" \/><\/a>VENEZIA<\/strong> L&#8217;Universit\u00e0 di Padova \u00e8 al primo posto tra gli atenei italiani, superando l&#8217;Universit\u00e0 di Bologna e Sapienza di Roma. Il Consigliere regionale Fabrizio Boron elogia l&#8217;eccellenza di Padova, attribuendo il successo a un&#8217;offerta formativa solida, borse di studio, servizi digitali e internazionalizzazione. Ringrazia chi contribuisce quotidianamente alla qualit\u00e0 e crescita dell&#8217;istituzione. Questo riconoscimento, per Boron, rappresenta un punto di partenza per migliorare ulteriormente, continuando una tradizione di eccellenza e innovazione che dura da oltre 800 anni.<\/p>\n<p>&nbsp;<\/p>\n<hr \/>\n<p>&nbsp;<\/p>\n<blockquote>\n<h3>Intesa sul Rinnovo del Contratto Collettivo Nazionale di Lavoro per Poste Italiane<\/h3>\n<p><i>In provincia di Belluno 104 uffici postali, 12 centri di distribuzione<\/i><\/p><\/blockquote>\n<p><a class=\"dt-pswp-item\" href=\"https:\/\/www.radiopiu.net\/wordpress\/wp-content\/uploads\/2023\/06\/Poste-Italiane-ufficio-postale-POLIS-giugno-2023-4.jpg\" data-dt-img-description=\"\" data-large_image_width=\"1632\" data-large_image_height=\"1224\"><img loading=\"lazy\" decoding=\"async\" class=\" wp-image-341896 alignleft\" src=\"https:\/\/www.radiopiu.net\/wordpress\/wp-content\/uploads\/2023\/06\/Poste-Italiane-ufficio-postale-POLIS-giugno-2023-4-300x225.jpg\" alt=\"\" width=\"188\" height=\"141\" srcset=\"https:\/\/www.radiopiu.net\/wordpress\/wp-content\/uploads\/2023\/06\/Poste-Italiane-ufficio-postale-POLIS-giugno-2023-4-300x225.jpg 300w, https:\/\/www.radiopiu.net\/wordpress\/wp-content\/uploads\/2023\/06\/Poste-Italiane-ufficio-postale-POLIS-giugno-2023-4-1024x768.jpg 1024w, https:\/\/www.radiopiu.net\/wordpress\/wp-content\/uploads\/2023\/06\/Poste-Italiane-ufficio-postale-POLIS-giugno-2023-4-768x576.jpg 768w, https:\/\/www.radiopiu.net\/wordpress\/wp-content\/uploads\/2023\/06\/Poste-Italiane-ufficio-postale-POLIS-giugno-2023-4-1536x1152.jpg 1536w, https:\/\/www.radiopiu.net\/wordpress\/wp-content\/uploads\/2023\/06\/Poste-Italiane-ufficio-postale-POLIS-giugno-2023-4.jpg 1632w\" sizes=\"auto, (max-width: 188px) 100vw, 188px\" \/><\/a>Poste Italiane e le Organizzazioni sindacali hanno concordato il rinnovo del Contratto Collettivo Nazionale di Lavoro per il personale non dirigente, valido fino al 2027, esteso anche a societ\u00e0 del Gruppo come SDA Express Courier e Poste Logistics. Il contratto prevede un aumento retributivo di 230 euro lordi medi, distribuiti durante il periodo contrattuale, con un incremento dei minimi tabellari di 192 euro e un bonus una tantum di 1000 euro a settembre 2024. Inoltre, \u00e8 stato previsto un aumento del buono pasto giornaliero, portato a 1,26 euro, e del contributo per l&#8217;assistenza sanitaria integrativa, aumentato di 5 euro. Anche il contributo aziendale a Fondoposte aumenta al 2,5% della retribuzione.<\/p>\n<p>&nbsp;<\/p>\n<p>&nbsp;<\/p>\n<hr \/>\n<p>&nbsp;<\/p>\n<blockquote>\n<h3>NOTE ALPINE SULLA MARMOLADA \u2013 LA FANFARA CONGEDATI DELLA BRIGATA ALPINA CADORE PRONTA A ESIBIRSI SUL MASSICCIO DOMENICA 28 LUGLIO<\/h3>\n<\/blockquote>\n<p><img loading=\"lazy\" decoding=\"async\" class=\"alignleft\" src=\"https:\/\/www.radiopiu.net\/wordpress\/wp-content\/uploads\/2024\/07\/th-13.jpg\" width=\"206\" height=\"116\" \/><strong>ROCCA PIETORE<\/strong> La Fanfara Congedati della Brigata Alpina Cadore salir\u00e0 sulla Marmolada domenica 28 luglio per onorare i caduti sulle Dolomiti, suonando brani alpini in uno scenario simbolico della Grande Guerra. La Fanfara, nata nel 2003, \u00e8 erede della Fanfara in armi della Brigata Alpina Cadore, chiusa nel 1997. L&#8217;evento celebra il legame tra gli alpini e la Marmolada, come sottolineato dalla societ\u00e0 Marmolada srl. La giornata inizier\u00e0 alle 9 a Malga Ciapela con una sfilata e cerimonia dell\u2019alzabandiera, seguita da due esecuzioni di brani alpini alle 10:45 e 11:45. Informazioni sono disponibili contattando <a rel=\"noreferrer\">visitmarmolada@funiviemarmolada.com<\/a> o il numero 334 6794461. Visite guidate al museo della Grande Guerra sono offerte tutta l&#8217;estate.<\/p>\n<p>&nbsp;<\/p>\n<hr \/>\n<p>&nbsp;<\/p>\n<blockquote>\n<h3>UNIONI E FUSIONI DEI COMUNI: PER IL PD POCHE RISORSE<\/h3>\n<\/blockquote>\n<p><strong><a class=\"dt-pswp-item\" href=\"https:\/\/www.radiopiu.net\/wordpress\/wp-content\/uploads\/2018\/11\/PD.png\" data-dt-img-description=\"\" data-large_image_width=\"226\" data-large_image_height=\"182\"><img loading=\"lazy\" decoding=\"async\" class=\" wp-image-67744 alignleft\" src=\"https:\/\/www.radiopiu.net\/wordpress\/wp-content\/uploads\/2018\/11\/PD.png\" alt=\"\" width=\"147\" height=\"118\" \/><\/a>VENEZIA<\/strong> Chiara Luisetto, consigliera regionale del Pd Veneto, critica il mancato intervento incisivo della Giunta in seguito al nuovo Piano di Riordino Territoriale, nonostante le indicazioni chiare a sostegno dei Comuni nei processi di fusione e unione amministrativa. Il provvedimento in esame, relativo ai contributi per le Unioni di Comuni, Unioni Montane e Convenzioni, mantiene le stesse risorse degli scorsi anni. La Giunta impone criteri e tetti di accesso ai contributi, ma manca una visione prospettica. Questo, secondo Luisetto, costringe i territori a gestire i processi di fusione senza un concreto sostegno regionale, non investendo adeguatamente nel futuro delle Unioni e dell&#8217;associazionismo.<\/p>\n<p>&nbsp;<\/p>\n<p>&nbsp;<\/p>\n<hr \/>\n<p>&nbsp;<\/p>\n<blockquote>\n<h3>PARCHEGGI A RIDOSSO DEL CENTRO STORICO DI BELLUNO CON LIMITE MASSIMO DI 2 ORE<\/h3>\n<\/blockquote>\n<p><strong>BELLUNO<\/strong> Novit\u00e0 per i parcheggi a pagamento in centro a Belluno: arriva il limite di due ore per la sosta negli stalli blu a ridosso del centro storico. Una mossa salutata con soddisfazione dai commercianti della citt\u00e0.<\/p>\n<p><strong>DI DANIELE DALVIT<\/strong><\/p>\n<audio class=\"wp-audio-shortcode\" id=\"audio-401157-9\" preload=\"none\" style=\"width: 100%;\" controls=\"controls\"><source type=\"audio\/mpeg\" src=\"https:\/\/www.radiopiu.net\/wordpress\/wp-content\/uploads\/2024\/07\/Servizio-Ascom-limitazioni-parcheggi-Belluno.mp3?_=9\" \/><a href=\"https:\/\/www.radiopiu.net\/wordpress\/wp-content\/uploads\/2024\/07\/Servizio-Ascom-limitazioni-parcheggi-Belluno.mp3\">https:\/\/www.radiopiu.net\/wordpress\/wp-content\/uploads\/2024\/07\/Servizio-Ascom-limitazioni-parcheggi-Belluno.mp3<\/a><\/audio>\n<p>&nbsp;<\/p>\n\n\t\t\t<style type='text\/css'>\n\t\t\t\t#gallery-2 {\n\t\t\t\t\tmargin: auto;\n\t\t\t\t}\n\t\t\t\t#gallery-2 .gallery-item {\n\t\t\t\t\tfloat: left;\n\t\t\t\t\tmargin-top: 10px;\n\t\t\t\t\ttext-align: center;\n\t\t\t\t\twidth: 50%;\n\t\t\t\t}\n\t\t\t\t#gallery-2 img {\n\t\t\t\t\tborder: 2px solid #cfcfcf;\n\t\t\t\t}\n\t\t\t\t#gallery-2 .gallery-caption {\n\t\t\t\t\tmargin-left: 0;\n\t\t\t\t}\n\t\t\t\t\/* see gallery_shortcode() in wp-includes\/media.php *\/\n\t\t\t<\/style>\n\t\t<div id='gallery-2' class='dt-gallery-container gallery galleryid-401157 gallery-columns-2 gallery-size-medium'><dl class='gallery-item'>\n\t\t\t\t<dt class='gallery-icon landscape'>\n\t\t\t\t\t<a class=\"rollover rollover-zoom dt-pswp-item\" title=\"a70b50a7-4e68-4962-a226-53862baa469e\" data-dt-img-description=\"\" data-large_image_width=\"2048\" data-large_image_height=\"1536\"href='https:\/\/www.radiopiu.net\/wordpress\/wp-content\/uploads\/2024\/07\/a70b50a7-4e68-4962-a226-53862baa469e.jpg'><img loading=\"lazy\" decoding=\"async\" width=\"300\" height=\"225\" src=\"https:\/\/www.radiopiu.net\/wordpress\/wp-content\/uploads\/2024\/07\/a70b50a7-4e68-4962-a226-53862baa469e-300x225.jpg\" class=\"attachment-medium size-medium\" alt=\"\" srcset=\"https:\/\/www.radiopiu.net\/wordpress\/wp-content\/uploads\/2024\/07\/a70b50a7-4e68-4962-a226-53862baa469e-300x225.jpg 300w, https:\/\/www.radiopiu.net\/wordpress\/wp-content\/uploads\/2024\/07\/a70b50a7-4e68-4962-a226-53862baa469e-1024x768.jpg 1024w, https:\/\/www.radiopiu.net\/wordpress\/wp-content\/uploads\/2024\/07\/a70b50a7-4e68-4962-a226-53862baa469e-768x576.jpg 768w, https:\/\/www.radiopiu.net\/wordpress\/wp-content\/uploads\/2024\/07\/a70b50a7-4e68-4962-a226-53862baa469e-1536x1152.jpg 1536w, https:\/\/www.radiopiu.net\/wordpress\/wp-content\/uploads\/2024\/07\/a70b50a7-4e68-4962-a226-53862baa469e.jpg 2048w\" sizes=\"auto, (max-width: 300px) 100vw, 300px\" \/><\/a>\n\t\t\t\t<\/dt><\/dl><dl class='gallery-item'>\n\t\t\t\t<dt class='gallery-icon landscape'>\n\t\t\t\t\t<a class=\"rollover rollover-zoom dt-pswp-item\" title=\"ea2a5eff-9d06-43f4-bd49-501787986a06\" data-dt-img-description=\"\" data-large_image_width=\"2048\" data-large_image_height=\"1536\"href='https:\/\/www.radiopiu.net\/wordpress\/wp-content\/uploads\/2024\/07\/ea2a5eff-9d06-43f4-bd49-501787986a06.jpg'><img loading=\"lazy\" decoding=\"async\" width=\"300\" height=\"225\" src=\"https:\/\/www.radiopiu.net\/wordpress\/wp-content\/uploads\/2024\/07\/ea2a5eff-9d06-43f4-bd49-501787986a06-300x225.jpg\" class=\"attachment-medium size-medium\" alt=\"\" srcset=\"https:\/\/www.radiopiu.net\/wordpress\/wp-content\/uploads\/2024\/07\/ea2a5eff-9d06-43f4-bd49-501787986a06-300x225.jpg 300w, https:\/\/www.radiopiu.net\/wordpress\/wp-content\/uploads\/2024\/07\/ea2a5eff-9d06-43f4-bd49-501787986a06-1024x768.jpg 1024w, https:\/\/www.radiopiu.net\/wordpress\/wp-content\/uploads\/2024\/07\/ea2a5eff-9d06-43f4-bd49-501787986a06-768x576.jpg 768w, https:\/\/www.radiopiu.net\/wordpress\/wp-content\/uploads\/2024\/07\/ea2a5eff-9d06-43f4-bd49-501787986a06-1536x1152.jpg 1536w, https:\/\/www.radiopiu.net\/wordpress\/wp-content\/uploads\/2024\/07\/ea2a5eff-9d06-43f4-bd49-501787986a06.jpg 2048w\" sizes=\"auto, (max-width: 300px) 100vw, 300px\" \/><\/a>\n\t\t\t\t<\/dt><\/dl><br style=\"clear: both\" \/>\n\t\t\t<\/div>\n\n<p>&nbsp;<\/p>\n<hr \/>\n<p>&nbsp;<\/p>\n<blockquote>\n<h3><a class=\"dt-pswp-item\" href=\"https:\/\/www.radiopiu.net\/wordpress\/wp-content\/uploads\/2024\/07\/3a900e3f-093a-4903-bed0-35f39ec731ed.jpg\" data-dt-img-description=\"\" data-large_image_width=\"1600\" data-large_image_height=\"1200\"><img loading=\"lazy\" decoding=\"async\" class=\" wp-image-401310 alignleft\" src=\"https:\/\/www.radiopiu.net\/wordpress\/wp-content\/uploads\/2024\/07\/3a900e3f-093a-4903-bed0-35f39ec731ed-300x225.jpg\" alt=\"\" width=\"160\" height=\"120\" srcset=\"https:\/\/www.radiopiu.net\/wordpress\/wp-content\/uploads\/2024\/07\/3a900e3f-093a-4903-bed0-35f39ec731ed-300x225.jpg 300w, https:\/\/www.radiopiu.net\/wordpress\/wp-content\/uploads\/2024\/07\/3a900e3f-093a-4903-bed0-35f39ec731ed-1024x768.jpg 1024w, https:\/\/www.radiopiu.net\/wordpress\/wp-content\/uploads\/2024\/07\/3a900e3f-093a-4903-bed0-35f39ec731ed-768x576.jpg 768w, https:\/\/www.radiopiu.net\/wordpress\/wp-content\/uploads\/2024\/07\/3a900e3f-093a-4903-bed0-35f39ec731ed-1536x1152.jpg 1536w, https:\/\/www.radiopiu.net\/wordpress\/wp-content\/uploads\/2024\/07\/3a900e3f-093a-4903-bed0-35f39ec731ed.jpg 1600w\" sizes=\"auto, (max-width: 160px) 100vw, 160px\" \/><\/a>LIMITATO L&#8217;ACCESSO ALLA GROTTA AZZURRA E VIETATO IL CANYONING<\/h3>\n<\/blockquote>\n<p><strong>BORGO VALBELLUNA<\/strong><\/p>\n<p>DI ROBERTO BONA<\/p>\n<audio class=\"wp-audio-shortcode\" id=\"audio-401157-10\" preload=\"none\" style=\"width: 100%;\" controls=\"controls\"><source type=\"audio\/mpeg\" src=\"https:\/\/www.radiopiu.net\/wordpress\/wp-content\/uploads\/2024\/07\/BONA-GROTTA-AZZURRA.mp3?_=10\" \/><a href=\"https:\/\/www.radiopiu.net\/wordpress\/wp-content\/uploads\/2024\/07\/BONA-GROTTA-AZZURRA.mp3\">https:\/\/www.radiopiu.net\/wordpress\/wp-content\/uploads\/2024\/07\/BONA-GROTTA-AZZURRA.mp3<\/a><\/audio>\n<p>&nbsp;<\/p>\n<hr \/>\n<p>&nbsp;<\/p>\n<blockquote>\n<h3>OGGI NEL CONSIGLIO COMUNALE DI SEDICO SI PARLA DI ASILO NIDO<\/h3>\n<\/blockquote>\n<p><strong><a class=\"dt-pswp-item\" href=\"https:\/\/www.radiopiu.net\/wordpress\/wp-content\/uploads\/2022\/10\/SEDICO.png\" data-dt-img-description=\"\" data-large_image_width=\"479\" data-large_image_height=\"293\"><img loading=\"lazy\" decoding=\"async\" class=\" wp-image-302964 alignleft\" src=\"https:\/\/www.radiopiu.net\/wordpress\/wp-content\/uploads\/2022\/10\/SEDICO-300x184.png\" alt=\"\" width=\"230\" height=\"141\" srcset=\"https:\/\/www.radiopiu.net\/wordpress\/wp-content\/uploads\/2022\/10\/SEDICO-300x184.png 300w, https:\/\/www.radiopiu.net\/wordpress\/wp-content\/uploads\/2022\/10\/SEDICO.png 479w\" sizes=\"auto, (max-width: 230px) 100vw, 230px\" \/><\/a>SEDICO<\/strong> Durante la commissione bilancio del 6 luglio 2024, il Comune di Sedico ha ricevuto un contributo di 720.000\u20ac (fondi P.N.R.R.) per la costruzione di un nuovo asilo nido da 20 posti. \u00c8 emersa la necessit\u00e0 di una variazione di bilancio di 84.100\u20ac per l&#8217;incarico di progettazione. I consiglieri di &#8220;Sedico con Gioia&#8221; hanno espresso perplessit\u00e0 sulla localizzazione proposta e hanno suggerito aree alternative per servire meglio le frazioni Mas, Peron, Bolago, Libano, Barp, Casoni e Sommaval. Tuttavia, le strette tempistiche del finanziamento rendono impossibile cambiare il sito. La proposta di costruire un asilo nido a Bolago, integrato con la scuola dell&#8217;infanzia, potrebbe evitare la perdita di iscritti e la formazione di pluriclassi. Si chiede alla Giunta e al Consiglio Comunale di impegnarsi nella realizzazione di questo progetto.<\/p>\n<p>&nbsp;<\/p>\n<p>&nbsp;<\/p>\n<hr \/>\n<p>&nbsp;<\/p>\n<h2><span style=\"color: #ff0000;\">CONSIGLI COMUNALI IN AGORDINO<\/span><\/h2>\n<p><strong>COLLE SANTA LUCIA<\/strong> Consiglio comunale convocato dal sindaco Paolo Frena per sabato alle 7.30. All&#8217;ordine del giorno regolamento controlli interni, approvazione programma triennale, aggiornamento dup, variazioni al bilancio e comunicazioni del sindaco<\/p>\n<p><strong>AGORDO<\/strong> Consiglio comunale luned\u00ec alle 19. Saranno due i punti da discutere: una variazione a bilancio e la presentazione al consiglio delle linee programmatiche relative alle azioni e progetti da realizzare<\/p>\n<p><strong>CANALE D&#8217;AGORDO<\/strong> Consiglio comunale in programma mercoled\u00ec alle 20. Tra gli argomenti in discussione il bilancio di previsione 2024\/26 e il secondo piano degli interventi<\/p>\n<p><strong>AGORDO<\/strong> Lunedi alle 20.30 consiglio dell&#8217;Unione Montana Agordina. In discussione la presa d&#8217;atto dei nuovi rappresentanti comunali dopo le recenti elezioni a La Valle, Livinallongo e Rocca Pietore, controlli interni, bilancio, documento unico di programmazione e comunicazioni del presidente.<\/p>\n<p>&nbsp;<\/p>\n<hr \/>\n<p>&nbsp;<\/p>\n<blockquote>\n<h3>LA CONVOCAZIONE DEL CONSIGLIO DEL BACINO DOLOMITI BELLUNESI<\/h3>\n<\/blockquote>\n<p><strong>BELLUNO<\/strong> Il Presidente del Consiglio di Bacino &#8220;Dolomiti Bellunesi&#8221; convoca l&#8217;Assemblea del Consiglio per oggi alle 15 in Sala Bianchi a Belluno. L&#8217;ordine del giorno prevede: comunicazioni, approvazione della Relazione Semestrale sullo stato di attuazione dei programmi ed Equilibri di Bilancio, approvazione del Documento Unico di Programmazione 2025-2027, nomina del Comitato Istituzionale e del Presidente del Consiglio di Bacino.<\/p>\n<p>&nbsp;<\/p>\n<hr \/>\n<p>&nbsp;<\/p>\n<blockquote><p><strong><a class=\"dt-pswp-item\" href=\"https:\/\/www.radiopiu.net\/wordpress\/wp-content\/uploads\/2023\/02\/taibon.jpg\" data-dt-img-description=\"\" data-large_image_width=\"959\" data-large_image_height=\"540\"><img loading=\"lazy\" decoding=\"async\" class=\" wp-image-324258 alignleft\" src=\"https:\/\/www.radiopiu.net\/wordpress\/wp-content\/uploads\/2023\/02\/taibon-300x169.jpg\" alt=\"\" width=\"272\" height=\"153\" srcset=\"https:\/\/www.radiopiu.net\/wordpress\/wp-content\/uploads\/2023\/02\/taibon-300x169.jpg 300w, https:\/\/www.radiopiu.net\/wordpress\/wp-content\/uploads\/2023\/02\/taibon-768x432.jpg 768w, https:\/\/www.radiopiu.net\/wordpress\/wp-content\/uploads\/2023\/02\/taibon.jpg 959w\" sizes=\"auto, (max-width: 272px) 100vw, 272px\" \/><\/a>Il Comune di Taibon Agordino cerca rilevatori per il Censimento Istat<\/strong><\/p><\/blockquote>\n<p><strong>TAIBON\u00a0<\/strong>Il Comune di Taibon Agordino ha aperto una selezione pubblica per formare una graduatoria di rilevatori per il censimento permanente della popolazione 2024. I candidati selezionati parteciperanno ad incontri informativi, eseguiranno interviste e segnaleranno eventuali violazioni. La raccolta dati avverr\u00e0 tra ottobre e dicembre. Il bando scade il 31 luglio.<\/p>\n<p>&nbsp;<\/p>\n<hr \/>\n<p>&nbsp;<\/p>\n<blockquote>\n<h3><a href=\"https:\/\/www.radiopiu.net\/wordpress\/wp-content\/uploads\/2024\/07\/lavori-in-corso.webp\"><img loading=\"lazy\" decoding=\"async\" class=\"wp-image-398920 alignleft\" src=\"https:\/\/www.radiopiu.net\/wordpress\/wp-content\/uploads\/2024\/07\/lavori-in-corso-300x257.webp\" alt=\"\" width=\"92\" height=\"79\" srcset=\"https:\/\/www.radiopiu.net\/wordpress\/wp-content\/uploads\/2024\/07\/lavori-in-corso-300x257.webp 300w, https:\/\/www.radiopiu.net\/wordpress\/wp-content\/uploads\/2024\/07\/lavori-in-corso.webp 640w\" sizes=\"auto, (max-width: 92px) 100vw, 92px\" \/><\/a>Limitazioni alla viabilit\u00e0 a Livinallongo<\/h3>\n<\/blockquote>\n<p><strong>LIVINALLONGO <\/strong>A Livinallongo, lavori stradali sulla Sr 48 delle Dolomiti e sulla Sp 244 al passo Campolongo porteranno a limitazioni della viabilit\u00e0 con senso unico alternato regolato da semafori o movieri, dal luned\u00ec al venerd\u00ec fino al 2 agosto, mentre nei fine settimana la circolazione sar\u00e0 regolare.<\/p>\n<p>&nbsp;<\/p>\n<p>&nbsp;<\/p>\n<hr \/>\n<p>&nbsp;<\/p>\n<blockquote>\n<h3 class=\"flex-shrink-0 flex flex-col relative items-end\">LA POLIZIA DI STATO CERCA 1306 ALLIEVI AGENTI<\/h3>\n<\/blockquote>\n<p><strong>BELLUNO<\/strong> \u00c8 stato pubblicato sul Portale unico del reclutamento e sul sito della Polizia di Stato il bando per l\u2019assunzione di 1306 allievi agenti della Polizia di Stato. Le domande possono essere presentate online dal 24 luglio 2024 al 22 agosto 2024 tramite la procedura disponibile su <a href=\"https:\/\/concorsionline.poliziadistato.it\" target=\"_new\" rel=\"noreferrer noopener\">https:\/\/concorsionline.poliziadistato.it<\/a>, accessibile anche dal Portale unico del reclutamento.<\/p>\n<p>&nbsp;<\/p>\n<p>&nbsp;<\/p>\n<hr \/>\n<p>&nbsp;<\/p>\n<blockquote>\n<h3>LETTURE E CULTURE AL BORGO DI PALUE A ROCCA PIETORE<\/h3>\n<\/blockquote>\n<p><strong>DI MARINA DONA&#8217;<\/strong><\/p>\n<p><strong>ROCCA PIETORE<\/strong> Come da calendario degli eventi estivi 2024 di Borgo Palue di Rocca Pietore ha avuto luogo mercoled\u00ec 24 nel pomeriggio l&#8217;evento &#8220;Letture e culture&#8221; in collaborazione con il CILP di Feltre e Radio Pi\u00f9. Caty De Biasio e Yvonne Tomaselli hanno letto a tutti i partecipanti seduti in cerchio nel &#8220;tabi\u00e8&#8221; trasformato in biblioteca letture sulle migrazione tema anche dedicato con una mostra sempre al Borgo. Un&#8217;ottima partecipazione sia turistica che valligiana. Presente anche la lettrice pi\u00f9 giovane Aurora Treve di quasi 9 anni. La presidente dell&#8217;associazione borgo Palue Marisa Righetto soddisfatta dell&#8217;evento.<\/p>\n\n\t\t\t<style type='text\/css'>\n\t\t\t\t#gallery-3 {\n\t\t\t\t\tmargin: auto;\n\t\t\t\t}\n\t\t\t\t#gallery-3 .gallery-item {\n\t\t\t\t\tfloat: left;\n\t\t\t\t\tmargin-top: 10px;\n\t\t\t\t\ttext-align: center;\n\t\t\t\t\twidth: 20%;\n\t\t\t\t}\n\t\t\t\t#gallery-3 img {\n\t\t\t\t\tborder: 2px solid #cfcfcf;\n\t\t\t\t}\n\t\t\t\t#gallery-3 .gallery-caption {\n\t\t\t\t\tmargin-left: 0;\n\t\t\t\t}\n\t\t\t\t\/* see gallery_shortcode() in wp-includes\/media.php *\/\n\t\t\t<\/style>\n\t\t<div id='gallery-3' class='dt-gallery-container gallery galleryid-401157 gallery-columns-5 gallery-size-thumbnail'><dl class='gallery-item'>\n\t\t\t\t<dt class='gallery-icon landscape'>\n\t\t\t\t\t<a class=\"rollover rollover-zoom dt-pswp-item\" title=\"06669ca1-89b3-4d4e-8673-efec0f1330c8\" data-dt-img-description=\"\" data-large_image_width=\"1600\" data-large_image_height=\"1200\"href='https:\/\/www.radiopiu.net\/wordpress\/wp-content\/uploads\/2024\/07\/06669ca1-89b3-4d4e-8673-efec0f1330c8.jpg'><img loading=\"lazy\" decoding=\"async\" width=\"150\" height=\"150\" src=\"https:\/\/www.radiopiu.net\/wordpress\/wp-content\/uploads\/2024\/07\/06669ca1-89b3-4d4e-8673-efec0f1330c8-150x150.jpg\" class=\"attachment-thumbnail size-thumbnail\" alt=\"\" \/><\/a>\n\t\t\t\t<\/dt><\/dl><dl class='gallery-item'>\n\t\t\t\t<dt class='gallery-icon landscape'>\n\t\t\t\t\t<a class=\"rollover rollover-zoom dt-pswp-item\" title=\"b4e5061d-749e-4a18-ae51-9d1d89fdefe5\" data-dt-img-description=\"\" data-large_image_width=\"1599\" data-large_image_height=\"1186\"href='https:\/\/www.radiopiu.net\/wordpress\/wp-content\/uploads\/2024\/07\/b4e5061d-749e-4a18-ae51-9d1d89fdefe5.jpg'><img loading=\"lazy\" decoding=\"async\" width=\"150\" height=\"150\" src=\"https:\/\/www.radiopiu.net\/wordpress\/wp-content\/uploads\/2024\/07\/b4e5061d-749e-4a18-ae51-9d1d89fdefe5-150x150.jpg\" class=\"attachment-thumbnail size-thumbnail\" alt=\"\" \/><\/a>\n\t\t\t\t<\/dt><\/dl><dl class='gallery-item'>\n\t\t\t\t<dt class='gallery-icon landscape'>\n\t\t\t\t\t<a class=\"rollover rollover-zoom dt-pswp-item\" title=\"6fb0e9df-e499-4871-88d6-ed2450611d09\" data-dt-img-description=\"\" data-large_image_width=\"1599\" data-large_image_height=\"1186\"href='https:\/\/www.radiopiu.net\/wordpress\/wp-content\/uploads\/2024\/07\/6fb0e9df-e499-4871-88d6-ed2450611d09.jpg'><img loading=\"lazy\" decoding=\"async\" width=\"150\" height=\"150\" src=\"https:\/\/www.radiopiu.net\/wordpress\/wp-content\/uploads\/2024\/07\/6fb0e9df-e499-4871-88d6-ed2450611d09-150x150.jpg\" class=\"attachment-thumbnail size-thumbnail\" alt=\"\" \/><\/a>\n\t\t\t\t<\/dt><\/dl><dl class='gallery-item'>\n\t\t\t\t<dt class='gallery-icon landscape'>\n\t\t\t\t\t<a class=\"rollover rollover-zoom dt-pswp-item\" title=\"7e6fa1bc-c02c-416a-9795-a7604743e629\" data-dt-img-description=\"\" data-large_image_width=\"1600\" data-large_image_height=\"1200\"href='https:\/\/www.radiopiu.net\/wordpress\/wp-content\/uploads\/2024\/07\/7e6fa1bc-c02c-416a-9795-a7604743e629.jpg'><img loading=\"lazy\" decoding=\"async\" width=\"150\" height=\"150\" src=\"https:\/\/www.radiopiu.net\/wordpress\/wp-content\/uploads\/2024\/07\/7e6fa1bc-c02c-416a-9795-a7604743e629-150x150.jpg\" class=\"attachment-thumbnail size-thumbnail\" alt=\"\" \/><\/a>\n\t\t\t\t<\/dt><\/dl><dl class='gallery-item'>\n\t\t\t\t<dt class='gallery-icon landscape'>\n\t\t\t\t\t<a class=\"rollover rollover-zoom dt-pswp-item\" title=\"ef695326-2ad9-48d3-ba16-3b6ef201aa8b\" data-dt-img-description=\"\" data-large_image_width=\"1600\" data-large_image_height=\"1200\"href='https:\/\/www.radiopiu.net\/wordpress\/wp-content\/uploads\/2024\/07\/ef695326-2ad9-48d3-ba16-3b6ef201aa8b.jpg'><img loading=\"lazy\" decoding=\"async\" width=\"150\" height=\"150\" src=\"https:\/\/www.radiopiu.net\/wordpress\/wp-content\/uploads\/2024\/07\/ef695326-2ad9-48d3-ba16-3b6ef201aa8b-150x150.jpg\" class=\"attachment-thumbnail size-thumbnail\" alt=\"\" \/><\/a>\n\t\t\t\t<\/dt><\/dl><br style=\"clear: both\" \/>\n\t\t\t<\/div>\n\n<p>&nbsp;<\/p>\n<p><span style=\"color: #ff0000;\"><strong>I VIDEO<\/strong><\/span><\/p>\n<p><strong>La lettura sulle migrazione di Caty De Biasio<\/strong><\/p>\n<div style=\"width: 848px;\" class=\"wp-video\"><video class=\"wp-video-shortcode\" id=\"video-401157-2\" width=\"848\" height=\"480\" preload=\"metadata\" controls=\"controls\"><source type=\"video\/mp4\" src=\"https:\/\/www.radiopiu.net\/wordpress\/wp-content\/uploads\/2024\/07\/WhatsApp-Video-2024-07-24-at-21.24.31.mp4?_=2\" \/><a href=\"https:\/\/www.radiopiu.net\/wordpress\/wp-content\/uploads\/2024\/07\/WhatsApp-Video-2024-07-24-at-21.24.31.mp4\">https:\/\/www.radiopiu.net\/wordpress\/wp-content\/uploads\/2024\/07\/WhatsApp-Video-2024-07-24-at-21.24.31.mp4<\/a><\/video><\/div>\n<p>&nbsp;<\/p>\n<p><strong>La lettura di Yvonne Tomaselli<\/strong><\/p>\n<div style=\"width: 848px;\" class=\"wp-video\"><video class=\"wp-video-shortcode\" id=\"video-401157-3\" width=\"848\" height=\"480\" preload=\"metadata\" controls=\"controls\"><source type=\"video\/mp4\" src=\"https:\/\/www.radiopiu.net\/wordpress\/wp-content\/uploads\/2024\/07\/WhatsApp-Video-2024-07-24-at-21.30.16.mp4?_=3\" \/><a href=\"https:\/\/www.radiopiu.net\/wordpress\/wp-content\/uploads\/2024\/07\/WhatsApp-Video-2024-07-24-at-21.30.16.mp4\">https:\/\/www.radiopiu.net\/wordpress\/wp-content\/uploads\/2024\/07\/WhatsApp-Video-2024-07-24-at-21.30.16.mp4<\/a><\/video><\/div>\n<p>&nbsp;<\/p>\n<p><strong>Aurora Treve<\/strong><\/p>\n<div style=\"width: 848px;\" class=\"wp-video\"><video class=\"wp-video-shortcode\" id=\"video-401157-4\" width=\"848\" height=\"480\" preload=\"metadata\" controls=\"controls\"><source type=\"video\/mp4\" src=\"https:\/\/www.radiopiu.net\/wordpress\/wp-content\/uploads\/2024\/07\/WhatsApp-Video-2024-07-24-at-22.31.17.mp4?_=4\" \/><a href=\"https:\/\/www.radiopiu.net\/wordpress\/wp-content\/uploads\/2024\/07\/WhatsApp-Video-2024-07-24-at-22.31.17.mp4\">https:\/\/www.radiopiu.net\/wordpress\/wp-content\/uploads\/2024\/07\/WhatsApp-Video-2024-07-24-at-22.31.17.mp4<\/a><\/video><\/div>\n<p>&nbsp;<\/p>\n<hr \/>\n<p>&nbsp;<\/p>\n<blockquote>\n<h1><strong>Alpacem e Scuole: Collaborazione per la Crescita delle Nuove Generazioni<br \/>\n<\/strong><\/h1>\n<p><strong><a class=\"dt-pswp-item\" href=\"https:\/\/www.radiopiu.net\/wordpress\/wp-content\/uploads\/2020\/10\/FOLLADOR-DE-ROSSI-scaled.jpg\" data-dt-img-description=\"\" data-large_image_width=\"2560\" data-large_image_height=\"1193\"><img loading=\"lazy\" decoding=\"async\" class=\" wp-image-164367 alignleft\" src=\"https:\/\/www.radiopiu.net\/wordpress\/wp-content\/uploads\/2020\/10\/FOLLADOR-DE-ROSSI-300x140.jpg\" alt=\"\" width=\"255\" height=\"119\" srcset=\"https:\/\/www.radiopiu.net\/wordpress\/wp-content\/uploads\/2020\/10\/FOLLADOR-DE-ROSSI-300x140.jpg 300w, https:\/\/www.radiopiu.net\/wordpress\/wp-content\/uploads\/2020\/10\/FOLLADOR-DE-ROSSI-1024x477.jpg 1024w, https:\/\/www.radiopiu.net\/wordpress\/wp-content\/uploads\/2020\/10\/FOLLADOR-DE-ROSSI-768x358.jpg 768w, https:\/\/www.radiopiu.net\/wordpress\/wp-content\/uploads\/2020\/10\/FOLLADOR-DE-ROSSI-1536x716.jpg 1536w, https:\/\/www.radiopiu.net\/wordpress\/wp-content\/uploads\/2020\/10\/FOLLADOR-DE-ROSSI-2048x954.jpg 2048w, https:\/\/www.radiopiu.net\/wordpress\/wp-content\/uploads\/2020\/10\/FOLLADOR-DE-ROSSI-640x298.jpg 640w\" sizes=\"auto, (max-width: 255px) 100vw, 255px\" \/><\/a>uno strumento all&#8217;avanguardia\u00a0 \u00e8 stato donato da Alpacem all&#8217;Istituto Minerario Umberto Follador di Agordo. <\/strong><\/p>\n<p><strong>PONTE NELLE ALPI<\/strong> Alpacem Cementi e Alpacem Calcestruzzi collaborano con scuole regionali per formare le nuove generazioni, offrendo stage e donando strumenti innovativi come lo spettrometro a fluorescenza raggi X all&#8217;IIS Follador De Rossi di Agordo. Questa iniziativa punta a trasferire competenze pratiche agli studenti, preparando futuri professionisti. Inoltre, l&#8217;azienda supporta percorsi di alternanza scuola-lavoro con altri istituti per sviluppare conoscenze tecniche e amministrative, dimostrando un forte impegno verso la responsabilit\u00e0 sociale e il benessere del territorio.<\/p><\/blockquote>\n<p>&nbsp;<\/p>\n<p>&nbsp;<\/p>\n<hr \/>\n<p>&nbsp;<\/p>\n<div class=\"group\/conversation-turn relative flex w-full min-w-0 flex-col agent-turn\">\n<div class=\"flex-col gap-1 md:gap-3\">\n<div class=\"flex flex-grow flex-col max-w-full\">\n<div class=\"min-h-[20px] text-message flex w-full flex-col items-end gap-2 whitespace-pre-wrap break-words [.text-message+&amp;]:mt-5 overflow-x-auto\" dir=\"auto\" data-message-author-role=\"assistant\" data-message-id=\"d5fdd615-1995-4aaa-bd7a-c7a4a5aea2e3\">\n<div class=\"flex w-full flex-col gap-1 empty:hidden first:pt-[3px]\">\n<div class=\"markdown prose w-full break-words dark:prose-invert dark\">\n<blockquote><p><strong>Fem Factor Dolomiti: Formazione per l&#8217;Autoimprenditorialit\u00e0 Femminile<\/strong><\/p><\/blockquote>\n<p><strong>BELLUNO<\/strong> Il progetto <strong>Fem Factor Dolomiti<\/strong>, in collaborazione con il Centro Consorzi, lancia percorsi formativi innovativi per promuovere l&#8217;autoimprenditorialit\u00e0 e l&#8217;inclusione digitale tra le donne. Due programmi distinti mirano a sostenere donne occupate e disoccupate nel diventare leader nel loro campo. Le selezioni avverranno il 18 settembre a Belluno.<\/p>\n<p>&nbsp;<\/p>\n<\/div>\n<\/div>\n<\/div>\n<\/div>\n<\/div>\n<\/div>\n<div>\n<hr \/>\n<p>&nbsp;<\/p>\n<blockquote>\n<h2>Presentazione del Libro &#8220;Delitti e castighi<\/h2>\n<\/blockquote>\n<\/div>\n<p><strong>BELLUNO<\/strong> Sabato alle 18, presso la Sala Bianchi di Belluno, si terr\u00e0 la presentazione del libro di Filiberto dal Molin, intitolato &#8220;Delitti e castighi &#8211; Post-verit\u00e0 in medicina, proibizionismo e Pil&#8221; (Byoblu Editore 2024, pag. 393, 23 euro). A dialogare con l&#8217;autore sar\u00e0 Roberto De Nart, giornalista e fondatore di Bellunopress. L&#8217;evento \u00e8 organizzato in collaborazione con l&#8217;Associazione ContiamoCi di Belluno<\/p>\n<p>&nbsp;<\/p>\n<p>&nbsp;<\/p>\n<p>&nbsp;<\/p>\n<hr \/>\n<p>&nbsp;<\/p>\n<blockquote>\n<h3>SOSPIROLO TRA LEGGENDE E MISTERI<\/h3>\n<\/blockquote>\n<p><strong><a class=\"dt-pswp-item\" href=\"https:\/\/www.radiopiu.net\/wordpress\/wp-content\/uploads\/2024\/07\/premiati-23-scaled.jpeg\" data-dt-img-description=\"\" data-large_image_width=\"2560\" data-large_image_height=\"1707\"><img loading=\"lazy\" decoding=\"async\" class=\" wp-image-398974 alignleft\" src=\"https:\/\/www.radiopiu.net\/wordpress\/wp-content\/uploads\/2024\/07\/premiati-23-300x200.jpeg\" alt=\"\" width=\"158\" height=\"105\" srcset=\"https:\/\/www.radiopiu.net\/wordpress\/wp-content\/uploads\/2024\/07\/premiati-23-300x200.jpeg 300w, https:\/\/www.radiopiu.net\/wordpress\/wp-content\/uploads\/2024\/07\/premiati-23-1024x683.jpeg 1024w, https:\/\/www.radiopiu.net\/wordpress\/wp-content\/uploads\/2024\/07\/premiati-23-768x512.jpeg 768w, https:\/\/www.radiopiu.net\/wordpress\/wp-content\/uploads\/2024\/07\/premiati-23-1536x1024.jpeg 1536w, https:\/\/www.radiopiu.net\/wordpress\/wp-content\/uploads\/2024\/07\/premiati-23-2048x1365.jpeg 2048w\" sizes=\"auto, (max-width: 158px) 100vw, 158px\" \/><\/a>SOSPIROLO<\/strong> La Pro loco &#8220;Monti del Sole&#8221; e il Comune di Sospirolo indicono la 15esima edizione del concorso letterario \u201cSospirolo tra leggende e misteri\u201d, dedicato allo zodiaco e alla figura di Girolamo Segato. Il concorso, aperto ai nati e\/o residenti nel Triveneto, invita a scrivere racconti brevi inediti sul tema dello zodiaco, comprendendo aspetti astronomici, mitici e antropologici. Due le sezioni: A) per singoli di 6-14 anni o lavori scolastici di gruppo, e B) per partecipanti dai 15 anni. Premi in denaro fino a 500 euro e attestati di partecipazione. I vincitori saranno pubblicati su &#8220;il Veses&#8221;. Scadenza: 19 ottobre. Info su <a href=\"http:\/\/www.sospirolo.net\" target=\"_new\" rel=\"noreferrer noopener\">www.sospirolo.net<\/a>.<\/p>\n<p>&nbsp;<\/p>\n<p>&nbsp;<\/p>\n<p>&nbsp;<\/p>\n<hr \/>\n<p>&nbsp;<\/p>\n<blockquote>\n<h3>A TEATRO CON LE MUSE E LE DOLOMITI: OGGI A MOENA GIANNI SCHICCHI DI GIACOMO PUCCINI<\/h3>\n<\/blockquote>\n<p><strong><a class=\"dt-pswp-item\" href=\"https:\/\/www.radiopiu.net\/wordpress\/wp-content\/uploads\/2024\/07\/oHAHGAIHGPA.png\" data-dt-img-description=\"\" data-large_image_width=\"796\" data-large_image_height=\"534\"><img loading=\"lazy\" decoding=\"async\" class=\" wp-image-400911 alignleft\" src=\"https:\/\/www.radiopiu.net\/wordpress\/wp-content\/uploads\/2024\/07\/oHAHGAIHGPA-300x201.png\" alt=\"\" width=\"184\" height=\"123\" srcset=\"https:\/\/www.radiopiu.net\/wordpress\/wp-content\/uploads\/2024\/07\/oHAHGAIHGPA-300x201.png 300w, https:\/\/www.radiopiu.net\/wordpress\/wp-content\/uploads\/2024\/07\/oHAHGAIHGPA-768x515.png 768w, https:\/\/www.radiopiu.net\/wordpress\/wp-content\/uploads\/2024\/07\/oHAHGAIHGPA.png 796w\" sizes=\"auto, (max-width: 184px) 100vw, 184px\" \/><\/a>DI MIRKO MEZZACASA<\/strong><\/p>\n<p>OSPITE: Oda\u00a0Zoe Hochscheid<\/p>\n<audio class=\"wp-audio-shortcode\" id=\"audio-401157-11\" preload=\"none\" style=\"width: 100%;\" controls=\"controls\"><source type=\"audio\/mpeg\" src=\"https:\/\/www.radiopiu.net\/wordpress\/wp-content\/uploads\/2024\/07\/ODA-25-LUGLIO-2025-PRIMA.mp3?_=11\" \/><a href=\"https:\/\/www.radiopiu.net\/wordpress\/wp-content\/uploads\/2024\/07\/ODA-25-LUGLIO-2025-PRIMA.mp3\">https:\/\/www.radiopiu.net\/wordpress\/wp-content\/uploads\/2024\/07\/ODA-25-LUGLIO-2025-PRIMA.mp3<\/a><\/audio>\n<p>&nbsp;<\/p>\n<p>&nbsp;<\/p>\n<hr \/>\n<p>&nbsp;<\/p>\n<div class=\"flex-shrink-0 flex flex-col relative items-end\">\n<div>\n<div class=\"pt-0\">\n<div class=\"gizmo-bot-avatar flex h-8 w-8 items-center justify-center overflow-hidden rounded-full\">\n<div class=\"relative p-1 rounded-sm flex items-center justify-center bg-token-main-surface-primary text-token-text-primary h-8 w-8\"><\/div>\n<\/div>\n<\/div>\n<\/div>\n<\/div>\n<div class=\"group\/conversation-turn relative flex w-full min-w-0 flex-col agent-turn\">\n<div class=\"flex-col gap-1 md:gap-3\">\n<div class=\"flex flex-grow flex-col max-w-full\">\n<div class=\"min-h-[20px] text-message flex w-full flex-col items-end gap-2 whitespace-pre-wrap break-words [.text-message+&amp;]:mt-5 overflow-x-auto\" dir=\"auto\" data-message-author-role=\"assistant\" data-message-id=\"fd5192d1-6ba5-48af-b4f1-4a84e51910b6\">\n<div class=\"flex w-full flex-col gap-1 empty:hidden first:pt-[3px]\">\n<div class=\"markdown prose w-full break-words dark:prose-invert dark\">\n<blockquote>\n<h3>DAGLI SCAVI DEL PELSA&#8230;ALLA MOSTRA DI FOSSILI E MINERALI CON DAVIDE E MANUEL CONEDERA gamp<\/h3>\n<\/blockquote>\n<p>&nbsp;<\/p>\n<\/div>\n<\/div>\n<\/div>\n<\/div>\n<\/div>\n<\/div>\n<p><a class=\"dt-pswp-item\" href=\"https:\/\/www.radiopiu.net\/wordpress\/wp-content\/uploads\/2024\/07\/00a1ed22-6c5b-47a3-a4cc-d4417c3b8b54.jpg\" data-dt-img-description=\"\" data-large_image_width=\"1600\" data-large_image_height=\"900\"><img loading=\"lazy\" decoding=\"async\" class=\"wp-image-401217 alignleft\" src=\"https:\/\/www.radiopiu.net\/wordpress\/wp-content\/uploads\/2024\/07\/00a1ed22-6c5b-47a3-a4cc-d4417c3b8b54-300x169.jpg\" alt=\"\" width=\"220\" height=\"124\" srcset=\"https:\/\/www.radiopiu.net\/wordpress\/wp-content\/uploads\/2024\/07\/00a1ed22-6c5b-47a3-a4cc-d4417c3b8b54-300x169.jpg 300w, https:\/\/www.radiopiu.net\/wordpress\/wp-content\/uploads\/2024\/07\/00a1ed22-6c5b-47a3-a4cc-d4417c3b8b54-1024x576.jpg 1024w, https:\/\/www.radiopiu.net\/wordpress\/wp-content\/uploads\/2024\/07\/00a1ed22-6c5b-47a3-a4cc-d4417c3b8b54-768x432.jpg 768w, https:\/\/www.radiopiu.net\/wordpress\/wp-content\/uploads\/2024\/07\/00a1ed22-6c5b-47a3-a4cc-d4417c3b8b54-1536x864.jpg 1536w, https:\/\/www.radiopiu.net\/wordpress\/wp-content\/uploads\/2024\/07\/00a1ed22-6c5b-47a3-a4cc-d4417c3b8b54.jpg 1600w\" sizes=\"auto, (max-width: 220px) 100vw, 220px\" \/><\/a><strong>REDAZIONE<\/strong><\/p>\n<p><strong>DI mirko mezzacasa<\/strong><\/p>\n<p><strong>audio, STUDIO2 radiopiu OSPITI\u00a0 Manuel Conedera (presidente Gamp) Davide Conedera (vice presidente Gamp)<\/strong><\/p>\n<audio class=\"wp-audio-shortcode\" id=\"audio-401157-12\" preload=\"none\" style=\"width: 100%;\" controls=\"controls\"><source type=\"audio\/mpeg\" src=\"https:\/\/www.radiopiu.net\/wordpress\/wp-content\/uploads\/2024\/07\/MANUEL-E-DAVIDE-CONEDERA-24.mp3?_=12\" \/><a href=\"https:\/\/www.radiopiu.net\/wordpress\/wp-content\/uploads\/2024\/07\/MANUEL-E-DAVIDE-CONEDERA-24.mp3\">https:\/\/www.radiopiu.net\/wordpress\/wp-content\/uploads\/2024\/07\/MANUEL-E-DAVIDE-CONEDERA-24.mp3<\/a><\/audio>\n<p>&nbsp;<\/p>\n<hr \/>\n<p>&nbsp;<\/p>\n<div class=\"page-title-head hgroup\">\n<blockquote>\n<h3 class=\"entry-title\">CRITICHE AL PROGETTO RTN, MEDIA VALLE DEL PIAVE<\/h3>\n<\/blockquote>\n<\/div>\n<div class=\"page-title-breadcrumbs\"><strong><img loading=\"lazy\" decoding=\"async\" class=\"alignleft\" src=\"https:\/\/www.radiopiu.net\/wordpress\/wp-content\/uploads\/2022\/11\/Terna-Demolizione-Auronzo-1.jpeg\" width=\"154\" height=\"116\" \/>BELLUNO<\/strong> L&#8217;Associazione Vivaio Dolomiti critica il progetto RTN media valle del Piave, iniziato 15 anni fa e ancora incompleto. Secondo l&#8217;associazione, il progetto manca di un&#8217;adeguata condivisione e comunicazione con il territorio locale. La recente conferenza dei servizi ha evidenziato ulteriori problemi, con l&#8217;autorit\u00e0 di bacino che ha richiesto nuove integrazioni a Terna. L\u2019Associazione denuncia l&#8217;approccio di Terna. Richiede la revisione del progetto, che, a loro parere, presenta gravi interferenze paesaggistiche nelle aree di Caralte e Longarone. Nel 2017, il Ministero dei Beni Culturali ha bocciato il progetto, giudicandolo insostenibile. Sebbene la Sovrintendenza del Veneto abbia dato parere favorevole, Vivaio Dolomiti attende di esaminare le carte ufficiali per decidere eventuali azioni legali. L\u2019Associazione sostiene che il dialogo e la cooperazione, come dimostrato nel riassetto della rete tra Cortina e Auronzo, possono portare a soluzioni che rispettino la bellezza e la fragilit\u00e0 delle aree attraversate. Chiedono di istituire un tavolo di confronto per pianificare investimenti efficaci nel territorio.<\/div>\n<p>&nbsp;<\/p>\n<p>&nbsp;<\/p>\n<hr \/>\n<blockquote>\n<h3><a class=\"dt-pswp-item\" href=\"https:\/\/www.radiopiu.net\/wordpress\/wp-content\/uploads\/2024\/07\/Rolling_Around-.jpg\" data-dt-img-description=\"ROLLING AROUND\" data-large_image_width=\"709\" data-large_image_height=\"454\"><img loading=\"lazy\" decoding=\"async\" class=\" wp-image-401125 alignleft\" src=\"https:\/\/www.radiopiu.net\/wordpress\/wp-content\/uploads\/2024\/07\/Rolling_Around--300x192.jpg\" alt=\"\" width=\"247\" height=\"158\" srcset=\"https:\/\/www.radiopiu.net\/wordpress\/wp-content\/uploads\/2024\/07\/Rolling_Around--300x192.jpg 300w, https:\/\/www.radiopiu.net\/wordpress\/wp-content\/uploads\/2024\/07\/Rolling_Around-.jpg 709w\" sizes=\"auto, (max-width: 247px) 100vw, 247px\" \/><\/a>DOMENICA LA MUSICA ETNICA NEI GIARDINI DI PALAZZO CROTTA DE MANZONI<\/h3>\n<\/blockquote>\n<p><strong>AGORDO <\/strong>Il 28 luglio la musica folk sar\u00e0 protagonista di un ricco pomeriggio nel giardino di Villa de Manzoni,\u00a0 si alterneranno tre formazioni diverse, ciascuna pronta a proporre, a chi voglia ascoltare e a chi desideri provare a muovere qualche passo di danza, il proprio repertorio.<\/p>\n<p><strong>intervista al Dott, Luca DE MANZONI MATTEUCCI proprietario Villa De Manzoni<\/strong><\/p>\n<audio class=\"wp-audio-shortcode\" id=\"audio-401157-13\" preload=\"none\" style=\"width: 100%;\" controls=\"controls\"><source type=\"audio\/mpeg\" src=\"https:\/\/www.radiopiu.net\/wordpress\/wp-content\/uploads\/2024\/07\/intervista-5-andrea-bernardi-con-LUCA-DE-MANZONI-per-i-giardini-palazzo-c.luglio.mp3?_=13\" \/><a href=\"https:\/\/www.radiopiu.net\/wordpress\/wp-content\/uploads\/2024\/07\/intervista-5-andrea-bernardi-con-LUCA-DE-MANZONI-per-i-giardini-palazzo-c.luglio.mp3\">https:\/\/www.radiopiu.net\/wordpress\/wp-content\/uploads\/2024\/07\/intervista-5-andrea-bernardi-con-LUCA-DE-MANZONI-per-i-giardini-palazzo-c.luglio.mp3<\/a><\/audio>\n<p>&nbsp;<\/p>\n<hr \/>\n<p>&nbsp;<\/p>\n<blockquote><p><strong><a class=\"dt-pswp-item\" href=\"https:\/\/www.radiopiu.net\/wordpress\/wp-content\/uploads\/2024\/07\/La-Cooperativa-di-Cortina-foto-storica.jpg\" data-dt-img-description=\"\" data-large_image_width=\"1080\" data-large_image_height=\"1080\"><img loading=\"lazy\" decoding=\"async\" class=\" wp-image-401222 alignleft\" src=\"https:\/\/www.radiopiu.net\/wordpress\/wp-content\/uploads\/2024\/07\/La-Cooperativa-di-Cortina-foto-storica-300x300.jpg\" alt=\"\" width=\"162\" height=\"162\" srcset=\"https:\/\/www.radiopiu.net\/wordpress\/wp-content\/uploads\/2024\/07\/La-Cooperativa-di-Cortina-foto-storica-300x300.jpg 300w, https:\/\/www.radiopiu.net\/wordpress\/wp-content\/uploads\/2024\/07\/La-Cooperativa-di-Cortina-foto-storica-1024x1024.jpg 1024w, https:\/\/www.radiopiu.net\/wordpress\/wp-content\/uploads\/2024\/07\/La-Cooperativa-di-Cortina-foto-storica-150x150.jpg 150w, https:\/\/www.radiopiu.net\/wordpress\/wp-content\/uploads\/2024\/07\/La-Cooperativa-di-Cortina-foto-storica-768x768.jpg 768w, https:\/\/www.radiopiu.net\/wordpress\/wp-content\/uploads\/2024\/07\/La-Cooperativa-di-Cortina-foto-storica.jpg 1080w\" sizes=\"auto, (max-width: 162px) 100vw, 162px\" \/><\/a>Borgo Piave: Mostra d&#8217;Arte &#8220;Dolomites &#8211; Cultura, Patrimonio, Comunit\u00e0&#8221;<\/strong><\/p><\/blockquote>\n<p><strong>BELLUNO\u00a0<\/strong> &#8220;Dolomites &#8211; Cultura, Patrimonio, Comunit\u00e0,&#8221; \u00e8 la mostra che si svolger\u00e0 a Borgo Piave l&#8217;ultimo fine settimana di luglio e il primo di agosto con l&#8217;associazione Borgo Piave ETC. A Palazzo Doglioni, sar\u00e0 esposta la collezione &#8220;SERIE UNICA,&#8221; che presenta oggetti di design artigianale ispirati ai siti UNESCO veneti.\u00a0 Da Rosalina la storia della Cooperativa di Cortina d&#8217;Ampezzo attraverso la mostra \u201cCortina d\u2019Ampezzo e la sua cooperativa &#8211; 130 anni di storia.\u201d (foto). A Palazzo Secco &#8211; Museo Maschere Dolomitiche presenter\u00e0 una prospettiva culturale delle Dolomiti, \u00a0visitabile a piccoli gruppi\u00a0 su prenotazione\u00a0 ( 351 3785750 ) con\u00a0 contributo minimo volontario di 5 euro a persona.<\/p>\n<p>&nbsp;<\/p>\n<hr \/>\n<p>&nbsp;<\/p>\n<blockquote>\n<h3>OGGI LA PASTASCIUTTA ANTIFACISTA A BUSCHE<\/h3>\n<\/blockquote>\n<p><a href=\"https:\/\/www.radiopiu.net\/wordpress\/wp-content\/uploads\/2024\/07\/PASTASCIUTTA-ANTIFASCISTA.webp\"><img loading=\"lazy\" decoding=\"async\" class=\"alignleft wp-image-399936\" src=\"https:\/\/www.radiopiu.net\/wordpress\/wp-content\/uploads\/2024\/07\/PASTASCIUTTA-ANTIFASCISTA-300x225.webp\" alt=\"\" width=\"189\" height=\"142\" srcset=\"https:\/\/www.radiopiu.net\/wordpress\/wp-content\/uploads\/2024\/07\/PASTASCIUTTA-ANTIFASCISTA-300x225.webp 300w, https:\/\/www.radiopiu.net\/wordpress\/wp-content\/uploads\/2024\/07\/PASTASCIUTTA-ANTIFASCISTA-1024x768.webp 1024w, https:\/\/www.radiopiu.net\/wordpress\/wp-content\/uploads\/2024\/07\/PASTASCIUTTA-ANTIFASCISTA-768x576.webp 768w, https:\/\/www.radiopiu.net\/wordpress\/wp-content\/uploads\/2024\/07\/PASTASCIUTTA-ANTIFASCISTA.webp 1366w\" sizes=\"auto, (max-width: 189px) 100vw, 189px\" \/><\/a><\/p>\n<p><strong>BUSCHE<\/strong><\/p>\n<p>DI ROBERTO BONA<\/p>\n<audio class=\"wp-audio-shortcode\" id=\"audio-401157-14\" preload=\"none\" style=\"width: 100%;\" controls=\"controls\"><source type=\"audio\/mpeg\" src=\"https:\/\/www.radiopiu.net\/wordpress\/wp-content\/uploads\/2024\/07\/BONA-LA-PASTASCIUTTA-ANTIFACISTA-A-BUSCHE-SCADE-25-LUGLIO.mp3?_=14\" \/><a href=\"https:\/\/www.radiopiu.net\/wordpress\/wp-content\/uploads\/2024\/07\/BONA-LA-PASTASCIUTTA-ANTIFACISTA-A-BUSCHE-SCADE-25-LUGLIO.mp3\">https:\/\/www.radiopiu.net\/wordpress\/wp-content\/uploads\/2024\/07\/BONA-LA-PASTASCIUTTA-ANTIFACISTA-A-BUSCHE-SCADE-25-LUGLIO.mp3<\/a><\/audio>\n<p>&nbsp;<\/p>\n<hr \/>\n<p>&nbsp;<\/p>\n<blockquote>\n<h3>SABATO E DOMENICA NATURAL-MENTE AL BOCCIODROMO DI AGORDO<\/h3>\n<\/blockquote>\n<p><strong><a class=\"dt-pswp-item\" href=\"https:\/\/www.radiopiu.net\/wordpress\/wp-content\/uploads\/2024\/07\/09e0d680-5d0b-4b4e-bff3-48d28921fc2c.jpg\" data-dt-img-description=\"\" data-large_image_width=\"1124\" data-large_image_height=\"1600\"><img loading=\"lazy\" decoding=\"async\" class=\" wp-image-400259 alignleft\" src=\"https:\/\/www.radiopiu.net\/wordpress\/wp-content\/uploads\/2024\/07\/09e0d680-5d0b-4b4e-bff3-48d28921fc2c-211x300.jpg\" alt=\"\" width=\"87\" height=\"124\" srcset=\"https:\/\/www.radiopiu.net\/wordpress\/wp-content\/uploads\/2024\/07\/09e0d680-5d0b-4b4e-bff3-48d28921fc2c-211x300.jpg 211w, https:\/\/www.radiopiu.net\/wordpress\/wp-content\/uploads\/2024\/07\/09e0d680-5d0b-4b4e-bff3-48d28921fc2c-719x1024.jpg 719w, https:\/\/www.radiopiu.net\/wordpress\/wp-content\/uploads\/2024\/07\/09e0d680-5d0b-4b4e-bff3-48d28921fc2c-768x1093.jpg 768w, https:\/\/www.radiopiu.net\/wordpress\/wp-content\/uploads\/2024\/07\/09e0d680-5d0b-4b4e-bff3-48d28921fc2c-1079x1536.jpg 1079w, https:\/\/www.radiopiu.net\/wordpress\/wp-content\/uploads\/2024\/07\/09e0d680-5d0b-4b4e-bff3-48d28921fc2c.jpg 1124w\" sizes=\"auto, (max-width: 87px) 100vw, 87px\" \/><\/a>AGORDO<\/strong> Il 27 e 28 luglio ad Agordo si terr\u00e0 il festival Natural-Mente, dedicato al benessere olistico e alla crescita personale. Organizzato da Spazio Olos APS e il Bocciodromo, l&#8217;evento arricchisce l&#8217;estate agordina con due giornate di esplorazione delle discipline olistiche. Presso il Bocciodromo saranno presenti espositori e operatori da varie regioni, offrendo esperienze pratiche di yoga, bagni di gong, tai-chi, chi-kung, ecstatic dance e altro. L&#8217;ingresso \u00e8 libero e domenica alle 15 si terr\u00e0 una conferenza gratuita sull&#8217;uso dei tarocchi come strumento di indagine interiore.<\/p>\n<p><strong>ROBERTA<\/strong><\/p>\n<audio class=\"wp-audio-shortcode\" id=\"audio-401157-15\" preload=\"none\" style=\"width: 100%;\" controls=\"controls\"><source type=\"audio\/mpeg\" src=\"https:\/\/www.radiopiu.net\/wordpress\/wp-content\/uploads\/2024\/07\/BOCCIODROMO-OLISTICO-ROBERTA.mp3?_=15\" \/><a href=\"https:\/\/www.radiopiu.net\/wordpress\/wp-content\/uploads\/2024\/07\/BOCCIODROMO-OLISTICO-ROBERTA.mp3\">https:\/\/www.radiopiu.net\/wordpress\/wp-content\/uploads\/2024\/07\/BOCCIODROMO-OLISTICO-ROBERTA.mp3<\/a><\/audio>\n<p>&nbsp;<\/p>\n<hr \/>\n<p>&nbsp;<\/p>\n<blockquote>\n<h3><a class=\"dt-pswp-item\" href=\"https:\/\/www.radiopiu.net\/wordpress\/wp-content\/uploads\/2024\/07\/COPERTINA_LOC_ARBOREA_CADORE.jpg\" data-dt-img-description=\"\" data-large_image_width=\"1654\" data-large_image_height=\"2339\"><img loading=\"lazy\" decoding=\"async\" class=\" wp-image-400907 alignleft\" src=\"https:\/\/www.radiopiu.net\/wordpress\/wp-content\/uploads\/2024\/07\/COPERTINA_LOC_ARBOREA_CADORE-212x300.jpg\" alt=\"\" width=\"123\" height=\"174\" srcset=\"https:\/\/www.radiopiu.net\/wordpress\/wp-content\/uploads\/2024\/07\/COPERTINA_LOC_ARBOREA_CADORE-212x300.jpg 212w, https:\/\/www.radiopiu.net\/wordpress\/wp-content\/uploads\/2024\/07\/COPERTINA_LOC_ARBOREA_CADORE-724x1024.jpg 724w, https:\/\/www.radiopiu.net\/wordpress\/wp-content\/uploads\/2024\/07\/COPERTINA_LOC_ARBOREA_CADORE-768x1086.jpg 768w, https:\/\/www.radiopiu.net\/wordpress\/wp-content\/uploads\/2024\/07\/COPERTINA_LOC_ARBOREA_CADORE-1086x1536.jpg 1086w, https:\/\/www.radiopiu.net\/wordpress\/wp-content\/uploads\/2024\/07\/COPERTINA_LOC_ARBOREA_CADORE-1448x2048.jpg 1448w, https:\/\/www.radiopiu.net\/wordpress\/wp-content\/uploads\/2024\/07\/COPERTINA_LOC_ARBOREA_CADORE.jpg 1654w\" sizes=\"auto, (max-width: 123px) 100vw, 123px\" \/><\/a>L&#8217;EMIGRAZIONE VENETA IN SARDEGNA TRA LE DUE GUERRE<\/h3>\n<\/blockquote>\n<p><strong>BELLUNO<\/strong> La Famiglia Emigranti ed ex Emigranti del Cadore organizza una serata gratuita intitolata \u201cL\u2019America di quaggi\u00f9. L\u2019Emigrazione veneta in Sardegna tra le due Guerre\u201d, il 1 agosto alle 18.30 nella Sala Consiliare del Comune di Pieve di Cadore. L&#8217;evento, patrocinato da diverse associazioni, sar\u00e0 aperto dai saluti delle autorit\u00e0 locali e includer\u00e0 una presentazione e proiezione di un video curato da Alberto Medda Costella, esperto del fenomeno migratorio. Costella guider\u00e0 il pubblico nella storia dell&#8217;emigrazione veneta in Sardegna tra le due guerre mondiali, offrendo una riflessione sulle esperienze degli emigranti veneti. Il presidente dell\u2019Associazione Bellunesi nel Mondo, Oscar De Bona, invita tutti a partecipare per condividere momenti di riflessione e cultura.<\/p>\n<p>&nbsp;<\/p>\n<p>&nbsp;<\/p>\n<hr \/>\n<p>&nbsp;<\/p>\n<blockquote>\n<h3>DIAMO VALORE AL LEGNO IN SALA DON TAMIS<\/h3>\n<\/blockquote>\n<p><strong><a class=\"dt-pswp-item\" href=\"https:\/\/www.radiopiu.net\/wordpress\/wp-content\/uploads\/2024\/07\/DIAMO-VALORE-AL-LEGNO-1.png\" data-dt-img-description=\"\" data-large_image_width=\"673\" data-large_image_height=\"942\"><img loading=\"lazy\" decoding=\"async\" class=\" wp-image-400250 alignleft\" src=\"https:\/\/www.radiopiu.net\/wordpress\/wp-content\/uploads\/2024\/07\/DIAMO-VALORE-AL-LEGNO-1-214x300.png\" alt=\"\" width=\"96\" height=\"135\" srcset=\"https:\/\/www.radiopiu.net\/wordpress\/wp-content\/uploads\/2024\/07\/DIAMO-VALORE-AL-LEGNO-1-214x300.png 214w, https:\/\/www.radiopiu.net\/wordpress\/wp-content\/uploads\/2024\/07\/DIAMO-VALORE-AL-LEGNO-1.png 673w\" sizes=\"auto, (max-width: 96px) 100vw, 96px\" \/><\/a>AGORDO<\/strong> Il 1\u00b0 agosto 2024, AIEL organizza una serata informativa ad Agordo, in collaborazione con vari enti, per discutere del ripristino dei boschi colpiti dal bostrico e del &#8220;Bando stufe 2024&#8221; della Regione Veneto. L&#8217;incontro, che si terr\u00e0 presso la sala Don Tamis dalle 18:00, affronter\u00e0 l&#8217;uso di tecnologie innovative per il recupero delle foreste danneggiate e il finanziamento regionale per la sostituzione di vecchi impianti termici a biomassa. Il &#8220;Bando stufe 2024&#8221; coprir\u00e0 dall&#8217;85 al 100% delle spese per nuovi impianti a legna, pellet e cippato. L&#8217;evento prevede interventi di esperti che presenteranno casi applicativi e informazioni per accedere agli incentivi. La partecipazione \u00e8 aperta a cittadini e amministratori locali per promuovere sicurezza ed efficienza energetica nelle abitazioni. Per ulteriori dettagli: <a rel=\"noreferrer\">segreteria.aiel@cia.it<\/a>.<\/p>\n<p>&nbsp;<\/p>\n<hr \/>\n<p>&nbsp;<\/p>\n<blockquote class=\"wp-embedded-content\" data-secret=\"QuSxuIH5Qk\"><p><a href=\"https:\/\/www.radiopiu.net\/wordpress\/eventi-tra-pietre-e-cristalli-libri-e-concorso\/\">EVENTI TRA PIETRE E CRISTALLI, LIBRI E CONCORSO<\/a><\/p><\/blockquote>\n<p><iframe loading=\"lazy\" class=\"wp-embedded-content\" sandbox=\"allow-scripts\" security=\"restricted\" style=\"position: absolute; visibility: hidden;\" title=\"&#8220;EVENTI TRA PIETRE E CRISTALLI, LIBRI E CONCORSO&#8221; &#8212; Radio Pi\u00f9\" src=\"https:\/\/www.radiopiu.net\/wordpress\/eventi-tra-pietre-e-cristalli-libri-e-concorso\/embed\/#?secret=OucQZjKeak#?secret=QuSxuIH5Qk\" data-secret=\"QuSxuIH5Qk\" width=\"600\" height=\"338\" frameborder=\"0\" marginwidth=\"0\" marginheight=\"0\" scrolling=\"no\"><\/iframe><\/p>\n<p>&nbsp;<\/p>\n<p>&nbsp;<\/p>\n<hr \/>\n<p>&nbsp;<\/p>\n<blockquote>\n<h3>TRA LE CHINE DELLA SCHIARA<\/h3>\n<\/blockquote>\n<p><strong>BELLUNO<\/strong> Il Parco Nazionale Dolomiti Bellunesi, in collaborazione con i rifugi Bianchet, 7\u00b0 Alpini e Pian de Fontana, organizza tre giornate sui sentieri della Schiara. Luca Sovilla racconter\u00e0 i segreti della zona e Marco Dall\u2019Armi li disegner\u00e0 in china. Gli incontri nei rifugi sono gratuiti e aperti a tutti. Le escursioni guidate gratuite, accompagnate dalle Guide del Parco, richiedono prenotazione per un massimo di 25 persone, da effettuare due giorni prima. Il primo incontro \u00e8 sabato 27 luglio alle 15:00 al rifugio Bianchet, con escursione guidata alle 9:00. Gli altri appuntamenti sono il 31 agosto al rifugio 7\u00b0 Alpini e il 21 settembre al rifugio Pian de Fontana. La manifestazione \u00e8 patrocinata dal CAI di Belluno.<\/p>\n<p>&nbsp;<\/p>\n<p>&nbsp;<\/p>\n<hr \/>\n<p>&nbsp;<\/p>\n<h2><span style=\"color: #ff6600;\">ALLA RADIO<\/span><\/h2>\n<h2><span style=\"color: #008000;\">CISL E FEMCA CISL LA VOCE PER I LAVORATORI<\/span><\/h2>\n<p><a class=\"dt-pswp-item\" href=\"https:\/\/www.radiopiu.net\/wordpress\/wp-content\/uploads\/2023\/10\/Senza-nome-7.png\" data-dt-img-description=\"\" data-large_image_width=\"235\" data-large_image_height=\"378\"><img loading=\"lazy\" decoding=\"async\" class=\"wp-image-355326 alignleft\" src=\"https:\/\/www.radiopiu.net\/wordpress\/wp-content\/uploads\/2023\/10\/Senza-nome-7-187x300.png\" alt=\"\" width=\"92\" height=\"148\" srcset=\"https:\/\/www.radiopiu.net\/wordpress\/wp-content\/uploads\/2023\/10\/Senza-nome-7-187x300.png 187w, https:\/\/www.radiopiu.net\/wordpress\/wp-content\/uploads\/2023\/10\/Senza-nome-7.png 235w\" sizes=\"auto, (max-width: 92px) 100vw, 92px\" \/><\/a>24 luglio 2024<\/p>\n<p><strong>PUNTATA 80 ALESSIO PICCOLI<\/strong><\/p>\n<audio class=\"wp-audio-shortcode\" id=\"audio-401157-16\" preload=\"none\" style=\"width: 100%;\" controls=\"controls\"><source type=\"audio\/mpeg\" src=\"https:\/\/www.radiopiu.net\/wordpress\/wp-content\/uploads\/2024\/04\/FEMCA-CISL-9.mp3?_=16\" \/><a href=\"https:\/\/www.radiopiu.net\/wordpress\/wp-content\/uploads\/2024\/04\/FEMCA-CISL-9.mp3\">https:\/\/www.radiopiu.net\/wordpress\/wp-content\/uploads\/2024\/04\/FEMCA-CISL-9.mp3<\/a><\/audio>\n<p>&nbsp;<\/p>\n<h2>LA RACCOLTA COMPLETA <a href=\"https:\/\/www.radiopiu.net\/wordpress\/cisl-e-femca-cisl-la-vocef\/\"><span style=\"color: #3366ff;\">CLICCA QUI<\/span><\/a><\/h2>\n<p>&nbsp;<\/p>\n<hr \/>\n<p>&nbsp;<\/p>\n<h2><span style=\"color: #ff0000;\"><a class=\"dt-pswp-item\" href=\"https:\/\/www.radiopiu.net\/wordpress\/wp-content\/uploads\/2018\/09\/appuntamenti.jpeg\" data-dt-img-description=\"\" data-large_image_width=\"800\" data-large_image_height=\"100\"><img loading=\"lazy\" decoding=\"async\" class=\"wp-image-61958 size-full aligncenter\" src=\"https:\/\/www.radiopiu.net\/wordpress\/wp-content\/uploads\/2018\/09\/appuntamenti.jpeg\" alt=\"\" width=\"800\" height=\"100\" srcset=\"https:\/\/www.radiopiu.net\/wordpress\/wp-content\/uploads\/2018\/09\/appuntamenti.jpeg 800w, https:\/\/www.radiopiu.net\/wordpress\/wp-content\/uploads\/2018\/09\/appuntamenti-300x38.jpeg 300w, https:\/\/www.radiopiu.net\/wordpress\/wp-content\/uploads\/2018\/09\/appuntamenti-768x96.jpeg 768w\" sizes=\"auto, (max-width: 800px) 100vw, 800px\" \/><\/a><\/span><\/h2>\n<div>\n<div class=\"\" dir=\"auto\">\n<div id=\":r9h:\" class=\"x1iorvi4 x1pi30zi x1l90r2v x1swvt13\" data-ad-comet-preview=\"message\" data-ad-preview=\"message\">\n\n\t\t\t<style type='text\/css'>\n\t\t\t\t#gallery-4 {\n\t\t\t\t\tmargin: auto;\n\t\t\t\t}\n\t\t\t\t#gallery-4 .gallery-item {\n\t\t\t\t\tfloat: left;\n\t\t\t\t\tmargin-top: 10px;\n\t\t\t\t\ttext-align: center;\n\t\t\t\t\twidth: 20%;\n\t\t\t\t}\n\t\t\t\t#gallery-4 img {\n\t\t\t\t\tborder: 2px solid #cfcfcf;\n\t\t\t\t}\n\t\t\t\t#gallery-4 .gallery-caption {\n\t\t\t\t\tmargin-left: 0;\n\t\t\t\t}\n\t\t\t\t\/* see gallery_shortcode() in wp-includes\/media.php *\/\n\t\t\t<\/style>\n\t\t<div id='gallery-4' class='dt-gallery-container gallery galleryid-401157 gallery-columns-5 gallery-size-thumbnail'><dl class='gallery-item'>\n\t\t\t\t<dt class='gallery-icon portrait'>\n\t\t\t\t\t<a class=\"rollover rollover-zoom dt-pswp-item\" title=\"301dcd55-271a-41ef-ab90-1c8127dd9b5c\" data-dt-img-description=\"\" data-large_image_width=\"1121\" data-large_image_height=\"1600\"href='https:\/\/www.radiopiu.net\/wordpress\/wp-content\/uploads\/2024\/07\/301dcd55-271a-41ef-ab90-1c8127dd9b5c.jpg'><img loading=\"lazy\" decoding=\"async\" width=\"150\" height=\"150\" src=\"https:\/\/www.radiopiu.net\/wordpress\/wp-content\/uploads\/2024\/07\/301dcd55-271a-41ef-ab90-1c8127dd9b5c-150x150.jpg\" class=\"attachment-thumbnail size-thumbnail\" alt=\"\" aria-describedby=\"gallery-4-400848\" \/><\/a>\n\t\t\t\t<\/dt>\n\t\t\t\t\t<dd class='wp-caption-text gallery-caption' id='gallery-4-400848'>\n\t\t\t\t\tLA VALLE, AL FORNER CON RDJ DA OMAR E WILLIAM BAR FAMIGLIA DA ROIT LA VALLE \n\t\t\t\t\t<\/dd><\/dl><dl class='gallery-item'>\n\t\t\t\t<dt class='gallery-icon portrait'>\n\t\t\t\t\t<a class=\"rollover rollover-zoom dt-pswp-item\" title=\"7079ecea-2af7-42bb-b22c-f5fe8a9ed3e4\" data-dt-img-description=\"\" data-large_image_width=\"1124\" data-large_image_height=\"1600\"href='https:\/\/www.radiopiu.net\/wordpress\/wp-content\/uploads\/2024\/07\/7079ecea-2af7-42bb-b22c-f5fe8a9ed3e4.jpg'><img loading=\"lazy\" decoding=\"async\" width=\"150\" height=\"150\" src=\"https:\/\/www.radiopiu.net\/wordpress\/wp-content\/uploads\/2024\/07\/7079ecea-2af7-42bb-b22c-f5fe8a9ed3e4-150x150.jpg\" class=\"attachment-thumbnail size-thumbnail\" alt=\"\" aria-describedby=\"gallery-4-399792\" \/><\/a>\n\t\t\t\t<\/dt>\n\t\t\t\t\t<dd class='wp-caption-text gallery-caption' id='gallery-4-399792'>\n\t\t\t\t\tBAR BOCCIODROMO AGORDO\n\t\t\t\t\t<\/dd><\/dl><dl class='gallery-item'>\n\t\t\t\t<dt class='gallery-icon portrait'>\n\t\t\t\t\t<a class=\"rollover rollover-zoom dt-pswp-item\" title=\"c43011fa-8405-4ea2-9ca9-b934b11662df\" data-dt-img-description=\"\" data-large_image_width=\"512\" data-large_image_height=\"720\"href='https:\/\/www.radiopiu.net\/wordpress\/wp-content\/uploads\/2024\/07\/c43011fa-8405-4ea2-9ca9-b934b11662df.jpg'><img loading=\"lazy\" decoding=\"async\" width=\"150\" height=\"150\" src=\"https:\/\/www.radiopiu.net\/wordpress\/wp-content\/uploads\/2024\/07\/c43011fa-8405-4ea2-9ca9-b934b11662df-150x150.jpg\" class=\"attachment-thumbnail size-thumbnail\" alt=\"\" aria-describedby=\"gallery-4-398969\" \/><\/a>\n\t\t\t\t<\/dt>\n\t\t\t\t\t<dd class='wp-caption-text gallery-caption' id='gallery-4-398969'>\n\t\t\t\t\tA PRA DE LA MELIA\n\t\t\t\t\t<\/dd><\/dl><dl class='gallery-item'>\n\t\t\t\t<dt class='gallery-icon portrait'>\n\t\t\t\t\t<a class=\"rollover rollover-zoom dt-pswp-item\" title=\"8b2155a6-d732-4852-a73f-6ad1b59fac91\" data-dt-img-description=\"\" data-large_image_width=\"1131\" data-large_image_height=\"1600\"href='https:\/\/www.radiopiu.net\/wordpress\/wp-content\/uploads\/2024\/07\/8b2155a6-d732-4852-a73f-6ad1b59fac91-1.jpg'><img loading=\"lazy\" decoding=\"async\" width=\"150\" height=\"150\" src=\"https:\/\/www.radiopiu.net\/wordpress\/wp-content\/uploads\/2024\/07\/8b2155a6-d732-4852-a73f-6ad1b59fac91-1-150x150.jpg\" class=\"attachment-thumbnail size-thumbnail\" alt=\"\" aria-describedby=\"gallery-4-397366\" \/><\/a>\n\t\t\t\t<\/dt>\n\t\t\t\t\t<dd class='wp-caption-text gallery-caption' id='gallery-4-397366'>\n\t\t\t\t\tASSOCIAZIONE BORGO SOTTOGUDA \n\t\t\t\t\t<\/dd><\/dl><dl class='gallery-item'>\n\t\t\t\t<dt class='gallery-icon portrait'>\n\t\t\t\t\t<a class=\"rollover rollover-zoom dt-pswp-item\" title=\"original-84F78277-839A-4868-BE6A-5A10A5605E21\" data-dt-img-description=\"\" data-large_image_width=\"1754\" data-large_image_height=\"2480\"href='https:\/\/www.radiopiu.net\/wordpress\/wp-content\/uploads\/2024\/07\/original-84F78277-839A-4868-BE6A-5A10A5605E21.jpeg'><img loading=\"lazy\" decoding=\"async\" width=\"150\" height=\"150\" src=\"https:\/\/www.radiopiu.net\/wordpress\/wp-content\/uploads\/2024\/07\/original-84F78277-839A-4868-BE6A-5A10A5605E21-150x150.jpeg\" class=\"attachment-thumbnail size-thumbnail\" alt=\"\" aria-describedby=\"gallery-4-397532\" \/><\/a>\n\t\t\t\t<\/dt>\n\t\t\t\t\t<dd class='wp-caption-text gallery-caption' id='gallery-4-397532'>\n\t\t\t\t\tHOTEL STELLA ALPINA ESTATE D&#8217;EVENTI \n\t\t\t\t\t<\/dd><\/dl><br style=\"clear: both\" \/><dl class='gallery-item'>\n\t\t\t\t<dt class='gallery-icon portrait'>\n\t\t\t\t\t<a class=\"rollover rollover-zoom dt-pswp-item\" title=\"441936111_953300066803441_3663667299753321850_n\" data-dt-img-description=\"\" data-large_image_width=\"520\" data-large_image_height=\"640\"href='https:\/\/www.radiopiu.net\/wordpress\/wp-content\/uploads\/2024\/06\/441936111_953300066803441_3663667299753321850_n.jpg'><img loading=\"lazy\" decoding=\"async\" width=\"150\" height=\"150\" src=\"https:\/\/www.radiopiu.net\/wordpress\/wp-content\/uploads\/2024\/06\/441936111_953300066803441_3663667299753321850_n-150x150.jpg\" class=\"attachment-thumbnail size-thumbnail\" alt=\"\" aria-describedby=\"gallery-4-394061\" \/><\/a>\n\t\t\t\t<\/dt>\n\t\t\t\t\t<dd class='wp-caption-text gallery-caption' id='gallery-4-394061'>\n\t\t\t\t\t31 LUGLIO AL MINIERE E IN DIRETTA ALLA RADIO \n\t\t\t\t\t<\/dd><\/dl><dl class='gallery-item'>\n\t\t\t\t<dt class='gallery-icon portrait'>\n\t\t\t\t\t<a class=\"rollover rollover-zoom dt-pswp-item\" title=\"6aaaad58-800e-4990-a3b1-996dabdbe745\" data-dt-img-description=\"\" data-large_image_width=\"1131\" data-large_image_height=\"1600\"href='https:\/\/www.radiopiu.net\/wordpress\/wp-content\/uploads\/2024\/07\/6aaaad58-800e-4990-a3b1-996dabdbe745.jpg'><img loading=\"lazy\" decoding=\"async\" width=\"150\" height=\"150\" src=\"https:\/\/www.radiopiu.net\/wordpress\/wp-content\/uploads\/2024\/07\/6aaaad58-800e-4990-a3b1-996dabdbe745-150x150.jpg\" class=\"attachment-thumbnail size-thumbnail\" alt=\"\" aria-describedby=\"gallery-4-397565\" \/><\/a>\n\t\t\t\t<\/dt>\n\t\t\t\t\t<dd class='wp-caption-text gallery-caption' id='gallery-4-397565'>\n\t\t\t\t\tDAL 20 LUGLIO A VOLTAGO\n\t\t\t\t\t<\/dd><\/dl><dl class='gallery-item'>\n\t\t\t\t<dt class='gallery-icon landscape'>\n\t\t\t\t\t<a class=\"rollover rollover-zoom dt-pswp-item\" title=\"d5b0b734-6816-4395-8e21-976a97a70deb\" data-dt-img-description=\"\" data-large_image_width=\"1080\" data-large_image_height=\"1080\"href='https:\/\/www.radiopiu.net\/wordpress\/wp-content\/uploads\/2024\/06\/d5b0b734-6816-4395-8e21-976a97a70deb.jpg'><img loading=\"lazy\" decoding=\"async\" width=\"150\" height=\"150\" src=\"https:\/\/www.radiopiu.net\/wordpress\/wp-content\/uploads\/2024\/06\/d5b0b734-6816-4395-8e21-976a97a70deb-150x150.jpg\" class=\"attachment-thumbnail size-thumbnail\" alt=\"\" aria-describedby=\"gallery-4-396287\" srcset=\"https:\/\/www.radiopiu.net\/wordpress\/wp-content\/uploads\/2024\/06\/d5b0b734-6816-4395-8e21-976a97a70deb-150x150.jpg 150w, https:\/\/www.radiopiu.net\/wordpress\/wp-content\/uploads\/2024\/06\/d5b0b734-6816-4395-8e21-976a97a70deb-300x300.jpg 300w, https:\/\/www.radiopiu.net\/wordpress\/wp-content\/uploads\/2024\/06\/d5b0b734-6816-4395-8e21-976a97a70deb-1024x1024.jpg 1024w, https:\/\/www.radiopiu.net\/wordpress\/wp-content\/uploads\/2024\/06\/d5b0b734-6816-4395-8e21-976a97a70deb-768x768.jpg 768w, https:\/\/www.radiopiu.net\/wordpress\/wp-content\/uploads\/2024\/06\/d5b0b734-6816-4395-8e21-976a97a70deb.jpg 1080w\" sizes=\"auto, (max-width: 150px) 100vw, 150px\" \/><\/a>\n\t\t\t\t<\/dt>\n\t\t\t\t\t<dd class='wp-caption-text gallery-caption' id='gallery-4-396287'>\n\t\t\t\t\t25 LUGLIO A VOLTAGO\n\t\t\t\t\t<\/dd><\/dl><dl class='gallery-item'>\n\t\t\t\t<dt class='gallery-icon landscape'>\n\t\t\t\t\t<a class=\"rollover rollover-zoom dt-pswp-item\" title=\"449189900_484613757290091_1574838248887562981_n\" data-dt-img-description=\"\" data-large_image_width=\"960\" data-large_image_height=\"540\"href='https:\/\/www.radiopiu.net\/wordpress\/wp-content\/uploads\/2024\/06\/449189900_484613757290091_1574838248887562981_n.jpg'><img loading=\"lazy\" decoding=\"async\" width=\"150\" height=\"150\" src=\"https:\/\/www.radiopiu.net\/wordpress\/wp-content\/uploads\/2024\/06\/449189900_484613757290091_1574838248887562981_n-150x150.jpg\" class=\"attachment-thumbnail size-thumbnail\" alt=\"\" aria-describedby=\"gallery-4-396872\" \/><\/a>\n\t\t\t\t<\/dt>\n\t\t\t\t\t<dd class='wp-caption-text gallery-caption' id='gallery-4-396872'>\n\t\t\t\t\t A CANALE D&#8217;AGORDO VALLE DI GARES\n\t\t\t\t\t<\/dd><\/dl><dl class='gallery-item'>\n\t\t\t\t<dt class='gallery-icon portrait'>\n\t\t\t\t\t<a class=\"rollover rollover-zoom dt-pswp-item\" title=\"Manifesto ecologia delle piante-1\" data-dt-img-description=\"\" data-large_image_width=\"1414\" data-large_image_height=\"2000\"href='https:\/\/www.radiopiu.net\/wordpress\/wp-content\/uploads\/2024\/07\/Manifesto-ecologia-delle-piante-1.jpg'><img loading=\"lazy\" decoding=\"async\" width=\"150\" height=\"150\" src=\"https:\/\/www.radiopiu.net\/wordpress\/wp-content\/uploads\/2024\/07\/Manifesto-ecologia-delle-piante-1-150x150.jpg\" class=\"attachment-thumbnail size-thumbnail\" alt=\"\" aria-describedby=\"gallery-4-400695\" \/><\/a>\n\t\t\t\t<\/dt>\n\t\t\t\t\t<dd class='wp-caption-text gallery-caption' id='gallery-4-400695'>\n\t\t\t\t\tCENCENIGHE 26 LUGLIO\n\t\t\t\t\t<\/dd><\/dl><br style=\"clear: both\" \/><dl class='gallery-item'>\n\t\t\t\t<dt class='gallery-icon portrait'>\n\t\t\t\t\t<a class=\"rollover rollover-zoom dt-pswp-item\" title=\"452253486_1051176820044973_2433440643894454797_n\" data-dt-img-description=\"\" data-large_image_width=\"509\" data-large_image_height=\"720\"href='https:\/\/www.radiopiu.net\/wordpress\/wp-content\/uploads\/2024\/07\/452253486_1051176820044973_2433440643894454797_n.jpg'><img loading=\"lazy\" decoding=\"async\" width=\"150\" height=\"150\" src=\"https:\/\/www.radiopiu.net\/wordpress\/wp-content\/uploads\/2024\/07\/452253486_1051176820044973_2433440643894454797_n-150x150.jpg\" class=\"attachment-thumbnail size-thumbnail\" alt=\"\" aria-describedby=\"gallery-4-401018\" \/><\/a>\n\t\t\t\t<\/dt>\n\t\t\t\t\t<dd class='wp-caption-text gallery-caption' id='gallery-4-401018'>\n\t\t\t\t\tDOMENICA 28 A FALCADE AIVAZ\n\t\t\t\t\t<\/dd><\/dl><dl class='gallery-item'>\n\t\t\t\t<dt class='gallery-icon portrait'>\n\t\t\t\t\t<a class=\"rollover rollover-zoom dt-pswp-item\" title=\"f84567d6-a1d2-47de-9596-ef8505986952\" data-dt-img-description=\"\" data-large_image_width=\"745\" data-large_image_height=\"1073\"href='https:\/\/www.radiopiu.net\/wordpress\/wp-content\/uploads\/2024\/06\/f84567d6-a1d2-47de-9596-ef8505986952.jpg'><img loading=\"lazy\" decoding=\"async\" width=\"150\" height=\"150\" src=\"https:\/\/www.radiopiu.net\/wordpress\/wp-content\/uploads\/2024\/06\/f84567d6-a1d2-47de-9596-ef8505986952-150x150.jpg\" class=\"attachment-thumbnail size-thumbnail\" alt=\"\" aria-describedby=\"gallery-4-396466\" \/><\/a>\n\t\t\t\t<\/dt>\n\t\t\t\t\t<dd class='wp-caption-text gallery-caption' id='gallery-4-396466'>\n\t\t\t\t\tSUMMER GREEN VOLLEY AGORDINO\n\t\t\t\t\t<\/dd><\/dl><dl class='gallery-item'>\n\t\t\t\t<dt class='gallery-icon portrait'>\n\t\t\t\t\t<a class=\"rollover rollover-zoom dt-pswp-item\" title=\"7fc3f2fe-a94d-4d5f-9af0-1d7ee8402cfd\" data-dt-img-description=\"\" data-large_image_width=\"1080\" data-large_image_height=\"1505\"href='https:\/\/www.radiopiu.net\/wordpress\/wp-content\/uploads\/2024\/07\/7fc3f2fe-a94d-4d5f-9af0-1d7ee8402cfd.jpg'><img loading=\"lazy\" decoding=\"async\" width=\"150\" height=\"150\" src=\"https:\/\/www.radiopiu.net\/wordpress\/wp-content\/uploads\/2024\/07\/7fc3f2fe-a94d-4d5f-9af0-1d7ee8402cfd-150x150.jpg\" class=\"attachment-thumbnail size-thumbnail\" alt=\"\" aria-describedby=\"gallery-4-399793\" \/><\/a>\n\t\t\t\t<\/dt>\n\t\t\t\t\t<dd class='wp-caption-text gallery-caption' id='gallery-4-399793'>\n\t\t\t\t\tAD ALLEGHE CON LAURA BALLIS\n\t\t\t\t\t<\/dd><\/dl><dl class='gallery-item'>\n\t\t\t\t<dt class='gallery-icon portrait'>\n\t\t\t\t\t<a class=\"rollover rollover-zoom dt-pswp-item\" title=\"558e7467-bad9-4f56-af80-7a4ca08f0b35\" data-dt-img-description=\"\" data-large_image_width=\"1131\" data-large_image_height=\"1600\"href='https:\/\/www.radiopiu.net\/wordpress\/wp-content\/uploads\/2024\/07\/558e7467-bad9-4f56-af80-7a4ca08f0b35-1.jpg'><img loading=\"lazy\" decoding=\"async\" width=\"150\" height=\"150\" src=\"https:\/\/www.radiopiu.net\/wordpress\/wp-content\/uploads\/2024\/07\/558e7467-bad9-4f56-af80-7a4ca08f0b35-1-150x150.jpg\" class=\"attachment-thumbnail size-thumbnail\" alt=\"\" aria-describedby=\"gallery-4-400098\" \/><\/a>\n\t\t\t\t<\/dt>\n\t\t\t\t\t<dd class='wp-caption-text gallery-caption' id='gallery-4-400098'>\n\t\t\t\t\tL&#8217;ESTATE DELLE BIBLIOTECHE\n\t\t\t\t\t<\/dd><\/dl><dl class='gallery-item'>\n\t\t\t\t<dt class='gallery-icon portrait'>\n\t\t\t\t\t<a class=\"rollover rollover-zoom dt-pswp-item\" title=\"Locandina Salotto delle Dolomiti 2024\" data-dt-img-description=\"\" data-large_image_width=\"1810\" data-large_image_height=\"2560\"href='https:\/\/www.radiopiu.net\/wordpress\/wp-content\/uploads\/2024\/07\/Locandina-Salotto-delle-Dolomiti-2024-scaled.jpg'><img loading=\"lazy\" decoding=\"async\" width=\"150\" height=\"150\" src=\"https:\/\/www.radiopiu.net\/wordpress\/wp-content\/uploads\/2024\/07\/Locandina-Salotto-delle-Dolomiti-2024-150x150.jpg\" class=\"attachment-thumbnail size-thumbnail\" alt=\"\" aria-describedby=\"gallery-4-399554\" \/><\/a>\n\t\t\t\t<\/dt>\n\t\t\t\t\t<dd class='wp-caption-text gallery-caption' id='gallery-4-399554'>\n\t\t\t\t\tIL SALOTTO DELLE DOLOMITI A CANALE D&#8217;AGORDO\n\t\t\t\t\t<\/dd><\/dl><br style=\"clear: both\" \/><dl class='gallery-item'>\n\t\t\t\t<dt class='gallery-icon portrait'>\n\t\t\t\t\t<a class=\"rollover rollover-zoom dt-pswp-item\" title=\"DOLOMITES\" data-dt-img-description=\"\" data-large_image_width=\"1414\" data-large_image_height=\"2000\"href='https:\/\/www.radiopiu.net\/wordpress\/wp-content\/uploads\/2024\/07\/DOLOMITES.png'><img loading=\"lazy\" decoding=\"async\" width=\"150\" height=\"150\" src=\"https:\/\/www.radiopiu.net\/wordpress\/wp-content\/uploads\/2024\/07\/DOLOMITES-150x150.png\" class=\"attachment-thumbnail size-thumbnail\" alt=\"\" aria-describedby=\"gallery-4-400118\" \/><\/a>\n\t\t\t\t<\/dt>\n\t\t\t\t\t<dd class='wp-caption-text gallery-caption' id='gallery-4-400118'>\n\t\t\t\t\tCASTELLO ANDRAZ\n\t\t\t\t\t<\/dd><\/dl><dl class='gallery-item'>\n\t\t\t\t<dt class='gallery-icon portrait'>\n\t\t\t\t\t<a class=\"rollover rollover-zoom dt-pswp-item\" title=\"62a1d860-b8c4-46d5-b33f-98c6354b0e37\" data-dt-img-description=\"\" data-large_image_width=\"1131\" data-large_image_height=\"1600\"href='https:\/\/www.radiopiu.net\/wordpress\/wp-content\/uploads\/2024\/07\/62a1d860-b8c4-46d5-b33f-98c6354b0e37.jpg'><img loading=\"lazy\" decoding=\"async\" width=\"150\" height=\"150\" src=\"https:\/\/www.radiopiu.net\/wordpress\/wp-content\/uploads\/2024\/07\/62a1d860-b8c4-46d5-b33f-98c6354b0e37-150x150.jpg\" class=\"attachment-thumbnail size-thumbnail\" alt=\"\" \/><\/a>\n\t\t\t\t<\/dt><\/dl><dl class='gallery-item'>\n\t\t\t\t<dt class='gallery-icon portrait'>\n\t\t\t\t\t<a class=\"rollover rollover-zoom dt-pswp-item\" title=\"Manifesto ecologia delle piante\" data-dt-img-description=\"\" data-large_image_width=\"1414\" data-large_image_height=\"2000\"href='https:\/\/www.radiopiu.net\/wordpress\/wp-content\/uploads\/2024\/07\/Manifesto-ecologia-delle-piante.png'><img loading=\"lazy\" decoding=\"async\" width=\"150\" height=\"150\" src=\"https:\/\/www.radiopiu.net\/wordpress\/wp-content\/uploads\/2024\/07\/Manifesto-ecologia-delle-piante-150x150.png\" class=\"attachment-thumbnail size-thumbnail\" alt=\"\" aria-describedby=\"gallery-4-400146\" \/><\/a>\n\t\t\t\t<\/dt>\n\t\t\t\t\t<dd class='wp-caption-text gallery-caption' id='gallery-4-400146'>\n\t\t\t\t\tNOF FILO&#8217; 26 LUGLIO\n\t\t\t\t\t<\/dd><\/dl><dl class='gallery-item'>\n\t\t\t\t<dt class='gallery-icon portrait'>\n\t\t\t\t\t<a class=\"rollover rollover-zoom dt-pswp-item\" title=\"6748068c-f463-406a-b80e-0c9b482aede5\" data-dt-img-description=\"\" data-large_image_width=\"1131\" data-large_image_height=\"1600\"href='https:\/\/www.radiopiu.net\/wordpress\/wp-content\/uploads\/2024\/07\/6748068c-f463-406a-b80e-0c9b482aede5.jpg'><img loading=\"lazy\" decoding=\"async\" width=\"150\" height=\"150\" src=\"https:\/\/www.radiopiu.net\/wordpress\/wp-content\/uploads\/2024\/07\/6748068c-f463-406a-b80e-0c9b482aede5-150x150.jpg\" class=\"attachment-thumbnail size-thumbnail\" alt=\"\" aria-describedby=\"gallery-4-400829\" \/><\/a>\n\t\t\t\t<\/dt>\n\t\t\t\t\t<dd class='wp-caption-text gallery-caption' id='gallery-4-400829'>\n\t\t\t\t\t27 luglio biblioteche valle del biois\n\t\t\t\t\t<\/dd><\/dl><dl class='gallery-item'>\n\t\t\t\t<dt class='gallery-icon portrait'>\n\t\t\t\t\t<a class=\"rollover rollover-zoom dt-pswp-item\" title=\"DIAMO VALORE AL LEGNO\" data-dt-img-description=\"\" data-large_image_width=\"673\" data-large_image_height=\"942\"href='https:\/\/www.radiopiu.net\/wordpress\/wp-content\/uploads\/2024\/07\/DIAMO-VALORE-AL-LEGNO.png'><img loading=\"lazy\" decoding=\"async\" width=\"150\" height=\"150\" src=\"https:\/\/www.radiopiu.net\/wordpress\/wp-content\/uploads\/2024\/07\/DIAMO-VALORE-AL-LEGNO-150x150.png\" class=\"attachment-thumbnail size-thumbnail\" alt=\"\" aria-describedby=\"gallery-4-400248\" \/><\/a>\n\t\t\t\t<\/dt>\n\t\t\t\t\t<dd class='wp-caption-text gallery-caption' id='gallery-4-400248'>\n\t\t\t\t\t01 AGOSTO IN SALA DON TAMIS\n\t\t\t\t\t<\/dd><\/dl><br style=\"clear: both\" \/><dl class='gallery-item'>\n\t\t\t\t<dt class='gallery-icon portrait'>\n\t\t\t\t\t<a class=\"rollover rollover-zoom dt-pswp-item\" title=\"b984cf06-49e8-4958-bc23-c0d66e45f366\" data-dt-img-description=\"\" data-large_image_width=\"900\" data-large_image_height=\"1600\"href='https:\/\/www.radiopiu.net\/wordpress\/wp-content\/uploads\/2024\/07\/b984cf06-49e8-4958-bc23-c0d66e45f366.jpg'><img loading=\"lazy\" decoding=\"async\" width=\"150\" height=\"150\" src=\"https:\/\/www.radiopiu.net\/wordpress\/wp-content\/uploads\/2024\/07\/b984cf06-49e8-4958-bc23-c0d66e45f366-150x150.jpg\" class=\"attachment-thumbnail size-thumbnail\" alt=\"\" aria-describedby=\"gallery-4-400399\" \/><\/a>\n\t\t\t\t<\/dt>\n\t\t\t\t\t<dd class='wp-caption-text gallery-caption' id='gallery-4-400399'>\n\t\t\t\t\tALL&#8217;HOTEL VILLA IMPERINA DI AGORDO\n\t\t\t\t\t<\/dd><\/dl><dl class='gallery-item'>\n\t\t\t\t<dt class='gallery-icon portrait'>\n\t\t\t\t\t<a class=\"rollover rollover-zoom dt-pswp-item\" title=\"Screenshot\" data-dt-img-description=\"\" data-large_image_width=\"1022\" data-large_image_height=\"1512\"href='https:\/\/www.radiopiu.net\/wordpress\/wp-content\/uploads\/2024\/07\/SCR-20240721-iqgt.jpeg'><img loading=\"lazy\" decoding=\"async\" width=\"150\" height=\"150\" src=\"https:\/\/www.radiopiu.net\/wordpress\/wp-content\/uploads\/2024\/07\/SCR-20240721-iqgt-150x150.jpeg\" class=\"attachment-thumbnail size-thumbnail\" alt=\"\" aria-describedby=\"gallery-4-400622\" \/><\/a>\n\t\t\t\t<\/dt>\n\t\t\t\t\t<dd class='wp-caption-text gallery-caption' id='gallery-4-400622'>\n\t\t\t\t\tGIORNATA OLISTICA A FALCADE\n\t\t\t\t\t<\/dd><\/dl><dl class='gallery-item'>\n\t\t\t\t<dt class='gallery-icon portrait'>\n\t\t\t\t\t<a class=\"rollover rollover-zoom dt-pswp-item\" title=\"d907dbe9-b2f4-41bc-95a8-54a8a309613c\" data-dt-img-description=\"\" data-large_image_width=\"1132\" data-large_image_height=\"1600\"href='https:\/\/www.radiopiu.net\/wordpress\/wp-content\/uploads\/2024\/07\/d907dbe9-b2f4-41bc-95a8-54a8a309613c.jpg'><img loading=\"lazy\" decoding=\"async\" width=\"150\" height=\"150\" src=\"https:\/\/www.radiopiu.net\/wordpress\/wp-content\/uploads\/2024\/07\/d907dbe9-b2f4-41bc-95a8-54a8a309613c-150x150.jpg\" class=\"attachment-thumbnail size-thumbnail\" alt=\"\" aria-describedby=\"gallery-4-400876\" \/><\/a>\n\t\t\t\t<\/dt>\n\t\t\t\t\t<dd class='wp-caption-text gallery-caption' id='gallery-4-400876'>\n\t\t\t\t\t11 AGOSTO SAN TOMASO AGORDINO \n\t\t\t\t\t<\/dd><\/dl><dl class='gallery-item'>\n\t\t\t\t<dt class='gallery-icon portrait'>\n\t\t\t\t\t<a class=\"rollover rollover-zoom dt-pswp-item\" title=\"Senza nome\" data-dt-img-description=\"\" data-large_image_width=\"410\" data-large_image_height=\"821\"href='https:\/\/www.radiopiu.net\/wordpress\/wp-content\/uploads\/2024\/07\/Senza-nome-91.png'><img loading=\"lazy\" decoding=\"async\" width=\"150\" height=\"150\" src=\"https:\/\/www.radiopiu.net\/wordpress\/wp-content\/uploads\/2024\/07\/Senza-nome-91-150x150.png\" class=\"attachment-thumbnail size-thumbnail\" alt=\"\" aria-describedby=\"gallery-4-400982\" \/><\/a>\n\t\t\t\t<\/dt>\n\t\t\t\t\t<dd class='wp-caption-text gallery-caption' id='gallery-4-400982'>\n\t\t\t\t\t4 AGOSTO, CIOIT CENCENIGHE\n\t\t\t\t\t<\/dd><\/dl><dl class='gallery-item'>\n\t\t\t\t<dt class='gallery-icon portrait'>\n\t\t\t\t\t<a class=\"rollover rollover-zoom dt-pswp-item\" title=\"89ce3e2e-2b88-4e4a-bf35-fcef0c6cd9c7\" data-dt-img-description=\"\" data-large_image_width=\"1637\" data-large_image_height=\"2048\"href='https:\/\/www.radiopiu.net\/wordpress\/wp-content\/uploads\/2024\/07\/89ce3e2e-2b88-4e4a-bf35-fcef0c6cd9c7.jpg'><img loading=\"lazy\" decoding=\"async\" width=\"150\" height=\"150\" src=\"https:\/\/www.radiopiu.net\/wordpress\/wp-content\/uploads\/2024\/07\/89ce3e2e-2b88-4e4a-bf35-fcef0c6cd9c7-150x150.jpg\" class=\"attachment-thumbnail size-thumbnail\" alt=\"\" aria-describedby=\"gallery-4-401113\" \/><\/a>\n\t\t\t\t<\/dt>\n\t\t\t\t\t<dd class='wp-caption-text gallery-caption' id='gallery-4-401113'>\n\t\t\t\t\tLA MADONA DE LA NEIF A LA VALLE\n\t\t\t\t\t<\/dd><\/dl><br style=\"clear: both\" \/>\n\t\t\t<\/div>\n\n<p><strong>\u00a0<\/strong><\/p>\n<p><strong>TORNANO LE PROIEZIONI AL CINEMA DOLOMITI DI FALCADE. FINE SETTIMANA DEDICATO AL FILM COMMEDIA &#8220;UN MONDO A PARTE&#8221;. SPETTACOLI VENERD\u00cc, SABATO E DOMENICA ALLE 21:15. DOMENICA ANCHE ALLE 17<\/strong><\/p>\n<p>&nbsp;<\/p>\n<p><span style=\"color: #ff0000;\"><strong>FALCADE<\/strong><\/span> aperitivo allo Stella Alpina. Tra il verde, nella meraviglia delle Dolomiti, Il venerdi sera allo Stella Alpina, in centro a Falcade \u00e8&#8230;tutt&#8217;un&#8217;altra estate e che estate!\u00a0 L&#8217;aperitivo&#8230;che non \u00e8 mai da solo.. ma accompagnato da stuzzicherie che affasciano anche i palati pi\u00f9 difficili. ad ogni appuntamento&#8230; una specialit\u00e0 diversa.<br \/>\nDOMANI ORO PURO, SERATA MESSICANA, TORILLAS CON CARNE, VERDURE, SALSA CHILI<\/p>\n<p><span style=\"color: #ff0000;\"><strong>AGORDO<\/strong><\/span> NATURAL-MENTE OLISTICO.BAR DELLE BOCCE AL PARCO GIOCHI, UN&#8217;ESTATE DI DIVERTIMENTO E APPUNTAMENTI 27-28 LUGLIO, DALLE 10 ALLE 18 CON INGRESSO LIBERO A TUTTI E GRATUITO: FINE SETTIMANA DEDICATO ALLE DISCIPLINE OLISTICHE E DEL BENESSERE. PROVA DAL VIVO LE DIVERSE TECNICHE DI RISVEGLIO SPIRTUALE ED AUTOCONSAPEVOLEZZA CON GLI OPERATORI PROFESSIONISTI. SU PRENOTAZIONE BAGNI DI GONG, QI GONG, YOUGA E TAI CHI. BOCCIODROMO DI VIA PAGANINI, INFO 351 7658800\u00a0 ANCHE SU FACEBOOK<\/p>\n<p><strong><span style=\"color: #ff0000;\">ALLEGHE<\/span> <\/strong>SABATO 27 LUGLIO ALLE 10.30 IL NUOVO TRAILER DEI CERCATORI, DALLE 17 LA MUSICA DEI WILLY BOYS BAND. ALLE 19&#8230; SPIEDO PER TUTTI&#8230; ANCHE DA ASPORTO, PRENOTALO ENTRO MERCOLEDI 24 LUGLIO AL 347 571 5279 E TUTTI I GIORNI.. LABORATORIO CREATIVO..VIENI A DIPINGERE I SASSI E&#8230; PORTARE UN SORRISO<\/p>\n<p><strong><a class=\"dt-pswp-item\" href=\"https:\/\/www.radiopiu.net\/wordpress\/wp-content\/uploads\/2024\/07\/Cappella-Fulcis-chiesa-San-Pietro-Belluno.jpg\" data-dt-img-description=\"\" data-large_image_width=\"400\" data-large_image_height=\"600\"><img loading=\"lazy\" decoding=\"async\" class=\"size-medium wp-image-400831 alignleft\" src=\"https:\/\/www.radiopiu.net\/wordpress\/wp-content\/uploads\/2024\/07\/Cappella-Fulcis-chiesa-San-Pietro-Belluno-200x300.jpg\" alt=\"\" width=\"200\" height=\"300\" srcset=\"https:\/\/www.radiopiu.net\/wordpress\/wp-content\/uploads\/2024\/07\/Cappella-Fulcis-chiesa-San-Pietro-Belluno-200x300.jpg 200w, https:\/\/www.radiopiu.net\/wordpress\/wp-content\/uploads\/2024\/07\/Cappella-Fulcis-chiesa-San-Pietro-Belluno.jpg 400w\" sizes=\"auto, (max-width: 200px) 100vw, 200px\" \/><\/a>CENCENIGHE<\/strong> La festa in pineta con gli alpini prevista per domani e domenica \u00e8 stata posticipata al 25 agosto in seguito alla morte di William Fa\u00e8<\/p>\n<div><strong>COMELICO<\/strong>\u00a0Domenica 28 luglio alle16:00 presso le sale espositive dello SPORT HOTEL di Padola inaugurazione della personale dell&#8217;artista Vico CALABRO&#8217;. La mostra sar\u00e0 vistitabile tutti i giorni sino al 15 settembre.<\/div>\n<\/div>\n<\/div>\n<\/div>\n<p><strong>VALLE DI CADORE<\/strong> Domani alle 18 all&#8217;azienda agricola Damos presentazione del libro Il Saldatore del Vajont di Antonio Bortoluzzi, accompagnamento del cantautore Franco Giordani<\/p>\n<p><strong>BELLUNO<\/strong> Visite gratuite alla chiesa di San Pietro con l&#8217;associazione Campedel., dal 28 luglio al 1 settembre dalle 15.30 alle 18. Domenica 4 agosto alle 17 trio vocale Veronica Fregona, Maria Silvia Roveri, Radmila Visentin;\u00a0 domenica 11 agosto I Cavalieri di Malta, conferenza di Marco Perale, domenica 1 settembre Biblioteche e libri Francescani a cura di Jacopo De Pasquale. Prenotazione non necessaria (foto)<\/p>\n<p><strong>BORGO VALBELLUNA<\/strong> Oggi, ore 18, dall\u2019ufficio turistico di Piazza Papa Luciani a Mel, torna la Camminata letteraria con il Gruppo Teatrale Zumellese. Un percorso ad anello di due ore con letture evocative e cena in un ristorante locale (15 euro),\u00a0 iscrizione obbligatoria.<\/p>\n<h2><span style=\"color: #0000ff;\">PROSSIMAMENTE<\/span><\/h2>\n<p><strong>AGORDO<\/strong> Mercatino Dolomiti Agordine, antiquariato, domenica 4 e 10 agosto ad Agordo, 13 agosto Forcella Aurine.<\/p>\n<p><span style=\"color: #ff0000;\"><strong>SOSPIROLO<\/strong><\/span> dal 29 luglio al 4 agosto agli impianti sportivi a Gron di Sospirolo, al Pr\u00e0 dela Melia, FESTA CAMPESTRE CON LA PROLOCO MONTI DEL SOLE<\/p>\n<p><span style=\"color: #ff0000;\"><strong>CANALE D&#8217;AGORDO <\/strong><\/span><span style=\"font-family: Arial;\">Abbashow, band tributo agli Abba, LA GRANDE MUSICA IN VALLE DI GARES CON\u00a0 la Pro Loco di Canale d&#8217;Agordo\u00a0 <\/span><span style=\"font-family: Arial;\"><i>2\u00b0 concerto a<\/i><i>ll&#8217;aperto TRA LE DOLOMITI.<\/i><strong><i>&#8230; <\/i><\/strong>LUNEDI 5 AGOSTO ALLE 15&#8230;.\u00a0 in Localit\u00e0 Pian De Giare <\/span><span style=\"font-family: Arial;\">I biglietti sono disponibili ALl&#8217;ufficio pro loco di Canale d&#8217;Agordo e allo stand del Salotto delle Dolomiti. Di seguito i prezzi: <\/span>Abbashow&#8230;the first italian abba tribute band&#8230; il concerto&#8230; nella natura<\/p>\n<p><strong>4 SERATE DI CULTURA<\/strong> E AVVENTURA IN COLLABORAZIONE CON IL CENTRO STUDI MONTAGNA SOSPIROLOSE, INIZIO ALLE 20.45: LUNEDI 29 LUGLIO, OTTAVA EDIZIONE DI &#8220;OLTRE I FERUCH&#8221;, SERATA DI MONTAGNA CON MARCO CASSOL E AMICI; 30 LUGLIO PRESENTAZIONE DEL LIBRO &#8220;SAPORI DELLA VALBELLUNA&#8221; DE IL VESES, CON DEGUSTAZIONE. 31 LUGLIO COMMEDIA CON LA COMPAGNIA TEATRO DEL CUORE &#8220;L&#8217;ALBERGO DEI NEVRASTENICI&#8221;. GIOVEDI 1 AGOSTO LA CAMPIONESSA DI CICLISMO SOSPIROLESE VIRGINIA IACCARINO SI RACCONTA.<\/p>\n<p><strong>FALCADE <\/strong>SABATO 3 AGOSTO ALL&#8217;HOTEL STELLA ALPINA DI FALCADE LA GIORNATA OLISTICA PER IL BENESSERE DI ANIMA E CORPO. DALLE 10 ALLE 22 TANTE PRATICHE PER RILASSARE CORPO E MENTE E ALLE 20:30 IL BAGNO SONORO CON CAMPANE TIBETANE<\/p>\n<p><strong>PROLOCO MONTI DEL SOLE, DA OLTRE 50 ANNI TI PORTA IN PISTA,<\/strong> AD AGOSTO TRE GIORNI NELLA STRUTTURA AL COPERTO CON doppia PISTA DA BALLO PROFESSIONALE. VENERDI 2 AGOSTO ORCHESTRA SORRISO, E ORCHESTRA &#8220;GRAN CAFE&#8217; ITALIA&#8221;, PIATTO DEL GIORNO LA PORCHETTA. SABATO 3 AGOSTO ORCHESTRA &#8220;RIFLESSO&#8221; E &#8220;GIANCARLO CON LA SANTA MONICA BAND&#8221;, DALLE CUCINE LE TROTE DEL MIS. DOMENICA 4 AGOSTO: NEL PIATTO LA TAGLIATA DI CAVALLO E IL BACCALA&#8217; PER CENA, SUL PALCO L&#8217;ORCHESTRA &#8220;ISSAM E CHIARA&#8230; A TEMPO DI SAMBA&#8221;, dalla CONSOLLE il DJ ARIZONA<\/p>\n<div><\/div>\n<p>&nbsp;<\/p>\n<hr \/>\n<p>&nbsp;<\/p>\n<p><a class=\"dt-pswp-item\" href=\"https:\/\/www.radiopiu.net\/wordpress\/wp-content\/uploads\/2018\/09\/viabilita.jpeg\" data-dt-img-description=\"\" data-large_image_width=\"800\" data-large_image_height=\"100\"><img loading=\"lazy\" decoding=\"async\" class=\"aligncenter wp-image-61954 size-full\" src=\"https:\/\/www.radiopiu.net\/wordpress\/wp-content\/uploads\/2018\/09\/viabilita.jpeg\" alt=\"\" width=\"800\" height=\"100\" srcset=\"https:\/\/www.radiopiu.net\/wordpress\/wp-content\/uploads\/2018\/09\/viabilita.jpeg 800w, https:\/\/www.radiopiu.net\/wordpress\/wp-content\/uploads\/2018\/09\/viabilita-300x38.jpeg 300w, https:\/\/www.radiopiu.net\/wordpress\/wp-content\/uploads\/2018\/09\/viabilita-768x96.jpeg 768w\" sizes=\"auto, (max-width: 800px) 100vw, 800px\" \/><\/a><\/p>\n<p>&nbsp;<\/p>\n<p><a class=\"dt-pswp-item\" href=\"https:\/\/www.radiopiu.net\/wordpress\/wp-content\/uploads\/2023\/12\/botol-car-service.jpg\" data-dt-img-description=\"\" data-large_image_width=\"600\" data-large_image_height=\"600\"><img loading=\"lazy\" decoding=\"async\" class=\"size-medium wp-image-367044 aligncenter\" src=\"https:\/\/www.radiopiu.net\/wordpress\/wp-content\/uploads\/2023\/12\/botol-car-service-300x300.jpg\" alt=\"\" width=\"300\" height=\"300\" srcset=\"https:\/\/www.radiopiu.net\/wordpress\/wp-content\/uploads\/2023\/12\/botol-car-service-300x300.jpg 300w, https:\/\/www.radiopiu.net\/wordpress\/wp-content\/uploads\/2023\/12\/botol-car-service-150x150.jpg 150w, https:\/\/www.radiopiu.net\/wordpress\/wp-content\/uploads\/2023\/12\/botol-car-service.jpg 600w\" sizes=\"auto, (max-width: 300px) 100vw, 300px\" \/><\/a><\/p>\n<p>&nbsp;<\/p>\n<p>&nbsp;<\/p>\n<h1>BOLLETTINO QUOTIDIANO, CLICCA QUI<\/h1>\n<blockquote class=\"wp-embedded-content\" data-secret=\"QHqZuPSsib\"><p><a href=\"https:\/\/www.radiopiu.net\/wordpress\/viabilita-2\/\">viabilita<\/a><\/p><\/blockquote>\n<p><iframe loading=\"lazy\" class=\"wp-embedded-content\" sandbox=\"allow-scripts\" security=\"restricted\" style=\"position: absolute; visibility: hidden;\" title=\"&#8220;viabilita&#8221; &#8212; Radio Pi\u00f9\" src=\"https:\/\/www.radiopiu.net\/wordpress\/viabilita-2\/embed\/#?secret=cPbXsgUajA#?secret=QHqZuPSsib\" data-secret=\"QHqZuPSsib\" width=\"600\" height=\"338\" frameborder=\"0\" marginwidth=\"0\" marginheight=\"0\" scrolling=\"no\"><\/iframe><\/p>\n<p>&nbsp;<\/p>\n<p>&nbsp;<\/p>\n<hr \/>\n<p>&nbsp;<\/p>\n<p><a class=\"dt-pswp-item\" href=\"https:\/\/www.radiopiu.net\/wordpress\/wp-content\/uploads\/2018\/09\/WhatsApp-Image-2018-09-20-at-16.04.06.jpeg\" data-dt-img-description=\"\" data-large_image_width=\"800\" data-large_image_height=\"100\"><img loading=\"lazy\" decoding=\"async\" class=\"wp-image-61378 size-full aligncenter\" src=\"https:\/\/www.radiopiu.net\/wordpress\/wp-content\/uploads\/2018\/09\/WhatsApp-Image-2018-09-20-at-16.04.06.jpeg\" alt=\"\" width=\"800\" height=\"100\" srcset=\"https:\/\/www.radiopiu.net\/wordpress\/wp-content\/uploads\/2018\/09\/WhatsApp-Image-2018-09-20-at-16.04.06.jpeg 800w, https:\/\/www.radiopiu.net\/wordpress\/wp-content\/uploads\/2018\/09\/WhatsApp-Image-2018-09-20-at-16.04.06-300x38.jpeg 300w, https:\/\/www.radiopiu.net\/wordpress\/wp-content\/uploads\/2018\/09\/WhatsApp-Image-2018-09-20-at-16.04.06-768x96.jpeg 768w\" sizes=\"auto, (max-width: 800px) 100vw, 800px\" \/><\/a><\/p>\n<p><center><\/center><center><\/center><center><\/center><center><\/center><center><\/center><center><\/center>&nbsp;<\/p>\n<p><center><b>OGGI<\/b><\/center>Nella notte e fino al primo mattino nuvolosit\u00e0 irregolare anche intensa specie su Prealpi e Pedemontana, poi cielo sereno o poco nuvoloso al mattino su Dolomiti con qualche addensamento su Prealpi. Nel pomeriggio modesto sviluppo di nuvolosit\u00e0 cumuliforme specie su Prealpi.<br \/>\n<b>Precipitazioni: <\/b>Nella notte possibili residui rovesci\/temporali tra Prealpi e Pedemontana. Nel pomeriggio probabilit\u00e0 di un rovescio\/temporale pressoch\u00e8 nulla su Dolomiti e molto bassa su Prealpi<br \/>\n<b>Temperature: <\/b>Temperature in generale calo le minime e in quota, massime pressoch\u00e8 stazionarie o i lieve aumento.<\/p>\n<hr \/>\n<p><center><b>DOMANI<\/b><\/center>Tempo stabile con cielo sereno o poco nuvoloso dopo il dissolvimento di nubi basse presenti in modo irregolare nelle valli fino al primo mattino. Nel pomeriggio modesto sviluppo di nuvolosit\u00e0 cumuliforme.<br \/>\n<b>Precipitazioni: <\/b>Generalmente assenti seppur non del tutto esclusa la possibilit\u00e0 di un rovescio\/temporale verso sera su Dolomiti<br \/>\n<b>Temperature: <\/b>Temperature in aumento.<\/p>\n<hr \/>\n<p><center><b>SABATO<\/b><\/center>Sereno o poco nuvoloso dopo il dissolvimento di irregolari nubi basse presenti nelle valli fino al primo mattino. Nel pomeriggio sviluppo di nuvolosit\u00e0 cumuliforme nel pomeriggio. Seppur molto bassa non \u00e8 nulla la probabilit\u00e0 di un temporale di calore su Dolomiti settentrionali nel pomeriggio. Temperature in ulteriore lieve aumento<\/p>\n<hr \/>\n<p><center><b>DOMENICA<\/b><\/center>Al mattino sereno o poco nuvoloso, nel pomeriggio sviluppo irregolare di nuvolosit\u00e0 cumuliforme un p\u00f2 pi\u00f9 intensa rispetto a sabato su Dolomiti dove non sono esclusi isolati temporali di calore specie sui settori settentrionali. Temperature in ulteriore aumento con valori ben oltre la media a tutte le quote.<\/p>\n<p>&nbsp;<\/p>\n<hr \/>\n<p>&nbsp;<\/p>\n<p><a class=\"dt-pswp-item\" href=\"https:\/\/www.radiopiu.net\/wordpress\/wp-content\/uploads\/2018\/09\/sport.jpg\" data-dt-img-description=\"\" data-large_image_width=\"800\" data-large_image_height=\"100\"><img loading=\"lazy\" decoding=\"async\" class=\"aligncenter wp-image-60761 size-full\" src=\"https:\/\/www.radiopiu.net\/wordpress\/wp-content\/uploads\/2018\/09\/sport.jpg\" alt=\"\" width=\"800\" height=\"100\" srcset=\"https:\/\/www.radiopiu.net\/wordpress\/wp-content\/uploads\/2018\/09\/sport.jpg 800w, https:\/\/www.radiopiu.net\/wordpress\/wp-content\/uploads\/2018\/09\/sport-300x38.jpg 300w, https:\/\/www.radiopiu.net\/wordpress\/wp-content\/uploads\/2018\/09\/sport-768x96.jpg 768w\" sizes=\"auto, (max-width: 800px) 100vw, 800px\" \/><\/a><\/p>\n<p>&nbsp;<\/p>\n<p><span style=\"color: #0000ff;\"><strong>SCI D&#8217;ERBA<\/strong><\/span><\/p>\n<blockquote>\n<h3><a class=\"dt-pswp-item\" href=\"https:\/\/www.radiopiu.net\/wordpress\/wp-content\/uploads\/2024\/07\/32e18e40-5da9-4c6c-9a7d-f3f490f91294.jpg\" data-dt-img-description=\"\" data-large_image_width=\"1200\" data-large_image_height=\"1600\"><img loading=\"lazy\" decoding=\"async\" class=\" wp-image-401339 alignleft\" src=\"https:\/\/www.radiopiu.net\/wordpress\/wp-content\/uploads\/2024\/07\/32e18e40-5da9-4c6c-9a7d-f3f490f91294-225x300.jpg\" alt=\"\" width=\"117\" height=\"156\" srcset=\"https:\/\/www.radiopiu.net\/wordpress\/wp-content\/uploads\/2024\/07\/32e18e40-5da9-4c6c-9a7d-f3f490f91294-225x300.jpg 225w, https:\/\/www.radiopiu.net\/wordpress\/wp-content\/uploads\/2024\/07\/32e18e40-5da9-4c6c-9a7d-f3f490f91294-768x1024.jpg 768w, https:\/\/www.radiopiu.net\/wordpress\/wp-content\/uploads\/2024\/07\/32e18e40-5da9-4c6c-9a7d-f3f490f91294-1152x1536.jpg 1152w, https:\/\/www.radiopiu.net\/wordpress\/wp-content\/uploads\/2024\/07\/32e18e40-5da9-4c6c-9a7d-f3f490f91294.jpg 1200w\" sizes=\"auto, (max-width: 117px) 100vw, 117px\" \/><\/a>INIZIO CON IL BOTTO PER I RAGAZZI DEL COMITATO VENETO AI MONDIALI DI SCI D&#8217;ERBA<\/h3>\n<\/blockquote>\n<p>Si sono aperti con il botto per la nazionale azzurra e per il movimento veneto i Mondiali Juniores di sci d\u2019erba a Orlicke Zahori. Nella localit\u00e0 della Repubblica Ceca ieri era in programma il superG e le medaglie per l\u2019Italia sono state ben quattro. Tripletta tra i maschi con la vittoria del trentino Andrea Iori, il secondo posto di Roberto Cerentin (Gt Bell1) e il terzo di Michael Bertagno (Gt Bell1). In pi\u00f9, c\u2019\u00e8 stato il settimo posto di Nicol\u00f2 Pettini (Ski College Veneto Falcade).<\/p>\n<p>&nbsp;<\/p>\n<p><span style=\"color: #0000ff;\"><strong>CALCIO<\/strong><\/span><\/p>\n<blockquote>\n<h3>CAMPIONATO AGORDINO SHOW &#8211; SPECIALE QUARTI DI FINALE<\/h3>\n<\/blockquote>\n<p><strong><a class=\"dt-pswp-item\" href=\"https:\/\/www.radiopiu.net\/wordpress\/wp-content\/uploads\/2023\/11\/calcio.jpg\" data-dt-img-description=\"\" data-large_image_width=\"1280\" data-large_image_height=\"853\"><img loading=\"lazy\" decoding=\"async\" class=\" wp-image-360218 alignleft\" src=\"https:\/\/www.radiopiu.net\/wordpress\/wp-content\/uploads\/2023\/11\/calcio-300x200.jpg\" alt=\"\" width=\"170\" height=\"113\" srcset=\"https:\/\/www.radiopiu.net\/wordpress\/wp-content\/uploads\/2023\/11\/calcio-300x200.jpg 300w, https:\/\/www.radiopiu.net\/wordpress\/wp-content\/uploads\/2023\/11\/calcio-1024x682.jpg 1024w, https:\/\/www.radiopiu.net\/wordpress\/wp-content\/uploads\/2023\/11\/calcio-768x512.jpg 768w, https:\/\/www.radiopiu.net\/wordpress\/wp-content\/uploads\/2023\/11\/calcio.jpg 1280w\" sizes=\"auto, (max-width: 170px) 100vw, 170px\" \/><\/a>REDAZIONE<\/strong> Come ogni lunedi\u00ec sera su Radio pi\u00f9 \u00e8 andata in onda la puntata di Campionato Agordino Show. Di seguito una sintesi del programma dedicato ai quarti di finale del Memorial Attilio Moretti<\/p>\n<audio class=\"wp-audio-shortcode\" id=\"audio-401157-17\" preload=\"none\" style=\"width: 100%;\" controls=\"controls\"><source type=\"audio\/mpeg\" src=\"https:\/\/www.radiopiu.net\/wordpress\/wp-content\/uploads\/2024\/07\/MARCALCIO-2.mp3?_=17\" \/><a href=\"https:\/\/www.radiopiu.net\/wordpress\/wp-content\/uploads\/2024\/07\/MARCALCIO-2.mp3\">https:\/\/www.radiopiu.net\/wordpress\/wp-content\/uploads\/2024\/07\/MARCALCIO-2.mp3<\/a><\/audio>\n<p>&nbsp;<\/p>\n<p>&nbsp;<\/p>\n<hr \/>\n<p>&nbsp;<\/p>\n<h2><span style=\"color: #99cc00;\">GOODBYE BY BICICLE&#8230;UN VIAGGIO DALL&#8217;INDIA A SEREN DEL GRAPPA IN BICICLETTA<\/span><\/h2>\n<p><span style=\"color: #ff0000;\"><strong>PUNTATA 22 &#8211; L&#8217;ARRIVO IN TRANSILVANIA<\/strong><\/span><\/p>\n<audio class=\"wp-audio-shortcode\" id=\"audio-401157-18\" preload=\"none\" style=\"width: 100%;\" controls=\"controls\"><source type=\"audio\/mpeg\" src=\"https:\/\/www.radiopiu.net\/wordpress\/wp-content\/uploads\/2024\/07\/AIRE-INDIA-PUNTATA-22.mp3?_=18\" \/><a href=\"https:\/\/www.radiopiu.net\/wordpress\/wp-content\/uploads\/2024\/07\/AIRE-INDIA-PUNTATA-22.mp3\">https:\/\/www.radiopiu.net\/wordpress\/wp-content\/uploads\/2024\/07\/AIRE-INDIA-PUNTATA-22.mp3<\/a><\/audio>\n<p>&nbsp;<\/p>\n<p><strong>PER VISITARE I SITI DEI LUOGHI VISITATI, CLICCA SULLE SEGUENTI SCRITTE: <span style=\"color: #3366ff;\"><a href=\"https:\/\/www.instagram.com\/a.casacluj?igsh=YmRwazl4eXpvZXVi\">CASACLUJ<\/a>\u00a0 \u00a0<a href=\"https:\/\/www.instagram.com\/filaret.saispe?igsh=cmRzanBsaTBlOTZx\">FILARET 16<\/a><\/span><\/strong><\/p>\n<p>&nbsp;<\/p>\n\n\t\t\t<style type='text\/css'>\n\t\t\t\t#gallery-5 {\n\t\t\t\t\tmargin: auto;\n\t\t\t\t}\n\t\t\t\t#gallery-5 .gallery-item {\n\t\t\t\t\tfloat: left;\n\t\t\t\t\tmargin-top: 10px;\n\t\t\t\t\ttext-align: center;\n\t\t\t\t\twidth: 25%;\n\t\t\t\t}\n\t\t\t\t#gallery-5 img {\n\t\t\t\t\tborder: 2px solid #cfcfcf;\n\t\t\t\t}\n\t\t\t\t#gallery-5 .gallery-caption {\n\t\t\t\t\tmargin-left: 0;\n\t\t\t\t}\n\t\t\t\t\/* see gallery_shortcode() in wp-includes\/media.php *\/\n\t\t\t<\/style>\n\t\t<div id='gallery-5' class='dt-gallery-container gallery galleryid-401157 gallery-columns-4 gallery-size-thumbnail'><dl class='gallery-item'>\n\t\t\t\t<dt class='gallery-icon landscape'>\n\t\t\t\t\t<a class=\"rollover rollover-zoom dt-pswp-item\" title=\"55e97520-ba98-42c3-9d59-a8b3a28aeeb5\" data-dt-img-description=\"\" data-large_image_width=\"1600\" data-large_image_height=\"1200\"href='https:\/\/www.radiopiu.net\/wordpress\/wp-content\/uploads\/2024\/07\/55e97520-ba98-42c3-9d59-a8b3a28aeeb5.jpg'><img loading=\"lazy\" decoding=\"async\" width=\"150\" height=\"150\" src=\"https:\/\/www.radiopiu.net\/wordpress\/wp-content\/uploads\/2024\/07\/55e97520-ba98-42c3-9d59-a8b3a28aeeb5-150x150.jpg\" class=\"attachment-thumbnail size-thumbnail\" alt=\"\" \/><\/a>\n\t\t\t\t<\/dt><\/dl><dl class='gallery-item'>\n\t\t\t\t<dt class='gallery-icon landscape'>\n\t\t\t\t\t<a class=\"rollover rollover-zoom dt-pswp-item\" title=\"df58fd81-d68a-4b6e-9666-c7d45eceb0ec\" data-dt-img-description=\"\" data-large_image_width=\"1600\" data-large_image_height=\"1200\"href='https:\/\/www.radiopiu.net\/wordpress\/wp-content\/uploads\/2024\/07\/df58fd81-d68a-4b6e-9666-c7d45eceb0ec.jpg'><img loading=\"lazy\" decoding=\"async\" width=\"150\" height=\"150\" src=\"https:\/\/www.radiopiu.net\/wordpress\/wp-content\/uploads\/2024\/07\/df58fd81-d68a-4b6e-9666-c7d45eceb0ec-150x150.jpg\" class=\"attachment-thumbnail size-thumbnail\" alt=\"\" \/><\/a>\n\t\t\t\t<\/dt><\/dl><dl class='gallery-item'>\n\t\t\t\t<dt class='gallery-icon portrait'>\n\t\t\t\t\t<a class=\"rollover rollover-zoom dt-pswp-item\" title=\"18a98162-27cd-487d-bbfe-285f09087da5\" data-dt-img-description=\"\" data-large_image_width=\"1500\" data-large_image_height=\"2000\"href='https:\/\/www.radiopiu.net\/wordpress\/wp-content\/uploads\/2024\/07\/18a98162-27cd-487d-bbfe-285f09087da5.jpg'><img loading=\"lazy\" decoding=\"async\" width=\"150\" height=\"150\" src=\"https:\/\/www.radiopiu.net\/wordpress\/wp-content\/uploads\/2024\/07\/18a98162-27cd-487d-bbfe-285f09087da5-150x150.jpg\" class=\"attachment-thumbnail size-thumbnail\" alt=\"\" \/><\/a>\n\t\t\t\t<\/dt><\/dl><dl class='gallery-item'>\n\t\t\t\t<dt class='gallery-icon portrait'>\n\t\t\t\t\t<a class=\"rollover rollover-zoom dt-pswp-item\" title=\"2c530442-97f8-42ac-8653-8f94ba068813\" data-dt-img-description=\"\" data-large_image_width=\"1200\" data-large_image_height=\"1600\"href='https:\/\/www.radiopiu.net\/wordpress\/wp-content\/uploads\/2024\/07\/2c530442-97f8-42ac-8653-8f94ba068813.jpg'><img loading=\"lazy\" decoding=\"async\" width=\"150\" height=\"150\" src=\"https:\/\/www.radiopiu.net\/wordpress\/wp-content\/uploads\/2024\/07\/2c530442-97f8-42ac-8653-8f94ba068813-150x150.jpg\" class=\"attachment-thumbnail size-thumbnail\" alt=\"\" \/><\/a>\n\t\t\t\t<\/dt><\/dl><br style=\"clear: both\" \/>\n\t\t\t<\/div>\n\n<p>&nbsp;<\/p>\n<h2>LA RACCOLTA COMPLETA <a href=\"https:\/\/www.radiopiu.net\/wordpress\/goodbye-by-bicicle-un-viaggio-dallindia-a-seren-del-grappa-in-bicicletta-22\/\"><span style=\"color: #3366ff;\">CLICCA QUI<\/span><\/a><\/h2>\n<p>&nbsp;<\/p>\n<p>&nbsp;<\/p>\n<p>&nbsp;<\/p>\n<p>&nbsp;<\/p>\n","protected":false},"excerpt":{"rendered":"<p>******** &nbsp; ATTENZIONE: LA NUOVA APP PER IOS-IPHONE di Nicola Vettorello https:\/\/apps.apple.com\/it\/app\/radio-pi%C3%B9-emittente-agordina\/id1515939845 ATTENZIONE: LA NUOVA APP RADIO\u00a0 PER ANDROID di Nicola Vettorello https:\/\/play.google.com\/store\/apps\/details?id=net.radiopiu.iniko\u00a0\u00a0\u00a0 &nbsp; &nbsp; &nbsp; IL GUASTO ALLA FUNIVIA DI CORTINA &nbsp; &nbsp; &nbsp; PAURA SULLE TOFANE PER LO SGANCIO DI UNA FUNIVIA, LORENZI: \u00abMI FIDO DELLA SOCIETA\u2019\u00bb Intervistati GIANLUCA LORENZI \u2013 SINDACO DI&hellip;<\/p>\n","protected":false},"author":4,"featured_media":401363,"comment_status":"closed","ping_status":"closed","sticky":false,"template":"","format":"standard","meta":{"_monsterinsights_skip_tracking":false,"_monsterinsights_sitenote_active":false,"_monsterinsights_sitenote_note":"","_monsterinsights_sitenote_category":0,"footnotes":""},"categories":[51,86,49],"tags":[],"class_list":["post-401157","post","type-post","status-publish","format-standard","has-post-thumbnail","hentry","category-evidenza-top","category-gr","category-news-18","category-51","category-86","category-49","description-off"],"img_url":"https:\/\/www.radiopiu.net\/wordpress\/wp-content\/uploads\/2024\/07\/Senza-nome-105.png","_links":{"self":[{"href":"https:\/\/www.radiopiu.net\/wordpress\/wp-json\/wp\/v2\/posts\/401157","targetHints":{"allow":["GET"]}}],"collection":[{"href":"https:\/\/www.radiopiu.net\/wordpress\/wp-json\/wp\/v2\/posts"}],"about":[{"href":"https:\/\/www.radiopiu.net\/wordpress\/wp-json\/wp\/v2\/types\/post"}],"author":[{"embeddable":true,"href":"https:\/\/www.radiopiu.net\/wordpress\/wp-json\/wp\/v2\/users\/4"}],"replies":[{"embeddable":true,"href":"https:\/\/www.radiopiu.net\/wordpress\/wp-json\/wp\/v2\/comments?post=401157"}],"version-history":[{"count":0,"href":"https:\/\/www.radiopiu.net\/wordpress\/wp-json\/wp\/v2\/posts\/401157\/revisions"}],"wp:featuredmedia":[{"embeddable":true,"href":"https:\/\/www.radiopiu.net\/wordpress\/wp-json\/wp\/v2\/media\/401363"}],"wp:attachment":[{"href":"https:\/\/www.radiopiu.net\/wordpress\/wp-json\/wp\/v2\/media?parent=401157"}],"wp:term":[{"taxonomy":"category","embeddable":true,"href":"https:\/\/www.radiopiu.net\/wordpress\/wp-json\/wp\/v2\/categories?post=401157"},{"taxonomy":"post_tag","embeddable":true,"href":"https:\/\/www.radiopiu.net\/wordpress\/wp-json\/wp\/v2\/tags?post=401157"}],"curies":[{"name":"wp","href":"https:\/\/api.w.org\/{rel}","templated":true}]}}