{"id":401188,"date":"2024-07-24T07:55:31","date_gmt":"2024-07-24T05:55:31","guid":{"rendered":"https:\/\/www.radiopiu.net\/wordpress\/?p=401188"},"modified":"2024-07-24T10:37:42","modified_gmt":"2024-07-24T08:37:42","slug":"dal-1983-la-rassegna-stampa-locale-di-radiopiu-2","status":"publish","type":"post","link":"https:\/\/www.radiopiu.net\/wordpress\/dal-1983-la-rassegna-stampa-locale-di-radiopiu-2\/","title":{"rendered":"dal 1983 la rassegna stampa locale di RADIOPIU"},"content":{"rendered":"<p>&nbsp;<\/p>\n<p><iframe loading=\"lazy\" title=\"DAL 1983 LA RASSEGNA STAMPA LOCALE di mirko mezzacasa. L&#039;ORIGINALE\" width=\"1200\" height=\"675\" src=\"https:\/\/www.youtube.com\/embed\/4Se-V266Dxg?feature=oembed\" frameborder=\"0\" allow=\"accelerometer; autoplay; clipboard-write; encrypted-media; gyroscope; picture-in-picture; web-share\" referrerpolicy=\"strict-origin-when-cross-origin\" allowfullscreen><\/iframe><\/p>\n<p><a class=\"dt-pswp-item\" href=\"https:\/\/www.radiopiu.net\/wordpress\/wp-content\/uploads\/2024\/07\/coper.png\" data-dt-img-description=\"\" data-large_image_width=\"1445\" data-large_image_height=\"629\"><img loading=\"lazy\" decoding=\"async\" class=\"size-medium wp-image-401173 alignleft\" src=\"https:\/\/www.radiopiu.net\/wordpress\/wp-content\/uploads\/2024\/07\/coper-300x131.png\" alt=\"\" width=\"300\" height=\"131\" srcset=\"https:\/\/www.radiopiu.net\/wordpress\/wp-content\/uploads\/2024\/07\/coper-300x131.png 300w, https:\/\/www.radiopiu.net\/wordpress\/wp-content\/uploads\/2024\/07\/coper-1024x446.png 1024w, https:\/\/www.radiopiu.net\/wordpress\/wp-content\/uploads\/2024\/07\/coper-768x334.png 768w, https:\/\/www.radiopiu.net\/wordpress\/wp-content\/uploads\/2024\/07\/coper.png 1445w\" sizes=\"auto, (max-width: 300px) 100vw, 300px\" \/><\/a>TAIBON Da oggi e fino al 27 settembre, la strada comunale di Taier sar\u00e0 interessata da lavori, con modifiche alla viabilit\u00e0: divieto di transito per tutti i veicoli fino al 2 agosto; senso unico alternato regolato a vista o da movieri dal 2 agosto al 27 settembre. Inoltre, venerd\u00ec, sulla strada comunale di Soccol, divieto di transito tra le 8 e le 18.<br \/>\nPEDAVENA La notte scorsa\u00a0 a Pedavena, una Polo bianca ha sfondato l&#8217;ingresso del negozio di frutta e verdura di Lucia Bonan. L&#8217;incidente \u00e8 avvenuto intorno alle tre, svegliando i residenti. I carabinieri sono intervenuti, trovando l&#8217;auto ma non il conducente, misteriosamente scomparso. Indagini in corso.<br \/>\nBORGO VALBELLUNA\u00a0 Romeo Rigo, un anziano di Borgo Valbelluna, \u00e8 rimasto ferito in un incidente agricolo mentre lavorava nei campi di Canai. Mentre utilizzava una motofalciatrice, il mezzo si \u00e8 ribaltato, intrappolandolo sotto di esso. Fortunatamente, Rigo non \u00e8 rimasto schiacciato grazie a un avvallamento del terreno. I vicini, accorsi dopo aver udito le sue grida, sono riusciti a sollevare il macchinario, permettendo ai soccorritori di stabilizzare Rigo e trasportarlo all&#8217;ospedale San Martino. L&#8217;uomo ha riportato un politrauma, ma le sue condizioni non sono critiche.<br \/>\nAGORDO nelle localit\u00e0 Piasent, Colvignas, Campon, Le Foche l&#8217;acqua erogata dall&#8217;acquedotto non \u00e8 potabile e non pu\u00f2 essere usata per scopi alimentari, se non previa bollitura. Verr\u00e0 effettuato servizio sostitutivo con cisterna in localit\u00e0 Piasent.<br \/>\nLIVINALLONGO In localit\u00e0 Collaz\u00a0 l&#8217;acqua erogata dall&#8217;acquedotto \u00e8 di nuovo potabile e pu\u00f2 essere usata, quindi, per scopi alimentari<br \/>\nAGORDO\u00a0Domani dalle 8 alle 12 verr\u00e0 sospesa l\u2019erogazione dell\u2019acqua nelle Vie Teto Piciol, R. Costa, Toccol, Cal De Mule, Bries, P. Soccol e in Localit\u00e0 Brugnach<br \/>\nLIVINALLONGO\u00a0domani dalle 8 alle 17 verr\u00e0 sospesa l\u2019erogazione dell\u2019acqua in localit\u00e0 Varda<\/p>\n<p><img loading=\"lazy\" decoding=\"async\" class=\"alignleft\" src=\"https:\/\/www.radiopiu.net\/wordpress\/wp-content\/uploads\/2024\/07\/Senza-nome-101.png\" width=\"259\" height=\"155\" \/>SELVA DI CADORE Ieri sera, i Pompieri Volontari di Selva di Cadore (da Agordo sono saliti anche\u00a0 i Vigili del Fuoco permanenti)\u00a0 sono intervenuti su richiesta della Sala Operativa VF 115. L&#8217;operazione di soccorso:\u00a0 ad un anziano nella sua abitazione in condizioni di media gravit\u00e0,\u00a0 ha fornito supporto al personale del Suem 118, dimostrando un efficace coordinamento per gestire l&#8217;emergenza.<br \/>\nCORTINA la compagna si era impaurita sul terreno sdrucciolevole non era pi\u00f9 in grado di proseguire. I due erano usciti dalla Ferrata Aglio all&#8217;altezza del Bus di Tofana, ma la 23enne si era trovata presto in difficolt\u00e0. Risaliti alle coordinate del punto, l&#8217;elicottero del Suem di Pieve di Cadore \u00e8 riuscito a salire in quota tra le nuvole e a individuare la ragazza, issata a bordo dal tecnico di elisoccorso con un verricello di 30 metri. Mentre l&#8217;amico proseguiva la discesa in autonomia, la giovane \u00e8 stata trasportata fino in piazzola a Cortina.<br \/>\nCORTINA Domenica pomeriggio, un grave guasto alla funivia tra Ra Valles e la Tofana di Mezzo ha provocato il panico tra i trenta turisti a bordo, per lo pi\u00f9 stranieri. La cabina (con a bordo 30 persone che hanno temuto per la loro vita) si \u00e8 sganciata improvvisamente dalla stazione di partenza, creando una sensazione di caduta libera. Il freno d&#8217;emergenza \u00e8 stato attivato, causando un&#8217;oscillazione brusca. Dopo tre ore di verifiche tecniche, i passeggeri sono stati riportati in sicurezza. I temporali della giornata hanno contribuito al malfunzionamento elettrico dell&#8217;impianto. OGGI IN DUE PAGINE, L&#8217;APPROFONDIMENTO SUL CORRIERE DELLE ALPI<\/p>\n<p>VENEZIA La capogruppo del Pd in Consiglio regionale, Vanessa Camani, critica il governo regionale di centrodestra per la gestione della diga del Vanoi, accusandolo di non assumersi responsabilit\u00e0 e di delegare ai tecnici e al monitoraggio. Camani esprime il voto contrario del Pd, sottolineando che il supporto tecnico \u00e8 ovvio e che una mozione era superflua. Critica inoltre l&#8217;assenza del presidente Zaia e dell&#8217;assessore Bottacin dall&#8217;aula, considerandolo un segno di mancanza di coraggio politico.<br \/>\nBELLUNO L&#8217;Amministrazione De Pellegrin ha avviato il Piano Asfalti 2024, con un investimento di 600 mila euro per asfaltare 23 vie tra frazioni e centro storico. La gara per l&#8217;affidamento dei lavori \u00e8 in corso e l&#8217;intervento dovrebbe iniziare in autunno. Il Sindaco Oscar De Pellegrin sottolinea che, tra il 2023 e il 2024, sono stati investiti un milione di euro per le bitumature, rispondendo a necessit\u00e0 e interventi arretrati<br \/>\nBELLUNO Il presidente del Comitato di Gestione del Fondo dei Comuni Confinanti, Dario Bond, ha scelto simbolicamente il Museo Algudnei a Dosoledo, nel comune di Comelico Superiore, per la riunione del Comitato. Questa decisione, presa per essere vicini ai territori di montagna e di confine, ha enfatizzato l&#8217;impegno del Fondo verso queste aree. Il sindaco di Comelico Superiore, Marco Staunovo Polacco, ha espresso soddisfazione per l&#8217;iniziativa<br \/>\nAGORDO i dipendenti degli stabilimenti EssilorLuxottica sono stati informati dall&#8217;azienda che \u00e8 iniziata l&#8217;adesione alla scelta del carrello della spesa, il pacco con generi alimentari che ogni anno viene distribuito a cavallo tra ottobre e novembre alle maestranze del gruppo. Saranno quattro le tipologie di carrello della spesa<\/p>\n","protected":false},"excerpt":{"rendered":"<p>&nbsp; TAIBON Da oggi e fino al 27 settembre, la strada comunale di Taier sar\u00e0 interessata da lavori, con modifiche alla viabilit\u00e0: divieto di transito per tutti i veicoli fino al 2 agosto; senso unico alternato regolato a vista o da movieri dal 2 agosto al 27 settembre. Inoltre, venerd\u00ec, sulla strada comunale di Soccol,&hellip;<\/p>\n","protected":false},"author":4,"featured_media":401189,"comment_status":"closed","ping_status":"closed","sticky":false,"template":"","format":"standard","meta":{"_monsterinsights_skip_tracking":false,"_monsterinsights_sitenote_active":false,"_monsterinsights_sitenote_note":"","_monsterinsights_sitenote_category":0,"footnotes":""},"categories":[104,49,142],"tags":[],"class_list":["post-401188","post","type-post","status-publish","format-standard","has-post-thumbnail","hentry","category-evidenza_3","category-news-18","category-rassegna-stampa","category-104","category-49","category-142","description-off"],"img_url":"https:\/\/www.radiopiu.net\/wordpress\/wp-content\/uploads\/2024\/07\/Senza-nome-101.png","_links":{"self":[{"href":"https:\/\/www.radiopiu.net\/wordpress\/wp-json\/wp\/v2\/posts\/401188","targetHints":{"allow":["GET"]}}],"collection":[{"href":"https:\/\/www.radiopiu.net\/wordpress\/wp-json\/wp\/v2\/posts"}],"about":[{"href":"https:\/\/www.radiopiu.net\/wordpress\/wp-json\/wp\/v2\/types\/post"}],"author":[{"embeddable":true,"href":"https:\/\/www.radiopiu.net\/wordpress\/wp-json\/wp\/v2\/users\/4"}],"replies":[{"embeddable":true,"href":"https:\/\/www.radiopiu.net\/wordpress\/wp-json\/wp\/v2\/comments?post=401188"}],"version-history":[{"count":0,"href":"https:\/\/www.radiopiu.net\/wordpress\/wp-json\/wp\/v2\/posts\/401188\/revisions"}],"wp:featuredmedia":[{"embeddable":true,"href":"https:\/\/www.radiopiu.net\/wordpress\/wp-json\/wp\/v2\/media\/401189"}],"wp:attachment":[{"href":"https:\/\/www.radiopiu.net\/wordpress\/wp-json\/wp\/v2\/media?parent=401188"}],"wp:term":[{"taxonomy":"category","embeddable":true,"href":"https:\/\/www.radiopiu.net\/wordpress\/wp-json\/wp\/v2\/categories?post=401188"},{"taxonomy":"post_tag","embeddable":true,"href":"https:\/\/www.radiopiu.net\/wordpress\/wp-json\/wp\/v2\/tags?post=401188"}],"curies":[{"name":"wp","href":"https:\/\/api.w.org\/{rel}","templated":true}]}}