{"id":401224,"date":"2024-07-25T05:25:14","date_gmt":"2024-07-25T03:25:14","guid":{"rendered":"https:\/\/www.radiopiu.net\/wordpress\/?p=401224"},"modified":"2024-07-25T05:49:36","modified_gmt":"2024-07-25T03:49:36","slug":"la-regione-partecipa-al-dibattito-pubblico-sulla-diga-del-vanoi-e-anticipa-alcune-osservazioni-preliminari","status":"publish","type":"post","link":"https:\/\/www.radiopiu.net\/wordpress\/la-regione-partecipa-al-dibattito-pubblico-sulla-diga-del-vanoi-e-anticipa-alcune-osservazioni-preliminari\/","title":{"rendered":"La Regione partecipa al dibattito pubblico sulla Diga del Vanoi e anticipa alcune osservazioni preliminari."},"content":{"rendered":"<p>***<\/p>\n<p>&nbsp;<\/p>\n<p><strong><a class=\"dt-pswp-item\" href=\"https:\/\/www.radiopiu.net\/wordpress\/wp-content\/uploads\/2023\/10\/diga-vanoi.jpg\" data-dt-img-description=\"\" data-large_image_width=\"382\" data-large_image_height=\"254\"><img loading=\"lazy\" decoding=\"async\" class=\"size-medium wp-image-356183 alignleft\" src=\"https:\/\/www.radiopiu.net\/wordpress\/wp-content\/uploads\/2023\/10\/diga-vanoi-300x199.jpg\" alt=\"\" width=\"300\" height=\"199\" srcset=\"https:\/\/www.radiopiu.net\/wordpress\/wp-content\/uploads\/2023\/10\/diga-vanoi-300x199.jpg 300w, https:\/\/www.radiopiu.net\/wordpress\/wp-content\/uploads\/2023\/10\/diga-vanoi.jpg 382w\" sizes=\"auto, (max-width: 300px) 100vw, 300px\" \/><\/a>VENEZIA\u00a0<\/strong> Relativamente alla richiesta di esprimersi rispetto all&#8217;interesse a partecipare al dibattito pubblico, la Regione del Veneto ha riscontrato manifestando la volont\u00e0 di partecipare, anticipando nel contempo alcune richieste ed osservazioni preliminari. Tra di esse si \u00e8 evidenziato che &lt; per quanto riguarda la geologia sono note le criticit\u00e0 insite alla morfologia del sito in cui \u00e8 prevista l\u2019opera, sia nel territorio della Regione del Veneto sia nel territorio della Provincia Autonoma di Trento, classificato con grado di pericolosit\u00e0 idrogeologico elevato dalla pianificazione di settore, con evidenti fenomeni franosi gi\u00e0 in corso sui versanti interessati. Riguardo questo aspetto la tragedia del Vajont, con il suo immane carico di perdita di vite umane e devastazione, \u00e8 un monito indimenticato che guida la programmazione di tutte le future opere all\u2019interno della Regione dei Veneto: le grandi opere infrastrutturali vengono realizzate solo quando possono essere considerate assolutamente sicure. Le analisi e le valutazioni condotte all\u2019interno del DOCFAP depositato non forniscono questa garanzia.\u00a0 Solo a titolo esemplificativo devono essere risolte le seguenti questioni: la soluzione prescelta deve essere supportata da un&#8217;adeguata campagna di indagini geognostiche dirette ed indirette con prove in sito e di laboratorio su campioni; non viene chiarito quali siano gli organi\/manufatti per la gestione dei sedimenti che si accumulano a monte della diga; non vengono approfonditi gli studi sulle perimetrazioni di pericolosit\u00e0 da frana censite dal PAI lungo la Val Cortella e potenzialmente interferite dall\u2019invaso; non viene verificata la capacit\u00e0 della roccia di mantenere la risorsa idrica, ovvero che il substrato in fondazione non sia caratterizzato da valori particolarmente elevati di permeabilit\u00e0 per fratturazione o per carsismo; l\u2019ipotesi di dam-break non \u00e8 stata approfondita a valle s\u00ec da verificare l\u2019impatto su tutte le strutture idrauliche che subiscono l\u2019impatto dell\u2019onda di piena, compresa la diga di Ponte Serra, n\u00e9 sono stati verificati gli effetti al suolo lungo la valle del Vanoi e la Valsugana rispetto ad insediamenti abitativi e infrastrutture considerando <a class=\"dt-pswp-item\" href=\"https:\/\/www.radiopiu.net\/wordpress\/wp-content\/uploads\/2023\/11\/BOTTACIN.png\" data-dt-img-description=\"\" data-large_image_width=\"591\" data-large_image_height=\"400\"><img loading=\"lazy\" decoding=\"async\" class=\"size-medium wp-image-362309 alignright\" src=\"https:\/\/www.radiopiu.net\/wordpress\/wp-content\/uploads\/2023\/11\/BOTTACIN-300x203.png\" alt=\"\" width=\"300\" height=\"203\" srcset=\"https:\/\/www.radiopiu.net\/wordpress\/wp-content\/uploads\/2023\/11\/BOTTACIN-300x203.png 300w, https:\/\/www.radiopiu.net\/wordpress\/wp-content\/uploads\/2023\/11\/BOTTACIN.png 591w\" sizes=\"auto, (max-width: 300px) 100vw, 300px\" \/><\/a>velocit\u00e0 e tiranti raggiunti dalle onde di piena; non \u00e8 stato definito un piano di allertamento nell\u2019ipotesi di dam-break che interessi non solo le aree potenzialmente interessate, ma anche tutta la catena di allertamento del sistema di protezione civile oltre che le considerazioni preliminari necessarie alla predisposizione e gestione del Piano Emergenza Dighe; non sono state fornite adeguate indicazioni preliminari su quali tipo di azioni verranno adottate per garantire la stabilit\u00e0 dei versanti.<br \/>\nCi\u00f2 solo a titolo esemplificativo ed anticipatorio, ma non esaustivo. Ed infatti \u00e8 stato riscontrato che &lt; all\u2019analisi della ulteriore documentazione del DOCFAP, con riferimento ai quattro indicatori utilizzati per l\u2019analisi multicriteria del macroambito \u201cGeologia\u201d, si evince che se il \u201cRischio residuale di crolli di massi e blocchi di roccia instabile\u201d e il \u201cRischio residuale di frane all\u2019imbocco del paleo-alveo di Case Bellotti\u201d l\u2019alternativa C \u00e8 \u201cneutrale\u201d, mantiene cio\u00e8 le attuali condizioni di rischio, lo stesso non pu\u00f2 dirsi per il \u201cRischio residuale di instabilit\u00e0 delle conoidi detritiche\u201d e il \u201cRischio residuale di frane censite dalla Provincia Autonoma di Trento\u201d, che viene valutato come \u201clievemente negativo\u201d in entrambi i casi. In definitiva le analisi e le valutazioni condotte non consentono di assegnare alla realizzazione dell\u2019opera un livello di rischio \u201czero\u201d e pertanto si manifesta la preoccupazione riguardo al potenziale rischio di stabilit\u00e0 dei versanti in quanto la Regione del Veneto deve garantire la sicurezza dei cittadini e del territorio in merito alla realizzazione dell\u2019opera.<\/p>\n<p>&nbsp;<\/p>\n<p>&nbsp;<\/p>\n<hr \/>\n<p>&nbsp;<\/p>\n","protected":false},"excerpt":{"rendered":"<p>*** &nbsp; VENEZIA\u00a0 Relativamente alla richiesta di esprimersi rispetto all&#8217;interesse a partecipare al dibattito pubblico, la Regione del Veneto ha riscontrato manifestando la volont\u00e0 di partecipare, anticipando nel contempo alcune richieste ed osservazioni preliminari. Tra di esse si \u00e8 evidenziato che &lt; per quanto riguarda la geologia sono note le criticit\u00e0 insite alla morfologia del&hellip;<\/p>\n","protected":false},"author":4,"featured_media":356183,"comment_status":"closed","ping_status":"closed","sticky":false,"template":"","format":"standard","meta":{"_monsterinsights_skip_tracking":false,"_monsterinsights_sitenote_active":false,"_monsterinsights_sitenote_note":"","_monsterinsights_sitenote_category":0,"footnotes":""},"categories":[51,49],"tags":[],"class_list":["post-401224","post","type-post","status-publish","format-standard","has-post-thumbnail","hentry","category-evidenza-top","category-news-18","category-51","category-49","description-off"],"img_url":"https:\/\/www.radiopiu.net\/wordpress\/wp-content\/uploads\/2023\/10\/diga-vanoi.jpg","_links":{"self":[{"href":"https:\/\/www.radiopiu.net\/wordpress\/wp-json\/wp\/v2\/posts\/401224","targetHints":{"allow":["GET"]}}],"collection":[{"href":"https:\/\/www.radiopiu.net\/wordpress\/wp-json\/wp\/v2\/posts"}],"about":[{"href":"https:\/\/www.radiopiu.net\/wordpress\/wp-json\/wp\/v2\/types\/post"}],"author":[{"embeddable":true,"href":"https:\/\/www.radiopiu.net\/wordpress\/wp-json\/wp\/v2\/users\/4"}],"replies":[{"embeddable":true,"href":"https:\/\/www.radiopiu.net\/wordpress\/wp-json\/wp\/v2\/comments?post=401224"}],"version-history":[{"count":0,"href":"https:\/\/www.radiopiu.net\/wordpress\/wp-json\/wp\/v2\/posts\/401224\/revisions"}],"wp:featuredmedia":[{"embeddable":true,"href":"https:\/\/www.radiopiu.net\/wordpress\/wp-json\/wp\/v2\/media\/356183"}],"wp:attachment":[{"href":"https:\/\/www.radiopiu.net\/wordpress\/wp-json\/wp\/v2\/media?parent=401224"}],"wp:term":[{"taxonomy":"category","embeddable":true,"href":"https:\/\/www.radiopiu.net\/wordpress\/wp-json\/wp\/v2\/categories?post=401224"},{"taxonomy":"post_tag","embeddable":true,"href":"https:\/\/www.radiopiu.net\/wordpress\/wp-json\/wp\/v2\/tags?post=401224"}],"curies":[{"name":"wp","href":"https:\/\/api.w.org\/{rel}","templated":true}]}}