{"id":401229,"date":"2024-07-27T04:32:19","date_gmt":"2024-07-27T02:32:19","guid":{"rendered":"https:\/\/www.radiopiu.net\/wordpress\/?p=401229"},"modified":"2024-07-27T05:09:11","modified_gmt":"2024-07-27T03:09:11","slug":"ciao-william-uomo-sereno-umile-e-garbato-a-te-il-nostro-grazie","status":"publish","type":"post","link":"https:\/\/www.radiopiu.net\/wordpress\/ciao-william-uomo-sereno-umile-e-garbato-a-te-il-nostro-grazie\/","title":{"rendered":"CIAO WILLIAM UOMO SERENO, UMILE E GARBATO &#8220;A TE IL NOSTRO GRAZIE&#8221;"},"content":{"rendered":"<p>^^<\/p>\n<p>&nbsp;<\/p>\n<div class=\"page-title-head hgroup\">\n<h1 class=\"entry-title\">IERI A CENCENIGHE<\/h1>\n<p>DI GIANNI SANTOMASO<\/p>\n<\/div>\n<div class=\"page-title-breadcrumbs\">\n<audio class=\"wp-audio-shortcode\" id=\"audio-401229-1\" preload=\"none\" style=\"width: 100%;\" controls=\"controls\"><source type=\"audio\/mpeg\" src=\"https:\/\/www.radiopiu.net\/wordpress\/wp-content\/uploads\/2024\/07\/WILLIAM-GIANNI.mp3?_=1\" \/><a href=\"https:\/\/www.radiopiu.net\/wordpress\/wp-content\/uploads\/2024\/07\/WILLIAM-GIANNI.mp3\">https:\/\/www.radiopiu.net\/wordpress\/wp-content\/uploads\/2024\/07\/WILLIAM-GIANNI.mp3<\/a><\/audio>\n<p><img loading=\"lazy\" decoding=\"async\" class=\"alignleft\" src=\"https:\/\/www.radiopiu.net\/wordpress\/wp-content\/uploads\/2024\/07\/Senza-nome-111.png\" width=\"268\" height=\"153\" \/><strong><strong>CENCENIGHE<\/strong><\/strong><\/p>\n<div class=\"group\/conversation-turn relative flex w-full min-w-0 flex-col agent-turn\">\n<div class=\"flex-col gap-1 md:gap-3\">\n<div class=\"flex flex-grow flex-col max-w-full\">\n<div class=\"min-h-[20px] text-message flex w-full flex-col items-end gap-2 whitespace-pre-wrap break-words [.text-message+&amp;]:mt-5 overflow-x-auto\" dir=\"auto\" data-message-author-role=\"assistant\" data-message-id=\"b80bea3a-463b-426e-b36c-e520e74f0f6d\">\n<div class=\"flex w-full flex-col gap-1 empty:hidden first:pt-[3px]\">\n<div class=\"markdown prose w-full break-words dark:prose-invert dark\">\n<h3><\/h3>\n<p>William Fa\u00e8, morto a 51 anni, lascia un grande vuoto a San Tomaso e Cencenighe, dove ha servito come sindaco e tecnico. Un uomo apprezzato per il suo impegno comunitario e spirito di servizio, Fa\u00e8 \u00e8 ricordato da molti per la sua umilt\u00e0 e gentilezza. Al funerale, la piccola chiesa non riusciva a contenere tutti coloro che volevano rendergli omaggio. <strong>\u00abPerch\u00e9 proprio a William, perch\u00e9 proprio a noi?\u00bb<\/strong>: queste le domande dei genitori<\/p>\n<\/div>\n<\/div>\n<\/div>\n<\/div>\n<\/div>\n<\/div>\n<\/div>\n<p>&nbsp;<\/p>\n<hr \/>\n<div class=\"flex flex-grow flex-col max-w-full\">\n<div class=\"min-h-[20px] text-message flex w-full flex-col items-end gap-2 whitespace-pre-wrap break-words [.text-message+&amp;]:mt-5 overflow-x-auto\" dir=\"auto\" data-message-author-role=\"assistant\" data-message-id=\"7acae703-f685-4781-9925-3c2008c5c4fc\">\n<div class=\"flex w-full flex-col gap-1 empty:hidden first:pt-[3px]\">\n<div class=\"markdown prose w-full break-words dark:prose-invert dark\">\n<blockquote><p>&nbsp;<\/p>\n<p><em>William Fa\u00e8, ex sindaco di Cencenighe, \u00e8 morto improvvisamente a 51 anni. Conosciuto per il suo impegno politico e la passione per gli Alpini, Fa\u00e8 era apprezzato per la sua leadership. La comunit\u00e0 \u00e8 in lutto per la perdita di una figura amata e rispettata, lasciando un vuoto significativo.<\/em><\/p><\/blockquote>\n<\/div>\n<\/div>\n<\/div>\n<\/div>\n<div class=\"mt-1 flex gap-3 empty:hidden -ml-2\">\n<div class=\"items-center justify-start rounded-xl p-1 flex\">\n<div class=\"flex items-center\"><strong>di mirko mezzacasa<\/strong><\/div>\n<\/div>\n<\/div>\n<p><em><a class=\"dt-pswp-item\" href=\"https:\/\/www.radiopiu.net\/wordpress\/wp-content\/uploads\/2024\/07\/WILLIAM-FAE-1-e1566365190286-300x225-1.jpg\" data-dt-img-description=\"\" data-large_image_width=\"300\" data-large_image_height=\"225\"><img loading=\"lazy\" decoding=\"async\" class=\"size-full wp-image-401232 alignleft\" src=\"https:\/\/www.radiopiu.net\/wordpress\/wp-content\/uploads\/2024\/07\/WILLIAM-FAE-1-e1566365190286-300x225-1.jpg\" alt=\"\" width=\"300\" height=\"225\" \/><\/a> <\/em><\/p>\n<p><strong>CENCENIGHE: William Fa\u00e8 Ci Ha Lasciato All\u2019Improvviso<\/strong><\/p>\n<div class=\"group\/conversation-turn relative flex w-full min-w-0 flex-col agent-turn\">\n<div class=\"flex-col gap-1 md:gap-3\">\n<div class=\"flex flex-grow flex-col max-w-full\">\n<div class=\"min-h-[20px] text-message flex w-full flex-col items-end gap-2 whitespace-pre-wrap break-words [.text-message+&amp;]:mt-5 overflow-x-auto\" dir=\"auto\" data-message-author-role=\"assistant\" data-message-id=\"bf68479d-0a3f-414b-83fc-c4ba3e2b32bf\">\n<div class=\"flex w-full flex-col gap-1 empty:hidden first:pt-[3px]\">\n<div class=\"markdown prose w-full break-words dark:prose-invert dark\">\n<p>William Fa\u00e8, ex sindaco di Cencenighe, ci ha lasciato all&#8217;et\u00e0 di soli 51 anni, a settembre ne avrebbe compiuto uno in pi\u00f9.\u00a0 La notizia della sua improvvisa scomparsa\u00a0 scuote profondamente la comunit\u00e0 e coloro che lo conoscevano. William \u00e8 morto questa mattina, colpito da un infarto mentre si trovava sul posto di lavoro nel Comune di San Tomaso Agordino, dove lavorava come tecnico comunale. Quello strano rumore proveniente dall&#8217;ufficio ha attirato l&#8217;attenzione della donna delle pulizie che immediatamente ha allertato il 118.\u00a0 La notizia ha lasciato attonito l&#8217;attuale sindaco, Moreno De Val. William Fa\u00e8 era una figura amata e rispettata nel suo paese. Oltre ad aver servito come sindaco di Cencenighe fino al 2017, era conosciuto per la sua passione per gli Alpini, che rappresentavano una parte importante della sua vita. Amava trascorrere il suo tempo libero dedicandosi alle attivit\u00e0 dell&#8217;associazione, con la quale condivideva valori di cameratismo e servizio alla comunit\u00e0.<\/p>\n<p><a class=\"dt-pswp-item\" href=\"https:\/\/www.radiopiu.net\/wordpress\/wp-content\/uploads\/2024\/07\/Senza-nome-103.png\" data-dt-img-description=\"\" data-large_image_width=\"421\" data-large_image_height=\"245\"><img loading=\"lazy\" decoding=\"async\" class=\"size-medium wp-image-401293 alignright\" src=\"https:\/\/www.radiopiu.net\/wordpress\/wp-content\/uploads\/2024\/07\/Senza-nome-103-300x175.png\" alt=\"\" width=\"300\" height=\"175\" srcset=\"https:\/\/www.radiopiu.net\/wordpress\/wp-content\/uploads\/2024\/07\/Senza-nome-103-300x175.png 300w, https:\/\/www.radiopiu.net\/wordpress\/wp-content\/uploads\/2024\/07\/Senza-nome-103.png 421w\" sizes=\"auto, (max-width: 300px) 100vw, 300px\" \/><\/a>L&#8217;ex sindaco\u00a0 era noto per il suo spirito allegro e l&#8217;ironia che spesso lo caratterizzava. La notizia della sua morte ha lasciato un vuoto difficile da colmare.<em> &#8220;Caro alpino, ce l&#8217;hai fatta proprio con il &#8216;colletto&#8217; questa volta,&#8221;<\/em> commentano i suoi amici, ricordando la sua capacit\u00e0 di trovare una battuta anche nei momenti pi\u00f9 difficili. William era un uomo che, nonostante le sfide, riusciva sempre a vedere il lato positivo delle cose, guadagnandosi il rispetto e l&#8217;affetto di chiunque lo conoscesse.<\/p>\n<p>Durante il suo mandato come sindaco, William Fa\u00e8 era stato una figura vicina agli eventi e alle persone di Cencenighe, contribuendo con dedizione alla crescita e allo sviluppo del paese. La sua leadership non pass\u00f2 inosservata, tanto da attirare l&#8217;attenzione dei <a class=\"dt-pswp-item\" href=\"https:\/\/www.radiopiu.net\/wordpress\/wp-content\/uploads\/2024\/07\/WILLIAM-FAE.jpg\" data-dt-img-description=\"\" data-large_image_width=\"402\" data-large_image_height=\"335\"><img loading=\"lazy\" decoding=\"async\" class=\" wp-image-401270 alignleft\" src=\"https:\/\/www.radiopiu.net\/wordpress\/wp-content\/uploads\/2024\/07\/WILLIAM-FAE-300x250.jpg\" alt=\"\" width=\"184\" height=\"153\" srcset=\"https:\/\/www.radiopiu.net\/wordpress\/wp-content\/uploads\/2024\/07\/WILLIAM-FAE-300x250.jpg 300w, https:\/\/www.radiopiu.net\/wordpress\/wp-content\/uploads\/2024\/07\/WILLIAM-FAE.jpg 402w\" sizes=\"auto, (max-width: 184px) 100vw, 184px\" \/><\/a>media nazionali quando Cencenighe rimase temporaneamente senza sindaco. Questo port\u00f2 William a discutere pubblicamente della mancanza di\u00a0 giovani, di forze nuove,\u00a0 in una valle\u00a0 benestante, dove il primo cittadino era pagato con un &#8220;gettone di presenza&#8221; ridicolo,\u00a0 tema che scaten\u00f2 dibattiti e coinvolse giornalisti e conduttori televisivi in tutta Italia.<\/p>\n<p>Oggi, amici e colleghi ricordano William non solo come un amministratore capace, ma anche come un uomo dotato di grande cuore e forza morale. Era una persona che, attraverso il suo lavoro e la sua vita personale, aveva sempre mantenuto una visione chiara di ci\u00f2 che era importante per il suo paese e i suoi concittadini. La sua scomparsa rappresenta una perdita inestimabile per la comunit\u00e0 di Cencenighe e lascia un&#8217;eredit\u00e0 di impegno civile e passione che continuer\u00e0 a ispirare chiunque abbia avuto la fortuna di conoscerlo. Mentre la comunit\u00e0 piange la sua scomparsa, il ricordo di William Fa\u00e8 rimane vivo nei cuori di tutti, come un uomo che ha dedicato la sua vita a servire gli altri con dedizione, umilt\u00e0 e amore. Un abbraccio a Carlotta, la sua compagna di vita.<\/p>\n<h3><\/h3>\n<h3><em><strong>IL SINDACO DI SAN TOMASO, MORENO DE VAL\u00a0 &#8220;15 ANNI DI LAVORO, GIOIE E DOLORI&#8221;<br \/>\n<\/strong><\/em><\/h3>\n<audio class=\"wp-audio-shortcode\" id=\"audio-401229-2\" preload=\"none\" style=\"width: 100%;\" controls=\"controls\"><source type=\"audio\/mpeg\" src=\"https:\/\/www.radiopiu.net\/wordpress\/wp-content\/uploads\/2024\/07\/MORENO-DE-VAL-SIDNCO.mp3?_=2\" \/><a href=\"https:\/\/www.radiopiu.net\/wordpress\/wp-content\/uploads\/2024\/07\/MORENO-DE-VAL-SIDNCO.mp3\">https:\/\/www.radiopiu.net\/wordpress\/wp-content\/uploads\/2024\/07\/MORENO-DE-VAL-SIDNCO.mp3<\/a><\/audio>\n<p>&nbsp;<\/p>\n<h2><em><strong>IL RICORDO DEL SINDACO DI CENCENIGHE MAURO SOPPELSA<\/strong><\/em><\/h2>\n<audio class=\"wp-audio-shortcode\" id=\"audio-401229-3\" preload=\"none\" style=\"width: 100%;\" controls=\"controls\"><source type=\"audio\/mpeg\" src=\"https:\/\/www.radiopiu.net\/wordpress\/wp-content\/uploads\/2024\/07\/WhatsApp-Audio-2024-07-24-at-15.04.26.mp3?_=3\" \/><a href=\"https:\/\/www.radiopiu.net\/wordpress\/wp-content\/uploads\/2024\/07\/WhatsApp-Audio-2024-07-24-at-15.04.26.mp3\">https:\/\/www.radiopiu.net\/wordpress\/wp-content\/uploads\/2024\/07\/WhatsApp-Audio-2024-07-24-at-15.04.26.mp3<\/a><\/audio>\n<p>&nbsp;<\/p>\n<p><strong>IL SEGRETARIO DELLA LEGA NORD E GIA&#8217; SINDACO DI ROCCA PIETORE ANDREA DE BERNARDIN<\/strong><\/p>\n<p><em>\u201cFa\u00e8 \u00e8 stato sindaco, e prima, assessore ai tempi di Rizieri Ongaro insieme all\u2019attuale sindaco Mauro Soppelsa, un amministratore di lungo corso e vicino al nostro partito da molti anni. Era tesserato Lega da tempo e infatti condividevamo battaglie e una linea politica per le nostre terre di montagna. E\u2019 stato sindaco quando lo ero anche io, abbiamo lavorato insieme in Unione Montana e ho sempre trovato in lui un interlocutore affidabile, di buon senso e veramente attaccato al nostro territorio. <\/em><em>William ci mancher\u00e0, come amico prima ancora che come collega di partito e sono certo che ha lasciato un vuoto enorme in tutto l\u2019Agordino. <\/em><em>Alla famiglia le condoglianze mie a nome di tutta la Lega provinciale\u201d.<\/em><\/p>\n<p>&nbsp;<\/p>\n<p><span style=\"color: #000000;\"><strong>IL PRESIDENTE DELLA PROVINCIA ROBERTO PADRIN<\/strong><\/span><\/p>\n<p>\u00abDisponibile, collaborativo, di poche parole e di molti fatti. Un amministratore attento e concreto\u00bb. Cos\u00ec il presidente della Provincia di Belluno Roberto Padrin in una nota di cordoglio per l\u2019improvvisa scomparsa di William Fa\u00e8, gi\u00e0 sindaco di Cencenighe e oggi tecnico a San Tomaso Agordino. \u00abL\u2019ho conosciuto nei miei primi anni da sindaco di Longarone e ho di lui il ricordo di una persona schietta, un gran lavoratore, un amministratore appassionato e infaticabile. Un uomo vero della montagna bellunese, di quelli che sanno guardare al bene collettivo senza fronzoli. E in quanto tale, ci mancher\u00e0. Ai suoi familiari e amici, alla struttura comunale di San Tomaso, un abbraccio affettuoso da parte mia e dell\u2019intero consiglio provinciale\u00bb.<\/p>\n<p>&nbsp;<\/p>\n<p><strong>IL PRESIDENTE ABM OSCAR DE BONA<\/strong><\/p>\n<p>Il presidente dell&#8217;Associazione Bellunesi nel Mondo, Oscar De Bona, eprime profondo cordoglio per la perdita di Fa\u00e8, ricordandolo come una persona vicina all&#8217;Associazione, con la quale aveva mantenuto rapporti stretti anche dopo la fine del suo mandato come sindaco. \u00abSiamo vicini alla sua famiglia in questo momento di grande dolore\u00bb ha dichiarato De Bona \u00abWilliam ha dimostrato grande sensibilit\u00e0 per gli emigranti agordini e non mancava mai alle iniziative e alle commemorazioni organizzate direttamente dall&#8217;Abm o dalla Famiglia Ex emigranti dell&#8217;Agordino\u00bb.<\/p>\n<p>&nbsp;<\/p>\n<p><strong>IL MESSAGGIO DEL GRUPPO ALPINI DI CENCENIGHE<\/strong><\/p>\n<p>Il gruppo Alpini di Cencenighe partecipa con immenso cordoglio alla prematura scomparsa del carissimo socio William Fa\u00e9, si stringe con immenso dolore alla famiglia. Il capogruppo e\u00a0 tutti gli Alpini di Cencenighe<\/p>\n<p>&nbsp;<\/p>\n<p>&nbsp;<\/p>\n<\/div>\n<\/div>\n<\/div>\n<\/div>\n<\/div>\n<\/div>\n<p>&nbsp;<\/p>\n<hr \/>\n<p>&nbsp;<\/p>\n","protected":false},"excerpt":{"rendered":"<p>^^ &nbsp; IERI A CENCENIGHE DI GIANNI SANTOMASO CENCENIGHE William Fa\u00e8, morto a 51 anni, lascia un grande vuoto a San Tomaso e Cencenighe, dove ha servito come sindaco e tecnico. Un uomo apprezzato per il suo impegno comunitario e spirito di servizio, Fa\u00e8 \u00e8 ricordato da molti per la sua umilt\u00e0 e gentilezza. Al&hellip;<\/p>\n","protected":false},"author":4,"featured_media":401681,"comment_status":"closed","ping_status":"closed","sticky":false,"template":"","format":"standard","meta":{"_monsterinsights_skip_tracking":false,"_monsterinsights_sitenote_active":false,"_monsterinsights_sitenote_note":"","_monsterinsights_sitenote_category":0,"footnotes":""},"categories":[51,49],"tags":[],"class_list":["post-401229","post","type-post","status-publish","format-standard","has-post-thumbnail","hentry","category-evidenza-top","category-news-18","category-51","category-49","description-off"],"img_url":"https:\/\/www.radiopiu.net\/wordpress\/wp-content\/uploads\/2024\/07\/Senza-nome-111.png","_links":{"self":[{"href":"https:\/\/www.radiopiu.net\/wordpress\/wp-json\/wp\/v2\/posts\/401229","targetHints":{"allow":["GET"]}}],"collection":[{"href":"https:\/\/www.radiopiu.net\/wordpress\/wp-json\/wp\/v2\/posts"}],"about":[{"href":"https:\/\/www.radiopiu.net\/wordpress\/wp-json\/wp\/v2\/types\/post"}],"author":[{"embeddable":true,"href":"https:\/\/www.radiopiu.net\/wordpress\/wp-json\/wp\/v2\/users\/4"}],"replies":[{"embeddable":true,"href":"https:\/\/www.radiopiu.net\/wordpress\/wp-json\/wp\/v2\/comments?post=401229"}],"version-history":[{"count":0,"href":"https:\/\/www.radiopiu.net\/wordpress\/wp-json\/wp\/v2\/posts\/401229\/revisions"}],"wp:featuredmedia":[{"embeddable":true,"href":"https:\/\/www.radiopiu.net\/wordpress\/wp-json\/wp\/v2\/media\/401681"}],"wp:attachment":[{"href":"https:\/\/www.radiopiu.net\/wordpress\/wp-json\/wp\/v2\/media?parent=401229"}],"wp:term":[{"taxonomy":"category","embeddable":true,"href":"https:\/\/www.radiopiu.net\/wordpress\/wp-json\/wp\/v2\/categories?post=401229"},{"taxonomy":"post_tag","embeddable":true,"href":"https:\/\/www.radiopiu.net\/wordpress\/wp-json\/wp\/v2\/tags?post=401229"}],"curies":[{"name":"wp","href":"https:\/\/api.w.org\/{rel}","templated":true}]}}