{"id":401268,"date":"2024-07-23T18:50:25","date_gmt":"2024-07-23T16:50:25","guid":{"rendered":"https:\/\/www.radiopiu.net\/wordpress\/?p=401268"},"modified":"2024-07-24T18:52:04","modified_gmt":"2024-07-24T16:52:04","slug":"il-ricordo-di-william-fae","status":"publish","type":"post","link":"https:\/\/www.radiopiu.net\/wordpress\/il-ricordo-di-william-fae\/","title":{"rendered":"IL RICORDO DI WILLIAM FAE&#8217;"},"content":{"rendered":"<p>*****<\/p>\n<p>&nbsp;<\/p>\n<p><strong><a class=\"dt-pswp-item\" href=\"https:\/\/www.radiopiu.net\/wordpress\/wp-content\/uploads\/2024\/07\/WILLIAM-FAE.jpg\" data-dt-img-description=\"\" data-large_image_width=\"402\" data-large_image_height=\"335\"><img loading=\"lazy\" decoding=\"async\" class=\" wp-image-401270 alignleft\" src=\"https:\/\/www.radiopiu.net\/wordpress\/wp-content\/uploads\/2024\/07\/WILLIAM-FAE-300x250.jpg\" alt=\"\" width=\"180\" height=\"150\" srcset=\"https:\/\/www.radiopiu.net\/wordpress\/wp-content\/uploads\/2024\/07\/WILLIAM-FAE-300x250.jpg 300w, https:\/\/www.radiopiu.net\/wordpress\/wp-content\/uploads\/2024\/07\/WILLIAM-FAE.jpg 402w\" sizes=\"auto, (max-width: 180px) 100vw, 180px\" \/><\/a>REDAZIONE<\/strong> A soli 51 anni ci ha lasciati l&#8217;ex sindaco di Cencenighe William Fa\u00e8. Oggi, amici e colleghi ricordano William non solo come un amministratore capace, ma anche come un uomo dotato di grande cuore e forza morale. Era una persona che, attraverso il suo lavoro e la sua vita personale, aveva sempre mantenuto una visione chiara di ci\u00f2 che era importante per il suo paese e i suoi concittadini. La sua scomparsa rappresenta una perdita inestimabile per la comunit\u00e0 di Cencenighe e lascia un&#8217;eredit\u00e0 di impegno civile e passione che continuer\u00e0 a ispirare chiunque abbia avuto la fortuna di conoscerlo. Mentre la comunit\u00e0 piange la sua scomparsa, il ricordo di William Fa\u00e8 rimane vivo nei cuori di tutti, come un uomo che ha dedicato la sua vita a servire gli altri con dedizione, umilt\u00e0 e amore. Un abbraccio a Carlotta, la sua compagna di vita.<\/p>\n<h3><em><strong>IL SINDACO DI SAN TOMASO, MORENO DE VAL\u00a0 &#8220;15 ANNI DI LAVORO, GIOIE E DOLORI&#8221;<\/strong><\/em><\/h3>\n<audio class=\"wp-audio-shortcode\" id=\"audio-401268-1\" preload=\"none\" style=\"width: 100%;\" controls=\"controls\"><source type=\"audio\/mpeg\" src=\"https:\/\/www.radiopiu.net\/wordpress\/wp-content\/uploads\/2024\/07\/MORENO-DE-VAL-SIDNCO.mp3?_=1\" \/><a href=\"https:\/\/www.radiopiu.net\/wordpress\/wp-content\/uploads\/2024\/07\/MORENO-DE-VAL-SIDNCO.mp3\">https:\/\/www.radiopiu.net\/wordpress\/wp-content\/uploads\/2024\/07\/MORENO-DE-VAL-SIDNCO.mp3<\/a><\/audio>\n<h2><\/h2>\n<h2><em><strong><a class=\"dt-pswp-item\" href=\"https:\/\/www.radiopiu.net\/wordpress\/wp-content\/uploads\/2024\/07\/Senza-nome-103.png\" data-dt-img-description=\"\" data-large_image_width=\"421\" data-large_image_height=\"245\"><img loading=\"lazy\" decoding=\"async\" class=\"size-medium wp-image-401293 aligncenter\" src=\"https:\/\/www.radiopiu.net\/wordpress\/wp-content\/uploads\/2024\/07\/Senza-nome-103-300x175.png\" alt=\"\" width=\"300\" height=\"175\" srcset=\"https:\/\/www.radiopiu.net\/wordpress\/wp-content\/uploads\/2024\/07\/Senza-nome-103-300x175.png 300w, https:\/\/www.radiopiu.net\/wordpress\/wp-content\/uploads\/2024\/07\/Senza-nome-103.png 421w\" sizes=\"auto, (max-width: 300px) 100vw, 300px\" \/><\/a><\/strong><\/em><\/h2>\n<h2><\/h2>\n<h2><em><strong>I<\/strong><\/em><em><strong>L RICORDO DEL SINDACO DI CENCENIGHE MAURO SOPPELSA<\/strong><\/em><\/h2>\n<audio class=\"wp-audio-shortcode\" id=\"audio-401268-2\" preload=\"none\" style=\"width: 100%;\" controls=\"controls\"><source type=\"audio\/mpeg\" src=\"https:\/\/www.radiopiu.net\/wordpress\/wp-content\/uploads\/2024\/07\/WhatsApp-Audio-2024-07-24-at-15.04.26.mp3?_=2\" \/><a href=\"https:\/\/www.radiopiu.net\/wordpress\/wp-content\/uploads\/2024\/07\/WhatsApp-Audio-2024-07-24-at-15.04.26.mp3\">https:\/\/www.radiopiu.net\/wordpress\/wp-content\/uploads\/2024\/07\/WhatsApp-Audio-2024-07-24-at-15.04.26.mp3<\/a><\/audio>\n<p>&nbsp;<\/p>\n<p><strong>IL SEGRETARIO DELLA LEGA NORD E GIA&#8217; SINDACO DI ROCCA PIETORE ANDREA DE BERNARDIN<\/strong><\/p>\n<p><em>\u201cFa\u00e8 \u00e8 stato sindaco, e prima, assessore ai tempi di Rizieri Ongaro insieme all\u2019attuale sindaco Mauro Soppelsa, un amministratore di lungo corso e vicino al nostro partito da molti anni. Era tesserato Lega da tempo e infatti condividevamo battaglie e una linea politica per le nostre terre di montagna. E\u2019 stato sindaco quando lo ero anche io, abbiamo lavorato insieme in Unione Montana e ho sempre trovato in lui un interlocutore affidabile, di buon senso e veramente attaccato al nostro territorio. <\/em><em>William ci mancher\u00e0, come amico prima ancora che come collega di partito e sono certo che ha lasciato un vuoto enorme in tutto l\u2019Agordino. <\/em><em>Alla famiglia le condoglianze mie a nome di tutta la Lega provinciale\u201d.<\/em><\/p>\n<p>&nbsp;<\/p>\n<p><span style=\"color: #ff0000;\"><strong>IL MESSAGGIO DEL PRESIDENTE DELLA PROVINCIA ROBERTO PADRIN<\/strong><\/span><\/p>\n<p>\u00abDisponibile, collaborativo, di poche parole e di molti fatti. Un amministratore attento e concreto\u00bb. Cos\u00ec il presidente della Provincia di Belluno Roberto Padrin in una nota di cordoglio per l\u2019improvvisa scomparsa di William Fa\u00e8, gi\u00e0 sindaco di Cencenighe e oggi tecnico a San Tomaso Agordino. \u00abL\u2019ho conosciuto nei miei primi anni da sindaco di Longarone e ho di lui il ricordo di una persona schietta, un gran lavoratore, un amministratore appassionato e infaticabile. Un uomo vero della montagna bellunese, di quelli che sanno guardare al bene collettivo senza fronzoli. E in quanto tale, ci mancher\u00e0. Ai suoi familiari e amici, alla struttura comunale di San Tomaso, un abbraccio affettuoso da parte mia e dell\u2019intero consiglio provinciale\u00bb.<\/p>\n<p>&nbsp;<\/p>\n<p><strong>IL PRESIDENTE ABM OSCAR DE BONA<\/strong><\/p>\n<p>Il presidente dell&#8217;Associazione Bellunesi nel Mondo, Oscar De Bona, eprime profondo cordoglio per la perdita di Fa\u00e8, ricordandolo come una persona vicina all&#8217;Associazione, con la quale aveva mantenuto rapporti stretti anche dopo la fine del suo mandato come sindaco. \u00abSiamo vicini alla sua famiglia in questo momento di grande dolore\u00bb ha dichiarato De Bona \u00abWilliam ha dimostrato grande sensibilit\u00e0 per gli emigranti agordini e non mancava mai alle iniziative e alle commemorazioni organizzate direttamente dall&#8217;Abm o dalla Famiglia Ex emigranti dell&#8217;Agordino\u00bb.<\/p>\n<p>&nbsp;<\/p>\n<p>&nbsp;<\/p>\n<p>&nbsp;<\/p>\n<p>**********<\/p>\n","protected":false},"excerpt":{"rendered":"<p>***** &nbsp; REDAZIONE A soli 51 anni ci ha lasciati l&#8217;ex sindaco di Cencenighe William Fa\u00e8. Oggi, amici e colleghi ricordano William non solo come un amministratore capace, ma anche come un uomo dotato di grande cuore e forza morale. Era una persona che, attraverso il suo lavoro e la sua vita personale, aveva sempre&hellip;<\/p>\n","protected":false},"author":4,"featured_media":401293,"comment_status":"closed","ping_status":"closed","sticky":false,"template":"","format":"standard","meta":{"_monsterinsights_skip_tracking":false,"_monsterinsights_sitenote_active":false,"_monsterinsights_sitenote_note":"","_monsterinsights_sitenote_category":0,"footnotes":""},"categories":[51,49],"tags":[],"class_list":["post-401268","post","type-post","status-publish","format-standard","has-post-thumbnail","hentry","category-evidenza-top","category-news-18","category-51","category-49","description-off"],"img_url":"https:\/\/www.radiopiu.net\/wordpress\/wp-content\/uploads\/2024\/07\/Senza-nome-103.png","_links":{"self":[{"href":"https:\/\/www.radiopiu.net\/wordpress\/wp-json\/wp\/v2\/posts\/401268","targetHints":{"allow":["GET"]}}],"collection":[{"href":"https:\/\/www.radiopiu.net\/wordpress\/wp-json\/wp\/v2\/posts"}],"about":[{"href":"https:\/\/www.radiopiu.net\/wordpress\/wp-json\/wp\/v2\/types\/post"}],"author":[{"embeddable":true,"href":"https:\/\/www.radiopiu.net\/wordpress\/wp-json\/wp\/v2\/users\/4"}],"replies":[{"embeddable":true,"href":"https:\/\/www.radiopiu.net\/wordpress\/wp-json\/wp\/v2\/comments?post=401268"}],"version-history":[{"count":0,"href":"https:\/\/www.radiopiu.net\/wordpress\/wp-json\/wp\/v2\/posts\/401268\/revisions"}],"wp:featuredmedia":[{"embeddable":true,"href":"https:\/\/www.radiopiu.net\/wordpress\/wp-json\/wp\/v2\/media\/401293"}],"wp:attachment":[{"href":"https:\/\/www.radiopiu.net\/wordpress\/wp-json\/wp\/v2\/media?parent=401268"}],"wp:term":[{"taxonomy":"category","embeddable":true,"href":"https:\/\/www.radiopiu.net\/wordpress\/wp-json\/wp\/v2\/categories?post=401268"},{"taxonomy":"post_tag","embeddable":true,"href":"https:\/\/www.radiopiu.net\/wordpress\/wp-json\/wp\/v2\/tags?post=401268"}],"curies":[{"name":"wp","href":"https:\/\/api.w.org\/{rel}","templated":true}]}}