{"id":401342,"date":"2024-07-25T10:00:18","date_gmt":"2024-07-25T08:00:18","guid":{"rendered":"https:\/\/www.radiopiu.net\/wordpress\/?p=401342"},"modified":"2024-07-24T22:15:04","modified_gmt":"2024-07-24T20:15:04","slug":"lalleghe-conferma-il-finlandese-juho-makela","status":"publish","type":"post","link":"https:\/\/www.radiopiu.net\/wordpress\/lalleghe-conferma-il-finlandese-juho-makela\/","title":{"rendered":"L&#8217;ALLEGHE CONFERMA IL FINLANDESE JUHO MAKELA"},"content":{"rendered":"<p>*******<\/p>\n<p>&nbsp;<\/p>\n<p><strong><a class=\"dt-pswp-item\" href=\"https:\/\/www.radiopiu.net\/wordpress\/wp-content\/uploads\/2024\/07\/1610f1c2-1331-4844-8a69-4ec14bb36188.jpg\" data-dt-img-description=\"\" data-large_image_width=\"927\" data-large_image_height=\"517\"><img loading=\"lazy\" decoding=\"async\" class=\"size-medium wp-image-401343 alignleft\" src=\"https:\/\/www.radiopiu.net\/wordpress\/wp-content\/uploads\/2024\/07\/1610f1c2-1331-4844-8a69-4ec14bb36188-300x167.jpg\" alt=\"\" width=\"300\" height=\"167\" srcset=\"https:\/\/www.radiopiu.net\/wordpress\/wp-content\/uploads\/2024\/07\/1610f1c2-1331-4844-8a69-4ec14bb36188-300x167.jpg 300w, https:\/\/www.radiopiu.net\/wordpress\/wp-content\/uploads\/2024\/07\/1610f1c2-1331-4844-8a69-4ec14bb36188-768x428.jpg 768w, https:\/\/www.radiopiu.net\/wordpress\/wp-content\/uploads\/2024\/07\/1610f1c2-1331-4844-8a69-4ec14bb36188.jpg 927w\" sizes=\"auto, (max-width: 300px) 100vw, 300px\" \/><\/a>DI ROBERTO MIANA, PORTAVOCE DELL&#8217;ALLEGHE HOCKEY<\/strong><\/p>\n<p>\u00c8 con grande piacere che la Societ\u00e0 Alleghe Hockey annuncia la conferma sotto al Civetta di Juho M\u00e4kel\u00e4. Attaccante ventottenne nativo della citt\u00e0 finlandese di Huittinen, dopo il buon campionato disputato, ha rinnovato per un\u2019altra stagione il contratto che lo legher\u00e0 alla Societ\u00e0 di via Lungolago. Ad Alleghe si \u00e8 dimostrato un serio professionista, allenandosi ogni giorno al 100% con umilt\u00e0, cercando sempre di migliorarsi e mostrando positivit\u00e0 sia dentro che fuori dal ghiaccio. Vestir\u00e0 ancora la maglia biancorossa con la quale, nella stagione di esordio nel nostro campionato, ha messo a referto 16 gol e 28 assist in 31 gare. M\u00e4kel\u00e4, prima di approdare la passata stagione in riva al lago, aveva fatto esperienze oltre che in Finlandia anche in Francia e Polonia. Pu\u00f2 giocare sia da centro che da ala e ha dato dimostrazione di saper partecipare al gioco di squadra con la capacit\u00e0 di esaltare le caratteristiche dei compagni di linea, oltre che essere decisivo sottoporta. Ad Alleghe torna un giocatore di valore con buone doti sia tecniche che umane.<\/p>\n<p>&nbsp;<\/p>\n<p>&nbsp;<\/p>\n<p>*********<\/p>\n","protected":false},"excerpt":{"rendered":"<p>******* &nbsp; DI ROBERTO MIANA, PORTAVOCE DELL&#8217;ALLEGHE HOCKEY \u00c8 con grande piacere che la Societ\u00e0 Alleghe Hockey annuncia la conferma sotto al Civetta di Juho M\u00e4kel\u00e4. Attaccante ventottenne nativo della citt\u00e0 finlandese di Huittinen, dopo il buon campionato disputato, ha rinnovato per un\u2019altra stagione il contratto che lo legher\u00e0 alla Societ\u00e0 di via Lungolago. Ad&hellip;<\/p>\n","protected":false},"author":4,"featured_media":401343,"comment_status":"closed","ping_status":"closed","sticky":false,"template":"","format":"standard","meta":{"_monsterinsights_skip_tracking":false,"_monsterinsights_sitenote_active":false,"_monsterinsights_sitenote_note":"","_monsterinsights_sitenote_category":0,"footnotes":""},"categories":[49],"tags":[],"class_list":["post-401342","post","type-post","status-publish","format-standard","has-post-thumbnail","hentry","category-news-18","category-49","description-off"],"img_url":"https:\/\/www.radiopiu.net\/wordpress\/wp-content\/uploads\/2024\/07\/1610f1c2-1331-4844-8a69-4ec14bb36188.jpg","_links":{"self":[{"href":"https:\/\/www.radiopiu.net\/wordpress\/wp-json\/wp\/v2\/posts\/401342","targetHints":{"allow":["GET"]}}],"collection":[{"href":"https:\/\/www.radiopiu.net\/wordpress\/wp-json\/wp\/v2\/posts"}],"about":[{"href":"https:\/\/www.radiopiu.net\/wordpress\/wp-json\/wp\/v2\/types\/post"}],"author":[{"embeddable":true,"href":"https:\/\/www.radiopiu.net\/wordpress\/wp-json\/wp\/v2\/users\/4"}],"replies":[{"embeddable":true,"href":"https:\/\/www.radiopiu.net\/wordpress\/wp-json\/wp\/v2\/comments?post=401342"}],"version-history":[{"count":0,"href":"https:\/\/www.radiopiu.net\/wordpress\/wp-json\/wp\/v2\/posts\/401342\/revisions"}],"wp:featuredmedia":[{"embeddable":true,"href":"https:\/\/www.radiopiu.net\/wordpress\/wp-json\/wp\/v2\/media\/401343"}],"wp:attachment":[{"href":"https:\/\/www.radiopiu.net\/wordpress\/wp-json\/wp\/v2\/media?parent=401342"}],"wp:term":[{"taxonomy":"category","embeddable":true,"href":"https:\/\/www.radiopiu.net\/wordpress\/wp-json\/wp\/v2\/categories?post=401342"},{"taxonomy":"post_tag","embeddable":true,"href":"https:\/\/www.radiopiu.net\/wordpress\/wp-json\/wp\/v2\/tags?post=401342"}],"curies":[{"name":"wp","href":"https:\/\/api.w.org\/{rel}","templated":true}]}}