{"id":401345,"date":"2024-07-26T06:00:35","date_gmt":"2024-07-26T04:00:35","guid":{"rendered":"https:\/\/www.radiopiu.net\/wordpress\/?p=401345"},"modified":"2024-07-26T10:57:29","modified_gmt":"2024-07-26T08:57:29","slug":"giornale-radiopiu-26-luglio-2024-direttore-mirko-mezzacasada-41-anni-25-giugno-1983-25-giugno-2024","status":"publish","type":"post","link":"https:\/\/www.radiopiu.net\/wordpress\/giornale-radiopiu-26-luglio-2024-direttore-mirko-mezzacasada-41-anni-25-giugno-1983-25-giugno-2024\/","title":{"rendered":"GIORNALE RADIOPIU 26 LUGLIO 2024 DIRETTORE MIRKO MEZZACASA\u2026DA 41 ANNI 25 GIUGNO 1983-25 GIUGNO 2024"},"content":{"rendered":"<p>******<\/p>\n<p>&nbsp;<\/p>\n<p><em><span style=\"color: #ff0000;\">ATTENZIONE: LA NUOVA APP PER IOS-IPHONE di Nicola Vettorello <\/span><\/em><a href=\"https:\/\/apps.apple.com\/it\/app\/radio-pi%C3%B9-emittente-agordina\/id1515939845\">https:\/\/apps.apple.com\/it\/app\/radio-pi%C3%B9-emittente-agordina\/id1515939845<\/a><\/p>\n<p><em style=\"color: #ff0000;\">ATTENZIONE: LA NUOVA APP RADIO\u00a0 PER ANDROID di Nicola Vettorello<\/em><\/p>\n<p><a href=\"https:\/\/play.google.com\/store\/apps\/details?id=net.radiopiu.iniko\" target=\"_blank\" rel=\"noopener noreferrer\">https:\/\/play.google.com\/store\/apps\/details?id=net.radiopiu.iniko\u00a0\u00a0\u00a0<\/a><\/p>\n<p>&nbsp;<\/p>\n<blockquote>\n<h2>viabilita&#8217; interdizione totale<\/h2>\n<\/blockquote>\n<p><span style=\"color: #0000ff;\"><strong>ROCCA PIETORE: OGGI\u00a0 DALLE 8.15 ALLE 17\u00a0 CHIUSURA TOTALE DALLE 563 DI SALESEI IN LOCALITA&#8217; DIGONERA\u00a0<\/strong><\/span><\/p>\n<p>&nbsp;<\/p>\n<hr \/>\n<p>&nbsp;<\/p>\n<p><strong><a class=\"dt-pswp-item\" href=\"https:\/\/www.radiopiu.net\/wordpress\/wp-content\/uploads\/2024\/07\/8a59cc7c-cf90-4367-b101-8e7aa53fabdb.jpg\" data-dt-img-description=\"\" data-large_image_width=\"750\" data-large_image_height=\"1099\"><img loading=\"lazy\" decoding=\"async\" class=\"size-medium wp-image-401580 alignleft\" src=\"https:\/\/www.radiopiu.net\/wordpress\/wp-content\/uploads\/2024\/07\/8a59cc7c-cf90-4367-b101-8e7aa53fabdb-205x300.jpg\" alt=\"\" width=\"205\" height=\"300\" srcset=\"https:\/\/www.radiopiu.net\/wordpress\/wp-content\/uploads\/2024\/07\/8a59cc7c-cf90-4367-b101-8e7aa53fabdb-205x300.jpg 205w, https:\/\/www.radiopiu.net\/wordpress\/wp-content\/uploads\/2024\/07\/8a59cc7c-cf90-4367-b101-8e7aa53fabdb-699x1024.jpg 699w, https:\/\/www.radiopiu.net\/wordpress\/wp-content\/uploads\/2024\/07\/8a59cc7c-cf90-4367-b101-8e7aa53fabdb.jpg 750w\" sizes=\"auto, (max-width: 205px) 100vw, 205px\" \/><\/a>OGGI ALLA RADIO.<\/strong>&#8230;<span style=\"color: #ff0000;\"> ALLE 4 E ALLE 6<\/span> LE NOTIZIE DALL&#8217;ITALIA E DAL MONDO <span style=\"color: #ff0000;\">6.15<\/span> PIROLE DE LENGA A CURA DEL MUSLA<span style=\"color: #ff0000;\"> 7.20<\/span> EL BAL DEL FIORI, DETTI E TRADIZIONI DI GIULIANA DA RONCH <span style=\"color: #ff0000;\">8.05<\/span> LA RASSEGNA STAMPA LOCALE <span style=\"color: #ff0000;\">8.30<\/span> PIU&#8217; SIAMO DI MARINA DONA&#8217;<span style=\"color: #ff0000;\"> 9.00<\/span><span style=\"color: #ff0000;\"> PREMIER LE NOVITA&#8217; MUSICALI CON MARCO GAZ 9.15 LE PROPOSTE ANNI OTTANTA DI MONICA FONTANIVE <\/span><span style=\"color: #ff0000;\">\u00a09.30<\/span> <strong><span style=\"color: #0000ff;\">VIABILITA&#8217; CON BOTOL CAR SERVICE (AGORDO-SEDICO-FELTRE)<\/span><\/strong> <span style=\"color: #ff0000;\">10.10<\/span>\u00a0 DINTORN E FORVAIA LE NOVE IN LADINO CON NORMAN DEL MUSLA\u00a0 \u00a0<span style=\"color: #ff0000;\">10.30<\/span> CANALE D&#8217;AGORDO IL SALOTTO DELLE DOLOMITI, CON CLAUDIA TANCON E CLAUDIO COSTA <span style=\"color: #ff0000;\">11.10<\/span> LA STORIA DEL FESTIVALBAR DI MIRCO BENCIVENNI <span style=\"color: #ff0000;\">12.00<\/span> VA TUTTO LISCIO\u00a0 <span style=\"color: #ff0000;\">12.30<\/span> <strong>GIORNALE RADIO PRINCIPALE<\/strong>\u00a0<span style=\"color: #ff0000;\">13.20<\/span> TRE PEZZI DI MARINA DONA&#8217; <span style=\"color: #ff0000;\">14.00<\/span> GOLDEN CLASSIC CON MARCO EDELVAIS\u00a0<span style=\"color: #ff0000;\"> 15.00 IL VENERDI ALLE TRE, MARINA C&#8217;E&#8217;, SPECIALE WEEK END 16<\/span> IL ROCK DI MARCO COSTANTINI 16.30 speciale incontro al nof filo&#8217; di cencenighe sulle piante alpine DI LUISA MANFROI\u00a0 <span style=\"color: #ff0000;\">1645<\/span> LE HIT DI MIRCO BENCIVENNI <span style=\"color: #ff0000;\">18.00<\/span> PIU&#8217; DANCE LE SELEZIONI CHE FANNO SALTARE DI DJ JACK, JACOPO DEL TEDESCO <span style=\"color: #ff0000;\">19<\/span> LE ANTICIPAZIONI DAL TG DI ANTENNA 3 DI TIZIANA BOLOGNANI <span style=\"color: #ff0000;\">19.10<\/span> MANUEL E DAVIDE CONEDERA, DAGLI SCAVI DEL PELSA ALLA MOSTRA FOSSILI E MINERALI (FOTO)<\/p>\n<blockquote><p><strong>rassegna stampa nazionale, ogni giorno alle 5 e alle 6 del mattino<\/strong><br \/>\n<em>giornali locali 7 rassegna stampa flash, 8 rassegna stampa, gr flash alle 10 e alle 11, principale 12.30. Informazione pomerIggio alle 15 (speciale) 16, 17, 18. Giornale radio nazionale: ogni ora dalle 5 del mattino, alle 20 della sera. <\/em><\/p><\/blockquote>\n<div class=\"x11i5rnm xat24cr x1mh8g0r x1vvkbs xtlvy1s x126k92a\">\n<p>&nbsp;<\/p>\n<div dir=\"auto\">\n<blockquote>\n<h1>niente buonanotte e buongiorno con foto.<\/h1>\n<\/blockquote>\n<p><span style=\"color: #000000;\"><strong>avvisa tutti i contatti della tua lista di non aprire e inviare le foto di buongiorno e buonanotte ce ne sono alcune che sono virus che formattano il tuo cellulare. Attenti \u00e8 molto pericoloso. L&#8217;hanno annunciato\u00a0 alla Rai TV, a Mediaset premium, a La 7, a Sky tg 24 e altre emittenti televisive e radio. Diffondi pi\u00f9 che puoi SOLO PAROLE SCRITTE.<\/strong><\/span><\/p>\n<p>&nbsp;<\/p>\n<\/div>\n<div dir=\"auto\">\n<hr \/>\n<p>&nbsp;<\/p>\n<p>&nbsp;<\/p>\n<div dir=\"auto\">\n<p><strong><a class=\"dt-pswp-item\" href=\"https:\/\/www.radiopiu.net\/wordpress\/wp-content\/uploads\/2024\/02\/2d44e751-d8a8-461b-8e22-d8e4e853b032.jpg\" data-dt-img-description=\"\" data-large_image_width=\"1600\" data-large_image_height=\"1200\"><img loading=\"lazy\" decoding=\"async\" class=\"wp-image-373307 alignleft\" src=\"https:\/\/www.radiopiu.net\/wordpress\/wp-content\/uploads\/2024\/02\/2d44e751-d8a8-461b-8e22-d8e4e853b032-300x225.jpg\" alt=\"\" width=\"105\" height=\"79\" srcset=\"https:\/\/www.radiopiu.net\/wordpress\/wp-content\/uploads\/2024\/02\/2d44e751-d8a8-461b-8e22-d8e4e853b032-300x225.jpg 300w, https:\/\/www.radiopiu.net\/wordpress\/wp-content\/uploads\/2024\/02\/2d44e751-d8a8-461b-8e22-d8e4e853b032-1024x768.jpg 1024w, https:\/\/www.radiopiu.net\/wordpress\/wp-content\/uploads\/2024\/02\/2d44e751-d8a8-461b-8e22-d8e4e853b032-768x576.jpg 768w, https:\/\/www.radiopiu.net\/wordpress\/wp-content\/uploads\/2024\/02\/2d44e751-d8a8-461b-8e22-d8e4e853b032-1536x1152.jpg 1536w, https:\/\/www.radiopiu.net\/wordpress\/wp-content\/uploads\/2024\/02\/2d44e751-d8a8-461b-8e22-d8e4e853b032.jpg 1600w\" sizes=\"auto, (max-width: 105px) 100vw, 105px\" \/><\/a>EL BAL DEL FIOR, DI GIULIANA DA RONCH, 26 LUGLIO<\/strong><strong>\u00a02024<em>\u00a0<\/em><\/strong><\/p>\n<audio class=\"wp-audio-shortcode\" id=\"audio-401345-1\" preload=\"none\" style=\"width: 100%;\" controls=\"controls\"><source type=\"audio\/mpeg\" src=\"https:\/\/www.radiopiu.net\/wordpress\/wp-content\/uploads\/2024\/07\/GVE-3.m4a?_=1\" \/><a href=\"https:\/\/www.radiopiu.net\/wordpress\/wp-content\/uploads\/2024\/07\/GVE-3.m4a\">https:\/\/www.radiopiu.net\/wordpress\/wp-content\/uploads\/2024\/07\/GVE-3.m4a<\/a><\/audio>\n<p>&nbsp;<\/p>\n<\/div>\n<\/div>\n<hr \/>\n<p>&nbsp;<\/p>\n<p>&nbsp;<\/p>\n<h1><span style=\"color: #ff0000;\"><a class=\"dt-pswp-item\" href=\"https:\/\/www.radiopiu.net\/wordpress\/wp-content\/uploads\/2024\/06\/th-5.jpg\" data-dt-img-description=\"\" data-large_image_width=\"326\" data-large_image_height=\"180\"><img loading=\"lazy\" decoding=\"async\" class=\"size-medium wp-image-395881 alignleft\" src=\"https:\/\/www.radiopiu.net\/wordpress\/wp-content\/uploads\/2024\/06\/th-5-300x166.jpg\" alt=\"\" width=\"300\" height=\"166\" srcset=\"https:\/\/www.radiopiu.net\/wordpress\/wp-content\/uploads\/2024\/06\/th-5-300x166.jpg 300w, https:\/\/www.radiopiu.net\/wordpress\/wp-content\/uploads\/2024\/06\/th-5.jpg 326w\" sizes=\"auto, (max-width: 300px) 100vw, 300px\" \/><\/a><\/span><\/h1>\n<h1><\/h1>\n<h1><\/h1>\n<h1><span style=\"color: #000000;\">26 luglio&#8230; alla radio l&#8217;almanacco\u00a0<\/span><\/h1>\n<audio class=\"wp-audio-shortcode\" id=\"audio-401345-2\" preload=\"none\" style=\"width: 100%;\" controls=\"controls\"><source type=\"audio\/mpeg\" src=\"https:\/\/www.radiopiu.net\/wordpress\/wp-content\/uploads\/2024\/07\/ALMANACCONEW-22.mp3?_=2\" \/><a href=\"https:\/\/www.radiopiu.net\/wordpress\/wp-content\/uploads\/2024\/07\/ALMANACCONEW-22.mp3\">https:\/\/www.radiopiu.net\/wordpress\/wp-content\/uploads\/2024\/07\/ALMANACCONEW-22.mp3<\/a><\/audio>\n<p>&nbsp;<\/p>\n<p>&nbsp;<\/p>\n<div dir=\"auto\">\n<hr \/>\n<\/div>\n<\/div>\n<blockquote>\n<blockquote>\n<h1><span style=\"color: #ff0000;\">\u00a0<\/span><\/h1>\n<h1><span style=\"color: #ff0000;\">I podcast informativi del mattino &#8211; audio &#8211;\u00a0\u00a0<\/span><\/h1>\n<\/blockquote>\n<p><strong><a class=\"dt-pswp-item\" href=\"https:\/\/www.radiopiu.net\/wordpress\/wp-content\/uploads\/2023\/11\/th-10.jpg\" data-dt-img-description=\"\" data-large_image_width=\"320\" data-large_image_height=\"180\"><img loading=\"lazy\" decoding=\"async\" class=\"wp-image-362866 alignleft\" src=\"https:\/\/www.radiopiu.net\/wordpress\/wp-content\/uploads\/2023\/11\/th-10-300x169.jpg\" alt=\"\" width=\"185\" height=\"104\" srcset=\"https:\/\/www.radiopiu.net\/wordpress\/wp-content\/uploads\/2023\/11\/th-10-300x169.jpg 300w, https:\/\/www.radiopiu.net\/wordpress\/wp-content\/uploads\/2023\/11\/th-10.jpg 320w\" sizes=\"auto, (max-width: 185px) 100vw, 185px\" \/><\/a>LA RASSEGNA STAMPA NAZIONALE ALLA RADIO, OGNI GIORNO ALLE 5 E ALLE 6 DEL MATTINO <span style=\"color: #0000ff;\">viene pubblicata alle 6.00 <span style=\"color: #ff0000;\">DIRETTA RADIO\u00a0 \u00a0\u00a0<\/span><\/span><\/strong><\/p><\/blockquote>\n<p>&nbsp;<\/p>\n<p><strong>NOTIZIE DELLA NOTTE\u00a0 \u00a0<\/strong><\/p>\n<p><strong>In Brasile<\/strong> i primi due morti di febbre Oropuche al mondo <strong>Arrestato &#8216;El Mayo&#8217;<\/strong>, co-fondatore del cartello Sinaloa <strong>Harris<\/strong>, &#8216;resto impegnata per una soluzione a due Stati&#8217; <strong>Uccisa per errore<\/strong> in strada a Roma, arrestati due ventenni <strong>Kamala Harris,<\/strong> &#8216;pronta al dibattito con Donald Trump&#8217; <span style=\"color: #ff0000;\">&#8216;L&#8217;Ue verso maxi-multa da oltre 10 miliardi a Meta<\/span> La sanzione a settembre-ottobre per caso Marketplace&#8217; <strong>Trump<\/strong> avanti di un punto con il 48% dei consensi, Harris 47% <strong>Il petrolio<\/strong> chiude in rialzo a New York a 78,29 dollari<\/p>\n<h2>AUDIO dalle 6 del mattino<\/h2>\n<audio class=\"wp-audio-shortcode\" id=\"audio-401345-3\" preload=\"none\" style=\"width: 100%;\" controls=\"controls\"><source type=\"audio\/mpeg\" src=\"https:\/\/www.radiopiu.net\/wordpress\/wp-content\/uploads\/2024\/07\/GIORNALEDELLESEI-22.mp3?_=3\" \/><a href=\"https:\/\/www.radiopiu.net\/wordpress\/wp-content\/uploads\/2024\/07\/GIORNALEDELLESEI-22.mp3\">https:\/\/www.radiopiu.net\/wordpress\/wp-content\/uploads\/2024\/07\/GIORNALEDELLESEI-22.mp3<\/a><\/audio>\n<p>&nbsp;<\/p>\n<p>&nbsp;<\/p>\n<hr \/>\n<p>&nbsp;<\/p>\n<h1 style=\"text-align: center;\"><span style=\"color: #ff0000;\">I podcast informativi del mattino &#8211; audio &#8211;\u00a0<\/span><\/h1>\n<p><strong><a class=\"dt-pswp-item\" href=\"https:\/\/www.radiopiu.net\/wordpress\/wp-content\/uploads\/2023\/12\/images.png\" data-dt-img-description=\"\" data-large_image_width=\"316\" data-large_image_height=\"160\"><img loading=\"lazy\" decoding=\"async\" class=\"wp-image-367008 alignleft\" src=\"https:\/\/www.radiopiu.net\/wordpress\/wp-content\/uploads\/2023\/12\/images-300x152.png\" alt=\"\" width=\"235\" height=\"119\" srcset=\"https:\/\/www.radiopiu.net\/wordpress\/wp-content\/uploads\/2023\/12\/images-300x152.png 300w, https:\/\/www.radiopiu.net\/wordpress\/wp-content\/uploads\/2023\/12\/images.png 316w\" sizes=\"auto, (max-width: 235px) 100vw, 235px\" \/><\/a>OGNI GIORNO ALLE SETTE DEL MATTINO, LA RASSEGNA STAMPA LOCALE FLASH&#8230; PER CHI VA IN FRETTA. I TITOLI DAI GIORNALI E DAL SITO WWW.RADIOPIU.NET <span style=\"color: #0000ff;\">viene pubblicato alle 7.00<\/span> <span style=\"color: #ff0000;\">DIRETTA RADIO\u00a0<\/span><\/strong><\/p>\n<p><em><span style=\"color: #ff0000;\">per chi va in fretta&#8230; tante notizie in pochi minuti. L&#8217;informazione locale alla radio, ogni ora dalle 7 del mattino alle 19 della sera.\u00a0 <\/span><\/em><\/p>\n<p><strong>CALABRIA<\/strong> Sequestrato un villaggio turistico, le casette costruite da 40 anni <strong>NAPOLI<\/strong> Le fiaccole a Scampia, il dolore e un minuto di silenzio <strong>GENOVA<\/strong> Azioni No Tav contro i cantieri, 55 denunce<br \/>\n<strong>MILANO<\/strong> Accoltellato gravemente a Monza da tre &#8216;Latin King&#8217;, arrestati <strong>Incendi boschivi<\/strong>, 23.272 interventi dei Vigili del fuoco dal 15 giugno <strong>PESCARA<\/strong> L&#8217;omicidio di Thomas, nei cellulari la premeditazione<br \/>\n<strong>IMOLA<\/strong> Una bambina di 5 anni annega nella piscina di un hotel<\/p>\n<h1>AUDIO dalle 7 del mattino<\/h1>\n<p>&nbsp;<\/p>\n<hr \/>\n<p>&nbsp;<\/p>\n<h1><\/h1>\n<h1 style=\"text-align: center;\"><span style=\"color: #ff0000;\"><a class=\"dt-pswp-item\" href=\"https:\/\/www.radiopiu.net\/wordpress\/wp-content\/uploads\/2022\/01\/026c3f9d-dae9-4040-a3c1-a6530231bcc3.jpg\" data-dt-img-description=\"\" data-large_image_width=\"1152\" data-large_image_height=\"2048\"><img loading=\"lazy\" decoding=\"async\" class=\"wp-image-251839 alignleft\" src=\"https:\/\/www.radiopiu.net\/wordpress\/wp-content\/uploads\/2022\/01\/026c3f9d-dae9-4040-a3c1-a6530231bcc3-169x300.jpg\" alt=\"\" width=\"100\" height=\"177\" srcset=\"https:\/\/www.radiopiu.net\/wordpress\/wp-content\/uploads\/2022\/01\/026c3f9d-dae9-4040-a3c1-a6530231bcc3-169x300.jpg 169w, https:\/\/www.radiopiu.net\/wordpress\/wp-content\/uploads\/2022\/01\/026c3f9d-dae9-4040-a3c1-a6530231bcc3-576x1024.jpg 576w, https:\/\/www.radiopiu.net\/wordpress\/wp-content\/uploads\/2022\/01\/026c3f9d-dae9-4040-a3c1-a6530231bcc3-768x1365.jpg 768w, https:\/\/www.radiopiu.net\/wordpress\/wp-content\/uploads\/2022\/01\/026c3f9d-dae9-4040-a3c1-a6530231bcc3-864x1536.jpg 864w, https:\/\/www.radiopiu.net\/wordpress\/wp-content\/uploads\/2022\/01\/026c3f9d-dae9-4040-a3c1-a6530231bcc3.jpg 1152w\" sizes=\"auto, (max-width: 100px) 100vw, 100px\" \/><\/a>I podcast informativi del mattino &#8211; audio &#8211;\u00a0<\/span><\/h1>\n<blockquote><p><strong>GIORNALE RADIO NAZIONALE, EDIZIONE DELLE SETTE <span style=\"color: #0000ff;\">viene pubblicato alle 7.05 <span style=\"color: #ff0000;\">DIRETTA RADIO\u00a0<\/span><\/span><\/strong><\/p><\/blockquote>\n<p><strong>il giornale radionazionale e&#8217; in onda ogni ora, dalle sette del mattino alle venti della sera\u00a0 \u00a0<\/strong><strong>\u00a0<\/strong><\/p>\n<p>&nbsp;<\/p>\n<h2>AUDIO dalle sette del mattino, ogni ora alla radio<\/h2>\n<p>&nbsp;<\/p>\n<p>&nbsp;<\/p>\n<hr \/>\n<p>&nbsp;<\/p>\n<p>&nbsp;<\/p>\n<h1><span style=\"color: #ff0000;\">I podcast informativi del mattino &#8211; video &#8211;\u00a0<\/span><\/h1>\n<h2><strong><a class=\"dt-pswp-item\" href=\"https:\/\/www.radiopiu.net\/wordpress\/wp-content\/uploads\/2023\/12\/th-10.jpg\" data-dt-img-description=\"\" data-large_image_width=\"245\" data-large_image_height=\"180\"><img loading=\"lazy\" decoding=\"async\" class=\" wp-image-367395 alignleft\" src=\"https:\/\/www.radiopiu.net\/wordpress\/wp-content\/uploads\/2023\/12\/th-10.jpg\" alt=\"\" width=\"166\" height=\"122\" \/><\/a>RASSEGNA STAMPA LOCALE, ORE OTTO 05<\/strong><\/h2>\n<h2><strong> <span style=\"color: #0000ff;\">viene\u00a0 <\/span><\/strong><strong><span style=\"color: #0000ff;\">pubblicata alle 8.05 <span style=\"color: #ff0000;\">DIRETTA RADIO\u00a0\u00a0<\/span><\/span><\/strong><\/h2>\n<p><strong>DI MIRKO MEZZACASA\u00a0 \u00a0<\/strong><button class=\"rounded-lg text-token-text-secondary hover:bg-token-main-surface-secondary\"><\/button><\/p>\n<p><strong>OGGI SUL Corriere delle Alpi E NOTIZIARI DI Radio Pi\u00f9<\/strong><\/p>\n<p>&nbsp;<\/p>\n<h2><span style=\"color: #ff0000;\"><strong>VIDEO\u00a0 \u00a0in diretta dalle 8 del mattino\u00a0<\/strong><\/span><\/h2>\n<p><strong>SANTA GIUSTINA<\/strong> La strada comunale di Cergnai che porta all\u2019ostello dell\u2019Altanon \u00e8 chiusa per frana a causa delle piogge. Il cedimento della carreggiata, dovuto anche all\u2019erosione del torrente, ha bloccato l\u2019accesso a una casa abitata, rendendo urgente l\u2019intervento della Provincia. La famiglia pu\u00f2 comunque accedere a piedi. L\u2019ostello dovrebbe riaprire il prossimo anno.<br \/>\n<strong>CENCENIGHE<\/strong> I funerali di William Fa\u00e8 si svolgeranno oggi alle 16 in chiesa a Cencenighe, saranno preceduti dal rosario. Ne danno il triste annuncio la moglie Carlotta Greggio, il pap\u00e0 Remo, la mamma Renata. Gli alpini di Cencenighe abbracciano la famiglie, i parenti, gli amici e comunicano che i festeggiamenti alpini in Pineta previsti per il fine settimana sono stati momentaneamente annullati. Anche la Proloco di Cencenighe ricorda con affetto William per il suo importante contributo dato al sodalizio in veste di Presidente, fu anche presidente del Consorzio Proloco dell\u2019Agordino.<br \/>\n<strong>CANALE D\u2019AGORDO<\/strong> Ezio l\u2019arbitro e allenatore del Canale d\u2019Agordo nel 1989 che coincide con la conquista del trofeo Agordino. Oggi i suoi giocatori, gli amici, saranno vicini alla a moglie Miriam, ai figli Luca e Marta, alla sorella Giuseppina, cognato e parenti tutti. I funerali avranno luogo alle 14:30 nella Chiesa di Canale D\u2019Agordo.<br \/>\n<strong>IL COMMOVENTE MESSAGGIO DI GIORGIA BUSIN, E LO STRISCIONE AL \u201cMARACANAL\u201d<\/strong><br \/>\n<em>L\u2019unico arbitro che ave mai cat\u00e0 che prima de tut avea a cor el fatto che i boce i emparese. E tra chi boce hai avest la fortuna de ghe ese anca mi. &#x26bd;&#x2764;&#xfe0f; Un come ti segur no se sel desmentega.&#x1f54a;&#xfe0f;<\/em><br \/>\n<strong>POKER DI INTERVENTI PER IL SOCCORSO ALPINO<\/strong><br \/>\nA Falcade, l\u2019elicottero del Suem ha soccorso una turista olandese con problemi respiratori al Rifugio Mulaz, portandola all\u2019ospedale di Feltre. A Cortina, tre turisti americani in difficolt\u00e0 sulla Ferrata Berti sono stati recuperati dall\u2019elisoccorso, con uno di loro colto da attacco di panico. In Val di Zoldo, due escursioniste pordenonesi sono state soccorse a causa di uno smottamento sul Viaz del Cengion. Sempre a Cortina, un 72enne tedesco \u00e8 stato portato a valle dopo una caduta in bici a Rio Gere. Inoltre, il Soccorso alpino della Guardia di finanza di Auronzo \u00e8 intervenuto vicino al Rifugio Lavaredo per un\u2019escursionista con una caviglia infortunata.<\/p>\n<p>&nbsp;<\/p>\n<p><iframe loading=\"lazy\" title=\"DAL 1983 LA RASSEGNA STAMPA LOCALE di mirko mezzacasa. L&#039;ORIGINALE\" width=\"1200\" height=\"675\" src=\"https:\/\/www.youtube.com\/embed\/FX3eWJCNOMo?feature=oembed\" frameborder=\"0\" allow=\"accelerometer; autoplay; clipboard-write; encrypted-media; gyroscope; picture-in-picture; web-share\" referrerpolicy=\"strict-origin-when-cross-origin\" allowfullscreen><\/iframe><\/p>\n<p>&nbsp;<\/p>\n<h2><\/h2>\n<hr \/>\n<p>&nbsp;<\/p>\n<p>&nbsp;<\/p>\n<p><strong><a class=\"dt-pswp-item\" href=\"https:\/\/www.radiopiu.net\/wordpress\/wp-content\/uploads\/2023\/12\/ANTENNA.png\" data-dt-img-description=\"\" data-large_image_width=\"300\" data-large_image_height=\"166\"><img loading=\"lazy\" decoding=\"async\" class=\" wp-image-366306 alignleft\" src=\"https:\/\/www.radiopiu.net\/wordpress\/wp-content\/uploads\/2023\/12\/ANTENNA.png\" alt=\"\" width=\"175\" height=\"97\" \/><\/a>IERI SERA, DAL TG DI ANTENNA 3, ogni sera alle 19 le anticipazioni alla radio, quello che poi seguirete nel TELEGIORNALE BELLUNESE\u00a0 in onda alle 19.30 sul CANALE 10 del digitale terrestre.\u00a0\u00a0<\/strong><\/p>\n<p>&nbsp;<\/p>\n<p><span style=\"color: #ff0000;\"><strong>\u00a0IERI SERA ALLA RADIO&#8230; LE ANTICIPAZIONI DI\u00a0 STEFANO BOZZI<\/strong><\/span><\/p>\n<audio class=\"wp-audio-shortcode\" id=\"audio-401345-4\" preload=\"none\" style=\"width: 100%;\" controls=\"controls\"><source type=\"audio\/mpeg\" src=\"https:\/\/www.radiopiu.net\/wordpress\/wp-content\/uploads\/2024\/07\/ANTENNA3-18.mp3?_=4\" \/><a href=\"https:\/\/www.radiopiu.net\/wordpress\/wp-content\/uploads\/2024\/07\/ANTENNA3-18.mp3\">https:\/\/www.radiopiu.net\/wordpress\/wp-content\/uploads\/2024\/07\/ANTENNA3-18.mp3<\/a><\/audio>\n<p>&nbsp;<\/p>\n<p><span style=\"color: #ff0000;\"><strong>\u00a0<\/strong><\/span><\/p>\n<p>&nbsp;<\/p>\n<hr \/>\n<p>&nbsp;<\/p>\n<blockquote>\n<h3>A TAIBON LAVORI SULLA STRADA DI TAIER E A SOCCOL<\/h3>\n<\/blockquote>\n<p><strong class=\"photoswipe-wrapper\"><a class=\"dt-pswp-item pspw-wrap-ready\" href=\"https:\/\/www.radiopiu.net\/wordpress\/wp-content\/uploads\/2023\/02\/taibon.jpg\" data-dt-img-description=\"\" data-large_image_width=\"959\" data-large_image_height=\"540\"><img loading=\"lazy\" decoding=\"async\" class=\" wp-image-324258 alignleft\" src=\"https:\/\/www.radiopiu.net\/wordpress\/wp-content\/uploads\/2023\/02\/taibon-300x169.jpg\" sizes=\"auto, (max-width: 151px) 100vw, 151px\" srcset=\"https:\/\/www.radiopiu.net\/wordpress\/wp-content\/uploads\/2023\/02\/taibon-300x169.jpg 300w, https:\/\/www.radiopiu.net\/wordpress\/wp-content\/uploads\/2023\/02\/taibon-768x432.jpg 768w, https:\/\/www.radiopiu.net\/wordpress\/wp-content\/uploads\/2023\/02\/taibon.jpg 959w\" alt=\"\" width=\"151\" height=\"85\" \/><\/a>TAIBON<\/strong> Fino al 27 settembre, la strada comunale di Taier (ex S.P. 34) sar\u00e0 interessata da lavori, con modifiche alla viabilit\u00e0: divieto di transito per tutti i veicoli fino al 2 agosto alle 18; senso unico alternato regolato a vista o da movieri dal 2 agosto alle 18 e fino al 27 settembre. Inoltre, lunedi, la strada comunale di Soccol, nel tratto tra l\u2019ex Locanda (intersezione con Campedel e Serach) fino alla frazione Soccol, avr\u00e0 divieto di transito tra le 8 e le 18, eccetto per i veicoli autorizzati.<\/p>\n<h3><\/h3>\n<hr \/>\n<p>&nbsp;<\/p>\n<blockquote>\n<h3>Frana a Cergnai: chiusa la strada per l&#8217;ostello dell&#8217;Altanon<\/h3>\n<\/blockquote>\n<p><strong>SANTA GIUSTINA<\/strong> La strada comunale di Cergnai che porta all\u2019ostello dell\u2019Altanon \u00e8 chiusa per frana a causa delle piogge. Il cedimento della carreggiata, dovuto anche all\u2019erosione del torrente, ha bloccato l\u2019accesso a una casa abitata, rendendo urgente l\u2019intervento della Provincia. La famiglia pu\u00f2 comunque accedere a piedi. L\u2019ostello dovrebbe riaprire il prossimo anno.<\/p>\n<p>&nbsp;<\/p>\n<hr \/>\n<p>&nbsp;<\/p>\n<blockquote>\n<h3>ACQUA INQUINATA E RINTRI POTABILITA&#8217;<\/h3>\n<\/blockquote>\n<p><strong>LIVINALLONGO<\/strong>\u00a0In localit\u00e0 Collaz\u00a0 l\u2019acqua erogata dall\u2019acquedotto \u00e8 di nuovo potabile e pu\u00f2 essere usata, quindi, per scopi alimentari<\/p>\n<p><strong>ALLEGHE<\/strong> In seguito a degli accertamenti d parte dell&#8217;ULSS 1 Dolomiti che hanno evidenziato una difformit\u00e0 dei parametri microbiologici si consiglia di non utilizzare l&#8217;acqua per scopi alimentari<\/p>\n<p><strong>AGORDO <\/strong>nelle localit\u00e0 Piasent, Colvignas, Campon e Le Foche l&#8217;acqua erogata dall&#8217;acquedotto \u00e8 di nuovo potabile e pu\u00f2 essere usata, quindi, per scopi alimentari.<\/p>\n<p>&nbsp;<\/p>\n<p>&nbsp;<\/p>\n<hr \/>\n<p>&nbsp;<\/p>\n<blockquote>\n<blockquote>\n<h3><em>OGGI IL SALUTO\u00a0<\/em><\/h3>\n<\/blockquote>\n<p><strong>CENCENIGHE<\/strong> I funerali di William Fa\u00e8 si svolgeranno oggi\u00a0 alle 16 in chiesa a Cencenighe, saranno preceduti dal rosario. Ne danno il triste annuncio la moglie Carlotta Greggio, il pap\u00e0 Remo, la mamma Renata. Gli alpini di Cencenighe abbracciano la famiglie, i parenti, gli amici e comunicano che i festeggiamenti alpini in Pineta previsti per il fine settimana sono stati momentaneamente annullati. Anche la Proloco di Cencenighe ricorda con affetto\u00a0 William per il suo importante contributo dato al sodalizio in veste di Presidente, fu anche presidente del Consorzio Proloco dell&#8217;Agordino.<\/p>\n<p><strong>CANALE D&#8217;AGORDO<\/strong> Ezio l&#8217;arbitro e allenatore del Canale d&#8217;Agordo nel 1989 che coincide con la conquista <a class=\"dt-pswp-item\" href=\"https:\/\/www.radiopiu.net\/wordpress\/wp-content\/uploads\/2024\/07\/452376772_471634048921389_8356919332592609456_n.jpg\" data-dt-img-description=\"\" data-large_image_width=\"366\" data-large_image_height=\"206\"><img loading=\"lazy\" decoding=\"async\" class=\"size-medium wp-image-401556 alignleft\" src=\"https:\/\/www.radiopiu.net\/wordpress\/wp-content\/uploads\/2024\/07\/452376772_471634048921389_8356919332592609456_n-300x169.jpg\" alt=\"\" width=\"300\" height=\"169\" srcset=\"https:\/\/www.radiopiu.net\/wordpress\/wp-content\/uploads\/2024\/07\/452376772_471634048921389_8356919332592609456_n-300x169.jpg 300w, https:\/\/www.radiopiu.net\/wordpress\/wp-content\/uploads\/2024\/07\/452376772_471634048921389_8356919332592609456_n.jpg 366w\" sizes=\"auto, (max-width: 300px) 100vw, 300px\" \/><\/a>del trofeo Agordino. Oggi i suoi giocatori, gli amici, saranno vicini alla a moglie Miriam, ai figli Luca e Marta, alla sorella Giuseppina, cognato e parenti tutti. I funerali avranno luogo\u00a0 alle 14:30 nella Chiesa di Canale D&#8217;Agordo.<\/p>\n<blockquote><p><strong>IL COMMOVENTE MESSAGGIO DI GIORGIA BUSIN, E LO STRISCIONE AL &#8220;MARACANAL&#8221;<\/strong><br \/>\n<em>L&#8217;unico arbitro che ave mai cat\u00e0 che prima de tut avea a cor el fatto che i boce i emparese. E tra chi boce hai avest la fortuna de ghe ese anca mi. <span class=\"html-span xexx8yu x4uap5 x18d9i69 xkhd6sd x1hl2dhg x16tdsg8 x1vvkbs x3nfvp2 x1j61x8r x1fcty0u xdj266r xat24cr xgzva0m xhhsvwb xxymvpz xlup9mm x1kky2od\"><img loading=\"lazy\" decoding=\"async\" class=\"xz74otr\" src=\"https:\/\/static.xx.fbcdn.net\/images\/emoji.php\/v9\/taf\/1\/16\/26bd.png\" alt=\"&#x26bd;\" width=\"16\" height=\"16\" \/><\/span><span class=\"html-span xexx8yu x4uap5 x18d9i69 xkhd6sd x1hl2dhg x16tdsg8 x1vvkbs x3nfvp2 x1j61x8r x1fcty0u xdj266r xat24cr xgzva0m xhhsvwb xxymvpz xlup9mm x1kky2od\"><img loading=\"lazy\" decoding=\"async\" class=\"xz74otr\" src=\"https:\/\/static.xx.fbcdn.net\/images\/emoji.php\/v9\/t6c\/1\/16\/2764.png\" alt=\"&#x2764;&#xfe0f;\" width=\"16\" height=\"16\" \/><\/span> Un come ti segur no se sel desmentega.<span class=\"html-span xexx8yu x4uap5 x18d9i69 xkhd6sd x1hl2dhg x16tdsg8 x1vvkbs x3nfvp2 x1j61x8r x1fcty0u xdj266r xat24cr xgzva0m xhhsvwb xxymvpz xlup9mm x1kky2od\"><img loading=\"lazy\" decoding=\"async\" class=\"xz74otr\" src=\"https:\/\/static.xx.fbcdn.net\/images\/emoji.php\/v9\/tba\/1\/16\/1f54a.png\" alt=\"&#x1f54a;&#xfe0f;\" width=\"16\" height=\"16\" \/><\/span><\/em><\/p><\/blockquote>\n<\/blockquote>\n\n\t\t\t<style type='text\/css'>\n\t\t\t\t#gallery-1 {\n\t\t\t\t\tmargin: auto;\n\t\t\t\t}\n\t\t\t\t#gallery-1 .gallery-item {\n\t\t\t\t\tfloat: left;\n\t\t\t\t\tmargin-top: 10px;\n\t\t\t\t\ttext-align: center;\n\t\t\t\t\twidth: 50%;\n\t\t\t\t}\n\t\t\t\t#gallery-1 img {\n\t\t\t\t\tborder: 2px solid #cfcfcf;\n\t\t\t\t}\n\t\t\t\t#gallery-1 .gallery-caption {\n\t\t\t\t\tmargin-left: 0;\n\t\t\t\t}\n\t\t\t\t\/* see gallery_shortcode() in wp-includes\/media.php *\/\n\t\t\t<\/style>\n\t\t<div id='gallery-1' class='dt-gallery-container gallery galleryid-401345 gallery-columns-2 gallery-size-thumbnail'><dl class='gallery-item'>\n\t\t\t\t<dt class='gallery-icon landscape'>\n\t\t\t\t\t<a class=\"rollover rollover-zoom dt-pswp-item\" title=\"laghl\" data-dt-img-description=\"\" data-large_image_width=\"205\" data-large_image_height=\"177\"href='https:\/\/www.radiopiu.net\/wordpress\/wp-content\/uploads\/2024\/07\/laghl.png'><img loading=\"lazy\" decoding=\"async\" width=\"150\" height=\"150\" src=\"https:\/\/www.radiopiu.net\/wordpress\/wp-content\/uploads\/2024\/07\/laghl-150x150.png\" class=\"attachment-thumbnail size-thumbnail\" alt=\"\" \/><\/a>\n\t\t\t\t<\/dt><\/dl><dl class='gallery-item'>\n\t\t\t\t<dt class='gallery-icon landscape'>\n\t\t\t\t\t<a class=\"rollover rollover-zoom dt-pswp-item\" title=\"WILLIAM FAE\" data-dt-img-description=\"\" data-large_image_width=\"402\" data-large_image_height=\"335\"href='https:\/\/www.radiopiu.net\/wordpress\/wp-content\/uploads\/2024\/07\/WILLIAM-FAE.jpg'><img loading=\"lazy\" decoding=\"async\" width=\"150\" height=\"150\" src=\"https:\/\/www.radiopiu.net\/wordpress\/wp-content\/uploads\/2024\/07\/WILLIAM-FAE-150x150.jpg\" class=\"attachment-thumbnail size-thumbnail\" alt=\"\" \/><\/a>\n\t\t\t\t<\/dt><\/dl><br style=\"clear: both\" \/>\n\t\t\t<\/div>\n\n<p>&nbsp;<\/p>\n<hr \/>\n<p>&nbsp;<\/p>\n<blockquote>\n<h3>POKER DI INTERVENTI PER IL SOCCORSO ALPINO<\/h3>\n<\/blockquote>\n<p><strong><a class=\"dt-pswp-item\" href=\"https:\/\/www.radiopiu.net\/wordpress\/wp-content\/uploads\/2019\/08\/SOCCORSO-ALPINO-2019.jpg\" data-dt-img-description=\"\" data-large_image_width=\"1600\" data-large_image_height=\"1200\"><img loading=\"lazy\" decoding=\"async\" class=\" wp-image-96479 alignleft\" src=\"https:\/\/www.radiopiu.net\/wordpress\/wp-content\/uploads\/2019\/08\/SOCCORSO-ALPINO-2019-300x225.jpg\" alt=\"\" width=\"179\" height=\"134\" srcset=\"https:\/\/www.radiopiu.net\/wordpress\/wp-content\/uploads\/2019\/08\/SOCCORSO-ALPINO-2019-300x225.jpg 300w, https:\/\/www.radiopiu.net\/wordpress\/wp-content\/uploads\/2019\/08\/SOCCORSO-ALPINO-2019-768x576.jpg 768w, https:\/\/www.radiopiu.net\/wordpress\/wp-content\/uploads\/2019\/08\/SOCCORSO-ALPINO-2019-1024x768.jpg 1024w, https:\/\/www.radiopiu.net\/wordpress\/wp-content\/uploads\/2019\/08\/SOCCORSO-ALPINO-2019.jpg 1600w\" sizes=\"auto, (max-width: 179px) 100vw, 179px\" \/><\/a><\/strong>A Falcade, l&#8217;elicottero del Suem ha soccorso una turista olandese con problemi respiratori al Rifugio Mulaz, portandola all&#8217;ospedale di Feltre. A Cortina, tre turisti americani in difficolt\u00e0 sulla Ferrata Berti sono stati recuperati dall&#8217;elisoccorso, con uno di loro colto da attacco di panico. In Val di Zoldo, due escursioniste pordenonesi sono state soccorse a causa di uno smottamento sul Viaz del Cengion. Sempre a Cortina, un 72enne tedesco \u00e8 stato portato a valle dopo una caduta in bici a Rio Gere. Inoltre, il Soccorso alpino della Guardia di finanza di Auronzo \u00e8 intervenuto vicino al Rifugio Lavaredo per un&#8217;escursionista con una caviglia infortunata.<strong><br \/>\n<\/strong><\/p>\n<p>&nbsp;<\/p>\n<p>&nbsp;<\/p>\n<hr \/>\n<p>&nbsp;<\/p>\n<blockquote>\n<h3>VIGILI DEL FUOCO AL LAVORO A FALCADE PER IL RECUPERO DI UN MEZZO PESANTE<\/h3>\n<\/blockquote>\n<p><strong>FALCADE<\/strong> Ieri alle 10 i Vigili del Fuoco di Agordo e Belluno, dotati di autogru, sono intervenuti in via Marmolada, nel comune di Falcade, per il recupero di un autocarro a quattro assi carico di asfalti rimasto in bilico fuori dalla carreggiata. Le operazioni di recupero si sono concluse con successo alle 14:56. Fortunatamente, nessuna persona \u00e8 rimasta ferita durante l\u2019incidente o le operazioni di soccorso.<\/p>\n<div style=\"width: 1200px;\" class=\"wp-video\"><video class=\"wp-video-shortcode\" id=\"video-401345-1\" width=\"1200\" height=\"677\" preload=\"metadata\" controls=\"controls\"><source type=\"video\/mp4\" src=\"https:\/\/www.radiopiu.net\/wordpress\/wp-content\/uploads\/2024\/07\/WhatsApp-Video-2024-07-25-at-16.mp4?_=1\" \/><a href=\"https:\/\/www.radiopiu.net\/wordpress\/wp-content\/uploads\/2024\/07\/WhatsApp-Video-2024-07-25-at-16.mp4\">https:\/\/www.radiopiu.net\/wordpress\/wp-content\/uploads\/2024\/07\/WhatsApp-Video-2024-07-25-at-16.mp4<\/a><\/video><\/div>\n<p>&nbsp;<\/p>\n<p>&nbsp;<\/p>\n<hr \/>\n<p>&nbsp;<\/p>\n<blockquote><p><strong>Atto vandalico sul monte Buscada a Erto: ruspa sabotata<\/strong><\/p><\/blockquote>\n<p><strong>LONGARONE<\/strong> Sul monte Buscada a Erto, una ruspa della famiglia Corona \u00e8 stata spinta lungo un dirupo, rischiando danni gravi. La famiglia gestisce un rifugio e museo nell&#8217;antica cava di marmo e sospetta ritorsioni. I carabinieri indagano sull&#8217;accaduto. La macchina, acquistata da poco per la manutenzione dei sentieri, \u00e8 ora danneggiata. La gestione della strada d&#8217;accesso \u00e8 problematica, con istituzioni che non offrono supporto. Questo sabotaggio potrebbe essere una risposta alle lamentele dei Corona sulla gestione delle infrastrutture e dei sentieri della zona, che appaiono trascurati.<\/p>\n<p>&nbsp;<\/p>\n<hr \/>\n<p>&nbsp;<\/p>\n<blockquote>\n<h3>Lapide Partigiana Rimossa dalla Caserma Tasso: Proteste e Richieste di Ripristino<\/h3>\n<\/blockquote>\n<p><strong><a class=\"dt-pswp-item\" href=\"https:\/\/www.radiopiu.net\/wordpress\/wp-content\/uploads\/2024\/07\/Senza-nome-107.png\" data-dt-img-description=\"\" data-large_image_width=\"148\" data-large_image_height=\"103\"><img loading=\"lazy\" decoding=\"async\" class=\"size-full wp-image-401546 alignleft\" src=\"https:\/\/www.radiopiu.net\/wordpress\/wp-content\/uploads\/2024\/07\/Senza-nome-107.png\" alt=\"\" width=\"148\" height=\"103\" \/><\/a>BELLUNO<\/strong> La rimozione di una lapide commemorativa dalla ex caserma Tasso di Belluno, dedicata al partigiano Corrado Costa, ha suscitato sconcerto. Gino Sperandio, presidente dell&#8217;Anpi, ha sollecitato il sindaco De Pellegrin per il ripristino immediato, nonostante la propriet\u00e0 dell&#8217;immobile sia del Demanio. La lapide ricordava l&#8217;omicidio di Costa nel 1944, durante l&#8217;occupazione nazista. Sperandio evidenzia l&#8217;importanza storica della caserma come luogo di torture nazifasciste. In assenza di un intervento rapido, l&#8217;Anpi minaccia manifestazioni pubbliche per preservare la memoria partigiana.<\/p>\n<p>&nbsp;<\/p>\n<p>&nbsp;<\/p>\n<hr \/>\n<p>&nbsp;<\/p>\n<blockquote>\n<h3>ESSILORLUXOTTICA: SECONDO TRIMESTRE IN CRESCITA DI FATTURATO E MARGINI IN ESPANSIONE<\/h3>\n<\/blockquote>\n<p><strong><a class=\"dt-pswp-item\" href=\"https:\/\/www.radiopiu.net\/wordpress\/wp-content\/uploads\/2024\/04\/essilorluxottica.png\" data-dt-img-description=\"\" data-large_image_width=\"400\" data-large_image_height=\"400\"><img loading=\"lazy\" decoding=\"async\" class=\" wp-image-386124 alignleft\" src=\"https:\/\/www.radiopiu.net\/wordpress\/wp-content\/uploads\/2024\/04\/essilorluxottica-300x300.png\" alt=\"\" width=\"152\" height=\"152\" srcset=\"https:\/\/www.radiopiu.net\/wordpress\/wp-content\/uploads\/2024\/04\/essilorluxottica-300x300.png 300w, https:\/\/www.radiopiu.net\/wordpress\/wp-content\/uploads\/2024\/04\/essilorluxottica-150x150.png 150w, https:\/\/www.radiopiu.net\/wordpress\/wp-content\/uploads\/2024\/04\/essilorluxottica.png 400w\" sizes=\"auto, (max-width: 152px) 100vw, 152px\" \/><\/a>PARIGI<\/strong> (FRANCIA) \u2013 Il Consiglio di Amministrazione di EssilorLuxottica si \u00e8 riunito per approvare il bilancio consolidato semestrale abbreviato chiusosi il 30 giugno 2024. Le societ\u00e0 di revisione hanno sottoposto il documento a una revisione limitata. Nel secondo trimestre, il fatturato \u00e8 cresciuto del 5,2% a cambi costanti, raggiungendo un aumento del 5,3% nel primo semestre. L&#8217;EMEA ha guidato la crescita, mentre il Nord America ha mantenuto il ritmo del primo trimestre. In Cina, Stellest ha continuato la sua crescita esponenziale, cos\u00ec come i wearable Ray-Ban Meta. Il margine operativo adjusted \u00e8 aumentato di 50 punti base, raggiungendo il 18,8% a cambi costanti. La generazione di cassa \u00e8 stata forte, con 971 milioni di Euro nel primo semestre. Il 17 luglio sono state annunciate le acquisizioni di Heidelberg Engineering e del brand Supreme. Francesco Milleri, Presidente e Amministratore Delegato, e Paul du Saillant, Vice Amministratore Delegato di EssilorLuxottica, hanno commentato: \u201cAnche in questa prima met\u00e0 dell\u2019anno, la visione strategica di EssilorLuxottica continua a tradursi in risultati positivi, con il contributo di tutte le aree geografiche e di tutti i business. La crescita del fatturato, l\u2019espansione dei margini e il flusso di cassa record degli ultimi sei mesi hanno confermato ancora una volta la nostra capacit\u00e0 di realizzare gli obiettivi di lungo periodo, supportati dal talento e dall\u2019impegno di oltre duecentomila colleghi in tutto il mondo.<\/p>\n<p>&nbsp;<\/p>\n<p>&nbsp;<\/p>\n<hr \/>\n<p>&nbsp;<\/p>\n<blockquote>\n<h3>ESSILORLUXOTTICA FIRMA PER L&#8217;ACQUISIZIONE DI SUPREME, OPERAZIONE DA 1,5 MILIARDI DI DOLLARI<\/h3>\n<\/blockquote>\n<div class=\"flex flex-grow flex-col max-w-full\">\n<div class=\"min-h-[20px] text-message flex w-full flex-col items-end gap-2 whitespace-pre-wrap break-words [.text-message+&amp;]:mt-5 overflow-x-auto\" dir=\"auto\" data-message-author-role=\"assistant\" data-message-id=\"becae07b-1d49-4565-9c51-ed6f851150f2\">\n<div class=\"flex w-full flex-col gap-1 empty:hidden first:pt-[3px]\">\n<div class=\"markdown prose w-full break-words dark:prose-invert dark\">\n<p><strong><a class=\"dt-pswp-item\" href=\"https:\/\/www.radiopiu.net\/wordpress\/wp-content\/uploads\/2024\/07\/SCR-20240717-iclh.png\" data-dt-img-description=\"\" data-large_image_width=\"840\" data-large_image_height=\"496\"><img loading=\"lazy\" decoding=\"async\" class=\" wp-image-400062 alignleft\" src=\"https:\/\/www.radiopiu.net\/wordpress\/wp-content\/uploads\/2024\/07\/SCR-20240717-iclh-300x177.png\" alt=\"\" width=\"207\" height=\"122\" srcset=\"https:\/\/www.radiopiu.net\/wordpress\/wp-content\/uploads\/2024\/07\/SCR-20240717-iclh-300x177.png 300w, https:\/\/www.radiopiu.net\/wordpress\/wp-content\/uploads\/2024\/07\/SCR-20240717-iclh-768x453.png 768w, https:\/\/www.radiopiu.net\/wordpress\/wp-content\/uploads\/2024\/07\/SCR-20240717-iclh.png 840w\" sizes=\"auto, (max-width: 207px) 100vw, 207px\" \/><\/a><\/strong>EssilorLuxottica ha annunciato l&#8217;acquisizione di Supreme da VF Corporation per 1,5 miliardi di dollari, operazione che dovrebbe chiudersi entro fine 2024. Supreme manterr\u00e0 il suo modello di business, ma beneficer\u00e0 del network di EssilorLuxottica, potenziando la crescita e l\u2019innovazione del gruppo. Francesco Milleri e Paul du Saillant considerano Supreme un\u2019aggiunta strategica, allineata con i loro obiettivi creativi. James Jebbia, fondatore di Supreme, esprime soddisfazione per la collaborazione con EssilorLuxottica, che permetter\u00e0 al marchio di concentrarsi su autenticit\u00e0 e clienti. La transazione potrebbe influire sugli utili di VF nel 2025.<\/p>\n<\/div>\n<\/div>\n<\/div>\n<\/div>\n<div class=\"mt-1 flex gap-3 empty:hidden -ml-2\">\n<div class=\"items-center justify-start rounded-xl p-1 flex\">\n<div class=\"flex items-center\">\n<div class=\"flex items-center pb-0\">\n<div class=\"[&amp;_svg]:h-full [&amp;_svg]:w-full icon-md h-4 w-4\"><\/div>\n<\/div>\n<\/div>\n<\/div>\n<\/div>\n<p>&nbsp;<\/p>\n<hr \/>\n<p>&nbsp;<\/p>\n<blockquote>\n<h3>L&#8217;INGRESSO DI META IN ESSILORLUXOTTICA, LE PAROLE DI MILLERI<\/h3>\n<\/blockquote>\n<p><strong><a class=\"dt-pswp-item\" href=\"https:\/\/www.radiopiu.net\/wordpress\/wp-content\/uploads\/2022\/06\/MILLERI.png\" data-dt-img-description=\"\" data-large_image_width=\"968\" data-large_image_height=\"604\"><img loading=\"lazy\" decoding=\"async\" class=\" wp-image-284103 alignleft\" src=\"https:\/\/www.radiopiu.net\/wordpress\/wp-content\/uploads\/2022\/06\/MILLERI-300x187.png\" alt=\"\" width=\"175\" height=\"109\" srcset=\"https:\/\/www.radiopiu.net\/wordpress\/wp-content\/uploads\/2022\/06\/MILLERI-300x187.png 300w, https:\/\/www.radiopiu.net\/wordpress\/wp-content\/uploads\/2022\/06\/MILLERI-768x479.png 768w, https:\/\/www.radiopiu.net\/wordpress\/wp-content\/uploads\/2022\/06\/MILLERI.png 968w\" sizes=\"auto, (max-width: 175px) 100vw, 175px\" \/><\/a>REDAZIONE<\/strong> &#8220;Siamo informati di questo tipo di valutazione, salutiamo con favore chiunque voglia investire nella nostra societ\u00e0&#8221; le parole del presidente e amministratore delegato di Essilorluxottica, Francesco Milleri, il quale ha affermato che la partnership con il gruppo di Mark Zuckerberg \u00e8 molto forte e che un investimento azionario da parte di Meta non \u00e8 necessario per la solidit\u00e0 della loro collaborazione. Milleri ha specificato che non \u00e8 previsto un aumento di capitale per l&#8217;ingresso di Meta, quindi se Meta volesse investire, dovrebbe acquistare azioni sul mercato. (Fonte Ansa)<\/p>\n<p>&nbsp;<\/p>\n<p>&nbsp;<\/p>\n<hr \/>\n<p>&nbsp;<\/p>\n<blockquote>\n<h3>CHIUSURA DEL CAVALCAFERROVIA DI BUSCHE: CONFARTIGIANATO CHIEDE DEROGHE PER I MEZZI PESANTI<\/h3>\n<\/blockquote>\n<p><strong><a class=\"dt-pswp-item\" href=\"https:\/\/www.radiopiu.net\/wordpress\/wp-content\/uploads\/2022\/07\/CONFARTIGIANATO.png\" data-dt-img-description=\"\" data-large_image_width=\"1001\" data-large_image_height=\"431\"><img loading=\"lazy\" decoding=\"async\" class=\" wp-image-288229 alignleft\" src=\"https:\/\/www.radiopiu.net\/wordpress\/wp-content\/uploads\/2022\/07\/CONFARTIGIANATO-300x129.png\" alt=\"\" width=\"165\" height=\"71\" srcset=\"https:\/\/www.radiopiu.net\/wordpress\/wp-content\/uploads\/2022\/07\/CONFARTIGIANATO-300x129.png 300w, https:\/\/www.radiopiu.net\/wordpress\/wp-content\/uploads\/2022\/07\/CONFARTIGIANATO-768x331.png 768w, https:\/\/www.radiopiu.net\/wordpress\/wp-content\/uploads\/2022\/07\/CONFARTIGIANATO.png 1001w\" sizes=\"auto, (max-width: 165px) 100vw, 165px\" \/><\/a>BELLUNO<\/strong> Anas ha programmato la chiusura al traffico della strada statale 50 \u201cdel Grappa e Passo Rolle\u201d dal 26 luglio al 15 ottobre per lavori di demolizione e ricostruzione del cavalcaferrovia di Busche, in provincia di Belluno. Durante questo periodo, i veicoli leggeri, i mezzi del trasporto pubblico e di soccorso saranno deviati su una bretella provvisoria con doppio senso di circolazione, eccetto un tratto a senso alternato regolato da semaforo. I veicoli pesanti oltre 7,5 tonnellate dovranno utilizzare le SR348, SP1 e SP1bis. Alcune aziende del settore \u201cTrasporto Merci\u201d di Confartigianato Belluno lamentano disagi significativi per l\u2019accesso alla zona industriale di Villapaiera, incidendo sull\u2019organizzazione operativa e sui tempi di guida. Il Presidente Daniele De Bona ha richiesto soluzioni alternative e deroghe per gli autotrasportatori alla Prefettura di Belluno e ad Anas, per mitigare l&#8217;impatto sui servizi di logistica.<\/p>\n<p>&nbsp;<\/p>\n<p>&nbsp;<\/p>\n<hr \/>\n<p>&nbsp;<\/p>\n<blockquote>\n<h3>FORNITURE ENERGIA ELETTRICA NEL BELLUNESE. BOTTACIN, MIA LEGGE E\u2019 DEL 2020. PARLIAMO DI 20 MILIONI IN PIU\u2019 ALLA PROVINCIA OGNI ANNO<\/h3>\n<\/blockquote>\n<p><strong><a class=\"dt-pswp-item\" href=\"https:\/\/www.radiopiu.net\/wordpress\/wp-content\/uploads\/2023\/11\/BOTTACIN.png\" data-dt-img-description=\"\" data-large_image_width=\"591\" data-large_image_height=\"400\"><img loading=\"lazy\" decoding=\"async\" class=\" wp-image-362309 alignleft\" src=\"https:\/\/www.radiopiu.net\/wordpress\/wp-content\/uploads\/2023\/11\/BOTTACIN-300x203.png\" alt=\"\" width=\"174\" height=\"118\" srcset=\"https:\/\/www.radiopiu.net\/wordpress\/wp-content\/uploads\/2023\/11\/BOTTACIN-300x203.png 300w, https:\/\/www.radiopiu.net\/wordpress\/wp-content\/uploads\/2023\/11\/BOTTACIN.png 591w\" sizes=\"auto, (max-width: 174px) 100vw, 174px\" \/><\/a>VENEZIA<\/strong> L\u2019Assessore alla Difesa del Territorio, Gianpaolo Bottacin, ha chiarito alcuni punti relativi alle risorse derivanti dalla LR 27\/2020, che prevede che i produttori di energia idroelettrica riconoscano una percentuale di energia gratuita o il corrispondente valore economico ai territori, beneficiando la Provincia di Belluno con circa 20 milioni di euro annuali. Tuttavia, i produttori hanno presentato ricorsi contro gli avvisi di pagamento della Regione al Tribunale Superiore delle Acque Pubbliche. Nonostante le opposizioni, la Regione ha emesso ordinanze ingiuntive di pagamento per gli anni 2021, 2022 e 2023. Bottacin ha sottolineato l\u2019importanza strategica di questa legge per Belluno e ha chiesto il supporto del presidente Padrin affinch\u00e9 la Provincia si schieri a fianco della Regione. Inoltre, ha ribadito la necessit\u00e0 di un riscontro dalla Provincia riguardo al piano di investimento del 100% dei fondi, come richiesto dalla commissione del consiglio regionale.<\/p>\n<p>&nbsp;<\/p>\n<p>&nbsp;<\/p>\n<hr \/>\n<p>&nbsp;<\/p>\n<blockquote>\n<h3>DIGA DEL VANOI: IL PD CRITICA LA POSIZIONE DI BOTTACIN<\/h3>\n<\/blockquote>\n<p><strong><a class=\"dt-pswp-item\" href=\"https:\/\/www.radiopiu.net\/wordpress\/wp-content\/uploads\/2018\/11\/PD.png\" data-dt-img-description=\"\" data-large_image_width=\"226\" data-large_image_height=\"182\"><img loading=\"lazy\" decoding=\"async\" class=\" wp-image-67744 alignleft\" src=\"https:\/\/www.radiopiu.net\/wordpress\/wp-content\/uploads\/2018\/11\/PD.png\" alt=\"\" width=\"137\" height=\"110\" \/><\/a>VENEZIA<\/strong> La capogruppo del Partito Democratico in Consiglio regionale, Vanessa Camani, insieme al collega Jonatan Montanariello, solleva un quesito riguardo alla posizione dell&#8217;assessore Bottacin sulla diga del Vanoi. Bottacin ha espresso preoccupazioni sul rischio di stabilit\u00e0 dei versanti e sulle criticit\u00e0 morfologiche del sito, posizioni che i dem considerano inequivocabili. Tuttavia, criticano la Giunta Zaia per non aver preso una posizione chiara, avendo approvato una mozione ambigua che lascia la decisione ai tecnici. Camani e Montanariello chiedono se Bottacin esprima un&#8217;opinione personale o la posizione della Giunta, denunciando una regia ambigua e mascheramenti da parte del presidente Zaia.<\/p>\n<p>&nbsp;<\/p>\n<p>&nbsp;<\/p>\n<hr \/>\n<p>&nbsp;<\/p>\n<blockquote>\n<h2>ENNESIMO TENTATIVO DI TRUFFA, FINTI ADDETTI DEL SERVIZIO IDRICO<\/h2>\n<\/blockquote>\n<p dir=\"ltr\"><strong><img loading=\"lazy\" decoding=\"async\" class=\"alignleft\" src=\"https:\/\/www.radiopiu.net\/wordpress\/wp-content\/uploads\/2018\/03\/truffa-anziana-610x264.jpg\" width=\"282\" height=\"122\" \/>CITTADELLA &#8211; PADOVA<\/strong> \u00a0Continuano i tentativi di truffe ai danni di cittadini. Ieri mercoled\u00ec 24 luglio a Colceresa due sconosciuti con un\u2019auto bianca senza alcuna scritta e con un lampeggiante posticcio sul tetto, si sono presentati in un\u2019abitazione fingendosi due tecnici di un fantomatico \u201cente per il controllo della qualit\u00e0 dell\u2019acqua\u201d incaricati di controlli, in quanto &#8211; a seguito di lavori sulla rete, sarebbe stata sversata nell\u2019acquedotto una sostanza nociva &#8211; e dovevano verificarne l\u2019eventuale presenza. \u00a0Hanno chiesto informazioni sulla composizione della famiglia e la possibilit\u00e0 di avere un campione di acqua da analizzare insistendo sul fatto che emanasse un cattivo odore, non notando che il signore stava facendo dei lavori nel giardino di casa con dello stallatico che notoriamente non emana un buon profumo. I due individui non si sono qualificati, n\u00e9 hanno mostrato alcun tesserino o lettera di incarico. Uno dei due vestiva una divisa della Polizia di Stato, l\u2019altro abiti borghesi. Infine, hanno domandato di spegnere tutti i dispositivi elettronici e i cellulari perch\u00e9 &#8211; a detta loro &#8211; era pericoloso. Il cittadino li ha redarguiti ed \u00e8 entrato in casa e i due si sono immediatamente dileguati. Sono stati avvisati i Vigili Urbani e i Carabinieri.<\/p>\n<blockquote>\n<p dir=\"ltr\"><em>prestare la massima attenzione ai finti operatori che periodicamente tentano di introdursi nelle case con qualche falso pretesto tecnico. A tal proposito si ricorda innanzitutto che i tecnici che devono effettuare analisi delle acque, riparazione e controllo dell\u2019impianto sono tenuti a qualificarsi tramite un tesserino di riconoscimento.<\/em><\/p>\n<\/blockquote>\n<p>&nbsp;<\/p>\n<hr \/>\n<p>&nbsp;<\/p>\n<blockquote>\n<h3>NEVEGAL: DUE PISTE DA DOWNHILL E LE INIZIATIVE DEL 4 AGOSTO<\/h3>\n<\/blockquote>\n<p><strong><a class=\"dt-pswp-item\" href=\"https:\/\/www.radiopiu.net\/wordpress\/wp-content\/uploads\/2023\/05\/PIAZZALE-NEVEGAL.png\" data-dt-img-description=\"\" data-large_image_width=\"1081\" data-large_image_height=\"605\"><img loading=\"lazy\" decoding=\"async\" class=\" wp-image-336376 alignleft\" src=\"https:\/\/www.radiopiu.net\/wordpress\/wp-content\/uploads\/2023\/05\/PIAZZALE-NEVEGAL-300x168.png\" alt=\"\" width=\"207\" height=\"116\" srcset=\"https:\/\/www.radiopiu.net\/wordpress\/wp-content\/uploads\/2023\/05\/PIAZZALE-NEVEGAL-300x168.png 300w, https:\/\/www.radiopiu.net\/wordpress\/wp-content\/uploads\/2023\/05\/PIAZZALE-NEVEGAL-1024x573.png 1024w, https:\/\/www.radiopiu.net\/wordpress\/wp-content\/uploads\/2023\/05\/PIAZZALE-NEVEGAL-768x430.png 768w, https:\/\/www.radiopiu.net\/wordpress\/wp-content\/uploads\/2023\/05\/PIAZZALE-NEVEGAL.png 1081w\" sizes=\"auto, (max-width: 207px) 100vw, 207px\" \/><\/a>BELLUNO<\/strong> Non solo seggiovia in Nevegal: nel weekend apriranno le due piste da Downhill, mentre per domenica 4 agosto saranno tante le iniziative dedicate alle famiglie.<\/p>\n<p><strong>DI DANIELE DALVIT<\/strong><\/p>\n<audio class=\"wp-audio-shortcode\" id=\"audio-401345-5\" preload=\"none\" style=\"width: 100%;\" controls=\"controls\"><source type=\"audio\/mpeg\" src=\"https:\/\/www.radiopiu.net\/wordpress\/wp-content\/uploads\/2024\/07\/Servizio-Attivita-Nevegal-Downhill-e-famiglie.mp3?_=5\" \/><a href=\"https:\/\/www.radiopiu.net\/wordpress\/wp-content\/uploads\/2024\/07\/Servizio-Attivita-Nevegal-Downhill-e-famiglie.mp3\">https:\/\/www.radiopiu.net\/wordpress\/wp-content\/uploads\/2024\/07\/Servizio-Attivita-Nevegal-Downhill-e-famiglie.mp3<\/a><\/audio>\n<p>&nbsp;<\/p>\n<hr \/>\n<p>&nbsp;<\/p>\n<blockquote>\n<h3>UNA VISITA SPECIALE ALL&#8217;OSPEDALE DI FELTRE<\/h3>\n<\/blockquote>\n<p><strong><a class=\"dt-pswp-item\" href=\"https:\/\/www.radiopiu.net\/wordpress\/wp-content\/uploads\/2024\/07\/WhatsApp-Image-2024-07-25-at-16.58.36.jpeg\" data-dt-img-description=\"\" data-large_image_width=\"2040\" data-large_image_height=\"1272\"><img loading=\"lazy\" decoding=\"async\" class=\" wp-image-401487 alignleft\" src=\"https:\/\/www.radiopiu.net\/wordpress\/wp-content\/uploads\/2024\/07\/WhatsApp-Image-2024-07-25-at-16.58.36-300x187.jpeg\" alt=\"\" width=\"160\" height=\"100\" srcset=\"https:\/\/www.radiopiu.net\/wordpress\/wp-content\/uploads\/2024\/07\/WhatsApp-Image-2024-07-25-at-16.58.36-300x187.jpeg 300w, https:\/\/www.radiopiu.net\/wordpress\/wp-content\/uploads\/2024\/07\/WhatsApp-Image-2024-07-25-at-16.58.36-1024x638.jpeg 1024w, https:\/\/www.radiopiu.net\/wordpress\/wp-content\/uploads\/2024\/07\/WhatsApp-Image-2024-07-25-at-16.58.36-768x479.jpeg 768w, https:\/\/www.radiopiu.net\/wordpress\/wp-content\/uploads\/2024\/07\/WhatsApp-Image-2024-07-25-at-16.58.36-1536x958.jpeg 1536w, https:\/\/www.radiopiu.net\/wordpress\/wp-content\/uploads\/2024\/07\/WhatsApp-Image-2024-07-25-at-16.58.36.jpeg 2040w\" sizes=\"auto, (max-width: 160px) 100vw, 160px\" \/><\/a>FELTRE<\/strong> Ieri il prof. Angelo Paolo Dei Tos, Presidente della Scuola di Medicina dell&#8217;Universit\u00e0 di Padova, ha visitato l&#8217;ospedale di Feltre. Durante la visita, ha evidenziato la collaborazione crescente tra l&#8217;Universit\u00e0 di Padova, ai vertici della classifica Censis, e le strutture sanitarie del territorio per rafforzare la medicina di prossimit\u00e0. Il prof. Dei Tos ha presentato un nuovo sistema di digital pathology e intelligenza artificiale in anatomia patologica, che promette diagnosi pi\u00f9 accurate e rapide, migliorando cos\u00ec le cure per i pazienti.<\/p>\n<p>&nbsp;<\/p>\n<hr \/>\n<p>&nbsp;<\/p>\n<blockquote>\n<h3 class=\"_title post-title entry-title\"><a class=\"dt-pswp-item\" href=\"https:\/\/www.radiopiu.net\/wordpress\/wp-content\/uploads\/2023\/12\/ANTENNA.png\" data-dt-img-description=\"\" data-large_image_width=\"300\" data-large_image_height=\"166\"><img loading=\"lazy\" decoding=\"async\" class=\" wp-image-366306 alignleft\" src=\"https:\/\/www.radiopiu.net\/wordpress\/wp-content\/uploads\/2023\/12\/ANTENNA.png\" alt=\"\" width=\"139\" height=\"77\" \/><\/a>FELTRE | 70 CASI ALL\u2019ANNO DI TUMORI GINECOLOGICI IN PROVINCIA DI BELLUNO<\/h3>\n<\/blockquote>\n<p>Intervistati ETTORE MACRI\u2019 (DIRETTORE UOC ANATOMIA PATOLOGICA OSPEDALE FELTRE), GIUSEPPE DAL BEN (COMMISSARIO ULSS 1 DOLOMITI), ANGELO PAOLO DEI TOS (PRESIDENTE SCUOLA DI MEDICINA UNIVERSITA\u2019 DI PADOVA) (Servizio di\u00a0<a href=\"https:\/\/antennatre.medianordest.it\/redazione\/Stefano-Bozzi\/\">Stefano Bozzi<\/a>)<\/p>\n<p><iframe loading=\"lazy\" title=\"70 CASI ALL&#039;ANNO DI TUMORI GINECOLOGICI IN PROVINCIA DI BELLUNO | 25\/07\/2024\" width=\"1200\" height=\"675\" src=\"https:\/\/www.youtube.com\/embed\/t4mjhz0Dz0o?feature=oembed\" frameborder=\"0\" allow=\"accelerometer; autoplay; clipboard-write; encrypted-media; gyroscope; picture-in-picture; web-share\" referrerpolicy=\"strict-origin-when-cross-origin\" allowfullscreen><\/iframe><\/p>\n<p>&nbsp;<\/p>\n<p>&nbsp;<\/p>\n<hr \/>\n<p>&nbsp;<\/p>\n<blockquote>\n<h3>LUNEDI&#8217; LA CONSEGNA DELLE TARGHE AD ALTRI 16 RIFUGI SANI E SICURI<\/h3>\n<\/blockquote>\n<p><strong><a class=\"dt-pswp-item\" href=\"https:\/\/www.radiopiu.net\/wordpress\/wp-content\/uploads\/2021\/03\/ULSS-1.jpg\" data-dt-img-description=\"\" data-large_image_width=\"776\" data-large_image_height=\"408\"><img loading=\"lazy\" decoding=\"async\" class=\" wp-image-198838 alignleft\" src=\"https:\/\/www.radiopiu.net\/wordpress\/wp-content\/uploads\/2021\/03\/ULSS-1-300x158.jpg\" alt=\"\" width=\"184\" height=\"97\" srcset=\"https:\/\/www.radiopiu.net\/wordpress\/wp-content\/uploads\/2021\/03\/ULSS-1-300x158.jpg 300w, https:\/\/www.radiopiu.net\/wordpress\/wp-content\/uploads\/2021\/03\/ULSS-1-768x404.jpg 768w, https:\/\/www.radiopiu.net\/wordpress\/wp-content\/uploads\/2021\/03\/ULSS-1.jpg 776w\" sizes=\"auto, (max-width: 184px) 100vw, 184px\" \/><\/a>ALLEGHE <\/strong>Luned\u00ec, al rifugio Col dei Baldi, si terr\u00e0 la cerimonia di consegna delle targhe a 16 nuovi rifugi del territorio. L&#8217;evento vedr\u00e0 la partecipazione dell&#8217;assessore regionale alla Sanit\u00e0, Manuela Lanzarin, del direttore regionale della prevenzione, Francesca Russo, e dei rappresentanti dei partner istituzionali come CAI, Soccorso Alpino, AGRAV e Confcommercio. L&#8217;iniziativa rientra nel progetto \u201cRifugi sani e sicuri\u201d, promosso dal Dipartimento di Prevenzione dell\u2019Ulss Dolomiti, che mira a migliorare la qualit\u00e0 complessiva, la sicurezza sanitaria e la capacit\u00e0 di promuovere la salute dei rifugi. Questo progetto \u00e8 particolarmente significativo in vista degli appuntamenti olimpici e dell\u2019aumento dei flussi turistici nelle Dolomiti.<\/p>\n<p>&nbsp;<\/p>\n<p>&nbsp;<\/p>\n<hr \/>\n<p>&nbsp;<\/p>\n<blockquote>\n<h2>GUSTANDO FRA I MURALES<\/h2>\n<\/blockquote>\n<p><strong>PER LE TRE RADIO BARBARA PAOLAZZI<\/strong><\/p>\n<audio class=\"wp-audio-shortcode\" id=\"audio-401345-6\" preload=\"none\" style=\"width: 100%;\" controls=\"controls\"><source type=\"audio\/mpeg\" src=\"https:\/\/www.radiopiu.net\/wordpress\/wp-content\/uploads\/2024\/07\/PAOLAZZI-GUSTANDO-FRA-I-MURALES.mp3?_=6\" \/><a href=\"https:\/\/www.radiopiu.net\/wordpress\/wp-content\/uploads\/2024\/07\/PAOLAZZI-GUSTANDO-FRA-I-MURALES.mp3\">https:\/\/www.radiopiu.net\/wordpress\/wp-content\/uploads\/2024\/07\/PAOLAZZI-GUSTANDO-FRA-I-MURALES.mp3<\/a><\/audio>\n<p>&nbsp;<\/p>\n\n\t\t\t<style type='text\/css'>\n\t\t\t\t#gallery-2 {\n\t\t\t\t\tmargin: auto;\n\t\t\t\t}\n\t\t\t\t#gallery-2 .gallery-item {\n\t\t\t\t\tfloat: left;\n\t\t\t\t\tmargin-top: 10px;\n\t\t\t\t\ttext-align: center;\n\t\t\t\t\twidth: 50%;\n\t\t\t\t}\n\t\t\t\t#gallery-2 img {\n\t\t\t\t\tborder: 2px solid #cfcfcf;\n\t\t\t\t}\n\t\t\t\t#gallery-2 .gallery-caption {\n\t\t\t\t\tmargin-left: 0;\n\t\t\t\t}\n\t\t\t\t\/* see gallery_shortcode() in wp-includes\/media.php *\/\n\t\t\t<\/style>\n\t\t<div id='gallery-2' class='dt-gallery-container gallery galleryid-401345 gallery-columns-2 gallery-size-thumbnail'><dl class='gallery-item'>\n\t\t\t\t<dt class='gallery-icon portrait'>\n\t\t\t\t\t<a class=\"rollover rollover-zoom dt-pswp-item\" title=\"9f0f9a23-69d6-44dc-ba61-b6ecf36acd9f\" data-dt-img-description=\"\" data-large_image_width=\"584\" data-large_image_height=\"588\"href='https:\/\/www.radiopiu.net\/wordpress\/wp-content\/uploads\/2024\/07\/9f0f9a23-69d6-44dc-ba61-b6ecf36acd9f.jpg'><img loading=\"lazy\" decoding=\"async\" width=\"150\" height=\"150\" src=\"https:\/\/www.radiopiu.net\/wordpress\/wp-content\/uploads\/2024\/07\/9f0f9a23-69d6-44dc-ba61-b6ecf36acd9f-150x150.jpg\" class=\"attachment-thumbnail size-thumbnail\" alt=\"\" srcset=\"https:\/\/www.radiopiu.net\/wordpress\/wp-content\/uploads\/2024\/07\/9f0f9a23-69d6-44dc-ba61-b6ecf36acd9f-150x150.jpg 150w, https:\/\/www.radiopiu.net\/wordpress\/wp-content\/uploads\/2024\/07\/9f0f9a23-69d6-44dc-ba61-b6ecf36acd9f-298x300.jpg 298w, https:\/\/www.radiopiu.net\/wordpress\/wp-content\/uploads\/2024\/07\/9f0f9a23-69d6-44dc-ba61-b6ecf36acd9f.jpg 584w\" sizes=\"auto, (max-width: 150px) 100vw, 150px\" \/><\/a>\n\t\t\t\t<\/dt><\/dl><dl class='gallery-item'>\n\t\t\t\t<dt class='gallery-icon portrait'>\n\t\t\t\t\t<a class=\"rollover rollover-zoom dt-pswp-item\" title=\"2514a452-89ca-418a-a247-8a1ec2a3ad8e\" data-dt-img-description=\"\" data-large_image_width=\"871\" data-large_image_height=\"1234\"href='https:\/\/www.radiopiu.net\/wordpress\/wp-content\/uploads\/2024\/07\/2514a452-89ca-418a-a247-8a1ec2a3ad8e.jpg'><img loading=\"lazy\" decoding=\"async\" width=\"150\" height=\"150\" src=\"https:\/\/www.radiopiu.net\/wordpress\/wp-content\/uploads\/2024\/07\/2514a452-89ca-418a-a247-8a1ec2a3ad8e-150x150.jpg\" class=\"attachment-thumbnail size-thumbnail\" alt=\"\" \/><\/a>\n\t\t\t\t<\/dt><\/dl><br style=\"clear: both\" \/>\n\t\t\t<\/div>\n\n<p>&nbsp;<\/p>\n<hr \/>\n<p>&nbsp;<\/p>\n<blockquote>\n<h2 class=\"articlePlainSubHead\">Questa sera alle 20.30 a Cencenighe Incontro al Nof Fil\u00f2 sulle piante alpine<\/h2>\n<\/blockquote>\n<div class=\"articlePlainText\"><strong>CENCENIGHE\u00a0 <\/strong>Nell&#8217;ambito degli eventi promossi dall&#8217;Ecomuseo Valle del Bi\u00f3is, questa sera alle ore 20.30, al centro culturale N\u00f3f Fil\u00f2 di Cencenighe, il professor Marcello Tomaselli, gi\u00e0 docente di botanica ambientale e applicata all&#8217;Universit\u00e0 degli studi di Parma, terr\u00e0 una conferenza sul tema &#8220;Ecologia delle piante in ambiente alpino&#8221;. L&#8217;incontro \u00e8 organizzato dalla Pro Loco e dalla biblioteca di Cencenighe con il patrocinio dell&#8217;amministrazione comunale.<\/div>\n<p>&nbsp;<\/p>\n<p><strong><img loading=\"lazy\" decoding=\"async\" class=\"alignleft\" src=\"https:\/\/www.radiopiu.net\/wordpress\/wp-content\/uploads\/2024\/07\/Manifesto-ecologia-delle-piante.jpg\" width=\"142\" height=\"201\" \/>CENCENIGHE<\/strong><\/p>\n<p><strong>LUISA MANFROI<\/strong><\/p>\n<p>&nbsp;<\/p>\n<audio class=\"wp-audio-shortcode\" id=\"audio-401345-7\" preload=\"none\" style=\"width: 100%;\" controls=\"controls\"><source type=\"audio\/mpeg\" src=\"https:\/\/www.radiopiu.net\/wordpress\/wp-content\/uploads\/2024\/07\/Conferenza-Ecologia-piante-ambiente-alpino-M.mp3?_=7\" \/><a href=\"https:\/\/www.radiopiu.net\/wordpress\/wp-content\/uploads\/2024\/07\/Conferenza-Ecologia-piante-ambiente-alpino-M.mp3\">https:\/\/www.radiopiu.net\/wordpress\/wp-content\/uploads\/2024\/07\/Conferenza-Ecologia-piante-ambiente-alpino-M.mp3<\/a><\/audio>\n<p>&nbsp;<\/p>\n<hr \/>\n<p>&nbsp;<\/p>\n<blockquote>\n<h3 class=\"articlePlainSubHead\">DOMANI\u00a0 Una serata con l&#8217;autrice Alessandra Sebastiani<\/h3>\n<\/blockquote>\n<div class=\"articlePlainText\"><strong>CANALE D&#8217;AGORDO<\/strong> Continuano le iniziative culturali di intrattenimento estivo a Canale d&#8217;Agordo. Domani con &#8220;L&#8217;estate delle biblioteche&#8221; organizzata dalle Biblioteche della Valle del Bi\u00f3is In sala Emigranti di via Lotta, alle 20.30 incontro cone le letture di Marco Amr Petracca, tratte dai libri &#8220;Salvanel&#8221; e &#8220;Anime ribelli&#8221; dell&#8217;autrice Alessandra Sebastiani, nell&#8217;occasione dialogher\u00e0 con Chiara Paoli .<\/div>\n<p>&nbsp;<\/p>\n<p>&nbsp;<\/p>\n<hr \/>\n<p>&nbsp;<\/p>\n<h2><span style=\"color: #ff0000;\">CONSIGLI COMUNALI IN AGORDINO<\/span><\/h2>\n<p><strong>COLLE SANTA LUCIA<\/strong> Consiglio comunale convocato dal sindaco Paolo Frena per domani alle 7.30. All&#8217;ordine del giorno regolamento controlli interni, approvazione programma triennale, aggiornamento dup, variazioni al bilancio e comunicazioni del sindaco<\/p>\n<p><strong>AGORDO<\/strong> Consiglio comunale luned\u00ec alle 19. Saranno due i punti da discutere: una variazione a bilancio e la presentazione al consiglio delle linee programmatiche relative alle azioni e progetti da realizzare<\/p>\n<p><strong>VOLTAGO<\/strong> Il consiglio comunale \u00e8 stato convocato per mercoled\u00ec alle 18. Due i punti da discutere: l&#8217;atto di indirizzo in merito alla richiesta di assegnazione delle piante bostricate ai frazionisti aventi diritto e una variazione a bilancio<\/p>\n<p><strong>SELVA DI CADORE<\/strong> Consiglio comunale mercoled\u00ec alle 18:30. Tra i punti in discussione il documento unico di programmazione, una variazione a bilancio e l&#8217;approvazione del regolamento degli auto servizi pubblici non di linea come taxi e noleggio con conducente.<\/p>\n<p><strong>CANALE D&#8217;AGORDO<\/strong> Consiglio comunale in programma mercoled\u00ec alle 20. Tra gli argomenti in discussione il bilancio di previsione 2024\/26 e il secondo piano degli interventi<\/p>\n<p>&nbsp;<\/p>\n<p>&nbsp;<\/p>\n<hr \/>\n<p>&nbsp;<\/p>\n<blockquote>\n<h1>Ospedale di Agordo: Un\u2019Eccellenza da Salvaguardare<\/h1>\n<\/blockquote>\n<blockquote><p><em>Roberta Stancher elogia l\u2019Ospedale di Agordo, definendolo un\u2019eccellenza rispetto ad altre realt\u00e0 anche dell&#8217;Alto Adige dove risiede. Dopo un intervento innovativo al ginocchio eseguito dal Dottor Federico Botto, Roberta ha recuperato perfettamente, riprendendo le sue attivit\u00e0. L\u2019ospedale merita di essere mantenuto aperto, grazie alla sua professionalit\u00e0 unica e al servizio eccellente.<\/em><\/p><\/blockquote>\n<p><strong>RICEVIAMO A PUBBLICHIAMO<\/strong><\/p>\n<p><img loading=\"lazy\" decoding=\"async\" class=\"alignleft\" src=\"https:\/\/www.radiopiu.net\/wordpress\/wp-content\/uploads\/2023\/09\/594b8f93-ecf8-458e-a177-be693358dd1a.jpg\" width=\"271\" height=\"203\" \/>Vorrei raccontare in breve la mia esperienza. Dopo aver girovagato invano tra i vari &#8220;luminari&#8221; della mia Provincia e Regione (abito in Prov. di Bolzano) per un problema al ginocchio ormai invalidante sono stata operata dal Dr. Federico Botto presso l&#8217; ospedale di Agordo. Protesi monocompartimentale femoro rotulea, soluzione che nessuno aveva preso in considerazione o ritenuta idonea. Che dire, l&#8217; ospedale di Agordo si \u00e8 rivelato una vera eccellenza professionale ed umana. Una struttura piccola arrocata in uno splendido contesto montano che nulla a che vedere con la modernit\u00e0 delle strutture qui in Prov. di Bolzano. Ma l&#8217; abito non fa il monaco&#8230; Una vera eccellenza, una grande professionalit\u00e0 ed attenzione per il paziente curato e coccolato come mai mi era capitato. Una menzione anche all&#8217; ottima cucina che aiuta a tirar su il fisico e il morale. A due mesi dall&#8217; intervento che tutti in precedenza mi avevano sconsigliato a favore di un intervento totale e assai pi\u00f9 invasivo ho ripreso tutte le mie attivit\u00e0 compreso l&#8217; andare in montagna. Un grazie di tutto cuore al Dr. Botto e a tutto il suo fantastico ed efficentissimo team come all&#8217; intero ospedale di Agordo, una vera eccellenza che a scanso di voci che ciclicamente circolano deve rimanere aperto e a pieno servizio dei cittadini.<\/p>\n<p>Roberta Stancher<\/p>\n<p>&nbsp;<\/p>\n<p>&nbsp;<\/p>\n<hr \/>\n<p>&nbsp;<\/p>\n<blockquote>\n<h2>IL GRAZIE DEL SINDACO DI ROCCA PIETORE<\/h2>\n<\/blockquote>\n<p><strong>ROCCA PIETORE<\/strong> Il sindaco Valerio Davare, ha espresso parole importanti e di ringrazimento verso quegli uomini in forza alle ditte esecutrici dei lavori nei Serrai di Sottoguda che con professionalit\u00e0 hanno posizionato la madonnina dei Serrai. \u00a0&#8220;Un grande grazie a nome di tutti noi&#8221; ha detto il sindaco informando il paese dell&#8217;avvenuta collocazione.<\/p>\n\n\t\t\t<style type='text\/css'>\n\t\t\t\t#gallery-3 {\n\t\t\t\t\tmargin: auto;\n\t\t\t\t}\n\t\t\t\t#gallery-3 .gallery-item {\n\t\t\t\t\tfloat: left;\n\t\t\t\t\tmargin-top: 10px;\n\t\t\t\t\ttext-align: center;\n\t\t\t\t\twidth: 25%;\n\t\t\t\t}\n\t\t\t\t#gallery-3 img {\n\t\t\t\t\tborder: 2px solid #cfcfcf;\n\t\t\t\t}\n\t\t\t\t#gallery-3 .gallery-caption {\n\t\t\t\t\tmargin-left: 0;\n\t\t\t\t}\n\t\t\t\t\/* see gallery_shortcode() in wp-includes\/media.php *\/\n\t\t\t<\/style>\n\t\t<div id='gallery-3' class='dt-gallery-container gallery galleryid-401345 gallery-columns-4 gallery-size-thumbnail'><dl class='gallery-item'>\n\t\t\t\t<dt class='gallery-icon portrait'>\n\t\t\t\t\t<a class=\"rollover rollover-zoom dt-pswp-item\" title=\"06bfd464-f7b1-4778-8170-eaa97fe8569c\" data-dt-img-description=\"\" data-large_image_width=\"1200\" data-large_image_height=\"1600\"href='https:\/\/www.radiopiu.net\/wordpress\/wp-content\/uploads\/2024\/07\/06bfd464-f7b1-4778-8170-eaa97fe8569c.jpg'><img loading=\"lazy\" decoding=\"async\" width=\"150\" height=\"150\" src=\"https:\/\/www.radiopiu.net\/wordpress\/wp-content\/uploads\/2024\/07\/06bfd464-f7b1-4778-8170-eaa97fe8569c-150x150.jpg\" class=\"attachment-thumbnail size-thumbnail\" alt=\"\" \/><\/a>\n\t\t\t\t<\/dt><\/dl><dl class='gallery-item'>\n\t\t\t\t<dt class='gallery-icon portrait'>\n\t\t\t\t\t<a class=\"rollover rollover-zoom dt-pswp-item\" title=\"5591bf68-ce90-4c8e-ae9a-899f0ceb4873\" data-dt-img-description=\"\" data-large_image_width=\"1200\" data-large_image_height=\"1600\"href='https:\/\/www.radiopiu.net\/wordpress\/wp-content\/uploads\/2024\/07\/5591bf68-ce90-4c8e-ae9a-899f0ceb4873.jpg'><img loading=\"lazy\" decoding=\"async\" width=\"150\" height=\"150\" src=\"https:\/\/www.radiopiu.net\/wordpress\/wp-content\/uploads\/2024\/07\/5591bf68-ce90-4c8e-ae9a-899f0ceb4873-150x150.jpg\" class=\"attachment-thumbnail size-thumbnail\" alt=\"\" \/><\/a>\n\t\t\t\t<\/dt><\/dl><dl class='gallery-item'>\n\t\t\t\t<dt class='gallery-icon portrait'>\n\t\t\t\t\t<a class=\"rollover rollover-zoom dt-pswp-item\" title=\"b741d013-8ae6-4410-b808-95ef01f73926\" data-dt-img-description=\"\" data-large_image_width=\"1200\" data-large_image_height=\"1600\"href='https:\/\/www.radiopiu.net\/wordpress\/wp-content\/uploads\/2024\/07\/b741d013-8ae6-4410-b808-95ef01f73926.jpg'><img loading=\"lazy\" decoding=\"async\" width=\"150\" height=\"150\" src=\"https:\/\/www.radiopiu.net\/wordpress\/wp-content\/uploads\/2024\/07\/b741d013-8ae6-4410-b808-95ef01f73926-150x150.jpg\" class=\"attachment-thumbnail size-thumbnail\" alt=\"\" \/><\/a>\n\t\t\t\t<\/dt><\/dl><dl class='gallery-item'>\n\t\t\t\t<dt class='gallery-icon portrait'>\n\t\t\t\t\t<a class=\"rollover rollover-zoom dt-pswp-item\" title=\"40578530-cf7b-4e55-9f88-4e5a176c2456\" data-dt-img-description=\"\" data-large_image_width=\"1200\" data-large_image_height=\"1600\"href='https:\/\/www.radiopiu.net\/wordpress\/wp-content\/uploads\/2024\/07\/40578530-cf7b-4e55-9f88-4e5a176c2456.jpg'><img loading=\"lazy\" decoding=\"async\" width=\"150\" height=\"150\" src=\"https:\/\/www.radiopiu.net\/wordpress\/wp-content\/uploads\/2024\/07\/40578530-cf7b-4e55-9f88-4e5a176c2456-150x150.jpg\" class=\"attachment-thumbnail size-thumbnail\" alt=\"\" \/><\/a>\n\t\t\t\t<\/dt><\/dl><br style=\"clear: both\" \/>\n\t\t\t<\/div>\n\n<p><iframe loading=\"lazy\" title=\"MADONNINA SERRAI DI SOTTOGUDA\" width=\"1200\" height=\"675\" src=\"https:\/\/www.youtube.com\/embed\/MqJpMugx3_M?feature=oembed\" frameborder=\"0\" allow=\"accelerometer; autoplay; clipboard-write; encrypted-media; gyroscope; picture-in-picture; web-share\" referrerpolicy=\"strict-origin-when-cross-origin\" allowfullscreen><\/iframe><\/p>\n<p>&nbsp;<\/p>\n<p>&nbsp;<\/p>\n<hr \/>\n<p>&nbsp;<\/p>\n<blockquote>\n<h3>LA MONGOLFIERA DI GIORGIA ONLUS\u201d CON IL BANDO DI MARZO 2024 REALIZZA I SOGNI DI 10 GIOVANI BELLUNESI<\/h3>\n<\/blockquote>\n<p><strong><a class=\"dt-pswp-item\" href=\"https:\/\/www.radiopiu.net\/wordpress\/wp-content\/uploads\/2024\/07\/luca-maccagnan.png\" data-dt-img-description=\"\" data-large_image_width=\"676\" data-large_image_height=\"526\"><img loading=\"lazy\" decoding=\"async\" class=\" wp-image-401507 alignleft\" src=\"https:\/\/www.radiopiu.net\/wordpress\/wp-content\/uploads\/2024\/07\/luca-maccagnan-300x233.png\" alt=\"\" width=\"183\" height=\"142\" srcset=\"https:\/\/www.radiopiu.net\/wordpress\/wp-content\/uploads\/2024\/07\/luca-maccagnan-300x233.png 300w, https:\/\/www.radiopiu.net\/wordpress\/wp-content\/uploads\/2024\/07\/luca-maccagnan.png 676w\" sizes=\"auto, (max-width: 183px) 100vw, 183px\" \/><\/a>BELLUNO<\/strong> La Mongolfiera di Giorgia Onlus ha dedicato il dodicesimo bando, attivo tra marzo e giugno 2024, alla memoria del socio Luca Maccagnan. Sono stati finanziati 10 progetti per ragazzi disabili tra i 13 e i 24 anni della provincia di Belluno, con contributi per vari acquisti e attivit\u00e0 come un iPhone, un MacBook, una Nintendo Switch, un pc portatile, supporto psicologico, ippoterapia, spese di viaggio per attivit\u00e0 sportive, lezioni di nuoto, medicina riabilitativa e interventi educativi. La spesa totale \u00e8 stata di \u20ac 13.723,16, portando a oltre \u20ac 80.000 i contributi erogati in sei anni. La Presidente Ivana Turrin ringrazia i sostenitori e annuncia l&#8217;Assemblea di fine agosto e il prossimo bando previsto per il 10 ottobre.<\/p>\n<p>&nbsp;<\/p>\n<p>&nbsp;<\/p>\n<hr \/>\n<p>&nbsp;<\/p>\n<blockquote>\n<h3 class=\"entry-title\">ROSSO BELPELO \u2013 CATTURATO NELLA NOTTE IL MALANDRINO DELLA TANGENZIALE<\/h3>\n<p>DI ILIANA COMINA<\/p><\/blockquote>\n<p><a class=\"dt-pswp-item\" href=\"https:\/\/www.radiopiu.net\/wordpress\/wp-content\/uploads\/2024\/07\/WhatsApp-Image-2024-07-25-at-06.34.03.jpeg\" data-dt-img-description=\"\" data-large_image_width=\"1496\" data-large_image_height=\"1496\"><img loading=\"lazy\" decoding=\"async\" class=\" wp-image-401418 alignleft\" src=\"https:\/\/www.radiopiu.net\/wordpress\/wp-content\/uploads\/2024\/07\/WhatsApp-Image-2024-07-25-at-06.34.03-300x300.jpeg\" alt=\"\" width=\"146\" height=\"146\" srcset=\"https:\/\/www.radiopiu.net\/wordpress\/wp-content\/uploads\/2024\/07\/WhatsApp-Image-2024-07-25-at-06.34.03-300x300.jpeg 300w, https:\/\/www.radiopiu.net\/wordpress\/wp-content\/uploads\/2024\/07\/WhatsApp-Image-2024-07-25-at-06.34.03-1024x1024.jpeg 1024w, https:\/\/www.radiopiu.net\/wordpress\/wp-content\/uploads\/2024\/07\/WhatsApp-Image-2024-07-25-at-06.34.03-150x150.jpeg 150w, https:\/\/www.radiopiu.net\/wordpress\/wp-content\/uploads\/2024\/07\/WhatsApp-Image-2024-07-25-at-06.34.03-768x768.jpeg 768w, https:\/\/www.radiopiu.net\/wordpress\/wp-content\/uploads\/2024\/07\/WhatsApp-Image-2024-07-25-at-06.34.03.jpeg 1496w\" sizes=\"auto, (max-width: 146px) 100vw, 146px\" \/><\/a>Ed anche questa partita la vincono le volontarie dell&#8217;associazione Randagi agordini operanti sul territorio da Alleghe ad Agordo, da Canale d&#8217;Agordo a Taibon, passando per San Tomaso e Cencenighe!\u00a0 Insomma dove c&#8217;\u00e8 un animale in pericolo o bisognoso di cure appaiono sempre puntuali. Gestiscono con grande esperienza ed abilit\u00e0 questi recuperi per niente facili, spesso provocati da persone incivili che abbandonano gli animali o allontanano i gatti randagi perch\u00e8 &#8220;disturbano&#8221; senza pensare che possono finire in situazione di reale pericolo, non solo per loro stessi, ma anche per le persone. Un gatto che attraversa la\u00a0 tangenziale di Agordo \u00e8 un vero pericolo. E&#8217; la storia di rosso belpelo, maschio intero di circa 8 mesi che baldanzoso e spericolato si aggirava nei pressi del sottopasso della tangenziale zona polane e che la mattina alle 5 puntuale tentava la roulette russa facendo jogging a bordo strada. Le nostre volontarie dopo opportuni sopralluoghi e progettazione della logistica hanno piazzato trappole per la cattura, ma non solo, hanno seguito a turno il monitoraggio delle stesse riuscendo stanotte a gabbare l&#8217;affamato felino, trovato incarcerato nella gabbia trappola.<\/p>\n<p>Rosso belpelo dopo l&#8217;opportuna pausa anti stess e il rifocillamento sar\u00e0 controllato dalle veterinarie e se il carattere lo permetter\u00e0 sar\u00e0 dato in adozione.<\/p>\n<p>Ricordiamo a tutti i lettori che le gabbie cattura non devono mai essere toccate, perch\u00e8 il meccanismo che le fa scattare \u00e8 molto sensible, per cui ogni &#8220;curiosit\u00e0&#8221; pu\u00f2 vanificare appostamenti e tentativi di cattura.<\/p>\n<p><a class=\"dt-pswp-item\" href=\"https:\/\/www.radiopiu.net\/wordpress\/wp-content\/uploads\/2024\/07\/WhatsApp-Image-2024-07-24-at-21.50.25.jpeg\" data-dt-img-description=\"\" data-large_image_width=\"2000\" data-large_image_height=\"1125\"><img loading=\"lazy\" decoding=\"async\" class=\"size-medium wp-image-401416 alignleft\" src=\"https:\/\/www.radiopiu.net\/wordpress\/wp-content\/uploads\/2024\/07\/WhatsApp-Image-2024-07-24-at-21.50.25-300x169.jpeg\" alt=\"\" width=\"300\" height=\"169\" srcset=\"https:\/\/www.radiopiu.net\/wordpress\/wp-content\/uploads\/2024\/07\/WhatsApp-Image-2024-07-24-at-21.50.25-300x169.jpeg 300w, https:\/\/www.radiopiu.net\/wordpress\/wp-content\/uploads\/2024\/07\/WhatsApp-Image-2024-07-24-at-21.50.25-1024x576.jpeg 1024w, https:\/\/www.radiopiu.net\/wordpress\/wp-content\/uploads\/2024\/07\/WhatsApp-Image-2024-07-24-at-21.50.25-768x432.jpeg 768w, https:\/\/www.radiopiu.net\/wordpress\/wp-content\/uploads\/2024\/07\/WhatsApp-Image-2024-07-24-at-21.50.25-1536x864.jpeg 1536w, https:\/\/www.radiopiu.net\/wordpress\/wp-content\/uploads\/2024\/07\/WhatsApp-Image-2024-07-24-at-21.50.25.jpeg 2000w\" sizes=\"auto, (max-width: 300px) 100vw, 300px\" \/><\/a>Ringraziamo come sempre le volontarie per la disponibilit\u00e0 che dimostrano nel venire in soccorso di animali indifesi e limitare la pericolosit\u00e0 di alcune situazioni potenzialmente pericolose per la comunit\u00e0!<\/p>\n<p>N.B. NON SI ESCLUDE CHE IL GATTO POSSA ESSERE DI PROPRIETA&#8217; PER CUI CHI LO AVESSE &#8220;PERSO&#8221; PUO&#8217; CONTATTARE IL NUMERO 349 802 5108.<br \/>\n<strong>Ricordiamo che i gatti di propriet\u00e0 vanno sterilizzati, questo diminuisce drasticamente gli allontanamenti e i conseguenti incidenti che si possono verificare.<\/strong><\/p>\n<p><em>(nella foto a sinistra gabbia cattura coperta)<\/em><\/p>\n<p>&nbsp;<\/p>\n<p>&nbsp;<\/p>\n<hr \/>\n<p>&nbsp;<\/p>\n<blockquote>\n<h3>ALLO JAGER BAR DI VOLTAGO L&#8217;EVENTO PINK SHARDANA CON MOSTORICCO<\/h3>\n<\/blockquote>\n<p><a class=\"dt-pswp-item\" href=\"https:\/\/www.radiopiu.net\/wordpress\/wp-content\/uploads\/2024\/07\/SCR-20240725-rhin.jpeg\" data-dt-img-description=\"Screenshot\" data-large_image_width=\"1594\" data-large_image_height=\"474\"><img loading=\"lazy\" decoding=\"async\" class=\"wp-image-401525 size-medium alignleft\" src=\"https:\/\/www.radiopiu.net\/wordpress\/wp-content\/uploads\/2024\/07\/SCR-20240725-rhin-300x89.jpeg\" alt=\"\" width=\"300\" height=\"89\" srcset=\"https:\/\/www.radiopiu.net\/wordpress\/wp-content\/uploads\/2024\/07\/SCR-20240725-rhin-300x89.jpeg 300w, https:\/\/www.radiopiu.net\/wordpress\/wp-content\/uploads\/2024\/07\/SCR-20240725-rhin-1024x305.jpeg 1024w, https:\/\/www.radiopiu.net\/wordpress\/wp-content\/uploads\/2024\/07\/SCR-20240725-rhin-768x228.jpeg 768w, https:\/\/www.radiopiu.net\/wordpress\/wp-content\/uploads\/2024\/07\/SCR-20240725-rhin-1536x457.jpeg 1536w, https:\/\/www.radiopiu.net\/wordpress\/wp-content\/uploads\/2024\/07\/SCR-20240725-rhin.jpeg 1594w\" sizes=\"auto, (max-width: 300px) 100vw, 300px\" \/><\/a><strong>VOLTAGO<\/strong> Grande festa a Voltago. Protagonista lo Jager Bar dove c&#8217;\u00e8 l&#8217;evento Pink Shardana organizzato da Motoricco di Agordo con degustazione dei vini e cocktail bar. Alla console DJ Tome<\/p>\n<p><strong>LA DIRETTA RADIO PIU&#8217;<\/strong><\/p>\n<p><iframe loading=\"lazy\" style=\"border: none; overflow: hidden;\" src=\"https:\/\/www.facebook.com\/plugins\/video.php?height=314&amp;href=https%3A%2F%2Fwww.facebook.com%2Fmarco.baghy.1%2Fvideos%2F1579072303022626%2F&amp;show_text=false&amp;width=560&amp;t=0\" width=\"560\" height=\"314\" frameborder=\"0\" scrolling=\"no\" allowfullscreen=\"allowfullscreen\" data-mce-fragment=\"1\"><\/iframe><\/p>\n<p>&nbsp;<\/p>\n<p>&nbsp;<\/p>\n<hr \/>\n<p>&nbsp;<\/p>\n<blockquote>\n<h3><a href=\"https:\/\/www.radiopiu.net\/wordpress\/wp-content\/uploads\/2024\/07\/lavori-in-corso.webp\"><img loading=\"lazy\" decoding=\"async\" class=\"wp-image-398920 alignleft\" src=\"https:\/\/www.radiopiu.net\/wordpress\/wp-content\/uploads\/2024\/07\/lavori-in-corso-300x257.webp\" alt=\"\" width=\"92\" height=\"79\" srcset=\"https:\/\/www.radiopiu.net\/wordpress\/wp-content\/uploads\/2024\/07\/lavori-in-corso-300x257.webp 300w, https:\/\/www.radiopiu.net\/wordpress\/wp-content\/uploads\/2024\/07\/lavori-in-corso.webp 640w\" sizes=\"auto, (max-width: 92px) 100vw, 92px\" \/><\/a>Limitazioni alla viabilit\u00e0 a Livinallongo<\/h3>\n<\/blockquote>\n<p><strong>LIVINALLONGO <\/strong>A Livinallongo, lavori stradali sulla Sr 48 delle Dolomiti e sulla Sp 244 al passo Campolongo porteranno a limitazioni della viabilit\u00e0 con senso unico alternato regolato da semafori o movieri, dal luned\u00ec al venerd\u00ec fino al 2 agosto, mentre nei fine settimana la circolazione sar\u00e0 regolare.<\/p>\n<p>&nbsp;<\/p>\n<p>&nbsp;<\/p>\n<hr \/>\n<p>&nbsp;<\/p>\n<blockquote>\n<h3 class=\"flex-shrink-0 flex flex-col relative items-end\">LA POLIZIA DI STATO CERCA 1306 ALLIEVI AGENTI<\/h3>\n<\/blockquote>\n<p><strong>BELLUNO<\/strong> \u00c8 stato pubblicato sul Portale unico del reclutamento e sul sito della Polizia di Stato il bando per l\u2019assunzione di 1306 allievi agenti della Polizia di Stato. Le domande possono essere presentate online dal 24 luglio 2024 al 22 agosto 2024 tramite la procedura disponibile su <a href=\"https:\/\/concorsionline.poliziadistato.it\" target=\"_new\" rel=\"noreferrer noopener\">https:\/\/concorsionline.poliziadistato.it<\/a>, accessibile anche dal Portale unico del reclutamento.<\/p>\n<p>&nbsp;<\/p>\n<p>&nbsp;<\/p>\n<hr \/>\n<p>&nbsp;<\/p>\n<div>\n<blockquote>\n<h2>Presentazione del Libro &#8220;Delitti e castighi<\/h2>\n<\/blockquote>\n<\/div>\n<p><strong>BELLUNO<\/strong> Sabato alle 18, presso la Sala Bianchi di Belluno, si terr\u00e0 la presentazione del libro di Filiberto dal Molin, intitolato &#8220;Delitti e castighi &#8211; Post-verit\u00e0 in medicina, proibizionismo e Pil&#8221; (Byoblu Editore 2024, pag. 393, 23 euro). A dialogare con l&#8217;autore sar\u00e0 Roberto De Nart, giornalista e fondatore di Bellunopress. L&#8217;evento \u00e8 organizzato in collaborazione con l&#8217;Associazione ContiamoCi di Belluno<\/p>\n<p>&nbsp;<\/p>\n<p>&nbsp;<\/p>\n<p>&nbsp;<\/p>\n<hr \/>\n<p>&nbsp;<\/p>\n<blockquote>\n<h3>SOSPIROLO TRA LEGGENDE E MISTERI<\/h3>\n<\/blockquote>\n<p><strong><a class=\"dt-pswp-item\" href=\"https:\/\/www.radiopiu.net\/wordpress\/wp-content\/uploads\/2024\/07\/premiati-23-scaled.jpeg\" data-dt-img-description=\"\" data-large_image_width=\"2560\" data-large_image_height=\"1707\"><img loading=\"lazy\" decoding=\"async\" class=\" wp-image-398974 alignleft\" src=\"https:\/\/www.radiopiu.net\/wordpress\/wp-content\/uploads\/2024\/07\/premiati-23-300x200.jpeg\" alt=\"\" width=\"158\" height=\"105\" srcset=\"https:\/\/www.radiopiu.net\/wordpress\/wp-content\/uploads\/2024\/07\/premiati-23-300x200.jpeg 300w, https:\/\/www.radiopiu.net\/wordpress\/wp-content\/uploads\/2024\/07\/premiati-23-1024x683.jpeg 1024w, https:\/\/www.radiopiu.net\/wordpress\/wp-content\/uploads\/2024\/07\/premiati-23-768x512.jpeg 768w, https:\/\/www.radiopiu.net\/wordpress\/wp-content\/uploads\/2024\/07\/premiati-23-1536x1024.jpeg 1536w, https:\/\/www.radiopiu.net\/wordpress\/wp-content\/uploads\/2024\/07\/premiati-23-2048x1365.jpeg 2048w\" sizes=\"auto, (max-width: 158px) 100vw, 158px\" \/><\/a>SOSPIROLO<\/strong> La Pro loco &#8220;Monti del Sole&#8221; e il Comune di Sospirolo indicono la 15esima edizione del concorso letterario \u201cSospirolo tra leggende e misteri\u201d, dedicato allo zodiaco e alla figura di Girolamo Segato. Il concorso, aperto ai nati e\/o residenti nel Triveneto, invita a scrivere racconti brevi inediti sul tema dello zodiaco, comprendendo aspetti astronomici, mitici e antropologici. Due le sezioni: A) per singoli di 6-14 anni o lavori scolastici di gruppo, e B) per partecipanti dai 15 anni. Premi in denaro fino a 500 euro e attestati di partecipazione. I vincitori saranno pubblicati su &#8220;il Veses&#8221;. Scadenza: 19 ottobre. Info su <a href=\"http:\/\/www.sospirolo.net\" target=\"_new\" rel=\"noreferrer noopener\">www.sospirolo.net<\/a>.<\/p>\n<p>&nbsp;<\/p>\n<hr \/>\n<p>&nbsp;<\/p>\n<blockquote>\n<h3>A TEATRO CON LA NAVETTA, PRENOTAZIONI APERTE<\/h3>\n<\/blockquote>\n<p><strong><a class=\"dt-pswp-item\" href=\"https:\/\/www.radiopiu.net\/wordpress\/wp-content\/uploads\/2022\/07\/LE-MUSE.png\" data-dt-img-description=\"\" data-large_image_width=\"750\" data-large_image_height=\"750\"><img loading=\"lazy\" decoding=\"async\" class=\" wp-image-288787 alignleft\" src=\"https:\/\/www.radiopiu.net\/wordpress\/wp-content\/uploads\/2022\/07\/LE-MUSE-300x300.png\" alt=\"\" width=\"113\" height=\"113\" srcset=\"https:\/\/www.radiopiu.net\/wordpress\/wp-content\/uploads\/2022\/07\/LE-MUSE-300x300.png 300w, https:\/\/www.radiopiu.net\/wordpress\/wp-content\/uploads\/2022\/07\/LE-MUSE-150x150.png 150w, https:\/\/www.radiopiu.net\/wordpress\/wp-content\/uploads\/2022\/07\/LE-MUSE.png 750w\" sizes=\"auto, (max-width: 113px) 100vw, 113px\" \/><\/a>REDAZIONE <\/strong>L&#8217;Associazione &#8220;Le Muse e le Dolomiti&#8221;, in collaborazione con i Comuni di Moena e Falcade, Moena Eventi e PromoFalcade, propone il servizio Navetta Teatro! Il 2 agosto si ripeter\u00e0 il servizio navetta per lo spettacolo &#8220;Allegria!&#8221;, uno spettacolo latino-americano con il Trio Galantes e gli studenti della Scuola Interregionale di Canto e Teatro, diretto da Giacomo Gamba. La navetta partir\u00e0 sempre da Piazza Municipio a Falcade alle 19:45. Anche in questo caso, il costo della navetta \u00e8 di \u20ac5 e l&#8217;ingresso allo spettacolo \u00e8 gratuito. Prenotazioni entro le ore 12 del 2 agosto tramite WhatsApp al 340 2305439. Per ulteriori informazioni, visitare <a href=\"http:\/\/www.musedolomiti.it\" target=\"_new\" rel=\"noreferrer noopener\">www.musedolomiti.it<\/a>.<\/p>\n<p>&nbsp;<\/p>\n<p>&nbsp;<\/p>\n<hr \/>\n<p>&nbsp;<\/p>\n<blockquote>\n<h3><a class=\"dt-pswp-item\" href=\"https:\/\/www.radiopiu.net\/wordpress\/wp-content\/uploads\/2024\/07\/Rolling_Around-.jpg\" data-dt-img-description=\"ROLLING AROUND\" data-large_image_width=\"709\" data-large_image_height=\"454\"><img loading=\"lazy\" decoding=\"async\" class=\" wp-image-401125 alignleft\" src=\"https:\/\/www.radiopiu.net\/wordpress\/wp-content\/uploads\/2024\/07\/Rolling_Around--300x192.jpg\" alt=\"\" width=\"247\" height=\"158\" srcset=\"https:\/\/www.radiopiu.net\/wordpress\/wp-content\/uploads\/2024\/07\/Rolling_Around--300x192.jpg 300w, https:\/\/www.radiopiu.net\/wordpress\/wp-content\/uploads\/2024\/07\/Rolling_Around-.jpg 709w\" sizes=\"auto, (max-width: 247px) 100vw, 247px\" \/><\/a>DOMENICA LA MUSICA ETNICA NEI GIARDINI DI PALAZZO CROTTA DE MANZONI<\/h3>\n<\/blockquote>\n<p><strong>AGORDO <\/strong>Il 28 luglio la musica folk sar\u00e0 protagonista di un ricco pomeriggio nel giardino di Villa de Manzoni,\u00a0 si alterneranno tre formazioni diverse, ciascuna pronta a proporre, a chi voglia ascoltare e a chi desideri provare a muovere qualche passo di danza, il proprio repertorio.<\/p>\n<p><strong style=\"color: #ff0000;\">LE INTERVISTE<\/strong><\/p>\n<p><strong>PEVAR SONER<\/strong><\/p>\n<p>Claudia Zender, pianoforte e fisarmonica Luisa Nalato, flauto traverso<br class=\"html-br\" \/>Barbara Dalla Valle, chitarra e voce Valentino Rossi, percussioni etniche ed elettroniche<\/p>\n<audio class=\"wp-audio-shortcode\" id=\"audio-401345-8\" preload=\"none\" style=\"width: 100%;\" controls=\"controls\"><source type=\"audio\/mpeg\" src=\"https:\/\/www.radiopiu.net\/wordpress\/wp-content\/uploads\/2024\/07\/intervista-2SHORT-pina-sabatina-con-pevar-soner-per-etnomusica-28-luglio.mp3?_=8\" \/><a href=\"https:\/\/www.radiopiu.net\/wordpress\/wp-content\/uploads\/2024\/07\/intervista-2SHORT-pina-sabatina-con-pevar-soner-per-etnomusica-28-luglio.mp3\">https:\/\/www.radiopiu.net\/wordpress\/wp-content\/uploads\/2024\/07\/intervista-2SHORT-pina-sabatina-con-pevar-soner-per-etnomusica-28-luglio.mp3<\/a><\/audio>\n<p>&nbsp;<\/p>\n<p><strong>TA PSICULA (Le Briciole)<\/strong><\/p>\n<p>Giulia Zovi, chitarra, voce e percussioni<br class=\"html-br\" \/>Soukaina Bahenni, voce, percussioni<br class=\"html-br\" \/>Sandro Del Duca, flauti, voce e percussioni<br class=\"html-br\" \/>Nelso Salton, contrabbasso<\/p>\n<audio class=\"wp-audio-shortcode\" id=\"audio-401345-9\" preload=\"none\" style=\"width: 100%;\" controls=\"controls\"><source type=\"audio\/mpeg\" src=\"https:\/\/www.radiopiu.net\/wordpress\/wp-content\/uploads\/2024\/07\/intervista-3SHORT-pina-sabatina-con-Ta-Psicula-per-etnomusica-28-luglio.mp3?_=9\" \/><a href=\"https:\/\/www.radiopiu.net\/wordpress\/wp-content\/uploads\/2024\/07\/intervista-3SHORT-pina-sabatina-con-Ta-Psicula-per-etnomusica-28-luglio.mp3\">https:\/\/www.radiopiu.net\/wordpress\/wp-content\/uploads\/2024\/07\/intervista-3SHORT-pina-sabatina-con-Ta-Psicula-per-etnomusica-28-luglio.mp3<\/a><\/audio>\n<p>&nbsp;<\/p>\n<p><strong>ROLLING AROUND<\/strong><\/p>\n<p>Matteo Marcon, bouzouki irlandese e voce<br class=\"html-br\" \/>Victor Zanasco, uillean pipe<br class=\"html-br\" \/>Stefano Boldrin, banjo tenore e mandolino<\/p>\n<audio class=\"wp-audio-shortcode\" id=\"audio-401345-10\" preload=\"none\" style=\"width: 100%;\" controls=\"controls\"><source type=\"audio\/mpeg\" src=\"https:\/\/www.radiopiu.net\/wordpress\/wp-content\/uploads\/2024\/07\/intervista-4SHORT-pina-sabatina-con-ROLLING-AROUND-per-etnomusica-28-luglio.mp3?_=10\" \/><a href=\"https:\/\/www.radiopiu.net\/wordpress\/wp-content\/uploads\/2024\/07\/intervista-4SHORT-pina-sabatina-con-ROLLING-AROUND-per-etnomusica-28-luglio.mp3\">https:\/\/www.radiopiu.net\/wordpress\/wp-content\/uploads\/2024\/07\/intervista-4SHORT-pina-sabatina-con-ROLLING-AROUND-per-etnomusica-28-luglio.mp3<\/a><\/audio>\n<p>&nbsp;<\/p>\n<p><strong>DOTT. LUCA DE MANZONI MATTEUCCI, PROPRIETARIO VILLA DE MANZONI<\/strong><\/p>\n<audio class=\"wp-audio-shortcode\" id=\"audio-401345-11\" preload=\"none\" style=\"width: 100%;\" controls=\"controls\"><source type=\"audio\/mpeg\" src=\"https:\/\/www.radiopiu.net\/wordpress\/wp-content\/uploads\/2024\/07\/intervista-5-andrea-bernardi-con-LUCA-DE-MANZONI-per-i-giardini-palazzo-c.luglio.mp3?_=11\" \/><a href=\"https:\/\/www.radiopiu.net\/wordpress\/wp-content\/uploads\/2024\/07\/intervista-5-andrea-bernardi-con-LUCA-DE-MANZONI-per-i-giardini-palazzo-c.luglio.mp3\">https:\/\/www.radiopiu.net\/wordpress\/wp-content\/uploads\/2024\/07\/intervista-5-andrea-bernardi-con-LUCA-DE-MANZONI-per-i-giardini-palazzo-c.luglio.mp3<\/a><\/audio>\n<p>&nbsp;<\/p>\n<p>&nbsp;<\/p>\n<p>&nbsp;<\/p>\n<hr \/>\n<p>&nbsp;<\/p>\n<blockquote>\n<h3>DOMANI E DOMENICA NATURAL-MENTE AL BOCCIODROMO DI AGORDO<\/h3>\n<\/blockquote>\n<p><strong><a class=\"dt-pswp-item\" href=\"https:\/\/www.radiopiu.net\/wordpress\/wp-content\/uploads\/2024\/07\/09e0d680-5d0b-4b4e-bff3-48d28921fc2c.jpg\" data-dt-img-description=\"\" data-large_image_width=\"1124\" data-large_image_height=\"1600\"><img loading=\"lazy\" decoding=\"async\" class=\" wp-image-400259 alignleft\" src=\"https:\/\/www.radiopiu.net\/wordpress\/wp-content\/uploads\/2024\/07\/09e0d680-5d0b-4b4e-bff3-48d28921fc2c-211x300.jpg\" alt=\"\" width=\"87\" height=\"124\" srcset=\"https:\/\/www.radiopiu.net\/wordpress\/wp-content\/uploads\/2024\/07\/09e0d680-5d0b-4b4e-bff3-48d28921fc2c-211x300.jpg 211w, https:\/\/www.radiopiu.net\/wordpress\/wp-content\/uploads\/2024\/07\/09e0d680-5d0b-4b4e-bff3-48d28921fc2c-719x1024.jpg 719w, https:\/\/www.radiopiu.net\/wordpress\/wp-content\/uploads\/2024\/07\/09e0d680-5d0b-4b4e-bff3-48d28921fc2c-768x1093.jpg 768w, https:\/\/www.radiopiu.net\/wordpress\/wp-content\/uploads\/2024\/07\/09e0d680-5d0b-4b4e-bff3-48d28921fc2c-1079x1536.jpg 1079w, https:\/\/www.radiopiu.net\/wordpress\/wp-content\/uploads\/2024\/07\/09e0d680-5d0b-4b4e-bff3-48d28921fc2c.jpg 1124w\" sizes=\"auto, (max-width: 87px) 100vw, 87px\" \/><\/a>AGORDO<\/strong> Il 27 e 28 luglio ad Agordo si terr\u00e0 il festival Natural-Mente, dedicato al benessere olistico e alla crescita personale. Organizzato da Spazio Olos APS e il Bocciodromo, l&#8217;evento arricchisce l&#8217;estate agordina con due giornate di esplorazione delle discipline olistiche. Presso il Bocciodromo saranno presenti espositori e operatori da varie regioni, offrendo esperienze pratiche di yoga, bagni di gong, tai-chi, chi-kung, ecstatic dance e altro. L&#8217;ingresso \u00e8 libero e domenica alle 15 si terr\u00e0 una conferenza gratuita sull&#8217;uso dei tarocchi come strumento di indagine interiore.<\/p>\n<p><strong>ROBERTA<\/strong><\/p>\n<audio class=\"wp-audio-shortcode\" id=\"audio-401345-12\" preload=\"none\" style=\"width: 100%;\" controls=\"controls\"><source type=\"audio\/mpeg\" src=\"https:\/\/www.radiopiu.net\/wordpress\/wp-content\/uploads\/2024\/07\/BOCCIODROMO-OLISTICO-ROBERTA.mp3?_=12\" \/><a href=\"https:\/\/www.radiopiu.net\/wordpress\/wp-content\/uploads\/2024\/07\/BOCCIODROMO-OLISTICO-ROBERTA.mp3\">https:\/\/www.radiopiu.net\/wordpress\/wp-content\/uploads\/2024\/07\/BOCCIODROMO-OLISTICO-ROBERTA.mp3<\/a><\/audio>\n<p>&nbsp;<\/p>\n<hr \/>\n<p>&nbsp;<\/p>\n<blockquote>\n<h3><a class=\"dt-pswp-item\" href=\"https:\/\/www.radiopiu.net\/wordpress\/wp-content\/uploads\/2024\/07\/COPERTINA_LOC_ARBOREA_CADORE.jpg\" data-dt-img-description=\"\" data-large_image_width=\"1654\" data-large_image_height=\"2339\"><img loading=\"lazy\" decoding=\"async\" class=\" wp-image-400907 alignleft\" src=\"https:\/\/www.radiopiu.net\/wordpress\/wp-content\/uploads\/2024\/07\/COPERTINA_LOC_ARBOREA_CADORE-212x300.jpg\" alt=\"\" width=\"123\" height=\"174\" srcset=\"https:\/\/www.radiopiu.net\/wordpress\/wp-content\/uploads\/2024\/07\/COPERTINA_LOC_ARBOREA_CADORE-212x300.jpg 212w, https:\/\/www.radiopiu.net\/wordpress\/wp-content\/uploads\/2024\/07\/COPERTINA_LOC_ARBOREA_CADORE-724x1024.jpg 724w, https:\/\/www.radiopiu.net\/wordpress\/wp-content\/uploads\/2024\/07\/COPERTINA_LOC_ARBOREA_CADORE-768x1086.jpg 768w, https:\/\/www.radiopiu.net\/wordpress\/wp-content\/uploads\/2024\/07\/COPERTINA_LOC_ARBOREA_CADORE-1086x1536.jpg 1086w, https:\/\/www.radiopiu.net\/wordpress\/wp-content\/uploads\/2024\/07\/COPERTINA_LOC_ARBOREA_CADORE-1448x2048.jpg 1448w, https:\/\/www.radiopiu.net\/wordpress\/wp-content\/uploads\/2024\/07\/COPERTINA_LOC_ARBOREA_CADORE.jpg 1654w\" sizes=\"auto, (max-width: 123px) 100vw, 123px\" \/><\/a>L&#8217;EMIGRAZIONE VENETA IN SARDEGNA TRA LE DUE GUERRE<\/h3>\n<\/blockquote>\n<p><strong>BELLUNO<\/strong> La Famiglia Emigranti ed ex Emigranti del Cadore organizza una serata gratuita intitolata \u201cL\u2019America di quaggi\u00f9. L\u2019Emigrazione veneta in Sardegna tra le due Guerre\u201d, il 1 agosto alle 18.30 nella Sala Consiliare del Comune di Pieve di Cadore. L&#8217;evento, patrocinato da diverse associazioni, sar\u00e0 aperto dai saluti delle autorit\u00e0 locali e includer\u00e0 una presentazione e proiezione di un video curato da Alberto Medda Costella, esperto del fenomeno migratorio. Costella guider\u00e0 il pubblico nella storia dell&#8217;emigrazione veneta in Sardegna tra le due guerre mondiali, offrendo una riflessione sulle esperienze degli emigranti veneti. Il presidente dell\u2019Associazione Bellunesi nel Mondo, Oscar De Bona, invita tutti a partecipare per condividere momenti di riflessione e cultura.<\/p>\n<p>&nbsp;<\/p>\n<p>&nbsp;<\/p>\n<hr \/>\n<p>&nbsp;<\/p>\n<blockquote>\n<h3>DIAMO VALORE AL LEGNO IN SALA DON TAMIS<\/h3>\n<\/blockquote>\n<p><strong><a class=\"dt-pswp-item\" href=\"https:\/\/www.radiopiu.net\/wordpress\/wp-content\/uploads\/2024\/07\/DIAMO-VALORE-AL-LEGNO-1.png\" data-dt-img-description=\"\" data-large_image_width=\"673\" data-large_image_height=\"942\"><img loading=\"lazy\" decoding=\"async\" class=\" wp-image-400250 alignleft\" src=\"https:\/\/www.radiopiu.net\/wordpress\/wp-content\/uploads\/2024\/07\/DIAMO-VALORE-AL-LEGNO-1-214x300.png\" alt=\"\" width=\"96\" height=\"135\" srcset=\"https:\/\/www.radiopiu.net\/wordpress\/wp-content\/uploads\/2024\/07\/DIAMO-VALORE-AL-LEGNO-1-214x300.png 214w, https:\/\/www.radiopiu.net\/wordpress\/wp-content\/uploads\/2024\/07\/DIAMO-VALORE-AL-LEGNO-1.png 673w\" sizes=\"auto, (max-width: 96px) 100vw, 96px\" \/><\/a>AGORDO<\/strong> Il 1\u00b0 agosto 2024, AIEL organizza una serata informativa ad Agordo, in collaborazione con vari enti, per discutere del ripristino dei boschi colpiti dal bostrico e del &#8220;Bando stufe 2024&#8221; della Regione Veneto. L&#8217;incontro, che si terr\u00e0 presso la sala Don Tamis dalle 18:00, affronter\u00e0 l&#8217;uso di tecnologie innovative per il recupero delle foreste danneggiate e il finanziamento regionale per la sostituzione di vecchi impianti termici a biomassa. Il &#8220;Bando stufe 2024&#8221; coprir\u00e0 dall&#8217;85 al 100% delle spese per nuovi impianti a legna, pellet e cippato. L&#8217;evento prevede interventi di esperti che presenteranno casi applicativi e informazioni per accedere agli incentivi. La partecipazione \u00e8 aperta a cittadini e amministratori locali per promuovere sicurezza ed efficienza energetica nelle abitazioni. Per ulteriori dettagli: <a rel=\"noreferrer\">segreteria.aiel@cia.it<\/a>.<\/p>\n<p>&nbsp;<\/p>\n<hr \/>\n<p>&nbsp;<\/p>\n<blockquote class=\"wp-embedded-content\" data-secret=\"RReNcjUmCJ\"><p><a href=\"https:\/\/www.radiopiu.net\/wordpress\/eventi-tra-pietre-e-cristalli-libri-e-concorso\/\">EVENTI TRA PIETRE E CRISTALLI, LIBRI E CONCORSO<\/a><\/p><\/blockquote>\n<p><iframe loading=\"lazy\" class=\"wp-embedded-content\" sandbox=\"allow-scripts\" security=\"restricted\" style=\"position: absolute; visibility: hidden;\" title=\"&#8220;EVENTI TRA PIETRE E CRISTALLI, LIBRI E CONCORSO&#8221; &#8212; Radio Pi\u00f9\" src=\"https:\/\/www.radiopiu.net\/wordpress\/eventi-tra-pietre-e-cristalli-libri-e-concorso\/embed\/#?secret=3RqsKIjmAz#?secret=RReNcjUmCJ\" data-secret=\"RReNcjUmCJ\" width=\"600\" height=\"338\" frameborder=\"0\" marginwidth=\"0\" marginheight=\"0\" scrolling=\"no\"><\/iframe><\/p>\n<p>&nbsp;<\/p>\n<p>&nbsp;<\/p>\n<hr \/>\n<p>&nbsp;<\/p>\n<blockquote>\n<h3>TRA LE CHINE DELLA SCHIARA<\/h3>\n<\/blockquote>\n<p><strong>BELLUNO<\/strong> Il Parco Nazionale Dolomiti Bellunesi, in collaborazione con i rifugi Bianchet, 7\u00b0 Alpini e Pian de Fontana, organizza tre giornate sui sentieri della Schiara. Luca Sovilla racconter\u00e0 i segreti della zona e Marco Dall\u2019Armi li disegner\u00e0 in china. Gli incontri nei rifugi sono gratuiti e aperti a tutti. Le escursioni guidate gratuite, accompagnate dalle Guide del Parco, richiedono prenotazione per un massimo di 25 persone, da effettuare due giorni prima. Il primo incontro \u00e8 sabato 27 luglio alle 15:00 al rifugio Bianchet, con escursione guidata alle 9:00. Gli altri appuntamenti sono il 31 agosto al rifugio 7\u00b0 Alpini e il 21 settembre al rifugio Pian de Fontana. La manifestazione \u00e8 patrocinata dal CAI di Belluno.<\/p>\n<p>&nbsp;<\/p>\n<p>&nbsp;<\/p>\n<hr \/>\n<p>&nbsp;<\/p>\n<h2><span style=\"color: #ff6600;\">ALLA RADIO<\/span><\/h2>\n<h2><span style=\"color: #ffcc00;\">TIME 4 ME&#8230;CON BEATRICE RONCHI<\/span><\/h2>\n<p><strong><a class=\"dt-pswp-item\" href=\"https:\/\/www.radiopiu.net\/wordpress\/wp-content\/uploads\/2024\/07\/2a6fcde1-6885-43c4-9fb2-7960d00581b9.jpg\" data-dt-img-description=\"\" data-large_image_width=\"1080\" data-large_image_height=\"1300\"><img loading=\"lazy\" decoding=\"async\" class=\" wp-image-401476 alignleft\" src=\"https:\/\/www.radiopiu.net\/wordpress\/wp-content\/uploads\/2024\/07\/2a6fcde1-6885-43c4-9fb2-7960d00581b9-249x300.jpg\" alt=\"\" width=\"145\" height=\"175\" srcset=\"https:\/\/www.radiopiu.net\/wordpress\/wp-content\/uploads\/2024\/07\/2a6fcde1-6885-43c4-9fb2-7960d00581b9-249x300.jpg 249w, https:\/\/www.radiopiu.net\/wordpress\/wp-content\/uploads\/2024\/07\/2a6fcde1-6885-43c4-9fb2-7960d00581b9-851x1024.jpg 851w, https:\/\/www.radiopiu.net\/wordpress\/wp-content\/uploads\/2024\/07\/2a6fcde1-6885-43c4-9fb2-7960d00581b9-768x924.jpg 768w, https:\/\/www.radiopiu.net\/wordpress\/wp-content\/uploads\/2024\/07\/2a6fcde1-6885-43c4-9fb2-7960d00581b9.jpg 1080w\" sizes=\"auto, (max-width: 145px) 100vw, 145px\" \/><\/a>DI MARINA DONA&#8217;<\/strong><\/p>\n<p>CON BEATRICE RONCHI<\/p>\n<p><span style=\"color: #ff0000;\"><strong>PRIMA PARTE<\/strong><\/span><\/p>\n<audio class=\"wp-audio-shortcode\" id=\"audio-401345-13\" preload=\"none\" style=\"width: 100%;\" controls=\"controls\"><source type=\"audio\/mpeg\" src=\"https:\/\/www.radiopiu.net\/wordpress\/wp-content\/uploads\/2024\/07\/TIME1-3.mp3?_=13\" \/><a href=\"https:\/\/www.radiopiu.net\/wordpress\/wp-content\/uploads\/2024\/07\/TIME1-3.mp3\">https:\/\/www.radiopiu.net\/wordpress\/wp-content\/uploads\/2024\/07\/TIME1-3.mp3<\/a><\/audio>\n<p><span style=\"color: #ff0000;\"><strong>\u00a0<\/strong><\/span><\/p>\n<p><span style=\"color: #ff0000;\"><strong>SECONDA PARTE<\/strong><\/span><\/p>\n<audio class=\"wp-audio-shortcode\" id=\"audio-401345-14\" preload=\"none\" style=\"width: 100%;\" controls=\"controls\"><source type=\"audio\/mpeg\" src=\"https:\/\/www.radiopiu.net\/wordpress\/wp-content\/uploads\/2024\/07\/TIME2-3.mp3?_=14\" \/><a href=\"https:\/\/www.radiopiu.net\/wordpress\/wp-content\/uploads\/2024\/07\/TIME2-3.mp3\">https:\/\/www.radiopiu.net\/wordpress\/wp-content\/uploads\/2024\/07\/TIME2-3.mp3<\/a><\/audio>\n<p><span style=\"color: #ff0000;\"><strong>\u00a0<\/strong><\/span><\/p>\n<p><span style=\"color: #ff0000;\"><strong>TERZA PARTE<\/strong><\/span><\/p>\n<audio class=\"wp-audio-shortcode\" id=\"audio-401345-15\" preload=\"none\" style=\"width: 100%;\" controls=\"controls\"><source type=\"audio\/mpeg\" src=\"https:\/\/www.radiopiu.net\/wordpress\/wp-content\/uploads\/2024\/07\/TIME3-3.mp3?_=15\" \/><a href=\"https:\/\/www.radiopiu.net\/wordpress\/wp-content\/uploads\/2024\/07\/TIME3-3.mp3\">https:\/\/www.radiopiu.net\/wordpress\/wp-content\/uploads\/2024\/07\/TIME3-3.mp3<\/a><\/audio>\n<p>&nbsp;<\/p>\n<hr \/>\n<p>&nbsp;<\/p>\n<h2><span style=\"color: #993366;\"><a class=\"dt-pswp-item\" href=\"https:\/\/www.radiopiu.net\/wordpress\/wp-content\/uploads\/2024\/06\/c2f4f425-e175-4bc7-918a-e3d1330c6c31.jpg\" data-dt-img-description=\"\" data-large_image_width=\"1080\" data-large_image_height=\"907\"><img loading=\"lazy\" decoding=\"async\" class=\" wp-image-393091 alignleft\" src=\"https:\/\/www.radiopiu.net\/wordpress\/wp-content\/uploads\/2024\/06\/c2f4f425-e175-4bc7-918a-e3d1330c6c31-300x252.jpg\" alt=\"\" width=\"119\" height=\"100\" srcset=\"https:\/\/www.radiopiu.net\/wordpress\/wp-content\/uploads\/2024\/06\/c2f4f425-e175-4bc7-918a-e3d1330c6c31-300x252.jpg 300w, https:\/\/www.radiopiu.net\/wordpress\/wp-content\/uploads\/2024\/06\/c2f4f425-e175-4bc7-918a-e3d1330c6c31-1024x860.jpg 1024w, https:\/\/www.radiopiu.net\/wordpress\/wp-content\/uploads\/2024\/06\/c2f4f425-e175-4bc7-918a-e3d1330c6c31-768x645.jpg 768w, https:\/\/www.radiopiu.net\/wordpress\/wp-content\/uploads\/2024\/06\/c2f4f425-e175-4bc7-918a-e3d1330c6c31.jpg 1080w\" sizes=\"auto, (max-width: 119px) 100vw, 119px\" \/><\/a><span style=\"color: #00ccff;\">ZAINO DA VIAGGIO AL FEMMINILE<\/span><\/span><\/h2>\n<p><strong>IL PROGRAMMA DI PAOLA LANCIATO<\/strong><\/p>\n<p>15\u00b0 PUNTATA: SABAUDIA E IL CIRCEO<\/p>\n<blockquote class=\"wp-embedded-content\" data-secret=\"xgnlNXu09Q\"><p><a href=\"https:\/\/www.radiopiu.net\/wordpress\/zaino-femminile-lanciato\/\">Zaino da viaggio al femminile<\/a><\/p><\/blockquote>\n<p><iframe loading=\"lazy\" class=\"wp-embedded-content\" sandbox=\"allow-scripts\" security=\"restricted\" style=\"position: absolute; visibility: hidden;\" title=\"&#8220;Zaino da viaggio al femminile&#8221; &#8212; Radio Pi\u00f9\" src=\"https:\/\/www.radiopiu.net\/wordpress\/zaino-femminile-lanciato\/embed\/#?secret=UFbsWj1TWf#?secret=xgnlNXu09Q\" data-secret=\"xgnlNXu09Q\" width=\"600\" height=\"338\" frameborder=\"0\" marginwidth=\"0\" marginheight=\"0\" scrolling=\"no\"><\/iframe><\/p>\n<p>&nbsp;<\/p>\n<p>&nbsp;<\/p>\n<hr \/>\n<p>&nbsp;<\/p>\n<h2><span style=\"color: #800080;\">SPECIALE LETTURE E CULTURE A PALUE DI ROCCA PIETORE<\/span><\/h2>\n<p><strong><a class=\"dt-pswp-item\" href=\"https:\/\/www.radiopiu.net\/wordpress\/wp-content\/uploads\/2024\/07\/6fb0e9df-e499-4871-88d6-ed2450611d09.jpg\" data-dt-img-description=\"\" data-large_image_width=\"1599\" data-large_image_height=\"1186\"><img loading=\"lazy\" decoding=\"async\" class=\" wp-image-401332 alignleft\" src=\"https:\/\/www.radiopiu.net\/wordpress\/wp-content\/uploads\/2024\/07\/6fb0e9df-e499-4871-88d6-ed2450611d09-300x223.jpg\" alt=\"\" width=\"144\" height=\"107\" srcset=\"https:\/\/www.radiopiu.net\/wordpress\/wp-content\/uploads\/2024\/07\/6fb0e9df-e499-4871-88d6-ed2450611d09-300x223.jpg 300w, https:\/\/www.radiopiu.net\/wordpress\/wp-content\/uploads\/2024\/07\/6fb0e9df-e499-4871-88d6-ed2450611d09-1024x760.jpg 1024w, https:\/\/www.radiopiu.net\/wordpress\/wp-content\/uploads\/2024\/07\/6fb0e9df-e499-4871-88d6-ed2450611d09-768x570.jpg 768w, https:\/\/www.radiopiu.net\/wordpress\/wp-content\/uploads\/2024\/07\/6fb0e9df-e499-4871-88d6-ed2450611d09-1536x1139.jpg 1536w, https:\/\/www.radiopiu.net\/wordpress\/wp-content\/uploads\/2024\/07\/6fb0e9df-e499-4871-88d6-ed2450611d09.jpg 1599w\" sizes=\"auto, (max-width: 144px) 100vw, 144px\" \/><\/a>DI MARINA DONA&#8217;<\/strong><\/p>\n<audio class=\"wp-audio-shortcode\" id=\"audio-401345-16\" preload=\"none\" style=\"width: 100%;\" controls=\"controls\"><source type=\"audio\/mpeg\" src=\"https:\/\/www.radiopiu.net\/wordpress\/wp-content\/uploads\/2024\/07\/LETTURE-E-CULTURE-ESTATE-1.mp3?_=16\" \/><a href=\"https:\/\/www.radiopiu.net\/wordpress\/wp-content\/uploads\/2024\/07\/LETTURE-E-CULTURE-ESTATE-1.mp3\">https:\/\/www.radiopiu.net\/wordpress\/wp-content\/uploads\/2024\/07\/LETTURE-E-CULTURE-ESTATE-1.mp3<\/a><\/audio>\n<p>&nbsp;<\/p>\n<hr \/>\n<p>&nbsp;<\/p>\n<h2><span style=\"color: #ff0000;\"><a class=\"dt-pswp-item\" href=\"https:\/\/www.radiopiu.net\/wordpress\/wp-content\/uploads\/2018\/09\/appuntamenti.jpeg\" data-dt-img-description=\"\" data-large_image_width=\"800\" data-large_image_height=\"100\"><img loading=\"lazy\" decoding=\"async\" class=\"wp-image-61958 size-full aligncenter\" src=\"https:\/\/www.radiopiu.net\/wordpress\/wp-content\/uploads\/2018\/09\/appuntamenti.jpeg\" alt=\"\" width=\"800\" height=\"100\" srcset=\"https:\/\/www.radiopiu.net\/wordpress\/wp-content\/uploads\/2018\/09\/appuntamenti.jpeg 800w, https:\/\/www.radiopiu.net\/wordpress\/wp-content\/uploads\/2018\/09\/appuntamenti-300x38.jpeg 300w, https:\/\/www.radiopiu.net\/wordpress\/wp-content\/uploads\/2018\/09\/appuntamenti-768x96.jpeg 768w\" sizes=\"auto, (max-width: 800px) 100vw, 800px\" \/><\/a><\/span><\/h2>\n<div>\n<div class=\"\" dir=\"auto\">\n<div id=\":r9h:\" class=\"x1iorvi4 x1pi30zi x1l90r2v x1swvt13\" data-ad-comet-preview=\"message\" data-ad-preview=\"message\">\n\n\t\t\t<style type='text\/css'>\n\t\t\t\t#gallery-4 {\n\t\t\t\t\tmargin: auto;\n\t\t\t\t}\n\t\t\t\t#gallery-4 .gallery-item {\n\t\t\t\t\tfloat: left;\n\t\t\t\t\tmargin-top: 10px;\n\t\t\t\t\ttext-align: center;\n\t\t\t\t\twidth: 20%;\n\t\t\t\t}\n\t\t\t\t#gallery-4 img {\n\t\t\t\t\tborder: 2px solid #cfcfcf;\n\t\t\t\t}\n\t\t\t\t#gallery-4 .gallery-caption {\n\t\t\t\t\tmargin-left: 0;\n\t\t\t\t}\n\t\t\t\t\/* see gallery_shortcode() in wp-includes\/media.php *\/\n\t\t\t<\/style>\n\t\t<div id='gallery-4' class='dt-gallery-container gallery galleryid-401345 gallery-columns-5 gallery-size-thumbnail'><dl class='gallery-item'>\n\t\t\t\t<dt class='gallery-icon portrait'>\n\t\t\t\t\t<a class=\"rollover rollover-zoom dt-pswp-item\" title=\"301dcd55-271a-41ef-ab90-1c8127dd9b5c\" data-dt-img-description=\"\" data-large_image_width=\"1121\" data-large_image_height=\"1600\"href='https:\/\/www.radiopiu.net\/wordpress\/wp-content\/uploads\/2024\/07\/301dcd55-271a-41ef-ab90-1c8127dd9b5c.jpg'><img loading=\"lazy\" decoding=\"async\" width=\"150\" height=\"150\" src=\"https:\/\/www.radiopiu.net\/wordpress\/wp-content\/uploads\/2024\/07\/301dcd55-271a-41ef-ab90-1c8127dd9b5c-150x150.jpg\" class=\"attachment-thumbnail size-thumbnail\" alt=\"\" aria-describedby=\"gallery-4-400848\" \/><\/a>\n\t\t\t\t<\/dt>\n\t\t\t\t\t<dd class='wp-caption-text gallery-caption' id='gallery-4-400848'>\n\t\t\t\t\tLA VALLE, AL FORNER CON RDJ DA OMAR E WILLIAM BAR FAMIGLIA DA ROIT LA VALLE \n\t\t\t\t\t<\/dd><\/dl><dl class='gallery-item'>\n\t\t\t\t<dt class='gallery-icon portrait'>\n\t\t\t\t\t<a class=\"rollover rollover-zoom dt-pswp-item\" title=\"7079ecea-2af7-42bb-b22c-f5fe8a9ed3e4\" data-dt-img-description=\"\" data-large_image_width=\"1124\" data-large_image_height=\"1600\"href='https:\/\/www.radiopiu.net\/wordpress\/wp-content\/uploads\/2024\/07\/7079ecea-2af7-42bb-b22c-f5fe8a9ed3e4.jpg'><img loading=\"lazy\" decoding=\"async\" width=\"150\" height=\"150\" src=\"https:\/\/www.radiopiu.net\/wordpress\/wp-content\/uploads\/2024\/07\/7079ecea-2af7-42bb-b22c-f5fe8a9ed3e4-150x150.jpg\" class=\"attachment-thumbnail size-thumbnail\" alt=\"\" aria-describedby=\"gallery-4-399792\" \/><\/a>\n\t\t\t\t<\/dt>\n\t\t\t\t\t<dd class='wp-caption-text gallery-caption' id='gallery-4-399792'>\n\t\t\t\t\tBAR BOCCIODROMO AGORDO\n\t\t\t\t\t<\/dd><\/dl><dl class='gallery-item'>\n\t\t\t\t<dt class='gallery-icon portrait'>\n\t\t\t\t\t<a class=\"rollover rollover-zoom dt-pswp-item\" title=\"c43011fa-8405-4ea2-9ca9-b934b11662df\" data-dt-img-description=\"\" data-large_image_width=\"512\" data-large_image_height=\"720\"href='https:\/\/www.radiopiu.net\/wordpress\/wp-content\/uploads\/2024\/07\/c43011fa-8405-4ea2-9ca9-b934b11662df.jpg'><img loading=\"lazy\" decoding=\"async\" width=\"150\" height=\"150\" src=\"https:\/\/www.radiopiu.net\/wordpress\/wp-content\/uploads\/2024\/07\/c43011fa-8405-4ea2-9ca9-b934b11662df-150x150.jpg\" class=\"attachment-thumbnail size-thumbnail\" alt=\"\" aria-describedby=\"gallery-4-398969\" \/><\/a>\n\t\t\t\t<\/dt>\n\t\t\t\t\t<dd class='wp-caption-text gallery-caption' id='gallery-4-398969'>\n\t\t\t\t\tA PRA DE LA MELIA\n\t\t\t\t\t<\/dd><\/dl><dl class='gallery-item'>\n\t\t\t\t<dt class='gallery-icon portrait'>\n\t\t\t\t\t<a class=\"rollover rollover-zoom dt-pswp-item\" title=\"8b2155a6-d732-4852-a73f-6ad1b59fac91\" data-dt-img-description=\"\" data-large_image_width=\"1131\" data-large_image_height=\"1600\"href='https:\/\/www.radiopiu.net\/wordpress\/wp-content\/uploads\/2024\/07\/8b2155a6-d732-4852-a73f-6ad1b59fac91-1.jpg'><img loading=\"lazy\" decoding=\"async\" width=\"150\" height=\"150\" src=\"https:\/\/www.radiopiu.net\/wordpress\/wp-content\/uploads\/2024\/07\/8b2155a6-d732-4852-a73f-6ad1b59fac91-1-150x150.jpg\" class=\"attachment-thumbnail size-thumbnail\" alt=\"\" aria-describedby=\"gallery-4-397366\" \/><\/a>\n\t\t\t\t<\/dt>\n\t\t\t\t\t<dd class='wp-caption-text gallery-caption' id='gallery-4-397366'>\n\t\t\t\t\tASSOCIAZIONE BORGO SOTTOGUDA \n\t\t\t\t\t<\/dd><\/dl><dl class='gallery-item'>\n\t\t\t\t<dt class='gallery-icon portrait'>\n\t\t\t\t\t<a class=\"rollover rollover-zoom dt-pswp-item\" title=\"original-84F78277-839A-4868-BE6A-5A10A5605E21\" data-dt-img-description=\"\" data-large_image_width=\"1754\" data-large_image_height=\"2480\"href='https:\/\/www.radiopiu.net\/wordpress\/wp-content\/uploads\/2024\/07\/original-84F78277-839A-4868-BE6A-5A10A5605E21.jpeg'><img loading=\"lazy\" decoding=\"async\" width=\"150\" height=\"150\" src=\"https:\/\/www.radiopiu.net\/wordpress\/wp-content\/uploads\/2024\/07\/original-84F78277-839A-4868-BE6A-5A10A5605E21-150x150.jpeg\" class=\"attachment-thumbnail size-thumbnail\" alt=\"\" aria-describedby=\"gallery-4-397532\" \/><\/a>\n\t\t\t\t<\/dt>\n\t\t\t\t\t<dd class='wp-caption-text gallery-caption' id='gallery-4-397532'>\n\t\t\t\t\tHOTEL STELLA ALPINA ESTATE D&#8217;EVENTI \n\t\t\t\t\t<\/dd><\/dl><br style=\"clear: both\" \/><dl class='gallery-item'>\n\t\t\t\t<dt class='gallery-icon portrait'>\n\t\t\t\t\t<a class=\"rollover rollover-zoom dt-pswp-item\" title=\"441936111_953300066803441_3663667299753321850_n\" data-dt-img-description=\"\" data-large_image_width=\"520\" data-large_image_height=\"640\"href='https:\/\/www.radiopiu.net\/wordpress\/wp-content\/uploads\/2024\/06\/441936111_953300066803441_3663667299753321850_n.jpg'><img loading=\"lazy\" decoding=\"async\" width=\"150\" height=\"150\" src=\"https:\/\/www.radiopiu.net\/wordpress\/wp-content\/uploads\/2024\/06\/441936111_953300066803441_3663667299753321850_n-150x150.jpg\" class=\"attachment-thumbnail size-thumbnail\" alt=\"\" aria-describedby=\"gallery-4-394061\" \/><\/a>\n\t\t\t\t<\/dt>\n\t\t\t\t\t<dd class='wp-caption-text gallery-caption' id='gallery-4-394061'>\n\t\t\t\t\t31 LUGLIO AL MINIERE E IN DIRETTA ALLA RADIO \n\t\t\t\t\t<\/dd><\/dl><dl class='gallery-item'>\n\t\t\t\t<dt class='gallery-icon portrait'>\n\t\t\t\t\t<a class=\"rollover rollover-zoom dt-pswp-item\" title=\"6aaaad58-800e-4990-a3b1-996dabdbe745\" data-dt-img-description=\"\" data-large_image_width=\"1131\" data-large_image_height=\"1600\"href='https:\/\/www.radiopiu.net\/wordpress\/wp-content\/uploads\/2024\/07\/6aaaad58-800e-4990-a3b1-996dabdbe745.jpg'><img loading=\"lazy\" decoding=\"async\" width=\"150\" height=\"150\" src=\"https:\/\/www.radiopiu.net\/wordpress\/wp-content\/uploads\/2024\/07\/6aaaad58-800e-4990-a3b1-996dabdbe745-150x150.jpg\" class=\"attachment-thumbnail size-thumbnail\" alt=\"\" aria-describedby=\"gallery-4-397565\" \/><\/a>\n\t\t\t\t<\/dt>\n\t\t\t\t\t<dd class='wp-caption-text gallery-caption' id='gallery-4-397565'>\n\t\t\t\t\tDAL 20 LUGLIO A VOLTAGO\n\t\t\t\t\t<\/dd><\/dl><dl class='gallery-item'>\n\t\t\t\t<dt class='gallery-icon landscape'>\n\t\t\t\t\t<a class=\"rollover rollover-zoom dt-pswp-item\" title=\"449189900_484613757290091_1574838248887562981_n\" data-dt-img-description=\"\" data-large_image_width=\"960\" data-large_image_height=\"540\"href='https:\/\/www.radiopiu.net\/wordpress\/wp-content\/uploads\/2024\/06\/449189900_484613757290091_1574838248887562981_n.jpg'><img loading=\"lazy\" decoding=\"async\" width=\"150\" height=\"150\" src=\"https:\/\/www.radiopiu.net\/wordpress\/wp-content\/uploads\/2024\/06\/449189900_484613757290091_1574838248887562981_n-150x150.jpg\" class=\"attachment-thumbnail size-thumbnail\" alt=\"\" aria-describedby=\"gallery-4-396872\" \/><\/a>\n\t\t\t\t<\/dt>\n\t\t\t\t\t<dd class='wp-caption-text gallery-caption' id='gallery-4-396872'>\n\t\t\t\t\t A CANALE D&#8217;AGORDO VALLE DI GARES\n\t\t\t\t\t<\/dd><\/dl><dl class='gallery-item'>\n\t\t\t\t<dt class='gallery-icon portrait'>\n\t\t\t\t\t<a class=\"rollover rollover-zoom dt-pswp-item\" title=\"Manifesto ecologia delle piante-1\" data-dt-img-description=\"\" data-large_image_width=\"1414\" data-large_image_height=\"2000\"href='https:\/\/www.radiopiu.net\/wordpress\/wp-content\/uploads\/2024\/07\/Manifesto-ecologia-delle-piante-1.jpg'><img loading=\"lazy\" decoding=\"async\" width=\"150\" height=\"150\" src=\"https:\/\/www.radiopiu.net\/wordpress\/wp-content\/uploads\/2024\/07\/Manifesto-ecologia-delle-piante-1-150x150.jpg\" class=\"attachment-thumbnail size-thumbnail\" alt=\"\" aria-describedby=\"gallery-4-400695\" \/><\/a>\n\t\t\t\t<\/dt>\n\t\t\t\t\t<dd class='wp-caption-text gallery-caption' id='gallery-4-400695'>\n\t\t\t\t\tCENCENIGHE 26 LUGLIO\n\t\t\t\t\t<\/dd><\/dl><dl class='gallery-item'>\n\t\t\t\t<dt class='gallery-icon portrait'>\n\t\t\t\t\t<a class=\"rollover rollover-zoom dt-pswp-item\" title=\"452253486_1051176820044973_2433440643894454797_n\" data-dt-img-description=\"\" data-large_image_width=\"509\" data-large_image_height=\"720\"href='https:\/\/www.radiopiu.net\/wordpress\/wp-content\/uploads\/2024\/07\/452253486_1051176820044973_2433440643894454797_n.jpg'><img loading=\"lazy\" decoding=\"async\" width=\"150\" height=\"150\" src=\"https:\/\/www.radiopiu.net\/wordpress\/wp-content\/uploads\/2024\/07\/452253486_1051176820044973_2433440643894454797_n-150x150.jpg\" class=\"attachment-thumbnail size-thumbnail\" alt=\"\" aria-describedby=\"gallery-4-401018\" \/><\/a>\n\t\t\t\t<\/dt>\n\t\t\t\t\t<dd class='wp-caption-text gallery-caption' id='gallery-4-401018'>\n\t\t\t\t\tDOMENICA 28 A FALCADE AIVAZ\n\t\t\t\t\t<\/dd><\/dl><br style=\"clear: both\" \/><dl class='gallery-item'>\n\t\t\t\t<dt class='gallery-icon portrait'>\n\t\t\t\t\t<a class=\"rollover rollover-zoom dt-pswp-item\" title=\"f84567d6-a1d2-47de-9596-ef8505986952\" data-dt-img-description=\"\" data-large_image_width=\"745\" data-large_image_height=\"1073\"href='https:\/\/www.radiopiu.net\/wordpress\/wp-content\/uploads\/2024\/06\/f84567d6-a1d2-47de-9596-ef8505986952.jpg'><img loading=\"lazy\" decoding=\"async\" width=\"150\" height=\"150\" src=\"https:\/\/www.radiopiu.net\/wordpress\/wp-content\/uploads\/2024\/06\/f84567d6-a1d2-47de-9596-ef8505986952-150x150.jpg\" class=\"attachment-thumbnail size-thumbnail\" alt=\"\" aria-describedby=\"gallery-4-396466\" \/><\/a>\n\t\t\t\t<\/dt>\n\t\t\t\t\t<dd class='wp-caption-text gallery-caption' id='gallery-4-396466'>\n\t\t\t\t\tSUMMER GREEN VOLLEY AGORDINO\n\t\t\t\t\t<\/dd><\/dl><dl class='gallery-item'>\n\t\t\t\t<dt class='gallery-icon portrait'>\n\t\t\t\t\t<a class=\"rollover rollover-zoom dt-pswp-item\" title=\"7fc3f2fe-a94d-4d5f-9af0-1d7ee8402cfd\" data-dt-img-description=\"\" data-large_image_width=\"1080\" data-large_image_height=\"1505\"href='https:\/\/www.radiopiu.net\/wordpress\/wp-content\/uploads\/2024\/07\/7fc3f2fe-a94d-4d5f-9af0-1d7ee8402cfd.jpg'><img loading=\"lazy\" decoding=\"async\" width=\"150\" height=\"150\" src=\"https:\/\/www.radiopiu.net\/wordpress\/wp-content\/uploads\/2024\/07\/7fc3f2fe-a94d-4d5f-9af0-1d7ee8402cfd-150x150.jpg\" class=\"attachment-thumbnail size-thumbnail\" alt=\"\" aria-describedby=\"gallery-4-399793\" \/><\/a>\n\t\t\t\t<\/dt>\n\t\t\t\t\t<dd class='wp-caption-text gallery-caption' id='gallery-4-399793'>\n\t\t\t\t\tAD ALLEGHE CON LAURA BALLIS\n\t\t\t\t\t<\/dd><\/dl><dl class='gallery-item'>\n\t\t\t\t<dt class='gallery-icon portrait'>\n\t\t\t\t\t<a class=\"rollover rollover-zoom dt-pswp-item\" title=\"558e7467-bad9-4f56-af80-7a4ca08f0b35\" data-dt-img-description=\"\" data-large_image_width=\"1131\" data-large_image_height=\"1600\"href='https:\/\/www.radiopiu.net\/wordpress\/wp-content\/uploads\/2024\/07\/558e7467-bad9-4f56-af80-7a4ca08f0b35-1.jpg'><img loading=\"lazy\" decoding=\"async\" width=\"150\" height=\"150\" src=\"https:\/\/www.radiopiu.net\/wordpress\/wp-content\/uploads\/2024\/07\/558e7467-bad9-4f56-af80-7a4ca08f0b35-1-150x150.jpg\" class=\"attachment-thumbnail size-thumbnail\" alt=\"\" aria-describedby=\"gallery-4-400098\" \/><\/a>\n\t\t\t\t<\/dt>\n\t\t\t\t\t<dd class='wp-caption-text gallery-caption' id='gallery-4-400098'>\n\t\t\t\t\tL&#8217;ESTATE DELLE BIBLIOTECHE\n\t\t\t\t\t<\/dd><\/dl><dl class='gallery-item'>\n\t\t\t\t<dt class='gallery-icon portrait'>\n\t\t\t\t\t<a class=\"rollover rollover-zoom dt-pswp-item\" title=\"Locandina Salotto delle Dolomiti 2024\" data-dt-img-description=\"\" data-large_image_width=\"1810\" data-large_image_height=\"2560\"href='https:\/\/www.radiopiu.net\/wordpress\/wp-content\/uploads\/2024\/07\/Locandina-Salotto-delle-Dolomiti-2024-scaled.jpg'><img loading=\"lazy\" decoding=\"async\" width=\"150\" height=\"150\" src=\"https:\/\/www.radiopiu.net\/wordpress\/wp-content\/uploads\/2024\/07\/Locandina-Salotto-delle-Dolomiti-2024-150x150.jpg\" class=\"attachment-thumbnail size-thumbnail\" alt=\"\" aria-describedby=\"gallery-4-399554\" \/><\/a>\n\t\t\t\t<\/dt>\n\t\t\t\t\t<dd class='wp-caption-text gallery-caption' id='gallery-4-399554'>\n\t\t\t\t\tIL SALOTTO DELLE DOLOMITI A CANALE D&#8217;AGORDO\n\t\t\t\t\t<\/dd><\/dl><dl class='gallery-item'>\n\t\t\t\t<dt class='gallery-icon portrait'>\n\t\t\t\t\t<a class=\"rollover rollover-zoom dt-pswp-item\" title=\"DOLOMITES\" data-dt-img-description=\"\" data-large_image_width=\"1414\" data-large_image_height=\"2000\"href='https:\/\/www.radiopiu.net\/wordpress\/wp-content\/uploads\/2024\/07\/DOLOMITES.png'><img loading=\"lazy\" decoding=\"async\" width=\"150\" height=\"150\" src=\"https:\/\/www.radiopiu.net\/wordpress\/wp-content\/uploads\/2024\/07\/DOLOMITES-150x150.png\" class=\"attachment-thumbnail size-thumbnail\" alt=\"\" aria-describedby=\"gallery-4-400118\" \/><\/a>\n\t\t\t\t<\/dt>\n\t\t\t\t\t<dd class='wp-caption-text gallery-caption' id='gallery-4-400118'>\n\t\t\t\t\tCASTELLO ANDRAZ\n\t\t\t\t\t<\/dd><\/dl><br style=\"clear: both\" \/><dl class='gallery-item'>\n\t\t\t\t<dt class='gallery-icon portrait'>\n\t\t\t\t\t<a class=\"rollover rollover-zoom dt-pswp-item\" title=\"62a1d860-b8c4-46d5-b33f-98c6354b0e37\" data-dt-img-description=\"\" data-large_image_width=\"1131\" data-large_image_height=\"1600\"href='https:\/\/www.radiopiu.net\/wordpress\/wp-content\/uploads\/2024\/07\/62a1d860-b8c4-46d5-b33f-98c6354b0e37.jpg'><img loading=\"lazy\" decoding=\"async\" width=\"150\" height=\"150\" src=\"https:\/\/www.radiopiu.net\/wordpress\/wp-content\/uploads\/2024\/07\/62a1d860-b8c4-46d5-b33f-98c6354b0e37-150x150.jpg\" class=\"attachment-thumbnail size-thumbnail\" alt=\"\" \/><\/a>\n\t\t\t\t<\/dt><\/dl><dl class='gallery-item'>\n\t\t\t\t<dt class='gallery-icon portrait'>\n\t\t\t\t\t<a class=\"rollover rollover-zoom dt-pswp-item\" title=\"Manifesto ecologia delle piante\" data-dt-img-description=\"\" data-large_image_width=\"1414\" data-large_image_height=\"2000\"href='https:\/\/www.radiopiu.net\/wordpress\/wp-content\/uploads\/2024\/07\/Manifesto-ecologia-delle-piante.png'><img loading=\"lazy\" decoding=\"async\" width=\"150\" height=\"150\" src=\"https:\/\/www.radiopiu.net\/wordpress\/wp-content\/uploads\/2024\/07\/Manifesto-ecologia-delle-piante-150x150.png\" class=\"attachment-thumbnail size-thumbnail\" alt=\"\" aria-describedby=\"gallery-4-400146\" \/><\/a>\n\t\t\t\t<\/dt>\n\t\t\t\t\t<dd class='wp-caption-text gallery-caption' id='gallery-4-400146'>\n\t\t\t\t\tNOF FILO&#8217; 26 LUGLIO\n\t\t\t\t\t<\/dd><\/dl><dl class='gallery-item'>\n\t\t\t\t<dt class='gallery-icon portrait'>\n\t\t\t\t\t<a class=\"rollover rollover-zoom dt-pswp-item\" title=\"6748068c-f463-406a-b80e-0c9b482aede5\" data-dt-img-description=\"\" data-large_image_width=\"1131\" data-large_image_height=\"1600\"href='https:\/\/www.radiopiu.net\/wordpress\/wp-content\/uploads\/2024\/07\/6748068c-f463-406a-b80e-0c9b482aede5.jpg'><img loading=\"lazy\" decoding=\"async\" width=\"150\" height=\"150\" src=\"https:\/\/www.radiopiu.net\/wordpress\/wp-content\/uploads\/2024\/07\/6748068c-f463-406a-b80e-0c9b482aede5-150x150.jpg\" class=\"attachment-thumbnail size-thumbnail\" alt=\"\" aria-describedby=\"gallery-4-400829\" \/><\/a>\n\t\t\t\t<\/dt>\n\t\t\t\t\t<dd class='wp-caption-text gallery-caption' id='gallery-4-400829'>\n\t\t\t\t\t27 luglio biblioteche valle del biois\n\t\t\t\t\t<\/dd><\/dl><dl class='gallery-item'>\n\t\t\t\t<dt class='gallery-icon portrait'>\n\t\t\t\t\t<a class=\"rollover rollover-zoom dt-pswp-item\" title=\"DIAMO VALORE AL LEGNO\" data-dt-img-description=\"\" data-large_image_width=\"673\" data-large_image_height=\"942\"href='https:\/\/www.radiopiu.net\/wordpress\/wp-content\/uploads\/2024\/07\/DIAMO-VALORE-AL-LEGNO.png'><img loading=\"lazy\" decoding=\"async\" width=\"150\" height=\"150\" src=\"https:\/\/www.radiopiu.net\/wordpress\/wp-content\/uploads\/2024\/07\/DIAMO-VALORE-AL-LEGNO-150x150.png\" class=\"attachment-thumbnail size-thumbnail\" alt=\"\" aria-describedby=\"gallery-4-400248\" \/><\/a>\n\t\t\t\t<\/dt>\n\t\t\t\t\t<dd class='wp-caption-text gallery-caption' id='gallery-4-400248'>\n\t\t\t\t\t01 AGOSTO IN SALA DON TAMIS\n\t\t\t\t\t<\/dd><\/dl><dl class='gallery-item'>\n\t\t\t\t<dt class='gallery-icon portrait'>\n\t\t\t\t\t<a class=\"rollover rollover-zoom dt-pswp-item\" title=\"b984cf06-49e8-4958-bc23-c0d66e45f366\" data-dt-img-description=\"\" data-large_image_width=\"900\" data-large_image_height=\"1600\"href='https:\/\/www.radiopiu.net\/wordpress\/wp-content\/uploads\/2024\/07\/b984cf06-49e8-4958-bc23-c0d66e45f366.jpg'><img loading=\"lazy\" decoding=\"async\" width=\"150\" height=\"150\" src=\"https:\/\/www.radiopiu.net\/wordpress\/wp-content\/uploads\/2024\/07\/b984cf06-49e8-4958-bc23-c0d66e45f366-150x150.jpg\" class=\"attachment-thumbnail size-thumbnail\" alt=\"\" aria-describedby=\"gallery-4-400399\" \/><\/a>\n\t\t\t\t<\/dt>\n\t\t\t\t\t<dd class='wp-caption-text gallery-caption' id='gallery-4-400399'>\n\t\t\t\t\tALL&#8217;HOTEL VILLA IMPERINA DI AGORDO\n\t\t\t\t\t<\/dd><\/dl><br style=\"clear: both\" \/><dl class='gallery-item'>\n\t\t\t\t<dt class='gallery-icon portrait'>\n\t\t\t\t\t<a class=\"rollover rollover-zoom dt-pswp-item\" title=\"Screenshot\" data-dt-img-description=\"\" data-large_image_width=\"1022\" data-large_image_height=\"1512\"href='https:\/\/www.radiopiu.net\/wordpress\/wp-content\/uploads\/2024\/07\/SCR-20240721-iqgt.jpeg'><img loading=\"lazy\" decoding=\"async\" width=\"150\" height=\"150\" src=\"https:\/\/www.radiopiu.net\/wordpress\/wp-content\/uploads\/2024\/07\/SCR-20240721-iqgt-150x150.jpeg\" class=\"attachment-thumbnail size-thumbnail\" alt=\"\" aria-describedby=\"gallery-4-400622\" \/><\/a>\n\t\t\t\t<\/dt>\n\t\t\t\t\t<dd class='wp-caption-text gallery-caption' id='gallery-4-400622'>\n\t\t\t\t\tGIORNATA OLISTICA A FALCADE\n\t\t\t\t\t<\/dd><\/dl><dl class='gallery-item'>\n\t\t\t\t<dt class='gallery-icon portrait'>\n\t\t\t\t\t<a class=\"rollover rollover-zoom dt-pswp-item\" title=\"d907dbe9-b2f4-41bc-95a8-54a8a309613c\" data-dt-img-description=\"\" data-large_image_width=\"1132\" data-large_image_height=\"1600\"href='https:\/\/www.radiopiu.net\/wordpress\/wp-content\/uploads\/2024\/07\/d907dbe9-b2f4-41bc-95a8-54a8a309613c.jpg'><img loading=\"lazy\" decoding=\"async\" width=\"150\" height=\"150\" src=\"https:\/\/www.radiopiu.net\/wordpress\/wp-content\/uploads\/2024\/07\/d907dbe9-b2f4-41bc-95a8-54a8a309613c-150x150.jpg\" class=\"attachment-thumbnail size-thumbnail\" alt=\"\" aria-describedby=\"gallery-4-400876\" \/><\/a>\n\t\t\t\t<\/dt>\n\t\t\t\t\t<dd class='wp-caption-text gallery-caption' id='gallery-4-400876'>\n\t\t\t\t\t11 AGOSTO SAN TOMASO AGORDINO \n\t\t\t\t\t<\/dd><\/dl><dl class='gallery-item'>\n\t\t\t\t<dt class='gallery-icon portrait'>\n\t\t\t\t\t<a class=\"rollover rollover-zoom dt-pswp-item\" title=\"Senza nome\" data-dt-img-description=\"\" data-large_image_width=\"410\" data-large_image_height=\"821\"href='https:\/\/www.radiopiu.net\/wordpress\/wp-content\/uploads\/2024\/07\/Senza-nome-91.png'><img loading=\"lazy\" decoding=\"async\" width=\"150\" height=\"150\" src=\"https:\/\/www.radiopiu.net\/wordpress\/wp-content\/uploads\/2024\/07\/Senza-nome-91-150x150.png\" class=\"attachment-thumbnail size-thumbnail\" alt=\"\" aria-describedby=\"gallery-4-400982\" \/><\/a>\n\t\t\t\t<\/dt>\n\t\t\t\t\t<dd class='wp-caption-text gallery-caption' id='gallery-4-400982'>\n\t\t\t\t\t4 AGOSTO, CIOIT CENCENIGHE\n\t\t\t\t\t<\/dd><\/dl><dl class='gallery-item'>\n\t\t\t\t<dt class='gallery-icon portrait'>\n\t\t\t\t\t<a class=\"rollover rollover-zoom dt-pswp-item\" title=\"89ce3e2e-2b88-4e4a-bf35-fcef0c6cd9c7\" data-dt-img-description=\"\" data-large_image_width=\"1637\" data-large_image_height=\"2048\"href='https:\/\/www.radiopiu.net\/wordpress\/wp-content\/uploads\/2024\/07\/89ce3e2e-2b88-4e4a-bf35-fcef0c6cd9c7.jpg'><img loading=\"lazy\" decoding=\"async\" width=\"150\" height=\"150\" src=\"https:\/\/www.radiopiu.net\/wordpress\/wp-content\/uploads\/2024\/07\/89ce3e2e-2b88-4e4a-bf35-fcef0c6cd9c7-150x150.jpg\" class=\"attachment-thumbnail size-thumbnail\" alt=\"\" aria-describedby=\"gallery-4-401113\" \/><\/a>\n\t\t\t\t<\/dt>\n\t\t\t\t\t<dd class='wp-caption-text gallery-caption' id='gallery-4-401113'>\n\t\t\t\t\tLA MADONA DE LA NEIF A LA VALLE\n\t\t\t\t\t<\/dd><\/dl><dl class='gallery-item'>\n\t\t\t\t<dt class='gallery-icon portrait'>\n\t\t\t\t\t<a class=\"rollover rollover-zoom dt-pswp-item\" title=\"3 agosto\" data-dt-img-description=\"\" data-large_image_width=\"1754\" data-large_image_height=\"2480\"href='https:\/\/www.radiopiu.net\/wordpress\/wp-content\/uploads\/2024\/07\/3-agosto.jpg'><img loading=\"lazy\" decoding=\"async\" width=\"150\" height=\"150\" src=\"https:\/\/www.radiopiu.net\/wordpress\/wp-content\/uploads\/2024\/07\/3-agosto-150x150.jpg\" class=\"attachment-thumbnail size-thumbnail\" alt=\"\" aria-describedby=\"gallery-4-401347\" \/><\/a>\n\t\t\t\t<\/dt>\n\t\t\t\t\t<dd class='wp-caption-text gallery-caption' id='gallery-4-401347'>\n\t\t\t\t\tIL 3 AGOSTO AL CENTRO ASTRONOMICO DI ARSON\n\t\t\t\t\t<\/dd><\/dl><br style=\"clear: both\" \/>\n\t\t\t<\/div>\n\n<p><strong>\u00a0<\/strong><\/p>\n<p><strong>TORNANO LE PROIEZIONI AL CINEMA DOLOMITI DI FALCADE. FINE SETTIMANA DEDICATO AL FILM COMMEDIA &#8220;UN MONDO A PARTE&#8221;. SPETTACOLI VENERD\u00cc, SABATO E DOMENICA ALLE 21:15. DOMENICA ANCHE ALLE 17<\/strong><\/p>\n<p>&nbsp;<\/p>\n<p><span style=\"color: #ff0000;\"><strong>FALCADE<\/strong><\/span> aperitivo allo Stella Alpina. Tra il verde, nella meraviglia delle Dolomiti, Il venerdi sera allo Stella Alpina, in centro a Falcade \u00e8&#8230;tutt&#8217;un&#8217;altra estate e che estate!\u00a0 L&#8217;aperitivo&#8230;che non \u00e8 mai da solo.. ma accompagnato da stuzzicherie che affasciano anche i palati pi\u00f9 difficili. ad ogni appuntamento&#8230; una specialit\u00e0 diversa.<br \/>\nOGGI ORO PURO, SERATA MESSICANA, TORILLAS CON CARNE, VERDURE, SALSA CHILI<\/p>\n<p><span style=\"color: #ff0000;\"><strong>AGORDO<\/strong><\/span> NATURAL-MENTE OLISTICO.BAR DELLE BOCCE AL PARCO GIOCHI, UN&#8217;ESTATE DI DIVERTIMENTO E APPUNTAMENTI 27-28 LUGLIO, DALLE 10 ALLE 18 CON INGRESSO LIBERO A TUTTI E GRATUITO: FINE SETTIMANA DEDICATO ALLE DISCIPLINE OLISTICHE E DEL BENESSERE. PROVA DAL VIVO LE DIVERSE TECNICHE DI RISVEGLIO SPIRTUALE ED AUTOCONSAPEVOLEZZA CON GLI OPERATORI PROFESSIONISTI. SU PRENOTAZIONE BAGNI DI GONG, QI GONG, YOUGA E TAI CHI. BOCCIODROMO DI VIA PAGANINI, INFO 351 7658800\u00a0 ANCHE SU FACEBOOK<\/p>\n<p><strong><span style=\"color: #ff0000;\">ALLEGHE<\/span> <\/strong>DOMANI ALLE 10.30 IL NUOVO TRAILER DEI CERCATORI, DALLE 17 LA MUSICA DEI WILLY BOYS BAND. ALLE 19&#8230; SPIEDO PER TUTTI&#8230; ANCHE DA ASPORTO, PRENOTALO ENTRO MERCOLEDI 24 LUGLIO AL 347 571 5279 E TUTTI I GIORNI.. LABORATORIO CREATIVO..VIENI A DIPINGERE I SASSI E&#8230; PORTARE UN SORRISO<\/p>\n<p><strong><a class=\"dt-pswp-item\" href=\"https:\/\/www.radiopiu.net\/wordpress\/wp-content\/uploads\/2024\/07\/Cappella-Fulcis-chiesa-San-Pietro-Belluno.jpg\" data-dt-img-description=\"\" data-large_image_width=\"400\" data-large_image_height=\"600\"><img loading=\"lazy\" decoding=\"async\" class=\" wp-image-400831 alignleft\" src=\"https:\/\/www.radiopiu.net\/wordpress\/wp-content\/uploads\/2024\/07\/Cappella-Fulcis-chiesa-San-Pietro-Belluno-200x300.jpg\" alt=\"\" width=\"153\" height=\"230\" srcset=\"https:\/\/www.radiopiu.net\/wordpress\/wp-content\/uploads\/2024\/07\/Cappella-Fulcis-chiesa-San-Pietro-Belluno-200x300.jpg 200w, https:\/\/www.radiopiu.net\/wordpress\/wp-content\/uploads\/2024\/07\/Cappella-Fulcis-chiesa-San-Pietro-Belluno.jpg 400w\" sizes=\"auto, (max-width: 153px) 100vw, 153px\" \/><\/a><\/strong><strong>COMELICO<\/strong>\u00a0Domenica 28 luglio alle16:00 presso le sale espositive dello SPORT HOTEL di Padola inaugurazione della personale dell&#8217;artista Vico CALABRO&#8217;. La mostra sar\u00e0 vistitabile tutti i giorni sino al 15 settembre.<\/p>\n<\/div>\n<\/div>\n<\/div>\n<p><strong>VALLE DI CADORE<\/strong> Oggi alle 18 all&#8217;azienda agricola Damos presentazione del libro Il Saldatore del Vajont di Antonio Bortoluzzi, accompagnamento del cantautore Franco Giordani<\/p>\n<p><strong>BELLUNO<\/strong> Visite gratuite alla chiesa di San Pietro con l&#8217;associazione Campedel., dal 28 luglio al 1 settembre dalle 15.30 alle 18. Domenica 4 agosto alle 17 trio vocale Veronica Fregona, Maria Silvia Roveri, Radmila Visentin;\u00a0 domenica 11 agosto I Cavalieri di Malta, conferenza di Marco Perale, domenica 1 settembre Biblioteche e libri Francescani a cura di Jacopo De Pasquale. Prenotazione non necessaria (foto)<\/p>\n<p>&nbsp;<\/p>\n<h2><span style=\"color: #0000ff;\">PROSSIMAMENTE<\/span><\/h2>\n<p><strong>AGORDO<\/strong> Mercatino Dolomiti Agordine, antiquariato, domenica 4 e 10 agosto ad Agordo, 13 agosto Forcella Aurine.<\/p>\n<p><span style=\"color: #ff0000;\"><strong>SOSPIROLO<\/strong><\/span> dal 29 luglio al 4 agosto agli impianti sportivi a Gron di Sospirolo, al Pr\u00e0 dela Melia, FESTA CAMPESTRE CON LA PROLOCO MONTI DEL SOLE<\/p>\n<p><span style=\"color: #ff0000;\"><strong>CANALE D&#8217;AGORDO <\/strong><\/span><span style=\"font-family: Arial;\">Abbashow, band tributo agli Abba, LA GRANDE MUSICA IN VALLE DI GARES CON\u00a0 la Pro Loco di Canale d&#8217;Agordo\u00a0 <\/span><span style=\"font-family: Arial;\"><i>2\u00b0 concerto a<\/i><i>ll&#8217;aperto TRA LE DOLOMITI.<\/i><strong><i>&#8230; <\/i><\/strong>LUNEDI 5 AGOSTO ALLE 15&#8230;.\u00a0 in Localit\u00e0 Pian De Giare <\/span><span style=\"font-family: Arial;\">I biglietti sono disponibili ALl&#8217;ufficio pro loco di Canale d&#8217;Agordo e allo stand del Salotto delle Dolomiti. Di seguito i prezzi: <\/span>Abbashow&#8230;the first italian abba tribute band&#8230; il concerto&#8230; nella natura<\/p>\n<p><strong>4 SERATE DI CULTURA<\/strong> E AVVENTURA IN COLLABORAZIONE CON IL CENTRO STUDI MONTAGNA SOSPIROLOSE, INIZIO ALLE 20.45: LUNEDI 29 LUGLIO, OTTAVA EDIZIONE DI &#8220;OLTRE I FERUCH&#8221;, SERATA DI MONTAGNA CON MARCO CASSOL E AMICI; 30 LUGLIO PRESENTAZIONE DEL LIBRO &#8220;SAPORI DELLA VALBELLUNA&#8221; DE IL VESES, CON DEGUSTAZIONE. 31 LUGLIO COMMEDIA CON LA COMPAGNIA TEATRO DEL CUORE &#8220;L&#8217;ALBERGO DEI NEVRASTENICI&#8221;. GIOVEDI 1 AGOSTO LA CAMPIONESSA DI CICLISMO SOSPIROLESE VIRGINIA IACCARINO SI RACCONTA.<\/p>\n<p><strong>FALCADE <\/strong>SABATO 3 AGOSTO ALL&#8217;HOTEL STELLA ALPINA DI FALCADE LA GIORNATA OLISTICA PER IL BENESSERE DI ANIMA E CORPO. DALLE 10 ALLE 22 TANTE PRATICHE PER RILASSARE CORPO E MENTE E ALLE 20:30 IL BAGNO SONORO CON CAMPANE TIBETANE<\/p>\n<p><strong>PROLOCO MONTI DEL SOLE, DA OLTRE 50 ANNI TI PORTA IN PISTA,<\/strong> AD AGOSTO TRE GIORNI NELLA STRUTTURA AL COPERTO CON doppia PISTA DA BALLO PROFESSIONALE. VENERDI 2 AGOSTO ORCHESTRA SORRISO, E ORCHESTRA &#8220;GRAN CAFE&#8217; ITALIA&#8221;, PIATTO DEL GIORNO LA PORCHETTA. SABATO 3 AGOSTO ORCHESTRA &#8220;RIFLESSO&#8221; E &#8220;GIANCARLO CON LA SANTA MONICA BAND&#8221;, DALLE CUCINE LE TROTE DEL MIS. DOMENICA 4 AGOSTO: NEL PIATTO LA TAGLIATA DI CAVALLO E IL BACCALA&#8217; PER CENA, SUL PALCO L&#8217;ORCHESTRA &#8220;ISSAM E CHIARA&#8230; A TEMPO DI SAMBA&#8221;, dalla CONSOLLE il DJ ARIZONA<\/p>\n<div><\/div>\n<p>&nbsp;<\/p>\n<hr \/>\n<p>&nbsp;<\/p>\n<p><a class=\"dt-pswp-item\" href=\"https:\/\/www.radiopiu.net\/wordpress\/wp-content\/uploads\/2018\/09\/viabilita.jpeg\" data-dt-img-description=\"\" data-large_image_width=\"800\" data-large_image_height=\"100\"><img loading=\"lazy\" decoding=\"async\" class=\"aligncenter wp-image-61954 size-full\" src=\"https:\/\/www.radiopiu.net\/wordpress\/wp-content\/uploads\/2018\/09\/viabilita.jpeg\" alt=\"\" width=\"800\" height=\"100\" srcset=\"https:\/\/www.radiopiu.net\/wordpress\/wp-content\/uploads\/2018\/09\/viabilita.jpeg 800w, https:\/\/www.radiopiu.net\/wordpress\/wp-content\/uploads\/2018\/09\/viabilita-300x38.jpeg 300w, https:\/\/www.radiopiu.net\/wordpress\/wp-content\/uploads\/2018\/09\/viabilita-768x96.jpeg 768w\" sizes=\"auto, (max-width: 800px) 100vw, 800px\" \/><\/a><\/p>\n<p>&nbsp;<\/p>\n<p><a class=\"dt-pswp-item\" href=\"https:\/\/www.radiopiu.net\/wordpress\/wp-content\/uploads\/2023\/12\/botol-car-service.jpg\" data-dt-img-description=\"\" data-large_image_width=\"600\" data-large_image_height=\"600\"><img loading=\"lazy\" decoding=\"async\" class=\"size-medium wp-image-367044 aligncenter\" src=\"https:\/\/www.radiopiu.net\/wordpress\/wp-content\/uploads\/2023\/12\/botol-car-service-300x300.jpg\" alt=\"\" width=\"300\" height=\"300\" srcset=\"https:\/\/www.radiopiu.net\/wordpress\/wp-content\/uploads\/2023\/12\/botol-car-service-300x300.jpg 300w, https:\/\/www.radiopiu.net\/wordpress\/wp-content\/uploads\/2023\/12\/botol-car-service-150x150.jpg 150w, https:\/\/www.radiopiu.net\/wordpress\/wp-content\/uploads\/2023\/12\/botol-car-service.jpg 600w\" sizes=\"auto, (max-width: 300px) 100vw, 300px\" \/><\/a><\/p>\n<p>&nbsp;<\/p>\n<p>&nbsp;<\/p>\n<h1>BOLLETTINO QUOTIDIANO, CLICCA QUI<\/h1>\n<blockquote class=\"wp-embedded-content\" data-secret=\"zhRKMN971J\"><p><a href=\"https:\/\/www.radiopiu.net\/wordpress\/viabilita-2\/\">viabilita<\/a><\/p><\/blockquote>\n<p><iframe loading=\"lazy\" class=\"wp-embedded-content\" sandbox=\"allow-scripts\" security=\"restricted\" style=\"position: absolute; visibility: hidden;\" title=\"&#8220;viabilita&#8221; &#8212; Radio Pi\u00f9\" src=\"https:\/\/www.radiopiu.net\/wordpress\/viabilita-2\/embed\/#?secret=AX7JWcot7M#?secret=zhRKMN971J\" data-secret=\"zhRKMN971J\" width=\"600\" height=\"338\" frameborder=\"0\" marginwidth=\"0\" marginheight=\"0\" scrolling=\"no\"><\/iframe><\/p>\n<p>&nbsp;<\/p>\n<p>&nbsp;<\/p>\n<hr \/>\n<p>&nbsp;<\/p>\n<p><a class=\"dt-pswp-item\" href=\"https:\/\/www.radiopiu.net\/wordpress\/wp-content\/uploads\/2018\/09\/WhatsApp-Image-2018-09-20-at-16.04.06.jpeg\" data-dt-img-description=\"\" data-large_image_width=\"800\" data-large_image_height=\"100\"><img loading=\"lazy\" decoding=\"async\" class=\"wp-image-61378 size-full aligncenter\" src=\"https:\/\/www.radiopiu.net\/wordpress\/wp-content\/uploads\/2018\/09\/WhatsApp-Image-2018-09-20-at-16.04.06.jpeg\" alt=\"\" width=\"800\" height=\"100\" srcset=\"https:\/\/www.radiopiu.net\/wordpress\/wp-content\/uploads\/2018\/09\/WhatsApp-Image-2018-09-20-at-16.04.06.jpeg 800w, https:\/\/www.radiopiu.net\/wordpress\/wp-content\/uploads\/2018\/09\/WhatsApp-Image-2018-09-20-at-16.04.06-300x38.jpeg 300w, https:\/\/www.radiopiu.net\/wordpress\/wp-content\/uploads\/2018\/09\/WhatsApp-Image-2018-09-20-at-16.04.06-768x96.jpeg 768w\" sizes=\"auto, (max-width: 800px) 100vw, 800px\" \/><\/a><\/p>\n<p><center><\/center><center><\/center><center><\/center><center><\/center><center><\/center><center><\/center>&nbsp;<\/p>\n<p><center><b>OGGI<\/b><\/center>Tempo stabile al mattino con cielo poco nuvoloso dopo il dissolvimento di nubi basse presenti in modo irregolare nelle valli fino al primo mattino. Nel pomeriggio modesto o al pi\u00f9 moderato sviluppo di nuvolosit\u00e0 cumuliforme su Dolomiti assieme al transito di velature con cielo da poco a tratti parzialmente nuvoloso.<br \/>\n<b>Precipitazioni: <\/b>Nel pomeriggio\/sera non del tutto esclusa la possibilit\u00e0 di un rovescio\/temporale su Dolomiti, specie settori settentrionali.<br \/>\nTemperature in aumento.<\/p>\n<hr \/>\n<p><center><b>DOMANI<\/b><\/center>Poco nuvoloso dopo il dissolvimento di irregolari nubi basse presenti nelle valli fino al primo mattino e presenza di sottili velature. Nel pomeriggio sviluppo di nuvolosit\u00e0 cumuliforme anche moderato su Dolomiti.<br \/>\n<b>Precipitazioni: <\/b>Seppur molto bassa non \u00e8 nulla la probabilit\u00e0 di un temporale di calore su Dolomiti settentrionali nel pomeriggio\/sera<br \/>\nTemperature in ulteriore lieve aumento<\/p>\n<hr \/>\n<p><center><b>DOMENICA<\/b><\/center>Al mattino sereno o poco nuvoloso, nel pomeriggio sviluppo irregolare di nuvolosit\u00e0 cumuliforme un p\u00f2 pi\u00f9 intensa rispetto a sabato specie Dolomiti dove non sono esclusi isolati temporali di calore specie sui settori settentrionali, in possibile successivo spostamento verso Prealpi. Temperature stazionarie o in ulteriore lieve aumento con valori ben oltre la media a tutte le quote.<\/p>\n<hr \/>\n<p><center><b>LUNEDI<\/b><\/center>Cielo poco nuvoloso con possibili addensamenti cumuliformi dalle ore centrali e nel pomeriggio. La probabilit\u00e0 di un isolato rovescio o temporale \u00e8 bassa ma non nulla sia durante la notte e fino al primo mattino su Prealpi che durante il pomeriggio\/sera su Dolomiti.<\/p>\n<p>&nbsp;<\/p>\n<hr \/>\n<p>&nbsp;<\/p>\n<p><a class=\"dt-pswp-item\" href=\"https:\/\/www.radiopiu.net\/wordpress\/wp-content\/uploads\/2018\/09\/sport.jpg\" data-dt-img-description=\"\" data-large_image_width=\"800\" data-large_image_height=\"100\"><img loading=\"lazy\" decoding=\"async\" class=\"aligncenter wp-image-60761 size-full\" src=\"https:\/\/www.radiopiu.net\/wordpress\/wp-content\/uploads\/2018\/09\/sport.jpg\" alt=\"\" width=\"800\" height=\"100\" srcset=\"https:\/\/www.radiopiu.net\/wordpress\/wp-content\/uploads\/2018\/09\/sport.jpg 800w, https:\/\/www.radiopiu.net\/wordpress\/wp-content\/uploads\/2018\/09\/sport-300x38.jpg 300w, https:\/\/www.radiopiu.net\/wordpress\/wp-content\/uploads\/2018\/09\/sport-768x96.jpg 768w\" sizes=\"auto, (max-width: 800px) 100vw, 800px\" \/><\/a><\/p>\n<p>&nbsp;<\/p>\n<p><span style=\"color: #0000ff;\"><strong>HOCKEY SU GHIACCIO<\/strong><\/span><\/p>\n<blockquote>\n<h3>UFFICIALIZZATO IL CALENDARIO DELLA IHL 2024-25. IL CALDARO SARA&#8217; LA PRIMA AVVERSARIA DELLE CIVETTE<\/h3>\n<\/blockquote>\n<p><strong>REDAZIONE<\/strong> E&#8217; stato ufficializzato nelle ultime ore il calendario della prossima stagione di IHL. Saranno 13 le squadre che parteciapno al campionato 2024\/25 con l&#8217;ingresso di Fassa e della neopromossa Aosta. Una lunga e impegnativa prima fase di stagione con tanti turni infrasettimanali. L&#8217;ingaggio di inizio stagione il 21 settembre e l&#8217;Alleghe giocher\u00e0 la prima partita in trasferta contro il Caldaro. Il Feltre invece giocher\u00e0 in casa contro il Fiemme. La stagione regolare terminer\u00e0 domenica 29 dicembre e con il 2025 inizier\u00e0 la seconda fase della stagione.<\/p>\n<p><strong>IL CALENDARIO DELL&#8217;ALLEGHE<\/strong><\/p>\n\n\t\t\t<style type='text\/css'>\n\t\t\t\t#gallery-5 {\n\t\t\t\t\tmargin: auto;\n\t\t\t\t}\n\t\t\t\t#gallery-5 .gallery-item {\n\t\t\t\t\tfloat: left;\n\t\t\t\t\tmargin-top: 10px;\n\t\t\t\t\ttext-align: center;\n\t\t\t\t\twidth: 50%;\n\t\t\t\t}\n\t\t\t\t#gallery-5 img {\n\t\t\t\t\tborder: 2px solid #cfcfcf;\n\t\t\t\t}\n\t\t\t\t#gallery-5 .gallery-caption {\n\t\t\t\t\tmargin-left: 0;\n\t\t\t\t}\n\t\t\t\t\/* see gallery_shortcode() in wp-includes\/media.php *\/\n\t\t\t<\/style>\n\t\t<div id='gallery-5' class='dt-gallery-container gallery galleryid-401345 gallery-columns-2 gallery-size-medium'><dl class='gallery-item'>\n\t\t\t\t<dt class='gallery-icon landscape'>\n\t\t\t\t\t<a class=\"rollover rollover-zoom dt-pswp-item\" title=\"CAL ALL 1\" data-dt-img-description=\"\" data-large_image_width=\"816\" data-large_image_height=\"588\"href='https:\/\/www.radiopiu.net\/wordpress\/wp-content\/uploads\/2024\/07\/CAL-ALL-1.png'><img loading=\"lazy\" decoding=\"async\" width=\"300\" height=\"216\" src=\"https:\/\/www.radiopiu.net\/wordpress\/wp-content\/uploads\/2024\/07\/CAL-ALL-1-300x216.png\" class=\"attachment-medium size-medium\" alt=\"\" srcset=\"https:\/\/www.radiopiu.net\/wordpress\/wp-content\/uploads\/2024\/07\/CAL-ALL-1-300x216.png 300w, https:\/\/www.radiopiu.net\/wordpress\/wp-content\/uploads\/2024\/07\/CAL-ALL-1-768x553.png 768w, https:\/\/www.radiopiu.net\/wordpress\/wp-content\/uploads\/2024\/07\/CAL-ALL-1.png 816w\" sizes=\"auto, (max-width: 300px) 100vw, 300px\" \/><\/a>\n\t\t\t\t<\/dt><\/dl><dl class='gallery-item'>\n\t\t\t\t<dt class='gallery-icon landscape'>\n\t\t\t\t\t<a class=\"rollover rollover-zoom dt-pswp-item\" title=\"CAL ALL 2\" data-dt-img-description=\"\" data-large_image_width=\"823\" data-large_image_height=\"452\"href='https:\/\/www.radiopiu.net\/wordpress\/wp-content\/uploads\/2024\/07\/CAL-ALL-2.png'><img loading=\"lazy\" decoding=\"async\" width=\"300\" height=\"165\" src=\"https:\/\/www.radiopiu.net\/wordpress\/wp-content\/uploads\/2024\/07\/CAL-ALL-2-300x165.png\" class=\"attachment-medium size-medium\" alt=\"\" srcset=\"https:\/\/www.radiopiu.net\/wordpress\/wp-content\/uploads\/2024\/07\/CAL-ALL-2-300x165.png 300w, https:\/\/www.radiopiu.net\/wordpress\/wp-content\/uploads\/2024\/07\/CAL-ALL-2-768x422.png 768w, https:\/\/www.radiopiu.net\/wordpress\/wp-content\/uploads\/2024\/07\/CAL-ALL-2.png 823w\" sizes=\"auto, (max-width: 300px) 100vw, 300px\" \/><\/a>\n\t\t\t\t<\/dt><\/dl><br style=\"clear: both\" \/>\n\t\t\t<\/div>\n\n<p>&nbsp;<\/p>\n<p><strong>IL CALENDARIO DEL FELTRE<\/strong><\/p>\n\n\t\t\t<style type='text\/css'>\n\t\t\t\t#gallery-6 {\n\t\t\t\t\tmargin: auto;\n\t\t\t\t}\n\t\t\t\t#gallery-6 .gallery-item {\n\t\t\t\t\tfloat: left;\n\t\t\t\t\tmargin-top: 10px;\n\t\t\t\t\ttext-align: center;\n\t\t\t\t\twidth: 50%;\n\t\t\t\t}\n\t\t\t\t#gallery-6 img {\n\t\t\t\t\tborder: 2px solid #cfcfcf;\n\t\t\t\t}\n\t\t\t\t#gallery-6 .gallery-caption {\n\t\t\t\t\tmargin-left: 0;\n\t\t\t\t}\n\t\t\t\t\/* see gallery_shortcode() in wp-includes\/media.php *\/\n\t\t\t<\/style>\n\t\t<div id='gallery-6' class='dt-gallery-container gallery galleryid-401345 gallery-columns-2 gallery-size-medium'><dl class='gallery-item'>\n\t\t\t\t<dt class='gallery-icon landscape'>\n\t\t\t\t\t<a class=\"rollover rollover-zoom dt-pswp-item\" title=\"fel 1\" data-dt-img-description=\"\" data-large_image_width=\"844\" data-large_image_height=\"562\"href='https:\/\/www.radiopiu.net\/wordpress\/wp-content\/uploads\/2024\/07\/fel-1.png'><img loading=\"lazy\" decoding=\"async\" width=\"300\" height=\"200\" src=\"https:\/\/www.radiopiu.net\/wordpress\/wp-content\/uploads\/2024\/07\/fel-1-300x200.png\" class=\"attachment-medium size-medium\" alt=\"\" srcset=\"https:\/\/www.radiopiu.net\/wordpress\/wp-content\/uploads\/2024\/07\/fel-1-300x200.png 300w, https:\/\/www.radiopiu.net\/wordpress\/wp-content\/uploads\/2024\/07\/fel-1-768x511.png 768w, https:\/\/www.radiopiu.net\/wordpress\/wp-content\/uploads\/2024\/07\/fel-1.png 844w\" sizes=\"auto, (max-width: 300px) 100vw, 300px\" \/><\/a>\n\t\t\t\t<\/dt><\/dl><dl class='gallery-item'>\n\t\t\t\t<dt class='gallery-icon landscape'>\n\t\t\t\t\t<a class=\"rollover rollover-zoom dt-pswp-item\" title=\"fel 2\" data-dt-img-description=\"\" data-large_image_width=\"809\" data-large_image_height=\"435\"href='https:\/\/www.radiopiu.net\/wordpress\/wp-content\/uploads\/2024\/07\/fel-2.png'><img loading=\"lazy\" decoding=\"async\" width=\"300\" height=\"161\" src=\"https:\/\/www.radiopiu.net\/wordpress\/wp-content\/uploads\/2024\/07\/fel-2-300x161.png\" class=\"attachment-medium size-medium\" alt=\"\" srcset=\"https:\/\/www.radiopiu.net\/wordpress\/wp-content\/uploads\/2024\/07\/fel-2-300x161.png 300w, https:\/\/www.radiopiu.net\/wordpress\/wp-content\/uploads\/2024\/07\/fel-2-768x413.png 768w, https:\/\/www.radiopiu.net\/wordpress\/wp-content\/uploads\/2024\/07\/fel-2.png 809w\" sizes=\"auto, (max-width: 300px) 100vw, 300px\" \/><\/a>\n\t\t\t\t<\/dt><\/dl><br style=\"clear: both\" \/>\n\t\t\t<\/div>\n\n<p>&nbsp;<\/p>\n<blockquote>\n<h3>L&#8217;ALLEGHE CONFERMA IL FINLANDESE JUHO MAKELA<\/h3>\n<\/blockquote>\n<p><strong><a class=\"dt-pswp-item\" href=\"https:\/\/www.radiopiu.net\/wordpress\/wp-content\/uploads\/2024\/07\/1610f1c2-1331-4844-8a69-4ec14bb36188.jpg\" data-dt-img-description=\"\" data-large_image_width=\"927\" data-large_image_height=\"517\"><img loading=\"lazy\" decoding=\"async\" class=\"size-medium wp-image-401343 alignleft\" src=\"https:\/\/www.radiopiu.net\/wordpress\/wp-content\/uploads\/2024\/07\/1610f1c2-1331-4844-8a69-4ec14bb36188-300x167.jpg\" alt=\"\" width=\"300\" height=\"167\" srcset=\"https:\/\/www.radiopiu.net\/wordpress\/wp-content\/uploads\/2024\/07\/1610f1c2-1331-4844-8a69-4ec14bb36188-300x167.jpg 300w, https:\/\/www.radiopiu.net\/wordpress\/wp-content\/uploads\/2024\/07\/1610f1c2-1331-4844-8a69-4ec14bb36188-768x428.jpg 768w, https:\/\/www.radiopiu.net\/wordpress\/wp-content\/uploads\/2024\/07\/1610f1c2-1331-4844-8a69-4ec14bb36188.jpg 927w\" sizes=\"auto, (max-width: 300px) 100vw, 300px\" \/><\/a>DI ROBERTO MIANA, PORTAVOCE DELL&#8217;ALLEGHE HOCKEY<\/strong><\/p>\n<p>\u00c8 con grande piacere che la Societ\u00e0 Alleghe Hockey annuncia la conferma sotto al Civetta di Juho M\u00e4kel\u00e4. Attaccante ventottenne nativo della citt\u00e0 finlandese di Huittinen, dopo il buon campionato disputato, ha rinnovato per un\u2019altra stagione il contratto che lo legher\u00e0 alla Societ\u00e0 di via Lungolago. Ad Alleghe si \u00e8 dimostrato un serio professionista, allenandosi ogni giorno al 100% con umilt\u00e0, cercando sempre di migliorarsi e mostrando positivit\u00e0 sia dentro che fuori dal ghiaccio. Vestir\u00e0 ancora la maglia biancorossa con la quale, nella stagione di esordio nel nostro campionato, ha messo a referto 16 gol e 28 assist in 31 gare. M\u00e4kel\u00e4, prima di approdare la passata stagione in riva al lago, aveva fatto esperienze oltre che in Finlandia anche in Francia e Polonia. Pu\u00f2 giocare sia da centro che da ala e ha dato dimostrazione di saper partecipare al gioco di squadra con la capacit\u00e0 di esaltare le caratteristiche dei compagni di linea, oltre che essere decisivo sottoporta. Ad Alleghe torna un giocatore di valore con buone doti sia tecniche che umane.<\/p>\n<p>&nbsp;<\/p>\n<p><span style=\"color: #0000ff;\"><strong>MOTORI<\/strong><\/span><\/p>\n<blockquote>\n<h3>LA 50ESIMA ALPE DEL NEVEGAL ENTRA NEL VIVO. OGGI LE VERIFICHE<\/h3>\n<\/blockquote>\n<p><strong><a class=\"dt-pswp-item\" href=\"https:\/\/www.radiopiu.net\/wordpress\/wp-content\/uploads\/2024\/07\/be2649df-6519-4919-9d4b-f6e441b576d5.jpg\" data-dt-img-description=\"\" data-large_image_width=\"1100\" data-large_image_height=\"733\"><img loading=\"lazy\" decoding=\"async\" class=\" wp-image-401520 alignleft\" src=\"https:\/\/www.radiopiu.net\/wordpress\/wp-content\/uploads\/2024\/07\/be2649df-6519-4919-9d4b-f6e441b576d5-300x200.jpg\" alt=\"\" width=\"165\" height=\"110\" srcset=\"https:\/\/www.radiopiu.net\/wordpress\/wp-content\/uploads\/2024\/07\/be2649df-6519-4919-9d4b-f6e441b576d5-300x200.jpg 300w, https:\/\/www.radiopiu.net\/wordpress\/wp-content\/uploads\/2024\/07\/be2649df-6519-4919-9d4b-f6e441b576d5-1024x682.jpg 1024w, https:\/\/www.radiopiu.net\/wordpress\/wp-content\/uploads\/2024\/07\/be2649df-6519-4919-9d4b-f6e441b576d5-768x512.jpg 768w, https:\/\/www.radiopiu.net\/wordpress\/wp-content\/uploads\/2024\/07\/be2649df-6519-4919-9d4b-f6e441b576d5.jpg 1100w\" sizes=\"auto, (max-width: 165px) 100vw, 165px\" \/><\/a>BELLUNO<\/strong><\/p>\n<p>DI ROBERTO BONA<\/p>\n<p>Nella foto di Flavio Casoni lo sloveno Vladimir Stankovic, diciannovesimo assoluto nel 2023 e atteso protagonista della 50^ Alpe del Nevegal<\/p>\n<audio class=\"wp-audio-shortcode\" id=\"audio-401345-17\" preload=\"none\" style=\"width: 100%;\" controls=\"controls\"><source type=\"audio\/mpeg\" src=\"https:\/\/www.radiopiu.net\/wordpress\/wp-content\/uploads\/2024\/07\/BONA-LA-50ESIMA-ALPE-DEL-NEVEGAL-ENTRA-NEL-VIVO.-OGGI-LE-VERIFICHE.mp3?_=17\" \/><a href=\"https:\/\/www.radiopiu.net\/wordpress\/wp-content\/uploads\/2024\/07\/BONA-LA-50ESIMA-ALPE-DEL-NEVEGAL-ENTRA-NEL-VIVO.-OGGI-LE-VERIFICHE.mp3\">https:\/\/www.radiopiu.net\/wordpress\/wp-content\/uploads\/2024\/07\/BONA-LA-50ESIMA-ALPE-DEL-NEVEGAL-ENTRA-NEL-VIVO.-OGGI-LE-VERIFICHE.mp3<\/a><\/audio>\n<p>&nbsp;<\/p>\n<p>&nbsp;<\/p>\n<p><span style=\"color: #0000ff;\"><strong>PALLAVOLO<\/strong><\/span><\/p>\n<blockquote>\n<h3>BIANCHET ASSISTENTE AGLI ALLENAMENTI DEL BELLUNO VOLLEY<\/h3>\n<\/blockquote>\n<p><a class=\"dt-pswp-item\" href=\"https:\/\/www.radiopiu.net\/wordpress\/wp-content\/uploads\/2024\/07\/Lorenzo_Bianchet_abbraccia_Martinez.jpg\" data-dt-img-description=\"\" data-large_image_width=\"1508\" data-large_image_height=\"1005\"><img loading=\"lazy\" decoding=\"async\" class=\" wp-image-401445 alignleft\" src=\"https:\/\/www.radiopiu.net\/wordpress\/wp-content\/uploads\/2024\/07\/Lorenzo_Bianchet_abbraccia_Martinez-300x200.jpg\" alt=\"\" width=\"173\" height=\"115\" srcset=\"https:\/\/www.radiopiu.net\/wordpress\/wp-content\/uploads\/2024\/07\/Lorenzo_Bianchet_abbraccia_Martinez-300x200.jpg 300w, https:\/\/www.radiopiu.net\/wordpress\/wp-content\/uploads\/2024\/07\/Lorenzo_Bianchet_abbraccia_Martinez-1024x682.jpg 1024w, https:\/\/www.radiopiu.net\/wordpress\/wp-content\/uploads\/2024\/07\/Lorenzo_Bianchet_abbraccia_Martinez-768x512.jpg 768w, https:\/\/www.radiopiu.net\/wordpress\/wp-content\/uploads\/2024\/07\/Lorenzo_Bianchet_abbraccia_Martinez.jpg 1508w\" sizes=\"auto, (max-width: 173px) 100vw, 173px\" \/><\/a>Nel mondo del Belluno Volley, Lorenzo Bianchet emerge come figura chiave dietro le quinte, lavorando come assistente agli allenamenti e autentico tuttofare. Bianchet, conosciuto come \u201cLollo\u201d, \u00e8 una presenza costante e indispensabile, impegnato soprattutto nel curare il lato umano della squadra. La sua dedizione e disponibilit\u00e0 rendono il Belluno Volley una seconda famiglia per lui. Da quattro anni con la squadra, ha intrecciato legami profondi e ricorda con affetto le sfide emozionanti contro Mantova e Fano, paragonando l\u2019atmosfera alla &#8220;Bombonera&#8221; di Buenos Aires. Il suo contributo, pur non visibile nelle statistiche ufficiali, \u00e8 fondamentale per il successo del club presieduto da Sandro Da Rold.<\/p>\n<p>&nbsp;<\/p>\n<p><span style=\"color: #0000ff;\"><strong>CALCIO<\/strong><\/span><\/p>\n<blockquote>\n<h3><a class=\"dt-pswp-item\" href=\"https:\/\/www.radiopiu.net\/wordpress\/wp-content\/uploads\/2024\/07\/9bf196de-b936-4f2f-9d4f-2c3ba9eb8efb.jpg\" data-dt-img-description=\"\" data-large_image_width=\"1136\" data-large_image_height=\"1600\"><img loading=\"lazy\" decoding=\"async\" class=\"wp-image-401467 alignleft\" src=\"https:\/\/www.radiopiu.net\/wordpress\/wp-content\/uploads\/2024\/07\/9bf196de-b936-4f2f-9d4f-2c3ba9eb8efb-213x300.jpg\" alt=\"\" width=\"119\" height=\"168\" srcset=\"https:\/\/www.radiopiu.net\/wordpress\/wp-content\/uploads\/2024\/07\/9bf196de-b936-4f2f-9d4f-2c3ba9eb8efb-213x300.jpg 213w, https:\/\/www.radiopiu.net\/wordpress\/wp-content\/uploads\/2024\/07\/9bf196de-b936-4f2f-9d4f-2c3ba9eb8efb-727x1024.jpg 727w, https:\/\/www.radiopiu.net\/wordpress\/wp-content\/uploads\/2024\/07\/9bf196de-b936-4f2f-9d4f-2c3ba9eb8efb-768x1082.jpg 768w, https:\/\/www.radiopiu.net\/wordpress\/wp-content\/uploads\/2024\/07\/9bf196de-b936-4f2f-9d4f-2c3ba9eb8efb-1091x1536.jpg 1091w, https:\/\/www.radiopiu.net\/wordpress\/wp-content\/uploads\/2024\/07\/9bf196de-b936-4f2f-9d4f-2c3ba9eb8efb.jpg 1136w\" sizes=\"auto, (max-width: 119px) 100vw, 119px\" \/><\/a>IL CSI CERCA NUOVI ARBITRI<\/h3>\n<\/blockquote>\n<p>Il CSI di Belluno sta reclutando nuovi arbitri per le partite di calcio. A partire dal 14 settembre, nella sede CSI di Piazza Piloni a Belluno inizieranno i corsi suddivisi in lezioni pratiche e teoriche. Per info ed iscrizioni 333 1250125 o 333 2456747, mail belluno@csi-net.it<\/p>\n<p>&nbsp;<\/p>\n<p>&nbsp;<\/p>\n<p>&nbsp;<\/p>\n<p>&nbsp;<\/p>\n<hr \/>\n<p>&nbsp;<\/p>\n<h2><span style=\"color: #99cc00;\">GOODBYE BY BICICLE&#8230;UN VIAGGIO DALL&#8217;INDIA A SEREN DEL GRAPPA IN BICICLETTA<\/span><\/h2>\n<p><span style=\"color: #ff0000;\"><strong>PUNTATA 22 &#8211; L&#8217;ARRIVO IN TRANSILVANIA<\/strong><\/span><\/p>\n<audio class=\"wp-audio-shortcode\" id=\"audio-401345-18\" preload=\"none\" style=\"width: 100%;\" controls=\"controls\"><source type=\"audio\/mpeg\" src=\"https:\/\/www.radiopiu.net\/wordpress\/wp-content\/uploads\/2024\/07\/AIRE-INDIA-PUNTATA-22.mp3?_=18\" \/><a href=\"https:\/\/www.radiopiu.net\/wordpress\/wp-content\/uploads\/2024\/07\/AIRE-INDIA-PUNTATA-22.mp3\">https:\/\/www.radiopiu.net\/wordpress\/wp-content\/uploads\/2024\/07\/AIRE-INDIA-PUNTATA-22.mp3<\/a><\/audio>\n<p>&nbsp;<\/p>\n<p><strong>PER VISITARE I SITI DEI LUOGHI VISITATI, CLICCA SULLE SEGUENTI SCRITTE: <span style=\"color: #3366ff;\"><a href=\"https:\/\/www.instagram.com\/a.casacluj?igsh=YmRwazl4eXpvZXVi\">CASACLUJ<\/a>\u00a0 \u00a0<a href=\"https:\/\/www.instagram.com\/filaret.saispe?igsh=cmRzanBsaTBlOTZx\">FILARET 16<\/a><\/span><\/strong><\/p>\n<p>&nbsp;<\/p>\n\n\t\t\t<style type='text\/css'>\n\t\t\t\t#gallery-7 {\n\t\t\t\t\tmargin: auto;\n\t\t\t\t}\n\t\t\t\t#gallery-7 .gallery-item {\n\t\t\t\t\tfloat: left;\n\t\t\t\t\tmargin-top: 10px;\n\t\t\t\t\ttext-align: center;\n\t\t\t\t\twidth: 25%;\n\t\t\t\t}\n\t\t\t\t#gallery-7 img {\n\t\t\t\t\tborder: 2px solid #cfcfcf;\n\t\t\t\t}\n\t\t\t\t#gallery-7 .gallery-caption {\n\t\t\t\t\tmargin-left: 0;\n\t\t\t\t}\n\t\t\t\t\/* see gallery_shortcode() in wp-includes\/media.php *\/\n\t\t\t<\/style>\n\t\t<div id='gallery-7' class='dt-gallery-container gallery galleryid-401345 gallery-columns-4 gallery-size-thumbnail'><dl class='gallery-item'>\n\t\t\t\t<dt class='gallery-icon landscape'>\n\t\t\t\t\t<a class=\"rollover rollover-zoom dt-pswp-item\" title=\"55e97520-ba98-42c3-9d59-a8b3a28aeeb5\" data-dt-img-description=\"\" data-large_image_width=\"1600\" data-large_image_height=\"1200\"href='https:\/\/www.radiopiu.net\/wordpress\/wp-content\/uploads\/2024\/07\/55e97520-ba98-42c3-9d59-a8b3a28aeeb5.jpg'><img loading=\"lazy\" decoding=\"async\" width=\"150\" height=\"150\" src=\"https:\/\/www.radiopiu.net\/wordpress\/wp-content\/uploads\/2024\/07\/55e97520-ba98-42c3-9d59-a8b3a28aeeb5-150x150.jpg\" class=\"attachment-thumbnail size-thumbnail\" alt=\"\" \/><\/a>\n\t\t\t\t<\/dt><\/dl><dl class='gallery-item'>\n\t\t\t\t<dt class='gallery-icon landscape'>\n\t\t\t\t\t<a class=\"rollover rollover-zoom dt-pswp-item\" title=\"df58fd81-d68a-4b6e-9666-c7d45eceb0ec\" data-dt-img-description=\"\" data-large_image_width=\"1600\" data-large_image_height=\"1200\"href='https:\/\/www.radiopiu.net\/wordpress\/wp-content\/uploads\/2024\/07\/df58fd81-d68a-4b6e-9666-c7d45eceb0ec.jpg'><img loading=\"lazy\" decoding=\"async\" width=\"150\" height=\"150\" src=\"https:\/\/www.radiopiu.net\/wordpress\/wp-content\/uploads\/2024\/07\/df58fd81-d68a-4b6e-9666-c7d45eceb0ec-150x150.jpg\" class=\"attachment-thumbnail size-thumbnail\" alt=\"\" \/><\/a>\n\t\t\t\t<\/dt><\/dl><dl class='gallery-item'>\n\t\t\t\t<dt class='gallery-icon portrait'>\n\t\t\t\t\t<a class=\"rollover rollover-zoom dt-pswp-item\" title=\"18a98162-27cd-487d-bbfe-285f09087da5\" data-dt-img-description=\"\" data-large_image_width=\"1500\" data-large_image_height=\"2000\"href='https:\/\/www.radiopiu.net\/wordpress\/wp-content\/uploads\/2024\/07\/18a98162-27cd-487d-bbfe-285f09087da5.jpg'><img loading=\"lazy\" decoding=\"async\" width=\"150\" height=\"150\" src=\"https:\/\/www.radiopiu.net\/wordpress\/wp-content\/uploads\/2024\/07\/18a98162-27cd-487d-bbfe-285f09087da5-150x150.jpg\" class=\"attachment-thumbnail size-thumbnail\" alt=\"\" \/><\/a>\n\t\t\t\t<\/dt><\/dl><dl class='gallery-item'>\n\t\t\t\t<dt class='gallery-icon portrait'>\n\t\t\t\t\t<a class=\"rollover rollover-zoom dt-pswp-item\" title=\"2c530442-97f8-42ac-8653-8f94ba068813\" data-dt-img-description=\"\" data-large_image_width=\"1200\" data-large_image_height=\"1600\"href='https:\/\/www.radiopiu.net\/wordpress\/wp-content\/uploads\/2024\/07\/2c530442-97f8-42ac-8653-8f94ba068813.jpg'><img loading=\"lazy\" decoding=\"async\" width=\"150\" height=\"150\" src=\"https:\/\/www.radiopiu.net\/wordpress\/wp-content\/uploads\/2024\/07\/2c530442-97f8-42ac-8653-8f94ba068813-150x150.jpg\" class=\"attachment-thumbnail size-thumbnail\" alt=\"\" \/><\/a>\n\t\t\t\t<\/dt><\/dl><br style=\"clear: both\" \/>\n\t\t\t<\/div>\n\n<p>&nbsp;<\/p>\n<h2>LA RACCOLTA COMPLETA <a href=\"https:\/\/www.radiopiu.net\/wordpress\/goodbye-by-bicicle-un-viaggio-dallindia-a-seren-del-grappa-in-bicicletta-22\/\"><span style=\"color: #3366ff;\">CLICCA QUI<\/span><\/a><\/h2>\n<p>&nbsp;<\/p>\n<p>&nbsp;<\/p>\n<p>&nbsp;<\/p>\n<p>&nbsp;<\/p>\n","protected":false},"excerpt":{"rendered":"<p>****** &nbsp; ATTENZIONE: LA NUOVA APP PER IOS-IPHONE di Nicola Vettorello https:\/\/apps.apple.com\/it\/app\/radio-pi%C3%B9-emittente-agordina\/id1515939845 ATTENZIONE: LA NUOVA APP RADIO\u00a0 PER ANDROID di Nicola Vettorello https:\/\/play.google.com\/store\/apps\/details?id=net.radiopiu.iniko\u00a0\u00a0\u00a0 &nbsp; viabilita&#8217; interdizione totale ROCCA PIETORE: OGGI\u00a0 DALLE 8.15 ALLE 17\u00a0 CHIUSURA TOTALE DALLE 563 DI SALESEI IN LOCALITA&#8217; DIGONERA\u00a0 &nbsp; &nbsp; OGGI ALLA RADIO.&#8230; ALLE 4 E ALLE 6 LE NOTIZIE&hellip;<\/p>\n","protected":false},"author":4,"featured_media":401428,"comment_status":"closed","ping_status":"closed","sticky":false,"template":"","format":"standard","meta":{"_monsterinsights_skip_tracking":false,"_monsterinsights_sitenote_active":false,"_monsterinsights_sitenote_note":"","_monsterinsights_sitenote_category":0,"footnotes":""},"categories":[51,86,49],"tags":[],"class_list":["post-401345","post","type-post","status-publish","format-standard","has-post-thumbnail","hentry","category-evidenza-top","category-gr","category-news-18","category-51","category-86","category-49","description-off"],"img_url":"https:\/\/www.radiopiu.net\/wordpress\/wp-content\/uploads\/2024\/07\/06bfd464-f7b1-4778-8170-eaa97fe8569c.jpg","_links":{"self":[{"href":"https:\/\/www.radiopiu.net\/wordpress\/wp-json\/wp\/v2\/posts\/401345","targetHints":{"allow":["GET"]}}],"collection":[{"href":"https:\/\/www.radiopiu.net\/wordpress\/wp-json\/wp\/v2\/posts"}],"about":[{"href":"https:\/\/www.radiopiu.net\/wordpress\/wp-json\/wp\/v2\/types\/post"}],"author":[{"embeddable":true,"href":"https:\/\/www.radiopiu.net\/wordpress\/wp-json\/wp\/v2\/users\/4"}],"replies":[{"embeddable":true,"href":"https:\/\/www.radiopiu.net\/wordpress\/wp-json\/wp\/v2\/comments?post=401345"}],"version-history":[{"count":0,"href":"https:\/\/www.radiopiu.net\/wordpress\/wp-json\/wp\/v2\/posts\/401345\/revisions"}],"wp:featuredmedia":[{"embeddable":true,"href":"https:\/\/www.radiopiu.net\/wordpress\/wp-json\/wp\/v2\/media\/401428"}],"wp:attachment":[{"href":"https:\/\/www.radiopiu.net\/wordpress\/wp-json\/wp\/v2\/media?parent=401345"}],"wp:term":[{"taxonomy":"category","embeddable":true,"href":"https:\/\/www.radiopiu.net\/wordpress\/wp-json\/wp\/v2\/categories?post=401345"},{"taxonomy":"post_tag","embeddable":true,"href":"https:\/\/www.radiopiu.net\/wordpress\/wp-json\/wp\/v2\/tags?post=401345"}],"curies":[{"name":"wp","href":"https:\/\/api.w.org\/{rel}","templated":true}]}}