{"id":401360,"date":"2024-07-25T05:15:05","date_gmt":"2024-07-25T03:15:05","guid":{"rendered":"https:\/\/www.radiopiu.net\/wordpress\/?p=401360"},"modified":"2024-07-25T05:44:17","modified_gmt":"2024-07-25T03:44:17","slug":"sindaci-di-tutti-o-sindaci-di-alcuni","status":"publish","type":"post","link":"https:\/\/www.radiopiu.net\/wordpress\/sindaci-di-tutti-o-sindaci-di-alcuni\/","title":{"rendered":"&#8220;Sindaci di Tutti&#8221; o &#8220;Sindaci di Alcuni&#8221;?"},"content":{"rendered":"<p>***<\/p>\n<p>di mirko mezzacasa<\/p>\n<blockquote><p><em> un impegno apparentemente nobile che suggerisce imparzialit\u00e0 e inclusivit\u00e0. Tuttavia, alla prova dei fatti, molti sindaci si trovano a schierarsi secondo le loro idee politiche e le pressioni di partito, sfidando le aspettative degli elettori.<\/em><\/p><\/blockquote>\n<p><strong><img loading=\"lazy\" decoding=\"async\" class=\"alignleft\" src=\"https:\/\/www.radiopiu.net\/wordpress\/wp-content\/uploads\/2019\/12\/icona_sindaco.png\" width=\"145\" height=\"193\" \/>RADIO PIU<\/strong>\u00a0 Durante le campagne elettorali, i candidati spesso dichiarano di voler essere &#8220;sindaci di tutti&#8221;, proponendo di abbandonare divisioni politiche e governare con equit\u00e0 per il bene comune. Tuttavia, questa promessa \u00e8 frequentemente messa alla prova una volta che i candidati vengono eletti e affrontano le pressioni del governo e della politica. Molti elettori si trovano delusi nel vedere i loro leader schierarsi in base alle loro convinzioni personali o alle pressioni di partito, piuttosto che lavorare per unificare la comunit\u00e0. La retorica elettorale spesso si scontra con la realt\u00e0 delle decisioni politiche quotidiane, rivelando una disparit\u00e0 tra parole e azioni. Questo fenomeno alimenta il cinismo degli elettori, evidenziando la necessit\u00e0 di una leadership che mantenga gli impegni presi e che risponda davvero alle esigenze di tutti i cittadini. Resta una domanda: i politici possono davvero essere &#8220;sindaci di tutti&#8221; o sono inevitabilmente influenzati dalle proprie ideologie e dalle pressioni del proprio elettorato? \u00c8 essenziale riflettere su come i leader possano bilanciare l&#8217;equit\u00e0 con le esigenze pratiche di governo, per costruire una comunit\u00e0 veramente unita.<\/p>\n<blockquote>\n<p style=\"text-align: center;\"><em>&#8220;Io direi che il culatello \u00e8 di destra<\/em><br \/>\n<em>la mortadella \u00e8 di sinistra&#8221;.<\/em>..Giorgio Gaber<\/p>\n<\/blockquote>\n<p>&nbsp;<\/p>\n<p>&nbsp;<\/p>\n<hr \/>\n<p>&nbsp;<\/p>\n<p>&nbsp;<\/p>\n","protected":false},"excerpt":{"rendered":"<p>*** di mirko mezzacasa un impegno apparentemente nobile che suggerisce imparzialit\u00e0 e inclusivit\u00e0. Tuttavia, alla prova dei fatti, molti sindaci si trovano a schierarsi secondo le loro idee politiche e le pressioni di partito, sfidando le aspettative degli elettori. RADIO PIU\u00a0 Durante le campagne elettorali, i candidati spesso dichiarano di voler essere &#8220;sindaci di tutti&#8221;,&hellip;<\/p>\n","protected":false},"author":4,"featured_media":108460,"comment_status":"closed","ping_status":"closed","sticky":false,"template":"","format":"standard","meta":{"_monsterinsights_skip_tracking":false,"_monsterinsights_sitenote_active":false,"_monsterinsights_sitenote_note":"","_monsterinsights_sitenote_category":0,"footnotes":""},"categories":[104,49],"tags":[],"class_list":["post-401360","post","type-post","status-publish","format-standard","has-post-thumbnail","hentry","category-evidenza_3","category-news-18","category-104","category-49","description-off"],"img_url":"https:\/\/www.radiopiu.net\/wordpress\/wp-content\/uploads\/2019\/12\/icona_sindaco.png","_links":{"self":[{"href":"https:\/\/www.radiopiu.net\/wordpress\/wp-json\/wp\/v2\/posts\/401360","targetHints":{"allow":["GET"]}}],"collection":[{"href":"https:\/\/www.radiopiu.net\/wordpress\/wp-json\/wp\/v2\/posts"}],"about":[{"href":"https:\/\/www.radiopiu.net\/wordpress\/wp-json\/wp\/v2\/types\/post"}],"author":[{"embeddable":true,"href":"https:\/\/www.radiopiu.net\/wordpress\/wp-json\/wp\/v2\/users\/4"}],"replies":[{"embeddable":true,"href":"https:\/\/www.radiopiu.net\/wordpress\/wp-json\/wp\/v2\/comments?post=401360"}],"version-history":[{"count":0,"href":"https:\/\/www.radiopiu.net\/wordpress\/wp-json\/wp\/v2\/posts\/401360\/revisions"}],"wp:featuredmedia":[{"embeddable":true,"href":"https:\/\/www.radiopiu.net\/wordpress\/wp-json\/wp\/v2\/media\/108460"}],"wp:attachment":[{"href":"https:\/\/www.radiopiu.net\/wordpress\/wp-json\/wp\/v2\/media?parent=401360"}],"wp:term":[{"taxonomy":"category","embeddable":true,"href":"https:\/\/www.radiopiu.net\/wordpress\/wp-json\/wp\/v2\/categories?post=401360"},{"taxonomy":"post_tag","embeddable":true,"href":"https:\/\/www.radiopiu.net\/wordpress\/wp-json\/wp\/v2\/tags?post=401360"}],"curies":[{"name":"wp","href":"https:\/\/api.w.org\/{rel}","templated":true}]}}