{"id":401376,"date":"2024-07-25T07:55:44","date_gmt":"2024-07-25T05:55:44","guid":{"rendered":"https:\/\/www.radiopiu.net\/wordpress\/?p=401376"},"modified":"2024-07-25T08:02:22","modified_gmt":"2024-07-25T06:02:22","slug":"la-rassegna-stampa-locale-non-solo-giornali-ogni-giorno-alle-7-e-alle-8-del-mattino-di-mirko-mezzacasa","status":"publish","type":"post","link":"https:\/\/www.radiopiu.net\/wordpress\/la-rassegna-stampa-locale-non-solo-giornali-ogni-giorno-alle-7-e-alle-8-del-mattino-di-mirko-mezzacasa\/","title":{"rendered":"la rassegna stampa locale&#8230;non solo giornali. OGNI GIORNO ALLE 7 E ALLE 8 DEL MATTINO di mirko mezzacasa"},"content":{"rendered":"<p>***<\/p>\n<p><iframe loading=\"lazy\" title=\"DAL 1983 LA RASSEGNA STAMPA LOCALE di mirko mezzacasa. L&#039;ORIGINALE\" width=\"1200\" height=\"675\" src=\"https:\/\/www.youtube.com\/embed\/JcpgTtt06iU?feature=oembed\" frameborder=\"0\" allow=\"accelerometer; autoplay; clipboard-write; encrypted-media; gyroscope; picture-in-picture; web-share\" referrerpolicy=\"strict-origin-when-cross-origin\" allowfullscreen><\/iframe><\/p>\n<p><a class=\"dt-pswp-item\" href=\"https:\/\/www.radiopiu.net\/wordpress\/wp-content\/uploads\/2024\/03\/radio-piu.png\" data-dt-img-description=\"\" data-large_image_width=\"689\" data-large_image_height=\"415\"><img loading=\"lazy\" decoding=\"async\" class=\" wp-image-378174 alignleft\" src=\"https:\/\/www.radiopiu.net\/wordpress\/wp-content\/uploads\/2024\/03\/radio-piu-300x181.png\" alt=\"\" width=\"255\" height=\"154\" srcset=\"https:\/\/www.radiopiu.net\/wordpress\/wp-content\/uploads\/2024\/03\/radio-piu-300x181.png 300w, https:\/\/www.radiopiu.net\/wordpress\/wp-content\/uploads\/2024\/03\/radio-piu.png 689w\" sizes=\"auto, (max-width: 255px) 100vw, 255px\" \/><\/a>OGGI ALLA RADIO.\u2026 ALLE 4 E ALLE 6 LE NOTIZIE DALL\u2019ITALIA E DAL MONDO 6.15 PIROLE DE LENGA A CURA DEL MUSLA 7.20 EL BAL DEL FIORI, DETTI E TRADIZIONI DI GIULIANA DA RONCH 8.05 LA RASSEGNA STAMPA LOCALE 8.30 PIU\u2019 SIAMO DI MARINA DONA\u2019 9.00 LA MUSICA COUNTRY DI ALEX NASCINBEN 9.30 VIABILITA\u2019 CON BOTOL CAR SERVICE (AGORDO-SEDICO-FELTRE) 10.10 ZAINO DA VIAGGIO AL FEMMINILE DI PALA LANCIATO 10.30 SPECIALE LETTURE E CULTURE DI marina don\u00e0 11.10 LA STORIA DEL FESTIVALBAR DI MIRCO BENCIVENNI 12.00 VA TUTTO LISCIO 12.30 GIORNALE RADIO PRINCIPALE 13.20 TRE PEZZI DI MARINA DONA\u2019 14.00 COLLAGE OPERAZIONE NOSTALGIA, LORIS SCUSSEL 15.00 TIME FOR ME DI marina don\u00e0 16 IL ROCK DI MARCO COSTANTINI 1645 LE HIT DI MIRCO BENCIVENNI 18.00 PIU\u2019 DANCE LE SELEZIONI CHE FANNO SALTARE DI DJ JACK, JACOPO DEL TEDESCO 19 LE ANTICIPAZIONI DAL TG DI ANTENNA 3 DI TIZIANA BOLOGNANI<\/p>\n<p><a class=\"dt-pswp-item\" href=\"https:\/\/www.radiopiu.net\/wordpress\/wp-content\/uploads\/2024\/07\/Senza-nome-103.png\" data-dt-img-description=\"\" data-large_image_width=\"421\" data-large_image_height=\"245\"><img loading=\"lazy\" decoding=\"async\" class=\"size-medium wp-image-401293 alignleft\" src=\"https:\/\/www.radiopiu.net\/wordpress\/wp-content\/uploads\/2024\/07\/Senza-nome-103-300x175.png\" alt=\"\" width=\"300\" height=\"175\" srcset=\"https:\/\/www.radiopiu.net\/wordpress\/wp-content\/uploads\/2024\/07\/Senza-nome-103-300x175.png 300w, https:\/\/www.radiopiu.net\/wordpress\/wp-content\/uploads\/2024\/07\/Senza-nome-103.png 421w\" sizes=\"auto, (max-width: 300px) 100vw, 300px\" \/><\/a>CENCENIGHE: William Fa\u00e8 Ci Ha Lasciato All\u2019Improvviso William Fa\u00e8, ex sindaco di Cencenighe, ci ha lasciato all\u2019et\u00e0 di soli 51 anni, a settembre ne avrebbe compiuto uno in pi\u00f9. La notizia della sua improvvisa scomparsa scuote profondamente la comunit\u00e0 e coloro che lo conoscevano. William \u00e8 morto ieri mattina, colpito da un infarto mentre si trovava sul posto di lavoro nel Comune di San Tomaso Agordino, dove lavorava come tecnico comunale<br \/>\nGRUPPO ALPINI DI CENCENIGHE Il gruppo Alpini di Cencenighe partecipa con immenso cordoglio alla prematura scomparsa del carissimo socio William Fa\u00e9, si stringe con immenso dolore alla famiglia. Il capogruppo e tutti gli Alpini di Cencenighe<br \/>\nIL CALCIO AGORDINO PIANGE EZIO ANDRICH<br \/>\nCANALE D&#8217;AGORDO Il calcio dell&#8217;Agordino \u00e8 in lutto. E&#8217; morto a Canale D&#8217;Agordo, suo paese natale, Ezio Andrich. Per decenni ha arbitrato le partite del Campionato Agordino di calcio facendosi amico di tanti calciatori della vallata. Ezio, soprannominato Oia, era molto conosciuto. A dare l&#8217;annuncio della sua morte la moglie Miriam, i figli Luca e Marta, la sorella Giuseppina, il cognato e parenti tutti. I funerali avranno luogo domani alle 14:30 nella Chiesa di Canale D&#8217;Agordo.<br \/>\nSCARICA DI SASSI SULLA FERRATA BERTI, UN&#8217;ESCURSIONISTA FERITA<br \/>\nSAN VITO DI CADORE\u00a0 Ieri mattina alle 10.10, la Centrale del 118 ha ricevuto una chiamata per un&#8217;escursionista ferita da una scarica di sassi lungo la Ferrata Berti, sulla Croda Marcora. L&#8217;escursionista, una 31enne slovacca, stava percorrendo la Cengia del Banco con il compagno quando \u00e8 stata colpita da detriti, probabilmente a causa di un crollo avvenuto lo scorso settembre.<br \/>\nCORTINA due escursionisti 33enni inglesi avevano iniziato a risalire un canale, finch\u00e9 sono rimasti incrodati, incapaci di ogni movimento. Individuati dell\u2019equipaggio, l\u2019uomo e la donna sono stati recuperati dal tecnico di elisoccorso con un verricello di 55 metri e trasportati al Passo Tre Croci.<br \/>\nCORTINA\u00a0 una donna che si \u00e8 procurata un trauma al polso, dopo essere caduta poco dopo il tratto attrezzato sul sentiero per il Rifugio Vandelli. Imbarcata con un verricello di 30 metri, l\u2019infortunata \u00e8 stata portata in ospedale.<\/p>\n<p><a class=\"dt-pswp-item\" href=\"https:\/\/www.radiopiu.net\/wordpress\/wp-content\/uploads\/2024\/07\/77d23b31-d309-4452-9194-686bb38e0676.jpg\" data-dt-img-description=\"\" data-large_image_width=\"1280\" data-large_image_height=\"960\"><img loading=\"lazy\" decoding=\"async\" class=\"size-medium wp-image-401315 alignleft\" src=\"https:\/\/www.radiopiu.net\/wordpress\/wp-content\/uploads\/2024\/07\/77d23b31-d309-4452-9194-686bb38e0676-300x225.jpg\" alt=\"\" width=\"300\" height=\"225\" srcset=\"https:\/\/www.radiopiu.net\/wordpress\/wp-content\/uploads\/2024\/07\/77d23b31-d309-4452-9194-686bb38e0676-300x225.jpg 300w, https:\/\/www.radiopiu.net\/wordpress\/wp-content\/uploads\/2024\/07\/77d23b31-d309-4452-9194-686bb38e0676-1024x768.jpg 1024w, https:\/\/www.radiopiu.net\/wordpress\/wp-content\/uploads\/2024\/07\/77d23b31-d309-4452-9194-686bb38e0676-768x576.jpg 768w, https:\/\/www.radiopiu.net\/wordpress\/wp-content\/uploads\/2024\/07\/77d23b31-d309-4452-9194-686bb38e0676.jpg 1280w\" sizes=\"auto, (max-width: 300px) 100vw, 300px\" \/><\/a>TAMBRE \u00a0incidente stradale lungo la SP 28 nel comune di Tambre: nessuna persona ferita. Causa: la grandine.\u00a0 La squadra dei vigili del fuoco accorsa dalla centrale, ha messo in sicurezza l\u2019auto finita fuori strada, predisponendo le operazioni di recupero dell\u2019auto da parte del carro attrezzi<br \/>\nPEDAVENA i in localit\u00e0 Campet nel comune di Pedavena incendio di un\u2019autovettura: nessuna persona \u00e8 rimasta ferita. La squadra dei vigili del fuoco arrivata dal distaccamento di Feltre, ha spento l\u2019incendio dell\u2019auto, probabilmente innescato da cause elettromeccaniche al vaglio del personale intervenuto.<br \/>\nFONZASO L&#8217;orso del Monte Roncon continua a frequentare la zona di Fonzaso, attratto dalle api e dal miele. Recentemente ha devastato un apiario, lasciando impronte profonde, ma ha risparmiato il secondo alveare. Il plantigrado, monitorato con fototrappole per il controllo della peste suina africana, viene regolarmente avvistato insieme a cinghiali che popolano l&#8217;area<br \/>\nBUSCGE chiusura al traffico della strada statale 50 \u201cdel Grappa e Passo Rolle\u201d che sar\u00e0 in vigore da lunedi al 15 ottobre. Durante la chiusura, i veicoli leggeri E i mezzi del trasporto pubblico locale saranno indirizzati su una bretella provvisoria di collegamento che attraversa la linea ferroviaria attraverso le strade comunali via Sbarre e via Ponach. Lungo il tracciato \u00e8 previsto il doppio senso di circolazione ad eccezione di un tratto centrale dove il transito sar\u00e0 regolato a senso alternato da un semaforo intelligente dotato di radar di accodamento.<br \/>\nTAIBON Fino al 27 settembre, la strada comunale di Taier (ex S.P. 34) sar\u00e0 interessata da lavori: divieto di transito per tutti i veicoli fino al 2 agosto alle 18; senso unico alternato regolato a vista o da movieri dal 2 agosto alle 18 e fino al 27 settembre. Inoltre, domani, la strada comunale di Soccol, avr\u00e0 divieto di transito tra le 8 e le 18, eccetto per i veicoli autorizzati.<br \/>\nAGORDO nelle localit\u00e0 Piasent, Colvignas, Campon, Le Foche l&#8217;acqua erogata dall&#8217;acquedotto non \u00e8 potabile e non pu\u00f2 essere usata per scopi alimentari, se non previa bollitura. Verr\u00e0 effettuato servizio sostitutivo con cisterna in localit\u00e0 Piasent.<br \/>\nLIVINALLONGO In localit\u00e0 Collaz\u00a0 l&#8217;acqua erogata dall&#8217;acquedotto \u00e8 di nuovo potabile e pu\u00f2 essere usata, quindi, per scopi alimentari<br \/>\nAGORDO\u00a0Oggi dalle 8 alle 12 verr\u00e0 sospesa l\u2019erogazione dell\u2019acqua nelle Vie Teto Piciol, R. Costa, Toccol, Cal De Mule, Bries, P. Soccol e in Localit\u00e0 Brugnach<br \/>\nLIVINALLONGO\u00a0Oggi dalle 8 alle 17 verr\u00e0 sospesa l\u2019erogazione dell\u2019acqua in localit\u00e0 Varda<\/p>\n<p><a class=\"dt-pswp-item\" href=\"https:\/\/www.radiopiu.net\/wordpress\/wp-content\/uploads\/2024\/07\/041be9f4-7306-4e0d-8e71-477ea68f025c.jpg\" data-dt-img-description=\"\" data-large_image_width=\"960\" data-large_image_height=\"668\"><img loading=\"lazy\" decoding=\"async\" class=\" wp-image-401319 alignleft\" src=\"https:\/\/www.radiopiu.net\/wordpress\/wp-content\/uploads\/2024\/07\/041be9f4-7306-4e0d-8e71-477ea68f025c-300x209.jpg\" alt=\"\" width=\"253\" height=\"176\" srcset=\"https:\/\/www.radiopiu.net\/wordpress\/wp-content\/uploads\/2024\/07\/041be9f4-7306-4e0d-8e71-477ea68f025c-300x209.jpg 300w, https:\/\/www.radiopiu.net\/wordpress\/wp-content\/uploads\/2024\/07\/041be9f4-7306-4e0d-8e71-477ea68f025c-768x534.jpg 768w, https:\/\/www.radiopiu.net\/wordpress\/wp-content\/uploads\/2024\/07\/041be9f4-7306-4e0d-8e71-477ea68f025c.jpg 960w\" sizes=\"auto, (max-width: 253px) 100vw, 253px\" \/><\/a>VENEZIA L&#8217;Universit\u00e0 di Padova \u00e8 al primo posto tra gli atenei italiani, superando l&#8217;Universit\u00e0 di Bologna e Sapienza di Roma. Il Consigliere regionale Fabrizio Boron elogia l&#8217;eccellenza di Padova, attribuendo il successo a un&#8217;offerta formativa solida, borse di studio, servizi digitali e internazionalizzazione.<br \/>\nROCCA PIETORE La Fanfara Congedati della Brigata Alpina Cadore salir\u00e0 sulla Marmolada domenica 28 luglio per onorare i caduti sulle Dolomiti, suonando brani alpini in uno scenario simbolico della Grande Guerra. La Fanfara, nata nel 2003, \u00e8 erede della Fanfara in armi della Brigata Alpina Cadore, chiusa nel 1997.<br \/>\nVENEZIA Chiara Luisetto, consigliera regionale del Pd Veneto, critica il mancato intervento incisivo della Giunta in seguito al nuovo Piano di Riordino Territoriale, nonostante le indicazioni chiare a sostegno dei Comuni nei processi di fusione e unione amministrativa. Il provvedimento in esame, relativo ai contributi per le Unioni di Comuni, Unioni Montane e Convenzioni, mantiene le stesse risorse degli scorsi anni.<br \/>\nBELLUNO Novit\u00e0 per i parcheggi a pagamento in centro a Belluno: arriva il limite di due ore per la sosta negli stalli blu a ridosso del centro storico. Una mossa salutata con soddisfazione dai commercianti della citt\u00e0.<br \/>\nOGGI NEL CONSIGLIO COMUNALE DI SEDICO SI PARLA DI ASILO NIDO I consiglieri di &#8220;Sedico con Gioia&#8221; hanno espresso perplessit\u00e0 sulla localizzazione proposta e hanno suggerito aree alternative per servire meglio le frazioni Mas, Peron, Bolago, Libano, Barp, Casoni e Sommaval<br \/>\nAGORDO Lunedi alle 20.30 consiglio dell&#8217;Unione Montana Agordina. In discussione la presa d&#8217;atto dei nuovi rappresentanti comunali dopo le recenti elezioni a La Valle, Livinallongo e Rocca Pietore, controlli interni, bilancio, documento unico di programmazione e comunicazioni del presidente.<br \/>\nTAIBON\u00a0Il Comune di Taibon Agordino ha aperto una selezione pubblica per formare una graduatoria di rilevatori per il censimento permanente della popolazione 2024. I candidati selezionati parteciperanno ad incontri informativi, eseguiranno interviste e segnaleranno eventuali violazioni. La raccolta dati avverr\u00e0 tra ottobre e dicembre. Il bando scade il 31 luglio.<\/p>\n<p>&nbsp;<\/p>\n","protected":false},"excerpt":{"rendered":"<p>*** OGGI ALLA RADIO.\u2026 ALLE 4 E ALLE 6 LE NOTIZIE DALL\u2019ITALIA E DAL MONDO 6.15 PIROLE DE LENGA A CURA DEL MUSLA 7.20 EL BAL DEL FIORI, DETTI E TRADIZIONI DI GIULIANA DA RONCH 8.05 LA RASSEGNA STAMPA LOCALE 8.30 PIU\u2019 SIAMO DI MARINA DONA\u2019 9.00 LA MUSICA COUNTRY DI ALEX NASCINBEN 9.30 VIABILITA\u2019&hellip;<\/p>\n","protected":false},"author":4,"featured_media":401377,"comment_status":"closed","ping_status":"closed","sticky":false,"template":"","format":"standard","meta":{"_monsterinsights_skip_tracking":false,"_monsterinsights_sitenote_active":false,"_monsterinsights_sitenote_note":"","_monsterinsights_sitenote_category":0,"footnotes":""},"categories":[49],"tags":[],"class_list":["post-401376","post","type-post","status-publish","format-standard","has-post-thumbnail","hentry","category-news-18","category-49","description-off"],"img_url":"https:\/\/www.radiopiu.net\/wordpress\/wp-content\/uploads\/2024\/07\/feltre.png","_links":{"self":[{"href":"https:\/\/www.radiopiu.net\/wordpress\/wp-json\/wp\/v2\/posts\/401376","targetHints":{"allow":["GET"]}}],"collection":[{"href":"https:\/\/www.radiopiu.net\/wordpress\/wp-json\/wp\/v2\/posts"}],"about":[{"href":"https:\/\/www.radiopiu.net\/wordpress\/wp-json\/wp\/v2\/types\/post"}],"author":[{"embeddable":true,"href":"https:\/\/www.radiopiu.net\/wordpress\/wp-json\/wp\/v2\/users\/4"}],"replies":[{"embeddable":true,"href":"https:\/\/www.radiopiu.net\/wordpress\/wp-json\/wp\/v2\/comments?post=401376"}],"version-history":[{"count":0,"href":"https:\/\/www.radiopiu.net\/wordpress\/wp-json\/wp\/v2\/posts\/401376\/revisions"}],"wp:featuredmedia":[{"embeddable":true,"href":"https:\/\/www.radiopiu.net\/wordpress\/wp-json\/wp\/v2\/media\/401377"}],"wp:attachment":[{"href":"https:\/\/www.radiopiu.net\/wordpress\/wp-json\/wp\/v2\/media?parent=401376"}],"wp:term":[{"taxonomy":"category","embeddable":true,"href":"https:\/\/www.radiopiu.net\/wordpress\/wp-json\/wp\/v2\/categories?post=401376"},{"taxonomy":"post_tag","embeddable":true,"href":"https:\/\/www.radiopiu.net\/wordpress\/wp-json\/wp\/v2\/tags?post=401376"}],"curies":[{"name":"wp","href":"https:\/\/api.w.org\/{rel}","templated":true}]}}