{"id":401538,"date":"2024-07-27T05:44:47","date_gmt":"2024-07-27T03:44:47","guid":{"rendered":"https:\/\/www.radiopiu.net\/wordpress\/?p=401538"},"modified":"2024-07-27T08:26:00","modified_gmt":"2024-07-27T06:26:00","slug":"giornale-radiopiu-27-luglio-2024-direttore-mirko-mezzacasada-41-anni-25-giugno-1983-25-giugno-2024","status":"publish","type":"post","link":"https:\/\/www.radiopiu.net\/wordpress\/giornale-radiopiu-27-luglio-2024-direttore-mirko-mezzacasada-41-anni-25-giugno-1983-25-giugno-2024\/","title":{"rendered":"GIORNALE RADIOPIU 27 LUGLIO 2024 DIRETTORE MIRKO MEZZACASA\u2026DA 41 ANNI 25 GIUGNO 1983-25 GIUGNO 2024"},"content":{"rendered":"<p>*******<\/p>\n<p>&nbsp;<\/p>\n<p><em><span style=\"color: #ff0000;\">ATTENZIONE: LA NUOVA APP PER IOS-IPHONE di Nicola Vettorello <\/span><\/em><a href=\"https:\/\/apps.apple.com\/it\/app\/radio-pi%C3%B9-emittente-agordina\/id1515939845\">https:\/\/apps.apple.com\/it\/app\/radio-pi%C3%B9-emittente-agordina\/id1515939845<\/a><\/p>\n<p><em style=\"color: #ff0000;\">ATTENZIONE: LA NUOVA APP RADIO\u00a0 PER ANDROID di Nicola Vettorello<\/em><\/p>\n<p><a href=\"https:\/\/play.google.com\/store\/apps\/details?id=net.radiopiu.iniko\" target=\"_blank\" rel=\"noopener noreferrer\">https:\/\/play.google.com\/store\/apps\/details?id=net.radiopiu.iniko\u00a0\u00a0\u00a0<\/a><\/p>\n<p>&nbsp;<\/p>\n<blockquote>\n<h2>viabilita&#8217; interdizione totale<\/h2>\n<\/blockquote>\n<p><span style=\"color: #0000ff;\"><strong>ROCCA PIETORE: OGGI\u00a0 DALLE 8.15 ALLE 17\u00a0 CHIUSURA TOTALE DALLE 563 DI SALESEI IN LOCALITA&#8217; DIGONERA\u00a0<\/strong><\/span><\/p>\n<p>&nbsp;<\/p>\n<hr \/>\n<p>&nbsp;<\/p>\n<p><strong><a class=\"dt-pswp-item\" href=\"https:\/\/www.radiopiu.net\/wordpress\/wp-content\/uploads\/2024\/07\/8a59cc7c-cf90-4367-b101-8e7aa53fabdb.jpg\" data-dt-img-description=\"\" data-large_image_width=\"750\" data-large_image_height=\"1099\"><img loading=\"lazy\" decoding=\"async\" class=\" wp-image-401580 alignleft\" src=\"https:\/\/www.radiopiu.net\/wordpress\/wp-content\/uploads\/2024\/07\/8a59cc7c-cf90-4367-b101-8e7aa53fabdb-205x300.jpg\" alt=\"\" width=\"178\" height=\"260\" srcset=\"https:\/\/www.radiopiu.net\/wordpress\/wp-content\/uploads\/2024\/07\/8a59cc7c-cf90-4367-b101-8e7aa53fabdb-205x300.jpg 205w, https:\/\/www.radiopiu.net\/wordpress\/wp-content\/uploads\/2024\/07\/8a59cc7c-cf90-4367-b101-8e7aa53fabdb-699x1024.jpg 699w, https:\/\/www.radiopiu.net\/wordpress\/wp-content\/uploads\/2024\/07\/8a59cc7c-cf90-4367-b101-8e7aa53fabdb.jpg 750w\" sizes=\"auto, (max-width: 178px) 100vw, 178px\" \/><\/a>OGGI ALLA RADIO.<\/strong>&#8230;<span style=\"color: #ff0000;\"> ALLE 4 E ALLE 6<\/span> LE NOTIZIE DALL&#8217;ITALIA E DAL MONDO <span style=\"color: #ff0000;\">6.15<\/span> PIROLE DE LENGA A CURA DEL MUSLA<span style=\"color: #ff0000;\"> 7.20<\/span> EL BAL DEL FIORI, DETTI E TRADIZIONI DI GIULIANA DA RONCH <span style=\"color: #ff0000;\">8.05<\/span> LA RASSEGNA STAMPA LOCALE <span style=\"color: #ff0000;\">8.30 WEEK END.. MARINA C&#8217;E&#8217; <\/span><span style=\"color: #ff0000;\">9.00<\/span><span style=\"color: #ff0000;\"> PREMIER DI MARCO GAZ LE NOVITA&#8217; ALLA RADIO\u00a0 <\/span><span style=\"color: #ff0000;\">\u00a09.30<\/span> <strong><span style=\"color: #0000ff;\">VIABILITA&#8217; CON BOTOL CAR SERVICE (AGORDO-SEDICO-FELTRE)<\/span><\/strong> \u00a0\u00a0<span style=\"color: #ff0000;\">10.30<\/span>\u00a0 LA RASSEGNA STAMPA DA L&#8217;AMICO DEL POPOLO DI GIANNI SANTOMASO <span style=\"color: #ff0000;\">11.10<\/span> LA STORIA DEL FESTIVALBAR DI MIRCO BENCIVENNI <span style=\"color: #ff0000;\">12.00<\/span> VA TUTTO LISCIO\u00a0 <span style=\"color: #ff0000;\">12.30<\/span> <strong>GIORNALE RADIO PRINCIPALE<\/strong> \u00a0<span style=\"color: #ff0000;\">14.00<\/span> LA MUSICA CHE BATTE! DJ JACK CONDUCE ELETTROCHCOC\u00a0<span style=\"color: #ff0000;\"> 15.00 LA CLASSIFICA UFFICIALE DI RADIOPIU CON MARCO GAZ\u00a0 \u00a016<\/span> IL ROCK DI MARCO COSTANTINI <span style=\"color: #ff0000;\">1645<\/span> LE HIT DI MIRCO BENCIVENNI <span style=\"color: #ff0000;\">18.10<\/span>\u00a0 REGGAETON IL L&#8217;APERITIVO MUSICALE DEL SABATO CON ATHOS, DAVID BEN <span style=\"color: #ff0000;\">19<\/span> LE ANTICIPAZIONI DAL TG DI ANTENNA 3 DI TIZIANA BOLOGNANI<\/p>\n<p><span style=\"color: #ff0000;\"><strong>DOMANI A FALCADE L&#8217;ELEZIONE DI MISS ITALIA (foto)<\/strong><\/span><\/p>\n<blockquote><p><strong>rassegna stampa nazionale, ogni giorno alle 5 e alle 6 del mattino<\/strong><br \/>\n<em>giornali locali 7 rassegna stampa flash, 8 rassegna stampa, gr flash alle 10 e alle 11, principale 12.30. Informazione pomerIggio alle 15 (speciale) 16, 17, 18. Giornale radio nazionale: ogni ora dalle 5 del mattino, alle 20 della sera. <\/em><\/p><\/blockquote>\n<div class=\"x11i5rnm xat24cr x1mh8g0r x1vvkbs xtlvy1s x126k92a\">\n<div dir=\"auto\">\n<p>&nbsp;<\/p>\n<p>&nbsp;<\/p>\n<p>&nbsp;<\/p>\n<\/div>\n<div dir=\"auto\">\n<hr \/>\n<p>&nbsp;<\/p>\n<p>&nbsp;<\/p>\n<div dir=\"auto\">\n<p><strong><a class=\"dt-pswp-item\" href=\"https:\/\/www.radiopiu.net\/wordpress\/wp-content\/uploads\/2024\/02\/2d44e751-d8a8-461b-8e22-d8e4e853b032.jpg\" data-dt-img-description=\"\" data-large_image_width=\"1600\" data-large_image_height=\"1200\"><img loading=\"lazy\" decoding=\"async\" class=\"wp-image-373307 alignleft\" src=\"https:\/\/www.radiopiu.net\/wordpress\/wp-content\/uploads\/2024\/02\/2d44e751-d8a8-461b-8e22-d8e4e853b032-300x225.jpg\" alt=\"\" width=\"105\" height=\"79\" srcset=\"https:\/\/www.radiopiu.net\/wordpress\/wp-content\/uploads\/2024\/02\/2d44e751-d8a8-461b-8e22-d8e4e853b032-300x225.jpg 300w, https:\/\/www.radiopiu.net\/wordpress\/wp-content\/uploads\/2024\/02\/2d44e751-d8a8-461b-8e22-d8e4e853b032-1024x768.jpg 1024w, https:\/\/www.radiopiu.net\/wordpress\/wp-content\/uploads\/2024\/02\/2d44e751-d8a8-461b-8e22-d8e4e853b032-768x576.jpg 768w, https:\/\/www.radiopiu.net\/wordpress\/wp-content\/uploads\/2024\/02\/2d44e751-d8a8-461b-8e22-d8e4e853b032-1536x1152.jpg 1536w, https:\/\/www.radiopiu.net\/wordpress\/wp-content\/uploads\/2024\/02\/2d44e751-d8a8-461b-8e22-d8e4e853b032.jpg 1600w\" sizes=\"auto, (max-width: 105px) 100vw, 105px\" \/><\/a>EL BAL DEL FIOR, DI GIULIANA DA RONCH, 27 LUGLIO<\/strong><strong>\u00a02024<em>\u00a0<\/em><\/strong><\/p>\n<audio class=\"wp-audio-shortcode\" id=\"audio-401538-1\" preload=\"none\" style=\"width: 100%;\" controls=\"controls\"><source type=\"audio\/mpeg\" src=\"https:\/\/www.radiopiu.net\/wordpress\/wp-content\/uploads\/2024\/07\/GSA-2.m4a?_=1\" \/><a href=\"https:\/\/www.radiopiu.net\/wordpress\/wp-content\/uploads\/2024\/07\/GSA-2.m4a\">https:\/\/www.radiopiu.net\/wordpress\/wp-content\/uploads\/2024\/07\/GSA-2.m4a<\/a><\/audio>\n<p>&nbsp;<\/p>\n<\/div>\n<\/div>\n<hr \/>\n<p>&nbsp;<\/p>\n<p>&nbsp;<\/p>\n<h1><span style=\"color: #ff0000;\"><a class=\"dt-pswp-item\" href=\"https:\/\/www.radiopiu.net\/wordpress\/wp-content\/uploads\/2024\/06\/th-5.jpg\" data-dt-img-description=\"\" data-large_image_width=\"326\" data-large_image_height=\"180\"><img loading=\"lazy\" decoding=\"async\" class=\"size-medium wp-image-395881 alignleft\" src=\"https:\/\/www.radiopiu.net\/wordpress\/wp-content\/uploads\/2024\/06\/th-5-300x166.jpg\" alt=\"\" width=\"300\" height=\"166\" srcset=\"https:\/\/www.radiopiu.net\/wordpress\/wp-content\/uploads\/2024\/06\/th-5-300x166.jpg 300w, https:\/\/www.radiopiu.net\/wordpress\/wp-content\/uploads\/2024\/06\/th-5.jpg 326w\" sizes=\"auto, (max-width: 300px) 100vw, 300px\" \/><\/a><\/span><\/h1>\n<h1><\/h1>\n<h1><\/h1>\n<h1><span style=\"color: #000000;\">27 luglio&#8230; alla radio l&#8217;almanacco\u00a0<\/span><\/h1>\n<audio class=\"wp-audio-shortcode\" id=\"audio-401538-2\" preload=\"none\" style=\"width: 100%;\" controls=\"controls\"><source type=\"audio\/mpeg\" src=\"https:\/\/www.radiopiu.net\/wordpress\/wp-content\/uploads\/2024\/07\/ALMANACCONEW-23.mp3?_=2\" \/><a href=\"https:\/\/www.radiopiu.net\/wordpress\/wp-content\/uploads\/2024\/07\/ALMANACCONEW-23.mp3\">https:\/\/www.radiopiu.net\/wordpress\/wp-content\/uploads\/2024\/07\/ALMANACCONEW-23.mp3<\/a><\/audio>\n<p>&nbsp;<\/p>\n<p>&nbsp;<\/p>\n<div dir=\"auto\">\n<hr \/>\n<\/div>\n<\/div>\n<blockquote>\n<blockquote>\n<h1><span style=\"color: #ff0000;\">\u00a0<\/span><\/h1>\n<h1><span style=\"color: #ff0000;\">I podcast informativi del mattino &#8211; audio &#8211;\u00a0\u00a0<\/span><\/h1>\n<\/blockquote>\n<p><strong><a class=\"dt-pswp-item\" href=\"https:\/\/www.radiopiu.net\/wordpress\/wp-content\/uploads\/2023\/11\/th-10.jpg\" data-dt-img-description=\"\" data-large_image_width=\"320\" data-large_image_height=\"180\"><img loading=\"lazy\" decoding=\"async\" class=\"wp-image-362866 alignleft\" src=\"https:\/\/www.radiopiu.net\/wordpress\/wp-content\/uploads\/2023\/11\/th-10-300x169.jpg\" alt=\"\" width=\"185\" height=\"104\" srcset=\"https:\/\/www.radiopiu.net\/wordpress\/wp-content\/uploads\/2023\/11\/th-10-300x169.jpg 300w, https:\/\/www.radiopiu.net\/wordpress\/wp-content\/uploads\/2023\/11\/th-10.jpg 320w\" sizes=\"auto, (max-width: 185px) 100vw, 185px\" \/><\/a>LA RASSEGNA STAMPA NAZIONALE ALLA RADIO, OGNI GIORNO ALLE 5 E ALLE 6 DEL MATTINO <span style=\"color: #0000ff;\">viene pubblicata alle 6.00 <span style=\"color: #ff0000;\">DIRETTA RADIO\u00a0 \u00a0\u00a0<\/span><\/span><\/strong><\/p><\/blockquote>\n<p>&nbsp;<\/p>\n<p><strong>NOTIZIE DELLA NOTTE\u00a0 \u00a0<\/strong><\/p>\n<p><strong>Sondaggio<\/strong> Wsj, Harris dietro di due punti su Trump +RPT+ <strong>Trump,<\/strong> torno a fare un comizio nel luogo dell&#8217;attentato <strong>Netanyahu<\/strong> conferma,&#8217;negoziatori a Roma a inizio settimana&#8217; <strong>Panetta<\/strong>, buona la soluzione del G7 italiano su asset russi <strong>Giorgetti<\/strong>, sulle tasse ai miliardari decisione degli Stati <strong>Incendio<\/strong> al poligono a Prato, due i morti<\/p>\n<h2>AUDIO dalle 6 del mattino<\/h2>\n<audio class=\"wp-audio-shortcode\" id=\"audio-401538-3\" preload=\"none\" style=\"width: 100%;\" controls=\"controls\"><source type=\"audio\/mpeg\" src=\"https:\/\/www.radiopiu.net\/wordpress\/wp-content\/uploads\/2024\/07\/GIORNALEDELLESEI-23.mp3?_=3\" \/><a href=\"https:\/\/www.radiopiu.net\/wordpress\/wp-content\/uploads\/2024\/07\/GIORNALEDELLESEI-23.mp3\">https:\/\/www.radiopiu.net\/wordpress\/wp-content\/uploads\/2024\/07\/GIORNALEDELLESEI-23.mp3<\/a><\/audio>\n<p>&nbsp;<\/p>\n<p>&nbsp;<\/p>\n<hr \/>\n<p>&nbsp;<\/p>\n<h1 style=\"text-align: center;\"><span style=\"color: #ff0000;\">I podcast informativi del mattino &#8211; audio &#8211;\u00a0<\/span><\/h1>\n<p><strong><a class=\"dt-pswp-item\" href=\"https:\/\/www.radiopiu.net\/wordpress\/wp-content\/uploads\/2023\/12\/images.png\" data-dt-img-description=\"\" data-large_image_width=\"316\" data-large_image_height=\"160\"><img loading=\"lazy\" decoding=\"async\" class=\"wp-image-367008 alignleft\" src=\"https:\/\/www.radiopiu.net\/wordpress\/wp-content\/uploads\/2023\/12\/images-300x152.png\" alt=\"\" width=\"235\" height=\"119\" srcset=\"https:\/\/www.radiopiu.net\/wordpress\/wp-content\/uploads\/2023\/12\/images-300x152.png 300w, https:\/\/www.radiopiu.net\/wordpress\/wp-content\/uploads\/2023\/12\/images.png 316w\" sizes=\"auto, (max-width: 235px) 100vw, 235px\" \/><\/a>OGNI GIORNO ALLE SETTE DEL MATTINO, LA RASSEGNA STAMPA LOCALE FLASH&#8230; PER CHI VA IN FRETTA. I TITOLI DAI GIORNALI E DAL SITO WWW.RADIOPIU.NET <span style=\"color: #0000ff;\">viene pubblicato alle 7.00<\/span> <span style=\"color: #ff0000;\">DIRETTA RADIO\u00a0<\/span><\/strong><\/p>\n<p><em><span style=\"color: #ff0000;\">per chi va in fretta&#8230; tante notizie in pochi minuti. L&#8217;informazione locale alla radio, ogni ora dalle 7 del mattino alle 19 della sera.\u00a0\u00a0<\/span><\/em><\/p>\n<p><strong>CENCENIGHE<\/strong> William Fa\u00e8, morto a 51 anni, lascia un grande vuoto a San Tomaso e Cencenighe, dove ha servito come sindaco e tecnico. Un uomo apprezzato per il suo impegno comunitario e spirito di servizio, Fa\u00e8 \u00e8 ricordato da molti per la sua umilt\u00e0 e gentilezza. Al funerale, la piccola chiesa non riusciva a contenere tutti coloro che volevano rendergli omaggio. \u00abPerch\u00e9 proprio a William, perch\u00e9 proprio a noi?\u00bb: queste le domande dei genitori<br \/>\n<strong>AGORDO<\/strong> Solo pochi giorni, martedi, fa avevamo rinnovato a Berto il nostro augurio di Buon Compleanno, oggi purtroppo la notizia della sua morte. Alberto Tormen aveva compiuto 82 anni, i funerali si terranno OGGI alle 14.30 ad Agordo. La famiglia ha porto un sentito ringraziamento a Sonia, Filippo e tutto il personale medico e infermieristico del reparto medicina dell\u2019ospedale di Agordo.<br \/>\n<strong>MILANO_VENEZIA_BELLUNO<\/strong> Luca Scat\u00e0, agente della Polizia di Stato, \u00e8 morto dopo una lunga malattia. Nel 2016 ferm\u00f2 il terrorista Anis Amri a Sesto San Giovanni, ricevendo la medaglia d\u2019oro al Valor Civile. Scat\u00e0 era anche parte del Settimo Reggimento Alpini Belluno. La notizia della sua scomparsa a soli 35 anni \u00e8 stata data dal sindaco di Sesto San Giovanni. Il presidente del Veneto, Luca Zaia, ha espresso il suo cordoglio per la perdita di un uomo coraggioso e dedicato al servizio del Paese.<br \/>\n<strong>BELLUNO<\/strong> La lapide dedicata al partigiano Corrado Costa \u201cJoe\u201d \u00e8 al sicuro dopo la rimozione per il restauro dell\u2019ex caserma Tasso. Il Demanio assicura che sar\u00e0 ricollocata, pulita e restaurata, al termine dei lavori, garantendo che sia mantenuta in ottime condizioni. La rimozione \u00e8 stata necessaria per preservarne l\u2019integrit\u00e0 durante le opere di consolidamento del muro. Anche la targa di Via Attilio Tissi sar\u00e0 riposizionata. I partigiani possono quindi rassicurarsi.<\/p>\n<h1>AUDIO dalle 7 del mattino<\/h1>\n<audio class=\"wp-audio-shortcode\" id=\"audio-401538-4\" preload=\"none\" style=\"width: 100%;\" controls=\"controls\"><source type=\"audio\/mpeg\" src=\"https:\/\/www.radiopiu.net\/wordpress\/wp-content\/uploads\/2024\/07\/GF07-21.mp3?_=4\" \/><a href=\"https:\/\/www.radiopiu.net\/wordpress\/wp-content\/uploads\/2024\/07\/GF07-21.mp3\">https:\/\/www.radiopiu.net\/wordpress\/wp-content\/uploads\/2024\/07\/GF07-21.mp3<\/a><\/audio>\n<p>&nbsp;<\/p>\n<hr \/>\n<p>&nbsp;<\/p>\n<h1><\/h1>\n<h1 style=\"text-align: center;\"><span style=\"color: #ff0000;\"><a class=\"dt-pswp-item\" href=\"https:\/\/www.radiopiu.net\/wordpress\/wp-content\/uploads\/2022\/01\/026c3f9d-dae9-4040-a3c1-a6530231bcc3.jpg\" data-dt-img-description=\"\" data-large_image_width=\"1152\" data-large_image_height=\"2048\"><img loading=\"lazy\" decoding=\"async\" class=\"wp-image-251839 alignleft\" src=\"https:\/\/www.radiopiu.net\/wordpress\/wp-content\/uploads\/2022\/01\/026c3f9d-dae9-4040-a3c1-a6530231bcc3-169x300.jpg\" alt=\"\" width=\"100\" height=\"177\" srcset=\"https:\/\/www.radiopiu.net\/wordpress\/wp-content\/uploads\/2022\/01\/026c3f9d-dae9-4040-a3c1-a6530231bcc3-169x300.jpg 169w, https:\/\/www.radiopiu.net\/wordpress\/wp-content\/uploads\/2022\/01\/026c3f9d-dae9-4040-a3c1-a6530231bcc3-576x1024.jpg 576w, https:\/\/www.radiopiu.net\/wordpress\/wp-content\/uploads\/2022\/01\/026c3f9d-dae9-4040-a3c1-a6530231bcc3-768x1365.jpg 768w, https:\/\/www.radiopiu.net\/wordpress\/wp-content\/uploads\/2022\/01\/026c3f9d-dae9-4040-a3c1-a6530231bcc3-864x1536.jpg 864w, https:\/\/www.radiopiu.net\/wordpress\/wp-content\/uploads\/2022\/01\/026c3f9d-dae9-4040-a3c1-a6530231bcc3.jpg 1152w\" sizes=\"auto, (max-width: 100px) 100vw, 100px\" \/><\/a>I podcast informativi del mattino &#8211; audio &#8211;\u00a0<\/span><\/h1>\n<blockquote><p><strong>GIORNALE RADIO NAZIONALE, EDIZIONE DELLE SETTE <span style=\"color: #0000ff;\">viene pubblicato alle 7.05 <span style=\"color: #ff0000;\">DIRETTA RADIO\u00a0<\/span><\/span><\/strong><\/p><\/blockquote>\n<p><strong>il giornale radionazionale e&#8217; in onda ogni ora, dalle sette del mattino alle venti della sera\u00a0 \u00a0<\/strong><strong>\u00a0<\/strong><\/p>\n<p>&nbsp;<\/p>\n<p><strong>Bova Marina<\/strong> Sequestrato un villaggio turistico, le casette costruite da 40 anni <strong>Roma<\/strong> manifesti anti-partigiani contro iniziativa dell&#8217;Anpi\u00a0 <strong>Napoli<\/strong> Carlo Taormina indagato, &#8216;annuncio querele e denunce&#8217; <strong>Napoli<\/strong> Le fiaccole a Scampia, il dolore e un minuto di silenzio <strong>Torino<\/strong> Azioni No Tav contro i cantieri, 55 denunce<br \/>\n<strong>Milano<\/strong> Accoltellato gravemente a Monza da tre &#8216;Latin King&#8217;, arrestati <strong>Incendi boschivi<\/strong>, 23.272 interventi dei Vigili del fuoco dal 15 giugno<\/p>\n<h2>AUDIO dalle sette del mattino, ogni ora alla radio<\/h2>\n<audio class=\"wp-audio-shortcode\" id=\"audio-401538-5\" preload=\"none\" style=\"width: 100%;\" controls=\"controls\"><source type=\"audio\/mpeg\" src=\"https:\/\/www.radiopiu.net\/wordpress\/wp-content\/uploads\/2024\/07\/giornale07-23.mp3?_=5\" \/><a href=\"https:\/\/www.radiopiu.net\/wordpress\/wp-content\/uploads\/2024\/07\/giornale07-23.mp3\">https:\/\/www.radiopiu.net\/wordpress\/wp-content\/uploads\/2024\/07\/giornale07-23.mp3<\/a><\/audio>\n<p>&nbsp;<\/p>\n<p>&nbsp;<\/p>\n<hr \/>\n<p>&nbsp;<\/p>\n<p>&nbsp;<\/p>\n<h1><span style=\"color: #ff0000;\">I podcast informativi del mattino &#8211; video &#8211;\u00a0<\/span><\/h1>\n<h2><strong><a class=\"dt-pswp-item\" href=\"https:\/\/www.radiopiu.net\/wordpress\/wp-content\/uploads\/2023\/12\/th-10.jpg\" data-dt-img-description=\"\" data-large_image_width=\"245\" data-large_image_height=\"180\"><img loading=\"lazy\" decoding=\"async\" class=\" wp-image-367395 alignleft\" src=\"https:\/\/www.radiopiu.net\/wordpress\/wp-content\/uploads\/2023\/12\/th-10.jpg\" alt=\"\" width=\"166\" height=\"122\" \/><\/a>RASSEGNA STAMPA LOCALE, ORE OTTO 05<\/strong><\/h2>\n<h2><strong> <span style=\"color: #0000ff;\">viene\u00a0 <\/span><\/strong><strong><span style=\"color: #0000ff;\">pubblicata alle 8.05 <span style=\"color: #ff0000;\">DIRETTA RADIO\u00a0\u00a0<\/span><\/span><\/strong><\/h2>\n<p><strong>DI MIRKO MEZZACASA\u00a0 \u00a0<\/strong><button class=\"rounded-lg text-token-text-secondary hover:bg-token-main-surface-secondary\"><\/button><\/p>\n<p><strong>OGGI SUL Corriere delle Alpi E NOTIZIARI DI Radio Pi\u00f9<\/strong><\/p>\n<p><strong>CASTOI_BELLUNO <\/strong>A Castoi, un uomo di 45 anni, R.T., \u00e8 caduto dalle scale e ha perso i sensi dopo aver battuto la testa. La sua gamba compromessa da un incidente del 2006 ha ceduto mentre scendeva le scale verso la cucina, facendolo cadere. Portato all\u2019ospedale San Martino di Belluno, \u00e8 stato sottoposto a esami che hanno evidenziato fratture multiple. Fortunatamente, \u00e8 fuori pericolo e dimesso la sera stessa, dimostrando nuovamente grande resilienza.<br \/>\n<strong>CORTINA<\/strong> Durante un\u2019operazione della Guardia Costiera di Venezia a Cortina d\u2019Ampezzo, sono stati sequestrati 1.400 chilogrammi di prodotti ittici e alimentari in alcuni ristoranti, per proteggere la filiera della pesca e tutelare il consumatore. L\u2019operazione, in collaborazione con il Servizio veterinario dell\u2019Ulss n. 1 Dolomiti, \u00e8 stata coordinata dal Ministero dell\u2019Agricoltura. Sono stati sequestrati branzini, ricciole, seppie, calamari, gamberi rossi, polpo, salmone e altri alimenti non tracciati o non conformi alle normative di etichettatura e scadenza. Sono state elevate otto sanzioni amministrative per un totale di 22.000 euro.<br \/>\n<strong>RAFFICA DI INTERVENTI DEL SOCCORSO ALPINO TRA CORTINA ED AURONZO<\/strong><br \/>\n<strong>CORTINA\u00a0<\/strong> A Cortina un\u2019escursionista di 57 anni di Roma \u00e8 stata recuperata dal Soccorso alpino in localit\u00e0 Bai de Dones, dopo essersi fatta male a una spalla a causa di una caduta.<br \/>\n<strong>CORTINA<\/strong> L\u2019elicottero del Suem di Pieve di Cadore \u00e8 invece stato inviato al Rifugio Vandelli, dove una diciassettenne inglese aveva accusato un dolore addominale.<br \/>\n<strong>CORTINA<\/strong> Falco \u00e8 poi volato sotto il Ciadin del Laudo, a seguito della segnalazione di una coppia di escursionisti stranieri che aveva visto uno zaino tra le rocce. A seguito del sopralluogo \u00e8 stato appurato che era vuoto e non c\u2019erano persone in difficolt\u00e0 nelle vicinanze.<\/p>\n<h2><span style=\"color: #ff0000;\"><strong>VIDEO\u00a0 \u00a0in diretta dalle 8 del mattino\u00a0<\/strong><\/span><\/h2>\n<p>&nbsp;<\/p>\n<p><iframe loading=\"lazy\" title=\"DAL 1983 LA RASSEGNA STAMPA LOCALE di mirko mezzacasa. L&#039;ORIGINALE\" width=\"1200\" height=\"675\" src=\"https:\/\/www.youtube.com\/embed\/YaA_1Efml3U?feature=oembed\" frameborder=\"0\" allow=\"accelerometer; autoplay; clipboard-write; encrypted-media; gyroscope; picture-in-picture; web-share\" referrerpolicy=\"strict-origin-when-cross-origin\" allowfullscreen><\/iframe><\/p>\n<p>&nbsp;<\/p>\n<p>&nbsp;<\/p>\n<hr \/>\n<p>&nbsp;<\/p>\n<div class=\"page-title-head hgroup\">\n<blockquote>\n<h2 class=\"entry-title\">CIAO WILLIAM UOMO SERENO, UMILE E GARBATO &#8220;A TE IL NOSTRO GRAZIE&#8221;<\/h2>\n<\/blockquote>\n<p><strong>DI GIANNI SANTOMASO<\/strong><\/p>\n<\/div>\n<div class=\"page-title-breadcrumbs\">\n<audio class=\"wp-audio-shortcode\" id=\"audio-401538-6\" preload=\"none\" style=\"width: 100%;\" controls=\"controls\"><source type=\"audio\/mpeg\" src=\"https:\/\/www.radiopiu.net\/wordpress\/wp-content\/uploads\/2024\/07\/WILLIAM-GIANNI.mp3?_=6\" \/><a href=\"https:\/\/www.radiopiu.net\/wordpress\/wp-content\/uploads\/2024\/07\/WILLIAM-GIANNI.mp3\">https:\/\/www.radiopiu.net\/wordpress\/wp-content\/uploads\/2024\/07\/WILLIAM-GIANNI.mp3<\/a><\/audio>\n<p><img loading=\"lazy\" decoding=\"async\" class=\"alignleft\" src=\"https:\/\/www.radiopiu.net\/wordpress\/wp-content\/uploads\/2024\/07\/Senza-nome-111.png\" width=\"268\" height=\"153\" \/><strong>CENCENIGHE<\/strong><\/p>\n<div class=\"group\/conversation-turn relative flex w-full min-w-0 flex-col agent-turn\">\n<div class=\"flex-col gap-1 md:gap-3\">\n<div class=\"flex flex-grow flex-col max-w-full\">\n<div class=\"min-h-[20px] text-message flex w-full flex-col items-end gap-2 whitespace-pre-wrap break-words [.text-message+&amp;]:mt-5 overflow-x-auto\" dir=\"auto\" data-message-author-role=\"assistant\" data-message-id=\"b80bea3a-463b-426e-b36c-e520e74f0f6d\">\n<div class=\"flex w-full flex-col gap-1 empty:hidden first:pt-[3px]\">\n<div class=\"markdown prose w-full break-words dark:prose-invert dark\">\n<h3><\/h3>\n<p>William Fa\u00e8, morto a 51 anni, lascia un grande vuoto a San Tomaso e Cencenighe, dove ha servito come sindaco e tecnico. Un uomo apprezzato per il suo impegno comunitario e spirito di servizio, Fa\u00e8 \u00e8 ricordato da molti per la sua umilt\u00e0 e gentilezza. Al funerale, la piccola chiesa non riusciva a contenere tutti coloro che volevano rendergli omaggio. <strong>\u00abPerch\u00e9 proprio a William, perch\u00e9 proprio a noi?\u00bb<\/strong>: queste le domande dei genitori<\/p>\n<\/div>\n<\/div>\n<\/div>\n<\/div>\n<\/div>\n<\/div>\n<\/div>\n<p><strong>foto, CORRIERE ALPI\u00a0<\/strong><\/p>\n<p>&nbsp;<\/p>\n<p>&nbsp;<\/p>\n<hr \/>\n<p>&nbsp;<\/p>\n<blockquote>\n<h3>IERI\u00a0 A CANALE D&#8217;AGORDO, IN TANTI PER L&#8217;ULTIMO SALUTO A &#8220;OIA&#8221;, EZIO ANDRICH.<\/h3>\n<\/blockquote>\n<h3><em><img decoding=\"async\" class=\"alignleft\" src=\"https:\/\/www.radiopiu.net\/wordpress\/wp-content\/uploads\/2024\/07\/ezio-andrich.png\" \/>IL RICORDO DI ANDREA FIOCCO &#8220;FIGLIO&#8221; DEL MARACANAL\u00a0<\/em><\/h3>\n<div class=\"flex flex-grow flex-col max-w-full\">\n<div class=\"min-h-[20px] text-message flex w-full flex-col items-end gap-2 whitespace-pre-wrap break-words [.text-message+&amp;]:mt-5 overflow-x-auto\" dir=\"auto\" data-message-author-role=\"assistant\" data-message-id=\"e5eccb22-60ea-4d21-89a2-f92af3284b2a\">\n<div class=\"flex w-full flex-col gap-1 empty:hidden first:pt-[3px]\">\n<div class=\"markdown prose w-full break-words dark:prose-invert dark\">\n<h3>Di Ezio ho 2 immagini bellissime<\/h3>\n<p>Quando penso a Ezio, mi vengono subito in mente due immagini che lo rappresentano perfettamente, entrambe legate al suo amore per il calcio e alla sua inconfondibile personalit\u00e0.<\/p>\n<p><strong>La prima immagine<\/strong> \u00e8 quella di Ezio che arbitra sotto la pioggia durante il torneo di calcio a 5 chiamato ironicamente &#8220;Giuda Escariota&#8221;. Ogni anno, nella settimana di Pasqua, ci trovavamo tutti fradici di pioggia, mentre lui, con una calma olimpica, dirigeva la partita con l&#8217;ombrello in una mano e il fischietto nell&#8217;altra. La sua serenit\u00e0 era contagiosa, e nonostante il maltempo, riusciva a trasformare quelle giornate in momenti di puro divertimento per tutti noi.<\/p>\n<p><strong>La seconda immagine<\/strong> ritrae Ezio mentre festeggia con entusiasmo il torneo agordino del 1989. Fu un anno memorabile, poich\u00e9 Ezio guid\u00f2 il Canale alla vittoria come allenatore. Vederlo cos\u00ec contento, con il sorriso stampato sul volto, \u00e8 un ricordo indelebile che riassume la sua dedizione e passione per lo sport.<\/p>\n<h3>Un Uomo dal Cuore Grande<\/h3>\n<p>Ezio era conosciuto affettuosamente come <strong>Oia<\/strong>, un soprannome ereditato dal padre, a sua volta trasmesso dalla nonna Rosalia, una donna forte e rispettata da tutti. Questo soprannome \u00e8 una sorta di testamento della sua eredit\u00e0 familiare e del profondo legame con le sue radici.<\/p>\n<p>Una delle storie pi\u00f9 divertenti e che ben rappresenta il suo spirito coinvolge un episodio in cui Ezio espulse uno dei calciatori pi\u00f9 corretti e rispettabili di Canale. Non ricordo esattamente se l&#8217;espulsione fosse giustificata, ma di sicuro i due avevano discusso animatamente per alcuni minuti. La parte esilarante della vicenda fu quando, mentre lo allontanava dal campo, Ezio non pot\u00e9 fare a meno di aggiungere un bonario rimprovero: <strong>&#8220;maleducato&#8221;<\/strong>. Tutti noi scoppiammo a ridere, sapendo che quelle parole erano il segno del suo affetto paterno verso i calciatori, quasi come fosse il loro &#8220;pap\u00e0&#8221;.<\/p>\n<h3>Il Legame con la Comunit\u00e0<\/h3>\n<p>Ezio non era solo un arbitro o un allenatore, ma un pilastro della comunit\u00e0, una figura amata e rispettata da tutti coloro che lo conoscevano. Con il suo stile unico e il suo carattere gioioso, \u00e8 riuscito a lasciare un segno indelebile nei cuori di tutti.<\/p>\n<p>La sua capacit\u00e0 di unire le persone attraverso il calcio e il suo modo di affrontare la vita con leggerezza e umorismo sono stati una fonte di ispirazione per molti. In un mondo spesso troppo serio e competitivo, Ezio ci ha insegnato che lo sport \u00e8 soprattutto divertimento e condivisione.<\/p>\n<p>In conclusione, <strong>Ezio &#8220;Oia&#8221;<\/strong> non era solo un arbitro sotto la pioggia o un allenatore vittorioso, ma un simbolo di una comunit\u00e0 che lo ricorda con affetto e gratitudine. Le immagini di lui che portiamo nel cuore sono la testimonianza di una vita vissuta con passione, impegno e amore per gli altri.<\/p>\n<\/div>\n<\/div>\n<\/div>\n<\/div>\n<p>&nbsp;<\/p>\n<hr \/>\n<p>&nbsp;<\/p>\n<blockquote>\n<h2>IL MONDO SPORTIVO AGORDINO RICORDA IL &#8220;BERTO&#8221; GENEROSO SOCCORRITORE DEL VAJONT<\/h2>\n<\/blockquote>\n<p><strong><a class=\"dt-pswp-item\" href=\"https:\/\/www.radiopiu.net\/wordpress\/wp-content\/uploads\/2024\/07\/Senza-nome-108.png\" data-dt-img-description=\"\" data-large_image_width=\"299\" data-large_image_height=\"205\"><img loading=\"lazy\" decoding=\"async\" class=\" wp-image-401595 alignleft\" src=\"https:\/\/www.radiopiu.net\/wordpress\/wp-content\/uploads\/2024\/07\/Senza-nome-108.png\" alt=\"\" width=\"195\" height=\"134\" \/><\/a>AGORDO<\/strong> Solo pochi giorni, martedi,\u00a0 fa avevamo rinnovato a Berto il nostro augurio di Buon Compleanno, oggi purtroppo la notizia della sua morte.<\/p>\n<p>Alberto Tormen aveva compiuto 82 anni, i funerali si terranno<strong> OGGI\u00a0 alle 14.30 ad Agordo.<\/strong> La famiglia ha porto un sentito ringraziamento a Sonia, Filippo e tutto il personale medico e infermieristico del reparto medicina dell&#8217;ospedale di Agordo.<\/p>\n<p><strong>di GIANNI SANTOMASO<\/strong><\/p>\n<audio class=\"wp-audio-shortcode\" id=\"audio-401538-7\" preload=\"none\" style=\"width: 100%;\" controls=\"controls\"><source type=\"audio\/mpeg\" src=\"https:\/\/www.radiopiu.net\/wordpress\/wp-content\/uploads\/2024\/07\/ALBERTO-TORMEN-GIANNI.mp3?_=7\" \/><a href=\"https:\/\/www.radiopiu.net\/wordpress\/wp-content\/uploads\/2024\/07\/ALBERTO-TORMEN-GIANNI.mp3\">https:\/\/www.radiopiu.net\/wordpress\/wp-content\/uploads\/2024\/07\/ALBERTO-TORMEN-GIANNI.mp3<\/a><\/audio>\n<p>&nbsp;<\/p>\n<p>&nbsp;<\/p>\n<hr \/>\n<p>&nbsp;<\/p>\n<blockquote>\n<h3><a class=\"dt-pswp-item\" href=\"https:\/\/www.radiopiu.net\/wordpress\/wp-content\/uploads\/2024\/07\/Senza-nome-112.png\" data-dt-img-description=\"\" data-large_image_width=\"225\" data-large_image_height=\"283\"><img loading=\"lazy\" decoding=\"async\" class=\"wp-image-401688 alignleft\" src=\"https:\/\/www.radiopiu.net\/wordpress\/wp-content\/uploads\/2024\/07\/Senza-nome-112.png\" alt=\"\" width=\"103\" height=\"130\" \/><\/a>Addio a Luca Scat\u00e0, eroe del 2016<\/h3>\n<\/blockquote>\n<p><strong>MILANO_VENEZIA_BELLUNO<\/strong> Luca Scat\u00e0, agente della Polizia di Stato, \u00e8 morto dopo una lunga malattia. Nel 2016 ferm\u00f2 il terrorista Anis Amri a Sesto San Giovanni, ricevendo la medaglia d&#8217;oro al Valor Civile. Scat\u00e0 era anche parte del Settimo Reggimento Alpini Belluno. La notizia della sua scomparsa a soli 35 anni \u00e8 stata data dal sindaco di Sesto San Giovanni. Il presidente del Veneto, Luca Zaia, ha espresso il suo cordoglio per la perdita di un uomo coraggioso e dedicato al servizio del Paese.<\/p>\n<p>&nbsp;<\/p>\n<p>&nbsp;<\/p>\n<hr \/>\n<p>&nbsp;<\/p>\n<p>&nbsp;<\/p>\n<blockquote>\n<h3><strong><a class=\"dt-pswp-item\" href=\"https:\/\/www.radiopiu.net\/wordpress\/wp-content\/uploads\/2024\/07\/Senza-nome-107.png\" data-dt-img-description=\"\" data-large_image_width=\"148\" data-large_image_height=\"103\"><img loading=\"lazy\" decoding=\"async\" class=\"size-full wp-image-401546 alignleft\" src=\"https:\/\/www.radiopiu.net\/wordpress\/wp-content\/uploads\/2024\/07\/Senza-nome-107.png\" alt=\"\" width=\"148\" height=\"103\" \/><\/a><\/strong>Risolto il giallo della lapide partigiana scomparsa<\/h3>\n<\/blockquote>\n<p><strong>BELLUNO<\/strong> La lapide dedicata al partigiano Corrado Costa \u201cJoe\u201d \u00e8 al sicuro dopo la rimozione per il restauro dell\u2019ex caserma Tasso. Il Demanio assicura che sar\u00e0 ricollocata, pulita e restaurata, al termine dei lavori, garantendo che sia mantenuta in ottime condizioni. La rimozione \u00e8 stata necessaria per preservarne l\u2019integrit\u00e0 durante le opere di consolidamento del muro. Anche la targa di Via Attilio Tissi sar\u00e0 riposizionata. I partigiani possono quindi rassicurarsi.<\/p>\n<p>&nbsp;<\/p>\n<p>&nbsp;<\/p>\n<hr \/>\n<p>&nbsp;<\/p>\n<blockquote>\n<h3><a class=\"dt-pswp-item\" href=\"https:\/\/www.radiopiu.net\/wordpress\/wp-content\/uploads\/2018\/06\/suem.jpg\" data-dt-img-description=\"\" data-large_image_width=\"1312\" data-large_image_height=\"1045\"><img loading=\"lazy\" decoding=\"async\" class=\"wp-image-51048 alignleft\" src=\"https:\/\/www.radiopiu.net\/wordpress\/wp-content\/uploads\/2018\/06\/suem-300x239.jpg\" alt=\"\" width=\"126\" height=\"100\" srcset=\"https:\/\/www.radiopiu.net\/wordpress\/wp-content\/uploads\/2018\/06\/suem-300x239.jpg 300w, https:\/\/www.radiopiu.net\/wordpress\/wp-content\/uploads\/2018\/06\/suem-768x612.jpg 768w, https:\/\/www.radiopiu.net\/wordpress\/wp-content\/uploads\/2018\/06\/suem-1024x816.jpg 1024w, https:\/\/www.radiopiu.net\/wordpress\/wp-content\/uploads\/2018\/06\/suem.jpg 1312w\" sizes=\"auto, (max-width: 126px) 100vw, 126px\" \/><\/a>Cade dalle scale, batte la testa e sviene: ora \u00e8 fuori pericolo<\/h3>\n<\/blockquote>\n<p><strong>CASTOI_BELLUNO<\/strong>A Castoi, un uomo di 45 anni, R.T., \u00e8 caduto dalle scale e ha perso i sensi dopo aver battuto la testa. La sua gamba compromessa da un incidente del 2006 ha ceduto mentre scendeva le scale verso la cucina, facendolo cadere. Portato all&#8217;ospedale San Martino di Belluno, \u00e8 stato sottoposto a esami che hanno evidenziato fratture multiple. Fortunatamente, \u00e8 fuori pericolo e dimesso la sera stessa, dimostrando nuovamente grande resilienza.<\/p>\n<p>&nbsp;<\/p>\n<hr \/>\n<p>&nbsp;<\/p>\n<blockquote>\n<h3>VOLA IN PARETE, RECUPERO IMPEGNATIVO SULLA CRODA DA LAGO<\/h3>\n<\/blockquote>\n<p><img loading=\"lazy\" decoding=\"async\" class=\"alignleft\" src=\"https:\/\/www.radiopiu.net\/wordpress\/wp-content\/uploads\/2024\/07\/Watermark_20240726_090028_121.jpg\" width=\"176\" height=\"235\" \/><\/p>\n<p>&nbsp;<\/p>\n<p><b>LIVINALLONGO <\/b>Giovedi sera \u00a0l&#8217;elicottero del Suem di Pieve di Cadore \u00e8 intervenuto all&#8217;altezza del terzo tiro della Via della vipera, sulla Croda da Lago, dove, prima di cordata, un&#8217;alpinista era volata per una quindicina di metri, riportando un pesante trauma alla caviglia e altre\u00a0 contusioni. La ragazza, una 27enne di Cortina d&#8217;Ampezzo \u00e8 stata trattenuta dal compagno pi\u00f9 sotto nella caduta dopo aver sbattuto\u00a0 violentemente sulla parete. Arrivati sulla verticale.\u00a0 L&#8217;infortunata \u00e8 stata trasportata all&#8217;ospedale di Belluno e il compagno recupero con vericcello di 60 metri.<\/p>\n<p>&nbsp;<\/p>\n<p>&nbsp;<\/p>\n<blockquote>\n<h3>CORDATA IN DIFFICOLT\u00c0 SULLA TOFANA DI ROZES<\/h3>\n<\/blockquote>\n<p><img loading=\"lazy\" decoding=\"async\" class=\"alignright\" src=\"https:\/\/www.radiopiu.net\/wordpress\/wp-content\/uploads\/2024\/07\/Watermark_20240726_092242_659.jpg\" width=\"178\" height=\"238\" \/><\/p>\n<p><strong>CORTINA<\/strong> Giovedi\u00a0 sera, il Soccorso Alpino di Cortina \u00e8 intervenuto per assistere due alpinisti torinesi, un uomo di 52 anni e una donna di 34, in difficolt\u00e0 sulla Tofana di Rozes.\u00a0 Rimasti bloccati su una cengia esposta, sono stati raggiunti da sei soccorritori, tra cui quattro del Soccorso Alpino e due della Guardia di Finanza.\u00a0 La squadra ha messo in sicurezza la scalatrice, accompagnandoli al Rifugio Giussani e poi al loro veicolo al Rifugio Dibona. L&#8217;intervento si \u00e8 concluso con successo verso mezzanotte e mezza, senza conseguenze per i due alpinisti.<\/p>\n<div class=\"page-title-head hgroup\">\n<h3 class=\"entry-title\">RECUPERATE ALPINISTE SULLA CIMA GRANDE DI LAVAREDO<\/h3>\n<\/div>\n<p><strong>AURONZO DI CADORE<\/strong> Giovedi sera \u00a0la Centrale del 118 \u00e8 stata allertata da due alpiniste polacche di 39 e 26 anni che, dopo essere uscite dallo Spigolo Dibona sulla Cima Grande di Lavaredo, raggiunta la cengia non erano pi\u00f9 in grado di proseguire, poich\u00e9 avevano iniziato la scalata\u00a0<span dir=\"ltr\">alle 6<\/span>\u00a0ed erano sfinite dalla stanchezza e infreddolite. Una squadra del Soccorso alpino di Auronzo e della Guardia di finanza ha quindi risalito la normale, le ha raggiunte e rifocillate. Dopo averle assicurate, i soccorritori sono quindi rientrati a valle con loro. L\u2019intervento si \u00e8 concluso\u00a0<span dir=\"ltr\">alle 4<\/span>.<\/p>\n<p><strong>LIVINALLONGO CRODA NEGRA<\/strong> Intervento del Suem (elicottero Falco) ieri sera alle 19, soccorsa una ventisettenne romana trasportata la San Martino di Belluno con un politrauma<\/p>\n<p>&nbsp;<\/p>\n<h3>PERSONA COLPITA DA SCARICA DI SASSI NEI PRESSI DEL RIFUGIO TISSI<\/h3>\n<p><strong>TAIBON\u00a0<\/strong>Ieri mattina <span dir=\"ltr\">verso le 9.20<\/span> la Centrale del 118 \u00e8 stata attivata per un 58enne di Taibon Agordino (BL), colpito da un grosso masso, mentre con un&#8217;altra persona si trovava nei pressi dell&#8217;acquedotto del Rifugio Tissi. Scivolato per alcuni metri nel canale, l&#8217;uomo \u00e8 poi riuscito a spostarsi di lato da solo, per mettersi al sicuro dall&#8217;eventuale caduta di sassi. Risaliti alle coordinate del punto, sul posto \u00e8 volato l&#8217;elicottero del Suem di Pieve di Cadore, che ha calato il tecnico di elisoccorso con un verricello per sincerarsi delle condizioni dell&#8217;infortunato. Recuperato, l&#8217;uomo \u00e8 stato preso in carico dal personale medico, che gli ha prestato le prime cure sulla piazzola del Tissi. Caricato a bordo, \u00e8 stato trasportato all&#8217;ospedale di Belluno con un possibile politrauma.<\/p>\n<div dir=\"auto\"><span dir=\"ltr\"><strong>FALCADE <\/strong>Verso le 11.20<\/span> Falco \u00e8 stato inviato a Falcade, sul sentiero che conduce a Malga ai Lach, dove un&#8217;escursionista che stava passeggiando con la famiglia si era sentita poco bene. Issata a bordo, la 59enne di San Martino di Lupari (PD) \u00e8 stata\u00a0 accompagnata a Belluno per gli approfondimenti del caso.<\/div>\n<p>&nbsp;<\/p>\n<h3>FUNGAIOLO INFORTUNATO E DUE ESCURSIONISTE INCRODATE<\/h3>\n<p><strong><a class=\"dt-pswp-item\" href=\"https:\/\/www.radiopiu.net\/wordpress\/wp-content\/uploads\/2018\/08\/soccorsoalpino.jpg\" data-dt-img-description=\"\" data-large_image_width=\"1200\" data-large_image_height=\"1200\"><img loading=\"lazy\" decoding=\"async\" class=\" wp-image-59164 alignleft\" src=\"https:\/\/www.radiopiu.net\/wordpress\/wp-content\/uploads\/2018\/08\/soccorsoalpino-300x300.jpg\" alt=\"\" width=\"147\" height=\"147\" srcset=\"https:\/\/www.radiopiu.net\/wordpress\/wp-content\/uploads\/2018\/08\/soccorsoalpino-300x300.jpg 300w, https:\/\/www.radiopiu.net\/wordpress\/wp-content\/uploads\/2018\/08\/soccorsoalpino-150x150.jpg 150w, https:\/\/www.radiopiu.net\/wordpress\/wp-content\/uploads\/2018\/08\/soccorsoalpino-768x768.jpg 768w, https:\/\/www.radiopiu.net\/wordpress\/wp-content\/uploads\/2018\/08\/soccorsoalpino-1024x1024.jpg 1024w, https:\/\/www.radiopiu.net\/wordpress\/wp-content\/uploads\/2018\/08\/soccorsoalpino.jpg 1200w\" sizes=\"auto, (max-width: 147px) 100vw, 147px\" \/><\/a>VIGO DI CADORE<\/strong> Ieri poco prima di mezzogiorno \u00e8 scattato l&#8217;allarme per un cercatore di funghi di Vodo di Cadore (BL) non rientrato dal luogo consueto di ricerca, dopo essere uscito di casa al mattino. A chiamare la moglie, preoccupata perch\u00e9 non rispondeva al cellulare, che lo geolocalizzava fermo nello stesso punto da tempo. Una squadra del Soccorso alpino di San Vito di Cadore si \u00e8 diretta sul luogo indicato dalle coordinate, ovvero nei boschi tra Vinigo e Venas, finch\u00e9 il 75enne ha risposto ai richiami dei soccorritori. Era scivolato ruzzolando per diverse decine di metri e fermandosi sopra un salto di roccia. Nella caduta, oltre a prendere diversi colpi, aveva perso il cellulare. Raggiunto dai soccorritori dal basso, all&#8217;uomo, che lamentava un dolore alla testa, dove aveva una ferita, alla spalla e al bacino, sono state prestate le prime cure. Caricato in barella, i soccorritori lo hanno calato per un centinaio di metri, per arrivare a un piccolo spiazzo, allargato a sufficienza per permettere un intervento pi\u00f9 agevole di recupero. Falco 2 ha poi sbarcato con il verricello tecnico di elisoccorso ed equipe medica, che hanno preso in consegna l&#8217;infortunato e lo hanno portato all&#8217;ospedale di Belluno.<\/p>\n<p><strong>AURONZO DI CADORE <\/strong>Il Soccorso alpino di Auronzo \u00e8 invece stato attivato per due escursioniste tedesche di 21 e 22 anni che, uscite dal sentiero Bonacossa, erano salite verso il Ciadin alto di Rin Bianco, rimanendo bloccate sopra una paretina verticale. Una squadra della Guardia di finanza le ha quindi raggiunte, imbragate, assicurate e calate fino a tornare sul sentiero, da dove le due ragazze hanno proseguito in autonomia.<\/p>\n<p>&nbsp;<\/p>\n<h3>RAFFICA DI INTERVENTI DEL SOCCORSO ALPINO TRA CORTINA ED AURONZO<\/h3>\n<p><strong>CORTINA<\/strong> A Cortina un&#8217;escursionista di 57 anni di Roma \u00e8 stata recuperata dal Soccorso alpino in localit\u00e0 Bai de Dones, dopo essersi fatta male a una spalla a causa di una caduta.<\/p>\n<p><strong>CORTINA <\/strong>L&#8217;elicottero del Suem di Pieve di Cadore \u00e8 invece stato inviato al Rifugio Vandelli, dove una diciassettenne inglese aveva accusato un dolore addominale.<\/p>\n<p><strong>CORTINA <\/strong>Falco \u00e8 poi volato sotto il Ciadin del Laudo, a seguito della segnalazione di una coppia di escursionisti stranieri che aveva visto uno zaino tra le rocce. A seguito del sopralluogo \u00e8 stato appurato che era vuoto e non c&#8217;erano persone in difficolt\u00e0 nelle vicinanze.<\/p>\n<p><strong>AURONZO DI CADORE <\/strong>Falco 2 \u00e8 intervenuto ad Auronzo di Cadore. Atterrati in un prato, equipe sanitaria e tecnico di elisoccorso sono stati trasportati in jeep dai soccorritori fino al Rifugio Monte Agudo, poich\u00e9 un escursionista di 59 anni di Trieste aveva avuto un malore e cadendo a terra aveva sbattuto il volto. Medicato e valutate le sue condizioni, l&#8217;uomo \u00e8 stato trasportato all&#8217;elicottero, imbarcato e accompagnato all&#8217;ospedale di Pieve di Cadore.<\/p>\n<p>&nbsp;<\/p>\n<p>&nbsp;<\/p>\n<hr \/>\n<p>&nbsp;<\/p>\n<blockquote>\n<h3>SEQUESTRATI 1.400 KG DI PRODOTTI ITTICI NON CONFORMI NEI RISTORANTI DI CORTINA D&#8217;AMPEZZO<\/h3>\n<\/blockquote>\n<p><strong><a class=\"dt-pswp-item\" href=\"https:\/\/www.radiopiu.net\/wordpress\/wp-content\/uploads\/2020\/08\/IMG_0333-scaled.jpg\" data-dt-img-description=\"\" data-large_image_width=\"2560\" data-large_image_height=\"1707\"><img loading=\"lazy\" decoding=\"async\" class=\" wp-image-158132 alignleft\" src=\"https:\/\/www.radiopiu.net\/wordpress\/wp-content\/uploads\/2020\/08\/IMG_0333-300x200.jpg\" alt=\"\" width=\"186\" height=\"124\" srcset=\"https:\/\/www.radiopiu.net\/wordpress\/wp-content\/uploads\/2020\/08\/IMG_0333-300x200.jpg 300w, https:\/\/www.radiopiu.net\/wordpress\/wp-content\/uploads\/2020\/08\/IMG_0333-1024x683.jpg 1024w, https:\/\/www.radiopiu.net\/wordpress\/wp-content\/uploads\/2020\/08\/IMG_0333-768x512.jpg 768w, https:\/\/www.radiopiu.net\/wordpress\/wp-content\/uploads\/2020\/08\/IMG_0333-1536x1024.jpg 1536w, https:\/\/www.radiopiu.net\/wordpress\/wp-content\/uploads\/2020\/08\/IMG_0333-2048x1366.jpg 2048w, https:\/\/www.radiopiu.net\/wordpress\/wp-content\/uploads\/2020\/08\/IMG_0333-640x427.jpg 640w\" sizes=\"auto, (max-width: 186px) 100vw, 186px\" \/><\/a>CORTINA<\/strong> Durante un&#8217;operazione della Guardia Costiera di Venezia a Cortina d&#8217;Ampezzo, sono stati sequestrati 1.400 chilogrammi di prodotti ittici e alimentari in alcuni ristoranti, per proteggere la filiera della pesca e tutelare il consumatore. L&#8217;operazione, in collaborazione con il Servizio veterinario dell&#8217;Ulss n. 1 Dolomiti, \u00e8 stata coordinata dal Ministero dell&#8217;Agricoltura. Sono stati sequestrati branzini, ricciole, seppie, calamari, gamberi rossi, polpo, salmone e altri alimenti non tracciati o non conformi alle normative di etichettatura e scadenza. Sono state elevate otto sanzioni amministrative per un totale di 22.000 euro.<\/p>\n<p>&nbsp;<\/p>\n<h3 class=\"_title post-title entry-title\"><a class=\"dt-pswp-item\" href=\"https:\/\/www.radiopiu.net\/wordpress\/wp-content\/uploads\/2023\/12\/ANTENNA.png\" data-dt-img-description=\"\" data-large_image_width=\"300\" data-large_image_height=\"166\"><img loading=\"lazy\" decoding=\"async\" class=\"wp-image-366306 alignleft\" src=\"https:\/\/www.radiopiu.net\/wordpress\/wp-content\/uploads\/2023\/12\/ANTENNA.png\" alt=\"\" width=\"150\" height=\"83\" \/><\/a>CORTINA D\u2019AMPEZZO | BLITZ A CORTINA, SEQUESTRATA UNA TONNELLATA E MEZZO DI PESCE SCADUTO<\/h3>\n<p>(Servizio di\u00a0<a href=\"https:\/\/antennatre.medianordest.it\/redazione\/Stefano-Bozzi\/\">Stefano Bozzi<\/a>)<\/p>\n<p><iframe loading=\"lazy\" title=\"BLITZ A CORTINA, SEQUESTRATA UNA TONNELLATA E MEZZO DI PESCE SCADUTO | 26\/07\/2024\" width=\"1200\" height=\"675\" src=\"https:\/\/www.youtube.com\/embed\/ovOh1_0XGIE?feature=oembed\" frameborder=\"0\" allow=\"accelerometer; autoplay; clipboard-write; encrypted-media; gyroscope; picture-in-picture; web-share\" referrerpolicy=\"strict-origin-when-cross-origin\" allowfullscreen><\/iframe><\/p>\n<p>&nbsp;<\/p>\n<hr \/>\n<p>&nbsp;<\/p>\n<blockquote>\n<h3>MONETIZZAZIONE EXTRACANONI IDRICI, LA PROVINCIA PREPARA UN ODG DI SUPPORTO ALL\u2019AZIONE DELLA REGIONE<\/h3>\n<\/blockquote>\n<p><strong><a class=\"dt-pswp-item\" href=\"https:\/\/www.radiopiu.net\/wordpress\/wp-content\/uploads\/2023\/04\/PADRIN.jpeg\" data-dt-img-description=\"\" data-large_image_width=\"1110\" data-large_image_height=\"648\"><img loading=\"lazy\" decoding=\"async\" class=\" wp-image-330720 alignleft\" src=\"https:\/\/www.radiopiu.net\/wordpress\/wp-content\/uploads\/2023\/04\/PADRIN-300x175.jpeg\" alt=\"\" width=\"197\" height=\"115\" srcset=\"https:\/\/www.radiopiu.net\/wordpress\/wp-content\/uploads\/2023\/04\/PADRIN-300x175.jpeg 300w, https:\/\/www.radiopiu.net\/wordpress\/wp-content\/uploads\/2023\/04\/PADRIN-1024x598.jpeg 1024w, https:\/\/www.radiopiu.net\/wordpress\/wp-content\/uploads\/2023\/04\/PADRIN-768x448.jpeg 768w, https:\/\/www.radiopiu.net\/wordpress\/wp-content\/uploads\/2023\/04\/PADRIN.jpeg 1110w\" sizes=\"auto, (max-width: 197px) 100vw, 197px\" \/><\/a>BELLUNO<\/strong> Il presidente della Provincia di Belluno, Roberto Padrin, insiste sull&#8217;importanza di sbloccare le risorse derivanti dalla monetizzazione degli &#8220;extracanoni&#8221; idrici, fondamentali per il territorio. Questi extracanoni, previsti dalla legge regionale 27\/2020, dovrebbero portare circa 18 milioni di euro al Bellunese, ma finora non sono stati versati a causa delle resistenze legali dei grandi produttori idroelettrici. La Provincia prepara un ordine del giorno per richiamare i produttori ai loro doveri e sollecita gli enti superiori a sbloccare la situazione. Sebbene non possa partecipare alla battaglia giuridica, la Provincia \u00e8 pronta a fare tutto il possibile per difendere i diritti del territorio e rispondere alle richieste dei sindaci e del settore sociale.<\/p>\n<p>&nbsp;<\/p>\n<p>&nbsp;<\/p>\n<hr \/>\n<p>&nbsp;<\/p>\n<blockquote>\n<h3>SALTA IL CAMPEGGIO INTERNAZIONALE 2024 E LA PRESIDENTE DEL COMITATO DEL GEMELLAGGIO SI DIMETTE<\/h3>\n<\/blockquote>\n<div class=\"flex flex-grow flex-col max-w-full\">\n<div class=\"min-h-[20px] text-message flex w-full flex-col items-end gap-2 whitespace-pre-wrap break-words [.text-message+&amp;]:mt-5 overflow-x-auto\" dir=\"auto\" data-message-author-role=\"assistant\" data-message-id=\"3fcd46ab-ff30-45a5-90ee-d7ac21b21caa\">\n<div class=\"flex w-full flex-col gap-1 empty:hidden first:pt-[3px]\">\n<div class=\"markdown prose w-full break-words dark:prose-invert dark\">\n<p><img loading=\"lazy\" decoding=\"async\" class=\"alignleft\" src=\"https:\/\/www.radiopiu.net\/wordpress\/wp-content\/uploads\/2022\/11\/limana.png\" width=\"253\" height=\"176\" \/><strong>LIMANA <\/strong>Dieci ragazzi di Limana, tra i 12 e i 14 anni, accompagnati da due giovani donne, dovevano partecipare a un campeggio internazionale in Germania, ma il loro volo \u00e8 stato cancellato all&#8217;aeroporto Marco Polo di Venezia. Milena De Zanet (consigliere di minoranza) ha criticato la gestione della crisi da parte dell&#8217;amministrazione comunale, evidenziando che la responsabilit\u00e0 di trovare soluzioni \u00e8 ricaduta interamente sulle giovani accompagnatrici e sulla Presidente del Comitato del Gemellaggio, Valentina Scot, nessun supporto concreto \u00e8 stato offerto dall&#8217;amministrazione. La proposta di un volo alternativo, che richiedeva un costo aggiuntivo di 150\u20ac per famiglia, \u00e8 stata respinta dai genitori e\u00a0 Scot ha rassegnato le dimissioni dopo dieci anni di servizio. Il gruppo consigliare Oltre Limana chiede chiarimenti all&#8217;amministrazione<\/p>\n<\/div>\n<\/div>\n<\/div>\n<\/div>\n<p>&nbsp;<\/p>\n<p>&nbsp;<\/p>\n<hr \/>\n<blockquote>\n<h3><\/h3>\n<h3>NOMINATO IL NUOVO STAFF DIRETTIVO DELL\u2019ISTITUTO SPERTI<\/h3>\n<\/blockquote>\n<p><strong><img loading=\"lazy\" decoding=\"async\" class=\"alignleft\" src=\"https:\/\/www.radiopiu.net\/wordpress\/wp-content\/uploads\/2024\/07\/Kairos_SpertiBelluno_attivita-estive-2024.jpg\" width=\"188\" height=\"141\" \/>BELLUNO<\/strong> Novit\u00e0 per l\u2019Istituto Sperti di Belluno. Nominata come nuova direttrice la psicologa Federica Roccabella, gi\u00e0 referente del Convitto negli ultimi due anni. Contemporaneamente, le \u00e8 stato affiancato un Consiglio di Direzione, formato da Flavio Usai, referente dell\u2019ampliamento dell\u2019offerta formativa e dei rapporti con il territorio, e da Gabriella Fagherazzi, referente del Semi-Convitto.<em> \u201cHo accolto con entusiasmo questo nuovo incarico e, insieme ai miei colleghi, intendiamo offrire un servizio che si metta sempre pi\u00f9 in luce per qualit\u00e0 e professionalit\u00e0, intensificando i rapporti con le realt\u00e0 locali e venendo incontro alle esigenze delle famiglie\u201d<\/em>, ha detto la neo-direttrice Federica Roccabella.<\/p>\n<p>&nbsp;<\/p>\n<hr \/>\n<p>&nbsp;<\/p>\n<blockquote>\n<h2>Completato il Primo Stralcio del Parco di Re Ombro<\/h2>\n<\/blockquote>\n<p><strong>DI MARINA DONA&#8217;<\/strong><\/p>\n<p><strong>ROCCA PIETORE<\/strong> \u00c8 stato completato il primo stralcio del Parco di Re Ombro, un progetto significativo finanziato con 500.000 euro provenienti dal Fondo dei Comuni Confinanti dell&#8217;annualit\u00e0 2016. Questo progetto \u00e8 stato avviato dalla precedente amministrazione e l&#8217;attuale governo locale ha deciso di portarlo avanti con entusiasmo. Il secondo stralcio del progetto, anch&#8217;esso finanziato con altri 500.000 euro dall&#8217;annualit\u00e0 2018 dello stesso fondo, \u00e8 attualmente in fase di progettazione esecutiva e si prevede che l&#8217;appalto venga assegnato a breve. L&#8217;inizio dei lavori \u00e8 previsto per la prossima primavera. La comunit\u00e0 locale e i visitatori apprezzano gi\u00e0 il nuovo spazio verde, che sta diventando un punto di ritrovo importante per tutti.<\/p>\n\n\t\t\t<style type='text\/css'>\n\t\t\t\t#gallery-1 {\n\t\t\t\t\tmargin: auto;\n\t\t\t\t}\n\t\t\t\t#gallery-1 .gallery-item {\n\t\t\t\t\tfloat: left;\n\t\t\t\t\tmargin-top: 10px;\n\t\t\t\t\ttext-align: center;\n\t\t\t\t\twidth: 25%;\n\t\t\t\t}\n\t\t\t\t#gallery-1 img {\n\t\t\t\t\tborder: 2px solid #cfcfcf;\n\t\t\t\t}\n\t\t\t\t#gallery-1 .gallery-caption {\n\t\t\t\t\tmargin-left: 0;\n\t\t\t\t}\n\t\t\t\t\/* see gallery_shortcode() in wp-includes\/media.php *\/\n\t\t\t<\/style>\n\t\t<div id='gallery-1' class='dt-gallery-container gallery galleryid-401538 gallery-columns-4 gallery-size-thumbnail'><dl class='gallery-item'>\n\t\t\t\t<dt class='gallery-icon portrait'>\n\t\t\t\t\t<a class=\"rollover rollover-zoom dt-pswp-item\" title=\"9ee35440-ab16-4504-b513-743db28e016f\" data-dt-img-description=\"\" data-large_image_width=\"1200\" data-large_image_height=\"1600\"href='https:\/\/www.radiopiu.net\/wordpress\/wp-content\/uploads\/2024\/07\/9ee35440-ab16-4504-b513-743db28e016f.jpg'><img loading=\"lazy\" decoding=\"async\" width=\"150\" height=\"150\" src=\"https:\/\/www.radiopiu.net\/wordpress\/wp-content\/uploads\/2024\/07\/9ee35440-ab16-4504-b513-743db28e016f-150x150.jpg\" class=\"attachment-thumbnail size-thumbnail\" alt=\"\" \/><\/a>\n\t\t\t\t<\/dt><\/dl><dl class='gallery-item'>\n\t\t\t\t<dt class='gallery-icon portrait'>\n\t\t\t\t\t<a class=\"rollover rollover-zoom dt-pswp-item\" title=\"d3d2db52-bac6-4448-88b2-0f257006dca4\" data-dt-img-description=\"\" data-large_image_width=\"1200\" data-large_image_height=\"1600\"href='https:\/\/www.radiopiu.net\/wordpress\/wp-content\/uploads\/2024\/07\/d3d2db52-bac6-4448-88b2-0f257006dca4.jpg'><img loading=\"lazy\" decoding=\"async\" width=\"150\" height=\"150\" src=\"https:\/\/www.radiopiu.net\/wordpress\/wp-content\/uploads\/2024\/07\/d3d2db52-bac6-4448-88b2-0f257006dca4-150x150.jpg\" class=\"attachment-thumbnail size-thumbnail\" alt=\"\" \/><\/a>\n\t\t\t\t<\/dt><\/dl><dl class='gallery-item'>\n\t\t\t\t<dt class='gallery-icon landscape'>\n\t\t\t\t\t<a class=\"rollover rollover-zoom dt-pswp-item\" title=\"137d4f15-3c1f-418a-9515-3519ac97e22b\" data-dt-img-description=\"\" data-large_image_width=\"2048\" data-large_image_height=\"1536\"href='https:\/\/www.radiopiu.net\/wordpress\/wp-content\/uploads\/2024\/07\/137d4f15-3c1f-418a-9515-3519ac97e22b.jpg'><img loading=\"lazy\" decoding=\"async\" width=\"150\" height=\"150\" src=\"https:\/\/www.radiopiu.net\/wordpress\/wp-content\/uploads\/2024\/07\/137d4f15-3c1f-418a-9515-3519ac97e22b-150x150.jpg\" class=\"attachment-thumbnail size-thumbnail\" alt=\"\" \/><\/a>\n\t\t\t\t<\/dt><\/dl><dl class='gallery-item'>\n\t\t\t\t<dt class='gallery-icon landscape'>\n\t\t\t\t\t<a class=\"rollover rollover-zoom dt-pswp-item\" title=\"76045f3a-7cd4-4a65-ad7a-535ae75b675b\" data-dt-img-description=\"\" data-large_image_width=\"2048\" data-large_image_height=\"1536\"href='https:\/\/www.radiopiu.net\/wordpress\/wp-content\/uploads\/2024\/07\/76045f3a-7cd4-4a65-ad7a-535ae75b675b.jpg'><img loading=\"lazy\" decoding=\"async\" width=\"150\" height=\"150\" src=\"https:\/\/www.radiopiu.net\/wordpress\/wp-content\/uploads\/2024\/07\/76045f3a-7cd4-4a65-ad7a-535ae75b675b-150x150.jpg\" class=\"attachment-thumbnail size-thumbnail\" alt=\"\" \/><\/a>\n\t\t\t\t<\/dt><\/dl><br style=\"clear: both\" \/>\n\t\t\t<\/div>\n\n<hr \/>\n<p>&nbsp;<\/p>\n<blockquote>\n<h2>MERCOLED\u00cc 31 LUGLIO ALLE ORE 12 IL PRESIDENTE ZAIA INAUGURA LA RIAPERTURA DEI SERRAI DI SOTTOGUDA<\/h2>\n<p><strong><a class=\"dt-pswp-item\" href=\"https:\/\/www.radiopiu.net\/wordpress\/wp-content\/uploads\/2022\/12\/Chiesetta-dei-Serrai-di-Sottoguda.jpg\" data-dt-img-description=\"CHIESETTA SERRAI DI SOTTOGUDA\" data-large_image_width=\"1600\" data-large_image_height=\"1200\"><img loading=\"lazy\" decoding=\"async\" class=\"size-medium wp-image-309478 alignleft\" src=\"https:\/\/www.radiopiu.net\/wordpress\/wp-content\/uploads\/2022\/12\/Chiesetta-dei-Serrai-di-Sottoguda-300x225.jpg\" alt=\"\" width=\"300\" height=\"225\" srcset=\"https:\/\/www.radiopiu.net\/wordpress\/wp-content\/uploads\/2022\/12\/Chiesetta-dei-Serrai-di-Sottoguda-300x225.jpg 300w, https:\/\/www.radiopiu.net\/wordpress\/wp-content\/uploads\/2022\/12\/Chiesetta-dei-Serrai-di-Sottoguda-1024x768.jpg 1024w, https:\/\/www.radiopiu.net\/wordpress\/wp-content\/uploads\/2022\/12\/Chiesetta-dei-Serrai-di-Sottoguda-768x576.jpg 768w, https:\/\/www.radiopiu.net\/wordpress\/wp-content\/uploads\/2022\/12\/Chiesetta-dei-Serrai-di-Sottoguda-1536x1152.jpg 1536w, https:\/\/www.radiopiu.net\/wordpress\/wp-content\/uploads\/2022\/12\/Chiesetta-dei-Serrai-di-Sottoguda.jpg 1600w\" sizes=\"auto, (max-width: 300px) 100vw, 300px\" \/><\/a>ROCCA PIETORE<\/strong> Mercoled\u00ec 31 luglio 2024 alle 12 il Presidente della Regione Luca Zaia presieder\u00e0 la cerimonia di riapertura dei Serrai di Sottoguda. <strong>L\u2019appuntamento<\/strong>, al quale sar\u00e0 presente anche l\u2019Assessore regionale all\u2019ambiente Gianpaolo Bottacin, <strong>\u00e8 previsto alle ore 12 in localit\u00e0 Sottoguda a Rocca Pietore .<\/strong><\/p>\n<p>Si tratta di uno dei luoghi pi\u00f9 emblematici del paesaggio dolomitico, costituiti da una profonda forra, lunga poco pi\u00f9 di 2 km e larga da 5 a 20 metri, scavata nella roccia calcarea dall\u2019erosione dei ghiacciai e dalle acque del torrente Pettorina che scorre in uno scenario imponente tra pareti verticali alte oltre 60 metri. Una bellezza naturale delle nostre Dolomiti che 2018 fu devastata dalla tempesta Vaia, riportando danni enormi. Il percorso naturalistico, grazie ad un imponente lavoro di recupero voluto dalla Regione del Veneto per oltre 11 milioni di euro.<\/p><\/blockquote>\n<p>&nbsp;<\/p>\n<p>&nbsp;<\/p>\n<hr \/>\n<p>&nbsp;<\/p>\n<blockquote>\n<h3>CALANO LE IMPRESE IN PROVINCIA DI BELLUNO E TREVISO<\/h3>\n<\/blockquote>\n<p><strong><a class=\"dt-pswp-item\" href=\"https:\/\/www.radiopiu.net\/wordpress\/wp-content\/uploads\/2024\/06\/CAMERA-COMMERCIO.jpg\" data-dt-img-description=\"\" data-large_image_width=\"1107\" data-large_image_height=\"1107\"><img loading=\"lazy\" decoding=\"async\" class=\" wp-image-394657 alignleft\" src=\"https:\/\/www.radiopiu.net\/wordpress\/wp-content\/uploads\/2024\/06\/CAMERA-COMMERCIO-300x300.jpg\" alt=\"\" width=\"134\" height=\"134\" srcset=\"https:\/\/www.radiopiu.net\/wordpress\/wp-content\/uploads\/2024\/06\/CAMERA-COMMERCIO-300x300.jpg 300w, https:\/\/www.radiopiu.net\/wordpress\/wp-content\/uploads\/2024\/06\/CAMERA-COMMERCIO-1024x1024.jpg 1024w, https:\/\/www.radiopiu.net\/wordpress\/wp-content\/uploads\/2024\/06\/CAMERA-COMMERCIO-150x150.jpg 150w, https:\/\/www.radiopiu.net\/wordpress\/wp-content\/uploads\/2024\/06\/CAMERA-COMMERCIO-768x768.jpg 768w, https:\/\/www.radiopiu.net\/wordpress\/wp-content\/uploads\/2024\/06\/CAMERA-COMMERCIO.jpg 1107w\" sizes=\"auto, (max-width: 134px) 100vw, 134px\" \/><\/a>TREVISO<\/strong> Al 30 giugno 2024, i dati di Infocamere sulla demografia d\u2019impresa mostrano un calo delle sedi d\u2019impresa attive nelle province di Treviso e Belluno rispetto all&#8217;anno precedente, influenzato dalle cancellazioni d\u2019ufficio di oltre 1.600 ditte individuali a Treviso e quasi 180 a Belluno nel 2023, oltre a circa 120 societ\u00e0 cooperative nel secondo trimestre 2024. Questo trend negativo riguarda principalmente i settori delle costruzioni, logistica e manifatturiero a Treviso e commercio e manifatturiero a Belluno. Tuttavia, \u00e8 stato rilevato un aumento delle filiali dipendenti in entrambe le province. Il totale delle imprese attive \u00e8 di 77.996 a Treviso e 13.449 a Belluno. Le imprese artigiane rappresentano il 28,3% a Treviso e il 33,9% a Belluno, con una riduzione complessiva rispetto all&#8217;anno precedente.<\/p>\n<p>&nbsp;<\/p>\n<p>&nbsp;<\/p>\n<hr \/>\n<p>&nbsp;<\/p>\n<h3><strong><a href=\"https:\/\/www.radiopiu.net\/wordpress\/wp-content\/uploads\/2024\/07\/0.webp\"><img loading=\"lazy\" decoding=\"async\" class=\" wp-image-401618 alignleft\" src=\"https:\/\/www.radiopiu.net\/wordpress\/wp-content\/uploads\/2024\/07\/0-300x225.webp\" alt=\"\" width=\"191\" height=\"143\" srcset=\"https:\/\/www.radiopiu.net\/wordpress\/wp-content\/uploads\/2024\/07\/0-300x225.webp 300w, https:\/\/www.radiopiu.net\/wordpress\/wp-content\/uploads\/2024\/07\/0.webp 768w\" sizes=\"auto, (max-width: 191px) 100vw, 191px\" \/><\/a>ALTRI 16 RIFUGI ALPINI \u2018SANI E SICURI\u2019 IN VENETO. LUNED\u00cc AD ALLEGHE (BL) LA CONSEGNA DELLA TARGA ALLA PRESENZA DELL\u2019ASSESSORE LANZARIN<\/strong><\/h3>\n<p><strong>VENEZIA<\/strong> Luned\u00ec alle 11, l\u2019assessore alla Sanit\u00e0 e al Sociale, Manuela Lanzarin, parteciper\u00e0 al secondo incontro per la consegna della targa di \u201cRifugio Sano e Sicuro\u201d a 16 nuovi rifugi alpini. L\u2019iniziativa si svolger\u00e0 presso il Rifugio Chalet Col dei Baldi, Alleghe, \u00e8 \u00a0promossa dall\u2019Ulss1 Dolomiti punta a migliorare la qualit\u00e0 complessiva, la sicurezza sanitaria e la capacit\u00e0 di promuovere la salute dei rifugi, anche in vista degli appuntamenti olimpici che attendono le Dolomiti con l\u2019aumento dei flussi turistici in montagna.<\/p>\n<p>&nbsp;<\/p>\n<p>&nbsp;<\/p>\n<hr \/>\n<p>&nbsp;<\/p>\n<blockquote>\n<h3>SERBATOIO VANOI: LA RIUNIONE DEL CAI<\/h3>\n<\/blockquote>\n<p><strong><a class=\"dt-pswp-item\" href=\"https:\/\/www.radiopiu.net\/wordpress\/wp-content\/uploads\/2022\/04\/278113007_364199092386522_5574385202976528726_n.jpg\" data-dt-img-description=\"\" data-large_image_width=\"554\" data-large_image_height=\"540\"><img loading=\"lazy\" decoding=\"async\" class=\" wp-image-272750 alignleft\" src=\"https:\/\/www.radiopiu.net\/wordpress\/wp-content\/uploads\/2022\/04\/278113007_364199092386522_5574385202976528726_n-300x292.jpg\" alt=\"\" width=\"121\" height=\"118\" srcset=\"https:\/\/www.radiopiu.net\/wordpress\/wp-content\/uploads\/2022\/04\/278113007_364199092386522_5574385202976528726_n-300x292.jpg 300w, https:\/\/www.radiopiu.net\/wordpress\/wp-content\/uploads\/2022\/04\/278113007_364199092386522_5574385202976528726_n.jpg 554w\" sizes=\"auto, (max-width: 121px) 100vw, 121px\" \/><\/a>VENEZIA<\/strong> Nella sede della Sezione CAI di Feltre, si \u00e8 tenuto un incontro promosso dal Presidente GR CAI Veneto, Renato Frigo, per discutere le proposte progettuali del Consorzio di Bonifica Brenta. Hanno partecipato vari rappresentanti del CAI, tra cui il presidente della Sezione di Feltre e altri delegati regionali. Il geologo Alfonso Tollardo ha illustrato i progetti relativi agli invasi idrici, sottolineando l\u2019importanza di un approccio equilibrato tra esigenze della montagna e della pianura. Il CAI Veneto ha espresso preoccupazioni per l&#8217;impatto ambientale degli invasi e ha evidenziato la necessit\u00e0 di una manutenzione mirata dei bacini idrografici. Ha inoltre sottolineato l&#8217;importanza di un uso pi\u00f9 efficiente dell&#8217;acqua, specialmente in agricoltura, e la promozione di sistemi di irrigazione pi\u00f9 sostenibili. Il CAI ritiene fondamentale ascoltare le popolazioni locali attraverso referendum per valutare le ricadute sociali e ambientali delle opere proposte.<\/p>\n<p>&nbsp;<\/p>\n<p>&nbsp;<\/p>\n<hr \/>\n<p>&nbsp;<\/p>\n<blockquote>\n<h3>UN LIBRO BIANCO SUI TEMI DELLA MONTAGNA<\/h3>\n<\/blockquote>\n<p><strong>BELLUNO <\/strong>Il Pelmo d\u2019Oro non \u00e8 solo un premio, ma affronta temi cruciali per la montagna come ambiente, spopolamento, overtourism e economia delle terre alte. Da quest\u2019anno, il premio \u00e8 accompagnato da un \u201clibro bianco\u201d intitolato &#8220;Oltre il Pelmo. Opportunit\u00e0 e sfide per la montagna nel futuro&#8221;, che ogni anno aggiunger\u00e0 un nuovo capitolo su temi rilevanti. Il primo capitolo, curato da tre esperti bellunesi, tratta il cambiamento climatico e i suoi effetti sulle Dolomiti. Il libro sar\u00e0 disponibile online e sar\u00e0 presentato durante la cerimonia di premiazione del Pelmo d\u2019Oro. Durante la cerimonia, vari premi saranno assegnati a individui per meriti sportivi, culturali e sociali legati alla montagna.<\/p>\n<p>&nbsp;<\/p>\n<p>&nbsp;<\/p>\n<hr \/>\n<p>&nbsp;<\/p>\n<blockquote>\n<h3>LA CRITICA DEL MOVIMENTO LOTTIAMO INSIEME AI SINDACATI DI POSTE ITALIANE<\/h3>\n<\/blockquote>\n<p><strong><a class=\"dt-pswp-item\" href=\"https:\/\/www.radiopiu.net\/wordpress\/wp-content\/uploads\/2024\/03\/Ufficio_postale_di_Cadola.jpg\" data-dt-img-description=\"\" data-large_image_width=\"926\" data-large_image_height=\"658\"><img loading=\"lazy\" decoding=\"async\" class=\" wp-image-381521 alignleft\" src=\"https:\/\/www.radiopiu.net\/wordpress\/wp-content\/uploads\/2024\/03\/Ufficio_postale_di_Cadola-300x213.jpg\" alt=\"\" width=\"158\" height=\"112\" srcset=\"https:\/\/www.radiopiu.net\/wordpress\/wp-content\/uploads\/2024\/03\/Ufficio_postale_di_Cadola-300x213.jpg 300w, https:\/\/www.radiopiu.net\/wordpress\/wp-content\/uploads\/2024\/03\/Ufficio_postale_di_Cadola-768x546.jpg 768w, https:\/\/www.radiopiu.net\/wordpress\/wp-content\/uploads\/2024\/03\/Ufficio_postale_di_Cadola.jpg 926w\" sizes=\"auto, (max-width: 158px) 100vw, 158px\" \/><\/a>ROMA<\/strong> Il Movimento Lottiamo Insieme ha criticato duramente le Segreterie nazionali dei sindacati Cisl, Cgil, Uil, Confsal, Failp e Ugl per la loro passivit\u00e0 nei confronti di Poste Italiane. I sindacati sono accusati di tollerare la pratica dell&#8217;azienda di indurre i lavoratori precari a fare straordinari senza compenso, minacciando di non rinnovare i contratti a termine. Questo comportamento ha portato a perdite significative per i lavoratori, fino a 1.500 euro netti ciascuno, e per l&#8217;Erario. Secondo il Movimento, negli ultimi sette anni, pi\u00f9 di 90.000 precari sono stati assunti da Poste Italiane. Lottiamo Insieme denuncia l&#8217;inefficienza dei sindacati nel proteggere i diritti dei lavoratori e richiama l&#8217;attenzione sulla necessit\u00e0 di indagini simili a quelle avviate contro Amazon per evasione fiscale e sfruttamento del lavoro.<\/p>\n<p>&nbsp;<\/p>\n<p>&nbsp;<\/p>\n<hr \/>\n<p>&nbsp;<\/p>\n<h2><span style=\"color: #ff0000;\">CONSIGLI COMUNALI IN AGORDINO<\/span><\/h2>\n<p><strong>COLLE SANTA LUCIA<\/strong> Consiglio comunale convocato dal sindaco Paolo Frena per oggi alle 7.30. All&#8217;ordine del giorno regolamento controlli interni, approvazione programma triennale, aggiornamento dup, variazioni al bilancio e comunicazioni del sindaco<\/p>\n<p><strong>AGORDO<\/strong> Consiglio comunale luned\u00ec alle 19. Saranno due i punti da discutere: una variazione a bilancio e la presentazione al consiglio delle linee programmatiche relative alle azioni e progetti da realizzare<\/p>\n<p><strong>VOLTAGO<\/strong> Il consiglio comunale \u00e8 stato convocato per mercoled\u00ec alle 18. Due i punti da discutere: l&#8217;atto di indirizzo in merito alla richiesta di assegnazione delle piante bostricate ai frazionisti aventi diritto e una variazione a bilancio<\/p>\n<p><strong>TAIBON\u00a0<\/strong>Consiglio comunale mercoled\u00ec alle 18:30. Tra i punti in discussione una variazione a bilancio, il bilancio di previsione 2024\/26, l&#8217;approvazione del DUP e le norme in materia di uso civico con l&#8217;adozione del piano di accertamento e riordino delle terre<\/p>\n<p><strong>SELVA DI CADORE<\/strong> Consiglio comunale mercoled\u00ec alle 18:30. Tra i punti in discussione il documento unico di programmazione, una variazione a bilancio e l&#8217;approvazione del regolamento degli auto servizi pubblici non di linea come taxi e noleggio con conducente.<\/p>\n<p><strong>CANALE D&#8217;AGORDO<\/strong> Consiglio comunale in programma mercoled\u00ec alle 20. Tra gli argomenti in discussione il bilancio di previsione 2024\/26 e il secondo piano degli interventi<\/p>\n<p><strong>CENCENIGHE<\/strong> Consiglio comunale mercoled\u00ec alle 20:30. Tra i punti in discussione una variazione a bilancio, il bilancio di previsione 2024\/26, l&#8217;approvazione del DUP e il regolamento comunale sui controlli interni<\/p>\n<p>&nbsp;<\/p>\n<hr \/>\n<p>&nbsp;<\/p>\n<blockquote>\n<blockquote>\n<h3 class=\"articlePlainSubHead\">Una serata con l&#8217;autrice Alessandra Sebastiani<\/h3>\n<\/blockquote>\n<div class=\"articlePlainText\"><strong>CANALE D&#8217;AGORDO<\/strong>\u00a0 &#8220;L&#8217;estate delle biblioteche&#8221; organizzata dalle Biblioteche della Valle del Bi\u00f3is In sala Emigranti di via Lotta, questa sera alle 20.30 incontro cone le letture di Marco Amr Petracca, tratte dai libri &#8220;Salvanel&#8221; e &#8220;Anime ribelli&#8221; dell&#8217;autrice Alessandra Sebastiani, nell&#8217;occasione dialogher\u00e0 con Chiara Paoli .<\/div>\n<\/blockquote>\n<p>&nbsp;<\/p>\n<hr \/>\n<p>&nbsp;<\/p>\n<blockquote>\n<h3 class=\"flex-shrink-0 flex flex-col relative items-end\">LA POLIZIA DI STATO CERCA 1306 ALLIEVI AGENTI<\/h3>\n<\/blockquote>\n<p><strong>BELLUNO<\/strong> \u00c8 stato pubblicato sul Portale unico del reclutamento e sul sito della Polizia di Stato il bando per l\u2019assunzione di 1306 allievi agenti della Polizia di Stato. Le domande possono essere presentate online dal 24 luglio 2024 al 22 agosto 2024 tramite la procedura disponibile su <a href=\"https:\/\/concorsionline.poliziadistato.it\" target=\"_new\" rel=\"noreferrer noopener\">https:\/\/concorsionline.poliziadistato.it<\/a>, accessibile anche dal Portale unico del reclutamento.<\/p>\n<p>&nbsp;<\/p>\n<p>&nbsp;<\/p>\n<hr \/>\n<p>&nbsp;<\/p>\n<div>\n<blockquote>\n<h2>Presentazione del Libro &#8220;Delitti e castighi<\/h2>\n<\/blockquote>\n<\/div>\n<p><strong>BELLUNO<\/strong> Oggi alle 18, presso la Sala Bianchi di Belluno, si terr\u00e0 la presentazione del libro di Filiberto dal Molin, intitolato &#8220;Delitti e castighi &#8211; Post-verit\u00e0 in medicina, proibizionismo e Pil&#8221; (Byoblu Editore 2024, pag. 393, 23 euro). A dialogare con l&#8217;autore sar\u00e0 Roberto De Nart, giornalista e fondatore di Bellunopress. L&#8217;evento \u00e8 organizzato in collaborazione con l&#8217;Associazione ContiamoCi di Belluno<\/p>\n<p>&nbsp;<\/p>\n<p>&nbsp;<\/p>\n<hr \/>\n<p>&nbsp;<\/p>\n<blockquote>\n<h3>SOSPIROLO TRA LEGGENDE E MISTERI<\/h3>\n<\/blockquote>\n<p><strong><a class=\"dt-pswp-item\" href=\"https:\/\/www.radiopiu.net\/wordpress\/wp-content\/uploads\/2024\/07\/premiati-23-scaled.jpeg\" data-dt-img-description=\"\" data-large_image_width=\"2560\" data-large_image_height=\"1707\"><img loading=\"lazy\" decoding=\"async\" class=\" wp-image-398974 alignleft\" src=\"https:\/\/www.radiopiu.net\/wordpress\/wp-content\/uploads\/2024\/07\/premiati-23-300x200.jpeg\" alt=\"\" width=\"158\" height=\"105\" srcset=\"https:\/\/www.radiopiu.net\/wordpress\/wp-content\/uploads\/2024\/07\/premiati-23-300x200.jpeg 300w, https:\/\/www.radiopiu.net\/wordpress\/wp-content\/uploads\/2024\/07\/premiati-23-1024x683.jpeg 1024w, https:\/\/www.radiopiu.net\/wordpress\/wp-content\/uploads\/2024\/07\/premiati-23-768x512.jpeg 768w, https:\/\/www.radiopiu.net\/wordpress\/wp-content\/uploads\/2024\/07\/premiati-23-1536x1024.jpeg 1536w, https:\/\/www.radiopiu.net\/wordpress\/wp-content\/uploads\/2024\/07\/premiati-23-2048x1365.jpeg 2048w\" sizes=\"auto, (max-width: 158px) 100vw, 158px\" \/><\/a>SOSPIROLO<\/strong> La Pro loco &#8220;Monti del Sole&#8221; e il Comune di Sospirolo indicono la 15esima edizione del concorso letterario \u201cSospirolo tra leggende e misteri\u201d, dedicato allo zodiaco e alla figura di Girolamo Segato. Il concorso, aperto ai nati e\/o residenti nel Triveneto, invita a scrivere racconti brevi inediti sul tema dello zodiaco, comprendendo aspetti astronomici, mitici e antropologici. Due le sezioni: A) per singoli di 6-14 anni o lavori scolastici di gruppo, e B) per partecipanti dai 15 anni. Premi in denaro fino a 500 euro e attestati di partecipazione. I vincitori saranno pubblicati su &#8220;il Veses&#8221;. Scadenza: 19 ottobre. Info su <a href=\"http:\/\/www.sospirolo.net\" target=\"_new\" rel=\"noreferrer noopener\">www.sospirolo.net<\/a>.<\/p>\n<p>&nbsp;<\/p>\n<hr \/>\n<p>&nbsp;<\/p>\n<blockquote>\n<h3>A TEATRO CON LA NAVETTA, PRENOTAZIONI APERTE<\/h3>\n<\/blockquote>\n<p><strong><a class=\"dt-pswp-item\" href=\"https:\/\/www.radiopiu.net\/wordpress\/wp-content\/uploads\/2022\/07\/LE-MUSE.png\" data-dt-img-description=\"\" data-large_image_width=\"750\" data-large_image_height=\"750\"><img loading=\"lazy\" decoding=\"async\" class=\" wp-image-288787 alignleft\" src=\"https:\/\/www.radiopiu.net\/wordpress\/wp-content\/uploads\/2022\/07\/LE-MUSE-300x300.png\" alt=\"\" width=\"113\" height=\"113\" srcset=\"https:\/\/www.radiopiu.net\/wordpress\/wp-content\/uploads\/2022\/07\/LE-MUSE-300x300.png 300w, https:\/\/www.radiopiu.net\/wordpress\/wp-content\/uploads\/2022\/07\/LE-MUSE-150x150.png 150w, https:\/\/www.radiopiu.net\/wordpress\/wp-content\/uploads\/2022\/07\/LE-MUSE.png 750w\" sizes=\"auto, (max-width: 113px) 100vw, 113px\" \/><\/a>REDAZIONE <\/strong>L&#8217;Associazione &#8220;Le Muse e le Dolomiti&#8221;, in collaborazione con i Comuni di Moena e Falcade, Moena Eventi e PromoFalcade, propone il servizio Navetta Teatro! Il 2 agosto si ripeter\u00e0 il servizio navetta per lo spettacolo &#8220;Allegria!&#8221;, uno spettacolo latino-americano con il Trio Galantes e gli studenti della Scuola Interregionale di Canto e Teatro, diretto da Giacomo Gamba. La navetta partir\u00e0 sempre da Piazza Municipio a Falcade alle 19:45. Anche in questo caso, il costo della navetta \u00e8 di \u20ac5 e l&#8217;ingresso allo spettacolo \u00e8 gratuito. Prenotazioni entro le ore 12 del 2 agosto tramite WhatsApp al 340 2305439. Per ulteriori informazioni, visitare <a href=\"http:\/\/www.musedolomiti.it\" target=\"_new\" rel=\"noreferrer noopener\">www.musedolomiti.it<\/a>.<\/p>\n<p>&nbsp;<\/p>\n<p>&nbsp;<\/p>\n<hr \/>\n<p>&nbsp;<\/p>\n<blockquote>\n<h3><a class=\"dt-pswp-item\" href=\"https:\/\/www.radiopiu.net\/wordpress\/wp-content\/uploads\/2024\/07\/Rolling_Around-.jpg\" data-dt-img-description=\"ROLLING AROUND\" data-large_image_width=\"709\" data-large_image_height=\"454\"><img loading=\"lazy\" decoding=\"async\" class=\" wp-image-401125 alignleft\" src=\"https:\/\/www.radiopiu.net\/wordpress\/wp-content\/uploads\/2024\/07\/Rolling_Around--300x192.jpg\" alt=\"\" width=\"247\" height=\"158\" srcset=\"https:\/\/www.radiopiu.net\/wordpress\/wp-content\/uploads\/2024\/07\/Rolling_Around--300x192.jpg 300w, https:\/\/www.radiopiu.net\/wordpress\/wp-content\/uploads\/2024\/07\/Rolling_Around-.jpg 709w\" sizes=\"auto, (max-width: 247px) 100vw, 247px\" \/><\/a>DOMANI LA MUSICA ETNICA NEI GIARDINI DI PALAZZO CROTTA DE MANZONI<\/h3>\n<\/blockquote>\n<p><strong>AGORDO <\/strong>Domani la musica etnica sar\u00e0 protagonista di un ricco pomeriggio nel giardino di Villa de Manzoni,\u00a0 si alterneranno tre formazioni diverse, ciascuna pronta a proporre, a chi voglia ascoltare e a chi desideri provare a muovere qualche passo di danza, il proprio repertorio.<\/p>\n<p>&nbsp;<\/p>\n<p>&nbsp;<\/p>\n<hr \/>\n<blockquote>\n<h3><\/h3>\n<h3>OGGI E DOMANI NATURAL-MENTE AL BOCCIODROMO DI AGORDO<\/h3>\n<\/blockquote>\n<p><strong><a class=\"dt-pswp-item\" href=\"https:\/\/www.radiopiu.net\/wordpress\/wp-content\/uploads\/2024\/07\/09e0d680-5d0b-4b4e-bff3-48d28921fc2c.jpg\" data-dt-img-description=\"\" data-large_image_width=\"1124\" data-large_image_height=\"1600\"><img loading=\"lazy\" decoding=\"async\" class=\" wp-image-400259 alignleft\" src=\"https:\/\/www.radiopiu.net\/wordpress\/wp-content\/uploads\/2024\/07\/09e0d680-5d0b-4b4e-bff3-48d28921fc2c-211x300.jpg\" alt=\"\" width=\"87\" height=\"124\" srcset=\"https:\/\/www.radiopiu.net\/wordpress\/wp-content\/uploads\/2024\/07\/09e0d680-5d0b-4b4e-bff3-48d28921fc2c-211x300.jpg 211w, https:\/\/www.radiopiu.net\/wordpress\/wp-content\/uploads\/2024\/07\/09e0d680-5d0b-4b4e-bff3-48d28921fc2c-719x1024.jpg 719w, https:\/\/www.radiopiu.net\/wordpress\/wp-content\/uploads\/2024\/07\/09e0d680-5d0b-4b4e-bff3-48d28921fc2c-768x1093.jpg 768w, https:\/\/www.radiopiu.net\/wordpress\/wp-content\/uploads\/2024\/07\/09e0d680-5d0b-4b4e-bff3-48d28921fc2c-1079x1536.jpg 1079w, https:\/\/www.radiopiu.net\/wordpress\/wp-content\/uploads\/2024\/07\/09e0d680-5d0b-4b4e-bff3-48d28921fc2c.jpg 1124w\" sizes=\"auto, (max-width: 87px) 100vw, 87px\" \/><\/a>AGORDO<\/strong> Oggi e domani ad Agordo si terr\u00e0 il festival Natural-Mente, dedicato al benessere olistico e alla crescita personale. Organizzato da Spazio Olos APS e il Bocciodromo, l&#8217;evento arricchisce l&#8217;estate agordina con due giornate di esplorazione delle discipline olistiche. Presso il Bocciodromo saranno presenti espositori e operatori da varie regioni, offrendo esperienze pratiche di yoga, bagni di gong, tai-chi, chi-kung, ecstatic dance e altro. L&#8217;ingresso \u00e8 libero e domenica alle 15 si terr\u00e0 una conferenza gratuita sull&#8217;uso dei tarocchi come strumento di indagine interiore.<\/p>\n<p><strong>ROBERTA<\/strong><\/p>\n<audio class=\"wp-audio-shortcode\" id=\"audio-401538-8\" preload=\"none\" style=\"width: 100%;\" controls=\"controls\"><source type=\"audio\/mpeg\" src=\"https:\/\/www.radiopiu.net\/wordpress\/wp-content\/uploads\/2024\/07\/BOCCIODROMO-OLISTICO-ROBERTA.mp3?_=8\" \/><a href=\"https:\/\/www.radiopiu.net\/wordpress\/wp-content\/uploads\/2024\/07\/BOCCIODROMO-OLISTICO-ROBERTA.mp3\">https:\/\/www.radiopiu.net\/wordpress\/wp-content\/uploads\/2024\/07\/BOCCIODROMO-OLISTICO-ROBERTA.mp3<\/a><\/audio>\n<p>&nbsp;<\/p>\n<blockquote>\n<h3><\/h3>\n<\/blockquote>\n<p>&nbsp;<\/p>\n<hr \/>\n<p>&nbsp;<\/p>\n<blockquote>\n<h3>DIAMO VALORE AL LEGNO IN SALA DON TAMIS<\/h3>\n<\/blockquote>\n<p><strong><a class=\"dt-pswp-item\" href=\"https:\/\/www.radiopiu.net\/wordpress\/wp-content\/uploads\/2024\/07\/DIAMO-VALORE-AL-LEGNO-1.png\" data-dt-img-description=\"\" data-large_image_width=\"673\" data-large_image_height=\"942\"><img loading=\"lazy\" decoding=\"async\" class=\" wp-image-400250 alignleft\" src=\"https:\/\/www.radiopiu.net\/wordpress\/wp-content\/uploads\/2024\/07\/DIAMO-VALORE-AL-LEGNO-1-214x300.png\" alt=\"\" width=\"96\" height=\"135\" srcset=\"https:\/\/www.radiopiu.net\/wordpress\/wp-content\/uploads\/2024\/07\/DIAMO-VALORE-AL-LEGNO-1-214x300.png 214w, https:\/\/www.radiopiu.net\/wordpress\/wp-content\/uploads\/2024\/07\/DIAMO-VALORE-AL-LEGNO-1.png 673w\" sizes=\"auto, (max-width: 96px) 100vw, 96px\" \/><\/a>AGORDO<\/strong> Il 1\u00b0 agosto 2024, AIEL organizza una serata informativa ad Agordo, in collaborazione con vari enti, per discutere del ripristino dei boschi colpiti dal bostrico e del &#8220;Bando stufe 2024&#8221; della Regione Veneto. L&#8217;incontro, che si terr\u00e0 presso la sala Don Tamis dalle 18:00, affronter\u00e0 l&#8217;uso di tecnologie innovative per il recupero delle foreste danneggiate e il finanziamento regionale per la sostituzione di vecchi impianti termici a biomassa. Il &#8220;Bando stufe 2024&#8221; coprir\u00e0 dall&#8217;85 al 100% delle spese per nuovi impianti a legna, pellet e cippato. L&#8217;evento prevede interventi di esperti che presenteranno casi applicativi e informazioni per accedere agli incentivi. La partecipazione \u00e8 aperta a cittadini e amministratori locali per promuovere sicurezza ed efficienza energetica nelle abitazioni. Per ulteriori dettagli: <a rel=\"noreferrer\">segreteria.aiel@cia.it<\/a>.<\/p>\n<p>&nbsp;<\/p>\n<hr \/>\n<p>&nbsp;<\/p>\n<blockquote class=\"wp-embedded-content\" data-secret=\"4nqnpL7H4g\"><p><a href=\"https:\/\/www.radiopiu.net\/wordpress\/eventi-tra-pietre-e-cristalli-libri-e-concorso\/\">EVENTI TRA PIETRE E CRISTALLI, LIBRI E CONCORSO<\/a><\/p><\/blockquote>\n<p><iframe loading=\"lazy\" class=\"wp-embedded-content\" sandbox=\"allow-scripts\" security=\"restricted\" style=\"position: absolute; visibility: hidden;\" title=\"&#8220;EVENTI TRA PIETRE E CRISTALLI, LIBRI E CONCORSO&#8221; &#8212; Radio Pi\u00f9\" src=\"https:\/\/www.radiopiu.net\/wordpress\/eventi-tra-pietre-e-cristalli-libri-e-concorso\/embed\/#?secret=1vceqpNRmB#?secret=4nqnpL7H4g\" data-secret=\"4nqnpL7H4g\" width=\"600\" height=\"338\" frameborder=\"0\" marginwidth=\"0\" marginheight=\"0\" scrolling=\"no\"><\/iframe><\/p>\n<p>&nbsp;<\/p>\n<p>&nbsp;<\/p>\n<hr \/>\n<p>&nbsp;<\/p>\n<blockquote>\n<h3>TRA LE CHINE DELLA SCHIARA<\/h3>\n<\/blockquote>\n<p><strong>BELLUNO<\/strong> Il Parco Nazionale Dolomiti Bellunesi, in collaborazione con i rifugi Bianchet, 7\u00b0 Alpini e Pian de Fontana, organizza tre giornate sui sentieri della Schiara. Luca Sovilla racconter\u00e0 i segreti della zona e Marco Dall\u2019Armi li disegner\u00e0 in china. Gli incontri nei rifugi sono gratuiti e aperti a tutti. Le escursioni guidate gratuite, accompagnate dalle Guide del Parco, richiedono prenotazione per un massimo di 25 persone, da effettuare due giorni prima. Il primo incontro \u00e8 oggi alle 15:00 al rifugio Bianchet, con escursione guidata alle 9:00. Gli altri appuntamenti sono il 31 agosto al rifugio 7\u00b0 Alpini e il 21 settembre al rifugio Pian de Fontana. La manifestazione \u00e8 patrocinata dal CAI di Belluno.<\/p>\n<p>&nbsp;<\/p>\n<p>&nbsp;<\/p>\n<hr \/>\n<p>&nbsp;<\/p>\n<h2><span style=\"color: #ff6600;\">ALLA RADIO<\/span><\/h2>\n<h2><span style=\"color: #00ccff;\">&#8220;DINTORN E FORA VIA&#8221;\u00a0 IL PROGRAMMA\u00a0 A CURA DEL MUSLA<\/span><\/h2>\n<p><strong><a class=\"dt-pswp-item\" href=\"https:\/\/www.radiopiu.net\/wordpress\/wp-content\/uploads\/2020\/04\/giornali.jpg\" data-dt-img-description=\"\" data-large_image_width=\"1920\" data-large_image_height=\"1280\"><img loading=\"lazy\" decoding=\"async\" class=\" wp-image-126692 alignleft\" src=\"https:\/\/www.radiopiu.net\/wordpress\/wp-content\/uploads\/2020\/04\/giornali-300x200.jpg\" alt=\"\" width=\"135\" height=\"90\" srcset=\"https:\/\/www.radiopiu.net\/wordpress\/wp-content\/uploads\/2020\/04\/giornali-300x200.jpg 300w, https:\/\/www.radiopiu.net\/wordpress\/wp-content\/uploads\/2020\/04\/giornali-1024x683.jpg 1024w, https:\/\/www.radiopiu.net\/wordpress\/wp-content\/uploads\/2020\/04\/giornali-768x512.jpg 768w, https:\/\/www.radiopiu.net\/wordpress\/wp-content\/uploads\/2020\/04\/giornali-1536x1024.jpg 1536w, https:\/\/www.radiopiu.net\/wordpress\/wp-content\/uploads\/2020\/04\/giornali.jpg 1920w\" sizes=\"auto, (max-width: 135px) 100vw, 135px\" \/><\/a>PUNTATA DEL 26 LUGLIO, NORMAN CREPAZ<\/strong><\/p>\n<audio class=\"wp-audio-shortcode\" id=\"audio-401538-9\" preload=\"none\" style=\"width: 100%;\" controls=\"controls\"><source type=\"audio\/mpeg\" src=\"https:\/\/www.radiopiu.net\/wordpress\/wp-content\/uploads\/2024\/07\/MUSLA-7.mp3?_=9\" \/><a href=\"https:\/\/www.radiopiu.net\/wordpress\/wp-content\/uploads\/2024\/07\/MUSLA-7.mp3\">https:\/\/www.radiopiu.net\/wordpress\/wp-content\/uploads\/2024\/07\/MUSLA-7.mp3<\/a><\/audio>\n<h2>LA RACCOLTA COMPLETA <a href=\"https:\/\/www.radiopiu.net\/wordpress\/musla\/\"><span style=\"color: #3366ff;\">CLICCA QUI<\/span><\/a><\/h2>\n<p>&nbsp;<\/p>\n<hr \/>\n<p>&nbsp;<\/p>\n<h2><span style=\"color: #99cc00;\">IL SALOTTO DELLE DOLOMITI A CANALE D&#8217;AGORDO<\/span><\/h2>\n<p><a class=\"dt-pswp-item\" href=\"https:\/\/www.radiopiu.net\/wordpress\/wp-content\/uploads\/2024\/07\/Locandina-Salotto-delle-Dolomiti-2024-scaled.jpg\" data-dt-img-description=\"IL SALOTTO DELLE DOLOMITI A CANALE D'AGORDO\" data-large_image_width=\"1810\" data-large_image_height=\"2560\"><img loading=\"lazy\" decoding=\"async\" class=\"alignleft wp-image-399554 \" src=\"https:\/\/www.radiopiu.net\/wordpress\/wp-content\/uploads\/2024\/07\/Locandina-Salotto-delle-Dolomiti-2024-212x300.jpg\" alt=\"\" width=\"110\" height=\"156\" srcset=\"https:\/\/www.radiopiu.net\/wordpress\/wp-content\/uploads\/2024\/07\/Locandina-Salotto-delle-Dolomiti-2024-212x300.jpg 212w, https:\/\/www.radiopiu.net\/wordpress\/wp-content\/uploads\/2024\/07\/Locandina-Salotto-delle-Dolomiti-2024-724x1024.jpg 724w, https:\/\/www.radiopiu.net\/wordpress\/wp-content\/uploads\/2024\/07\/Locandina-Salotto-delle-Dolomiti-2024-768x1086.jpg 768w, https:\/\/www.radiopiu.net\/wordpress\/wp-content\/uploads\/2024\/07\/Locandina-Salotto-delle-Dolomiti-2024-1086x1536.jpg 1086w, https:\/\/www.radiopiu.net\/wordpress\/wp-content\/uploads\/2024\/07\/Locandina-Salotto-delle-Dolomiti-2024-1448x2048.jpg 1448w, https:\/\/www.radiopiu.net\/wordpress\/wp-content\/uploads\/2024\/07\/Locandina-Salotto-delle-Dolomiti-2024-scaled.jpg 1810w\" sizes=\"auto, (max-width: 110px) 100vw, 110px\" \/><\/a><strong>DI MIRKO MEZZACASA<\/strong><\/p>\n<p>OSPITI: Claudia Tancon e Claudio Costa<\/p>\n<audio class=\"wp-audio-shortcode\" id=\"audio-401538-10\" preload=\"none\" style=\"width: 100%;\" controls=\"controls\"><source type=\"audio\/mpeg\" src=\"https:\/\/www.radiopiu.net\/wordpress\/wp-content\/uploads\/2024\/07\/CANALE-DAGORDO-SALOTTO-DOLOMITI.mp3?_=10\" \/><a href=\"https:\/\/www.radiopiu.net\/wordpress\/wp-content\/uploads\/2024\/07\/CANALE-DAGORDO-SALOTTO-DOLOMITI.mp3\">https:\/\/www.radiopiu.net\/wordpress\/wp-content\/uploads\/2024\/07\/CANALE-DAGORDO-SALOTTO-DOLOMITI.mp3<\/a><\/audio>\n<p>&nbsp;<\/p>\n<hr \/>\n<p>&nbsp;<\/p>\n<blockquote class=\"wp-embedded-content\" data-secret=\"dosvKbbMeC\"><p><a href=\"https:\/\/www.radiopiu.net\/wordpress\/la-gestapo-nella-caserma-tasso-un-ricordo-personale\/\">LA GESTAPO NELLA CASERMA TASSO, UN RICORDO PERSONALE<\/a><\/p><\/blockquote>\n<p><iframe loading=\"lazy\" class=\"wp-embedded-content\" sandbox=\"allow-scripts\" security=\"restricted\" style=\"position: absolute; visibility: hidden;\" title=\"&#8220;LA GESTAPO NELLA CASERMA TASSO, UN RICORDO PERSONALE&#8221; &#8212; Radio Pi\u00f9\" src=\"https:\/\/www.radiopiu.net\/wordpress\/la-gestapo-nella-caserma-tasso-un-ricordo-personale\/embed\/#?secret=QGgjh3zcyB#?secret=dosvKbbMeC\" data-secret=\"dosvKbbMeC\" width=\"600\" height=\"338\" frameborder=\"0\" marginwidth=\"0\" marginheight=\"0\" scrolling=\"no\"><\/iframe><\/p>\n<p>&nbsp;<\/p>\n<hr \/>\n<p>&nbsp;<\/p>\n<h2><span style=\"color: #ff0000;\"><a class=\"dt-pswp-item\" href=\"https:\/\/www.radiopiu.net\/wordpress\/wp-content\/uploads\/2018\/09\/appuntamenti.jpeg\" data-dt-img-description=\"\" data-large_image_width=\"800\" data-large_image_height=\"100\"><img loading=\"lazy\" decoding=\"async\" class=\"wp-image-61958 size-full aligncenter\" src=\"https:\/\/www.radiopiu.net\/wordpress\/wp-content\/uploads\/2018\/09\/appuntamenti.jpeg\" alt=\"\" width=\"800\" height=\"100\" srcset=\"https:\/\/www.radiopiu.net\/wordpress\/wp-content\/uploads\/2018\/09\/appuntamenti.jpeg 800w, https:\/\/www.radiopiu.net\/wordpress\/wp-content\/uploads\/2018\/09\/appuntamenti-300x38.jpeg 300w, https:\/\/www.radiopiu.net\/wordpress\/wp-content\/uploads\/2018\/09\/appuntamenti-768x96.jpeg 768w\" sizes=\"auto, (max-width: 800px) 100vw, 800px\" \/><\/a><\/span><\/h2>\n<div>\n<div class=\"\" dir=\"auto\">\n<div id=\":r9h:\" class=\"x1iorvi4 x1pi30zi x1l90r2v x1swvt13\" data-ad-comet-preview=\"message\" data-ad-preview=\"message\">\n\n\t\t\t<style type='text\/css'>\n\t\t\t\t#gallery-2 {\n\t\t\t\t\tmargin: auto;\n\t\t\t\t}\n\t\t\t\t#gallery-2 .gallery-item {\n\t\t\t\t\tfloat: left;\n\t\t\t\t\tmargin-top: 10px;\n\t\t\t\t\ttext-align: center;\n\t\t\t\t\twidth: 20%;\n\t\t\t\t}\n\t\t\t\t#gallery-2 img {\n\t\t\t\t\tborder: 2px solid #cfcfcf;\n\t\t\t\t}\n\t\t\t\t#gallery-2 .gallery-caption {\n\t\t\t\t\tmargin-left: 0;\n\t\t\t\t}\n\t\t\t\t\/* see gallery_shortcode() in wp-includes\/media.php *\/\n\t\t\t<\/style>\n\t\t<div id='gallery-2' class='dt-gallery-container gallery galleryid-401538 gallery-columns-5 gallery-size-thumbnail'><dl class='gallery-item'>\n\t\t\t\t<dt class='gallery-icon portrait'>\n\t\t\t\t\t<a class=\"rollover rollover-zoom dt-pswp-item\" title=\"301dcd55-271a-41ef-ab90-1c8127dd9b5c\" data-dt-img-description=\"\" data-large_image_width=\"1121\" data-large_image_height=\"1600\"href='https:\/\/www.radiopiu.net\/wordpress\/wp-content\/uploads\/2024\/07\/301dcd55-271a-41ef-ab90-1c8127dd9b5c.jpg'><img loading=\"lazy\" decoding=\"async\" width=\"150\" height=\"150\" src=\"https:\/\/www.radiopiu.net\/wordpress\/wp-content\/uploads\/2024\/07\/301dcd55-271a-41ef-ab90-1c8127dd9b5c-150x150.jpg\" class=\"attachment-thumbnail size-thumbnail\" alt=\"\" aria-describedby=\"gallery-2-400848\" \/><\/a>\n\t\t\t\t<\/dt>\n\t\t\t\t\t<dd class='wp-caption-text gallery-caption' id='gallery-2-400848'>\n\t\t\t\t\tLA VALLE, AL FORNER CON RDJ DA OMAR E WILLIAM BAR FAMIGLIA DA ROIT LA VALLE \n\t\t\t\t\t<\/dd><\/dl><dl class='gallery-item'>\n\t\t\t\t<dt class='gallery-icon portrait'>\n\t\t\t\t\t<a class=\"rollover rollover-zoom dt-pswp-item\" title=\"8a59cc7c-cf90-4367-b101-8e7aa53fabdb\" data-dt-img-description=\"\" data-large_image_width=\"750\" data-large_image_height=\"1099\"href='https:\/\/www.radiopiu.net\/wordpress\/wp-content\/uploads\/2024\/07\/8a59cc7c-cf90-4367-b101-8e7aa53fabdb.jpg'><img loading=\"lazy\" decoding=\"async\" width=\"150\" height=\"150\" src=\"https:\/\/www.radiopiu.net\/wordpress\/wp-content\/uploads\/2024\/07\/8a59cc7c-cf90-4367-b101-8e7aa53fabdb-150x150.jpg\" class=\"attachment-thumbnail size-thumbnail\" alt=\"\" aria-describedby=\"gallery-2-401580\" \/><\/a>\n\t\t\t\t<\/dt>\n\t\t\t\t\t<dd class='wp-caption-text gallery-caption' id='gallery-2-401580'>\n\t\t\t\t\tDOMANI A FALCADE \n\t\t\t\t\t<\/dd><\/dl><dl class='gallery-item'>\n\t\t\t\t<dt class='gallery-icon portrait'>\n\t\t\t\t\t<a class=\"rollover rollover-zoom dt-pswp-item\" title=\"7079ecea-2af7-42bb-b22c-f5fe8a9ed3e4\" data-dt-img-description=\"\" data-large_image_width=\"1124\" data-large_image_height=\"1600\"href='https:\/\/www.radiopiu.net\/wordpress\/wp-content\/uploads\/2024\/07\/7079ecea-2af7-42bb-b22c-f5fe8a9ed3e4.jpg'><img loading=\"lazy\" decoding=\"async\" width=\"150\" height=\"150\" src=\"https:\/\/www.radiopiu.net\/wordpress\/wp-content\/uploads\/2024\/07\/7079ecea-2af7-42bb-b22c-f5fe8a9ed3e4-150x150.jpg\" class=\"attachment-thumbnail size-thumbnail\" alt=\"\" aria-describedby=\"gallery-2-399792\" \/><\/a>\n\t\t\t\t<\/dt>\n\t\t\t\t\t<dd class='wp-caption-text gallery-caption' id='gallery-2-399792'>\n\t\t\t\t\tBAR BOCCIODROMO AGORDO\n\t\t\t\t\t<\/dd><\/dl><dl class='gallery-item'>\n\t\t\t\t<dt class='gallery-icon portrait'>\n\t\t\t\t\t<a class=\"rollover rollover-zoom dt-pswp-item\" title=\"8b2155a6-d732-4852-a73f-6ad1b59fac91\" data-dt-img-description=\"\" data-large_image_width=\"1131\" data-large_image_height=\"1600\"href='https:\/\/www.radiopiu.net\/wordpress\/wp-content\/uploads\/2024\/07\/8b2155a6-d732-4852-a73f-6ad1b59fac91-1.jpg'><img loading=\"lazy\" decoding=\"async\" width=\"150\" height=\"150\" src=\"https:\/\/www.radiopiu.net\/wordpress\/wp-content\/uploads\/2024\/07\/8b2155a6-d732-4852-a73f-6ad1b59fac91-1-150x150.jpg\" class=\"attachment-thumbnail size-thumbnail\" alt=\"\" aria-describedby=\"gallery-2-397366\" \/><\/a>\n\t\t\t\t<\/dt>\n\t\t\t\t\t<dd class='wp-caption-text gallery-caption' id='gallery-2-397366'>\n\t\t\t\t\tASSOCIAZIONE BORGO SOTTOGUDA \n\t\t\t\t\t<\/dd><\/dl><dl class='gallery-item'>\n\t\t\t\t<dt class='gallery-icon portrait'>\n\t\t\t\t\t<a class=\"rollover rollover-zoom dt-pswp-item\" title=\"21703e21-31ec-411d-bf1b-db41bb7211f3\" data-dt-img-description=\"\" data-large_image_width=\"900\" data-large_image_height=\"1600\"href='https:\/\/www.radiopiu.net\/wordpress\/wp-content\/uploads\/2024\/07\/21703e21-31ec-411d-bf1b-db41bb7211f3.jpg'><img loading=\"lazy\" decoding=\"async\" width=\"150\" height=\"150\" src=\"https:\/\/www.radiopiu.net\/wordpress\/wp-content\/uploads\/2024\/07\/21703e21-31ec-411d-bf1b-db41bb7211f3-150x150.jpg\" class=\"attachment-thumbnail size-thumbnail\" alt=\"\" aria-describedby=\"gallery-2-401601\" \/><\/a>\n\t\t\t\t<\/dt>\n\t\t\t\t\t<dd class='wp-caption-text gallery-caption' id='gallery-2-401601'>\n\t\t\t\t\tDOPPIA FESTA AL ZUM\n\t\t\t\t\t<\/dd><\/dl><br style=\"clear: both\" \/><dl class='gallery-item'>\n\t\t\t\t<dt class='gallery-icon portrait'>\n\t\t\t\t\t<a class=\"rollover rollover-zoom dt-pswp-item\" title=\"c43011fa-8405-4ea2-9ca9-b934b11662df\" data-dt-img-description=\"\" data-large_image_width=\"512\" data-large_image_height=\"720\"href='https:\/\/www.radiopiu.net\/wordpress\/wp-content\/uploads\/2024\/07\/c43011fa-8405-4ea2-9ca9-b934b11662df.jpg'><img loading=\"lazy\" decoding=\"async\" width=\"150\" height=\"150\" src=\"https:\/\/www.radiopiu.net\/wordpress\/wp-content\/uploads\/2024\/07\/c43011fa-8405-4ea2-9ca9-b934b11662df-150x150.jpg\" class=\"attachment-thumbnail size-thumbnail\" alt=\"\" aria-describedby=\"gallery-2-398969\" \/><\/a>\n\t\t\t\t<\/dt>\n\t\t\t\t\t<dd class='wp-caption-text gallery-caption' id='gallery-2-398969'>\n\t\t\t\t\tA PRA DE LA MELIA\n\t\t\t\t\t<\/dd><\/dl><dl class='gallery-item'>\n\t\t\t\t<dt class='gallery-icon portrait'>\n\t\t\t\t\t<a class=\"rollover rollover-zoom dt-pswp-item\" title=\"original-84F78277-839A-4868-BE6A-5A10A5605E21\" data-dt-img-description=\"\" data-large_image_width=\"1754\" data-large_image_height=\"2480\"href='https:\/\/www.radiopiu.net\/wordpress\/wp-content\/uploads\/2024\/07\/original-84F78277-839A-4868-BE6A-5A10A5605E21.jpeg'><img loading=\"lazy\" decoding=\"async\" width=\"150\" height=\"150\" src=\"https:\/\/www.radiopiu.net\/wordpress\/wp-content\/uploads\/2024\/07\/original-84F78277-839A-4868-BE6A-5A10A5605E21-150x150.jpeg\" class=\"attachment-thumbnail size-thumbnail\" alt=\"\" aria-describedby=\"gallery-2-397532\" \/><\/a>\n\t\t\t\t<\/dt>\n\t\t\t\t\t<dd class='wp-caption-text gallery-caption' id='gallery-2-397532'>\n\t\t\t\t\tHOTEL STELLA ALPINA ESTATE D&#8217;EVENTI \n\t\t\t\t\t<\/dd><\/dl><dl class='gallery-item'>\n\t\t\t\t<dt class='gallery-icon portrait'>\n\t\t\t\t\t<a class=\"rollover rollover-zoom dt-pswp-item\" title=\"441936111_953300066803441_3663667299753321850_n\" data-dt-img-description=\"\" data-large_image_width=\"520\" data-large_image_height=\"640\"href='https:\/\/www.radiopiu.net\/wordpress\/wp-content\/uploads\/2024\/06\/441936111_953300066803441_3663667299753321850_n.jpg'><img loading=\"lazy\" decoding=\"async\" width=\"150\" height=\"150\" src=\"https:\/\/www.radiopiu.net\/wordpress\/wp-content\/uploads\/2024\/06\/441936111_953300066803441_3663667299753321850_n-150x150.jpg\" class=\"attachment-thumbnail size-thumbnail\" alt=\"\" aria-describedby=\"gallery-2-394061\" \/><\/a>\n\t\t\t\t<\/dt>\n\t\t\t\t\t<dd class='wp-caption-text gallery-caption' id='gallery-2-394061'>\n\t\t\t\t\t31 LUGLIO AL MINIERE E IN DIRETTA ALLA RADIO \n\t\t\t\t\t<\/dd><\/dl><dl class='gallery-item'>\n\t\t\t\t<dt class='gallery-icon portrait'>\n\t\t\t\t\t<a class=\"rollover rollover-zoom dt-pswp-item\" title=\"6aaaad58-800e-4990-a3b1-996dabdbe745\" data-dt-img-description=\"\" data-large_image_width=\"1131\" data-large_image_height=\"1600\"href='https:\/\/www.radiopiu.net\/wordpress\/wp-content\/uploads\/2024\/07\/6aaaad58-800e-4990-a3b1-996dabdbe745.jpg'><img loading=\"lazy\" decoding=\"async\" width=\"150\" height=\"150\" src=\"https:\/\/www.radiopiu.net\/wordpress\/wp-content\/uploads\/2024\/07\/6aaaad58-800e-4990-a3b1-996dabdbe745-150x150.jpg\" class=\"attachment-thumbnail size-thumbnail\" alt=\"\" aria-describedby=\"gallery-2-397565\" \/><\/a>\n\t\t\t\t<\/dt>\n\t\t\t\t\t<dd class='wp-caption-text gallery-caption' id='gallery-2-397565'>\n\t\t\t\t\tDAL 20 LUGLIO A VOLTAGO\n\t\t\t\t\t<\/dd><\/dl><dl class='gallery-item'>\n\t\t\t\t<dt class='gallery-icon landscape'>\n\t\t\t\t\t<a class=\"rollover rollover-zoom dt-pswp-item\" title=\"449189900_484613757290091_1574838248887562981_n\" data-dt-img-description=\"\" data-large_image_width=\"960\" data-large_image_height=\"540\"href='https:\/\/www.radiopiu.net\/wordpress\/wp-content\/uploads\/2024\/06\/449189900_484613757290091_1574838248887562981_n.jpg'><img loading=\"lazy\" decoding=\"async\" width=\"150\" height=\"150\" src=\"https:\/\/www.radiopiu.net\/wordpress\/wp-content\/uploads\/2024\/06\/449189900_484613757290091_1574838248887562981_n-150x150.jpg\" class=\"attachment-thumbnail size-thumbnail\" alt=\"\" aria-describedby=\"gallery-2-396872\" \/><\/a>\n\t\t\t\t<\/dt>\n\t\t\t\t\t<dd class='wp-caption-text gallery-caption' id='gallery-2-396872'>\n\t\t\t\t\t A CANALE D&#8217;AGORDO VALLE DI GARES\n\t\t\t\t\t<\/dd><\/dl><br style=\"clear: both\" \/><dl class='gallery-item'>\n\t\t\t\t<dt class='gallery-icon portrait'>\n\t\t\t\t\t<a class=\"rollover rollover-zoom dt-pswp-item\" title=\"452253486_1051176820044973_2433440643894454797_n\" data-dt-img-description=\"\" data-large_image_width=\"509\" data-large_image_height=\"720\"href='https:\/\/www.radiopiu.net\/wordpress\/wp-content\/uploads\/2024\/07\/452253486_1051176820044973_2433440643894454797_n.jpg'><img loading=\"lazy\" decoding=\"async\" width=\"150\" height=\"150\" src=\"https:\/\/www.radiopiu.net\/wordpress\/wp-content\/uploads\/2024\/07\/452253486_1051176820044973_2433440643894454797_n-150x150.jpg\" class=\"attachment-thumbnail size-thumbnail\" alt=\"\" aria-describedby=\"gallery-2-401018\" \/><\/a>\n\t\t\t\t<\/dt>\n\t\t\t\t\t<dd class='wp-caption-text gallery-caption' id='gallery-2-401018'>\n\t\t\t\t\tDOMENICA 28 A FALCADE AIVAZ\n\t\t\t\t\t<\/dd><\/dl><dl class='gallery-item'>\n\t\t\t\t<dt class='gallery-icon portrait'>\n\t\t\t\t\t<a class=\"rollover rollover-zoom dt-pswp-item\" title=\"f84567d6-a1d2-47de-9596-ef8505986952\" data-dt-img-description=\"\" data-large_image_width=\"745\" data-large_image_height=\"1073\"href='https:\/\/www.radiopiu.net\/wordpress\/wp-content\/uploads\/2024\/06\/f84567d6-a1d2-47de-9596-ef8505986952.jpg'><img loading=\"lazy\" decoding=\"async\" width=\"150\" height=\"150\" src=\"https:\/\/www.radiopiu.net\/wordpress\/wp-content\/uploads\/2024\/06\/f84567d6-a1d2-47de-9596-ef8505986952-150x150.jpg\" class=\"attachment-thumbnail size-thumbnail\" alt=\"\" aria-describedby=\"gallery-2-396466\" \/><\/a>\n\t\t\t\t<\/dt>\n\t\t\t\t\t<dd class='wp-caption-text gallery-caption' id='gallery-2-396466'>\n\t\t\t\t\tSUMMER GREEN VOLLEY AGORDINO\n\t\t\t\t\t<\/dd><\/dl><dl class='gallery-item'>\n\t\t\t\t<dt class='gallery-icon portrait'>\n\t\t\t\t\t<a class=\"rollover rollover-zoom dt-pswp-item\" title=\"7fc3f2fe-a94d-4d5f-9af0-1d7ee8402cfd\" data-dt-img-description=\"\" data-large_image_width=\"1080\" data-large_image_height=\"1505\"href='https:\/\/www.radiopiu.net\/wordpress\/wp-content\/uploads\/2024\/07\/7fc3f2fe-a94d-4d5f-9af0-1d7ee8402cfd.jpg'><img loading=\"lazy\" decoding=\"async\" width=\"150\" height=\"150\" src=\"https:\/\/www.radiopiu.net\/wordpress\/wp-content\/uploads\/2024\/07\/7fc3f2fe-a94d-4d5f-9af0-1d7ee8402cfd-150x150.jpg\" class=\"attachment-thumbnail size-thumbnail\" alt=\"\" aria-describedby=\"gallery-2-399793\" \/><\/a>\n\t\t\t\t<\/dt>\n\t\t\t\t\t<dd class='wp-caption-text gallery-caption' id='gallery-2-399793'>\n\t\t\t\t\tAD ALLEGHE CON LAURA BALLIS\n\t\t\t\t\t<\/dd><\/dl><dl class='gallery-item'>\n\t\t\t\t<dt class='gallery-icon portrait'>\n\t\t\t\t\t<a class=\"rollover rollover-zoom dt-pswp-item\" title=\"558e7467-bad9-4f56-af80-7a4ca08f0b35\" data-dt-img-description=\"\" data-large_image_width=\"1131\" data-large_image_height=\"1600\"href='https:\/\/www.radiopiu.net\/wordpress\/wp-content\/uploads\/2024\/07\/558e7467-bad9-4f56-af80-7a4ca08f0b35-1.jpg'><img loading=\"lazy\" decoding=\"async\" width=\"150\" height=\"150\" src=\"https:\/\/www.radiopiu.net\/wordpress\/wp-content\/uploads\/2024\/07\/558e7467-bad9-4f56-af80-7a4ca08f0b35-1-150x150.jpg\" class=\"attachment-thumbnail size-thumbnail\" alt=\"\" aria-describedby=\"gallery-2-400098\" \/><\/a>\n\t\t\t\t<\/dt>\n\t\t\t\t\t<dd class='wp-caption-text gallery-caption' id='gallery-2-400098'>\n\t\t\t\t\tL&#8217;ESTATE DELLE BIBLIOTECHE\n\t\t\t\t\t<\/dd><\/dl><dl class='gallery-item'>\n\t\t\t\t<dt class='gallery-icon portrait'>\n\t\t\t\t\t<a class=\"rollover rollover-zoom dt-pswp-item\" title=\"Locandina Salotto delle Dolomiti 2024\" data-dt-img-description=\"\" data-large_image_width=\"1810\" data-large_image_height=\"2560\"href='https:\/\/www.radiopiu.net\/wordpress\/wp-content\/uploads\/2024\/07\/Locandina-Salotto-delle-Dolomiti-2024-scaled.jpg'><img loading=\"lazy\" decoding=\"async\" width=\"150\" height=\"150\" src=\"https:\/\/www.radiopiu.net\/wordpress\/wp-content\/uploads\/2024\/07\/Locandina-Salotto-delle-Dolomiti-2024-150x150.jpg\" class=\"attachment-thumbnail size-thumbnail\" alt=\"\" aria-describedby=\"gallery-2-399554\" \/><\/a>\n\t\t\t\t<\/dt>\n\t\t\t\t\t<dd class='wp-caption-text gallery-caption' id='gallery-2-399554'>\n\t\t\t\t\tIL SALOTTO DELLE DOLOMITI A CANALE D&#8217;AGORDO\n\t\t\t\t\t<\/dd><\/dl><br style=\"clear: both\" \/><dl class='gallery-item'>\n\t\t\t\t<dt class='gallery-icon portrait'>\n\t\t\t\t\t<a class=\"rollover rollover-zoom dt-pswp-item\" title=\"DOLOMITES\" data-dt-img-description=\"\" data-large_image_width=\"1414\" data-large_image_height=\"2000\"href='https:\/\/www.radiopiu.net\/wordpress\/wp-content\/uploads\/2024\/07\/DOLOMITES.png'><img loading=\"lazy\" decoding=\"async\" width=\"150\" height=\"150\" src=\"https:\/\/www.radiopiu.net\/wordpress\/wp-content\/uploads\/2024\/07\/DOLOMITES-150x150.png\" class=\"attachment-thumbnail size-thumbnail\" alt=\"\" aria-describedby=\"gallery-2-400118\" \/><\/a>\n\t\t\t\t<\/dt>\n\t\t\t\t\t<dd class='wp-caption-text gallery-caption' id='gallery-2-400118'>\n\t\t\t\t\tCASTELLO ANDRAZ\n\t\t\t\t\t<\/dd><\/dl><dl class='gallery-item'>\n\t\t\t\t<dt class='gallery-icon portrait'>\n\t\t\t\t\t<a class=\"rollover rollover-zoom dt-pswp-item\" title=\"6748068c-f463-406a-b80e-0c9b482aede5\" data-dt-img-description=\"\" data-large_image_width=\"1131\" data-large_image_height=\"1600\"href='https:\/\/www.radiopiu.net\/wordpress\/wp-content\/uploads\/2024\/07\/6748068c-f463-406a-b80e-0c9b482aede5.jpg'><img loading=\"lazy\" decoding=\"async\" width=\"150\" height=\"150\" src=\"https:\/\/www.radiopiu.net\/wordpress\/wp-content\/uploads\/2024\/07\/6748068c-f463-406a-b80e-0c9b482aede5-150x150.jpg\" class=\"attachment-thumbnail size-thumbnail\" alt=\"\" aria-describedby=\"gallery-2-400829\" \/><\/a>\n\t\t\t\t<\/dt>\n\t\t\t\t\t<dd class='wp-caption-text gallery-caption' id='gallery-2-400829'>\n\t\t\t\t\t27 luglio biblioteche valle del biois\n\t\t\t\t\t<\/dd><\/dl><dl class='gallery-item'>\n\t\t\t\t<dt class='gallery-icon portrait'>\n\t\t\t\t\t<a class=\"rollover rollover-zoom dt-pswp-item\" title=\"DIAMO VALORE AL LEGNO\" data-dt-img-description=\"\" data-large_image_width=\"673\" data-large_image_height=\"942\"href='https:\/\/www.radiopiu.net\/wordpress\/wp-content\/uploads\/2024\/07\/DIAMO-VALORE-AL-LEGNO.png'><img loading=\"lazy\" decoding=\"async\" width=\"150\" height=\"150\" src=\"https:\/\/www.radiopiu.net\/wordpress\/wp-content\/uploads\/2024\/07\/DIAMO-VALORE-AL-LEGNO-150x150.png\" class=\"attachment-thumbnail size-thumbnail\" alt=\"\" aria-describedby=\"gallery-2-400248\" \/><\/a>\n\t\t\t\t<\/dt>\n\t\t\t\t\t<dd class='wp-caption-text gallery-caption' id='gallery-2-400248'>\n\t\t\t\t\t01 AGOSTO IN SALA DON TAMIS\n\t\t\t\t\t<\/dd><\/dl><dl class='gallery-item'>\n\t\t\t\t<dt class='gallery-icon portrait'>\n\t\t\t\t\t<a class=\"rollover rollover-zoom dt-pswp-item\" title=\"b984cf06-49e8-4958-bc23-c0d66e45f366\" data-dt-img-description=\"\" data-large_image_width=\"900\" data-large_image_height=\"1600\"href='https:\/\/www.radiopiu.net\/wordpress\/wp-content\/uploads\/2024\/07\/b984cf06-49e8-4958-bc23-c0d66e45f366.jpg'><img loading=\"lazy\" decoding=\"async\" width=\"150\" height=\"150\" src=\"https:\/\/www.radiopiu.net\/wordpress\/wp-content\/uploads\/2024\/07\/b984cf06-49e8-4958-bc23-c0d66e45f366-150x150.jpg\" class=\"attachment-thumbnail size-thumbnail\" alt=\"\" aria-describedby=\"gallery-2-400399\" \/><\/a>\n\t\t\t\t<\/dt>\n\t\t\t\t\t<dd class='wp-caption-text gallery-caption' id='gallery-2-400399'>\n\t\t\t\t\tALL&#8217;HOTEL VILLA IMPERINA DI AGORDO\n\t\t\t\t\t<\/dd><\/dl><dl class='gallery-item'>\n\t\t\t\t<dt class='gallery-icon portrait'>\n\t\t\t\t\t<a class=\"rollover rollover-zoom dt-pswp-item\" title=\"Screenshot\" data-dt-img-description=\"\" data-large_image_width=\"1022\" data-large_image_height=\"1512\"href='https:\/\/www.radiopiu.net\/wordpress\/wp-content\/uploads\/2024\/07\/SCR-20240721-iqgt.jpeg'><img loading=\"lazy\" decoding=\"async\" width=\"150\" height=\"150\" src=\"https:\/\/www.radiopiu.net\/wordpress\/wp-content\/uploads\/2024\/07\/SCR-20240721-iqgt-150x150.jpeg\" class=\"attachment-thumbnail size-thumbnail\" alt=\"\" aria-describedby=\"gallery-2-400622\" \/><\/a>\n\t\t\t\t<\/dt>\n\t\t\t\t\t<dd class='wp-caption-text gallery-caption' id='gallery-2-400622'>\n\t\t\t\t\tGIORNATA OLISTICA A FALCADE\n\t\t\t\t\t<\/dd><\/dl><br style=\"clear: both\" \/><dl class='gallery-item'>\n\t\t\t\t<dt class='gallery-icon portrait'>\n\t\t\t\t\t<a class=\"rollover rollover-zoom dt-pswp-item\" title=\"d907dbe9-b2f4-41bc-95a8-54a8a309613c\" data-dt-img-description=\"\" data-large_image_width=\"1132\" data-large_image_height=\"1600\"href='https:\/\/www.radiopiu.net\/wordpress\/wp-content\/uploads\/2024\/07\/d907dbe9-b2f4-41bc-95a8-54a8a309613c.jpg'><img loading=\"lazy\" decoding=\"async\" width=\"150\" height=\"150\" src=\"https:\/\/www.radiopiu.net\/wordpress\/wp-content\/uploads\/2024\/07\/d907dbe9-b2f4-41bc-95a8-54a8a309613c-150x150.jpg\" class=\"attachment-thumbnail size-thumbnail\" alt=\"\" aria-describedby=\"gallery-2-400876\" \/><\/a>\n\t\t\t\t<\/dt>\n\t\t\t\t\t<dd class='wp-caption-text gallery-caption' id='gallery-2-400876'>\n\t\t\t\t\t11 AGOSTO SAN TOMASO AGORDINO \n\t\t\t\t\t<\/dd><\/dl><dl class='gallery-item'>\n\t\t\t\t<dt class='gallery-icon portrait'>\n\t\t\t\t\t<a class=\"rollover rollover-zoom dt-pswp-item\" title=\"Senza nome\" data-dt-img-description=\"\" data-large_image_width=\"410\" data-large_image_height=\"821\"href='https:\/\/www.radiopiu.net\/wordpress\/wp-content\/uploads\/2024\/07\/Senza-nome-91.png'><img loading=\"lazy\" decoding=\"async\" width=\"150\" height=\"150\" src=\"https:\/\/www.radiopiu.net\/wordpress\/wp-content\/uploads\/2024\/07\/Senza-nome-91-150x150.png\" class=\"attachment-thumbnail size-thumbnail\" alt=\"\" aria-describedby=\"gallery-2-400982\" \/><\/a>\n\t\t\t\t<\/dt>\n\t\t\t\t\t<dd class='wp-caption-text gallery-caption' id='gallery-2-400982'>\n\t\t\t\t\t4 AGOSTO, CIOIT CENCENIGHE\n\t\t\t\t\t<\/dd><\/dl><dl class='gallery-item'>\n\t\t\t\t<dt class='gallery-icon portrait'>\n\t\t\t\t\t<a class=\"rollover rollover-zoom dt-pswp-item\" title=\"89ce3e2e-2b88-4e4a-bf35-fcef0c6cd9c7\" data-dt-img-description=\"\" data-large_image_width=\"1637\" data-large_image_height=\"2048\"href='https:\/\/www.radiopiu.net\/wordpress\/wp-content\/uploads\/2024\/07\/89ce3e2e-2b88-4e4a-bf35-fcef0c6cd9c7.jpg'><img loading=\"lazy\" decoding=\"async\" width=\"150\" height=\"150\" src=\"https:\/\/www.radiopiu.net\/wordpress\/wp-content\/uploads\/2024\/07\/89ce3e2e-2b88-4e4a-bf35-fcef0c6cd9c7-150x150.jpg\" class=\"attachment-thumbnail size-thumbnail\" alt=\"\" aria-describedby=\"gallery-2-401113\" \/><\/a>\n\t\t\t\t<\/dt>\n\t\t\t\t\t<dd class='wp-caption-text gallery-caption' id='gallery-2-401113'>\n\t\t\t\t\tLA MADONA DE LA NEIF A LA VALLE\n\t\t\t\t\t<\/dd><\/dl><dl class='gallery-item'>\n\t\t\t\t<dt class='gallery-icon portrait'>\n\t\t\t\t\t<a class=\"rollover rollover-zoom dt-pswp-item\" title=\"3 agosto\" data-dt-img-description=\"\" data-large_image_width=\"1754\" data-large_image_height=\"2480\"href='https:\/\/www.radiopiu.net\/wordpress\/wp-content\/uploads\/2024\/07\/3-agosto.jpg'><img loading=\"lazy\" decoding=\"async\" width=\"150\" height=\"150\" src=\"https:\/\/www.radiopiu.net\/wordpress\/wp-content\/uploads\/2024\/07\/3-agosto-150x150.jpg\" class=\"attachment-thumbnail size-thumbnail\" alt=\"\" aria-describedby=\"gallery-2-401347\" \/><\/a>\n\t\t\t\t<\/dt>\n\t\t\t\t\t<dd class='wp-caption-text gallery-caption' id='gallery-2-401347'>\n\t\t\t\t\tIL 3 AGOSTO AL CENTRO ASTRONOMICO DI ARSON\n\t\t\t\t\t<\/dd><\/dl>\n\t\t\t\t<br style='clear: both' \/>\n\t\t\t<\/div>\n\n<p><strong>\u00a0<\/strong><\/p>\n<p><strong>TORNANO LE PROIEZIONI AL CINEMA DOLOMITI DI FALCADE. FINE SETTIMANA DEDICATO AL FILM COMMEDIA &#8220;UN MONDO A PARTE&#8221;. SPETTACOLI VENERD\u00cc, SABATO E DOMENICA ALLE 21:15. DOMENICA ANCHE ALLE 17<\/strong><\/p>\n<p><span style=\"color: #ff0000;\"><strong>AGORDO<\/strong><\/span> NATURAL-MENTE OLISTICO.BAR DELLE BOCCE AL PARCO GIOCHI, UN&#8217;ESTATE DI DIVERTIMENTO E APPUNTAMENTI 27-28 LUGLIO, DALLE 10 ALLE 18 CON INGRESSO LIBERO A TUTTI E GRATUITO: FINE SETTIMANA DEDICATO ALLE DISCIPLINE OLISTICHE E DEL BENESSERE. PROVA DAL VIVO LE DIVERSE TECNICHE DI RISVEGLIO SPIRTUALE ED AUTOCONSAPEVOLEZZA CON GLI OPERATORI PROFESSIONISTI. SU PRENOTAZIONE BAGNI DI GONG, QI GONG, YOUGA E TAI CHI. BOCCIODROMO DI VIA PAGANINI, INFO 351 7658800\u00a0 ANCHE SU FACEBOOK<\/p>\n<p><strong><span style=\"color: #ff0000;\">ALLEGHE<\/span> <\/strong>OGGI ALLE 10.30 IL NUOVO TRAILER DEI CERCATORI, DALLE 17 LA MUSICA DEI WILLY BOYS BAND. ALLE 19&#8230; SPIEDO PER TUTTI&#8230; ANCHE DA ASPORTO, PRENOTALO ENTRO MERCOLEDI 24 LUGLIO AL 347 571 5279 E TUTTI I GIORNI.. LABORATORIO CREATIVO..VIENI A DIPINGERE I SASSI E&#8230; PORTARE UN SORRISO<\/p>\n<p><strong><a class=\"dt-pswp-item\" href=\"https:\/\/www.radiopiu.net\/wordpress\/wp-content\/uploads\/2024\/07\/Cappella-Fulcis-chiesa-San-Pietro-Belluno.jpg\" data-dt-img-description=\"\" data-large_image_width=\"400\" data-large_image_height=\"600\"><img loading=\"lazy\" decoding=\"async\" class=\" wp-image-400831 alignleft\" src=\"https:\/\/www.radiopiu.net\/wordpress\/wp-content\/uploads\/2024\/07\/Cappella-Fulcis-chiesa-San-Pietro-Belluno-200x300.jpg\" alt=\"\" width=\"153\" height=\"230\" srcset=\"https:\/\/www.radiopiu.net\/wordpress\/wp-content\/uploads\/2024\/07\/Cappella-Fulcis-chiesa-San-Pietro-Belluno-200x300.jpg 200w, https:\/\/www.radiopiu.net\/wordpress\/wp-content\/uploads\/2024\/07\/Cappella-Fulcis-chiesa-San-Pietro-Belluno.jpg 400w\" sizes=\"auto, (max-width: 153px) 100vw, 153px\" \/><\/a><\/strong><strong>COMELICO<\/strong> Domenica 28 luglio alle16:00 presso le sale espositive dello SPORT HOTEL di Padola inaugurazione della personale dell&#8217;artista Vico CALABRO&#8217;. La mostra sar\u00e0 vistitabile tutti i giorni sino al 15 settembre.<\/p>\n<\/div>\n<\/div>\n<\/div>\n<p><strong>BELLUNO<\/strong> Visite gratuite alla chiesa di San Pietro con l&#8217;associazione Campedel., dal 28 luglio al 1 settembre dalle 15.30 alle 18. Domenica 4 agosto alle 17 trio vocale Veronica Fregona, Maria Silvia Roveri, Radmila Visentin;\u00a0 domenica 11 agosto I Cavalieri di Malta, conferenza di Marco Perale, domenica 1 settembre Biblioteche e libri Francescani a cura di Jacopo De Pasquale. Prenotazione non necessaria (foto)<\/p>\n<p>&nbsp;<\/p>\n<h2><span style=\"color: #0000ff;\">PROSSIMAMENTE<\/span><\/h2>\n<p><span style=\"color: #ff0000;\"><strong>FALCADE<\/strong><\/span> aperitivo allo Stella Alpina. Tra il verde, nella meraviglia delle Dolomiti, Il venerdi sera allo Stella Alpina, in centro a Falcade \u00e8&#8230;tutt&#8217;un&#8217;altra estate e che estate!\u00a0 L&#8217;aperitivo&#8230;che non \u00e8 mai da solo.. ma accompagnato da stuzzicherie che affasciano anche i palati pi\u00f9 difficili. ad ogni appuntamento&#8230; una specialit\u00e0 diversa.<\/p>\n<p><strong>AGORDO<\/strong> Mercatino Dolomiti Agordine, antiquariato, domenica 4 e 10 agosto ad Agordo, 13 agosto Forcella Aurine.<\/p>\n<p><span style=\"color: #ff0000;\"><strong>SOSPIROLO<\/strong><\/span> dal 29 luglio al 4 agosto agli impianti sportivi a Gron di Sospirolo, al Pr\u00e0 dela Melia, FESTA CAMPESTRE CON LA PROLOCO MONTI DEL SOLE<\/p>\n<p><span style=\"color: #ff0000;\"><strong>CANALE D&#8217;AGORDO <\/strong><\/span><span style=\"font-family: Arial;\">Abbashow, band tributo agli Abba, LA GRANDE MUSICA IN VALLE DI GARES CON\u00a0 la Pro Loco di Canale d&#8217;Agordo\u00a0 <\/span><span style=\"font-family: Arial;\"><i>2\u00b0 concerto a<\/i><i>ll&#8217;aperto TRA LE DOLOMITI.<\/i><strong><i>&#8230; <\/i><\/strong>LUNEDI 5 AGOSTO ALLE 15&#8230;.\u00a0 in Localit\u00e0 Pian De Giare <\/span><span style=\"font-family: Arial;\">I biglietti sono disponibili ALl&#8217;ufficio pro loco di Canale d&#8217;Agordo e allo stand del Salotto delle Dolomiti. Di seguito i prezzi: <\/span>Abbashow&#8230;the first italian abba tribute band&#8230; il concerto&#8230; nella natura<\/p>\n<p><strong>4 SERATE DI CULTURA<\/strong> E AVVENTURA IN COLLABORAZIONE CON IL CENTRO STUDI MONTAGNA SOSPIROLOSE, INIZIO ALLE 20.45: LUNEDI 29 LUGLIO, OTTAVA EDIZIONE DI &#8220;OLTRE I FERUCH&#8221;, SERATA DI MONTAGNA CON MARCO CASSOL E AMICI; 30 LUGLIO PRESENTAZIONE DEL LIBRO &#8220;SAPORI DELLA VALBELLUNA&#8221; DE IL VESES, CON DEGUSTAZIONE. 31 LUGLIO COMMEDIA CON LA COMPAGNIA TEATRO DEL CUORE &#8220;L&#8217;ALBERGO DEI NEVRASTENICI&#8221;. GIOVEDI 1 AGOSTO LA CAMPIONESSA DI CICLISMO SOSPIROLESE VIRGINIA IACCARINO SI RACCONTA.<\/p>\n<p><strong>FALCADE <\/strong>SABATO 3 AGOSTO ALL&#8217;HOTEL STELLA ALPINA DI FALCADE LA GIORNATA OLISTICA PER IL BENESSERE DI ANIMA E CORPO. DALLE 10 ALLE 22 TANTE PRATICHE PER RILASSARE CORPO E MENTE E ALLE 20:30 IL BAGNO SONORO CON CAMPANE TIBETANE<\/p>\n<p><strong>PROLOCO MONTI DEL SOLE, DA OLTRE 50 ANNI TI PORTA IN PISTA,<\/strong> AD AGOSTO TRE GIORNI NELLA STRUTTURA AL COPERTO CON doppia PISTA DA BALLO PROFESSIONALE. VENERDI 2 AGOSTO ORCHESTRA SORRISO, E ORCHESTRA &#8220;GRAN CAFE&#8217; ITALIA&#8221;, PIATTO DEL GIORNO LA PORCHETTA. SABATO 3 AGOSTO ORCHESTRA &#8220;RIFLESSO&#8221; E &#8220;GIANCARLO CON LA SANTA MONICA BAND&#8221;, DALLE CUCINE LE TROTE DEL MIS. DOMENICA 4 AGOSTO: NEL PIATTO LA TAGLIATA DI CAVALLO E IL BACCALA&#8217; PER CENA, SUL PALCO L&#8217;ORCHESTRA &#8220;ISSAM E CHIARA&#8230; A TEMPO DI SAMBA&#8221;, dalla CONSOLLE il DJ ARIZONA<\/p>\n<div><\/div>\n<p>&nbsp;<\/p>\n<hr \/>\n<p>&nbsp;<\/p>\n<p><a class=\"dt-pswp-item\" href=\"https:\/\/www.radiopiu.net\/wordpress\/wp-content\/uploads\/2018\/09\/viabilita.jpeg\" data-dt-img-description=\"\" data-large_image_width=\"800\" data-large_image_height=\"100\"><img loading=\"lazy\" decoding=\"async\" class=\"aligncenter wp-image-61954 size-full\" src=\"https:\/\/www.radiopiu.net\/wordpress\/wp-content\/uploads\/2018\/09\/viabilita.jpeg\" alt=\"\" width=\"800\" height=\"100\" srcset=\"https:\/\/www.radiopiu.net\/wordpress\/wp-content\/uploads\/2018\/09\/viabilita.jpeg 800w, https:\/\/www.radiopiu.net\/wordpress\/wp-content\/uploads\/2018\/09\/viabilita-300x38.jpeg 300w, https:\/\/www.radiopiu.net\/wordpress\/wp-content\/uploads\/2018\/09\/viabilita-768x96.jpeg 768w\" sizes=\"auto, (max-width: 800px) 100vw, 800px\" \/><\/a><\/p>\n<p>&nbsp;<\/p>\n<p><a class=\"dt-pswp-item\" href=\"https:\/\/www.radiopiu.net\/wordpress\/wp-content\/uploads\/2023\/12\/botol-car-service.jpg\" data-dt-img-description=\"\" data-large_image_width=\"600\" data-large_image_height=\"600\"><img loading=\"lazy\" decoding=\"async\" class=\"size-medium wp-image-367044 aligncenter\" src=\"https:\/\/www.radiopiu.net\/wordpress\/wp-content\/uploads\/2023\/12\/botol-car-service-300x300.jpg\" alt=\"\" width=\"300\" height=\"300\" srcset=\"https:\/\/www.radiopiu.net\/wordpress\/wp-content\/uploads\/2023\/12\/botol-car-service-300x300.jpg 300w, https:\/\/www.radiopiu.net\/wordpress\/wp-content\/uploads\/2023\/12\/botol-car-service-150x150.jpg 150w, https:\/\/www.radiopiu.net\/wordpress\/wp-content\/uploads\/2023\/12\/botol-car-service.jpg 600w\" sizes=\"auto, (max-width: 300px) 100vw, 300px\" \/><\/a><\/p>\n<p>&nbsp;<\/p>\n<p>&nbsp;<\/p>\n<h1>BOLLETTINO QUOTIDIANO, CLICCA QUI<\/h1>\n<blockquote class=\"wp-embedded-content\" data-secret=\"DN28KV3R4v\"><p><a href=\"https:\/\/www.radiopiu.net\/wordpress\/viabilita-2\/\">viabilita<\/a><\/p><\/blockquote>\n<p><iframe loading=\"lazy\" class=\"wp-embedded-content\" sandbox=\"allow-scripts\" security=\"restricted\" style=\"position: absolute; visibility: hidden;\" title=\"&#8220;viabilita&#8221; &#8212; Radio Pi\u00f9\" src=\"https:\/\/www.radiopiu.net\/wordpress\/viabilita-2\/embed\/#?secret=DLUeD4TAsA#?secret=DN28KV3R4v\" data-secret=\"DN28KV3R4v\" width=\"600\" height=\"338\" frameborder=\"0\" marginwidth=\"0\" marginheight=\"0\" scrolling=\"no\"><\/iframe><\/p>\n<p>&nbsp;<\/p>\n<p>&nbsp;<\/p>\n<hr \/>\n<p>&nbsp;<\/p>\n<p><a class=\"dt-pswp-item\" href=\"https:\/\/www.radiopiu.net\/wordpress\/wp-content\/uploads\/2018\/09\/WhatsApp-Image-2018-09-20-at-16.04.06.jpeg\" data-dt-img-description=\"\" data-large_image_width=\"800\" data-large_image_height=\"100\"><img loading=\"lazy\" decoding=\"async\" class=\"wp-image-61378 size-full aligncenter\" src=\"https:\/\/www.radiopiu.net\/wordpress\/wp-content\/uploads\/2018\/09\/WhatsApp-Image-2018-09-20-at-16.04.06.jpeg\" alt=\"\" width=\"800\" height=\"100\" srcset=\"https:\/\/www.radiopiu.net\/wordpress\/wp-content\/uploads\/2018\/09\/WhatsApp-Image-2018-09-20-at-16.04.06.jpeg 800w, https:\/\/www.radiopiu.net\/wordpress\/wp-content\/uploads\/2018\/09\/WhatsApp-Image-2018-09-20-at-16.04.06-300x38.jpeg 300w, https:\/\/www.radiopiu.net\/wordpress\/wp-content\/uploads\/2018\/09\/WhatsApp-Image-2018-09-20-at-16.04.06-768x96.jpeg 768w\" sizes=\"auto, (max-width: 800px) 100vw, 800px\" \/><\/a><\/p>\n<p><center><\/center><center><\/center><center><\/center><center><\/center><center><\/center><center><\/center>&nbsp;<\/p>\n<p><center><b>OGGI<\/b><\/center>Al mattino sole e cielo poco nuvoloso per banchi stratocumuli mattutini, in dissolvimento. Nel pomeriggio sviluppo di nuvolosit\u00e0 cumuliforme spesso modesta, ma qua e l\u00e0 anche moderata sulle Dolomiti, dove tra il tardo pomeriggio e la serata, senza poter escludere del tutto qualche focolaio d&#8217;instabilit\u00e0 convettiva.<br \/>\n<b>Precipitazioni: <\/b>Generalmente assenti, senza poter escludere del tutto qualche locale temporale di calore sulle Dolomiti settentrionali nel tardo pomeriggio\/sera<br \/>\n<b>Temperature: <\/b>In ulteriore lieve aumento<\/p>\n<hr \/>\n<p><center><b>DOMANI<\/b><\/center>Al mattino tempo ben soleggiato con qualche stratocumulo mattutino, in rapido dissolvimento. Dalle ore centrali in poi attivit\u00e0 cumuliforme spesso modesta, da aggiungere anche la presenza di banchi di stratocumulo a ridosso delle pareti esposte ad occidente. L&#8217;insidia per fenomeni convettivi rimarr\u00e0 assai contenuta, anche se non del tutto scongiurata, specie nel tardo pomeriggio\/sera.<br \/>\n<b>Precipitazioni: <\/b>Fino a met\u00e0 pomeriggio bassa, in seguito leggero aumento della probabilit\u00e0, specie sulle Dolomiti, con il flusso nord-occidentale qualche fenomeno potrebbe interessare marginalmente le Prealpi<br \/>\n<b>Temperature: <\/b>In ulteriore lieve aumento con valori decisamente superiori alla media a tutte le quote<\/p>\n<hr \/>\n<p><center><b>LUNEDI<\/b><\/center>Tempo ben soleggiato al mattino, salvo qualche banco di stratocumulo mattutino sulle Prealpi, in rapido dissolvimento. Al pomeriggio minore attivit\u00e0 cumuliforme e quasi assenza del rischio instabilit\u00e0 convettiva. Temperature stazionarie in quota ed in ulteriore lieve aumento nelle valli con mantenimento del caldo estivo, ben oltre le medie del periodo.<\/p>\n<hr \/>\n<p><center><b>MARTEDI<\/b><\/center>Tempo ben soleggiato e cielo sereno al mattino. In seguito eventuale lieve riduzione del soleggiamento per modesta attivit\u00e0 cumuliforme. Il caldo sar\u00e0 onnipresente, assieme al perdurare di una grande mitezza sulle cime pi\u00f9 alte.<\/p>\n<p>&nbsp;<\/p>\n<hr \/>\n<p>&nbsp;<\/p>\n<p><a class=\"dt-pswp-item\" href=\"https:\/\/www.radiopiu.net\/wordpress\/wp-content\/uploads\/2018\/09\/sport.jpg\" data-dt-img-description=\"\" data-large_image_width=\"800\" data-large_image_height=\"100\"><img loading=\"lazy\" decoding=\"async\" class=\"aligncenter wp-image-60761 size-full\" src=\"https:\/\/www.radiopiu.net\/wordpress\/wp-content\/uploads\/2018\/09\/sport.jpg\" alt=\"\" width=\"800\" height=\"100\" srcset=\"https:\/\/www.radiopiu.net\/wordpress\/wp-content\/uploads\/2018\/09\/sport.jpg 800w, https:\/\/www.radiopiu.net\/wordpress\/wp-content\/uploads\/2018\/09\/sport-300x38.jpg 300w, https:\/\/www.radiopiu.net\/wordpress\/wp-content\/uploads\/2018\/09\/sport-768x96.jpg 768w\" sizes=\"auto, (max-width: 800px) 100vw, 800px\" \/><\/a><\/p>\n<p>&nbsp;<\/p>\n<p><span style=\"color: #0000ff;\"><strong>CALCIO<\/strong><\/span><\/p>\n<blockquote>\n<h3>TEMPO DI SEMIFINALI PER IL CAMPIONATO AGORDINO DI CALCIO<\/h3>\n<\/blockquote>\n<p><strong><a class=\"dt-pswp-item\" href=\"https:\/\/www.radiopiu.net\/wordpress\/wp-content\/uploads\/2021\/09\/PALLONE-CALCIO-CSI.jpg\" data-dt-img-description=\"\" data-large_image_width=\"956\" data-large_image_height=\"637\"><img loading=\"lazy\" decoding=\"async\" class=\" wp-image-233126 alignleft\" src=\"https:\/\/www.radiopiu.net\/wordpress\/wp-content\/uploads\/2021\/09\/PALLONE-CALCIO-CSI-300x200.jpg\" alt=\"\" width=\"209\" height=\"139\" srcset=\"https:\/\/www.radiopiu.net\/wordpress\/wp-content\/uploads\/2021\/09\/PALLONE-CALCIO-CSI-300x200.jpg 300w, https:\/\/www.radiopiu.net\/wordpress\/wp-content\/uploads\/2021\/09\/PALLONE-CALCIO-CSI-768x512.jpg 768w, https:\/\/www.radiopiu.net\/wordpress\/wp-content\/uploads\/2021\/09\/PALLONE-CALCIO-CSI.jpg 956w\" sizes=\"auto, (max-width: 209px) 100vw, 209px\" \/><\/a>DI MARCO GAZ<\/strong><\/p>\n<p><strong>REDAZIONE <\/strong>Penultimo atto del Campionato Agordino di calcio, Memorial Attilio Moretti. Il campo di Rivamonte sar\u00e0 il teatro delle semifinali in programma domani pomeriggio. Domani sera conosceremo quali saranno le finaliste dell\u2019edizione 2024 del torneo calcistico di vallata. Radio Pi\u00f9 sar\u00e0 in prima linea con una lunga diretta con le radiocronache delle due sfide in programma<\/p>\n<p><strong>VOLTAGO \u2013 VALLADA (55%-45% \/ alle 15)<\/strong><\/p>\n<p>Senza dubbio una partita da non perdere, la pi\u00f9 interessante delle semifinali di Rivamonte. I campioni in carica del Voltago hanno l\u2019obbligo di dimostrare che per il quinto anno consecutivo sono la formazione da battere ma di fronte si trovano un Vallada che fino ad ora non ha mai perso una partita. Si preannuncia una battaglia epica che sar\u00e0 decisa da un episodio con lo spauracchio che il match venga deciso oltre gli 80\u2019 canonici.<\/p>\n<p><strong>CAPRILE \u2013 LE VILLE (40%-60% \/ alle 17:30)<\/strong><\/p>\n<p>Sulla carta la favorita alla vigilia \u00e8 il Le Ville, nonostante che la formazione di Agordo abbia faticato a passare il turno sette giorni fa con il La Valle. I ragazzi di Danilo Chenet non vogliono gettare al vento l\u2019occasione di accedere alla finalissima di Taibon. Di fronte un Caprile che in rimonta ha superato il Canale. La squadra della Val Cordevole ha un attacco prolifico e sicuramente il Le Ville non lascer\u00e0 tanti spazi. Gli episodi saranno decisivi.<\/p>\n<p><strong>IN CAMPO ANCHE I RAGAZZI DEL GIOVANILE<\/strong><\/p>\n<p>Oggi a Canale D\u2019Agordo in campo anche i ragazzi del campionato under 14 dedicato alla memoria di Gabriele Orzetti. Alle 15 la prima semifinale tra Taibon e Cencenighe, alle 17 sar\u00e0 il turno di Canale contro Caprile. Le vincenti si scontreranno a Taibon il 4 agosto.<\/p>\n<p><strong>IN RICORDO DI EZIO ANDRICH<\/strong><\/p>\n<p>Sia oggi che domani le partite inizieranno con un minuto di raccoglimento in memoria di Ezio Andrich, l\u2019arbitro canalino che nei giorni scorsi \u00e8 mancato. Un ricordo voluto fortemente dalla sezione arbitri del CSI. Ezio aveva arbitrato per decenni il Campionato Agordino con particolare attenzione al torneo giovanile dove si impegnava ad insegnare le regole del gioco del calcio ai giovani agordini.<\/p>\n<p>&nbsp;<\/p>\n<p><span style=\"color: #0000ff;\"><strong>MOTORI<\/strong><\/span><\/p>\n<blockquote>\n<h3>TEMPO DI PROVE PER L&#8217;ALPE DEL NEVEGAL 2024<\/h3>\n<\/blockquote>\n<p><strong><a class=\"dt-pswp-item\" href=\"https:\/\/www.radiopiu.net\/wordpress\/wp-content\/uploads\/2024\/07\/60c9837f-8ee1-42e7-9145-95b540957ba8.jpg\" data-dt-img-description=\"\" data-large_image_width=\"1100\" data-large_image_height=\"733\"><img loading=\"lazy\" decoding=\"async\" class=\" wp-image-401667 alignleft\" src=\"https:\/\/www.radiopiu.net\/wordpress\/wp-content\/uploads\/2024\/07\/60c9837f-8ee1-42e7-9145-95b540957ba8-300x200.jpg\" alt=\"\" width=\"210\" height=\"140\" srcset=\"https:\/\/www.radiopiu.net\/wordpress\/wp-content\/uploads\/2024\/07\/60c9837f-8ee1-42e7-9145-95b540957ba8-300x200.jpg 300w, https:\/\/www.radiopiu.net\/wordpress\/wp-content\/uploads\/2024\/07\/60c9837f-8ee1-42e7-9145-95b540957ba8-1024x682.jpg 1024w, https:\/\/www.radiopiu.net\/wordpress\/wp-content\/uploads\/2024\/07\/60c9837f-8ee1-42e7-9145-95b540957ba8-768x512.jpg 768w, https:\/\/www.radiopiu.net\/wordpress\/wp-content\/uploads\/2024\/07\/60c9837f-8ee1-42e7-9145-95b540957ba8.jpg 1100w\" sizes=\"auto, (max-width: 210px) 100vw, 210px\" \/><\/a>BELLUNO<\/strong><\/p>\n<p>DI ROBERTO BONA<\/p>\n<p>Nella foto di Flavio Casoni, Luigi Fazzino, il siciliano under 25 grande favorito della 50^ Alpe del Nevegal<\/p>\n<audio class=\"wp-audio-shortcode\" id=\"audio-401538-11\" preload=\"none\" style=\"width: 100%;\" controls=\"controls\"><source type=\"audio\/mpeg\" src=\"https:\/\/www.radiopiu.net\/wordpress\/wp-content\/uploads\/2024\/07\/gr-27-sport-nevegal-bona.mp3?_=11\" \/><a href=\"https:\/\/www.radiopiu.net\/wordpress\/wp-content\/uploads\/2024\/07\/gr-27-sport-nevegal-bona.mp3\">https:\/\/www.radiopiu.net\/wordpress\/wp-content\/uploads\/2024\/07\/gr-27-sport-nevegal-bona.mp3<\/a><\/audio>\n<p>&nbsp;<\/p>\n<p><span style=\"color: #0000ff;\"><strong>CICLISMO<\/strong><\/span><\/p>\n<blockquote>\n<h3>AD AGOSTO LA SETTIMANA DEL CICLISMO A CESIOMAGGIORE<\/h3>\n<\/blockquote>\n<p><strong>CESIOMAGGIORE<\/strong> Cesiomaggiore si prepara alla Settimana del Ciclismo: a met\u00e0 agosto il paese della Destra Piave ospiter\u00e0 eventi sportivi, culturali e turistici legati al mondo delle due ruote.<\/p>\n<p>DI DANIELE DALVIT<\/p>\n<audio class=\"wp-audio-shortcode\" id=\"audio-401538-12\" preload=\"none\" style=\"width: 100%;\" controls=\"controls\"><source type=\"audio\/mpeg\" src=\"https:\/\/www.radiopiu.net\/wordpress\/wp-content\/uploads\/2024\/07\/Servizio-Presentazione-Settimana-ciclismo-Cesiomaggiore.mp3?_=12\" \/><a href=\"https:\/\/www.radiopiu.net\/wordpress\/wp-content\/uploads\/2024\/07\/Servizio-Presentazione-Settimana-ciclismo-Cesiomaggiore.mp3\">https:\/\/www.radiopiu.net\/wordpress\/wp-content\/uploads\/2024\/07\/Servizio-Presentazione-Settimana-ciclismo-Cesiomaggiore.mp3<\/a><\/audio>\n<p>&nbsp;<\/p>\n\n\t\t\t<style type='text\/css'>\n\t\t\t\t#gallery-3 {\n\t\t\t\t\tmargin: auto;\n\t\t\t\t}\n\t\t\t\t#gallery-3 .gallery-item {\n\t\t\t\t\tfloat: left;\n\t\t\t\t\tmargin-top: 10px;\n\t\t\t\t\ttext-align: center;\n\t\t\t\t\twidth: 50%;\n\t\t\t\t}\n\t\t\t\t#gallery-3 img {\n\t\t\t\t\tborder: 2px solid #cfcfcf;\n\t\t\t\t}\n\t\t\t\t#gallery-3 .gallery-caption {\n\t\t\t\t\tmargin-left: 0;\n\t\t\t\t}\n\t\t\t\t\/* see gallery_shortcode() in wp-includes\/media.php *\/\n\t\t\t<\/style>\n\t\t<div id='gallery-3' class='dt-gallery-container gallery galleryid-401538 gallery-columns-2 gallery-size-medium'><dl class='gallery-item'>\n\t\t\t\t<dt class='gallery-icon landscape'>\n\t\t\t\t\t<a class=\"rollover rollover-zoom dt-pswp-item\" title=\"ed261811-a850-4aec-9bfa-c598979695c9\" data-dt-img-description=\"\" data-large_image_width=\"2048\" data-large_image_height=\"1536\"href='https:\/\/www.radiopiu.net\/wordpress\/wp-content\/uploads\/2024\/07\/ed261811-a850-4aec-9bfa-c598979695c9.jpg'><img loading=\"lazy\" decoding=\"async\" width=\"300\" height=\"225\" src=\"https:\/\/www.radiopiu.net\/wordpress\/wp-content\/uploads\/2024\/07\/ed261811-a850-4aec-9bfa-c598979695c9-300x225.jpg\" class=\"attachment-medium size-medium\" alt=\"\" srcset=\"https:\/\/www.radiopiu.net\/wordpress\/wp-content\/uploads\/2024\/07\/ed261811-a850-4aec-9bfa-c598979695c9-300x225.jpg 300w, https:\/\/www.radiopiu.net\/wordpress\/wp-content\/uploads\/2024\/07\/ed261811-a850-4aec-9bfa-c598979695c9-1024x768.jpg 1024w, https:\/\/www.radiopiu.net\/wordpress\/wp-content\/uploads\/2024\/07\/ed261811-a850-4aec-9bfa-c598979695c9-768x576.jpg 768w, https:\/\/www.radiopiu.net\/wordpress\/wp-content\/uploads\/2024\/07\/ed261811-a850-4aec-9bfa-c598979695c9-1536x1152.jpg 1536w, https:\/\/www.radiopiu.net\/wordpress\/wp-content\/uploads\/2024\/07\/ed261811-a850-4aec-9bfa-c598979695c9.jpg 2048w\" sizes=\"auto, (max-width: 300px) 100vw, 300px\" \/><\/a>\n\t\t\t\t<\/dt><\/dl><dl class='gallery-item'>\n\t\t\t\t<dt class='gallery-icon landscape'>\n\t\t\t\t\t<a class=\"rollover rollover-zoom dt-pswp-item\" title=\"3459d8af-bf01-4a2f-a6e5-2c23072a51f4\" data-dt-img-description=\"\" data-large_image_width=\"2048\" data-large_image_height=\"1536\"href='https:\/\/www.radiopiu.net\/wordpress\/wp-content\/uploads\/2024\/07\/3459d8af-bf01-4a2f-a6e5-2c23072a51f4.jpg'><img loading=\"lazy\" decoding=\"async\" width=\"300\" height=\"225\" src=\"https:\/\/www.radiopiu.net\/wordpress\/wp-content\/uploads\/2024\/07\/3459d8af-bf01-4a2f-a6e5-2c23072a51f4-300x225.jpg\" class=\"attachment-medium size-medium\" alt=\"\" srcset=\"https:\/\/www.radiopiu.net\/wordpress\/wp-content\/uploads\/2024\/07\/3459d8af-bf01-4a2f-a6e5-2c23072a51f4-300x225.jpg 300w, https:\/\/www.radiopiu.net\/wordpress\/wp-content\/uploads\/2024\/07\/3459d8af-bf01-4a2f-a6e5-2c23072a51f4-1024x768.jpg 1024w, https:\/\/www.radiopiu.net\/wordpress\/wp-content\/uploads\/2024\/07\/3459d8af-bf01-4a2f-a6e5-2c23072a51f4-768x576.jpg 768w, https:\/\/www.radiopiu.net\/wordpress\/wp-content\/uploads\/2024\/07\/3459d8af-bf01-4a2f-a6e5-2c23072a51f4-1536x1152.jpg 1536w, https:\/\/www.radiopiu.net\/wordpress\/wp-content\/uploads\/2024\/07\/3459d8af-bf01-4a2f-a6e5-2c23072a51f4.jpg 2048w\" sizes=\"auto, (max-width: 300px) 100vw, 300px\" \/><\/a>\n\t\t\t\t<\/dt><\/dl><br style=\"clear: both\" \/>\n\t\t\t<\/div>\n\n<p>&nbsp;<\/p>\n<p>&nbsp;<\/p>\n<hr \/>\n<p>&nbsp;<\/p>\n<h2><span style=\"color: #99cc00;\">GOODBYE BY BICICLE&#8230;UN VIAGGIO DALL&#8217;INDIA A SEREN DEL GRAPPA IN BICICLETTA<\/span><\/h2>\n<p><span style=\"color: #ff0000;\"><strong>PUNTATA 22 &#8211; L&#8217;ARRIVO IN TRANSILVANIA<\/strong><\/span><\/p>\n<audio class=\"wp-audio-shortcode\" id=\"audio-401538-13\" preload=\"none\" style=\"width: 100%;\" controls=\"controls\"><source type=\"audio\/mpeg\" src=\"https:\/\/www.radiopiu.net\/wordpress\/wp-content\/uploads\/2024\/07\/AIRE-INDIA-PUNTATA-22.mp3?_=13\" \/><a href=\"https:\/\/www.radiopiu.net\/wordpress\/wp-content\/uploads\/2024\/07\/AIRE-INDIA-PUNTATA-22.mp3\">https:\/\/www.radiopiu.net\/wordpress\/wp-content\/uploads\/2024\/07\/AIRE-INDIA-PUNTATA-22.mp3<\/a><\/audio>\n<p>&nbsp;<\/p>\n<p><strong>PER VISITARE I SITI DEI LUOGHI VISITATI, CLICCA SULLE SEGUENTI SCRITTE: <span style=\"color: #3366ff;\"><a href=\"https:\/\/www.instagram.com\/a.casacluj?igsh=YmRwazl4eXpvZXVi\">CASACLUJ<\/a>\u00a0 \u00a0<a href=\"https:\/\/www.instagram.com\/filaret.saispe?igsh=cmRzanBsaTBlOTZx\">FILARET 16<\/a><\/span><\/strong><\/p>\n<p>&nbsp;<\/p>\n\n\t\t\t<style type='text\/css'>\n\t\t\t\t#gallery-4 {\n\t\t\t\t\tmargin: auto;\n\t\t\t\t}\n\t\t\t\t#gallery-4 .gallery-item {\n\t\t\t\t\tfloat: left;\n\t\t\t\t\tmargin-top: 10px;\n\t\t\t\t\ttext-align: center;\n\t\t\t\t\twidth: 25%;\n\t\t\t\t}\n\t\t\t\t#gallery-4 img {\n\t\t\t\t\tborder: 2px solid #cfcfcf;\n\t\t\t\t}\n\t\t\t\t#gallery-4 .gallery-caption {\n\t\t\t\t\tmargin-left: 0;\n\t\t\t\t}\n\t\t\t\t\/* see gallery_shortcode() in wp-includes\/media.php *\/\n\t\t\t<\/style>\n\t\t<div id='gallery-4' class='dt-gallery-container gallery galleryid-401538 gallery-columns-4 gallery-size-thumbnail'><dl class='gallery-item'>\n\t\t\t\t<dt class='gallery-icon landscape'>\n\t\t\t\t\t<a class=\"rollover rollover-zoom dt-pswp-item\" title=\"55e97520-ba98-42c3-9d59-a8b3a28aeeb5\" data-dt-img-description=\"\" data-large_image_width=\"1600\" data-large_image_height=\"1200\"href='https:\/\/www.radiopiu.net\/wordpress\/wp-content\/uploads\/2024\/07\/55e97520-ba98-42c3-9d59-a8b3a28aeeb5.jpg'><img loading=\"lazy\" decoding=\"async\" width=\"150\" height=\"150\" src=\"https:\/\/www.radiopiu.net\/wordpress\/wp-content\/uploads\/2024\/07\/55e97520-ba98-42c3-9d59-a8b3a28aeeb5-150x150.jpg\" class=\"attachment-thumbnail size-thumbnail\" alt=\"\" \/><\/a>\n\t\t\t\t<\/dt><\/dl><dl class='gallery-item'>\n\t\t\t\t<dt class='gallery-icon landscape'>\n\t\t\t\t\t<a class=\"rollover rollover-zoom dt-pswp-item\" title=\"df58fd81-d68a-4b6e-9666-c7d45eceb0ec\" data-dt-img-description=\"\" data-large_image_width=\"1600\" data-large_image_height=\"1200\"href='https:\/\/www.radiopiu.net\/wordpress\/wp-content\/uploads\/2024\/07\/df58fd81-d68a-4b6e-9666-c7d45eceb0ec.jpg'><img loading=\"lazy\" decoding=\"async\" width=\"150\" height=\"150\" src=\"https:\/\/www.radiopiu.net\/wordpress\/wp-content\/uploads\/2024\/07\/df58fd81-d68a-4b6e-9666-c7d45eceb0ec-150x150.jpg\" class=\"attachment-thumbnail size-thumbnail\" alt=\"\" \/><\/a>\n\t\t\t\t<\/dt><\/dl><dl class='gallery-item'>\n\t\t\t\t<dt class='gallery-icon portrait'>\n\t\t\t\t\t<a class=\"rollover rollover-zoom dt-pswp-item\" title=\"18a98162-27cd-487d-bbfe-285f09087da5\" data-dt-img-description=\"\" data-large_image_width=\"1500\" data-large_image_height=\"2000\"href='https:\/\/www.radiopiu.net\/wordpress\/wp-content\/uploads\/2024\/07\/18a98162-27cd-487d-bbfe-285f09087da5.jpg'><img loading=\"lazy\" decoding=\"async\" width=\"150\" height=\"150\" src=\"https:\/\/www.radiopiu.net\/wordpress\/wp-content\/uploads\/2024\/07\/18a98162-27cd-487d-bbfe-285f09087da5-150x150.jpg\" class=\"attachment-thumbnail size-thumbnail\" alt=\"\" \/><\/a>\n\t\t\t\t<\/dt><\/dl><dl class='gallery-item'>\n\t\t\t\t<dt class='gallery-icon portrait'>\n\t\t\t\t\t<a class=\"rollover rollover-zoom dt-pswp-item\" title=\"2c530442-97f8-42ac-8653-8f94ba068813\" data-dt-img-description=\"\" data-large_image_width=\"1200\" data-large_image_height=\"1600\"href='https:\/\/www.radiopiu.net\/wordpress\/wp-content\/uploads\/2024\/07\/2c530442-97f8-42ac-8653-8f94ba068813.jpg'><img loading=\"lazy\" decoding=\"async\" width=\"150\" height=\"150\" src=\"https:\/\/www.radiopiu.net\/wordpress\/wp-content\/uploads\/2024\/07\/2c530442-97f8-42ac-8653-8f94ba068813-150x150.jpg\" class=\"attachment-thumbnail size-thumbnail\" alt=\"\" \/><\/a>\n\t\t\t\t<\/dt><\/dl><br style=\"clear: both\" \/>\n\t\t\t<\/div>\n\n<p>&nbsp;<\/p>\n<h2>LA RACCOLTA COMPLETA <a href=\"https:\/\/www.radiopiu.net\/wordpress\/goodbye-by-bicicle-un-viaggio-dallindia-a-seren-del-grappa-in-bicicletta-22\/\"><span style=\"color: #3366ff;\">CLICCA QUI<\/span><\/a><\/h2>\n<p>&nbsp;<\/p>\n<p>&nbsp;<\/p>\n<p>&nbsp;<\/p>\n<p>&nbsp;<\/p>\n","protected":false},"excerpt":{"rendered":"<p>******* &nbsp; ATTENZIONE: LA NUOVA APP PER IOS-IPHONE di Nicola Vettorello https:\/\/apps.apple.com\/it\/app\/radio-pi%C3%B9-emittente-agordina\/id1515939845 ATTENZIONE: LA NUOVA APP RADIO\u00a0 PER ANDROID di Nicola Vettorello https:\/\/play.google.com\/store\/apps\/details?id=net.radiopiu.iniko\u00a0\u00a0\u00a0 &nbsp; viabilita&#8217; interdizione totale ROCCA PIETORE: OGGI\u00a0 DALLE 8.15 ALLE 17\u00a0 CHIUSURA TOTALE DALLE 563 DI SALESEI IN LOCALITA&#8217; DIGONERA\u00a0 &nbsp; &nbsp; OGGI ALLA RADIO.&#8230; ALLE 4 E ALLE 6 LE NOTIZIE&hellip;<\/p>\n","protected":false},"author":4,"featured_media":401576,"comment_status":"closed","ping_status":"closed","sticky":false,"template":"","format":"standard","meta":{"_monsterinsights_skip_tracking":false,"_monsterinsights_sitenote_active":false,"_monsterinsights_sitenote_note":"","_monsterinsights_sitenote_category":0,"footnotes":""},"categories":[51,86,49],"tags":[],"class_list":["post-401538","post","type-post","status-publish","format-standard","has-post-thumbnail","hentry","category-evidenza-top","category-gr","category-news-18","category-51","category-86","category-49","description-off"],"img_url":"https:\/\/www.radiopiu.net\/wordpress\/wp-content\/uploads\/2024\/07\/Watermark_20240726_092242_659.jpg","_links":{"self":[{"href":"https:\/\/www.radiopiu.net\/wordpress\/wp-json\/wp\/v2\/posts\/401538","targetHints":{"allow":["GET"]}}],"collection":[{"href":"https:\/\/www.radiopiu.net\/wordpress\/wp-json\/wp\/v2\/posts"}],"about":[{"href":"https:\/\/www.radiopiu.net\/wordpress\/wp-json\/wp\/v2\/types\/post"}],"author":[{"embeddable":true,"href":"https:\/\/www.radiopiu.net\/wordpress\/wp-json\/wp\/v2\/users\/4"}],"replies":[{"embeddable":true,"href":"https:\/\/www.radiopiu.net\/wordpress\/wp-json\/wp\/v2\/comments?post=401538"}],"version-history":[{"count":0,"href":"https:\/\/www.radiopiu.net\/wordpress\/wp-json\/wp\/v2\/posts\/401538\/revisions"}],"wp:featuredmedia":[{"embeddable":true,"href":"https:\/\/www.radiopiu.net\/wordpress\/wp-json\/wp\/v2\/media\/401576"}],"wp:attachment":[{"href":"https:\/\/www.radiopiu.net\/wordpress\/wp-json\/wp\/v2\/media?parent=401538"}],"wp:term":[{"taxonomy":"category","embeddable":true,"href":"https:\/\/www.radiopiu.net\/wordpress\/wp-json\/wp\/v2\/categories?post=401538"},{"taxonomy":"post_tag","embeddable":true,"href":"https:\/\/www.radiopiu.net\/wordpress\/wp-json\/wp\/v2\/tags?post=401538"}],"curies":[{"name":"wp","href":"https:\/\/api.w.org\/{rel}","templated":true}]}}