{"id":401568,"date":"2024-07-26T07:55:42","date_gmt":"2024-07-26T05:55:42","guid":{"rendered":"https:\/\/www.radiopiu.net\/wordpress\/?p=401568"},"modified":"2024-07-26T07:07:08","modified_gmt":"2024-07-26T05:07:08","slug":"la-rassegna-della-stampa-locale-dal-1983-di-mirko-mezzacasa-5","status":"publish","type":"post","link":"https:\/\/www.radiopiu.net\/wordpress\/la-rassegna-della-stampa-locale-dal-1983-di-mirko-mezzacasa-5\/","title":{"rendered":"LA RASSEGNA DELLA STAMPA LOCALE, DAL 1983 di Mirko Mezzacasa"},"content":{"rendered":"<p>****<\/p>\n<p><a class=\"dt-pswp-item\" href=\"https:\/\/www.radiopiu.net\/wordpress\/wp-content\/uploads\/2024\/07\/452376772_471634048921389_8356919332592609456_n.jpg\" data-dt-img-description=\"\" data-large_image_width=\"366\" data-large_image_height=\"206\"><img loading=\"lazy\" decoding=\"async\" class=\"size-medium wp-image-401556 alignleft\" src=\"https:\/\/www.radiopiu.net\/wordpress\/wp-content\/uploads\/2024\/07\/452376772_471634048921389_8356919332592609456_n-300x169.jpg\" alt=\"\" width=\"300\" height=\"169\" srcset=\"https:\/\/www.radiopiu.net\/wordpress\/wp-content\/uploads\/2024\/07\/452376772_471634048921389_8356919332592609456_n-300x169.jpg 300w, https:\/\/www.radiopiu.net\/wordpress\/wp-content\/uploads\/2024\/07\/452376772_471634048921389_8356919332592609456_n.jpg 366w\" sizes=\"auto, (max-width: 300px) 100vw, 300px\" \/><\/a>OGGI ALLA RADIO.\u2026 ALLE 4 E ALLE 6 LE NOTIZIE DALL\u2019ITALIA E DAL MONDO 6.15 PIROLE DE LENGA A CURA DEL MUSLA 7.20 EL BAL DEL FIORI, DETTI E TRADIZIONI DI GIULIANA DA RONCH 8.05 LA RASSEGNA STAMPA LOCALE 8.30 PIU\u2019 SIAMO DI MARINA DONA\u2019 9.00 PREMIER LE NOVITA\u2019 MUSICALI CON MARCO GAZ 9.15 LE PROPOSTE ANNI OTTANTA DI MONICA FONTANIVE 9.30 VIABILITA\u2019 CON BOTOL CAR SERVICE (AGORDO-SEDICO-FELTRE) 10.10 DINTORN E FORVAIA LE NOVE IN LADINO CON NORMAN DEL MUSLA 10.30 CANALE D\u2019AGORDO IL SALOTTO DELLE DOLOMITI, CON CLAUDIA TANCON E CLAUDIO COSTA 11.10 LA STORIA DEL FESTIVALBAR DI MIRCO BENCIVENNI 12.00 VA TUTTO LISCIO 12.30 GIORNALE RADIO PRINCIPALE 13.20 TRE PEZZI DI MARINA DONA\u2019 14.00 GOLDEN CLASSIC CON MARCO EDELVAIS 15.00 IL VENERDI ALLE TRE, MARINA C\u2019E\u2019, SPECIALE WEEK END 16 IL ROCK DI MARCO COSTANTINI 16.30 speciale incontro al nof filo\u2019 di cencenighe sulle piante alpine DI LUISA MANFROI 1645 LE HIT DI MIRCO BENCIVENNI 18.00 PIU\u2019 DANCE LE SELEZIONI CHE FANNO SALTARE DI DJ JACK, JACOPO DEL TEDESCO 19 LE ANTICIPAZIONI DAL TG DI ANTENNA 3 DI TIZIANA BOLOGNANI 19.10 MANUEL E DAVIDE CONEDERA, DAGLI SCAVI DEL PELSA ALLA MOSTRA FOSSILI E MINERALI<\/p>\n<p><a class=\"dt-pswp-item\" href=\"https:\/\/www.radiopiu.net\/wordpress\/wp-content\/uploads\/2024\/07\/laghl.png\" data-dt-img-description=\"\" data-large_image_width=\"205\" data-large_image_height=\"177\"><img loading=\"lazy\" decoding=\"async\" class=\"size-full wp-image-401283 alignleft\" src=\"https:\/\/www.radiopiu.net\/wordpress\/wp-content\/uploads\/2024\/07\/laghl.png\" alt=\"\" width=\"205\" height=\"177\" \/><\/a>SANTA GIUSTINA La strada comunale di Cergnai che porta all\u2019ostello dell\u2019Altanon \u00e8 chiusa per frana a causa delle piogge. Il cedimento della carreggiata, dovuto anche all\u2019erosione del torrente, ha bloccato l\u2019accesso a una casa abitata, rendendo urgente l\u2019intervento della Provincia. La famiglia pu\u00f2 comunque accedere a piedi. L\u2019ostello dovrebbe riaprire il prossimo anno.<br \/>\nCENCENIGHE I funerali di William Fa\u00e8 si svolgeranno oggi alle 16 in chiesa a Cencenighe, saranno preceduti dal rosario. Ne danno il triste annuncio la moglie Carlotta Greggio, il pap\u00e0 Remo, la mamma Renata. Gli alpini di Cencenighe abbracciano la famiglie, i parenti, gli amici e comunicano che i festeggiamenti alpini in Pineta previsti per il fine settimana sono stati momentaneamente annullati. Anche la Proloco di Cencenighe ricorda con affetto William per il suo importante contributo dato al sodalizio in veste di Presidente, fu anche presidente del Consorzio Proloco dell\u2019Agordino.<br \/>\nCANALE D\u2019AGORDO Ezio l\u2019arbitro e allenatore del Canale d\u2019Agordo nel 1989 che coincide con la conquista del trofeo Agordino. Oggi i suoi giocatori, gli amici, saranno vicini alla a moglie Miriam, ai figli Luca e Marta, alla sorella Giuseppina, cognato e parenti tutti. I funerali avranno luogo alle 14:30 nella Chiesa di Canale D\u2019Agordo.<br \/>\nIL COMMOVENTE MESSAGGIO DI GIORGIA BUSIN, E LO STRISCIONE AL \u201cMARACANAL\u201d<br \/>\nL\u2019unico arbitro che ave mai cat\u00e0 che prima de tut avea a cor el fatto che i boce i emparese. E tra chi boce hai avest la fortuna de ghe ese anca mi. &#x26bd;&#x2764;&#xfe0f; Un come ti segur no se sel desmentega.&#x1f54a;&#xfe0f;<br \/>\nPOKER DI INTERVENTI PER IL SOCCORSO ALPINO<br \/>\nA Falcade, l\u2019elicottero del Suem ha soccorso una turista olandese con problemi respiratori al Rifugio Mulaz, portandola all\u2019ospedale di Feltre. A Cortina, tre turisti americani in difficolt\u00e0 sulla Ferrata Berti sono stati recuperati dall\u2019elisoccorso, con uno di loro colto da attacco di panico. In Val di Zoldo, due escursioniste pordenonesi sono state soccorse a causa di uno smottamento sul Viaz del Cengion. Sempre a Cortina, un 72enne tedesco \u00e8 stato portato a valle dopo una caduta in bici a Rio Gere. Inoltre, il Soccorso alpino della Guardia di finanza di Auronzo \u00e8 intervenuto vicino al Rifugio Lavaredo per un\u2019escursionista con una caviglia infortunata.<\/p>\n<p>&nbsp;<\/p>\n<p><a class=\"dt-pswp-item\" href=\"https:\/\/www.radiopiu.net\/wordpress\/wp-content\/uploads\/2024\/07\/Senza-nome-103.png\" data-dt-img-description=\"\" data-large_image_width=\"421\" data-large_image_height=\"245\"><img loading=\"lazy\" decoding=\"async\" class=\"size-medium wp-image-401293 alignleft\" src=\"https:\/\/www.radiopiu.net\/wordpress\/wp-content\/uploads\/2024\/07\/Senza-nome-103-300x175.png\" alt=\"\" width=\"300\" height=\"175\" srcset=\"https:\/\/www.radiopiu.net\/wordpress\/wp-content\/uploads\/2024\/07\/Senza-nome-103-300x175.png 300w, https:\/\/www.radiopiu.net\/wordpress\/wp-content\/uploads\/2024\/07\/Senza-nome-103.png 421w\" sizes=\"auto, (max-width: 300px) 100vw, 300px\" \/><\/a>FALCADE Ieri alle 10 i Vigili del Fuoco di Agordo e Belluno, dotati di autogru, sono intervenuti in via Marmolada, nel comune di Falcade, per il recupero di un autocarro a quattro assi carico di asfalti rimasto in bilico fuori dalla carreggiata. Le operazioni di recupero si sono concluse con successo alle 14:56. Fortunatamente, nessuna persona \u00e8 rimasta ferita durante l\u2019incidente o le operazioni di soccorso.<br \/>\nLONGARONE Sul monte Buscada a Erto, una ruspa della famiglia Corona \u00e8 stata spinta lungo un dirupo, rischiando danni gravi. La famiglia gestisce un rifugio e museo nell\u2019antica cava di marmo e sospetta ritorsioni. I carabinieri indagano sull\u2019accaduto. La macchina, acquistata da poco per la manutenzione dei sentieri, \u00e8 ora danneggiata. La gestione della strada d\u2019accesso \u00e8 problematica, con istituzioni che non offrono supporto. Questo sabotaggio potrebbe essere una risposta alle lamentele dei Corona sulla gestione delle infrastrutture e dei sentieri della zona, che appaiono trascurati.<br \/>\nBELLUNO La rimozione di una lapide commemorativa dalla ex caserma Tasso di Belluno, dedicata al partigiano Corrado Costa, ha suscitato sconcerto. Gino Sperandio, presidente dell\u2019Anpi, ha sollecitato il sindaco De Pellegrin per il ripristino immediato, nonostante la propriet\u00e0 dell\u2019immobile sia del Demanio. La lapide ricordava l\u2019omicidio di Costa nel 1944, durante l\u2019occupazione nazista. Sperandio evidenzia l\u2019importanza storica della caserma come luogo di torture nazifasciste. In assenza di un intervento rapido, l\u2019Anpi minaccia manifestazioni pubbliche per preservare la memoria partigiana.<\/p>\n<p><a class=\"dt-pswp-item\" href=\"https:\/\/www.radiopiu.net\/wordpress\/wp-content\/uploads\/2024\/04\/essilorluxottica.png\" data-dt-img-description=\"\" data-large_image_width=\"400\" data-large_image_height=\"400\"><img loading=\"lazy\" decoding=\"async\" class=\"size-medium wp-image-386124 alignleft\" src=\"https:\/\/www.radiopiu.net\/wordpress\/wp-content\/uploads\/2024\/04\/essilorluxottica-300x300.png\" alt=\"\" width=\"300\" height=\"300\" srcset=\"https:\/\/www.radiopiu.net\/wordpress\/wp-content\/uploads\/2024\/04\/essilorluxottica-300x300.png 300w, https:\/\/www.radiopiu.net\/wordpress\/wp-content\/uploads\/2024\/04\/essilorluxottica-150x150.png 150w, https:\/\/www.radiopiu.net\/wordpress\/wp-content\/uploads\/2024\/04\/essilorluxottica.png 400w\" sizes=\"auto, (max-width: 300px) 100vw, 300px\" \/><\/a>PARIGI (FRANCIA) \u2013 Il Consiglio di Amministrazione di EssilorLuxottica si \u00e8 riunito per approvare il bilancio consolidato semestrale abbreviato chiusosi il 30 giugno 2024. Le societ\u00e0 di revisione hanno sottoposto il documento a una revisione limitata. Nel secondo trimestre, il fatturato \u00e8 cresciuto del 5,2% a cambi costanti, raggiungendo un aumento del 5,3% nel primo semestre.<br \/>\nEssilorLuxottica ha annunciato l&#8217;acquisizione di Supreme da VF Corporation per 1,5 miliardi di dollari, operazione che dovrebbe chiudersi entro fine 2024. Supreme manterr\u00e0 il suo modello di business, ma beneficer\u00e0 del network di EssilorLuxottica, potenziando la crescita e l\u2019innovazione del gruppo.<br \/>\nBELLUNO Anas ha programmato la chiusura al traffico della strada statale 50 \u201cdel Grappa e Passo Rolle\u201d dal 26 luglio al 15 ottobre. Alcune aziende del settore \u201cTrasporto Merci\u201d di Confartigianato Belluno lamentano disagi significativi per l\u2019accesso alla zona industriale di Villapaiera, incidendo sull\u2019organizzazione operativa e sui tempi di guida. Il Presidente Daniele De Bona ha richiesto soluzioni alternative e deroghe<br \/>\nALLEGHE Luned\u00ec, al rifugio Col dei Baldi, si terr\u00e0 la cerimonia di consegna delle targhe a 16 nuovi rifugi del territorio. L&#8217;evento vedr\u00e0 la partecipazione dell&#8217;assessore regionale alla Sanit\u00e0, Manuela Lanzarin, del direttore regionale della prevenzione, Francesca Russo, e dei rappresentanti dei partner istituzionali come CAI, Soccorso Alpino, AGRAV e Confcommercio.<br \/>\nCENCENIGHE\u00a0 Nell&#8217;ambito degli eventi promossi dall&#8217;Ecomuseo Valle del Bi\u00f3is, questa sera alle ore 20.30, al centro culturale N\u00f3f Fil\u00f2 di Cencenighe, il professor Marcello Tomaselli, gi\u00e0 docente di botanica ambientale e applicata all&#8217;Universit\u00e0 degli studi di Parma, terr\u00e0 una conferenza sul tema &#8220;Ecologia delle piante in ambiente alpino&#8221;. L&#8217;incontro \u00e8 organizzato dalla Pro Loco e dalla biblioteca di Cencenighe con il patrocinio dell&#8217;amministrazione comunale.<\/p>\n","protected":false},"excerpt":{"rendered":"<p>**** OGGI ALLA RADIO.\u2026 ALLE 4 E ALLE 6 LE NOTIZIE DALL\u2019ITALIA E DAL MONDO 6.15 PIROLE DE LENGA A CURA DEL MUSLA 7.20 EL BAL DEL FIORI, DETTI E TRADIZIONI DI GIULIANA DA RONCH 8.05 LA RASSEGNA STAMPA LOCALE 8.30 PIU\u2019 SIAMO DI MARINA DONA\u2019 9.00 PREMIER LE NOVITA\u2019 MUSICALI CON MARCO GAZ 9.15&hellip;<\/p>\n","protected":false},"author":4,"featured_media":401547,"comment_status":"closed","ping_status":"closed","sticky":false,"template":"","format":"standard","meta":{"_monsterinsights_skip_tracking":false,"_monsterinsights_sitenote_active":false,"_monsterinsights_sitenote_note":"","_monsterinsights_sitenote_category":0,"footnotes":""},"categories":[104,49],"tags":[],"class_list":["post-401568","post","type-post","status-publish","format-standard","has-post-thumbnail","hentry","category-evidenza_3","category-news-18","category-104","category-49","description-off"],"img_url":"https:\/\/www.radiopiu.net\/wordpress\/wp-content\/uploads\/2024\/07\/COPERTINA-3.png","_links":{"self":[{"href":"https:\/\/www.radiopiu.net\/wordpress\/wp-json\/wp\/v2\/posts\/401568","targetHints":{"allow":["GET"]}}],"collection":[{"href":"https:\/\/www.radiopiu.net\/wordpress\/wp-json\/wp\/v2\/posts"}],"about":[{"href":"https:\/\/www.radiopiu.net\/wordpress\/wp-json\/wp\/v2\/types\/post"}],"author":[{"embeddable":true,"href":"https:\/\/www.radiopiu.net\/wordpress\/wp-json\/wp\/v2\/users\/4"}],"replies":[{"embeddable":true,"href":"https:\/\/www.radiopiu.net\/wordpress\/wp-json\/wp\/v2\/comments?post=401568"}],"version-history":[{"count":0,"href":"https:\/\/www.radiopiu.net\/wordpress\/wp-json\/wp\/v2\/posts\/401568\/revisions"}],"wp:featuredmedia":[{"embeddable":true,"href":"https:\/\/www.radiopiu.net\/wordpress\/wp-json\/wp\/v2\/media\/401547"}],"wp:attachment":[{"href":"https:\/\/www.radiopiu.net\/wordpress\/wp-json\/wp\/v2\/media?parent=401568"}],"wp:term":[{"taxonomy":"category","embeddable":true,"href":"https:\/\/www.radiopiu.net\/wordpress\/wp-json\/wp\/v2\/categories?post=401568"},{"taxonomy":"post_tag","embeddable":true,"href":"https:\/\/www.radiopiu.net\/wordpress\/wp-json\/wp\/v2\/tags?post=401568"}],"curies":[{"name":"wp","href":"https:\/\/api.w.org\/{rel}","templated":true}]}}