{"id":401581,"date":"2024-07-27T05:35:37","date_gmt":"2024-07-27T03:35:37","guid":{"rendered":"https:\/\/www.radiopiu.net\/wordpress\/?p=401581"},"modified":"2024-07-27T05:48:16","modified_gmt":"2024-07-27T03:48:16","slug":"vola-in-parete-recupero-impegnativo-sulla-croda-da-lago","status":"publish","type":"post","link":"https:\/\/www.radiopiu.net\/wordpress\/vola-in-parete-recupero-impegnativo-sulla-croda-da-lago\/","title":{"rendered":"VOLA IN PARETE, RECUPERO IMPEGNATIVO SULLA CRODA DA LAGO"},"content":{"rendered":"<p>**<img loading=\"lazy\" decoding=\"async\" class=\"alignleft\" src=\"https:\/\/www.radiopiu.net\/wordpress\/wp-content\/uploads\/2024\/07\/Watermark_20240726_090028_121.jpg\" width=\"176\" height=\"235\" \/><\/p>\n<p><strong>LIVINALLONGO<\/strong><\/p>\n<div dir=\"auto\">Ieri poco prima delle 20 l&#8217;elicottero del Suem di Pieve di Cadore \u00e8 intervenuto all&#8217;altezza del terzo tiro della Via della vipera, sulla Croda da Lago, dove, prima di cordata, un&#8217;alpinista era volata per una quindicina di metri, riportando un pesante trauma alla caviglia e altre possibili contusioni. La ragazza, una 27enne di Cortina d&#8217;Ampezzo (BL), era stata trattenuta dal compagno pi\u00f9 sotto nella caduta, ma aveva sbattuto violentemente sulla parete. Arrivati sulla verticale, il tecnico di elisoccorso \u00e8 stato calato con un verricello di una cinquantina di metri di fronte a lei, per verificarne le condizioni per decidere la modalit\u00e0 operativa. Il soccorritore \u00e8 quindi stato lasciato alcuni metri a monte, per attrezzare una sosta e calarsi. Con le nuvole che si stavano richiudendo, prestate le prime cure urgenti, la ragazza \u00e8 stata verricelata a bordo. L&#8217;eliambulanza \u00e8 riuscita velocemente a recuperare anche il compagno con un verricello di 60 metri, prima che la visibilit\u00e0 fosse compromessa. L&#8217;infortunata \u00e8 stata trasportata all&#8217;ospedale di Belluno. L&#8217;intervento si \u00e8 concluso alle 21.20<\/div>\n<div dir=\"auto\"><\/div>\n<div dir=\"auto\">\n<hr \/>\n<\/div>\n<p>&nbsp;<\/p>\n","protected":false},"excerpt":{"rendered":"<p>** LIVINALLONGO Ieri poco prima delle 20 l&#8217;elicottero del Suem di Pieve di Cadore \u00e8 intervenuto all&#8217;altezza del terzo tiro della Via della vipera, sulla Croda da Lago, dove, prima di cordata, un&#8217;alpinista era volata per una quindicina di metri, riportando un pesante trauma alla caviglia e altre possibili contusioni. La ragazza, una 27enne di&hellip;<\/p>\n","protected":false},"author":4,"featured_media":401582,"comment_status":"closed","ping_status":"closed","sticky":false,"template":"","format":"standard","meta":{"_monsterinsights_skip_tracking":false,"_monsterinsights_sitenote_active":false,"_monsterinsights_sitenote_note":"","_monsterinsights_sitenote_category":0,"footnotes":""},"categories":[51,49],"tags":[],"class_list":["post-401581","post","type-post","status-publish","format-standard","has-post-thumbnail","hentry","category-evidenza-top","category-news-18","category-51","category-49","description-off"],"img_url":"https:\/\/www.radiopiu.net\/wordpress\/wp-content\/uploads\/2024\/07\/Watermark_20240726_090028_121.jpg","_links":{"self":[{"href":"https:\/\/www.radiopiu.net\/wordpress\/wp-json\/wp\/v2\/posts\/401581","targetHints":{"allow":["GET"]}}],"collection":[{"href":"https:\/\/www.radiopiu.net\/wordpress\/wp-json\/wp\/v2\/posts"}],"about":[{"href":"https:\/\/www.radiopiu.net\/wordpress\/wp-json\/wp\/v2\/types\/post"}],"author":[{"embeddable":true,"href":"https:\/\/www.radiopiu.net\/wordpress\/wp-json\/wp\/v2\/users\/4"}],"replies":[{"embeddable":true,"href":"https:\/\/www.radiopiu.net\/wordpress\/wp-json\/wp\/v2\/comments?post=401581"}],"version-history":[{"count":0,"href":"https:\/\/www.radiopiu.net\/wordpress\/wp-json\/wp\/v2\/posts\/401581\/revisions"}],"wp:featuredmedia":[{"embeddable":true,"href":"https:\/\/www.radiopiu.net\/wordpress\/wp-json\/wp\/v2\/media\/401582"}],"wp:attachment":[{"href":"https:\/\/www.radiopiu.net\/wordpress\/wp-json\/wp\/v2\/media?parent=401581"}],"wp:term":[{"taxonomy":"category","embeddable":true,"href":"https:\/\/www.radiopiu.net\/wordpress\/wp-json\/wp\/v2\/categories?post=401581"},{"taxonomy":"post_tag","embeddable":true,"href":"https:\/\/www.radiopiu.net\/wordpress\/wp-json\/wp\/v2\/tags?post=401581"}],"curies":[{"name":"wp","href":"https:\/\/api.w.org\/{rel}","templated":true}]}}