{"id":401584,"date":"2024-07-26T10:31:07","date_gmt":"2024-07-26T08:31:07","guid":{"rendered":"https:\/\/www.radiopiu.net\/wordpress\/?p=401584"},"modified":"2024-07-26T10:31:07","modified_gmt":"2024-07-26T08:31:07","slug":"nominato-il-nuovo-staff-direttivo-dellistituto-sperti","status":"publish","type":"post","link":"https:\/\/www.radiopiu.net\/wordpress\/nominato-il-nuovo-staff-direttivo-dellistituto-sperti\/","title":{"rendered":"NOMINATO IL NUOVO STAFF DIRETTIVO  DELL\u2019ISTITUTO SPERTI"},"content":{"rendered":"<p>***<\/p>\n<p>&nbsp;<\/p>\n<p><strong><img loading=\"lazy\" decoding=\"async\" class=\"alignleft\" src=\"https:\/\/www.radiopiu.net\/wordpress\/wp-content\/uploads\/2024\/07\/Kairos_SpertiBelluno_attivita-estive-2024.jpg\" width=\"188\" height=\"141\" \/>BELLUNO<\/strong> Novit\u00e0 per l\u2019Istituto Sperti di Belluno. Nominata come nuova direttrice la psicologa Federica Roccabella, gi\u00e0 referente del Convitto negli ultimi due anni. Contemporaneamente, le \u00e8 stato affiancato un Consiglio di Direzione, formato da Flavio Usai, referente dell\u2019ampliamento dell\u2019offerta formativa e dei rapporti con il territorio, e da Gabriella Fagherazzi, referente del Semi-Convitto.<em> \u201cHo accolto con entusiasmo questo nuovo incarico e, insieme ai miei colleghi, intendiamo offrire un servizio che si metta sempre pi\u00f9 in luce per qualit\u00e0 e professionalit\u00e0, intensificando i rapporti con le realt\u00e0 locali e venendo incontro alle esigenze delle famiglie\u201d<\/em>, ha detto la neo-direttrice Federica Roccabella.<\/p>\n","protected":false},"excerpt":{"rendered":"<p>*** &nbsp; BELLUNO Novit\u00e0 per l\u2019Istituto Sperti di Belluno. Nominata come nuova direttrice la psicologa Federica Roccabella, gi\u00e0 referente del Convitto negli ultimi due anni. Contemporaneamente, le \u00e8 stato affiancato un Consiglio di Direzione, formato da Flavio Usai, referente dell\u2019ampliamento dell\u2019offerta formativa e dei rapporti con il territorio, e da Gabriella Fagherazzi, referente del Semi-Convitto.&hellip;<\/p>\n","protected":false},"author":4,"featured_media":401585,"comment_status":"closed","ping_status":"closed","sticky":false,"template":"","format":"standard","meta":{"_monsterinsights_skip_tracking":false,"_monsterinsights_sitenote_active":false,"_monsterinsights_sitenote_note":"","_monsterinsights_sitenote_category":0,"footnotes":""},"categories":[49],"tags":[],"class_list":["post-401584","post","type-post","status-publish","format-standard","has-post-thumbnail","hentry","category-news-18","category-49","description-off"],"img_url":"https:\/\/www.radiopiu.net\/wordpress\/wp-content\/uploads\/2024\/07\/Kairos_SpertiBelluno_attivita-estive-2024.jpg","_links":{"self":[{"href":"https:\/\/www.radiopiu.net\/wordpress\/wp-json\/wp\/v2\/posts\/401584","targetHints":{"allow":["GET"]}}],"collection":[{"href":"https:\/\/www.radiopiu.net\/wordpress\/wp-json\/wp\/v2\/posts"}],"about":[{"href":"https:\/\/www.radiopiu.net\/wordpress\/wp-json\/wp\/v2\/types\/post"}],"author":[{"embeddable":true,"href":"https:\/\/www.radiopiu.net\/wordpress\/wp-json\/wp\/v2\/users\/4"}],"replies":[{"embeddable":true,"href":"https:\/\/www.radiopiu.net\/wordpress\/wp-json\/wp\/v2\/comments?post=401584"}],"version-history":[{"count":0,"href":"https:\/\/www.radiopiu.net\/wordpress\/wp-json\/wp\/v2\/posts\/401584\/revisions"}],"wp:featuredmedia":[{"embeddable":true,"href":"https:\/\/www.radiopiu.net\/wordpress\/wp-json\/wp\/v2\/media\/401585"}],"wp:attachment":[{"href":"https:\/\/www.radiopiu.net\/wordpress\/wp-json\/wp\/v2\/media?parent=401584"}],"wp:term":[{"taxonomy":"category","embeddable":true,"href":"https:\/\/www.radiopiu.net\/wordpress\/wp-json\/wp\/v2\/categories?post=401584"},{"taxonomy":"post_tag","embeddable":true,"href":"https:\/\/www.radiopiu.net\/wordpress\/wp-json\/wp\/v2\/tags?post=401584"}],"curies":[{"name":"wp","href":"https:\/\/api.w.org\/{rel}","templated":true}]}}