{"id":401607,"date":"2024-07-27T05:33:51","date_gmt":"2024-07-27T03:33:51","guid":{"rendered":"https:\/\/www.radiopiu.net\/wordpress\/?p=401607"},"modified":"2024-07-27T05:49:02","modified_gmt":"2024-07-27T03:49:02","slug":"completato-il-primo-stralcio-del-parco-di-re-ombro","status":"publish","type":"post","link":"https:\/\/www.radiopiu.net\/wordpress\/completato-il-primo-stralcio-del-parco-di-re-ombro\/","title":{"rendered":"Completato il Primo Stralcio del Parco di Re Ombro"},"content":{"rendered":"<p>***<\/p>\n<p>di MARINA DONA&#8217;<\/p>\n<p><strong>ROCCA PIETORE<\/strong> \u00c8 stato completato il primo stralcio del Parco di Re Ombro, un progetto significativo finanziato con 500.000 euro provenienti dal Fondo dei Comuni Confinanti dell&#8217;annualit\u00e0 2016. Questo progetto \u00e8 stato avviato dalla precedente amministrazione e l&#8217;attuale governo locale ha deciso di portarlo avanti con entusiasmo. Il secondo stralcio del progetto, anch&#8217;esso finanziato con altri 500.000 euro dall&#8217;annualit\u00e0 2018 dello stesso fondo, \u00e8 attualmente in fase di progettazione esecutiva e si prevede che l&#8217;appalto venga assegnato a breve. L&#8217;inizio dei lavori \u00e8 previsto per la prossima primavera. La comunit\u00e0 locale e i visitatori apprezzano gi\u00e0 il nuovo spazio verde, che sta diventando un punto di ritrovo importante per tutti.<\/p>\n\n\t\t\t<style type='text\/css'>\n\t\t\t\t#gallery-1 {\n\t\t\t\t\tmargin: auto;\n\t\t\t\t}\n\t\t\t\t#gallery-1 .gallery-item {\n\t\t\t\t\tfloat: left;\n\t\t\t\t\tmargin-top: 10px;\n\t\t\t\t\ttext-align: center;\n\t\t\t\t\twidth: 25%;\n\t\t\t\t}\n\t\t\t\t#gallery-1 img {\n\t\t\t\t\tborder: 2px solid #cfcfcf;\n\t\t\t\t}\n\t\t\t\t#gallery-1 .gallery-caption {\n\t\t\t\t\tmargin-left: 0;\n\t\t\t\t}\n\t\t\t\t\/* see gallery_shortcode() in wp-includes\/media.php *\/\n\t\t\t<\/style>\n\t\t<div id='gallery-1' class='dt-gallery-container gallery galleryid-401607 gallery-columns-4 gallery-size-thumbnail'><dl class='gallery-item'>\n\t\t\t\t<dt class='gallery-icon portrait'>\n\t\t\t\t\t<a class=\"rollover rollover-zoom dt-pswp-item\" title=\"9ee35440-ab16-4504-b513-743db28e016f\" data-dt-img-description=\"\" data-large_image_width=\"1200\" data-large_image_height=\"1600\"href='https:\/\/www.radiopiu.net\/wordpress\/wp-content\/uploads\/2024\/07\/9ee35440-ab16-4504-b513-743db28e016f.jpg'><img loading=\"lazy\" decoding=\"async\" width=\"150\" height=\"150\" src=\"https:\/\/www.radiopiu.net\/wordpress\/wp-content\/uploads\/2024\/07\/9ee35440-ab16-4504-b513-743db28e016f-150x150.jpg\" class=\"attachment-thumbnail size-thumbnail\" alt=\"\" \/><\/a>\n\t\t\t\t<\/dt><\/dl><dl class='gallery-item'>\n\t\t\t\t<dt class='gallery-icon portrait'>\n\t\t\t\t\t<a class=\"rollover rollover-zoom dt-pswp-item\" title=\"d3d2db52-bac6-4448-88b2-0f257006dca4\" data-dt-img-description=\"\" data-large_image_width=\"1200\" data-large_image_height=\"1600\"href='https:\/\/www.radiopiu.net\/wordpress\/wp-content\/uploads\/2024\/07\/d3d2db52-bac6-4448-88b2-0f257006dca4.jpg'><img loading=\"lazy\" decoding=\"async\" width=\"150\" height=\"150\" src=\"https:\/\/www.radiopiu.net\/wordpress\/wp-content\/uploads\/2024\/07\/d3d2db52-bac6-4448-88b2-0f257006dca4-150x150.jpg\" class=\"attachment-thumbnail size-thumbnail\" alt=\"\" \/><\/a>\n\t\t\t\t<\/dt><\/dl><dl class='gallery-item'>\n\t\t\t\t<dt class='gallery-icon landscape'>\n\t\t\t\t\t<a class=\"rollover rollover-zoom dt-pswp-item\" title=\"137d4f15-3c1f-418a-9515-3519ac97e22b\" data-dt-img-description=\"\" data-large_image_width=\"2048\" data-large_image_height=\"1536\"href='https:\/\/www.radiopiu.net\/wordpress\/wp-content\/uploads\/2024\/07\/137d4f15-3c1f-418a-9515-3519ac97e22b.jpg'><img loading=\"lazy\" decoding=\"async\" width=\"150\" height=\"150\" src=\"https:\/\/www.radiopiu.net\/wordpress\/wp-content\/uploads\/2024\/07\/137d4f15-3c1f-418a-9515-3519ac97e22b-150x150.jpg\" class=\"attachment-thumbnail size-thumbnail\" alt=\"\" \/><\/a>\n\t\t\t\t<\/dt><\/dl><dl class='gallery-item'>\n\t\t\t\t<dt class='gallery-icon landscape'>\n\t\t\t\t\t<a class=\"rollover rollover-zoom dt-pswp-item\" title=\"76045f3a-7cd4-4a65-ad7a-535ae75b675b\" data-dt-img-description=\"\" data-large_image_width=\"2048\" data-large_image_height=\"1536\"href='https:\/\/www.radiopiu.net\/wordpress\/wp-content\/uploads\/2024\/07\/76045f3a-7cd4-4a65-ad7a-535ae75b675b.jpg'><img loading=\"lazy\" decoding=\"async\" width=\"150\" height=\"150\" src=\"https:\/\/www.radiopiu.net\/wordpress\/wp-content\/uploads\/2024\/07\/76045f3a-7cd4-4a65-ad7a-535ae75b675b-150x150.jpg\" class=\"attachment-thumbnail size-thumbnail\" alt=\"\" \/><\/a>\n\t\t\t\t<\/dt><\/dl><br style=\"clear: both\" \/>\n\t\t\t<\/div>\n\n<p>___<\/p>\n","protected":false},"excerpt":{"rendered":"<p>*** di MARINA DONA&#8217; ROCCA PIETORE \u00c8 stato completato il primo stralcio del Parco di Re Ombro, un progetto significativo finanziato con 500.000 euro provenienti dal Fondo dei Comuni Confinanti dell&#8217;annualit\u00e0 2016. Questo progetto \u00e8 stato avviato dalla precedente amministrazione e l&#8217;attuale governo locale ha deciso di portarlo avanti con entusiasmo. Il secondo stralcio del&hellip;<\/p>\n","protected":false},"author":4,"featured_media":401609,"comment_status":"closed","ping_status":"closed","sticky":false,"template":"","format":"standard","meta":{"_monsterinsights_skip_tracking":false,"_monsterinsights_sitenote_active":false,"_monsterinsights_sitenote_note":"","_monsterinsights_sitenote_category":0,"footnotes":""},"categories":[51,49],"tags":[],"class_list":["post-401607","post","type-post","status-publish","format-standard","has-post-thumbnail","hentry","category-evidenza-top","category-news-18","category-51","category-49","description-off"],"img_url":"https:\/\/www.radiopiu.net\/wordpress\/wp-content\/uploads\/2024\/07\/9ee35440-ab16-4504-b513-743db28e016f.jpg","_links":{"self":[{"href":"https:\/\/www.radiopiu.net\/wordpress\/wp-json\/wp\/v2\/posts\/401607","targetHints":{"allow":["GET"]}}],"collection":[{"href":"https:\/\/www.radiopiu.net\/wordpress\/wp-json\/wp\/v2\/posts"}],"about":[{"href":"https:\/\/www.radiopiu.net\/wordpress\/wp-json\/wp\/v2\/types\/post"}],"author":[{"embeddable":true,"href":"https:\/\/www.radiopiu.net\/wordpress\/wp-json\/wp\/v2\/users\/4"}],"replies":[{"embeddable":true,"href":"https:\/\/www.radiopiu.net\/wordpress\/wp-json\/wp\/v2\/comments?post=401607"}],"version-history":[{"count":0,"href":"https:\/\/www.radiopiu.net\/wordpress\/wp-json\/wp\/v2\/posts\/401607\/revisions"}],"wp:featuredmedia":[{"embeddable":true,"href":"https:\/\/www.radiopiu.net\/wordpress\/wp-json\/wp\/v2\/media\/401609"}],"wp:attachment":[{"href":"https:\/\/www.radiopiu.net\/wordpress\/wp-json\/wp\/v2\/media?parent=401607"}],"wp:term":[{"taxonomy":"category","embeddable":true,"href":"https:\/\/www.radiopiu.net\/wordpress\/wp-json\/wp\/v2\/categories?post=401607"},{"taxonomy":"post_tag","embeddable":true,"href":"https:\/\/www.radiopiu.net\/wordpress\/wp-json\/wp\/v2\/tags?post=401607"}],"curies":[{"name":"wp","href":"https:\/\/api.w.org\/{rel}","templated":true}]}}