{"id":401680,"date":"2024-07-27T05:42:44","date_gmt":"2024-07-27T03:42:44","guid":{"rendered":"https:\/\/www.radiopiu.net\/wordpress\/?p=401680"},"modified":"2024-07-27T05:45:57","modified_gmt":"2024-07-27T03:45:57","slug":"ieri-a-canale-dagordo-in-tanti-per-lultimo-saluto-a-oia-ezio-andrich","status":"publish","type":"post","link":"https:\/\/www.radiopiu.net\/wordpress\/ieri-a-canale-dagordo-in-tanti-per-lultimo-saluto-a-oia-ezio-andrich\/","title":{"rendered":"IERI\u00a0 A CANALE D&#8217;AGORDO, IN TANTI PER L&#8217;ULTIMO SALUTO A &#8220;OIA&#8221;, EZIO ANDRICH."},"content":{"rendered":"<p>**<\/p>\n<h3><em><img decoding=\"async\" class=\"alignleft\" src=\"https:\/\/www.radiopiu.net\/wordpress\/wp-content\/uploads\/2024\/07\/ezio-andrich.png\" \/>IL RICORDO DI ANDREA FIOCCO &#8220;FIGLIO&#8221; DEL MARACANAL\u00a0<\/em><\/h3>\n<div class=\"flex flex-grow flex-col max-w-full\">\n<div class=\"min-h-[20px] text-message flex w-full flex-col items-end gap-2 whitespace-pre-wrap break-words [.text-message+&amp;]:mt-5 overflow-x-auto\" dir=\"auto\" data-message-author-role=\"assistant\" data-message-id=\"e5eccb22-60ea-4d21-89a2-f92af3284b2a\">\n<div class=\"flex w-full flex-col gap-1 empty:hidden first:pt-[3px]\">\n<div class=\"markdown prose w-full break-words dark:prose-invert dark\">\n<h3>Di Ezio ho 2 immagini bellissime<\/h3>\n<p>Quando penso a Ezio, mi vengono subito in mente due immagini che lo rappresentano perfettamente, entrambe legate al suo amore per il calcio e alla sua inconfondibile personalit\u00e0.<\/p>\n<p><strong>La prima immagine<\/strong> \u00e8 quella di Ezio che arbitra sotto la pioggia durante il torneo di calcio a 5 chiamato ironicamente &#8220;Giuda Escariota&#8221;. Ogni anno, nella settimana di Pasqua, ci trovavamo tutti fradici di pioggia, mentre lui, con una calma olimpica, dirigeva la partita con l&#8217;ombrello in una mano e il fischietto nell&#8217;altra. La sua serenit\u00e0 era contagiosa, e nonostante il maltempo, riusciva a trasformare quelle giornate in momenti di puro divertimento per tutti noi.<\/p>\n<p><strong>La seconda immagine<\/strong> ritrae Ezio mentre festeggia con entusiasmo il torneo agordino del 1989. Fu un anno memorabile, poich\u00e9 Ezio guid\u00f2 il Canale alla vittoria come allenatore. Vederlo cos\u00ec contento, con il sorriso stampato sul volto, \u00e8 un ricordo indelebile che riassume la sua dedizione e passione per lo sport.<\/p>\n<h3>Un Uomo dal Cuore Grande<\/h3>\n<p>Ezio era conosciuto affettuosamente come <strong>Oia<\/strong>, un soprannome ereditato dal padre, a sua volta trasmesso dalla nonna Rosalia, una donna forte e rispettata da tutti. Questo soprannome \u00e8 una sorta di testamento della sua eredit\u00e0 familiare e del profondo legame con le sue radici.<\/p>\n<p>Una delle storie pi\u00f9 divertenti e che ben rappresenta il suo spirito coinvolge un episodio in cui Ezio espulse uno dei calciatori pi\u00f9 corretti e rispettabili di Canale. Non ricordo esattamente se l&#8217;espulsione fosse giustificata, ma di sicuro i due avevano discusso animatamente per alcuni minuti. La parte esilarante della vicenda fu quando, mentre lo allontanava dal campo, Ezio non pot\u00e9 fare a meno di aggiungere un bonario rimprovero: <strong>&#8220;maleducato&#8221;<\/strong>. Tutti noi scoppiammo a ridere, sapendo che quelle parole erano il segno del suo affetto paterno verso i calciatori, quasi come fosse il loro &#8220;pap\u00e0&#8221;.<\/p>\n<h3>Il Legame con la Comunit\u00e0<\/h3>\n<p>Ezio non era solo un arbitro o un allenatore, ma un pilastro della comunit\u00e0, una figura amata e rispettata da tutti coloro che lo conoscevano. Con il suo stile unico e il suo carattere gioioso, \u00e8 riuscito a lasciare un segno indelebile nei cuori di tutti.<\/p>\n<p>La sua capacit\u00e0 di unire le persone attraverso il calcio e il suo modo di affrontare la vita con leggerezza e umorismo sono stati una fonte di ispirazione per molti. In un mondo spesso troppo serio e competitivo, Ezio ci ha insegnato che lo sport \u00e8 soprattutto divertimento e condivisione.<\/p>\n<p>In conclusione, <strong>Ezio &#8220;Oia&#8221;<\/strong> non era solo un arbitro sotto la pioggia o un allenatore vittorioso, ma un simbolo di una comunit\u00e0 che lo ricorda con affetto e gratitudine. Le immagini di lui che portiamo nel cuore sono la testimonianza di una vita vissuta con passione, impegno e amore per gli altri.<\/p>\n<\/div>\n<\/div>\n<\/div>\n<\/div>\n<div class=\"flex items-center\"><button class=\"rounded-lg text-token-text-secondary hover:bg-token-main-surface-secondary\"><br \/>\n<\/button><\/p>\n<div class=\"flex items-center pb-0\"><\/div>\n<\/div>\n<div><\/div>\n<div>\n<hr \/>\n<\/div>\n","protected":false},"excerpt":{"rendered":"<p>** IL RICORDO DI ANDREA FIOCCO &#8220;FIGLIO&#8221; DEL MARACANAL\u00a0 Di Ezio ho 2 immagini bellissime Quando penso a Ezio, mi vengono subito in mente due immagini che lo rappresentano perfettamente, entrambe legate al suo amore per il calcio e alla sua inconfondibile personalit\u00e0. La prima immagine \u00e8 quella di Ezio che arbitra sotto la pioggia&hellip;<\/p>\n","protected":false},"author":4,"featured_media":401282,"comment_status":"closed","ping_status":"closed","sticky":false,"template":"","format":"standard","meta":{"_monsterinsights_skip_tracking":false,"_monsterinsights_sitenote_active":false,"_monsterinsights_sitenote_note":"","_monsterinsights_sitenote_category":0,"footnotes":""},"categories":[51,49],"tags":[],"class_list":["post-401680","post","type-post","status-publish","format-standard","has-post-thumbnail","hentry","category-evidenza-top","category-news-18","category-51","category-49","description-off"],"img_url":"https:\/\/www.radiopiu.net\/wordpress\/wp-content\/uploads\/2024\/07\/ezio-andrich.png","_links":{"self":[{"href":"https:\/\/www.radiopiu.net\/wordpress\/wp-json\/wp\/v2\/posts\/401680","targetHints":{"allow":["GET"]}}],"collection":[{"href":"https:\/\/www.radiopiu.net\/wordpress\/wp-json\/wp\/v2\/posts"}],"about":[{"href":"https:\/\/www.radiopiu.net\/wordpress\/wp-json\/wp\/v2\/types\/post"}],"author":[{"embeddable":true,"href":"https:\/\/www.radiopiu.net\/wordpress\/wp-json\/wp\/v2\/users\/4"}],"replies":[{"embeddable":true,"href":"https:\/\/www.radiopiu.net\/wordpress\/wp-json\/wp\/v2\/comments?post=401680"}],"version-history":[{"count":0,"href":"https:\/\/www.radiopiu.net\/wordpress\/wp-json\/wp\/v2\/posts\/401680\/revisions"}],"wp:featuredmedia":[{"embeddable":true,"href":"https:\/\/www.radiopiu.net\/wordpress\/wp-json\/wp\/v2\/media\/401282"}],"wp:attachment":[{"href":"https:\/\/www.radiopiu.net\/wordpress\/wp-json\/wp\/v2\/media?parent=401680"}],"wp:term":[{"taxonomy":"category","embeddable":true,"href":"https:\/\/www.radiopiu.net\/wordpress\/wp-json\/wp\/v2\/categories?post=401680"},{"taxonomy":"post_tag","embeddable":true,"href":"https:\/\/www.radiopiu.net\/wordpress\/wp-json\/wp\/v2\/tags?post=401680"}],"curies":[{"name":"wp","href":"https:\/\/api.w.org\/{rel}","templated":true}]}}