{"id":401693,"date":"2024-07-27T07:55:55","date_gmt":"2024-07-27T05:55:55","guid":{"rendered":"https:\/\/www.radiopiu.net\/wordpress\/?p=401693"},"modified":"2024-07-27T08:26:24","modified_gmt":"2024-07-27T06:26:24","slug":"sabato-compreso-la-rassegna-stampa-locale-di-radiopiu-puntuale-del-1983","status":"publish","type":"post","link":"https:\/\/www.radiopiu.net\/wordpress\/sabato-compreso-la-rassegna-stampa-locale-di-radiopiu-puntuale-del-1983\/","title":{"rendered":"&#8220;SABATO COMPRESO&#8221;&#8230; LA RASSEGNA STAMPA LOCALE DI RADIOPIU. PUNTUALE DEL 1983"},"content":{"rendered":"<p>***<\/p>\n<div class=\"mceTemp\"><strong class=\"photoswipe-wrapper\"><a class=\"dt-pswp-item\" href=\"https:\/\/www.radiopiu.net\/wordpress\/wp-content\/uploads\/2024\/07\/8a59cc7c-cf90-4367-b101-8e7aa53fabdb.jpg\" data-dt-img-description=\"DOMANI A FALCADE \" data-large_image_width=\"750\" data-large_image_height=\"1099\"><img loading=\"lazy\" decoding=\"async\" class=\"size-medium wp-image-401580 alignleft\" src=\"https:\/\/www.radiopiu.net\/wordpress\/wp-content\/uploads\/2024\/07\/8a59cc7c-cf90-4367-b101-8e7aa53fabdb-205x300.jpg\" alt=\"\" width=\"205\" height=\"300\" srcset=\"https:\/\/www.radiopiu.net\/wordpress\/wp-content\/uploads\/2024\/07\/8a59cc7c-cf90-4367-b101-8e7aa53fabdb-205x300.jpg 205w, https:\/\/www.radiopiu.net\/wordpress\/wp-content\/uploads\/2024\/07\/8a59cc7c-cf90-4367-b101-8e7aa53fabdb-699x1024.jpg 699w, https:\/\/www.radiopiu.net\/wordpress\/wp-content\/uploads\/2024\/07\/8a59cc7c-cf90-4367-b101-8e7aa53fabdb.jpg 750w\" sizes=\"auto, (max-width: 205px) 100vw, 205px\" \/><\/a>OGGI ALLA RADIO.<\/strong>\u2026\u00a0ALLE 4 E ALLE 6\u00a0LE NOTIZIE DALL\u2019ITALIA E DAL MONDO\u00a06.15\u00a0PIROLE DE LENGA A CURA DEL MUSLA\u00a07.20\u00a0EL BAL DEL FIORI, DETTI E TRADIZIONI DI GIULIANA DA RONCH\u00a08.05\u00a0LA RASSEGNA STAMPA LOCALE\u00a08.30 WEEK END.. MARINA C\u2019E\u2019\u00a09.00\u00a0PREMIER DI MARCO GAZ LE NOVITA\u2019 ALLA RADIO\u00a0\u00a0\u00a09.30\u00a0<strong>VIABILITA\u2019 CON BOTOL CAR SERVICE (AGORDO-SEDICO-FELTRE)<\/strong>\u00a0\u00a0\u00a010.30\u00a0 LA RASSEGNA STAMPA DA L\u2019AMICO DEL POPOLO DI GIANNI SANTOMASO\u00a011.10\u00a0LA STORIA DEL FESTIVALBAR DI MIRCO BENCIVENNI\u00a012.00\u00a0VA TUTTO LISCIO\u00a0\u00a012.30\u00a0<strong>GIORNALE RADIO PRINCIPALE<\/strong> \u00a014.00\u00a0LA MUSICA CHE BATTE! DJ JACK CONDUCE ELETTROCHCOC\u00a0\u00a015.00 LA CLASSIFICA UFFICIALE DI RADIOPIU CON MARCO GAZ\u00a0 \u00a016\u00a0IL ROCK DI MARCO COSTANTINI\u00a01645\u00a0LE HIT DI MIRCO BENCIVENNI\u00a018.10\u00a0 REGGAETON IL L\u2019APERITIVO MUSICALE DEL SABATO CON ATHOS, DAVID BEN\u00a019\u00a0LE ANTICIPAZIONI DAL TG DI ANTENNA 3 DI TIZIANA BOLOGNANI\u00a0<strong>DOMANI A FALCADE L\u2019ELEZIONE DI MISS ITALIA (foto)<\/strong>&nbsp;<\/p>\n<p>&nbsp;<\/p>\n<p>&nbsp;<\/p>\n<p>&nbsp;<\/p>\n<p>&nbsp;<\/p>\n<p>&nbsp;<\/p>\n<p><a class=\"dt-pswp-item\" href=\"https:\/\/www.radiopiu.net\/wordpress\/wp-content\/uploads\/2024\/07\/coper-1.png\" data-dt-img-description=\"\" data-large_image_width=\"1044\" data-large_image_height=\"454\"><img loading=\"lazy\" decoding=\"async\" class=\"size-medium wp-image-401694 alignleft\" src=\"https:\/\/www.radiopiu.net\/wordpress\/wp-content\/uploads\/2024\/07\/coper-1-300x130.png\" alt=\"\" width=\"300\" height=\"130\" srcset=\"https:\/\/www.radiopiu.net\/wordpress\/wp-content\/uploads\/2024\/07\/coper-1-300x130.png 300w, https:\/\/www.radiopiu.net\/wordpress\/wp-content\/uploads\/2024\/07\/coper-1-1024x445.png 1024w, https:\/\/www.radiopiu.net\/wordpress\/wp-content\/uploads\/2024\/07\/coper-1-768x334.png 768w, https:\/\/www.radiopiu.net\/wordpress\/wp-content\/uploads\/2024\/07\/coper-1.png 1044w\" sizes=\"auto, (max-width: 300px) 100vw, 300px\" \/><\/a>CENCENIGHE William Fa\u00e8, morto a 51 anni, lascia un grande vuoto a San Tomaso e Cencenighe, dove ha servito come sindaco e tecnico. Un uomo apprezzato per il suo impegno comunitario e spirito di servizio, Fa\u00e8 \u00e8 ricordato da molti per la sua umilt\u00e0 e gentilezza. Al funerale, la piccola chiesa non riusciva a contenere tutti coloro che volevano rendergli omaggio. \u00abPerch\u00e9 proprio a William, perch\u00e9 proprio a noi?\u00bb: queste le domande dei genitori<br \/>\nAGORDO Solo pochi giorni, martedi, fa avevamo rinnovato a Berto il nostro augurio di Buon Compleanno, oggi purtroppo la notizia della sua morte. Alberto Tormen aveva compiuto 82 anni, i funerali si terranno OGGI alle 14.30 ad Agordo. La famiglia ha porto un sentito ringraziamento a Sonia, Filippo e tutto il personale medico e infermieristico del reparto medicina dell\u2019ospedale di Agordo.<br \/>\nMILANO_VENEZIA_BELLUNO Luca Scat\u00e0, agente della Polizia di Stato, \u00e8 morto dopo una lunga malattia. Nel 2016 ferm\u00f2 il terrorista Anis Amri a Sesto San Giovanni, ricevendo la medaglia d\u2019oro al Valor Civile. Scat\u00e0 era anche parte del Settimo Reggimento Alpini Belluno. La notizia della sua scomparsa a soli 35 anni \u00e8 stata data dal sindaco di Sesto San Giovanni. Il presidente del Veneto, Luca Zaia, ha espresso il suo cordoglio per la perdita di un uomo coraggioso e dedicato al servizio del Paese.<br \/>\nBELLUNO La lapide dedicata al partigiano Corrado Costa \u201cJoe\u201d \u00e8 al sicuro dopo la rimozione per il restauro dell\u2019ex caserma Tasso. Il Demanio assicura che sar\u00e0 ricollocata, pulita e restaurata, al termine dei lavori, garantendo che sia mantenuta in ottime condizioni. La rimozione \u00e8 stata necessaria per preservarne l\u2019integrit\u00e0 durante le opere di consolidamento del muro. Anche la targa di Via Attilio Tissi sar\u00e0 riposizionata. I partigiani possono quindi rassicurarsi. CASTOI_BELLUNOA Castoi, un uomo di 45 anni, R.T., \u00e8 caduto dalle scale e ha perso i sensi dopo aver battuto la testa. La sua gamba compromessa da un incidente del 2006 ha ceduto mentre scendeva le scale verso la cucina, facendolo cadere. Portato all\u2019ospedale San Martino di Belluno, \u00e8 stato sottoposto a esami che hanno evidenziato fratture multiple. Fortunatamente, \u00e8 fuori pericolo e dimesso la sera stessa, dimostrando nuovamente grande resilienza.<br \/>\nCORTINA Durante un\u2019operazione della Guardia Costiera di Venezia a Cortina d\u2019Ampezzo, sono stati sequestrati 1.400 chilogrammi di prodotti ittici e alimentari in alcuni ristoranti, per proteggere la filiera della pesca e tutelare il consumatore. L\u2019operazione, in collaborazione con il Servizio veterinario dell\u2019Ulss n. 1 Dolomiti, \u00e8 stata coordinata dal Ministero dell\u2019Agricoltura. Sono stati sequestrati branzini, ricciole, seppie, calamari, gamberi rossi, polpo, salmone e altri alimenti non tracciati o non conformi alle normative di etichettatura e scadenza. Sono state elevate otto sanzioni amministrative per un totale di 22.000 euro.<br \/>\nRAFFICA DI INTERVENTI DEL SOCCORSO ALPINO TRA CORTINA ED AURONZO<br \/>\nCORTINA A Cortina un\u2019escursionista di 57 anni di Roma \u00e8 stata recuperata dal Soccorso alpino in localit\u00e0 Bai de Dones, dopo essersi fatta male a una spalla a causa di una caduta.<br \/>\nCORTINA L\u2019elicottero del Suem di Pieve di Cadore \u00e8 invece stato inviato al Rifugio Vandelli, dove una diciassettenne inglese aveva accusato un dolore addominale.<br \/>\nCORTINA Falco \u00e8 poi volato sotto il Ciadin del Laudo, a seguito della segnalazione di una coppia di escursionisti stranieri che aveva visto uno zaino tra le rocce. A seguito del sopralluogo \u00e8 stato appurato che era vuoto e non c\u2019erano persone in difficolt\u00e0 nelle vicinanze.<br \/>\nAURONZO DI CADORE Falco 2 \u00e8 intervenuto ad Auronzo di Cadore. Atterrati in un prato, equipe sanitaria e tecnico di elisoccorso sono stati trasportati in jeep dai soccorritori fino al Rifugio Monte Agudo, poich\u00e9 un escursionista di 59 anni di Trieste aveva avuto un malore e cadendo a terra aveva sbattuto il volto. Medicato e valutate le sue condizioni, l\u2019uomo \u00e8 stato trasportato all\u2019elicottero, imbarcato e accompagnato all\u2019ospedale di Pieve di Cadore.<\/p>\n<p>MONETIZZAZIONE EXTRACANONI IDRICI, LA PROVINCIA PREPARA UN ODG DI SUPPORTO ALL\u2019AZIONE DELLA REGIONE<br \/>\nBELLUNO Il presidente della Provincia di Belluno, Roberto Padrin, insiste sull\u2019importanza di sbloccare le risorse derivanti dalla monetizzazione degli \u201cextracanoni\u201d idrici, fondamentali per il territorio. Questi extracanoni, previsti dalla legge regionale 27\/2020, dovrebbero portare circa 18 milioni di euro al Bellunese, ma finora non sono stati versati a causa delle resistenze legali dei grandi produttori idroelettrici.<\/p>\n<p><a class=\"dt-pswp-item\" href=\"https:\/\/www.radiopiu.net\/wordpress\/wp-content\/uploads\/2024\/07\/9ee35440-ab16-4504-b513-743db28e016f.jpg\" data-dt-img-description=\"\" data-large_image_width=\"1200\" data-large_image_height=\"1600\"><img loading=\"lazy\" decoding=\"async\" class=\"size-medium wp-image-401609 alignleft\" src=\"https:\/\/www.radiopiu.net\/wordpress\/wp-content\/uploads\/2024\/07\/9ee35440-ab16-4504-b513-743db28e016f-225x300.jpg\" alt=\"\" width=\"225\" height=\"300\" srcset=\"https:\/\/www.radiopiu.net\/wordpress\/wp-content\/uploads\/2024\/07\/9ee35440-ab16-4504-b513-743db28e016f-225x300.jpg 225w, https:\/\/www.radiopiu.net\/wordpress\/wp-content\/uploads\/2024\/07\/9ee35440-ab16-4504-b513-743db28e016f-768x1024.jpg 768w, https:\/\/www.radiopiu.net\/wordpress\/wp-content\/uploads\/2024\/07\/9ee35440-ab16-4504-b513-743db28e016f-1152x1536.jpg 1152w, https:\/\/www.radiopiu.net\/wordpress\/wp-content\/uploads\/2024\/07\/9ee35440-ab16-4504-b513-743db28e016f.jpg 1200w\" sizes=\"auto, (max-width: 225px) 100vw, 225px\" \/><\/a>BELLUNO Novit\u00e0 per l\u2019Istituto Sperti di Belluno. Nominata come nuova direttrice la psicologa Federica Roccabella, gi\u00e0 referente del Convitto negli ultimi due anni. Contemporaneamente, le \u00e8 stato affiancato un Consiglio di Direzione, formato da Flavio Usai, referente dell\u2019ampliamento dell\u2019offerta formativa e dei rapporti con il territorio, e da Gabriella Fagherazzi, referente del Semi-Convitto.<br \/>\nROCCA PIETORE \u00c8 stato completato il primo stralcio del Parco di Re Ombro, un progetto significativo finanziato con 500.000 euro provenienti dal Fondo dei Comuni Confinanti dell\u2019annualit\u00e0 2016. Questo progetto \u00e8 stato avviato dalla precedente amministrazione e l\u2019attuale governo locale ha deciso di portarlo avanti con entusiasmo<br \/>\nROCCA PIETORE Mercoled\u00ec 31 luglio 2024 alle 12 il Presidente della Regione Luca Zaia presieder\u00e0 la cerimonia di riapertura dei Serrai di Sottoguda. L\u2019appuntamento, al quale sar\u00e0 presente anche l\u2019Assessore regionale all\u2019ambiente Gianpaolo Bottacin, \u00e8 previsto alle ore 12 in localit\u00e0 Sottoguda a Rocca Pietore<br \/>\nTREVISO Al 30 giugno 2024, i dati di Infocamere sulla demografia d\u2019impresa mostrano un calo delle sedi d\u2019impresa attive nelle province di Treviso e Belluno rispetto all\u2019anno precedente, influenzato dalle cancellazioni d\u2019ufficio di oltre 1.600 ditte individuali a Treviso e quasi 180 a Belluno nel 2023, oltre a circa 120 societ\u00e0 cooperative nel secondo trimestre 2024. Questo trend negativo riguarda principalmente i settori delle costruzioni, logistica e manifatturiero a Treviso e commercio e manifatturiero a Belluno.<br \/>\nVENEZIA Luned\u00ec alle 11, l\u2019assessore alla Sanit\u00e0 e al Sociale, Manuela Lanzarin, parteciper\u00e0 al secondo incontro per la consegna della targa di \u201cRifugio Sano e Sicuro\u201d a 16 nuovi rifugi alpini.<br \/>\nUna serata con l\u2019autrice Alessandra Sebastiani<br \/>\nCANALE D\u2019AGORDO \u201cL\u2019estate delle biblioteche\u201d organizzata dalle Biblioteche della Valle del Bi\u00f3is In sala Emigranti di via Lotta, questa sera alle 20.30 incontro cone le letture di Marco Amr Petracca, tratte dai libri \u201cSalvanel\u201d e \u201cAnime ribelli\u201d dell\u2019autrice Alessandra Sebastiani, nell\u2019occasione dialogher\u00e0 con Chiara Paoli .<\/p>\n<p>&nbsp;<\/p>\n<p>&nbsp;<\/p>\n<\/div>\n<p><iframe loading=\"lazy\" title=\"DAL 1983 LA RASSEGNA STAMPA LOCALE di mirko mezzacasa. L&#039;ORIGINALE\" width=\"1200\" height=\"675\" src=\"https:\/\/www.youtube.com\/embed\/YaA_1Efml3U?feature=oembed\" frameborder=\"0\" allow=\"accelerometer; autoplay; clipboard-write; encrypted-media; gyroscope; picture-in-picture; web-share\" referrerpolicy=\"strict-origin-when-cross-origin\" allowfullscreen><\/iframe><\/p>\n","protected":false},"excerpt":{"rendered":"<p>*** OGGI ALLA RADIO.\u2026\u00a0ALLE 4 E ALLE 6\u00a0LE NOTIZIE DALL\u2019ITALIA E DAL MONDO\u00a06.15\u00a0PIROLE DE LENGA A CURA DEL MUSLA\u00a07.20\u00a0EL BAL DEL FIORI, DETTI E TRADIZIONI DI GIULIANA DA RONCH\u00a08.05\u00a0LA RASSEGNA STAMPA LOCALE\u00a08.30 WEEK END.. MARINA C\u2019E\u2019\u00a09.00\u00a0PREMIER DI MARCO GAZ LE NOVITA\u2019 ALLA RADIO\u00a0\u00a0\u00a09.30\u00a0VIABILITA\u2019 CON BOTOL CAR SERVICE (AGORDO-SEDICO-FELTRE)\u00a0\u00a0\u00a010.30\u00a0 LA RASSEGNA STAMPA DA L\u2019AMICO DEL POPOLO&hellip;<\/p>\n","protected":false},"author":4,"featured_media":401694,"comment_status":"closed","ping_status":"closed","sticky":false,"template":"","format":"standard","meta":{"_monsterinsights_skip_tracking":false,"_monsterinsights_sitenote_active":false,"_monsterinsights_sitenote_note":"","_monsterinsights_sitenote_category":0,"footnotes":""},"categories":[104,49,142],"tags":[],"class_list":["post-401693","post","type-post","status-publish","format-standard","has-post-thumbnail","hentry","category-evidenza_3","category-news-18","category-rassegna-stampa","category-104","category-49","category-142","description-off"],"img_url":"https:\/\/www.radiopiu.net\/wordpress\/wp-content\/uploads\/2024\/07\/coper-1.png","_links":{"self":[{"href":"https:\/\/www.radiopiu.net\/wordpress\/wp-json\/wp\/v2\/posts\/401693","targetHints":{"allow":["GET"]}}],"collection":[{"href":"https:\/\/www.radiopiu.net\/wordpress\/wp-json\/wp\/v2\/posts"}],"about":[{"href":"https:\/\/www.radiopiu.net\/wordpress\/wp-json\/wp\/v2\/types\/post"}],"author":[{"embeddable":true,"href":"https:\/\/www.radiopiu.net\/wordpress\/wp-json\/wp\/v2\/users\/4"}],"replies":[{"embeddable":true,"href":"https:\/\/www.radiopiu.net\/wordpress\/wp-json\/wp\/v2\/comments?post=401693"}],"version-history":[{"count":0,"href":"https:\/\/www.radiopiu.net\/wordpress\/wp-json\/wp\/v2\/posts\/401693\/revisions"}],"wp:featuredmedia":[{"embeddable":true,"href":"https:\/\/www.radiopiu.net\/wordpress\/wp-json\/wp\/v2\/media\/401694"}],"wp:attachment":[{"href":"https:\/\/www.radiopiu.net\/wordpress\/wp-json\/wp\/v2\/media?parent=401693"}],"wp:term":[{"taxonomy":"category","embeddable":true,"href":"https:\/\/www.radiopiu.net\/wordpress\/wp-json\/wp\/v2\/categories?post=401693"},{"taxonomy":"post_tag","embeddable":true,"href":"https:\/\/www.radiopiu.net\/wordpress\/wp-json\/wp\/v2\/tags?post=401693"}],"curies":[{"name":"wp","href":"https:\/\/api.w.org\/{rel}","templated":true}]}}